{"id":441176,"date":"2022-06-14T09:32:15","date_gmt":"2022-06-14T12:32:15","guid":{"rendered":"https:\/\/www.quintoandar.com.br\/guias\/?post_type=web-story&#038;p=441176"},"modified":"2023-04-24T15:14:15","modified_gmt":"2023-04-24T18:14:15","slug":"la-onde-eu-moro-aline-calixto","status":"publish","type":"web-story","link":"https:\/\/www.quintoandar.com.br\/guias\/web-stories\/la-onde-eu-moro-aline-calixto\/","title":{"rendered":"L\u00e1 onde eu moro, com Nando Reis e Aline Calixto"},"content":{"rendered":"<p><html amp=\"\" lang=\"en\"><head><meta charSet=\"utf-8\"\/><meta name=\"viewport\" content=\"width=device-width,minimum-scale=1,initial-scale=1\"\/><script async=\"\" src=\"https:\/\/cdn.ampproject.org\/v0.js\"><\/script><script async=\"\" src=\"https:\/\/cdn.ampproject.org\/v0\/amp-story-1.0.js\" custom-element=\"amp-story\"><\/script><script async=\"\" src=\"https:\/\/cdn.ampproject.org\/v0\/amp-video-0.1.js\" custom-element=\"amp-video\"><\/script><link href=\"https:\/\/fonts.googleapis.com\/css2?display=swap&amp;family=Poppins%3Awght%40400%3B600\" rel=\"stylesheet\"\/><noscript><\/noscript><meta name=\"web-stories-replace-head-start\"\/><title>L\u00e1 onde eu moro, com Nando Reis e Aline Calixto<\/title><link rel=\"canonical\" href=\"https:\/\/www.quintoandar.com.br\/guias\/web-stories\/la-onde-eu-moro-aline-calixto\/\"\/><meta name=\"web-stories-replace-head-end\"\/><\/head><body><amp-story standalone=\"\" publisher=\"MeuLugar\" publisher-logo-src=\"https:\/\/www.quintoandar.com.br\/guias\/wp-content\/uploads\/2022\/01\/Logo_MeuLugar.png\" title=\"L\u00e1 onde eu moro, com Nando Reis e Aline Calixto\" poster-portrait-src=\"https:\/\/www.quintoandar.com.br\/guias\/wp-content\/uploads\/2022\/06\/cropped-DSC01925.jpg\"><amp-story-page id=\"34295524-4444-4170-adf0-b48f1fe3d643\" auto-advance-after=\"7s\"><amp-story-grid-layer template=\"vertical\" aspect-ratio=\"412:618\" class=\"grid-layer\"><\/p>\n<div class=\"page-fullbleed-area\" style=\"background-color:#9a75b4\">\n<div class=\"page-safe-area\">\n<div style=\"position:absolute;pointer-events:none;left:0;top:-9.25926%;width:100%;height:118.51852%;opacity:1\">\n<div style=\"pointer-events:initial;width:100%;height:100%;display:block;position:absolute;top:0;left:0;z-index:0\" class=\"mask\" id=\"el-9d5c2b2c-8e34-4118-a1bc-f01f76f862b3\">\n<div class=\"fill\" style=\"will-change:transform\"><\/div>\n<\/div>\n<\/div>\n<\/div>\n<\/div>\n<p><\/amp-story-grid-layer><amp-story-grid-layer template=\"vertical\" aspect-ratio=\"412:618\" class=\"grid-layer\"><\/p>\n<div class=\"page-fullbleed-area\">\n<div class=\"page-safe-area\">\n<div style=\"position:absolute;pointer-events:none;left:11.65049%;top:49.19094%;width:76.21359%;height:50.80906%;opacity:1\">\n<div style=\"pointer-events:initial;width:100%;height:100%;display:block;position:absolute;top:0;left:0;z-index:0\" class=\"mask\" id=\"el-5586a739-f424-4a2e-b07b-838ab86fe387\">\n<div class=\"fill\" style=\"background-color:#f8f9f5;will-change:transform\"><\/div>\n<\/div>\n<\/div>\n<div style=\"position:absolute;pointer-events:none;left:14.80583%;top:51.2945%;width:69.41748%;height:46.27832%;opacity:1\">\n<div style=\"pointer-events:initial;width:100%;height:100%;display:block;position:absolute;top:0;left:0;z-index:0;border-radius:0% 0% 0% 0% \/ 0% 0% 0% 0%\" class=\"mask\" id=\"el-4f1fea54-12e6-4959-b40e-34868b55bea8\"><a href=\"https:\/\/open.spotify.com\/episode\/4on5HyP93FSiTmZTSOhUbU?go=1&amp;sp_cid=46de591bdf134d9b17a909c616765749&amp;t=1\" data-tooltip-icon=\"https:\/\/i.scdn.co\/image\/ab6765630000ba8a1491c49e630fd7b210543c47\" data-tooltip-text=\"Aline Calixto: BH tem samba e mora no Gl\u00f3ria - L\u00e1 onde eu moro | Podcast on Spotify\" target=\"_blank\" rel=\"noreferrer noopener\" style=\"width:100%;height:100%;display:block;position:absolute;top:0;left:0\"><\/p>\n<div style=\"position:absolute;width:177.77778%;height:100%;left:-43.04435%;top:0%\" data-leaf-element=\"true\"><amp-img layout=\"fill\" src=\"https:\/\/www.quintoandar.com.br\/guias\/wp-content\/uploads\/2022\/06\/DSC01925.jpg\" alt=\"Foto que ilustra stories sobre o terceiro epis\u00f3dio da segunda temporada do podcast do QuintoAndar, L\u00e1 onde eu moro, com Nando Reis e Aline Calixto falando sobre o Gl\u00f3ria em Belo Horizonte\" srcSet=\"https:\/\/www.quintoandar.com.br\/guias\/wp-content\/uploads\/2022\/06\/DSC01925.jpg 1200w,https:\/\/www.quintoandar.com.br\/guias\/wp-content\/uploads\/2022\/06\/DSC01925-1024x576.jpg 1024w,https:\/\/www.quintoandar.com.br\/guias\/wp-content\/uploads\/2022\/06\/DSC01925-768x432.jpg 768w,https:\/\/www.quintoandar.com.br\/guias\/wp-content\/uploads\/2022\/06\/DSC01925-300x169.jpg 300w,https:\/\/www.quintoandar.com.br\/guias\/wp-content\/uploads\/2022\/06\/DSC01925-150x84.jpg 150w\" sizes=\"(min-width: 1024px) 31vh, 69vw\" disable-inline-width=\"true\"><\/amp-img><\/div>\n<p><\/a><\/div>\n<\/div>\n<div style=\"position:absolute;pointer-events:none;left:11.65049%;top:0;width:54.61165%;height:5.66343%;opacity:1\">\n<div style=\"pointer-events:initial;width:100%;height:100%;display:block;position:absolute;top:0;left:0;z-index:0\" class=\"mask\" id=\"el-ca931b09-ebb1-4963-9a2f-cafc5090b6a3\">\n<div style=\"position:absolute;width:100.0505%;height:100%;left:-0.02525%;top:0%\" data-leaf-element=\"true\"><amp-img layout=\"fill\" src=\"https:\/\/www.quintoandar.com.br\/guias\/wp-content\/uploads\/2022\/01\/image-17.png\" alt=\"image\" srcSet=\"https:\/\/www.quintoandar.com.br\/guias\/wp-content\/uploads\/2022\/01\/image-17.png 566w\" sizes=\"(min-width: 1024px) 25vh, 55vw\" disable-inline-width=\"true\"><\/amp-img><\/div>\n<\/div>\n<\/div>\n<div style=\"position:absolute;pointer-events:none;left:12.13592%;top:36.24595%;width:76.21359%;height:11.00324%;opacity:1\">\n<div style=\"pointer-events:initial;width:100%;height:100%;display:block;position:absolute;top:0;left:0;z-index:0;border-radius:0.6369426751592357% 0.6369426751592357% 0.6369426751592357% 0.6369426751592357% \/ 2.941176470588235% 2.941176470588235% 2.941176470588235% 2.941176470588235%;background-clip:content-box;background-color:#f8f9f5\" id=\"el-a42214ac-8eb5-403c-a72a-8b85b142db07\">\n<h3 class=\"fill text-wrapper\" style=\"white-space:pre-wrap;overflow-wrap:break-word;word-break:break-word;margin:1.1464968152866228% 0;font-family:&quot;Poppins&quot;,sans-serif;font-size:0.388350em;line-height:1.1;text-align:left;padding:1.2738853503184715% 2.547770700636943%;color:#000000\"><span>Com Nando Reis e&nbsp;<br \/>\nAline Calixto<\/span><\/h3>\n<\/div>\n<\/div>\n<div style=\"position:absolute;pointer-events:none;left:12.13592%;top:10.5178%;width:76.21359%;height:17.47573%;opacity:1\">\n<div style=\"pointer-events:initial;width:100%;height:100%;display:block;position:absolute;top:0;left:0;z-index:0;border-radius:0.6369426751592357% 0.6369426751592357% 0.6369426751592357% 0.6369426751592357% \/ 1.8518518518518516% 1.8518518518518516% 1.8518518518518516% 1.8518518518518516%;background-clip:content-box;background-color:#f8f9f5\" id=\"el-0f966bfd-6ed8-4d60-b75c-ad8d3aa6d274\">\n<h1 class=\"fill text-wrapper\" style=\"white-space:pre-wrap;overflow-wrap:break-word;word-break:break-word;margin:1.910828025477707% 0;font-family:&quot;Poppins&quot;,sans-serif;font-size:0.647249em;line-height:1.1;text-align:left;padding:1.2738853503184715% 2.547770700636943%;color:#000000\"><span><span style=\"font-weight: 600\">L\u00e1 onde&nbsp;<\/span><br \/>\n<span style=\"font-weight: 600\">eu moro<\/span><\/span><\/h1>\n<\/div>\n<\/div>\n<div style=\"position:absolute;pointer-events:none;left:12.13592%;top:25.88997%;width:76.21359%;height:11.97411%;opacity:1\">\n<div style=\"pointer-events:initial;width:100%;height:100%;display:block;position:absolute;top:0;left:0;z-index:0;border-radius:0.6369426751592357% 0.6369426751592357% 0.6369426751592357% 0.6369426751592357% \/ 2.7027027027027026% 2.7027027027027026% 2.7027027027027026% 2.7027027027027026%;background-clip:content-box;background-color:#f8f9f5\" id=\"el-3b1796b3-04d3-4b61-8773-c396f3160ad2\">\n<h3 class=\"fill text-wrapper\" style=\"white-space:pre-wrap;overflow-wrap:break-word;word-break:break-word;margin:1.242038216560509% 0;font-family:&quot;Poppins&quot;,sans-serif;font-size:0.420712em;line-height:1.1;text-align:left;padding:1.2738853503184715% 2.547770700636943%;color:#000000\"><span><span style=\"font-weight: 600; color: #9a75b4\">BH tem samba e&nbsp;<\/span><br \/>\n<span style=\"font-weight: 600; color: #9a75b4\">mora no Gl\u00f3ria<\/span><\/span><\/h3>\n<\/div>\n<\/div>\n<\/div>\n<\/div>\n<p><\/amp-story-grid-layer><\/amp-story-page><amp-story-page id=\"c7bbdbcc-5395-4b24-a5b5-c439f6594570\" auto-advance-after=\"7s\"><amp-story-animation layout=\"nodisplay\" trigger=\"visibility\"><script type=\"application\/json\">[{\"selector\":\"#anim-6c7ff4d8-5d46-4e55-90f9-2de0d39c7759\",\"keyframes\":{\"opacity\":[0,1]},\"delay\":0,\"duration\":600,\"easing\":\"cubic-bezier(0.2, 0.6, 0.0, 1)\",\"fill\":\"both\"}]<\/script><\/amp-story-animation><amp-story-animation layout=\"nodisplay\" trigger=\"visibility\"><script type=\"application\/json\">[{\"selector\":\"#anim-b1a4ebd6-8338-4966-a6b5-2240832d8eb8\",\"keyframes\":{\"transform\":[\"translate3d(-116.27119%, 0px, 0)\",\"translate3d(0px, 0px, 0)\"]},\"delay\":0,\"duration\":600,\"easing\":\"cubic-bezier(0.2, 0.6, 0.0, 1)\",\"fill\":\"both\"}]<\/script><\/amp-story-animation><amp-story-animation layout=\"nodisplay\" trigger=\"visibility\"><script type=\"application\/json\">[{\"selector\":\"#anim-933015db-0a40-4a2a-b42f-df96e728c3be\",\"keyframes\":{\"opacity\":[0,1]},\"delay\":0,\"duration\":600,\"easing\":\"cubic-bezier(0.4, 0.4, 0.0, 1)\",\"fill\":\"both\"}]<\/script><\/amp-story-animation><amp-story-grid-layer template=\"vertical\" aspect-ratio=\"412:618\" class=\"grid-layer\"><\/p>\n<div class=\"page-fullbleed-area\" style=\"background-color:#9a75b4\">\n<div class=\"page-safe-area\">\n<div style=\"position:absolute;pointer-events:none;left:0;top:-9.25926%;width:100%;height:118.51852%;opacity:1\">\n<div style=\"pointer-events:initial;width:100%;height:100%;display:block;position:absolute;top:0;left:0;z-index:0\" class=\"mask\" id=\"el-08580422-ced8-4357-aaad-e67c11ef7c50\">\n<div class=\"fill\" style=\"will-change:transform\"><\/div>\n<\/div>\n<\/div>\n<\/div>\n<\/div>\n<p><\/amp-story-grid-layer><amp-story-grid-layer template=\"vertical\" aspect-ratio=\"412:618\" class=\"grid-layer\"><\/p>\n<div class=\"page-fullbleed-area\">\n<div class=\"page-safe-area\">\n<div style=\"position:absolute;pointer-events:none;left:11.65049%;top:57.28155%;width:71.60194%;height:36.73139%;opacity:1\">\n<div id=\"anim-6c7ff4d8-5d46-4e55-90f9-2de0d39c7759\" class=\"animation-wrapper\" style=\"width:100%;height:100%;display:block;position:absolute;top:0;left:0;--initial-opacity:0;--initial-transform:none\">\n<div id=\"anim-b1a4ebd6-8338-4966-a6b5-2240832d8eb8\" class=\"animation-wrapper\" style=\"width:100%;height:100%;display:block;position:absolute;top:0;left:0;--initial-opacity:1;--initial-transform:translate3d(-116.27119%, 0px, 0)\">\n<div style=\"pointer-events:initial;width:100%;height:100%;display:block;position:absolute;top:0;left:0;z-index:0\" id=\"el-64d016e7-42b1-4850-a092-8330bd8b78c3\">\n<h2 class=\"fill text-wrapper\" style=\"white-space:pre-wrap;overflow-wrap:break-word;word-break:break-word;margin:1.677966101694914% 0;font-family:&quot;Poppins&quot;,sans-serif;font-size:0.533981em;line-height:1.1;text-align:initial;padding:0;color:#000000\"><span><span style=\"font-weight: 600; color: #f8f9f5\">O podcast L\u00e1 onde eu moro acredita que toda boa hist\u00f3ria precisa de um bom cen\u00e1rio<\/span><\/span><\/h2>\n<\/div>\n<\/div>\n<\/div>\n<\/div>\n<div style=\"position:absolute;pointer-events:none;left:11.65049%;top:2.10356%;width:76.94175%;height:50%;opacity:1\">\n<div id=\"anim-933015db-0a40-4a2a-b42f-df96e728c3be\" class=\"animation-wrapper\" style=\"width:100%;height:100%;display:block;position:absolute;top:0;left:0;--initial-opacity:0;--initial-transform:none\">\n<div style=\"pointer-events:initial;width:100%;height:100%;display:block;position:absolute;top:0;left:0;z-index:0\" class=\"mask\" id=\"el-fba9c7e2-4552-430c-b458-6be216e60d85\">\n<div style=\"position:absolute;width:100%;height:102.589%;left:0%;top:-1.2945%\" data-leaf-element=\"true\"><amp-img layout=\"fill\" src=\"https:\/\/www.quintoandar.com.br\/guias\/wp-content\/uploads\/2022\/05\/planta.png\" alt=\"\" srcSet=\"https:\/\/www.quintoandar.com.br\/guias\/wp-content\/uploads\/2022\/05\/planta.png 3000w,https:\/\/www.quintoandar.com.br\/guias\/wp-content\/uploads\/2022\/05\/planta-2048x2048.png 2048w,https:\/\/www.quintoandar.com.br\/guias\/wp-content\/uploads\/2022\/05\/planta-1536x1536.png 1536w,https:\/\/www.quintoandar.com.br\/guias\/wp-content\/uploads\/2022\/05\/planta-1024x1024.png 1024w,https:\/\/www.quintoandar.com.br\/guias\/wp-content\/uploads\/2022\/05\/planta-768x768.png 768w,https:\/\/www.quintoandar.com.br\/guias\/wp-content\/uploads\/2022\/05\/planta-300x300.png 300w,https:\/\/www.quintoandar.com.br\/guias\/wp-content\/uploads\/2022\/05\/planta-150x150.png 150w,https:\/\/www.quintoandar.com.br\/guias\/wp-content\/uploads\/2022\/05\/planta-96x96.png 96w\" sizes=\"(min-width: 1024px) 35vh, 77vw\" disable-inline-width=\"true\"><\/amp-img><\/div>\n<\/div>\n<\/div>\n<\/div>\n<\/div>\n<\/div>\n<p><\/amp-story-grid-layer><\/amp-story-page><amp-story-page id=\"2507644b-c87f-4a79-b5b8-0f31fda15e9e\" auto-advance-after=\"7s\"><amp-story-animation layout=\"nodisplay\" trigger=\"visibility\"><script type=\"application\/json\">[{\"selector\":\"#anim-9995dd99-0020-40ea-b0d0-4cc21c439a20\",\"keyframes\":{\"opacity\":[0,1]},\"delay\":0,\"duration\":600,\"easing\":\"cubic-bezier(0.2, 0.6, 0.0, 1)\",\"fill\":\"both\"}]<\/script><\/amp-story-animation><amp-story-animation layout=\"nodisplay\" trigger=\"visibility\"><script type=\"application\/json\">[{\"selector\":\"#anim-24a8cbfd-c2b9-4b8c-a710-94328d302c75\",\"keyframes\":{\"transform\":[\"translate3d(-114.8265%, 0px, 0)\",\"translate3d(0px, 0px, 0)\"]},\"delay\":0,\"duration\":600,\"easing\":\"cubic-bezier(0.2, 0.6, 0.0, 1)\",\"fill\":\"both\"}]<\/script><\/amp-story-animation><amp-story-animation layout=\"nodisplay\" trigger=\"visibility\"><script type=\"application\/json\">[{\"selector\":\"#anim-80123bf4-7bf9-4f0a-8f0e-3a842325154b\",\"keyframes\":[{\"offset\":0,\"transform\":\"translate3d(0, -178.98991%, 0)\",\"easing\":\"cubic-bezier(.5, 0, 1, 1)\"},{\"offset\":0.29,\"transform\":\"translate3d(0, 0%, 0)\",\"easing\":\"cubic-bezier(0, 0, .5, 1)\"},{\"offset\":0.45,\"transform\":\"translate3d(0, -50.331962692000005%, 0)\",\"easing\":\"cubic-bezier(.5, 0, 1, 1)\"},{\"offset\":0.61,\"transform\":\"translate3d(0, 0%, 0)\",\"easing\":\"cubic-bezier(0, 0, .5, 1)\"},{\"offset\":0.71,\"transform\":\"translate3d(0, -17.111435396%, 0)\",\"easing\":\"cubic-bezier(.5, 0, 1, 1)\"},{\"offset\":0.8,\"transform\":\"translate3d(0, 0%, 0)\",\"easing\":\"cubic-bezier(0, 0, .5, 1)\"},{\"offset\":0.85,\"transform\":\"translate3d(0, -6.425737769%, 0)\",\"easing\":\"cubic-bezier(.5, 0, 1, 1)\"},{\"offset\":0.92,\"transform\":\"translate3d(0, 0%, 0)\",\"easing\":\"cubic-bezier(0, 0, .5, 1)\"},{\"offset\":0.96,\"transform\":\"translate3d(0, -2.792242596%, 0)\",\"easing\":\"cubic-bezier(.5, 0, 1, 1)\"},{\"offset\":1,\"transform\":\"translate3d(0, 0%, 0)\",\"easing\":\"cubic-bezier(0, 0, .5, 1)\"}],\"delay\":0,\"duration\":1600,\"fill\":\"both\"}]<\/script><\/amp-story-animation><amp-story-grid-layer template=\"vertical\" aspect-ratio=\"412:618\" class=\"grid-layer\"><\/p>\n<div class=\"page-fullbleed-area\" style=\"background-color:#f8f9f5\">\n<div class=\"page-safe-area\">\n<div style=\"position:absolute;pointer-events:none;left:0;top:-9.25926%;width:100%;height:118.51852%;opacity:1\">\n<div style=\"pointer-events:initial;width:100%;height:100%;display:block;position:absolute;top:0;left:0;z-index:0\" class=\"mask\" id=\"el-5bd7fd9e-e89a-48a3-b0cd-5f7bebcfbb4e\">\n<div class=\"fill\" style=\"will-change:transform\"><\/div>\n<\/div>\n<\/div>\n<\/div>\n<\/div>\n<p><\/amp-story-grid-layer><amp-story-grid-layer template=\"vertical\" aspect-ratio=\"412:618\" class=\"grid-layer\"><\/p>\n<div class=\"page-fullbleed-area\">\n<div class=\"page-safe-area\">\n<div style=\"position:absolute;pointer-events:none;left:0;top:-10.19417%;width:100.24272%;height:50.80906%;opacity:1\">\n<div style=\"pointer-events:initial;width:100%;height:100%;display:block;position:absolute;top:0;left:0;z-index:0\" class=\"mask\" id=\"el-13a3765b-4229-41ea-802a-16483661c28f\">\n<div class=\"fill\" style=\"background-color:#9a75b4;will-change:transform\"><\/div>\n<\/div>\n<\/div>\n<div style=\"position:absolute;pointer-events:none;left:11.40777%;top:47.73463%;width:76.94175%;height:42.88026%;opacity:1\">\n<div id=\"anim-9995dd99-0020-40ea-b0d0-4cc21c439a20\" class=\"animation-wrapper\" style=\"width:100%;height:100%;display:block;position:absolute;top:0;left:0;--initial-opacity:0;--initial-transform:none\">\n<div id=\"anim-24a8cbfd-c2b9-4b8c-a710-94328d302c75\" class=\"animation-wrapper\" style=\"width:100%;height:100%;display:block;position:absolute;top:0;left:0;--initial-opacity:1;--initial-transform:translate3d(-114.8265%, 0px, 0)\">\n<div style=\"pointer-events:initial;width:100%;height:100%;display:block;position:absolute;top:0;left:0;z-index:0\" id=\"el-a8c5d87e-54a0-415c-bd61-a98db171c1f5\">\n<h3 class=\"fill text-wrapper\" style=\"white-space:pre-wrap;overflow-wrap:break-word;word-break:break-word;margin:1.2302839116719237% 0;font-family:&quot;Poppins&quot;,sans-serif;font-size:0.420712em;line-height:1.1;text-align:initial;padding:0;color:#000000\"><span>Nessa segunda temporada, Nando Reis desembarca em Belo Horizonte e conversa com personalidades incr\u00edveis da capital mineira. Entre elas, a cantora e compositora Aline Calixto.<\/span><\/h3>\n<\/div>\n<\/div>\n<\/div>\n<\/div>\n<div style=\"position:absolute;pointer-events:none;left:4.85437%;top:-6.79612%;width:90.7767%;height:44.49838%;opacity:1\">\n<div id=\"anim-80123bf4-7bf9-4f0a-8f0e-3a842325154b\" class=\"animation-wrapper\" style=\"width:100%;height:100%;display:block;position:absolute;top:0;left:0;--initial-opacity:1;--initial-transform:translate3d(0, -178.98991%, 0)\">\n<div style=\"pointer-events:initial;width:100%;height:100%;display:block;position:absolute;top:0;left:0;z-index:0\" class=\"mask\" id=\"el-d2866abd-96c4-4663-97f7-3b0596ae27a3\">\n<div style=\"position:absolute;width:110.36309%;height:100%;left:-5.18154%;top:0%\" data-leaf-element=\"true\"><amp-img layout=\"fill\" src=\"https:\/\/www.quintoandar.com.br\/guias\/wp-content\/uploads\/2022\/06\/DSC07203-1.jpg\" alt=\"Foto que ilustra stories sobre o terceiro epis\u00f3dio da segunda temporada do podcast do QuintoAndar, L\u00e1 onde eu moro, com Nando Reis e Aline Calixto falando sobre o Gl\u00f3ria em Belo Horizonte\" srcSet=\"https:\/\/www.quintoandar.com.br\/guias\/wp-content\/uploads\/2022\/06\/DSC07203-1.jpg 800w,https:\/\/www.quintoandar.com.br\/guias\/wp-content\/uploads\/2022\/06\/DSC07203-1-768x512.jpg 768w,https:\/\/www.quintoandar.com.br\/guias\/wp-content\/uploads\/2022\/06\/DSC07203-1-300x200.jpg 300w,https:\/\/www.quintoandar.com.br\/guias\/wp-content\/uploads\/2022\/06\/DSC07203-1-150x100.jpg 150w\" sizes=\"(min-width: 1024px) 41vh, 91vw\" disable-inline-width=\"true\"><\/amp-img><\/div>\n<\/div>\n<\/div>\n<\/div>\n<\/div>\n<\/div>\n<p><\/amp-story-grid-layer><\/amp-story-page><amp-story-page id=\"db7989eb-5d5d-43a5-946a-fac948641421\" auto-advance-after=\"el-643e3ccc-3298-43c9-ba46-685194b7c060-media\"><amp-story-grid-layer template=\"vertical\" aspect-ratio=\"412:618\" class=\"grid-layer\"><\/p>\n<div class=\"page-fullbleed-area\" style=\"background-color:#8f7d7c\">\n<div class=\"page-safe-area\">\n<div style=\"position:absolute;pointer-events:none;left:0;top:-9.25926%;width:100%;height:118.51852%;opacity:1\">\n<div style=\"pointer-events:initial;width:100%;height:100%;display:block;position:absolute;top:0;left:0;z-index:0\" class=\"mask\" id=\"el-643e3ccc-3298-43c9-ba46-685194b7c060\">\n<div style=\"position:absolute;width:100%;height:100%;left:0%;top:0%\" data-leaf-element=\"true\"><amp-video autoPlay=\"autoplay\" poster=\"https:\/\/www.quintoandar.com.br\/guias\/wp-content\/uploads\/2022\/06\/QA_PodCasts-T2Ep03-Stories2-1-poster.png\" artwork=\"https:\/\/www.quintoandar.com.br\/guias\/wp-content\/uploads\/2022\/06\/QA_PodCasts-T2Ep03-Stories2-1-poster.png\" title=\"V\u00eddeo que ilustra stories sobre o terceiro epis\u00f3dio da segunda temporada do podcast do QuintoAndar, L\u00e1 onde eu moro, com Nando Reis e Aline Calixto falando sobre o Gl\u00f3ria em Belo Horizonte\" alt=\"V\u00eddeo que ilustra stories sobre o terceiro epis\u00f3dio da segunda temporada do podcast do QuintoAndar, L\u00e1 onde eu moro, com Nando Reis e Aline Calixto falando sobre o Gl\u00f3ria em Belo Horizonte\" layout=\"fill\" id=\"el-643e3ccc-3298-43c9-ba46-685194b7c060-media\"><source type=\"video\/mp4\" src=\"https:\/\/www.quintoandar.com.br\/guias\/wp-content\/uploads\/2022\/06\/QA_PodCasts-T2Ep03-Stories2-1.mp4\"\/><\/amp-video><\/div>\n<\/div>\n<\/div>\n<\/div>\n<\/div>\n<p><\/amp-story-grid-layer><amp-story-grid-layer template=\"vertical\" aspect-ratio=\"412:618\" class=\"grid-layer\"><\/p>\n<div class=\"page-fullbleed-area\">\n<div class=\"page-safe-area\"><\/div>\n<\/div>\n<p><\/amp-story-grid-layer><amp-story-page-outlink layout=\"nodisplay\" cta-image=\"https:\/\/i.scdn.co\/image\/ab6765630000ba8a1491c49e630fd7b210543c47\"><a href=\"https:\/\/open.spotify.com\/episode\/4on5HyP93FSiTmZTSOhUbU?go=1&amp;sp_cid=46de591bdf134d9b17a909c616765749&amp;t=1\" rel=\"\">Vem ouvir<\/a><\/amp-story-page-outlink><\/amp-story-page><\/amp-story><\/body><\/html><\/p>\n<style class=\"advgb-styles-renderer\">body{-webkit-animation:-amp-start 8s steps(1,end) 0s 1 normal both;-moz-animation:-amp-start 8s steps(1,end) 0s 1 normal both;-ms-animation:-amp-start 8s steps(1,end) 0s 1 normal both;animation:-amp-start 8s steps(1,end) 0s 1 normal both}@-webkit-keyframes -amp-start{from{visibility:hidden}to{visibility:visible}}@-moz-keyframes -amp-start{from{visibility:hidden}to{visibility:visible}}@-ms-keyframes -amp-start{from{visibility:hidden}to{visibility:visible}}@-o-keyframes -amp-start{from{visibility:hidden}to{visibility:visible}}@keyframes -amp-start{from{visibility:hidden}to{visibility:visible}}body{-webkit-animation:none;-moz-animation:none;-ms-animation:none;animation:none}\n              h1, h2, h3 { font-weight: normal; }<\/p>\n<p>              amp-story-page {\n                background-color: #131516;\n              }<\/p>\n<p>              amp-story-grid-layer {\n                overflow: visible;\n              }<\/p>\n<p>              @media (max-aspect-ratio: 9 \/ 16)  {\n                @media (min-aspect-ratio: 320 \/ 678) {\n                  amp-story-grid-layer.grid-layer {\n                    margin-top: calc((100% \/ 0.5625 - 100% \/ 0.6666666666666666) \/ 2);\n                  }\n                }\n              }<\/p>\n<p>              @media not all and (min-resolution:.001dpcm) {\n                @media {\n                  p.text-wrapper > span {\n                    font-size: calc(100% - 0.5px);\n                  }\n                }\n              }<\/p>\n<p>              .page-fullbleed-area,\n              .page-background-overlay-area {\n                position: absolute;\n                overflow: hidden;\n                width: 100%;\n                left: 0;\n                height: calc(1.1851851851851851 * 100%);\n                top: calc((1 - 1.1851851851851851) * 100% \/ 2);\n              }<\/p>\n<p>              .element-overlay-area {\n                position: absolute;\n                width: 100%;\n                height: 100%;\n                top: 0;\n                left: 0;\n              }<\/p>\n<p>              .page-safe-area {\n                overflow: visible;\n                position: absolute;\n                top: 0;\n                bottom: 0;\n                left: 0;\n                right: 0;\n                width: 100%;\n                height: calc(0.84375 * 100%);\n                margin: auto 0;\n              }<\/p>\n<p>              .mask {\n                position: absolute;\n                overflow: hidden;\n              }<\/p>\n<p>              .fill {\n                position: absolute;\n                top: 0;\n                left: 0;\n                right: 0;\n                bottom: 0;\n                margin: 0;\n              }<\/p>\n<p>              @media (prefers-reduced-motion: no-preference) {\n                .animation-wrapper {\n                  opacity: var(--initial-opacity);\n                  transform: var(--initial-transform);\n                }\n              }<\/p>\n<p>              amp-story-grid-layer.align-bottom {\n                align-content: end;\n                padding: 0;\n              }<\/p>\n<p>              .captions-area {\n                padding: 0 32px 0;\n              }<\/p>\n<p>              amp-story-captions {\n                margin-bottom: 16px;\n                text-align: center;\n              }<\/p>\n<p>              amp-story-captions span {\n                display: inline-block;\n                margin: 0;\n                padding: 6px 12px;\n                vertical-align: middle;\n                border-radius: 15px;\n                background: rgba(11, 11, 11, 0.6);\n                color: rgba(255, 255, 255, 1);\n                font-family: -apple-system, BlinkMacSystemFont, \"Segoe UI\", Roboto, Oxygen-Sans, Ubuntu, Cantarell, \"Helvetica Neue\", sans-serif;;\n                font-size: calc(4 * var(--story-page-vw));\n                line-height: 1.4;\n                word-break: break-word;\n                word-wrap: break-word;\n                overflow-wrap: break-word;\n              }\n              <\/style>\n<div style='text-align:left' class='yasr-auto-insert-visitor'><\/div>","protected":false},"excerpt":{"rendered":"<p>Confira os destaques do terceiro epis\u00f3dio da segunda temporada do podcast L\u00e1 Onde Eu Moro, do QuintoAndar, com Nando Reis e Aline Calixto, sobre o Gl\u00f3ria em BH<\/p>\n","protected":false},"author":45,"featured_media":441205,"template":"","meta":{"_acf_changed":false,"resume_ai_summary":"","resume_ai_faq":[],"resume_ai_related_posts":[],"resume_ai_schema_generator_schema":"","resume_ai_schema_generator_approved":0,"advgb_blocks_editor_width":"","advgb_blocks_columns_visual_guide":"","yasr_overall_rating":0,"yasr_post_is_review":"","yasr_auto_insert_disabled":"","yasr_review_type":"","web_stories_publisher_logo":428798,"web_stories_poster":[],"web_stories_products":[],"footnotes":""},"web_story_category":[],"web_story_tag":[],"class_list":["post-441176","web-story","type-web-story","status-publish","has-post-thumbnail","hentry"],"yoast_head":"<!-- This site is optimized with the Yoast SEO Premium plugin v26.9 (Yoast SEO v27.3) - https:\/\/yoast.com\/product\/yoast-seo-premium-wordpress\/ -->\n<title>L\u00e1 onde eu moro, com Nando Reis e Aline Calixto - QuintoAndar Guias<\/title>\n<meta name=\"description\" content=\"Confira os destaques do terceiro epis\u00f3dio da segunda temporada do podcast L\u00e1 Onde Eu Moro, do QuintoAndar, com Nando Reis e Aline Calixto, sobre o Gl\u00f3ria em BH\" \/>\n<meta name=\"robots\" content=\"index, follow, max-snippet:-1, max-image-preview:large, max-video-preview:-1\" \/>\n<link rel=\"canonical\" href=\"https:\/\/www.quintoandar.com.br\/guias\/web-stories\/la-onde-eu-moro-aline-calixto\/\" \/>\n<meta property=\"og:locale\" content=\"pt_BR\" \/>\n<meta property=\"og:type\" content=\"article\" \/>\n<meta property=\"og:title\" content=\"L\u00e1 onde eu moro, com Nando Reis e Aline Calixto\" \/>\n<meta property=\"og:description\" content=\"Confira os destaques do terceiro epis\u00f3dio da segunda temporada do podcast L\u00e1 Onde Eu Moro, do QuintoAndar, com Nando Reis e Aline Calixto, sobre o Gl\u00f3ria em BH\" \/>\n<meta property=\"og:url\" content=\"https:\/\/www.quintoandar.com.br\/guias\/web-stories\/la-onde-eu-moro-aline-calixto\/\" \/>\n<meta property=\"og:site_name\" content=\"QuintoAndar Guias\" \/>\n<meta property=\"article:publisher\" content=\"https:\/\/www.facebook.com\/quintoandar.com.br\/\" \/>\n<meta property=\"article:modified_time\" content=\"2023-04-24T18:14:15+00:00\" \/>\n<meta property=\"og:image\" content=\"https:\/\/www.quintoandar.com.br\/guias\/wp-content\/uploads\/2022\/06\/cropped-DSC01925.jpg\" \/>\n\t<meta property=\"og:image:width\" content=\"640\" \/>\n\t<meta property=\"og:image:height\" content=\"853\" \/>\n\t<meta property=\"og:image:type\" content=\"image\/jpeg\" \/>\n<meta name=\"twitter:card\" content=\"summary_large_image\" \/>\n<script type=\"application\/ld+json\" class=\"yoast-schema-graph\">{\"@context\":\"https:\\\/\\\/schema.org\",\"@graph\":[{\"@type\":\"Article\",\"@id\":\"https:\\\/\\\/www.quintoandar.com.br\\\/guias\\\/web-stories\\\/la-onde-eu-moro-aline-calixto\\\/#article\",\"isPartOf\":{\"@id\":\"https:\\\/\\\/www.quintoandar.com.br\\\/guias\\\/web-stories\\\/la-onde-eu-moro-aline-calixto\\\/\"},\"author\":{\"name\":\"Samantha Silva\",\"@id\":\"https:\\\/\\\/www.quintoandar.com.br\\\/guias\\\/#\\\/schema\\\/person\\\/f24d12d0fe0de5638ce540ae5e992867\"},\"headline\":\"L\u00e1 onde eu moro, com Nando Reis e Aline Calixto\",\"datePublished\":\"2022-06-14T12:32:15+00:00\",\"dateModified\":\"2023-04-24T18:14:15+00:00\",\"mainEntityOfPage\":{\"@id\":\"https:\\\/\\\/www.quintoandar.com.br\\\/guias\\\/web-stories\\\/la-onde-eu-moro-aline-calixto\\\/\"},\"wordCount\":87,\"image\":{\"@id\":\"https:\\\/\\\/www.quintoandar.com.br\\\/guias\\\/web-stories\\\/la-onde-eu-moro-aline-calixto\\\/#primaryimage\"},\"thumbnailUrl\":\"https:\\\/\\\/www.quintoandar.com.br\\\/guias\\\/wp-content\\\/uploads\\\/2022\\\/06\\\/cropped-DSC01925.jpg\",\"inLanguage\":\"pt-BR\"},{\"@type\":\"WebPage\",\"@id\":\"https:\\\/\\\/www.quintoandar.com.br\\\/guias\\\/web-stories\\\/la-onde-eu-moro-aline-calixto\\\/\",\"url\":\"https:\\\/\\\/www.quintoandar.com.br\\\/guias\\\/web-stories\\\/la-onde-eu-moro-aline-calixto\\\/\",\"name\":\"L\u00e1 onde eu moro, com Nando Reis e Aline Calixto - QuintoAndar Guias\",\"isPartOf\":{\"@id\":\"https:\\\/\\\/www.quintoandar.com.br\\\/guias\\\/#website\"},\"primaryImageOfPage\":{\"@id\":\"https:\\\/\\\/www.quintoandar.com.br\\\/guias\\\/web-stories\\\/la-onde-eu-moro-aline-calixto\\\/#primaryimage\"},\"image\":{\"@id\":\"https:\\\/\\\/www.quintoandar.com.br\\\/guias\\\/web-stories\\\/la-onde-eu-moro-aline-calixto\\\/#primaryimage\"},\"thumbnailUrl\":\"https:\\\/\\\/www.quintoandar.com.br\\\/guias\\\/wp-content\\\/uploads\\\/2022\\\/06\\\/cropped-DSC01925.jpg\",\"datePublished\":\"2022-06-14T12:32:15+00:00\",\"dateModified\":\"2023-04-24T18:14:15+00:00\",\"breadcrumb\":{\"@id\":\"https:\\\/\\\/www.quintoandar.com.br\\\/guias\\\/web-stories\\\/la-onde-eu-moro-aline-calixto\\\/#breadcrumb\"},\"inLanguage\":\"pt-BR\",\"potentialAction\":[{\"@type\":\"ReadAction\",\"target\":[\"https:\\\/\\\/www.quintoandar.com.br\\\/guias\\\/web-stories\\\/la-onde-eu-moro-aline-calixto\\\/\"]}]},{\"@type\":\"ImageObject\",\"inLanguage\":\"pt-BR\",\"@id\":\"https:\\\/\\\/www.quintoandar.com.br\\\/guias\\\/web-stories\\\/la-onde-eu-moro-aline-calixto\\\/#primaryimage\",\"url\":\"https:\\\/\\\/www.quintoandar.com.br\\\/guias\\\/wp-content\\\/uploads\\\/2022\\\/06\\\/cropped-DSC01925.jpg\",\"contentUrl\":\"https:\\\/\\\/www.quintoandar.com.br\\\/guias\\\/wp-content\\\/uploads\\\/2022\\\/06\\\/cropped-DSC01925.jpg\",\"width\":640,\"height\":853,\"caption\":\"cropped-DSC01925.jpg\"},{\"@type\":\"BreadcrumbList\",\"@id\":\"https:\\\/\\\/www.quintoandar.com.br\\\/guias\\\/web-stories\\\/la-onde-eu-moro-aline-calixto\\\/#breadcrumb\",\"itemListElement\":[{\"@type\":\"ListItem\",\"position\":1,\"name\":\"Home\",\"item\":\"https:\\\/\\\/www.quintoandar.com.br\\\/guias\\\/\"},{\"@type\":\"ListItem\",\"position\":2,\"name\":\"Story\",\"item\":\"https:\\\/\\\/www.quintoandar.com.br\\\/guias\\\/webstories\\\/\"},{\"@type\":\"ListItem\",\"position\":3,\"name\":\"L\u00e1 onde eu moro, com Nando Reis e Aline Calixto\"}]},{\"@type\":\"WebSite\",\"@id\":\"https:\\\/\\\/www.quintoandar.com.br\\\/guias\\\/#website\",\"url\":\"https:\\\/\\\/www.quintoandar.com.br\\\/guias\\\/\",\"name\":\"QuintoAndar Guias\",\"description\":\"Inspira\u00e7\u00e3o e tudo o que voc\u00ea precisa saber sobre o jeito mais f\u00e1cil de alugar e morar.\",\"potentialAction\":[{\"@type\":\"SearchAction\",\"target\":{\"@type\":\"EntryPoint\",\"urlTemplate\":\"https:\\\/\\\/www.quintoandar.com.br\\\/guias\\\/?s={search_term_string}\"},\"query-input\":{\"@type\":\"PropertyValueSpecification\",\"valueRequired\":true,\"valueName\":\"search_term_string\"}}],\"inLanguage\":\"pt-BR\"},{\"@type\":\"Person\",\"@id\":\"https:\\\/\\\/www.quintoandar.com.br\\\/guias\\\/#\\\/schema\\\/person\\\/f24d12d0fe0de5638ce540ae5e992867\",\"name\":\"Samantha Silva\",\"image\":{\"@type\":\"ImageObject\",\"inLanguage\":\"pt-BR\",\"@id\":\"https:\\\/\\\/secure.gravatar.com\\\/avatar\\\/19caf728ff50fe784eb0610c2f3b2d62a8d8fbfa00158fbb42aae55f817e8e90?s=96&d=mm&r=g\",\"url\":\"https:\\\/\\\/secure.gravatar.com\\\/avatar\\\/19caf728ff50fe784eb0610c2f3b2d62a8d8fbfa00158fbb42aae55f817e8e90?s=96&d=mm&r=g\",\"contentUrl\":\"https:\\\/\\\/secure.gravatar.com\\\/avatar\\\/19caf728ff50fe784eb0610c2f3b2d62a8d8fbfa00158fbb42aae55f817e8e90?s=96&d=mm&r=g\",\"caption\":\"Samantha Silva\"},\"url\":\"https:\\\/\\\/www.quintoandar.com.br\\\/guias\\\/author\\\/samantha-silva\\\/\"},false]}<\/script>\n<!-- \/ Yoast SEO Premium plugin. -->","yoast_head_json":{"title":"L\u00e1 onde eu moro, com Nando Reis e Aline Calixto - QuintoAndar Guias","description":"Confira os destaques do terceiro epis\u00f3dio da segunda temporada do podcast L\u00e1 Onde Eu Moro, do QuintoAndar, com Nando Reis e Aline Calixto, sobre o Gl\u00f3ria em BH","robots":{"index":"index","follow":"follow","max-snippet":"max-snippet:-1","max-image-preview":"max-image-preview:large","max-video-preview":"max-video-preview:-1"},"canonical":"https:\/\/www.quintoandar.com.br\/guias\/web-stories\/la-onde-eu-moro-aline-calixto\/","og_locale":"pt_BR","og_type":"article","og_title":"L\u00e1 onde eu moro, com Nando Reis e Aline Calixto","og_description":"Confira os destaques do terceiro epis\u00f3dio da segunda temporada do podcast L\u00e1 Onde Eu Moro, do QuintoAndar, com Nando Reis e Aline Calixto, sobre o Gl\u00f3ria em BH","og_url":"https:\/\/www.quintoandar.com.br\/guias\/web-stories\/la-onde-eu-moro-aline-calixto\/","og_site_name":"QuintoAndar Guias","article_publisher":"https:\/\/www.facebook.com\/quintoandar.com.br\/","article_modified_time":"2023-04-24T18:14:15+00:00","og_image":[{"width":640,"height":853,"url":"https:\/\/www.quintoandar.com.br\/guias\/wp-content\/uploads\/2022\/06\/cropped-DSC01925.jpg","type":"image\/jpeg"}],"twitter_card":"summary_large_image","schema":{"@context":"https:\/\/schema.org","@graph":[{"@type":"Article","@id":"https:\/\/www.quintoandar.com.br\/guias\/web-stories\/la-onde-eu-moro-aline-calixto\/#article","isPartOf":{"@id":"https:\/\/www.quintoandar.com.br\/guias\/web-stories\/la-onde-eu-moro-aline-calixto\/"},"author":{"name":"Samantha Silva","@id":"https:\/\/www.quintoandar.com.br\/guias\/#\/schema\/person\/f24d12d0fe0de5638ce540ae5e992867"},"headline":"L\u00e1 onde eu moro, com Nando Reis e Aline Calixto","datePublished":"2022-06-14T12:32:15+00:00","dateModified":"2023-04-24T18:14:15+00:00","mainEntityOfPage":{"@id":"https:\/\/www.quintoandar.com.br\/guias\/web-stories\/la-onde-eu-moro-aline-calixto\/"},"wordCount":87,"image":{"@id":"https:\/\/www.quintoandar.com.br\/guias\/web-stories\/la-onde-eu-moro-aline-calixto\/#primaryimage"},"thumbnailUrl":"https:\/\/www.quintoandar.com.br\/guias\/wp-content\/uploads\/2022\/06\/cropped-DSC01925.jpg","inLanguage":"pt-BR"},{"@type":"WebPage","@id":"https:\/\/www.quintoandar.com.br\/guias\/web-stories\/la-onde-eu-moro-aline-calixto\/","url":"https:\/\/www.quintoandar.com.br\/guias\/web-stories\/la-onde-eu-moro-aline-calixto\/","name":"L\u00e1 onde eu moro, com Nando Reis e Aline Calixto - QuintoAndar Guias","isPartOf":{"@id":"https:\/\/www.quintoandar.com.br\/guias\/#website"},"primaryImageOfPage":{"@id":"https:\/\/www.quintoandar.com.br\/guias\/web-stories\/la-onde-eu-moro-aline-calixto\/#primaryimage"},"image":{"@id":"https:\/\/www.quintoandar.com.br\/guias\/web-stories\/la-onde-eu-moro-aline-calixto\/#primaryimage"},"thumbnailUrl":"https:\/\/www.quintoandar.com.br\/guias\/wp-content\/uploads\/2022\/06\/cropped-DSC01925.jpg","datePublished":"2022-06-14T12:32:15+00:00","dateModified":"2023-04-24T18:14:15+00:00","breadcrumb":{"@id":"https:\/\/www.quintoandar.com.br\/guias\/web-stories\/la-onde-eu-moro-aline-calixto\/#breadcrumb"},"inLanguage":"pt-BR","potentialAction":[{"@type":"ReadAction","target":["https:\/\/www.quintoandar.com.br\/guias\/web-stories\/la-onde-eu-moro-aline-calixto\/"]}]},{"@type":"ImageObject","inLanguage":"pt-BR","@id":"https:\/\/www.quintoandar.com.br\/guias\/web-stories\/la-onde-eu-moro-aline-calixto\/#primaryimage","url":"https:\/\/www.quintoandar.com.br\/guias\/wp-content\/uploads\/2022\/06\/cropped-DSC01925.jpg","contentUrl":"https:\/\/www.quintoandar.com.br\/guias\/wp-content\/uploads\/2022\/06\/cropped-DSC01925.jpg","width":640,"height":853,"caption":"cropped-DSC01925.jpg"},{"@type":"BreadcrumbList","@id":"https:\/\/www.quintoandar.com.br\/guias\/web-stories\/la-onde-eu-moro-aline-calixto\/#breadcrumb","itemListElement":[{"@type":"ListItem","position":1,"name":"Home","item":"https:\/\/www.quintoandar.com.br\/guias\/"},{"@type":"ListItem","position":2,"name":"Story","item":"https:\/\/www.quintoandar.com.br\/guias\/webstories\/"},{"@type":"ListItem","position":3,"name":"L\u00e1 onde eu moro, com Nando Reis e Aline Calixto"}]},{"@type":"WebSite","@id":"https:\/\/www.quintoandar.com.br\/guias\/#website","url":"https:\/\/www.quintoandar.com.br\/guias\/","name":"QuintoAndar Guias","description":"Inspira\u00e7\u00e3o e tudo o que voc\u00ea precisa saber sobre o jeito mais f\u00e1cil de alugar e morar.","potentialAction":[{"@type":"SearchAction","target":{"@type":"EntryPoint","urlTemplate":"https:\/\/www.quintoandar.com.br\/guias\/?s={search_term_string}"},"query-input":{"@type":"PropertyValueSpecification","valueRequired":true,"valueName":"search_term_string"}}],"inLanguage":"pt-BR"},{"@type":"Person","@id":"https:\/\/www.quintoandar.com.br\/guias\/#\/schema\/person\/f24d12d0fe0de5638ce540ae5e992867","name":"Samantha Silva","image":{"@type":"ImageObject","inLanguage":"pt-BR","@id":"https:\/\/secure.gravatar.com\/avatar\/19caf728ff50fe784eb0610c2f3b2d62a8d8fbfa00158fbb42aae55f817e8e90?s=96&d=mm&r=g","url":"https:\/\/secure.gravatar.com\/avatar\/19caf728ff50fe784eb0610c2f3b2d62a8d8fbfa00158fbb42aae55f817e8e90?s=96&d=mm&r=g","contentUrl":"https:\/\/secure.gravatar.com\/avatar\/19caf728ff50fe784eb0610c2f3b2d62a8d8fbfa00158fbb42aae55f817e8e90?s=96&d=mm&r=g","caption":"Samantha Silva"},"url":"https:\/\/www.quintoandar.com.br\/guias\/author\/samantha-silva\/"},false]}},"yasr_visitor_votes":{"stars_attributes":{"read_only":false,"span_bottom":false},"number_of_votes":0,"sum_votes":0},"featured_img":"https:\/\/www.quintoandar.com.br\/guias\/wp-content\/uploads\/2022\/06\/cropped-DSC01925-530x337.jpg","coauthors":[],"author_meta":{"author_link":"https:\/\/www.quintoandar.com.br\/guias\/author\/samantha-silva\/","display_name":"Samantha Silva"},"relative_dates":{"created":"Publicado 4 anos atr\u00e1s","modified":"Atualizado 3 anos atr\u00e1s"},"absolute_dates":{"created":"Publicado em junho 14, 2022","modified":"Atualizado em abril 24, 2023"},"absolute_dates_time":{"created":"Publicado em junho 14, 2022 9:32 am","modified":"Atualizado em abril 24, 2023 3:14 pm"},"featured_img_caption":"","tax_additional":{"web_story_category":{"linked":[],"unlinked":[],"slug":"web_story_category","name":"Categorias"},"web_story_tag":{"linked":[],"unlinked":[],"slug":"web_story_tag","name":"Tags"}},"series_order":"","acf":{"aprovacao_web_stories":"aprovado"},"slug_history":["la-onde-eu-moro-aline-calixto"],"story_data":{"version":43,"pages":[{"elements":[{"opacity":100,"flip":{"vertical":false,"horizontal":false},"rotationAngle":0,"lockAspectRatio":true,"x":1,"y":1,"width":1,"height":1,"mask":{"type":"rectangle"},"isBackground":true,"isDefaultBackground":true,"id":"9d5c2b2c-8e34-4118-a1bc-f01f76f862b3","type":"shape"},{"opacity":100,"flip":{"vertical":false,"horizontal":false},"rotationAngle":0,"lockAspectRatio":true,"backgroundColor":{"color":{"r":248,"g":249,"b":245}},"type":"shape","x":48,"y":304,"width":314,"height":314,"scale":100,"focalX":50,"focalY":50,"mask":{"type":"rectangle"},"basedOn":"34d8643a-dd48-4967-b865-cb1fb2e8738b","id":"5586a739-f424-4a2e-b07b-838ab86fe387"},{"opacity":100,"flip":{"vertical":false,"horizontal":false},"rotationAngle":0,"lockAspectRatio":true,"backgroundColor":{"color":{"r":196,"g":196,"b":196}},"type":"image","resource":{"baseColor":"#29231f","blurHash":"U6C6lh9b00ws00%2E+jJ4TxX~WK71%IU=yxY","type":"image","mimeType":"image\/jpeg","creationDate":"2022-06-13T15:06:14","src":"https:\/\/quintoandar.com.br\/guias\/wp-content\/uploads\/2022\/06\/DSC01925.jpg","width":1200,"height":675,"id":440798,"alt":"","sizes":{"medium":{"file":"DSC01925-300x169.jpg","width":300,"height":169,"filesize":28846,"mimeType":"image\/jpeg","sourceUrl":"https:\/\/quintoandar.com.br\/guias\/wp-content\/uploads\/2022\/06\/DSC01925-300x169.jpg"},"large":{"file":"DSC01925-1024x576.jpg","width":1024,"height":576,"filesize":151400,"mimeType":"image\/jpeg","sourceUrl":"https:\/\/quintoandar.com.br\/guias\/wp-content\/uploads\/2022\/06\/DSC01925-1024x576.jpg"},"thumbnail":{"file":"DSC01925-150x150.jpg","width":150,"height":150,"filesize":19749,"mimeType":"image\/jpeg","sourceUrl":"https:\/\/quintoandar.com.br\/guias\/wp-content\/uploads\/2022\/06\/DSC01925-150x150.jpg"},"medium_large":{"file":"DSC01925-768x432.jpg","width":768,"height":432,"filesize":97923,"mimeType":"image\/jpeg","sourceUrl":"https:\/\/quintoandar.com.br\/guias\/wp-content\/uploads\/2022\/06\/DSC01925-768x432.jpg"},"post-thumbnail":{"file":"DSC01925-350x219.jpg","width":350,"height":219,"filesize":36702,"mimeType":"image\/jpeg","sourceUrl":"https:\/\/quintoandar.com.br\/guias\/wp-content\/uploads\/2022\/06\/DSC01925-350x219.jpg"},"chamada-destaque":{"file":"DSC01925-683x587.jpg","width":683,"height":587,"filesize":119709,"mimeType":"image\/jpeg","sourceUrl":"https:\/\/quintoandar.com.br\/guias\/wp-content\/uploads\/2022\/06\/DSC01925-683x587.jpg"},"single-destaque":{"file":"DSC01925-600x480.jpg","width":600,"height":480,"filesize":92167,"mimeType":"image\/jpeg","sourceUrl":"https:\/\/quintoandar.com.br\/guias\/wp-content\/uploads\/2022\/06\/DSC01925-600x480.jpg"},"alm-thumbnail":{"file":"DSC01925-150x150.jpg","width":150,"height":150,"filesize":19749,"mimeType":"image\/jpeg","sourceUrl":"https:\/\/quintoandar.com.br\/guias\/wp-content\/uploads\/2022\/06\/DSC01925-150x150.jpg"},"wpvqgr-square-answer":{"file":"DSC01925-300x300.jpg","width":300,"height":300,"filesize":41499,"mimeType":"image\/jpeg","sourceUrl":"https:\/\/quintoandar.com.br\/guias\/wp-content\/uploads\/2022\/06\/DSC01925-300x300.jpg"},"web-stories-poster-portrait":{"file":"DSC01925-640x675.jpg","width":640,"height":675,"filesize":109447,"mimeType":"image\/jpeg","sourceUrl":"https:\/\/quintoandar.com.br\/guias\/wp-content\/uploads\/2022\/06\/DSC01925-640x675.jpg"},"web-stories-publisher-logo":{"file":"DSC01925-96x96.jpg","width":96,"height":96,"filesize":14401,"mimeType":"image\/jpeg","sourceUrl":"https:\/\/quintoandar.com.br\/guias\/wp-content\/uploads\/2022\/06\/DSC01925-96x96.jpg"},"web-stories-thumbnail":{"file":"DSC01925-150x84.jpg","width":150,"height":84,"filesize":15781,"mimeType":"image\/jpeg","sourceUrl":"https:\/\/quintoandar.com.br\/guias\/wp-content\/uploads\/2022\/06\/DSC01925-150x84.jpg"},"full":{"file":"DSC01925.jpg","width":1200,"height":675,"mimeType":"image\/jpeg","sourceUrl":"https:\/\/quintoandar.com.br\/guias\/wp-content\/uploads\/2022\/06\/DSC01925.jpg"}},"isPlaceholder":false,"isOptimized":false,"isMuted":false,"isExternal":false,"needsProxy":false},"x":61,"y":317,"width":286,"height":286,"scale":100,"focalX":52.337446253741994,"focalY":50.16586287757665,"mask":{"type":"rectangle"},"alt":"Foto que ilustra stories sobre o terceiro epis\u00f3dio da segunda temporada do podcast do QuintoAndar, L\u00e1 onde eu moro, com Nando Reis e Aline Calixto falando sobre o Gl\u00f3ria em Belo Horizonte","link":{"needsProxy":false,"url":"https:\/\/open.spotify.com\/episode\/4on5HyP93FSiTmZTSOhUbU?go=1&sp_cid=46de591bdf134d9b17a909c616765749&t=1&_p","rel":["noreferrer","noreferrer","noreferrer","noreferrer","noreferrer","noreferrer","noreferrer","noreferrer","noreferrer"],"icon":"https:\/\/i.scdn.co\/image\/ab6765630000ba8a1491c49e630fd7b210543c47","desc":"Aline Calixto: BH tem samba e mora no Gl\u00f3ria - L\u00e1 onde eu moro | Podcast on Spotify"},"borderRadius":{"topLeft":0,"topRight":0,"bottomRight":0,"bottomLeft":0,"locked":true},"basedOn":"35c1a8fe-35d5-47aa-b8f2-8a1dc8a8c0cc","id":"4f1fea54-12e6-4959-b40e-34868b55bea8"},{"opacity":100,"flip":{"vertical":false,"horizontal":false},"rotationAngle":0,"lockAspectRatio":true,"scale":100,"focalX":50,"focalY":50,"resource":{"baseColor":"#ffffff","type":"image","mimeType":"image\/png","creationDate":"2022-01-17T15:00:10","src":"https:\/\/quintoandar.com.br\/guias\/wp-content\/uploads\/2022\/01\/image-17.png","width":566,"height":88,"id":428567,"alt":"image","sizes":{"medium":{"file":"image-17-300x47.png","width":300,"height":47,"mimeType":"image\/png","sourceUrl":"https:\/\/quintoandar.com.br\/guias\/wp-content\/uploads\/2022\/01\/image-17-300x47.png"},"thumbnail":{"file":"image-17-150x88.png","width":150,"height":88,"mimeType":"image\/png","sourceUrl":"https:\/\/quintoandar.com.br\/guias\/wp-content\/uploads\/2022\/01\/image-17-150x88.png"},"post-thumbnail":{"file":"image-17-350x88.png","width":350,"height":88,"mimeType":"image\/png","sourceUrl":"https:\/\/quintoandar.com.br\/guias\/wp-content\/uploads\/2022\/01\/image-17-350x88.png"},"alm-thumbnail":{"file":"image-17-150x88.png","width":150,"height":88,"mimeType":"image\/png","sourceUrl":"https:\/\/quintoandar.com.br\/guias\/wp-content\/uploads\/2022\/01\/image-17-150x88.png"},"wpvqgr-square-answer":{"file":"image-17-300x88.png","width":300,"height":88,"mimeType":"image\/png","sourceUrl":"https:\/\/quintoandar.com.br\/guias\/wp-content\/uploads\/2022\/01\/image-17-300x88.png"},"web-stories-publisher-logo":{"file":"image-17-96x88.png","width":96,"height":88,"mimeType":"image\/png","sourceUrl":"https:\/\/quintoandar.com.br\/guias\/wp-content\/uploads\/2022\/01\/image-17-96x88.png"},"web-stories-thumbnail":{"file":"image-17-150x23.png","width":150,"height":23,"mimeType":"image\/png","sourceUrl":"https:\/\/quintoandar.com.br\/guias\/wp-content\/uploads\/2022\/01\/image-17-150x23.png"},"full":{"file":"image-17.png","width":566,"height":88,"mimeType":"image\/png","sourceUrl":"https:\/\/quintoandar.com.br\/guias\/wp-content\/uploads\/2022\/01\/image-17.png"}},"isPlaceholder":false,"isOptimized":false,"isMuted":false,"isExternal":false,"needsProxy":false},"type":"image","x":48,"y":0,"width":225,"height":35,"mask":{"type":"rectangle","showInLibrary":true,"name":"Ret\u00e2ngulo","path":"M 0,0 1,0 1,1 0,1 0,0 Z","ratio":1,"supportsBorder":true},"basedOn":"edef32eb-4eea-46fc-b412-cd16f6029f5f","id":"ca931b09-ebb1-4963-9a2f-cafc5090b6a3"},{"opacity":100,"flip":{"vertical":false,"horizontal":false},"rotationAngle":0,"lockAspectRatio":true,"backgroundTextMode":"FILL","font":{"family":"Poppins","fallbacks":["sans-serif"],"weights":[100,200,300,400,500,600,700,800,900],"styles":["italic","regular"],"variants":[[0,100],[1,100],[0,200],[1,200],[0,300],[1,300],[0,400],[1,400],[0,500],[1,500],[0,600],[1,600],[0,700],[1,700],[0,800],[1,800],[0,900],[1,900]],"service":"fonts.google.com","metrics":{"upm":1000,"asc":1050,"des":-350,"tAsc":1050,"tDes":-350,"tLGap":100,"wAsc":1135,"wDes":627,"xH":548,"capH":698,"yMin":-572,"yMax":1065,"hAsc":1050,"hDes":-350,"lGap":100}},"fontSize":24,"backgroundColor":{"color":{"r":248,"g":249,"b":245}},"lineHeight":1.1,"textAlign":"left","padding":{"locked":true,"hasHiddenPadding":true,"horizontal":8,"vertical":4},"type":"text","content":"Com Nando Reis e&nbsp;\nAline Calixto","fontWeight":400,"borderRadius":{"locked":true,"topLeft":2,"topRight":2,"bottomRight":2,"bottomLeft":2},"x":50,"y":224,"width":314,"height":68,"scale":100,"focalX":50,"focalY":50,"basedOn":"1d476b6b-d38c-42c2-b082-8d1d435eecfd","id":"a42214ac-8eb5-403c-a72a-8b85b142db07","marginOffset":-7.4999999999999964},{"opacity":100,"flip":{"vertical":false,"horizontal":false},"rotationAngle":0,"lockAspectRatio":true,"backgroundTextMode":"FILL","font":{"family":"Poppins","fallbacks":["sans-serif"],"weights":[100,200,300,400,500,600,700,800,900],"styles":["italic","regular"],"variants":[[0,100],[1,100],[0,200],[1,200],[0,300],[1,300],[0,400],[1,400],[0,500],[1,500],[0,600],[1,600],[0,700],[1,700],[0,800],[1,800],[0,900],[1,900]],"service":"fonts.google.com","metrics":{"upm":1000,"asc":1050,"des":-350,"tAsc":1050,"tDes":-350,"tLGap":100,"wAsc":1135,"wDes":627,"xH":548,"capH":698,"yMin":-572,"yMax":1065,"hAsc":1050,"hDes":-350,"lGap":100}},"fontSize":40,"backgroundColor":{"color":{"r":248,"g":249,"b":245}},"lineHeight":1.1,"textAlign":"left","padding":{"locked":true,"hasHiddenPadding":true,"horizontal":8,"vertical":4},"type":"text","content":"<span style=\"font-weight: 600\">L\u00e1 onde&nbsp;<\/span>\n<span style=\"font-weight: 600\">eu moro<\/span>","fontWeight":400,"borderRadius":{"locked":true,"topLeft":2,"topRight":2,"bottomRight":2,"bottomLeft":2},"x":50,"y":65,"width":314,"height":108,"scale":100,"focalX":50,"focalY":50,"basedOn":"6c24270b-393f-402b-8102-49166d56fff8","id":"0f966bfd-6ed8-4d60-b75c-ad8d3aa6d274","marginOffset":-13.199999999999989},{"opacity":100,"flip":{"vertical":false,"horizontal":false},"rotationAngle":0,"lockAspectRatio":true,"backgroundTextMode":"FILL","font":{"family":"Poppins","fallbacks":["sans-serif"],"weights":[100,200,300,400,500,600,700,800,900],"styles":["italic","regular"],"variants":[[0,100],[1,100],[0,200],[1,200],[0,300],[1,300],[0,400],[1,400],[0,500],[1,500],[0,600],[1,600],[0,700],[1,700],[0,800],[1,800],[0,900],[1,900]],"service":"fonts.google.com","metrics":{"upm":1000,"asc":1050,"des":-350,"tAsc":1050,"tDes":-350,"tLGap":100,"wAsc":1135,"wDes":627,"xH":548,"capH":698,"yMin":-572,"yMax":1065,"hAsc":1050,"hDes":-350,"lGap":100}},"fontSize":26,"backgroundColor":{"color":{"r":248,"g":249,"b":245}},"lineHeight":1.1,"textAlign":"left","padding":{"locked":true,"hasHiddenPadding":true,"horizontal":8,"vertical":4},"type":"text","content":"<span style=\"font-weight: 600; color: #9a75b4\">BH tem samba e&nbsp;<\/span>\n<span style=\"font-weight: 600; color: #9a75b4\">mora no Gl\u00f3ria<\/span>","fontWeight":400,"borderRadius":{"locked":true,"topLeft":2,"topRight":2,"bottomRight":2,"bottomLeft":2},"x":50,"y":160,"width":314,"height":74,"scale":100,"focalX":50,"focalY":50,"basedOn":"1d476b6b-d38c-42c2-b082-8d1d435eecfd","id":"3b1796b3-04d3-4b61-8773-c396f3160ad2","marginOffset":-9.899999999999991}],"animations":[],"backgroundColor":{"color":{"r":154,"g":117,"b":180}},"type":"page","id":"34295524-4444-4170-adf0-b48f1fe3d643"},{"elements":[{"opacity":100,"flip":{"vertical":false,"horizontal":false},"rotationAngle":0,"lockAspectRatio":true,"x":1,"y":1,"width":1,"height":1,"mask":{"type":"rectangle"},"isBackground":true,"isDefaultBackground":true,"id":"08580422-ced8-4357-aaad-e67c11ef7c50","type":"shape"},{"opacity":100,"flip":{"vertical":false,"horizontal":false},"rotationAngle":0,"lockAspectRatio":false,"backgroundTextMode":"NONE","font":{"family":"Poppins","fallbacks":["sans-serif"],"weights":[100,200,300,400,500,600,700,800,900],"styles":["italic","regular"],"variants":[[0,100],[1,100],[0,200],[1,200],[0,300],[1,300],[0,400],[1,400],[0,500],[1,500],[0,600],[1,600],[0,700],[1,700],[0,800],[1,800],[0,900],[1,900]],"service":"fonts.google.com","metrics":{"upm":1000,"asc":1050,"des":-350,"tAsc":1050,"tDes":-350,"tLGap":100,"wAsc":1135,"wDes":627,"xH":548,"capH":698,"yMin":-572,"yMax":1065,"hAsc":1050,"hDes":-350,"lGap":100}},"fontSize":33,"backgroundColor":{"color":{"r":196,"g":196,"b":196}},"lineHeight":1.1,"textAlign":"initial","padding":{"locked":true,"horizontal":0,"vertical":0},"type":"text","content":"<span style=\"font-weight: 600; color: #f8f9f5\">O podcast L\u00e1 onde eu moro acredita que toda boa hist\u00f3ria precisa de um bom cen\u00e1rio<\/span>","fontWeight":700,"basedOn":"5eda2f77-a589-4fd2-bec3-1bb92288ddc6","x":48,"y":354,"width":295,"height":227,"scale":100,"focalX":50,"focalY":50,"marginOffset":-11.099999999999994,"id":"64d016e7-42b1-4850-a092-8330bd8b78c3"},{"opacity":100,"flip":{"vertical":false,"horizontal":false},"rotationAngle":0,"lockAspectRatio":false,"scale":100,"focalX":50,"focalY":50,"resource":{"baseColor":"#485739","blurHash":"U89?m_^P0M9^=dafOqxZ02EM~A-A1It6+^Ip","type":"image","mimeType":"image\/png","creationDate":"2022-05-31T12:42:07","src":"https:\/\/quintoandar.com.br\/guias\/wp-content\/uploads\/2022\/05\/planta.png","width":3000,"height":3000,"id":439691,"alt":"","sizes":{"medium":{"file":"planta-300x300.png","width":300,"height":300,"filesize":62772,"mimeType":"image\/png","sourceUrl":"https:\/\/quintoandar.com.br\/guias\/wp-content\/uploads\/2022\/05\/planta-300x300.png"},"large":{"file":"planta-1024x1024.png","width":1024,"height":1024,"filesize":522436,"mimeType":"image\/png","sourceUrl":"https:\/\/quintoandar.com.br\/guias\/wp-content\/uploads\/2022\/05\/planta-1024x1024.png"},"thumbnail":{"file":"planta-150x150.png","width":150,"height":150,"filesize":20289,"mimeType":"image\/png","sourceUrl":"https:\/\/quintoandar.com.br\/guias\/wp-content\/uploads\/2022\/05\/planta-150x150.png"},"medium_large":{"file":"planta-768x768.png","width":768,"height":768,"filesize":312043,"mimeType":"image\/png","sourceUrl":"https:\/\/quintoandar.com.br\/guias\/wp-content\/uploads\/2022\/05\/planta-768x768.png"},"1536x1536":{"file":"planta-1536x1536.png","width":1536,"height":1536,"filesize":1098458,"mimeType":"image\/png","sourceUrl":"https:\/\/quintoandar.com.br\/guias\/wp-content\/uploads\/2022\/05\/planta-1536x1536.png"},"2048x2048":{"file":"planta-2048x2048.png","width":2048,"height":2048,"filesize":1866354,"mimeType":"image\/png","sourceUrl":"https:\/\/quintoandar.com.br\/guias\/wp-content\/uploads\/2022\/05\/planta-2048x2048.png"},"post-thumbnail":{"file":"planta-350x219.png","width":350,"height":219,"filesize":79201,"mimeType":"image\/png","sourceUrl":"https:\/\/quintoandar.com.br\/guias\/wp-content\/uploads\/2022\/05\/planta-350x219.png"},"chamada-destaque":{"file":"planta-683x587.png","width":683,"height":587,"filesize":252296,"mimeType":"image\/png","sourceUrl":"https:\/\/quintoandar.com.br\/guias\/wp-content\/uploads\/2022\/05\/planta-683x587.png"},"single-destaque":{"file":"planta-600x480.png","width":600,"height":480,"filesize":200592,"mimeType":"image\/png","sourceUrl":"https:\/\/quintoandar.com.br\/guias\/wp-content\/uploads\/2022\/05\/planta-600x480.png"},"alm-thumbnail":{"file":"planta-150x150.png","width":150,"height":150,"filesize":20289,"mimeType":"image\/png","sourceUrl":"https:\/\/quintoandar.com.br\/guias\/wp-content\/uploads\/2022\/05\/planta-150x150.png"},"wpvqgr-square-answer":{"file":"planta-300x300.png","width":300,"height":300,"filesize":62772,"mimeType":"image\/png","sourceUrl":"https:\/\/quintoandar.com.br\/guias\/wp-content\/uploads\/2022\/05\/planta-300x300.png"},"web-stories-poster-portrait":{"file":"planta-640x853.png","width":640,"height":853,"filesize":360468,"mimeType":"image\/png","sourceUrl":"https:\/\/quintoandar.com.br\/guias\/wp-content\/uploads\/2022\/05\/planta-640x853.png"},"web-stories-publisher-logo":{"file":"planta-96x96.png","width":96,"height":96,"filesize":9760,"mimeType":"image\/png","sourceUrl":"https:\/\/quintoandar.com.br\/guias\/wp-content\/uploads\/2022\/05\/planta-96x96.png"},"web-stories-thumbnail":{"file":"planta-150x150.png","width":150,"height":150,"filesize":20289,"mimeType":"image\/png","sourceUrl":"https:\/\/quintoandar.com.br\/guias\/wp-content\/uploads\/2022\/05\/planta-150x150.png"},"full":{"file":"planta.png","width":3000,"height":3000,"mimeType":"image\/png","sourceUrl":"https:\/\/quintoandar.com.br\/guias\/wp-content\/uploads\/2022\/05\/planta.png"}},"isPlaceholder":false,"isOptimized":false,"isMuted":false,"isExternal":false,"needsProxy":false,"provider":"local"},"type":"image","x":48,"y":13,"width":317,"height":309,"mask":{"type":"rectangle","showInLibrary":true,"name":"Rectangle","path":"M 0,0 1,0 1,1 0,1 0,0 Z","ratio":1,"supportsBorder":true},"id":"fba9c7e2-4552-430c-b458-6be216e60d85"}],"animations":[{"id":"ca71f26b-cf3e-420d-9f9d-181bd854bb62","type":"effect-fly-in","flyInDir":"leftToRight","duration":600,"delay":0,"targets":["64d016e7-42b1-4850-a092-8330bd8b78c3"]},{"id":"5ac99033-7de8-4dd8-873f-d00e6e67a607","type":"effect-fade-in","duration":600,"delay":0,"targets":["fba9c7e2-4552-430c-b458-6be216e60d85"]}],"backgroundColor":{"color":{"r":154,"g":117,"b":180}},"type":"page","id":"c7bbdbcc-5395-4b24-a5b5-c439f6594570","defaultBackgroundElement":{"opacity":100,"flip":{"vertical":false,"horizontal":false},"rotationAngle":0,"lockAspectRatio":true,"x":1,"y":1,"width":1,"height":1,"mask":{"type":"rectangle"},"isBackground":true,"isDefaultBackground":true,"id":"08580422-ced8-4357-aaad-e67c11ef7c50","type":"shape"},"pageAttachment":{"url":"","icon":"https:\/\/quintoandar.com.br\/guias\/wp-content\/uploads\/2021\/10\/praias-de-florianopolis.jpg","needsProxy":false}},{"elements":[{"opacity":100,"flip":{"vertical":false,"horizontal":false},"rotationAngle":0,"lockAspectRatio":true,"x":1,"y":1,"width":1,"height":1,"mask":{"type":"rectangle"},"isBackground":true,"isDefaultBackground":true,"id":"5bd7fd9e-e89a-48a3-b0cd-5f7bebcfbb4e","type":"shape","basedOn":"08580422-ced8-4357-aaad-e67c11ef7c50"},{"opacity":100,"flip":{"vertical":false,"horizontal":false},"rotationAngle":0,"lockAspectRatio":false,"backgroundColor":{"color":{"r":154,"g":117,"b":180}},"type":"shape","x":0,"y":-63,"width":413,"height":314,"scale":100,"focalX":50,"focalY":50,"mask":{"type":"rectangle"},"basedOn":"69cdfe66-bad8-4186-9e5c-881b0de215fc","id":"13a3765b-4229-41ea-802a-16483661c28f"},{"opacity":100,"flip":{"vertical":false,"horizontal":false},"rotationAngle":0,"lockAspectRatio":false,"backgroundTextMode":"NONE","font":{"family":"Poppins","fallbacks":["sans-serif"],"weights":[100,200,300,400,500,600,700,800,900],"styles":["italic","regular"],"variants":[[0,100],[1,100],[0,200],[1,200],[0,300],[1,300],[0,400],[1,400],[0,500],[1,500],[0,600],[1,600],[0,700],[1,700],[0,800],[1,800],[0,900],[1,900]],"service":"fonts.google.com","metrics":{"upm":1000,"asc":1050,"des":-350,"tAsc":1050,"tDes":-350,"tLGap":100,"wAsc":1135,"wDes":627,"xH":548,"capH":698,"yMin":-572,"yMax":1065,"hAsc":1050,"hDes":-350,"lGap":100}},"fontSize":26,"backgroundColor":{"color":{"r":196,"g":196,"b":196}},"lineHeight":1.1,"textAlign":"initial","padding":{"locked":true,"horizontal":0,"vertical":0},"type":"text","content":"Nessa segunda temporada, Nando Reis desembarca em Belo Horizonte e conversa com personalidades incr\u00edveis da capital mineira. Entre elas, a cantora e compositora Aline Calixto.","fontWeight":700,"basedOn":"64d016e7-42b1-4850-a092-8330bd8b78c3","x":47,"y":295,"width":317,"height":265,"scale":100,"focalX":50,"focalY":50,"marginOffset":-11.099999999999994,"id":"a8c5d87e-54a0-415c-bd61-a98db171c1f5"},{"opacity":100,"flip":{"vertical":false,"horizontal":false},"rotationAngle":0,"lockAspectRatio":true,"scale":100,"focalX":50,"focalY":50,"resource":{"baseColor":"#b39b6a","blurHash":"ULHL0G?a%fxa~nofWCIo4:IUD*IU%MS5ofsm","type":"image","mimeType":"image\/jpeg","creationDate":"2022-06-14T12:40:31","src":"https:\/\/quintoandar.com.br\/guias\/wp-content\/uploads\/2022\/06\/DSC07203-1.jpg","width":800,"height":533,"id":441188,"alt":"","sizes":{"medium":{"file":"DSC07203-1-300x200.jpg","width":300,"height":200,"filesize":"28505","mimeType":"image\/jpeg","sourceUrl":"https:\/\/quintoandar.com.br\/guias\/wp-content\/uploads\/2022\/06\/DSC07203-1-300x200.jpg"},"thumbnail":{"file":"DSC07203-1-150x150.jpg","width":150,"height":150,"filesize":"19160","mimeType":"image\/jpeg","sourceUrl":"https:\/\/quintoandar.com.br\/guias\/wp-content\/uploads\/2022\/06\/DSC07203-1-150x150.jpg"},"medium_large":{"file":"DSC07203-1-768x512.jpg","width":768,"height":512,"filesize":"79677","mimeType":"image\/jpeg","sourceUrl":"https:\/\/quintoandar.com.br\/guias\/wp-content\/uploads\/2022\/06\/DSC07203-1-768x512.jpg"},"post-thumbnail":{"file":"DSC07203-1-350x219.jpg","width":350,"height":219,"filesize":"31680","mimeType":"image\/jpeg","sourceUrl":"https:\/\/quintoandar.com.br\/guias\/wp-content\/uploads\/2022\/06\/DSC07203-1-350x219.jpg"},"chamada-destaque":{"file":"DSC07203-1-683x533.jpg","width":683,"height":533,"filesize":"76709","mimeType":"image\/jpeg","sourceUrl":"https:\/\/quintoandar.com.br\/guias\/wp-content\/uploads\/2022\/06\/DSC07203-1-683x533.jpg"},"single-destaque":{"file":"DSC07203-1-600x480.jpg","width":600,"height":480,"filesize":"62979","mimeType":"image\/jpeg","sourceUrl":"https:\/\/quintoandar.com.br\/guias\/wp-content\/uploads\/2022\/06\/DSC07203-1-600x480.jpg"},"alm-thumbnail":{"file":"DSC07203-1-150x150.jpg","width":150,"height":150,"filesize":"19160","mimeType":"image\/jpeg","sourceUrl":"https:\/\/quintoandar.com.br\/guias\/wp-content\/uploads\/2022\/06\/DSC07203-1-150x150.jpg"},"wpvqgr-square-answer":{"file":"DSC07203-1-300x300.jpg","width":300,"height":300,"filesize":"32395","mimeType":"image\/jpeg","sourceUrl":"https:\/\/quintoandar.com.br\/guias\/wp-content\/uploads\/2022\/06\/DSC07203-1-300x300.jpg"},"web-stories-poster-portrait":{"file":"DSC07203-1-640x533.jpg","width":640,"height":533,"filesize":"72735","mimeType":"image\/jpeg","sourceUrl":"https:\/\/quintoandar.com.br\/guias\/wp-content\/uploads\/2022\/06\/DSC07203-1-640x533.jpg"},"web-stories-publisher-logo":{"file":"DSC07203-1-96x96.jpg","width":96,"height":96,"filesize":"15558","mimeType":"image\/jpeg","sourceUrl":"https:\/\/quintoandar.com.br\/guias\/wp-content\/uploads\/2022\/06\/DSC07203-1-96x96.jpg"},"web-stories-thumbnail":{"file":"DSC07203-1-150x100.jpg","width":150,"height":100,"filesize":"17853","mimeType":"image\/jpeg","sourceUrl":"https:\/\/quintoandar.com.br\/guias\/wp-content\/uploads\/2022\/06\/DSC07203-1-150x100.jpg"},"full":{"file":"DSC07203-1.jpg","width":800,"height":533,"mimeType":"image\/jpeg","sourceUrl":"https:\/\/quintoandar.com.br\/guias\/wp-content\/uploads\/2022\/06\/DSC07203-1.jpg"}},"isPlaceholder":false,"isOptimized":false,"isMuted":false,"isExternal":false,"needsProxy":false},"type":"image","x":20,"y":-42,"width":374,"height":275,"mask":{"type":"rectangle","showInLibrary":true,"name":"Ret\u00e2ngulo","path":"M 0,0 1,0 1,1 0,1 0,0 Z","ratio":1,"supportsBorder":true},"basedOn":"84d3ba0e-33e7-4765-85f8-8a9976dacab9","id":"d2866abd-96c4-4663-97f7-3b0596ae27a3","alt":"Foto que ilustra stories sobre o terceiro epis\u00f3dio da segunda temporada do podcast do QuintoAndar, L\u00e1 onde eu moro, com Nando Reis e Aline Calixto falando sobre o Gl\u00f3ria em Belo Horizonte"}],"animations":[{"id":"3b8ed71f-c893-4e2c-be83-10543563a099","type":"effect-fly-in","flyInDir":"leftToRight","duration":600,"delay":0,"targets":["a8c5d87e-54a0-415c-bd61-a98db171c1f5"]},{"id":"ec2b91eb-0c0c-4f8a-a009-d040bea68bc3","type":"effect-drop","duration":1600,"delay":0,"targets":["d2866abd-96c4-4663-97f7-3b0596ae27a3"]}],"backgroundColor":{"color":{"r":248,"g":249,"b":245}},"type":"page","id":"2507644b-c87f-4a79-b5b8-0f31fda15e9e","defaultBackgroundElement":{"opacity":100,"flip":{"vertical":false,"horizontal":false},"rotationAngle":0,"lockAspectRatio":true,"x":1,"y":1,"width":1,"height":1,"mask":{"type":"rectangle"},"isBackground":true,"isDefaultBackground":true,"id":"08580422-ced8-4357-aaad-e67c11ef7c50","type":"shape"},"pageAttachment":{"url":"","icon":"https:\/\/quintoandar.com.br\/guias\/wp-content\/uploads\/2021\/10\/praias-de-florianopolis.jpg","needsProxy":false}},{"elements":[{"opacity":100,"flip":{"vertical":false,"horizontal":false},"rotationAngle":0,"lockAspectRatio":true,"x":48,"y":0,"width":330,"height":586,"mask":{"type":"rectangle"},"isBackground":true,"id":"643e3ccc-3298-43c9-ba46-685194b7c060","type":"video","basedOn":"08580422-ced8-4357-aaad-e67c11ef7c50","scale":100,"focalX":50,"focalY":50,"resource":{"baseColor":"#8f7d7c","blurHash":"U8E_]xMxi;-;0LRjfkxaHytR%MMy-:tRjFIV","type":"video","mimeType":"video\/mp4","creationDate":"2022-06-14T13:18:36","src":"https:\/\/quintoandar.com.br\/guias\/wp-content\/uploads\/2022\/06\/QA_PodCasts-T2Ep03-Stories2-1.mp4","width":1080,"height":1920,"poster":"https:\/\/quintoandar.com.br\/guias\/wp-content\/uploads\/2022\/06\/QA_PodCasts-T2Ep03-Stories2-1-poster.png","posterId":441217,"id":441216,"length":14,"lengthFormatted":"0:14","alt":"","sizes":[],"isPlaceholder":false,"isOptimized":false,"isMuted":false,"isExternal":false,"trimData":{"original":0},"needsProxy":false,"provider":"local"},"alt":"V\u00eddeo que ilustra stories sobre o terceiro epis\u00f3dio da segunda temporada do podcast do QuintoAndar, L\u00e1 onde eu moro, com Nando Reis e Aline Calixto falando sobre o Gl\u00f3ria em Belo Horizonte"}],"animations":[],"backgroundColor":{"color":{"r":248,"g":249,"b":245}},"type":"page","id":"db7989eb-5d5d-43a5-946a-fac948641421","defaultBackgroundElement":{"opacity":100,"flip":{"vertical":false,"horizontal":false},"rotationAngle":0,"lockAspectRatio":true,"x":1,"y":1,"width":1,"height":1,"mask":{"type":"rectangle"},"isBackground":true,"isDefaultBackground":true,"id":"794a85db-57fc-4977-892f-018cfda76158","type":"shape","basedOn":"08580422-ced8-4357-aaad-e67c11ef7c50"},"pageAttachment":{"url":"https:\/\/open.spotify.com\/episode\/4on5HyP93FSiTmZTSOhUbU?go=1&sp_cid=46de591bdf134d9b17a909c616765749&t=1&_p","icon":"https:\/\/i.scdn.co\/image\/ab6765630000ba8a1491c49e630fd7b210543c47","needsProxy":false,"ctaText":"Vem ouvir"}}],"autoAdvance":true,"defaultPageDuration":7,"currentStoryStyles":{"colors":[{"color":{"r":196,"g":196,"b":196}}]}},"story_poster":{"id":441205,"url":"https:\/\/www.quintoandar.com.br\/guias\/wp-content\/uploads\/2022\/06\/cropped-DSC01925.jpg","width":640,"height":853,"needsProxy":false},"_links":{"self":[{"href":"https:\/\/www.quintoandar.com.br\/guias\/wp-json\/web-stories\/v1\/web-story\/441176","targetHints":{"allow":["GET"]}}],"collection":[{"href":"https:\/\/www.quintoandar.com.br\/guias\/wp-json\/web-stories\/v1\/web-story"}],"about":[{"href":"https:\/\/www.quintoandar.com.br\/guias\/wp-json\/wp\/v2\/types\/web-story"}],"author":[{"embeddable":true,"href":"https:\/\/www.quintoandar.com.br\/guias\/wp-json\/web-stories\/v1\/users\/45"}],"version-history":[{"count":10,"href":"https:\/\/www.quintoandar.com.br\/guias\/wp-json\/web-stories\/v1\/web-story\/441176\/revisions"}],"predecessor-version":[{"id":441605,"href":"https:\/\/www.quintoandar.com.br\/guias\/wp-json\/web-stories\/v1\/web-story\/441176\/revisions\/441605"}],"wp:featuredmedia":[{"embeddable":true,"href":"https:\/\/www.quintoandar.com.br\/guias\/wp-json\/web-stories\/v1\/media\/441205"}],"wp:attachment":[{"href":"https:\/\/www.quintoandar.com.br\/guias\/wp-json\/web-stories\/v1\/media?parent=441176"}],"wp:term":[{"taxonomy":"web_story_category","embeddable":true,"href":"https:\/\/www.quintoandar.com.br\/guias\/wp-json\/web-stories\/v1\/web_story_category?post=441176"},{"taxonomy":"web_story_tag","embeddable":true,"href":"https:\/\/www.quintoandar.com.br\/guias\/wp-json\/web-stories\/v1\/web_story_tag?post=441176"}],"wp:lock":[{"embeddable":true,"href":"https:\/\/www.quintoandar.com.br\/guias\/wp-json\/web-stories\/v1\/web-story\/441176\/lock"}],"wp:publisherlogo":[{"embeddable":true,"href":"https:\/\/www.quintoandar.com.br\/guias\/wp-json\/web-stories\/v1\/media\/428798"}],"curies":[{"name":"wp","href":"https:\/\/api.w.org\/{rel}","templated":true}]}}