{"id":446912,"date":"2022-08-05T11:04:00","date_gmt":"2022-08-05T14:04:00","guid":{"rendered":"https:\/\/www.quintoandar.com.br\/guias\/?post_type=web-story&#038;p=446912"},"modified":"2023-04-24T15:13:53","modified_gmt":"2023-04-24T18:13:53","slug":"apartamento-varanda-gourmet-curitiba","status":"publish","type":"web-story","link":"https:\/\/www.quintoandar.com.br\/guias\/web-stories\/apartamento-varanda-gourmet-curitiba\/","title":{"rendered":"Apartamentos com varanda gourmet: conhe\u00e7a oportunidades em Curitiba"},"content":{"rendered":"<p><html amp=\"\" lang=\"en\"><head><meta charSet=\"utf-8\"\/><meta name=\"viewport\" content=\"width=device-width,minimum-scale=1,initial-scale=1\"\/><script async=\"\" src=\"https:\/\/cdn.ampproject.org\/v0.js\"><\/script><script async=\"\" src=\"https:\/\/cdn.ampproject.org\/v0\/amp-story-1.0.js\" custom-element=\"amp-story\"><\/script><link href=\"https:\/\/fonts.googleapis.com\/css2?display=swap&amp;family=Poppins%3Awght%40400%3B600\" rel=\"stylesheet\"\/><noscript><\/noscript><meta name=\"web-stories-replace-head-start\"\/><title>Apartamentos com varanda gourmet: conhe\u00e7a oportunidades em Curitiba<\/title><link rel=\"canonical\" href=\"https:\/\/www.quintoandar.com.br\/guias\/?post_type=web-story&amp;p=446912\"\/><meta name=\"web-stories-replace-head-end\"\/><\/head><body><amp-story standalone=\"\" publisher=\"MeuLugar\" publisher-logo-src=\"https:\/\/www.quintoandar.com.br\/guias\/wp-content\/uploads\/2022\/01\/Logo_MeuLugar.png\" title=\"Apartamentos com varanda gourmet: conhe\u00e7a oportunidades em Curitiba\" poster-portrait-src=\"https:\/\/www.quintoandar.com.br\/guias\/wp-content\/uploads\/2021\/09\/cropped-area-gourmet-com-area-de-lazer-640x853.jpg\"><amp-story-page id=\"34295524-4444-4170-adf0-b48f1fe3d643\" auto-advance-after=\"7s\"><amp-story-grid-layer template=\"vertical\" aspect-ratio=\"412:618\" class=\"grid-layer\"><\/p>\n<div class=\"page-fullbleed-area\" style=\"background-color:#07358f\">\n<div class=\"page-safe-area\">\n<div style=\"position:absolute;pointer-events:none;left:0;top:-9.25926%;width:100%;height:118.51852%;opacity:1\">\n<div style=\"pointer-events:initial;width:100%;height:100%;display:block;position:absolute;top:0;left:0;z-index:0\" class=\"mask\" id=\"el-9d5c2b2c-8e34-4118-a1bc-f01f76f862b3\">\n<div class=\"fill\" style=\"will-change:transform\"><\/div>\n<\/div>\n<\/div>\n<\/div>\n<\/div>\n<p><\/amp-story-grid-layer><amp-story-grid-layer template=\"vertical\" aspect-ratio=\"412:618\" class=\"grid-layer\"><\/p>\n<div class=\"page-fullbleed-area\">\n<div class=\"page-safe-area\">\n<div style=\"position:absolute;pointer-events:none;left:11.65049%;top:16.50485%;width:76.45631%;height:28.15534%;opacity:1\">\n<div style=\"pointer-events:initial;width:100%;height:100%;display:block;position:absolute;top:0;left:0;z-index:0;border-radius:0.6349206349206349% 0.6349206349206349% 0.6349206349206349% 0.6349206349206349% \/ 1.1494252873563218% 1.1494252873563218% 1.1494252873563218% 1.1494252873563218%\" id=\"el-fc827c36-f94b-40a2-b296-b9255a237e3c\">\n<h2 class=\"fill text-wrapper\" style=\"white-space:pre-line;overflow-wrap:break-word;word-break:break-word;margin:1.4285714285714286% 0;font-family:&quot;Poppins&quot;,sans-serif;font-size:0.485437em;line-height:1.1;text-align:left;padding:0;color:#000000\"><span><span style=\"font-weight: 600; color: #f8f9f5\">Apartamentos com&nbsp;<\/span><br \/>\n<span style=\"font-weight: 600; color: #f8f9f5\">varanda gourmet:<\/span><br \/>\n<span style=\"font-weight: 600; color: #f8f9f5\">conhe\u00e7a as oportunidades&nbsp;para alugar em Curitiba<\/span><\/span><\/h2>\n<\/div>\n<\/div>\n<div style=\"position:absolute;pointer-events:none;left:11.65049%;top:0;width:54.61165%;height:5.66343%;opacity:1\">\n<div style=\"pointer-events:initial;width:100%;height:100%;display:block;position:absolute;top:0;left:0;z-index:0\" class=\"mask\" id=\"el-ae3e8289-bb58-4a4d-adca-cef34c1c7094\">\n<div style=\"position:absolute;width:100.0505%;height:100%;left:-0.02525%;top:0%\" data-leaf-element=\"true\"><amp-img layout=\"fill\" src=\"https:\/\/www.quintoandar.com.br\/guias\/wp-content\/uploads\/2022\/01\/image-17.png\" alt=\"image\" srcSet=\"https:\/\/www.quintoandar.com.br\/guias\/wp-content\/uploads\/2022\/01\/image-17.png 566w\" sizes=\"(min-width: 1024px) 25vh, 55vw\" disable-inline-width=\"true\"><\/amp-img><\/div>\n<\/div>\n<\/div>\n<div style=\"position:absolute;pointer-events:none;left:11.65049%;top:49.19094%;width:76.21359%;height:50.80906%;opacity:1\">\n<div style=\"pointer-events:initial;width:100%;height:100%;display:block;position:absolute;top:0;left:0;z-index:0\" class=\"mask\" id=\"el-b9e8f475-dcaa-40d1-ad2c-587d896e3ee4\">\n<div class=\"fill\" style=\"background-color:#67c4db;will-change:transform\"><\/div>\n<\/div>\n<\/div>\n<div style=\"position:absolute;pointer-events:none;left:15.29126%;top:51.2945%;width:69.41748%;height:46.27832%;opacity:1\">\n<div style=\"pointer-events:initial;width:100%;height:100%;display:block;position:absolute;top:0;left:0;z-index:0;border-radius:0% 0% 0% 0% \/ 0% 0% 0% 0%\" class=\"mask\" id=\"el-3afed9e1-5499-438d-ad22-729ae359368d\">\n<div style=\"position:absolute;width:177.77778%;height:100%;left:-38.88889%;top:0%\" data-leaf-element=\"true\"><amp-img layout=\"fill\" src=\"https:\/\/www.quintoandar.com.br\/guias\/wp-content\/uploads\/2022\/04\/decoracao-da-varanda.jpg\" alt=\"Foto que ilustra stories com apartamentos com varanda gourmet para alugar em Curitiba mostra uma varanda com churrasqueira, sof\u00e1 e mesa com 4 cadeiras. O ambiente tem tamb\u00e9m muitas plantas.\" srcSet=\"https:\/\/www.quintoandar.com.br\/guias\/wp-content\/uploads\/2022\/04\/decoracao-da-varanda.jpg 1200w,https:\/\/www.quintoandar.com.br\/guias\/wp-content\/uploads\/2022\/04\/decoracao-da-varanda-1024x576.jpg 1024w,https:\/\/www.quintoandar.com.br\/guias\/wp-content\/uploads\/2022\/04\/decoracao-da-varanda-768x432.jpg 768w,https:\/\/www.quintoandar.com.br\/guias\/wp-content\/uploads\/2022\/04\/decoracao-da-varanda-300x169.jpg 300w,https:\/\/www.quintoandar.com.br\/guias\/wp-content\/uploads\/2022\/04\/decoracao-da-varanda-150x84.jpg 150w\" sizes=\"(min-width: 1024px) 31vh, 69vw\" disable-inline-width=\"true\"><\/amp-img><\/div>\n<\/div>\n<\/div>\n<\/div>\n<\/div>\n<p><\/amp-story-grid-layer><\/amp-story-page><amp-story-page id=\"c7bbdbcc-5395-4b24-a5b5-c439f6594570\" auto-advance-after=\"7s\"><amp-story-animation layout=\"nodisplay\" trigger=\"visibility\"><script type=\"application\/json\">[{\"selector\":\"#anim-5dd6e864-87ca-4a1a-8f6e-bb9fbd44e29d [data-leaf-element=\\\"true\\\"]\",\"keyframes\":{\"transform\":[\"translate3d(14.843749786673241%, 0, 0)\",\"translate3d(0%, 0, 0)\"]},\"delay\":0,\"duration\":2000,\"easing\":\"cubic-bezier(.3,0,.55,1)\",\"fill\":\"both\"}]<\/script><\/amp-story-animation><amp-story-grid-layer template=\"vertical\" aspect-ratio=\"412:618\" class=\"grid-layer\"><\/p>\n<div class=\"page-fullbleed-area\" style=\"background-color:#c0c0c0\">\n<div class=\"page-safe-area\">\n<div style=\"position:absolute;pointer-events:none;left:0;top:-9.25926%;width:100%;height:118.51852%;opacity:1\">\n<div id=\"anim-5dd6e864-87ca-4a1a-8f6e-bb9fbd44e29d\" class=\"animation-wrapper\" style=\"width:100%;height:100%;display:block;position:absolute;top:0;left:0\">\n<div style=\"pointer-events:initial;width:100%;height:100%;display:block;position:absolute;top:0;left:0;z-index:0\" class=\"mask\" id=\"el-08580422-ced8-4357-aaad-e67c11ef7c50\">\n<div style=\"position:absolute;width:142.22222%;height:100%;left:-21.11111%;top:0%\" data-leaf-element=\"true\"><amp-img layout=\"fill\" src=\"https:\/\/images.unsplash.com\/photo-1627662235844-6f5d8f54816b?ixid=MnwxMzcxOTN8MHwxfHNlYXJjaHw3fHxiYWxjb255JTIwZGlubmVyfGVufDB8fHx8MTY1OTY1MTQ2Mw&amp;ixlib=rb-1.2.1&amp;fm=jpg&amp;w=3600&amp;h=4500&amp;fit=max\" alt=\"Foto que ilustra stories com apartamentos com varanda gourmet para alugar em Curitiba mostra uma fam\u00edlia formada por m\u00e3e, filha de cerca de 5 anos e pai. Eles est\u00e3o sentados em um banco na varanda comendo a comida japonesa que est\u00e1 servida na mesa em frente a eles.\" srcSet=\"https:\/\/images.unsplash.com\/photo-1627662235844-6f5d8f54816b?ixid=MnwxMzcxOTN8MHwxfHNlYXJjaHw3fHxiYWxjb255JTIwZGlubmVyfGVufDB8fHx8MTY1OTY1MTQ2Mw&amp;ixlib=rb-1.2.1&amp;fm=jpg&amp;w=3600&amp;h=4500&amp;fit=max 3600w,https:\/\/images.unsplash.com\/photo-1627662235844-6f5d8f54816b?ixid=MnwxMzcxOTN8MHwxfHNlYXJjaHw3fHxiYWxjb255JTIwZGlubmVyfGVufDB8fHx8MTY1OTY1MTQ2Mw&amp;ixlib=rb-1.2.1&amp;fm=jpg&amp;w=2880&amp;h=3600&amp;fit=max 2880w,https:\/\/images.unsplash.com\/photo-1627662235844-6f5d8f54816b?ixid=MnwxMzcxOTN8MHwxfHNlYXJjaHw3fHxiYWxjb255JTIwZGlubmVyfGVufDB8fHx8MTY1OTY1MTQ2Mw&amp;ixlib=rb-1.2.1&amp;fm=jpg&amp;w=2160&amp;h=2700&amp;fit=max 2160w,https:\/\/images.unsplash.com\/photo-1627662235844-6f5d8f54816b?ixid=MnwxMzcxOTN8MHwxfHNlYXJjaHw3fHxiYWxjb255JTIwZGlubmVyfGVufDB8fHx8MTY1OTY1MTQ2Mw&amp;ixlib=rb-1.2.1&amp;fm=jpg&amp;w=1440&amp;h=1800&amp;fit=max 1440w,https:\/\/images.unsplash.com\/photo-1627662235844-6f5d8f54816b?ixid=MnwxMzcxOTN8MHwxfHNlYXJjaHw3fHxiYWxjb255JTIwZGlubmVyfGVufDB8fHx8MTY1OTY1MTQ2Mw&amp;ixlib=rb-1.2.1&amp;fm=jpg&amp;w=720&amp;h=900&amp;fit=max 720w,https:\/\/images.unsplash.com\/photo-1627662235844-6f5d8f54816b?ixid=MnwxMzcxOTN8MHwxfHNlYXJjaHw3fHxiYWxjb255JTIwZGlubmVyfGVufDB8fHx8MTY1OTY1MTQ2Mw&amp;ixlib=rb-1.2.1&amp;fm=jpg&amp;w=340&amp;h=425&amp;fit=max 340w\" sizes=\"(min-width: 1024px) 64vh, 142vw\" disable-inline-width=\"true\"><\/amp-img><\/div>\n<\/div>\n<\/div>\n<\/div>\n<\/div>\n<\/div>\n<p><\/amp-story-grid-layer><amp-story-grid-layer template=\"vertical\" aspect-ratio=\"412:618\" class=\"grid-layer\"><\/p>\n<div class=\"page-fullbleed-area\">\n<div class=\"page-safe-area\">\n<div style=\"position:absolute;pointer-events:none;left:11.40777%;top:70.38835%;width:76.94175%;height:29.12621%;opacity:1\">\n<div style=\"pointer-events:initial;width:100%;height:100%;display:block;position:absolute;top:0;left:0;z-index:0;background-clip:content-box;background-color:#f8f9f5\" id=\"el-8a5ac21a-eaea-402d-bfb7-307ed819b3ef\">\n<h3 class=\"fill text-wrapper\" style=\"white-space:pre-line;overflow-wrap:break-word;word-break:break-word;margin:1.182965299684542% 0;font-family:&quot;Poppins&quot;,sans-serif;font-size:0.404531em;line-height:1.1;text-align:initial;padding:1.2618296529968454% 2.5236593059936907%;color:#000000\"><span><span style=\"font-weight: 600\">Para quem gosta de reunir os amigos e a fam\u00edlia, morar em um apartamento com varanda gourmet \u00e9 bem importante.&nbsp;<\/span><\/span><\/h3>\n<\/div>\n<\/div>\n<\/div>\n<\/div>\n<p><\/amp-story-grid-layer><\/amp-story-page><amp-story-page id=\"54254d61-2689-4e45-affb-212f4e7a768a\" auto-advance-after=\"7s\"><amp-story-grid-layer template=\"vertical\" aspect-ratio=\"412:618\" class=\"grid-layer\"><\/p>\n<div class=\"page-fullbleed-area\" style=\"background-color:#07358f\">\n<div class=\"page-safe-area\">\n<div style=\"position:absolute;pointer-events:none;left:0;top:-9.25926%;width:100%;height:118.51852%;opacity:1\">\n<div style=\"pointer-events:initial;width:100%;height:100%;display:block;position:absolute;top:0;left:0;z-index:0\" class=\"mask\" id=\"el-7ca301c7-d80e-4caf-9357-4663b4c8a6e9\">\n<div class=\"fill\" style=\"will-change:transform\"><\/div>\n<\/div>\n<\/div>\n<\/div>\n<\/div>\n<p><\/amp-story-grid-layer><amp-story-grid-layer template=\"vertical\" aspect-ratio=\"412:618\" class=\"grid-layer\"><\/p>\n<div class=\"page-fullbleed-area\">\n<div class=\"page-safe-area\">\n<div style=\"position:absolute;pointer-events:none;left:11.16505%;top:0;width:77.18447%;height:50%;opacity:1\">\n<div style=\"pointer-events:initial;width:100%;height:100%;display:block;position:absolute;top:0;left:0;z-index:0\" class=\"mask\" id=\"el-3f6d55a5-7b3f-4f06-97f5-58a4cc6715d3\">\n<div style=\"position:absolute;width:100%;height:137.16324%;left:0%;top:-37.10685%\" data-leaf-element=\"true\"><amp-img layout=\"fill\" src=\"https:\/\/www.quintoandar.com.br\/guias\/wp-content\/uploads\/2021\/09\/cropped-area-gourmet-com-area-de-lazer.jpg\" alt=\"Foto que ilustra stories com apartamentos com varanda gourmet para alugar em Curitiba mostra uma varanda com uma bancada e 4 banquetas. H\u00e1 tamb\u00e9m uma churrasqueira e pia ao fundo.\" srcSet=\"https:\/\/www.quintoandar.com.br\/guias\/wp-content\/uploads\/2021\/09\/cropped-area-gourmet-com-area-de-lazer-640x853.jpg 640w,https:\/\/www.quintoandar.com.br\/guias\/wp-content\/uploads\/2021\/09\/cropped-area-gourmet-com-area-de-lazer-225x300.jpg 225w,https:\/\/www.quintoandar.com.br\/guias\/wp-content\/uploads\/2021\/09\/cropped-area-gourmet-com-area-de-lazer-150x200.jpg 150w\" sizes=\"(min-width: 1024px) 35vh, 77vw\" disable-inline-width=\"true\"><\/amp-img><\/div>\n<\/div>\n<\/div>\n<div style=\"position:absolute;pointer-events:none;left:11.16505%;top:54.85437%;width:75.97087%;height:12.13592%;opacity:1\">\n<div style=\"pointer-events:initial;width:100%;height:100%;display:block;position:absolute;top:0;left:0;z-index:0\" id=\"el-dbc15db6-96cc-418c-bc50-7396e75190d2\">\n<h2 class=\"fill text-wrapper\" style=\"white-space:pre-line;overflow-wrap:break-word;word-break:break-word;margin:1.4376996805111821% 0;font-family:&quot;Poppins&quot;,sans-serif;font-size:0.485437em;line-height:1.1;text-align:initial;padding:0;color:#000000\"><span><span style=\"font-weight: 600; color: #f8f9f5\">Quer se mudar para um im\u00f3vel assim?<\/span><\/span><\/h2>\n<\/div>\n<\/div>\n<div style=\"position:absolute;pointer-events:none;left:12.13592%;top:76.05178%;width:75%;height:13.59223%;opacity:1\">\n<div style=\"pointer-events:initial;width:100%;height:100%;display:block;position:absolute;top:0;left:0;z-index:0;border-radius:0.6472491909385114% 0.6472491909385114% 0.6472491909385114% 0.6472491909385114% \/ 2.380952380952381% 2.380952380952381% 2.380952380952381% 2.380952380952381%\" id=\"el-daf6a3f6-b917-41b2-8c64-2a4711df86db\">\n<h3 class=\"fill text-wrapper\" style=\"white-space:pre-line;overflow-wrap:break-word;word-break:break-word;margin:0.7119741100323622% 0;font-family:&quot;Poppins&quot;,sans-serif;font-size:0.355987em;line-height:1.2;text-align:initial;padding:0;color:#000000\"><span><span style=\"color: #f8f9f5\">Conhe\u00e7a os apartamentos com varanda gourmet para alugar em Curitiba!<\/span><\/span><\/h3>\n<\/div>\n<\/div>\n<\/div>\n<\/div>\n<p><\/amp-story-grid-layer><\/amp-story-page><amp-story-page id=\"b35f1494-44d9-49e2-b3ce-a1ed351ec552\" auto-advance-after=\"7s\"><amp-story-animation layout=\"nodisplay\" trigger=\"visibility\"><script type=\"application\/json\">[{\"selector\":\"#anim-093e3e03-8694-464d-abc4-9f309c3a111f [data-leaf-element=\\\"true\\\"]\",\"keyframes\":{\"transform\":[\"translate3d(23.07207647169171%, 0, 0)\",\"translate3d(0%, 0, 0)\"]},\"delay\":0,\"duration\":2000,\"easing\":\"cubic-bezier(.3,0,.55,1)\",\"fill\":\"both\"}]<\/script><\/amp-story-animation><amp-story-grid-layer template=\"vertical\" aspect-ratio=\"412:618\" class=\"grid-layer\"><\/p>\n<div class=\"page-fullbleed-area\" style=\"background-color:#988778\">\n<div class=\"page-safe-area\">\n<div style=\"position:absolute;pointer-events:none;left:0;top:-9.25926%;width:100%;height:118.51852%;opacity:1\">\n<div id=\"anim-093e3e03-8694-464d-abc4-9f309c3a111f\" class=\"animation-wrapper\" style=\"width:100%;height:100%;display:block;position:absolute;top:0;left:0\">\n<div style=\"pointer-events:initial;width:100%;height:100%;display:block;position:absolute;top:0;left:0;z-index:0\" class=\"mask\" id=\"el-5212a06a-58be-477e-a877-af7b03fff868\">\n<div style=\"position:absolute;width:266.66667%;height:100%;left:-61.52554%;top:0%\" data-leaf-element=\"true\"><amp-img layout=\"fill\" src=\"https:\/\/www.quintoandar.com.br\/guias\/wp-content\/uploads\/2022\/08\/curitiba01.webp\" alt=\"Foto que ilustra stories com apartamentos com varanda gourmet para alugar em Curitiba mostra uma varanda com pia, churrasqueira, uma mesa retr\u00e1til e dois bancos de madeira.\" srcSet=\"https:\/\/www.quintoandar.com.br\/guias\/wp-content\/uploads\/2022\/08\/curitiba01.webp 1152w,https:\/\/www.quintoandar.com.br\/guias\/wp-content\/uploads\/2022\/08\/curitiba01-1024x683.webp 1024w,https:\/\/www.quintoandar.com.br\/guias\/wp-content\/uploads\/2022\/08\/curitiba01-768x512.webp 768w,https:\/\/www.quintoandar.com.br\/guias\/wp-content\/uploads\/2022\/08\/curitiba01-300x200.webp 300w,https:\/\/www.quintoandar.com.br\/guias\/wp-content\/uploads\/2022\/08\/curitiba01-150x100.webp 150w\" sizes=\"(min-width: 1024px) 120vh, 267vw\" disable-inline-width=\"true\"><\/amp-img><\/div>\n<\/div>\n<\/div>\n<\/div>\n<\/div>\n<\/div>\n<p><\/amp-story-grid-layer><amp-story-grid-layer template=\"vertical\" aspect-ratio=\"412:618\" class=\"grid-layer\"><\/p>\n<div class=\"page-fullbleed-area\">\n<div class=\"page-safe-area\"><\/div>\n<\/div>\n<p><\/amp-story-grid-layer><amp-story-page-outlink layout=\"nodisplay\" cta-image=\"https:\/\/www.quintoandar.com.br\/guias\/img\/med\/893709192-501.69897087620205IMG5342HDR.jpg\"><a href=\"https:\/\/www.quintoandar.com.br\/imovel\/893709192\/\" rel=\"\">Ver im\u00f3vel<\/a><\/amp-story-page-outlink><\/amp-story-page><amp-story-page id=\"87d8c339-e663-402c-b7cc-0192700338d8\" auto-advance-after=\"7s\"><amp-story-animation layout=\"nodisplay\" trigger=\"visibility\"><script type=\"application\/json\">[{\"selector\":\"#anim-a737801f-f603-4a70-8966-b97ce6445fc3 [data-leaf-element=\\\"true\\\"]\",\"keyframes\":{\"transform\":[\"translate3d(-61.71874988622573%, 0, 0)\",\"translate3d(0%, 0, 0)\"]},\"delay\":0,\"duration\":2000,\"easing\":\"cubic-bezier(.3,0,.55,1)\",\"fill\":\"both\"}]<\/script><\/amp-story-animation><amp-story-grid-layer template=\"vertical\" aspect-ratio=\"412:618\" class=\"grid-layer\"><\/p>\n<div class=\"page-fullbleed-area\" style=\"background-color:#afa9a4\">\n<div class=\"page-safe-area\">\n<div style=\"position:absolute;pointer-events:none;left:0;top:-9.25926%;width:100%;height:118.51852%;opacity:1\">\n<div id=\"anim-a737801f-f603-4a70-8966-b97ce6445fc3\" class=\"animation-wrapper\" style=\"width:100%;height:100%;display:block;position:absolute;top:0;left:0\">\n<div style=\"pointer-events:initial;width:100%;height:100%;display:block;position:absolute;top:0;left:0;z-index:0\" class=\"mask\" id=\"el-1f7fc50d-55c2-4445-b0f3-d0cb5b3e458c\">\n<div style=\"position:absolute;width:266.66667%;height:100%;left:-2.08333%;top:0%\" data-leaf-element=\"true\"><amp-img layout=\"fill\" src=\"https:\/\/www.quintoandar.com.br\/guias\/wp-content\/uploads\/2022\/08\/curitiba02.webp\" alt=\"Foto que ilustra stories com apartamentos com varanda gourmet para alugar em Curitiba mostra uma varanda com uma mesa com quatro cadeiras, uma churrasqueira e uma pia.\" srcSet=\"https:\/\/www.quintoandar.com.br\/guias\/wp-content\/uploads\/2022\/08\/curitiba02.webp 1152w,https:\/\/www.quintoandar.com.br\/guias\/wp-content\/uploads\/2022\/08\/curitiba02-1024x683.webp 1024w,https:\/\/www.quintoandar.com.br\/guias\/wp-content\/uploads\/2022\/08\/curitiba02-768x512.webp 768w,https:\/\/www.quintoandar.com.br\/guias\/wp-content\/uploads\/2022\/08\/curitiba02-300x200.webp 300w,https:\/\/www.quintoandar.com.br\/guias\/wp-content\/uploads\/2022\/08\/curitiba02-150x100.webp 150w\" sizes=\"(min-width: 1024px) 120vh, 267vw\" disable-inline-width=\"true\"><\/amp-img><\/div>\n<\/div>\n<\/div>\n<\/div>\n<\/div>\n<\/div>\n<p><\/amp-story-grid-layer><amp-story-grid-layer template=\"vertical\" aspect-ratio=\"412:618\" class=\"grid-layer\"><\/p>\n<div class=\"page-fullbleed-area\">\n<div class=\"page-safe-area\"><\/div>\n<\/div>\n<p><\/amp-story-grid-layer><amp-story-page-outlink layout=\"nodisplay\" cta-image=\"https:\/\/www.quintoandar.com.br\/guias\/img\/med\/893653983-689.4753798865668IMG5024.jpg\"><a href=\"https:\/\/www.quintoandar.com.br\/imovel\/893653983\/\" rel=\"\">Ver im\u00f3vel<\/a><\/amp-story-page-outlink><\/amp-story-page><amp-story-page id=\"43e08eef-62eb-4f6f-b548-38aa926fe534\" auto-advance-after=\"7s\"><amp-story-animation layout=\"nodisplay\" trigger=\"visibility\"><script type=\"application\/json\">[{\"selector\":\"#anim-6b18ae0e-bedc-4077-b415-f096e713d357 [data-leaf-element=\\\"true\\\"]\",\"keyframes\":{\"transform\":[\"translate3d(-42.70833321955906%, 0, 0)\",\"translate3d(0%, 0, 0)\"]},\"delay\":0,\"duration\":2000,\"easing\":\"cubic-bezier(.3,0,.55,1)\",\"fill\":\"both\"}]<\/script><\/amp-story-animation><amp-story-grid-layer template=\"vertical\" aspect-ratio=\"412:618\" class=\"grid-layer\"><\/p>\n<div class=\"page-fullbleed-area\" style=\"background-color:#5c4e41\">\n<div class=\"page-safe-area\">\n<div style=\"position:absolute;pointer-events:none;left:0;top:-9.25926%;width:100%;height:118.51852%;opacity:1\">\n<div id=\"anim-6b18ae0e-bedc-4077-b415-f096e713d357\" class=\"animation-wrapper\" style=\"width:100%;height:100%;display:block;position:absolute;top:0;left:0\">\n<div style=\"pointer-events:initial;width:100%;height:100%;display:block;position:absolute;top:0;left:0;z-index:0\" class=\"mask\" id=\"el-0f77d723-2cd7-4064-89aa-c3174d14f50c\">\n<div style=\"position:absolute;width:266.66667%;height:100%;left:-52.77778%;top:0%\" data-leaf-element=\"true\"><amp-img layout=\"fill\" src=\"https:\/\/www.quintoandar.com.br\/guias\/wp-content\/uploads\/2022\/08\/curitiba03.webp\" alt=\"Foto que ilustra stories com apartamentos com varanda gourmet para alugar em Curitiba mostra uma varanda com pia, um barril sendo usado como aparador e uma banqueta.\" srcSet=\"https:\/\/www.quintoandar.com.br\/guias\/wp-content\/uploads\/2022\/08\/curitiba03.webp 1152w,https:\/\/www.quintoandar.com.br\/guias\/wp-content\/uploads\/2022\/08\/curitiba03-1024x683.webp 1024w,https:\/\/www.quintoandar.com.br\/guias\/wp-content\/uploads\/2022\/08\/curitiba03-768x512.webp 768w,https:\/\/www.quintoandar.com.br\/guias\/wp-content\/uploads\/2022\/08\/curitiba03-300x200.webp 300w,https:\/\/www.quintoandar.com.br\/guias\/wp-content\/uploads\/2022\/08\/curitiba03-150x100.webp 150w\" sizes=\"(min-width: 1024px) 120vh, 267vw\" disable-inline-width=\"true\"><\/amp-img><\/div>\n<\/div>\n<\/div>\n<\/div>\n<\/div>\n<\/div>\n<p><\/amp-story-grid-layer><amp-story-grid-layer template=\"vertical\" aspect-ratio=\"412:618\" class=\"grid-layer\"><\/p>\n<div class=\"page-fullbleed-area\">\n<div class=\"page-safe-area\"><\/div>\n<\/div>\n<p><\/amp-story-grid-layer><amp-story-page-outlink layout=\"nodisplay\" cta-image=\"https:\/\/www.quintoandar.com.br\/guias\/img\/med\/893670152-333.64559891434544011.jpg\"><a href=\"https:\/\/www.quintoandar.com.br\/imovel\/893670152\/\" rel=\"\">Ver im\u00f3vel<\/a><\/amp-story-page-outlink><\/amp-story-page><amp-story-page id=\"c4fe8d6f-748d-41b2-b2c6-265890fe3142\" auto-advance-after=\"7s\"><amp-story-grid-layer template=\"vertical\" aspect-ratio=\"412:618\" class=\"grid-layer\"><\/p>\n<div class=\"page-fullbleed-area\" style=\"background-color:#07358f\">\n<div class=\"page-safe-area\">\n<div style=\"position:absolute;pointer-events:none;left:0;top:-9.25926%;width:100%;height:118.51852%;opacity:1\">\n<div style=\"pointer-events:initial;width:100%;height:100%;display:block;position:absolute;top:0;left:0;z-index:0\" class=\"mask\" id=\"el-af199d5f-4168-4498-9e87-37d28b071b80\">\n<div class=\"fill\" style=\"will-change:transform\"><\/div>\n<\/div>\n<\/div>\n<\/div>\n<\/div>\n<p><\/amp-story-grid-layer><amp-story-grid-layer template=\"vertical\" aspect-ratio=\"412:618\" class=\"grid-layer\"><\/p>\n<div class=\"page-fullbleed-area\">\n<div class=\"page-safe-area\">\n<div style=\"position:absolute;pointer-events:none;left:16.26214%;top:40.12945%;width:67.23301%;height:46.60194%;opacity:1\">\n<div style=\"pointer-events:initial;width:100%;height:100%;display:block;position:absolute;top:0;left:0;z-index:0;border-radius:0.7220216606498195% 0.7220216606498195% 0.7220216606498195% 0.7220216606498195% \/ 0.6944444444444444% 0.6944444444444444% 0.6944444444444444% 0.6944444444444444%\" id=\"el-ddc84d3f-e9b9-4012-84bc-ce79d78a46f7\">\n<h1 class=\"fill text-wrapper\" style=\"white-space:pre-line;overflow-wrap:break-word;word-break:break-word;margin:1.9494584837545121% 0;font-family:&quot;Poppins&quot;,sans-serif;font-size:0.582524em;line-height:1.1;text-align:left;padding:0;color:#000000\"><span><span style=\"font-weight: 600; color: #f8f9f5\">Se interessou?<\/span><\/p>\n<p><span style=\"font-weight: 600; color: #f8f9f5\">Confira mais apartamentos com varanda para alugar em Curitiba!<\/span><\/span><\/h1>\n<\/div>\n<\/div>\n<div style=\"position:absolute;pointer-events:none;left:-7.03883%;top:-9.38511%;width:119.17476%;height:44.66019%;opacity:1\">\n<div style=\"pointer-events:initial;width:100%;height:100%;display:block;position:absolute;top:0;left:0;z-index:0\" class=\"mask\" id=\"el-8871f065-b99f-4882-9af3-4e4a2aa6ac0d\">\n<div style=\"position:absolute;width:100.00155%;height:100%;left:-0.00077%;top:0%\" data-leaf-element=\"true\"><amp-img layout=\"fill\" src=\"https:\/\/www.quintoandar.com.br\/guias\/wp-content\/uploads\/2022\/04\/BBQ_Color-1-3-scaled.jpg\" alt=\"Ilustra\u00e7\u00e3o do stories com apartamentos com varanda gourmet para alugar em Curitiba mostra uma varanda com 5 pessoas. 3 delas est\u00e3o comendo em uma mesa e outras 2 est\u00e3o de p\u00e9 conversando. H\u00e1 tamb\u00e9m um cachorro e plantas.\" srcSet=\"https:\/\/www.quintoandar.com.br\/guias\/wp-content\/uploads\/2022\/04\/BBQ_Color-1-3-scaled.jpg 2560w,https:\/\/www.quintoandar.com.br\/guias\/wp-content\/uploads\/2022\/04\/BBQ_Color-1-3-2048x1151.jpg 2048w,https:\/\/www.quintoandar.com.br\/guias\/wp-content\/uploads\/2022\/04\/BBQ_Color-1-3-1536x864.jpg 1536w,https:\/\/www.quintoandar.com.br\/guias\/wp-content\/uploads\/2022\/04\/BBQ_Color-1-3-1024x576.jpg 1024w,https:\/\/www.quintoandar.com.br\/guias\/wp-content\/uploads\/2022\/04\/BBQ_Color-1-3-768x432.jpg 768w,https:\/\/www.quintoandar.com.br\/guias\/wp-content\/uploads\/2022\/04\/BBQ_Color-1-3-300x169.jpg 300w,https:\/\/www.quintoandar.com.br\/guias\/wp-content\/uploads\/2022\/04\/BBQ_Color-1-3-150x84.jpg 150w\" sizes=\"(min-width: 1024px) 54vh, 119vw\" disable-inline-width=\"true\"><\/amp-img><\/div>\n<\/div>\n<\/div>\n<\/div>\n<\/div>\n<p><\/amp-story-grid-layer><amp-story-page-outlink layout=\"nodisplay\" cta-image=\"https:\/\/cozy-assets.quintoandar.com.br\/guias\/cozy-static\/v2\/latest\/default\/images\/open-graph.jpg\"><a href=\"https:\/\/www.quintoandar.com.br\/alugar\/imovel\/curitiba-pr-brasil\/apartamento\/varanda\/\" rel=\"\">Confira<\/a><\/amp-story-page-outlink><\/amp-story-page><\/amp-story><\/body><\/html><\/p>\n<style class=\"advgb-styles-renderer\">body{-webkit-animation:-amp-start 8s steps(1,end) 0s 1 normal both;-moz-animation:-amp-start 8s steps(1,end) 0s 1 normal both;-ms-animation:-amp-start 8s steps(1,end) 0s 1 normal both;animation:-amp-start 8s steps(1,end) 0s 1 normal both}@-webkit-keyframes -amp-start{from{visibility:hidden}to{visibility:visible}}@-moz-keyframes -amp-start{from{visibility:hidden}to{visibility:visible}}@-ms-keyframes -amp-start{from{visibility:hidden}to{visibility:visible}}@-o-keyframes -amp-start{from{visibility:hidden}to{visibility:visible}}@keyframes -amp-start{from{visibility:hidden}to{visibility:visible}}body{-webkit-animation:none;-moz-animation:none;-ms-animation:none;animation:none}\n              h1, h2, h3 { font-weight: normal; }<\/p>\n<p>              amp-story-page {\n                background-color: #131516;\n              }<\/p>\n<p>              amp-story-grid-layer {\n                overflow: visible;\n              }<\/p>\n<p>              @media (max-aspect-ratio: 9 \/ 16)  {\n                @media (min-aspect-ratio: 320 \/ 678) {\n                  amp-story-grid-layer.grid-layer {\n                    margin-top: calc((100% \/ 0.5625 - 100% \/ 0.6666666666666666) \/ 2);\n                  }\n                }\n              }<\/p>\n<p>              @media not all and (min-resolution:.001dpcm) {\n                @media {\n                  p.text-wrapper > span {\n                    font-size: calc(100% - 0.5px);\n                  }\n                }\n              }<\/p>\n<p>              .page-fullbleed-area,\n              .page-background-overlay-area {\n                position: absolute;\n                overflow: hidden;\n                width: 100%;\n                left: 0;\n                height: calc(1.1851851851851851 * 100%);\n                top: calc((1 - 1.1851851851851851) * 100% \/ 2);\n              }<\/p>\n<p>              .element-overlay-area {\n                position: absolute;\n                width: 100%;\n                height: 100%;\n                top: 0;\n                left: 0;\n              }<\/p>\n<p>              .page-safe-area {\n                overflow: visible;\n                position: absolute;\n                top: 0;\n                bottom: 0;\n                left: 0;\n                right: 0;\n                width: 100%;\n                height: calc(0.84375 * 100%);\n                margin: auto 0;\n              }<\/p>\n<p>              .mask {\n                position: absolute;\n                overflow: hidden;\n              }<\/p>\n<p>              .fill {\n                position: absolute;\n                top: 0;\n                left: 0;\n                right: 0;\n                bottom: 0;\n                margin: 0;\n              }<\/p>\n<p>              @media (prefers-reduced-motion: no-preference) {\n                .animation-wrapper {\n                  opacity: var(--initial-opacity);\n                  transform: var(--initial-transform);\n                }\n              }<\/p>\n<p>              amp-story-grid-layer.align-bottom {\n                align-content: end;\n                padding: 0;\n              }<\/p>\n<p>              .captions-area {\n                padding: 0 32px 0;\n              }<\/p>\n<p>              amp-story-captions {\n                margin-bottom: 16px;\n                text-align: center;\n              }<\/p>\n<p>              amp-story-captions span {\n                display: inline-block;\n                margin: 0;\n                padding: 6px 12px;\n                vertical-align: middle;\n                border-radius: 15px;\n                background: rgba(11, 11, 11, 0.6);\n                color: rgba(255, 255, 255, 1);\n                font-family: -apple-system, BlinkMacSystemFont, \"Segoe UI\", Roboto, Oxygen-Sans, Ubuntu, Cantarell, \"Helvetica Neue\", sans-serif;;\n                font-size: calc(4 * var(--story-page-vw));\n                line-height: 1.4;\n                word-break: break-word;\n                word-wrap: break-word;\n                overflow-wrap: break-word;\n              }\n              <\/style>\n<div style='text-align:left' class='yasr-auto-insert-visitor'><\/div>","protected":false},"excerpt":{"rendered":"<p>Para quem gosta de reunir a turma, morar em um apartamento com varanda gourmet \u00e9 fundamental. Conhe\u00e7a as oportunidades em Curitiba!<\/p>\n","protected":false},"author":45,"featured_media":446917,"template":"","meta":{"_acf_changed":false,"resume_ai_summary":"","resume_ai_faq":[],"resume_ai_related_posts":[],"resume_ai_schema_generator_schema":"","resume_ai_schema_generator_approved":0,"advgb_blocks_editor_width":"","advgb_blocks_columns_visual_guide":"","yasr_overall_rating":0,"yasr_post_is_review":"","yasr_auto_insert_disabled":"","yasr_review_type":"","web_stories_publisher_logo":428798,"web_stories_poster":[],"web_stories_products":[],"footnotes":""},"web_story_category":[],"web_story_tag":[],"class_list":["post-446912","web-story","type-web-story","status-publish","has-post-thumbnail","hentry"],"yoast_head":"<!-- This site is optimized with the Yoast SEO Premium plugin v26.9 (Yoast SEO v27.3) - https:\/\/yoast.com\/product\/yoast-seo-premium-wordpress\/ -->\n<title>Apartamentos com varanda gourmet: conhe\u00e7a oportunidades em Curitiba - QuintoAndar Guias<\/title>\n<meta name=\"description\" content=\"Para quem gosta de reunir a turma, morar em um apartamento com varanda gourmet \u00e9 fundamental. Conhe\u00e7a as oportunidades em Curitiba!\" \/>\n<meta name=\"robots\" content=\"index, follow, max-snippet:-1, max-image-preview:large, max-video-preview:-1\" \/>\n<link rel=\"canonical\" href=\"https:\/\/www.quintoandar.com.br\/guias\/web-stories\/apartamento-varanda-gourmet-curitiba\/\" \/>\n<meta property=\"og:locale\" content=\"pt_BR\" \/>\n<meta property=\"og:type\" content=\"article\" \/>\n<meta property=\"og:title\" content=\"Apartamentos com varanda gourmet: conhe\u00e7a oportunidades em Curitiba\" \/>\n<meta property=\"og:description\" content=\"Para quem gosta de reunir a turma, morar em um apartamento com varanda gourmet \u00e9 fundamental. Conhe\u00e7a as oportunidades em Curitiba!\" \/>\n<meta property=\"og:url\" content=\"https:\/\/www.quintoandar.com.br\/guias\/web-stories\/apartamento-varanda-gourmet-curitiba\/\" \/>\n<meta property=\"og:site_name\" content=\"QuintoAndar Guias\" \/>\n<meta property=\"article:publisher\" content=\"https:\/\/www.facebook.com\/quintoandar.com.br\/\" \/>\n<meta property=\"article:modified_time\" content=\"2023-04-24T18:13:53+00:00\" \/>\n<meta property=\"og:image\" content=\"https:\/\/www.quintoandar.com.br\/guias\/wp-content\/uploads\/2021\/09\/cropped-area-gourmet-com-area-de-lazer.jpg\" \/>\n\t<meta property=\"og:image:width\" content=\"640\" \/>\n\t<meta property=\"og:image:height\" content=\"853\" \/>\n\t<meta property=\"og:image:type\" content=\"image\/jpeg\" \/>\n<meta name=\"twitter:card\" content=\"summary_large_image\" \/>\n<script type=\"application\/ld+json\" class=\"yoast-schema-graph\">{\"@context\":\"https:\\\/\\\/schema.org\",\"@graph\":[{\"@type\":\"Article\",\"@id\":\"https:\\\/\\\/www.quintoandar.com.br\\\/guias\\\/web-stories\\\/apartamento-varanda-gourmet-curitiba\\\/#article\",\"isPartOf\":{\"@id\":\"https:\\\/\\\/www.quintoandar.com.br\\\/guias\\\/web-stories\\\/apartamento-varanda-gourmet-curitiba\\\/\"},\"author\":{\"name\":\"Samantha Silva\",\"@id\":\"https:\\\/\\\/www.quintoandar.com.br\\\/guias\\\/#\\\/schema\\\/person\\\/f24d12d0fe0de5638ce540ae5e992867\"},\"headline\":\"Apartamentos com varanda gourmet: conhe\u00e7a oportunidades em Curitiba\",\"datePublished\":\"2022-08-05T14:04:00+00:00\",\"dateModified\":\"2023-04-24T18:13:53+00:00\",\"mainEntityOfPage\":{\"@id\":\"https:\\\/\\\/www.quintoandar.com.br\\\/guias\\\/web-stories\\\/apartamento-varanda-gourmet-curitiba\\\/\"},\"wordCount\":93,\"image\":{\"@id\":\"https:\\\/\\\/www.quintoandar.com.br\\\/guias\\\/web-stories\\\/apartamento-varanda-gourmet-curitiba\\\/#primaryimage\"},\"thumbnailUrl\":\"https:\\\/\\\/www.quintoandar.com.br\\\/guias\\\/wp-content\\\/uploads\\\/2021\\\/09\\\/cropped-area-gourmet-com-area-de-lazer.jpg\",\"inLanguage\":\"pt-BR\"},{\"@type\":\"WebPage\",\"@id\":\"https:\\\/\\\/www.quintoandar.com.br\\\/guias\\\/web-stories\\\/apartamento-varanda-gourmet-curitiba\\\/\",\"url\":\"https:\\\/\\\/www.quintoandar.com.br\\\/guias\\\/web-stories\\\/apartamento-varanda-gourmet-curitiba\\\/\",\"name\":\"Apartamentos com varanda gourmet: conhe\u00e7a oportunidades em Curitiba - QuintoAndar Guias\",\"isPartOf\":{\"@id\":\"https:\\\/\\\/www.quintoandar.com.br\\\/guias\\\/#website\"},\"primaryImageOfPage\":{\"@id\":\"https:\\\/\\\/www.quintoandar.com.br\\\/guias\\\/web-stories\\\/apartamento-varanda-gourmet-curitiba\\\/#primaryimage\"},\"image\":{\"@id\":\"https:\\\/\\\/www.quintoandar.com.br\\\/guias\\\/web-stories\\\/apartamento-varanda-gourmet-curitiba\\\/#primaryimage\"},\"thumbnailUrl\":\"https:\\\/\\\/www.quintoandar.com.br\\\/guias\\\/wp-content\\\/uploads\\\/2021\\\/09\\\/cropped-area-gourmet-com-area-de-lazer.jpg\",\"datePublished\":\"2022-08-05T14:04:00+00:00\",\"dateModified\":\"2023-04-24T18:13:53+00:00\",\"breadcrumb\":{\"@id\":\"https:\\\/\\\/www.quintoandar.com.br\\\/guias\\\/web-stories\\\/apartamento-varanda-gourmet-curitiba\\\/#breadcrumb\"},\"inLanguage\":\"pt-BR\",\"potentialAction\":[{\"@type\":\"ReadAction\",\"target\":[\"https:\\\/\\\/www.quintoandar.com.br\\\/guias\\\/web-stories\\\/apartamento-varanda-gourmet-curitiba\\\/\"]}]},{\"@type\":\"ImageObject\",\"inLanguage\":\"pt-BR\",\"@id\":\"https:\\\/\\\/www.quintoandar.com.br\\\/guias\\\/web-stories\\\/apartamento-varanda-gourmet-curitiba\\\/#primaryimage\",\"url\":\"https:\\\/\\\/www.quintoandar.com.br\\\/guias\\\/wp-content\\\/uploads\\\/2021\\\/09\\\/cropped-area-gourmet-com-area-de-lazer.jpg\",\"contentUrl\":\"https:\\\/\\\/www.quintoandar.com.br\\\/guias\\\/wp-content\\\/uploads\\\/2021\\\/09\\\/cropped-area-gourmet-com-area-de-lazer.jpg\",\"width\":640,\"height\":853,\"caption\":\"Imagem de uma \u00e1rea de lazer combinada com uma \u00e1rea gourmet\"},{\"@type\":\"BreadcrumbList\",\"@id\":\"https:\\\/\\\/www.quintoandar.com.br\\\/guias\\\/web-stories\\\/apartamento-varanda-gourmet-curitiba\\\/#breadcrumb\",\"itemListElement\":[{\"@type\":\"ListItem\",\"position\":1,\"name\":\"Home\",\"item\":\"https:\\\/\\\/www.quintoandar.com.br\\\/guias\\\/\"},{\"@type\":\"ListItem\",\"position\":2,\"name\":\"Story\",\"item\":\"https:\\\/\\\/www.quintoandar.com.br\\\/guias\\\/webstories\\\/\"},{\"@type\":\"ListItem\",\"position\":3,\"name\":\"Apartamentos com varanda gourmet: conhe\u00e7a oportunidades em Curitiba\"}]},{\"@type\":\"WebSite\",\"@id\":\"https:\\\/\\\/www.quintoandar.com.br\\\/guias\\\/#website\",\"url\":\"https:\\\/\\\/www.quintoandar.com.br\\\/guias\\\/\",\"name\":\"QuintoAndar Guias\",\"description\":\"Inspira\u00e7\u00e3o e tudo o que voc\u00ea precisa saber sobre o jeito mais f\u00e1cil de alugar e morar.\",\"potentialAction\":[{\"@type\":\"SearchAction\",\"target\":{\"@type\":\"EntryPoint\",\"urlTemplate\":\"https:\\\/\\\/www.quintoandar.com.br\\\/guias\\\/?s={search_term_string}\"},\"query-input\":{\"@type\":\"PropertyValueSpecification\",\"valueRequired\":true,\"valueName\":\"search_term_string\"}}],\"inLanguage\":\"pt-BR\"},{\"@type\":\"Person\",\"@id\":\"https:\\\/\\\/www.quintoandar.com.br\\\/guias\\\/#\\\/schema\\\/person\\\/f24d12d0fe0de5638ce540ae5e992867\",\"name\":\"Samantha Silva\",\"image\":{\"@type\":\"ImageObject\",\"inLanguage\":\"pt-BR\",\"@id\":\"https:\\\/\\\/secure.gravatar.com\\\/avatar\\\/19caf728ff50fe784eb0610c2f3b2d62a8d8fbfa00158fbb42aae55f817e8e90?s=96&d=mm&r=g\",\"url\":\"https:\\\/\\\/secure.gravatar.com\\\/avatar\\\/19caf728ff50fe784eb0610c2f3b2d62a8d8fbfa00158fbb42aae55f817e8e90?s=96&d=mm&r=g\",\"contentUrl\":\"https:\\\/\\\/secure.gravatar.com\\\/avatar\\\/19caf728ff50fe784eb0610c2f3b2d62a8d8fbfa00158fbb42aae55f817e8e90?s=96&d=mm&r=g\",\"caption\":\"Samantha Silva\"},\"url\":\"https:\\\/\\\/www.quintoandar.com.br\\\/guias\\\/author\\\/samantha-silva\\\/\"},false]}<\/script>\n<!-- \/ Yoast SEO Premium plugin. -->","yoast_head_json":{"title":"Apartamentos com varanda gourmet: conhe\u00e7a oportunidades em Curitiba - QuintoAndar Guias","description":"Para quem gosta de reunir a turma, morar em um apartamento com varanda gourmet \u00e9 fundamental. Conhe\u00e7a as oportunidades em Curitiba!","robots":{"index":"index","follow":"follow","max-snippet":"max-snippet:-1","max-image-preview":"max-image-preview:large","max-video-preview":"max-video-preview:-1"},"canonical":"https:\/\/www.quintoandar.com.br\/guias\/web-stories\/apartamento-varanda-gourmet-curitiba\/","og_locale":"pt_BR","og_type":"article","og_title":"Apartamentos com varanda gourmet: conhe\u00e7a oportunidades em Curitiba","og_description":"Para quem gosta de reunir a turma, morar em um apartamento com varanda gourmet \u00e9 fundamental. Conhe\u00e7a as oportunidades em Curitiba!","og_url":"https:\/\/www.quintoandar.com.br\/guias\/web-stories\/apartamento-varanda-gourmet-curitiba\/","og_site_name":"QuintoAndar Guias","article_publisher":"https:\/\/www.facebook.com\/quintoandar.com.br\/","article_modified_time":"2023-04-24T18:13:53+00:00","og_image":[{"width":640,"height":853,"url":"https:\/\/www.quintoandar.com.br\/guias\/wp-content\/uploads\/2021\/09\/cropped-area-gourmet-com-area-de-lazer.jpg","type":"image\/jpeg"}],"twitter_card":"summary_large_image","schema":{"@context":"https:\/\/schema.org","@graph":[{"@type":"Article","@id":"https:\/\/www.quintoandar.com.br\/guias\/web-stories\/apartamento-varanda-gourmet-curitiba\/#article","isPartOf":{"@id":"https:\/\/www.quintoandar.com.br\/guias\/web-stories\/apartamento-varanda-gourmet-curitiba\/"},"author":{"name":"Samantha Silva","@id":"https:\/\/www.quintoandar.com.br\/guias\/#\/schema\/person\/f24d12d0fe0de5638ce540ae5e992867"},"headline":"Apartamentos com varanda gourmet: conhe\u00e7a oportunidades em Curitiba","datePublished":"2022-08-05T14:04:00+00:00","dateModified":"2023-04-24T18:13:53+00:00","mainEntityOfPage":{"@id":"https:\/\/www.quintoandar.com.br\/guias\/web-stories\/apartamento-varanda-gourmet-curitiba\/"},"wordCount":93,"image":{"@id":"https:\/\/www.quintoandar.com.br\/guias\/web-stories\/apartamento-varanda-gourmet-curitiba\/#primaryimage"},"thumbnailUrl":"https:\/\/www.quintoandar.com.br\/guias\/wp-content\/uploads\/2021\/09\/cropped-area-gourmet-com-area-de-lazer.jpg","inLanguage":"pt-BR"},{"@type":"WebPage","@id":"https:\/\/www.quintoandar.com.br\/guias\/web-stories\/apartamento-varanda-gourmet-curitiba\/","url":"https:\/\/www.quintoandar.com.br\/guias\/web-stories\/apartamento-varanda-gourmet-curitiba\/","name":"Apartamentos com varanda gourmet: conhe\u00e7a oportunidades em Curitiba - QuintoAndar Guias","isPartOf":{"@id":"https:\/\/www.quintoandar.com.br\/guias\/#website"},"primaryImageOfPage":{"@id":"https:\/\/www.quintoandar.com.br\/guias\/web-stories\/apartamento-varanda-gourmet-curitiba\/#primaryimage"},"image":{"@id":"https:\/\/www.quintoandar.com.br\/guias\/web-stories\/apartamento-varanda-gourmet-curitiba\/#primaryimage"},"thumbnailUrl":"https:\/\/www.quintoandar.com.br\/guias\/wp-content\/uploads\/2021\/09\/cropped-area-gourmet-com-area-de-lazer.jpg","datePublished":"2022-08-05T14:04:00+00:00","dateModified":"2023-04-24T18:13:53+00:00","breadcrumb":{"@id":"https:\/\/www.quintoandar.com.br\/guias\/web-stories\/apartamento-varanda-gourmet-curitiba\/#breadcrumb"},"inLanguage":"pt-BR","potentialAction":[{"@type":"ReadAction","target":["https:\/\/www.quintoandar.com.br\/guias\/web-stories\/apartamento-varanda-gourmet-curitiba\/"]}]},{"@type":"ImageObject","inLanguage":"pt-BR","@id":"https:\/\/www.quintoandar.com.br\/guias\/web-stories\/apartamento-varanda-gourmet-curitiba\/#primaryimage","url":"https:\/\/www.quintoandar.com.br\/guias\/wp-content\/uploads\/2021\/09\/cropped-area-gourmet-com-area-de-lazer.jpg","contentUrl":"https:\/\/www.quintoandar.com.br\/guias\/wp-content\/uploads\/2021\/09\/cropped-area-gourmet-com-area-de-lazer.jpg","width":640,"height":853,"caption":"Imagem de uma \u00e1rea de lazer combinada com uma \u00e1rea gourmet"},{"@type":"BreadcrumbList","@id":"https:\/\/www.quintoandar.com.br\/guias\/web-stories\/apartamento-varanda-gourmet-curitiba\/#breadcrumb","itemListElement":[{"@type":"ListItem","position":1,"name":"Home","item":"https:\/\/www.quintoandar.com.br\/guias\/"},{"@type":"ListItem","position":2,"name":"Story","item":"https:\/\/www.quintoandar.com.br\/guias\/webstories\/"},{"@type":"ListItem","position":3,"name":"Apartamentos com varanda gourmet: conhe\u00e7a oportunidades em Curitiba"}]},{"@type":"WebSite","@id":"https:\/\/www.quintoandar.com.br\/guias\/#website","url":"https:\/\/www.quintoandar.com.br\/guias\/","name":"QuintoAndar Guias","description":"Inspira\u00e7\u00e3o e tudo o que voc\u00ea precisa saber sobre o jeito mais f\u00e1cil de alugar e morar.","potentialAction":[{"@type":"SearchAction","target":{"@type":"EntryPoint","urlTemplate":"https:\/\/www.quintoandar.com.br\/guias\/?s={search_term_string}"},"query-input":{"@type":"PropertyValueSpecification","valueRequired":true,"valueName":"search_term_string"}}],"inLanguage":"pt-BR"},{"@type":"Person","@id":"https:\/\/www.quintoandar.com.br\/guias\/#\/schema\/person\/f24d12d0fe0de5638ce540ae5e992867","name":"Samantha Silva","image":{"@type":"ImageObject","inLanguage":"pt-BR","@id":"https:\/\/secure.gravatar.com\/avatar\/19caf728ff50fe784eb0610c2f3b2d62a8d8fbfa00158fbb42aae55f817e8e90?s=96&d=mm&r=g","url":"https:\/\/secure.gravatar.com\/avatar\/19caf728ff50fe784eb0610c2f3b2d62a8d8fbfa00158fbb42aae55f817e8e90?s=96&d=mm&r=g","contentUrl":"https:\/\/secure.gravatar.com\/avatar\/19caf728ff50fe784eb0610c2f3b2d62a8d8fbfa00158fbb42aae55f817e8e90?s=96&d=mm&r=g","caption":"Samantha Silva"},"url":"https:\/\/www.quintoandar.com.br\/guias\/author\/samantha-silva\/"},false]}},"yasr_visitor_votes":{"stars_attributes":{"read_only":false,"span_bottom":false},"number_of_votes":0,"sum_votes":0},"featured_img":"https:\/\/www.quintoandar.com.br\/guias\/wp-content\/uploads\/2021\/09\/cropped-area-gourmet-com-area-de-lazer-530x337.jpg","coauthors":[],"author_meta":{"author_link":"https:\/\/www.quintoandar.com.br\/guias\/author\/samantha-silva\/","display_name":"Samantha Silva"},"relative_dates":{"created":"Publicado 4 anos atr\u00e1s","modified":"Atualizado 3 anos atr\u00e1s"},"absolute_dates":{"created":"Publicado em agosto 5, 2022","modified":"Atualizado em abril 24, 2023"},"absolute_dates_time":{"created":"Publicado em agosto 5, 2022 11:04 am","modified":"Atualizado em abril 24, 2023 3:13 pm"},"featured_img_caption":"","tax_additional":{"web_story_category":{"linked":[],"unlinked":[],"slug":"web_story_category","name":"Categorias"},"web_story_tag":{"linked":[],"unlinked":[],"slug":"web_story_tag","name":"Tags"}},"series_order":"","acf":{"aprovacao_web_stories":"aprovado"},"slug_history":["apartamento-varanda-gourmet-curitiba"],"story_data":{"version":43,"pages":[{"elements":[{"opacity":100,"flip":{"vertical":false,"horizontal":false},"rotationAngle":0,"lockAspectRatio":true,"x":1,"y":1,"width":1,"height":1,"mask":{"type":"rectangle"},"isBackground":true,"isDefaultBackground":true,"id":"9d5c2b2c-8e34-4118-a1bc-f01f76f862b3","type":"shape"},{"opacity":100,"flip":{"vertical":false,"horizontal":false},"rotationAngle":0,"lockAspectRatio":true,"backgroundTextMode":"NONE","font":{"family":"Poppins","fallbacks":["sans-serif"],"weights":[100,200,300,400,500,600,700,800,900],"styles":["italic","regular"],"variants":[[0,100],[1,100],[0,200],[1,200],[0,300],[1,300],[0,400],[1,400],[0,500],[1,500],[0,600],[1,600],[0,700],[1,700],[0,800],[1,800],[0,900],[1,900]],"service":"fonts.google.com","metrics":{"upm":1000,"asc":1050,"des":-350,"tAsc":1050,"tDes":-350,"tLGap":100,"wAsc":1135,"wDes":627,"xH":548,"capH":698,"yMin":-572,"yMax":1065,"hAsc":1050,"hDes":-350,"lGap":100}},"fontSize":30,"backgroundColor":{"color":{"r":196,"g":196,"b":196}},"lineHeight":1.1,"textAlign":"left","padding":{"locked":true,"hasHiddenPadding":false,"horizontal":0,"vertical":0},"type":"text","content":"<span style=\"font-weight: 600; color: #f8f9f5\">Apartamentos com&nbsp;<\/span>\n<span style=\"font-weight: 600; color: #f8f9f5\">varanda gourmet:<\/span>\n<span style=\"font-weight: 600; color: #f8f9f5\">conhe\u00e7a as oportunidades&nbsp;para alugar em Curitiba<\/span>","fontWeight":400,"borderRadius":{"locked":true,"topLeft":2,"topRight":2,"bottomRight":2,"bottomLeft":2},"x":48,"y":102,"width":315,"height":174,"scale":100,"focalX":50,"focalY":50,"basedOn":"22cc00ca-7f57-4da2-9912-935de6bd519a","id":"fc827c36-f94b-40a2-b296-b9255a237e3c"},{"opacity":100,"flip":{"vertical":false,"horizontal":false},"rotationAngle":0,"lockAspectRatio":true,"scale":100,"focalX":50,"focalY":50,"resource":{"baseColor":"#ffffff","type":"image","mimeType":"image\/png","creationDate":"2022-01-17T15:00:10","src":"https:\/\/quintoandar.com.br\/guias\/wp-content\/uploads\/2022\/01\/image-17.png","width":566,"height":88,"id":428567,"alt":"image","sizes":{"medium":{"file":"image-17-300x47.png","width":300,"height":47,"mimeType":"image\/png","sourceUrl":"https:\/\/quintoandar.com.br\/guias\/wp-content\/uploads\/2022\/01\/image-17-300x47.png"},"thumbnail":{"file":"image-17-150x88.png","width":150,"height":88,"mimeType":"image\/png","sourceUrl":"https:\/\/quintoandar.com.br\/guias\/wp-content\/uploads\/2022\/01\/image-17-150x88.png"},"post-thumbnail":{"file":"image-17-350x88.png","width":350,"height":88,"mimeType":"image\/png","sourceUrl":"https:\/\/quintoandar.com.br\/guias\/wp-content\/uploads\/2022\/01\/image-17-350x88.png"},"alm-thumbnail":{"file":"image-17-150x88.png","width":150,"height":88,"mimeType":"image\/png","sourceUrl":"https:\/\/quintoandar.com.br\/guias\/wp-content\/uploads\/2022\/01\/image-17-150x88.png"},"wpvqgr-square-answer":{"file":"image-17-300x88.png","width":300,"height":88,"mimeType":"image\/png","sourceUrl":"https:\/\/quintoandar.com.br\/guias\/wp-content\/uploads\/2022\/01\/image-17-300x88.png"},"web-stories-publisher-logo":{"file":"image-17-96x88.png","width":96,"height":88,"mimeType":"image\/png","sourceUrl":"https:\/\/quintoandar.com.br\/guias\/wp-content\/uploads\/2022\/01\/image-17-96x88.png"},"web-stories-thumbnail":{"file":"image-17-150x23.png","width":150,"height":23,"mimeType":"image\/png","sourceUrl":"https:\/\/quintoandar.com.br\/guias\/wp-content\/uploads\/2022\/01\/image-17-150x23.png"},"full":{"file":"image-17.png","width":566,"height":88,"mimeType":"image\/png","sourceUrl":"https:\/\/quintoandar.com.br\/guias\/wp-content\/uploads\/2022\/01\/image-17.png"}},"isPlaceholder":false,"isOptimized":false,"isMuted":false,"isExternal":false,"needsProxy":false},"type":"image","x":48,"y":0,"width":225,"height":35,"mask":{"type":"rectangle","showInLibrary":true,"name":"Ret\u00e2ngulo","path":"M 0,0 1,0 1,1 0,1 0,0 Z","ratio":1,"supportsBorder":true},"basedOn":"edef32eb-4eea-46fc-b412-cd16f6029f5f","id":"ae3e8289-bb58-4a4d-adca-cef34c1c7094"},{"opacity":100,"flip":{"vertical":false,"horizontal":false},"rotationAngle":0,"lockAspectRatio":true,"backgroundColor":{"color":{"r":103,"g":196,"b":219}},"type":"shape","x":48,"y":304,"width":314,"height":314,"scale":100,"focalX":50,"focalY":50,"mask":{"type":"rectangle"},"basedOn":"ee0795d1-7930-4c6d-9924-605ff66db8fa","id":"b9e8f475-dcaa-40d1-ad2c-587d896e3ee4"},{"opacity":100,"flip":{"vertical":false,"horizontal":false},"rotationAngle":0,"lockAspectRatio":true,"backgroundColor":{"color":{"r":196,"g":196,"b":196}},"type":"image","resource":{"baseColor":"#807366","blurHash":"U7E{FJD4?cIq~AoeIpt6q[xuo}9Z9FR.t4V@","type":"image","mimeType":"image\/jpeg","creationDate":"2022-04-12T22:24:23","src":"https:\/\/quintoandar.com.br\/guias\/wp-content\/uploads\/2022\/04\/decoracao-da-varanda.jpg","width":1200,"height":675,"id":436741,"alt":"varanda de uma casa de praia, com vista para o mar no horizonte, cadeiras ao redor de uma mesa retangular, e um ambiente com lareira mais ao canto","sizes":{"medium":{"file":"decoracao-da-varanda-300x169.jpg","width":300,"height":169,"mimeType":"image\/jpeg","sourceUrl":"https:\/\/quintoandar.com.br\/guias\/wp-content\/uploads\/2022\/04\/decoracao-da-varanda-300x169.jpg"},"large":{"file":"decoracao-da-varanda-1024x576.jpg","width":1024,"height":576,"mimeType":"image\/jpeg","sourceUrl":"https:\/\/quintoandar.com.br\/guias\/wp-content\/uploads\/2022\/04\/decoracao-da-varanda-1024x576.jpg"},"thumbnail":{"file":"decoracao-da-varanda-150x150.jpg","width":150,"height":150,"mimeType":"image\/jpeg","sourceUrl":"https:\/\/quintoandar.com.br\/guias\/wp-content\/uploads\/2022\/04\/decoracao-da-varanda-150x150.jpg"},"medium_large":{"file":"decoracao-da-varanda-768x432.jpg","width":768,"height":432,"mimeType":"image\/jpeg","sourceUrl":"https:\/\/quintoandar.com.br\/guias\/wp-content\/uploads\/2022\/04\/decoracao-da-varanda-768x432.jpg"},"post-thumbnail":{"file":"decoracao-da-varanda-350x219.jpg","width":350,"height":219,"mimeType":"image\/jpeg","sourceUrl":"https:\/\/quintoandar.com.br\/guias\/wp-content\/uploads\/2022\/04\/decoracao-da-varanda-350x219.jpg"},"chamada-destaque":{"file":"decoracao-da-varanda-683x587.jpg","width":683,"height":587,"mimeType":"image\/jpeg","sourceUrl":"https:\/\/quintoandar.com.br\/guias\/wp-content\/uploads\/2022\/04\/decoracao-da-varanda-683x587.jpg"},"single-destaque":{"file":"decoracao-da-varanda-600x480.jpg","width":600,"height":480,"mimeType":"image\/jpeg","sourceUrl":"https:\/\/quintoandar.com.br\/guias\/wp-content\/uploads\/2022\/04\/decoracao-da-varanda-600x480.jpg"},"alm-thumbnail":{"file":"decoracao-da-varanda-150x150.jpg","width":150,"height":150,"mimeType":"image\/jpeg","sourceUrl":"https:\/\/quintoandar.com.br\/guias\/wp-content\/uploads\/2022\/04\/decoracao-da-varanda-150x150.jpg"},"wpvqgr-square-answer":{"file":"decoracao-da-varanda-300x300.jpg","width":300,"height":300,"mimeType":"image\/jpeg","sourceUrl":"https:\/\/quintoandar.com.br\/guias\/wp-content\/uploads\/2022\/04\/decoracao-da-varanda-300x300.jpg"},"web-stories-poster-portrait":{"file":"decoracao-da-varanda-640x675.jpg","width":640,"height":675,"mimeType":"image\/jpeg","sourceUrl":"https:\/\/quintoandar.com.br\/guias\/wp-content\/uploads\/2022\/04\/decoracao-da-varanda-640x675.jpg"},"web-stories-publisher-logo":{"file":"decoracao-da-varanda-96x96.jpg","width":96,"height":96,"mimeType":"image\/jpeg","sourceUrl":"https:\/\/quintoandar.com.br\/guias\/wp-content\/uploads\/2022\/04\/decoracao-da-varanda-96x96.jpg"},"web-stories-thumbnail":{"file":"decoracao-da-varanda-150x84.jpg","width":150,"height":84,"mimeType":"image\/jpeg","sourceUrl":"https:\/\/quintoandar.com.br\/guias\/wp-content\/uploads\/2022\/04\/decoracao-da-varanda-150x84.jpg"},"full":{"file":"decoracao-da-varanda.jpg","width":1200,"height":675,"mimeType":"image\/jpeg","sourceUrl":"https:\/\/quintoandar.com.br\/guias\/wp-content\/uploads\/2022\/04\/decoracao-da-varanda.jpg"}},"isPlaceholder":false,"isOptimized":false,"isMuted":false,"isExternal":false,"needsProxy":false},"x":63,"y":317,"width":286,"height":286,"scale":100,"focalX":50,"focalY":50,"mask":{"type":"rectangle"},"alt":"Foto que ilustra stories com apartamentos com varanda gourmet para alugar em Curitiba mostra uma varanda com churrasqueira, sof\u00e1 e mesa com 4 cadeiras. O ambiente tem tamb\u00e9m muitas plantas.","link":null,"borderRadius":{"topLeft":0,"topRight":0,"bottomRight":0,"bottomLeft":0,"locked":true},"basedOn":"2eadb7ee-ddcd-4d3b-a70c-3ca81c4c59fe","id":"3afed9e1-5499-438d-ad22-729ae359368d"}],"animations":[],"backgroundColor":{"color":{"r":7,"g":53,"b":143}},"type":"page","id":"34295524-4444-4170-adf0-b48f1fe3d643"},{"elements":[{"opacity":100,"flip":{"vertical":false,"horizontal":false},"rotationAngle":0,"lockAspectRatio":true,"x":48,"y":0,"width":330,"height":412,"mask":{"type":"rectangle"},"isBackground":true,"id":"08580422-ced8-4357-aaad-e67c11ef7c50","type":"image","scale":100,"focalX":50,"focalY":50,"alt":"Foto que ilustra stories com apartamentos com varanda gourmet para alugar em Curitiba mostra uma fam\u00edlia formada por m\u00e3e, filha de cerca de 5 anos e pai. Eles est\u00e3o sentados em um banco na varanda comendo a comida japonesa que est\u00e1 servida na mesa em frente a eles.","resource":{"baseColor":"#c0c0c0","blurHash":"LDHBe+IBkW-oLMS}kWR-~p-ps:t7","type":"image","mimeType":"image\/jpeg","creationDate":"2021-07-30T16:24:55Z","src":"https:\/\/images.unsplash.com\/photo-1627662235844-6f5d8f54816b?ixid=MnwxMzcxOTN8MHwxfHNlYXJjaHw3fHxiYWxjb255JTIwZGlubmVyfGVufDB8fHx8MTY1OTY1MTQ2Mw&ixlib=rb-1.2.1&fm=jpg&w=3600&h=4500&fit=max","width":3600,"height":4500,"id":"media\/unsplash:Y9UHNFGBKKg","alt":"man in white polo shirt sitting beside woman in black tank top","sizes":{"full":{"file":"media\/unsplash:Y9UHNFGBKKg","sourceUrl":"https:\/\/images.unsplash.com\/photo-1627662235844-6f5d8f54816b?ixid=MnwxMzcxOTN8MHwxfHNlYXJjaHw3fHxiYWxjb255JTIwZGlubmVyfGVufDB8fHx8MTY1OTY1MTQ2Mw&ixlib=rb-1.2.1&fm=jpg&w=3600&h=4500&fit=max","mimeType":"image\/jpeg","width":3600,"height":4500},"large":{"file":"media\/unsplash:Y9UHNFGBKKg","sourceUrl":"https:\/\/images.unsplash.com\/photo-1627662235844-6f5d8f54816b?ixid=MnwxMzcxOTN8MHwxfHNlYXJjaHw3fHxiYWxjb255JTIwZGlubmVyfGVufDB8fHx8MTY1OTY1MTQ2Mw&ixlib=rb-1.2.1&fm=jpg&w=2880&h=3600&fit=max","mimeType":"image\/jpeg","width":2880,"height":3600},"2160_2700":{"file":"media\/unsplash:Y9UHNFGBKKg","sourceUrl":"https:\/\/images.unsplash.com\/photo-1627662235844-6f5d8f54816b?ixid=MnwxMzcxOTN8MHwxfHNlYXJjaHw3fHxiYWxjb255JTIwZGlubmVyfGVufDB8fHx8MTY1OTY1MTQ2Mw&ixlib=rb-1.2.1&fm=jpg&w=2160&h=2700&fit=max","mimeType":"image\/jpeg","width":2160,"height":2700},"1440_1800":{"file":"media\/unsplash:Y9UHNFGBKKg","sourceUrl":"https:\/\/images.unsplash.com\/photo-1627662235844-6f5d8f54816b?ixid=MnwxMzcxOTN8MHwxfHNlYXJjaHw3fHxiYWxjb255JTIwZGlubmVyfGVufDB8fHx8MTY1OTY1MTQ2Mw&ixlib=rb-1.2.1&fm=jpg&w=1440&h=1800&fit=max","mimeType":"image\/jpeg","width":1440,"height":1800},"720_900":{"file":"media\/unsplash:Y9UHNFGBKKg","sourceUrl":"https:\/\/images.unsplash.com\/photo-1627662235844-6f5d8f54816b?ixid=MnwxMzcxOTN8MHwxfHNlYXJjaHw3fHxiYWxjb255JTIwZGlubmVyfGVufDB8fHx8MTY1OTY1MTQ2Mw&ixlib=rb-1.2.1&fm=jpg&w=720&h=900&fit=max","mimeType":"image\/jpeg","width":720,"height":900},"web_stories_thumbnail":{"file":"media\/unsplash:Y9UHNFGBKKg","sourceUrl":"https:\/\/images.unsplash.com\/photo-1627662235844-6f5d8f54816b?ixid=MnwxMzcxOTN8MHwxfHNlYXJjaHw3fHxiYWxjb255JTIwZGlubmVyfGVufDB8fHx8MTY1OTY1MTQ2Mw&ixlib=rb-1.2.1&fm=jpg&w=340&h=425&fit=max","mimeType":"image\/jpeg","width":340,"height":425}},"attribution":{"author":{"displayName":"Tyson","url":"https:\/\/unsplash.com\/@tysonbrand?"},"registerUsageUrl":"https:\/\/media3p.googleapis.com\/v1\/media:registerUsage?token=ARX97wOkQgysuGtVRvlkASZZE5Vqr5z\/T3zmhjkT2mZq1rggYFvjLdggJHVR75K9cyKI5iADIN\/OPd1jrWfaVmq2NmFvaZnbbvp24WlKeuE2uFI1V\/mLETJWWNQIebm2hjLjvaPXIIN4KmdeyLGePWoPMZ4I\/dYKnfj1uifhXennaPmldh5RI4V\/ItOwFUlvqsgGUQ1ADLDw5ONyB5Pt94i8RaPtNcrlcBIku5KWtJuHraEz\/C3gDm4z4vfVzw%3D%3D"},"isPlaceholder":false,"isOptimized":false,"isMuted":false,"isExternal":true,"needsProxy":false},"tracks":[]},{"opacity":100,"flip":{"vertical":false,"horizontal":false},"rotationAngle":0,"lockAspectRatio":false,"backgroundTextMode":"FILL","font":{"family":"Poppins","fallbacks":["sans-serif"],"weights":[100,200,300,400,500,600,700,800,900],"styles":["italic","regular"],"variants":[[0,100],[1,100],[0,200],[1,200],[0,300],[1,300],[0,400],[1,400],[0,500],[1,500],[0,600],[1,600],[0,700],[1,700],[0,800],[1,800],[0,900],[1,900]],"service":"fonts.google.com","metrics":{"upm":1000,"asc":1050,"des":-350,"tAsc":1050,"tDes":-350,"tLGap":100,"wAsc":1135,"wDes":627,"xH":548,"capH":698,"yMin":-572,"yMax":1065,"hAsc":1050,"hDes":-350,"lGap":100}},"fontSize":25,"backgroundColor":{"color":{"r":248,"g":249,"b":245}},"lineHeight":1.1,"textAlign":"initial","padding":{"locked":true,"hasHiddenPadding":true,"horizontal":8,"vertical":4},"type":"text","content":"<span style=\"font-weight: 600\">Para quem gosta de reunir os amigos e a fam\u00edlia, morar em um apartamento com varanda gourmet \u00e9 bem importante.&nbsp;<\/span>","fontWeight":700,"basedOn":"972eb10b-6e8c-4d8a-9c30-06be9749ddc0","x":47,"y":435,"width":317,"height":180,"scale":100,"focalX":50,"focalY":50,"marginOffset":-11.099999999999994,"id":"8a5ac21a-eaea-402d-bfb7-307ed819b3ef"}],"animations":[{"id":"c5cdee27-b3fb-4487-80e3-0c0fd1650b24","type":"effect-background-pan","panDir":"rightToLeft","duration":2000,"delay":0,"targets":["08580422-ced8-4357-aaad-e67c11ef7c50"]}],"backgroundColor":{"color":{"r":7,"g":53,"b":143}},"type":"page","id":"c7bbdbcc-5395-4b24-a5b5-c439f6594570","defaultBackgroundElement":{"opacity":100,"flip":{"vertical":false,"horizontal":false},"rotationAngle":0,"lockAspectRatio":true,"x":1,"y":1,"width":1,"height":1,"mask":{"type":"rectangle"},"isBackground":true,"isDefaultBackground":true,"id":"7ca301c7-d80e-4caf-9357-4663b4c8a6e9","type":"shape"},"pageAttachment":{"url":"","icon":"https:\/\/quintoandar.com.br\/guias\/wp-content\/uploads\/2021\/10\/praias-de-florianopolis.jpg","needsProxy":false}},{"elements":[{"opacity":100,"flip":{"vertical":false,"horizontal":false},"rotationAngle":0,"lockAspectRatio":true,"x":1,"y":1,"width":1,"height":1,"mask":{"type":"rectangle"},"isBackground":true,"isDefaultBackground":true,"id":"7ca301c7-d80e-4caf-9357-4663b4c8a6e9","type":"shape"},{"opacity":100,"flip":{"vertical":false,"horizontal":false},"rotationAngle":0,"lockAspectRatio":true,"backgroundColor":{"color":{"r":196,"g":196,"b":196}},"type":"image","resource":{"baseColor":"#47311b","blurHash":"","type":"image","mimeType":"image\/jpeg","creationDate":"2022-08-04T22:07:22","src":"https:\/\/quintoandar.com.br\/guias\/wp-content\/uploads\/2021\/09\/cropped-area-gourmet-com-area-de-lazer.jpg","width":640,"height":853,"id":446917,"alt":"Imagem de uma \u00e1rea de lazer combinada com uma \u00e1rea gourmet","sizes":{"medium":{"file":"cropped-area-gourmet-com-area-de-lazer-225x300.jpg","width":225,"height":300,"filesize":"23186","mimeType":"image\/jpeg","sourceUrl":"https:\/\/quintoandar.com.br\/guias\/wp-content\/uploads\/2021\/09\/cropped-area-gourmet-com-area-de-lazer-225x300.jpg"},"thumbnail":{"file":"cropped-area-gourmet-com-area-de-lazer-150x150.jpg","width":150,"height":150,"filesize":"9611","mimeType":"image\/jpeg","sourceUrl":"https:\/\/quintoandar.com.br\/guias\/wp-content\/uploads\/2021\/09\/cropped-area-gourmet-com-area-de-lazer-150x150.jpg"},"post-thumbnail":{"file":"cropped-area-gourmet-com-area-de-lazer-350x219.jpg","width":350,"height":219,"filesize":"27933","mimeType":"image\/jpeg","sourceUrl":"https:\/\/quintoandar.com.br\/guias\/wp-content\/uploads\/2021\/09\/cropped-area-gourmet-com-area-de-lazer-350x219.jpg"},"chamada-destaque":{"file":"cropped-area-gourmet-com-area-de-lazer-640x587.jpg","width":640,"height":587,"filesize":"112961","mimeType":"image\/jpeg","sourceUrl":"https:\/\/quintoandar.com.br\/guias\/wp-content\/uploads\/2021\/09\/cropped-area-gourmet-com-area-de-lazer-640x587.jpg"},"single-destaque":{"file":"cropped-area-gourmet-com-area-de-lazer-600x480.jpg","width":600,"height":480,"filesize":"81875","mimeType":"image\/jpeg","sourceUrl":"https:\/\/quintoandar.com.br\/guias\/wp-content\/uploads\/2021\/09\/cropped-area-gourmet-com-area-de-lazer-600x480.jpg"},"alm-thumbnail":{"file":"cropped-area-gourmet-com-area-de-lazer-150x150.jpg","width":150,"height":150,"filesize":"9611","mimeType":"image\/jpeg","sourceUrl":"https:\/\/quintoandar.com.br\/guias\/wp-content\/uploads\/2021\/09\/cropped-area-gourmet-com-area-de-lazer-150x150.jpg"},"wpvqgr-square-answer":{"file":"cropped-area-gourmet-com-area-de-lazer-300x300.jpg","width":300,"height":300,"filesize":"30975","mimeType":"image\/jpeg","sourceUrl":"https:\/\/quintoandar.com.br\/guias\/wp-content\/uploads\/2021\/09\/cropped-area-gourmet-com-area-de-lazer-300x300.jpg"},"web-stories-poster-portrait":{"file":"cropped-area-gourmet-com-area-de-lazer-640x853.jpg","width":640,"height":853,"filesize":"149183","mimeType":"image\/jpeg","sourceUrl":"https:\/\/quintoandar.com.br\/guias\/wp-content\/uploads\/2021\/09\/cropped-area-gourmet-com-area-de-lazer-640x853.jpg"},"web-stories-publisher-logo":{"file":"cropped-area-gourmet-com-area-de-lazer-96x96.jpg","width":96,"height":96,"filesize":"4482","mimeType":"image\/jpeg","sourceUrl":"https:\/\/quintoandar.com.br\/guias\/wp-content\/uploads\/2021\/09\/cropped-area-gourmet-com-area-de-lazer-96x96.jpg"},"web-stories-thumbnail":{"file":"cropped-area-gourmet-com-area-de-lazer-150x200.jpg","width":150,"height":200,"filesize":"11701","mimeType":"image\/jpeg","sourceUrl":"https:\/\/quintoandar.com.br\/guias\/wp-content\/uploads\/2021\/09\/cropped-area-gourmet-com-area-de-lazer-150x200.jpg"},"full":{"file":"cropped-area-gourmet-com-area-de-lazer.jpg","width":640,"height":853,"mimeType":"image\/jpeg","sourceUrl":"https:\/\/quintoandar.com.br\/guias\/wp-content\/uploads\/2021\/09\/cropped-area-gourmet-com-area-de-lazer.jpg"}},"isPlaceholder":false,"isOptimized":false,"isMuted":false,"isExternal":false,"needsProxy":false,"provider":"local"},"x":46,"y":0,"width":318,"height":309,"scale":100,"focalX":50.16230493203668,"focalY":63.505976848649105,"mask":{"type":"rectangle"},"basedOn":"1a8c844b-c5d6-4172-b775-b9a6c464360f","alt":"Foto que ilustra stories com apartamentos com varanda gourmet para alugar em Curitiba mostra uma varanda com uma bancada e 4 banquetas. H\u00e1 tamb\u00e9m uma churrasqueira e pia ao fundo.","id":"3f6d55a5-7b3f-4f06-97f5-58a4cc6715d3"},{"opacity":100,"flip":{"vertical":false,"horizontal":false},"rotationAngle":0,"lockAspectRatio":false,"backgroundTextMode":"NONE","font":{"family":"Poppins","fallbacks":["sans-serif"],"weights":[100,200,300,400,500,600,700,800,900],"styles":["italic","regular"],"variants":[[0,100],[1,100],[0,200],[1,200],[0,300],[1,300],[0,400],[1,400],[0,500],[1,500],[0,600],[1,600],[0,700],[1,700],[0,800],[1,800],[0,900],[1,900]],"service":"fonts.google.com","metrics":{"upm":1000,"asc":1050,"des":-350,"tAsc":1050,"tDes":-350,"tLGap":100,"wAsc":1135,"wDes":627,"xH":548,"capH":698,"yMin":-572,"yMax":1065,"hAsc":1050,"hDes":-350,"lGap":100}},"fontSize":30,"backgroundColor":{"color":{"r":196,"g":196,"b":196}},"lineHeight":1.1,"textAlign":"initial","padding":{"locked":true,"horizontal":0,"vertical":0},"type":"text","content":"<span style=\"font-weight: 600; color: #f8f9f5\">Quer se mudar para um im\u00f3vel assim?<\/span>","fontWeight":700,"basedOn":"aa577ec5-87b8-4dc5-a6ee-cbf392643321","x":46,"y":339,"width":313,"height":75,"scale":100,"focalX":50,"focalY":50,"marginOffset":-11.099999999999994,"id":"dbc15db6-96cc-418c-bc50-7396e75190d2"},{"opacity":100,"flip":{"vertical":false,"horizontal":false},"rotationAngle":0,"lockAspectRatio":false,"backgroundTextMode":"NONE","font":{"family":"Poppins","fallbacks":["sans-serif"],"weights":[100,200,300,400,500,600,700,800,900],"styles":["italic","regular"],"variants":[[0,100],[1,100],[0,200],[1,200],[0,300],[1,300],[0,400],[1,400],[0,500],[1,500],[0,600],[1,600],[0,700],[1,700],[0,800],[1,800],[0,900],[1,900]],"service":"fonts.google.com","metrics":{"upm":1000,"asc":1050,"des":-350,"tAsc":1050,"tDes":-350,"tLGap":100,"wAsc":1135,"wDes":627,"xH":548,"capH":698,"yMin":-572,"yMax":1065,"hAsc":1050,"hDes":-350,"lGap":100}},"fontSize":22,"backgroundColor":{"color":{"r":196,"g":196,"b":196}},"lineHeight":1.2,"textAlign":"initial","padding":{"locked":true,"hasHiddenPadding":false,"horizontal":0,"vertical":0},"type":"text","content":"<span style=\"color: #f8f9f5\">Conhe\u00e7a os apartamentos com varanda gourmet para alugar em Curitiba!<\/span>","fontWeight":400,"borderRadius":{"locked":true,"topLeft":2,"topRight":2,"bottomRight":2,"bottomLeft":2},"x":50,"y":470,"width":309,"height":84,"scale":100,"focalX":50,"focalY":50,"marginOffset":0.4781249999999986,"basedOn":"1acbd92b-3890-4375-868f-4c29796e5bd3","id":"daf6a3f6-b917-41b2-8c64-2a4711df86db"}],"animations":[],"backgroundColor":{"color":{"r":7,"g":53,"b":143}},"type":"page","id":"54254d61-2689-4e45-affb-212f4e7a768a","defaultBackgroundElement":{"opacity":100,"flip":{"vertical":false,"horizontal":false},"rotationAngle":0,"lockAspectRatio":true,"x":1,"y":1,"width":1,"height":1,"mask":{"type":"rectangle"},"isBackground":true,"isDefaultBackground":true,"id":"7ca301c7-d80e-4caf-9357-4663b4c8a6e9","type":"shape"},"pageAttachment":{"url":"","icon":"https:\/\/quintoandar.com.br\/guias\/wp-content\/uploads\/2021\/10\/praias-de-florianopolis.jpg","needsProxy":false}},{"elements":[{"opacity":100,"flip":{"vertical":false,"horizontal":false},"rotationAngle":0,"lockAspectRatio":true,"x":48,"y":0,"width":330,"height":220,"mask":{"type":"rectangle"},"isBackground":true,"id":"5212a06a-58be-477e-a877-af7b03fff868","type":"image","basedOn":"9d5c2b2c-8e34-4118-a1bc-f01f76f862b3","scale":100,"focalX":41.822076585465986,"focalY":49.949597277971755,"resource":{"baseColor":"#988778","blurHash":"","type":"image","mimeType":"image\/webp","creationDate":"2022-08-04T22:11:04","src":"https:\/\/quintoandar.com.br\/guias\/wp-content\/uploads\/2022\/08\/curitiba01.webp","width":1152,"height":768,"id":446922,"alt":"curitiba01","sizes":{"medium":{"file":"curitiba01-300x200.webp","width":300,"height":200,"filesize":10814,"mimeType":"image\/webp","sourceUrl":"https:\/\/quintoandar.com.br\/guias\/wp-content\/uploads\/2022\/08\/curitiba01-300x200.webp"},"large":{"file":"curitiba01-1024x683.webp","width":1024,"height":683,"filesize":55280,"mimeType":"image\/webp","sourceUrl":"https:\/\/quintoandar.com.br\/guias\/wp-content\/uploads\/2022\/08\/curitiba01-1024x683.webp"},"thumbnail":{"file":"curitiba01-150x150.webp","width":150,"height":150,"filesize":5242,"mimeType":"image\/webp","sourceUrl":"https:\/\/quintoandar.com.br\/guias\/wp-content\/uploads\/2022\/08\/curitiba01-150x150.webp"},"medium_large":{"file":"curitiba01-768x512.webp","width":768,"height":512,"filesize":40116,"mimeType":"image\/webp","sourceUrl":"https:\/\/quintoandar.com.br\/guias\/wp-content\/uploads\/2022\/08\/curitiba01-768x512.webp"},"post-thumbnail":{"file":"curitiba01-350x219.webp","width":350,"height":219,"filesize":12560,"mimeType":"image\/webp","sourceUrl":"https:\/\/quintoandar.com.br\/guias\/wp-content\/uploads\/2022\/08\/curitiba01-350x219.webp"},"chamada-destaque":{"file":"curitiba01-683x587.webp","width":683,"height":587,"filesize":36574,"mimeType":"image\/webp","sourceUrl":"https:\/\/quintoandar.com.br\/guias\/wp-content\/uploads\/2022\/08\/curitiba01-683x587.webp"},"single-destaque":{"file":"curitiba01-600x480.webp","width":600,"height":480,"filesize":29236,"mimeType":"image\/webp","sourceUrl":"https:\/\/quintoandar.com.br\/guias\/wp-content\/uploads\/2022\/08\/curitiba01-600x480.webp"},"alm-thumbnail":{"file":"curitiba01-150x150.webp","width":150,"height":150,"filesize":5242,"mimeType":"image\/webp","sourceUrl":"https:\/\/quintoandar.com.br\/guias\/wp-content\/uploads\/2022\/08\/curitiba01-150x150.webp"},"wpvqgr-square-answer":{"file":"curitiba01-300x300.webp","width":300,"height":300,"filesize":13120,"mimeType":"image\/webp","sourceUrl":"https:\/\/quintoandar.com.br\/guias\/wp-content\/uploads\/2022\/08\/curitiba01-300x300.webp"},"web-stories-poster-portrait":{"file":"curitiba01-640x768.webp","width":640,"height":768,"filesize":38600,"mimeType":"image\/webp","sourceUrl":"https:\/\/quintoandar.com.br\/guias\/wp-content\/uploads\/2022\/08\/curitiba01-640x768.webp"},"web-stories-publisher-logo":{"file":"curitiba01-96x96.webp","width":96,"height":96,"filesize":2702,"mimeType":"image\/webp","sourceUrl":"https:\/\/quintoandar.com.br\/guias\/wp-content\/uploads\/2022\/08\/curitiba01-96x96.webp"},"web-stories-thumbnail":{"file":"curitiba01-150x100.webp","width":150,"height":100,"filesize":4032,"mimeType":"image\/webp","sourceUrl":"https:\/\/quintoandar.com.br\/guias\/wp-content\/uploads\/2022\/08\/curitiba01-150x100.webp"},"full":{"file":"curitiba01.webp","width":1152,"height":768,"mimeType":"image\/webp","sourceUrl":"https:\/\/quintoandar.com.br\/guias\/wp-content\/uploads\/2022\/08\/curitiba01.webp"}},"isPlaceholder":false,"isOptimized":false,"isMuted":false,"isExternal":false,"needsProxy":false,"provider":"local"},"alt":"Foto que ilustra stories com apartamentos com varanda gourmet para alugar em Curitiba mostra uma varanda com pia, churrasqueira, uma mesa retr\u00e1til e dois bancos de madeira."}],"animations":[{"id":"3eaabc9a-abcc-4b52-8e04-1d0345a47b13","type":"effect-background-pan","panDir":"rightToLeft","duration":2000,"delay":0,"targets":["5212a06a-58be-477e-a877-af7b03fff868"]}],"backgroundColor":{"color":{"r":7,"g":53,"b":143}},"type":"page","id":"b35f1494-44d9-49e2-b3ce-a1ed351ec552","defaultBackgroundElement":{"opacity":100,"flip":{"vertical":false,"horizontal":false},"rotationAngle":0,"lockAspectRatio":true,"x":1,"y":1,"width":1,"height":1,"mask":{"type":"rectangle"},"isBackground":true,"isDefaultBackground":true,"id":"a71a26ba-5dea-4799-8ccf-a1c934301631","type":"shape","basedOn":"9d5c2b2c-8e34-4118-a1bc-f01f76f862b3"},"pageAttachment":{"url":"https:\/\/www.quintoandar.com.br\/imovel\/893709192\/?&utm_content=web-stories-apartamento-varanda-gourmet-curitiba","icon":"https:\/\/www.quintoandar.com.br\/img\/med\/893709192-501.69897087620205IMG5342HDR.jpg","needsProxy":false,"ctaText":"Ver im\u00f3vel"}},{"elements":[{"opacity":100,"flip":{"vertical":false,"horizontal":false},"rotationAngle":0,"lockAspectRatio":true,"x":48,"y":0,"width":330,"height":220,"mask":{"type":"rectangle"},"isBackground":true,"id":"1f7fc50d-55c2-4445-b0f3-d0cb5b3e458c","type":"image","basedOn":"5212a06a-58be-477e-a877-af7b03fff868","scale":100,"focalX":19.53125,"focalY":50,"resource":{"baseColor":"#afa9a4","blurHash":"","type":"image","mimeType":"image\/webp","creationDate":"2022-08-04T22:13:06","src":"https:\/\/quintoandar.com.br\/guias\/wp-content\/uploads\/2022\/08\/curitiba02.webp","width":1152,"height":768,"id":446925,"alt":"curitiba02","sizes":{"medium":{"file":"curitiba02-300x200.webp","width":300,"height":200,"filesize":11434,"mimeType":"image\/webp","sourceUrl":"https:\/\/quintoandar.com.br\/guias\/wp-content\/uploads\/2022\/08\/curitiba02-300x200.webp"},"large":{"file":"curitiba02-1024x683.webp","width":1024,"height":683,"filesize":86896,"mimeType":"image\/webp","sourceUrl":"https:\/\/quintoandar.com.br\/guias\/wp-content\/uploads\/2022\/08\/curitiba02-1024x683.webp"},"thumbnail":{"file":"curitiba02-150x150.webp","width":150,"height":150,"filesize":4802,"mimeType":"image\/webp","sourceUrl":"https:\/\/quintoandar.com.br\/guias\/wp-content\/uploads\/2022\/08\/curitiba02-150x150.webp"},"medium_large":{"file":"curitiba02-768x512.webp","width":768,"height":512,"filesize":55266,"mimeType":"image\/webp","sourceUrl":"https:\/\/quintoandar.com.br\/guias\/wp-content\/uploads\/2022\/08\/curitiba02-768x512.webp"},"post-thumbnail":{"file":"curitiba02-350x219.webp","width":350,"height":219,"filesize":14174,"mimeType":"image\/webp","sourceUrl":"https:\/\/quintoandar.com.br\/guias\/wp-content\/uploads\/2022\/08\/curitiba02-350x219.webp"},"chamada-destaque":{"file":"curitiba02-683x587.webp","width":683,"height":587,"filesize":51330,"mimeType":"image\/webp","sourceUrl":"https:\/\/quintoandar.com.br\/guias\/wp-content\/uploads\/2022\/08\/curitiba02-683x587.webp"},"single-destaque":{"file":"curitiba02-600x480.webp","width":600,"height":480,"filesize":39738,"mimeType":"image\/webp","sourceUrl":"https:\/\/quintoandar.com.br\/guias\/wp-content\/uploads\/2022\/08\/curitiba02-600x480.webp"},"alm-thumbnail":{"file":"curitiba02-150x150.webp","width":150,"height":150,"filesize":4802,"mimeType":"image\/webp","sourceUrl":"https:\/\/quintoandar.com.br\/guias\/wp-content\/uploads\/2022\/08\/curitiba02-150x150.webp"},"wpvqgr-square-answer":{"file":"curitiba02-300x300.webp","width":300,"height":300,"filesize":14630,"mimeType":"image\/webp","sourceUrl":"https:\/\/quintoandar.com.br\/guias\/wp-content\/uploads\/2022\/08\/curitiba02-300x300.webp"},"web-stories-poster-portrait":{"file":"curitiba02-640x768.webp","width":640,"height":768,"filesize":61514,"mimeType":"image\/webp","sourceUrl":"https:\/\/quintoandar.com.br\/guias\/wp-content\/uploads\/2022\/08\/curitiba02-640x768.webp"},"web-stories-publisher-logo":{"file":"curitiba02-96x96.webp","width":96,"height":96,"filesize":2226,"mimeType":"image\/webp","sourceUrl":"https:\/\/quintoandar.com.br\/guias\/wp-content\/uploads\/2022\/08\/curitiba02-96x96.webp"},"web-stories-thumbnail":{"file":"curitiba02-150x100.webp","width":150,"height":100,"filesize":3698,"mimeType":"image\/webp","sourceUrl":"https:\/\/quintoandar.com.br\/guias\/wp-content\/uploads\/2022\/08\/curitiba02-150x100.webp"},"full":{"file":"curitiba02.webp","width":1152,"height":768,"mimeType":"image\/webp","sourceUrl":"https:\/\/quintoandar.com.br\/guias\/wp-content\/uploads\/2022\/08\/curitiba02.webp"}},"isPlaceholder":false,"isOptimized":false,"isMuted":false,"isExternal":false,"needsProxy":false,"provider":"local"},"alt":"Foto que ilustra stories com apartamentos com varanda gourmet para alugar em Curitiba mostra uma varanda com uma mesa com quatro cadeiras, uma churrasqueira e uma pia."}],"animations":[{"id":"13149909-64ed-4874-a38a-64d906a98de2","type":"effect-background-pan","panDir":"leftToRight","duration":2000,"delay":0,"targets":["1f7fc50d-55c2-4445-b0f3-d0cb5b3e458c"]}],"backgroundColor":{"color":{"r":7,"g":53,"b":143}},"type":"page","id":"87d8c339-e663-402c-b7cc-0192700338d8","defaultBackgroundElement":{"opacity":100,"flip":{"vertical":false,"horizontal":false},"rotationAngle":0,"lockAspectRatio":true,"x":1,"y":1,"width":1,"height":1,"mask":{"type":"rectangle"},"isBackground":true,"isDefaultBackground":true,"id":"a71a26ba-5dea-4799-8ccf-a1c934301631","type":"shape","basedOn":"9d5c2b2c-8e34-4118-a1bc-f01f76f862b3"},"pageAttachment":{"url":"https:\/\/www.quintoandar.com.br\/imovel\/893653983\/?&utm_content=web-stories-apartamento-varanda-gourmet-curitiba","icon":"https:\/\/www.quintoandar.com.br\/img\/med\/893653983-689.4753798865668IMG5024.jpg","needsProxy":false,"ctaText":"Ver im\u00f3vel"}},{"elements":[{"opacity":100,"flip":{"vertical":false,"horizontal":false},"rotationAngle":0,"lockAspectRatio":true,"x":48,"y":0,"width":330,"height":220,"mask":{"type":"rectangle"},"isBackground":true,"id":"0f77d723-2cd7-4064-89aa-c3174d14f50c","type":"image","basedOn":"1f7fc50d-55c2-4445-b0f3-d0cb5b3e458c","scale":100,"focalX":38.54166666666667,"focalY":50,"resource":{"baseColor":"#5c4e41","blurHash":"","type":"image","mimeType":"image\/webp","creationDate":"2022-08-04T22:14:02","src":"https:\/\/quintoandar.com.br\/guias\/wp-content\/uploads\/2022\/08\/curitiba03.webp","width":1152,"height":768,"id":446928,"alt":"curitiba03","sizes":{"medium":{"file":"curitiba03-300x200.webp","width":300,"height":200,"filesize":16786,"mimeType":"image\/webp","sourceUrl":"https:\/\/quintoandar.com.br\/guias\/wp-content\/uploads\/2022\/08\/curitiba03-300x200.webp"},"large":{"file":"curitiba03-1024x683.webp","width":1024,"height":683,"filesize":122122,"mimeType":"image\/webp","sourceUrl":"https:\/\/quintoandar.com.br\/guias\/wp-content\/uploads\/2022\/08\/curitiba03-1024x683.webp"},"thumbnail":{"file":"curitiba03-150x150.webp","width":150,"height":150,"filesize":7124,"mimeType":"image\/webp","sourceUrl":"https:\/\/quintoandar.com.br\/guias\/wp-content\/uploads\/2022\/08\/curitiba03-150x150.webp"},"medium_large":{"file":"curitiba03-768x512.webp","width":768,"height":512,"filesize":82284,"mimeType":"image\/webp","sourceUrl":"https:\/\/quintoandar.com.br\/guias\/wp-content\/uploads\/2022\/08\/curitiba03-768x512.webp"},"post-thumbnail":{"file":"curitiba03-350x219.webp","width":350,"height":219,"filesize":21318,"mimeType":"image\/webp","sourceUrl":"https:\/\/quintoandar.com.br\/guias\/wp-content\/uploads\/2022\/08\/curitiba03-350x219.webp"},"chamada-destaque":{"file":"curitiba03-683x587.webp","width":683,"height":587,"filesize":74890,"mimeType":"image\/webp","sourceUrl":"https:\/\/quintoandar.com.br\/guias\/wp-content\/uploads\/2022\/08\/curitiba03-683x587.webp"},"single-destaque":{"file":"curitiba03-600x480.webp","width":600,"height":480,"filesize":60448,"mimeType":"image\/webp","sourceUrl":"https:\/\/quintoandar.com.br\/guias\/wp-content\/uploads\/2022\/08\/curitiba03-600x480.webp"},"alm-thumbnail":{"file":"curitiba03-150x150.webp","width":150,"height":150,"filesize":7124,"mimeType":"image\/webp","sourceUrl":"https:\/\/quintoandar.com.br\/guias\/wp-content\/uploads\/2022\/08\/curitiba03-150x150.webp"},"wpvqgr-square-answer":{"file":"curitiba03-300x300.webp","width":300,"height":300,"filesize":21706,"mimeType":"image\/webp","sourceUrl":"https:\/\/quintoandar.com.br\/guias\/wp-content\/uploads\/2022\/08\/curitiba03-300x300.webp"},"web-stories-poster-portrait":{"file":"curitiba03-640x768.webp","width":640,"height":768,"filesize":84116,"mimeType":"image\/webp","sourceUrl":"https:\/\/quintoandar.com.br\/guias\/wp-content\/uploads\/2022\/08\/curitiba03-640x768.webp"},"web-stories-publisher-logo":{"file":"curitiba03-96x96.webp","width":96,"height":96,"filesize":3314,"mimeType":"image\/webp","sourceUrl":"https:\/\/quintoandar.com.br\/guias\/wp-content\/uploads\/2022\/08\/curitiba03-96x96.webp"},"web-stories-thumbnail":{"file":"curitiba03-150x100.webp","width":150,"height":100,"filesize":5280,"mimeType":"image\/webp","sourceUrl":"https:\/\/quintoandar.com.br\/guias\/wp-content\/uploads\/2022\/08\/curitiba03-150x100.webp"},"full":{"file":"curitiba03.webp","width":1152,"height":768,"mimeType":"image\/webp","sourceUrl":"https:\/\/quintoandar.com.br\/guias\/wp-content\/uploads\/2022\/08\/curitiba03.webp"}},"isPlaceholder":false,"isOptimized":false,"isMuted":false,"isExternal":false,"needsProxy":false,"provider":"local"},"alt":"Foto que ilustra stories com apartamentos com varanda gourmet para alugar em Curitiba mostra uma varanda com pia, um barril sendo usado como aparador e uma banqueta."}],"animations":[{"id":"14750520-bde5-4515-8b57-c9356569e104","type":"effect-background-pan","panDir":"leftToRight","duration":2000,"delay":0,"targets":["0f77d723-2cd7-4064-89aa-c3174d14f50c"]}],"backgroundColor":{"color":{"r":7,"g":53,"b":143}},"type":"page","id":"43e08eef-62eb-4f6f-b548-38aa926fe534","defaultBackgroundElement":{"opacity":100,"flip":{"vertical":false,"horizontal":false},"rotationAngle":0,"lockAspectRatio":true,"x":1,"y":1,"width":1,"height":1,"mask":{"type":"rectangle"},"isBackground":true,"isDefaultBackground":true,"id":"a71a26ba-5dea-4799-8ccf-a1c934301631","type":"shape","basedOn":"9d5c2b2c-8e34-4118-a1bc-f01f76f862b3"},"pageAttachment":{"url":"https:\/\/www.quintoandar.com.br\/imovel\/893670152\/?&utm_content=web-stories-apartamento-varanda-gourmet-curitiba","icon":"https:\/\/www.quintoandar.com.br\/img\/med\/893670152-333.64559891434544011.jpg","needsProxy":false,"ctaText":"Ver im\u00f3vel"}},{"elements":[{"opacity":100,"flip":{"vertical":false,"horizontal":false},"rotationAngle":0,"lockAspectRatio":true,"x":1,"y":1,"width":1,"height":1,"mask":{"type":"rectangle"},"isBackground":true,"isDefaultBackground":true,"type":"shape","id":"af199d5f-4168-4498-9e87-37d28b071b80"},{"opacity":100,"flip":{"vertical":false,"horizontal":false},"rotationAngle":0,"lockAspectRatio":true,"backgroundTextMode":"NONE","font":{"family":"Poppins","fallbacks":["sans-serif"],"weights":[100,200,300,400,500,600,700,800,900],"styles":["italic","regular"],"variants":[[0,100],[1,100],[0,200],[1,200],[0,300],[1,300],[0,400],[1,400],[0,500],[1,500],[0,600],[1,600],[0,700],[1,700],[0,800],[1,800],[0,900],[1,900]],"service":"fonts.google.com","metrics":{"upm":1000,"asc":1050,"des":-350,"tAsc":1050,"tDes":-350,"tLGap":100,"wAsc":1135,"wDes":627,"xH":548,"capH":698,"yMin":-572,"yMax":1065,"hAsc":1050,"hDes":-350,"lGap":100}},"fontSize":36,"backgroundColor":{"color":{"r":255,"g":255,"b":255}},"lineHeight":1.1,"textAlign":"left","padding":{"locked":true,"hasHiddenPadding":false,"horizontal":0,"vertical":0},"type":"text","content":"<span style=\"font-weight: 600; color: #f8f9f5\">Se interessou?<\/span>\n\n<span style=\"font-weight: 600; color: #f8f9f5\">Confira mais apartamentos com varanda para alugar em Curitiba!<\/span>","fontWeight":400,"borderRadius":{"locked":true,"topLeft":2,"topRight":2,"bottomRight":2,"bottomLeft":2},"width":277,"height":288,"scale":100,"focalX":50,"focalY":50,"basedOn":"0603ee24-53b1-49cb-95df-881aeb682c20","x":67,"y":248,"id":"ddc84d3f-e9b9-4012-84bc-ce79d78a46f7"},{"opacity":100,"flip":{"vertical":false,"horizontal":false},"rotationAngle":0,"lockAspectRatio":true,"scale":100,"focalX":50,"focalY":50,"resource":{"baseColor":"#817374","blurHash":"U7F}vP-T0~k?9VEMgIfi0Q%MD$Io_3Rj-pxd","type":"image","mimeType":"image\/jpeg","creationDate":"2022-04-22T12:13:16","src":"https:\/\/quintoandar.com.br\/guias\/wp-content\/uploads\/2022\/04\/BBQ_Color-1-3-scaled.jpg","width":2560,"height":1439,"id":437351,"alt":"","sizes":{"medium":{"file":"BBQ_Color-1-3-300x169.jpg","width":300,"height":169,"mimeType":"image\/jpeg","sourceUrl":"https:\/\/quintoandar.com.br\/guias\/wp-content\/uploads\/2022\/04\/BBQ_Color-1-3-300x169.jpg"},"large":{"file":"BBQ_Color-1-3-1024x576.jpg","width":1024,"height":576,"mimeType":"image\/jpeg","sourceUrl":"https:\/\/quintoandar.com.br\/guias\/wp-content\/uploads\/2022\/04\/BBQ_Color-1-3-1024x576.jpg"},"thumbnail":{"file":"BBQ_Color-1-3-150x150.jpg","width":150,"height":150,"mimeType":"image\/jpeg","sourceUrl":"https:\/\/quintoandar.com.br\/guias\/wp-content\/uploads\/2022\/04\/BBQ_Color-1-3-150x150.jpg"},"medium_large":{"file":"BBQ_Color-1-3-768x432.jpg","width":768,"height":432,"mimeType":"image\/jpeg","sourceUrl":"https:\/\/quintoandar.com.br\/guias\/wp-content\/uploads\/2022\/04\/BBQ_Color-1-3-768x432.jpg"},"1536x1536":{"file":"BBQ_Color-1-3-1536x864.jpg","width":1536,"height":864,"mimeType":"image\/jpeg","sourceUrl":"https:\/\/quintoandar.com.br\/guias\/wp-content\/uploads\/2022\/04\/BBQ_Color-1-3-1536x864.jpg"},"2048x2048":{"file":"BBQ_Color-1-3-2048x1151.jpg","width":2048,"height":1151,"mimeType":"image\/jpeg","sourceUrl":"https:\/\/quintoandar.com.br\/guias\/wp-content\/uploads\/2022\/04\/BBQ_Color-1-3-2048x1151.jpg"},"post-thumbnail":{"file":"BBQ_Color-1-3-350x219.jpg","width":350,"height":219,"mimeType":"image\/jpeg","sourceUrl":"https:\/\/quintoandar.com.br\/guias\/wp-content\/uploads\/2022\/04\/BBQ_Color-1-3-350x219.jpg"},"chamada-destaque":{"file":"BBQ_Color-1-3-683x587.jpg","width":683,"height":587,"mimeType":"image\/jpeg","sourceUrl":"https:\/\/quintoandar.com.br\/guias\/wp-content\/uploads\/2022\/04\/BBQ_Color-1-3-683x587.jpg"},"single-destaque":{"file":"BBQ_Color-1-3-600x480.jpg","width":600,"height":480,"mimeType":"image\/jpeg","sourceUrl":"https:\/\/quintoandar.com.br\/guias\/wp-content\/uploads\/2022\/04\/BBQ_Color-1-3-600x480.jpg"},"alm-thumbnail":{"file":"BBQ_Color-1-3-150x150.jpg","width":150,"height":150,"mimeType":"image\/jpeg","sourceUrl":"https:\/\/quintoandar.com.br\/guias\/wp-content\/uploads\/2022\/04\/BBQ_Color-1-3-150x150.jpg"},"wpvqgr-square-answer":{"file":"BBQ_Color-1-3-300x300.jpg","width":300,"height":300,"mimeType":"image\/jpeg","sourceUrl":"https:\/\/quintoandar.com.br\/guias\/wp-content\/uploads\/2022\/04\/BBQ_Color-1-3-300x300.jpg"},"web-stories-poster-portrait":{"file":"BBQ_Color-1-3-640x853.jpg","width":640,"height":853,"mimeType":"image\/jpeg","sourceUrl":"https:\/\/quintoandar.com.br\/guias\/wp-content\/uploads\/2022\/04\/BBQ_Color-1-3-640x853.jpg"},"web-stories-publisher-logo":{"file":"BBQ_Color-1-3-96x96.jpg","width":96,"height":96,"mimeType":"image\/jpeg","sourceUrl":"https:\/\/quintoandar.com.br\/guias\/wp-content\/uploads\/2022\/04\/BBQ_Color-1-3-96x96.jpg"},"web-stories-thumbnail":{"file":"BBQ_Color-1-3-150x84.jpg","width":150,"height":84,"mimeType":"image\/jpeg","sourceUrl":"https:\/\/quintoandar.com.br\/guias\/wp-content\/uploads\/2022\/04\/BBQ_Color-1-3-150x84.jpg"},"full":{"file":"BBQ_Color-1-3-scaled.jpg","width":2560,"height":1439,"mimeType":"image\/jpeg","sourceUrl":"https:\/\/quintoandar.com.br\/guias\/wp-content\/uploads\/2022\/04\/BBQ_Color-1-3-scaled.jpg"}},"isPlaceholder":false,"isOptimized":false,"isMuted":false,"isExternal":false,"needsProxy":false,"provider":"local"},"type":"image","x":-29,"y":-58,"width":491,"height":276,"mask":{"type":"rectangle","showInLibrary":true,"name":"Ret\u00e2ngulo","path":"M 0,0 1,0 1,1 0,1 0,0 Z","ratio":1,"supportsBorder":true},"alt":"Ilustra\u00e7\u00e3o do stories com apartamentos com varanda gourmet para alugar em Curitiba mostra uma varanda com 5 pessoas. 3 delas est\u00e3o comendo em uma mesa e outras 2 est\u00e3o de p\u00e9 conversando. H\u00e1 tamb\u00e9m um cachorro e plantas.","basedOn":"a6ff5336-c7e9-469b-81bb-7304b442859b","id":"8871f065-b99f-4882-9af3-4e4a2aa6ac0d"}],"backgroundColor":{"color":{"r":7,"g":53,"b":143}},"type":"page","id":"c4fe8d6f-748d-41b2-b2c6-265890fe3142","pageAttachment":{"url":"https:\/\/www.quintoandar.com.br\/alugar\/imovel\/curitiba-pr-brasil\/apartamento\/varanda\/?&utm_content=web-stories-apartamento-varanda-gourmet-curitiba","icon":"https:\/\/cozy-assets.quintoandar.com.br\/cozy-static\/v2\/latest\/default\/images\/open-graph.jpg","ctaText":"Confira","needsProxy":true},"animations":[]}],"autoAdvance":true,"defaultPageDuration":7,"currentStoryStyles":{"colors":[{"color":{"r":196,"g":196,"b":196}}]}},"story_poster":{"id":446917,"url":"https:\/\/www.quintoandar.com.br\/guias\/wp-content\/uploads\/2021\/09\/cropped-area-gourmet-com-area-de-lazer.jpg","width":640,"height":853,"needsProxy":false},"_links":{"self":[{"href":"https:\/\/www.quintoandar.com.br\/guias\/wp-json\/web-stories\/v1\/web-story\/446912","targetHints":{"allow":["GET"]}}],"collection":[{"href":"https:\/\/www.quintoandar.com.br\/guias\/wp-json\/web-stories\/v1\/web-story"}],"about":[{"href":"https:\/\/www.quintoandar.com.br\/guias\/wp-json\/wp\/v2\/types\/web-story"}],"author":[{"embeddable":true,"href":"https:\/\/www.quintoandar.com.br\/guias\/wp-json\/web-stories\/v1\/users\/45"}],"version-history":[{"count":10,"href":"https:\/\/www.quintoandar.com.br\/guias\/wp-json\/web-stories\/v1\/web-story\/446912\/revisions"}],"predecessor-version":[{"id":446964,"href":"https:\/\/www.quintoandar.com.br\/guias\/wp-json\/web-stories\/v1\/web-story\/446912\/revisions\/446964"}],"wp:featuredmedia":[{"embeddable":true,"href":"https:\/\/www.quintoandar.com.br\/guias\/wp-json\/web-stories\/v1\/media\/446917"}],"wp:attachment":[{"href":"https:\/\/www.quintoandar.com.br\/guias\/wp-json\/web-stories\/v1\/media?parent=446912"}],"wp:term":[{"taxonomy":"web_story_category","embeddable":true,"href":"https:\/\/www.quintoandar.com.br\/guias\/wp-json\/web-stories\/v1\/web_story_category?post=446912"},{"taxonomy":"web_story_tag","embeddable":true,"href":"https:\/\/www.quintoandar.com.br\/guias\/wp-json\/web-stories\/v1\/web_story_tag?post=446912"}],"wp:lock":[{"embeddable":true,"href":"https:\/\/www.quintoandar.com.br\/guias\/wp-json\/web-stories\/v1\/web-story\/446912\/lock"}],"wp:publisherlogo":[{"embeddable":true,"href":"https:\/\/www.quintoandar.com.br\/guias\/wp-json\/web-stories\/v1\/media\/428798"}],"curies":[{"name":"wp","href":"https:\/\/api.w.org\/{rel}","templated":true}]}}