{"id":451142,"date":"2022-09-07T07:00:00","date_gmt":"2022-09-07T10:00:00","guid":{"rendered":"https:\/\/www.quintoandar.com.br\/guias\/?post_type=web-story&#038;p=451142"},"modified":"2023-04-24T15:13:39","modified_gmt":"2023-04-24T18:13:39","slug":"reabertura-museu-do-ipiranga","status":"publish","type":"web-story","link":"https:\/\/www.quintoandar.com.br\/guias\/web-stories\/reabertura-museu-do-ipiranga\/","title":{"rendered":"A reabertura do Museu do Ipiranga"},"content":{"rendered":"<p><html amp=\"\" lang=\"en\"><head><meta charSet=\"utf-8\"\/><meta name=\"viewport\" content=\"width=device-width,minimum-scale=1,initial-scale=1\"\/><script async=\"\" src=\"https:\/\/cdn.ampproject.org\/v0.js\"><\/script><script async=\"\" src=\"https:\/\/cdn.ampproject.org\/v0\/amp-story-1.0.js\" custom-element=\"amp-story\"><\/script><script async=\"\" src=\"https:\/\/cdn.ampproject.org\/v0\/amp-video-0.1.js\" custom-element=\"amp-video\"><\/script><link href=\"https:\/\/fonts.googleapis.com\/css2?display=swap&amp;family=Poppins%3Awght%40400%3B600\" rel=\"stylesheet\"\/><noscript><\/noscript><meta name=\"web-stories-replace-head-start\"\/><title>A reabertura do Museu do Ipiranga<\/title><link rel=\"canonical\" href=\"https:\/\/www.quintoandar.com.br\/guias\/web-stories\/reabertura-museu-do-ipiranga\/\"\/><meta name=\"web-stories-replace-head-end\"\/><\/head><body><amp-story standalone=\"\" publisher=\"MeuLugar\" publisher-logo-src=\"https:\/\/www.quintoandar.com.br\/guias\/wp-content\/uploads\/2022\/01\/Logo_MeuLugar.png\" title=\"A reabertura do Museu do Ipiranga\" poster-portrait-src=\"https:\/\/www.quintoandar.com.br\/guias\/wp-content\/uploads\/2022\/09\/cropped-imagens-do-museu-do-ipiranga_47471316621_o-640x853.jpg\"><amp-story-page id=\"263f42bc-a79f-495c-96c8-15ded26152f5\" auto-advance-after=\"7s\"><amp-story-grid-layer template=\"vertical\" aspect-ratio=\"412:618\" class=\"grid-layer\"><\/p>\n<div class=\"page-fullbleed-area\" style=\"background-color:#245825\">\n<div class=\"page-safe-area\">\n<div style=\"position:absolute;pointer-events:none;left:0;top:-9.25926%;width:100%;height:118.51852%;opacity:1\">\n<div style=\"pointer-events:initial;width:100%;height:100%;display:block;position:absolute;top:0;left:0;z-index:0\" class=\"mask\" id=\"el-5e4c0825-cf1b-4ce6-b362-6dec3c39bb1b\">\n<div class=\"fill\" style=\"will-change:transform\"><\/div>\n<\/div>\n<\/div>\n<\/div>\n<\/div>\n<p><\/amp-story-grid-layer><amp-story-grid-layer template=\"vertical\" aspect-ratio=\"412:618\" class=\"grid-layer\"><\/p>\n<div class=\"page-fullbleed-area\">\n<div class=\"page-safe-area\">\n<div style=\"position:absolute;pointer-events:none;left:12.62136%;top:26.05178%;width:74.02913%;height:12.13592%;opacity:1\">\n<div style=\"pointer-events:initial;width:100%;height:100%;display:block;position:absolute;top:0;left:0;z-index:0;border-radius:0.6557377049180327% 0.6557377049180327% 0.6557377049180327% 0.6557377049180327% \/ 2.666666666666667% 2.666666666666667% 2.666666666666667% 2.666666666666667%\" id=\"el-3c610e28-eb19-4563-a420-3950da19ad2d\">\n<h2 class=\"fill text-wrapper\" style=\"white-space:pre-line;overflow-wrap:break-word;word-break:break-word;margin:1.4754098360655739% 0;font-family:&quot;Poppins&quot;,sans-serif;font-size:0.485437em;line-height:1.1;text-align:left;padding:0;color:#000000\"><span><span style=\"font-weight: 600; color: #f8f9f5\">A reabertura do Museu do Ipiranga<\/span><\/span><\/h2>\n<\/div>\n<\/div>\n<div style=\"position:absolute;pointer-events:none;left:11.65049%;top:49.19094%;width:76.21359%;height:50.80906%;opacity:1\">\n<div style=\"pointer-events:initial;width:100%;height:100%;display:block;position:absolute;top:0;left:0;z-index:0\" class=\"mask\" id=\"el-ee0795d1-7930-4c6d-9924-605ff66db8fa\">\n<div class=\"fill\" style=\"background-color:#a3c7a1;will-change:transform\"><\/div>\n<\/div>\n<\/div>\n<div style=\"position:absolute;pointer-events:none;left:15.29126%;top:51.45631%;width:69.41748%;height:46.27832%;opacity:1\">\n<div style=\"pointer-events:initial;width:100%;height:100%;display:block;position:absolute;top:0;left:0;z-index:0;border-radius:0% 0% 0% 0% \/ 0% 0% 0% 0%\" class=\"mask\" id=\"el-2eadb7ee-ddcd-4d3b-a70c-3ca81c4c59fe\"><a href=\"https:\/\/www.quintoandar.com.br\/guias\/museus-em-sao-paulo\" data-tooltip-icon=\"https:\/\/www.quintoandar.com.br\/guias\/wp-content\/uploads\/2022\/08\/MASP_Brazil-1.jpg\" data-tooltip-text=\"Museus em SP: Os 10 melhores museus da capital paulista\" target=\"_blank\" rel=\"noreferrer noopener\" style=\"width:100%;height:100%;display:block;position:absolute;top:0;left:0\"><\/p>\n<div style=\"position:absolute;width:200%;height:100%;left:-59.0035%;top:0%\" data-leaf-element=\"true\"><amp-img layout=\"fill\" src=\"https:\/\/www.quintoandar.com.br\/guias\/wp-content\/uploads\/2022\/09\/imagens-do-museu-do-ipiranga_47471316621_o.jpg\" alt=\"Foto que ilustra stories sobre a reabertura do Museu do Ipiranga mostra uma imagem de cima da \u00e1rea do museu.\" srcSet=\"https:\/\/www.quintoandar.com.br\/guias\/wp-content\/uploads\/2022\/09\/imagens-do-museu-do-ipiranga_47471316621_o.jpg 1600w,https:\/\/www.quintoandar.com.br\/guias\/wp-content\/uploads\/2022\/09\/imagens-do-museu-do-ipiranga_47471316621_o-1536x768.jpg 1536w,https:\/\/www.quintoandar.com.br\/guias\/wp-content\/uploads\/2022\/09\/imagens-do-museu-do-ipiranga_47471316621_o-1024x512.jpg 1024w,https:\/\/www.quintoandar.com.br\/guias\/wp-content\/uploads\/2022\/09\/imagens-do-museu-do-ipiranga_47471316621_o-768x384.jpg 768w,https:\/\/www.quintoandar.com.br\/guias\/wp-content\/uploads\/2022\/09\/imagens-do-museu-do-ipiranga_47471316621_o-300x150.jpg 300w,https:\/\/www.quintoandar.com.br\/guias\/wp-content\/uploads\/2022\/09\/imagens-do-museu-do-ipiranga_47471316621_o-150x75.jpg 150w\" sizes=\"(min-width: 1024px) 31vh, 69vw\" disable-inline-width=\"true\"><\/amp-img><\/div>\n<p><\/a><\/div>\n<\/div>\n<div style=\"position:absolute;pointer-events:none;left:11.65049%;top:0;width:54.61165%;height:5.66343%;opacity:1\">\n<div style=\"pointer-events:initial;width:100%;height:100%;display:block;position:absolute;top:0;left:0;z-index:0\" class=\"mask\" id=\"el-d082c74c-3fa3-443a-8afc-1566b8cbf2d1\">\n<div style=\"position:absolute;width:100.0505%;height:100%;left:-0.02525%;top:0%\" data-leaf-element=\"true\"><amp-img layout=\"fill\" src=\"https:\/\/www.quintoandar.com.br\/guias\/wp-content\/uploads\/2022\/01\/image-17.png\" alt=\"image\" srcSet=\"https:\/\/www.quintoandar.com.br\/guias\/wp-content\/uploads\/2022\/01\/image-17.png 566w\" sizes=\"(min-width: 1024px) 25vh, 55vw\" disable-inline-width=\"true\"><\/amp-img><\/div>\n<\/div>\n<\/div>\n<\/div>\n<\/div>\n<p><\/amp-story-grid-layer><\/amp-story-page><amp-story-page id=\"97f1302f-1e63-474a-9a0c-67f1cf96346e\" auto-advance-after=\"7s\"><amp-story-animation layout=\"nodisplay\" trigger=\"visibility\"><script type=\"application\/json\">[{\"selector\":\"#anim-320da851-a145-4763-b127-502538ca1d72\",\"keyframes\":{\"opacity\":[0,1]},\"delay\":0,\"duration\":600,\"easing\":\"cubic-bezier(0.2, 0.6, 0.0, 1)\",\"fill\":\"both\"}]<\/script><\/amp-story-animation><amp-story-animation layout=\"nodisplay\" trigger=\"visibility\"><script type=\"application\/json\">[{\"selector\":\"#anim-ce758c79-61b6-44eb-8fb8-85446fef4800\",\"keyframes\":{\"transform\":[\"translate3d(-118.95425%, 0px, 0)\",\"translate3d(0px, 0px, 0)\"]},\"delay\":0,\"duration\":600,\"easing\":\"cubic-bezier(0.2, 0.6, 0.0, 1)\",\"fill\":\"both\"}]<\/script><\/amp-story-animation><amp-story-animation layout=\"nodisplay\" trigger=\"visibility\"><script type=\"application\/json\">[{\"selector\":\"#anim-e0726aaa-0870-4bc0-8102-380f55514451\",\"keyframes\":{\"opacity\":[0,1]},\"delay\":0,\"duration\":600,\"easing\":\"cubic-bezier(0.4, 0.4, 0.0, 1)\",\"fill\":\"both\"}]<\/script><\/amp-story-animation><amp-story-grid-layer template=\"vertical\" aspect-ratio=\"412:618\" class=\"grid-layer\"><\/p>\n<div class=\"page-fullbleed-area\" style=\"background-color:#5063f8\">\n<div class=\"page-safe-area\">\n<div style=\"position:absolute;pointer-events:none;left:0;top:-9.25926%;width:100%;height:118.51852%;opacity:1\">\n<div style=\"pointer-events:initial;width:100%;height:100%;display:block;position:absolute;top:0;left:0;z-index:0\" class=\"mask\" id=\"el-d2b72a51-1e66-4949-8dca-7e94d60af9ce\">\n<div class=\"fill\" style=\"will-change:transform\"><\/div>\n<\/div>\n<\/div>\n<\/div>\n<\/div>\n<p><\/amp-story-grid-layer><amp-story-grid-layer template=\"vertical\" aspect-ratio=\"412:618\" class=\"grid-layer\"><\/p>\n<div class=\"page-fullbleed-area\">\n<div class=\"page-safe-area\">\n<div style=\"position:absolute;pointer-events:none;left:0;top:-9.2233%;width:100.24272%;height:60.67961%;opacity:1\">\n<div style=\"pointer-events:initial;width:100%;height:100%;display:block;position:absolute;top:0;left:0;z-index:0\" class=\"mask\" id=\"el-7ea6faf4-79c1-4c85-baa8-8f8f53550695\">\n<div class=\"fill\" style=\"background-color:#f8f9f5;will-change:transform\"><\/div>\n<\/div>\n<\/div>\n<div style=\"position:absolute;pointer-events:none;left:14.07767%;top:11.16505%;width:74.27184%;height:19.7411%;opacity:1\">\n<div id=\"anim-320da851-a145-4763-b127-502538ca1d72\" class=\"animation-wrapper\" style=\"width:100%;height:100%;display:block;position:absolute;top:0;left:0;--initial-opacity:0;--initial-transform:none\">\n<div id=\"anim-ce758c79-61b6-44eb-8fb8-85446fef4800\" class=\"animation-wrapper\" style=\"width:100%;height:100%;display:block;position:absolute;top:0;left:0;--initial-opacity:1;--initial-transform:translate3d(-118.95425%, 0px, 0)\">\n<div style=\"pointer-events:initial;width:100%;height:100%;display:block;position:absolute;top:0;left:0;z-index:0\" id=\"el-8a26d018-0739-4342-b710-81b13a34441d\">\n<h3 class=\"fill text-wrapper\" style=\"white-space:pre-line;overflow-wrap:break-word;word-break:break-word;margin:1.0294117647058818% 0;font-family:&quot;Poppins&quot;,sans-serif;font-size:0.339806em;line-height:1.1;text-align:initial;padding:0;color:#000000\"><span>O Museu do Ipiranga, localizado em SP e grande s\u00edmbolo da Independ\u00eancia do Brasil, reabriu ap\u00f3s 9 anos fechado!<\/span><\/h3>\n<\/div>\n<\/div>\n<\/div>\n<\/div>\n<div style=\"position:absolute;pointer-events:none;left:0;top:46.44013%;width:100.24272%;height:64.07767%;opacity:1\">\n<div style=\"pointer-events:initial;width:100%;height:100%;display:block;position:absolute;top:0;left:0;z-index:0\" class=\"mask\" id=\"el-21758096-c7b6-43d4-bc9f-fd2e9434d798\">\n<div class=\"fill\" style=\"background-color:#245825;will-change:transform\"><\/div>\n<\/div>\n<\/div>\n<div style=\"position:absolute;pointer-events:none;left:5.09709%;top:50%;width:90.53398%;height:56.14887%;opacity:1\">\n<div id=\"anim-e0726aaa-0870-4bc0-8102-380f55514451\" class=\"animation-wrapper\" style=\"width:100%;height:100%;display:block;position:absolute;top:0;left:0;--initial-opacity:0;--initial-transform:none\">\n<div style=\"pointer-events:initial;width:100%;height:100%;display:block;position:absolute;top:0;left:0;z-index:0\" class=\"mask\" id=\"el-9e920425-d3be-4cc9-a9ee-914dc60cf5ba\">\n<div style=\"position:absolute;width:139.96583%;height:100%;left:-19.98291%;top:0%\" data-leaf-element=\"true\"><amp-video id=\"el-9e920425-d3be-4cc9-a9ee-914dc60cf5ba-media\" autoplay=\"autoplay\" loop=\"loop\" noaudio=\"noaudio\" poster=\"https:\/\/c.tenor.com\/mjk6KXGKl08AAAAe\/moya-patrick-moya.png\" layout=\"fill\" alt=\"V\u00eddeo que ilustra stories sobre reabertura do Museu do Ipiranga mostra um personagem de desenho em um museu.\"><source type=\"video\/mp4\" src=\"https:\/\/c.tenor.com\/mjk6KXGKl08AAAPo\/moya-patrick-moya.mp4\"\/><\/amp-video><\/div>\n<\/div>\n<\/div>\n<\/div>\n<\/div>\n<\/div>\n<p><\/amp-story-grid-layer><\/amp-story-page><amp-story-page id=\"b4f634dd-a5af-412c-97cb-9afe020ba2a3\" auto-advance-after=\"7s\"><amp-story-animation layout=\"nodisplay\" trigger=\"visibility\"><script type=\"application\/json\">[{\"selector\":\"#anim-725783ef-f8c7-4fa2-81f0-02d83395e89b\",\"keyframes\":{\"opacity\":[0,1]},\"delay\":0,\"duration\":600,\"easing\":\"cubic-bezier(0.2, 0.6, 0.0, 1)\",\"fill\":\"both\"}]<\/script><\/amp-story-animation><amp-story-animation layout=\"nodisplay\" trigger=\"visibility\"><script type=\"application\/json\">[{\"selector\":\"#anim-ee6686cd-6920-424d-88b0-c266a69d2c7c\",\"keyframes\":{\"transform\":[\"translate3d(-115.72327%, 0px, 0)\",\"translate3d(0px, 0px, 0)\"]},\"delay\":0,\"duration\":600,\"easing\":\"cubic-bezier(0.2, 0.6, 0.0, 1)\",\"fill\":\"both\"}]<\/script><\/amp-story-animation><amp-story-animation layout=\"nodisplay\" trigger=\"visibility\"><script type=\"application\/json\">[{\"selector\":\"#anim-263caf93-83fa-4e5e-afa1-3e7391f88c04\",\"keyframes\":{\"opacity\":[0,1]},\"delay\":0,\"duration\":600,\"easing\":\"cubic-bezier(0.4, 0.4, 0.0, 1)\",\"fill\":\"both\"}]<\/script><\/amp-story-animation><amp-story-grid-layer template=\"vertical\" aspect-ratio=\"412:618\" class=\"grid-layer\"><\/p>\n<div class=\"page-fullbleed-area\" style=\"background-color:#5063f8\">\n<div class=\"page-safe-area\">\n<div style=\"position:absolute;pointer-events:none;left:0;top:-9.25926%;width:100%;height:118.51852%;opacity:1\">\n<div style=\"pointer-events:initial;width:100%;height:100%;display:block;position:absolute;top:0;left:0;z-index:0\" class=\"mask\" id=\"el-2e03a50a-340f-4bad-8a00-0a23fab7c1b1\">\n<div class=\"fill\" style=\"will-change:transform\"><\/div>\n<\/div>\n<\/div>\n<\/div>\n<\/div>\n<p><\/amp-story-grid-layer><amp-story-grid-layer template=\"vertical\" aspect-ratio=\"412:618\" class=\"grid-layer\"><\/p>\n<div class=\"page-fullbleed-area\">\n<div class=\"page-safe-area\">\n<div style=\"position:absolute;pointer-events:none;left:0;top:-9.2233%;width:100.24272%;height:60.67961%;opacity:1\">\n<div style=\"pointer-events:initial;width:100%;height:100%;display:block;position:absolute;top:0;left:0;z-index:0\" class=\"mask\" id=\"el-ee75dd78-982f-456b-90cd-ad2916dd02fa\">\n<div class=\"fill\" style=\"background-color:#f8f9f5;will-change:transform\"><\/div>\n<\/div>\n<\/div>\n<div style=\"position:absolute;pointer-events:none;left:12.13592%;top:1.94175%;width:77.18447%;height:38.34951%;opacity:1\">\n<div id=\"anim-725783ef-f8c7-4fa2-81f0-02d83395e89b\" class=\"animation-wrapper\" style=\"width:100%;height:100%;display:block;position:absolute;top:0;left:0;--initial-opacity:0;--initial-transform:none\">\n<div id=\"anim-ee6686cd-6920-424d-88b0-c266a69d2c7c\" class=\"animation-wrapper\" style=\"width:100%;height:100%;display:block;position:absolute;top:0;left:0;--initial-opacity:1;--initial-transform:translate3d(-115.72327%, 0px, 0)\">\n<div style=\"pointer-events:initial;width:100%;height:100%;display:block;position:absolute;top:0;left:0;z-index:0\" id=\"el-d960c776-3fe2-456d-b7a2-ffcd70686a4b\">\n<h3 class=\"fill text-wrapper\" style=\"white-space:pre-line;overflow-wrap:break-word;word-break:break-word;margin:0.9905660377358486% 0;font-family:&quot;Poppins&quot;,sans-serif;font-size:0.339806em;line-height:1.1;text-align:initial;padding:0;color:#000000\"><span>O local passou por uma reforma com o objetivo de restaura\u00e7\u00e3o e moderniza\u00e7\u00e3o.<br \/>\n&nbsp;<br \/>\nAgora, com uma nova \u00e1rea de&nbsp;6.800 m\u00b2, que inclui sala de exposi\u00e7\u00f5es tempor\u00e1rias, salas para atendimento do programa educativo, caf\u00e9, audit\u00f3rio e lojas.<\/span><\/h3>\n<\/div>\n<\/div>\n<\/div>\n<\/div>\n<div style=\"position:absolute;pointer-events:none;left:0;top:46.44013%;width:100.24272%;height:64.07767%;opacity:1\">\n<div style=\"pointer-events:initial;width:100%;height:100%;display:block;position:absolute;top:0;left:0;z-index:0\" class=\"mask\" id=\"el-d008c956-d4d5-4e3f-8d5c-b8df3d1f8afd\">\n<div class=\"fill\" style=\"background-color:#245825;will-change:transform\"><\/div>\n<\/div>\n<\/div>\n<div style=\"position:absolute;pointer-events:none;left:5.09709%;top:50%;width:90.53398%;height:56.14887%;opacity:1\">\n<div id=\"anim-263caf93-83fa-4e5e-afa1-3e7391f88c04\" class=\"animation-wrapper\" style=\"width:100%;height:100%;display:block;position:absolute;top:0;left:0;--initial-opacity:0;--initial-transform:none\">\n<div style=\"pointer-events:initial;width:100%;height:100%;display:block;position:absolute;top:0;left:0;z-index:0\" class=\"mask\" id=\"el-89e21252-041c-498c-87ba-8c42e59b9d40\">\n<div style=\"position:absolute;width:100%;height:107.49279%;left:0%;top:-3.74639%\" data-leaf-element=\"true\"><amp-video id=\"el-89e21252-041c-498c-87ba-8c42e59b9d40-media\" autoplay=\"autoplay\" loop=\"loop\" noaudio=\"noaudio\" poster=\"https:\/\/c.tenor.com\/TE2sTs7mInMAAAAe\/staatsloterij-bouwvakker.png\" layout=\"fill\" alt=\"V\u00eddeo que ilustra stories sobre reabertura do Museu do Ipiranga mostra um homem que est\u00e1 trabalhando em uma obra dan\u00e7ando.\"><source type=\"video\/mp4\" src=\"https:\/\/c.tenor.com\/TE2sTs7mInMAAAPo\/staatsloterij-bouwvakker.mp4\"\/><\/amp-video><\/div>\n<\/div>\n<\/div>\n<\/div>\n<\/div>\n<\/div>\n<p><\/amp-story-grid-layer><\/amp-story-page><amp-story-page id=\"af1cedc5-1c4a-4d82-b9ec-e92539e0bf86\" auto-advance-after=\"7s\"><amp-story-animation layout=\"nodisplay\" trigger=\"visibility\"><script type=\"application\/json\">[{\"selector\":\"#anim-0377fff7-dff6-48f5-ae45-5c9ad82dd0e4\",\"keyframes\":{\"opacity\":[0,1]},\"delay\":0,\"duration\":600,\"easing\":\"cubic-bezier(0.2, 0.6, 0.0, 1)\",\"fill\":\"both\"}]<\/script><\/amp-story-animation><amp-story-animation layout=\"nodisplay\" trigger=\"visibility\"><script type=\"application\/json\">[{\"selector\":\"#anim-220b10df-0fe9-4ac8-a67f-e194d4d0bcc9\",\"keyframes\":{\"transform\":[\"translate3d(-115.33742%, 0px, 0)\",\"translate3d(0px, 0px, 0)\"]},\"delay\":0,\"duration\":600,\"easing\":\"cubic-bezier(0.2, 0.6, 0.0, 1)\",\"fill\":\"both\"}]<\/script><\/amp-story-animation><amp-story-animation layout=\"nodisplay\" trigger=\"visibility\"><script type=\"application\/json\">[{\"selector\":\"#anim-e4480f26-3c95-45d2-a3e5-b23ef6548d35\",\"keyframes\":{\"opacity\":[0,1]},\"delay\":0,\"duration\":600,\"easing\":\"cubic-bezier(0.4, 0.4, 0.0, 1)\",\"fill\":\"both\"}]<\/script><\/amp-story-animation><amp-story-grid-layer template=\"vertical\" aspect-ratio=\"412:618\" class=\"grid-layer\"><\/p>\n<div class=\"page-fullbleed-area\" style=\"background-color:#5063f8\">\n<div class=\"page-safe-area\">\n<div style=\"position:absolute;pointer-events:none;left:0;top:-9.25926%;width:100%;height:118.51852%;opacity:1\">\n<div style=\"pointer-events:initial;width:100%;height:100%;display:block;position:absolute;top:0;left:0;z-index:0\" class=\"mask\" id=\"el-7bfa7eb3-0087-4fa3-a045-42adf4af0c15\">\n<div class=\"fill\" style=\"will-change:transform\"><\/div>\n<\/div>\n<\/div>\n<\/div>\n<\/div>\n<p><\/amp-story-grid-layer><amp-story-grid-layer template=\"vertical\" aspect-ratio=\"412:618\" class=\"grid-layer\"><\/p>\n<div class=\"page-fullbleed-area\">\n<div class=\"page-safe-area\">\n<div style=\"position:absolute;pointer-events:none;left:0;top:-9.06149%;width:100.24272%;height:60.67961%;opacity:1\">\n<div style=\"pointer-events:initial;width:100%;height:100%;display:block;position:absolute;top:0;left:0;z-index:0\" class=\"mask\" id=\"el-260daccd-478c-4c12-a746-91748dae9158\">\n<div class=\"fill\" style=\"background-color:#f8f9f5;will-change:transform\"><\/div>\n<\/div>\n<\/div>\n<div style=\"position:absolute;pointer-events:none;left:12.13592%;top:7.9288%;width:79.12621%;height:23.46278%;opacity:1\">\n<div id=\"anim-0377fff7-dff6-48f5-ae45-5c9ad82dd0e4\" class=\"animation-wrapper\" style=\"width:100%;height:100%;display:block;position:absolute;top:0;left:0;--initial-opacity:0;--initial-transform:none\">\n<div id=\"anim-220b10df-0fe9-4ac8-a67f-e194d4d0bcc9\" class=\"animation-wrapper\" style=\"width:100%;height:100%;display:block;position:absolute;top:0;left:0;--initial-opacity:1;--initial-transform:translate3d(-115.33742%, 0px, 0)\">\n<div style=\"pointer-events:initial;width:100%;height:100%;display:block;position:absolute;top:0;left:0;z-index:0\" id=\"el-ceb19f15-c1f2-4837-9145-ff9c79387354\">\n<h3 class=\"fill text-wrapper\" style=\"white-space:pre-line;overflow-wrap:break-word;word-break:break-word;margin:0.9662576687116561% 0;font-family:&quot;Poppins&quot;,sans-serif;font-size:0.339806em;line-height:1.1;text-align:initial;padding:0;color:#000000\"><span>O projeto do \u201cNovo Museu do Ipiranga\u201d aumentou a capacidade de visita\u00e7\u00e3o para mais de 300.000 mil visitantes, trazendo tamb\u00e9m maior acessibilidade e inclus\u00e3o.<\/span><\/h3>\n<\/div>\n<\/div>\n<\/div>\n<\/div>\n<div style=\"position:absolute;pointer-events:none;left:0;top:46.44013%;width:100.24272%;height:64.07767%;opacity:1\">\n<div style=\"pointer-events:initial;width:100%;height:100%;display:block;position:absolute;top:0;left:0;z-index:0\" class=\"mask\" id=\"el-86ebfb3c-f492-4672-9750-64929e5d4fea\">\n<div class=\"fill\" style=\"background-color:#245825;will-change:transform\"><\/div>\n<\/div>\n<\/div>\n<div style=\"position:absolute;pointer-events:none;left:5.09709%;top:50%;width:90.53398%;height:56.14887%;opacity:1\">\n<div id=\"anim-e4480f26-3c95-45d2-a3e5-b23ef6548d35\" class=\"animation-wrapper\" style=\"width:100%;height:100%;display:block;position:absolute;top:0;left:0;--initial-opacity:0;--initial-transform:none\">\n<div style=\"pointer-events:initial;width:100%;height:100%;display:block;position:absolute;top:0;left:0;z-index:0\" class=\"mask\" id=\"el-c1016bc0-35ab-4d17-97f5-62280c515305\">\n<div style=\"position:absolute;width:100%;height:107.49279%;left:0%;top:-3.74639%\" data-leaf-element=\"true\"><amp-video id=\"el-c1016bc0-35ab-4d17-97f5-62280c515305-media\" autoplay=\"autoplay\" loop=\"loop\" noaudio=\"noaudio\" poster=\"https:\/\/c.tenor.com\/hRu-7ZSNtN8AAAAe\/minions-woohoo.png\" layout=\"fill\" alt=\"V\u00eddeo que ilustra stories sobre reabertura do Museu do Ipiranga mostra um personagem de desenho comemorando.\"><source type=\"video\/mp4\" src=\"https:\/\/c.tenor.com\/hRu-7ZSNtN8AAAPo\/minions-woohoo.mp4\"\/><\/amp-video><\/div>\n<\/div>\n<\/div>\n<\/div>\n<\/div>\n<\/div>\n<p><\/amp-story-grid-layer><\/amp-story-page><amp-story-page id=\"b6864588-2919-492f-b619-ad7b50f8ce47\" auto-advance-after=\"7s\"><amp-story-animation layout=\"nodisplay\" trigger=\"visibility\"><script type=\"application\/json\">[{\"selector\":\"#anim-d8438e42-1b30-49fd-8a7a-0cb7c93e00ec\",\"keyframes\":{\"opacity\":[0,1]},\"delay\":0,\"duration\":600,\"easing\":\"cubic-bezier(0.2, 0.6, 0.0, 1)\",\"fill\":\"both\"}]<\/script><\/amp-story-animation><amp-story-animation layout=\"nodisplay\" trigger=\"visibility\"><script type=\"application\/json\">[{\"selector\":\"#anim-10cca994-ad2a-4890-ac21-e5e6cb2350cb\",\"keyframes\":{\"transform\":[\"translate3d(-115.58442%, 0px, 0)\",\"translate3d(0px, 0px, 0)\"]},\"delay\":0,\"duration\":600,\"easing\":\"cubic-bezier(0.2, 0.6, 0.0, 1)\",\"fill\":\"both\"}]<\/script><\/amp-story-animation><amp-story-animation layout=\"nodisplay\" trigger=\"visibility\"><script type=\"application\/json\">[{\"selector\":\"#anim-8e30fc4f-f032-4137-86d5-9857b86edbd9\",\"keyframes\":{\"opacity\":[0,1]},\"delay\":0,\"duration\":600,\"easing\":\"cubic-bezier(0.4, 0.4, 0.0, 1)\",\"fill\":\"both\"}]<\/script><\/amp-story-animation><amp-story-grid-layer template=\"vertical\" aspect-ratio=\"412:618\" class=\"grid-layer\"><\/p>\n<div class=\"page-fullbleed-area\" style=\"background-color:#5063f8\">\n<div class=\"page-safe-area\">\n<div style=\"position:absolute;pointer-events:none;left:0;top:-9.25926%;width:100%;height:118.51852%;opacity:1\">\n<div style=\"pointer-events:initial;width:100%;height:100%;display:block;position:absolute;top:0;left:0;z-index:0\" class=\"mask\" id=\"el-974e1973-f3ed-45fd-a6dc-b013f8606e2d\">\n<div class=\"fill\" style=\"will-change:transform\"><\/div>\n<\/div>\n<\/div>\n<\/div>\n<\/div>\n<p><\/amp-story-grid-layer><amp-story-grid-layer template=\"vertical\" aspect-ratio=\"412:618\" class=\"grid-layer\"><\/p>\n<div class=\"page-fullbleed-area\">\n<div class=\"page-safe-area\">\n<div style=\"position:absolute;pointer-events:none;left:0;top:-9.2233%;width:100.24272%;height:60.67961%;opacity:1\">\n<div style=\"pointer-events:initial;width:100%;height:100%;display:block;position:absolute;top:0;left:0;z-index:0\" class=\"mask\" id=\"el-52bdde3f-8c7d-4bc0-a428-6c10521bfbc4\">\n<div class=\"fill\" style=\"background-color:#f8f9f5;will-change:transform\"><\/div>\n<\/div>\n<\/div>\n<div style=\"position:absolute;pointer-events:none;left:11.65049%;top:5.66343%;width:74.75728%;height:34.62783%;opacity:1\">\n<div id=\"anim-d8438e42-1b30-49fd-8a7a-0cb7c93e00ec\" class=\"animation-wrapper\" style=\"width:100%;height:100%;display:block;position:absolute;top:0;left:0;--initial-opacity:0;--initial-transform:none\">\n<div id=\"anim-10cca994-ad2a-4890-ac21-e5e6cb2350cb\" class=\"animation-wrapper\" style=\"width:100%;height:100%;display:block;position:absolute;top:0;left:0;--initial-opacity:1;--initial-transform:translate3d(-115.58442%, 0px, 0)\">\n<div style=\"pointer-events:initial;width:100%;height:100%;display:block;position:absolute;top:0;left:0;z-index:0\" id=\"el-07d6fdf9-e0d3-4872-bb77-509414057481\">\n<h3 class=\"fill text-wrapper\" style=\"white-space:pre-line;overflow-wrap:break-word;word-break:break-word;margin:1.0227272727272723% 0;font-family:&quot;Poppins&quot;,sans-serif;font-size:0.339806em;line-height:1.1;text-align:initial;padding:0;color:#000000\"><span>Dia 07\/09, data da independ\u00eancia, a inaugura\u00e7\u00e3o ir\u00e1 receber apenas familiares dos trabalhadores que participaram das obras, estudantes e professores de escolas p\u00fablicas.<\/p>\n<p><\/span><\/h3>\n<\/div>\n<\/div>\n<\/div>\n<\/div>\n<div style=\"position:absolute;pointer-events:none;left:0;top:46.44013%;width:100.24272%;height:64.07767%;opacity:1\">\n<div style=\"pointer-events:initial;width:100%;height:100%;display:block;position:absolute;top:0;left:0;z-index:0\" class=\"mask\" id=\"el-82f90beb-4c21-4a1a-98c7-b1a64bc46f64\">\n<div class=\"fill\" style=\"background-color:#245825;will-change:transform\"><\/div>\n<\/div>\n<\/div>\n<div style=\"position:absolute;pointer-events:none;left:5.09709%;top:50%;width:90.53398%;height:56.14887%;opacity:1\">\n<div id=\"anim-8e30fc4f-f032-4137-86d5-9857b86edbd9\" class=\"animation-wrapper\" style=\"width:100%;height:100%;display:block;position:absolute;top:0;left:0;--initial-opacity:0;--initial-transform:none\">\n<div style=\"pointer-events:initial;width:100%;height:100%;display:block;position:absolute;top:0;left:0;z-index:0\" class=\"mask\" id=\"el-3b93dfbf-9cb5-4769-a2d5-43953ec3321c\">\n<div style=\"position:absolute;width:133.89794%;height:100%;left:-16.94897%;top:0%\" data-leaf-element=\"true\"><amp-video id=\"el-3b93dfbf-9cb5-4769-a2d5-43953ec3321c-media\" autoplay=\"autoplay\" loop=\"loop\" noaudio=\"noaudio\" poster=\"https:\/\/c.tenor.com\/FgNJSmz4G3AAAAAe\/school.png\" layout=\"fill\" alt=\"V\u00eddeo que ilustra stories sobre reabertura do Museu do Ipiranga mostra personagens de desenho em uma sala de aula comemorando que a aula acabou.\"><source type=\"video\/mp4\" src=\"https:\/\/c.tenor.com\/FgNJSmz4G3AAAAPo\/school.mp4\"\/><\/amp-video><\/div>\n<\/div>\n<\/div>\n<\/div>\n<\/div>\n<\/div>\n<p><\/amp-story-grid-layer><\/amp-story-page><amp-story-page id=\"119d2e9e-7fbb-41e9-be1d-9197d60175cb\" auto-advance-after=\"7s\"><amp-story-animation layout=\"nodisplay\" trigger=\"visibility\"><script type=\"application\/json\">[{\"selector\":\"#anim-50bbe6d2-4e21-42d7-ad1f-87735e1c849f\",\"keyframes\":{\"opacity\":[0,1]},\"delay\":0,\"duration\":600,\"easing\":\"cubic-bezier(0.2, 0.6, 0.0, 1)\",\"fill\":\"both\"}]<\/script><\/amp-story-animation><amp-story-animation layout=\"nodisplay\" trigger=\"visibility\"><script type=\"application\/json\">[{\"selector\":\"#anim-7ff8dfb9-8ef5-44c6-b1b4-6ab76d8913b1\",\"keyframes\":{\"transform\":[\"translate3d(-114.41718%, 0px, 0)\",\"translate3d(0px, 0px, 0)\"]},\"delay\":0,\"duration\":600,\"easing\":\"cubic-bezier(0.2, 0.6, 0.0, 1)\",\"fill\":\"both\"}]<\/script><\/amp-story-animation><amp-story-animation layout=\"nodisplay\" trigger=\"visibility\"><script type=\"application\/json\">[{\"selector\":\"#anim-767697bd-980a-4a1f-a35f-f30f013a0f65\",\"keyframes\":{\"opacity\":[0,1]},\"delay\":0,\"duration\":600,\"easing\":\"cubic-bezier(0.4, 0.4, 0.0, 1)\",\"fill\":\"both\"}]<\/script><\/amp-story-animation><amp-story-grid-layer template=\"vertical\" aspect-ratio=\"412:618\" class=\"grid-layer\"><\/p>\n<div class=\"page-fullbleed-area\" style=\"background-color:#5063f8\">\n<div class=\"page-safe-area\">\n<div style=\"position:absolute;pointer-events:none;left:0;top:-9.25926%;width:100%;height:118.51852%;opacity:1\">\n<div style=\"pointer-events:initial;width:100%;height:100%;display:block;position:absolute;top:0;left:0;z-index:0\" class=\"mask\" id=\"el-36e9234b-78a5-47bc-9077-03ebb193e355\">\n<div class=\"fill\" style=\"will-change:transform\"><\/div>\n<\/div>\n<\/div>\n<\/div>\n<\/div>\n<p><\/amp-story-grid-layer><amp-story-grid-layer template=\"vertical\" aspect-ratio=\"412:618\" class=\"grid-layer\"><\/p>\n<div class=\"page-fullbleed-area\">\n<div class=\"page-safe-area\">\n<div style=\"position:absolute;pointer-events:none;left:0;top:-9.2233%;width:100.24272%;height:60.67961%;opacity:1\">\n<div style=\"pointer-events:initial;width:100%;height:100%;display:block;position:absolute;top:0;left:0;z-index:0\" class=\"mask\" id=\"el-7137e159-60ee-4c1d-982f-b293c3348e6d\">\n<div class=\"fill\" style=\"background-color:#f8f9f5;will-change:transform\"><\/div>\n<\/div>\n<\/div>\n<div style=\"position:absolute;pointer-events:none;left:11.40777%;top:4.53074%;width:79.12621%;height:34.62783%;opacity:1\">\n<div id=\"anim-50bbe6d2-4e21-42d7-ad1f-87735e1c849f\" class=\"animation-wrapper\" style=\"width:100%;height:100%;display:block;position:absolute;top:0;left:0;--initial-opacity:0;--initial-transform:none\">\n<div id=\"anim-7ff8dfb9-8ef5-44c6-b1b4-6ab76d8913b1\" class=\"animation-wrapper\" style=\"width:100%;height:100%;display:block;position:absolute;top:0;left:0;--initial-opacity:1;--initial-transform:translate3d(-114.41718%, 0px, 0)\">\n<div style=\"pointer-events:initial;width:100%;height:100%;display:block;position:absolute;top:0;left:0;z-index:0\" id=\"el-e31759ed-1c18-458a-9969-6348b67072d8\">\n<h3 class=\"fill text-wrapper\" style=\"white-space:pre-line;overflow-wrap:break-word;word-break:break-word;margin:0.9662576687116561% 0;font-family:&quot;Poppins&quot;,sans-serif;font-size:0.339806em;line-height:1.1;text-align:initial;padding:0;color:#000000\"><span>A partir do dia 08\/09 o local estar\u00e1 aberto para a visita\u00e7\u00e3o do p\u00fablico em geral, mediante pr\u00e9-agendamento online.<\/p>\n<p>A visita\u00e7\u00e3o ao Museu do Ipiranga ir\u00e1 se manter gratuita at\u00e9 dia 6\/11.<\/p>\n<p><\/span><\/h3>\n<\/div>\n<\/div>\n<\/div>\n<\/div>\n<div style=\"position:absolute;pointer-events:none;left:0;top:46.44013%;width:100.24272%;height:64.07767%;opacity:1\">\n<div style=\"pointer-events:initial;width:100%;height:100%;display:block;position:absolute;top:0;left:0;z-index:0\" class=\"mask\" id=\"el-741998e8-cdfe-4938-a24e-ddd5945be0e7\">\n<div class=\"fill\" style=\"background-color:#245825;will-change:transform\"><\/div>\n<\/div>\n<\/div>\n<div style=\"position:absolute;pointer-events:none;left:5.09709%;top:50%;width:90.53398%;height:56.14887%;opacity:1\">\n<div id=\"anim-767697bd-980a-4a1f-a35f-f30f013a0f65\" class=\"animation-wrapper\" style=\"width:100%;height:100%;display:block;position:absolute;top:0;left:0;--initial-opacity:0;--initial-transform:none\">\n<div style=\"pointer-events:initial;width:100%;height:100%;display:block;position:absolute;top:0;left:0;z-index:0\" class=\"mask\" id=\"el-78abbf03-26ba-4e36-a077-bc20767c714d\">\n<div style=\"position:absolute;width:122.56267%;height:100%;left:-11.28133%;top:0%\" data-leaf-element=\"true\"><amp-video id=\"el-78abbf03-26ba-4e36-a077-bc20767c714d-media\" autoplay=\"autoplay\" loop=\"loop\" noaudio=\"noaudio\" poster=\"https:\/\/c.tenor.com\/xtoeWJPbTugAAAAe\/spongebob-dance.png\" layout=\"fill\" alt=\"V\u00eddeo que ilustra stories sobre reabertura do Museu do Ipiranga mostra um personagem de desenho dan\u00e7ando e com fei\u00e7\u00e3o de sorridente.\"><source type=\"video\/mp4\" src=\"https:\/\/c.tenor.com\/xtoeWJPbTugAAAPo\/spongebob-dance.mp4\"\/><\/amp-video><\/div>\n<\/div>\n<\/div>\n<\/div>\n<\/div>\n<\/div>\n<p><\/amp-story-grid-layer><\/amp-story-page><amp-story-page id=\"a2b48a03-fac8-4c26-a9c0-af96cda262c5\" auto-advance-after=\"7s\"><amp-story-grid-layer template=\"vertical\" aspect-ratio=\"412:618\" class=\"grid-layer\"><\/p>\n<div class=\"page-fullbleed-area\" style=\"background-color:#245825\">\n<div class=\"page-safe-area\">\n<div style=\"position:absolute;pointer-events:none;left:0;top:-9.25926%;width:100%;height:118.51852%;opacity:1\">\n<div style=\"pointer-events:initial;width:100%;height:100%;display:block;position:absolute;top:0;left:0;z-index:0\" class=\"mask\" id=\"el-e846e6b1-26f8-4708-8ddc-8a63932b26c5\">\n<div class=\"fill\" style=\"will-change:transform\"><\/div>\n<\/div>\n<\/div>\n<\/div>\n<\/div>\n<p><\/amp-story-grid-layer><amp-story-grid-layer template=\"vertical\" aspect-ratio=\"412:618\" class=\"grid-layer\"><\/p>\n<div class=\"page-fullbleed-area\">\n<div class=\"page-safe-area\">\n<div style=\"position:absolute;pointer-events:none;left:11.65049%;top:45.46926%;width:78.15534%;height:39.80583%;opacity:1\">\n<div style=\"pointer-events:initial;width:100%;height:100%;display:block;position:absolute;top:0;left:0;z-index:0;border-radius:0.6211180124223602% 0.6211180124223602% 0.6211180124223602% 0.6211180124223602% \/ 0.8130081300813009% 0.8130081300813009% 0.8130081300813009% 0.8130081300813009%\" id=\"el-2890fb4a-7df1-4269-9ffa-d235b58c7f79\">\n<h2 class=\"fill text-wrapper\" style=\"white-space:pre-line;overflow-wrap:break-word;word-break:break-word;margin:1.2577639751552787% 0;font-family:&quot;Poppins&quot;,sans-serif;font-size:0.436893em;line-height:1.1;text-align:left;padding:0;color:#000000\"><span><span style=\"font-weight: 600; color: #f8f9f5\">J\u00e1 pensou morar perto do Museu do Ipiranga?<\/span><\/p>\n<p><span style=\"font-weight: 600; color: #f8f9f5\">Leia a mat\u00e9ria e saiba mais &nbsp;detalhes sobre esse e outros importantes museus de SP!<\/span><\/span><\/h2>\n<\/div>\n<\/div>\n<div style=\"position:absolute;pointer-events:none;left:0;top:-14.23948%;width:132.03883%;height:49.67638%;opacity:1\">\n<div style=\"pointer-events:initial;width:100%;height:100%;display:block;position:absolute;top:0;left:0;z-index:0\" class=\"mask\" id=\"el-7516ecb7-5cf7-4f97-a95b-02c29f143028\">\n<div style=\"position:absolute;width:100.39653%;height:100%;left:-0.19827%;top:0%\" data-leaf-element=\"true\"><amp-img layout=\"fill\" src=\"https:\/\/www.quintoandar.com.br\/guias\/wp-content\/uploads\/2022\/03\/image1-1-scaled.jpeg\" alt=\"Ilustra\u00e7\u00e3o do stories sobre a reabertura do museu do ipiranga mostra uma pra\u00e7a de uma cidade com diferentes pessoas. Entre elas: um homem engravatado em uma bicicleta; uma m\u00e3e pegando uma crian\u00e7a no colo; um idoso sentado com uma sacola de mercado ao lado.\" srcSet=\"https:\/\/www.quintoandar.com.br\/guias\/wp-content\/uploads\/2022\/03\/image1-1-scaled.jpeg 2560w,https:\/\/www.quintoandar.com.br\/guias\/wp-content\/uploads\/2022\/03\/image1-1-2048x1151.jpeg 2048w,https:\/\/www.quintoandar.com.br\/guias\/wp-content\/uploads\/2022\/03\/image1-1-1536x864.jpeg 1536w,https:\/\/www.quintoandar.com.br\/guias\/wp-content\/uploads\/2022\/03\/image1-1-1024x576.jpeg 1024w,https:\/\/www.quintoandar.com.br\/guias\/wp-content\/uploads\/2022\/03\/image1-1-768x432.jpeg 768w,https:\/\/www.quintoandar.com.br\/guias\/wp-content\/uploads\/2022\/03\/image1-1-300x169.jpeg 300w,https:\/\/www.quintoandar.com.br\/guias\/wp-content\/uploads\/2022\/03\/image1-1-150x84.jpeg 150w\" sizes=\"(min-width: 1024px) 59vh, 132vw\" disable-inline-width=\"true\"><\/amp-img><\/div>\n<\/div>\n<\/div>\n<\/div>\n<\/div>\n<p><\/amp-story-grid-layer><amp-story-page-outlink layout=\"nodisplay\" cta-image=\"https:\/\/www.quintoandar.com.br\/guias\/wp-content\/uploads\/2022\/08\/MASP_Brazil-1.jpg\"><a href=\"https:\/\/www.quintoandar.com.br\/guias\/museus-em-sao-paulo\" rel=\"\">Veja mais<\/a><\/amp-story-page-outlink><\/amp-story-page><\/amp-story><\/body><\/html><\/p>\n<style class=\"advgb-styles-renderer\">body{-webkit-animation:-amp-start 8s steps(1,end) 0s 1 normal both;-moz-animation:-amp-start 8s steps(1,end) 0s 1 normal both;-ms-animation:-amp-start 8s steps(1,end) 0s 1 normal both;animation:-amp-start 8s steps(1,end) 0s 1 normal both}@-webkit-keyframes -amp-start{from{visibility:hidden}to{visibility:visible}}@-moz-keyframes -amp-start{from{visibility:hidden}to{visibility:visible}}@-ms-keyframes -amp-start{from{visibility:hidden}to{visibility:visible}}@-o-keyframes -amp-start{from{visibility:hidden}to{visibility:visible}}@keyframes -amp-start{from{visibility:hidden}to{visibility:visible}}body{-webkit-animation:none;-moz-animation:none;-ms-animation:none;animation:none}\n              h1, h2, h3 { font-weight: normal; }<\/p>\n<p>              amp-story-page {\n                background-color: #131516;\n              }<\/p>\n<p>              amp-story-grid-layer {\n                overflow: visible;\n              }<\/p>\n<p>              @media (max-aspect-ratio: 9 \/ 16)  {\n                @media (min-aspect-ratio: 320 \/ 678) {\n                  amp-story-grid-layer.grid-layer {\n                    margin-top: calc((100% \/ 0.5625 - 100% \/ 0.6666666666666666) \/ 2);\n                  }\n                }\n              }<\/p>\n<p>              @media not all and (min-resolution:.001dpcm) {\n                @media {\n                  p.text-wrapper > span {\n                    font-size: calc(100% - 0.5px);\n                  }\n                }\n              }<\/p>\n<p>              .page-fullbleed-area,\n              .page-background-overlay-area {\n                position: absolute;\n                overflow: hidden;\n                width: 100%;\n                left: 0;\n                height: calc(1.1851851851851851 * 100%);\n                top: calc((1 - 1.1851851851851851) * 100% \/ 2);\n              }<\/p>\n<p>              .element-overlay-area {\n                position: absolute;\n                width: 100%;\n                height: 100%;\n                top: 0;\n                left: 0;\n              }<\/p>\n<p>              .page-safe-area {\n                overflow: visible;\n                position: absolute;\n                top: 0;\n                bottom: 0;\n                left: 0;\n                right: 0;\n                width: 100%;\n                height: calc(0.84375 * 100%);\n                margin: auto 0;\n              }<\/p>\n<p>              .mask {\n                position: absolute;\n                overflow: hidden;\n              }<\/p>\n<p>              .fill {\n                position: absolute;\n                top: 0;\n                left: 0;\n                right: 0;\n                bottom: 0;\n                margin: 0;\n              }<\/p>\n<p>              @media (prefers-reduced-motion: no-preference) {\n                .animation-wrapper {\n                  opacity: var(--initial-opacity);\n                  transform: var(--initial-transform);\n                }\n              }<\/p>\n<p>              amp-story-grid-layer.align-bottom {\n                align-content: end;\n                padding: 0;\n              }<\/p>\n<p>              .captions-area {\n                padding: 0 32px 0;\n              }<\/p>\n<p>              amp-story-captions {\n                margin-bottom: 16px;\n                text-align: center;\n              }<\/p>\n<p>              amp-story-captions span {\n                display: inline-block;\n                margin: 0;\n                padding: 6px 12px;\n                vertical-align: middle;\n                border-radius: 15px;\n                background: rgba(11, 11, 11, 0.6);\n                color: rgba(255, 255, 255, 1);\n                font-family: -apple-system, BlinkMacSystemFont, \"Segoe UI\", Roboto, Oxygen-Sans, Ubuntu, Cantarell, \"Helvetica Neue\", sans-serif;;\n                font-size: calc(4 * var(--story-page-vw));\n                line-height: 1.4;\n                word-break: break-word;\n                word-wrap: break-word;\n                overflow-wrap: break-word;\n              }\n              <\/style>\n<div style='text-align:left' class='yasr-auto-insert-visitor'><\/div>","protected":false},"excerpt":{"rendered":"<p>Depois de 9 anos fechado o importante Museu do Ipiranga ser\u00e1 reaberto no feriado do dia 7 de setembro, data que marca 200 anos da independ\u00eancia do pa\u00eds. Veja mais infos a seguir!<\/p>\n","protected":false},"author":45,"featured_media":451147,"template":"","meta":{"_acf_changed":false,"resume_ai_summary":"","resume_ai_faq":[],"resume_ai_related_posts":[],"resume_ai_schema_generator_schema":"","resume_ai_schema_generator_approved":0,"advgb_blocks_editor_width":"","advgb_blocks_columns_visual_guide":"","yasr_overall_rating":0,"yasr_post_is_review":"","yasr_auto_insert_disabled":"","yasr_review_type":"","web_stories_publisher_logo":428798,"web_stories_poster":[],"web_stories_products":[],"footnotes":""},"web_story_category":[],"web_story_tag":[],"class_list":["post-451142","web-story","type-web-story","status-publish","has-post-thumbnail","hentry"],"yoast_head":"<!-- This site is optimized with the Yoast SEO Premium plugin v26.9 (Yoast SEO v27.3) - https:\/\/yoast.com\/product\/yoast-seo-premium-wordpress\/ -->\n<title>A reabertura do Museu do Ipiranga - QuintoAndar Guias<\/title>\n<meta name=\"description\" content=\"Depois de 9 anos fechado o importante Museu do Ipiranga ser\u00e1 reaberto no feriado do dia 7 de setembro, data que marca 200 anos da independ\u00eancia do pa\u00eds. Veja mais infos a seguir!\" \/>\n<meta name=\"robots\" content=\"index, follow, max-snippet:-1, max-image-preview:large, max-video-preview:-1\" \/>\n<link rel=\"canonical\" href=\"https:\/\/www.quintoandar.com.br\/guias\/web-stories\/reabertura-museu-do-ipiranga\/\" \/>\n<meta property=\"og:locale\" content=\"pt_BR\" \/>\n<meta property=\"og:type\" content=\"article\" \/>\n<meta property=\"og:title\" content=\"A reabertura do Museu do Ipiranga\" \/>\n<meta property=\"og:description\" content=\"Depois de 9 anos fechado o importante Museu do Ipiranga ser\u00e1 reaberto no feriado do dia 7 de setembro, data que marca 200 anos da independ\u00eancia do pa\u00eds. Veja mais infos a seguir!\" \/>\n<meta property=\"og:url\" content=\"https:\/\/www.quintoandar.com.br\/guias\/web-stories\/reabertura-museu-do-ipiranga\/\" \/>\n<meta property=\"og:site_name\" content=\"QuintoAndar Guias\" \/>\n<meta property=\"article:publisher\" content=\"https:\/\/www.facebook.com\/quintoandar.com.br\/\" \/>\n<meta property=\"article:modified_time\" content=\"2023-04-24T18:13:39+00:00\" \/>\n<meta property=\"og:image\" content=\"https:\/\/www.quintoandar.com.br\/guias\/wp-content\/uploads\/2022\/09\/cropped-imagens-do-museu-do-ipiranga_47471316621_o.jpg\" \/>\n\t<meta property=\"og:image:width\" content=\"640\" \/>\n\t<meta property=\"og:image:height\" content=\"853\" \/>\n\t<meta property=\"og:image:type\" content=\"image\/jpeg\" \/>\n<meta name=\"twitter:card\" content=\"summary_large_image\" \/>\n<meta name=\"twitter:label1\" content=\"Est. tempo de leitura\" \/>\n\t<meta name=\"twitter:data1\" content=\"1 minuto\" \/>\n<script type=\"application\/ld+json\" class=\"yoast-schema-graph\">{\"@context\":\"https:\\\/\\\/schema.org\",\"@graph\":[{\"@type\":\"Article\",\"@id\":\"https:\\\/\\\/www.quintoandar.com.br\\\/guias\\\/web-stories\\\/reabertura-museu-do-ipiranga\\\/#article\",\"isPartOf\":{\"@id\":\"https:\\\/\\\/www.quintoandar.com.br\\\/guias\\\/web-stories\\\/reabertura-museu-do-ipiranga\\\/\"},\"author\":{\"name\":\"Samantha Silva\",\"@id\":\"https:\\\/\\\/www.quintoandar.com.br\\\/guias\\\/#\\\/schema\\\/person\\\/f24d12d0fe0de5638ce540ae5e992867\"},\"headline\":\"A reabertura do Museu do Ipiranga\",\"datePublished\":\"2022-09-07T10:00:00+00:00\",\"dateModified\":\"2023-04-24T18:13:39+00:00\",\"mainEntityOfPage\":{\"@id\":\"https:\\\/\\\/www.quintoandar.com.br\\\/guias\\\/web-stories\\\/reabertura-museu-do-ipiranga\\\/\"},\"wordCount\":194,\"image\":{\"@id\":\"https:\\\/\\\/www.quintoandar.com.br\\\/guias\\\/web-stories\\\/reabertura-museu-do-ipiranga\\\/#primaryimage\"},\"thumbnailUrl\":\"https:\\\/\\\/www.quintoandar.com.br\\\/guias\\\/wp-content\\\/uploads\\\/2022\\\/09\\\/cropped-imagens-do-museu-do-ipiranga_47471316621_o.jpg\",\"inLanguage\":\"pt-BR\"},{\"@type\":\"WebPage\",\"@id\":\"https:\\\/\\\/www.quintoandar.com.br\\\/guias\\\/web-stories\\\/reabertura-museu-do-ipiranga\\\/\",\"url\":\"https:\\\/\\\/www.quintoandar.com.br\\\/guias\\\/web-stories\\\/reabertura-museu-do-ipiranga\\\/\",\"name\":\"A reabertura do Museu do Ipiranga - QuintoAndar Guias\",\"isPartOf\":{\"@id\":\"https:\\\/\\\/www.quintoandar.com.br\\\/guias\\\/#website\"},\"primaryImageOfPage\":{\"@id\":\"https:\\\/\\\/www.quintoandar.com.br\\\/guias\\\/web-stories\\\/reabertura-museu-do-ipiranga\\\/#primaryimage\"},\"image\":{\"@id\":\"https:\\\/\\\/www.quintoandar.com.br\\\/guias\\\/web-stories\\\/reabertura-museu-do-ipiranga\\\/#primaryimage\"},\"thumbnailUrl\":\"https:\\\/\\\/www.quintoandar.com.br\\\/guias\\\/wp-content\\\/uploads\\\/2022\\\/09\\\/cropped-imagens-do-museu-do-ipiranga_47471316621_o.jpg\",\"datePublished\":\"2022-09-07T10:00:00+00:00\",\"dateModified\":\"2023-04-24T18:13:39+00:00\",\"breadcrumb\":{\"@id\":\"https:\\\/\\\/www.quintoandar.com.br\\\/guias\\\/web-stories\\\/reabertura-museu-do-ipiranga\\\/#breadcrumb\"},\"inLanguage\":\"pt-BR\",\"potentialAction\":[{\"@type\":\"ReadAction\",\"target\":[\"https:\\\/\\\/www.quintoandar.com.br\\\/guias\\\/web-stories\\\/reabertura-museu-do-ipiranga\\\/\"]}]},{\"@type\":\"ImageObject\",\"inLanguage\":\"pt-BR\",\"@id\":\"https:\\\/\\\/www.quintoandar.com.br\\\/guias\\\/web-stories\\\/reabertura-museu-do-ipiranga\\\/#primaryimage\",\"url\":\"https:\\\/\\\/www.quintoandar.com.br\\\/guias\\\/wp-content\\\/uploads\\\/2022\\\/09\\\/cropped-imagens-do-museu-do-ipiranga_47471316621_o.jpg\",\"contentUrl\":\"https:\\\/\\\/www.quintoandar.com.br\\\/guias\\\/wp-content\\\/uploads\\\/2022\\\/09\\\/cropped-imagens-do-museu-do-ipiranga_47471316621_o.jpg\",\"width\":640,\"height\":853,\"caption\":\"Imagens do Museu do Ipiranga.\"},{\"@type\":\"BreadcrumbList\",\"@id\":\"https:\\\/\\\/www.quintoandar.com.br\\\/guias\\\/web-stories\\\/reabertura-museu-do-ipiranga\\\/#breadcrumb\",\"itemListElement\":[{\"@type\":\"ListItem\",\"position\":1,\"name\":\"Home\",\"item\":\"https:\\\/\\\/www.quintoandar.com.br\\\/guias\\\/\"},{\"@type\":\"ListItem\",\"position\":2,\"name\":\"Story\",\"item\":\"https:\\\/\\\/www.quintoandar.com.br\\\/guias\\\/webstories\\\/\"},{\"@type\":\"ListItem\",\"position\":3,\"name\":\"A reabertura do Museu do Ipiranga\"}]},{\"@type\":\"WebSite\",\"@id\":\"https:\\\/\\\/www.quintoandar.com.br\\\/guias\\\/#website\",\"url\":\"https:\\\/\\\/www.quintoandar.com.br\\\/guias\\\/\",\"name\":\"QuintoAndar Guias\",\"description\":\"Inspira\u00e7\u00e3o e tudo o que voc\u00ea precisa saber sobre o jeito mais f\u00e1cil de alugar e morar.\",\"potentialAction\":[{\"@type\":\"SearchAction\",\"target\":{\"@type\":\"EntryPoint\",\"urlTemplate\":\"https:\\\/\\\/www.quintoandar.com.br\\\/guias\\\/?s={search_term_string}\"},\"query-input\":{\"@type\":\"PropertyValueSpecification\",\"valueRequired\":true,\"valueName\":\"search_term_string\"}}],\"inLanguage\":\"pt-BR\"},{\"@type\":\"Person\",\"@id\":\"https:\\\/\\\/www.quintoandar.com.br\\\/guias\\\/#\\\/schema\\\/person\\\/f24d12d0fe0de5638ce540ae5e992867\",\"name\":\"Samantha Silva\",\"image\":{\"@type\":\"ImageObject\",\"inLanguage\":\"pt-BR\",\"@id\":\"https:\\\/\\\/secure.gravatar.com\\\/avatar\\\/19caf728ff50fe784eb0610c2f3b2d62a8d8fbfa00158fbb42aae55f817e8e90?s=96&d=mm&r=g\",\"url\":\"https:\\\/\\\/secure.gravatar.com\\\/avatar\\\/19caf728ff50fe784eb0610c2f3b2d62a8d8fbfa00158fbb42aae55f817e8e90?s=96&d=mm&r=g\",\"contentUrl\":\"https:\\\/\\\/secure.gravatar.com\\\/avatar\\\/19caf728ff50fe784eb0610c2f3b2d62a8d8fbfa00158fbb42aae55f817e8e90?s=96&d=mm&r=g\",\"caption\":\"Samantha Silva\"},\"url\":\"https:\\\/\\\/www.quintoandar.com.br\\\/guias\\\/author\\\/samantha-silva\\\/\"},false]}<\/script>\n<!-- \/ Yoast SEO Premium plugin. -->","yoast_head_json":{"title":"A reabertura do Museu do Ipiranga - QuintoAndar Guias","description":"Depois de 9 anos fechado o importante Museu do Ipiranga ser\u00e1 reaberto no feriado do dia 7 de setembro, data que marca 200 anos da independ\u00eancia do pa\u00eds. Veja mais infos a seguir!","robots":{"index":"index","follow":"follow","max-snippet":"max-snippet:-1","max-image-preview":"max-image-preview:large","max-video-preview":"max-video-preview:-1"},"canonical":"https:\/\/www.quintoandar.com.br\/guias\/web-stories\/reabertura-museu-do-ipiranga\/","og_locale":"pt_BR","og_type":"article","og_title":"A reabertura do Museu do Ipiranga","og_description":"Depois de 9 anos fechado o importante Museu do Ipiranga ser\u00e1 reaberto no feriado do dia 7 de setembro, data que marca 200 anos da independ\u00eancia do pa\u00eds. Veja mais infos a seguir!","og_url":"https:\/\/www.quintoandar.com.br\/guias\/web-stories\/reabertura-museu-do-ipiranga\/","og_site_name":"QuintoAndar Guias","article_publisher":"https:\/\/www.facebook.com\/quintoandar.com.br\/","article_modified_time":"2023-04-24T18:13:39+00:00","og_image":[{"width":640,"height":853,"url":"https:\/\/www.quintoandar.com.br\/guias\/wp-content\/uploads\/2022\/09\/cropped-imagens-do-museu-do-ipiranga_47471316621_o.jpg","type":"image\/jpeg"}],"twitter_card":"summary_large_image","twitter_misc":{"Est. tempo de leitura":"1 minuto"},"schema":{"@context":"https:\/\/schema.org","@graph":[{"@type":"Article","@id":"https:\/\/www.quintoandar.com.br\/guias\/web-stories\/reabertura-museu-do-ipiranga\/#article","isPartOf":{"@id":"https:\/\/www.quintoandar.com.br\/guias\/web-stories\/reabertura-museu-do-ipiranga\/"},"author":{"name":"Samantha Silva","@id":"https:\/\/www.quintoandar.com.br\/guias\/#\/schema\/person\/f24d12d0fe0de5638ce540ae5e992867"},"headline":"A reabertura do Museu do Ipiranga","datePublished":"2022-09-07T10:00:00+00:00","dateModified":"2023-04-24T18:13:39+00:00","mainEntityOfPage":{"@id":"https:\/\/www.quintoandar.com.br\/guias\/web-stories\/reabertura-museu-do-ipiranga\/"},"wordCount":194,"image":{"@id":"https:\/\/www.quintoandar.com.br\/guias\/web-stories\/reabertura-museu-do-ipiranga\/#primaryimage"},"thumbnailUrl":"https:\/\/www.quintoandar.com.br\/guias\/wp-content\/uploads\/2022\/09\/cropped-imagens-do-museu-do-ipiranga_47471316621_o.jpg","inLanguage":"pt-BR"},{"@type":"WebPage","@id":"https:\/\/www.quintoandar.com.br\/guias\/web-stories\/reabertura-museu-do-ipiranga\/","url":"https:\/\/www.quintoandar.com.br\/guias\/web-stories\/reabertura-museu-do-ipiranga\/","name":"A reabertura do Museu do Ipiranga - QuintoAndar Guias","isPartOf":{"@id":"https:\/\/www.quintoandar.com.br\/guias\/#website"},"primaryImageOfPage":{"@id":"https:\/\/www.quintoandar.com.br\/guias\/web-stories\/reabertura-museu-do-ipiranga\/#primaryimage"},"image":{"@id":"https:\/\/www.quintoandar.com.br\/guias\/web-stories\/reabertura-museu-do-ipiranga\/#primaryimage"},"thumbnailUrl":"https:\/\/www.quintoandar.com.br\/guias\/wp-content\/uploads\/2022\/09\/cropped-imagens-do-museu-do-ipiranga_47471316621_o.jpg","datePublished":"2022-09-07T10:00:00+00:00","dateModified":"2023-04-24T18:13:39+00:00","breadcrumb":{"@id":"https:\/\/www.quintoandar.com.br\/guias\/web-stories\/reabertura-museu-do-ipiranga\/#breadcrumb"},"inLanguage":"pt-BR","potentialAction":[{"@type":"ReadAction","target":["https:\/\/www.quintoandar.com.br\/guias\/web-stories\/reabertura-museu-do-ipiranga\/"]}]},{"@type":"ImageObject","inLanguage":"pt-BR","@id":"https:\/\/www.quintoandar.com.br\/guias\/web-stories\/reabertura-museu-do-ipiranga\/#primaryimage","url":"https:\/\/www.quintoandar.com.br\/guias\/wp-content\/uploads\/2022\/09\/cropped-imagens-do-museu-do-ipiranga_47471316621_o.jpg","contentUrl":"https:\/\/www.quintoandar.com.br\/guias\/wp-content\/uploads\/2022\/09\/cropped-imagens-do-museu-do-ipiranga_47471316621_o.jpg","width":640,"height":853,"caption":"Imagens do Museu do Ipiranga."},{"@type":"BreadcrumbList","@id":"https:\/\/www.quintoandar.com.br\/guias\/web-stories\/reabertura-museu-do-ipiranga\/#breadcrumb","itemListElement":[{"@type":"ListItem","position":1,"name":"Home","item":"https:\/\/www.quintoandar.com.br\/guias\/"},{"@type":"ListItem","position":2,"name":"Story","item":"https:\/\/www.quintoandar.com.br\/guias\/webstories\/"},{"@type":"ListItem","position":3,"name":"A reabertura do Museu do Ipiranga"}]},{"@type":"WebSite","@id":"https:\/\/www.quintoandar.com.br\/guias\/#website","url":"https:\/\/www.quintoandar.com.br\/guias\/","name":"QuintoAndar Guias","description":"Inspira\u00e7\u00e3o e tudo o que voc\u00ea precisa saber sobre o jeito mais f\u00e1cil de alugar e morar.","potentialAction":[{"@type":"SearchAction","target":{"@type":"EntryPoint","urlTemplate":"https:\/\/www.quintoandar.com.br\/guias\/?s={search_term_string}"},"query-input":{"@type":"PropertyValueSpecification","valueRequired":true,"valueName":"search_term_string"}}],"inLanguage":"pt-BR"},{"@type":"Person","@id":"https:\/\/www.quintoandar.com.br\/guias\/#\/schema\/person\/f24d12d0fe0de5638ce540ae5e992867","name":"Samantha Silva","image":{"@type":"ImageObject","inLanguage":"pt-BR","@id":"https:\/\/secure.gravatar.com\/avatar\/19caf728ff50fe784eb0610c2f3b2d62a8d8fbfa00158fbb42aae55f817e8e90?s=96&d=mm&r=g","url":"https:\/\/secure.gravatar.com\/avatar\/19caf728ff50fe784eb0610c2f3b2d62a8d8fbfa00158fbb42aae55f817e8e90?s=96&d=mm&r=g","contentUrl":"https:\/\/secure.gravatar.com\/avatar\/19caf728ff50fe784eb0610c2f3b2d62a8d8fbfa00158fbb42aae55f817e8e90?s=96&d=mm&r=g","caption":"Samantha Silva"},"url":"https:\/\/www.quintoandar.com.br\/guias\/author\/samantha-silva\/"},false]}},"yasr_visitor_votes":{"stars_attributes":{"read_only":false,"span_bottom":false},"number_of_votes":0,"sum_votes":0},"featured_img":"https:\/\/www.quintoandar.com.br\/guias\/wp-content\/uploads\/2022\/09\/cropped-imagens-do-museu-do-ipiranga_47471316621_o-530x337.jpg","coauthors":[],"author_meta":{"author_link":"https:\/\/www.quintoandar.com.br\/guias\/author\/samantha-silva\/","display_name":"Samantha Silva"},"relative_dates":{"created":"Publicado 4 anos atr\u00e1s","modified":"Atualizado 3 anos atr\u00e1s"},"absolute_dates":{"created":"Publicado em setembro 7, 2022","modified":"Atualizado em abril 24, 2023"},"absolute_dates_time":{"created":"Publicado em setembro 7, 2022 7:00 am","modified":"Atualizado em abril 24, 2023 3:13 pm"},"featured_img_caption":"Imagens do Museu do Ipiranga.","tax_additional":{"web_story_category":{"linked":[],"unlinked":[],"slug":"web_story_category","name":"Categorias"},"web_story_tag":{"linked":[],"unlinked":[],"slug":"web_story_tag","name":"Tags"}},"series_order":"","acf":{"aprovacao_web_stories":"aprovado"},"slug_history":["reabertura-museu-do-ipiranga"],"story_data":{"version":43,"pages":[{"elements":[{"opacity":100,"flip":{"vertical":false,"horizontal":false},"rotationAngle":0,"lockAspectRatio":true,"x":1,"y":1,"width":1,"height":1,"mask":{"type":"rectangle"},"isBackground":true,"isDefaultBackground":true,"id":"5e4c0825-cf1b-4ce6-b362-6dec3c39bb1b","type":"shape","basedOn":"9d5c2b2c-8e34-4118-a1bc-f01f76f862b3"},{"opacity":100,"flip":{"vertical":false,"horizontal":false},"rotationAngle":0,"lockAspectRatio":true,"backgroundTextMode":"NONE","font":{"family":"Poppins","fallbacks":["sans-serif"],"weights":[100,200,300,400,500,600,700,800,900],"styles":["italic","regular"],"variants":[[0,100],[1,100],[0,200],[1,200],[0,300],[1,300],[0,400],[1,400],[0,500],[1,500],[0,600],[1,600],[0,700],[1,700],[0,800],[1,800],[0,900],[1,900]],"service":"fonts.google.com","metrics":{"upm":1000,"asc":1050,"des":-350,"tAsc":1050,"tDes":-350,"tLGap":100,"wAsc":1135,"wDes":627,"xH":548,"capH":698,"yMin":-572,"yMax":1065,"hAsc":1050,"hDes":-350,"lGap":100}},"fontSize":30,"backgroundColor":{"color":{"r":196,"g":196,"b":196}},"lineHeight":1.1,"textAlign":"left","padding":{"locked":true,"hasHiddenPadding":false,"horizontal":0,"vertical":0},"type":"text","content":"<span style=\"font-weight: 600; color: #f8f9f5\">A reabertura do Museu do Ipiranga<\/span>","fontWeight":400,"borderRadius":{"locked":true,"topLeft":2,"topRight":2,"bottomRight":2,"bottomLeft":2},"x":52,"y":161,"width":305,"height":75,"scale":100,"focalX":50,"focalY":50,"basedOn":"925eb8c3-889d-4d34-a0f2-c210323ef74a","marginOffset":-11.099999999999994,"id":"3c610e28-eb19-4563-a420-3950da19ad2d"},{"opacity":100,"flip":{"vertical":false,"horizontal":false},"rotationAngle":0,"lockAspectRatio":true,"backgroundColor":{"color":{"r":163,"g":199,"b":161}},"type":"shape","x":48,"y":304,"width":314,"height":314,"scale":100,"focalX":50,"focalY":50,"mask":{"type":"rectangle"},"basedOn":"ab8bfbba-ba72-4633-8fe5-d08c534ef764","id":"ee0795d1-7930-4c6d-9924-605ff66db8fa"},{"opacity":100,"flip":{"vertical":false,"horizontal":false},"rotationAngle":0,"lockAspectRatio":true,"backgroundColor":{"color":{"r":196,"g":196,"b":196}},"type":"image","resource":{"baseColor":"#6a664e","blurHash":"","type":"image","mimeType":"image\/jpeg","creationDate":"2022-09-06T16:16:17","src":"https:\/\/quintoandar.com.br\/guias\/wp-content\/uploads\/2022\/09\/imagens-do-museu-do-ipiranga_47471316621_o.jpg","width":1600,"height":800,"id":451146,"alt":"Imagens do Museu do Ipiranga.","sizes":{"medium":{"file":"imagens-do-museu-do-ipiranga_47471316621_o-300x150.jpg","width":300,"height":150,"filesize":"48354","mimeType":"image\/jpeg","sourceUrl":"https:\/\/quintoandar.com.br\/guias\/wp-content\/uploads\/2022\/09\/imagens-do-museu-do-ipiranga_47471316621_o-300x150.jpg"},"large":{"file":"imagens-do-museu-do-ipiranga_47471316621_o-1024x512.jpg","width":1024,"height":512,"filesize":"231126","mimeType":"image\/jpeg","sourceUrl":"https:\/\/quintoandar.com.br\/guias\/wp-content\/uploads\/2022\/09\/imagens-do-museu-do-ipiranga_47471316621_o-1024x512.jpg"},"thumbnail":{"file":"imagens-do-museu-do-ipiranga_47471316621_o-150x150.jpg","width":150,"height":150,"filesize":"38194","mimeType":"image\/jpeg","sourceUrl":"https:\/\/quintoandar.com.br\/guias\/wp-content\/uploads\/2022\/09\/imagens-do-museu-do-ipiranga_47471316621_o-150x150.jpg"},"medium_large":{"file":"imagens-do-museu-do-ipiranga_47471316621_o-768x384.jpg","width":768,"height":384,"filesize":"147285","mimeType":"image\/jpeg","sourceUrl":"https:\/\/quintoandar.com.br\/guias\/wp-content\/uploads\/2022\/09\/imagens-do-museu-do-ipiranga_47471316621_o-768x384.jpg"},"1536x1536":{"file":"imagens-do-museu-do-ipiranga_47471316621_o-1536x768.jpg","width":1536,"height":768,"filesize":"441337","mimeType":"image\/jpeg","sourceUrl":"https:\/\/quintoandar.com.br\/guias\/wp-content\/uploads\/2022\/09\/imagens-do-museu-do-ipiranga_47471316621_o-1536x768.jpg"},"post-thumbnail":{"file":"imagens-do-museu-do-ipiranga_47471316621_o-350x219.jpg","width":350,"height":219,"filesize":"61626","mimeType":"image\/jpeg","sourceUrl":"https:\/\/quintoandar.com.br\/guias\/wp-content\/uploads\/2022\/09\/imagens-do-museu-do-ipiranga_47471316621_o-350x219.jpg"},"chamada-destaque":{"file":"imagens-do-museu-do-ipiranga_47471316621_o-683x587.jpg","width":683,"height":587,"filesize":"179246","mimeType":"image\/jpeg","sourceUrl":"https:\/\/quintoandar.com.br\/guias\/wp-content\/uploads\/2022\/09\/imagens-do-museu-do-ipiranga_47471316621_o-683x587.jpg"},"single-destaque":{"file":"imagens-do-museu-do-ipiranga_47471316621_o-600x480.jpg","width":600,"height":480,"filesize":"140283","mimeType":"image\/jpeg","sourceUrl":"https:\/\/quintoandar.com.br\/guias\/wp-content\/uploads\/2022\/09\/imagens-do-museu-do-ipiranga_47471316621_o-600x480.jpg"},"alm-thumbnail":{"file":"imagens-do-museu-do-ipiranga_47471316621_o-150x150.jpg","width":150,"height":150,"filesize":"38194","mimeType":"image\/jpeg","sourceUrl":"https:\/\/quintoandar.com.br\/guias\/wp-content\/uploads\/2022\/09\/imagens-do-museu-do-ipiranga_47471316621_o-150x150.jpg"},"wpvqgr-square-answer":{"file":"imagens-do-museu-do-ipiranga_47471316621_o-300x300.jpg","width":300,"height":300,"filesize":"66429","mimeType":"image\/jpeg","sourceUrl":"https:\/\/quintoandar.com.br\/guias\/wp-content\/uploads\/2022\/09\/imagens-do-museu-do-ipiranga_47471316621_o-300x300.jpg"},"web-stories-poster-portrait":{"file":"imagens-do-museu-do-ipiranga_47471316621_o-640x800.jpg","width":640,"height":800,"filesize":"196379","mimeType":"image\/jpeg","sourceUrl":"https:\/\/quintoandar.com.br\/guias\/wp-content\/uploads\/2022\/09\/imagens-do-museu-do-ipiranga_47471316621_o-640x800.jpg"},"web-stories-publisher-logo":{"file":"imagens-do-museu-do-ipiranga_47471316621_o-96x96.jpg","width":96,"height":96,"filesize":"31960","mimeType":"image\/jpeg","sourceUrl":"https:\/\/quintoandar.com.br\/guias\/wp-content\/uploads\/2022\/09\/imagens-do-museu-do-ipiranga_47471316621_o-96x96.jpg"},"web-stories-thumbnail":{"file":"imagens-do-museu-do-ipiranga_47471316621_o-150x75.jpg","width":150,"height":75,"filesize":"33166","mimeType":"image\/jpeg","sourceUrl":"https:\/\/quintoandar.com.br\/guias\/wp-content\/uploads\/2022\/09\/imagens-do-museu-do-ipiranga_47471316621_o-150x75.jpg"},"full":{"file":"imagens-do-museu-do-ipiranga_47471316621_o.jpg","width":1600,"height":800,"mimeType":"image\/jpeg","sourceUrl":"https:\/\/quintoandar.com.br\/guias\/wp-content\/uploads\/2022\/09\/imagens-do-museu-do-ipiranga_47471316621_o.jpg"}},"isPlaceholder":false,"isOptimized":false,"isMuted":false,"isExternal":false,"needsProxy":false,"provider":"local"},"x":63,"y":318,"width":286,"height":286,"scale":100,"focalX":54.50174825393441,"focalY":49.854148358515026,"mask":{"type":"rectangle"},"alt":"Foto que ilustra stories sobre a reabertura do Museu do Ipiranga mostra uma imagem de cima da \u00e1rea do museu.","link":{"needsProxy":false,"url":"https:\/\/quintoandar.com.br\/museus-em-sao-paulo","rel":[],"icon":"https:\/\/quintoandar.com.br\/guias\/wp-content\/uploads\/2022\/08\/MASP_Brazil-1.jpg","desc":"Museus em SP: Os 10 melhores museus da capital paulista"},"borderRadius":{"topLeft":0,"topRight":0,"bottomRight":0,"bottomLeft":0,"locked":true},"basedOn":"4f518b76-d05f-4e2b-bbdf-59450fababca","id":"2eadb7ee-ddcd-4d3b-a70c-3ca81c4c59fe"},{"opacity":100,"flip":{"vertical":false,"horizontal":false},"rotationAngle":0,"lockAspectRatio":true,"scale":100,"focalX":50,"focalY":50,"resource":{"baseColor":"#ffffff","type":"image","mimeType":"image\/png","creationDate":"2022-01-17T15:00:10","src":"https:\/\/quintoandar.com.br\/guias\/wp-content\/uploads\/2022\/01\/image-17.png","width":566,"height":88,"id":428567,"alt":"image","sizes":{"medium":{"file":"image-17-300x47.png","width":300,"height":47,"mimeType":"image\/png","sourceUrl":"https:\/\/quintoandar.com.br\/guias\/wp-content\/uploads\/2022\/01\/image-17-300x47.png"},"thumbnail":{"file":"image-17-150x88.png","width":150,"height":88,"mimeType":"image\/png","sourceUrl":"https:\/\/quintoandar.com.br\/guias\/wp-content\/uploads\/2022\/01\/image-17-150x88.png"},"post-thumbnail":{"file":"image-17-350x88.png","width":350,"height":88,"mimeType":"image\/png","sourceUrl":"https:\/\/quintoandar.com.br\/guias\/wp-content\/uploads\/2022\/01\/image-17-350x88.png"},"alm-thumbnail":{"file":"image-17-150x88.png","width":150,"height":88,"mimeType":"image\/png","sourceUrl":"https:\/\/quintoandar.com.br\/guias\/wp-content\/uploads\/2022\/01\/image-17-150x88.png"},"wpvqgr-square-answer":{"file":"image-17-300x88.png","width":300,"height":88,"mimeType":"image\/png","sourceUrl":"https:\/\/quintoandar.com.br\/guias\/wp-content\/uploads\/2022\/01\/image-17-300x88.png"},"web-stories-publisher-logo":{"file":"image-17-96x88.png","width":96,"height":88,"mimeType":"image\/png","sourceUrl":"https:\/\/quintoandar.com.br\/guias\/wp-content\/uploads\/2022\/01\/image-17-96x88.png"},"web-stories-thumbnail":{"file":"image-17-150x23.png","width":150,"height":23,"mimeType":"image\/png","sourceUrl":"https:\/\/quintoandar.com.br\/guias\/wp-content\/uploads\/2022\/01\/image-17-150x23.png"},"full":{"file":"image-17.png","width":566,"height":88,"mimeType":"image\/png","sourceUrl":"https:\/\/quintoandar.com.br\/guias\/wp-content\/uploads\/2022\/01\/image-17.png"}},"isPlaceholder":false,"isOptimized":false,"isMuted":false,"isExternal":false,"needsProxy":false},"type":"image","x":48,"y":0,"width":225,"height":35,"mask":{"type":"rectangle","showInLibrary":true,"name":"Ret\u00e2ngulo","path":"M 0,0 1,0 1,1 0,1 0,0 Z","ratio":1,"supportsBorder":true},"basedOn":"40807069-eed4-48b6-8569-54a6b1987b02","id":"d082c74c-3fa3-443a-8afc-1566b8cbf2d1"}],"animations":[],"backgroundColor":{"color":{"r":36,"g":88,"b":37}},"type":"page","id":"263f42bc-a79f-495c-96c8-15ded26152f5"},{"elements":[{"opacity":100,"flip":{"vertical":false,"horizontal":false},"rotationAngle":0,"lockAspectRatio":true,"x":1,"y":1,"width":1,"height":1,"mask":{"type":"rectangle"},"isBackground":true,"isDefaultBackground":true,"id":"d2b72a51-1e66-4949-8dca-7e94d60af9ce","type":"shape","basedOn":"666d07d0-ac8b-4c81-806e-ec46cbe6d736"},{"opacity":100,"flip":{"vertical":false,"horizontal":false},"rotationAngle":0,"lockAspectRatio":false,"backgroundColor":{"color":{"r":248,"g":249,"b":245}},"type":"shape","x":0,"y":-57,"width":413,"height":375,"scale":100,"focalX":50,"focalY":50,"mask":{"type":"rectangle"},"basedOn":"c54125fb-2735-44bb-a56b-1d5d495c0b24","id":"7ea6faf4-79c1-4c85-baa8-8f8f53550695"},{"opacity":100,"flip":{"vertical":false,"horizontal":false},"rotationAngle":0,"lockAspectRatio":false,"backgroundTextMode":"NONE","font":{"family":"Poppins","fallbacks":["sans-serif"],"weights":[100,200,300,400,500,600,700,800,900],"styles":["italic","regular"],"variants":[[0,100],[1,100],[0,200],[1,200],[0,300],[1,300],[0,400],[1,400],[0,500],[1,500],[0,600],[1,600],[0,700],[1,700],[0,800],[1,800],[0,900],[1,900]],"service":"fonts.google.com","metrics":{"upm":1000,"asc":1050,"des":-350,"tAsc":1050,"tDes":-350,"tLGap":100,"wAsc":1135,"wDes":627,"xH":548,"capH":698,"yMin":-572,"yMax":1065,"hAsc":1050,"hDes":-350,"lGap":100}},"fontSize":21,"backgroundColor":{"color":{"r":196,"g":196,"b":196}},"lineHeight":1.1,"textAlign":"initial","padding":{"locked":true,"horizontal":0,"vertical":0},"type":"text","content":"O Museu do Ipiranga, localizado em SP e grande s\u00edmbolo da Independ\u00eancia do Brasil, reabriu ap\u00f3s 9 anos fechado!","fontWeight":700,"basedOn":"a42619f5-e21a-46bf-a29b-feb6811e10ca","x":58,"y":69,"width":306,"height":122,"scale":100,"focalX":50,"focalY":50,"marginOffset":-11.099999999999994,"id":"8a26d018-0739-4342-b710-81b13a34441d"},{"opacity":100,"flip":{"vertical":false,"horizontal":false},"rotationAngle":0,"lockAspectRatio":false,"backgroundColor":{"color":{"r":36,"g":88,"b":37}},"type":"shape","x":0,"y":287,"width":413,"height":396,"scale":100,"focalX":50,"focalY":50,"mask":{"type":"rectangle"},"basedOn":"b0a83431-e82c-474f-9b54-4b372dc40c43","id":"21758096-c7b6-43d4-bc9f-fd2e9434d798"},{"opacity":100,"flip":{"vertical":false,"horizontal":false},"rotationAngle":0,"lockAspectRatio":true,"scale":100,"focalX":50,"focalY":50,"resource":{"baseColor":"#1b4236","type":"gif","mimeType":"image\/gif","creationDate":"2019-09-19T16:35:02Z","src":"https:\/\/c.tenor.com\/mjk6KXGKl08AAAAC\/moya-patrick-moya.gif","width":498,"height":331,"poster":"https:\/\/c.tenor.com\/mjk6KXGKl08AAAAe\/moya-patrick-moya.png","posterId":"media\/tenor:11112977505186387791","id":"media\/tenor:11112977505186387791","alt":"Moya Patrick Moya GIF","sizes":{"full":{"file":"media\/tenor:11112977505186387791","sourceUrl":"https:\/\/c.tenor.com\/mjk6KXGKl08AAAAC\/moya-patrick-moya.gif","mimeType":"image\/gif","width":498,"height":331},"large":{"file":"media\/tenor:11112977505186387791","sourceUrl":"https:\/\/c.tenor.com\/mjk6KXGKl08AAAAM\/moya-patrick-moya.gif","mimeType":"image\/gif","width":220,"height":146},"web_stories_thumbnail":{"file":"media\/tenor:11112977505186387791","sourceUrl":"https:\/\/c.tenor.com\/mjk6KXGKl08AAAAS\/moya-patrick-moya.gif","mimeType":"image\/gif","width":135,"height":90}},"attribution":{"author":{"displayName":"MoyaPatrick","url":"https:\/\/tenor.com\/official\/MoyaPatrick"},"registerUsageUrl":"https:\/\/media3p.googleapis.com\/v1\/media:registerUsage?token=ARX97wPwKghvErf86yTC6ZHRgryHNla19UbpSJYAtu87qx39Ri57mNwDdU30WvmtVIZPbBMBjZONng2WQaKI%2BXIyhSkSNEE%3D"},"output":{"mimeType":"video\/mp4","src":"https:\/\/c.tenor.com\/mjk6KXGKl08AAAPo\/moya-patrick-moya.mp4"},"isPlaceholder":false,"isOptimized":true,"isMuted":false,"isExternal":true,"needsProxy":false},"type":"gif","x":21,"y":309,"width":373,"height":347,"mask":{"type":"rectangle","showInLibrary":true,"name":"Ret\u00e2ngulo","path":"M 0,0 1,0 1,1 0,1 0,0 Z","ratio":1,"supportsBorder":true},"resizeWidth":282.46602,"resizeHeight":262.742,"basedOn":"eb333b83-ca24-4ced-8813-f040f891be0f","id":"9e920425-d3be-4cc9-a9ee-914dc60cf5ba","alt":"V\u00eddeo que ilustra stories sobre reabertura do Museu do Ipiranga mostra um personagem de desenho em um museu.","tracks":[]}],"animations":[{"id":"f77c13a4-1893-456a-bd45-8c8e7beb0ab7","type":"effect-fly-in","flyInDir":"leftToRight","duration":600,"delay":0,"targets":["8a26d018-0739-4342-b710-81b13a34441d"]},{"id":"c7d5c470-5d68-4380-a1cc-a92c15ac3f6f","type":"effect-fade-in","duration":600,"delay":0,"targets":["9e920425-d3be-4cc9-a9ee-914dc60cf5ba"]}],"backgroundColor":{"color":{"r":80,"g":99,"b":248}},"type":"page","id":"97f1302f-1e63-474a-9a0c-67f1cf96346e","defaultBackgroundElement":{"opacity":100,"flip":{"vertical":false,"horizontal":false},"rotationAngle":0,"lockAspectRatio":true,"backgroundColor":{"color":{"r":196,"g":196,"b":196}},"x":1,"y":1,"width":1,"height":1,"mask":{"type":"rectangle"},"isBackground":true,"isDefaultBackground":true,"type":"shape","id":"82332c42-4b5e-45b9-8fd8-e5c8ae9f0e65"}},{"elements":[{"opacity":100,"flip":{"vertical":false,"horizontal":false},"rotationAngle":0,"lockAspectRatio":true,"x":1,"y":1,"width":1,"height":1,"mask":{"type":"rectangle"},"isBackground":true,"isDefaultBackground":true,"id":"2e03a50a-340f-4bad-8a00-0a23fab7c1b1","type":"shape","basedOn":"d2b72a51-1e66-4949-8dca-7e94d60af9ce"},{"opacity":100,"flip":{"vertical":false,"horizontal":false},"rotationAngle":0,"lockAspectRatio":false,"backgroundColor":{"color":{"r":248,"g":249,"b":245}},"type":"shape","x":0,"y":-57,"width":413,"height":375,"scale":100,"focalX":50,"focalY":50,"mask":{"type":"rectangle"},"basedOn":"7ea6faf4-79c1-4c85-baa8-8f8f53550695","id":"ee75dd78-982f-456b-90cd-ad2916dd02fa"},{"opacity":100,"flip":{"vertical":false,"horizontal":false},"rotationAngle":0,"lockAspectRatio":false,"backgroundTextMode":"NONE","font":{"family":"Poppins","fallbacks":["sans-serif"],"weights":[100,200,300,400,500,600,700,800,900],"styles":["italic","regular"],"variants":[[0,100],[1,100],[0,200],[1,200],[0,300],[1,300],[0,400],[1,400],[0,500],[1,500],[0,600],[1,600],[0,700],[1,700],[0,800],[1,800],[0,900],[1,900]],"service":"fonts.google.com","metrics":{"upm":1000,"asc":1050,"des":-350,"tAsc":1050,"tDes":-350,"tLGap":100,"wAsc":1135,"wDes":627,"xH":548,"capH":698,"yMin":-572,"yMax":1065,"hAsc":1050,"hDes":-350,"lGap":100}},"fontSize":21,"backgroundColor":{"color":{"r":196,"g":196,"b":196}},"lineHeight":1.1,"textAlign":"initial","padding":{"locked":true,"horizontal":0,"vertical":0},"type":"text","content":"O local passou por uma reforma com o objetivo de restaura\u00e7\u00e3o e moderniza\u00e7\u00e3o.\n&nbsp;\nAgora, com uma nova \u00e1rea de&nbsp;6.800 m\u00b2, que inclui sala de exposi\u00e7\u00f5es tempor\u00e1rias, salas para atendimento do programa educativo, caf\u00e9, audit\u00f3rio e lojas.","fontWeight":700,"basedOn":"8a26d018-0739-4342-b710-81b13a34441d","x":50,"y":12,"width":318,"height":237,"scale":100,"focalX":50,"focalY":50,"marginOffset":-11.099999999999994,"id":"d960c776-3fe2-456d-b7a2-ffcd70686a4b"},{"opacity":100,"flip":{"vertical":false,"horizontal":false},"rotationAngle":0,"lockAspectRatio":false,"backgroundColor":{"color":{"r":36,"g":88,"b":37}},"type":"shape","x":0,"y":287,"width":413,"height":396,"scale":100,"focalX":50,"focalY":50,"mask":{"type":"rectangle"},"basedOn":"21758096-c7b6-43d4-bc9f-fd2e9434d798","id":"d008c956-d4d5-4e3f-8d5c-b8df3d1f8afd"},{"opacity":100,"flip":{"vertical":false,"horizontal":false},"rotationAngle":0,"lockAspectRatio":true,"scale":100,"focalX":50,"focalY":50,"resource":{"baseColor":"#b8b5a4","type":"gif","mimeType":"image\/gif","creationDate":"2019-08-05T09:29:24Z","src":"https:\/\/c.tenor.com\/TE2sTs7mInMAAAAC\/staatsloterij-bouwvakker.gif","width":498,"height":498,"poster":"https:\/\/c.tenor.com\/TE2sTs7mInMAAAAe\/staatsloterij-bouwvakker.png","posterId":"media\/tenor:5498240174567858803","id":"media\/tenor:5498240174567858803","alt":"Staatsloterij Bouwvakker GIF","sizes":{"full":{"file":"media\/tenor:5498240174567858803","sourceUrl":"https:\/\/c.tenor.com\/TE2sTs7mInMAAAAC\/staatsloterij-bouwvakker.gif","mimeType":"image\/gif","width":498,"height":498},"large":{"file":"media\/tenor:5498240174567858803","sourceUrl":"https:\/\/c.tenor.com\/TE2sTs7mInMAAAAM\/staatsloterij-bouwvakker.gif","mimeType":"image\/gif","width":220,"height":220},"web_stories_thumbnail":{"file":"media\/tenor:5498240174567858803","sourceUrl":"https:\/\/c.tenor.com\/TE2sTs7mInMAAAAS\/staatsloterij-bouwvakker.gif","mimeType":"image\/gif","width":90,"height":90}},"attribution":{"author":{"displayName":"Staatsloterij","url":"https:\/\/tenor.com\/users\/Staatsloterij"},"registerUsageUrl":"https:\/\/media3p.googleapis.com\/v1\/media:registerUsage?token=ARX97wMYfHqJYuh1DugHtrpg5CBkETUQWVvBjDuwDn3R8Nb3JILh45F7%2B81UVm%2BUTAqtRslPfQGM%2BRdCSjwVh9zsR8vFvg%3D%3D"},"output":{"mimeType":"video\/mp4","src":"https:\/\/c.tenor.com\/TE2sTs7mInMAAAPo\/staatsloterij-bouwvakker.mp4"},"isPlaceholder":false,"isOptimized":true,"isMuted":false,"isExternal":true,"needsProxy":false},"type":"gif","x":21,"y":309,"width":373,"height":347,"mask":{"type":"rectangle","showInLibrary":true,"name":"Ret\u00e2ngulo","path":"M 0,0 1,0 1,1 0,1 0,0 Z","ratio":1,"supportsBorder":true},"resizeWidth":282.46602,"resizeHeight":262.742,"basedOn":"9e920425-d3be-4cc9-a9ee-914dc60cf5ba","id":"89e21252-041c-498c-87ba-8c42e59b9d40","alt":"V\u00eddeo que ilustra stories sobre reabertura do Museu do Ipiranga mostra um homem que est\u00e1 trabalhando em uma obra dan\u00e7ando.","tracks":[]}],"animations":[{"id":"39527791-82ef-415d-9121-449fb964b7b5","type":"effect-fly-in","flyInDir":"leftToRight","duration":600,"delay":0,"targets":["d960c776-3fe2-456d-b7a2-ffcd70686a4b"]},{"id":"bac8c9c5-4cd1-411b-93a8-90b5dce171d6","type":"effect-fade-in","duration":600,"delay":0,"targets":["89e21252-041c-498c-87ba-8c42e59b9d40"]}],"backgroundColor":{"color":{"r":80,"g":99,"b":248}},"type":"page","id":"b4f634dd-a5af-412c-97cb-9afe020ba2a3","defaultBackgroundElement":{"opacity":100,"flip":{"vertical":false,"horizontal":false},"rotationAngle":0,"lockAspectRatio":true,"backgroundColor":{"color":{"r":196,"g":196,"b":196}},"x":1,"y":1,"width":1,"height":1,"mask":{"type":"rectangle"},"isBackground":true,"isDefaultBackground":true,"type":"shape","id":"82332c42-4b5e-45b9-8fd8-e5c8ae9f0e65"}},{"elements":[{"opacity":100,"flip":{"vertical":false,"horizontal":false},"rotationAngle":0,"lockAspectRatio":true,"x":1,"y":1,"width":1,"height":1,"mask":{"type":"rectangle"},"isBackground":true,"isDefaultBackground":true,"id":"7bfa7eb3-0087-4fa3-a045-42adf4af0c15","type":"shape","basedOn":"2e03a50a-340f-4bad-8a00-0a23fab7c1b1"},{"opacity":100,"flip":{"vertical":false,"horizontal":false},"rotationAngle":0,"lockAspectRatio":false,"backgroundColor":{"color":{"r":248,"g":249,"b":245}},"type":"shape","x":0,"y":-56,"width":413,"height":375,"scale":100,"focalX":50,"focalY":50,"mask":{"type":"rectangle"},"basedOn":"ee75dd78-982f-456b-90cd-ad2916dd02fa","id":"260daccd-478c-4c12-a746-91748dae9158"},{"opacity":100,"flip":{"vertical":false,"horizontal":false},"rotationAngle":0,"lockAspectRatio":false,"backgroundTextMode":"NONE","font":{"family":"Poppins","fallbacks":["sans-serif"],"weights":[100,200,300,400,500,600,700,800,900],"styles":["italic","regular"],"variants":[[0,100],[1,100],[0,200],[1,200],[0,300],[1,300],[0,400],[1,400],[0,500],[1,500],[0,600],[1,600],[0,700],[1,700],[0,800],[1,800],[0,900],[1,900]],"service":"fonts.google.com","metrics":{"upm":1000,"asc":1050,"des":-350,"tAsc":1050,"tDes":-350,"tLGap":100,"wAsc":1135,"wDes":627,"xH":548,"capH":698,"yMin":-572,"yMax":1065,"hAsc":1050,"hDes":-350,"lGap":100}},"fontSize":21,"backgroundColor":{"color":{"r":196,"g":196,"b":196}},"lineHeight":1.1,"textAlign":"initial","padding":{"locked":true,"horizontal":0,"vertical":0},"type":"text","content":"O projeto do \u201cNovo Museu do Ipiranga\u201d aumentou a capacidade de visita\u00e7\u00e3o para mais de 300.000 mil visitantes, trazendo tamb\u00e9m maior acessibilidade e inclus\u00e3o.","fontWeight":700,"basedOn":"d960c776-3fe2-456d-b7a2-ffcd70686a4b","x":50,"y":49,"width":326,"height":145,"scale":100,"focalX":50,"focalY":50,"marginOffset":-11.099999999999994,"id":"ceb19f15-c1f2-4837-9145-ff9c79387354"},{"opacity":100,"flip":{"vertical":false,"horizontal":false},"rotationAngle":0,"lockAspectRatio":false,"backgroundColor":{"color":{"r":36,"g":88,"b":37}},"type":"shape","x":0,"y":287,"width":413,"height":396,"scale":100,"focalX":50,"focalY":50,"mask":{"type":"rectangle"},"basedOn":"d008c956-d4d5-4e3f-8d5c-b8df3d1f8afd","id":"86ebfb3c-f492-4672-9750-64929e5d4fea"},{"opacity":100,"flip":{"vertical":false,"horizontal":false},"rotationAngle":0,"lockAspectRatio":true,"scale":100,"focalX":50,"focalY":50,"resource":{"baseColor":"#be8a2f","type":"gif","mimeType":"image\/gif","creationDate":"2019-04-20T02:11:47Z","src":"https:\/\/c.tenor.com\/hRu-7ZSNtN8AAAAM\/minions-woohoo.gif","width":220,"height":220,"poster":"https:\/\/c.tenor.com\/hRu-7ZSNtN8AAAAe\/minions-woohoo.png","posterId":"media\/tenor:9591469759024444639","id":"media\/tenor:9591469759024444639","alt":"Minions Woohoo GIF","sizes":{"full":{"file":"media\/tenor:9591469759024444639","sourceUrl":"https:\/\/c.tenor.com\/hRu-7ZSNtN8AAAAM\/minions-woohoo.gif","mimeType":"image\/gif","width":220,"height":220},"large":{"file":"media\/tenor:9591469759024444639","sourceUrl":"https:\/\/c.tenor.com\/hRu-7ZSNtN8AAAAC\/minions-woohoo.gif","mimeType":"image\/gif","width":160,"height":160},"web_stories_thumbnail":{"file":"media\/tenor:9591469759024444639","sourceUrl":"https:\/\/c.tenor.com\/hRu-7ZSNtN8AAAAS\/minions-woohoo.gif","mimeType":"image\/gif","width":90,"height":90}},"attribution":{"author":{"displayName":"Kizzie257","url":"https:\/\/tenor.com\/users\/Kizzie257"},"registerUsageUrl":"https:\/\/media3p.googleapis.com\/v1\/media:registerUsage?token=ARX97wP90a3cbos8uA3UmAVsK6sSsgMfF8rMQtIVBqyGHkZ8vZQ0xEg\/lmQN2AHEwaT\/31o4W\/1Z\/KWVqD97KhpHYptdrw%3D%3D"},"output":{"mimeType":"video\/mp4","src":"https:\/\/c.tenor.com\/hRu-7ZSNtN8AAAPo\/minions-woohoo.mp4"},"isPlaceholder":false,"isOptimized":true,"isMuted":false,"isExternal":true,"needsProxy":false},"type":"gif","x":21,"y":309,"width":373,"height":347,"mask":{"type":"rectangle","showInLibrary":true,"name":"Ret\u00e2ngulo","path":"M 0,0 1,0 1,1 0,1 0,0 Z","ratio":1,"supportsBorder":true},"resizeWidth":282.46602,"resizeHeight":262.742,"basedOn":"89e21252-041c-498c-87ba-8c42e59b9d40","id":"c1016bc0-35ab-4d17-97f5-62280c515305","alt":"V\u00eddeo que ilustra stories sobre reabertura do Museu do Ipiranga mostra um personagem de desenho comemorando.","tracks":[]}],"animations":[{"id":"ac05d89f-ee36-4d35-96ac-23aef13f9a7c","type":"effect-fly-in","flyInDir":"leftToRight","duration":600,"delay":0,"targets":["ceb19f15-c1f2-4837-9145-ff9c79387354"]},{"id":"ee4d91f3-8ed3-45d7-bc2a-5d820bc89516","type":"effect-fade-in","duration":600,"delay":0,"targets":["c1016bc0-35ab-4d17-97f5-62280c515305"]}],"backgroundColor":{"color":{"r":80,"g":99,"b":248}},"type":"page","id":"af1cedc5-1c4a-4d82-b9ec-e92539e0bf86","defaultBackgroundElement":{"opacity":100,"flip":{"vertical":false,"horizontal":false},"rotationAngle":0,"lockAspectRatio":true,"backgroundColor":{"color":{"r":196,"g":196,"b":196}},"x":1,"y":1,"width":1,"height":1,"mask":{"type":"rectangle"},"isBackground":true,"isDefaultBackground":true,"type":"shape","id":"82332c42-4b5e-45b9-8fd8-e5c8ae9f0e65"}},{"elements":[{"opacity":100,"flip":{"vertical":false,"horizontal":false},"rotationAngle":0,"lockAspectRatio":true,"x":1,"y":1,"width":1,"height":1,"mask":{"type":"rectangle"},"isBackground":true,"isDefaultBackground":true,"id":"974e1973-f3ed-45fd-a6dc-b013f8606e2d","type":"shape","basedOn":"7bfa7eb3-0087-4fa3-a045-42adf4af0c15"},{"opacity":100,"flip":{"vertical":false,"horizontal":false},"rotationAngle":0,"lockAspectRatio":false,"backgroundColor":{"color":{"r":248,"g":249,"b":245}},"type":"shape","x":0,"y":-57,"width":413,"height":375,"scale":100,"focalX":50,"focalY":50,"mask":{"type":"rectangle"},"basedOn":"260daccd-478c-4c12-a746-91748dae9158","id":"52bdde3f-8c7d-4bc0-a428-6c10521bfbc4"},{"opacity":100,"flip":{"vertical":false,"horizontal":false},"rotationAngle":0,"lockAspectRatio":false,"backgroundTextMode":"NONE","font":{"family":"Poppins","fallbacks":["sans-serif"],"weights":[100,200,300,400,500,600,700,800,900],"styles":["italic","regular"],"variants":[[0,100],[1,100],[0,200],[1,200],[0,300],[1,300],[0,400],[1,400],[0,500],[1,500],[0,600],[1,600],[0,700],[1,700],[0,800],[1,800],[0,900],[1,900]],"service":"fonts.google.com","metrics":{"upm":1000,"asc":1050,"des":-350,"tAsc":1050,"tDes":-350,"tLGap":100,"wAsc":1135,"wDes":627,"xH":548,"capH":698,"yMin":-572,"yMax":1065,"hAsc":1050,"hDes":-350,"lGap":100}},"fontSize":21,"backgroundColor":{"color":{"r":196,"g":196,"b":196}},"lineHeight":1.1,"textAlign":"initial","padding":{"locked":true,"horizontal":0,"vertical":0},"type":"text","content":"Dia 07\/09, data da independ\u00eancia, a inaugura\u00e7\u00e3o ir\u00e1 receber apenas familiares dos trabalhadores que participaram das obras, estudantes e professores de escolas p\u00fablicas.\n","fontWeight":700,"basedOn":"ceb19f15-c1f2-4837-9145-ff9c79387354","x":48,"y":35,"width":308,"height":214,"scale":100,"focalX":50,"focalY":50,"marginOffset":-11.099999999999994,"id":"07d6fdf9-e0d3-4872-bb77-509414057481"},{"opacity":100,"flip":{"vertical":false,"horizontal":false},"rotationAngle":0,"lockAspectRatio":false,"backgroundColor":{"color":{"r":36,"g":88,"b":37}},"type":"shape","x":0,"y":287,"width":413,"height":396,"scale":100,"focalX":50,"focalY":50,"mask":{"type":"rectangle"},"basedOn":"86ebfb3c-f492-4672-9750-64929e5d4fea","id":"82f90beb-4c21-4a1a-98c7-b1a64bc46f64"},{"opacity":100,"flip":{"vertical":false,"horizontal":false},"rotationAngle":0,"lockAspectRatio":true,"scale":100,"focalX":50,"focalY":50,"resource":{"baseColor":"#9c866f","type":"gif","mimeType":"image\/gif","creationDate":"2016-05-26T18:04:12Z","src":"https:\/\/c.tenor.com\/FgNJSmz4G3AAAAAC\/school.gif","width":498,"height":346,"poster":"https:\/\/c.tenor.com\/FgNJSmz4G3AAAAAe\/school.png","posterId":"media\/tenor:1586192077769153392","id":"media\/tenor:1586192077769153392","alt":"Last Day Of School GIF","sizes":{"full":{"file":"media\/tenor:1586192077769153392","sourceUrl":"https:\/\/c.tenor.com\/FgNJSmz4G3AAAAAC\/school.gif","mimeType":"image\/gif","width":498,"height":346},"large":{"file":"media\/tenor:1586192077769153392","sourceUrl":"https:\/\/c.tenor.com\/FgNJSmz4G3AAAAAM\/school.gif","mimeType":"image\/gif","width":220,"height":153},"web_stories_thumbnail":{"file":"media\/tenor:1586192077769153392","sourceUrl":"https:\/\/c.tenor.com\/FgNJSmz4G3AAAAAS\/school.gif","mimeType":"image\/gif","width":129,"height":90}},"attribution":{"author":[],"registerUsageUrl":"https:\/\/media3p.googleapis.com\/v1\/media:registerUsage?token=ARX97wOSbZVkGC9Sbi5SV1lUGEPpeBIExW8PJudjE7xZtAm0EjZkR8sjjuQO33nNb2lNfZQI2nUpog2\/yO2B9KaEd%2BNE3A%3D%3D"},"output":{"mimeType":"video\/mp4","src":"https:\/\/c.tenor.com\/FgNJSmz4G3AAAAPo\/school.mp4"},"isPlaceholder":false,"isOptimized":true,"isMuted":false,"isExternal":true,"needsProxy":false},"type":"gif","x":21,"y":309,"width":373,"height":347,"mask":{"type":"rectangle","showInLibrary":true,"name":"Ret\u00e2ngulo","path":"M 0,0 1,0 1,1 0,1 0,0 Z","ratio":1,"supportsBorder":true},"resizeWidth":282.46602,"resizeHeight":262.742,"basedOn":"c1016bc0-35ab-4d17-97f5-62280c515305","id":"3b93dfbf-9cb5-4769-a2d5-43953ec3321c","alt":"V\u00eddeo que ilustra stories sobre reabertura do Museu do Ipiranga mostra personagens de desenho em uma sala de aula comemorando que a aula acabou.","tracks":[]}],"animations":[{"id":"f811d109-b758-43e4-b9d7-8bfed585af2e","type":"effect-fly-in","flyInDir":"leftToRight","duration":600,"delay":0,"targets":["07d6fdf9-e0d3-4872-bb77-509414057481"]},{"id":"5cf332e2-6969-404e-8cec-65f4cf533656","type":"effect-fade-in","duration":600,"delay":0,"targets":["3b93dfbf-9cb5-4769-a2d5-43953ec3321c"]}],"backgroundColor":{"color":{"r":80,"g":99,"b":248}},"type":"page","id":"b6864588-2919-492f-b619-ad7b50f8ce47","defaultBackgroundElement":{"opacity":100,"flip":{"vertical":false,"horizontal":false},"rotationAngle":0,"lockAspectRatio":true,"backgroundColor":{"color":{"r":196,"g":196,"b":196}},"x":1,"y":1,"width":1,"height":1,"mask":{"type":"rectangle"},"isBackground":true,"isDefaultBackground":true,"type":"shape","id":"82332c42-4b5e-45b9-8fd8-e5c8ae9f0e65"}},{"elements":[{"opacity":100,"flip":{"vertical":false,"horizontal":false},"rotationAngle":0,"lockAspectRatio":true,"x":1,"y":1,"width":1,"height":1,"mask":{"type":"rectangle"},"isBackground":true,"isDefaultBackground":true,"id":"36e9234b-78a5-47bc-9077-03ebb193e355","type":"shape","basedOn":"974e1973-f3ed-45fd-a6dc-b013f8606e2d"},{"opacity":100,"flip":{"vertical":false,"horizontal":false},"rotationAngle":0,"lockAspectRatio":false,"backgroundColor":{"color":{"r":248,"g":249,"b":245}},"type":"shape","x":0,"y":-57,"width":413,"height":375,"scale":100,"focalX":50,"focalY":50,"mask":{"type":"rectangle"},"basedOn":"52bdde3f-8c7d-4bc0-a428-6c10521bfbc4","id":"7137e159-60ee-4c1d-982f-b293c3348e6d"},{"opacity":100,"flip":{"vertical":false,"horizontal":false},"rotationAngle":0,"lockAspectRatio":false,"backgroundTextMode":"NONE","font":{"family":"Poppins","fallbacks":["sans-serif"],"weights":[100,200,300,400,500,600,700,800,900],"styles":["italic","regular"],"variants":[[0,100],[1,100],[0,200],[1,200],[0,300],[1,300],[0,400],[1,400],[0,500],[1,500],[0,600],[1,600],[0,700],[1,700],[0,800],[1,800],[0,900],[1,900]],"service":"fonts.google.com","metrics":{"upm":1000,"asc":1050,"des":-350,"tAsc":1050,"tDes":-350,"tLGap":100,"wAsc":1135,"wDes":627,"xH":548,"capH":698,"yMin":-572,"yMax":1065,"hAsc":1050,"hDes":-350,"lGap":100}},"fontSize":21,"backgroundColor":{"color":{"r":196,"g":196,"b":196}},"lineHeight":1.1,"textAlign":"initial","padding":{"locked":true,"horizontal":0,"vertical":0},"type":"text","content":"A partir do dia 08\/09 o local estar\u00e1 aberto para a visita\u00e7\u00e3o do p\u00fablico em geral, mediante pr\u00e9-agendamento online.\n\nA visita\u00e7\u00e3o ao Museu do Ipiranga ir\u00e1 se manter gratuita at\u00e9 dia 6\/11.\n","fontWeight":700,"basedOn":"07d6fdf9-e0d3-4872-bb77-509414057481","x":47,"y":28,"width":326,"height":214,"scale":100,"focalX":50,"focalY":50,"marginOffset":-11.099999999999994,"id":"e31759ed-1c18-458a-9969-6348b67072d8"},{"opacity":100,"flip":{"vertical":false,"horizontal":false},"rotationAngle":0,"lockAspectRatio":false,"backgroundColor":{"color":{"r":36,"g":88,"b":37}},"type":"shape","x":0,"y":287,"width":413,"height":396,"scale":100,"focalX":50,"focalY":50,"mask":{"type":"rectangle"},"basedOn":"82f90beb-4c21-4a1a-98c7-b1a64bc46f64","id":"741998e8-cdfe-4938-a24e-ddd5945be0e7"},{"opacity":100,"flip":{"vertical":false,"horizontal":false},"rotationAngle":0,"lockAspectRatio":true,"scale":100,"focalX":50,"focalY":50,"resource":{"baseColor":"#5a6b57","type":"gif","mimeType":"image\/gif","creationDate":"2018-04-26T06:14:22Z","src":"https:\/\/c.tenor.com\/xtoeWJPbTugAAAAC\/spongebob-dance.gif","width":498,"height":378,"poster":"https:\/\/c.tenor.com\/xtoeWJPbTugAAAAe\/spongebob-dance.png","posterId":"media\/tenor:14328798530219233000","id":"media\/tenor:14328798530219233000","alt":"Spongebob Dance GIF","sizes":{"full":{"file":"media\/tenor:14328798530219233000","sourceUrl":"https:\/\/c.tenor.com\/xtoeWJPbTugAAAAC\/spongebob-dance.gif","mimeType":"image\/gif","width":498,"height":378},"large":{"file":"media\/tenor:14328798530219233000","sourceUrl":"https:\/\/c.tenor.com\/xtoeWJPbTugAAAAM\/spongebob-dance.gif","mimeType":"image\/gif","width":220,"height":167},"web_stories_thumbnail":{"file":"media\/tenor:14328798530219233000","sourceUrl":"https:\/\/c.tenor.com\/xtoeWJPbTugAAAAS\/spongebob-dance.gif","mimeType":"image\/gif","width":119,"height":90}},"attribution":{"author":{"displayName":"andycr","url":"https:\/\/tenor.com\/users\/andycr"},"registerUsageUrl":"https:\/\/media3p.googleapis.com\/v1\/media:registerUsage?token=ARX97wPTzzST4C6Wo0Y3%2BWmxYJhFmV5hY00Fz2tv%2B2qin1Zp\/Sf2rMATVEm4bMlritsaTwbiZozZoWdOEwyJX0gbYfySlOQ%3D"},"output":{"mimeType":"video\/mp4","src":"https:\/\/c.tenor.com\/xtoeWJPbTugAAAPo\/spongebob-dance.mp4"},"isPlaceholder":false,"isOptimized":true,"isMuted":false,"isExternal":true,"needsProxy":false},"type":"gif","x":21,"y":309,"width":373,"height":347,"mask":{"type":"rectangle","showInLibrary":true,"name":"Ret\u00e2ngulo","path":"M 0,0 1,0 1,1 0,1 0,0 Z","ratio":1,"supportsBorder":true},"resizeWidth":282.46602,"resizeHeight":262.742,"basedOn":"3b93dfbf-9cb5-4769-a2d5-43953ec3321c","id":"78abbf03-26ba-4e36-a077-bc20767c714d","alt":"V\u00eddeo que ilustra stories sobre reabertura do Museu do Ipiranga mostra um personagem de desenho dan\u00e7ando e com fei\u00e7\u00e3o de sorridente.","tracks":[]}],"animations":[{"id":"c7342bce-793a-42e4-bcce-1c4a462fb598","type":"effect-fly-in","flyInDir":"leftToRight","duration":600,"delay":0,"targets":["e31759ed-1c18-458a-9969-6348b67072d8"]},{"id":"959e2294-f023-42bd-88d1-6f668b68416b","type":"effect-fade-in","duration":600,"delay":0,"targets":["78abbf03-26ba-4e36-a077-bc20767c714d"]}],"backgroundColor":{"color":{"r":80,"g":99,"b":248}},"type":"page","id":"119d2e9e-7fbb-41e9-be1d-9197d60175cb","defaultBackgroundElement":{"opacity":100,"flip":{"vertical":false,"horizontal":false},"rotationAngle":0,"lockAspectRatio":true,"backgroundColor":{"color":{"r":196,"g":196,"b":196}},"x":1,"y":1,"width":1,"height":1,"mask":{"type":"rectangle"},"isBackground":true,"isDefaultBackground":true,"type":"shape","id":"82332c42-4b5e-45b9-8fd8-e5c8ae9f0e65"}},{"elements":[{"opacity":100,"flip":{"vertical":false,"horizontal":false},"rotationAngle":0,"lockAspectRatio":true,"x":1,"y":1,"width":1,"height":1,"mask":{"type":"rectangle"},"isBackground":true,"isDefaultBackground":true,"id":"e846e6b1-26f8-4708-8ddc-8a63932b26c5","type":"shape","basedOn":"8614f248-1812-4ef7-8273-01aec509edc2"},{"opacity":100,"flip":{"vertical":false,"horizontal":false},"rotationAngle":0,"lockAspectRatio":true,"backgroundTextMode":"NONE","font":{"family":"Poppins","fallbacks":["sans-serif"],"weights":[100,200,300,400,500,600,700,800,900],"styles":["italic","regular"],"variants":[[0,100],[1,100],[0,200],[1,200],[0,300],[1,300],[0,400],[1,400],[0,500],[1,500],[0,600],[1,600],[0,700],[1,700],[0,800],[1,800],[0,900],[1,900]],"service":"fonts.google.com","metrics":{"upm":1000,"asc":1050,"des":-350,"tAsc":1050,"tDes":-350,"tLGap":100,"wAsc":1135,"wDes":627,"xH":548,"capH":698,"yMin":-572,"yMax":1065,"hAsc":1050,"hDes":-350,"lGap":100}},"fontSize":27,"backgroundColor":{"color":{"r":255,"g":255,"b":255}},"lineHeight":1.1,"textAlign":"left","padding":{"locked":true,"hasHiddenPadding":false,"horizontal":0,"vertical":0},"type":"text","content":"<span style=\"font-weight: 600; color: #f8f9f5\">J\u00e1 pensou morar perto do Museu do Ipiranga?<\/span>\n\n<span style=\"font-weight: 600; color: #f8f9f5\">Leia a mat\u00e9ria e saiba mais &nbsp;detalhes sobre esse e outros importantes museus de SP!<\/span>","fontWeight":400,"borderRadius":{"locked":true,"topLeft":2,"topRight":2,"bottomRight":2,"bottomLeft":2},"width":322,"height":246,"scale":100,"focalX":50,"focalY":50,"basedOn":"0ee62297-ad0c-467d-9d70-5353f231cdc4","x":48,"y":281,"marginOffset":-11.699999999999989,"id":"2890fb4a-7df1-4269-9ffa-d235b58c7f79"},{"opacity":100,"flip":{"vertical":false,"horizontal":false},"rotationAngle":0,"lockAspectRatio":true,"scale":100,"focalX":50,"focalY":50,"resource":{"baseColor":"#938462","blurHash":"UBGuQ~z:0L9}bD}Wr?OrX+D%jF%MRl%MxaIp","type":"image","mimeType":"image\/jpeg","creationDate":"2022-03-29T13:12:21","src":"https:\/\/quintoandar.com.br\/guias\/wp-content\/uploads\/2022\/03\/image1-1-scaled.jpeg","width":2560,"height":1439,"id":435115,"alt":"image1","sizes":{"medium":{"file":"image1-1-300x169.jpeg","width":300,"height":169,"mimeType":"image\/jpeg","sourceUrl":"https:\/\/quintoandar.com.br\/guias\/wp-content\/uploads\/2022\/03\/image1-1-300x169.jpeg"},"large":{"file":"image1-1-1024x576.jpeg","width":1024,"height":576,"mimeType":"image\/jpeg","sourceUrl":"https:\/\/quintoandar.com.br\/guias\/wp-content\/uploads\/2022\/03\/image1-1-1024x576.jpeg"},"thumbnail":{"file":"image1-1-150x150.jpeg","width":150,"height":150,"mimeType":"image\/jpeg","sourceUrl":"https:\/\/quintoandar.com.br\/guias\/wp-content\/uploads\/2022\/03\/image1-1-150x150.jpeg"},"medium_large":{"file":"image1-1-768x432.jpeg","width":768,"height":432,"mimeType":"image\/jpeg","sourceUrl":"https:\/\/quintoandar.com.br\/guias\/wp-content\/uploads\/2022\/03\/image1-1-768x432.jpeg"},"1536x1536":{"file":"image1-1-1536x864.jpeg","width":1536,"height":864,"mimeType":"image\/jpeg","sourceUrl":"https:\/\/quintoandar.com.br\/guias\/wp-content\/uploads\/2022\/03\/image1-1-1536x864.jpeg"},"2048x2048":{"file":"image1-1-2048x1151.jpeg","width":2048,"height":1151,"mimeType":"image\/jpeg","sourceUrl":"https:\/\/quintoandar.com.br\/guias\/wp-content\/uploads\/2022\/03\/image1-1-2048x1151.jpeg"},"post-thumbnail":{"file":"image1-1-350x219.jpeg","width":350,"height":219,"mimeType":"image\/jpeg","sourceUrl":"https:\/\/quintoandar.com.br\/guias\/wp-content\/uploads\/2022\/03\/image1-1-350x219.jpeg"},"chamada-destaque":{"file":"image1-1-683x587.jpeg","width":683,"height":587,"mimeType":"image\/jpeg","sourceUrl":"https:\/\/quintoandar.com.br\/guias\/wp-content\/uploads\/2022\/03\/image1-1-683x587.jpeg"},"single-destaque":{"file":"image1-1-600x480.jpeg","width":600,"height":480,"mimeType":"image\/jpeg","sourceUrl":"https:\/\/quintoandar.com.br\/guias\/wp-content\/uploads\/2022\/03\/image1-1-600x480.jpeg"},"alm-thumbnail":{"file":"image1-1-150x150.jpeg","width":150,"height":150,"mimeType":"image\/jpeg","sourceUrl":"https:\/\/quintoandar.com.br\/guias\/wp-content\/uploads\/2022\/03\/image1-1-150x150.jpeg"},"wpvqgr-square-answer":{"file":"image1-1-300x300.jpeg","width":300,"height":300,"mimeType":"image\/jpeg","sourceUrl":"https:\/\/quintoandar.com.br\/guias\/wp-content\/uploads\/2022\/03\/image1-1-300x300.jpeg"},"web-stories-poster-portrait":{"file":"image1-1-640x853.jpeg","width":640,"height":853,"mimeType":"image\/jpeg","sourceUrl":"https:\/\/quintoandar.com.br\/guias\/wp-content\/uploads\/2022\/03\/image1-1-640x853.jpeg"},"web-stories-publisher-logo":{"file":"image1-1-96x96.jpeg","width":96,"height":96,"mimeType":"image\/jpeg","sourceUrl":"https:\/\/quintoandar.com.br\/guias\/wp-content\/uploads\/2022\/03\/image1-1-96x96.jpeg"},"web-stories-thumbnail":{"file":"image1-1-150x84.jpeg","width":150,"height":84,"mimeType":"image\/jpeg","sourceUrl":"https:\/\/quintoandar.com.br\/guias\/wp-content\/uploads\/2022\/03\/image1-1-150x84.jpeg"},"full":{"file":"image1-1-scaled.jpeg","width":2560,"height":1439,"mimeType":"image\/jpeg","sourceUrl":"https:\/\/quintoandar.com.br\/guias\/wp-content\/uploads\/2022\/03\/image1-1-scaled.jpeg"}},"isPlaceholder":false,"isOptimized":false,"isMuted":false,"isExternal":false,"needsProxy":false,"provider":"local"},"type":"image","x":0,"y":-88,"width":544,"height":307,"mask":{"type":"rectangle","showInLibrary":true,"name":"Ret\u00e2ngulo","path":"M 0,0 1,0 1,1 0,1 0,0 Z","ratio":1,"supportsBorder":true},"basedOn":"3a2e5c0b-9b24-4f55-bdaf-d759792e6f03","alt":"Ilustra\u00e7\u00e3o do stories sobre a reabertura do museu do ipiranga mostra uma pra\u00e7a de uma cidade com diferentes pessoas. Entre elas: um homem engravatado em uma bicicleta; uma m\u00e3e pegando uma crian\u00e7a no colo; um idoso sentado com uma sacola de mercado ao lado.","link":null,"id":"7516ecb7-5cf7-4f97-a95b-02c29f143028"}],"animations":[],"backgroundColor":{"color":{"r":36,"g":88,"b":37}},"type":"page","id":"a2b48a03-fac8-4c26-a9c0-af96cda262c5","defaultBackgroundElement":{"opacity":100,"flip":{"vertical":false,"horizontal":false},"rotationAngle":0,"lockAspectRatio":true,"backgroundColor":{"color":{"r":196,"g":196,"b":196}},"x":1,"y":1,"width":1,"height":1,"mask":{"type":"rectangle"},"isBackground":true,"isDefaultBackground":true,"type":"shape","id":"d30996f6-74d0-4192-81c0-4c75833133d2"},"pageAttachment":{"url":"https:\/\/quintoandar.com.br\/museus-em-sao-paulo","icon":"https:\/\/quintoandar.com.br\/guias\/wp-content\/uploads\/2022\/08\/MASP_Brazil-1.jpg","needsProxy":false,"ctaText":"Veja mais"}}],"autoAdvance":true,"defaultPageDuration":7,"currentStoryStyles":{"colors":[{"color":{"r":196,"g":196,"b":196}}]}},"story_poster":{"id":451147,"url":"https:\/\/www.quintoandar.com.br\/guias\/wp-content\/uploads\/2022\/09\/cropped-imagens-do-museu-do-ipiranga_47471316621_o.jpg","width":640,"height":853,"needsProxy":false},"_links":{"self":[{"href":"https:\/\/www.quintoandar.com.br\/guias\/wp-json\/web-stories\/v1\/web-story\/451142","targetHints":{"allow":["GET"]}}],"collection":[{"href":"https:\/\/www.quintoandar.com.br\/guias\/wp-json\/web-stories\/v1\/web-story"}],"about":[{"href":"https:\/\/www.quintoandar.com.br\/guias\/wp-json\/wp\/v2\/types\/web-story"}],"author":[{"embeddable":true,"href":"https:\/\/www.quintoandar.com.br\/guias\/wp-json\/web-stories\/v1\/users\/45"}],"version-history":[{"count":10,"href":"https:\/\/www.quintoandar.com.br\/guias\/wp-json\/web-stories\/v1\/web-story\/451142\/revisions"}],"predecessor-version":[{"id":451288,"href":"https:\/\/www.quintoandar.com.br\/guias\/wp-json\/web-stories\/v1\/web-story\/451142\/revisions\/451288"}],"wp:featuredmedia":[{"embeddable":true,"href":"https:\/\/www.quintoandar.com.br\/guias\/wp-json\/web-stories\/v1\/media\/451147"}],"wp:attachment":[{"href":"https:\/\/www.quintoandar.com.br\/guias\/wp-json\/web-stories\/v1\/media?parent=451142"}],"wp:term":[{"taxonomy":"web_story_category","embeddable":true,"href":"https:\/\/www.quintoandar.com.br\/guias\/wp-json\/web-stories\/v1\/web_story_category?post=451142"},{"taxonomy":"web_story_tag","embeddable":true,"href":"https:\/\/www.quintoandar.com.br\/guias\/wp-json\/web-stories\/v1\/web_story_tag?post=451142"}],"wp:lock":[{"embeddable":true,"href":"https:\/\/www.quintoandar.com.br\/guias\/wp-json\/web-stories\/v1\/web-story\/451142\/lock"}],"wp:publisherlogo":[{"embeddable":true,"href":"https:\/\/www.quintoandar.com.br\/guias\/wp-json\/web-stories\/v1\/media\/428798"}],"curies":[{"name":"wp","href":"https:\/\/api.w.org\/{rel}","templated":true}]}}