{"id":452989,"date":"2022-09-21T12:00:41","date_gmt":"2022-09-21T15:00:41","guid":{"rendered":"https:\/\/www.quintoandar.com.br\/guias\/?post_type=web-story&#038;p=452989"},"modified":"2023-04-24T15:13:34","modified_gmt":"2023-04-24T18:13:34","slug":"historias-pra-morar-martinho-da-vila","status":"publish","type":"web-story","link":"https:\/\/www.quintoandar.com.br\/guias\/web-stories\/historias-pra-morar-martinho-da-vila\/","title":{"rendered":"Hist\u00f3rias pra morar: conhe\u00e7a a hist\u00f3ria de Martinho da Vila"},"content":{"rendered":"<p><html amp=\"\" lang=\"en\"><head><meta charSet=\"utf-8\"\/><meta name=\"viewport\" content=\"width=device-width,minimum-scale=1,initial-scale=1\"\/><script async=\"\" src=\"https:\/\/cdn.ampproject.org\/v0.js\"><\/script><script async=\"\" src=\"https:\/\/cdn.ampproject.org\/v0\/amp-story-1.0.js\" custom-element=\"amp-story\"><\/script><link href=\"https:\/\/fonts.googleapis.com\/css2?display=swap&amp;family=Poppins%3Awght%40400%3B600%3B700\" rel=\"stylesheet\"\/><noscript><\/noscript><meta name=\"web-stories-replace-head-start\"\/><title>Hist\u00f3rias pra morar: conhe\u00e7a a hist\u00f3ria de Martinho da Vila<\/title><link rel=\"canonical\" href=\"https:\/\/www.quintoandar.com.br\/guias\/?post_type=web-story&amp;p=452989\"\/><meta name=\"web-stories-replace-head-end\"\/><\/head><body><amp-story standalone=\"\" publisher=\"MeuLugar\" publisher-logo-src=\"https:\/\/www.quintoandar.com.br\/guias\/wp-content\/uploads\/2022\/01\/Logo_MeuLugar.png\" title=\"Hist\u00f3rias pra morar: conhe\u00e7a a hist\u00f3ria de Martinho da Vila\" poster-portrait-src=\"https:\/\/www.quintoandar.com.br\/guias\/wp-content\/uploads\/2022\/09\/cropped-Quinto-Andar-1118-1-scaled-1-640x853.jpg\"><amp-story-page id=\"34295524-4444-4170-adf0-b48f1fe3d643\" auto-advance-after=\"7s\"><amp-story-grid-layer template=\"vertical\" aspect-ratio=\"412:618\" class=\"grid-layer\"><\/p>\n<div class=\"page-fullbleed-area\" style=\"background-color:#07358f\">\n<div class=\"page-safe-area\">\n<div style=\"position:absolute;pointer-events:none;left:0;top:-9.25926%;width:100%;height:118.51852%;opacity:1\">\n<div style=\"pointer-events:initial;width:100%;height:100%;display:block;position:absolute;top:0;left:0;z-index:0\" class=\"mask\" id=\"el-9d5c2b2c-8e34-4118-a1bc-f01f76f862b3\">\n<div class=\"fill\" style=\"will-change:transform\"><\/div>\n<\/div>\n<\/div>\n<\/div>\n<\/div>\n<p><\/amp-story-grid-layer><amp-story-grid-layer template=\"vertical\" aspect-ratio=\"412:618\" class=\"grid-layer\"><\/p>\n<div class=\"page-fullbleed-area\">\n<div class=\"page-safe-area\">\n<div style=\"position:absolute;pointer-events:none;left:11.65049%;top:8.25243%;width:75.72816%;height:19.09385%;opacity:1\">\n<div style=\"pointer-events:initial;width:100%;height:100%;display:block;position:absolute;top:0;left:0;z-index:0;border-radius:0.641025641025641% 0.641025641025641% 0.641025641025641% 0.641025641025641% \/ 1.694915254237288% 1.694915254237288% 1.694915254237288% 1.694915254237288%;background-clip:content-box;background-color:#f8f9f5\" id=\"el-6c24270b-393f-402b-8102-49166d56fff8\">\n<h1 class=\"fill text-wrapper\" style=\"white-space:pre-line;overflow-wrap:break-word;word-break:break-word;margin:2.0673076923076907% 0;font-family:&quot;Poppins&quot;,sans-serif;font-size:0.695793em;line-height:1.1;text-align:left;padding:1.282051282051282% 2.564102564102564%;color:#000000\"><span><span style=\"font-weight: 600\">Hist\u00f3rias&nbsp;<\/span><br \/>\n<span style=\"font-weight: 600\">pra morar<\/span><\/span><\/h1>\n<\/div>\n<\/div>\n<div style=\"position:absolute;pointer-events:none;left:11.65049%;top:49.19094%;width:76.21359%;height:50.80906%;opacity:1\">\n<div style=\"pointer-events:initial;width:100%;height:100%;display:block;position:absolute;top:0;left:0;z-index:0\" class=\"mask\" id=\"el-5586a739-f424-4a2e-b07b-838ab86fe387\">\n<div class=\"fill\" style=\"background-color:#f8f9f5;will-change:transform\"><\/div>\n<\/div>\n<\/div>\n<div style=\"position:absolute;pointer-events:none;left:14.80583%;top:51.2945%;width:69.41748%;height:46.27832%;opacity:1\">\n<div style=\"pointer-events:initial;width:100%;height:100%;display:block;position:absolute;top:0;left:0;z-index:0;border-radius:0% 0% 0% 0% \/ 0% 0% 0% 0%\" class=\"mask\" id=\"el-4f1fea54-12e6-4959-b40e-34868b55bea8\"><a href=\"https:\/\/www.quintoandar.com.br\/guias\/martinho-da-vila-quintoandar\/\" data-tooltip-icon=\"https:\/\/www.quintoandar.com.br\/guias\/wp-content\/uploads\/2022\/09\/Martinho-da-Vila-Pagodes-nos-quintais-cariocas.jpg\" data-tooltip-text=\"Martinho da Vila fala como o pagode surgiu em quintais do Rio\" target=\"_blank\" rel=\"noreferrer noopener\" style=\"width:100%;height:100%;display:block;position:absolute;top:0;left:0\"><\/p>\n<div style=\"position:absolute;width:150.03751%;height:100%;left:-25.01875%;top:0%\" data-leaf-element=\"true\"><amp-img layout=\"fill\" src=\"https:\/\/www.quintoandar.com.br\/guias\/wp-content\/uploads\/2022\/09\/Martinho-da-Vila-Pagodes-nos-quintais-cariocas.jpg\" alt=\"Foto que ilustra stories sobre Martinho da Vila, cantor e compositor brasileiro, mostra ele sentado em uma cadeira, no quintal de casa. Ao redor e atr\u00e1s dele h\u00e1 plantas.\" srcSet=\"https:\/\/www.quintoandar.com.br\/guias\/wp-content\/uploads\/2022\/09\/Martinho-da-Vila-Pagodes-nos-quintais-cariocas.jpg 2000w,https:\/\/www.quintoandar.com.br\/guias\/wp-content\/uploads\/2022\/09\/Martinho-da-Vila-Pagodes-nos-quintais-cariocas-1536x1024.jpg 1536w,https:\/\/www.quintoandar.com.br\/guias\/wp-content\/uploads\/2022\/09\/Martinho-da-Vila-Pagodes-nos-quintais-cariocas-1024x682.jpg 1024w,https:\/\/www.quintoandar.com.br\/guias\/wp-content\/uploads\/2022\/09\/Martinho-da-Vila-Pagodes-nos-quintais-cariocas-768x512.jpg 768w,https:\/\/www.quintoandar.com.br\/guias\/wp-content\/uploads\/2022\/09\/Martinho-da-Vila-Pagodes-nos-quintais-cariocas-300x200.jpg 300w,https:\/\/www.quintoandar.com.br\/guias\/wp-content\/uploads\/2022\/09\/Martinho-da-Vila-Pagodes-nos-quintais-cariocas-150x100.jpg 150w\" sizes=\"(min-width: 1024px) 31vh, 69vw\" disable-inline-width=\"true\"><\/amp-img><\/div>\n<p><\/a><\/div>\n<\/div>\n<div style=\"position:absolute;pointer-events:none;left:11.65049%;top:0;width:54.61165%;height:5.66343%;opacity:1\">\n<div style=\"pointer-events:initial;width:100%;height:100%;display:block;position:absolute;top:0;left:0;z-index:0\" class=\"mask\" id=\"el-ca931b09-ebb1-4963-9a2f-cafc5090b6a3\">\n<div style=\"position:absolute;width:100.0505%;height:100%;left:-0.02525%;top:0%\" data-leaf-element=\"true\"><amp-img layout=\"fill\" src=\"https:\/\/www.quintoandar.com.br\/guias\/wp-content\/uploads\/2022\/01\/image-17.png\" alt=\"image\" srcSet=\"https:\/\/www.quintoandar.com.br\/guias\/wp-content\/uploads\/2022\/01\/image-17.png 566w\" sizes=\"(min-width: 1024px) 25vh, 55vw\" disable-inline-width=\"true\"><\/amp-img><\/div>\n<\/div>\n<\/div>\n<div style=\"position:absolute;pointer-events:none;left:11.65049%;top:26.3754%;width:75.72816%;height:16.50485%;opacity:1\">\n<div style=\"pointer-events:initial;width:100%;height:100%;display:block;position:absolute;top:0;left:0;z-index:0;border-radius:0.641025641025641% 0.641025641025641% 0.641025641025641% 0.641025641025641% \/ 1.9607843137254901% 1.9607843137254901% 1.9607843137254901% 1.9607843137254901%;background-clip:content-box;background-color:#f8f9f5\" id=\"el-a42214ac-8eb5-403c-a72a-8b85b142db07\">\n<h3 class=\"fill text-wrapper\" style=\"white-space:pre-line;overflow-wrap:break-word;word-break:break-word;margin:1.2499999999999996% 0;font-family:&quot;Poppins&quot;,sans-serif;font-size:0.420712em;line-height:1.1;text-align:left;padding:1.282051282051282% 2.564102564102564%;color:#000000\"><span>Conhe\u00e7a a hist\u00f3ria de Martinho da Vila, cantor e compositor.<\/span><\/h3>\n<\/div>\n<\/div>\n<\/div>\n<\/div>\n<p><\/amp-story-grid-layer><\/amp-story-page><amp-story-page id=\"db7989eb-5d5d-43a5-946a-fac948641421\" auto-advance-after=\"7s\"><amp-story-grid-layer template=\"vertical\" aspect-ratio=\"412:618\" class=\"grid-layer\"><\/p>\n<div class=\"page-fullbleed-area\" style=\"background-color:#f8f9f5\">\n<div class=\"page-safe-area\">\n<div style=\"position:absolute;pointer-events:none;left:0;top:-9.25926%;width:100%;height:118.51852%;opacity:1\">\n<div style=\"pointer-events:initial;width:100%;height:100%;display:block;position:absolute;top:0;left:0;z-index:0\" class=\"mask\" id=\"el-643e3ccc-3298-43c9-ba46-685194b7c060\">\n<div class=\"fill\" style=\"will-change:transform\"><\/div>\n<\/div>\n<\/div>\n<\/div>\n<\/div>\n<p><\/amp-story-grid-layer><amp-story-grid-layer template=\"vertical\" aspect-ratio=\"412:618\" class=\"grid-layer\"><\/p>\n<div class=\"page-fullbleed-area\">\n<div class=\"page-safe-area\">\n<div style=\"position:absolute;pointer-events:none;left:13.1068%;top:2.26537%;width:77.91262%;height:38.1877%;opacity:1\">\n<div style=\"pointer-events:initial;width:100%;height:100%;display:block;position:absolute;top:0;left:0;z-index:0\" id=\"el-7b143df1-40ab-4be5-9cba-13c8def5fa65\">\n<h3 class=\"fill text-wrapper\" style=\"white-space:pre-line;overflow-wrap:break-word;word-break:break-word;margin:1.2149532710280369% 0;font-family:&quot;Poppins&quot;,sans-serif;font-size:0.420712em;line-height:1.1;text-align:initial;padding:0;color:#000000\"><span>Martinho Jos\u00e9 Ferreira \u00e9 identificado com a Cidade Maravilhosa, em especial com o bairro de Vila Isabel, mas na verdade nasceu em Duas Barras, no interior do Rio de Janeiro.<\/span><\/h3>\n<\/div>\n<\/div>\n<div style=\"position:absolute;pointer-events:none;left:-22.3301%;top:46.60194%;width:144.66019%;height:62.78317%;opacity:1\">\n<div style=\"pointer-events:initial;width:100%;height:100%;display:block;position:absolute;top:0;left:0;z-index:0\" class=\"mask\" id=\"el-a5c18bff-c463-42c5-b578-77ec0ef10bec\">\n<div class=\"fill\" style=\"background-color:#07358f;will-change:transform\"><\/div>\n<\/div>\n<\/div>\n<div style=\"position:absolute;pointer-events:none;left:11.65049%;top:51.77994%;width:70.14563%;height:42.39482%;opacity:1\">\n<div style=\"pointer-events:initial;width:100%;height:100%;display:block;position:absolute;top:0;left:0;z-index:0;border-radius:0.6920415224913495% 0.6920415224913495% 0.6920415224913495% 0.6920415224913495% \/ 0.7633587786259541% 0.7633587786259541% 0.7633587786259541% 0.7633587786259541%\" id=\"el-40ec3e82-5c0e-4d8b-a343-af52b1ef6e3e\">\n<h3 class=\"fill text-wrapper\" style=\"white-space:pre-line;overflow-wrap:break-word;word-break:break-word;margin:-0.3806228373702427% 0;font-family:&quot;Poppins&quot;,sans-serif;font-size:0.355987em;line-height:1.5;text-align:left;padding:0;color:#000000\"><span><span style=\"font-weight: 600; color: #f8f9f5\">A carioquice, no entanto, vem quase de ber\u00e7o, pois Martinho vive na cidade do Rio de Janeiro desde os quatro anos de idade, onde foi criado na Serra dos Pretos Forros, na Zona Norte.<\/span><\/span><\/h3>\n<\/div>\n<\/div>\n<\/div>\n<\/div>\n<p><\/amp-story-grid-layer><\/amp-story-page><amp-story-page id=\"c97a1b59-8e09-4ada-b075-51888e9e0dd3\" auto-advance-after=\"7s\"><amp-story-grid-layer template=\"vertical\" aspect-ratio=\"412:618\" class=\"grid-layer\"><\/p>\n<div class=\"page-fullbleed-area\" style=\"background-color:#f8f9f5\">\n<div class=\"page-safe-area\">\n<div style=\"position:absolute;pointer-events:none;left:0;top:-9.25926%;width:100%;height:118.51852%;opacity:1\">\n<div style=\"pointer-events:initial;width:100%;height:100%;display:block;position:absolute;top:0;left:0;z-index:0\" class=\"mask\" id=\"el-70c666d4-6255-421c-aa06-1a0fbf75dbad\">\n<div class=\"fill\" style=\"will-change:transform\"><\/div>\n<\/div>\n<\/div>\n<\/div>\n<\/div>\n<p><\/amp-story-grid-layer><amp-story-grid-layer template=\"vertical\" aspect-ratio=\"412:618\" class=\"grid-layer\"><\/p>\n<div class=\"page-fullbleed-area\">\n<div class=\"page-safe-area\">\n<div style=\"position:absolute;pointer-events:none;left:14.07767%;top:53.39806%;width:74.27184%;height:39.64401%;opacity:1\">\n<div style=\"pointer-events:initial;width:100%;height:100%;display:block;position:absolute;top:0;left:0;z-index:0\" id=\"el-b3104344-7c8e-4cfa-bddf-b1339227c032\">\n<h3 class=\"fill text-wrapper\" style=\"white-space:pre-line;overflow-wrap:break-word;word-break:break-word;margin:1.1764705882352928% 0;font-family:&quot;Poppins&quot;,sans-serif;font-size:0.388350em;line-height:1.1;text-align:initial;padding:0;color:#000000\"><span>Afinal de contas, o que seria do pagode carioca, se n\u00e3o fossem as rodas de sambistas, regadas a batuque e cerveja, nos quintais de casas do sub\u00farbio carioca, em especial na Zona Norte do Rio de Janeiro?<\/span><\/h3>\n<\/div>\n<\/div>\n<div style=\"position:absolute;pointer-events:none;left:-10.67961%;top:-10.5178%;width:125.48544%;height:54.36893%;opacity:1\">\n<div style=\"pointer-events:initial;width:100%;height:100%;display:block;position:absolute;top:0;left:0;z-index:0\" class=\"mask\" id=\"el-983afccb-1ae4-45b0-8cfc-30c3c4242f73\">\n<div class=\"fill\" style=\"background-color:#07358f;will-change:transform\"><\/div>\n<\/div>\n<\/div>\n<div style=\"position:absolute;pointer-events:none;left:13.1068%;top:2.42718%;width:76.45631%;height:37.05502%;opacity:1\">\n<div style=\"pointer-events:initial;width:100%;height:100%;display:block;position:absolute;top:0;left:0;z-index:0;border-radius:0.6349206349206349% 0.6349206349206349% 0.6349206349206349% 0.6349206349206349% \/ 0.8733624454148471% 0.8733624454148471% 0.8733624454148471% 0.8733624454148471%\" id=\"el-62c35ef3-5023-499d-a410-11bc8a76f732\">\n<h3 class=\"fill text-wrapper\" style=\"white-space:pre-line;overflow-wrap:break-word;word-break:break-word;margin:-0.34920634920634963% 0;font-family:&quot;Poppins&quot;,sans-serif;font-size:0.355987em;line-height:1.5;text-align:left;padding:0;color:#000000\"><span><span style=\"color: #f8f9f5\">Dono de uma trajet\u00f3ria incr\u00edvel, ele foi convidado pelo QuintoAndar para gravar um v\u00eddeo na s\u00e9rie \u201c<\/span><span style=\"font-weight: 700; color: #f8f9f5\">Hist\u00f3rias pra morar<\/span><span style=\"color: #f8f9f5\">\u201c para falar suas hist\u00f3rias nos quintais por onde passou.&nbsp;<\/span><\/span><\/h3>\n<\/div>\n<\/div>\n<\/div>\n<\/div>\n<p><\/amp-story-grid-layer><\/amp-story-page><amp-story-page id=\"8fa594f3-d6a6-45f6-861c-77285ddae896\" auto-advance-after=\"7s\"><amp-story-grid-layer template=\"vertical\" aspect-ratio=\"412:618\" class=\"grid-layer\"><\/p>\n<div class=\"page-fullbleed-area\" style=\"background-color:#f8f9f5\">\n<div class=\"page-safe-area\">\n<div style=\"position:absolute;pointer-events:none;left:0;top:-9.25926%;width:100%;height:118.51852%;opacity:1\">\n<div style=\"pointer-events:initial;width:100%;height:100%;display:block;position:absolute;top:0;left:0;z-index:0\" class=\"mask\" id=\"el-b4e34dce-7868-4fc1-8c47-a750902d6a75\">\n<div class=\"fill\" style=\"will-change:transform\"><\/div>\n<\/div>\n<\/div>\n<\/div>\n<\/div>\n<p><\/amp-story-grid-layer><amp-story-grid-layer template=\"vertical\" aspect-ratio=\"412:618\" class=\"grid-layer\"><\/p>\n<div class=\"page-fullbleed-area\">\n<div class=\"page-safe-area\">\n<div style=\"position:absolute;pointer-events:none;left:14.07767%;top:31.87702%;width:60.92233%;height:18.12298%;opacity:1\">\n<div style=\"pointer-events:initial;width:100%;height:100%;display:block;position:absolute;top:0;left:0;z-index:0\" id=\"el-1885d230-7dae-4510-b1b6-80b7a2a2bff4\">\n<h1 class=\"fill text-wrapper\" style=\"white-space:pre-line;overflow-wrap:break-word;word-break:break-word;margin:4.780876494023905% 0;font-family:&quot;Poppins&quot;,sans-serif;font-size:1.294498em;line-height:1.1;text-align:initial;padding:0;color:#000000\"><span><span style=\"font-weight: 600\">80%<\/span><\/span><\/h1>\n<\/div>\n<\/div>\n<div style=\"position:absolute;pointer-events:none;left:14.07767%;top:50%;width:71.60194%;height:21.52104%;opacity:1\">\n<div style=\"pointer-events:initial;width:100%;height:100%;display:block;position:absolute;top:0;left:0;z-index:0\" id=\"el-799ed401-9143-452e-8b14-c8e073170e3b\">\n<h2 class=\"fill text-wrapper\" style=\"white-space:pre-line;overflow-wrap:break-word;word-break:break-word;margin:1.881355932203389% 0;font-family:&quot;Poppins&quot;,sans-serif;font-size:0.598706em;line-height:1.1;text-align:initial;padding:0;color:#000000\"><span>das pessoas preferem casas com quintal<\/span><\/h2>\n<\/div>\n<\/div>\n<div style=\"position:absolute;pointer-events:none;left:14.07767%;top:14.40129%;width:18.20388%;height:14.07767%;opacity:1\">\n<div style=\"pointer-events:initial;width:100%;height:100%;display:block;position:absolute;top:0;left:0;z-index:0\" class=\"mask\" id=\"el-6bf7fdfd-c9d3-4202-97ae-ab84640d7602\">\n<div style=\"position:absolute;width:116.00002%;height:100%;left:-8.00001%;top:0%\" data-leaf-element=\"true\"><amp-img layout=\"fill\" src=\"https:\/\/www.quintoandar.com.br\/guias\/wp-content\/uploads\/2022\/01\/Icon-Pin.png\" srcSet=\"https:\/\/www.quintoandar.com.br\/guias\/wp-content\/uploads\/2022\/01\/Icon-Pin.png 1080w,https:\/\/www.quintoandar.com.br\/guias\/wp-content\/uploads\/2022\/01\/Icon-Pin-1024x1024.png 1024w,https:\/\/www.quintoandar.com.br\/guias\/wp-content\/uploads\/2022\/01\/Icon-Pin-768x768.png 768w,https:\/\/www.quintoandar.com.br\/guias\/wp-content\/uploads\/2022\/01\/Icon-Pin-300x300.png 300w,https:\/\/www.quintoandar.com.br\/guias\/wp-content\/uploads\/2022\/01\/Icon-Pin-150x150.png 150w,https:\/\/www.quintoandar.com.br\/guias\/wp-content\/uploads\/2022\/01\/Icon-Pin-96x96.png 96w\" sizes=\"(min-width: 1024px) 8vh, 18vw\" disable-inline-width=\"true\"><\/amp-img><\/div>\n<\/div>\n<\/div>\n<\/div>\n<\/div>\n<p><\/amp-story-grid-layer><\/amp-story-page><amp-story-page id=\"6f1de79c-a52b-49eb-b0d1-1c0bc759cb5e\" auto-advance-after=\"7s\"><amp-story-grid-layer template=\"vertical\" aspect-ratio=\"412:618\" class=\"grid-layer\"><\/p>\n<div class=\"page-fullbleed-area\" style=\"background-color:#07358f\">\n<div class=\"page-safe-area\">\n<div style=\"position:absolute;pointer-events:none;left:0;top:-9.25926%;width:100%;height:118.51852%;opacity:1\">\n<div style=\"pointer-events:initial;width:100%;height:100%;display:block;position:absolute;top:0;left:0;z-index:0\" class=\"mask\" id=\"el-10314a86-b744-41cf-a757-c2acda5b1b4e\">\n<div class=\"fill\" style=\"will-change:transform\"><\/div>\n<\/div>\n<\/div>\n<\/div>\n<\/div>\n<p><\/amp-story-grid-layer><amp-story-grid-layer template=\"vertical\" aspect-ratio=\"412:618\" class=\"grid-layer\"><\/p>\n<div class=\"page-fullbleed-area\">\n<div class=\"page-safe-area\">\n<div style=\"position:absolute;pointer-events:none;left:13.83495%;top:5.17799%;width:67.71845%;height:50.16181%;opacity:1\">\n<div style=\"pointer-events:initial;width:100%;height:100%;display:block;position:absolute;top:0;left:0;z-index:0\" id=\"el-db53ad88-4345-45cd-a711-f4788778a42d\">\n<h3 class=\"fill text-wrapper\" style=\"white-space:pre-line;overflow-wrap:break-word;word-break:break-word;margin:1.3440860215053756% 0;font-family:&quot;Poppins&quot;,sans-serif;font-size:0.404531em;line-height:1.1;text-align:initial;padding:0;color:#000000\"><span><span style=\"font-weight: 600; color: #f8f9f5\">\u201cAs casas tinham uma coisa em comum: um quintal grande, festivo, que transformou nossas vidas. E tamb\u00e9m a cultura de um pa\u00eds inteiro. Porque foi de quintal em quintal que o pagode nasceu e ganhou o Brasil.&#8221;<\/span><\/span><\/h3>\n<\/div>\n<\/div>\n<div style=\"position:absolute;pointer-events:none;left:calc(15.7767% - 6px);top:calc(65.53398% - 6px);width:calc(47.08738% + 12px);height:calc(31.39159% + 12px);opacity:1\">\n<div style=\"top:0;left:0;right:0;bottom:0;width:100%;height:100%;position:absolute;border-width:6px 6px 6px 6px;border-color:rgba(248,249,245,1);border-style:solid;pointer-events:initial;display:block;z-index:0\" class=\"mask\" id=\"el-be81684a-b890-4c24-9026-177f19f248d4\">\n<div style=\"position:absolute;width:400%;height:599.88277%;left:-245.79277%;top:-303.91102%\" data-leaf-element=\"true\"><amp-img layout=\"fill\" src=\"https:\/\/www.quintoandar.com.br\/guias\/wp-content\/uploads\/2022\/09\/Quinto-Andar-1118-1-scaled.jpg\" alt=\"Foto que ilustra stories sobre Martinho da Vila, cantor e compositor brasileiro, mostra ele sorrindo. Ele veste uma camisa branca, com um casaco azul claro por cima, um bon\u00e9 azul e \u00f3culos de grau. Atr\u00e1s dele h\u00e1 uma porta de vidro com detalhes em ferro.\" srcSet=\"https:\/\/www.quintoandar.com.br\/guias\/wp-content\/uploads\/2022\/09\/Quinto-Andar-1118-1-scaled.jpg 1707w,https:\/\/www.quintoandar.com.br\/guias\/wp-content\/uploads\/2022\/09\/Quinto-Andar-1118-1-1365x2048.jpg 1365w,https:\/\/www.quintoandar.com.br\/guias\/wp-content\/uploads\/2022\/09\/Quinto-Andar-1118-1-1024x1536.jpg 1024w,https:\/\/www.quintoandar.com.br\/guias\/wp-content\/uploads\/2022\/09\/Quinto-Andar-1118-1-768x1152.jpg 768w,https:\/\/www.quintoandar.com.br\/guias\/wp-content\/uploads\/2022\/09\/Quinto-Andar-1118-1-683x1024.jpg 683w,https:\/\/www.quintoandar.com.br\/guias\/wp-content\/uploads\/2022\/09\/Quinto-Andar-1118-1-200x300.jpg 200w,https:\/\/www.quintoandar.com.br\/guias\/wp-content\/uploads\/2022\/09\/Quinto-Andar-1118-1-150x225.jpg 150w\" sizes=\"(min-width: 1024px) 21vh, 47vw\" disable-inline-width=\"true\"><\/amp-img><\/div>\n<\/div>\n<\/div>\n<\/div>\n<\/div>\n<p><\/amp-story-grid-layer><\/amp-story-page><amp-story-page id=\"c4fe8d6f-748d-41b2-b2c6-265890fe3142\" auto-advance-after=\"7s\"><amp-story-grid-layer template=\"vertical\" aspect-ratio=\"412:618\" class=\"grid-layer\"><\/p>\n<div class=\"page-fullbleed-area\" style=\"background-color:#f8f9f5\">\n<div class=\"page-safe-area\">\n<div style=\"position:absolute;pointer-events:none;left:0;top:-9.25926%;width:100%;height:118.51852%;opacity:1\">\n<div style=\"pointer-events:initial;width:100%;height:100%;display:block;position:absolute;top:0;left:0;z-index:0\" class=\"mask\" id=\"el-af199d5f-4168-4498-9e87-37d28b071b80\">\n<div class=\"fill\" style=\"will-change:transform\"><\/div>\n<\/div>\n<\/div>\n<\/div>\n<\/div>\n<p><\/amp-story-grid-layer><amp-story-grid-layer template=\"vertical\" aspect-ratio=\"412:618\" class=\"grid-layer\"><\/p>\n<div class=\"page-fullbleed-area\">\n<div class=\"page-safe-area\">\n<div style=\"position:absolute;pointer-events:none;left:11.65049%;top:55.66343%;width:76.69903%;height:32.36246%;opacity:1\">\n<div style=\"pointer-events:initial;width:100%;height:100%;display:block;position:absolute;top:0;left:0;z-index:0;border-radius:0.6329113924050633% 0.6329113924050633% 0.6329113924050633% 0.6329113924050633% \/ 1% 1% 1% 1%\" id=\"el-008cfd39-1b87-499b-b753-5c41e45f16ca\">\n<h2 class=\"fill text-wrapper\" style=\"white-space:pre-line;overflow-wrap:break-word;word-break:break-word;margin:1.3765822784810116% 0;font-family:&quot;Poppins&quot;,sans-serif;font-size:0.469256em;line-height:1.1;text-align:left;padding:0;color:#000000\"><span><span style=\"font-weight: 600\">Saiba mais sobre a hist\u00f3ria de vida de Martinho da Vila e conhe\u00e7a a s\u00e9rie &#8220;Hist\u00f3rias pra morar&#8221;, do QuintoAndar.<\/span><\/span><\/h2>\n<\/div>\n<\/div>\n<div style=\"position:absolute;pointer-events:none;left:calc(10.67961% - 8px);top:calc(-0.64725% - 8px);width:calc(78.39806% + 16px);height:calc(52.26537% + 16px);opacity:1\">\n<div style=\"top:0;left:0;right:0;bottom:0;width:100%;height:100%;position:absolute;border-width:8px 8px 8px 8px;border-color:rgba(7,53,143,1);border-style:solid;pointer-events:initial;display:block;z-index:0\" class=\"mask\" id=\"el-dbbae968-ce26-4889-9330-ec86bd8d2720\">\n<div style=\"position:absolute;width:150.0375%;height:100%;left:-32.78647%;top:0%\" data-leaf-element=\"true\"><amp-img layout=\"fill\" src=\"https:\/\/www.quintoandar.com.br\/guias\/wp-content\/uploads\/2022\/09\/Quinto-Andar-1022-1.jpg\" alt=\"Foto que ilustra stories sobre Martinho da Vila, cantor e compositor brasileiro, mostra ele sentado em uma cadeira. Atr\u00e1s dele h\u00e1 uma porta para entrar em casa e uma planta em um caso.\" srcSet=\"https:\/\/www.quintoandar.com.br\/guias\/wp-content\/uploads\/2022\/09\/Quinto-Andar-1022-1.jpg 2000w,https:\/\/www.quintoandar.com.br\/guias\/wp-content\/uploads\/2022\/09\/Quinto-Andar-1022-1-1536x1024.jpg 1536w,https:\/\/www.quintoandar.com.br\/guias\/wp-content\/uploads\/2022\/09\/Quinto-Andar-1022-1-1024x682.jpg 1024w,https:\/\/www.quintoandar.com.br\/guias\/wp-content\/uploads\/2022\/09\/Quinto-Andar-1022-1-768x512.jpg 768w,https:\/\/www.quintoandar.com.br\/guias\/wp-content\/uploads\/2022\/09\/Quinto-Andar-1022-1-300x200.jpg 300w,https:\/\/www.quintoandar.com.br\/guias\/wp-content\/uploads\/2022\/09\/Quinto-Andar-1022-1-150x100.jpg 150w\" sizes=\"(min-width: 1024px) 35vh, 78vw\" disable-inline-width=\"true\"><\/amp-img><\/div>\n<\/div>\n<\/div>\n<\/div>\n<\/div>\n<p><\/amp-story-grid-layer><amp-story-page-outlink layout=\"nodisplay\" cta-image=\"https:\/\/www.quintoandar.com.br\/guias\/wp-content\/uploads\/2022\/09\/Martinho-da-Vila-Pagodes-nos-quintais-cariocas.jpg\"><a href=\"https:\/\/www.quintoandar.com.br\/guias\/martinho-da-vila-quintoandar\/\" rel=\"\">Leia aqui<\/a><\/amp-story-page-outlink><\/amp-story-page><\/amp-story><\/body><\/html><\/p>\n<style class=\"advgb-styles-renderer\">body{-webkit-animation:-amp-start 8s steps(1,end) 0s 1 normal both;-moz-animation:-amp-start 8s steps(1,end) 0s 1 normal both;-ms-animation:-amp-start 8s steps(1,end) 0s 1 normal both;animation:-amp-start 8s steps(1,end) 0s 1 normal both}@-webkit-keyframes -amp-start{from{visibility:hidden}to{visibility:visible}}@-moz-keyframes -amp-start{from{visibility:hidden}to{visibility:visible}}@-ms-keyframes -amp-start{from{visibility:hidden}to{visibility:visible}}@-o-keyframes -amp-start{from{visibility:hidden}to{visibility:visible}}@keyframes -amp-start{from{visibility:hidden}to{visibility:visible}}body{-webkit-animation:none;-moz-animation:none;-ms-animation:none;animation:none}\n              h1, h2, h3 { font-weight: normal; }<\/p>\n<p>              amp-story-page {\n                background-color: #131516;\n              }<\/p>\n<p>              amp-story-grid-layer {\n                overflow: visible;\n              }<\/p>\n<p>              @media (max-aspect-ratio: 9 \/ 16)  {\n                @media (min-aspect-ratio: 320 \/ 678) {\n                  amp-story-grid-layer.grid-layer {\n                    margin-top: calc((100% \/ 0.5625 - 100% \/ 0.6666666666666666) \/ 2);\n                  }\n                }\n              }<\/p>\n<p>              @media not all and (min-resolution:.001dpcm) {\n                @media {\n                  p.text-wrapper > span {\n                    font-size: calc(100% - 0.5px);\n                  }\n                }\n              }<\/p>\n<p>              .page-fullbleed-area,\n              .page-background-overlay-area {\n                position: absolute;\n                overflow: hidden;\n                width: 100%;\n                left: 0;\n                height: calc(1.1851851851851851 * 100%);\n                top: calc((1 - 1.1851851851851851) * 100% \/ 2);\n              }<\/p>\n<p>              .element-overlay-area {\n                position: absolute;\n                width: 100%;\n                height: 100%;\n                top: 0;\n                left: 0;\n              }<\/p>\n<p>              .page-safe-area {\n                overflow: visible;\n                position: absolute;\n                top: 0;\n                bottom: 0;\n                left: 0;\n                right: 0;\n                width: 100%;\n                height: calc(0.84375 * 100%);\n                margin: auto 0;\n              }<\/p>\n<p>              .mask {\n                position: absolute;\n                overflow: hidden;\n              }<\/p>\n<p>              .fill {\n                position: absolute;\n                top: 0;\n                left: 0;\n                right: 0;\n                bottom: 0;\n                margin: 0;\n              }<\/p>\n<p>              @media (prefers-reduced-motion: no-preference) {\n                .animation-wrapper {\n                  opacity: var(--initial-opacity);\n                  transform: var(--initial-transform);\n                }\n              }<\/p>\n<p>              amp-story-grid-layer.align-bottom {\n                align-content: end;\n                padding: 0;\n              }<\/p>\n<p>              .captions-area {\n                padding: 0 32px 0;\n              }<\/p>\n<p>              amp-story-captions {\n                margin-bottom: 16px;\n                text-align: center;\n              }<\/p>\n<p>              amp-story-captions span {\n                display: inline-block;\n                margin: 0;\n                padding: 6px 12px;\n                vertical-align: middle;\n                border-radius: 15px;\n                background: rgba(11, 11, 11, 0.6);\n                color: rgba(255, 255, 255, 1);\n                font-family: -apple-system, BlinkMacSystemFont, \"Segoe UI\", Roboto, Oxygen-Sans, Ubuntu, Cantarell, \"Helvetica Neue\", sans-serif;;\n                font-size: calc(4 * var(--story-page-vw));\n                line-height: 1.4;\n                word-break: break-word;\n                word-wrap: break-word;\n                overflow-wrap: break-word;\n              }\n              <\/style>\n<div style='text-align:left' class='yasr-auto-insert-visitor'><\/div>","protected":false},"excerpt":{"rendered":"<p>Cantor e compositor, Martinho da Vila \u00e9 o convidado da s\u00e9rie \u201cHist\u00f3rias pra morar\u201d, do QuintoAndar. Conhe\u00e7a as hist\u00f3rias que ele viveu nos quintais por onde passou!<\/p>\n","protected":false},"author":45,"featured_media":453011,"template":"","meta":{"_acf_changed":false,"resume_ai_summary":"","resume_ai_faq":[],"resume_ai_related_posts":[],"resume_ai_schema_generator_schema":"","resume_ai_schema_generator_approved":0,"advgb_blocks_editor_width":"","advgb_blocks_columns_visual_guide":"","yasr_overall_rating":0,"yasr_post_is_review":"","yasr_auto_insert_disabled":"","yasr_review_type":"","web_stories_publisher_logo":428798,"web_stories_poster":[],"web_stories_products":[],"footnotes":""},"web_story_category":[],"web_story_tag":[],"class_list":["post-452989","web-story","type-web-story","status-publish","has-post-thumbnail","hentry"],"yoast_head":"<!-- This site is optimized with the Yoast SEO Premium plugin v26.9 (Yoast SEO v27.3) - https:\/\/yoast.com\/product\/yoast-seo-premium-wordpress\/ -->\n<title>Hist\u00f3rias pra morar: conhe\u00e7a a hist\u00f3ria de Martinho da Vila - QuintoAndar Guias<\/title>\n<meta name=\"description\" content=\"Cantor e compositor, Martinho da Vila \u00e9 o convidado da s\u00e9rie \u201cHist\u00f3rias pra morar\u201d, do QuintoAndar. Conhe\u00e7a as hist\u00f3rias que ele viveu nos quintais por onde passou!\" \/>\n<meta name=\"robots\" content=\"index, follow, max-snippet:-1, max-image-preview:large, max-video-preview:-1\" \/>\n<link rel=\"canonical\" href=\"https:\/\/www.quintoandar.com.br\/guias\/web-stories\/historias-pra-morar-martinho-da-vila\/\" \/>\n<meta property=\"og:locale\" content=\"pt_BR\" \/>\n<meta property=\"og:type\" content=\"article\" \/>\n<meta property=\"og:title\" content=\"Hist\u00f3rias pra morar: conhe\u00e7a a hist\u00f3ria de Martinho da Vila\" \/>\n<meta property=\"og:description\" content=\"Cantor e compositor, Martinho da Vila \u00e9 o convidado da s\u00e9rie \u201cHist\u00f3rias pra morar\u201d, do QuintoAndar. Conhe\u00e7a as hist\u00f3rias que ele viveu nos quintais por onde passou!\" \/>\n<meta property=\"og:url\" content=\"https:\/\/www.quintoandar.com.br\/guias\/web-stories\/historias-pra-morar-martinho-da-vila\/\" \/>\n<meta property=\"og:site_name\" content=\"QuintoAndar Guias\" \/>\n<meta property=\"article:publisher\" content=\"https:\/\/www.facebook.com\/quintoandar.com.br\/\" \/>\n<meta property=\"article:modified_time\" content=\"2023-04-24T18:13:34+00:00\" \/>\n<meta property=\"og:image\" content=\"https:\/\/www.quintoandar.com.br\/guias\/wp-content\/uploads\/2022\/09\/cropped-Quinto-Andar-1118-1-scaled-1.jpg\" \/>\n\t<meta property=\"og:image:width\" content=\"640\" \/>\n\t<meta property=\"og:image:height\" content=\"853\" \/>\n\t<meta property=\"og:image:type\" content=\"image\/jpeg\" \/>\n<meta name=\"twitter:card\" content=\"summary_large_image\" \/>\n<meta name=\"twitter:label1\" content=\"Est. tempo de leitura\" \/>\n\t<meta name=\"twitter:data1\" content=\"1 minuto\" \/>\n<script type=\"application\/ld+json\" class=\"yoast-schema-graph\">{\"@context\":\"https:\\\/\\\/schema.org\",\"@graph\":[{\"@type\":\"Article\",\"@id\":\"https:\\\/\\\/www.quintoandar.com.br\\\/guias\\\/web-stories\\\/historias-pra-morar-martinho-da-vila\\\/#article\",\"isPartOf\":{\"@id\":\"https:\\\/\\\/www.quintoandar.com.br\\\/guias\\\/web-stories\\\/historias-pra-morar-martinho-da-vila\\\/\"},\"author\":{\"name\":\"Samantha Silva\",\"@id\":\"https:\\\/\\\/www.quintoandar.com.br\\\/guias\\\/#\\\/schema\\\/person\\\/f24d12d0fe0de5638ce540ae5e992867\"},\"headline\":\"Hist\u00f3rias pra morar: conhe\u00e7a a hist\u00f3ria de Martinho da Vila\",\"datePublished\":\"2022-09-21T15:00:41+00:00\",\"dateModified\":\"2023-04-24T18:13:34+00:00\",\"mainEntityOfPage\":{\"@id\":\"https:\\\/\\\/www.quintoandar.com.br\\\/guias\\\/web-stories\\\/historias-pra-morar-martinho-da-vila\\\/\"},\"wordCount\":252,\"image\":{\"@id\":\"https:\\\/\\\/www.quintoandar.com.br\\\/guias\\\/web-stories\\\/historias-pra-morar-martinho-da-vila\\\/#primaryimage\"},\"thumbnailUrl\":\"https:\\\/\\\/www.quintoandar.com.br\\\/guias\\\/wp-content\\\/uploads\\\/2022\\\/09\\\/cropped-Quinto-Andar-1118-1-scaled-1.jpg\",\"inLanguage\":\"pt-BR\"},{\"@type\":\"WebPage\",\"@id\":\"https:\\\/\\\/www.quintoandar.com.br\\\/guias\\\/web-stories\\\/historias-pra-morar-martinho-da-vila\\\/\",\"url\":\"https:\\\/\\\/www.quintoandar.com.br\\\/guias\\\/web-stories\\\/historias-pra-morar-martinho-da-vila\\\/\",\"name\":\"Hist\u00f3rias pra morar: conhe\u00e7a a hist\u00f3ria de Martinho da Vila - QuintoAndar Guias\",\"isPartOf\":{\"@id\":\"https:\\\/\\\/www.quintoandar.com.br\\\/guias\\\/#website\"},\"primaryImageOfPage\":{\"@id\":\"https:\\\/\\\/www.quintoandar.com.br\\\/guias\\\/web-stories\\\/historias-pra-morar-martinho-da-vila\\\/#primaryimage\"},\"image\":{\"@id\":\"https:\\\/\\\/www.quintoandar.com.br\\\/guias\\\/web-stories\\\/historias-pra-morar-martinho-da-vila\\\/#primaryimage\"},\"thumbnailUrl\":\"https:\\\/\\\/www.quintoandar.com.br\\\/guias\\\/wp-content\\\/uploads\\\/2022\\\/09\\\/cropped-Quinto-Andar-1118-1-scaled-1.jpg\",\"datePublished\":\"2022-09-21T15:00:41+00:00\",\"dateModified\":\"2023-04-24T18:13:34+00:00\",\"breadcrumb\":{\"@id\":\"https:\\\/\\\/www.quintoandar.com.br\\\/guias\\\/web-stories\\\/historias-pra-morar-martinho-da-vila\\\/#breadcrumb\"},\"inLanguage\":\"pt-BR\",\"potentialAction\":[{\"@type\":\"ReadAction\",\"target\":[\"https:\\\/\\\/www.quintoandar.com.br\\\/guias\\\/web-stories\\\/historias-pra-morar-martinho-da-vila\\\/\"]}]},{\"@type\":\"ImageObject\",\"inLanguage\":\"pt-BR\",\"@id\":\"https:\\\/\\\/www.quintoandar.com.br\\\/guias\\\/web-stories\\\/historias-pra-morar-martinho-da-vila\\\/#primaryimage\",\"url\":\"https:\\\/\\\/www.quintoandar.com.br\\\/guias\\\/wp-content\\\/uploads\\\/2022\\\/09\\\/cropped-Quinto-Andar-1118-1-scaled-1.jpg\",\"contentUrl\":\"https:\\\/\\\/www.quintoandar.com.br\\\/guias\\\/wp-content\\\/uploads\\\/2022\\\/09\\\/cropped-Quinto-Andar-1118-1-scaled-1.jpg\",\"width\":640,\"height\":853,\"caption\":\"Quinto Andar 1118 (1)\"},{\"@type\":\"BreadcrumbList\",\"@id\":\"https:\\\/\\\/www.quintoandar.com.br\\\/guias\\\/web-stories\\\/historias-pra-morar-martinho-da-vila\\\/#breadcrumb\",\"itemListElement\":[{\"@type\":\"ListItem\",\"position\":1,\"name\":\"Home\",\"item\":\"https:\\\/\\\/www.quintoandar.com.br\\\/guias\\\/\"},{\"@type\":\"ListItem\",\"position\":2,\"name\":\"Story\",\"item\":\"https:\\\/\\\/www.quintoandar.com.br\\\/guias\\\/webstories\\\/\"},{\"@type\":\"ListItem\",\"position\":3,\"name\":\"Hist\u00f3rias pra morar: conhe\u00e7a a hist\u00f3ria de Martinho da Vila\"}]},{\"@type\":\"WebSite\",\"@id\":\"https:\\\/\\\/www.quintoandar.com.br\\\/guias\\\/#website\",\"url\":\"https:\\\/\\\/www.quintoandar.com.br\\\/guias\\\/\",\"name\":\"QuintoAndar Guias\",\"description\":\"Inspira\u00e7\u00e3o e tudo o que voc\u00ea precisa saber sobre o jeito mais f\u00e1cil de alugar e morar.\",\"potentialAction\":[{\"@type\":\"SearchAction\",\"target\":{\"@type\":\"EntryPoint\",\"urlTemplate\":\"https:\\\/\\\/www.quintoandar.com.br\\\/guias\\\/?s={search_term_string}\"},\"query-input\":{\"@type\":\"PropertyValueSpecification\",\"valueRequired\":true,\"valueName\":\"search_term_string\"}}],\"inLanguage\":\"pt-BR\"},{\"@type\":\"Person\",\"@id\":\"https:\\\/\\\/www.quintoandar.com.br\\\/guias\\\/#\\\/schema\\\/person\\\/f24d12d0fe0de5638ce540ae5e992867\",\"name\":\"Samantha Silva\",\"image\":{\"@type\":\"ImageObject\",\"inLanguage\":\"pt-BR\",\"@id\":\"https:\\\/\\\/secure.gravatar.com\\\/avatar\\\/19caf728ff50fe784eb0610c2f3b2d62a8d8fbfa00158fbb42aae55f817e8e90?s=96&d=mm&r=g\",\"url\":\"https:\\\/\\\/secure.gravatar.com\\\/avatar\\\/19caf728ff50fe784eb0610c2f3b2d62a8d8fbfa00158fbb42aae55f817e8e90?s=96&d=mm&r=g\",\"contentUrl\":\"https:\\\/\\\/secure.gravatar.com\\\/avatar\\\/19caf728ff50fe784eb0610c2f3b2d62a8d8fbfa00158fbb42aae55f817e8e90?s=96&d=mm&r=g\",\"caption\":\"Samantha Silva\"},\"url\":\"https:\\\/\\\/www.quintoandar.com.br\\\/guias\\\/author\\\/samantha-silva\\\/\"},false]}<\/script>\n<!-- \/ Yoast SEO Premium plugin. -->","yoast_head_json":{"title":"Hist\u00f3rias pra morar: conhe\u00e7a a hist\u00f3ria de Martinho da Vila - QuintoAndar Guias","description":"Cantor e compositor, Martinho da Vila \u00e9 o convidado da s\u00e9rie \u201cHist\u00f3rias pra morar\u201d, do QuintoAndar. Conhe\u00e7a as hist\u00f3rias que ele viveu nos quintais por onde passou!","robots":{"index":"index","follow":"follow","max-snippet":"max-snippet:-1","max-image-preview":"max-image-preview:large","max-video-preview":"max-video-preview:-1"},"canonical":"https:\/\/www.quintoandar.com.br\/guias\/web-stories\/historias-pra-morar-martinho-da-vila\/","og_locale":"pt_BR","og_type":"article","og_title":"Hist\u00f3rias pra morar: conhe\u00e7a a hist\u00f3ria de Martinho da Vila","og_description":"Cantor e compositor, Martinho da Vila \u00e9 o convidado da s\u00e9rie \u201cHist\u00f3rias pra morar\u201d, do QuintoAndar. Conhe\u00e7a as hist\u00f3rias que ele viveu nos quintais por onde passou!","og_url":"https:\/\/www.quintoandar.com.br\/guias\/web-stories\/historias-pra-morar-martinho-da-vila\/","og_site_name":"QuintoAndar Guias","article_publisher":"https:\/\/www.facebook.com\/quintoandar.com.br\/","article_modified_time":"2023-04-24T18:13:34+00:00","og_image":[{"width":640,"height":853,"url":"https:\/\/www.quintoandar.com.br\/guias\/wp-content\/uploads\/2022\/09\/cropped-Quinto-Andar-1118-1-scaled-1.jpg","type":"image\/jpeg"}],"twitter_card":"summary_large_image","twitter_misc":{"Est. tempo de leitura":"1 minuto"},"schema":{"@context":"https:\/\/schema.org","@graph":[{"@type":"Article","@id":"https:\/\/www.quintoandar.com.br\/guias\/web-stories\/historias-pra-morar-martinho-da-vila\/#article","isPartOf":{"@id":"https:\/\/www.quintoandar.com.br\/guias\/web-stories\/historias-pra-morar-martinho-da-vila\/"},"author":{"name":"Samantha Silva","@id":"https:\/\/www.quintoandar.com.br\/guias\/#\/schema\/person\/f24d12d0fe0de5638ce540ae5e992867"},"headline":"Hist\u00f3rias pra morar: conhe\u00e7a a hist\u00f3ria de Martinho da Vila","datePublished":"2022-09-21T15:00:41+00:00","dateModified":"2023-04-24T18:13:34+00:00","mainEntityOfPage":{"@id":"https:\/\/www.quintoandar.com.br\/guias\/web-stories\/historias-pra-morar-martinho-da-vila\/"},"wordCount":252,"image":{"@id":"https:\/\/www.quintoandar.com.br\/guias\/web-stories\/historias-pra-morar-martinho-da-vila\/#primaryimage"},"thumbnailUrl":"https:\/\/www.quintoandar.com.br\/guias\/wp-content\/uploads\/2022\/09\/cropped-Quinto-Andar-1118-1-scaled-1.jpg","inLanguage":"pt-BR"},{"@type":"WebPage","@id":"https:\/\/www.quintoandar.com.br\/guias\/web-stories\/historias-pra-morar-martinho-da-vila\/","url":"https:\/\/www.quintoandar.com.br\/guias\/web-stories\/historias-pra-morar-martinho-da-vila\/","name":"Hist\u00f3rias pra morar: conhe\u00e7a a hist\u00f3ria de Martinho da Vila - QuintoAndar Guias","isPartOf":{"@id":"https:\/\/www.quintoandar.com.br\/guias\/#website"},"primaryImageOfPage":{"@id":"https:\/\/www.quintoandar.com.br\/guias\/web-stories\/historias-pra-morar-martinho-da-vila\/#primaryimage"},"image":{"@id":"https:\/\/www.quintoandar.com.br\/guias\/web-stories\/historias-pra-morar-martinho-da-vila\/#primaryimage"},"thumbnailUrl":"https:\/\/www.quintoandar.com.br\/guias\/wp-content\/uploads\/2022\/09\/cropped-Quinto-Andar-1118-1-scaled-1.jpg","datePublished":"2022-09-21T15:00:41+00:00","dateModified":"2023-04-24T18:13:34+00:00","breadcrumb":{"@id":"https:\/\/www.quintoandar.com.br\/guias\/web-stories\/historias-pra-morar-martinho-da-vila\/#breadcrumb"},"inLanguage":"pt-BR","potentialAction":[{"@type":"ReadAction","target":["https:\/\/www.quintoandar.com.br\/guias\/web-stories\/historias-pra-morar-martinho-da-vila\/"]}]},{"@type":"ImageObject","inLanguage":"pt-BR","@id":"https:\/\/www.quintoandar.com.br\/guias\/web-stories\/historias-pra-morar-martinho-da-vila\/#primaryimage","url":"https:\/\/www.quintoandar.com.br\/guias\/wp-content\/uploads\/2022\/09\/cropped-Quinto-Andar-1118-1-scaled-1.jpg","contentUrl":"https:\/\/www.quintoandar.com.br\/guias\/wp-content\/uploads\/2022\/09\/cropped-Quinto-Andar-1118-1-scaled-1.jpg","width":640,"height":853,"caption":"Quinto Andar 1118 (1)"},{"@type":"BreadcrumbList","@id":"https:\/\/www.quintoandar.com.br\/guias\/web-stories\/historias-pra-morar-martinho-da-vila\/#breadcrumb","itemListElement":[{"@type":"ListItem","position":1,"name":"Home","item":"https:\/\/www.quintoandar.com.br\/guias\/"},{"@type":"ListItem","position":2,"name":"Story","item":"https:\/\/www.quintoandar.com.br\/guias\/webstories\/"},{"@type":"ListItem","position":3,"name":"Hist\u00f3rias pra morar: conhe\u00e7a a hist\u00f3ria de Martinho da Vila"}]},{"@type":"WebSite","@id":"https:\/\/www.quintoandar.com.br\/guias\/#website","url":"https:\/\/www.quintoandar.com.br\/guias\/","name":"QuintoAndar Guias","description":"Inspira\u00e7\u00e3o e tudo o que voc\u00ea precisa saber sobre o jeito mais f\u00e1cil de alugar e morar.","potentialAction":[{"@type":"SearchAction","target":{"@type":"EntryPoint","urlTemplate":"https:\/\/www.quintoandar.com.br\/guias\/?s={search_term_string}"},"query-input":{"@type":"PropertyValueSpecification","valueRequired":true,"valueName":"search_term_string"}}],"inLanguage":"pt-BR"},{"@type":"Person","@id":"https:\/\/www.quintoandar.com.br\/guias\/#\/schema\/person\/f24d12d0fe0de5638ce540ae5e992867","name":"Samantha Silva","image":{"@type":"ImageObject","inLanguage":"pt-BR","@id":"https:\/\/secure.gravatar.com\/avatar\/19caf728ff50fe784eb0610c2f3b2d62a8d8fbfa00158fbb42aae55f817e8e90?s=96&d=mm&r=g","url":"https:\/\/secure.gravatar.com\/avatar\/19caf728ff50fe784eb0610c2f3b2d62a8d8fbfa00158fbb42aae55f817e8e90?s=96&d=mm&r=g","contentUrl":"https:\/\/secure.gravatar.com\/avatar\/19caf728ff50fe784eb0610c2f3b2d62a8d8fbfa00158fbb42aae55f817e8e90?s=96&d=mm&r=g","caption":"Samantha Silva"},"url":"https:\/\/www.quintoandar.com.br\/guias\/author\/samantha-silva\/"},false]}},"yasr_visitor_votes":{"stars_attributes":{"read_only":false,"span_bottom":false},"number_of_votes":0,"sum_votes":0},"featured_img":"https:\/\/www.quintoandar.com.br\/guias\/wp-content\/uploads\/2022\/09\/cropped-Quinto-Andar-1118-1-scaled-1-530x337.jpg","coauthors":[],"author_meta":{"author_link":"https:\/\/www.quintoandar.com.br\/guias\/author\/samantha-silva\/","display_name":"Samantha Silva"},"relative_dates":{"created":"Publicado 4 anos atr\u00e1s","modified":"Atualizado 3 anos atr\u00e1s"},"absolute_dates":{"created":"Publicado em setembro 21, 2022","modified":"Atualizado em abril 24, 2023"},"absolute_dates_time":{"created":"Publicado em setembro 21, 2022 12:00 pm","modified":"Atualizado em abril 24, 2023 3:13 pm"},"featured_img_caption":"","tax_additional":{"web_story_category":{"linked":[],"unlinked":[],"slug":"web_story_category","name":"Categorias"},"web_story_tag":{"linked":[],"unlinked":[],"slug":"web_story_tag","name":"Tags"}},"series_order":"","acf":{"aprovacao_web_stories":"aprovado"},"slug_history":["historias-pra-morar-martinho-da-vila"],"story_data":{"version":43,"pages":[{"elements":[{"opacity":100,"flip":{"vertical":false,"horizontal":false},"rotationAngle":0,"lockAspectRatio":true,"x":1,"y":1,"width":1,"height":1,"mask":{"type":"rectangle"},"isBackground":true,"isDefaultBackground":true,"id":"9d5c2b2c-8e34-4118-a1bc-f01f76f862b3","type":"shape"},{"opacity":100,"flip":{"vertical":false,"horizontal":false},"rotationAngle":0,"lockAspectRatio":true,"backgroundTextMode":"FILL","font":{"family":"Poppins","fallbacks":["sans-serif"],"weights":[100,200,300,400,500,600,700,800,900],"styles":["italic","regular"],"variants":[[0,100],[1,100],[0,200],[1,200],[0,300],[1,300],[0,400],[1,400],[0,500],[1,500],[0,600],[1,600],[0,700],[1,700],[0,800],[1,800],[0,900],[1,900]],"service":"fonts.google.com","metrics":{"upm":1000,"asc":1050,"des":-350,"tAsc":1050,"tDes":-350,"tLGap":100,"wAsc":1135,"wDes":627,"xH":548,"capH":698,"yMin":-572,"yMax":1065,"hAsc":1050,"hDes":-350,"lGap":100}},"fontSize":43,"backgroundColor":{"color":{"r":248,"g":249,"b":245}},"lineHeight":1.1,"textAlign":"left","padding":{"locked":true,"hasHiddenPadding":true,"horizontal":8,"vertical":4},"type":"text","content":"<span style=\"font-weight: 600\">Hist\u00f3rias&nbsp;<\/span>\n<span style=\"font-weight: 600\">pra morar<\/span>","fontWeight":400,"borderRadius":{"locked":true,"topLeft":2,"topRight":2,"bottomRight":2,"bottomLeft":2},"x":48,"y":51,"width":312,"height":118,"scale":100,"focalX":50,"focalY":50,"basedOn":"22cc00ca-7f57-4da2-9912-935de6bd519a","id":"6c24270b-393f-402b-8102-49166d56fff8","marginOffset":-13.199999999999989},{"opacity":100,"flip":{"vertical":false,"horizontal":false},"rotationAngle":0,"lockAspectRatio":true,"backgroundColor":{"color":{"r":248,"g":249,"b":245}},"type":"shape","x":48,"y":304,"width":314,"height":314,"scale":100,"focalX":50,"focalY":50,"mask":{"type":"rectangle"},"basedOn":"34d8643a-dd48-4967-b865-cb1fb2e8738b","id":"5586a739-f424-4a2e-b07b-838ab86fe387"},{"opacity":100,"flip":{"vertical":false,"horizontal":false},"rotationAngle":0,"lockAspectRatio":true,"backgroundColor":{"color":{"r":196,"g":196,"b":196}},"type":"image","resource":{"baseColor":"#4f4f3f","blurHash":"","type":"image","mimeType":"image\/jpeg","creationDate":"2022-09-13T19:22:02","src":"https:\/\/quintoandar.com.br\/guias\/wp-content\/uploads\/2022\/09\/Martinho-da-Vila-Pagodes-nos-quintais-cariocas.jpg","width":2000,"height":1333,"id":451963,"alt":"Foto que ilustra mat\u00e9ria sobre Martinnho da Vila falando sobre pagode e como o estilo surgiu nos quintais de casas de sub\u00farbio no Rio de Janeiro mostra o m\u00fasico sentado sorrindo em um quintal.","sizes":{"medium":{"file":"Martinho-da-Vila-Pagodes-nos-quintais-cariocas-300x200.jpg","width":300,"height":200,"filesize":"21872","mimeType":"image\/jpeg","sourceUrl":"https:\/\/quintoandar.com.br\/guias\/wp-content\/uploads\/2022\/09\/Martinho-da-Vila-Pagodes-nos-quintais-cariocas-300x200.jpg"},"large":{"file":"Martinho-da-Vila-Pagodes-nos-quintais-cariocas-1024x682.jpg","width":1024,"height":682,"filesize":"143273","mimeType":"image\/jpeg","sourceUrl":"https:\/\/quintoandar.com.br\/guias\/wp-content\/uploads\/2022\/09\/Martinho-da-Vila-Pagodes-nos-quintais-cariocas-1024x682.jpg"},"thumbnail":{"file":"Martinho-da-Vila-Pagodes-nos-quintais-cariocas-150x150.jpg","width":150,"height":150,"filesize":"10125","mimeType":"image\/jpeg","sourceUrl":"https:\/\/quintoandar.com.br\/guias\/wp-content\/uploads\/2022\/09\/Martinho-da-Vila-Pagodes-nos-quintais-cariocas-150x150.jpg"},"medium_large":{"file":"Martinho-da-Vila-Pagodes-nos-quintais-cariocas-768x512.jpg","width":768,"height":512,"filesize":"91781","mimeType":"image\/jpeg","sourceUrl":"https:\/\/quintoandar.com.br\/guias\/wp-content\/uploads\/2022\/09\/Martinho-da-Vila-Pagodes-nos-quintais-cariocas-768x512.jpg"},"1536x1536":{"file":"Martinho-da-Vila-Pagodes-nos-quintais-cariocas-1536x1024.jpg","width":1536,"height":1024,"filesize":"265126","mimeType":"image\/jpeg","sourceUrl":"https:\/\/quintoandar.com.br\/guias\/wp-content\/uploads\/2022\/09\/Martinho-da-Vila-Pagodes-nos-quintais-cariocas-1536x1024.jpg"},"post-thumbnail":{"file":"Martinho-da-Vila-Pagodes-nos-quintais-cariocas-350x219.jpg","width":350,"height":219,"filesize":"26453","mimeType":"image\/jpeg","sourceUrl":"https:\/\/quintoandar.com.br\/guias\/wp-content\/uploads\/2022\/09\/Martinho-da-Vila-Pagodes-nos-quintais-cariocas-350x219.jpg"},"chamada-destaque":{"file":"Martinho-da-Vila-Pagodes-nos-quintais-cariocas-683x587.jpg","width":683,"height":587,"filesize":"93633","mimeType":"image\/jpeg","sourceUrl":"https:\/\/quintoandar.com.br\/guias\/wp-content\/uploads\/2022\/09\/Martinho-da-Vila-Pagodes-nos-quintais-cariocas-683x587.jpg"},"single-destaque":{"file":"Martinho-da-Vila-Pagodes-nos-quintais-cariocas-600x480.jpg","width":600,"height":480,"filesize":"71868","mimeType":"image\/jpeg","sourceUrl":"https:\/\/quintoandar.com.br\/guias\/wp-content\/uploads\/2022\/09\/Martinho-da-Vila-Pagodes-nos-quintais-cariocas-600x480.jpg"},"alm-thumbnail":{"file":"Martinho-da-Vila-Pagodes-nos-quintais-cariocas-150x150.jpg","width":150,"height":150,"filesize":"10125","mimeType":"image\/jpeg","sourceUrl":"https:\/\/quintoandar.com.br\/guias\/wp-content\/uploads\/2022\/09\/Martinho-da-Vila-Pagodes-nos-quintais-cariocas-150x150.jpg"},"wpvqgr-square-answer":{"file":"Martinho-da-Vila-Pagodes-nos-quintais-cariocas-300x300.jpg","width":300,"height":300,"filesize":"29444","mimeType":"image\/jpeg","sourceUrl":"https:\/\/quintoandar.com.br\/guias\/wp-content\/uploads\/2022\/09\/Martinho-da-Vila-Pagodes-nos-quintais-cariocas-300x300.jpg"},"web-stories-poster-portrait":{"file":"Martinho-da-Vila-Pagodes-nos-quintais-cariocas-640x853.jpg","width":640,"height":853,"filesize":"109592","mimeType":"image\/jpeg","sourceUrl":"https:\/\/quintoandar.com.br\/guias\/wp-content\/uploads\/2022\/09\/Martinho-da-Vila-Pagodes-nos-quintais-cariocas-640x853.jpg"},"web-stories-publisher-logo":{"file":"Martinho-da-Vila-Pagodes-nos-quintais-cariocas-96x96.jpg","width":96,"height":96,"filesize":"4731","mimeType":"image\/jpeg","sourceUrl":"https:\/\/quintoandar.com.br\/guias\/wp-content\/uploads\/2022\/09\/Martinho-da-Vila-Pagodes-nos-quintais-cariocas-96x96.jpg"},"web-stories-thumbnail":{"file":"Martinho-da-Vila-Pagodes-nos-quintais-cariocas-150x100.jpg","width":150,"height":100,"filesize":"7346","mimeType":"image\/jpeg","sourceUrl":"https:\/\/quintoandar.com.br\/guias\/wp-content\/uploads\/2022\/09\/Martinho-da-Vila-Pagodes-nos-quintais-cariocas-150x100.jpg"},"full":{"file":"Martinho-da-Vila-Pagodes-nos-quintais-cariocas.jpg","width":2000,"height":1333,"mimeType":"image\/jpeg","sourceUrl":"https:\/\/quintoandar.com.br\/guias\/wp-content\/uploads\/2022\/09\/Martinho-da-Vila-Pagodes-nos-quintais-cariocas.jpg"}},"isPlaceholder":false,"isOptimized":false,"isMuted":false,"isExternal":false,"needsProxy":false},"x":61,"y":317,"width":286,"height":286,"scale":100,"focalX":50,"focalY":50,"mask":{"type":"rectangle"},"alt":"Foto que ilustra stories sobre Martinho da Vila, cantor e compositor brasileiro, mostra ele sentado em uma cadeira, no quintal de casa. Ao redor e atr\u00e1s dele h\u00e1 plantas.","link":{"needsProxy":false,"url":"https:\/\/quintoandar.com.br\/martinho-da-vila-quintoandar\/","rel":[],"icon":"https:\/\/quintoandar.com.br\/guias\/wp-content\/uploads\/2022\/09\/Martinho-da-Vila-Pagodes-nos-quintais-cariocas.jpg","desc":"Martinho da Vila fala como o pagode surgiu em quintais do Rio"},"borderRadius":{"topLeft":0,"topRight":0,"bottomRight":0,"bottomLeft":0,"locked":true},"basedOn":"35c1a8fe-35d5-47aa-b8f2-8a1dc8a8c0cc","id":"4f1fea54-12e6-4959-b40e-34868b55bea8"},{"opacity":100,"flip":{"vertical":false,"horizontal":false},"rotationAngle":0,"lockAspectRatio":true,"scale":100,"focalX":50,"focalY":50,"resource":{"baseColor":"#ffffff","type":"image","mimeType":"image\/png","creationDate":"2022-01-17T15:00:10","src":"https:\/\/quintoandar.com.br\/guias\/wp-content\/uploads\/2022\/01\/image-17.png","width":566,"height":88,"id":428567,"alt":"image","sizes":{"medium":{"file":"image-17-300x47.png","width":300,"height":47,"mimeType":"image\/png","sourceUrl":"https:\/\/quintoandar.com.br\/guias\/wp-content\/uploads\/2022\/01\/image-17-300x47.png"},"thumbnail":{"file":"image-17-150x88.png","width":150,"height":88,"mimeType":"image\/png","sourceUrl":"https:\/\/quintoandar.com.br\/guias\/wp-content\/uploads\/2022\/01\/image-17-150x88.png"},"post-thumbnail":{"file":"image-17-350x88.png","width":350,"height":88,"mimeType":"image\/png","sourceUrl":"https:\/\/quintoandar.com.br\/guias\/wp-content\/uploads\/2022\/01\/image-17-350x88.png"},"alm-thumbnail":{"file":"image-17-150x88.png","width":150,"height":88,"mimeType":"image\/png","sourceUrl":"https:\/\/quintoandar.com.br\/guias\/wp-content\/uploads\/2022\/01\/image-17-150x88.png"},"wpvqgr-square-answer":{"file":"image-17-300x88.png","width":300,"height":88,"mimeType":"image\/png","sourceUrl":"https:\/\/quintoandar.com.br\/guias\/wp-content\/uploads\/2022\/01\/image-17-300x88.png"},"web-stories-publisher-logo":{"file":"image-17-96x88.png","width":96,"height":88,"mimeType":"image\/png","sourceUrl":"https:\/\/quintoandar.com.br\/guias\/wp-content\/uploads\/2022\/01\/image-17-96x88.png"},"web-stories-thumbnail":{"file":"image-17-150x23.png","width":150,"height":23,"mimeType":"image\/png","sourceUrl":"https:\/\/quintoandar.com.br\/guias\/wp-content\/uploads\/2022\/01\/image-17-150x23.png"},"full":{"file":"image-17.png","width":566,"height":88,"mimeType":"image\/png","sourceUrl":"https:\/\/quintoandar.com.br\/guias\/wp-content\/uploads\/2022\/01\/image-17.png"}},"isPlaceholder":false,"isOptimized":false,"isMuted":false,"isExternal":false,"needsProxy":false},"type":"image","x":48,"y":0,"width":225,"height":35,"mask":{"type":"rectangle","showInLibrary":true,"name":"Ret\u00e2ngulo","path":"M 0,0 1,0 1,1 0,1 0,0 Z","ratio":1,"supportsBorder":true},"basedOn":"edef32eb-4eea-46fc-b412-cd16f6029f5f","id":"ca931b09-ebb1-4963-9a2f-cafc5090b6a3"},{"opacity":100,"flip":{"vertical":false,"horizontal":false},"rotationAngle":0,"lockAspectRatio":true,"backgroundTextMode":"FILL","font":{"family":"Poppins","fallbacks":["sans-serif"],"weights":[100,200,300,400,500,600,700,800,900],"styles":["italic","regular"],"variants":[[0,100],[1,100],[0,200],[1,200],[0,300],[1,300],[0,400],[1,400],[0,500],[1,500],[0,600],[1,600],[0,700],[1,700],[0,800],[1,800],[0,900],[1,900]],"service":"fonts.google.com","metrics":{"upm":1000,"asc":1050,"des":-350,"tAsc":1050,"tDes":-350,"tLGap":100,"wAsc":1135,"wDes":627,"xH":548,"capH":698,"yMin":-572,"yMax":1065,"hAsc":1050,"hDes":-350,"lGap":100}},"fontSize":26,"backgroundColor":{"color":{"r":248,"g":249,"b":245}},"lineHeight":1.1,"textAlign":"left","padding":{"locked":true,"hasHiddenPadding":true,"horizontal":8,"vertical":4},"type":"text","content":"Conhe\u00e7a a hist\u00f3ria de Martinho da Vila, cantor e compositor.","fontWeight":400,"borderRadius":{"locked":true,"topLeft":2,"topRight":2,"bottomRight":2,"bottomLeft":2},"x":48,"y":163,"width":312,"height":102,"scale":100,"focalX":50,"focalY":50,"basedOn":"1d476b6b-d38c-42c2-b082-8d1d435eecfd","id":"a42214ac-8eb5-403c-a72a-8b85b142db07"}],"animations":[],"backgroundColor":{"color":{"r":7,"g":53,"b":143}},"type":"page","id":"34295524-4444-4170-adf0-b48f1fe3d643"},{"elements":[{"opacity":100,"flip":{"vertical":false,"horizontal":false},"rotationAngle":0,"lockAspectRatio":true,"x":1,"y":1,"width":1,"height":1,"mask":{"type":"rectangle"},"isBackground":true,"isDefaultBackground":true,"id":"643e3ccc-3298-43c9-ba46-685194b7c060","type":"shape","basedOn":"08580422-ced8-4357-aaad-e67c11ef7c50"},{"opacity":100,"flip":{"vertical":false,"horizontal":false},"rotationAngle":0,"lockAspectRatio":false,"backgroundTextMode":"NONE","font":{"family":"Poppins","fallbacks":["sans-serif"],"weights":[100,200,300,400,500,600,700,800,900],"styles":["italic","regular"],"variants":[[0,100],[1,100],[0,200],[1,200],[0,300],[1,300],[0,400],[1,400],[0,500],[1,500],[0,600],[1,600],[0,700],[1,700],[0,800],[1,800],[0,900],[1,900]],"service":"fonts.google.com","metrics":{"upm":1000,"asc":1050,"des":-350,"tAsc":1050,"tDes":-350,"tLGap":100,"wAsc":1135,"wDes":627,"xH":548,"capH":698,"yMin":-572,"yMax":1065,"hAsc":1050,"hDes":-350,"lGap":100}},"fontSize":26,"backgroundColor":{"color":{"r":196,"g":196,"b":196}},"lineHeight":1.1,"textAlign":"initial","padding":{"locked":true,"horizontal":0,"vertical":0},"type":"text","content":"Martinho Jos\u00e9 Ferreira \u00e9 identificado com a Cidade Maravilhosa, em especial com o bairro de Vila Isabel, mas na verdade nasceu em Duas Barras, no interior do Rio de Janeiro.","fontWeight":700,"basedOn":"64d016e7-42b1-4850-a092-8330bd8b78c3","x":54,"y":14,"width":321,"height":236,"scale":100,"focalX":50,"focalY":50,"marginOffset":-11.099999999999994,"id":"7b143df1-40ab-4be5-9cba-13c8def5fa65"},{"opacity":100,"flip":{"vertical":false,"horizontal":false},"rotationAngle":0,"lockAspectRatio":true,"backgroundColor":{"color":{"r":7,"g":53,"b":143}},"type":"shape","x":-92,"y":288,"width":596,"height":388,"scale":100,"focalX":50,"focalY":50,"mask":{"type":"rectangle"},"basedOn":"e060b9fd-208b-4a28-950b-e88b6dcf651e","id":"a5c18bff-c463-42c5-b578-77ec0ef10bec"},{"opacity":100,"flip":{"vertical":false,"horizontal":false},"rotationAngle":0,"lockAspectRatio":true,"backgroundTextMode":"NONE","font":{"family":"Poppins","fallbacks":["sans-serif"],"weights":[100,200,300,400,500,600,700,800,900],"styles":["italic","regular"],"variants":[[0,100],[1,100],[0,200],[1,200],[0,300],[1,300],[0,400],[1,400],[0,500],[1,500],[0,600],[1,600],[0,700],[1,700],[0,800],[1,800],[0,900],[1,900]],"service":"fonts.google.com","metrics":{"upm":1000,"asc":1050,"des":-350,"tAsc":1050,"tDes":-350,"tLGap":100,"wAsc":1135,"wDes":627,"xH":548,"capH":698,"yMin":-572,"yMax":1065,"hAsc":1050,"hDes":-350,"lGap":100}},"fontSize":22,"backgroundColor":{"color":{"r":248,"g":249,"b":245}},"lineHeight":1.5,"textAlign":"left","padding":{"locked":true,"hasHiddenPadding":false,"horizontal":0,"vertical":0},"type":"text","content":"<span style=\"font-weight: 600; color: #f8f9f5\">A carioquice, no entanto, vem quase de ber\u00e7o, pois Martinho vive na cidade do Rio de Janeiro desde os quatro anos de idade, onde foi criado na Serra dos Pretos Forros, na Zona Norte.<\/span>","fontWeight":400,"borderRadius":{"locked":true,"topLeft":2,"topRight":2,"bottomRight":2,"bottomLeft":2},"x":48,"y":320,"width":289,"height":262,"scale":100,"focalX":50,"focalY":50,"marginOffset":2.5,"basedOn":"25b92388-cb93-4dc2-b8cd-a016cd8e4c43","id":"40ec3e82-5c0e-4d8b-a343-af52b1ef6e3e"}],"animations":[],"backgroundColor":{"color":{"r":248,"g":249,"b":245}},"type":"page","id":"db7989eb-5d5d-43a5-946a-fac948641421","defaultBackgroundElement":{"opacity":100,"flip":{"vertical":false,"horizontal":false},"rotationAngle":0,"lockAspectRatio":true,"x":1,"y":1,"width":1,"height":1,"mask":{"type":"rectangle"},"isBackground":true,"isDefaultBackground":true,"id":"08580422-ced8-4357-aaad-e67c11ef7c50","type":"shape"},"pageAttachment":{"url":"","icon":"https:\/\/quintoandar.com.br\/guias\/wp-content\/uploads\/2021\/10\/praias-de-florianopolis.jpg","needsProxy":false}},{"elements":[{"opacity":100,"flip":{"vertical":false,"horizontal":false},"rotationAngle":0,"lockAspectRatio":true,"x":1,"y":1,"width":1,"height":1,"mask":{"type":"rectangle"},"isBackground":true,"isDefaultBackground":true,"id":"70c666d4-6255-421c-aa06-1a0fbf75dbad","type":"shape","basedOn":"643e3ccc-3298-43c9-ba46-685194b7c060"},{"opacity":100,"flip":{"vertical":false,"horizontal":false},"rotationAngle":0,"lockAspectRatio":false,"backgroundTextMode":"NONE","font":{"family":"Poppins","fallbacks":["sans-serif"],"weights":[100,200,300,400,500,600,700,800,900],"styles":["italic","regular"],"variants":[[0,100],[1,100],[0,200],[1,200],[0,300],[1,300],[0,400],[1,400],[0,500],[1,500],[0,600],[1,600],[0,700],[1,700],[0,800],[1,800],[0,900],[1,900]],"service":"fonts.google.com","metrics":{"upm":1000,"asc":1050,"des":-350,"tAsc":1050,"tDes":-350,"tLGap":100,"wAsc":1135,"wDes":627,"xH":548,"capH":698,"yMin":-572,"yMax":1065,"hAsc":1050,"hDes":-350,"lGap":100}},"fontSize":24,"backgroundColor":{"color":{"r":196,"g":196,"b":196}},"lineHeight":1.1,"textAlign":"initial","padding":{"locked":true,"horizontal":0,"vertical":0},"type":"text","content":"Afinal de contas, o que seria do pagode carioca, se n\u00e3o fossem as rodas de sambistas, regadas a batuque e cerveja, nos quintais de casas do sub\u00farbio carioca, em especial na Zona Norte do Rio de Janeiro?","fontWeight":700,"basedOn":"7b143df1-40ab-4be5-9cba-13c8def5fa65","x":58,"y":330,"width":306,"height":245,"scale":100,"focalX":50,"focalY":50,"marginOffset":-11.099999999999994,"id":"b3104344-7c8e-4cfa-bddf-b1339227c032"},{"opacity":100,"flip":{"vertical":false,"horizontal":false},"rotationAngle":0,"lockAspectRatio":true,"backgroundColor":{"color":{"r":7,"g":53,"b":143}},"type":"shape","x":-44,"y":-65,"width":517,"height":336,"scale":100,"focalX":50,"focalY":50,"mask":{"type":"rectangle"},"basedOn":"a5c18bff-c463-42c5-b578-77ec0ef10bec","id":"983afccb-1ae4-45b0-8cfc-30c3c4242f73"},{"opacity":100,"flip":{"vertical":false,"horizontal":false},"rotationAngle":0,"lockAspectRatio":true,"backgroundTextMode":"NONE","font":{"family":"Poppins","fallbacks":["sans-serif"],"weights":[100,200,300,400,500,600,700,800,900],"styles":["italic","regular"],"variants":[[0,100],[1,100],[0,200],[1,200],[0,300],[1,300],[0,400],[1,400],[0,500],[1,500],[0,600],[1,600],[0,700],[1,700],[0,800],[1,800],[0,900],[1,900]],"service":"fonts.google.com","metrics":{"upm":1000,"asc":1050,"des":-350,"tAsc":1050,"tDes":-350,"tLGap":100,"wAsc":1135,"wDes":627,"xH":548,"capH":698,"yMin":-572,"yMax":1065,"hAsc":1050,"hDes":-350,"lGap":100}},"fontSize":22,"backgroundColor":{"color":{"r":248,"g":249,"b":245}},"lineHeight":1.5,"textAlign":"left","padding":{"locked":true,"hasHiddenPadding":false,"horizontal":0,"vertical":0},"type":"text","content":"<span style=\"color: #f8f9f5\">Dono de uma trajet\u00f3ria incr\u00edvel, ele foi convidado pelo QuintoAndar para gravar um v\u00eddeo na s\u00e9rie \u201c<\/span><span style=\"font-weight: 700; color: #f8f9f5\">Hist\u00f3rias pra morar<\/span><span style=\"color: #f8f9f5\">\u201c para falar suas hist\u00f3rias nos quintais por onde passou.&nbsp;<\/span>","fontWeight":400,"borderRadius":{"locked":true,"topLeft":2,"topRight":2,"bottomRight":2,"bottomLeft":2},"x":54,"y":15,"width":315,"height":229,"scale":100,"focalX":50,"focalY":50,"marginOffset":2.5,"basedOn":"40ec3e82-5c0e-4d8b-a343-af52b1ef6e3e","id":"62c35ef3-5023-499d-a410-11bc8a76f732"}],"animations":[],"backgroundColor":{"color":{"r":248,"g":249,"b":245}},"type":"page","id":"c97a1b59-8e09-4ada-b075-51888e9e0dd3","defaultBackgroundElement":{"opacity":100,"flip":{"vertical":false,"horizontal":false},"rotationAngle":0,"lockAspectRatio":true,"x":1,"y":1,"width":1,"height":1,"mask":{"type":"rectangle"},"isBackground":true,"isDefaultBackground":true,"id":"08580422-ced8-4357-aaad-e67c11ef7c50","type":"shape"},"pageAttachment":{"url":"","icon":"https:\/\/quintoandar.com.br\/guias\/wp-content\/uploads\/2021\/10\/praias-de-florianopolis.jpg","needsProxy":false}},{"elements":[{"opacity":100,"flip":{"vertical":false,"horizontal":false},"rotationAngle":0,"lockAspectRatio":true,"x":1,"y":1,"width":1,"height":1,"mask":{"type":"rectangle"},"isBackground":true,"isDefaultBackground":true,"id":"b4e34dce-7868-4fc1-8c47-a750902d6a75","type":"shape","basedOn":"10314a86-b744-41cf-a757-c2acda5b1b4e"},{"opacity":100,"flip":{"vertical":false,"horizontal":false},"rotationAngle":0,"lockAspectRatio":false,"backgroundTextMode":"NONE","font":{"family":"Poppins","fallbacks":["sans-serif"],"weights":[100,200,300,400,500,600,700,800,900],"styles":["italic","regular"],"variants":[[0,100],[1,100],[0,200],[1,200],[0,300],[1,300],[0,400],[1,400],[0,500],[1,500],[0,600],[1,600],[0,700],[1,700],[0,800],[1,800],[0,900],[1,900]],"service":"fonts.google.com","metrics":{"upm":1000,"asc":1050,"des":-350,"tAsc":1050,"tDes":-350,"tLGap":100,"wAsc":1135,"wDes":627,"xH":548,"capH":698,"yMin":-572,"yMax":1065,"hAsc":1050,"hDes":-350,"lGap":100}},"fontSize":80,"backgroundColor":{"color":{"r":196,"g":196,"b":196}},"lineHeight":1.1,"textAlign":"initial","padding":{"locked":true,"horizontal":0,"vertical":0},"type":"text","content":"<span style=\"font-weight: 600\">80%<\/span>","fontWeight":700,"basedOn":"db53ad88-4345-45cd-a711-f4788778a42d","x":58,"y":197,"width":251,"height":112,"scale":100,"focalX":50,"focalY":50,"marginOffset":-11.099999999999994,"id":"1885d230-7dae-4510-b1b6-80b7a2a2bff4"},{"opacity":100,"flip":{"vertical":false,"horizontal":false},"rotationAngle":0,"lockAspectRatio":false,"backgroundTextMode":"NONE","font":{"family":"Poppins","fallbacks":["sans-serif"],"weights":[100,200,300,400,500,600,700,800,900],"styles":["italic","regular"],"variants":[[0,100],[1,100],[0,200],[1,200],[0,300],[1,300],[0,400],[1,400],[0,500],[1,500],[0,600],[1,600],[0,700],[1,700],[0,800],[1,800],[0,900],[1,900]],"service":"fonts.google.com","metrics":{"upm":1000,"asc":1050,"des":-350,"tAsc":1050,"tDes":-350,"tLGap":100,"wAsc":1135,"wDes":627,"xH":548,"capH":698,"yMin":-572,"yMax":1065,"hAsc":1050,"hDes":-350,"lGap":100}},"fontSize":37,"backgroundColor":{"color":{"r":196,"g":196,"b":196}},"lineHeight":1.1,"textAlign":"initial","padding":{"locked":true,"horizontal":0,"vertical":0},"type":"text","content":"das pessoas preferem casas com quintal","fontWeight":700,"basedOn":"b3104344-7c8e-4cfa-bddf-b1339227c032","x":58,"y":309,"width":295,"height":133,"scale":100,"focalX":50,"focalY":50,"marginOffset":-11.099999999999994,"id":"799ed401-9143-452e-8b14-c8e073170e3b"},{"opacity":100,"flip":{"vertical":false,"horizontal":false},"rotationAngle":0,"lockAspectRatio":false,"scale":100,"focalX":50,"focalY":50,"resource":{"baseColor":"#040404","blurHash":"U009jvfQfQfQfQfQfQfQfQfQfQfQfQfQfQfQ","type":"image","mimeType":"image\/png","creationDate":"2022-01-17T14:44:50","src":"https:\/\/quintoandar.com.br\/guias\/wp-content\/uploads\/2022\/01\/Icon-Pin.png","width":1080,"height":1080,"id":428552,"alt":"Icon-Pin","sizes":{"medium":{"file":"Icon-Pin-300x300.png","width":300,"height":300,"mimeType":"image\/png","sourceUrl":"https:\/\/quintoandar.com.br\/guias\/wp-content\/uploads\/2022\/01\/Icon-Pin-300x300.png"},"large":{"file":"Icon-Pin-1024x1024.png","width":1024,"height":1024,"mimeType":"image\/png","sourceUrl":"https:\/\/quintoandar.com.br\/guias\/wp-content\/uploads\/2022\/01\/Icon-Pin-1024x1024.png"},"thumbnail":{"file":"Icon-Pin-150x150.png","width":150,"height":150,"mimeType":"image\/png","sourceUrl":"https:\/\/quintoandar.com.br\/guias\/wp-content\/uploads\/2022\/01\/Icon-Pin-150x150.png"},"medium_large":{"file":"Icon-Pin-768x768.png","width":768,"height":768,"mimeType":"image\/png","sourceUrl":"https:\/\/quintoandar.com.br\/guias\/wp-content\/uploads\/2022\/01\/Icon-Pin-768x768.png"},"post-thumbnail":{"file":"Icon-Pin-350x219.png","width":350,"height":219,"mimeType":"image\/png","sourceUrl":"https:\/\/quintoandar.com.br\/guias\/wp-content\/uploads\/2022\/01\/Icon-Pin-350x219.png"},"chamada-destaque":{"file":"Icon-Pin-636x358.png","width":636,"height":358,"mimeType":"image\/png","sourceUrl":"https:\/\/quintoandar.com.br\/guias\/wp-content\/uploads\/2022\/01\/Icon-Pin-636x358.png"},"single-destaque":{"file":"Icon-Pin-894x435.png","width":894,"height":435,"mimeType":"image\/png","sourceUrl":"https:\/\/quintoandar.com.br\/guias\/wp-content\/uploads\/2022\/01\/Icon-Pin-894x435.png"},"alm-thumbnail":{"file":"Icon-Pin-150x150.png","width":150,"height":150,"mimeType":"image\/png","sourceUrl":"https:\/\/quintoandar.com.br\/guias\/wp-content\/uploads\/2022\/01\/Icon-Pin-150x150.png"},"wpvqgr-square-answer":{"file":"Icon-Pin-300x300.png","width":300,"height":300,"mimeType":"image\/png","sourceUrl":"https:\/\/quintoandar.com.br\/guias\/wp-content\/uploads\/2022\/01\/Icon-Pin-300x300.png"},"web-stories-poster-portrait":{"file":"Icon-Pin-640x853.png","width":640,"height":853,"mimeType":"image\/png","sourceUrl":"https:\/\/quintoandar.com.br\/guias\/wp-content\/uploads\/2022\/01\/Icon-Pin-640x853.png"},"web-stories-publisher-logo":{"file":"Icon-Pin-96x96.png","width":96,"height":96,"mimeType":"image\/png","sourceUrl":"https:\/\/quintoandar.com.br\/guias\/wp-content\/uploads\/2022\/01\/Icon-Pin-96x96.png"},"web-stories-thumbnail":{"file":"Icon-Pin-150x150.png","width":150,"height":150,"mimeType":"image\/png","sourceUrl":"https:\/\/quintoandar.com.br\/guias\/wp-content\/uploads\/2022\/01\/Icon-Pin-150x150.png"},"full":{"file":"Icon-Pin.png","width":1080,"height":1080,"mimeType":"image\/png","sourceUrl":"https:\/\/quintoandar.com.br\/guias\/wp-content\/uploads\/2022\/01\/Icon-Pin.png"}},"isPlaceholder":false,"isOptimized":false,"isMuted":false,"isExternal":false,"needsProxy":false},"type":"image","x":58,"y":89,"width":75,"height":87,"mask":{"type":"rectangle","showInLibrary":true,"name":"Ret\u00e2ngulo","path":"M 0,0 1,0 1,1 0,1 0,0 Z","ratio":1,"supportsBorder":true},"id":"6bf7fdfd-c9d3-4202-97ae-ab84640d7602","alt":null}],"animations":[],"backgroundColor":{"color":{"r":248,"g":249,"b":245}},"type":"page","id":"8fa594f3-d6a6-45f6-861c-77285ddae896","defaultBackgroundElement":{"opacity":100,"flip":{"vertical":false,"horizontal":false},"rotationAngle":0,"lockAspectRatio":true,"x":1,"y":1,"width":1,"height":1,"mask":{"type":"rectangle"},"isBackground":true,"isDefaultBackground":true,"id":"08580422-ced8-4357-aaad-e67c11ef7c50","type":"shape"},"pageAttachment":{"url":"","icon":"https:\/\/quintoandar.com.br\/guias\/wp-content\/uploads\/2021\/10\/praias-de-florianopolis.jpg","needsProxy":false}},{"elements":[{"opacity":100,"flip":{"vertical":false,"horizontal":false},"rotationAngle":0,"lockAspectRatio":true,"x":1,"y":1,"width":1,"height":1,"mask":{"type":"rectangle"},"isBackground":true,"isDefaultBackground":true,"id":"10314a86-b744-41cf-a757-c2acda5b1b4e","type":"shape","basedOn":"6b78cafc-999a-4f3e-863c-dec476b12e20"},{"opacity":100,"flip":{"vertical":false,"horizontal":false},"rotationAngle":0,"lockAspectRatio":false,"backgroundTextMode":"NONE","font":{"family":"Poppins","fallbacks":["sans-serif"],"weights":[100,200,300,400,500,600,700,800,900],"styles":["italic","regular"],"variants":[[0,100],[1,100],[0,200],[1,200],[0,300],[1,300],[0,400],[1,400],[0,500],[1,500],[0,600],[1,600],[0,700],[1,700],[0,800],[1,800],[0,900],[1,900]],"service":"fonts.google.com","metrics":{"upm":1000,"asc":1050,"des":-350,"tAsc":1050,"tDes":-350,"tLGap":100,"wAsc":1135,"wDes":627,"xH":548,"capH":698,"yMin":-572,"yMax":1065,"hAsc":1050,"hDes":-350,"lGap":100}},"fontSize":25,"backgroundColor":{"color":{"r":196,"g":196,"b":196}},"lineHeight":1.1,"textAlign":"initial","padding":{"locked":true,"horizontal":0,"vertical":0},"type":"text","content":"<span style=\"font-weight: 600; color: #f8f9f5\">\u201cAs casas tinham uma coisa em comum: um quintal grande, festivo, que transformou nossas vidas. E tamb\u00e9m a cultura de um pa\u00eds inteiro. Porque foi de quintal em quintal que o pagode nasceu e ganhou o Brasil.\"<\/span>","fontWeight":700,"basedOn":"5a894b8d-d980-4ce1-ba8c-8e43432416b5","x":57,"y":32,"width":279,"height":310,"scale":100,"focalX":50,"focalY":50,"marginOffset":-11.099999999999994,"id":"db53ad88-4345-45cd-a711-f4788778a42d"},{"opacity":100,"flip":{"vertical":false,"horizontal":false},"rotationAngle":0,"lockAspectRatio":true,"scale":400,"focalX":73.94819154743116,"focalY":58.99669740532243,"resource":{"baseColor":"#c7b39c","blurHash":"","type":"image","mimeType":"image\/jpeg","creationDate":"2022-09-16T15:19:35","src":"https:\/\/quintoandar.com.br\/guias\/wp-content\/uploads\/2022\/09\/Quinto-Andar-1118-1-scaled.jpg","width":1707,"height":2560,"id":452510,"alt":"Quinto Andar 1118 (1)","sizes":{"medium":{"file":"Quinto-Andar-1118-1-200x300.jpg","width":200,"height":300,"filesize":"26087","mimeType":"image\/jpeg","sourceUrl":"https:\/\/quintoandar.com.br\/guias\/wp-content\/uploads\/2022\/09\/Quinto-Andar-1118-1-200x300.jpg"},"large":{"file":"Quinto-Andar-1118-1-683x1024.jpg","width":683,"height":1024,"filesize":"168449","mimeType":"image\/jpeg","sourceUrl":"https:\/\/quintoandar.com.br\/guias\/wp-content\/uploads\/2022\/09\/Quinto-Andar-1118-1-683x1024.jpg"},"thumbnail":{"file":"Quinto-Andar-1118-1-150x150.jpg","width":150,"height":150,"filesize":"15539","mimeType":"image\/jpeg","sourceUrl":"https:\/\/quintoandar.com.br\/guias\/wp-content\/uploads\/2022\/09\/Quinto-Andar-1118-1-150x150.jpg"},"medium_large":{"file":"Quinto-Andar-1118-1-768x1152.jpg","width":768,"height":1152,"filesize":"203841","mimeType":"image\/jpeg","sourceUrl":"https:\/\/quintoandar.com.br\/guias\/wp-content\/uploads\/2022\/09\/Quinto-Andar-1118-1-768x1152.jpg"},"1536x1536":{"file":"Quinto-Andar-1118-1-1024x1536.jpg","width":1024,"height":1536,"filesize":"331905","mimeType":"image\/jpeg","sourceUrl":"https:\/\/quintoandar.com.br\/guias\/wp-content\/uploads\/2022\/09\/Quinto-Andar-1118-1-1024x1536.jpg"},"2048x2048":{"file":"Quinto-Andar-1118-1-1365x2048.jpg","width":1365,"height":2048,"filesize":"545767","mimeType":"image\/jpeg","sourceUrl":"https:\/\/quintoandar.com.br\/guias\/wp-content\/uploads\/2022\/09\/Quinto-Andar-1118-1-1365x2048.jpg"},"post-thumbnail":{"file":"Quinto-Andar-1118-1-350x219.jpg","width":350,"height":219,"filesize":"32933","mimeType":"image\/jpeg","sourceUrl":"https:\/\/quintoandar.com.br\/guias\/wp-content\/uploads\/2022\/09\/Quinto-Andar-1118-1-350x219.jpg"},"chamada-destaque":{"file":"Quinto-Andar-1118-1-683x587.jpg","width":683,"height":587,"filesize":"111160","mimeType":"image\/jpeg","sourceUrl":"https:\/\/quintoandar.com.br\/guias\/wp-content\/uploads\/2022\/09\/Quinto-Andar-1118-1-683x587.jpg"},"single-destaque":{"file":"Quinto-Andar-1118-1-600x480.jpg","width":600,"height":480,"filesize":"84944","mimeType":"image\/jpeg","sourceUrl":"https:\/\/quintoandar.com.br\/guias\/wp-content\/uploads\/2022\/09\/Quinto-Andar-1118-1-600x480.jpg"},"alm-thumbnail":{"file":"Quinto-Andar-1118-1-150x150.jpg","width":150,"height":150,"filesize":"15539","mimeType":"image\/jpeg","sourceUrl":"https:\/\/quintoandar.com.br\/guias\/wp-content\/uploads\/2022\/09\/Quinto-Andar-1118-1-150x150.jpg"},"wpvqgr-square-answer":{"file":"Quinto-Andar-1118-1-300x300.jpg","width":300,"height":300,"filesize":"35462","mimeType":"image\/jpeg","sourceUrl":"https:\/\/quintoandar.com.br\/guias\/wp-content\/uploads\/2022\/09\/Quinto-Andar-1118-1-300x300.jpg"},"web-stories-poster-portrait":{"file":"Quinto-Andar-1118-1-640x853.jpg","width":640,"height":853,"filesize":"138368","mimeType":"image\/jpeg","sourceUrl":"https:\/\/quintoandar.com.br\/guias\/wp-content\/uploads\/2022\/09\/Quinto-Andar-1118-1-640x853.jpg"},"web-stories-publisher-logo":{"file":"Quinto-Andar-1118-1-96x96.jpg","width":96,"height":96,"filesize":"10793","mimeType":"image\/jpeg","sourceUrl":"https:\/\/quintoandar.com.br\/guias\/wp-content\/uploads\/2022\/09\/Quinto-Andar-1118-1-96x96.jpg"},"web-stories-thumbnail":{"file":"Quinto-Andar-1118-1-150x225.jpg","width":150,"height":225,"filesize":"18699","mimeType":"image\/jpeg","sourceUrl":"https:\/\/quintoandar.com.br\/guias\/wp-content\/uploads\/2022\/09\/Quinto-Andar-1118-1-150x225.jpg"},"full":{"file":"Quinto-Andar-1118-1-scaled.jpg","width":1707,"height":2560,"mimeType":"image\/jpeg","sourceUrl":"https:\/\/quintoandar.com.br\/guias\/wp-content\/uploads\/2022\/09\/Quinto-Andar-1118-1-scaled.jpg"}},"isPlaceholder":false,"isOptimized":false,"isMuted":false,"isExternal":false,"needsProxy":false},"type":"image","x":65,"y":405,"width":194,"height":194,"mask":{"type":"rectangle","showInLibrary":true,"name":"Ret\u00e2ngulo","path":"M 0,0 1,0 1,1 0,1 0,0 Z","ratio":1,"supportsBorder":true},"id":"be81684a-b890-4c24-9026-177f19f248d4","border":{"left":6,"right":6,"top":6,"bottom":6,"lockedWidth":true,"color":{"color":{"r":248,"g":249,"b":245}}},"alt":"Foto que ilustra stories sobre Martinho da Vila, cantor e compositor brasileiro, mostra ele sorrindo. Ele veste uma camisa branca, com um casaco azul claro por cima, um bon\u00e9 azul e \u00f3culos de grau. Atr\u00e1s dele h\u00e1 uma porta de vidro com detalhes em ferro."}],"animations":[],"backgroundColor":{"color":{"r":7,"g":53,"b":143}},"type":"page","id":"6f1de79c-a52b-49eb-b0d1-1c0bc759cb5e","defaultBackgroundElement":{"opacity":100,"flip":{"vertical":false,"horizontal":false},"rotationAngle":0,"lockAspectRatio":true,"x":1,"y":1,"width":1,"height":1,"mask":{"type":"rectangle"},"isBackground":true,"isDefaultBackground":true,"id":"08580422-ced8-4357-aaad-e67c11ef7c50","type":"shape"},"pageAttachment":{"url":"","icon":"https:\/\/quintoandar.com.br\/guias\/wp-content\/uploads\/2021\/10\/praias-de-florianopolis.jpg","needsProxy":false}},{"elements":[{"opacity":100,"flip":{"vertical":false,"horizontal":false},"rotationAngle":0,"lockAspectRatio":true,"x":1,"y":1,"width":1,"height":1,"mask":{"type":"rectangle"},"isBackground":true,"isDefaultBackground":true,"type":"shape","id":"af199d5f-4168-4498-9e87-37d28b071b80"},{"opacity":100,"flip":{"vertical":false,"horizontal":false},"rotationAngle":0,"lockAspectRatio":true,"backgroundTextMode":"NONE","font":{"family":"Poppins","fallbacks":["sans-serif"],"weights":[100,200,300,400,500,600,700,800,900],"styles":["italic","regular"],"variants":[[0,100],[1,100],[0,200],[1,200],[0,300],[1,300],[0,400],[1,400],[0,500],[1,500],[0,600],[1,600],[0,700],[1,700],[0,800],[1,800],[0,900],[1,900]],"service":"fonts.google.com","metrics":{"upm":1000,"asc":1050,"des":-350,"tAsc":1050,"tDes":-350,"tLGap":100,"wAsc":1135,"wDes":627,"xH":548,"capH":698,"yMin":-572,"yMax":1065,"hAsc":1050,"hDes":-350,"lGap":100}},"fontSize":29,"backgroundColor":{"color":{"r":255,"g":255,"b":255}},"lineHeight":1.1,"textAlign":"left","padding":{"locked":true,"hasHiddenPadding":false,"horizontal":0,"vertical":0},"type":"text","content":"<span style=\"font-weight: 600\">Saiba mais sobre a hist\u00f3ria de vida de Martinho da Vila e conhe\u00e7a a s\u00e9rie \"Hist\u00f3rias pra morar\", do QuintoAndar.<\/span>","fontWeight":400,"borderRadius":{"locked":true,"topLeft":2,"topRight":2,"bottomRight":2,"bottomLeft":2},"width":316,"height":200,"scale":100,"focalX":50,"focalY":50,"basedOn":"0603ee24-53b1-49cb-95df-881aeb682c20","x":48,"y":344,"id":"008cfd39-1b87-499b-b753-5c41e45f16ca","marginOffset":-9},{"opacity":100,"flip":{"vertical":false,"horizontal":false},"rotationAngle":0,"lockAspectRatio":true,"scale":100,"focalX":55.17718706564633,"focalY":50.01190914511964,"resource":{"baseColor":"#9d9d92","blurHash":"","type":"image","mimeType":"image\/jpeg","creationDate":"2022-09-16T15:19:25","src":"https:\/\/quintoandar.com.br\/guias\/wp-content\/uploads\/2022\/09\/Quinto-Andar-1022-1.jpg","width":2000,"height":1333,"id":452509,"alt":"Quinto Andar 1022 (1)","sizes":{"medium":{"file":"Quinto-Andar-1022-1-300x200.jpg","width":300,"height":200,"filesize":"30742","mimeType":"image\/jpeg","sourceUrl":"https:\/\/quintoandar.com.br\/guias\/wp-content\/uploads\/2022\/09\/Quinto-Andar-1022-1-300x200.jpg"},"large":{"file":"Quinto-Andar-1022-1-1024x682.jpg","width":1024,"height":682,"filesize":"197083","mimeType":"image\/jpeg","sourceUrl":"https:\/\/quintoandar.com.br\/guias\/wp-content\/uploads\/2022\/09\/Quinto-Andar-1022-1-1024x682.jpg"},"thumbnail":{"file":"Quinto-Andar-1022-1-150x150.jpg","width":150,"height":150,"filesize":"17112","mimeType":"image\/jpeg","sourceUrl":"https:\/\/quintoandar.com.br\/guias\/wp-content\/uploads\/2022\/09\/Quinto-Andar-1022-1-150x150.jpg"},"medium_large":{"file":"Quinto-Andar-1022-1-768x512.jpg","width":768,"height":512,"filesize":"123599","mimeType":"image\/jpeg","sourceUrl":"https:\/\/quintoandar.com.br\/guias\/wp-content\/uploads\/2022\/09\/Quinto-Andar-1022-1-768x512.jpg"},"1536x1536":{"file":"Quinto-Andar-1022-1-1536x1024.jpg","width":1536,"height":1024,"filesize":"375965","mimeType":"image\/jpeg","sourceUrl":"https:\/\/quintoandar.com.br\/guias\/wp-content\/uploads\/2022\/09\/Quinto-Andar-1022-1-1536x1024.jpg"},"post-thumbnail":{"file":"Quinto-Andar-1022-1-350x219.jpg","width":350,"height":219,"filesize":"36463","mimeType":"image\/jpeg","sourceUrl":"https:\/\/quintoandar.com.br\/guias\/wp-content\/uploads\/2022\/09\/Quinto-Andar-1022-1-350x219.jpg"},"chamada-destaque":{"file":"Quinto-Andar-1022-1-683x587.jpg","width":683,"height":587,"filesize":"127464","mimeType":"image\/jpeg","sourceUrl":"https:\/\/quintoandar.com.br\/guias\/wp-content\/uploads\/2022\/09\/Quinto-Andar-1022-1-683x587.jpg"},"single-destaque":{"file":"Quinto-Andar-1022-1-600x480.jpg","width":600,"height":480,"filesize":"97871","mimeType":"image\/jpeg","sourceUrl":"https:\/\/quintoandar.com.br\/guias\/wp-content\/uploads\/2022\/09\/Quinto-Andar-1022-1-600x480.jpg"},"alm-thumbnail":{"file":"Quinto-Andar-1022-1-150x150.jpg","width":150,"height":150,"filesize":"17112","mimeType":"image\/jpeg","sourceUrl":"https:\/\/quintoandar.com.br\/guias\/wp-content\/uploads\/2022\/09\/Quinto-Andar-1022-1-150x150.jpg"},"wpvqgr-square-answer":{"file":"Quinto-Andar-1022-1-300x300.jpg","width":300,"height":300,"filesize":"41151","mimeType":"image\/jpeg","sourceUrl":"https:\/\/quintoandar.com.br\/guias\/wp-content\/uploads\/2022\/09\/Quinto-Andar-1022-1-300x300.jpg"},"web-stories-poster-portrait":{"file":"Quinto-Andar-1022-1-640x853.jpg","width":640,"height":853,"filesize":"142132","mimeType":"image\/jpeg","sourceUrl":"https:\/\/quintoandar.com.br\/guias\/wp-content\/uploads\/2022\/09\/Quinto-Andar-1022-1-640x853.jpg"},"web-stories-publisher-logo":{"file":"Quinto-Andar-1022-1-96x96.jpg","width":96,"height":96,"filesize":"11391","mimeType":"image\/jpeg","sourceUrl":"https:\/\/quintoandar.com.br\/guias\/wp-content\/uploads\/2022\/09\/Quinto-Andar-1022-1-96x96.jpg"},"web-stories-thumbnail":{"file":"Quinto-Andar-1022-1-150x100.jpg","width":150,"height":100,"filesize":"14240","mimeType":"image\/jpeg","sourceUrl":"https:\/\/quintoandar.com.br\/guias\/wp-content\/uploads\/2022\/09\/Quinto-Andar-1022-1-150x100.jpg"},"full":{"file":"Quinto-Andar-1022-1.jpg","width":2000,"height":1333,"mimeType":"image\/jpeg","sourceUrl":"https:\/\/quintoandar.com.br\/guias\/wp-content\/uploads\/2022\/09\/Quinto-Andar-1022-1.jpg"}},"isPlaceholder":false,"isOptimized":false,"isMuted":false,"isExternal":false,"needsProxy":false},"type":"image","x":44,"y":-4,"width":323,"height":323,"mask":{"type":"rectangle","showInLibrary":true,"name":"Ret\u00e2ngulo","path":"M 0,0 1,0 1,1 0,1 0,0 Z","ratio":1,"supportsBorder":true},"id":"dbbae968-ce26-4889-9330-ec86bd8d2720","border":{"left":8,"right":8,"top":8,"bottom":8,"lockedWidth":true,"color":{"color":{"r":7,"g":53,"b":143}}},"alt":"Foto que ilustra stories sobre Martinho da Vila, cantor e compositor brasileiro, mostra ele sentado em uma cadeira. Atr\u00e1s dele h\u00e1 uma porta para entrar em casa e uma planta em um caso."}],"backgroundColor":{"color":{"r":248,"g":249,"b":245}},"type":"page","id":"c4fe8d6f-748d-41b2-b2c6-265890fe3142","pageAttachment":{"url":"https:\/\/quintoandar.com.br\/martinho-da-vila-quintoandar\/","icon":"https:\/\/quintoandar.com.br\/guias\/wp-content\/uploads\/2022\/09\/Martinho-da-Vila-Pagodes-nos-quintais-cariocas.jpg","ctaText":"Leia aqui","needsProxy":false},"animations":[]}],"autoAdvance":true,"defaultPageDuration":7,"currentStoryStyles":{"colors":[{"color":{"r":196,"g":196,"b":196}}]}},"story_poster":{"id":453011,"url":"https:\/\/www.quintoandar.com.br\/guias\/wp-content\/uploads\/2022\/09\/cropped-Quinto-Andar-1118-1-scaled-1.jpg","width":640,"height":853,"needsProxy":false},"_links":{"self":[{"href":"https:\/\/www.quintoandar.com.br\/guias\/wp-json\/web-stories\/v1\/web-story\/452989","targetHints":{"allow":["GET"]}}],"collection":[{"href":"https:\/\/www.quintoandar.com.br\/guias\/wp-json\/web-stories\/v1\/web-story"}],"about":[{"href":"https:\/\/www.quintoandar.com.br\/guias\/wp-json\/wp\/v2\/types\/web-story"}],"author":[{"embeddable":true,"href":"https:\/\/www.quintoandar.com.br\/guias\/wp-json\/web-stories\/v1\/users\/45"}],"version-history":[{"count":10,"href":"https:\/\/www.quintoandar.com.br\/guias\/wp-json\/web-stories\/v1\/web-story\/452989\/revisions"}],"predecessor-version":[{"id":453022,"href":"https:\/\/www.quintoandar.com.br\/guias\/wp-json\/web-stories\/v1\/web-story\/452989\/revisions\/453022"}],"wp:featuredmedia":[{"embeddable":true,"href":"https:\/\/www.quintoandar.com.br\/guias\/wp-json\/web-stories\/v1\/media\/453011"}],"wp:attachment":[{"href":"https:\/\/www.quintoandar.com.br\/guias\/wp-json\/web-stories\/v1\/media?parent=452989"}],"wp:term":[{"taxonomy":"web_story_category","embeddable":true,"href":"https:\/\/www.quintoandar.com.br\/guias\/wp-json\/web-stories\/v1\/web_story_category?post=452989"},{"taxonomy":"web_story_tag","embeddable":true,"href":"https:\/\/www.quintoandar.com.br\/guias\/wp-json\/web-stories\/v1\/web_story_tag?post=452989"}],"wp:lock":[{"embeddable":true,"href":"https:\/\/www.quintoandar.com.br\/guias\/wp-json\/web-stories\/v1\/web-story\/452989\/lock"}],"wp:publisherlogo":[{"embeddable":true,"href":"https:\/\/www.quintoandar.com.br\/guias\/wp-json\/web-stories\/v1\/media\/428798"}],"curies":[{"name":"wp","href":"https:\/\/api.w.org\/{rel}","templated":true}]}}