{"id":459228,"date":"2022-11-16T19:13:08","date_gmt":"2022-11-16T22:13:08","guid":{"rendered":"https:\/\/www.quintoandar.com.br\/guias\/?post_type=web-story&#038;p=459228"},"modified":"2023-04-24T15:13:15","modified_gmt":"2023-04-24T18:13:15","slug":"3-melhores-praias-salvador","status":"publish","type":"web-story","link":"https:\/\/www.quintoandar.com.br\/guias\/web-stories\/3-melhores-praias-salvador\/","title":{"rendered":"3 melhores praias em Salvador"},"content":{"rendered":"<p><html amp=\"\" lang=\"en\"><head><meta charSet=\"utf-8\"\/><meta name=\"viewport\" content=\"width=device-width,minimum-scale=1,initial-scale=1\"\/><script async=\"\" src=\"https:\/\/cdn.ampproject.org\/v0.js\"><\/script><script async=\"\" src=\"https:\/\/cdn.ampproject.org\/v0\/amp-story-1.0.js\" custom-element=\"amp-story\"><\/script><script async=\"\" src=\"https:\/\/cdn.ampproject.org\/v0\/amp-video-0.1.js\" custom-element=\"amp-video\"><\/script><link href=\"https:\/\/fonts.googleapis.com\/css2?display=swap&amp;family=Poppins%3Awght%40400%3B600\" rel=\"stylesheet\"\/><noscript><\/noscript><meta name=\"web-stories-replace-head-start\"\/><title>3 melhores praias em Salvador<\/title><link rel=\"canonical\" href=\"https:\/\/www.quintoandar.com.br\/guias\/?post_type=web-story&amp;p=459228\"\/><meta name=\"web-stories-replace-head-end\"\/><\/head><body><amp-story standalone=\"\" publisher=\"MeuLugar\" publisher-logo-src=\"https:\/\/www.quintoandar.com.br\/guias\/wp-content\/uploads\/2022\/01\/Logo_MeuLugar.png\" title=\"3 melhores praias em Salvador\" poster-portrait-src=\"https:\/\/www.quintoandar.com.br\/guias\/wp-content\/uploads\/2022\/11\/cropped-Praias-de-Salvador-Praia-de-Itapua-Foto-de-Andreia-Brandao-Turismo-Bahia-850x680-1-640x853.jpg\"><amp-story-page id=\"263f42bc-a79f-495c-96c8-15ded26152f5\" auto-advance-after=\"7s\"><amp-story-grid-layer template=\"vertical\" aspect-ratio=\"412:618\" class=\"grid-layer\"><\/p>\n<div class=\"page-fullbleed-area\" style=\"background-color:#245825\">\n<div class=\"page-safe-area\">\n<div style=\"position:absolute;pointer-events:none;left:0;top:-9.25926%;width:100%;height:118.51852%;opacity:1\">\n<div style=\"pointer-events:initial;width:100%;height:100%;display:block;position:absolute;top:0;left:0;z-index:0\" class=\"mask\" id=\"el-5e4c0825-cf1b-4ce6-b362-6dec3c39bb1b\">\n<div class=\"fill\" style=\"will-change:transform\"><\/div>\n<\/div>\n<\/div>\n<\/div>\n<\/div>\n<p><\/amp-story-grid-layer><amp-story-grid-layer template=\"vertical\" aspect-ratio=\"412:618\" class=\"grid-layer\"><\/p>\n<div class=\"page-fullbleed-area\">\n<div class=\"page-safe-area\">\n<div style=\"position:absolute;pointer-events:none;left:15.04854%;top:22.49191%;width:69.66019%;height:12.13592%;opacity:1\">\n<div style=\"pointer-events:initial;width:100%;height:100%;display:block;position:absolute;top:0;left:0;z-index:0;border-radius:0.6968641114982579% 0.6968641114982579% 0.6968641114982579% 0.6968641114982579% \/ 2.666666666666667% 2.666666666666667% 2.666666666666667% 2.666666666666667%\" id=\"el-3c610e28-eb19-4563-a420-3950da19ad2d\">\n<h2 class=\"fill text-wrapper\" style=\"white-space:pre-line;overflow-wrap:break-word;word-break:break-word;margin:1.5679442508710801% 0;font-family:&quot;Poppins&quot;,sans-serif;font-size:0.485437em;line-height:1.1;text-align:left;padding:0;color:#000000\"><span><span style=\"font-weight: 600; color: #f8f9f5\">3 melhores praias em Salvador\/BA<\/span><\/span><\/h2>\n<\/div>\n<\/div>\n<div style=\"position:absolute;pointer-events:none;left:11.65049%;top:49.19094%;width:76.21359%;height:50.80906%;opacity:1\">\n<div style=\"pointer-events:initial;width:100%;height:100%;display:block;position:absolute;top:0;left:0;z-index:0\" class=\"mask\" id=\"el-ee0795d1-7930-4c6d-9924-605ff66db8fa\">\n<div class=\"fill\" style=\"background-color:#a3c7a1;will-change:transform\"><\/div>\n<\/div>\n<\/div>\n<div style=\"position:absolute;pointer-events:none;left:15.04854%;top:51.2945%;width:69.41748%;height:46.27832%;opacity:1\">\n<div style=\"pointer-events:initial;width:100%;height:100%;display:block;position:absolute;top:0;left:0;z-index:0;border-radius:0% 0% 0% 0% \/ 0% 0% 0% 0%\" class=\"mask\" id=\"el-2eadb7ee-ddcd-4d3b-a70c-3ca81c4c59fe\"><a href=\"https:\/\/www.quintoandar.com.br\/guias\/cidades\/praias-de-salvador\/\" data-tooltip-icon=\"https:\/\/www.quintoandar.com.br\/guias\/wp-content\/uploads\/2021\/12\/Praias-de-Salvador-Praia-de-Itapua-Foto-de-Andreia-Brandao-Turismo-Bahia.jpg\" data-tooltip-text=\"Praias de Salvador: more perto de verdadeiros cart\u00f5es postais\" target=\"_blank\" rel=\"noreferrer noopener\" style=\"width:100%;height:100%;display:block;position:absolute;top:0;left:0\"><\/p>\n<div style=\"position:absolute;width:247.42%;height:139%;left:-106.84287%;top:-19.5%\" data-leaf-element=\"true\"><amp-img layout=\"fill\" src=\"https:\/\/www.quintoandar.com.br\/guias\/wp-content\/uploads\/2022\/11\/Praias-de-Salvador-Praia-do-Forte-Gleidson-Santos-MTUR.webp\" alt=\"Foto que ilustra stories sobre praias em Salvador mostra a vista de cima da Praia do Forte.\" srcSet=\"https:\/\/www.quintoandar.com.br\/guias\/wp-content\/uploads\/2022\/11\/Praias-de-Salvador-Praia-do-Forte-Gleidson-Santos-MTUR.webp 2047w,https:\/\/www.quintoandar.com.br\/guias\/wp-content\/uploads\/2022\/11\/Praias-de-Salvador-Praia-do-Forte-Gleidson-Santos-MTUR-1536x863.webp 1536w,https:\/\/www.quintoandar.com.br\/guias\/wp-content\/uploads\/2022\/11\/Praias-de-Salvador-Praia-do-Forte-Gleidson-Santos-MTUR-1024x575.webp 1024w,https:\/\/www.quintoandar.com.br\/guias\/wp-content\/uploads\/2022\/11\/Praias-de-Salvador-Praia-do-Forte-Gleidson-Santos-MTUR-768x431.webp 768w,https:\/\/www.quintoandar.com.br\/guias\/wp-content\/uploads\/2022\/11\/Praias-de-Salvador-Praia-do-Forte-Gleidson-Santos-MTUR-300x169.webp 300w,https:\/\/www.quintoandar.com.br\/guias\/wp-content\/uploads\/2022\/11\/Praias-de-Salvador-Praia-do-Forte-Gleidson-Santos-MTUR-150x84.webp 150w\" sizes=\"(min-width: 1024px) 31vh, 69vw\" disable-inline-width=\"true\"><\/amp-img><\/div>\n<p><\/a><\/div>\n<\/div>\n<div style=\"position:absolute;pointer-events:none;left:11.65049%;top:0;width:54.61165%;height:5.66343%;opacity:1\">\n<div style=\"pointer-events:initial;width:100%;height:100%;display:block;position:absolute;top:0;left:0;z-index:0\" class=\"mask\" id=\"el-d082c74c-3fa3-443a-8afc-1566b8cbf2d1\">\n<div style=\"position:absolute;width:100.0505%;height:100%;left:-0.02525%;top:0%\" data-leaf-element=\"true\"><amp-img layout=\"fill\" src=\"https:\/\/www.quintoandar.com.br\/guias\/wp-content\/uploads\/2022\/01\/image-17.png\" alt=\"image\" srcSet=\"https:\/\/www.quintoandar.com.br\/guias\/wp-content\/uploads\/2022\/01\/image-17.png 566w\" sizes=\"(min-width: 1024px) 25vh, 55vw\" disable-inline-width=\"true\"><\/amp-img><\/div>\n<\/div>\n<\/div>\n<\/div>\n<\/div>\n<p><\/amp-story-grid-layer><\/amp-story-page><amp-story-page id=\"97f1302f-1e63-474a-9a0c-67f1cf96346e\" auto-advance-after=\"7s\"><amp-story-animation layout=\"nodisplay\" trigger=\"visibility\"><script type=\"application\/json\">[{\"selector\":\"#anim-bfd448fb-99de-4397-b9a3-28975b131e79\",\"keyframes\":{\"opacity\":[0,1]},\"delay\":0,\"duration\":600,\"easing\":\"cubic-bezier(0.2, 0.6, 0.0, 1)\",\"fill\":\"both\"}]<\/script><\/amp-story-animation><amp-story-animation layout=\"nodisplay\" trigger=\"visibility\"><script type=\"application\/json\">[{\"selector\":\"#anim-fd7189c9-b670-4b83-ad9c-531a5ca2200d\",\"keyframes\":{\"transform\":[\"translate3d(-117.32027%, 0px, 0)\",\"translate3d(0px, 0px, 0)\"]},\"delay\":0,\"duration\":600,\"easing\":\"cubic-bezier(0.2, 0.6, 0.0, 1)\",\"fill\":\"both\"}]<\/script><\/amp-story-animation><amp-story-animation layout=\"nodisplay\" trigger=\"visibility\"><script type=\"application\/json\">[{\"selector\":\"#anim-68465e21-d5f9-4730-bd0d-76c1588876bd\",\"keyframes\":{\"opacity\":[0,1]},\"delay\":0,\"duration\":600,\"easing\":\"cubic-bezier(0.4, 0.4, 0.0, 1)\",\"fill\":\"both\"}]<\/script><\/amp-story-animation><amp-story-grid-layer template=\"vertical\" aspect-ratio=\"412:618\" class=\"grid-layer\"><\/p>\n<div class=\"page-fullbleed-area\" style=\"background-color:#5063f8\">\n<div class=\"page-safe-area\">\n<div style=\"position:absolute;pointer-events:none;left:0;top:-9.25926%;width:100%;height:118.51852%;opacity:1\">\n<div style=\"pointer-events:initial;width:100%;height:100%;display:block;position:absolute;top:0;left:0;z-index:0\" class=\"mask\" id=\"el-d2b72a51-1e66-4949-8dca-7e94d60af9ce\">\n<div class=\"fill\" style=\"will-change:transform\"><\/div>\n<\/div>\n<\/div>\n<\/div>\n<\/div>\n<p><\/amp-story-grid-layer><amp-story-grid-layer template=\"vertical\" aspect-ratio=\"412:618\" class=\"grid-layer\"><\/p>\n<div class=\"page-fullbleed-area\">\n<div class=\"page-safe-area\">\n<div style=\"position:absolute;pointer-events:none;left:0;top:-9.2233%;width:100.24272%;height:60.67961%;opacity:1\">\n<div style=\"pointer-events:initial;width:100%;height:100%;display:block;position:absolute;top:0;left:0;z-index:0\" class=\"mask\" id=\"el-7ea6faf4-79c1-4c85-baa8-8f8f53550695\">\n<div class=\"fill\" style=\"background-color:#f8f9f5;will-change:transform\"><\/div>\n<\/div>\n<\/div>\n<div style=\"position:absolute;pointer-events:none;left:12.86408%;top:10.19417%;width:74.27184%;height:27.02265%;opacity:1\">\n<div id=\"anim-bfd448fb-99de-4397-b9a3-28975b131e79\" class=\"animation-wrapper\" style=\"width:100%;height:100%;display:block;position:absolute;top:0;left:0;--initial-opacity:0;--initial-transform:none\">\n<div id=\"anim-fd7189c9-b670-4b83-ad9c-531a5ca2200d\" class=\"animation-wrapper\" style=\"width:100%;height:100%;display:block;position:absolute;top:0;left:0;--initial-opacity:1;--initial-transform:translate3d(-117.32027%, 0px, 0)\">\n<div style=\"pointer-events:initial;width:100%;height:100%;display:block;position:absolute;top:0;left:0;z-index:0\" id=\"el-8a26d018-0739-4342-b710-81b13a34441d\">\n<h3 class=\"fill text-wrapper\" style=\"white-space:pre-line;overflow-wrap:break-word;word-break:break-word;margin:1.0294117647058818% 0;font-family:&quot;Poppins&quot;,sans-serif;font-size:0.339806em;line-height:1.1;text-align:initial;padding:0;color:#000000\"><span>Com tanta beleza e roteiros culturais, chega a ser quase dif\u00edcil escolher em quais praias de Salvador aproveitar e, principalmente, perto de qual voc\u00ea gostaria de morar.<\/span><\/h3>\n<\/div>\n<\/div>\n<\/div>\n<\/div>\n<div style=\"position:absolute;pointer-events:none;left:0;top:46.44013%;width:100.24272%;height:64.07767%;opacity:1\">\n<div style=\"pointer-events:initial;width:100%;height:100%;display:block;position:absolute;top:0;left:0;z-index:0\" class=\"mask\" id=\"el-21758096-c7b6-43d4-bc9f-fd2e9434d798\">\n<div class=\"fill\" style=\"background-color:#245825;will-change:transform\"><\/div>\n<\/div>\n<\/div>\n<div style=\"position:absolute;pointer-events:none;left:4.85437%;top:50%;width:90.53398%;height:56.14887%;opacity:1\">\n<div id=\"anim-68465e21-d5f9-4730-bd0d-76c1588876bd\" class=\"animation-wrapper\" style=\"width:100%;height:100%;display:block;position:absolute;top:0;left:0;--initial-opacity:0;--initial-transform:none\">\n<div style=\"pointer-events:initial;width:100%;height:100%;display:block;position:absolute;top:0;left:0;z-index:0\" class=\"mask\" id=\"el-9e920425-d3be-4cc9-a9ee-914dc60cf5ba\">\n<div style=\"position:absolute;width:100%;height:107.49279%;left:0%;top:-3.74639%\" data-leaf-element=\"true\"><amp-video id=\"el-9e920425-d3be-4cc9-a9ee-914dc60cf5ba-media\" autoplay=\"autoplay\" loop=\"loop\" noaudio=\"noaudio\" poster=\"https:\/\/media.tenor.com\/00nYv2cFOnAAAAAe\/on-the.png\" layout=\"fill\" alt=\"V\u00eddeo que ilustra stories sobre praias em Salvador mostra uma mulher dan\u00e7ando na beira do mar. Ela est\u00e1 bem feliz e sorridente.\"><source type=\"video\/mp4\" src=\"https:\/\/media.tenor.com\/00nYv2cFOnAAAAPo\/on-the.mp4\"\/><\/amp-video><\/div>\n<\/div>\n<\/div>\n<\/div>\n<\/div>\n<\/div>\n<p><\/amp-story-grid-layer><\/amp-story-page><amp-story-page id=\"4be621d2-bda7-4646-8ad0-1b7d4daca51f\" auto-advance-after=\"7s\"><amp-story-animation layout=\"nodisplay\" trigger=\"visibility\"><script type=\"application\/json\">[{\"selector\":\"#anim-7e88f9de-3bbb-4393-a0ea-b4ab885d2f05\",\"keyframes\":{\"opacity\":[0,1]},\"delay\":0,\"duration\":600,\"easing\":\"cubic-bezier(0.2, 0.6, 0.0, 1)\",\"fill\":\"both\"}]<\/script><\/amp-story-animation><amp-story-animation layout=\"nodisplay\" trigger=\"visibility\"><script type=\"application\/json\">[{\"selector\":\"#anim-6b12134d-1ac3-44ad-a750-de54bc997815\",\"keyframes\":{\"transform\":[\"translate3d(-116.34615%, 0px, 0)\",\"translate3d(0px, 0px, 0)\"]},\"delay\":0,\"duration\":600,\"easing\":\"cubic-bezier(0.2, 0.6, 0.0, 1)\",\"fill\":\"both\"}]<\/script><\/amp-story-animation><amp-story-animation layout=\"nodisplay\" trigger=\"visibility\"><script type=\"application\/json\">[{\"selector\":\"#anim-fe74c025-f94c-4b9b-ad33-c2c97ffecae8\",\"keyframes\":{\"opacity\":[0,1]},\"delay\":0,\"duration\":600,\"easing\":\"cubic-bezier(0.4, 0.4, 0.0, 1)\",\"fill\":\"both\"}]<\/script><\/amp-story-animation><amp-story-grid-layer template=\"vertical\" aspect-ratio=\"412:618\" class=\"grid-layer\"><\/p>\n<div class=\"page-fullbleed-area\" style=\"background-color:#5063f8\">\n<div class=\"page-safe-area\">\n<div style=\"position:absolute;pointer-events:none;left:0;top:-9.25926%;width:100%;height:118.51852%;opacity:1\">\n<div style=\"pointer-events:initial;width:100%;height:100%;display:block;position:absolute;top:0;left:0;z-index:0\" class=\"mask\" id=\"el-27b1fe81-5928-4ea0-837c-594ef7756b99\">\n<div class=\"fill\" style=\"will-change:transform\"><\/div>\n<\/div>\n<\/div>\n<\/div>\n<\/div>\n<p><\/amp-story-grid-layer><amp-story-grid-layer template=\"vertical\" aspect-ratio=\"412:618\" class=\"grid-layer\"><\/p>\n<div class=\"page-fullbleed-area\">\n<div class=\"page-safe-area\">\n<div style=\"position:absolute;pointer-events:none;left:0;top:-9.2233%;width:100.24272%;height:60.67961%;opacity:1\">\n<div style=\"pointer-events:initial;width:100%;height:100%;display:block;position:absolute;top:0;left:0;z-index:0\" class=\"mask\" id=\"el-0b212ab7-9cb1-4819-b817-f51709b163f4\">\n<div class=\"fill\" style=\"background-color:#f8f9f5;will-change:transform\"><\/div>\n<\/div>\n<\/div>\n<div style=\"position:absolute;pointer-events:none;left:12.37864%;top:12.29773%;width:75.72816%;height:19.57929%;opacity:1\">\n<div id=\"anim-7e88f9de-3bbb-4393-a0ea-b4ab885d2f05\" class=\"animation-wrapper\" style=\"width:100%;height:100%;display:block;position:absolute;top:0;left:0;--initial-opacity:0;--initial-transform:none\">\n<div id=\"anim-6b12134d-1ac3-44ad-a750-de54bc997815\" class=\"animation-wrapper\" style=\"width:100%;height:100%;display:block;position:absolute;top:0;left:0;--initial-opacity:1;--initial-transform:translate3d(-116.34615%, 0px, 0)\">\n<div style=\"pointer-events:initial;width:100%;height:100%;display:block;position:absolute;top:0;left:0;z-index:0\" id=\"el-88c54e38-2b36-4968-ab9f-5d402bae7907\">\n<h3 class=\"fill text-wrapper\" style=\"white-space:pre-line;overflow-wrap:break-word;word-break:break-word;margin:1.0096153846153841% 0;font-family:&quot;Poppins&quot;,sans-serif;font-size:0.339806em;line-height:1.1;text-align:initial;padding:0;color:#000000\"><span>Pensando nisso, listamos aqui 3 dos principais praias da cidade que tanto turistas quanto os soteropolitanos n\u00e3o se cansam de desfrutar.<\/span><\/h3>\n<\/div>\n<\/div>\n<\/div>\n<\/div>\n<div style=\"position:absolute;pointer-events:none;left:0;top:46.44013%;width:100.24272%;height:64.07767%;opacity:1\">\n<div style=\"pointer-events:initial;width:100%;height:100%;display:block;position:absolute;top:0;left:0;z-index:0\" class=\"mask\" id=\"el-d9c3c795-0fc2-413f-b8f6-1dd79e0c6cb6\">\n<div class=\"fill\" style=\"background-color:#245825;will-change:transform\"><\/div>\n<\/div>\n<\/div>\n<div style=\"position:absolute;pointer-events:none;left:5.33981%;top:50%;width:90.53398%;height:56.14887%;opacity:1\">\n<div id=\"anim-fe74c025-f94c-4b9b-ad33-c2c97ffecae8\" class=\"animation-wrapper\" style=\"width:100%;height:100%;display:block;position:absolute;top:0;left:0;--initial-opacity:0;--initial-transform:none\">\n<div style=\"pointer-events:initial;width:100%;height:100%;display:block;position:absolute;top:0;left:0;z-index:0\" class=\"mask\" id=\"el-988f25a1-cab1-4ea3-b3a9-efbfe5d15190\">\n<div style=\"position:absolute;width:100%;height:102.95996%;left:0%;top:-1.47998%\" data-leaf-element=\"true\"><amp-video id=\"el-988f25a1-cab1-4ea3-b3a9-efbfe5d15190-media\" autoplay=\"autoplay\" loop=\"loop\" noaudio=\"noaudio\" poster=\"https:\/\/media.tenor.com\/6TboM0jGC64AAAAe\/beach-day.png\" layout=\"fill\" alt=\"V\u00eddeo que ilustra stories sobre praias em Salvador mostra o mar de uma praia. As ondas pequenas v\u00e3o e vem no mar.\"><source type=\"video\/mp4\" src=\"https:\/\/media.tenor.com\/6TboM0jGC64AAAPo\/beach-day.mp4\"\/><\/amp-video><\/div>\n<\/div>\n<\/div>\n<\/div>\n<\/div>\n<\/div>\n<p><\/amp-story-grid-layer><\/amp-story-page><amp-story-page id=\"9445d78c-1905-45f5-be8e-79c8298ed3ec\" auto-advance-after=\"7s\"><amp-story-animation layout=\"nodisplay\" trigger=\"visibility\"><script type=\"application\/json\">[{\"selector\":\"#anim-84d1fc2a-39fd-4f47-98e1-b36837ce298d\",\"keyframes\":[{\"offset\":0,\"transform\":\"translate3d(0, -170.29846%, 0)\",\"easing\":\"cubic-bezier(.5, 0, 1, 1)\"},{\"offset\":0.29,\"transform\":\"translate3d(0, 0%, 0)\",\"easing\":\"cubic-bezier(0, 0, .5, 1)\"},{\"offset\":0.45,\"transform\":\"translate3d(0, -47.887926952%, 0)\",\"easing\":\"cubic-bezier(.5, 0, 1, 1)\"},{\"offset\":0.61,\"transform\":\"translate3d(0, 0%, 0)\",\"easing\":\"cubic-bezier(0, 0, .5, 1)\"},{\"offset\":0.71,\"transform\":\"translate3d(0, -16.280532776%, 0)\",\"easing\":\"cubic-bezier(.5, 0, 1, 1)\"},{\"offset\":0.8,\"transform\":\"translate3d(0, 0%, 0)\",\"easing\":\"cubic-bezier(0, 0, .5, 1)\"},{\"offset\":0.85,\"transform\":\"translate3d(0, -6.113714714%, 0)\",\"easing\":\"cubic-bezier(.5, 0, 1, 1)\"},{\"offset\":0.92,\"transform\":\"translate3d(0, 0%, 0)\",\"easing\":\"cubic-bezier(0, 0, .5, 1)\"},{\"offset\":0.96,\"transform\":\"translate3d(0, -2.656655976%, 0)\",\"easing\":\"cubic-bezier(.5, 0, 1, 1)\"},{\"offset\":1,\"transform\":\"translate3d(0, 0%, 0)\",\"easing\":\"cubic-bezier(0, 0, .5, 1)\"}],\"delay\":0,\"duration\":1600,\"fill\":\"both\"}]<\/script><\/amp-story-animation><amp-story-animation layout=\"nodisplay\" trigger=\"visibility\"><script type=\"application\/json\">[{\"selector\":\"#anim-99df6fdd-f942-4679-974e-0bcc86c3bd61\",\"keyframes\":{\"opacity\":[0,1]},\"delay\":0,\"duration\":600,\"easing\":\"cubic-bezier(0.2, 0.6, 0.0, 1)\",\"fill\":\"both\"}]<\/script><\/amp-story-animation><amp-story-animation layout=\"nodisplay\" trigger=\"visibility\"><script type=\"application\/json\">[{\"selector\":\"#anim-2e3d59ac-d7e1-4bc9-9e69-14fddb6c5b3c\",\"keyframes\":{\"transform\":[\"translate3d(-115.23179%, 0px, 0)\",\"translate3d(0px, 0px, 0)\"]},\"delay\":0,\"duration\":600,\"easing\":\"cubic-bezier(0.2, 0.6, 0.0, 1)\",\"fill\":\"both\"}]<\/script><\/amp-story-animation><amp-story-animation layout=\"nodisplay\" trigger=\"visibility\"><script type=\"application\/json\">[{\"selector\":\"#anim-873f1152-512e-47c3-93e6-0b8e70d166ac\",\"keyframes\":{\"opacity\":[0,1]},\"delay\":0,\"duration\":600,\"easing\":\"cubic-bezier(0.2, 0.6, 0.0, 1)\",\"fill\":\"both\"}]<\/script><\/amp-story-animation><amp-story-animation layout=\"nodisplay\" trigger=\"visibility\"><script type=\"application\/json\">[{\"selector\":\"#anim-09704217-3044-4a09-9542-0fe61fe3a75c\",\"keyframes\":{\"transform\":[\"translate3d(-114.87342%, 0px, 0)\",\"translate3d(0px, 0px, 0)\"]},\"delay\":0,\"duration\":600,\"easing\":\"cubic-bezier(0.2, 0.6, 0.0, 1)\",\"fill\":\"both\"}]<\/script><\/amp-story-animation><amp-story-grid-layer template=\"vertical\" aspect-ratio=\"412:618\" class=\"grid-layer\"><\/p>\n<div class=\"page-fullbleed-area\" style=\"background-color:#245825\">\n<div class=\"page-safe-area\">\n<div style=\"position:absolute;pointer-events:none;left:0;top:-9.25926%;width:100%;height:118.51852%;opacity:1\">\n<div style=\"pointer-events:initial;width:100%;height:100%;display:block;position:absolute;top:0;left:0;z-index:0\" class=\"mask\" id=\"el-4a2cdd23-8124-4eb7-a9bf-1413f2f89d03\">\n<div class=\"fill\" style=\"will-change:transform\"><\/div>\n<\/div>\n<\/div>\n<\/div>\n<\/div>\n<p><\/amp-story-grid-layer><amp-story-grid-layer template=\"vertical\" aspect-ratio=\"412:618\" class=\"grid-layer\"><\/p>\n<div class=\"page-fullbleed-area\">\n<div class=\"page-safe-area\">\n<div style=\"position:absolute;pointer-events:none;left:11.16505%;top:0;width:77.18447%;height:50%;opacity:1\">\n<div id=\"anim-84d1fc2a-39fd-4f47-98e1-b36837ce298d\" class=\"animation-wrapper\" style=\"width:100%;height:100%;display:block;position:absolute;top:0;left:0;--initial-opacity:1;--initial-transform:translate3d(0, -170.29846%, 0)\">\n<div style=\"pointer-events:initial;width:100%;height:100%;display:block;position:absolute;top:0;left:0;z-index:0\" class=\"mask\" id=\"el-1a8c844b-c5d6-4172-b775-b9a6c464360f\">\n<div style=\"position:absolute;width:206.64981%;height:100%;left:-53.3249%;top:0%\" data-leaf-element=\"true\"><amp-img layout=\"fill\" src=\"https:\/\/www.quintoandar.com.br\/guias\/wp-content\/uploads\/2022\/11\/Praias-de-Salvador-Farol-da-Barra-Marcio-Filho-MTUR.webp\" alt=\"Foto que ilustra stories sobre praias em Salvador mostra a vista de cima do Farol da Barra durante um p\u00f4r do sol.\" srcSet=\"https:\/\/www.quintoandar.com.br\/guias\/wp-content\/uploads\/2022\/11\/Praias-de-Salvador-Farol-da-Barra-Marcio-Filho-MTUR.webp 2048w,https:\/\/www.quintoandar.com.br\/guias\/wp-content\/uploads\/2022\/11\/Praias-de-Salvador-Farol-da-Barra-Marcio-Filho-MTUR-1536x722.webp 1536w,https:\/\/www.quintoandar.com.br\/guias\/wp-content\/uploads\/2022\/11\/Praias-de-Salvador-Farol-da-Barra-Marcio-Filho-MTUR-1024x482.webp 1024w,https:\/\/www.quintoandar.com.br\/guias\/wp-content\/uploads\/2022\/11\/Praias-de-Salvador-Farol-da-Barra-Marcio-Filho-MTUR-768x361.webp 768w,https:\/\/www.quintoandar.com.br\/guias\/wp-content\/uploads\/2022\/11\/Praias-de-Salvador-Farol-da-Barra-Marcio-Filho-MTUR-300x141.webp 300w\" sizes=\"(min-width: 1024px) 35vh, 77vw\" disable-inline-width=\"true\"><\/amp-img><\/div>\n<\/div>\n<\/div>\n<\/div>\n<div style=\"position:absolute;pointer-events:none;left:11.16505%;top:58.57605%;width:73.30097%;height:41.42395%;opacity:1\">\n<div id=\"anim-99df6fdd-f942-4679-974e-0bcc86c3bd61\" class=\"animation-wrapper\" style=\"width:100%;height:100%;display:block;position:absolute;top:0;left:0;--initial-opacity:0;--initial-transform:none\">\n<div id=\"anim-2e3d59ac-d7e1-4bc9-9e69-14fddb6c5b3c\" class=\"animation-wrapper\" style=\"width:100%;height:100%;display:block;position:absolute;top:0;left:0;--initial-opacity:1;--initial-transform:translate3d(-115.23179%, 0px, 0)\">\n<div style=\"pointer-events:initial;width:100%;height:100%;display:block;position:absolute;top:0;left:0;z-index:0;border-radius:0.6622516556291391% 0.6622516556291391% 0.6622516556291391% 0.6622516556291391% \/ 0.78125% 0.78125% 0.78125% 0.78125%\" id=\"el-47f3b4f0-3fa1-4b01-935d-1feea4362c36\">\n<h3 class=\"fill text-wrapper\" style=\"white-space:pre-line;overflow-wrap:break-word;word-break:break-word;margin:0.6953642384105959% 0;font-family:&quot;Poppins&quot;,sans-serif;font-size:0.339806em;line-height:1.2;text-align:initial;padding:0;color:#000000\"><span><span style=\"color: #fff\">\u00c9 a praia repleta de quiosques e barracas que recebe o nome do farol e onde o p\u00f4r do sol surge como um verdadeiro col\u00edrio para os olhos. Afinal, como bem avisam os Novos Baianos, \u201cquando o sol se p\u00f5e, vem o farol iluminar as \u00e1guas da Bahia\u201d.<\/span><\/span><\/h3>\n<\/div>\n<\/div>\n<\/div>\n<\/div>\n<div style=\"position:absolute;pointer-events:none;left:11.40777%;top:51.94175%;width:76.69903%;height:5.50162%;opacity:1\">\n<div id=\"anim-873f1152-512e-47c3-93e6-0b8e70d166ac\" class=\"animation-wrapper\" style=\"width:100%;height:100%;display:block;position:absolute;top:0;left:0;--initial-opacity:0;--initial-transform:none\">\n<div id=\"anim-09704217-3044-4a09-9542-0fe61fe3a75c\" class=\"animation-wrapper\" style=\"width:100%;height:100%;display:block;position:absolute;top:0;left:0;--initial-opacity:1;--initial-transform:translate3d(-114.87342%, 0px, 0)\">\n<div style=\"pointer-events:initial;width:100%;height:100%;display:block;position:absolute;top:0;left:0;z-index:0;border-radius:0.6329113924050633% 0.6329113924050633% 0.6329113924050633% 0.6329113924050633% \/ 5.88235294117647% 5.88235294117647% 5.88235294117647% 5.88235294117647%\" id=\"el-1bccb3fb-61a0-4ca4-9199-a82e6f97fe61\">\n<h3 class=\"fill text-wrapper\" style=\"white-space:pre-line;overflow-wrap:break-word;word-break:break-word;margin:0.7594936708860754% 0;font-family:&quot;Poppins&quot;,sans-serif;font-size:0.388350em;line-height:1.2;text-align:initial;padding:0;color:#000000\"><span><span style=\"font-weight: 600; color: #fff\">Farol da Barra<\/span><\/span><\/h3>\n<\/div>\n<\/div>\n<\/div>\n<\/div>\n<\/div>\n<\/div>\n<p><\/amp-story-grid-layer><\/amp-story-page><amp-story-page id=\"81e6d37e-e2bd-4b7c-896a-75ade40f7391\" auto-advance-after=\"7s\"><amp-story-animation layout=\"nodisplay\" trigger=\"visibility\"><script type=\"application\/json\">[{\"selector\":\"#anim-6680bc7a-8ae9-4938-aed2-7ca566498e11\",\"keyframes\":[{\"offset\":0,\"transform\":\"translate3d(0, -170.29846%, 0)\",\"easing\":\"cubic-bezier(.5, 0, 1, 1)\"},{\"offset\":0.29,\"transform\":\"translate3d(0, 0%, 0)\",\"easing\":\"cubic-bezier(0, 0, .5, 1)\"},{\"offset\":0.45,\"transform\":\"translate3d(0, -47.887926952%, 0)\",\"easing\":\"cubic-bezier(.5, 0, 1, 1)\"},{\"offset\":0.61,\"transform\":\"translate3d(0, 0%, 0)\",\"easing\":\"cubic-bezier(0, 0, .5, 1)\"},{\"offset\":0.71,\"transform\":\"translate3d(0, -16.280532776%, 0)\",\"easing\":\"cubic-bezier(.5, 0, 1, 1)\"},{\"offset\":0.8,\"transform\":\"translate3d(0, 0%, 0)\",\"easing\":\"cubic-bezier(0, 0, .5, 1)\"},{\"offset\":0.85,\"transform\":\"translate3d(0, -6.113714714%, 0)\",\"easing\":\"cubic-bezier(.5, 0, 1, 1)\"},{\"offset\":0.92,\"transform\":\"translate3d(0, 0%, 0)\",\"easing\":\"cubic-bezier(0, 0, .5, 1)\"},{\"offset\":0.96,\"transform\":\"translate3d(0, -2.656655976%, 0)\",\"easing\":\"cubic-bezier(.5, 0, 1, 1)\"},{\"offset\":1,\"transform\":\"translate3d(0, 0%, 0)\",\"easing\":\"cubic-bezier(0, 0, .5, 1)\"}],\"delay\":0,\"duration\":1600,\"fill\":\"both\"}]<\/script><\/amp-story-animation><amp-story-animation layout=\"nodisplay\" trigger=\"visibility\"><script type=\"application\/json\">[{\"selector\":\"#anim-29689009-cddc-47f7-b93f-d572fd71d84b\",\"keyframes\":{\"opacity\":[0,1]},\"delay\":0,\"duration\":600,\"easing\":\"cubic-bezier(0.2, 0.6, 0.0, 1)\",\"fill\":\"both\"}]<\/script><\/amp-story-animation><amp-story-animation layout=\"nodisplay\" trigger=\"visibility\"><script type=\"application\/json\">[{\"selector\":\"#anim-dc60c4b2-16f5-43ae-ae06-49f50b97f521\",\"keyframes\":{\"transform\":[\"translate3d(-114.60318%, 0px, 0)\",\"translate3d(0px, 0px, 0)\"]},\"delay\":0,\"duration\":600,\"easing\":\"cubic-bezier(0.2, 0.6, 0.0, 1)\",\"fill\":\"both\"}]<\/script><\/amp-story-animation><amp-story-animation layout=\"nodisplay\" trigger=\"visibility\"><script type=\"application\/json\">[{\"selector\":\"#anim-1fa9923f-a7b5-44f5-930f-df8df4802507\",\"keyframes\":{\"opacity\":[0,1]},\"delay\":0,\"duration\":600,\"easing\":\"cubic-bezier(0.2, 0.6, 0.0, 1)\",\"fill\":\"both\"}]<\/script><\/amp-story-animation><amp-story-animation layout=\"nodisplay\" trigger=\"visibility\"><script type=\"application\/json\">[{\"selector\":\"#anim-6e8701a8-dc8c-41df-bb9b-f90df95d21ab\",\"keyframes\":{\"transform\":[\"translate3d(-113.2948%, 0px, 0)\",\"translate3d(0px, 0px, 0)\"]},\"delay\":0,\"duration\":600,\"easing\":\"cubic-bezier(0.2, 0.6, 0.0, 1)\",\"fill\":\"both\"}]<\/script><\/amp-story-animation><amp-story-grid-layer template=\"vertical\" aspect-ratio=\"412:618\" class=\"grid-layer\"><\/p>\n<div class=\"page-fullbleed-area\" style=\"background-color:#245825\">\n<div class=\"page-safe-area\">\n<div style=\"position:absolute;pointer-events:none;left:0;top:-9.25926%;width:100%;height:118.51852%;opacity:1\">\n<div style=\"pointer-events:initial;width:100%;height:100%;display:block;position:absolute;top:0;left:0;z-index:0\" class=\"mask\" id=\"el-f523b4e9-e7c8-4d8a-aac2-26b7e8eb6cbf\">\n<div class=\"fill\" style=\"will-change:transform\"><\/div>\n<\/div>\n<\/div>\n<\/div>\n<\/div>\n<p><\/amp-story-grid-layer><amp-story-grid-layer template=\"vertical\" aspect-ratio=\"412:618\" class=\"grid-layer\"><\/p>\n<div class=\"page-fullbleed-area\">\n<div class=\"page-safe-area\">\n<div style=\"position:absolute;pointer-events:none;left:11.16505%;top:0;width:77.18447%;height:50%;opacity:1\">\n<div id=\"anim-6680bc7a-8ae9-4938-aed2-7ca566498e11\" class=\"animation-wrapper\" style=\"width:100%;height:100%;display:block;position:absolute;top:0;left:0;--initial-opacity:1;--initial-transform:translate3d(0, -170.29846%, 0)\">\n<div style=\"pointer-events:initial;width:100%;height:100%;display:block;position:absolute;top:0;left:0;z-index:0\" class=\"mask\" id=\"el-c05af9ff-198a-4bef-93ec-ee24b6de8d8d\">\n<div style=\"position:absolute;width:148.13874%;height:100%;left:-48.12629%;top:0%\" data-leaf-element=\"true\"><amp-img layout=\"fill\" src=\"https:\/\/www.quintoandar.com.br\/guias\/wp-content\/uploads\/2022\/11\/Praias-de-Salvador-Rio-Vermelho-Joao-Ramos-Bahiatursa.webp\" alt=\"Foto que ilustra stories sobre praias em Salvador mostra a orla do Rio Vermelho com uma \u00e1gua bem calma e alguns barcos de pescadores na areia.\" srcSet=\"https:\/\/www.quintoandar.com.br\/guias\/wp-content\/uploads\/2022\/11\/Praias-de-Salvador-Rio-Vermelho-Joao-Ramos-Bahiatursa.webp 901w,https:\/\/www.quintoandar.com.br\/guias\/wp-content\/uploads\/2022\/11\/Praias-de-Salvador-Rio-Vermelho-Joao-Ramos-Bahiatursa-768x504.webp 768w,https:\/\/www.quintoandar.com.br\/guias\/wp-content\/uploads\/2022\/11\/Praias-de-Salvador-Rio-Vermelho-Joao-Ramos-Bahiatursa-300x197.webp 300w,https:\/\/www.quintoandar.com.br\/guias\/wp-content\/uploads\/2022\/11\/Praias-de-Salvador-Rio-Vermelho-Joao-Ramos-Bahiatursa-150x98.webp 150w\" sizes=\"(min-width: 1024px) 35vh, 77vw\" disable-inline-width=\"true\"><\/amp-img><\/div>\n<\/div>\n<\/div>\n<\/div>\n<div style=\"position:absolute;pointer-events:none;left:11.16505%;top:61.16505%;width:76.45631%;height:37.37864%;opacity:1\">\n<div id=\"anim-29689009-cddc-47f7-b93f-d572fd71d84b\" class=\"animation-wrapper\" style=\"width:100%;height:100%;display:block;position:absolute;top:0;left:0;--initial-opacity:0;--initial-transform:none\">\n<div id=\"anim-dc60c4b2-16f5-43ae-ae06-49f50b97f521\" class=\"animation-wrapper\" style=\"width:100%;height:100%;display:block;position:absolute;top:0;left:0;--initial-opacity:1;--initial-transform:translate3d(-114.60318%, 0px, 0)\">\n<div style=\"pointer-events:initial;width:100%;height:100%;display:block;position:absolute;top:0;left:0;z-index:0;border-radius:0.6349206349206349% 0.6349206349206349% 0.6349206349206349% 0.6349206349206349% \/ 0.8658008658008658% 0.8658008658008658% 0.8658008658008658% 0.8658008658008658%\" id=\"el-a17b0abe-9277-4824-8b55-49ae90c54f41\">\n<h3 class=\"fill text-wrapper\" style=\"white-space:pre-line;overflow-wrap:break-word;word-break:break-word;margin:0.6666666666666665% 0;font-family:&quot;Poppins&quot;,sans-serif;font-size:0.339806em;line-height:1.2;text-align:initial;padding:0;color:#000000\"><span><span style=\"color: #fff\">O Rio Vermelho \u00e9 um dos locais mais badalados de Salvador, tanto por conta do fluxo dos hot\u00e9is da regi\u00e3o, mas tamb\u00e9m pela boemia, j\u00e1 que as imedia\u00e7\u00f5es possuem muitos bares, restaurantes com m\u00fasica ao vivo, al\u00e9m do famoso acaraj\u00e9 da Dinha.<\/span><\/span><\/h3>\n<\/div>\n<\/div>\n<\/div>\n<\/div>\n<div style=\"position:absolute;pointer-events:none;left:11.16505%;top:54.20712%;width:83.98058%;height:5.50162%;opacity:1\">\n<div id=\"anim-1fa9923f-a7b5-44f5-930f-df8df4802507\" class=\"animation-wrapper\" style=\"width:100%;height:100%;display:block;position:absolute;top:0;left:0;--initial-opacity:0;--initial-transform:none\">\n<div id=\"anim-6e8701a8-dc8c-41df-bb9b-f90df95d21ab\" class=\"animation-wrapper\" style=\"width:100%;height:100%;display:block;position:absolute;top:0;left:0;--initial-opacity:1;--initial-transform:translate3d(-113.2948%, 0px, 0)\">\n<div style=\"pointer-events:initial;width:100%;height:100%;display:block;position:absolute;top:0;left:0;z-index:0;border-radius:0.5780346820809248% 0.5780346820809248% 0.5780346820809248% 0.5780346820809248% \/ 5.88235294117647% 5.88235294117647% 5.88235294117647% 5.88235294117647%\" id=\"el-889021f7-fa70-4a15-8fab-c95ef569954e\">\n<h3 class=\"fill text-wrapper\" style=\"white-space:pre-line;overflow-wrap:break-word;word-break:break-word;margin:0.6936416184971094% 0;font-family:&quot;Poppins&quot;,sans-serif;font-size:0.388350em;line-height:1.2;text-align:initial;padding:0;color:#000000\"><span><span style=\"font-weight: 600; color: #fff\">Rio Vermelho<\/span><\/span><\/h3>\n<\/div>\n<\/div>\n<\/div>\n<\/div>\n<\/div>\n<\/div>\n<p><\/amp-story-grid-layer><\/amp-story-page><amp-story-page id=\"3e41d329-2044-4915-89f0-ec66e014ebc0\" auto-advance-after=\"7s\"><amp-story-animation layout=\"nodisplay\" trigger=\"visibility\"><script type=\"application\/json\">[{\"selector\":\"#anim-383af807-6124-492d-8ae3-fef47a5e9443\",\"keyframes\":[{\"offset\":0,\"transform\":\"translate3d(0, -170.29846%, 0)\",\"easing\":\"cubic-bezier(.5, 0, 1, 1)\"},{\"offset\":0.29,\"transform\":\"translate3d(0, 0%, 0)\",\"easing\":\"cubic-bezier(0, 0, .5, 1)\"},{\"offset\":0.45,\"transform\":\"translate3d(0, -47.887926952%, 0)\",\"easing\":\"cubic-bezier(.5, 0, 1, 1)\"},{\"offset\":0.61,\"transform\":\"translate3d(0, 0%, 0)\",\"easing\":\"cubic-bezier(0, 0, .5, 1)\"},{\"offset\":0.71,\"transform\":\"translate3d(0, -16.280532776%, 0)\",\"easing\":\"cubic-bezier(.5, 0, 1, 1)\"},{\"offset\":0.8,\"transform\":\"translate3d(0, 0%, 0)\",\"easing\":\"cubic-bezier(0, 0, .5, 1)\"},{\"offset\":0.85,\"transform\":\"translate3d(0, -6.113714714%, 0)\",\"easing\":\"cubic-bezier(.5, 0, 1, 1)\"},{\"offset\":0.92,\"transform\":\"translate3d(0, 0%, 0)\",\"easing\":\"cubic-bezier(0, 0, .5, 1)\"},{\"offset\":0.96,\"transform\":\"translate3d(0, -2.656655976%, 0)\",\"easing\":\"cubic-bezier(.5, 0, 1, 1)\"},{\"offset\":1,\"transform\":\"translate3d(0, 0%, 0)\",\"easing\":\"cubic-bezier(0, 0, .5, 1)\"}],\"delay\":0,\"duration\":1600,\"fill\":\"both\"}]<\/script><\/amp-story-animation><amp-story-animation layout=\"nodisplay\" trigger=\"visibility\"><script type=\"application\/json\">[{\"selector\":\"#anim-0ff0c2bc-ab3b-4710-bb51-a2add6161085\",\"keyframes\":{\"opacity\":[0,1]},\"delay\":0,\"duration\":600,\"easing\":\"cubic-bezier(0.2, 0.6, 0.0, 1)\",\"fill\":\"both\"}]<\/script><\/amp-story-animation><amp-story-animation layout=\"nodisplay\" trigger=\"visibility\"><script type=\"application\/json\">[{\"selector\":\"#anim-19fd72cc-4097-452c-98c0-a35dcbb8d070\",\"keyframes\":{\"transform\":[\"translate3d(-115.14196%, 0px, 0)\",\"translate3d(0px, 0px, 0)\"]},\"delay\":0,\"duration\":600,\"easing\":\"cubic-bezier(0.2, 0.6, 0.0, 1)\",\"fill\":\"both\"}]<\/script><\/amp-story-animation><amp-story-animation layout=\"nodisplay\" trigger=\"visibility\"><script type=\"application\/json\">[{\"selector\":\"#anim-4a7818eb-80de-433b-9d41-5af832087600\",\"keyframes\":{\"opacity\":[0,1]},\"delay\":0,\"duration\":600,\"easing\":\"cubic-bezier(0.2, 0.6, 0.0, 1)\",\"fill\":\"both\"}]<\/script><\/amp-story-animation><amp-story-animation layout=\"nodisplay\" trigger=\"visibility\"><script type=\"application\/json\">[{\"selector\":\"#anim-ea3c47b1-c632-43e1-9601-f58571adc83a\",\"keyframes\":{\"transform\":[\"translate3d(-116.55844%, 0px, 0)\",\"translate3d(0px, 0px, 0)\"]},\"delay\":0,\"duration\":600,\"easing\":\"cubic-bezier(0.2, 0.6, 0.0, 1)\",\"fill\":\"both\"}]<\/script><\/amp-story-animation><amp-story-grid-layer template=\"vertical\" aspect-ratio=\"412:618\" class=\"grid-layer\"><\/p>\n<div class=\"page-fullbleed-area\" style=\"background-color:#245825\">\n<div class=\"page-safe-area\">\n<div style=\"position:absolute;pointer-events:none;left:0;top:-9.25926%;width:100%;height:118.51852%;opacity:1\">\n<div style=\"pointer-events:initial;width:100%;height:100%;display:block;position:absolute;top:0;left:0;z-index:0\" class=\"mask\" id=\"el-9b47d552-17af-464d-a611-0f5a4cf71db8\">\n<div class=\"fill\" style=\"will-change:transform\"><\/div>\n<\/div>\n<\/div>\n<\/div>\n<\/div>\n<p><\/amp-story-grid-layer><amp-story-grid-layer template=\"vertical\" aspect-ratio=\"412:618\" class=\"grid-layer\"><\/p>\n<div class=\"page-fullbleed-area\">\n<div class=\"page-safe-area\">\n<div style=\"position:absolute;pointer-events:none;left:11.16505%;top:0;width:77.18447%;height:50%;opacity:1\">\n<div id=\"anim-383af807-6124-492d-8ae3-fef47a5e9443\" class=\"animation-wrapper\" style=\"width:100%;height:100%;display:block;position:absolute;top:0;left:0;--initial-opacity:1;--initial-transform:translate3d(0, -170.29846%, 0)\">\n<div style=\"pointer-events:initial;width:100%;height:100%;display:block;position:absolute;top:0;left:0;z-index:0\" class=\"mask\" id=\"el-9540aea1-0861-4559-8f91-68be7dbfd5b9\">\n<div style=\"position:absolute;width:145.7903%;height:100%;left:-0.03115%;top:0%\" data-leaf-element=\"true\"><amp-img layout=\"fill\" src=\"https:\/\/www.quintoandar.com.br\/guias\/wp-content\/uploads\/2022\/11\/Praias-de-Salvador-Flamengo-Marcio-Filho-MTUR.webp\" alt=\"Foto que ilustra stories sobre praias em Salvador mostra a Praia do Flamengo, com um mar bem calmo e muitos coqueiros na areia.\" srcSet=\"https:\/\/www.quintoandar.com.br\/guias\/wp-content\/uploads\/2022\/11\/Praias-de-Salvador-Flamengo-Marcio-Filho-MTUR.webp 2048w,https:\/\/www.quintoandar.com.br\/guias\/wp-content\/uploads\/2022\/11\/Praias-de-Salvador-Flamengo-Marcio-Filho-MTUR-1536x1024.webp 1536w,https:\/\/www.quintoandar.com.br\/guias\/wp-content\/uploads\/2022\/11\/Praias-de-Salvador-Flamengo-Marcio-Filho-MTUR-1024x683.webp 1024w,https:\/\/www.quintoandar.com.br\/guias\/wp-content\/uploads\/2022\/11\/Praias-de-Salvador-Flamengo-Marcio-Filho-MTUR-768x512.webp 768w,https:\/\/www.quintoandar.com.br\/guias\/wp-content\/uploads\/2022\/11\/Praias-de-Salvador-Flamengo-Marcio-Filho-MTUR-300x200.webp 300w,https:\/\/www.quintoandar.com.br\/guias\/wp-content\/uploads\/2022\/11\/Praias-de-Salvador-Flamengo-Marcio-Filho-MTUR-150x100.webp 150w\" sizes=\"(min-width: 1024px) 35vh, 77vw\" disable-inline-width=\"true\"><\/amp-img><\/div>\n<\/div>\n<\/div>\n<\/div>\n<div style=\"position:absolute;pointer-events:none;left:11.65049%;top:61.16505%;width:76.94175%;height:33.33333%;opacity:1\">\n<div id=\"anim-0ff0c2bc-ab3b-4710-bb51-a2add6161085\" class=\"animation-wrapper\" style=\"width:100%;height:100%;display:block;position:absolute;top:0;left:0;--initial-opacity:0;--initial-transform:none\">\n<div id=\"anim-19fd72cc-4097-452c-98c0-a35dcbb8d070\" class=\"animation-wrapper\" style=\"width:100%;height:100%;display:block;position:absolute;top:0;left:0;--initial-opacity:1;--initial-transform:translate3d(-115.14196%, 0px, 0)\">\n<div style=\"pointer-events:initial;width:100%;height:100%;display:block;position:absolute;top:0;left:0;z-index:0;border-radius:0.6309148264984227% 0.6309148264984227% 0.6309148264984227% 0.6309148264984227% \/ 0.9708737864077669% 0.9708737864077669% 0.9708737864077669% 0.9708737864077669%\" id=\"el-054b39d9-fd67-4cbb-8f78-f1c56914d278\">\n<h3 class=\"fill text-wrapper\" style=\"white-space:pre-line;overflow-wrap:break-word;word-break:break-word;margin:0.6624605678233437% 0;font-family:&quot;Poppins&quot;,sans-serif;font-size:0.339806em;line-height:1.2;text-align:initial;padding:0;color:#000000\"><span><span style=\"color: #fff\">Ideal para quem quer experimentar o melhor do conforto na praia, os beach clubs e quiosques oferecem, al\u00e9m da boa gastronomia, camas balinesas, banho de chuveir\u00e3o e balan\u00e7o. Perfeita para fazer uns cliques.&nbsp;<\/span><\/span><\/h3>\n<\/div>\n<\/div>\n<\/div>\n<\/div>\n<div style=\"position:absolute;pointer-events:none;left:12.37864%;top:52.75081%;width:74.75728%;height:5.50162%;opacity:1\">\n<div id=\"anim-4a7818eb-80de-433b-9d41-5af832087600\" class=\"animation-wrapper\" style=\"width:100%;height:100%;display:block;position:absolute;top:0;left:0;--initial-opacity:0;--initial-transform:none\">\n<div id=\"anim-ea3c47b1-c632-43e1-9601-f58571adc83a\" class=\"animation-wrapper\" style=\"width:100%;height:100%;display:block;position:absolute;top:0;left:0;--initial-opacity:1;--initial-transform:translate3d(-116.55844%, 0px, 0)\">\n<div style=\"pointer-events:initial;width:100%;height:100%;display:block;position:absolute;top:0;left:0;z-index:0;border-radius:0.6493506493506493% 0.6493506493506493% 0.6493506493506493% 0.6493506493506493% \/ 5.88235294117647% 5.88235294117647% 5.88235294117647% 5.88235294117647%\" id=\"el-c1059e4d-f9ed-4d33-a6e2-dffba9ad488d\">\n<h3 class=\"fill text-wrapper\" style=\"white-space:pre-line;overflow-wrap:break-word;word-break:break-word;margin:0.7792207792207788% 0;font-family:&quot;Poppins&quot;,sans-serif;font-size:0.388350em;line-height:1.2;text-align:initial;padding:0;color:#000000\"><span><span style=\"font-weight: 600; color: #fff\">Praia do Flamengo<\/span><\/span><\/h3>\n<\/div>\n<\/div>\n<\/div>\n<\/div>\n<\/div>\n<\/div>\n<p><\/amp-story-grid-layer><\/amp-story-page><amp-story-page id=\"a2b48a03-fac8-4c26-a9c0-af96cda262c5\" auto-advance-after=\"7s\"><amp-story-grid-layer template=\"vertical\" aspect-ratio=\"412:618\" class=\"grid-layer\"><\/p>\n<div class=\"page-fullbleed-area\" style=\"background-color:#245825\">\n<div class=\"page-safe-area\">\n<div style=\"position:absolute;pointer-events:none;left:0;top:-9.25926%;width:100%;height:118.51852%;opacity:1\">\n<div style=\"pointer-events:initial;width:100%;height:100%;display:block;position:absolute;top:0;left:0;z-index:0\" class=\"mask\" id=\"el-e846e6b1-26f8-4708-8ddc-8a63932b26c5\">\n<div class=\"fill\" style=\"will-change:transform\"><\/div>\n<\/div>\n<\/div>\n<\/div>\n<\/div>\n<p><\/amp-story-grid-layer><amp-story-grid-layer template=\"vertical\" aspect-ratio=\"412:618\" class=\"grid-layer\"><\/p>\n<div class=\"page-fullbleed-area\">\n<div class=\"page-safe-area\">\n<div style=\"position:absolute;pointer-events:none;left:17.23301%;top:54.36893%;width:71.1165%;height:25.24272%;opacity:1\">\n<div style=\"pointer-events:initial;width:100%;height:100%;display:block;position:absolute;top:0;left:0;z-index:0;border-radius:0.6825938566552902% 0.6825938566552902% 0.6825938566552902% 0.6825938566552902% \/ 1.282051282051282% 1.282051282051282% 1.282051282051282% 1.282051282051282%\" id=\"el-2890fb4a-7df1-4269-9ffa-d235b58c7f79\">\n<h2 class=\"fill text-wrapper\" style=\"white-space:pre-line;overflow-wrap:break-word;word-break:break-word;margin:1.3822525597269615% 0;font-family:&quot;Poppins&quot;,sans-serif;font-size:0.436893em;line-height:1.1;text-align:left;padding:0;color:#000000\"><span><span style=\"font-weight: 600; color: #f8f9f5\">Saiba mais informa\u00e7\u00f5es sobre as praias de Salvador\/BA para decidir onde morar!<\/span><\/span><\/h2>\n<\/div>\n<\/div>\n<div style=\"position:absolute;pointer-events:none;left:0;top:-14.07767%;width:132.03883%;height:49.67638%;opacity:1\">\n<div style=\"pointer-events:initial;width:100%;height:100%;display:block;position:absolute;top:0;left:0;z-index:0\" class=\"mask\" id=\"el-7516ecb7-5cf7-4f97-a95b-02c29f143028\">\n<div style=\"position:absolute;width:100.39653%;height:100%;left:-0.19827%;top:0%\" data-leaf-element=\"true\"><amp-img layout=\"fill\" src=\"https:\/\/www.quintoandar.com.br\/guias\/wp-content\/uploads\/2022\/03\/image1-1-scaled.jpeg\" alt=\"Ilustra\u00e7\u00e3o do stories sobre praias em Salvador  mostra uma pra\u00e7a de uma cidade com diferentes pessoas. Entre elas: um homem engravatado em uma bicicleta; uma m\u00e3e pegando uma crian\u00e7a no colo; um idoso sentado com uma sacola de mercado ao lado.\" srcSet=\"https:\/\/www.quintoandar.com.br\/guias\/wp-content\/uploads\/2022\/03\/image1-1-scaled.jpeg 2560w,https:\/\/www.quintoandar.com.br\/guias\/wp-content\/uploads\/2022\/03\/image1-1-2048x1151.jpeg 2048w,https:\/\/www.quintoandar.com.br\/guias\/wp-content\/uploads\/2022\/03\/image1-1-1536x864.jpeg 1536w,https:\/\/www.quintoandar.com.br\/guias\/wp-content\/uploads\/2022\/03\/image1-1-1024x576.jpeg 1024w,https:\/\/www.quintoandar.com.br\/guias\/wp-content\/uploads\/2022\/03\/image1-1-768x432.jpeg 768w,https:\/\/www.quintoandar.com.br\/guias\/wp-content\/uploads\/2022\/03\/image1-1-300x169.jpeg 300w,https:\/\/www.quintoandar.com.br\/guias\/wp-content\/uploads\/2022\/03\/image1-1-150x84.jpeg 150w\" sizes=\"(min-width: 1024px) 59vh, 132vw\" disable-inline-width=\"true\"><\/amp-img><\/div>\n<\/div>\n<\/div>\n<\/div>\n<\/div>\n<p><\/amp-story-grid-layer><amp-story-page-outlink layout=\"nodisplay\" cta-image=\"https:\/\/www.quintoandar.com.br\/guias\/wp-content\/uploads\/2021\/12\/Praias-de-Salvador-Praia-de-Itapua-Foto-de-Andreia-Brandao-Turismo-Bahia.jpg\"><a href=\"https:\/\/www.quintoandar.com.br\/guias\/cidades\/praias-de-salvador\/\" rel=\"\">Veja mais<\/a><\/amp-story-page-outlink><\/amp-story-page><\/amp-story><\/body><\/html><\/p>\n<style class=\"advgb-styles-renderer\">body{-webkit-animation:-amp-start 8s steps(1,end) 0s 1 normal both;-moz-animation:-amp-start 8s steps(1,end) 0s 1 normal both;-ms-animation:-amp-start 8s steps(1,end) 0s 1 normal both;animation:-amp-start 8s steps(1,end) 0s 1 normal both}@-webkit-keyframes -amp-start{from{visibility:hidden}to{visibility:visible}}@-moz-keyframes -amp-start{from{visibility:hidden}to{visibility:visible}}@-ms-keyframes -amp-start{from{visibility:hidden}to{visibility:visible}}@-o-keyframes -amp-start{from{visibility:hidden}to{visibility:visible}}@keyframes -amp-start{from{visibility:hidden}to{visibility:visible}}body{-webkit-animation:none;-moz-animation:none;-ms-animation:none;animation:none}\n              h1, h2, h3 { font-weight: normal; }<\/p>\n<p>              amp-story-page {\n                background-color: #131516;\n              }<\/p>\n<p>              amp-story-grid-layer {\n                overflow: visible;\n              }<\/p>\n<p>              @media (max-aspect-ratio: 9 \/ 16)  {\n                @media (min-aspect-ratio: 320 \/ 678) {\n                  amp-story-grid-layer.grid-layer {\n                    margin-top: calc((100% \/ 0.5625 - 100% \/ 0.6666666666666666) \/ 2);\n                  }\n                }\n              }<\/p>\n<p>              @media not all and (min-resolution:.001dpcm) {\n                @media {\n                  p.text-wrapper > span {\n                    font-size: calc(100% - 0.5px);\n                  }\n                }\n              }<\/p>\n<p>              .page-fullbleed-area,\n              .page-background-overlay-area {\n                position: absolute;\n                overflow: hidden;\n                width: 100%;\n                left: 0;\n                height: calc(1.1851851851851851 * 100%);\n                top: calc((1 - 1.1851851851851851) * 100% \/ 2);\n              }<\/p>\n<p>              .element-overlay-area {\n                position: absolute;\n                width: 100%;\n                height: 100%;\n                top: 0;\n                left: 0;\n              }<\/p>\n<p>              .page-safe-area {\n                overflow: visible;\n                position: absolute;\n                top: 0;\n                bottom: 0;\n                left: 0;\n                right: 0;\n                width: 100%;\n                height: calc(0.84375 * 100%);\n                margin: auto 0;\n              }<\/p>\n<p>              .mask {\n                position: absolute;\n                overflow: hidden;\n              }<\/p>\n<p>              .fill {\n                position: absolute;\n                top: 0;\n                left: 0;\n                right: 0;\n                bottom: 0;\n                margin: 0;\n              }<\/p>\n<p>              @media (prefers-reduced-motion: no-preference) {\n                .animation-wrapper {\n                  opacity: var(--initial-opacity);\n                  transform: var(--initial-transform);\n                }\n              }<\/p>\n<p>              amp-story-grid-layer.align-bottom {\n                align-content: end;\n                padding: 0;\n              }<\/p>\n<p>              .captions-area {\n                padding: 0 32px 0;\n              }<\/p>\n<p>              amp-story-captions {\n                margin-bottom: 16px;\n                text-align: center;\n              }<\/p>\n<p>              amp-story-captions span {\n                display: inline-block;\n                margin: 0;\n                padding: 6px 12px;\n                vertical-align: middle;\n                border-radius: 15px;\n                background: rgba(11, 11, 11, 0.6);\n                color: rgba(255, 255, 255, 1);\n                font-family: -apple-system, BlinkMacSystemFont, \"Segoe UI\", Roboto, Oxygen-Sans, Ubuntu, Cantarell, \"Helvetica Neue\", sans-serif;;\n                font-size: calc(4 * var(--story-page-vw));\n                line-height: 1.4;\n                word-break: break-word;\n                word-wrap: break-word;\n                overflow-wrap: break-word;\n              }\n              <\/style>\n<div style='text-align:left' class='yasr-auto-insert-visitor'><\/div>","protected":false},"excerpt":{"rendered":"<p>De mudan\u00e7a para Salvador? Confira a seguir quais as melhores praias na cidade para morar pr\u00f3ximo e aproveitar o lazer em fam\u00edlia!<\/p>\n","protected":false},"author":45,"featured_media":459238,"template":"","meta":{"_acf_changed":false,"resume_ai_summary":"","resume_ai_faq":[],"resume_ai_related_posts":[],"resume_ai_schema_generator_schema":"","resume_ai_schema_generator_approved":0,"advgb_blocks_editor_width":"","advgb_blocks_columns_visual_guide":"","yasr_overall_rating":0,"yasr_post_is_review":"","yasr_auto_insert_disabled":"","yasr_review_type":"","web_stories_publisher_logo":428798,"web_stories_poster":[],"web_stories_products":[],"footnotes":""},"web_story_category":[],"web_story_tag":[],"class_list":["post-459228","web-story","type-web-story","status-publish","has-post-thumbnail","hentry"],"yoast_head":"<!-- This site is optimized with the Yoast SEO Premium plugin v26.9 (Yoast SEO v27.3) - https:\/\/yoast.com\/product\/yoast-seo-premium-wordpress\/ -->\n<title>3 melhores praias em Salvador - QuintoAndar Guias<\/title>\n<meta name=\"description\" content=\"De mudan\u00e7a para Salvador? Confira a seguir quais as melhores praias na cidade para morar pr\u00f3ximo e aproveitar o lazer em fam\u00edlia!\" \/>\n<meta name=\"robots\" content=\"index, follow, max-snippet:-1, max-image-preview:large, max-video-preview:-1\" \/>\n<link rel=\"canonical\" href=\"https:\/\/www.quintoandar.com.br\/guias\/web-stories\/3-melhores-praias-salvador\/\" \/>\n<meta property=\"og:locale\" content=\"pt_BR\" \/>\n<meta property=\"og:type\" content=\"article\" \/>\n<meta property=\"og:title\" content=\"3 melhores praias em Salvador\" \/>\n<meta property=\"og:description\" content=\"De mudan\u00e7a para Salvador? Confira a seguir quais as melhores praias na cidade para morar pr\u00f3ximo e aproveitar o lazer em fam\u00edlia!\" \/>\n<meta property=\"og:url\" content=\"https:\/\/www.quintoandar.com.br\/guias\/web-stories\/3-melhores-praias-salvador\/\" \/>\n<meta property=\"og:site_name\" content=\"QuintoAndar Guias\" \/>\n<meta property=\"article:publisher\" content=\"https:\/\/www.facebook.com\/quintoandar.com.br\/\" \/>\n<meta property=\"article:modified_time\" content=\"2023-04-24T18:13:15+00:00\" \/>\n<meta property=\"og:image\" content=\"https:\/\/www.quintoandar.com.br\/guias\/wp-content\/uploads\/2022\/11\/cropped-Praias-de-Salvador-Praia-de-Itapua-Foto-de-Andreia-Brandao-Turismo-Bahia-850x680-1.jpg\" \/>\n\t<meta property=\"og:image:width\" content=\"640\" \/>\n\t<meta property=\"og:image:height\" content=\"853\" \/>\n\t<meta property=\"og:image:type\" content=\"image\/jpeg\" \/>\n<meta name=\"twitter:card\" content=\"summary_large_image\" \/>\n<meta name=\"twitter:label1\" content=\"Est. tempo de leitura\" \/>\n\t<meta name=\"twitter:data1\" content=\"1 minuto\" \/>\n<script type=\"application\/ld+json\" class=\"yoast-schema-graph\">{\"@context\":\"https:\\\/\\\/schema.org\",\"@graph\":[{\"@type\":\"Article\",\"@id\":\"https:\\\/\\\/www.quintoandar.com.br\\\/guias\\\/web-stories\\\/3-melhores-praias-salvador\\\/#article\",\"isPartOf\":{\"@id\":\"https:\\\/\\\/www.quintoandar.com.br\\\/guias\\\/web-stories\\\/3-melhores-praias-salvador\\\/\"},\"author\":{\"name\":\"Samantha Silva\",\"@id\":\"https:\\\/\\\/www.quintoandar.com.br\\\/guias\\\/#\\\/schema\\\/person\\\/f24d12d0fe0de5638ce540ae5e992867\"},\"headline\":\"3 melhores praias em Salvador\",\"datePublished\":\"2022-11-16T22:13:08+00:00\",\"dateModified\":\"2023-04-24T18:13:15+00:00\",\"mainEntityOfPage\":{\"@id\":\"https:\\\/\\\/www.quintoandar.com.br\\\/guias\\\/web-stories\\\/3-melhores-praias-salvador\\\/\"},\"wordCount\":220,\"image\":{\"@id\":\"https:\\\/\\\/www.quintoandar.com.br\\\/guias\\\/web-stories\\\/3-melhores-praias-salvador\\\/#primaryimage\"},\"thumbnailUrl\":\"https:\\\/\\\/www.quintoandar.com.br\\\/guias\\\/wp-content\\\/uploads\\\/2022\\\/11\\\/cropped-Praias-de-Salvador-Praia-de-Itapua-Foto-de-Andreia-Brandao-Turismo-Bahia-850x680-1.jpg\",\"inLanguage\":\"pt-BR\"},{\"@type\":\"WebPage\",\"@id\":\"https:\\\/\\\/www.quintoandar.com.br\\\/guias\\\/web-stories\\\/3-melhores-praias-salvador\\\/\",\"url\":\"https:\\\/\\\/www.quintoandar.com.br\\\/guias\\\/web-stories\\\/3-melhores-praias-salvador\\\/\",\"name\":\"3 melhores praias em Salvador - QuintoAndar Guias\",\"isPartOf\":{\"@id\":\"https:\\\/\\\/www.quintoandar.com.br\\\/guias\\\/#website\"},\"primaryImageOfPage\":{\"@id\":\"https:\\\/\\\/www.quintoandar.com.br\\\/guias\\\/web-stories\\\/3-melhores-praias-salvador\\\/#primaryimage\"},\"image\":{\"@id\":\"https:\\\/\\\/www.quintoandar.com.br\\\/guias\\\/web-stories\\\/3-melhores-praias-salvador\\\/#primaryimage\"},\"thumbnailUrl\":\"https:\\\/\\\/www.quintoandar.com.br\\\/guias\\\/wp-content\\\/uploads\\\/2022\\\/11\\\/cropped-Praias-de-Salvador-Praia-de-Itapua-Foto-de-Andreia-Brandao-Turismo-Bahia-850x680-1.jpg\",\"datePublished\":\"2022-11-16T22:13:08+00:00\",\"dateModified\":\"2023-04-24T18:13:15+00:00\",\"breadcrumb\":{\"@id\":\"https:\\\/\\\/www.quintoandar.com.br\\\/guias\\\/web-stories\\\/3-melhores-praias-salvador\\\/#breadcrumb\"},\"inLanguage\":\"pt-BR\",\"potentialAction\":[{\"@type\":\"ReadAction\",\"target\":[\"https:\\\/\\\/www.quintoandar.com.br\\\/guias\\\/web-stories\\\/3-melhores-praias-salvador\\\/\"]}]},{\"@type\":\"ImageObject\",\"inLanguage\":\"pt-BR\",\"@id\":\"https:\\\/\\\/www.quintoandar.com.br\\\/guias\\\/web-stories\\\/3-melhores-praias-salvador\\\/#primaryimage\",\"url\":\"https:\\\/\\\/www.quintoandar.com.br\\\/guias\\\/wp-content\\\/uploads\\\/2022\\\/11\\\/cropped-Praias-de-Salvador-Praia-de-Itapua-Foto-de-Andreia-Brandao-Turismo-Bahia-850x680-1.jpg\",\"contentUrl\":\"https:\\\/\\\/www.quintoandar.com.br\\\/guias\\\/wp-content\\\/uploads\\\/2022\\\/11\\\/cropped-Praias-de-Salvador-Praia-de-Itapua-Foto-de-Andreia-Brandao-Turismo-Bahia-850x680-1.jpg\",\"width\":640,\"height\":853,\"caption\":\"Praias-de-Salvador-Praia-de-Itapua-Foto-de-Andreia-Brandao-Turismo-Bahia-850x680\"},{\"@type\":\"BreadcrumbList\",\"@id\":\"https:\\\/\\\/www.quintoandar.com.br\\\/guias\\\/web-stories\\\/3-melhores-praias-salvador\\\/#breadcrumb\",\"itemListElement\":[{\"@type\":\"ListItem\",\"position\":1,\"name\":\"Home\",\"item\":\"https:\\\/\\\/www.quintoandar.com.br\\\/guias\\\/\"},{\"@type\":\"ListItem\",\"position\":2,\"name\":\"Story\",\"item\":\"https:\\\/\\\/www.quintoandar.com.br\\\/guias\\\/webstories\\\/\"},{\"@type\":\"ListItem\",\"position\":3,\"name\":\"3 melhores praias em Salvador\"}]},{\"@type\":\"WebSite\",\"@id\":\"https:\\\/\\\/www.quintoandar.com.br\\\/guias\\\/#website\",\"url\":\"https:\\\/\\\/www.quintoandar.com.br\\\/guias\\\/\",\"name\":\"QuintoAndar Guias\",\"description\":\"Inspira\u00e7\u00e3o e tudo o que voc\u00ea precisa saber sobre o jeito mais f\u00e1cil de alugar e morar.\",\"potentialAction\":[{\"@type\":\"SearchAction\",\"target\":{\"@type\":\"EntryPoint\",\"urlTemplate\":\"https:\\\/\\\/www.quintoandar.com.br\\\/guias\\\/?s={search_term_string}\"},\"query-input\":{\"@type\":\"PropertyValueSpecification\",\"valueRequired\":true,\"valueName\":\"search_term_string\"}}],\"inLanguage\":\"pt-BR\"},{\"@type\":\"Person\",\"@id\":\"https:\\\/\\\/www.quintoandar.com.br\\\/guias\\\/#\\\/schema\\\/person\\\/f24d12d0fe0de5638ce540ae5e992867\",\"name\":\"Samantha Silva\",\"image\":{\"@type\":\"ImageObject\",\"inLanguage\":\"pt-BR\",\"@id\":\"https:\\\/\\\/secure.gravatar.com\\\/avatar\\\/19caf728ff50fe784eb0610c2f3b2d62a8d8fbfa00158fbb42aae55f817e8e90?s=96&d=mm&r=g\",\"url\":\"https:\\\/\\\/secure.gravatar.com\\\/avatar\\\/19caf728ff50fe784eb0610c2f3b2d62a8d8fbfa00158fbb42aae55f817e8e90?s=96&d=mm&r=g\",\"contentUrl\":\"https:\\\/\\\/secure.gravatar.com\\\/avatar\\\/19caf728ff50fe784eb0610c2f3b2d62a8d8fbfa00158fbb42aae55f817e8e90?s=96&d=mm&r=g\",\"caption\":\"Samantha Silva\"},\"url\":\"https:\\\/\\\/www.quintoandar.com.br\\\/guias\\\/author\\\/samantha-silva\\\/\"},false]}<\/script>\n<!-- \/ Yoast SEO Premium plugin. -->","yoast_head_json":{"title":"3 melhores praias em Salvador - QuintoAndar Guias","description":"De mudan\u00e7a para Salvador? Confira a seguir quais as melhores praias na cidade para morar pr\u00f3ximo e aproveitar o lazer em fam\u00edlia!","robots":{"index":"index","follow":"follow","max-snippet":"max-snippet:-1","max-image-preview":"max-image-preview:large","max-video-preview":"max-video-preview:-1"},"canonical":"https:\/\/www.quintoandar.com.br\/guias\/web-stories\/3-melhores-praias-salvador\/","og_locale":"pt_BR","og_type":"article","og_title":"3 melhores praias em Salvador","og_description":"De mudan\u00e7a para Salvador? Confira a seguir quais as melhores praias na cidade para morar pr\u00f3ximo e aproveitar o lazer em fam\u00edlia!","og_url":"https:\/\/www.quintoandar.com.br\/guias\/web-stories\/3-melhores-praias-salvador\/","og_site_name":"QuintoAndar Guias","article_publisher":"https:\/\/www.facebook.com\/quintoandar.com.br\/","article_modified_time":"2023-04-24T18:13:15+00:00","og_image":[{"width":640,"height":853,"url":"https:\/\/www.quintoandar.com.br\/guias\/wp-content\/uploads\/2022\/11\/cropped-Praias-de-Salvador-Praia-de-Itapua-Foto-de-Andreia-Brandao-Turismo-Bahia-850x680-1.jpg","type":"image\/jpeg"}],"twitter_card":"summary_large_image","twitter_misc":{"Est. tempo de leitura":"1 minuto"},"schema":{"@context":"https:\/\/schema.org","@graph":[{"@type":"Article","@id":"https:\/\/www.quintoandar.com.br\/guias\/web-stories\/3-melhores-praias-salvador\/#article","isPartOf":{"@id":"https:\/\/www.quintoandar.com.br\/guias\/web-stories\/3-melhores-praias-salvador\/"},"author":{"name":"Samantha Silva","@id":"https:\/\/www.quintoandar.com.br\/guias\/#\/schema\/person\/f24d12d0fe0de5638ce540ae5e992867"},"headline":"3 melhores praias em Salvador","datePublished":"2022-11-16T22:13:08+00:00","dateModified":"2023-04-24T18:13:15+00:00","mainEntityOfPage":{"@id":"https:\/\/www.quintoandar.com.br\/guias\/web-stories\/3-melhores-praias-salvador\/"},"wordCount":220,"image":{"@id":"https:\/\/www.quintoandar.com.br\/guias\/web-stories\/3-melhores-praias-salvador\/#primaryimage"},"thumbnailUrl":"https:\/\/www.quintoandar.com.br\/guias\/wp-content\/uploads\/2022\/11\/cropped-Praias-de-Salvador-Praia-de-Itapua-Foto-de-Andreia-Brandao-Turismo-Bahia-850x680-1.jpg","inLanguage":"pt-BR"},{"@type":"WebPage","@id":"https:\/\/www.quintoandar.com.br\/guias\/web-stories\/3-melhores-praias-salvador\/","url":"https:\/\/www.quintoandar.com.br\/guias\/web-stories\/3-melhores-praias-salvador\/","name":"3 melhores praias em Salvador - QuintoAndar Guias","isPartOf":{"@id":"https:\/\/www.quintoandar.com.br\/guias\/#website"},"primaryImageOfPage":{"@id":"https:\/\/www.quintoandar.com.br\/guias\/web-stories\/3-melhores-praias-salvador\/#primaryimage"},"image":{"@id":"https:\/\/www.quintoandar.com.br\/guias\/web-stories\/3-melhores-praias-salvador\/#primaryimage"},"thumbnailUrl":"https:\/\/www.quintoandar.com.br\/guias\/wp-content\/uploads\/2022\/11\/cropped-Praias-de-Salvador-Praia-de-Itapua-Foto-de-Andreia-Brandao-Turismo-Bahia-850x680-1.jpg","datePublished":"2022-11-16T22:13:08+00:00","dateModified":"2023-04-24T18:13:15+00:00","breadcrumb":{"@id":"https:\/\/www.quintoandar.com.br\/guias\/web-stories\/3-melhores-praias-salvador\/#breadcrumb"},"inLanguage":"pt-BR","potentialAction":[{"@type":"ReadAction","target":["https:\/\/www.quintoandar.com.br\/guias\/web-stories\/3-melhores-praias-salvador\/"]}]},{"@type":"ImageObject","inLanguage":"pt-BR","@id":"https:\/\/www.quintoandar.com.br\/guias\/web-stories\/3-melhores-praias-salvador\/#primaryimage","url":"https:\/\/www.quintoandar.com.br\/guias\/wp-content\/uploads\/2022\/11\/cropped-Praias-de-Salvador-Praia-de-Itapua-Foto-de-Andreia-Brandao-Turismo-Bahia-850x680-1.jpg","contentUrl":"https:\/\/www.quintoandar.com.br\/guias\/wp-content\/uploads\/2022\/11\/cropped-Praias-de-Salvador-Praia-de-Itapua-Foto-de-Andreia-Brandao-Turismo-Bahia-850x680-1.jpg","width":640,"height":853,"caption":"Praias-de-Salvador-Praia-de-Itapua-Foto-de-Andreia-Brandao-Turismo-Bahia-850x680"},{"@type":"BreadcrumbList","@id":"https:\/\/www.quintoandar.com.br\/guias\/web-stories\/3-melhores-praias-salvador\/#breadcrumb","itemListElement":[{"@type":"ListItem","position":1,"name":"Home","item":"https:\/\/www.quintoandar.com.br\/guias\/"},{"@type":"ListItem","position":2,"name":"Story","item":"https:\/\/www.quintoandar.com.br\/guias\/webstories\/"},{"@type":"ListItem","position":3,"name":"3 melhores praias em Salvador"}]},{"@type":"WebSite","@id":"https:\/\/www.quintoandar.com.br\/guias\/#website","url":"https:\/\/www.quintoandar.com.br\/guias\/","name":"QuintoAndar Guias","description":"Inspira\u00e7\u00e3o e tudo o que voc\u00ea precisa saber sobre o jeito mais f\u00e1cil de alugar e morar.","potentialAction":[{"@type":"SearchAction","target":{"@type":"EntryPoint","urlTemplate":"https:\/\/www.quintoandar.com.br\/guias\/?s={search_term_string}"},"query-input":{"@type":"PropertyValueSpecification","valueRequired":true,"valueName":"search_term_string"}}],"inLanguage":"pt-BR"},{"@type":"Person","@id":"https:\/\/www.quintoandar.com.br\/guias\/#\/schema\/person\/f24d12d0fe0de5638ce540ae5e992867","name":"Samantha Silva","image":{"@type":"ImageObject","inLanguage":"pt-BR","@id":"https:\/\/secure.gravatar.com\/avatar\/19caf728ff50fe784eb0610c2f3b2d62a8d8fbfa00158fbb42aae55f817e8e90?s=96&d=mm&r=g","url":"https:\/\/secure.gravatar.com\/avatar\/19caf728ff50fe784eb0610c2f3b2d62a8d8fbfa00158fbb42aae55f817e8e90?s=96&d=mm&r=g","contentUrl":"https:\/\/secure.gravatar.com\/avatar\/19caf728ff50fe784eb0610c2f3b2d62a8d8fbfa00158fbb42aae55f817e8e90?s=96&d=mm&r=g","caption":"Samantha Silva"},"url":"https:\/\/www.quintoandar.com.br\/guias\/author\/samantha-silva\/"},false]}},"yasr_visitor_votes":{"stars_attributes":{"read_only":false,"span_bottom":false},"number_of_votes":0,"sum_votes":0},"featured_img":"https:\/\/www.quintoandar.com.br\/guias\/wp-content\/uploads\/2022\/11\/cropped-Praias-de-Salvador-Praia-de-Itapua-Foto-de-Andreia-Brandao-Turismo-Bahia-850x680-1-530x337.jpg","coauthors":[],"author_meta":{"author_link":"https:\/\/www.quintoandar.com.br\/guias\/author\/samantha-silva\/","display_name":"Samantha Silva"},"relative_dates":{"created":"Publicado 3 anos atr\u00e1s","modified":"Atualizado 3 anos atr\u00e1s"},"absolute_dates":{"created":"Publicado em novembro 16, 2022","modified":"Atualizado em abril 24, 2023"},"absolute_dates_time":{"created":"Publicado em novembro 16, 2022 7:13 pm","modified":"Atualizado em abril 24, 2023 3:13 pm"},"featured_img_caption":"","tax_additional":{"web_story_category":{"linked":[],"unlinked":[],"slug":"web_story_category","name":"Categorias"},"web_story_tag":{"linked":[],"unlinked":[],"slug":"web_story_tag","name":"Tags"}},"series_order":"","acf":{"aprovacao_web_stories":"aprovado"},"slug_history":["3-melhores-praias-salvador"],"story_data":{"version":46,"pages":[{"elements":[{"opacity":100,"flip":{"vertical":false,"horizontal":false},"rotationAngle":0,"lockAspectRatio":true,"x":1,"y":1,"width":1,"height":1,"mask":{"type":"rectangle"},"isBackground":true,"isDefaultBackground":true,"id":"5e4c0825-cf1b-4ce6-b362-6dec3c39bb1b","type":"shape","basedOn":"9d5c2b2c-8e34-4118-a1bc-f01f76f862b3"},{"opacity":100,"flip":{"vertical":false,"horizontal":false},"rotationAngle":0,"lockAspectRatio":true,"backgroundTextMode":"NONE","font":{"family":"Poppins","fallbacks":["sans-serif"],"weights":[100,200,300,400,500,600,700,800,900],"styles":["italic","regular"],"variants":[[0,100],[1,100],[0,200],[1,200],[0,300],[1,300],[0,400],[1,400],[0,500],[1,500],[0,600],[1,600],[0,700],[1,700],[0,800],[1,800],[0,900],[1,900]],"service":"fonts.google.com","metrics":{"upm":1000,"asc":1050,"des":-350,"tAsc":1050,"tDes":-350,"tLGap":100,"wAsc":1135,"wDes":627,"xH":548,"capH":698,"yMin":-572,"yMax":1065,"hAsc":1050,"hDes":-350,"lGap":100}},"fontSize":30,"backgroundColor":{"color":{"r":196,"g":196,"b":196}},"lineHeight":1.1,"textAlign":"left","padding":{"locked":true,"hasHiddenPadding":false,"horizontal":0,"vertical":0},"type":"text","content":"<span style=\"font-weight: 600; color: #f8f9f5\">3 melhores praias em Salvador\/BA<\/span>","borderRadius":{"locked":true,"topLeft":2,"topRight":2,"bottomRight":2,"bottomLeft":2},"x":62,"y":139,"width":287,"height":75,"basedOn":"925eb8c3-889d-4d34-a0f2-c210323ef74a","marginOffset":-11.099999999999994,"id":"3c610e28-eb19-4563-a420-3950da19ad2d"},{"opacity":100,"flip":{"vertical":false,"horizontal":false},"rotationAngle":0,"lockAspectRatio":true,"backgroundColor":{"color":{"r":163,"g":199,"b":161}},"type":"shape","x":48,"y":304,"width":314,"height":314,"mask":{"type":"rectangle"},"basedOn":"ab8bfbba-ba72-4633-8fe5-d08c534ef764","id":"ee0795d1-7930-4c6d-9924-605ff66db8fa"},{"opacity":100,"flip":{"vertical":false,"horizontal":false},"rotationAngle":0,"lockAspectRatio":true,"backgroundColor":{"color":{"r":196,"g":196,"b":196}},"type":"image","resource":{"type":"image","mimeType":"image\/webp","width":2047,"height":1150,"sizes":{"medium":{"file":"Praias-de-Salvador-Praia-do-Forte-Gleidson-Santos-MTUR-300x169.webp","width":300,"height":169,"filesize":17612,"mimeType":"image\/webp","sourceUrl":"https:\/\/quintoandar.com.br\/guias\/wp-content\/uploads\/2022\/11\/Praias-de-Salvador-Praia-do-Forte-Gleidson-Santos-MTUR-300x169.webp"},"large":{"file":"Praias-de-Salvador-Praia-do-Forte-Gleidson-Santos-MTUR-1024x575.webp","width":1024,"height":575,"filesize":188648,"mimeType":"image\/webp","sourceUrl":"https:\/\/quintoandar.com.br\/guias\/wp-content\/uploads\/2022\/11\/Praias-de-Salvador-Praia-do-Forte-Gleidson-Santos-MTUR-1024x575.webp"},"thumbnail":{"file":"Praias-de-Salvador-Praia-do-Forte-Gleidson-Santos-MTUR-150x150.webp","width":150,"height":150,"filesize":8754,"mimeType":"image\/webp","sourceUrl":"https:\/\/quintoandar.com.br\/guias\/wp-content\/uploads\/2022\/11\/Praias-de-Salvador-Praia-do-Forte-Gleidson-Santos-MTUR-150x150.webp"},"medium_large":{"file":"Praias-de-Salvador-Praia-do-Forte-Gleidson-Santos-MTUR-768x431.webp","width":768,"height":431,"filesize":102890,"mimeType":"image\/webp","sourceUrl":"https:\/\/quintoandar.com.br\/guias\/wp-content\/uploads\/2022\/11\/Praias-de-Salvador-Praia-do-Forte-Gleidson-Santos-MTUR-768x431.webp"},"1536x1536":{"file":"Praias-de-Salvador-Praia-do-Forte-Gleidson-Santos-MTUR-1536x863.webp","width":1536,"height":863,"filesize":389998,"mimeType":"image\/webp","sourceUrl":"https:\/\/quintoandar.com.br\/guias\/wp-content\/uploads\/2022\/11\/Praias-de-Salvador-Praia-do-Forte-Gleidson-Santos-MTUR-1536x863.webp"},"post-thumbnail":{"file":"Praias-de-Salvador-Praia-do-Forte-Gleidson-Santos-MTUR-530x337.webp","width":530,"height":337,"filesize":57652,"mimeType":"image\/webp","sourceUrl":"https:\/\/quintoandar.com.br\/guias\/wp-content\/uploads\/2022\/11\/Praias-de-Salvador-Praia-do-Forte-Gleidson-Santos-MTUR-530x337.webp"},"chamada-destaque":{"file":"Praias-de-Salvador-Praia-do-Forte-Gleidson-Santos-MTUR-683x587.webp","width":683,"height":587,"filesize":128072,"mimeType":"image\/webp","sourceUrl":"https:\/\/quintoandar.com.br\/guias\/wp-content\/uploads\/2022\/11\/Praias-de-Salvador-Praia-do-Forte-Gleidson-Santos-MTUR-683x587.webp"},"single-destaque":{"file":"Praias-de-Salvador-Praia-do-Forte-Gleidson-Santos-MTUR-850x680.webp","width":850,"height":680,"filesize":179856,"mimeType":"image\/webp","sourceUrl":"https:\/\/quintoandar.com.br\/guias\/wp-content\/uploads\/2022\/11\/Praias-de-Salvador-Praia-do-Forte-Gleidson-Santos-MTUR-850x680.webp"},"alm-thumbnail":{"file":"Praias-de-Salvador-Praia-do-Forte-Gleidson-Santos-MTUR-150x150.webp","width":150,"height":150,"filesize":8754,"mimeType":"image\/webp","sourceUrl":"https:\/\/quintoandar.com.br\/guias\/wp-content\/uploads\/2022\/11\/Praias-de-Salvador-Praia-do-Forte-Gleidson-Santos-MTUR-150x150.webp"},"wpvqgr-square-answer":{"file":"Praias-de-Salvador-Praia-do-Forte-Gleidson-Santos-MTUR-300x300.webp","width":300,"height":300,"filesize":30800,"mimeType":"image\/webp","sourceUrl":"https:\/\/quintoandar.com.br\/guias\/wp-content\/uploads\/2022\/11\/Praias-de-Salvador-Praia-do-Forte-Gleidson-Santos-MTUR-300x300.webp"},"web-stories-poster-portrait":{"file":"Praias-de-Salvador-Praia-do-Forte-Gleidson-Santos-MTUR-640x853.webp","width":640,"height":853,"filesize":165948,"mimeType":"image\/webp","sourceUrl":"https:\/\/quintoandar.com.br\/guias\/wp-content\/uploads\/2022\/11\/Praias-de-Salvador-Praia-do-Forte-Gleidson-Santos-MTUR-640x853.webp"},"web-stories-publisher-logo":{"file":"Praias-de-Salvador-Praia-do-Forte-Gleidson-Santos-MTUR-96x96.webp","width":96,"height":96,"filesize":3822,"mimeType":"image\/webp","sourceUrl":"https:\/\/quintoandar.com.br\/guias\/wp-content\/uploads\/2022\/11\/Praias-de-Salvador-Praia-do-Forte-Gleidson-Santos-MTUR-96x96.webp"},"web-stories-thumbnail":{"file":"Praias-de-Salvador-Praia-do-Forte-Gleidson-Santos-MTUR-150x84.webp","width":150,"height":84,"filesize":4996,"mimeType":"image\/webp","sourceUrl":"https:\/\/quintoandar.com.br\/guias\/wp-content\/uploads\/2022\/11\/Praias-de-Salvador-Praia-do-Forte-Gleidson-Santos-MTUR-150x84.webp"},"full":{"file":"Praias-de-Salvador-Praia-do-Forte-Gleidson-Santos-MTUR.webp","width":2047,"height":1150,"mimeType":"image\/webp","sourceUrl":"https:\/\/quintoandar.com.br\/guias\/wp-content\/uploads\/2022\/11\/Praias-de-Salvador-Praia-do-Forte-Gleidson-Santos-MTUR.webp"}},"isPlaceholder":false,"isExternal":false,"needsProxy":false,"baseColor":"#4c522f","blurHash":"","creationDate":"2022-11-16T22:00:52","src":"https:\/\/quintoandar.com.br\/guias\/wp-content\/uploads\/2022\/11\/Praias-de-Salvador-Praia-do-Forte-Gleidson-Santos-MTUR.webp","id":459277,"alt":"Praias-de-Salvador-Praia-do-Forte-Gleidson-Santos-MTUR","local":false,"provider":"local"},"x":62,"y":317,"width":286,"height":286,"scale":139,"focalX":63.391345358061976,"focalY":50,"mask":{"type":"rectangle"},"alt":"Foto que ilustra stories sobre praias em Salvador mostra a vista de cima da Praia do Forte.","link":{"needsProxy":false,"url":"https:\/\/quintoandar.com.br\/praias-de-salvador\/","rel":[],"icon":"https:\/\/quintoandar.com.br\/guias\/wp-content\/uploads\/2021\/12\/Praias-de-Salvador-Praia-de-Itapua-Foto-de-Andreia-Brandao-Turismo-Bahia.jpg","desc":"Praias de Salvador: more perto de verdadeiros cart\u00f5es postais"},"borderRadius":{"topLeft":0,"topRight":0,"bottomRight":0,"bottomLeft":0,"locked":true},"basedOn":"4f518b76-d05f-4e2b-bbdf-59450fababca","id":"2eadb7ee-ddcd-4d3b-a70c-3ca81c4c59fe"},{"opacity":100,"flip":{"vertical":false,"horizontal":false},"rotationAngle":0,"lockAspectRatio":true,"scale":100,"focalX":50,"focalY":50,"resource":{"baseColor":"#ffffff","type":"image","mimeType":"image\/png","creationDate":"2022-01-17T15:00:10","src":"https:\/\/quintoandar.com.br\/guias\/wp-content\/uploads\/2022\/01\/image-17.png","width":566,"height":88,"id":428567,"alt":"image","sizes":{"medium":{"file":"image-17-300x47.png","width":300,"height":47,"mimeType":"image\/png","sourceUrl":"https:\/\/quintoandar.com.br\/guias\/wp-content\/uploads\/2022\/01\/image-17-300x47.png"},"thumbnail":{"file":"image-17-150x88.png","width":150,"height":88,"mimeType":"image\/png","sourceUrl":"https:\/\/quintoandar.com.br\/guias\/wp-content\/uploads\/2022\/01\/image-17-150x88.png"},"post-thumbnail":{"file":"image-17-350x88.png","width":350,"height":88,"mimeType":"image\/png","sourceUrl":"https:\/\/quintoandar.com.br\/guias\/wp-content\/uploads\/2022\/01\/image-17-350x88.png"},"alm-thumbnail":{"file":"image-17-150x88.png","width":150,"height":88,"mimeType":"image\/png","sourceUrl":"https:\/\/quintoandar.com.br\/guias\/wp-content\/uploads\/2022\/01\/image-17-150x88.png"},"wpvqgr-square-answer":{"file":"image-17-300x88.png","width":300,"height":88,"mimeType":"image\/png","sourceUrl":"https:\/\/quintoandar.com.br\/guias\/wp-content\/uploads\/2022\/01\/image-17-300x88.png"},"web-stories-publisher-logo":{"file":"image-17-96x88.png","width":96,"height":88,"mimeType":"image\/png","sourceUrl":"https:\/\/quintoandar.com.br\/guias\/wp-content\/uploads\/2022\/01\/image-17-96x88.png"},"web-stories-thumbnail":{"file":"image-17-150x23.png","width":150,"height":23,"mimeType":"image\/png","sourceUrl":"https:\/\/quintoandar.com.br\/guias\/wp-content\/uploads\/2022\/01\/image-17-150x23.png"},"full":{"file":"image-17.png","width":566,"height":88,"mimeType":"image\/png","sourceUrl":"https:\/\/quintoandar.com.br\/guias\/wp-content\/uploads\/2022\/01\/image-17.png"}},"isPlaceholder":false,"isOptimized":false,"isMuted":false,"isExternal":false,"needsProxy":false},"type":"image","x":48,"y":0,"width":225,"height":35,"mask":{"type":"rectangle","showInLibrary":true,"name":"Ret\u00e2ngulo","path":"M 0,0 1,0 1,1 0,1 0,0 Z","ratio":1,"supportsBorder":true},"basedOn":"40807069-eed4-48b6-8569-54a6b1987b02","id":"d082c74c-3fa3-443a-8afc-1566b8cbf2d1"}],"animations":[],"backgroundColor":{"color":{"r":36,"g":88,"b":37}},"type":"page","id":"263f42bc-a79f-495c-96c8-15ded26152f5"},{"elements":[{"opacity":100,"flip":{"vertical":false,"horizontal":false},"rotationAngle":0,"lockAspectRatio":true,"x":1,"y":1,"width":1,"height":1,"mask":{"type":"rectangle"},"isBackground":true,"isDefaultBackground":true,"id":"d2b72a51-1e66-4949-8dca-7e94d60af9ce","type":"shape","basedOn":"666d07d0-ac8b-4c81-806e-ec46cbe6d736"},{"opacity":100,"flip":{"vertical":false,"horizontal":false},"rotationAngle":0,"lockAspectRatio":false,"backgroundColor":{"color":{"r":248,"g":249,"b":245}},"type":"shape","x":0,"y":-57,"width":413,"height":375,"mask":{"type":"rectangle"},"basedOn":"c54125fb-2735-44bb-a56b-1d5d495c0b24","id":"7ea6faf4-79c1-4c85-baa8-8f8f53550695"},{"opacity":100,"flip":{"vertical":false,"horizontal":false},"rotationAngle":0,"lockAspectRatio":false,"backgroundTextMode":"NONE","font":{"family":"Poppins","fallbacks":["sans-serif"],"weights":[100,200,300,400,500,600,700,800,900],"styles":["italic","regular"],"variants":[[0,100],[1,100],[0,200],[1,200],[0,300],[1,300],[0,400],[1,400],[0,500],[1,500],[0,600],[1,600],[0,700],[1,700],[0,800],[1,800],[0,900],[1,900]],"service":"fonts.google.com","metrics":{"upm":1000,"asc":1050,"des":-350,"tAsc":1050,"tDes":-350,"tLGap":100,"wAsc":1135,"wDes":627,"xH":548,"capH":698,"yMin":-572,"yMax":1065,"hAsc":1050,"hDes":-350,"lGap":100}},"fontSize":21,"backgroundColor":{"color":{"r":196,"g":196,"b":196}},"lineHeight":1.1,"textAlign":"initial","padding":{"locked":true,"horizontal":0,"vertical":0},"type":"text","content":"Com tanta beleza e roteiros culturais, chega a ser quase dif\u00edcil escolher em quais praias de Salvador aproveitar e, principalmente, perto de qual voc\u00ea gostaria de morar.","basedOn":"a42619f5-e21a-46bf-a29b-feb6811e10ca","x":53,"y":63,"width":306,"height":167,"marginOffset":-11.099999999999994,"id":"8a26d018-0739-4342-b710-81b13a34441d"},{"opacity":100,"flip":{"vertical":false,"horizontal":false},"rotationAngle":0,"lockAspectRatio":false,"backgroundColor":{"color":{"r":36,"g":88,"b":37}},"type":"shape","x":0,"y":287,"width":413,"height":396,"mask":{"type":"rectangle"},"basedOn":"b0a83431-e82c-474f-9b54-4b372dc40c43","id":"21758096-c7b6-43d4-bc9f-fd2e9434d798"},{"opacity":100,"flip":{"vertical":false,"horizontal":false},"rotationAngle":0,"lockAspectRatio":true,"scale":100,"focalX":50,"focalY":50,"resource":{"type":"gif","mimeType":"image\/gif","width":498,"height":498,"sizes":{"full":{"file":"media\/tenor:15224938331881421424","sourceUrl":"https:\/\/media.tenor.com\/00nYv2cFOnAAAAAC\/on-the.gif","mimeType":"image\/gif","width":498,"height":498},"large":{"file":"media\/tenor:15224938331881421424","sourceUrl":"https:\/\/media.tenor.com\/00nYv2cFOnAAAAAM\/on-the.gif","mimeType":"image\/gif","width":220,"height":220},"web_stories_thumbnail":{"file":"media\/tenor:15224938331881421424","sourceUrl":"https:\/\/media.tenor.com\/00nYv2cFOnAAAAAS\/on-the.gif","mimeType":"image\/gif","width":90,"height":90}},"isPlaceholder":false,"isExternal":true,"needsProxy":false,"id":"media\/tenor:15224938331881421424","creationDate":"2021-08-13T16:13:27Z","src":"https:\/\/media.tenor.com\/00nYv2cFOnAAAAAC\/on-the.gif","alt":"On The GIF","attribution":{"author":{"displayName":"benwa808","url":"https:\/\/tenor.com\/users\/benwa808"},"registerUsageUrl":"https:\/\/media3p.googleapis.com\/v1\/media:registerUsage?token=AWJwhCHZQmU\/WqTkJV7Lt0AobbkyADrMUIJo4VnSgNafmwKgB8L1fYRRTbZzPHJiHfbBN8N%2BVXvproERym2emBSyPZKeRxQ%3D"},"poster":"https:\/\/media.tenor.com\/00nYv2cFOnAAAAAe\/on-the.png","posterId":"media\/tenor:15224938331881421424","isOptimized":true,"output":{"mimeType":"video\/mp4","src":"https:\/\/media.tenor.com\/00nYv2cFOnAAAAPo\/on-the.mp4"}},"type":"gif","x":20,"y":309,"width":373,"height":347,"mask":{"type":"rectangle","showInLibrary":true,"name":"Ret\u00e2ngulo","path":"M 0,0 1,0 1,1 0,1 0,0 Z","ratio":1,"supportsBorder":true},"resizeWidth":282.46602,"resizeHeight":262.742,"basedOn":"eb333b83-ca24-4ced-8813-f040f891be0f","id":"9e920425-d3be-4cc9-a9ee-914dc60cf5ba","alt":"V\u00eddeo que ilustra stories sobre praias em Salvador mostra uma mulher dan\u00e7ando na beira do mar. Ela est\u00e1 bem feliz e sorridente.","tracks":[]}],"animations":[{"id":"f77c13a4-1893-456a-bd45-8c8e7beb0ab7","type":"effect-fly-in","flyInDir":"leftToRight","duration":600,"delay":0,"targets":["8a26d018-0739-4342-b710-81b13a34441d"]},{"id":"c7d5c470-5d68-4380-a1cc-a92c15ac3f6f","type":"effect-fade-in","duration":600,"delay":0,"targets":["9e920425-d3be-4cc9-a9ee-914dc60cf5ba"]}],"backgroundColor":{"color":{"r":80,"g":99,"b":248}},"type":"page","id":"97f1302f-1e63-474a-9a0c-67f1cf96346e","defaultBackgroundElement":{"opacity":100,"flip":{"vertical":false,"horizontal":false},"rotationAngle":0,"lockAspectRatio":true,"backgroundColor":{"color":{"r":196,"g":196,"b":196}},"x":1,"y":1,"width":1,"height":1,"mask":{"type":"rectangle"},"isBackground":true,"isDefaultBackground":true,"type":"shape","id":"82332c42-4b5e-45b9-8fd8-e5c8ae9f0e65"}},{"elements":[{"opacity":100,"flip":{"vertical":false,"horizontal":false},"rotationAngle":0,"lockAspectRatio":true,"x":1,"y":1,"width":1,"height":1,"mask":{"type":"rectangle"},"isBackground":true,"isDefaultBackground":true,"id":"27b1fe81-5928-4ea0-837c-594ef7756b99","type":"shape","basedOn":"d2b72a51-1e66-4949-8dca-7e94d60af9ce"},{"opacity":100,"flip":{"vertical":false,"horizontal":false},"rotationAngle":0,"lockAspectRatio":false,"backgroundColor":{"color":{"r":248,"g":249,"b":245}},"type":"shape","x":0,"y":-57,"width":413,"height":375,"mask":{"type":"rectangle"},"basedOn":"7ea6faf4-79c1-4c85-baa8-8f8f53550695","id":"0b212ab7-9cb1-4819-b817-f51709b163f4"},{"opacity":100,"flip":{"vertical":false,"horizontal":false},"rotationAngle":0,"lockAspectRatio":false,"backgroundTextMode":"NONE","font":{"family":"Poppins","fallbacks":["sans-serif"],"weights":[100,200,300,400,500,600,700,800,900],"styles":["italic","regular"],"variants":[[0,100],[1,100],[0,200],[1,200],[0,300],[1,300],[0,400],[1,400],[0,500],[1,500],[0,600],[1,600],[0,700],[1,700],[0,800],[1,800],[0,900],[1,900]],"service":"fonts.google.com","metrics":{"upm":1000,"asc":1050,"des":-350,"tAsc":1050,"tDes":-350,"tLGap":100,"wAsc":1135,"wDes":627,"xH":548,"capH":698,"yMin":-572,"yMax":1065,"hAsc":1050,"hDes":-350,"lGap":100}},"fontSize":21,"backgroundColor":{"color":{"r":196,"g":196,"b":196}},"lineHeight":1.1,"textAlign":"initial","padding":{"locked":true,"horizontal":0,"vertical":0},"type":"text","content":"Pensando nisso, listamos aqui 3 dos principais praias da cidade que tanto turistas quanto os soteropolitanos n\u00e3o se cansam de desfrutar.","basedOn":"8a26d018-0739-4342-b710-81b13a34441d","x":51,"y":76,"width":312,"height":121,"marginOffset":-11.099999999999994,"id":"88c54e38-2b36-4968-ab9f-5d402bae7907"},{"opacity":100,"flip":{"vertical":false,"horizontal":false},"rotationAngle":0,"lockAspectRatio":false,"backgroundColor":{"color":{"r":36,"g":88,"b":37}},"type":"shape","x":0,"y":287,"width":413,"height":396,"mask":{"type":"rectangle"},"basedOn":"21758096-c7b6-43d4-bc9f-fd2e9434d798","id":"d9c3c795-0fc2-413f-b8f6-1dd79e0c6cb6"},{"opacity":100,"flip":{"vertical":false,"horizontal":false},"rotationAngle":0,"lockAspectRatio":true,"scale":100,"focalX":50,"focalY":50,"resource":{"type":"gif","mimeType":"image\/gif","width":498,"height":477,"sizes":{"full":{"file":"media\/tenor:16804874366541499310","sourceUrl":"https:\/\/media.tenor.com\/6TboM0jGC64AAAAC\/beach-day.gif","mimeType":"image\/gif","width":498,"height":477},"large":{"file":"media\/tenor:16804874366541499310","sourceUrl":"https:\/\/media.tenor.com\/6TboM0jGC64AAAAM\/beach-day.gif","mimeType":"image\/gif","width":220,"height":211},"web_stories_thumbnail":{"file":"media\/tenor:16804874366541499310","sourceUrl":"https:\/\/media.tenor.com\/6TboM0jGC64AAAAS\/beach-day.gif","mimeType":"image\/gif","width":94,"height":90}},"isPlaceholder":false,"isExternal":true,"needsProxy":false,"id":"media\/tenor:16804874366541499310","creationDate":"2020-11-12T02:32:24Z","src":"https:\/\/media.tenor.com\/6TboM0jGC64AAAAC\/beach-day.gif","alt":"Beach Day GIF","attribution":{"author":{"displayName":"jrmb","url":"https:\/\/tenor.com\/users\/jrmb"},"registerUsageUrl":"https:\/\/media3p.googleapis.com\/v1\/media:registerUsage?token=AWJwhCExxyyzUJ88w\/OchRqQXa9dIXf2OBHXR6Z3oynBlg6iiMKtTaSUmQxD57FwuAlmVz\/AIB16dD0%2BEA\/zJai4mjFmUKk%3D"},"poster":"https:\/\/media.tenor.com\/6TboM0jGC64AAAAe\/beach-day.png","posterId":"media\/tenor:16804874366541499310","isOptimized":true,"output":{"mimeType":"video\/mp4","src":"https:\/\/media.tenor.com\/6TboM0jGC64AAAPo\/beach-day.mp4"}},"type":"gif","x":22,"y":309,"width":373,"height":347,"mask":{"type":"rectangle","showInLibrary":true,"name":"Ret\u00e2ngulo","path":"M 0,0 1,0 1,1 0,1 0,0 Z","ratio":1,"supportsBorder":true},"resizeWidth":282.46602,"resizeHeight":262.742,"basedOn":"9e920425-d3be-4cc9-a9ee-914dc60cf5ba","id":"988f25a1-cab1-4ea3-b3a9-efbfe5d15190","alt":"V\u00eddeo que ilustra stories sobre praias em Salvador mostra o mar de uma praia. As ondas pequenas v\u00e3o e vem no mar.","tracks":[]}],"animations":[{"id":"b2ad6df2-78bf-493b-bf48-4c843ec762ba","type":"effect-fly-in","flyInDir":"leftToRight","duration":600,"delay":0,"targets":["88c54e38-2b36-4968-ab9f-5d402bae7907"]},{"id":"c7d25799-4e85-4c9b-89c3-08d8d8ae4b84","type":"effect-fade-in","duration":600,"delay":0,"targets":["988f25a1-cab1-4ea3-b3a9-efbfe5d15190"]}],"backgroundColor":{"color":{"r":80,"g":99,"b":248}},"type":"page","id":"4be621d2-bda7-4646-8ad0-1b7d4daca51f","defaultBackgroundElement":{"opacity":100,"flip":{"vertical":false,"horizontal":false},"rotationAngle":0,"lockAspectRatio":true,"backgroundColor":{"color":{"r":196,"g":196,"b":196}},"x":1,"y":1,"width":1,"height":1,"mask":{"type":"rectangle"},"isBackground":true,"isDefaultBackground":true,"type":"shape","id":"82332c42-4b5e-45b9-8fd8-e5c8ae9f0e65"}},{"elements":[{"opacity":100,"flip":{"vertical":false,"horizontal":false},"rotationAngle":0,"lockAspectRatio":true,"x":1,"y":1,"width":1,"height":1,"mask":{"type":"rectangle"},"isBackground":true,"isDefaultBackground":true,"id":"4a2cdd23-8124-4eb7-a9bf-1413f2f89d03","type":"shape","basedOn":"bd29bb19-ad36-4c65-a4c8-172801081670"},{"opacity":100,"flip":{"vertical":false,"horizontal":false},"rotationAngle":0,"lockAspectRatio":true,"backgroundColor":{"color":{"r":196,"g":196,"b":196}},"type":"image","resource":{"type":"image","mimeType":"image\/webp","width":2048,"height":963,"sizes":{"medium":{"file":"Praias-de-Salvador-Farol-da-Barra-Marcio-Filho-MTUR-300x141.webp","width":300,"height":141,"filesize":9128,"mimeType":"image\/webp","sourceUrl":"https:\/\/quintoandar.com.br\/guias\/wp-content\/uploads\/2022\/11\/Praias-de-Salvador-Farol-da-Barra-Marcio-Filho-MTUR-300x141.webp"},"large":{"file":"Praias-de-Salvador-Farol-da-Barra-Marcio-Filho-MTUR-1024x482.webp","width":1024,"height":482,"filesize":84136,"mimeType":"image\/webp","sourceUrl":"https:\/\/quintoandar.com.br\/guias\/wp-content\/uploads\/2022\/11\/Praias-de-Salvador-Farol-da-Barra-Marcio-Filho-MTUR-1024x482.webp"},"thumbnail":{"file":"Praias-de-Salvador-Farol-da-Barra-Marcio-Filho-MTUR-150x150.webp","width":150,"height":150,"filesize":5774,"mimeType":"image\/webp","sourceUrl":"https:\/\/quintoandar.com.br\/guias\/wp-content\/uploads\/2022\/11\/Praias-de-Salvador-Farol-da-Barra-Marcio-Filho-MTUR-150x150.webp"},"medium_large":{"file":"Praias-de-Salvador-Farol-da-Barra-Marcio-Filho-MTUR-768x361.webp","width":768,"height":361,"filesize":47644,"mimeType":"image\/webp","sourceUrl":"https:\/\/quintoandar.com.br\/guias\/wp-content\/uploads\/2022\/11\/Praias-de-Salvador-Farol-da-Barra-Marcio-Filho-MTUR-768x361.webp"},"1536x1536":{"file":"Praias-de-Salvador-Farol-da-Barra-Marcio-Filho-MTUR-1536x722.webp","width":1536,"height":722,"filesize":170520,"mimeType":"image\/webp","sourceUrl":"https:\/\/quintoandar.com.br\/guias\/wp-content\/uploads\/2022\/11\/Praias-de-Salvador-Farol-da-Barra-Marcio-Filho-MTUR-1536x722.webp"},"post-thumbnail":{"file":"Praias-de-Salvador-Farol-da-Barra-Marcio-Filho-MTUR-530x337.webp","width":530,"height":337,"filesize":32954,"mimeType":"image\/webp","sourceUrl":"https:\/\/quintoandar.com.br\/guias\/wp-content\/uploads\/2022\/11\/Praias-de-Salvador-Farol-da-Barra-Marcio-Filho-MTUR-530x337.webp"},"chamada-destaque":{"file":"Praias-de-Salvador-Farol-da-Barra-Marcio-Filho-MTUR-683x587.webp","width":683,"height":587,"filesize":70298,"mimeType":"image\/webp","sourceUrl":"https:\/\/quintoandar.com.br\/guias\/wp-content\/uploads\/2022\/11\/Praias-de-Salvador-Farol-da-Barra-Marcio-Filho-MTUR-683x587.webp"},"single-destaque":{"file":"Praias-de-Salvador-Farol-da-Barra-Marcio-Filho-MTUR-850x680.webp","width":850,"height":680,"filesize":97432,"mimeType":"image\/webp","sourceUrl":"https:\/\/quintoandar.com.br\/guias\/wp-content\/uploads\/2022\/11\/Praias-de-Salvador-Farol-da-Barra-Marcio-Filho-MTUR-850x680.webp"},"alm-thumbnail":{"file":"Praias-de-Salvador-Farol-da-Barra-Marcio-Filho-MTUR-150x150.webp","width":150,"height":150,"filesize":5774,"mimeType":"image\/webp","sourceUrl":"https:\/\/quintoandar.com.br\/guias\/wp-content\/uploads\/2022\/11\/Praias-de-Salvador-Farol-da-Barra-Marcio-Filho-MTUR-150x150.webp"},"wpvqgr-square-answer":{"file":"Praias-de-Salvador-Farol-da-Barra-Marcio-Filho-MTUR-300x300.webp","width":300,"height":300,"filesize":18156,"mimeType":"image\/webp","sourceUrl":"https:\/\/quintoandar.com.br\/guias\/wp-content\/uploads\/2022\/11\/Praias-de-Salvador-Farol-da-Barra-Marcio-Filho-MTUR-300x300.webp"},"web-stories-poster-portrait":{"file":"Praias-de-Salvador-Farol-da-Barra-Marcio-Filho-MTUR-640x853.webp","width":640,"height":853,"filesize":87316,"mimeType":"image\/webp","sourceUrl":"https:\/\/quintoandar.com.br\/guias\/wp-content\/uploads\/2022\/11\/Praias-de-Salvador-Farol-da-Barra-Marcio-Filho-MTUR-640x853.webp"},"web-stories-publisher-logo":{"file":"Praias-de-Salvador-Farol-da-Barra-Marcio-Filho-MTUR-96x96.webp","width":96,"height":96,"filesize":2788,"mimeType":"image\/webp","sourceUrl":"https:\/\/quintoandar.com.br\/guias\/wp-content\/uploads\/2022\/11\/Praias-de-Salvador-Farol-da-Barra-Marcio-Filho-MTUR-96x96.webp"},"web-stories-thumbnail":{"file":"Praias-de-Salvador-Farol-da-Barra-Marcio-Filho-MTUR-150x71.webp","width":150,"height":71,"filesize":3152,"mimeType":"image\/webp","sourceUrl":"https:\/\/quintoandar.com.br\/guias\/wp-content\/uploads\/2022\/11\/Praias-de-Salvador-Farol-da-Barra-Marcio-Filho-MTUR-150x71.webp"},"full":{"file":"Praias-de-Salvador-Farol-da-Barra-Marcio-Filho-MTUR.webp","width":2048,"height":963,"mimeType":"image\/webp","sourceUrl":"https:\/\/quintoandar.com.br\/guias\/wp-content\/uploads\/2022\/11\/Praias-de-Salvador-Farol-da-Barra-Marcio-Filho-MTUR.webp"}},"isPlaceholder":false,"isExternal":false,"needsProxy":false,"baseColor":"#d8cbd3","blurHash":"","creationDate":"2022-11-16T22:06:09","src":"https:\/\/quintoandar.com.br\/guias\/wp-content\/uploads\/2022\/11\/Praias-de-Salvador-Farol-da-Barra-Marcio-Filho-MTUR.webp","id":459284,"alt":"Praias-de-Salvador-Farol-da-Barra-Marcio-Filho-MTUR","local":false,"provider":"local"},"x":46,"y":0,"width":318,"height":309,"scale":100,"focalX":50,"focalY":50,"mask":{"type":"rectangle"},"basedOn":"011c51d8-14a3-446a-a338-7334ed507df0","id":"1a8c844b-c5d6-4172-b775-b9a6c464360f","alt":"Foto que ilustra stories sobre praias em Salvador mostra a vista de cima do Farol da Barra durante um p\u00f4r do sol."},{"opacity":100,"flip":{"vertical":false,"horizontal":false},"rotationAngle":0,"lockAspectRatio":false,"backgroundTextMode":"NONE","font":{"family":"Poppins","fallbacks":["sans-serif"],"weights":[100,200,300,400,500,600,700,800,900],"styles":["italic","regular"],"variants":[[0,100],[1,100],[0,200],[1,200],[0,300],[1,300],[0,400],[1,400],[0,500],[1,500],[0,600],[1,600],[0,700],[1,700],[0,800],[1,800],[0,900],[1,900]],"service":"fonts.google.com","metrics":{"upm":1000,"asc":1050,"des":-350,"tAsc":1050,"tDes":-350,"tLGap":100,"wAsc":1135,"wDes":627,"xH":548,"capH":698,"yMin":-572,"yMax":1065,"hAsc":1050,"hDes":-350,"lGap":100}},"fontSize":21,"backgroundColor":{"color":{"r":196,"g":196,"b":196}},"lineHeight":1.2,"textAlign":"initial","padding":{"locked":true,"hasHiddenPadding":false,"horizontal":0,"vertical":0},"type":"text","content":"<span style=\"color: #fff\">\u00c9 a praia repleta de quiosques e barracas que recebe o nome do farol e onde o p\u00f4r do sol surge como um verdadeiro col\u00edrio para os olhos. Afinal, como bem avisam os Novos Baianos, \u201cquando o sol se p\u00f5e, vem o farol iluminar as \u00e1guas da Bahia\u201d.<\/span>","borderRadius":{"locked":true,"topLeft":2,"topRight":2,"bottomRight":2,"bottomLeft":2},"x":46,"y":362,"width":302,"height":256,"marginOffset":0.4781249999999986,"basedOn":"f58aac86-0d0f-4625-ba3f-ec49557c4ac1","id":"47f3b4f0-3fa1-4b01-935d-1feea4362c36"},{"opacity":100,"flip":{"vertical":false,"horizontal":false},"rotationAngle":0,"lockAspectRatio":false,"backgroundTextMode":"NONE","font":{"family":"Poppins","fallbacks":["sans-serif"],"weights":[100,200,300,400,500,600,700,800,900],"styles":["italic","regular"],"variants":[[0,100],[1,100],[0,200],[1,200],[0,300],[1,300],[0,400],[1,400],[0,500],[1,500],[0,600],[1,600],[0,700],[1,700],[0,800],[1,800],[0,900],[1,900]],"service":"fonts.google.com","metrics":{"upm":1000,"asc":1050,"des":-350,"tAsc":1050,"tDes":-350,"tLGap":100,"wAsc":1135,"wDes":627,"xH":548,"capH":698,"yMin":-572,"yMax":1065,"hAsc":1050,"hDes":-350,"lGap":100}},"fontSize":24,"backgroundColor":{"color":{"r":196,"g":196,"b":196}},"lineHeight":1.2,"textAlign":"initial","padding":{"locked":true,"hasHiddenPadding":false,"horizontal":0,"vertical":0},"type":"text","content":"<span style=\"font-weight: 600; color: #fff\">Farol da Barra<\/span>","borderRadius":{"locked":true,"topLeft":2,"topRight":2,"bottomRight":2,"bottomLeft":2},"x":47,"y":321,"width":316,"height":34,"marginOffset":0.4781249999999986,"basedOn":"47f3b4f0-3fa1-4b01-935d-1feea4362c36","id":"1bccb3fb-61a0-4ca4-9199-a82e6f97fe61"}],"animations":[{"id":"f2a86c4c-a363-4c55-be25-c93dbe77caa1","type":"effect-drop","duration":1600,"delay":0,"targets":["1a8c844b-c5d6-4172-b775-b9a6c464360f"]},{"targets":["47f3b4f0-3fa1-4b01-935d-1feea4362c36"],"id":"7fa28528-b6f7-4ab5-8acb-5c769ecd0d59","type":"effect-fly-in","flyInDir":"leftToRight","duration":600,"delay":0},{"targets":["1bccb3fb-61a0-4ca4-9199-a82e6f97fe61"],"id":"13cc33c6-a146-4f75-ab74-a3c08bb12739","type":"effect-fly-in","flyInDir":"leftToRight","duration":600,"delay":0}],"backgroundColor":{"color":{"r":36,"g":88,"b":37}},"type":"page","id":"9445d78c-1905-45f5-be8e-79c8298ed3ec","defaultBackgroundElement":{"opacity":100,"flip":{"vertical":false,"horizontal":false},"rotationAngle":0,"lockAspectRatio":true,"backgroundColor":{"color":{"r":196,"g":196,"b":196}},"x":1,"y":1,"width":1,"height":1,"mask":{"type":"rectangle"},"isBackground":true,"isDefaultBackground":true,"type":"shape","id":"d30996f6-74d0-4192-81c0-4c75833133d2"}},{"elements":[{"opacity":100,"flip":{"vertical":false,"horizontal":false},"rotationAngle":0,"lockAspectRatio":true,"x":1,"y":1,"width":1,"height":1,"mask":{"type":"rectangle"},"isBackground":true,"isDefaultBackground":true,"id":"f523b4e9-e7c8-4d8a-aac2-26b7e8eb6cbf","type":"shape","basedOn":"4a2cdd23-8124-4eb7-a9bf-1413f2f89d03"},{"opacity":100,"flip":{"vertical":false,"horizontal":false},"rotationAngle":0,"lockAspectRatio":true,"backgroundColor":{"color":{"r":196,"g":196,"b":196}},"type":"image","resource":{"type":"image","mimeType":"image\/webp","width":901,"height":591,"sizes":{"medium":{"file":"Praias-de-Salvador-Rio-Vermelho-Joao-Ramos-Bahiatursa-300x197.webp","width":300,"height":197,"filesize":21676,"mimeType":"image\/webp","sourceUrl":"https:\/\/quintoandar.com.br\/guias\/wp-content\/uploads\/2022\/11\/Praias-de-Salvador-Rio-Vermelho-Joao-Ramos-Bahiatursa-300x197.webp"},"thumbnail":{"file":"Praias-de-Salvador-Rio-Vermelho-Joao-Ramos-Bahiatursa-150x150.webp","width":150,"height":150,"filesize":8930,"mimeType":"image\/webp","sourceUrl":"https:\/\/quintoandar.com.br\/guias\/wp-content\/uploads\/2022\/11\/Praias-de-Salvador-Rio-Vermelho-Joao-Ramos-Bahiatursa-150x150.webp"},"medium_large":{"file":"Praias-de-Salvador-Rio-Vermelho-Joao-Ramos-Bahiatursa-768x504.webp","width":768,"height":504,"filesize":107934,"mimeType":"image\/webp","sourceUrl":"https:\/\/quintoandar.com.br\/guias\/wp-content\/uploads\/2022\/11\/Praias-de-Salvador-Rio-Vermelho-Joao-Ramos-Bahiatursa-768x504.webp"},"post-thumbnail":{"file":"Praias-de-Salvador-Rio-Vermelho-Joao-Ramos-Bahiatursa-530x337.webp","width":530,"height":337,"filesize":57324,"mimeType":"image\/webp","sourceUrl":"https:\/\/quintoandar.com.br\/guias\/wp-content\/uploads\/2022\/11\/Praias-de-Salvador-Rio-Vermelho-Joao-Ramos-Bahiatursa-530x337.webp"},"chamada-destaque":{"file":"Praias-de-Salvador-Rio-Vermelho-Joao-Ramos-Bahiatursa-683x587.webp","width":683,"height":587,"filesize":106022,"mimeType":"image\/webp","sourceUrl":"https:\/\/quintoandar.com.br\/guias\/wp-content\/uploads\/2022\/11\/Praias-de-Salvador-Rio-Vermelho-Joao-Ramos-Bahiatursa-683x587.webp"},"single-destaque":{"file":"Praias-de-Salvador-Rio-Vermelho-Joao-Ramos-Bahiatursa-850x591.webp","width":850,"height":591,"filesize":151746,"mimeType":"image\/webp","sourceUrl":"https:\/\/quintoandar.com.br\/guias\/wp-content\/uploads\/2022\/11\/Praias-de-Salvador-Rio-Vermelho-Joao-Ramos-Bahiatursa-850x591.webp"},"alm-thumbnail":{"file":"Praias-de-Salvador-Rio-Vermelho-Joao-Ramos-Bahiatursa-150x150.webp","width":150,"height":150,"filesize":8930,"mimeType":"image\/webp","sourceUrl":"https:\/\/quintoandar.com.br\/guias\/wp-content\/uploads\/2022\/11\/Praias-de-Salvador-Rio-Vermelho-Joao-Ramos-Bahiatursa-150x150.webp"},"wpvqgr-square-answer":{"file":"Praias-de-Salvador-Rio-Vermelho-Joao-Ramos-Bahiatursa-300x300.webp","width":300,"height":300,"filesize":30876,"mimeType":"image\/webp","sourceUrl":"https:\/\/quintoandar.com.br\/guias\/wp-content\/uploads\/2022\/11\/Praias-de-Salvador-Rio-Vermelho-Joao-Ramos-Bahiatursa-300x300.webp"},"web-stories-poster-portrait":{"file":"Praias-de-Salvador-Rio-Vermelho-Joao-Ramos-Bahiatursa-640x591.webp","width":640,"height":591,"filesize":118680,"mimeType":"image\/webp","sourceUrl":"https:\/\/quintoandar.com.br\/guias\/wp-content\/uploads\/2022\/11\/Praias-de-Salvador-Rio-Vermelho-Joao-Ramos-Bahiatursa-640x591.webp"},"web-stories-publisher-logo":{"file":"Praias-de-Salvador-Rio-Vermelho-Joao-Ramos-Bahiatursa-96x96.webp","width":96,"height":96,"filesize":3802,"mimeType":"image\/webp","sourceUrl":"https:\/\/quintoandar.com.br\/guias\/wp-content\/uploads\/2022\/11\/Praias-de-Salvador-Rio-Vermelho-Joao-Ramos-Bahiatursa-96x96.webp"},"web-stories-thumbnail":{"file":"Praias-de-Salvador-Rio-Vermelho-Joao-Ramos-Bahiatursa-150x98.webp","width":150,"height":98,"filesize":6214,"mimeType":"image\/webp","sourceUrl":"https:\/\/quintoandar.com.br\/guias\/wp-content\/uploads\/2022\/11\/Praias-de-Salvador-Rio-Vermelho-Joao-Ramos-Bahiatursa-150x98.webp"},"full":{"file":"Praias-de-Salvador-Rio-Vermelho-Joao-Ramos-Bahiatursa.webp","width":901,"height":591,"mimeType":"image\/webp","sourceUrl":"https:\/\/quintoandar.com.br\/guias\/wp-content\/uploads\/2022\/11\/Praias-de-Salvador-Rio-Vermelho-Joao-Ramos-Bahiatursa.webp"}},"isPlaceholder":false,"isExternal":false,"needsProxy":false,"baseColor":"#999ca2","blurHash":"","creationDate":"2022-11-16T22:07:28","src":"https:\/\/quintoandar.com.br\/guias\/wp-content\/uploads\/2022\/11\/Praias-de-Salvador-Rio-Vermelho-Joao-Ramos-Bahiatursa.webp","id":459287,"alt":"Praias-de-Salvador-Rio-Vermelho-Joao-Ramos-Bahiatursa","local":false,"provider":"local"},"x":46,"y":0,"width":318,"height":309,"scale":100,"focalX":66.2394554747126,"focalY":50,"mask":{"type":"rectangle"},"basedOn":"1a8c844b-c5d6-4172-b775-b9a6c464360f","id":"c05af9ff-198a-4bef-93ec-ee24b6de8d8d","alt":"Foto que ilustra stories sobre praias em Salvador mostra a orla do Rio Vermelho com uma \u00e1gua bem calma e alguns barcos de pescadores na areia."},{"opacity":100,"flip":{"vertical":false,"horizontal":false},"rotationAngle":0,"lockAspectRatio":false,"backgroundTextMode":"NONE","font":{"family":"Poppins","fallbacks":["sans-serif"],"weights":[100,200,300,400,500,600,700,800,900],"styles":["italic","regular"],"variants":[[0,100],[1,100],[0,200],[1,200],[0,300],[1,300],[0,400],[1,400],[0,500],[1,500],[0,600],[1,600],[0,700],[1,700],[0,800],[1,800],[0,900],[1,900]],"service":"fonts.google.com","metrics":{"upm":1000,"asc":1050,"des":-350,"tAsc":1050,"tDes":-350,"tLGap":100,"wAsc":1135,"wDes":627,"xH":548,"capH":698,"yMin":-572,"yMax":1065,"hAsc":1050,"hDes":-350,"lGap":100}},"fontSize":21,"backgroundColor":{"color":{"r":196,"g":196,"b":196}},"lineHeight":1.2,"textAlign":"initial","padding":{"locked":true,"hasHiddenPadding":false,"horizontal":0,"vertical":0},"type":"text","content":"<span style=\"color: #fff\">O Rio Vermelho \u00e9 um dos locais mais badalados de Salvador, tanto por conta do fluxo dos hot\u00e9is da regi\u00e3o, mas tamb\u00e9m pela boemia, j\u00e1 que as imedia\u00e7\u00f5es possuem muitos bares, restaurantes com m\u00fasica ao vivo, al\u00e9m do famoso acaraj\u00e9 da Dinha.<\/span>","borderRadius":{"locked":true,"topLeft":2,"topRight":2,"bottomRight":2,"bottomLeft":2},"x":46,"y":378,"width":315,"height":231,"marginOffset":0.4781249999999986,"basedOn":"47f3b4f0-3fa1-4b01-935d-1feea4362c36","id":"a17b0abe-9277-4824-8b55-49ae90c54f41"},{"opacity":100,"flip":{"vertical":false,"horizontal":false},"rotationAngle":0,"lockAspectRatio":false,"backgroundTextMode":"NONE","font":{"family":"Poppins","fallbacks":["sans-serif"],"weights":[100,200,300,400,500,600,700,800,900],"styles":["italic","regular"],"variants":[[0,100],[1,100],[0,200],[1,200],[0,300],[1,300],[0,400],[1,400],[0,500],[1,500],[0,600],[1,600],[0,700],[1,700],[0,800],[1,800],[0,900],[1,900]],"service":"fonts.google.com","metrics":{"upm":1000,"asc":1050,"des":-350,"tAsc":1050,"tDes":-350,"tLGap":100,"wAsc":1135,"wDes":627,"xH":548,"capH":698,"yMin":-572,"yMax":1065,"hAsc":1050,"hDes":-350,"lGap":100}},"fontSize":24,"backgroundColor":{"color":{"r":196,"g":196,"b":196}},"lineHeight":1.2,"textAlign":"initial","padding":{"locked":true,"hasHiddenPadding":false,"horizontal":0,"vertical":0},"type":"text","content":"<span style=\"font-weight: 600; color: #fff\">Rio Vermelho<\/span>","borderRadius":{"locked":true,"topLeft":2,"topRight":2,"bottomRight":2,"bottomLeft":2},"x":46,"y":335,"width":346,"height":34,"marginOffset":0.4781249999999986,"basedOn":"1bccb3fb-61a0-4ca4-9199-a82e6f97fe61","id":"889021f7-fa70-4a15-8fab-c95ef569954e"}],"animations":[{"id":"2a744889-5daf-4da0-99a1-22ac58407b6b","type":"effect-drop","duration":1600,"delay":0,"targets":["c05af9ff-198a-4bef-93ec-ee24b6de8d8d"]},{"targets":["a17b0abe-9277-4824-8b55-49ae90c54f41"],"id":"16dd0a89-9ffa-40f3-b5ad-09782007ade1","type":"effect-fly-in","flyInDir":"leftToRight","duration":600,"delay":0},{"targets":["889021f7-fa70-4a15-8fab-c95ef569954e"],"id":"6ade352b-4707-4a33-a3d5-d9eb77fcc26c","type":"effect-fly-in","flyInDir":"leftToRight","duration":600,"delay":0}],"backgroundColor":{"color":{"r":36,"g":88,"b":37}},"type":"page","id":"81e6d37e-e2bd-4b7c-896a-75ade40f7391","defaultBackgroundElement":{"opacity":100,"flip":{"vertical":false,"horizontal":false},"rotationAngle":0,"lockAspectRatio":true,"backgroundColor":{"color":{"r":196,"g":196,"b":196}},"x":1,"y":1,"width":1,"height":1,"mask":{"type":"rectangle"},"isBackground":true,"isDefaultBackground":true,"type":"shape","id":"d30996f6-74d0-4192-81c0-4c75833133d2"}},{"elements":[{"opacity":100,"flip":{"vertical":false,"horizontal":false},"rotationAngle":0,"lockAspectRatio":true,"x":1,"y":1,"width":1,"height":1,"mask":{"type":"rectangle"},"isBackground":true,"isDefaultBackground":true,"id":"9b47d552-17af-464d-a611-0f5a4cf71db8","type":"shape","basedOn":"f523b4e9-e7c8-4d8a-aac2-26b7e8eb6cbf"},{"opacity":100,"flip":{"vertical":false,"horizontal":false},"rotationAngle":0,"lockAspectRatio":true,"backgroundColor":{"color":{"r":196,"g":196,"b":196}},"type":"image","resource":{"type":"image","mimeType":"image\/webp","width":2048,"height":1365,"sizes":{"medium":{"file":"Praias-de-Salvador-Flamengo-Marcio-Filho-MTUR-300x200.webp","width":300,"height":200,"filesize":7472,"mimeType":"image\/webp","sourceUrl":"https:\/\/quintoandar.com.br\/guias\/wp-content\/uploads\/2022\/11\/Praias-de-Salvador-Flamengo-Marcio-Filho-MTUR-300x200.webp"},"large":{"file":"Praias-de-Salvador-Flamengo-Marcio-Filho-MTUR-1024x683.webp","width":1024,"height":683,"filesize":51520,"mimeType":"image\/webp","sourceUrl":"https:\/\/quintoandar.com.br\/guias\/wp-content\/uploads\/2022\/11\/Praias-de-Salvador-Flamengo-Marcio-Filho-MTUR-1024x683.webp"},"thumbnail":{"file":"Praias-de-Salvador-Flamengo-Marcio-Filho-MTUR-150x150.webp","width":150,"height":150,"filesize":3264,"mimeType":"image\/webp","sourceUrl":"https:\/\/quintoandar.com.br\/guias\/wp-content\/uploads\/2022\/11\/Praias-de-Salvador-Flamengo-Marcio-Filho-MTUR-150x150.webp"},"medium_large":{"file":"Praias-de-Salvador-Flamengo-Marcio-Filho-MTUR-768x512.webp","width":768,"height":512,"filesize":32990,"mimeType":"image\/webp","sourceUrl":"https:\/\/quintoandar.com.br\/guias\/wp-content\/uploads\/2022\/11\/Praias-de-Salvador-Flamengo-Marcio-Filho-MTUR-768x512.webp"},"1536x1536":{"file":"Praias-de-Salvador-Flamengo-Marcio-Filho-MTUR-1536x1024.webp","width":1536,"height":1024,"filesize":88180,"mimeType":"image\/webp","sourceUrl":"https:\/\/quintoandar.com.br\/guias\/wp-content\/uploads\/2022\/11\/Praias-de-Salvador-Flamengo-Marcio-Filho-MTUR-1536x1024.webp"},"post-thumbnail":{"file":"Praias-de-Salvador-Flamengo-Marcio-Filho-MTUR-530x337.webp","width":530,"height":337,"filesize":18336,"mimeType":"image\/webp","sourceUrl":"https:\/\/quintoandar.com.br\/guias\/wp-content\/uploads\/2022\/11\/Praias-de-Salvador-Flamengo-Marcio-Filho-MTUR-530x337.webp"},"chamada-destaque":{"file":"Praias-de-Salvador-Flamengo-Marcio-Filho-MTUR-683x587.webp","width":683,"height":587,"filesize":31524,"mimeType":"image\/webp","sourceUrl":"https:\/\/quintoandar.com.br\/guias\/wp-content\/uploads\/2022\/11\/Praias-de-Salvador-Flamengo-Marcio-Filho-MTUR-683x587.webp"},"single-destaque":{"file":"Praias-de-Salvador-Flamengo-Marcio-Filho-MTUR-850x680.webp","width":850,"height":680,"filesize":42538,"mimeType":"image\/webp","sourceUrl":"https:\/\/quintoandar.com.br\/guias\/wp-content\/uploads\/2022\/11\/Praias-de-Salvador-Flamengo-Marcio-Filho-MTUR-850x680.webp"},"alm-thumbnail":{"file":"Praias-de-Salvador-Flamengo-Marcio-Filho-MTUR-150x150.webp","width":150,"height":150,"filesize":3264,"mimeType":"image\/webp","sourceUrl":"https:\/\/quintoandar.com.br\/guias\/wp-content\/uploads\/2022\/11\/Praias-de-Salvador-Flamengo-Marcio-Filho-MTUR-150x150.webp"},"wpvqgr-square-answer":{"file":"Praias-de-Salvador-Flamengo-Marcio-Filho-MTUR-300x300.webp","width":300,"height":300,"filesize":9478,"mimeType":"image\/webp","sourceUrl":"https:\/\/quintoandar.com.br\/guias\/wp-content\/uploads\/2022\/11\/Praias-de-Salvador-Flamengo-Marcio-Filho-MTUR-300x300.webp"},"web-stories-poster-portrait":{"file":"Praias-de-Salvador-Flamengo-Marcio-Filho-MTUR-640x853.webp","width":640,"height":853,"filesize":33510,"mimeType":"image\/webp","sourceUrl":"https:\/\/quintoandar.com.br\/guias\/wp-content\/uploads\/2022\/11\/Praias-de-Salvador-Flamengo-Marcio-Filho-MTUR-640x853.webp"},"web-stories-publisher-logo":{"file":"Praias-de-Salvador-Flamengo-Marcio-Filho-MTUR-96x96.webp","width":96,"height":96,"filesize":1696,"mimeType":"image\/webp","sourceUrl":"https:\/\/quintoandar.com.br\/guias\/wp-content\/uploads\/2022\/11\/Praias-de-Salvador-Flamengo-Marcio-Filho-MTUR-96x96.webp"},"web-stories-thumbnail":{"file":"Praias-de-Salvador-Flamengo-Marcio-Filho-MTUR-150x100.webp","width":150,"height":100,"filesize":2644,"mimeType":"image\/webp","sourceUrl":"https:\/\/quintoandar.com.br\/guias\/wp-content\/uploads\/2022\/11\/Praias-de-Salvador-Flamengo-Marcio-Filho-MTUR-150x100.webp"},"full":{"file":"Praias-de-Salvador-Flamengo-Marcio-Filho-MTUR.webp","width":2048,"height":1365,"mimeType":"image\/webp","sourceUrl":"https:\/\/quintoandar.com.br\/guias\/wp-content\/uploads\/2022\/11\/Praias-de-Salvador-Flamengo-Marcio-Filho-MTUR.webp"}},"isPlaceholder":false,"isExternal":false,"needsProxy":false,"baseColor":"#285f92","blurHash":"","creationDate":"2022-11-16T22:07:59","src":"https:\/\/quintoandar.com.br\/guias\/wp-content\/uploads\/2022\/11\/Praias-de-Salvador-Flamengo-Marcio-Filho-MTUR.webp","id":459289,"alt":"Praias-de-Salvador-Flamengo-Marcio-Filho-MTUR","local":false,"provider":"local"},"x":46,"y":0,"width":318,"height":309,"scale":100,"focalX":34.31719846824363,"focalY":50,"mask":{"type":"rectangle"},"basedOn":"c05af9ff-198a-4bef-93ec-ee24b6de8d8d","id":"9540aea1-0861-4559-8f91-68be7dbfd5b9","alt":"Foto que ilustra stories sobre praias em Salvador mostra a Praia do Flamengo, com um mar bem calmo e muitos coqueiros na areia."},{"opacity":100,"flip":{"vertical":false,"horizontal":false},"rotationAngle":0,"lockAspectRatio":false,"backgroundTextMode":"NONE","font":{"family":"Poppins","fallbacks":["sans-serif"],"weights":[100,200,300,400,500,600,700,800,900],"styles":["italic","regular"],"variants":[[0,100],[1,100],[0,200],[1,200],[0,300],[1,300],[0,400],[1,400],[0,500],[1,500],[0,600],[1,600],[0,700],[1,700],[0,800],[1,800],[0,900],[1,900]],"service":"fonts.google.com","metrics":{"upm":1000,"asc":1050,"des":-350,"tAsc":1050,"tDes":-350,"tLGap":100,"wAsc":1135,"wDes":627,"xH":548,"capH":698,"yMin":-572,"yMax":1065,"hAsc":1050,"hDes":-350,"lGap":100}},"fontSize":21,"backgroundColor":{"color":{"r":196,"g":196,"b":196}},"lineHeight":1.2,"textAlign":"initial","padding":{"locked":true,"hasHiddenPadding":false,"horizontal":0,"vertical":0},"type":"text","content":"<span style=\"color: #fff\">Ideal para quem quer experimentar o melhor do conforto na praia, os beach clubs e quiosques oferecem, al\u00e9m da boa gastronomia, camas balinesas, banho de chuveir\u00e3o e balan\u00e7o. Perfeita para fazer uns cliques.&nbsp;<\/span>","borderRadius":{"locked":true,"topLeft":2,"topRight":2,"bottomRight":2,"bottomLeft":2},"x":48,"y":378,"width":317,"height":206,"marginOffset":0.4781249999999986,"basedOn":"a17b0abe-9277-4824-8b55-49ae90c54f41","id":"054b39d9-fd67-4cbb-8f78-f1c56914d278"},{"opacity":100,"flip":{"vertical":false,"horizontal":false},"rotationAngle":0,"lockAspectRatio":false,"backgroundTextMode":"NONE","font":{"family":"Poppins","fallbacks":["sans-serif"],"weights":[100,200,300,400,500,600,700,800,900],"styles":["italic","regular"],"variants":[[0,100],[1,100],[0,200],[1,200],[0,300],[1,300],[0,400],[1,400],[0,500],[1,500],[0,600],[1,600],[0,700],[1,700],[0,800],[1,800],[0,900],[1,900]],"service":"fonts.google.com","metrics":{"upm":1000,"asc":1050,"des":-350,"tAsc":1050,"tDes":-350,"tLGap":100,"wAsc":1135,"wDes":627,"xH":548,"capH":698,"yMin":-572,"yMax":1065,"hAsc":1050,"hDes":-350,"lGap":100}},"fontSize":24,"backgroundColor":{"color":{"r":196,"g":196,"b":196}},"lineHeight":1.2,"textAlign":"initial","padding":{"locked":true,"hasHiddenPadding":false,"horizontal":0,"vertical":0},"type":"text","content":"<span style=\"font-weight: 600; color: #fff\">Praia do Flamengo<\/span>","borderRadius":{"locked":true,"topLeft":2,"topRight":2,"bottomRight":2,"bottomLeft":2},"x":51,"y":326,"width":308,"height":34,"marginOffset":0.4781249999999986,"basedOn":"889021f7-fa70-4a15-8fab-c95ef569954e","id":"c1059e4d-f9ed-4d33-a6e2-dffba9ad488d"}],"animations":[{"id":"47586ed2-f827-4f50-a374-78ebcc60be69","type":"effect-drop","duration":1600,"delay":0,"targets":["9540aea1-0861-4559-8f91-68be7dbfd5b9"]},{"targets":["054b39d9-fd67-4cbb-8f78-f1c56914d278"],"id":"14efb9a1-b95a-474e-b9ca-99c9390763d0","type":"effect-fly-in","flyInDir":"leftToRight","duration":600,"delay":0},{"targets":["c1059e4d-f9ed-4d33-a6e2-dffba9ad488d"],"id":"b96413aa-c221-43e6-9c5d-6dbfc403ca2e","type":"effect-fly-in","flyInDir":"leftToRight","duration":600,"delay":0}],"backgroundColor":{"color":{"r":36,"g":88,"b":37}},"type":"page","id":"3e41d329-2044-4915-89f0-ec66e014ebc0","defaultBackgroundElement":{"opacity":100,"flip":{"vertical":false,"horizontal":false},"rotationAngle":0,"lockAspectRatio":true,"backgroundColor":{"color":{"r":196,"g":196,"b":196}},"x":1,"y":1,"width":1,"height":1,"mask":{"type":"rectangle"},"isBackground":true,"isDefaultBackground":true,"type":"shape","id":"d30996f6-74d0-4192-81c0-4c75833133d2"}},{"elements":[{"opacity":100,"flip":{"vertical":false,"horizontal":false},"rotationAngle":0,"lockAspectRatio":true,"x":1,"y":1,"width":1,"height":1,"mask":{"type":"rectangle"},"isBackground":true,"isDefaultBackground":true,"id":"e846e6b1-26f8-4708-8ddc-8a63932b26c5","type":"shape","basedOn":"8614f248-1812-4ef7-8273-01aec509edc2"},{"opacity":100,"flip":{"vertical":false,"horizontal":false},"rotationAngle":0,"lockAspectRatio":true,"backgroundTextMode":"NONE","font":{"family":"Poppins","fallbacks":["sans-serif"],"weights":[100,200,300,400,500,600,700,800,900],"styles":["italic","regular"],"variants":[[0,100],[1,100],[0,200],[1,200],[0,300],[1,300],[0,400],[1,400],[0,500],[1,500],[0,600],[1,600],[0,700],[1,700],[0,800],[1,800],[0,900],[1,900]],"service":"fonts.google.com","metrics":{"upm":1000,"asc":1050,"des":-350,"tAsc":1050,"tDes":-350,"tLGap":100,"wAsc":1135,"wDes":627,"xH":548,"capH":698,"yMin":-572,"yMax":1065,"hAsc":1050,"hDes":-350,"lGap":100}},"fontSize":27,"backgroundColor":{"color":{"r":255,"g":255,"b":255}},"lineHeight":1.1,"textAlign":"left","padding":{"locked":true,"hasHiddenPadding":false,"horizontal":0,"vertical":0},"type":"text","content":"<span style=\"font-weight: 600; color: #f8f9f5\">Saiba mais informa\u00e7\u00f5es sobre as praias de Salvador\/BA para decidir onde morar!<\/span>","borderRadius":{"locked":true,"topLeft":2,"topRight":2,"bottomRight":2,"bottomLeft":2},"width":293,"height":156,"basedOn":"0ee62297-ad0c-467d-9d70-5353f231cdc4","x":71,"y":336,"marginOffset":-11.699999999999989,"id":"2890fb4a-7df1-4269-9ffa-d235b58c7f79"},{"opacity":100,"flip":{"vertical":false,"horizontal":false},"rotationAngle":0,"lockAspectRatio":true,"scale":100,"focalX":50,"focalY":50,"resource":{"baseColor":"#938462","blurHash":"UBGuQ~z:0L9}bD}Wr?OrX+D%jF%MRl%MxaIp","type":"image","mimeType":"image\/jpeg","creationDate":"2022-03-29T13:12:21","src":"https:\/\/quintoandar.com.br\/guias\/wp-content\/uploads\/2022\/03\/image1-1-scaled.jpeg","width":2560,"height":1439,"id":435115,"alt":"image1","sizes":{"medium":{"file":"image1-1-300x169.jpeg","width":300,"height":169,"mimeType":"image\/jpeg","sourceUrl":"https:\/\/quintoandar.com.br\/guias\/wp-content\/uploads\/2022\/03\/image1-1-300x169.jpeg"},"large":{"file":"image1-1-1024x576.jpeg","width":1024,"height":576,"mimeType":"image\/jpeg","sourceUrl":"https:\/\/quintoandar.com.br\/guias\/wp-content\/uploads\/2022\/03\/image1-1-1024x576.jpeg"},"thumbnail":{"file":"image1-1-150x150.jpeg","width":150,"height":150,"mimeType":"image\/jpeg","sourceUrl":"https:\/\/quintoandar.com.br\/guias\/wp-content\/uploads\/2022\/03\/image1-1-150x150.jpeg"},"medium_large":{"file":"image1-1-768x432.jpeg","width":768,"height":432,"mimeType":"image\/jpeg","sourceUrl":"https:\/\/quintoandar.com.br\/guias\/wp-content\/uploads\/2022\/03\/image1-1-768x432.jpeg"},"1536x1536":{"file":"image1-1-1536x864.jpeg","width":1536,"height":864,"mimeType":"image\/jpeg","sourceUrl":"https:\/\/quintoandar.com.br\/guias\/wp-content\/uploads\/2022\/03\/image1-1-1536x864.jpeg"},"2048x2048":{"file":"image1-1-2048x1151.jpeg","width":2048,"height":1151,"mimeType":"image\/jpeg","sourceUrl":"https:\/\/quintoandar.com.br\/guias\/wp-content\/uploads\/2022\/03\/image1-1-2048x1151.jpeg"},"post-thumbnail":{"file":"image1-1-350x219.jpeg","width":350,"height":219,"mimeType":"image\/jpeg","sourceUrl":"https:\/\/quintoandar.com.br\/guias\/wp-content\/uploads\/2022\/03\/image1-1-350x219.jpeg"},"chamada-destaque":{"file":"image1-1-683x587.jpeg","width":683,"height":587,"mimeType":"image\/jpeg","sourceUrl":"https:\/\/quintoandar.com.br\/guias\/wp-content\/uploads\/2022\/03\/image1-1-683x587.jpeg"},"single-destaque":{"file":"image1-1-600x480.jpeg","width":600,"height":480,"mimeType":"image\/jpeg","sourceUrl":"https:\/\/quintoandar.com.br\/guias\/wp-content\/uploads\/2022\/03\/image1-1-600x480.jpeg"},"alm-thumbnail":{"file":"image1-1-150x150.jpeg","width":150,"height":150,"mimeType":"image\/jpeg","sourceUrl":"https:\/\/quintoandar.com.br\/guias\/wp-content\/uploads\/2022\/03\/image1-1-150x150.jpeg"},"wpvqgr-square-answer":{"file":"image1-1-300x300.jpeg","width":300,"height":300,"mimeType":"image\/jpeg","sourceUrl":"https:\/\/quintoandar.com.br\/guias\/wp-content\/uploads\/2022\/03\/image1-1-300x300.jpeg"},"web-stories-poster-portrait":{"file":"image1-1-640x853.jpeg","width":640,"height":853,"mimeType":"image\/jpeg","sourceUrl":"https:\/\/quintoandar.com.br\/guias\/wp-content\/uploads\/2022\/03\/image1-1-640x853.jpeg"},"web-stories-publisher-logo":{"file":"image1-1-96x96.jpeg","width":96,"height":96,"mimeType":"image\/jpeg","sourceUrl":"https:\/\/quintoandar.com.br\/guias\/wp-content\/uploads\/2022\/03\/image1-1-96x96.jpeg"},"web-stories-thumbnail":{"file":"image1-1-150x84.jpeg","width":150,"height":84,"mimeType":"image\/jpeg","sourceUrl":"https:\/\/quintoandar.com.br\/guias\/wp-content\/uploads\/2022\/03\/image1-1-150x84.jpeg"},"full":{"file":"image1-1-scaled.jpeg","width":2560,"height":1439,"mimeType":"image\/jpeg","sourceUrl":"https:\/\/quintoandar.com.br\/guias\/wp-content\/uploads\/2022\/03\/image1-1-scaled.jpeg"}},"isPlaceholder":false,"isOptimized":false,"isMuted":false,"isExternal":false,"needsProxy":false,"provider":"local"},"type":"image","x":0,"y":-87,"width":544,"height":307,"mask":{"type":"rectangle","showInLibrary":true,"name":"Ret\u00e2ngulo","path":"M 0,0 1,0 1,1 0,1 0,0 Z","ratio":1,"supportsBorder":true},"basedOn":"3a2e5c0b-9b24-4f55-bdaf-d759792e6f03","alt":"Ilustra\u00e7\u00e3o do stories sobre praias em Salvador  mostra uma pra\u00e7a de uma cidade com diferentes pessoas. Entre elas: um homem engravatado em uma bicicleta; uma m\u00e3e pegando uma crian\u00e7a no colo; um idoso sentado com uma sacola de mercado ao lado.","link":null,"id":"7516ecb7-5cf7-4f97-a95b-02c29f143028"}],"animations":[],"backgroundColor":{"color":{"r":36,"g":88,"b":37}},"type":"page","id":"a2b48a03-fac8-4c26-a9c0-af96cda262c5","defaultBackgroundElement":{"opacity":100,"flip":{"vertical":false,"horizontal":false},"rotationAngle":0,"lockAspectRatio":true,"backgroundColor":{"color":{"r":196,"g":196,"b":196}},"x":1,"y":1,"width":1,"height":1,"mask":{"type":"rectangle"},"isBackground":true,"isDefaultBackground":true,"type":"shape","id":"d30996f6-74d0-4192-81c0-4c75833133d2"},"pageAttachment":{"url":"https:\/\/quintoandar.com.br\/praias-de-salvador\/","icon":"https:\/\/quintoandar.com.br\/guias\/wp-content\/uploads\/2021\/12\/Praias-de-Salvador-Praia-de-Itapua-Foto-de-Andreia-Brandao-Turismo-Bahia.jpg","needsProxy":false,"ctaText":"Veja mais"}}],"autoAdvance":true,"defaultPageDuration":7,"currentStoryStyles":{"colors":[{"color":{"r":196,"g":196,"b":196}}]}},"story_poster":{"id":459238,"url":"https:\/\/www.quintoandar.com.br\/guias\/wp-content\/uploads\/2022\/11\/cropped-Praias-de-Salvador-Praia-de-Itapua-Foto-de-Andreia-Brandao-Turismo-Bahia-850x680-1-640x853.jpg","width":640,"height":853,"needsProxy":false},"_links":{"self":[{"href":"https:\/\/www.quintoandar.com.br\/guias\/wp-json\/web-stories\/v1\/web-story\/459228","targetHints":{"allow":["GET"]}}],"collection":[{"href":"https:\/\/www.quintoandar.com.br\/guias\/wp-json\/web-stories\/v1\/web-story"}],"about":[{"href":"https:\/\/www.quintoandar.com.br\/guias\/wp-json\/wp\/v2\/types\/web-story"}],"author":[{"embeddable":true,"href":"https:\/\/www.quintoandar.com.br\/guias\/wp-json\/web-stories\/v1\/users\/45"}],"version-history":[{"count":10,"href":"https:\/\/www.quintoandar.com.br\/guias\/wp-json\/web-stories\/v1\/web-story\/459228\/revisions"}],"predecessor-version":[{"id":459306,"href":"https:\/\/www.quintoandar.com.br\/guias\/wp-json\/web-stories\/v1\/web-story\/459228\/revisions\/459306"}],"wp:featuredmedia":[{"embeddable":true,"href":"https:\/\/www.quintoandar.com.br\/guias\/wp-json\/web-stories\/v1\/media\/459238"}],"wp:attachment":[{"href":"https:\/\/www.quintoandar.com.br\/guias\/wp-json\/web-stories\/v1\/media?parent=459228"}],"wp:term":[{"taxonomy":"web_story_category","embeddable":true,"href":"https:\/\/www.quintoandar.com.br\/guias\/wp-json\/web-stories\/v1\/web_story_category?post=459228"},{"taxonomy":"web_story_tag","embeddable":true,"href":"https:\/\/www.quintoandar.com.br\/guias\/wp-json\/web-stories\/v1\/web_story_tag?post=459228"}],"wp:lock":[{"embeddable":true,"href":"https:\/\/www.quintoandar.com.br\/guias\/wp-json\/web-stories\/v1\/web-story\/459228\/lock"}],"wp:publisherlogo":[{"embeddable":true,"href":"https:\/\/www.quintoandar.com.br\/guias\/wp-json\/web-stories\/v1\/media\/428798"}],"curies":[{"name":"wp","href":"https:\/\/api.w.org\/{rel}","templated":true}]}}