{"id":460162,"date":"2022-11-29T12:33:15","date_gmt":"2022-11-29T15:33:15","guid":{"rendered":"https:\/\/www.quintoandar.com.br\/guias\/?post_type=web-story&#038;p=460162"},"modified":"2023-04-24T15:13:13","modified_gmt":"2023-04-24T18:13:13","slug":"3-melhores-praias-santos","status":"publish","type":"web-story","link":"https:\/\/www.quintoandar.com.br\/guias\/web-stories\/3-melhores-praias-santos\/","title":{"rendered":"3 melhores praias de Santos"},"content":{"rendered":"<p><html amp=\"\" lang=\"en\"><head><meta charSet=\"utf-8\"\/><meta name=\"viewport\" content=\"width=device-width,minimum-scale=1,initial-scale=1\"\/><script async=\"\" src=\"https:\/\/cdn.ampproject.org\/v0.js\"><\/script><script async=\"\" src=\"https:\/\/cdn.ampproject.org\/v0\/amp-story-1.0.js\" custom-element=\"amp-story\"><\/script><script async=\"\" src=\"https:\/\/cdn.ampproject.org\/v0\/amp-video-0.1.js\" custom-element=\"amp-video\"><\/script><link href=\"https:\/\/fonts.googleapis.com\/css2?display=swap&amp;family=Poppins%3Awght%40400%3B600%3B700\" rel=\"stylesheet\"\/><noscript><\/noscript><meta name=\"web-stories-replace-head-start\"\/><title>3 melhores praias de Santos <\/title><link rel=\"canonical\" href=\"https:\/\/www.quintoandar.com.br\/guias\/?post_type=web-story&amp;p=460162\"\/><meta name=\"web-stories-replace-head-end\"\/><\/head><body><amp-story standalone=\"\" publisher=\"MeuLugar\" publisher-logo-src=\"https:\/\/www.quintoandar.com.br\/guias\/wp-content\/uploads\/2022\/01\/Logo_MeuLugar.png\" title=\"3 melhores praias de Santos \" poster-portrait-src=\"https:\/\/www.quintoandar.com.br\/guias\/wp-content\/uploads\/2021\/10\/cropped-Praia-de-Santos-em-SP-640x853.jpg\"><amp-story-page id=\"263f42bc-a79f-495c-96c8-15ded26152f5\" auto-advance-after=\"7s\"><amp-story-grid-layer template=\"vertical\" aspect-ratio=\"412:618\" class=\"grid-layer\"><\/p>\n<div class=\"page-fullbleed-area\" style=\"background-color:#245825\">\n<div class=\"page-safe-area\">\n<div style=\"position:absolute;pointer-events:none;left:0;top:-9.25926%;width:100%;height:118.51852%;opacity:1\">\n<div style=\"pointer-events:initial;width:100%;height:100%;display:block;position:absolute;top:0;left:0;z-index:0\" class=\"mask\" id=\"el-5e4c0825-cf1b-4ce6-b362-6dec3c39bb1b\">\n<div class=\"fill\" style=\"will-change:transform\"><\/div>\n<\/div>\n<\/div>\n<\/div>\n<\/div>\n<p><\/amp-story-grid-layer><amp-story-grid-layer template=\"vertical\" aspect-ratio=\"412:618\" class=\"grid-layer\"><\/p>\n<div class=\"page-fullbleed-area\">\n<div class=\"page-safe-area\">\n<div style=\"position:absolute;pointer-events:none;left:11.65049%;top:19.7411%;width:76.69903%;height:17.47573%;opacity:1\">\n<div style=\"pointer-events:initial;width:100%;height:100%;display:block;position:absolute;top:0;left:0;z-index:0;border-radius:0.6329113924050633% 0.6329113924050633% 0.6329113924050633% 0.6329113924050633% \/ 1.8518518518518516% 1.8518518518518516% 1.8518518518518516% 1.8518518518518516%\" id=\"el-3c610e28-eb19-4563-a420-3950da19ad2d\">\n<h2 class=\"fill text-wrapper\" style=\"white-space:pre-line;overflow-wrap:break-word;word-break:break-word;margin:1.4240506329113924% 0;font-family:&quot;Poppins&quot;,sans-serif;font-size:0.485437em;line-height:1.1;text-align:left;padding:0;color:#000000\"><span><span style=\"font-weight: 600; color: #f8f9f5\">Conhe\u00e7a as 3 melhores praias de Santos, litoral de SP!<\/span><\/span><\/h2>\n<\/div>\n<\/div>\n<div style=\"position:absolute;pointer-events:none;left:11.65049%;top:49.19094%;width:76.21359%;height:50.80906%;opacity:1\">\n<div style=\"pointer-events:initial;width:100%;height:100%;display:block;position:absolute;top:0;left:0;z-index:0\" class=\"mask\" id=\"el-ee0795d1-7930-4c6d-9924-605ff66db8fa\">\n<div class=\"fill\" style=\"background-color:#a3c7a1;will-change:transform\"><\/div>\n<\/div>\n<\/div>\n<div style=\"position:absolute;pointer-events:none;left:14.80583%;top:51.2945%;width:69.41748%;height:46.27832%;opacity:1\">\n<div style=\"pointer-events:initial;width:100%;height:100%;display:block;position:absolute;top:0;left:0;z-index:0;border-radius:0% 0% 0% 0% \/ 0% 0% 0% 0%\" class=\"mask\" id=\"el-2eadb7ee-ddcd-4d3b-a70c-3ca81c4c59fe\"><a href=\"https:\/\/www.quintoandar.com.br\/guias\/cidades\/melhores-praias-santos\/\" data-tooltip-icon=\"https:\/\/www.quintoandar.com.br\/guias\/wp-content\/uploads\/2021\/10\/melhores-praias-de-santos-1024x680.jpg\" data-tooltip-text=\"Conhe\u00e7a as 6 melhores praias de Santos\/SP\" target=\"_blank\" rel=\"noreferrer noopener\" style=\"width:100%;height:100%;display:block;position:absolute;top:0;left:0\"><\/p>\n<div style=\"position:absolute;width:115.34653%;height:100%;left:-7.67327%;top:0%\" data-leaf-element=\"true\"><amp-img layout=\"fill\" src=\"https:\/\/www.quintoandar.com.br\/guias\/wp-content\/uploads\/2022\/10\/Praia-de-Santos-em-SP-aspect-ratio-1500-1300.jpg\" alt=\"Foto que ilustra stories sobre melhores praias de Santos mostra vis\u00e3o panor\u00e2mica de Santos\" srcSet=\"https:\/\/www.quintoandar.com.br\/guias\/wp-content\/uploads\/2022\/10\/Praia-de-Santos-em-SP-aspect-ratio-1500-1300.jpg 1631w,https:\/\/www.quintoandar.com.br\/guias\/wp-content\/uploads\/2022\/10\/Praia-de-Santos-em-SP-aspect-ratio-1500-1300-1536x1332.jpg 1536w,https:\/\/www.quintoandar.com.br\/guias\/wp-content\/uploads\/2022\/10\/Praia-de-Santos-em-SP-aspect-ratio-1500-1300-1024x888.jpg 1024w,https:\/\/www.quintoandar.com.br\/guias\/wp-content\/uploads\/2022\/10\/Praia-de-Santos-em-SP-aspect-ratio-1500-1300-768x666.jpg 768w,https:\/\/www.quintoandar.com.br\/guias\/wp-content\/uploads\/2022\/10\/Praia-de-Santos-em-SP-aspect-ratio-1500-1300-300x260.jpg 300w,https:\/\/www.quintoandar.com.br\/guias\/wp-content\/uploads\/2022\/10\/Praia-de-Santos-em-SP-aspect-ratio-1500-1300-150x130.jpg 150w\" sizes=\"(min-width: 1024px) 31vh, 69vw\" disable-inline-width=\"true\"><\/amp-img><\/div>\n<p><\/a><\/div>\n<\/div>\n<div style=\"position:absolute;pointer-events:none;left:11.65049%;top:0;width:54.61165%;height:5.66343%;opacity:1\">\n<div style=\"pointer-events:initial;width:100%;height:100%;display:block;position:absolute;top:0;left:0;z-index:0\" class=\"mask\" id=\"el-d082c74c-3fa3-443a-8afc-1566b8cbf2d1\">\n<div style=\"position:absolute;width:100.0505%;height:100%;left:-0.02525%;top:0%\" data-leaf-element=\"true\"><amp-img layout=\"fill\" src=\"https:\/\/www.quintoandar.com.br\/guias\/wp-content\/uploads\/2022\/01\/image-17.png\" alt=\"image\" srcSet=\"https:\/\/www.quintoandar.com.br\/guias\/wp-content\/uploads\/2022\/01\/image-17.png 566w\" sizes=\"(min-width: 1024px) 25vh, 55vw\" disable-inline-width=\"true\"><\/amp-img><\/div>\n<\/div>\n<\/div>\n<\/div>\n<\/div>\n<p><\/amp-story-grid-layer><\/amp-story-page><amp-story-page id=\"97f1302f-1e63-474a-9a0c-67f1cf96346e\" auto-advance-after=\"7s\"><amp-story-grid-layer template=\"vertical\" aspect-ratio=\"412:618\" class=\"grid-layer\"><\/p>\n<div class=\"page-fullbleed-area\" style=\"background-color:#5063f8\">\n<div class=\"page-safe-area\">\n<div style=\"position:absolute;pointer-events:none;left:0;top:-9.25926%;width:100%;height:118.51852%;opacity:1\">\n<div style=\"pointer-events:initial;width:100%;height:100%;display:block;position:absolute;top:0;left:0;z-index:0\" class=\"mask\" id=\"el-d2b72a51-1e66-4949-8dca-7e94d60af9ce\">\n<div class=\"fill\" style=\"will-change:transform\"><\/div>\n<\/div>\n<\/div>\n<\/div>\n<\/div>\n<p><\/amp-story-grid-layer><amp-story-grid-layer template=\"vertical\" aspect-ratio=\"412:618\" class=\"grid-layer\"><\/p>\n<div class=\"page-fullbleed-area\">\n<div class=\"page-safe-area\">\n<div style=\"position:absolute;pointer-events:none;left:0;top:-9.2233%;width:100.24272%;height:60.67961%;opacity:1\">\n<div style=\"pointer-events:initial;width:100%;height:100%;display:block;position:absolute;top:0;left:0;z-index:0\" class=\"mask\" id=\"el-7ea6faf4-79c1-4c85-baa8-8f8f53550695\">\n<div class=\"fill\" style=\"background-color:#f8f9f5;will-change:transform\"><\/div>\n<\/div>\n<\/div>\n<div style=\"position:absolute;pointer-events:none;left:11.8932%;top:7.11974%;width:76.69903%;height:27.99353%;opacity:1\">\n<div style=\"pointer-events:initial;width:100%;height:100%;display:block;position:absolute;top:0;left:0;z-index:0\" id=\"el-8a26d018-0739-4342-b710-81b13a34441d\">\n<p class=\"fill text-wrapper\" style=\"white-space:pre-line;overflow-wrap:break-word;word-break:break-word;margin:0.9018987341772144% 0;font-family:&quot;Poppins&quot;,sans-serif;font-size:0.307443em;line-height:1.1;text-align:initial;padding:0;color:#000000\"><span>Quem pensa em se mudar para Santos n\u00e3o est\u00e1 em busca s\u00f3 de viver em umas das melhores cidades do Brasil, mas tamb\u00e9m de descanso e qualidade de vida pr\u00f3ximo \u00e0 praia.<\/p>\n<p>Faz parte desse time?<\/span><\/p>\n<\/div>\n<\/div>\n<div style=\"position:absolute;pointer-events:none;left:0;top:46.44013%;width:100.24272%;height:64.07767%;opacity:1\">\n<div style=\"pointer-events:initial;width:100%;height:100%;display:block;position:absolute;top:0;left:0;z-index:0\" class=\"mask\" id=\"el-21758096-c7b6-43d4-bc9f-fd2e9434d798\">\n<div class=\"fill\" style=\"background-color:#245825;will-change:transform\"><\/div>\n<\/div>\n<\/div>\n<div style=\"position:absolute;pointer-events:none;left:4.61165%;top:50%;width:90.53398%;height:56.14887%;opacity:1\">\n<div style=\"pointer-events:initial;width:100%;height:100%;display:block;position:absolute;top:0;left:0;z-index:0\" class=\"mask\" id=\"el-9e920425-d3be-4cc9-a9ee-914dc60cf5ba\">\n<div style=\"position:absolute;width:103.21521%;height:100%;left:-1.6076%;top:0%\" data-leaf-element=\"true\"><amp-video id=\"el-9e920425-d3be-4cc9-a9ee-914dc60cf5ba-media\" autoplay=\"autoplay\" loop=\"loop\" noaudio=\"noaudio\" poster=\"https:\/\/media.tenor.com\/dfffJzKYtV4AAAAe\/nodding-tom-and-jerry.png\" layout=\"fill\" alt=\"Foto que ilustra stories sobre melhores praias de Santos mostra um personagem de desenho animado concordando com a cabe\u00e7a\"><source type=\"video\/mp4\" src=\"https:\/\/media.tenor.com\/dfffJzKYtV4AAAPo\/nodding-tom-and-jerry.mp4\"\/><\/amp-video><\/div>\n<\/div>\n<\/div>\n<\/div>\n<\/div>\n<p><\/amp-story-grid-layer><\/amp-story-page><amp-story-page id=\"598fbba0-6500-431a-9f39-dd6d16478711\" auto-advance-after=\"7s\"><amp-story-grid-layer template=\"vertical\" aspect-ratio=\"412:618\" class=\"grid-layer\"><\/p>\n<div class=\"page-fullbleed-area\" style=\"background-color:#f8f9f5\">\n<div class=\"page-safe-area\">\n<div style=\"position:absolute;pointer-events:none;left:0;top:-9.25926%;width:100%;height:118.51852%;opacity:1\">\n<div style=\"pointer-events:initial;width:100%;height:100%;display:block;position:absolute;top:0;left:0;z-index:0\" class=\"mask\" id=\"el-9313a18f-fec2-49b4-8a28-a9ef7859c7de\">\n<div class=\"fill\" style=\"will-change:transform\"><\/div>\n<\/div>\n<\/div>\n<\/div>\n<\/div>\n<p><\/amp-story-grid-layer><amp-story-grid-layer template=\"vertical\" aspect-ratio=\"412:618\" class=\"grid-layer\"><\/p>\n<div class=\"page-fullbleed-area\">\n<div class=\"page-safe-area\">\n<div style=\"position:absolute;pointer-events:none;left:0;top:-9.87055%;width:100.24272%;height:62.78317%;opacity:1\">\n<div style=\"pointer-events:initial;width:100%;height:100%;display:block;position:absolute;top:0;left:0;z-index:0\" class=\"mask\" id=\"el-64d6f7be-4b72-4568-abba-9ce9906ac794\">\n<div class=\"fill\" style=\"background-color:#245825;will-change:transform\"><\/div>\n<\/div>\n<\/div>\n<div style=\"position:absolute;pointer-events:none;left:13.59223%;top:58.57605%;width:73.30097%;height:27.99353%;opacity:1\">\n<div style=\"pointer-events:initial;width:100%;height:100%;display:block;position:absolute;top:0;left:0;z-index:0\" id=\"el-3d7586c8-a0a8-4fe9-99df-9119a4373885\">\n<p class=\"fill text-wrapper\" style=\"white-space:pre-line;overflow-wrap:break-word;word-break:break-word;margin:0.9437086092715226% 0;font-family:&quot;Poppins&quot;,sans-serif;font-size:0.307443em;line-height:1.1;text-align:initial;padding:0;color:#000000\"><span>Se a resposta foi positiva, voc\u00ea precisa conhecer esses bel\u00edssimos espa\u00e7os de lazer e natureza ao ar livre!<\/p>\n<p>Veja quais as s\u00e3o as praias de uma das melhores cidades do litoral paulista:<\/span><\/p>\n<\/div>\n<\/div>\n<div style=\"position:absolute;pointer-events:none;left:4.36893%;top:-6.47249%;width:90.7767%;height:55.98706%;opacity:1\">\n<div style=\"pointer-events:initial;width:100%;height:100%;display:block;position:absolute;top:0;left:0;z-index:0\" class=\"mask\" id=\"el-4e1b01d0-e9db-46ca-9b8a-9a233410c463\">\n<div style=\"position:absolute;width:100%;height:108.09248%;left:0%;top:-4.04624%\" data-leaf-element=\"true\"><amp-video id=\"el-4e1b01d0-e9db-46ca-9b8a-9a233410c463-media\" autoplay=\"autoplay\" loop=\"loop\" noaudio=\"noaudio\" poster=\"https:\/\/media.tenor.com\/S-Jc8Q6IJTMAAAAe\/mrbean-bean.png\" layout=\"fill\" alt=\"Foto que ilustra stories sobre melhores praias de Santos mostra um personagem de filme de terno e com os p\u00e9s na \u00e1gua do mar.\"><source type=\"video\/mp4\" src=\"https:\/\/media.tenor.com\/S-Jc8Q6IJTMAAAPo\/mrbean-bean.mp4\"\/><\/amp-video><\/div>\n<\/div>\n<\/div>\n<\/div>\n<\/div>\n<p><\/amp-story-grid-layer><\/amp-story-page><amp-story-page id=\"bf9cf5ea-db34-4267-96b7-0b1e2fa49c57\" auto-advance-after=\"7s\"><amp-story-animation layout=\"nodisplay\" trigger=\"visibility\"><script type=\"application\/json\">[{\"selector\":\"#anim-f6ab9756-8c11-4f2c-9766-2db35a652d0b\",\"keyframes\":[{\"offset\":0,\"transform\":\"translate3d(0, -170.29846%, 0)\",\"easing\":\"cubic-bezier(.5, 0, 1, 1)\"},{\"offset\":0.29,\"transform\":\"translate3d(0, 0%, 0)\",\"easing\":\"cubic-bezier(0, 0, .5, 1)\"},{\"offset\":0.45,\"transform\":\"translate3d(0, -47.887926952%, 0)\",\"easing\":\"cubic-bezier(.5, 0, 1, 1)\"},{\"offset\":0.61,\"transform\":\"translate3d(0, 0%, 0)\",\"easing\":\"cubic-bezier(0, 0, .5, 1)\"},{\"offset\":0.71,\"transform\":\"translate3d(0, -16.280532776%, 0)\",\"easing\":\"cubic-bezier(.5, 0, 1, 1)\"},{\"offset\":0.8,\"transform\":\"translate3d(0, 0%, 0)\",\"easing\":\"cubic-bezier(0, 0, .5, 1)\"},{\"offset\":0.85,\"transform\":\"translate3d(0, -6.113714714%, 0)\",\"easing\":\"cubic-bezier(.5, 0, 1, 1)\"},{\"offset\":0.92,\"transform\":\"translate3d(0, 0%, 0)\",\"easing\":\"cubic-bezier(0, 0, .5, 1)\"},{\"offset\":0.96,\"transform\":\"translate3d(0, -2.656655976%, 0)\",\"easing\":\"cubic-bezier(.5, 0, 1, 1)\"},{\"offset\":1,\"transform\":\"translate3d(0, 0%, 0)\",\"easing\":\"cubic-bezier(0, 0, .5, 1)\"}],\"delay\":0,\"duration\":1600,\"fill\":\"both\"}]<\/script><\/amp-story-animation><amp-story-grid-layer template=\"vertical\" aspect-ratio=\"412:618\" class=\"grid-layer\"><\/p>\n<div class=\"page-fullbleed-area\" style=\"background-color:#245825\">\n<div class=\"page-safe-area\">\n<div style=\"position:absolute;pointer-events:none;left:0;top:-9.25926%;width:100%;height:118.51852%;opacity:1\">\n<div style=\"pointer-events:initial;width:100%;height:100%;display:block;position:absolute;top:0;left:0;z-index:0\" class=\"mask\" id=\"el-7faa0e9c-d006-4c0a-a1b2-8a8374fb1b72\">\n<div class=\"fill\" style=\"will-change:transform\"><\/div>\n<\/div>\n<\/div>\n<\/div>\n<\/div>\n<p><\/amp-story-grid-layer><amp-story-grid-layer template=\"vertical\" aspect-ratio=\"412:618\" class=\"grid-layer\"><\/p>\n<div class=\"page-fullbleed-area\">\n<div class=\"page-safe-area\">\n<div style=\"position:absolute;pointer-events:none;left:11.65049%;top:0;width:77.18447%;height:50%;opacity:1\">\n<div id=\"anim-f6ab9756-8c11-4f2c-9766-2db35a652d0b\" class=\"animation-wrapper\" style=\"width:100%;height:100%;display:block;position:absolute;top:0;left:0;--initial-opacity:1;--initial-transform:translate3d(0, -170.29846%, 0)\">\n<div style=\"pointer-events:initial;width:100%;height:100%;display:block;position:absolute;top:0;left:0;z-index:0\" class=\"mask\" id=\"el-ea61f278-9f49-46d5-aec0-a2e738233148\">\n<div style=\"position:absolute;width:130.13813%;height:100%;left:-15.06907%;top:0%\" data-leaf-element=\"true\"><amp-video id=\"el-ea61f278-9f49-46d5-aec0-a2e738233148-media\" autoplay=\"autoplay\" loop=\"loop\" noaudio=\"noaudio\" poster=\"https:\/\/media.tenor.com\/7l4HC5krUzAAAAAe\/sea-beach.png\" layout=\"fill\" alt=\"Foto que ilustra stories sobre melhores praias de Santos mostra ondas na \u00e1gua do mar.\"><source type=\"video\/mp4\" src=\"https:\/\/media.tenor.com\/7l4HC5krUzAAAAPo\/sea-beach.mp4\"\/><\/amp-video><\/div>\n<\/div>\n<\/div>\n<\/div>\n<div style=\"position:absolute;pointer-events:none;left:14.56311%;top:58.73786%;width:67.23301%;height:41.26214%;opacity:1\">\n<div style=\"pointer-events:initial;width:100%;height:100%;display:block;position:absolute;top:0;left:0;z-index:0;border-radius:0.7220216606498195% 0.7220216606498195% 0.7220216606498195% 0.7220216606498195% \/ 0.7843137254901961% 0.7843137254901961% 0.7843137254901961% 0.7843137254901961%\" id=\"el-304d2695-39c9-4dd1-abd6-a4c9d790065d\">\n<p class=\"fill text-wrapper\" style=\"white-space:pre-line;overflow-wrap:break-word;word-break:break-word;margin:0.685920577617328% 0;font-family:&quot;Poppins&quot;,sans-serif;font-size:0.307443em;line-height:1.2;text-align:initial;padding:0;color:#000000\"><span><span style=\"color: #f8f9f5\">A praia do Gonzaga \u00e9<\/span><br \/>\n<span style=\"color: #f8f9f5\">a mais frequentada pelos turistas que aproveitam as v\u00e1rias op\u00e7\u00f5es de hospedagem do bairro e a culin\u00e1ria local.&nbsp;<\/span><br \/>\n<span style=\"color: #f8f9f5\">Ali\u00e1s, \u00e9 comum ver pessoas locais e turistas se divertindo praticando futev\u00f4lei, frescobol, v\u00f4lei de praia e outras modalidades por ali.<\/span><\/span><\/p>\n<\/div>\n<\/div>\n<div style=\"position:absolute;pointer-events:none;left:14.32039%;top:52.91262%;width:67.23301%;height:4.85437%;opacity:1\">\n<div style=\"pointer-events:initial;width:100%;height:100%;display:block;position:absolute;top:0;left:0;z-index:0;border-radius:0.7220216606498195% 0.7220216606498195% 0.7220216606498195% 0.7220216606498195% \/ 6.666666666666667% 6.666666666666667% 6.666666666666667% 6.666666666666667%\" id=\"el-98fae2b0-7a31-4065-9f31-d106ca5d7947\">\n<h3 class=\"fill text-wrapper\" style=\"white-space:pre-line;overflow-wrap:break-word;word-break:break-word;margin:0.7942238267148011% 0;font-family:&quot;Poppins&quot;,sans-serif;font-size:0.355987em;line-height:1.2;text-align:initial;padding:0;color:#000000\"><span><span style=\"font-weight: 700; color: #f8f9f5\">1. Praia do Gonzaga<\/span><\/span><\/h3>\n<\/div>\n<\/div>\n<\/div>\n<\/div>\n<p><\/amp-story-grid-layer><\/amp-story-page><amp-story-page id=\"36556ec4-132f-4654-abb5-0f3f5a476d24\" auto-advance-after=\"7s\"><amp-story-animation layout=\"nodisplay\" trigger=\"visibility\"><script type=\"application\/json\">[{\"selector\":\"#anim-eca4de48-3e42-4096-8284-a23d6a93de65\",\"keyframes\":[{\"offset\":0,\"transform\":\"translate3d(0, -170.29846%, 0)\",\"easing\":\"cubic-bezier(.5, 0, 1, 1)\"},{\"offset\":0.29,\"transform\":\"translate3d(0, 0%, 0)\",\"easing\":\"cubic-bezier(0, 0, .5, 1)\"},{\"offset\":0.45,\"transform\":\"translate3d(0, -47.887926952%, 0)\",\"easing\":\"cubic-bezier(.5, 0, 1, 1)\"},{\"offset\":0.61,\"transform\":\"translate3d(0, 0%, 0)\",\"easing\":\"cubic-bezier(0, 0, .5, 1)\"},{\"offset\":0.71,\"transform\":\"translate3d(0, -16.280532776%, 0)\",\"easing\":\"cubic-bezier(.5, 0, 1, 1)\"},{\"offset\":0.8,\"transform\":\"translate3d(0, 0%, 0)\",\"easing\":\"cubic-bezier(0, 0, .5, 1)\"},{\"offset\":0.85,\"transform\":\"translate3d(0, -6.113714714%, 0)\",\"easing\":\"cubic-bezier(.5, 0, 1, 1)\"},{\"offset\":0.92,\"transform\":\"translate3d(0, 0%, 0)\",\"easing\":\"cubic-bezier(0, 0, .5, 1)\"},{\"offset\":0.96,\"transform\":\"translate3d(0, -2.656655976%, 0)\",\"easing\":\"cubic-bezier(.5, 0, 1, 1)\"},{\"offset\":1,\"transform\":\"translate3d(0, 0%, 0)\",\"easing\":\"cubic-bezier(0, 0, .5, 1)\"}],\"delay\":0,\"duration\":1600,\"fill\":\"both\"}]<\/script><\/amp-story-animation><amp-story-grid-layer template=\"vertical\" aspect-ratio=\"412:618\" class=\"grid-layer\"><\/p>\n<div class=\"page-fullbleed-area\" style=\"background-color:#245825\">\n<div class=\"page-safe-area\">\n<div style=\"position:absolute;pointer-events:none;left:0;top:-9.25926%;width:100%;height:118.51852%;opacity:1\">\n<div style=\"pointer-events:initial;width:100%;height:100%;display:block;position:absolute;top:0;left:0;z-index:0\" class=\"mask\" id=\"el-4915a3b4-cae1-49d9-a4f8-90228d83ec9f\">\n<div class=\"fill\" style=\"will-change:transform\"><\/div>\n<\/div>\n<\/div>\n<\/div>\n<\/div>\n<p><\/amp-story-grid-layer><amp-story-grid-layer template=\"vertical\" aspect-ratio=\"412:618\" class=\"grid-layer\"><\/p>\n<div class=\"page-fullbleed-area\">\n<div class=\"page-safe-area\">\n<div style=\"position:absolute;pointer-events:none;left:11.65049%;top:0;width:77.18447%;height:50%;opacity:1\">\n<div id=\"anim-eca4de48-3e42-4096-8284-a23d6a93de65\" class=\"animation-wrapper\" style=\"width:100%;height:100%;display:block;position:absolute;top:0;left:0;--initial-opacity:1;--initial-transform:translate3d(0, -170.29846%, 0)\">\n<div style=\"pointer-events:initial;width:100%;height:100%;display:block;position:absolute;top:0;left:0;z-index:0\" class=\"mask\" id=\"el-97514909-f0d9-45f0-b72b-5dcbc5e9458b\">\n<div style=\"position:absolute;width:100%;height:103.74593%;left:0%;top:-1.87296%\" data-leaf-element=\"true\"><amp-video id=\"el-97514909-f0d9-45f0-b72b-5dcbc5e9458b-media\" autoplay=\"autoplay\" loop=\"loop\" noaudio=\"noaudio\" poster=\"https:\/\/media.tenor.com\/rvVs0VehlhcAAAAe\/nice-day-our-earth.png\" layout=\"fill\" alt=\"Foto que ilustra stories sobre melhores praias de Santos mostra ondas na \u00e1gua do mar.\"><source type=\"video\/mp4\" src=\"https:\/\/media.tenor.com\/rvVs0VehlhcAAAPo\/nice-day-our-earth.mp4\"\/><\/amp-video><\/div>\n<\/div>\n<\/div>\n<\/div>\n<div style=\"position:absolute;pointer-events:none;left:12.62136%;top:59.54693%;width:75.24272%;height:33.65696%;opacity:1\">\n<div style=\"pointer-events:initial;width:100%;height:100%;display:block;position:absolute;top:0;left:0;z-index:0;border-radius:0.6451612903225806% 0.6451612903225806% 0.6451612903225806% 0.6451612903225806% \/ 0.9615384615384616% 0.9615384615384616% 0.9615384615384616% 0.9615384615384616%\" id=\"el-ca1c5abd-b352-462b-8bf8-811bbad0780e\">\n<p class=\"fill text-wrapper\" style=\"white-space:pre-line;overflow-wrap:break-word;word-break:break-word;margin:0.6129032258064511% 0;font-family:&quot;Poppins&quot;,sans-serif;font-size:0.307443em;line-height:1.2;text-align:initial;padding:0;color:#000000\"><span><span style=\"color: #f8f9f5\">A praia do Boqueir\u00e3o \u00e9 uma das praias com melhor infraestrutura para os turistas e moradores, j\u00e1 que tamb\u00e9m est\u00e1 na regi\u00e3o central da cidade.<\/span><br \/>\n<span style=\"color: #f8f9f5\">\u00c9 na praia do Boqueir\u00e3o que fica tamb\u00e9m a feirinha, para aqueles que n\u00e3o dispensam uma lembrancinha.<\/span><\/span><\/p>\n<\/div>\n<\/div>\n<div style=\"position:absolute;pointer-events:none;left:14.32039%;top:52.91262%;width:67.23301%;height:4.85437%;opacity:1\">\n<div style=\"pointer-events:initial;width:100%;height:100%;display:block;position:absolute;top:0;left:0;z-index:0;border-radius:0.7220216606498195% 0.7220216606498195% 0.7220216606498195% 0.7220216606498195% \/ 6.666666666666667% 6.666666666666667% 6.666666666666667% 6.666666666666667%\" id=\"el-7d5810ef-4131-4b7c-bce2-0ed6b06e6569\">\n<h3 class=\"fill text-wrapper\" style=\"white-space:pre-line;overflow-wrap:break-word;word-break:break-word;margin:0.7942238267148011% 0;font-family:&quot;Poppins&quot;,sans-serif;font-size:0.355987em;line-height:1.2;text-align:initial;padding:0;color:#000000\"><span><span style=\"font-weight: 700; color: #f8f9f5\">2. Praia do Boqueir\u00e3o<\/span><\/span><\/h3>\n<\/div>\n<\/div>\n<\/div>\n<\/div>\n<p><\/amp-story-grid-layer><\/amp-story-page><amp-story-page id=\"31549508-2088-44af-8193-e15a878262f7\" auto-advance-after=\"7s\"><amp-story-animation layout=\"nodisplay\" trigger=\"visibility\"><script type=\"application\/json\">[{\"selector\":\"#anim-8bd41adf-5793-4d64-a3ac-d417985236bf\",\"keyframes\":[{\"offset\":0,\"transform\":\"translate3d(0, -170.29846%, 0)\",\"easing\":\"cubic-bezier(.5, 0, 1, 1)\"},{\"offset\":0.29,\"transform\":\"translate3d(0, 0%, 0)\",\"easing\":\"cubic-bezier(0, 0, .5, 1)\"},{\"offset\":0.45,\"transform\":\"translate3d(0, -47.887926952%, 0)\",\"easing\":\"cubic-bezier(.5, 0, 1, 1)\"},{\"offset\":0.61,\"transform\":\"translate3d(0, 0%, 0)\",\"easing\":\"cubic-bezier(0, 0, .5, 1)\"},{\"offset\":0.71,\"transform\":\"translate3d(0, -16.280532776%, 0)\",\"easing\":\"cubic-bezier(.5, 0, 1, 1)\"},{\"offset\":0.8,\"transform\":\"translate3d(0, 0%, 0)\",\"easing\":\"cubic-bezier(0, 0, .5, 1)\"},{\"offset\":0.85,\"transform\":\"translate3d(0, -6.113714714%, 0)\",\"easing\":\"cubic-bezier(.5, 0, 1, 1)\"},{\"offset\":0.92,\"transform\":\"translate3d(0, 0%, 0)\",\"easing\":\"cubic-bezier(0, 0, .5, 1)\"},{\"offset\":0.96,\"transform\":\"translate3d(0, -2.656655976%, 0)\",\"easing\":\"cubic-bezier(.5, 0, 1, 1)\"},{\"offset\":1,\"transform\":\"translate3d(0, 0%, 0)\",\"easing\":\"cubic-bezier(0, 0, .5, 1)\"}],\"delay\":0,\"duration\":1600,\"fill\":\"both\"}]<\/script><\/amp-story-animation><amp-story-grid-layer template=\"vertical\" aspect-ratio=\"412:618\" class=\"grid-layer\"><\/p>\n<div class=\"page-fullbleed-area\" style=\"background-color:#245825\">\n<div class=\"page-safe-area\">\n<div style=\"position:absolute;pointer-events:none;left:0;top:-9.25926%;width:100%;height:118.51852%;opacity:1\">\n<div style=\"pointer-events:initial;width:100%;height:100%;display:block;position:absolute;top:0;left:0;z-index:0\" class=\"mask\" id=\"el-6664fea9-74ac-4f71-900e-3800d86a3445\">\n<div class=\"fill\" style=\"will-change:transform\"><\/div>\n<\/div>\n<\/div>\n<\/div>\n<\/div>\n<p><\/amp-story-grid-layer><amp-story-grid-layer template=\"vertical\" aspect-ratio=\"412:618\" class=\"grid-layer\"><\/p>\n<div class=\"page-fullbleed-area\">\n<div class=\"page-safe-area\">\n<div style=\"position:absolute;pointer-events:none;left:11.65049%;top:0;width:77.18447%;height:50%;opacity:1\">\n<div id=\"anim-8bd41adf-5793-4d64-a3ac-d417985236bf\" class=\"animation-wrapper\" style=\"width:100%;height:100%;display:block;position:absolute;top:0;left:0;--initial-opacity:1;--initial-transform:translate3d(0, -170.29846%, 0)\">\n<div style=\"pointer-events:initial;width:100%;height:100%;display:block;position:absolute;top:0;left:0;z-index:0\" class=\"mask\" id=\"el-c45d2916-3f17-4250-8812-47ce6571f67c\">\n<div style=\"position:absolute;width:101.44772%;height:100%;left:-0.72386%;top:0%\" data-leaf-element=\"true\"><amp-video id=\"el-c45d2916-3f17-4250-8812-47ce6571f67c-media\" autoplay=\"autoplay\" loop=\"loop\" noaudio=\"noaudio\" poster=\"https:\/\/media.tenor.com\/6TboM0jGC64AAAAe\/beach-day.png\" layout=\"fill\" alt=\"Foto que ilustra stories sobre melhores praias de Santos mostra ondas na \u00e1gua do mar.\"><source type=\"video\/mp4\" src=\"https:\/\/media.tenor.com\/6TboM0jGC64AAAPo\/beach-day.mp4\"\/><\/amp-video><\/div>\n<\/div>\n<\/div>\n<\/div>\n<div style=\"position:absolute;pointer-events:none;left:14.32039%;top:59.54693%;width:75%;height:30.09709%;opacity:1\">\n<div style=\"pointer-events:initial;width:100%;height:100%;display:block;position:absolute;top:0;left:0;z-index:0;border-radius:0.6472491909385114% 0.6472491909385114% 0.6472491909385114% 0.6472491909385114% \/ 1.0752688172043012% 1.0752688172043012% 1.0752688172043012% 1.0752688172043012%\" id=\"el-92b0a3c0-dd2e-4398-b1c5-85e52cc62ec5\">\n<p class=\"fill text-wrapper\" style=\"white-space:pre-line;overflow-wrap:break-word;word-break:break-word;margin:0.6148867313915853% 0;font-family:&quot;Poppins&quot;,sans-serif;font-size:0.307443em;line-height:1.2;text-align:initial;padding:0;color:#000000\"><span><span style=\"color: #f8f9f5\">A Praia do Embar\u00e9 \u00e9 considerada a praia dos jovens em Santos.&nbsp;<\/span><br \/>\n<span style=\"color: #f8f9f5\">A orla da Praia do Embar\u00e9 \u00e9 onde fica a Bas\u00edlica Santo Ant\u00f4nio do Embar\u00e9, importante local religioso de arquitetura imponente e estilo g\u00f3tico.<\/span><\/span><\/p>\n<\/div>\n<\/div>\n<div style=\"position:absolute;pointer-events:none;left:14.32039%;top:52.91262%;width:67.23301%;height:4.85437%;opacity:1\">\n<div style=\"pointer-events:initial;width:100%;height:100%;display:block;position:absolute;top:0;left:0;z-index:0;border-radius:0.7220216606498195% 0.7220216606498195% 0.7220216606498195% 0.7220216606498195% \/ 6.666666666666667% 6.666666666666667% 6.666666666666667% 6.666666666666667%\" id=\"el-ef27d482-f3a7-49e2-a98d-33b31afb37e0\">\n<h3 class=\"fill text-wrapper\" style=\"white-space:pre-line;overflow-wrap:break-word;word-break:break-word;margin:0.7942238267148011% 0;font-family:&quot;Poppins&quot;,sans-serif;font-size:0.355987em;line-height:1.2;text-align:initial;padding:0;color:#000000\"><span><span style=\"font-weight: 700; color: #f8f9f5\">3. Praia do Embar\u00e9<\/span><\/span><\/h3>\n<\/div>\n<\/div>\n<\/div>\n<\/div>\n<p><\/amp-story-grid-layer><\/amp-story-page><amp-story-page id=\"a2b48a03-fac8-4c26-a9c0-af96cda262c5\" auto-advance-after=\"7s\"><amp-story-grid-layer template=\"vertical\" aspect-ratio=\"412:618\" class=\"grid-layer\"><\/p>\n<div class=\"page-fullbleed-area\" style=\"background-color:#245825\">\n<div class=\"page-safe-area\">\n<div style=\"position:absolute;pointer-events:none;left:0;top:-9.25926%;width:100%;height:118.51852%;opacity:1\">\n<div style=\"pointer-events:initial;width:100%;height:100%;display:block;position:absolute;top:0;left:0;z-index:0\" class=\"mask\" id=\"el-e846e6b1-26f8-4708-8ddc-8a63932b26c5\">\n<div class=\"fill\" style=\"will-change:transform\"><\/div>\n<\/div>\n<\/div>\n<\/div>\n<\/div>\n<p><\/amp-story-grid-layer><amp-story-grid-layer template=\"vertical\" aspect-ratio=\"412:618\" class=\"grid-layer\"><\/p>\n<div class=\"page-fullbleed-area\">\n<div class=\"page-safe-area\">\n<div style=\"position:absolute;pointer-events:none;left:11.65049%;top:47.57282%;width:76.94175%;height:25.40453%;opacity:1\">\n<div style=\"pointer-events:initial;width:100%;height:100%;display:block;position:absolute;top:0;left:0;z-index:0;border-radius:0.6309148264984227% 0.6309148264984227% 0.6309148264984227% 0.6309148264984227% \/ 1.2738853503184715% 1.2738853503184715% 1.2738853503184715% 1.2738853503184715%\" id=\"el-2890fb4a-7df1-4269-9ffa-d235b58c7f79\">\n<h2 class=\"fill text-wrapper\" style=\"white-space:pre-line;overflow-wrap:break-word;word-break:break-word;margin:1.2776025236593052% 0;font-family:&quot;Poppins&quot;,sans-serif;font-size:0.436893em;line-height:1.1;text-align:left;padding:0;color:#000000\"><span><span style=\"font-weight: 600; color: #f8f9f5\">Descubra mais informa\u00e7\u00f5es sobre as melhores praias de Santos para decidir&nbsp;<\/span><br \/>\n<span style=\"font-weight: 600; color: #f8f9f5\">onde morar!<\/span><\/span><\/h2>\n<\/div>\n<\/div>\n<div style=\"position:absolute;pointer-events:none;left:0;top:-14.23948%;width:132.03883%;height:49.67638%;opacity:1\">\n<div style=\"pointer-events:initial;width:100%;height:100%;display:block;position:absolute;top:0;left:0;z-index:0\" class=\"mask\" id=\"el-7516ecb7-5cf7-4f97-a95b-02c29f143028\">\n<div style=\"position:absolute;width:100.39653%;height:100%;left:-0.19827%;top:0%\" data-leaf-element=\"true\"><amp-img layout=\"fill\" src=\"https:\/\/www.quintoandar.com.br\/guias\/wp-content\/uploads\/2022\/03\/image1-1-scaled.jpeg\" alt=\"ilustra\u00e7\u00e3o de stories sobre melhores praias de Santos mostra pessoas convivendo em uma pra\u00e7a\" srcSet=\"https:\/\/www.quintoandar.com.br\/guias\/wp-content\/uploads\/2022\/03\/image1-1-scaled.jpeg 2560w,https:\/\/www.quintoandar.com.br\/guias\/wp-content\/uploads\/2022\/03\/image1-1-2048x1151.jpeg 2048w,https:\/\/www.quintoandar.com.br\/guias\/wp-content\/uploads\/2022\/03\/image1-1-1536x864.jpeg 1536w,https:\/\/www.quintoandar.com.br\/guias\/wp-content\/uploads\/2022\/03\/image1-1-1024x576.jpeg 1024w,https:\/\/www.quintoandar.com.br\/guias\/wp-content\/uploads\/2022\/03\/image1-1-768x432.jpeg 768w,https:\/\/www.quintoandar.com.br\/guias\/wp-content\/uploads\/2022\/03\/image1-1-300x169.jpeg 300w,https:\/\/www.quintoandar.com.br\/guias\/wp-content\/uploads\/2022\/03\/image1-1-150x84.jpeg 150w\" sizes=\"(min-width: 1024px) 59vh, 132vw\" disable-inline-width=\"true\"><\/amp-img><\/div>\n<\/div>\n<\/div>\n<\/div>\n<\/div>\n<p><\/amp-story-grid-layer><amp-story-page-outlink layout=\"nodisplay\"><a href=\"https:\/\/www.quintoandar.com.br\/guias\/cidades\/melhores-praias-santos\/\" rel=\"\">Arraste aqui<\/a><\/amp-story-page-outlink><\/amp-story-page><\/amp-story><\/body><\/html><\/p>\n<style class=\"advgb-styles-renderer\">body{-webkit-animation:-amp-start 8s steps(1,end) 0s 1 normal both;-moz-animation:-amp-start 8s steps(1,end) 0s 1 normal both;-ms-animation:-amp-start 8s steps(1,end) 0s 1 normal both;animation:-amp-start 8s steps(1,end) 0s 1 normal both}@-webkit-keyframes -amp-start{from{visibility:hidden}to{visibility:visible}}@-moz-keyframes -amp-start{from{visibility:hidden}to{visibility:visible}}@-ms-keyframes -amp-start{from{visibility:hidden}to{visibility:visible}}@-o-keyframes -amp-start{from{visibility:hidden}to{visibility:visible}}@keyframes -amp-start{from{visibility:hidden}to{visibility:visible}}body{-webkit-animation:none;-moz-animation:none;-ms-animation:none;animation:none}\n              h1, h2, h3 { font-weight: normal; }<\/p>\n<p>              amp-story-page {\n                background-color: #131516;\n              }<\/p>\n<p>              amp-story-grid-layer {\n                overflow: visible;\n              }<\/p>\n<p>              @media (max-aspect-ratio: 9 \/ 16)  {\n                @media (min-aspect-ratio: 320 \/ 678) {\n                  amp-story-grid-layer.grid-layer {\n                    margin-top: calc((100% \/ 0.5625 - 100% \/ 0.6666666666666666) \/ 2);\n                  }\n                }\n              }<\/p>\n<p>              @media not all and (min-resolution:.001dpcm) {\n                @media {\n                  p.text-wrapper > span {\n                    font-size: calc(100% - 0.5px);\n                  }\n                }\n              }<\/p>\n<p>              .page-fullbleed-area,\n              .page-background-overlay-area {\n                position: absolute;\n                overflow: hidden;\n                width: 100%;\n                left: 0;\n                height: calc(1.1851851851851851 * 100%);\n                top: calc((1 - 1.1851851851851851) * 100% \/ 2);\n              }<\/p>\n<p>              .element-overlay-area {\n                position: absolute;\n                width: 100%;\n                height: 100%;\n                top: 0;\n                left: 0;\n              }<\/p>\n<p>              .page-safe-area {\n                overflow: visible;\n                position: absolute;\n                top: 0;\n                bottom: 0;\n                left: 0;\n                right: 0;\n                width: 100%;\n                height: calc(0.84375 * 100%);\n                margin: auto 0;\n              }<\/p>\n<p>              .mask {\n                position: absolute;\n                overflow: hidden;\n              }<\/p>\n<p>              .fill {\n                position: absolute;\n                top: 0;\n                left: 0;\n                right: 0;\n                bottom: 0;\n                margin: 0;\n              }<\/p>\n<p>              @media (prefers-reduced-motion: no-preference) {\n                .animation-wrapper {\n                  opacity: var(--initial-opacity);\n                  transform: var(--initial-transform);\n                }\n              }<\/p>\n<p>              amp-story-grid-layer.align-bottom {\n                align-content: end;\n                padding: 0;\n              }<\/p>\n<p>              .captions-area {\n                padding: 0 32px 0;\n              }<\/p>\n<p>              amp-story-captions {\n                margin-bottom: 16px;\n                text-align: center;\n              }<\/p>\n<p>              amp-story-captions span {\n                display: inline-block;\n                margin: 0;\n                padding: 6px 12px;\n                vertical-align: middle;\n                border-radius: 15px;\n                background: rgba(11, 11, 11, 0.6);\n                color: rgba(255, 255, 255, 1);\n                font-family: -apple-system, BlinkMacSystemFont, \"Segoe UI\", Roboto, Oxygen-Sans, Ubuntu, Cantarell, \"Helvetica Neue\", sans-serif;;\n                font-size: calc(4 * var(--story-page-vw));\n                line-height: 1.4;\n                word-break: break-word;\n                word-wrap: break-word;\n                overflow-wrap: break-word;\n              }\n              <\/style>\n<div style='text-align:left' class='yasr-auto-insert-visitor'><\/div>","protected":false},"excerpt":{"rendered":"<p>J\u00e1 pensou em morar perto de uma das melhores praias de Santos? Ent\u00e3o conhe\u00e7a um pouco sobre as 3 melhores da cidade do litoral paulista!<\/p>\n","protected":false},"author":45,"featured_media":460168,"template":"","meta":{"_acf_changed":false,"resume_ai_summary":"","resume_ai_faq":[],"resume_ai_related_posts":[],"resume_ai_schema_generator_schema":"","resume_ai_schema_generator_approved":0,"advgb_blocks_editor_width":"","advgb_blocks_columns_visual_guide":"","yasr_overall_rating":0,"yasr_post_is_review":"","yasr_auto_insert_disabled":"","yasr_review_type":"","web_stories_publisher_logo":428798,"web_stories_poster":[],"web_stories_products":[],"footnotes":""},"web_story_category":[],"web_story_tag":[],"class_list":["post-460162","web-story","type-web-story","status-publish","has-post-thumbnail","hentry"],"yoast_head":"<!-- This site is optimized with the Yoast SEO Premium plugin v26.9 (Yoast SEO v27.3) - https:\/\/yoast.com\/product\/yoast-seo-premium-wordpress\/ -->\n<title>3 melhores praias de Santos - QuintoAndar Guias<\/title>\n<meta name=\"description\" content=\"J\u00e1 pensou em morar perto de uma das melhores praias de Santos? Ent\u00e3o conhe\u00e7a um pouco sobre as 3 melhores da cidade do litoral paulista!\" \/>\n<meta name=\"robots\" content=\"index, follow, max-snippet:-1, max-image-preview:large, max-video-preview:-1\" \/>\n<link rel=\"canonical\" href=\"https:\/\/www.quintoandar.com.br\/guias\/web-stories\/3-melhores-praias-santos\/\" \/>\n<meta property=\"og:locale\" content=\"pt_BR\" \/>\n<meta property=\"og:type\" content=\"article\" \/>\n<meta property=\"og:title\" content=\"3 melhores praias de Santos\" \/>\n<meta property=\"og:description\" content=\"J\u00e1 pensou em morar perto de uma das melhores praias de Santos? Ent\u00e3o conhe\u00e7a um pouco sobre as 3 melhores da cidade do litoral paulista!\" \/>\n<meta property=\"og:url\" content=\"https:\/\/www.quintoandar.com.br\/guias\/web-stories\/3-melhores-praias-santos\/\" \/>\n<meta property=\"og:site_name\" content=\"QuintoAndar Guias\" \/>\n<meta property=\"article:publisher\" content=\"https:\/\/www.facebook.com\/quintoandar.com.br\/\" \/>\n<meta property=\"article:modified_time\" content=\"2023-04-24T18:13:13+00:00\" \/>\n<meta property=\"og:image\" content=\"https:\/\/www.quintoandar.com.br\/guias\/wp-content\/uploads\/2021\/10\/cropped-Praia-de-Santos-em-SP.jpg\" \/>\n\t<meta property=\"og:image:width\" content=\"640\" \/>\n\t<meta property=\"og:image:height\" content=\"853\" \/>\n\t<meta property=\"og:image:type\" content=\"image\/jpeg\" \/>\n<meta name=\"twitter:card\" content=\"summary_large_image\" \/>\n<meta name=\"twitter:label1\" content=\"Est. tempo de leitura\" \/>\n\t<meta name=\"twitter:data1\" content=\"1 minuto\" \/>\n<script type=\"application\/ld+json\" class=\"yoast-schema-graph\">{\"@context\":\"https:\\\/\\\/schema.org\",\"@graph\":[{\"@type\":\"Article\",\"@id\":\"https:\\\/\\\/www.quintoandar.com.br\\\/guias\\\/web-stories\\\/3-melhores-praias-santos\\\/#article\",\"isPartOf\":{\"@id\":\"https:\\\/\\\/www.quintoandar.com.br\\\/guias\\\/web-stories\\\/3-melhores-praias-santos\\\/\"},\"author\":{\"name\":\"Samantha Silva\",\"@id\":\"https:\\\/\\\/www.quintoandar.com.br\\\/guias\\\/#\\\/schema\\\/person\\\/f24d12d0fe0de5638ce540ae5e992867\"},\"headline\":\"3 melhores praias de Santos\",\"datePublished\":\"2022-11-29T15:33:15+00:00\",\"dateModified\":\"2023-04-24T18:13:13+00:00\",\"mainEntityOfPage\":{\"@id\":\"https:\\\/\\\/www.quintoandar.com.br\\\/guias\\\/web-stories\\\/3-melhores-praias-santos\\\/\"},\"wordCount\":251,\"image\":{\"@id\":\"https:\\\/\\\/www.quintoandar.com.br\\\/guias\\\/web-stories\\\/3-melhores-praias-santos\\\/#primaryimage\"},\"thumbnailUrl\":\"https:\\\/\\\/www.quintoandar.com.br\\\/guias\\\/wp-content\\\/uploads\\\/2021\\\/10\\\/cropped-Praia-de-Santos-em-SP.jpg\",\"inLanguage\":\"pt-BR\"},{\"@type\":\"WebPage\",\"@id\":\"https:\\\/\\\/www.quintoandar.com.br\\\/guias\\\/web-stories\\\/3-melhores-praias-santos\\\/\",\"url\":\"https:\\\/\\\/www.quintoandar.com.br\\\/guias\\\/web-stories\\\/3-melhores-praias-santos\\\/\",\"name\":\"3 melhores praias de Santos - QuintoAndar Guias\",\"isPartOf\":{\"@id\":\"https:\\\/\\\/www.quintoandar.com.br\\\/guias\\\/#website\"},\"primaryImageOfPage\":{\"@id\":\"https:\\\/\\\/www.quintoandar.com.br\\\/guias\\\/web-stories\\\/3-melhores-praias-santos\\\/#primaryimage\"},\"image\":{\"@id\":\"https:\\\/\\\/www.quintoandar.com.br\\\/guias\\\/web-stories\\\/3-melhores-praias-santos\\\/#primaryimage\"},\"thumbnailUrl\":\"https:\\\/\\\/www.quintoandar.com.br\\\/guias\\\/wp-content\\\/uploads\\\/2021\\\/10\\\/cropped-Praia-de-Santos-em-SP.jpg\",\"datePublished\":\"2022-11-29T15:33:15+00:00\",\"dateModified\":\"2023-04-24T18:13:13+00:00\",\"breadcrumb\":{\"@id\":\"https:\\\/\\\/www.quintoandar.com.br\\\/guias\\\/web-stories\\\/3-melhores-praias-santos\\\/#breadcrumb\"},\"inLanguage\":\"pt-BR\",\"potentialAction\":[{\"@type\":\"ReadAction\",\"target\":[\"https:\\\/\\\/www.quintoandar.com.br\\\/guias\\\/web-stories\\\/3-melhores-praias-santos\\\/\"]}]},{\"@type\":\"ImageObject\",\"inLanguage\":\"pt-BR\",\"@id\":\"https:\\\/\\\/www.quintoandar.com.br\\\/guias\\\/web-stories\\\/3-melhores-praias-santos\\\/#primaryimage\",\"url\":\"https:\\\/\\\/www.quintoandar.com.br\\\/guias\\\/wp-content\\\/uploads\\\/2021\\\/10\\\/cropped-Praia-de-Santos-em-SP.jpg\",\"contentUrl\":\"https:\\\/\\\/www.quintoandar.com.br\\\/guias\\\/wp-content\\\/uploads\\\/2021\\\/10\\\/cropped-Praia-de-Santos-em-SP.jpg\",\"width\":640,\"height\":853,\"caption\":\"Aerial view of Santos city, county seat of Baixada Santista, on the coast of Sao Paulo state, Brazil.\"},{\"@type\":\"BreadcrumbList\",\"@id\":\"https:\\\/\\\/www.quintoandar.com.br\\\/guias\\\/web-stories\\\/3-melhores-praias-santos\\\/#breadcrumb\",\"itemListElement\":[{\"@type\":\"ListItem\",\"position\":1,\"name\":\"Home\",\"item\":\"https:\\\/\\\/www.quintoandar.com.br\\\/guias\\\/\"},{\"@type\":\"ListItem\",\"position\":2,\"name\":\"Story\",\"item\":\"https:\\\/\\\/www.quintoandar.com.br\\\/guias\\\/webstories\\\/\"},{\"@type\":\"ListItem\",\"position\":3,\"name\":\"3 melhores praias de Santos\"}]},{\"@type\":\"WebSite\",\"@id\":\"https:\\\/\\\/www.quintoandar.com.br\\\/guias\\\/#website\",\"url\":\"https:\\\/\\\/www.quintoandar.com.br\\\/guias\\\/\",\"name\":\"QuintoAndar Guias\",\"description\":\"Inspira\u00e7\u00e3o e tudo o que voc\u00ea precisa saber sobre o jeito mais f\u00e1cil de alugar e morar.\",\"potentialAction\":[{\"@type\":\"SearchAction\",\"target\":{\"@type\":\"EntryPoint\",\"urlTemplate\":\"https:\\\/\\\/www.quintoandar.com.br\\\/guias\\\/?s={search_term_string}\"},\"query-input\":{\"@type\":\"PropertyValueSpecification\",\"valueRequired\":true,\"valueName\":\"search_term_string\"}}],\"inLanguage\":\"pt-BR\"},{\"@type\":\"Person\",\"@id\":\"https:\\\/\\\/www.quintoandar.com.br\\\/guias\\\/#\\\/schema\\\/person\\\/f24d12d0fe0de5638ce540ae5e992867\",\"name\":\"Samantha Silva\",\"image\":{\"@type\":\"ImageObject\",\"inLanguage\":\"pt-BR\",\"@id\":\"https:\\\/\\\/secure.gravatar.com\\\/avatar\\\/19caf728ff50fe784eb0610c2f3b2d62a8d8fbfa00158fbb42aae55f817e8e90?s=96&d=mm&r=g\",\"url\":\"https:\\\/\\\/secure.gravatar.com\\\/avatar\\\/19caf728ff50fe784eb0610c2f3b2d62a8d8fbfa00158fbb42aae55f817e8e90?s=96&d=mm&r=g\",\"contentUrl\":\"https:\\\/\\\/secure.gravatar.com\\\/avatar\\\/19caf728ff50fe784eb0610c2f3b2d62a8d8fbfa00158fbb42aae55f817e8e90?s=96&d=mm&r=g\",\"caption\":\"Samantha Silva\"},\"url\":\"https:\\\/\\\/www.quintoandar.com.br\\\/guias\\\/author\\\/samantha-silva\\\/\"},false]}<\/script>\n<!-- \/ Yoast SEO Premium plugin. -->","yoast_head_json":{"title":"3 melhores praias de Santos - QuintoAndar Guias","description":"J\u00e1 pensou em morar perto de uma das melhores praias de Santos? Ent\u00e3o conhe\u00e7a um pouco sobre as 3 melhores da cidade do litoral paulista!","robots":{"index":"index","follow":"follow","max-snippet":"max-snippet:-1","max-image-preview":"max-image-preview:large","max-video-preview":"max-video-preview:-1"},"canonical":"https:\/\/www.quintoandar.com.br\/guias\/web-stories\/3-melhores-praias-santos\/","og_locale":"pt_BR","og_type":"article","og_title":"3 melhores praias de Santos","og_description":"J\u00e1 pensou em morar perto de uma das melhores praias de Santos? Ent\u00e3o conhe\u00e7a um pouco sobre as 3 melhores da cidade do litoral paulista!","og_url":"https:\/\/www.quintoandar.com.br\/guias\/web-stories\/3-melhores-praias-santos\/","og_site_name":"QuintoAndar Guias","article_publisher":"https:\/\/www.facebook.com\/quintoandar.com.br\/","article_modified_time":"2023-04-24T18:13:13+00:00","og_image":[{"width":640,"height":853,"url":"https:\/\/www.quintoandar.com.br\/guias\/wp-content\/uploads\/2021\/10\/cropped-Praia-de-Santos-em-SP.jpg","type":"image\/jpeg"}],"twitter_card":"summary_large_image","twitter_misc":{"Est. tempo de leitura":"1 minuto"},"schema":{"@context":"https:\/\/schema.org","@graph":[{"@type":"Article","@id":"https:\/\/www.quintoandar.com.br\/guias\/web-stories\/3-melhores-praias-santos\/#article","isPartOf":{"@id":"https:\/\/www.quintoandar.com.br\/guias\/web-stories\/3-melhores-praias-santos\/"},"author":{"name":"Samantha Silva","@id":"https:\/\/www.quintoandar.com.br\/guias\/#\/schema\/person\/f24d12d0fe0de5638ce540ae5e992867"},"headline":"3 melhores praias de Santos","datePublished":"2022-11-29T15:33:15+00:00","dateModified":"2023-04-24T18:13:13+00:00","mainEntityOfPage":{"@id":"https:\/\/www.quintoandar.com.br\/guias\/web-stories\/3-melhores-praias-santos\/"},"wordCount":251,"image":{"@id":"https:\/\/www.quintoandar.com.br\/guias\/web-stories\/3-melhores-praias-santos\/#primaryimage"},"thumbnailUrl":"https:\/\/www.quintoandar.com.br\/guias\/wp-content\/uploads\/2021\/10\/cropped-Praia-de-Santos-em-SP.jpg","inLanguage":"pt-BR"},{"@type":"WebPage","@id":"https:\/\/www.quintoandar.com.br\/guias\/web-stories\/3-melhores-praias-santos\/","url":"https:\/\/www.quintoandar.com.br\/guias\/web-stories\/3-melhores-praias-santos\/","name":"3 melhores praias de Santos - QuintoAndar Guias","isPartOf":{"@id":"https:\/\/www.quintoandar.com.br\/guias\/#website"},"primaryImageOfPage":{"@id":"https:\/\/www.quintoandar.com.br\/guias\/web-stories\/3-melhores-praias-santos\/#primaryimage"},"image":{"@id":"https:\/\/www.quintoandar.com.br\/guias\/web-stories\/3-melhores-praias-santos\/#primaryimage"},"thumbnailUrl":"https:\/\/www.quintoandar.com.br\/guias\/wp-content\/uploads\/2021\/10\/cropped-Praia-de-Santos-em-SP.jpg","datePublished":"2022-11-29T15:33:15+00:00","dateModified":"2023-04-24T18:13:13+00:00","breadcrumb":{"@id":"https:\/\/www.quintoandar.com.br\/guias\/web-stories\/3-melhores-praias-santos\/#breadcrumb"},"inLanguage":"pt-BR","potentialAction":[{"@type":"ReadAction","target":["https:\/\/www.quintoandar.com.br\/guias\/web-stories\/3-melhores-praias-santos\/"]}]},{"@type":"ImageObject","inLanguage":"pt-BR","@id":"https:\/\/www.quintoandar.com.br\/guias\/web-stories\/3-melhores-praias-santos\/#primaryimage","url":"https:\/\/www.quintoandar.com.br\/guias\/wp-content\/uploads\/2021\/10\/cropped-Praia-de-Santos-em-SP.jpg","contentUrl":"https:\/\/www.quintoandar.com.br\/guias\/wp-content\/uploads\/2021\/10\/cropped-Praia-de-Santos-em-SP.jpg","width":640,"height":853,"caption":"Aerial view of Santos city, county seat of Baixada Santista, on the coast of Sao Paulo state, Brazil."},{"@type":"BreadcrumbList","@id":"https:\/\/www.quintoandar.com.br\/guias\/web-stories\/3-melhores-praias-santos\/#breadcrumb","itemListElement":[{"@type":"ListItem","position":1,"name":"Home","item":"https:\/\/www.quintoandar.com.br\/guias\/"},{"@type":"ListItem","position":2,"name":"Story","item":"https:\/\/www.quintoandar.com.br\/guias\/webstories\/"},{"@type":"ListItem","position":3,"name":"3 melhores praias de Santos"}]},{"@type":"WebSite","@id":"https:\/\/www.quintoandar.com.br\/guias\/#website","url":"https:\/\/www.quintoandar.com.br\/guias\/","name":"QuintoAndar Guias","description":"Inspira\u00e7\u00e3o e tudo o que voc\u00ea precisa saber sobre o jeito mais f\u00e1cil de alugar e morar.","potentialAction":[{"@type":"SearchAction","target":{"@type":"EntryPoint","urlTemplate":"https:\/\/www.quintoandar.com.br\/guias\/?s={search_term_string}"},"query-input":{"@type":"PropertyValueSpecification","valueRequired":true,"valueName":"search_term_string"}}],"inLanguage":"pt-BR"},{"@type":"Person","@id":"https:\/\/www.quintoandar.com.br\/guias\/#\/schema\/person\/f24d12d0fe0de5638ce540ae5e992867","name":"Samantha Silva","image":{"@type":"ImageObject","inLanguage":"pt-BR","@id":"https:\/\/secure.gravatar.com\/avatar\/19caf728ff50fe784eb0610c2f3b2d62a8d8fbfa00158fbb42aae55f817e8e90?s=96&d=mm&r=g","url":"https:\/\/secure.gravatar.com\/avatar\/19caf728ff50fe784eb0610c2f3b2d62a8d8fbfa00158fbb42aae55f817e8e90?s=96&d=mm&r=g","contentUrl":"https:\/\/secure.gravatar.com\/avatar\/19caf728ff50fe784eb0610c2f3b2d62a8d8fbfa00158fbb42aae55f817e8e90?s=96&d=mm&r=g","caption":"Samantha Silva"},"url":"https:\/\/www.quintoandar.com.br\/guias\/author\/samantha-silva\/"},false]}},"yasr_visitor_votes":{"stars_attributes":{"read_only":false,"span_bottom":false},"number_of_votes":0,"sum_votes":0},"featured_img":"https:\/\/www.quintoandar.com.br\/guias\/wp-content\/uploads\/2021\/10\/cropped-Praia-de-Santos-em-SP-530x337.jpg","coauthors":[],"author_meta":{"author_link":"https:\/\/www.quintoandar.com.br\/guias\/author\/samantha-silva\/","display_name":"Samantha Silva"},"relative_dates":{"created":"Publicado 3 anos atr\u00e1s","modified":"Atualizado 3 anos atr\u00e1s"},"absolute_dates":{"created":"Publicado em novembro 29, 2022","modified":"Atualizado em abril 24, 2023"},"absolute_dates_time":{"created":"Publicado em novembro 29, 2022 12:33 pm","modified":"Atualizado em abril 24, 2023 3:13 pm"},"featured_img_caption":"Aerial view of Santos city, county seat of Baixada Santista, on the coast of Sao Paulo state, Brazil.","tax_additional":{"web_story_category":{"linked":[],"unlinked":[],"slug":"web_story_category","name":"Categorias"},"web_story_tag":{"linked":[],"unlinked":[],"slug":"web_story_tag","name":"Tags"}},"series_order":"","acf":{"aprovacao_web_stories":"aprovado"},"slug_history":["3-melhores-praias-santos"],"story_data":{"version":46,"pages":[{"elements":[{"opacity":100,"flip":{"vertical":false,"horizontal":false},"rotationAngle":0,"lockAspectRatio":true,"x":1,"y":1,"width":1,"height":1,"mask":{"type":"rectangle"},"isBackground":true,"isDefaultBackground":true,"id":"5e4c0825-cf1b-4ce6-b362-6dec3c39bb1b","type":"shape","basedOn":"9d5c2b2c-8e34-4118-a1bc-f01f76f862b3"},{"opacity":100,"flip":{"vertical":false,"horizontal":false},"rotationAngle":0,"lockAspectRatio":true,"backgroundTextMode":"NONE","font":{"family":"Poppins","fallbacks":["sans-serif"],"weights":[100,200,300,400,500,600,700,800,900],"styles":["italic","regular"],"variants":[[0,100],[1,100],[0,200],[1,200],[0,300],[1,300],[0,400],[1,400],[0,500],[1,500],[0,600],[1,600],[0,700],[1,700],[0,800],[1,800],[0,900],[1,900]],"service":"fonts.google.com","metrics":{"upm":1000,"asc":1050,"des":-350,"tAsc":1050,"tDes":-350,"tLGap":100,"wAsc":1135,"wDes":627,"xH":548,"capH":698,"yMin":-572,"yMax":1065,"hAsc":1050,"hDes":-350,"lGap":100}},"fontSize":30,"backgroundColor":{"color":{"r":196,"g":196,"b":196}},"lineHeight":1.1,"textAlign":"left","padding":{"locked":true,"hasHiddenPadding":false,"horizontal":0,"vertical":0},"type":"text","content":"<span style=\"font-weight: 600; color: #f8f9f5\">Conhe\u00e7a as 3 melhores praias de Santos, litoral de SP!<\/span>","borderRadius":{"locked":true,"topLeft":2,"topRight":2,"bottomRight":2,"bottomLeft":2},"x":48,"y":122,"width":316,"height":108,"basedOn":"925eb8c3-889d-4d34-a0f2-c210323ef74a","marginOffset":-11.099999999999994,"id":"3c610e28-eb19-4563-a420-3950da19ad2d"},{"opacity":100,"flip":{"vertical":false,"horizontal":false},"rotationAngle":0,"lockAspectRatio":true,"backgroundColor":{"color":{"r":163,"g":199,"b":161}},"type":"shape","x":48,"y":304,"width":314,"height":314,"mask":{"type":"rectangle"},"basedOn":"ab8bfbba-ba72-4633-8fe5-d08c534ef764","id":"ee0795d1-7930-4c6d-9924-605ff66db8fa"},{"opacity":100,"flip":{"vertical":false,"horizontal":false},"rotationAngle":0,"lockAspectRatio":true,"backgroundColor":{"color":{"r":196,"g":196,"b":196}},"type":"image","resource":{"type":"image","mimeType":"image\/jpeg","width":1631,"height":1414,"sizes":{"medium":{"file":"Praia-de-Santos-em-SP-aspect-ratio-1500-1300-300x260.jpg","width":300,"height":260,"filesize":"20228","mimeType":"image\/jpeg","sourceUrl":"https:\/\/quintoandar.com.br\/guias\/wp-content\/uploads\/2022\/10\/Praia-de-Santos-em-SP-aspect-ratio-1500-1300-300x260.jpg"},"large":{"file":"Praia-de-Santos-em-SP-aspect-ratio-1500-1300-1024x888.jpg","width":1024,"height":888,"filesize":"137792","mimeType":"image\/jpeg","sourceUrl":"https:\/\/quintoandar.com.br\/guias\/wp-content\/uploads\/2022\/10\/Praia-de-Santos-em-SP-aspect-ratio-1500-1300-1024x888.jpg"},"thumbnail":{"file":"Praia-de-Santos-em-SP-aspect-ratio-1500-1300-150x150.jpg","width":150,"height":150,"filesize":"10996","mimeType":"image\/jpeg","sourceUrl":"https:\/\/quintoandar.com.br\/guias\/wp-content\/uploads\/2022\/10\/Praia-de-Santos-em-SP-aspect-ratio-1500-1300-150x150.jpg"},"medium_large":{"file":"Praia-de-Santos-em-SP-aspect-ratio-1500-1300-768x666.jpg","width":768,"height":666,"filesize":"83022","mimeType":"image\/jpeg","sourceUrl":"https:\/\/quintoandar.com.br\/guias\/wp-content\/uploads\/2022\/10\/Praia-de-Santos-em-SP-aspect-ratio-1500-1300-768x666.jpg"},"1536x1536":{"file":"Praia-de-Santos-em-SP-aspect-ratio-1500-1300-1536x1332.jpg","width":1536,"height":1332,"filesize":"290994","mimeType":"image\/jpeg","sourceUrl":"https:\/\/quintoandar.com.br\/guias\/wp-content\/uploads\/2022\/10\/Praia-de-Santos-em-SP-aspect-ratio-1500-1300-1536x1332.jpg"},"post-thumbnail":{"file":"Praia-de-Santos-em-SP-aspect-ratio-1500-1300-350x219.jpg","width":350,"height":219,"filesize":"19644","mimeType":"image\/jpeg","sourceUrl":"https:\/\/quintoandar.com.br\/guias\/wp-content\/uploads\/2022\/10\/Praia-de-Santos-em-SP-aspect-ratio-1500-1300-350x219.jpg"},"chamada-destaque":{"file":"Praia-de-Santos-em-SP-aspect-ratio-1500-1300-683x587.jpg","width":683,"height":587,"filesize":"67590","mimeType":"image\/jpeg","sourceUrl":"https:\/\/quintoandar.com.br\/guias\/wp-content\/uploads\/2022\/10\/Praia-de-Santos-em-SP-aspect-ratio-1500-1300-683x587.jpg"},"single-destaque":{"file":"Praia-de-Santos-em-SP-aspect-ratio-1500-1300-600x480.jpg","width":600,"height":480,"filesize":"50822","mimeType":"image\/jpeg","sourceUrl":"https:\/\/quintoandar.com.br\/guias\/wp-content\/uploads\/2022\/10\/Praia-de-Santos-em-SP-aspect-ratio-1500-1300-600x480.jpg"},"alm-thumbnail":{"file":"Praia-de-Santos-em-SP-aspect-ratio-1500-1300-150x150.jpg","width":150,"height":150,"filesize":"10996","mimeType":"image\/jpeg","sourceUrl":"https:\/\/quintoandar.com.br\/guias\/wp-content\/uploads\/2022\/10\/Praia-de-Santos-em-SP-aspect-ratio-1500-1300-150x150.jpg"},"wpvqgr-square-answer":{"file":"Praia-de-Santos-em-SP-aspect-ratio-1500-1300-300x300.jpg","width":300,"height":300,"filesize":"21945","mimeType":"image\/jpeg","sourceUrl":"https:\/\/quintoandar.com.br\/guias\/wp-content\/uploads\/2022\/10\/Praia-de-Santos-em-SP-aspect-ratio-1500-1300-300x300.jpg"},"web-stories-poster-portrait":{"file":"Praia-de-Santos-em-SP-aspect-ratio-1500-1300-640x853.jpg","width":640,"height":853,"filesize":"86508","mimeType":"image\/jpeg","sourceUrl":"https:\/\/quintoandar.com.br\/guias\/wp-content\/uploads\/2022\/10\/Praia-de-Santos-em-SP-aspect-ratio-1500-1300-640x853.jpg"},"web-stories-publisher-logo":{"file":"Praia-de-Santos-em-SP-aspect-ratio-1500-1300-96x96.jpg","width":96,"height":96,"filesize":"8467","mimeType":"image\/jpeg","sourceUrl":"https:\/\/quintoandar.com.br\/guias\/wp-content\/uploads\/2022\/10\/Praia-de-Santos-em-SP-aspect-ratio-1500-1300-96x96.jpg"},"web-stories-thumbnail":{"file":"Praia-de-Santos-em-SP-aspect-ratio-1500-1300-150x130.jpg","width":150,"height":130,"filesize":"10585","mimeType":"image\/jpeg","sourceUrl":"https:\/\/quintoandar.com.br\/guias\/wp-content\/uploads\/2022\/10\/Praia-de-Santos-em-SP-aspect-ratio-1500-1300-150x130.jpg"},"full":{"file":"Praia-de-Santos-em-SP-aspect-ratio-1500-1300.jpg","width":1631,"height":1414,"mimeType":"image\/jpeg","sourceUrl":"https:\/\/quintoandar.com.br\/guias\/wp-content\/uploads\/2022\/10\/Praia-de-Santos-em-SP-aspect-ratio-1500-1300.jpg"}},"isPlaceholder":false,"isExternal":false,"needsProxy":false,"baseColor":"#3f80d4","blurHash":"","creationDate":"2022-10-11T18:30:42","src":"https:\/\/quintoandar.com.br\/guias\/wp-content\/uploads\/2022\/10\/Praia-de-Santos-em-SP-aspect-ratio-1500-1300.jpg","id":455549,"alt":"Imagem que ilustra mat\u00e9ria sobre o que fazer em santos mostra a praia de santos","local":false},"x":61,"y":317,"width":286,"height":286,"scale":100,"focalX":50,"focalY":50,"mask":{"type":"rectangle"},"alt":"Foto que ilustra stories sobre melhores praias de Santos mostra vis\u00e3o panor\u00e2mica de Santos","link":{"needsProxy":false,"url":"https:\/\/quintoandar.com.br\/melhores-praias-santos\/","rel":[],"icon":"https:\/\/quintoandar.com.br\/guias\/wp-content\/uploads\/2021\/10\/melhores-praias-de-santos-1024x680.jpg","desc":"Conhe\u00e7a as 6 melhores praias de Santos\/SP"},"borderRadius":{"topLeft":0,"topRight":0,"bottomRight":0,"bottomLeft":0,"locked":true},"basedOn":"4f518b76-d05f-4e2b-bbdf-59450fababca","id":"2eadb7ee-ddcd-4d3b-a70c-3ca81c4c59fe"},{"opacity":100,"flip":{"vertical":false,"horizontal":false},"rotationAngle":0,"lockAspectRatio":true,"scale":100,"focalX":50,"focalY":50,"resource":{"baseColor":"#ffffff","type":"image","mimeType":"image\/png","creationDate":"2022-01-17T15:00:10","src":"https:\/\/quintoandar.com.br\/guias\/wp-content\/uploads\/2022\/01\/image-17.png","width":566,"height":88,"id":428567,"alt":"image","sizes":{"medium":{"file":"image-17-300x47.png","width":300,"height":47,"mimeType":"image\/png","sourceUrl":"https:\/\/quintoandar.com.br\/guias\/wp-content\/uploads\/2022\/01\/image-17-300x47.png"},"thumbnail":{"file":"image-17-150x88.png","width":150,"height":88,"mimeType":"image\/png","sourceUrl":"https:\/\/quintoandar.com.br\/guias\/wp-content\/uploads\/2022\/01\/image-17-150x88.png"},"post-thumbnail":{"file":"image-17-350x88.png","width":350,"height":88,"mimeType":"image\/png","sourceUrl":"https:\/\/quintoandar.com.br\/guias\/wp-content\/uploads\/2022\/01\/image-17-350x88.png"},"alm-thumbnail":{"file":"image-17-150x88.png","width":150,"height":88,"mimeType":"image\/png","sourceUrl":"https:\/\/quintoandar.com.br\/guias\/wp-content\/uploads\/2022\/01\/image-17-150x88.png"},"wpvqgr-square-answer":{"file":"image-17-300x88.png","width":300,"height":88,"mimeType":"image\/png","sourceUrl":"https:\/\/quintoandar.com.br\/guias\/wp-content\/uploads\/2022\/01\/image-17-300x88.png"},"web-stories-publisher-logo":{"file":"image-17-96x88.png","width":96,"height":88,"mimeType":"image\/png","sourceUrl":"https:\/\/quintoandar.com.br\/guias\/wp-content\/uploads\/2022\/01\/image-17-96x88.png"},"web-stories-thumbnail":{"file":"image-17-150x23.png","width":150,"height":23,"mimeType":"image\/png","sourceUrl":"https:\/\/quintoandar.com.br\/guias\/wp-content\/uploads\/2022\/01\/image-17-150x23.png"},"full":{"file":"image-17.png","width":566,"height":88,"mimeType":"image\/png","sourceUrl":"https:\/\/quintoandar.com.br\/guias\/wp-content\/uploads\/2022\/01\/image-17.png"}},"isPlaceholder":false,"isOptimized":false,"isMuted":false,"isExternal":false,"needsProxy":false},"type":"image","x":48,"y":0,"width":225,"height":35,"mask":{"type":"rectangle","showInLibrary":true,"name":"Ret\u00e2ngulo","path":"M 0,0 1,0 1,1 0,1 0,0 Z","ratio":1,"supportsBorder":true},"basedOn":"40807069-eed4-48b6-8569-54a6b1987b02","id":"d082c74c-3fa3-443a-8afc-1566b8cbf2d1"}],"animations":[],"backgroundColor":{"color":{"r":36,"g":88,"b":37}},"type":"page","id":"263f42bc-a79f-495c-96c8-15ded26152f5"},{"elements":[{"opacity":100,"flip":{"vertical":false,"horizontal":false},"rotationAngle":0,"lockAspectRatio":true,"x":1,"y":1,"width":1,"height":1,"mask":{"type":"rectangle"},"isBackground":true,"isDefaultBackground":true,"id":"d2b72a51-1e66-4949-8dca-7e94d60af9ce","type":"shape","basedOn":"666d07d0-ac8b-4c81-806e-ec46cbe6d736"},{"opacity":100,"flip":{"vertical":false,"horizontal":false},"rotationAngle":0,"lockAspectRatio":false,"backgroundColor":{"color":{"r":248,"g":249,"b":245}},"type":"shape","x":0,"y":-57,"width":413,"height":375,"mask":{"type":"rectangle"},"basedOn":"c54125fb-2735-44bb-a56b-1d5d495c0b24","id":"7ea6faf4-79c1-4c85-baa8-8f8f53550695"},{"opacity":100,"flip":{"vertical":false,"horizontal":false},"rotationAngle":0,"lockAspectRatio":false,"backgroundTextMode":"NONE","font":{"family":"Poppins","fallbacks":["sans-serif"],"weights":[100,200,300,400,500,600,700,800,900],"styles":["italic","regular"],"variants":[[0,100],[1,100],[0,200],[1,200],[0,300],[1,300],[0,400],[1,400],[0,500],[1,500],[0,600],[1,600],[0,700],[1,700],[0,800],[1,800],[0,900],[1,900]],"service":"fonts.google.com","metrics":{"upm":1000,"asc":1050,"des":-350,"tAsc":1050,"tDes":-350,"tLGap":100,"wAsc":1135,"wDes":627,"xH":548,"capH":698,"yMin":-572,"yMax":1065,"hAsc":1050,"hDes":-350,"lGap":100}},"fontSize":19,"backgroundColor":{"color":{"r":196,"g":196,"b":196}},"lineHeight":1.1,"textAlign":"initial","padding":{"locked":true,"horizontal":0,"vertical":0},"type":"text","content":"Quem pensa em se mudar para Santos n\u00e3o est\u00e1 em busca s\u00f3 de viver em umas das melhores cidades do Brasil, mas tamb\u00e9m de descanso e qualidade de vida pr\u00f3ximo \u00e0 praia.\n\nFaz parte desse time?","basedOn":"a42619f5-e21a-46bf-a29b-feb6811e10ca","x":49,"y":44,"width":316,"height":173,"marginOffset":-11.099999999999994,"id":"8a26d018-0739-4342-b710-81b13a34441d"},{"opacity":100,"flip":{"vertical":false,"horizontal":false},"rotationAngle":0,"lockAspectRatio":false,"backgroundColor":{"color":{"r":36,"g":88,"b":37}},"type":"shape","x":0,"y":287,"width":413,"height":396,"mask":{"type":"rectangle"},"basedOn":"b0a83431-e82c-474f-9b54-4b372dc40c43","id":"21758096-c7b6-43d4-bc9f-fd2e9434d798"},{"opacity":100,"flip":{"vertical":false,"horizontal":false},"rotationAngle":0,"lockAspectRatio":true,"scale":100,"focalX":50,"focalY":50,"resource":{"type":"gif","mimeType":"image\/gif","width":304,"height":274,"sizes":{"full":{"file":"media\/tenor:8500508181130687838","sourceUrl":"https:\/\/media.tenor.com\/dfffJzKYtV4AAAAC\/nodding-tom-and-jerry.gif","mimeType":"image\/gif","width":304,"height":274},"large":{"file":"media\/tenor:8500508181130687838","sourceUrl":"https:\/\/media.tenor.com\/dfffJzKYtV4AAAAM\/nodding-tom-and-jerry.gif","mimeType":"image\/gif","width":220,"height":198},"web_stories_thumbnail":{"file":"media\/tenor:8500508181130687838","sourceUrl":"https:\/\/media.tenor.com\/dfffJzKYtV4AAAAS\/nodding-tom-and-jerry.gif","mimeType":"image\/gif","width":100,"height":90}},"isPlaceholder":false,"isExternal":true,"needsProxy":false,"id":"media\/tenor:8500508181130687838","baseColor":"#a2abb7","creationDate":"2018-12-05T18:37:07Z","src":"https:\/\/media.tenor.com\/dfffJzKYtV4AAAAC\/nodding-tom-and-jerry.gif","alt":"Nodding Tom And Jerry GIF","attribution":{"author":{"displayName":"Rebecca981129","url":"https:\/\/tenor.com\/users\/Rebecca981129"},"registerUsageUrl":"https:\/\/media3p.googleapis.com\/v1\/media:registerUsage?token=AWJwhCFNSqFkjDxLL7J1X33uEnqnlgkrxOxBNZCi0PNYdXF0JXk1HfMFrXWLd50s1z3rYZj8eGfhYPt\/npCbxUEI3mSNVg%3D%3D"},"poster":"https:\/\/media.tenor.com\/dfffJzKYtV4AAAAe\/nodding-tom-and-jerry.png","posterId":"media\/tenor:8500508181130687838","isOptimized":true,"output":{"mimeType":"video\/mp4","src":"https:\/\/media.tenor.com\/dfffJzKYtV4AAAPo\/nodding-tom-and-jerry.mp4"}},"type":"gif","x":19,"y":309,"width":373,"height":347,"mask":{"type":"rectangle","showInLibrary":true,"name":"Ret\u00e2ngulo","path":"M 0,0 1,0 1,1 0,1 0,0 Z","ratio":1,"supportsBorder":true},"resizeWidth":282.46602,"resizeHeight":262.742,"basedOn":"eb333b83-ca24-4ced-8813-f040f891be0f","id":"9e920425-d3be-4cc9-a9ee-914dc60cf5ba","alt":"Foto que ilustra stories sobre melhores praias de Santos mostra um personagem de desenho animado concordando com a cabe\u00e7a"}],"animations":[],"backgroundColor":{"color":{"r":80,"g":99,"b":248}},"type":"page","id":"97f1302f-1e63-474a-9a0c-67f1cf96346e","defaultBackgroundElement":{"opacity":100,"flip":{"vertical":false,"horizontal":false},"rotationAngle":0,"lockAspectRatio":true,"backgroundColor":{"color":{"r":196,"g":196,"b":196}},"x":1,"y":1,"width":1,"height":1,"mask":{"type":"rectangle"},"isBackground":true,"isDefaultBackground":true,"type":"shape","id":"82332c42-4b5e-45b9-8fd8-e5c8ae9f0e65"}},{"elements":[{"opacity":100,"flip":{"vertical":false,"horizontal":false},"rotationAngle":0,"lockAspectRatio":true,"x":1,"y":1,"width":1,"height":1,"mask":{"type":"rectangle"},"isBackground":true,"isDefaultBackground":true,"id":"9313a18f-fec2-49b4-8a28-a9ef7859c7de","type":"shape","basedOn":"d2b72a51-1e66-4949-8dca-7e94d60af9ce"},{"opacity":100,"flip":{"vertical":false,"horizontal":false},"rotationAngle":0,"lockAspectRatio":false,"backgroundColor":{"color":{"r":36,"g":88,"b":37}},"type":"shape","x":0,"y":-61,"width":413,"height":388,"mask":{"type":"rectangle"},"basedOn":"21758096-c7b6-43d4-bc9f-fd2e9434d798","id":"64d6f7be-4b72-4568-abba-9ce9906ac794"},{"opacity":100,"flip":{"vertical":false,"horizontal":false},"rotationAngle":0,"lockAspectRatio":false,"backgroundTextMode":"NONE","font":{"family":"Poppins","fallbacks":["sans-serif"],"weights":[100,200,300,400,500,600,700,800,900],"styles":["italic","regular"],"variants":[[0,100],[1,100],[0,200],[1,200],[0,300],[1,300],[0,400],[1,400],[0,500],[1,500],[0,600],[1,600],[0,700],[1,700],[0,800],[1,800],[0,900],[1,900]],"service":"fonts.google.com","metrics":{"upm":1000,"asc":1050,"des":-350,"tAsc":1050,"tDes":-350,"tLGap":100,"wAsc":1135,"wDes":627,"xH":548,"capH":698,"yMin":-572,"yMax":1065,"hAsc":1050,"hDes":-350,"lGap":100}},"fontSize":19,"backgroundColor":{"color":{"r":196,"g":196,"b":196}},"lineHeight":1.1,"textAlign":"initial","padding":{"locked":true,"horizontal":0,"vertical":0},"type":"text","content":"Se a resposta foi positiva, voc\u00ea precisa conhecer esses bel\u00edssimos espa\u00e7os de lazer e natureza ao ar livre!\n\nVeja quais as s\u00e3o as praias de uma das melhores cidades do litoral paulista:","basedOn":"988145f8-8373-4530-b0f3-b4c68714893e","x":56,"y":362,"width":302,"height":173,"marginOffset":-11.099999999999994,"id":"3d7586c8-a0a8-4fe9-99df-9119a4373885"},{"opacity":100,"flip":{"vertical":false,"horizontal":false},"rotationAngle":0,"lockAspectRatio":true,"scale":100,"focalX":50,"focalY":50,"resource":{"type":"gif","mimeType":"image\/gif","width":498,"height":498,"sizes":{"full":{"file":"media\/tenor:5468035087981880627","sourceUrl":"https:\/\/media.tenor.com\/S-Jc8Q6IJTMAAAAC\/mrbean-bean.gif","mimeType":"image\/gif","width":498,"height":498},"large":{"file":"media\/tenor:5468035087981880627","sourceUrl":"https:\/\/media.tenor.com\/S-Jc8Q6IJTMAAAAM\/mrbean-bean.gif","mimeType":"image\/gif","width":220,"height":220},"web_stories_thumbnail":{"file":"media\/tenor:5468035087981880627","sourceUrl":"https:\/\/media.tenor.com\/S-Jc8Q6IJTMAAAAS\/mrbean-bean.gif","mimeType":"image\/gif","width":90,"height":90}},"isPlaceholder":false,"isExternal":true,"needsProxy":false,"id":"media\/tenor:5468035087981880627","baseColor":"#d9d0a0","creationDate":"2021-06-27T23:53:15Z","src":"https:\/\/media.tenor.com\/S-Jc8Q6IJTMAAAAC\/mrbean-bean.gif","alt":"Mrbean Rowan Atkinson GIF","attribution":{"author":{"displayName":"drewnfld","url":"https:\/\/tenor.com\/users\/drewnfld"},"registerUsageUrl":"https:\/\/media3p.googleapis.com\/v1\/media:registerUsage?token=AWJwhCEqh9D19McX7KgvfWYS8S\/tFlY7YLq5B6YYGtJVVpfeGj6KnNFNk71yn3YhuNpMkIb55H\/Oq\/1SOaCPWgHk2MelVw%3D%3D"},"poster":"https:\/\/media.tenor.com\/S-Jc8Q6IJTMAAAAe\/mrbean-bean.png","posterId":"media\/tenor:5468035087981880627","isOptimized":true,"output":{"mimeType":"video\/mp4","src":"https:\/\/media.tenor.com\/S-Jc8Q6IJTMAAAPo\/mrbean-bean.mp4"}},"type":"gif","x":18,"y":-40,"width":374,"height":346,"mask":{"type":"rectangle","showInLibrary":true,"name":"Ret\u00e2ngulo","path":"M 0,0 1,0 1,1 0,1 0,0 Z","ratio":1,"supportsBorder":true},"resizeWidth":282.922,"resizeHeight":262.01942,"alt":"Foto que ilustra stories sobre melhores praias de Santos mostra um personagem de filme de terno e com os p\u00e9s na \u00e1gua do mar.","basedOn":"233553f2-d660-4e42-9957-66e37ce91bac","id":"4e1b01d0-e9db-46ca-9b8a-9a233410c463"}],"animations":[],"backgroundColor":{"color":{"r":248,"g":249,"b":245}},"type":"page","id":"598fbba0-6500-431a-9f39-dd6d16478711","defaultBackgroundElement":{"opacity":100,"flip":{"vertical":false,"horizontal":false},"rotationAngle":0,"lockAspectRatio":true,"backgroundColor":{"color":{"r":196,"g":196,"b":196}},"x":1,"y":1,"width":1,"height":1,"mask":{"type":"rectangle"},"isBackground":true,"isDefaultBackground":true,"type":"shape","id":"82332c42-4b5e-45b9-8fd8-e5c8ae9f0e65"},"pageAttachment":{"url":"","icon":"","needsProxy":false,"ctaText":"Saiba mais"}},{"elements":[{"opacity":100,"flip":{"vertical":false,"horizontal":false},"rotationAngle":0,"lockAspectRatio":true,"x":1,"y":1,"width":1,"height":1,"mask":{"type":"rectangle"},"isBackground":true,"isDefaultBackground":true,"id":"7faa0e9c-d006-4c0a-a1b2-8a8374fb1b72","type":"shape","basedOn":"4a2cdd23-8124-4eb7-a9bf-1413f2f89d03"},{"opacity":100,"flip":{"vertical":false,"horizontal":false},"rotationAngle":0,"lockAspectRatio":true,"backgroundColor":{"color":{"r":196,"g":196,"b":196}},"type":"gif","resource":{"type":"gif","mimeType":"image\/gif","width":300,"height":224,"sizes":{"full":{"file":"media\/tenor:17176173775233438512","sourceUrl":"https:\/\/media.tenor.com\/7l4HC5krUzAAAAAC\/sea-beach.gif","mimeType":"image\/gif","width":300,"height":224},"large":{"file":"media\/tenor:17176173775233438512","sourceUrl":"https:\/\/media.tenor.com\/7l4HC5krUzAAAAAM\/sea-beach.gif","mimeType":"image\/gif","width":220,"height":164},"web_stories_thumbnail":{"file":"media\/tenor:17176173775233438512","sourceUrl":"https:\/\/media.tenor.com\/7l4HC5krUzAAAAAS\/sea-beach.gif","mimeType":"image\/gif","width":121,"height":90}},"isPlaceholder":false,"isExternal":true,"needsProxy":false,"id":"media\/tenor:17176173775233438512","baseColor":"#83aacc","creationDate":"2017-12-13T12:11:07Z","src":"https:\/\/media.tenor.com\/7l4HC5krUzAAAAAC\/sea-beach.gif","alt":"Sea Beach GIF","attribution":{"author":[],"registerUsageUrl":"https:\/\/media3p.googleapis.com\/v1\/media:registerUsage?token=AWJwhCEiA1c4PlG9lDCNsXgeaCugzr7ypL4Kc4rxSV%2BQoAq4mj%2BHO6QaiM1dWkl10yhKUOHzh8df0pfb48vLSyeyfQhQnKk%3D"},"poster":"https:\/\/media.tenor.com\/7l4HC5krUzAAAAAe\/sea-beach.png","posterId":"media\/tenor:17176173775233438512","isOptimized":true,"output":{"mimeType":"video\/mp4","src":"https:\/\/media.tenor.com\/7l4HC5krUzAAAAPo\/sea-beach.mp4"}},"x":48,"y":0,"width":318,"height":309,"scale":100,"focalX":50,"focalY":50,"mask":{"type":"rectangle"},"basedOn":"1a8c844b-c5d6-4172-b775-b9a6c464360f","id":"ea61f278-9f49-46d5-aec0-a2e738233148","alt":"Foto que ilustra stories sobre melhores praias de Santos mostra ondas na \u00e1gua do mar."},{"opacity":100,"flip":{"vertical":false,"horizontal":false},"rotationAngle":0,"lockAspectRatio":false,"backgroundTextMode":"NONE","font":{"family":"Poppins","fallbacks":["sans-serif"],"weights":[100,200,300,400,500,600,700,800,900],"styles":["italic","regular"],"variants":[[0,100],[1,100],[0,200],[1,200],[0,300],[1,300],[0,400],[1,400],[0,500],[1,500],[0,600],[1,600],[0,700],[1,700],[0,800],[1,800],[0,900],[1,900]],"service":"fonts.google.com","metrics":{"upm":1000,"asc":1050,"des":-350,"tAsc":1050,"tDes":-350,"tLGap":100,"wAsc":1135,"wDes":627,"xH":548,"capH":698,"yMin":-572,"yMax":1065,"hAsc":1050,"hDes":-350,"lGap":100}},"fontSize":19,"backgroundColor":{"color":{"r":196,"g":196,"b":196}},"lineHeight":1.2,"textAlign":"initial","padding":{"locked":true,"hasHiddenPadding":false,"horizontal":0,"vertical":0},"type":"text","content":"<span style=\"color: #f8f9f5\">A praia do Gonzaga \u00e9<\/span>\n<span style=\"color: #f8f9f5\">a mais frequentada pelos turistas que aproveitam as v\u00e1rias op\u00e7\u00f5es de hospedagem do bairro e a culin\u00e1ria local.&nbsp;<\/span>\n<span style=\"color: #f8f9f5\">Ali\u00e1s, \u00e9 comum ver pessoas locais e turistas se divertindo praticando futev\u00f4lei, frescobol, v\u00f4lei de praia e outras modalidades por ali.<\/span>","borderRadius":{"locked":true,"topLeft":2,"topRight":2,"bottomRight":2,"bottomLeft":2},"x":60,"y":363,"width":277,"height":255,"marginOffset":0.4781249999999986,"basedOn":"1acbd92b-3890-4375-868f-4c29796e5bd3","id":"304d2695-39c9-4dd1-abd6-a4c9d790065d"},{"opacity":100,"flip":{"vertical":false,"horizontal":false},"rotationAngle":0,"lockAspectRatio":false,"backgroundTextMode":"NONE","font":{"family":"Poppins","fallbacks":["sans-serif"],"weights":[100,200,300,400,500,600,700,800,900],"styles":["italic","regular"],"variants":[[0,100],[1,100],[0,200],[1,200],[0,300],[1,300],[0,400],[1,400],[0,500],[1,500],[0,600],[1,600],[0,700],[1,700],[0,800],[1,800],[0,900],[1,900]],"service":"fonts.google.com","metrics":{"upm":1000,"asc":1050,"des":-350,"tAsc":1050,"tDes":-350,"tLGap":100,"wAsc":1135,"wDes":627,"xH":548,"capH":698,"yMin":-572,"yMax":1065,"hAsc":1050,"hDes":-350,"lGap":100}},"fontSize":22,"backgroundColor":{"color":{"r":196,"g":196,"b":196}},"lineHeight":1.2,"textAlign":"initial","padding":{"locked":true,"hasHiddenPadding":false,"horizontal":0,"vertical":0},"type":"text","content":"<span style=\"font-weight: 700; color: #f8f9f5\">1. Praia do Gonzaga<\/span>","borderRadius":{"locked":true,"topLeft":2,"topRight":2,"bottomRight":2,"bottomLeft":2},"x":59,"y":327,"width":277,"height":30,"marginOffset":0.4781249999999986,"basedOn":"304d2695-39c9-4dd1-abd6-a4c9d790065d","id":"98fae2b0-7a31-4065-9f31-d106ca5d7947"}],"animations":[{"id":"251193f3-6785-43c5-a3cc-4ff15bf3eb5f","type":"effect-drop","duration":1600,"delay":0,"targets":["ea61f278-9f49-46d5-aec0-a2e738233148"]}],"backgroundColor":{"color":{"r":36,"g":88,"b":37}},"type":"page","id":"bf9cf5ea-db34-4267-96b7-0b1e2fa49c57","defaultBackgroundElement":{"opacity":100,"flip":{"vertical":false,"horizontal":false},"rotationAngle":0,"lockAspectRatio":true,"backgroundColor":{"color":{"r":196,"g":196,"b":196}},"x":1,"y":1,"width":1,"height":1,"mask":{"type":"rectangle"},"isBackground":true,"isDefaultBackground":true,"type":"shape","id":"d30996f6-74d0-4192-81c0-4c75833133d2"}},{"elements":[{"opacity":100,"flip":{"vertical":false,"horizontal":false},"rotationAngle":0,"lockAspectRatio":true,"x":1,"y":1,"width":1,"height":1,"mask":{"type":"rectangle"},"isBackground":true,"isDefaultBackground":true,"id":"4915a3b4-cae1-49d9-a4f8-90228d83ec9f","type":"shape","basedOn":"7faa0e9c-d006-4c0a-a1b2-8a8374fb1b72"},{"opacity":100,"flip":{"vertical":false,"horizontal":false},"rotationAngle":0,"lockAspectRatio":true,"backgroundColor":{"color":{"r":196,"g":196,"b":196}},"type":"gif","resource":{"type":"gif","mimeType":"image\/gif","width":494,"height":498,"sizes":{"full":{"file":"media\/tenor:12607102378267743767","sourceUrl":"https:\/\/media.tenor.com\/rvVs0VehlhcAAAAC\/nice-day-our-earth.gif","mimeType":"image\/gif","width":494,"height":498},"large":{"file":"media\/tenor:12607102378267743767","sourceUrl":"https:\/\/media.tenor.com\/rvVs0VehlhcAAAAM\/nice-day-our-earth.gif","mimeType":"image\/gif","width":220,"height":221},"web_stories_thumbnail":{"file":"media\/tenor:12607102378267743767","sourceUrl":"https:\/\/media.tenor.com\/rvVs0VehlhcAAAAS\/nice-day-our-earth.gif","mimeType":"image\/gif","width":89,"height":90}},"isPlaceholder":false,"isExternal":true,"needsProxy":false,"id":"media\/tenor:12607102378267743767","baseColor":"#7c818f","creationDate":"2020-04-24T09:08:38Z","src":"https:\/\/media.tenor.com\/rvVs0VehlhcAAAAC\/nice-day-our-earth.gif","alt":"Nice Day Our Earth GIF","attribution":{"author":{"displayName":"Kathleen15_","url":"https:\/\/tenor.com\/users\/Kathleen15_"},"registerUsageUrl":"https:\/\/media3p.googleapis.com\/v1\/media:registerUsage?token=AWJwhCGr4JVX0jvKGNXO1F74j8C28xz\/jyVtaB6zYSW%2BWiRN9q0uEU78QSW721nx6l817ixn1f1\/ZB1QM1ZGSjg62yjl4Ik%3D"},"poster":"https:\/\/media.tenor.com\/rvVs0VehlhcAAAAe\/nice-day-our-earth.png","posterId":"media\/tenor:12607102378267743767","isOptimized":true,"output":{"mimeType":"video\/mp4","src":"https:\/\/media.tenor.com\/rvVs0VehlhcAAAPo\/nice-day-our-earth.mp4"}},"x":48,"y":0,"width":318,"height":309,"scale":100,"focalX":50,"focalY":50,"mask":{"type":"rectangle"},"basedOn":"ea61f278-9f49-46d5-aec0-a2e738233148","id":"97514909-f0d9-45f0-b72b-5dcbc5e9458b","alt":"Foto que ilustra stories sobre melhores praias de Santos mostra ondas na \u00e1gua do mar."},{"opacity":100,"flip":{"vertical":false,"horizontal":false},"rotationAngle":0,"lockAspectRatio":false,"backgroundTextMode":"NONE","font":{"family":"Poppins","fallbacks":["sans-serif"],"weights":[100,200,300,400,500,600,700,800,900],"styles":["italic","regular"],"variants":[[0,100],[1,100],[0,200],[1,200],[0,300],[1,300],[0,400],[1,400],[0,500],[1,500],[0,600],[1,600],[0,700],[1,700],[0,800],[1,800],[0,900],[1,900]],"service":"fonts.google.com","metrics":{"upm":1000,"asc":1050,"des":-350,"tAsc":1050,"tDes":-350,"tLGap":100,"wAsc":1135,"wDes":627,"xH":548,"capH":698,"yMin":-572,"yMax":1065,"hAsc":1050,"hDes":-350,"lGap":100}},"fontSize":19,"backgroundColor":{"color":{"r":196,"g":196,"b":196}},"lineHeight":1.2,"textAlign":"initial","padding":{"locked":true,"hasHiddenPadding":false,"horizontal":0,"vertical":0},"type":"text","content":"<span style=\"color: #f8f9f5\">A praia do Boqueir\u00e3o \u00e9 uma das praias com melhor infraestrutura para os turistas e moradores, j\u00e1 que tamb\u00e9m est\u00e1 na regi\u00e3o central da cidade.<\/span>\n<span style=\"color: #f8f9f5\">\u00c9 na praia do Boqueir\u00e3o que fica tamb\u00e9m a feirinha, para aqueles que n\u00e3o dispensam uma lembrancinha.<\/span>","borderRadius":{"locked":true,"topLeft":2,"topRight":2,"bottomRight":2,"bottomLeft":2},"x":52,"y":368,"width":310,"height":208,"marginOffset":0.4781249999999986,"basedOn":"304d2695-39c9-4dd1-abd6-a4c9d790065d","id":"ca1c5abd-b352-462b-8bf8-811bbad0780e"},{"opacity":100,"flip":{"vertical":false,"horizontal":false},"rotationAngle":0,"lockAspectRatio":false,"backgroundTextMode":"NONE","font":{"family":"Poppins","fallbacks":["sans-serif"],"weights":[100,200,300,400,500,600,700,800,900],"styles":["italic","regular"],"variants":[[0,100],[1,100],[0,200],[1,200],[0,300],[1,300],[0,400],[1,400],[0,500],[1,500],[0,600],[1,600],[0,700],[1,700],[0,800],[1,800],[0,900],[1,900]],"service":"fonts.google.com","metrics":{"upm":1000,"asc":1050,"des":-350,"tAsc":1050,"tDes":-350,"tLGap":100,"wAsc":1135,"wDes":627,"xH":548,"capH":698,"yMin":-572,"yMax":1065,"hAsc":1050,"hDes":-350,"lGap":100}},"fontSize":22,"backgroundColor":{"color":{"r":196,"g":196,"b":196}},"lineHeight":1.2,"textAlign":"initial","padding":{"locked":true,"hasHiddenPadding":false,"horizontal":0,"vertical":0},"type":"text","content":"<span style=\"font-weight: 700; color: #f8f9f5\">2. Praia do Boqueir\u00e3o<\/span>","borderRadius":{"locked":true,"topLeft":2,"topRight":2,"bottomRight":2,"bottomLeft":2},"x":59,"y":327,"width":277,"height":30,"marginOffset":0.4781249999999986,"basedOn":"98fae2b0-7a31-4065-9f31-d106ca5d7947","id":"7d5810ef-4131-4b7c-bce2-0ed6b06e6569"}],"animations":[{"id":"9a6db249-0855-45bd-8ef2-c9a71671ba87","type":"effect-drop","duration":1600,"delay":0,"targets":["97514909-f0d9-45f0-b72b-5dcbc5e9458b"]}],"backgroundColor":{"color":{"r":36,"g":88,"b":37}},"type":"page","id":"36556ec4-132f-4654-abb5-0f3f5a476d24","defaultBackgroundElement":{"opacity":100,"flip":{"vertical":false,"horizontal":false},"rotationAngle":0,"lockAspectRatio":true,"backgroundColor":{"color":{"r":196,"g":196,"b":196}},"x":1,"y":1,"width":1,"height":1,"mask":{"type":"rectangle"},"isBackground":true,"isDefaultBackground":true,"type":"shape","id":"d30996f6-74d0-4192-81c0-4c75833133d2"}},{"elements":[{"opacity":100,"flip":{"vertical":false,"horizontal":false},"rotationAngle":0,"lockAspectRatio":true,"x":1,"y":1,"width":1,"height":1,"mask":{"type":"rectangle"},"isBackground":true,"isDefaultBackground":true,"id":"6664fea9-74ac-4f71-900e-3800d86a3445","type":"shape","basedOn":"4915a3b4-cae1-49d9-a4f8-90228d83ec9f"},{"opacity":100,"flip":{"vertical":false,"horizontal":false},"rotationAngle":0,"lockAspectRatio":true,"backgroundColor":{"color":{"r":196,"g":196,"b":196}},"type":"gif","resource":{"type":"gif","mimeType":"image\/gif","width":498,"height":477,"sizes":{"full":{"file":"media\/tenor:16804874366541499310","sourceUrl":"https:\/\/media.tenor.com\/6TboM0jGC64AAAAC\/beach-day.gif","mimeType":"image\/gif","width":498,"height":477},"large":{"file":"media\/tenor:16804874366541499310","sourceUrl":"https:\/\/media.tenor.com\/6TboM0jGC64AAAAM\/beach-day.gif","mimeType":"image\/gif","width":220,"height":211},"web_stories_thumbnail":{"file":"media\/tenor:16804874366541499310","sourceUrl":"https:\/\/media.tenor.com\/6TboM0jGC64AAAAS\/beach-day.gif","mimeType":"image\/gif","width":94,"height":90}},"isPlaceholder":false,"isExternal":true,"needsProxy":false,"id":"media\/tenor:16804874366541499310","baseColor":"#86827f","creationDate":"2020-11-12T02:32:24Z","src":"https:\/\/media.tenor.com\/6TboM0jGC64AAAAC\/beach-day.gif","alt":"Beach Day GIF","attribution":{"author":{"displayName":"jrmb","url":"https:\/\/tenor.com\/users\/jrmb"},"registerUsageUrl":"https:\/\/media3p.googleapis.com\/v1\/media:registerUsage?token=AWJwhCG%2BJF9R\/QSu2d17IwGOJ3hMTxFRo0U7ds%2BHNKIAuqKnAKrgtkWJQU13uui0Br3P2bZ5cKeqHXxillLPL3pzDTd4IEY%3D"},"poster":"https:\/\/media.tenor.com\/6TboM0jGC64AAAAe\/beach-day.png","posterId":"media\/tenor:16804874366541499310","isOptimized":true,"output":{"mimeType":"video\/mp4","src":"https:\/\/media.tenor.com\/6TboM0jGC64AAAPo\/beach-day.mp4"}},"x":48,"y":0,"width":318,"height":309,"scale":100,"focalX":50,"focalY":50,"mask":{"type":"rectangle"},"basedOn":"97514909-f0d9-45f0-b72b-5dcbc5e9458b","id":"c45d2916-3f17-4250-8812-47ce6571f67c","alt":"Foto que ilustra stories sobre melhores praias de Santos mostra ondas na \u00e1gua do mar."},{"opacity":100,"flip":{"vertical":false,"horizontal":false},"rotationAngle":0,"lockAspectRatio":false,"backgroundTextMode":"NONE","font":{"family":"Poppins","fallbacks":["sans-serif"],"weights":[100,200,300,400,500,600,700,800,900],"styles":["italic","regular"],"variants":[[0,100],[1,100],[0,200],[1,200],[0,300],[1,300],[0,400],[1,400],[0,500],[1,500],[0,600],[1,600],[0,700],[1,700],[0,800],[1,800],[0,900],[1,900]],"service":"fonts.google.com","metrics":{"upm":1000,"asc":1050,"des":-350,"tAsc":1050,"tDes":-350,"tLGap":100,"wAsc":1135,"wDes":627,"xH":548,"capH":698,"yMin":-572,"yMax":1065,"hAsc":1050,"hDes":-350,"lGap":100}},"fontSize":19,"backgroundColor":{"color":{"r":196,"g":196,"b":196}},"lineHeight":1.2,"textAlign":"initial","padding":{"locked":true,"hasHiddenPadding":false,"horizontal":0,"vertical":0},"type":"text","content":"<span style=\"color: #f8f9f5\">A Praia do Embar\u00e9 \u00e9 considerada a praia dos jovens em Santos.&nbsp;<\/span>\n<span style=\"color: #f8f9f5\">A orla da Praia do Embar\u00e9 \u00e9 onde fica a Bas\u00edlica Santo Ant\u00f4nio do Embar\u00e9, importante local religioso de arquitetura imponente e estilo g\u00f3tico.<\/span>","borderRadius":{"locked":true,"topLeft":2,"topRight":2,"bottomRight":2,"bottomLeft":2},"x":59,"y":368,"width":309,"height":186,"marginOffset":0.4781249999999986,"basedOn":"ca1c5abd-b352-462b-8bf8-811bbad0780e","id":"92b0a3c0-dd2e-4398-b1c5-85e52cc62ec5"},{"opacity":100,"flip":{"vertical":false,"horizontal":false},"rotationAngle":0,"lockAspectRatio":false,"backgroundTextMode":"NONE","font":{"family":"Poppins","fallbacks":["sans-serif"],"weights":[100,200,300,400,500,600,700,800,900],"styles":["italic","regular"],"variants":[[0,100],[1,100],[0,200],[1,200],[0,300],[1,300],[0,400],[1,400],[0,500],[1,500],[0,600],[1,600],[0,700],[1,700],[0,800],[1,800],[0,900],[1,900]],"service":"fonts.google.com","metrics":{"upm":1000,"asc":1050,"des":-350,"tAsc":1050,"tDes":-350,"tLGap":100,"wAsc":1135,"wDes":627,"xH":548,"capH":698,"yMin":-572,"yMax":1065,"hAsc":1050,"hDes":-350,"lGap":100}},"fontSize":22,"backgroundColor":{"color":{"r":196,"g":196,"b":196}},"lineHeight":1.2,"textAlign":"initial","padding":{"locked":true,"hasHiddenPadding":false,"horizontal":0,"vertical":0},"type":"text","content":"<span style=\"font-weight: 700; color: #f8f9f5\">3. Praia do Embar\u00e9<\/span>","borderRadius":{"locked":true,"topLeft":2,"topRight":2,"bottomRight":2,"bottomLeft":2},"x":59,"y":327,"width":277,"height":30,"marginOffset":0.4781249999999986,"basedOn":"7d5810ef-4131-4b7c-bce2-0ed6b06e6569","id":"ef27d482-f3a7-49e2-a98d-33b31afb37e0"}],"animations":[{"id":"c3d77b7e-1a80-403f-9b09-cf7f0dc21f4e","type":"effect-drop","duration":1600,"delay":0,"targets":["c45d2916-3f17-4250-8812-47ce6571f67c"]}],"backgroundColor":{"color":{"r":36,"g":88,"b":37}},"type":"page","id":"31549508-2088-44af-8193-e15a878262f7","defaultBackgroundElement":{"opacity":100,"flip":{"vertical":false,"horizontal":false},"rotationAngle":0,"lockAspectRatio":true,"backgroundColor":{"color":{"r":196,"g":196,"b":196}},"x":1,"y":1,"width":1,"height":1,"mask":{"type":"rectangle"},"isBackground":true,"isDefaultBackground":true,"type":"shape","id":"d30996f6-74d0-4192-81c0-4c75833133d2"}},{"elements":[{"opacity":100,"flip":{"vertical":false,"horizontal":false},"rotationAngle":0,"lockAspectRatio":true,"x":1,"y":1,"width":1,"height":1,"mask":{"type":"rectangle"},"isBackground":true,"isDefaultBackground":true,"id":"e846e6b1-26f8-4708-8ddc-8a63932b26c5","type":"shape","basedOn":"8614f248-1812-4ef7-8273-01aec509edc2"},{"opacity":100,"flip":{"vertical":false,"horizontal":false},"rotationAngle":0,"lockAspectRatio":true,"backgroundTextMode":"NONE","font":{"family":"Poppins","fallbacks":["sans-serif"],"weights":[100,200,300,400,500,600,700,800,900],"styles":["italic","regular"],"variants":[[0,100],[1,100],[0,200],[1,200],[0,300],[1,300],[0,400],[1,400],[0,500],[1,500],[0,600],[1,600],[0,700],[1,700],[0,800],[1,800],[0,900],[1,900]],"service":"fonts.google.com","metrics":{"upm":1000,"asc":1050,"des":-350,"tAsc":1050,"tDes":-350,"tLGap":100,"wAsc":1135,"wDes":627,"xH":548,"capH":698,"yMin":-572,"yMax":1065,"hAsc":1050,"hDes":-350,"lGap":100}},"fontSize":27,"backgroundColor":{"color":{"r":255,"g":255,"b":255}},"lineHeight":1.1,"textAlign":"left","padding":{"locked":true,"hasHiddenPadding":false,"horizontal":0,"vertical":0},"type":"text","content":"<span style=\"font-weight: 600; color: #f8f9f5\">Descubra mais informa\u00e7\u00f5es sobre as melhores praias de Santos para decidir&nbsp;<\/span>\n<span style=\"font-weight: 600; color: #f8f9f5\">onde morar!<\/span>","borderRadius":{"locked":true,"topLeft":2,"topRight":2,"bottomRight":2,"bottomLeft":2},"width":317,"height":157,"basedOn":"0ee62297-ad0c-467d-9d70-5353f231cdc4","x":48,"y":294,"marginOffset":-11.699999999999989,"id":"2890fb4a-7df1-4269-9ffa-d235b58c7f79"},{"opacity":100,"flip":{"vertical":false,"horizontal":false},"rotationAngle":0,"lockAspectRatio":true,"scale":100,"focalX":50,"focalY":50,"resource":{"baseColor":"#938462","blurHash":"UBGuQ~z:0L9}bD}Wr?OrX+D%jF%MRl%MxaIp","type":"image","mimeType":"image\/jpeg","creationDate":"2022-03-29T13:12:21","src":"https:\/\/quintoandar.com.br\/guias\/wp-content\/uploads\/2022\/03\/image1-1-scaled.jpeg","width":2560,"height":1439,"id":435115,"alt":"image1","sizes":{"medium":{"file":"image1-1-300x169.jpeg","width":300,"height":169,"mimeType":"image\/jpeg","sourceUrl":"https:\/\/quintoandar.com.br\/guias\/wp-content\/uploads\/2022\/03\/image1-1-300x169.jpeg"},"large":{"file":"image1-1-1024x576.jpeg","width":1024,"height":576,"mimeType":"image\/jpeg","sourceUrl":"https:\/\/quintoandar.com.br\/guias\/wp-content\/uploads\/2022\/03\/image1-1-1024x576.jpeg"},"thumbnail":{"file":"image1-1-150x150.jpeg","width":150,"height":150,"mimeType":"image\/jpeg","sourceUrl":"https:\/\/quintoandar.com.br\/guias\/wp-content\/uploads\/2022\/03\/image1-1-150x150.jpeg"},"medium_large":{"file":"image1-1-768x432.jpeg","width":768,"height":432,"mimeType":"image\/jpeg","sourceUrl":"https:\/\/quintoandar.com.br\/guias\/wp-content\/uploads\/2022\/03\/image1-1-768x432.jpeg"},"1536x1536":{"file":"image1-1-1536x864.jpeg","width":1536,"height":864,"mimeType":"image\/jpeg","sourceUrl":"https:\/\/quintoandar.com.br\/guias\/wp-content\/uploads\/2022\/03\/image1-1-1536x864.jpeg"},"2048x2048":{"file":"image1-1-2048x1151.jpeg","width":2048,"height":1151,"mimeType":"image\/jpeg","sourceUrl":"https:\/\/quintoandar.com.br\/guias\/wp-content\/uploads\/2022\/03\/image1-1-2048x1151.jpeg"},"post-thumbnail":{"file":"image1-1-350x219.jpeg","width":350,"height":219,"mimeType":"image\/jpeg","sourceUrl":"https:\/\/quintoandar.com.br\/guias\/wp-content\/uploads\/2022\/03\/image1-1-350x219.jpeg"},"chamada-destaque":{"file":"image1-1-683x587.jpeg","width":683,"height":587,"mimeType":"image\/jpeg","sourceUrl":"https:\/\/quintoandar.com.br\/guias\/wp-content\/uploads\/2022\/03\/image1-1-683x587.jpeg"},"single-destaque":{"file":"image1-1-600x480.jpeg","width":600,"height":480,"mimeType":"image\/jpeg","sourceUrl":"https:\/\/quintoandar.com.br\/guias\/wp-content\/uploads\/2022\/03\/image1-1-600x480.jpeg"},"alm-thumbnail":{"file":"image1-1-150x150.jpeg","width":150,"height":150,"mimeType":"image\/jpeg","sourceUrl":"https:\/\/quintoandar.com.br\/guias\/wp-content\/uploads\/2022\/03\/image1-1-150x150.jpeg"},"wpvqgr-square-answer":{"file":"image1-1-300x300.jpeg","width":300,"height":300,"mimeType":"image\/jpeg","sourceUrl":"https:\/\/quintoandar.com.br\/guias\/wp-content\/uploads\/2022\/03\/image1-1-300x300.jpeg"},"web-stories-poster-portrait":{"file":"image1-1-640x853.jpeg","width":640,"height":853,"mimeType":"image\/jpeg","sourceUrl":"https:\/\/quintoandar.com.br\/guias\/wp-content\/uploads\/2022\/03\/image1-1-640x853.jpeg"},"web-stories-publisher-logo":{"file":"image1-1-96x96.jpeg","width":96,"height":96,"mimeType":"image\/jpeg","sourceUrl":"https:\/\/quintoandar.com.br\/guias\/wp-content\/uploads\/2022\/03\/image1-1-96x96.jpeg"},"web-stories-thumbnail":{"file":"image1-1-150x84.jpeg","width":150,"height":84,"mimeType":"image\/jpeg","sourceUrl":"https:\/\/quintoandar.com.br\/guias\/wp-content\/uploads\/2022\/03\/image1-1-150x84.jpeg"},"full":{"file":"image1-1-scaled.jpeg","width":2560,"height":1439,"mimeType":"image\/jpeg","sourceUrl":"https:\/\/quintoandar.com.br\/guias\/wp-content\/uploads\/2022\/03\/image1-1-scaled.jpeg"}},"isPlaceholder":false,"isOptimized":false,"isMuted":false,"isExternal":false,"needsProxy":false,"provider":"local"},"type":"image","x":0,"y":-88,"width":544,"height":307,"mask":{"type":"rectangle","showInLibrary":true,"name":"Ret\u00e2ngulo","path":"M 0,0 1,0 1,1 0,1 0,0 Z","ratio":1,"supportsBorder":true},"basedOn":"3a2e5c0b-9b24-4f55-bdaf-d759792e6f03","alt":"ilustra\u00e7\u00e3o de stories sobre melhores praias de Santos mostra pessoas convivendo em uma pra\u00e7a","link":null,"id":"7516ecb7-5cf7-4f97-a95b-02c29f143028"}],"animations":[],"backgroundColor":{"color":{"r":36,"g":88,"b":37}},"type":"page","id":"a2b48a03-fac8-4c26-a9c0-af96cda262c5","defaultBackgroundElement":{"opacity":100,"flip":{"vertical":false,"horizontal":false},"rotationAngle":0,"lockAspectRatio":true,"backgroundColor":{"color":{"r":196,"g":196,"b":196}},"x":1,"y":1,"width":1,"height":1,"mask":{"type":"rectangle"},"isBackground":true,"isDefaultBackground":true,"type":"shape","id":"d30996f6-74d0-4192-81c0-4c75833133d2"},"pageAttachment":{"url":"https:\/\/quintoandar.com.br\/melhores-praias-santos\/","icon":"","needsProxy":false,"ctaText":"Arraste aqui"}}],"autoAdvance":true,"defaultPageDuration":7,"currentStoryStyles":{"colors":[{"color":{"r":196,"g":196,"b":196}}]}},"story_poster":{"id":460168,"url":"https:\/\/www.quintoandar.com.br\/guias\/wp-content\/uploads\/2021\/10\/cropped-Praia-de-Santos-em-SP-640x853.jpg","width":640,"height":853,"needsProxy":false},"_links":{"self":[{"href":"https:\/\/www.quintoandar.com.br\/guias\/wp-json\/web-stories\/v1\/web-story\/460162","targetHints":{"allow":["GET"]}}],"collection":[{"href":"https:\/\/www.quintoandar.com.br\/guias\/wp-json\/web-stories\/v1\/web-story"}],"about":[{"href":"https:\/\/www.quintoandar.com.br\/guias\/wp-json\/wp\/v2\/types\/web-story"}],"author":[{"embeddable":true,"href":"https:\/\/www.quintoandar.com.br\/guias\/wp-json\/web-stories\/v1\/users\/45"}],"version-history":[{"count":10,"href":"https:\/\/www.quintoandar.com.br\/guias\/wp-json\/web-stories\/v1\/web-story\/460162\/revisions"}],"predecessor-version":[{"id":460183,"href":"https:\/\/www.quintoandar.com.br\/guias\/wp-json\/web-stories\/v1\/web-story\/460162\/revisions\/460183"}],"wp:featuredmedia":[{"embeddable":true,"href":"https:\/\/www.quintoandar.com.br\/guias\/wp-json\/web-stories\/v1\/media\/460168"}],"wp:attachment":[{"href":"https:\/\/www.quintoandar.com.br\/guias\/wp-json\/web-stories\/v1\/media?parent=460162"}],"wp:term":[{"taxonomy":"web_story_category","embeddable":true,"href":"https:\/\/www.quintoandar.com.br\/guias\/wp-json\/web-stories\/v1\/web_story_category?post=460162"},{"taxonomy":"web_story_tag","embeddable":true,"href":"https:\/\/www.quintoandar.com.br\/guias\/wp-json\/web-stories\/v1\/web_story_tag?post=460162"}],"wp:lock":[{"embeddable":true,"href":"https:\/\/www.quintoandar.com.br\/guias\/wp-json\/web-stories\/v1\/web-story\/460162\/lock"}],"wp:publisherlogo":[{"embeddable":true,"href":"https:\/\/www.quintoandar.com.br\/guias\/wp-json\/web-stories\/v1\/media\/428798"}],"curies":[{"name":"wp","href":"https:\/\/api.w.org\/{rel}","templated":true}]}}