{"id":460503,"date":"2022-12-03T09:05:00","date_gmt":"2022-12-03T12:05:00","guid":{"rendered":"https:\/\/www.quintoandar.com.br\/guias\/?post_type=web-story&#038;p=460503"},"modified":"2023-04-24T15:13:12","modified_gmt":"2023-04-24T18:13:12","slug":"5-melhores-praias-zona-sul-rio","status":"publish","type":"web-story","link":"https:\/\/www.quintoandar.com.br\/guias\/web-stories\/5-melhores-praias-zona-sul-rio\/","title":{"rendered":"5 das melhores praias da Zona Sul do Rio de Janeiro"},"content":{"rendered":"<p><html amp=\"\" lang=\"en\"><head><meta charSet=\"utf-8\"\/><meta name=\"viewport\" content=\"width=device-width,minimum-scale=1,initial-scale=1\"\/><script async=\"\" src=\"https:\/\/cdn.ampproject.org\/v0.js\"><\/script><script async=\"\" src=\"https:\/\/cdn.ampproject.org\/v0\/amp-story-1.0.js\" custom-element=\"amp-story\"><\/script><script async=\"\" src=\"https:\/\/cdn.ampproject.org\/v0\/amp-video-0.1.js\" custom-element=\"amp-video\"><\/script><link href=\"https:\/\/fonts.googleapis.com\/css2?display=swap&amp;family=Poppins%3Awght%40400%3B600\" rel=\"stylesheet\"\/><noscript><\/noscript><meta name=\"web-stories-replace-head-start\"\/><title>5 das melhores praias da Zona Sul do Rio de Janeiro<\/title><link rel=\"canonical\" href=\"https:\/\/www.quintoandar.com.br\/guias\/?post_type=web-story&amp;p=460503\"\/><meta name=\"web-stories-replace-head-end\"\/><\/head><body><amp-story standalone=\"\" publisher=\"MeuLugar\" publisher-logo-src=\"https:\/\/www.quintoandar.com.br\/guias\/wp-content\/uploads\/2022\/01\/Logo_MeuLugar.png\" title=\"5 das melhores praias da Zona Sul do Rio de Janeiro\" poster-portrait-src=\"https:\/\/www.quintoandar.com.br\/guias\/wp-content\/uploads\/2022\/12\/cropped-Praias-do-Rio-de-Janeiro-Botafogo.webp\"><amp-story-page id=\"263f42bc-a79f-495c-96c8-15ded26152f5\" auto-advance-after=\"7s\"><amp-story-grid-layer template=\"vertical\" aspect-ratio=\"412:618\" class=\"grid-layer\"><\/p>\n<div class=\"page-fullbleed-area\" style=\"background-color:#245825\">\n<div class=\"page-safe-area\">\n<div style=\"position:absolute;pointer-events:none;left:0;top:-9.25926%;width:100%;height:118.51852%;opacity:1\">\n<div style=\"pointer-events:initial;width:100%;height:100%;display:block;position:absolute;top:0;left:0;z-index:0\" class=\"mask\" id=\"el-5e4c0825-cf1b-4ce6-b362-6dec3c39bb1b\">\n<div class=\"fill\" style=\"will-change:transform\"><\/div>\n<\/div>\n<\/div>\n<\/div>\n<\/div>\n<p><\/amp-story-grid-layer><amp-story-grid-layer template=\"vertical\" aspect-ratio=\"412:618\" class=\"grid-layer\"><\/p>\n<div class=\"page-fullbleed-area\">\n<div class=\"page-safe-area\">\n<div style=\"position:absolute;pointer-events:none;left:11.65049%;top:19.7411%;width:77.18447%;height:17.47573%;opacity:1\">\n<div style=\"pointer-events:initial;width:100%;height:100%;display:block;position:absolute;top:0;left:0;z-index:0;border-radius:0.628930817610063% 0.628930817610063% 0.628930817610063% 0.628930817610063% \/ 1.8518518518518516% 1.8518518518518516% 1.8518518518518516% 1.8518518518518516%\" id=\"el-3c610e28-eb19-4563-a420-3950da19ad2d\">\n<h2 class=\"fill text-wrapper\" style=\"white-space:pre-line;overflow-wrap:break-word;word-break:break-word;margin:1.4150943396226416% 0;font-family:&quot;Poppins&quot;,sans-serif;font-size:0.485437em;line-height:1.1;text-align:left;padding:0;color:#000000\"><span><span style=\"font-weight: 600; color: #f8f9f5\">5 das melhores praias da Zona Sul do Rio de Janeiro\/RJ<\/span><\/span><\/h2>\n<\/div>\n<\/div>\n<div style=\"position:absolute;pointer-events:none;left:11.65049%;top:49.19094%;width:76.21359%;height:50.80906%;opacity:1\">\n<div style=\"pointer-events:initial;width:100%;height:100%;display:block;position:absolute;top:0;left:0;z-index:0\" class=\"mask\" id=\"el-ee0795d1-7930-4c6d-9924-605ff66db8fa\">\n<div class=\"fill\" style=\"background-color:#a3c7a1;will-change:transform\"><\/div>\n<\/div>\n<\/div>\n<div style=\"position:absolute;pointer-events:none;left:15.04854%;top:51.2945%;width:69.41748%;height:46.27832%;opacity:1\">\n<div style=\"pointer-events:initial;width:100%;height:100%;display:block;position:absolute;top:0;left:0;z-index:0;border-radius:0% 0% 0% 0% \/ 0% 0% 0% 0%\" class=\"mask\" id=\"el-2eadb7ee-ddcd-4d3b-a70c-3ca81c4c59fe\"><a href=\"https:\/\/www.quintoandar.com.br\/guias\/cidades\/praias-do-rio-de-janeiro\/\" data-tooltip-icon=\"https:\/\/www.quintoandar.com.br\/guias\/wp-content\/uploads\/2022\/01\/Praias-do-Rio-de-Janeiro-Copacabana-Luciola-Vilella-MTUR.jpg\" data-tooltip-text=\"Praias do Rio de Janeiro: 15 op\u00e7\u00f5es para conhecer e morar\" target=\"_blank\" rel=\"noreferrer noopener\" style=\"width:100%;height:100%;display:block;position:absolute;top:0;left:0\"><\/p>\n<div style=\"position:absolute;width:177.46967%;height:100%;left:-77.46967%;top:0%\" data-leaf-element=\"true\"><amp-img layout=\"fill\" src=\"https:\/\/www.quintoandar.com.br\/guias\/wp-content\/uploads\/2022\/12\/Praias-do-Rio-de-Janeiro-Botafogo-1.webp\" alt=\"A foto mostra a Praia do Botafogo. Ao fundo, est\u00e1 o P\u00e3o de A\u00e7\u00facar.\" srcSet=\"https:\/\/www.quintoandar.com.br\/guias\/wp-content\/uploads\/2022\/12\/Praias-do-Rio-de-Janeiro-Botafogo-1.webp 1024w,https:\/\/www.quintoandar.com.br\/guias\/wp-content\/uploads\/2022\/12\/Praias-do-Rio-de-Janeiro-Botafogo-1-768x433.webp 768w,https:\/\/www.quintoandar.com.br\/guias\/wp-content\/uploads\/2022\/12\/Praias-do-Rio-de-Janeiro-Botafogo-1-300x169.webp 300w,https:\/\/www.quintoandar.com.br\/guias\/wp-content\/uploads\/2022\/12\/Praias-do-Rio-de-Janeiro-Botafogo-1-150x85.webp 150w\" sizes=\"(min-width: 1024px) 31vh, 69vw\" disable-inline-width=\"true\"><\/amp-img><\/div>\n<p><\/a><\/div>\n<\/div>\n<div style=\"position:absolute;pointer-events:none;left:11.65049%;top:0;width:54.61165%;height:5.66343%;opacity:1\">\n<div style=\"pointer-events:initial;width:100%;height:100%;display:block;position:absolute;top:0;left:0;z-index:0\" class=\"mask\" id=\"el-d082c74c-3fa3-443a-8afc-1566b8cbf2d1\">\n<div style=\"position:absolute;width:100.0505%;height:100%;left:-0.02525%;top:0%\" data-leaf-element=\"true\"><amp-img layout=\"fill\" src=\"https:\/\/www.quintoandar.com.br\/guias\/wp-content\/uploads\/2022\/01\/image-17.png\" alt=\"image\" srcSet=\"https:\/\/www.quintoandar.com.br\/guias\/wp-content\/uploads\/2022\/01\/image-17.png 566w\" sizes=\"(min-width: 1024px) 25vh, 55vw\" disable-inline-width=\"true\"><\/amp-img><\/div>\n<\/div>\n<\/div>\n<\/div>\n<\/div>\n<p><\/amp-story-grid-layer><\/amp-story-page><amp-story-page id=\"97f1302f-1e63-474a-9a0c-67f1cf96346e\" auto-advance-after=\"7s\"><amp-story-animation layout=\"nodisplay\" trigger=\"visibility\"><script type=\"application\/json\">[{\"selector\":\"#anim-33db8be9-e1ee-4b35-b1c7-f3485f36a207\",\"keyframes\":{\"opacity\":[0,1]},\"delay\":0,\"duration\":600,\"easing\":\"cubic-bezier(0.2, 0.6, 0.0, 1)\",\"fill\":\"both\"}]<\/script><\/amp-story-animation><amp-story-animation layout=\"nodisplay\" trigger=\"visibility\"><script type=\"application\/json\">[{\"selector\":\"#anim-5aa19c23-5400-4df6-b49d-4306f90dfe75\",\"keyframes\":{\"transform\":[\"translate3d(-117.64707%, 0px, 0)\",\"translate3d(0px, 0px, 0)\"]},\"delay\":0,\"duration\":600,\"easing\":\"cubic-bezier(0.2, 0.6, 0.0, 1)\",\"fill\":\"both\"}]<\/script><\/amp-story-animation><amp-story-animation layout=\"nodisplay\" trigger=\"visibility\"><script type=\"application\/json\">[{\"selector\":\"#anim-8dce2fb0-813b-471a-b31a-f8b6cf469df4\",\"keyframes\":{\"opacity\":[0,1]},\"delay\":0,\"duration\":600,\"easing\":\"cubic-bezier(0.4, 0.4, 0.0, 1)\",\"fill\":\"both\"}]<\/script><\/amp-story-animation><amp-story-grid-layer template=\"vertical\" aspect-ratio=\"412:618\" class=\"grid-layer\"><\/p>\n<div class=\"page-fullbleed-area\" style=\"background-color:#5063f8\">\n<div class=\"page-safe-area\">\n<div style=\"position:absolute;pointer-events:none;left:0;top:-9.25926%;width:100%;height:118.51852%;opacity:1\">\n<div style=\"pointer-events:initial;width:100%;height:100%;display:block;position:absolute;top:0;left:0;z-index:0\" class=\"mask\" id=\"el-d2b72a51-1e66-4949-8dca-7e94d60af9ce\">\n<div class=\"fill\" style=\"will-change:transform\"><\/div>\n<\/div>\n<\/div>\n<\/div>\n<\/div>\n<p><\/amp-story-grid-layer><amp-story-grid-layer template=\"vertical\" aspect-ratio=\"412:618\" class=\"grid-layer\"><\/p>\n<div class=\"page-fullbleed-area\">\n<div class=\"page-safe-area\">\n<div style=\"position:absolute;pointer-events:none;left:0;top:-9.2233%;width:100.24272%;height:60.67961%;opacity:1\">\n<div style=\"pointer-events:initial;width:100%;height:100%;display:block;position:absolute;top:0;left:0;z-index:0\" class=\"mask\" id=\"el-7ea6faf4-79c1-4c85-baa8-8f8f53550695\">\n<div class=\"fill\" style=\"background-color:#f8f9f5;will-change:transform\"><\/div>\n<\/div>\n<\/div>\n<div style=\"position:absolute;pointer-events:none;left:13.1068%;top:8.73786%;width:74.27184%;height:30.90615%;opacity:1\">\n<div id=\"anim-33db8be9-e1ee-4b35-b1c7-f3485f36a207\" class=\"animation-wrapper\" style=\"width:100%;height:100%;display:block;position:absolute;top:0;left:0;--initial-opacity:0;--initial-transform:none\">\n<div id=\"anim-5aa19c23-5400-4df6-b49d-4306f90dfe75\" class=\"animation-wrapper\" style=\"width:100%;height:100%;display:block;position:absolute;top:0;left:0;--initial-opacity:1;--initial-transform:translate3d(-117.64707%, 0px, 0)\">\n<div style=\"pointer-events:initial;width:100%;height:100%;display:block;position:absolute;top:0;left:0;z-index:0\" id=\"el-8a26d018-0739-4342-b710-81b13a34441d\">\n<h3 class=\"fill text-wrapper\" style=\"white-space:pre-line;overflow-wrap:break-word;word-break:break-word;margin:1.0294117647058818% 0;font-family:&quot;Poppins&quot;,sans-serif;font-size:0.339806em;line-height:1.1;text-align:initial;padding:0;color:#000000\"><span>As praias do Rio de Janeiro revelam parte da magia que \u00e9 inspira\u00e7\u00e3o n\u00e3o s\u00f3 nas can\u00e7\u00f5es ic\u00f4nicas de Vin\u00edcius de Moraes e Tom Jobim, mas tamb\u00e9m no dia a dia de quem mora ou apenas passeia pela regi\u00e3o.<\/span><\/h3>\n<\/div>\n<\/div>\n<\/div>\n<\/div>\n<div style=\"position:absolute;pointer-events:none;left:0;top:46.44013%;width:100.24272%;height:64.07767%;opacity:1\">\n<div style=\"pointer-events:initial;width:100%;height:100%;display:block;position:absolute;top:0;left:0;z-index:0\" class=\"mask\" id=\"el-21758096-c7b6-43d4-bc9f-fd2e9434d798\">\n<div class=\"fill\" style=\"background-color:#245825;will-change:transform\"><\/div>\n<\/div>\n<\/div>\n<div style=\"position:absolute;pointer-events:none;left:4.85437%;top:50%;width:90.53398%;height:56.14887%;opacity:1\">\n<div id=\"anim-8dce2fb0-813b-471a-b31a-f8b6cf469df4\" class=\"animation-wrapper\" style=\"width:100%;height:100%;display:block;position:absolute;top:0;left:0;--initial-opacity:0;--initial-transform:none\">\n<div style=\"pointer-events:initial;width:100%;height:100%;display:block;position:absolute;top:0;left:0;z-index:0\" class=\"mask\" id=\"el-9e920425-d3be-4cc9-a9ee-914dc60cf5ba\">\n<div style=\"position:absolute;width:218.53155%;height:100%;left:-59.26578%;top:0%\" data-leaf-element=\"true\"><amp-video id=\"el-9e920425-d3be-4cc9-a9ee-914dc60cf5ba-media\" autoplay=\"autoplay\" loop=\"loop\" noaudio=\"noaudio\" poster=\"https:\/\/media.tenor.com\/LdlTc1Q74AcAAAAe\/rio-de-janeiro-ipanema.png\" layout=\"fill\" alt=\"O v\u00eddeo mostra um dia de sol intenso em uma das praias do Rio de Janeiro, com muita gente na areia e no mar.\"><source type=\"video\/mp4\" src=\"https:\/\/media.tenor.com\/LdlTc1Q74AcAAAPo\/rio-de-janeiro-ipanema.mp4\"\/><\/amp-video><\/div>\n<\/div>\n<\/div>\n<\/div>\n<\/div>\n<\/div>\n<p><\/amp-story-grid-layer><\/amp-story-page><amp-story-page id=\"4be621d2-bda7-4646-8ad0-1b7d4daca51f\" auto-advance-after=\"7s\"><amp-story-animation layout=\"nodisplay\" trigger=\"visibility\"><script type=\"application\/json\">[{\"selector\":\"#anim-8c748bc9-d4b4-4db2-88c4-26a9c1b6b926\",\"keyframes\":{\"opacity\":[0,1]},\"delay\":0,\"duration\":600,\"easing\":\"cubic-bezier(0.2, 0.6, 0.0, 1)\",\"fill\":\"both\"}]<\/script><\/amp-story-animation><amp-story-animation layout=\"nodisplay\" trigger=\"visibility\"><script type=\"application\/json\">[{\"selector\":\"#anim-b3ebc414-b2d4-4ee4-8111-fa39f721588b\",\"keyframes\":{\"transform\":[\"translate3d(-116.98718%, 0px, 0)\",\"translate3d(0px, 0px, 0)\"]},\"delay\":0,\"duration\":600,\"easing\":\"cubic-bezier(0.2, 0.6, 0.0, 1)\",\"fill\":\"both\"}]<\/script><\/amp-story-animation><amp-story-animation layout=\"nodisplay\" trigger=\"visibility\"><script type=\"application\/json\">[{\"selector\":\"#anim-080e4416-4487-477a-93be-472e4929ae26\",\"keyframes\":{\"opacity\":[0,1]},\"delay\":0,\"duration\":600,\"easing\":\"cubic-bezier(0.4, 0.4, 0.0, 1)\",\"fill\":\"both\"}]<\/script><\/amp-story-animation><amp-story-grid-layer template=\"vertical\" aspect-ratio=\"412:618\" class=\"grid-layer\"><\/p>\n<div class=\"page-fullbleed-area\" style=\"background-color:#5063f8\">\n<div class=\"page-safe-area\">\n<div style=\"position:absolute;pointer-events:none;left:0;top:-9.25926%;width:100%;height:118.51852%;opacity:1\">\n<div style=\"pointer-events:initial;width:100%;height:100%;display:block;position:absolute;top:0;left:0;z-index:0\" class=\"mask\" id=\"el-27b1fe81-5928-4ea0-837c-594ef7756b99\">\n<div class=\"fill\" style=\"will-change:transform\"><\/div>\n<\/div>\n<\/div>\n<\/div>\n<\/div>\n<p><\/amp-story-grid-layer><amp-story-grid-layer template=\"vertical\" aspect-ratio=\"412:618\" class=\"grid-layer\"><\/p>\n<div class=\"page-fullbleed-area\">\n<div class=\"page-safe-area\">\n<div style=\"position:absolute;pointer-events:none;left:0;top:-9.2233%;width:100.24272%;height:60.67961%;opacity:1\">\n<div style=\"pointer-events:initial;width:100%;height:100%;display:block;position:absolute;top:0;left:0;z-index:0\" class=\"mask\" id=\"el-0b212ab7-9cb1-4819-b817-f51709b163f4\">\n<div class=\"fill\" style=\"background-color:#f8f9f5;will-change:transform\"><\/div>\n<\/div>\n<\/div>\n<div style=\"position:absolute;pointer-events:none;left:12.86408%;top:8.57605%;width:75.72816%;height:30.90615%;opacity:1\">\n<div id=\"anim-8c748bc9-d4b4-4db2-88c4-26a9c1b6b926\" class=\"animation-wrapper\" style=\"width:100%;height:100%;display:block;position:absolute;top:0;left:0;--initial-opacity:0;--initial-transform:none\">\n<div id=\"anim-b3ebc414-b2d4-4ee4-8111-fa39f721588b\" class=\"animation-wrapper\" style=\"width:100%;height:100%;display:block;position:absolute;top:0;left:0;--initial-opacity:1;--initial-transform:translate3d(-116.98718%, 0px, 0)\">\n<div style=\"pointer-events:initial;width:100%;height:100%;display:block;position:absolute;top:0;left:0;z-index:0\" id=\"el-88c54e38-2b36-4968-ab9f-5d402bae7907\">\n<h3 class=\"fill text-wrapper\" style=\"white-space:pre-line;overflow-wrap:break-word;word-break:break-word;margin:1.0096153846153841% 0;font-family:&quot;Poppins&quot;,sans-serif;font-size:0.339806em;line-height:1.1;text-align:initial;padding:0;color:#000000\"><span>Listamos algumas das principais praias da Zona Sul que se destacam n\u00e3o apenas pelas belezas naturais, mas pelas op\u00e7\u00f5es de servi\u00e7os e lazer para os moradores e frequentadores. Confira a seguir.<\/span><\/h3>\n<\/div>\n<\/div>\n<\/div>\n<\/div>\n<div style=\"position:absolute;pointer-events:none;left:0;top:46.44013%;width:100.24272%;height:64.07767%;opacity:1\">\n<div style=\"pointer-events:initial;width:100%;height:100%;display:block;position:absolute;top:0;left:0;z-index:0\" class=\"mask\" id=\"el-d9c3c795-0fc2-413f-b8f6-1dd79e0c6cb6\">\n<div class=\"fill\" style=\"background-color:#245825;will-change:transform\"><\/div>\n<\/div>\n<\/div>\n<div style=\"position:absolute;pointer-events:none;left:5.33981%;top:50%;width:90.53398%;height:56.14887%;opacity:1\">\n<div id=\"anim-080e4416-4487-477a-93be-472e4929ae26\" class=\"animation-wrapper\" style=\"width:100%;height:100%;display:block;position:absolute;top:0;left:0;--initial-opacity:0;--initial-transform:none\">\n<div style=\"pointer-events:initial;width:100%;height:100%;display:block;position:absolute;top:0;left:0;z-index:0\" class=\"mask\" id=\"el-988f25a1-cab1-4ea3-b3a9-efbfe5d15190\">\n<div style=\"position:absolute;width:165.4596%;height:100%;left:-32.7298%;top:0%\" data-leaf-element=\"true\"><amp-video id=\"el-988f25a1-cab1-4ea3-b3a9-efbfe5d15190-media\" autoplay=\"autoplay\" loop=\"loop\" noaudio=\"noaudio\" poster=\"https:\/\/media.tenor.com\/fRMNqC4rrwEAAAAe\/beach-date.png\" layout=\"fill\" alt=\"O v\u00eddeo mostra o p\u00f4r do sol em uma das praias do Rio de Janeiro, com o Cristo Redentor ao fundo pr\u00f3ximo ao sol e bastante pessoas na praia.\"><source type=\"video\/mp4\" src=\"https:\/\/media.tenor.com\/fRMNqC4rrwEAAAPo\/beach-date.mp4\"\/><\/amp-video><\/div>\n<\/div>\n<\/div>\n<\/div>\n<\/div>\n<\/div>\n<p><\/amp-story-grid-layer><\/amp-story-page><amp-story-page id=\"9445d78c-1905-45f5-be8e-79c8298ed3ec\" auto-advance-after=\"7s\"><amp-story-animation layout=\"nodisplay\" trigger=\"visibility\"><script type=\"application\/json\">[{\"selector\":\"#anim-05fdeb4c-48b3-4dbe-bfbe-41ea02f60998\",\"keyframes\":[{\"offset\":0,\"transform\":\"translate3d(0, -170.29846%, 0)\",\"easing\":\"cubic-bezier(.5, 0, 1, 1)\"},{\"offset\":0.29,\"transform\":\"translate3d(0, 0%, 0)\",\"easing\":\"cubic-bezier(0, 0, .5, 1)\"},{\"offset\":0.45,\"transform\":\"translate3d(0, -47.887926952%, 0)\",\"easing\":\"cubic-bezier(.5, 0, 1, 1)\"},{\"offset\":0.61,\"transform\":\"translate3d(0, 0%, 0)\",\"easing\":\"cubic-bezier(0, 0, .5, 1)\"},{\"offset\":0.71,\"transform\":\"translate3d(0, -16.280532776%, 0)\",\"easing\":\"cubic-bezier(.5, 0, 1, 1)\"},{\"offset\":0.8,\"transform\":\"translate3d(0, 0%, 0)\",\"easing\":\"cubic-bezier(0, 0, .5, 1)\"},{\"offset\":0.85,\"transform\":\"translate3d(0, -6.113714714%, 0)\",\"easing\":\"cubic-bezier(.5, 0, 1, 1)\"},{\"offset\":0.92,\"transform\":\"translate3d(0, 0%, 0)\",\"easing\":\"cubic-bezier(0, 0, .5, 1)\"},{\"offset\":0.96,\"transform\":\"translate3d(0, -2.656655976%, 0)\",\"easing\":\"cubic-bezier(.5, 0, 1, 1)\"},{\"offset\":1,\"transform\":\"translate3d(0, 0%, 0)\",\"easing\":\"cubic-bezier(0, 0, .5, 1)\"}],\"delay\":0,\"duration\":1600,\"fill\":\"both\"}]<\/script><\/amp-story-animation><amp-story-animation layout=\"nodisplay\" trigger=\"visibility\"><script type=\"application\/json\">[{\"selector\":\"#anim-4634ef4a-c82e-493e-b8d4-5b98a37125cd\",\"keyframes\":{\"opacity\":[0,1]},\"delay\":0,\"duration\":600,\"easing\":\"cubic-bezier(0.2, 0.6, 0.0, 1)\",\"fill\":\"both\"}]<\/script><\/amp-story-animation><amp-story-animation layout=\"nodisplay\" trigger=\"visibility\"><script type=\"application\/json\">[{\"selector\":\"#anim-bf355fb8-a9f2-4a85-92eb-fc57b825973f\",\"keyframes\":{\"transform\":[\"translate3d(-114.73355%, 0px, 0)\",\"translate3d(0px, 0px, 0)\"]},\"delay\":0,\"duration\":600,\"easing\":\"cubic-bezier(0.2, 0.6, 0.0, 1)\",\"fill\":\"both\"}]<\/script><\/amp-story-animation><amp-story-animation layout=\"nodisplay\" trigger=\"visibility\"><script type=\"application\/json\">[{\"selector\":\"#anim-95029fc3-d65d-4094-9801-8b454eabdbdf\",\"keyframes\":{\"opacity\":[0,1]},\"delay\":0,\"duration\":600,\"easing\":\"cubic-bezier(0.2, 0.6, 0.0, 1)\",\"fill\":\"both\"}]<\/script><\/amp-story-animation><amp-story-animation layout=\"nodisplay\" trigger=\"visibility\"><script type=\"application\/json\">[{\"selector\":\"#anim-01c880df-13d7-4bc9-8982-44891fc62d90\",\"keyframes\":{\"transform\":[\"translate3d(-115.18988%, 0px, 0)\",\"translate3d(0px, 0px, 0)\"]},\"delay\":0,\"duration\":600,\"easing\":\"cubic-bezier(0.2, 0.6, 0.0, 1)\",\"fill\":\"both\"}]<\/script><\/amp-story-animation><amp-story-grid-layer template=\"vertical\" aspect-ratio=\"412:618\" class=\"grid-layer\"><\/p>\n<div class=\"page-fullbleed-area\" style=\"background-color:#245825\">\n<div class=\"page-safe-area\">\n<div style=\"position:absolute;pointer-events:none;left:0;top:-9.25926%;width:100%;height:118.51852%;opacity:1\">\n<div style=\"pointer-events:initial;width:100%;height:100%;display:block;position:absolute;top:0;left:0;z-index:0\" class=\"mask\" id=\"el-4a2cdd23-8124-4eb7-a9bf-1413f2f89d03\">\n<div class=\"fill\" style=\"will-change:transform\"><\/div>\n<\/div>\n<\/div>\n<\/div>\n<\/div>\n<p><\/amp-story-grid-layer><amp-story-grid-layer template=\"vertical\" aspect-ratio=\"412:618\" class=\"grid-layer\"><\/p>\n<div class=\"page-fullbleed-area\">\n<div class=\"page-safe-area\">\n<div style=\"position:absolute;pointer-events:none;left:11.16505%;top:0;width:77.18447%;height:50%;opacity:1\">\n<div id=\"anim-05fdeb4c-48b3-4dbe-bfbe-41ea02f60998\" class=\"animation-wrapper\" style=\"width:100%;height:100%;display:block;position:absolute;top:0;left:0;--initial-opacity:1;--initial-transform:translate3d(0, -170.29846%, 0)\">\n<div style=\"pointer-events:initial;width:100%;height:100%;display:block;position:absolute;top:0;left:0;z-index:0\" class=\"mask\" id=\"el-1a8c844b-c5d6-4172-b775-b9a6c464360f\">\n<div style=\"position:absolute;width:172.59291%;height:100%;left:-57.88974%;top:0%\" data-leaf-element=\"true\"><amp-img layout=\"fill\" src=\"https:\/\/www.quintoandar.com.br\/guias\/wp-content\/uploads\/2022\/12\/Praias-do-Rio-de-Janeiro-Flamengo-1.webp\" alt=\"Foto da vista de cima da Praia do Flamengo.\" srcSet=\"https:\/\/www.quintoandar.com.br\/guias\/wp-content\/uploads\/2022\/12\/Praias-do-Rio-de-Janeiro-Flamengo-1.webp 1000w,https:\/\/www.quintoandar.com.br\/guias\/wp-content\/uploads\/2022\/12\/Praias-do-Rio-de-Janeiro-Flamengo-1-768x432.webp 768w,https:\/\/www.quintoandar.com.br\/guias\/wp-content\/uploads\/2022\/12\/Praias-do-Rio-de-Janeiro-Flamengo-1-300x169.webp 300w,https:\/\/www.quintoandar.com.br\/guias\/wp-content\/uploads\/2022\/12\/Praias-do-Rio-de-Janeiro-Flamengo-1-150x84.webp 150w\" sizes=\"(min-width: 1024px) 35vh, 77vw\" disable-inline-width=\"true\"><\/amp-img><\/div>\n<\/div>\n<\/div>\n<\/div>\n<div style=\"position:absolute;pointer-events:none;left:11.40777%;top:56.79612%;width:77.42718%;height:41.42395%;opacity:1\">\n<div id=\"anim-4634ef4a-c82e-493e-b8d4-5b98a37125cd\" class=\"animation-wrapper\" style=\"width:100%;height:100%;display:block;position:absolute;top:0;left:0;--initial-opacity:0;--initial-transform:none\">\n<div id=\"anim-bf355fb8-a9f2-4a85-92eb-fc57b825973f\" class=\"animation-wrapper\" style=\"width:100%;height:100%;display:block;position:absolute;top:0;left:0;--initial-opacity:1;--initial-transform:translate3d(-114.73355%, 0px, 0)\">\n<div style=\"pointer-events:initial;width:100%;height:100%;display:block;position:absolute;top:0;left:0;z-index:0;border-radius:0.6269592476489028% 0.6269592476489028% 0.6269592476489028% 0.6269592476489028% \/ 0.78125% 0.78125% 0.78125% 0.78125%\" id=\"el-47f3b4f0-3fa1-4b01-935d-1feea4362c36\">\n<h3 class=\"fill text-wrapper\" style=\"white-space:pre-line;overflow-wrap:break-word;word-break:break-word;margin:0.6583072100313478% 0;font-family:&quot;Poppins&quot;,sans-serif;font-size:0.339806em;line-height:1.2;text-align:initial;padding:0;color:#000000\"><span><span style=\"color: #fff\">Com um visual de tirar o f\u00f4lego, ela oferece um olhar \u00fanico do amanhecer do sol pr\u00f3ximo ao Morro do P\u00e3o de A\u00e7\u00facar. Ao redor, no Aterro do Flamengo h\u00e1 muito espa\u00e7o para caminhar e pedalar, j\u00e1 que a praia conta com um parque urbano repleto de infraestrutura e paisagismo.&nbsp;<\/span><\/span><\/h3>\n<\/div>\n<\/div>\n<\/div>\n<\/div>\n<div style=\"position:absolute;pointer-events:none;left:11.65049%;top:51.2945%;width:76.69903%;height:5.33981%;opacity:1\">\n<div id=\"anim-95029fc3-d65d-4094-9801-8b454eabdbdf\" class=\"animation-wrapper\" style=\"width:100%;height:100%;display:block;position:absolute;top:0;left:0;--initial-opacity:0;--initial-transform:none\">\n<div id=\"anim-01c880df-13d7-4bc9-8982-44891fc62d90\" class=\"animation-wrapper\" style=\"width:100%;height:100%;display:block;position:absolute;top:0;left:0;--initial-opacity:1;--initial-transform:translate3d(-115.18988%, 0px, 0)\">\n<div style=\"pointer-events:initial;width:100%;height:100%;display:block;position:absolute;top:0;left:0;z-index:0;border-radius:0.6329113924050633% 0.6329113924050633% 0.6329113924050633% 0.6329113924050633% \/ 6.0606060606060606% 6.0606060606060606% 6.0606060606060606% 6.0606060606060606%\" id=\"el-1bccb3fb-61a0-4ca4-9199-a82e6f97fe61\">\n<h3 class=\"fill text-wrapper\" style=\"white-space:pre-line;overflow-wrap:break-word;word-break:break-word;margin:0.7594936708860754% 0;font-family:&quot;Poppins&quot;,sans-serif;font-size:0.388350em;line-height:1.2;text-align:initial;padding:0;color:#000000\"><span><span style=\"font-weight: 600; color: #fff\">Praia do Flamengo<\/span><\/span><\/h3>\n<\/div>\n<\/div>\n<\/div>\n<\/div>\n<\/div>\n<\/div>\n<p><\/amp-story-grid-layer><\/amp-story-page><amp-story-page id=\"81e6d37e-e2bd-4b7c-896a-75ade40f7391\" auto-advance-after=\"7s\"><amp-story-animation layout=\"nodisplay\" trigger=\"visibility\"><script type=\"application\/json\">[{\"selector\":\"#anim-4d1081db-cac2-4c5e-817c-8db7abf6ff12\",\"keyframes\":[{\"offset\":0,\"transform\":\"translate3d(0, -170.29846%, 0)\",\"easing\":\"cubic-bezier(.5, 0, 1, 1)\"},{\"offset\":0.29,\"transform\":\"translate3d(0, 0%, 0)\",\"easing\":\"cubic-bezier(0, 0, .5, 1)\"},{\"offset\":0.45,\"transform\":\"translate3d(0, -47.887926952%, 0)\",\"easing\":\"cubic-bezier(.5, 0, 1, 1)\"},{\"offset\":0.61,\"transform\":\"translate3d(0, 0%, 0)\",\"easing\":\"cubic-bezier(0, 0, .5, 1)\"},{\"offset\":0.71,\"transform\":\"translate3d(0, -16.280532776%, 0)\",\"easing\":\"cubic-bezier(.5, 0, 1, 1)\"},{\"offset\":0.8,\"transform\":\"translate3d(0, 0%, 0)\",\"easing\":\"cubic-bezier(0, 0, .5, 1)\"},{\"offset\":0.85,\"transform\":\"translate3d(0, -6.113714714%, 0)\",\"easing\":\"cubic-bezier(.5, 0, 1, 1)\"},{\"offset\":0.92,\"transform\":\"translate3d(0, 0%, 0)\",\"easing\":\"cubic-bezier(0, 0, .5, 1)\"},{\"offset\":0.96,\"transform\":\"translate3d(0, -2.656655976%, 0)\",\"easing\":\"cubic-bezier(.5, 0, 1, 1)\"},{\"offset\":1,\"transform\":\"translate3d(0, 0%, 0)\",\"easing\":\"cubic-bezier(0, 0, .5, 1)\"}],\"delay\":0,\"duration\":1600,\"fill\":\"both\"}]<\/script><\/amp-story-animation><amp-story-animation layout=\"nodisplay\" trigger=\"visibility\"><script type=\"application\/json\">[{\"selector\":\"#anim-1f3b4053-14d6-4806-82dd-ff5af74466d9\",\"keyframes\":{\"opacity\":[0,1]},\"delay\":0,\"duration\":600,\"easing\":\"cubic-bezier(0.2, 0.6, 0.0, 1)\",\"fill\":\"both\"}]<\/script><\/amp-story-animation><amp-story-animation layout=\"nodisplay\" trigger=\"visibility\"><script type=\"application\/json\">[{\"selector\":\"#anim-7c21ef64-0a0b-4edd-a67b-2d268fc769aa\",\"keyframes\":{\"transform\":[\"translate3d(-115.09434%, 0px, 0)\",\"translate3d(0px, 0px, 0)\"]},\"delay\":0,\"duration\":600,\"easing\":\"cubic-bezier(0.2, 0.6, 0.0, 1)\",\"fill\":\"both\"}]<\/script><\/amp-story-animation><amp-story-animation layout=\"nodisplay\" trigger=\"visibility\"><script type=\"application\/json\">[{\"selector\":\"#anim-0079e4f6-b127-4288-af2e-3b280aacd71f\",\"keyframes\":{\"opacity\":[0,1]},\"delay\":0,\"duration\":600,\"easing\":\"cubic-bezier(0.2, 0.6, 0.0, 1)\",\"fill\":\"both\"}]<\/script><\/amp-story-animation><amp-story-animation layout=\"nodisplay\" trigger=\"visibility\"><script type=\"application\/json\">[{\"selector\":\"#anim-6327a118-5c18-47c8-919b-aa43c0614ee5\",\"keyframes\":{\"transform\":[\"translate3d(-113.2948%, 0px, 0)\",\"translate3d(0px, 0px, 0)\"]},\"delay\":0,\"duration\":600,\"easing\":\"cubic-bezier(0.2, 0.6, 0.0, 1)\",\"fill\":\"both\"}]<\/script><\/amp-story-animation><amp-story-grid-layer template=\"vertical\" aspect-ratio=\"412:618\" class=\"grid-layer\"><\/p>\n<div class=\"page-fullbleed-area\" style=\"background-color:#245825\">\n<div class=\"page-safe-area\">\n<div style=\"position:absolute;pointer-events:none;left:0;top:-9.25926%;width:100%;height:118.51852%;opacity:1\">\n<div style=\"pointer-events:initial;width:100%;height:100%;display:block;position:absolute;top:0;left:0;z-index:0\" class=\"mask\" id=\"el-f523b4e9-e7c8-4d8a-aac2-26b7e8eb6cbf\">\n<div class=\"fill\" style=\"will-change:transform\"><\/div>\n<\/div>\n<\/div>\n<\/div>\n<\/div>\n<p><\/amp-story-grid-layer><amp-story-grid-layer template=\"vertical\" aspect-ratio=\"412:618\" class=\"grid-layer\"><\/p>\n<div class=\"page-fullbleed-area\">\n<div class=\"page-safe-area\">\n<div style=\"position:absolute;pointer-events:none;left:11.16505%;top:0;width:77.18447%;height:50%;opacity:1\">\n<div id=\"anim-4d1081db-cac2-4c5e-817c-8db7abf6ff12\" class=\"animation-wrapper\" style=\"width:100%;height:100%;display:block;position:absolute;top:0;left:0;--initial-opacity:1;--initial-transform:translate3d(0, -170.29846%, 0)\">\n<div style=\"pointer-events:initial;width:100%;height:100%;display:block;position:absolute;top:0;left:0;z-index:0\" class=\"mask\" id=\"el-c05af9ff-198a-4bef-93ec-ee24b6de8d8d\">\n<div style=\"position:absolute;width:172.44694%;height:100%;left:0%;top:0%\" data-leaf-element=\"true\"><amp-img layout=\"fill\" src=\"https:\/\/www.quintoandar.com.br\/guias\/wp-content\/uploads\/2022\/12\/Praias-do-Rio-de-Janeiro-Botafogo-1-1.webp\" alt=\"Foto da Praia do Botafogo, mostrando de longe parte da sua orla.\" srcSet=\"https:\/\/www.quintoandar.com.br\/guias\/wp-content\/uploads\/2022\/12\/Praias-do-Rio-de-Janeiro-Botafogo-1-1.webp 1024w,https:\/\/www.quintoandar.com.br\/guias\/wp-content\/uploads\/2022\/12\/Praias-do-Rio-de-Janeiro-Botafogo-1-1-768x433.webp 768w,https:\/\/www.quintoandar.com.br\/guias\/wp-content\/uploads\/2022\/12\/Praias-do-Rio-de-Janeiro-Botafogo-1-1-300x169.webp 300w,https:\/\/www.quintoandar.com.br\/guias\/wp-content\/uploads\/2022\/12\/Praias-do-Rio-de-Janeiro-Botafogo-1-1-150x85.webp 150w\" sizes=\"(min-width: 1024px) 35vh, 77vw\" disable-inline-width=\"true\"><\/amp-img><\/div>\n<\/div>\n<\/div>\n<\/div>\n<div style=\"position:absolute;pointer-events:none;left:11.65049%;top:60.35599%;width:77.18447%;height:37.37864%;opacity:1\">\n<div id=\"anim-1f3b4053-14d6-4806-82dd-ff5af74466d9\" class=\"animation-wrapper\" style=\"width:100%;height:100%;display:block;position:absolute;top:0;left:0;--initial-opacity:0;--initial-transform:none\">\n<div id=\"anim-7c21ef64-0a0b-4edd-a67b-2d268fc769aa\" class=\"animation-wrapper\" style=\"width:100%;height:100%;display:block;position:absolute;top:0;left:0;--initial-opacity:1;--initial-transform:translate3d(-115.09434%, 0px, 0)\">\n<div style=\"pointer-events:initial;width:100%;height:100%;display:block;position:absolute;top:0;left:0;z-index:0;border-radius:0.628930817610063% 0.628930817610063% 0.628930817610063% 0.628930817610063% \/ 0.8658008658008658% 0.8658008658008658% 0.8658008658008658% 0.8658008658008658%\" id=\"el-a17b0abe-9277-4824-8b55-49ae90c54f41\">\n<h3 class=\"fill text-wrapper\" style=\"white-space:pre-line;overflow-wrap:break-word;word-break:break-word;margin:0.6603773584905659% 0;font-family:&quot;Poppins&quot;,sans-serif;font-size:0.339806em;line-height:1.2;text-align:initial;padding:0;color:#000000\"><span><span style=\"color: #fff\">Com 700 m de extens\u00e3o, a Praia de Botafogo tem uma fama \u00fanica por conta da deslumbrante paisagem que destaca o balan\u00e7o dos barcos atracados ou navegando pr\u00f3ximos ao P\u00e3o de A\u00e7\u00facar, na Ba\u00eda&nbsp;<\/span><br \/>\n<span style=\"color: #fff\">de Guanabara.<\/span><\/span><\/h3>\n<\/div>\n<\/div>\n<\/div>\n<\/div>\n<div style=\"position:absolute;pointer-events:none;left:11.16505%;top:54.20712%;width:83.98058%;height:5.33981%;opacity:1\">\n<div id=\"anim-0079e4f6-b127-4288-af2e-3b280aacd71f\" class=\"animation-wrapper\" style=\"width:100%;height:100%;display:block;position:absolute;top:0;left:0;--initial-opacity:0;--initial-transform:none\">\n<div id=\"anim-6327a118-5c18-47c8-919b-aa43c0614ee5\" class=\"animation-wrapper\" style=\"width:100%;height:100%;display:block;position:absolute;top:0;left:0;--initial-opacity:1;--initial-transform:translate3d(-113.2948%, 0px, 0)\">\n<div style=\"pointer-events:initial;width:100%;height:100%;display:block;position:absolute;top:0;left:0;z-index:0;border-radius:0.5780346820809248% 0.5780346820809248% 0.5780346820809248% 0.5780346820809248% \/ 6.0606060606060606% 6.0606060606060606% 6.0606060606060606% 6.0606060606060606%\" id=\"el-889021f7-fa70-4a15-8fab-c95ef569954e\">\n<h3 class=\"fill text-wrapper\" style=\"white-space:pre-line;overflow-wrap:break-word;word-break:break-word;margin:0.6936416184971094% 0;font-family:&quot;Poppins&quot;,sans-serif;font-size:0.388350em;line-height:1.2;text-align:initial;padding:0;color:#000000\"><span><span style=\"font-weight: 600; color: #fff\">Praia de Botafogo<\/span><\/span><\/h3>\n<\/div>\n<\/div>\n<\/div>\n<\/div>\n<\/div>\n<\/div>\n<p><\/amp-story-grid-layer><\/amp-story-page><amp-story-page id=\"3e41d329-2044-4915-89f0-ec66e014ebc0\" auto-advance-after=\"7s\"><amp-story-animation layout=\"nodisplay\" trigger=\"visibility\"><script type=\"application\/json\">[{\"selector\":\"#anim-76fd7843-eb32-4620-bcf5-889997d45e8d\",\"keyframes\":[{\"offset\":0,\"transform\":\"translate3d(0, -170.29846%, 0)\",\"easing\":\"cubic-bezier(.5, 0, 1, 1)\"},{\"offset\":0.29,\"transform\":\"translate3d(0, 0%, 0)\",\"easing\":\"cubic-bezier(0, 0, .5, 1)\"},{\"offset\":0.45,\"transform\":\"translate3d(0, -47.887926952%, 0)\",\"easing\":\"cubic-bezier(.5, 0, 1, 1)\"},{\"offset\":0.61,\"transform\":\"translate3d(0, 0%, 0)\",\"easing\":\"cubic-bezier(0, 0, .5, 1)\"},{\"offset\":0.71,\"transform\":\"translate3d(0, -16.280532776%, 0)\",\"easing\":\"cubic-bezier(.5, 0, 1, 1)\"},{\"offset\":0.8,\"transform\":\"translate3d(0, 0%, 0)\",\"easing\":\"cubic-bezier(0, 0, .5, 1)\"},{\"offset\":0.85,\"transform\":\"translate3d(0, -6.113714714%, 0)\",\"easing\":\"cubic-bezier(.5, 0, 1, 1)\"},{\"offset\":0.92,\"transform\":\"translate3d(0, 0%, 0)\",\"easing\":\"cubic-bezier(0, 0, .5, 1)\"},{\"offset\":0.96,\"transform\":\"translate3d(0, -2.656655976%, 0)\",\"easing\":\"cubic-bezier(.5, 0, 1, 1)\"},{\"offset\":1,\"transform\":\"translate3d(0, 0%, 0)\",\"easing\":\"cubic-bezier(0, 0, .5, 1)\"}],\"delay\":0,\"duration\":1600,\"fill\":\"both\"}]<\/script><\/amp-story-animation><amp-story-animation layout=\"nodisplay\" trigger=\"visibility\"><script type=\"application\/json\">[{\"selector\":\"#anim-2a6895a1-49e3-4c50-9f30-83e1da0bfa69\",\"keyframes\":{\"opacity\":[0,1]},\"delay\":0,\"duration\":600,\"easing\":\"cubic-bezier(0.2, 0.6, 0.0, 1)\",\"fill\":\"both\"}]<\/script><\/amp-story-animation><amp-story-animation layout=\"nodisplay\" trigger=\"visibility\"><script type=\"application\/json\">[{\"selector\":\"#anim-7b5bc8fd-de2f-443b-9923-66c2a6a889db\",\"keyframes\":{\"transform\":[\"translate3d(-118.00001%, 0px, 0)\",\"translate3d(0px, 0px, 0)\"]},\"delay\":0,\"duration\":600,\"easing\":\"cubic-bezier(0.2, 0.6, 0.0, 1)\",\"fill\":\"both\"}]<\/script><\/amp-story-animation><amp-story-animation layout=\"nodisplay\" trigger=\"visibility\"><script type=\"application\/json\">[{\"selector\":\"#anim-e563311c-36b1-4224-b273-ec0f12c1ef0e\",\"keyframes\":{\"opacity\":[0,1]},\"delay\":0,\"duration\":600,\"easing\":\"cubic-bezier(0.2, 0.6, 0.0, 1)\",\"fill\":\"both\"}]<\/script><\/amp-story-animation><amp-story-animation layout=\"nodisplay\" trigger=\"visibility\"><script type=\"application\/json\">[{\"selector\":\"#anim-68ea6d98-33e3-44eb-9d18-f38d5090a1de\",\"keyframes\":{\"transform\":[\"translate3d(-117.53247%, 0px, 0)\",\"translate3d(0px, 0px, 0)\"]},\"delay\":0,\"duration\":600,\"easing\":\"cubic-bezier(0.2, 0.6, 0.0, 1)\",\"fill\":\"both\"}]<\/script><\/amp-story-animation><amp-story-grid-layer template=\"vertical\" aspect-ratio=\"412:618\" class=\"grid-layer\"><\/p>\n<div class=\"page-fullbleed-area\" style=\"background-color:#245825\">\n<div class=\"page-safe-area\">\n<div style=\"position:absolute;pointer-events:none;left:0;top:-9.25926%;width:100%;height:118.51852%;opacity:1\">\n<div style=\"pointer-events:initial;width:100%;height:100%;display:block;position:absolute;top:0;left:0;z-index:0\" class=\"mask\" id=\"el-9b47d552-17af-464d-a611-0f5a4cf71db8\">\n<div class=\"fill\" style=\"will-change:transform\"><\/div>\n<\/div>\n<\/div>\n<\/div>\n<\/div>\n<p><\/amp-story-grid-layer><amp-story-grid-layer template=\"vertical\" aspect-ratio=\"412:618\" class=\"grid-layer\"><\/p>\n<div class=\"page-fullbleed-area\">\n<div class=\"page-safe-area\">\n<div style=\"position:absolute;pointer-events:none;left:11.16505%;top:0;width:77.18447%;height:50%;opacity:1\">\n<div id=\"anim-76fd7843-eb32-4620-bcf5-889997d45e8d\" class=\"animation-wrapper\" style=\"width:100%;height:100%;display:block;position:absolute;top:0;left:0;--initial-opacity:1;--initial-transform:translate3d(0, -170.29846%, 0)\">\n<div style=\"pointer-events:initial;width:100%;height:100%;display:block;position:absolute;top:0;left:0;z-index:0\" class=\"mask\" id=\"el-9540aea1-0861-4559-8f91-68be7dbfd5b9\">\n<div style=\"position:absolute;width:145.7903%;height:100%;left:-45.7903%;top:0%\" data-leaf-element=\"true\"><amp-img layout=\"fill\" src=\"https:\/\/www.quintoandar.com.br\/guias\/wp-content\/uploads\/2022\/12\/Praias-do-Rio-de-Janeiro-Leme-Bruna-Prado-MTUR.webp\" alt=\"A foto mostra a Praia do Leme vista de cima, com o mar, a areia e muitos pr\u00e9dios, al\u00e9m de uma vegeta\u00e7\u00e3o antes dela.\" srcSet=\"https:\/\/www.quintoandar.com.br\/guias\/wp-content\/uploads\/2022\/12\/Praias-do-Rio-de-Janeiro-Leme-Bruna-Prado-MTUR.webp 2048w,https:\/\/www.quintoandar.com.br\/guias\/wp-content\/uploads\/2022\/12\/Praias-do-Rio-de-Janeiro-Leme-Bruna-Prado-MTUR-1536x1024.webp 1536w,https:\/\/www.quintoandar.com.br\/guias\/wp-content\/uploads\/2022\/12\/Praias-do-Rio-de-Janeiro-Leme-Bruna-Prado-MTUR-1024x683.webp 1024w,https:\/\/www.quintoandar.com.br\/guias\/wp-content\/uploads\/2022\/12\/Praias-do-Rio-de-Janeiro-Leme-Bruna-Prado-MTUR-768x512.webp 768w,https:\/\/www.quintoandar.com.br\/guias\/wp-content\/uploads\/2022\/12\/Praias-do-Rio-de-Janeiro-Leme-Bruna-Prado-MTUR-300x200.webp 300w,https:\/\/www.quintoandar.com.br\/guias\/wp-content\/uploads\/2022\/12\/Praias-do-Rio-de-Janeiro-Leme-Bruna-Prado-MTUR-150x100.webp 150w\" sizes=\"(min-width: 1024px) 35vh, 77vw\" disable-inline-width=\"true\"><\/amp-img><\/div>\n<\/div>\n<\/div>\n<\/div>\n<div style=\"position:absolute;pointer-events:none;left:13.1068%;top:62.13592%;width:72.81553%;height:33.33333%;opacity:1\">\n<div id=\"anim-2a6895a1-49e3-4c50-9f30-83e1da0bfa69\" class=\"animation-wrapper\" style=\"width:100%;height:100%;display:block;position:absolute;top:0;left:0;--initial-opacity:0;--initial-transform:none\">\n<div id=\"anim-7b5bc8fd-de2f-443b-9923-66c2a6a889db\" class=\"animation-wrapper\" style=\"width:100%;height:100%;display:block;position:absolute;top:0;left:0;--initial-opacity:1;--initial-transform:translate3d(-118.00001%, 0px, 0)\">\n<div style=\"pointer-events:initial;width:100%;height:100%;display:block;position:absolute;top:0;left:0;z-index:0;border-radius:0.6666666666666667% 0.6666666666666667% 0.6666666666666667% 0.6666666666666667% \/ 0.9708737864077669% 0.9708737864077669% 0.9708737864077669% 0.9708737864077669%\" id=\"el-054b39d9-fd67-4cbb-8f78-f1c56914d278\">\n<h3 class=\"fill text-wrapper\" style=\"white-space:pre-line;overflow-wrap:break-word;word-break:break-word;margin:0.6999999999999998% 0;font-family:&quot;Poppins&quot;,sans-serif;font-size:0.339806em;line-height:1.2;text-align:initial;padding:0;color:#000000\"><span><span style=\"color: #fff\">Com uma larga faixa de areia, a Praia do Leme costuma acomodar aqueles que querem dividir o espa\u00e7o com mais tranquilidade do que em outras \u00e1reas da praia, como em Copacabana.<\/span><\/span><\/h3>\n<\/div>\n<\/div>\n<\/div>\n<\/div>\n<div style=\"position:absolute;pointer-events:none;left:13.1068%;top:54.85437%;width:74.75728%;height:5.33981%;opacity:1\">\n<div id=\"anim-e563311c-36b1-4224-b273-ec0f12c1ef0e\" class=\"animation-wrapper\" style=\"width:100%;height:100%;display:block;position:absolute;top:0;left:0;--initial-opacity:0;--initial-transform:none\">\n<div id=\"anim-68ea6d98-33e3-44eb-9d18-f38d5090a1de\" class=\"animation-wrapper\" style=\"width:100%;height:100%;display:block;position:absolute;top:0;left:0;--initial-opacity:1;--initial-transform:translate3d(-117.53247%, 0px, 0)\">\n<div style=\"pointer-events:initial;width:100%;height:100%;display:block;position:absolute;top:0;left:0;z-index:0;border-radius:0.6493506493506493% 0.6493506493506493% 0.6493506493506493% 0.6493506493506493% \/ 6.0606060606060606% 6.0606060606060606% 6.0606060606060606% 6.0606060606060606%\" id=\"el-c1059e4d-f9ed-4d33-a6e2-dffba9ad488d\">\n<h3 class=\"fill text-wrapper\" style=\"white-space:pre-line;overflow-wrap:break-word;word-break:break-word;margin:0.7792207792207788% 0;font-family:&quot;Poppins&quot;,sans-serif;font-size:0.388350em;line-height:1.2;text-align:initial;padding:0;color:#000000\"><span><span style=\"font-weight: 600; color: #fff\">Praia do Leme<\/span><\/span><\/h3>\n<\/div>\n<\/div>\n<\/div>\n<\/div>\n<\/div>\n<\/div>\n<p><\/amp-story-grid-layer><\/amp-story-page><amp-story-page id=\"0d220058-a3a0-4f19-8982-4b1949c955f1\" auto-advance-after=\"7s\"><amp-story-animation layout=\"nodisplay\" trigger=\"visibility\"><script type=\"application\/json\">[{\"selector\":\"#anim-df81c949-fcbd-41a4-bfae-d516a5f003be\",\"keyframes\":[{\"offset\":0,\"transform\":\"translate3d(0, -170.29846%, 0)\",\"easing\":\"cubic-bezier(.5, 0, 1, 1)\"},{\"offset\":0.29,\"transform\":\"translate3d(0, 0%, 0)\",\"easing\":\"cubic-bezier(0, 0, .5, 1)\"},{\"offset\":0.45,\"transform\":\"translate3d(0, -47.887926952%, 0)\",\"easing\":\"cubic-bezier(.5, 0, 1, 1)\"},{\"offset\":0.61,\"transform\":\"translate3d(0, 0%, 0)\",\"easing\":\"cubic-bezier(0, 0, .5, 1)\"},{\"offset\":0.71,\"transform\":\"translate3d(0, -16.280532776%, 0)\",\"easing\":\"cubic-bezier(.5, 0, 1, 1)\"},{\"offset\":0.8,\"transform\":\"translate3d(0, 0%, 0)\",\"easing\":\"cubic-bezier(0, 0, .5, 1)\"},{\"offset\":0.85,\"transform\":\"translate3d(0, -6.113714714%, 0)\",\"easing\":\"cubic-bezier(.5, 0, 1, 1)\"},{\"offset\":0.92,\"transform\":\"translate3d(0, 0%, 0)\",\"easing\":\"cubic-bezier(0, 0, .5, 1)\"},{\"offset\":0.96,\"transform\":\"translate3d(0, -2.656655976%, 0)\",\"easing\":\"cubic-bezier(.5, 0, 1, 1)\"},{\"offset\":1,\"transform\":\"translate3d(0, 0%, 0)\",\"easing\":\"cubic-bezier(0, 0, .5, 1)\"}],\"delay\":0,\"duration\":1600,\"fill\":\"both\"}]<\/script><\/amp-story-animation><amp-story-animation layout=\"nodisplay\" trigger=\"visibility\"><script type=\"application\/json\">[{\"selector\":\"#anim-e9ebf29a-5cd6-4f0c-9951-d0a201f78d4c\",\"keyframes\":{\"opacity\":[0,1]},\"delay\":0,\"duration\":600,\"easing\":\"cubic-bezier(0.2, 0.6, 0.0, 1)\",\"fill\":\"both\"}]<\/script><\/amp-story-animation><amp-story-animation layout=\"nodisplay\" trigger=\"visibility\"><script type=\"application\/json\">[{\"selector\":\"#anim-8f477fc8-37ce-43f7-9048-7a7c111df570\",\"keyframes\":{\"transform\":[\"translate3d(-116.4557%, 0px, 0)\",\"translate3d(0px, 0px, 0)\"]},\"delay\":0,\"duration\":600,\"easing\":\"cubic-bezier(0.2, 0.6, 0.0, 1)\",\"fill\":\"both\"}]<\/script><\/amp-story-animation><amp-story-animation layout=\"nodisplay\" trigger=\"visibility\"><script type=\"application\/json\">[{\"selector\":\"#anim-d58502c2-5cf3-49d3-ada9-0e5f3771cc80\",\"keyframes\":{\"opacity\":[0,1]},\"delay\":0,\"duration\":600,\"easing\":\"cubic-bezier(0.2, 0.6, 0.0, 1)\",\"fill\":\"both\"}]<\/script><\/amp-story-animation><amp-story-animation layout=\"nodisplay\" trigger=\"visibility\"><script type=\"application\/json\">[{\"selector\":\"#anim-0946ee3d-60ad-4626-924e-c90c9cea071c\",\"keyframes\":{\"transform\":[\"translate3d(-116.88312%, 0px, 0)\",\"translate3d(0px, 0px, 0)\"]},\"delay\":0,\"duration\":600,\"easing\":\"cubic-bezier(0.2, 0.6, 0.0, 1)\",\"fill\":\"both\"}]<\/script><\/amp-story-animation><amp-story-grid-layer template=\"vertical\" aspect-ratio=\"412:618\" class=\"grid-layer\"><\/p>\n<div class=\"page-fullbleed-area\" style=\"background-color:#245825\">\n<div class=\"page-safe-area\">\n<div style=\"position:absolute;pointer-events:none;left:0;top:-9.25926%;width:100%;height:118.51852%;opacity:1\">\n<div style=\"pointer-events:initial;width:100%;height:100%;display:block;position:absolute;top:0;left:0;z-index:0\" class=\"mask\" id=\"el-8296564a-f4b2-4c9b-b88a-d5a0bd9d7de1\">\n<div class=\"fill\" style=\"will-change:transform\"><\/div>\n<\/div>\n<\/div>\n<\/div>\n<\/div>\n<p><\/amp-story-grid-layer><amp-story-grid-layer template=\"vertical\" aspect-ratio=\"412:618\" class=\"grid-layer\"><\/p>\n<div class=\"page-fullbleed-area\">\n<div class=\"page-safe-area\">\n<div style=\"position:absolute;pointer-events:none;left:11.16505%;top:0;width:77.18447%;height:50%;opacity:1\">\n<div id=\"anim-df81c949-fcbd-41a4-bfae-d516a5f003be\" class=\"animation-wrapper\" style=\"width:100%;height:100%;display:block;position:absolute;top:0;left:0;--initial-opacity:1;--initial-transform:translate3d(0, -170.29846%, 0)\">\n<div style=\"pointer-events:initial;width:100%;height:100%;display:block;position:absolute;top:0;left:0;z-index:0\" class=\"mask\" id=\"el-b08d9773-ca98-461b-873f-187c2f57347b\">\n<div style=\"position:absolute;width:129.55974%;height:100%;left:-26.9261%;top:0%\" data-leaf-element=\"true\"><amp-img layout=\"fill\" src=\"https:\/\/www.quintoandar.com.br\/guias\/wp-content\/uploads\/2022\/12\/Praias-do-Rio-de-Janeiro-Copacabana-Calcadao.webp\" alt=\"A foto mostra o cal\u00e7ad\u00e3o de Copacabana, com seu mosaico t\u00edpico, os coqueiros na areia e, ao fundo, o mar.\" srcSet=\"https:\/\/www.quintoandar.com.br\/guias\/wp-content\/uploads\/2022\/12\/Praias-do-Rio-de-Janeiro-Copacabana-Calcadao.webp 1024w,https:\/\/www.quintoandar.com.br\/guias\/wp-content\/uploads\/2022\/12\/Praias-do-Rio-de-Janeiro-Copacabana-Calcadao-768x576.webp 768w,https:\/\/www.quintoandar.com.br\/guias\/wp-content\/uploads\/2022\/12\/Praias-do-Rio-de-Janeiro-Copacabana-Calcadao-300x225.webp 300w,https:\/\/www.quintoandar.com.br\/guias\/wp-content\/uploads\/2022\/12\/Praias-do-Rio-de-Janeiro-Copacabana-Calcadao-150x113.webp 150w\" sizes=\"(min-width: 1024px) 35vh, 77vw\" disable-inline-width=\"true\"><\/amp-img><\/div>\n<\/div>\n<\/div>\n<\/div>\n<div style=\"position:absolute;pointer-events:none;left:12.62136%;top:60.5178%;width:76.69903%;height:37.37864%;opacity:1\">\n<div id=\"anim-e9ebf29a-5cd6-4f0c-9951-d0a201f78d4c\" class=\"animation-wrapper\" style=\"width:100%;height:100%;display:block;position:absolute;top:0;left:0;--initial-opacity:0;--initial-transform:none\">\n<div id=\"anim-8f477fc8-37ce-43f7-9048-7a7c111df570\" class=\"animation-wrapper\" style=\"width:100%;height:100%;display:block;position:absolute;top:0;left:0;--initial-opacity:1;--initial-transform:translate3d(-116.4557%, 0px, 0)\">\n<div style=\"pointer-events:initial;width:100%;height:100%;display:block;position:absolute;top:0;left:0;z-index:0;border-radius:0.6329113924050633% 0.6329113924050633% 0.6329113924050633% 0.6329113924050633% \/ 0.8658008658008658% 0.8658008658008658% 0.8658008658008658% 0.8658008658008658%\" id=\"el-5f63ebf3-414d-445c-8e92-43a0c1da9788\">\n<h3 class=\"fill text-wrapper\" style=\"white-space:pre-line;overflow-wrap:break-word;word-break:break-word;margin:0.6645569620253163% 0;font-family:&quot;Poppins&quot;,sans-serif;font-size:0.339806em;line-height:1.2;text-align:initial;padding:0;color:#000000\"><span><span style=\"color: #fff\">Cercada pelos principais hot\u00e9is e com um p\u00fablico variado, a praia e seus arredores oferecem uma das infraestruturas mais completas da regi\u00e3o, atendendo todos os tipos de servi\u00e7os aos moradores e quem est\u00e1 de passagem.<\/span><\/span><\/h3>\n<\/div>\n<\/div>\n<\/div>\n<\/div>\n<div style=\"position:absolute;pointer-events:none;left:12.62136%;top:53.72168%;width:74.75728%;height:5.33981%;opacity:1\">\n<div id=\"anim-d58502c2-5cf3-49d3-ada9-0e5f3771cc80\" class=\"animation-wrapper\" style=\"width:100%;height:100%;display:block;position:absolute;top:0;left:0;--initial-opacity:0;--initial-transform:none\">\n<div id=\"anim-0946ee3d-60ad-4626-924e-c90c9cea071c\" class=\"animation-wrapper\" style=\"width:100%;height:100%;display:block;position:absolute;top:0;left:0;--initial-opacity:1;--initial-transform:translate3d(-116.88312%, 0px, 0)\">\n<div style=\"pointer-events:initial;width:100%;height:100%;display:block;position:absolute;top:0;left:0;z-index:0;border-radius:0.6493506493506493% 0.6493506493506493% 0.6493506493506493% 0.6493506493506493% \/ 6.0606060606060606% 6.0606060606060606% 6.0606060606060606% 6.0606060606060606%\" id=\"el-7da828bb-4daa-405e-a403-172f3496a9f5\">\n<h3 class=\"fill text-wrapper\" style=\"white-space:pre-line;overflow-wrap:break-word;word-break:break-word;margin:0.7792207792207788% 0;font-family:&quot;Poppins&quot;,sans-serif;font-size:0.388350em;line-height:1.2;text-align:initial;padding:0;color:#000000\"><span><span style=\"font-weight: 600; color: #fff\">Praia de Copacabana<\/span><\/span><\/h3>\n<\/div>\n<\/div>\n<\/div>\n<\/div>\n<\/div>\n<\/div>\n<p><\/amp-story-grid-layer><\/amp-story-page><amp-story-page id=\"ab5e525b-04a4-4daa-9dfe-ae5a10c405d2\" auto-advance-after=\"7s\"><amp-story-animation layout=\"nodisplay\" trigger=\"visibility\"><script type=\"application\/json\">[{\"selector\":\"#anim-981cafc5-9d55-4405-8c96-d08d8ec72b75\",\"keyframes\":[{\"offset\":0,\"transform\":\"translate3d(0, -170.29846%, 0)\",\"easing\":\"cubic-bezier(.5, 0, 1, 1)\"},{\"offset\":0.29,\"transform\":\"translate3d(0, 0%, 0)\",\"easing\":\"cubic-bezier(0, 0, .5, 1)\"},{\"offset\":0.45,\"transform\":\"translate3d(0, -47.887926952%, 0)\",\"easing\":\"cubic-bezier(.5, 0, 1, 1)\"},{\"offset\":0.61,\"transform\":\"translate3d(0, 0%, 0)\",\"easing\":\"cubic-bezier(0, 0, .5, 1)\"},{\"offset\":0.71,\"transform\":\"translate3d(0, -16.280532776%, 0)\",\"easing\":\"cubic-bezier(.5, 0, 1, 1)\"},{\"offset\":0.8,\"transform\":\"translate3d(0, 0%, 0)\",\"easing\":\"cubic-bezier(0, 0, .5, 1)\"},{\"offset\":0.85,\"transform\":\"translate3d(0, -6.113714714%, 0)\",\"easing\":\"cubic-bezier(.5, 0, 1, 1)\"},{\"offset\":0.92,\"transform\":\"translate3d(0, 0%, 0)\",\"easing\":\"cubic-bezier(0, 0, .5, 1)\"},{\"offset\":0.96,\"transform\":\"translate3d(0, -2.656655976%, 0)\",\"easing\":\"cubic-bezier(.5, 0, 1, 1)\"},{\"offset\":1,\"transform\":\"translate3d(0, 0%, 0)\",\"easing\":\"cubic-bezier(0, 0, .5, 1)\"}],\"delay\":0,\"duration\":1600,\"fill\":\"both\"}]<\/script><\/amp-story-animation><amp-story-animation layout=\"nodisplay\" trigger=\"visibility\"><script type=\"application\/json\">[{\"selector\":\"#anim-0fd24346-c18f-4bc1-a03b-5661149f5e32\",\"keyframes\":{\"opacity\":[0,1]},\"delay\":0,\"duration\":600,\"easing\":\"cubic-bezier(0.2, 0.6, 0.0, 1)\",\"fill\":\"both\"}]<\/script><\/amp-story-animation><amp-story-animation layout=\"nodisplay\" trigger=\"visibility\"><script type=\"application\/json\">[{\"selector\":\"#anim-ebaf7621-6375-4586-825b-c4dc15d9034c\",\"keyframes\":{\"transform\":[\"translate3d(-117.37705%, 0px, 0)\",\"translate3d(0px, 0px, 0)\"]},\"delay\":0,\"duration\":600,\"easing\":\"cubic-bezier(0.2, 0.6, 0.0, 1)\",\"fill\":\"both\"}]<\/script><\/amp-story-animation><amp-story-animation layout=\"nodisplay\" trigger=\"visibility\"><script type=\"application\/json\">[{\"selector\":\"#anim-b9ee80ad-df8b-470c-99f7-d18747ad01d5\",\"keyframes\":{\"opacity\":[0,1]},\"delay\":0,\"duration\":600,\"easing\":\"cubic-bezier(0.2, 0.6, 0.0, 1)\",\"fill\":\"both\"}]<\/script><\/amp-story-animation><amp-story-animation layout=\"nodisplay\" trigger=\"visibility\"><script type=\"application\/json\">[{\"selector\":\"#anim-53e3fe4a-2a66-45d9-b0bb-3f62a228985b\",\"keyframes\":{\"transform\":[\"translate3d(-116.88312%, 0px, 0)\",\"translate3d(0px, 0px, 0)\"]},\"delay\":0,\"duration\":600,\"easing\":\"cubic-bezier(0.2, 0.6, 0.0, 1)\",\"fill\":\"both\"}]<\/script><\/amp-story-animation><amp-story-grid-layer template=\"vertical\" aspect-ratio=\"412:618\" class=\"grid-layer\"><\/p>\n<div class=\"page-fullbleed-area\" style=\"background-color:#245825\">\n<div class=\"page-safe-area\">\n<div style=\"position:absolute;pointer-events:none;left:0;top:-9.25926%;width:100%;height:118.51852%;opacity:1\">\n<div style=\"pointer-events:initial;width:100%;height:100%;display:block;position:absolute;top:0;left:0;z-index:0\" class=\"mask\" id=\"el-4d365952-53f0-43c9-bd41-4bdda4c4e8fc\">\n<div class=\"fill\" style=\"will-change:transform\"><\/div>\n<\/div>\n<\/div>\n<\/div>\n<\/div>\n<p><\/amp-story-grid-layer><amp-story-grid-layer template=\"vertical\" aspect-ratio=\"412:618\" class=\"grid-layer\"><\/p>\n<div class=\"page-fullbleed-area\">\n<div class=\"page-safe-area\">\n<div style=\"position:absolute;pointer-events:none;left:11.16505%;top:0;width:77.18447%;height:50%;opacity:1\">\n<div id=\"anim-981cafc5-9d55-4405-8c96-d08d8ec72b75\" class=\"animation-wrapper\" style=\"width:100%;height:100%;display:block;position:absolute;top:0;left:0;--initial-opacity:1;--initial-transform:translate3d(0, -170.29846%, 0)\">\n<div style=\"pointer-events:initial;width:100%;height:100%;display:block;position:absolute;top:0;left:0;z-index:0\" class=\"mask\" id=\"el-549b0b61-b2d9-4adb-8412-5999fe6bf8ae\">\n<div style=\"position:absolute;width:191.26705%;height:100%;left:-45.63352%;top:0%\" data-leaf-element=\"true\"><amp-video id=\"el-549b0b61-b2d9-4adb-8412-5999fe6bf8ae-media\" autoplay=\"autoplay\" loop=\"loop\" noaudio=\"noaudio\" poster=\"https:\/\/media.tenor.com\/NIc7JIXh_pQAAAAe\/happy-moms.png\" layout=\"fill\" alt=\"Foto da Praia de Ipanema, mostrando o cal\u00e7ad\u00e3o, a areia com bastante pessoas e o mar bem azul.\"><source type=\"video\/mp4\" src=\"https:\/\/media.tenor.com\/NIc7JIXh_pQAAAPo\/happy-moms.mp4\"\/><\/amp-video><\/div>\n<\/div>\n<\/div>\n<\/div>\n<div style=\"position:absolute;pointer-events:none;left:12.86408%;top:61.32686%;width:74.02913%;height:33.33333%;opacity:1\">\n<div id=\"anim-0fd24346-c18f-4bc1-a03b-5661149f5e32\" class=\"animation-wrapper\" style=\"width:100%;height:100%;display:block;position:absolute;top:0;left:0;--initial-opacity:0;--initial-transform:none\">\n<div id=\"anim-ebaf7621-6375-4586-825b-c4dc15d9034c\" class=\"animation-wrapper\" style=\"width:100%;height:100%;display:block;position:absolute;top:0;left:0;--initial-opacity:1;--initial-transform:translate3d(-117.37705%, 0px, 0)\">\n<div style=\"pointer-events:initial;width:100%;height:100%;display:block;position:absolute;top:0;left:0;z-index:0;border-radius:0.6557377049180327% 0.6557377049180327% 0.6557377049180327% 0.6557377049180327% \/ 0.9708737864077669% 0.9708737864077669% 0.9708737864077669% 0.9708737864077669%\" id=\"el-2cd039e2-5b28-4923-81c5-635cefd9bcd7\">\n<h3 class=\"fill text-wrapper\" style=\"white-space:pre-line;overflow-wrap:break-word;word-break:break-word;margin:0.6885245901639343% 0;font-family:&quot;Poppins&quot;,sans-serif;font-size:0.339806em;line-height:1.2;text-align:initial;padding:0;color:#000000\"><span><span style=\"color: #fff\">J\u00e1 pensou em morar pr\u00f3ximo a alguma dessas incr\u00edveis praias da Zona Sul da cidade maravilhosa?<\/span><\/p>\n<p><span style=\"color: #fff\">Veja a seguir algumas op\u00e7\u00f5es de apartamentos para alugar pela regi\u00e3o:<\/span><\/span><\/h3>\n<\/div>\n<\/div>\n<\/div>\n<\/div>\n<div style=\"position:absolute;pointer-events:none;left:12.62136%;top:53.55987%;width:74.75728%;height:5.50162%;opacity:1\">\n<div id=\"anim-b9ee80ad-df8b-470c-99f7-d18747ad01d5\" class=\"animation-wrapper\" style=\"width:100%;height:100%;display:block;position:absolute;top:0;left:0;--initial-opacity:0;--initial-transform:none\">\n<div id=\"anim-53e3fe4a-2a66-45d9-b0bb-3f62a228985b\" class=\"animation-wrapper\" style=\"width:100%;height:100%;display:block;position:absolute;top:0;left:0;--initial-opacity:1;--initial-transform:translate3d(-116.88312%, 0px, 0)\">\n<div style=\"pointer-events:initial;width:100%;height:100%;display:block;position:absolute;top:0;left:0;z-index:0;border-radius:0.6493506493506493% 0.6493506493506493% 0.6493506493506493% 0.6493506493506493% \/ 5.88235294117647% 5.88235294117647% 5.88235294117647% 5.88235294117647%\" id=\"el-9419132e-29a1-442c-86b5-517dd42644ac\">\n<h3 class=\"fill text-wrapper\" style=\"white-space:pre-line;overflow-wrap:break-word;word-break:break-word;margin:0.7792207792207788% 0;font-family:&quot;Poppins&quot;,sans-serif;font-size:0.388350em;line-height:1.2;text-align:initial;padding:0;color:#000000\"><span><span style=\"font-weight: 600; color: #fff\">Morar na Zona Sul do RJ<\/span><\/span><\/h3>\n<\/div>\n<\/div>\n<\/div>\n<\/div>\n<\/div>\n<\/div>\n<p><\/amp-story-grid-layer><\/amp-story-page><amp-story-page id=\"28185378-0c2e-4f26-a2d1-362ce47e7a35\" auto-advance-after=\"7s\"><amp-story-grid-layer template=\"vertical\" aspect-ratio=\"412:618\" class=\"grid-layer\"><\/p>\n<div class=\"page-fullbleed-area\" style=\"background-color:#403d39\">\n<div class=\"page-safe-area\">\n<div style=\"position:absolute;pointer-events:none;left:0;top:-9.25926%;width:100%;height:118.51852%;opacity:1\">\n<div style=\"pointer-events:initial;width:100%;height:100%;display:block;position:absolute;top:0;left:0;z-index:0\" class=\"mask\" id=\"el-20b168d0-dbaf-45e5-a465-888dcf2e6b0a\">\n<div style=\"position:absolute;width:266.66667%;height:100%;left:-83.3649%;top:0%\" data-leaf-element=\"true\"><amp-img layout=\"fill\" src=\"https:\/\/www.quintoandar.com.br\/guias\/wp-content\/uploads\/2022\/12\/image-11.png\" alt=\"Foto que ilustra stories sobre melhores praias da Zona sul do Rio mostra apartamento cobertura para alugar.\" srcSet=\"https:\/\/www.quintoandar.com.br\/guias\/wp-content\/uploads\/2022\/12\/image-11.png 1152w,https:\/\/www.quintoandar.com.br\/guias\/wp-content\/uploads\/2022\/12\/image-11-1024x683.png 1024w,https:\/\/www.quintoandar.com.br\/guias\/wp-content\/uploads\/2022\/12\/image-11-768x512.png 768w,https:\/\/www.quintoandar.com.br\/guias\/wp-content\/uploads\/2022\/12\/image-11-300x200.png 300w,https:\/\/www.quintoandar.com.br\/guias\/wp-content\/uploads\/2022\/12\/image-11-150x100.png 150w\" sizes=\"(min-width: 1024px) 120vh, 267vw\" disable-inline-width=\"true\"><\/amp-img><\/div>\n<\/div>\n<\/div>\n<\/div>\n<\/div>\n<p><\/amp-story-grid-layer><amp-story-grid-layer template=\"vertical\" aspect-ratio=\"412:618\" class=\"grid-layer\"><\/p>\n<div class=\"page-fullbleed-area\">\n<div class=\"page-safe-area\"><\/div>\n<\/div>\n<p><\/amp-story-grid-layer><amp-story-page-outlink layout=\"nodisplay\" cta-image=\"https:\/\/www.quintoandar.com.br\/guias\/img\/med\/893642366-321.3916371791945IMG0093.jpg\"><a href=\"https:\/\/www.quintoandar.com.br\/imovel\/893642366\" rel=\"\">Veja a seguir<\/a><\/amp-story-page-outlink><\/amp-story-page><amp-story-page id=\"f5879708-8974-4e12-ad29-5c127ff5d5f1\" auto-advance-after=\"7s\"><amp-story-grid-layer template=\"vertical\" aspect-ratio=\"412:618\" class=\"grid-layer\"><\/p>\n<div class=\"page-fullbleed-area\" style=\"background-color:#6788a2\">\n<div class=\"page-safe-area\">\n<div style=\"position:absolute;pointer-events:none;left:0;top:-9.25926%;width:100%;height:118.51852%;opacity:1\">\n<div style=\"pointer-events:initial;width:100%;height:100%;display:block;position:absolute;top:0;left:0;z-index:0\" class=\"mask\" id=\"el-563a0729-1071-4c20-a59d-ee074cc7cd29\">\n<div style=\"position:absolute;width:266.66667%;height:100%;left:-83.33334%;top:0%\" data-leaf-element=\"true\"><amp-img layout=\"fill\" src=\"https:\/\/www.quintoandar.com.br\/guias\/wp-content\/uploads\/2022\/12\/image-13.png\" alt=\"Foto que ilustra stories sobre melhores praias da Zona sul do Rio mostra apartamento cobertura para alugar.\" srcSet=\"https:\/\/www.quintoandar.com.br\/guias\/wp-content\/uploads\/2022\/12\/image-13.png 1152w,https:\/\/www.quintoandar.com.br\/guias\/wp-content\/uploads\/2022\/12\/image-13-1024x683.png 1024w,https:\/\/www.quintoandar.com.br\/guias\/wp-content\/uploads\/2022\/12\/image-13-768x512.png 768w,https:\/\/www.quintoandar.com.br\/guias\/wp-content\/uploads\/2022\/12\/image-13-300x200.png 300w,https:\/\/www.quintoandar.com.br\/guias\/wp-content\/uploads\/2022\/12\/image-13-150x100.png 150w\" sizes=\"(min-width: 1024px) 120vh, 267vw\" disable-inline-width=\"true\"><\/amp-img><\/div>\n<\/div>\n<\/div>\n<\/div>\n<\/div>\n<p><\/amp-story-grid-layer><amp-story-grid-layer template=\"vertical\" aspect-ratio=\"412:618\" class=\"grid-layer\"><\/p>\n<div class=\"page-fullbleed-area\">\n<div class=\"page-safe-area\"><\/div>\n<\/div>\n<p><\/amp-story-grid-layer><amp-story-page-outlink layout=\"nodisplay\" cta-image=\"https:\/\/www.quintoandar.com.br\/guias\/img\/med\/893037314-428.37084934967QuintoAndar56.jpg\"><a href=\"https:\/\/www.quintoandar.com.br\/imovel\/893037314\" rel=\"\">Veja a seguir<\/a><\/amp-story-page-outlink><\/amp-story-page><amp-story-page id=\"a2b48a03-fac8-4c26-a9c0-af96cda262c5\" auto-advance-after=\"7s\"><amp-story-grid-layer template=\"vertical\" aspect-ratio=\"412:618\" class=\"grid-layer\"><\/p>\n<div class=\"page-fullbleed-area\" style=\"background-color:#245825\">\n<div class=\"page-safe-area\">\n<div style=\"position:absolute;pointer-events:none;left:0;top:-9.25926%;width:100%;height:118.51852%;opacity:1\">\n<div style=\"pointer-events:initial;width:100%;height:100%;display:block;position:absolute;top:0;left:0;z-index:0\" class=\"mask\" id=\"el-e846e6b1-26f8-4708-8ddc-8a63932b26c5\">\n<div class=\"fill\" style=\"will-change:transform\"><\/div>\n<\/div>\n<\/div>\n<\/div>\n<\/div>\n<p><\/amp-story-grid-layer><amp-story-grid-layer template=\"vertical\" aspect-ratio=\"412:618\" class=\"grid-layer\"><\/p>\n<div class=\"page-fullbleed-area\">\n<div class=\"page-safe-area\">\n<div style=\"position:absolute;pointer-events:none;left:17.23301%;top:50.64725%;width:71.1165%;height:30.2589%;opacity:1\">\n<div style=\"pointer-events:initial;width:100%;height:100%;display:block;position:absolute;top:0;left:0;z-index:0;border-radius:0.6825938566552902% 0.6825938566552902% 0.6825938566552902% 0.6825938566552902% \/ 1.06951871657754% 1.06951871657754% 1.06951871657754% 1.06951871657754%\" id=\"el-2890fb4a-7df1-4269-9ffa-d235b58c7f79\">\n<h2 class=\"fill text-wrapper\" style=\"white-space:pre-line;overflow-wrap:break-word;word-break:break-word;margin:1.3822525597269615% 0;font-family:&quot;Poppins&quot;,sans-serif;font-size:0.436893em;line-height:1.1;text-align:left;padding:0;color:#000000\"><span><span style=\"font-weight: 600; color: #f8f9f5\">Arraste pra cima para saber mais informa\u00e7\u00f5es sobre as praias do Rio de Janeiro\/RJ e decidir onde morar!<\/span><\/span><\/h2>\n<\/div>\n<\/div>\n<div style=\"position:absolute;pointer-events:none;left:0;top:-14.07767%;width:132.03883%;height:49.67638%;opacity:1\">\n<div style=\"pointer-events:initial;width:100%;height:100%;display:block;position:absolute;top:0;left:0;z-index:0\" class=\"mask\" id=\"el-7516ecb7-5cf7-4f97-a95b-02c29f143028\">\n<div style=\"position:absolute;width:100.39653%;height:100%;left:-0.19827%;top:0%\" data-leaf-element=\"true\"><amp-img layout=\"fill\" src=\"https:\/\/www.quintoandar.com.br\/guias\/wp-content\/uploads\/2022\/03\/image1-1-scaled.jpeg\" alt=\"A ilustra\u00e7\u00e3o mostra uma pra\u00e7a de uma cidade com diferentes pessoas. Entre elas: um homem engravatado em uma bicicleta; uma m\u00e3e pegando uma crian\u00e7a no colo; um idoso sentado com uma sacola de mercado ao lado.\" srcSet=\"https:\/\/www.quintoandar.com.br\/guias\/wp-content\/uploads\/2022\/03\/image1-1-scaled.jpeg 2560w,https:\/\/www.quintoandar.com.br\/guias\/wp-content\/uploads\/2022\/03\/image1-1-2048x1151.jpeg 2048w,https:\/\/www.quintoandar.com.br\/guias\/wp-content\/uploads\/2022\/03\/image1-1-1536x864.jpeg 1536w,https:\/\/www.quintoandar.com.br\/guias\/wp-content\/uploads\/2022\/03\/image1-1-1024x576.jpeg 1024w,https:\/\/www.quintoandar.com.br\/guias\/wp-content\/uploads\/2022\/03\/image1-1-768x432.jpeg 768w,https:\/\/www.quintoandar.com.br\/guias\/wp-content\/uploads\/2022\/03\/image1-1-300x169.jpeg 300w,https:\/\/www.quintoandar.com.br\/guias\/wp-content\/uploads\/2022\/03\/image1-1-150x84.jpeg 150w\" sizes=\"(min-width: 1024px) 59vh, 132vw\" disable-inline-width=\"true\"><\/amp-img><\/div>\n<\/div>\n<\/div>\n<\/div>\n<\/div>\n<p><\/amp-story-grid-layer><amp-story-page-outlink layout=\"nodisplay\" cta-image=\"https:\/\/www.quintoandar.com.br\/guias\/wp-content\/uploads\/2022\/01\/Praias-do-Rio-de-Janeiro-Copacabana-Luciola-Vilella-MTUR.jpg\"><a href=\"https:\/\/www.quintoandar.com.br\/guias\/cidades\/praias-do-rio-de-janeiro\/\" rel=\"\">Veja mais<\/a><\/amp-story-page-outlink><\/amp-story-page><\/amp-story><\/body><\/html><\/p>\n<style class=\"advgb-styles-renderer\">body{-webkit-animation:-amp-start 8s steps(1,end) 0s 1 normal both;-moz-animation:-amp-start 8s steps(1,end) 0s 1 normal both;-ms-animation:-amp-start 8s steps(1,end) 0s 1 normal both;animation:-amp-start 8s steps(1,end) 0s 1 normal both}@-webkit-keyframes -amp-start{from{visibility:hidden}to{visibility:visible}}@-moz-keyframes -amp-start{from{visibility:hidden}to{visibility:visible}}@-ms-keyframes -amp-start{from{visibility:hidden}to{visibility:visible}}@-o-keyframes -amp-start{from{visibility:hidden}to{visibility:visible}}@keyframes -amp-start{from{visibility:hidden}to{visibility:visible}}body{-webkit-animation:none;-moz-animation:none;-ms-animation:none;animation:none}\n              h1, h2, h3 { font-weight: normal; }<\/p>\n<p>              amp-story-page {\n                background-color: #131516;\n              }<\/p>\n<p>              amp-story-grid-layer {\n                overflow: visible;\n              }<\/p>\n<p>              @media (max-aspect-ratio: 9 \/ 16)  {\n                @media (min-aspect-ratio: 320 \/ 678) {\n                  amp-story-grid-layer.grid-layer {\n                    margin-top: calc((100% \/ 0.5625 - 100% \/ 0.6666666666666666) \/ 2);\n                  }\n                }\n              }<\/p>\n<p>              @media not all and (min-resolution:.001dpcm) {\n                @media {\n                  p.text-wrapper > span {\n                    font-size: calc(100% - 0.5px);\n                  }\n                }\n              }<\/p>\n<p>              .page-fullbleed-area,\n              .page-background-overlay-area {\n                position: absolute;\n                overflow: hidden;\n                width: 100%;\n                left: 0;\n                height: calc(1.1851851851851851 * 100%);\n                top: calc((1 - 1.1851851851851851) * 100% \/ 2);\n              }<\/p>\n<p>              .element-overlay-area {\n                position: absolute;\n                width: 100%;\n                height: 100%;\n                top: 0;\n                left: 0;\n              }<\/p>\n<p>              .page-safe-area {\n                overflow: visible;\n                position: absolute;\n                top: 0;\n                bottom: 0;\n                left: 0;\n                right: 0;\n                width: 100%;\n                height: calc(0.84375 * 100%);\n                margin: auto 0;\n              }<\/p>\n<p>              .mask {\n                position: absolute;\n                overflow: hidden;\n              }<\/p>\n<p>              .fill {\n                position: absolute;\n                top: 0;\n                left: 0;\n                right: 0;\n                bottom: 0;\n                margin: 0;\n              }<\/p>\n<p>              @media (prefers-reduced-motion: no-preference) {\n                .animation-wrapper {\n                  opacity: var(--initial-opacity);\n                  transform: var(--initial-transform);\n                }\n              }<\/p>\n<p>              amp-story-grid-layer.align-bottom {\n                align-content: end;\n                padding: 0;\n              }<\/p>\n<p>              .captions-area {\n                padding: 0 32px 0;\n              }<\/p>\n<p>              amp-story-captions {\n                margin-bottom: 16px;\n                text-align: center;\n              }<\/p>\n<p>              amp-story-captions span {\n                display: inline-block;\n                margin: 0;\n                padding: 6px 12px;\n                vertical-align: middle;\n                border-radius: 15px;\n                background: rgba(11, 11, 11, 0.6);\n                color: rgba(255, 255, 255, 1);\n                font-family: -apple-system, BlinkMacSystemFont, \"Segoe UI\", Roboto, Oxygen-Sans, Ubuntu, Cantarell, \"Helvetica Neue\", sans-serif;;\n                font-size: calc(4 * var(--story-page-vw));\n                line-height: 1.4;\n                word-break: break-word;\n                word-wrap: break-word;\n                overflow-wrap: break-word;\n              }\n              <\/style>\n<div style='text-align:left' class='yasr-auto-insert-visitor'><\/div>","protected":false},"excerpt":{"rendered":"<p>De mudan\u00e7a para o Rio de Janeiro\/RJ? Conhe\u00e7a 5 das melhores praias da Zona Sul do Rio de Janeiro e descubra perto de qual delas voc\u00ea deseja morar.<\/p>\n","protected":false},"author":45,"featured_media":460508,"template":"","meta":{"_acf_changed":false,"resume_ai_summary":"","resume_ai_faq":[],"resume_ai_related_posts":[],"resume_ai_schema_generator_schema":"","resume_ai_schema_generator_approved":0,"advgb_blocks_editor_width":"","advgb_blocks_columns_visual_guide":"","yasr_overall_rating":0,"yasr_post_is_review":"","yasr_auto_insert_disabled":"","yasr_review_type":"","web_stories_publisher_logo":428798,"web_stories_poster":[],"web_stories_products":[],"footnotes":""},"web_story_category":[],"web_story_tag":[],"class_list":["post-460503","web-story","type-web-story","status-publish","has-post-thumbnail","hentry"],"yoast_head":"<!-- This site is optimized with the Yoast SEO Premium plugin v26.9 (Yoast SEO v27.3) - https:\/\/yoast.com\/product\/yoast-seo-premium-wordpress\/ -->\n<title>5 das melhores praias da Zona Sul do Rio de Janeiro - QuintoAndar Guias<\/title>\n<meta name=\"description\" content=\"De mudan\u00e7a para o Rio de Janeiro\/RJ? Conhe\u00e7a 5 das melhores praias da Zona Sul do Rio de Janeiro e descubra perto de qual delas voc\u00ea deseja morar.\" \/>\n<meta name=\"robots\" content=\"index, follow, max-snippet:-1, max-image-preview:large, max-video-preview:-1\" \/>\n<link rel=\"canonical\" href=\"https:\/\/www.quintoandar.com.br\/guias\/web-stories\/5-melhores-praias-zona-sul-rio\/\" \/>\n<meta property=\"og:locale\" content=\"pt_BR\" \/>\n<meta property=\"og:type\" content=\"article\" \/>\n<meta property=\"og:title\" content=\"5 das melhores praias da Zona Sul do Rio de Janeiro\" \/>\n<meta property=\"og:description\" content=\"De mudan\u00e7a para o Rio de Janeiro\/RJ? Conhe\u00e7a 5 das melhores praias da Zona Sul do Rio de Janeiro e descubra perto de qual delas voc\u00ea deseja morar.\" \/>\n<meta property=\"og:url\" content=\"https:\/\/www.quintoandar.com.br\/guias\/web-stories\/5-melhores-praias-zona-sul-rio\/\" \/>\n<meta property=\"og:site_name\" content=\"QuintoAndar Guias\" \/>\n<meta property=\"article:publisher\" content=\"https:\/\/www.facebook.com\/quintoandar.com.br\/\" \/>\n<meta property=\"article:modified_time\" content=\"2023-04-24T18:13:12+00:00\" \/>\n<meta property=\"og:image\" content=\"https:\/\/www.quintoandar.com.br\/guias\/wp-content\/uploads\/2022\/12\/cropped-Praias-do-Rio-de-Janeiro-Botafogo.webp\" \/>\n\t<meta property=\"og:image:width\" content=\"640\" \/>\n\t<meta property=\"og:image:height\" content=\"853\" \/>\n\t<meta property=\"og:image:type\" content=\"image\/webp\" \/>\n<meta name=\"twitter:card\" content=\"summary_large_image\" \/>\n<meta name=\"twitter:label1\" content=\"Est. tempo de leitura\" \/>\n\t<meta name=\"twitter:data1\" content=\"2 minutos\" \/>\n<script type=\"application\/ld+json\" class=\"yoast-schema-graph\">{\"@context\":\"https:\\\/\\\/schema.org\",\"@graph\":[{\"@type\":\"Article\",\"@id\":\"https:\\\/\\\/www.quintoandar.com.br\\\/guias\\\/web-stories\\\/5-melhores-praias-zona-sul-rio\\\/#article\",\"isPartOf\":{\"@id\":\"https:\\\/\\\/www.quintoandar.com.br\\\/guias\\\/web-stories\\\/5-melhores-praias-zona-sul-rio\\\/\"},\"author\":{\"name\":\"Samantha Silva\",\"@id\":\"https:\\\/\\\/www.quintoandar.com.br\\\/guias\\\/#\\\/schema\\\/person\\\/f24d12d0fe0de5638ce540ae5e992867\"},\"headline\":\"5 das melhores praias da Zona Sul do Rio de Janeiro\",\"datePublished\":\"2022-12-03T12:05:00+00:00\",\"dateModified\":\"2023-04-24T18:13:12+00:00\",\"mainEntityOfPage\":{\"@id\":\"https:\\\/\\\/www.quintoandar.com.br\\\/guias\\\/web-stories\\\/5-melhores-praias-zona-sul-rio\\\/\"},\"wordCount\":356,\"image\":{\"@id\":\"https:\\\/\\\/www.quintoandar.com.br\\\/guias\\\/web-stories\\\/5-melhores-praias-zona-sul-rio\\\/#primaryimage\"},\"thumbnailUrl\":\"https:\\\/\\\/www.quintoandar.com.br\\\/guias\\\/wp-content\\\/uploads\\\/2022\\\/12\\\/cropped-Praias-do-Rio-de-Janeiro-Botafogo.webp\",\"inLanguage\":\"pt-BR\"},{\"@type\":\"WebPage\",\"@id\":\"https:\\\/\\\/www.quintoandar.com.br\\\/guias\\\/web-stories\\\/5-melhores-praias-zona-sul-rio\\\/\",\"url\":\"https:\\\/\\\/www.quintoandar.com.br\\\/guias\\\/web-stories\\\/5-melhores-praias-zona-sul-rio\\\/\",\"name\":\"5 das melhores praias da Zona Sul do Rio de Janeiro - QuintoAndar Guias\",\"isPartOf\":{\"@id\":\"https:\\\/\\\/www.quintoandar.com.br\\\/guias\\\/#website\"},\"primaryImageOfPage\":{\"@id\":\"https:\\\/\\\/www.quintoandar.com.br\\\/guias\\\/web-stories\\\/5-melhores-praias-zona-sul-rio\\\/#primaryimage\"},\"image\":{\"@id\":\"https:\\\/\\\/www.quintoandar.com.br\\\/guias\\\/web-stories\\\/5-melhores-praias-zona-sul-rio\\\/#primaryimage\"},\"thumbnailUrl\":\"https:\\\/\\\/www.quintoandar.com.br\\\/guias\\\/wp-content\\\/uploads\\\/2022\\\/12\\\/cropped-Praias-do-Rio-de-Janeiro-Botafogo.webp\",\"datePublished\":\"2022-12-03T12:05:00+00:00\",\"dateModified\":\"2023-04-24T18:13:12+00:00\",\"breadcrumb\":{\"@id\":\"https:\\\/\\\/www.quintoandar.com.br\\\/guias\\\/web-stories\\\/5-melhores-praias-zona-sul-rio\\\/#breadcrumb\"},\"inLanguage\":\"pt-BR\",\"potentialAction\":[{\"@type\":\"ReadAction\",\"target\":[\"https:\\\/\\\/www.quintoandar.com.br\\\/guias\\\/web-stories\\\/5-melhores-praias-zona-sul-rio\\\/\"]}]},{\"@type\":\"ImageObject\",\"inLanguage\":\"pt-BR\",\"@id\":\"https:\\\/\\\/www.quintoandar.com.br\\\/guias\\\/web-stories\\\/5-melhores-praias-zona-sul-rio\\\/#primaryimage\",\"url\":\"https:\\\/\\\/www.quintoandar.com.br\\\/guias\\\/wp-content\\\/uploads\\\/2022\\\/12\\\/cropped-Praias-do-Rio-de-Janeiro-Botafogo.webp\",\"contentUrl\":\"https:\\\/\\\/www.quintoandar.com.br\\\/guias\\\/wp-content\\\/uploads\\\/2022\\\/12\\\/cropped-Praias-do-Rio-de-Janeiro-Botafogo.webp\",\"width\":640,\"height\":853,\"caption\":\"Praias-do-Rio-de-Janeiro-Botafogo\"},{\"@type\":\"BreadcrumbList\",\"@id\":\"https:\\\/\\\/www.quintoandar.com.br\\\/guias\\\/web-stories\\\/5-melhores-praias-zona-sul-rio\\\/#breadcrumb\",\"itemListElement\":[{\"@type\":\"ListItem\",\"position\":1,\"name\":\"Home\",\"item\":\"https:\\\/\\\/www.quintoandar.com.br\\\/guias\\\/\"},{\"@type\":\"ListItem\",\"position\":2,\"name\":\"Story\",\"item\":\"https:\\\/\\\/www.quintoandar.com.br\\\/guias\\\/webstories\\\/\"},{\"@type\":\"ListItem\",\"position\":3,\"name\":\"5 das melhores praias da Zona Sul do Rio de Janeiro\"}]},{\"@type\":\"WebSite\",\"@id\":\"https:\\\/\\\/www.quintoandar.com.br\\\/guias\\\/#website\",\"url\":\"https:\\\/\\\/www.quintoandar.com.br\\\/guias\\\/\",\"name\":\"QuintoAndar Guias\",\"description\":\"Inspira\u00e7\u00e3o e tudo o que voc\u00ea precisa saber sobre o jeito mais f\u00e1cil de alugar e morar.\",\"potentialAction\":[{\"@type\":\"SearchAction\",\"target\":{\"@type\":\"EntryPoint\",\"urlTemplate\":\"https:\\\/\\\/www.quintoandar.com.br\\\/guias\\\/?s={search_term_string}\"},\"query-input\":{\"@type\":\"PropertyValueSpecification\",\"valueRequired\":true,\"valueName\":\"search_term_string\"}}],\"inLanguage\":\"pt-BR\"},{\"@type\":\"Person\",\"@id\":\"https:\\\/\\\/www.quintoandar.com.br\\\/guias\\\/#\\\/schema\\\/person\\\/f24d12d0fe0de5638ce540ae5e992867\",\"name\":\"Samantha Silva\",\"image\":{\"@type\":\"ImageObject\",\"inLanguage\":\"pt-BR\",\"@id\":\"https:\\\/\\\/secure.gravatar.com\\\/avatar\\\/19caf728ff50fe784eb0610c2f3b2d62a8d8fbfa00158fbb42aae55f817e8e90?s=96&d=mm&r=g\",\"url\":\"https:\\\/\\\/secure.gravatar.com\\\/avatar\\\/19caf728ff50fe784eb0610c2f3b2d62a8d8fbfa00158fbb42aae55f817e8e90?s=96&d=mm&r=g\",\"contentUrl\":\"https:\\\/\\\/secure.gravatar.com\\\/avatar\\\/19caf728ff50fe784eb0610c2f3b2d62a8d8fbfa00158fbb42aae55f817e8e90?s=96&d=mm&r=g\",\"caption\":\"Samantha Silva\"},\"url\":\"https:\\\/\\\/www.quintoandar.com.br\\\/guias\\\/author\\\/samantha-silva\\\/\"},false]}<\/script>\n<!-- \/ Yoast SEO Premium plugin. -->","yoast_head_json":{"title":"5 das melhores praias da Zona Sul do Rio de Janeiro - QuintoAndar Guias","description":"De mudan\u00e7a para o Rio de Janeiro\/RJ? Conhe\u00e7a 5 das melhores praias da Zona Sul do Rio de Janeiro e descubra perto de qual delas voc\u00ea deseja morar.","robots":{"index":"index","follow":"follow","max-snippet":"max-snippet:-1","max-image-preview":"max-image-preview:large","max-video-preview":"max-video-preview:-1"},"canonical":"https:\/\/www.quintoandar.com.br\/guias\/web-stories\/5-melhores-praias-zona-sul-rio\/","og_locale":"pt_BR","og_type":"article","og_title":"5 das melhores praias da Zona Sul do Rio de Janeiro","og_description":"De mudan\u00e7a para o Rio de Janeiro\/RJ? Conhe\u00e7a 5 das melhores praias da Zona Sul do Rio de Janeiro e descubra perto de qual delas voc\u00ea deseja morar.","og_url":"https:\/\/www.quintoandar.com.br\/guias\/web-stories\/5-melhores-praias-zona-sul-rio\/","og_site_name":"QuintoAndar Guias","article_publisher":"https:\/\/www.facebook.com\/quintoandar.com.br\/","article_modified_time":"2023-04-24T18:13:12+00:00","og_image":[{"width":640,"height":853,"url":"https:\/\/www.quintoandar.com.br\/guias\/wp-content\/uploads\/2022\/12\/cropped-Praias-do-Rio-de-Janeiro-Botafogo.webp","type":"image\/webp"}],"twitter_card":"summary_large_image","twitter_misc":{"Est. tempo de leitura":"2 minutos"},"schema":{"@context":"https:\/\/schema.org","@graph":[{"@type":"Article","@id":"https:\/\/www.quintoandar.com.br\/guias\/web-stories\/5-melhores-praias-zona-sul-rio\/#article","isPartOf":{"@id":"https:\/\/www.quintoandar.com.br\/guias\/web-stories\/5-melhores-praias-zona-sul-rio\/"},"author":{"name":"Samantha Silva","@id":"https:\/\/www.quintoandar.com.br\/guias\/#\/schema\/person\/f24d12d0fe0de5638ce540ae5e992867"},"headline":"5 das melhores praias da Zona Sul do Rio de Janeiro","datePublished":"2022-12-03T12:05:00+00:00","dateModified":"2023-04-24T18:13:12+00:00","mainEntityOfPage":{"@id":"https:\/\/www.quintoandar.com.br\/guias\/web-stories\/5-melhores-praias-zona-sul-rio\/"},"wordCount":356,"image":{"@id":"https:\/\/www.quintoandar.com.br\/guias\/web-stories\/5-melhores-praias-zona-sul-rio\/#primaryimage"},"thumbnailUrl":"https:\/\/www.quintoandar.com.br\/guias\/wp-content\/uploads\/2022\/12\/cropped-Praias-do-Rio-de-Janeiro-Botafogo.webp","inLanguage":"pt-BR"},{"@type":"WebPage","@id":"https:\/\/www.quintoandar.com.br\/guias\/web-stories\/5-melhores-praias-zona-sul-rio\/","url":"https:\/\/www.quintoandar.com.br\/guias\/web-stories\/5-melhores-praias-zona-sul-rio\/","name":"5 das melhores praias da Zona Sul do Rio de Janeiro - QuintoAndar Guias","isPartOf":{"@id":"https:\/\/www.quintoandar.com.br\/guias\/#website"},"primaryImageOfPage":{"@id":"https:\/\/www.quintoandar.com.br\/guias\/web-stories\/5-melhores-praias-zona-sul-rio\/#primaryimage"},"image":{"@id":"https:\/\/www.quintoandar.com.br\/guias\/web-stories\/5-melhores-praias-zona-sul-rio\/#primaryimage"},"thumbnailUrl":"https:\/\/www.quintoandar.com.br\/guias\/wp-content\/uploads\/2022\/12\/cropped-Praias-do-Rio-de-Janeiro-Botafogo.webp","datePublished":"2022-12-03T12:05:00+00:00","dateModified":"2023-04-24T18:13:12+00:00","breadcrumb":{"@id":"https:\/\/www.quintoandar.com.br\/guias\/web-stories\/5-melhores-praias-zona-sul-rio\/#breadcrumb"},"inLanguage":"pt-BR","potentialAction":[{"@type":"ReadAction","target":["https:\/\/www.quintoandar.com.br\/guias\/web-stories\/5-melhores-praias-zona-sul-rio\/"]}]},{"@type":"ImageObject","inLanguage":"pt-BR","@id":"https:\/\/www.quintoandar.com.br\/guias\/web-stories\/5-melhores-praias-zona-sul-rio\/#primaryimage","url":"https:\/\/www.quintoandar.com.br\/guias\/wp-content\/uploads\/2022\/12\/cropped-Praias-do-Rio-de-Janeiro-Botafogo.webp","contentUrl":"https:\/\/www.quintoandar.com.br\/guias\/wp-content\/uploads\/2022\/12\/cropped-Praias-do-Rio-de-Janeiro-Botafogo.webp","width":640,"height":853,"caption":"Praias-do-Rio-de-Janeiro-Botafogo"},{"@type":"BreadcrumbList","@id":"https:\/\/www.quintoandar.com.br\/guias\/web-stories\/5-melhores-praias-zona-sul-rio\/#breadcrumb","itemListElement":[{"@type":"ListItem","position":1,"name":"Home","item":"https:\/\/www.quintoandar.com.br\/guias\/"},{"@type":"ListItem","position":2,"name":"Story","item":"https:\/\/www.quintoandar.com.br\/guias\/webstories\/"},{"@type":"ListItem","position":3,"name":"5 das melhores praias da Zona Sul do Rio de Janeiro"}]},{"@type":"WebSite","@id":"https:\/\/www.quintoandar.com.br\/guias\/#website","url":"https:\/\/www.quintoandar.com.br\/guias\/","name":"QuintoAndar Guias","description":"Inspira\u00e7\u00e3o e tudo o que voc\u00ea precisa saber sobre o jeito mais f\u00e1cil de alugar e morar.","potentialAction":[{"@type":"SearchAction","target":{"@type":"EntryPoint","urlTemplate":"https:\/\/www.quintoandar.com.br\/guias\/?s={search_term_string}"},"query-input":{"@type":"PropertyValueSpecification","valueRequired":true,"valueName":"search_term_string"}}],"inLanguage":"pt-BR"},{"@type":"Person","@id":"https:\/\/www.quintoandar.com.br\/guias\/#\/schema\/person\/f24d12d0fe0de5638ce540ae5e992867","name":"Samantha Silva","image":{"@type":"ImageObject","inLanguage":"pt-BR","@id":"https:\/\/secure.gravatar.com\/avatar\/19caf728ff50fe784eb0610c2f3b2d62a8d8fbfa00158fbb42aae55f817e8e90?s=96&d=mm&r=g","url":"https:\/\/secure.gravatar.com\/avatar\/19caf728ff50fe784eb0610c2f3b2d62a8d8fbfa00158fbb42aae55f817e8e90?s=96&d=mm&r=g","contentUrl":"https:\/\/secure.gravatar.com\/avatar\/19caf728ff50fe784eb0610c2f3b2d62a8d8fbfa00158fbb42aae55f817e8e90?s=96&d=mm&r=g","caption":"Samantha Silva"},"url":"https:\/\/www.quintoandar.com.br\/guias\/author\/samantha-silva\/"},false]}},"yasr_visitor_votes":{"stars_attributes":{"read_only":false,"span_bottom":false},"number_of_votes":0,"sum_votes":0},"featured_img":"https:\/\/www.quintoandar.com.br\/guias\/wp-content\/uploads\/2022\/12\/cropped-Praias-do-Rio-de-Janeiro-Botafogo-530x337.webp","coauthors":[],"author_meta":{"author_link":"https:\/\/www.quintoandar.com.br\/guias\/author\/samantha-silva\/","display_name":"Samantha Silva"},"relative_dates":{"created":"Publicado 3 anos atr\u00e1s","modified":"Atualizado 3 anos atr\u00e1s"},"absolute_dates":{"created":"Publicado em dezembro 3, 2022","modified":"Atualizado em abril 24, 2023"},"absolute_dates_time":{"created":"Publicado em dezembro 3, 2022 9:05 am","modified":"Atualizado em abril 24, 2023 3:13 pm"},"featured_img_caption":"","tax_additional":{"web_story_category":{"linked":[],"unlinked":[],"slug":"web_story_category","name":"Categorias"},"web_story_tag":{"linked":[],"unlinked":[],"slug":"web_story_tag","name":"Tags"}},"series_order":"","acf":{"aprovacao_web_stories":"aprovado"},"slug_history":["5-melhores-praias-zona-sul-rio"],"story_data":{"version":46,"pages":[{"elements":[{"opacity":100,"flip":{"vertical":false,"horizontal":false},"rotationAngle":0,"lockAspectRatio":true,"x":1,"y":1,"width":1,"height":1,"mask":{"type":"rectangle"},"isBackground":true,"isDefaultBackground":true,"id":"5e4c0825-cf1b-4ce6-b362-6dec3c39bb1b","type":"shape","basedOn":"9d5c2b2c-8e34-4118-a1bc-f01f76f862b3"},{"opacity":100,"flip":{"vertical":false,"horizontal":false},"rotationAngle":0,"lockAspectRatio":true,"backgroundTextMode":"NONE","font":{"family":"Poppins","fallbacks":["sans-serif"],"weights":[100,200,300,400,500,600,700,800,900],"styles":["italic","regular"],"variants":[[0,100],[1,100],[0,200],[1,200],[0,300],[1,300],[0,400],[1,400],[0,500],[1,500],[0,600],[1,600],[0,700],[1,700],[0,800],[1,800],[0,900],[1,900]],"service":"fonts.google.com","metrics":{"upm":1000,"asc":1050,"des":-350,"tAsc":1050,"tDes":-350,"tLGap":100,"wAsc":1135,"wDes":627,"xH":548,"capH":698,"yMin":-572,"yMax":1065,"hAsc":1050,"hDes":-350,"lGap":100}},"fontSize":30,"backgroundColor":{"color":{"r":196,"g":196,"b":196}},"lineHeight":1.1,"textAlign":"left","padding":{"locked":true,"hasHiddenPadding":false,"horizontal":0,"vertical":0},"type":"text","content":"<span style=\"font-weight: 600; color: #f8f9f5\">5 das melhores praias da Zona Sul do Rio de Janeiro\/RJ<\/span>","borderRadius":{"locked":true,"topLeft":2,"topRight":2,"bottomRight":2,"bottomLeft":2},"x":48,"y":122,"width":318,"height":108,"basedOn":"925eb8c3-889d-4d34-a0f2-c210323ef74a","marginOffset":-11.099999999999994,"id":"3c610e28-eb19-4563-a420-3950da19ad2d"},{"opacity":100,"flip":{"vertical":false,"horizontal":false},"rotationAngle":0,"lockAspectRatio":true,"backgroundColor":{"color":{"r":163,"g":199,"b":161}},"type":"shape","x":48,"y":304,"width":314,"height":314,"mask":{"type":"rectangle"},"basedOn":"ab8bfbba-ba72-4633-8fe5-d08c534ef764","id":"ee0795d1-7930-4c6d-9924-605ff66db8fa"},{"opacity":100,"flip":{"vertical":false,"horizontal":false},"rotationAngle":0,"lockAspectRatio":true,"backgroundColor":{"color":{"r":196,"g":196,"b":196}},"type":"image","resource":{"type":"image","mimeType":"image\/webp","width":1024,"height":577,"sizes":{"medium":{"file":"Praias-do-Rio-de-Janeiro-Botafogo-1-300x169.webp","width":300,"height":169,"filesize":14740,"mimeType":"image\/webp","sourceUrl":"https:\/\/quintoandar.com.br\/guias\/wp-content\/uploads\/2022\/12\/Praias-do-Rio-de-Janeiro-Botafogo-1-300x169.webp"},"thumbnail":{"file":"Praias-do-Rio-de-Janeiro-Botafogo-1-150x150.webp","width":150,"height":150,"filesize":6762,"mimeType":"image\/webp","sourceUrl":"https:\/\/quintoandar.com.br\/guias\/wp-content\/uploads\/2022\/12\/Praias-do-Rio-de-Janeiro-Botafogo-1-150x150.webp"},"medium_large":{"file":"Praias-do-Rio-de-Janeiro-Botafogo-1-768x433.webp","width":768,"height":433,"filesize":66898,"mimeType":"image\/webp","sourceUrl":"https:\/\/quintoandar.com.br\/guias\/wp-content\/uploads\/2022\/12\/Praias-do-Rio-de-Janeiro-Botafogo-1-768x433.webp"},"post-thumbnail":{"file":"Praias-do-Rio-de-Janeiro-Botafogo-1-530x337.webp","width":530,"height":337,"filesize":38666,"mimeType":"image\/webp","sourceUrl":"https:\/\/quintoandar.com.br\/guias\/wp-content\/uploads\/2022\/12\/Praias-do-Rio-de-Janeiro-Botafogo-1-530x337.webp"},"chamada-destaque":{"file":"Praias-do-Rio-de-Janeiro-Botafogo-1-800x577.webp","width":800,"height":577,"filesize":73986,"mimeType":"image\/webp","sourceUrl":"https:\/\/quintoandar.com.br\/guias\/wp-content\/uploads\/2022\/12\/Praias-do-Rio-de-Janeiro-Botafogo-1-800x577.webp"},"single-destaque":{"file":"Praias-do-Rio-de-Janeiro-Botafogo-1-850x577.webp","width":850,"height":577,"filesize":95048,"mimeType":"image\/webp","sourceUrl":"https:\/\/quintoandar.com.br\/guias\/wp-content\/uploads\/2022\/12\/Praias-do-Rio-de-Janeiro-Botafogo-1-850x577.webp"},"alm-thumbnail":{"file":"Praias-do-Rio-de-Janeiro-Botafogo-1-150x150.webp","width":150,"height":150,"filesize":6762,"mimeType":"image\/webp","sourceUrl":"https:\/\/quintoandar.com.br\/guias\/wp-content\/uploads\/2022\/12\/Praias-do-Rio-de-Janeiro-Botafogo-1-150x150.webp"},"wpvqgr-square-answer":{"file":"Praias-do-Rio-de-Janeiro-Botafogo-1-300x300.webp","width":300,"height":300,"filesize":19506,"mimeType":"image\/webp","sourceUrl":"https:\/\/quintoandar.com.br\/guias\/wp-content\/uploads\/2022\/12\/Praias-do-Rio-de-Janeiro-Botafogo-1-300x300.webp"},"web-stories-poster-portrait":{"file":"Praias-do-Rio-de-Janeiro-Botafogo-1-640x577.webp","width":640,"height":577,"filesize":58696,"mimeType":"image\/webp","sourceUrl":"https:\/\/quintoandar.com.br\/guias\/wp-content\/uploads\/2022\/12\/Praias-do-Rio-de-Janeiro-Botafogo-1-640x577.webp"},"web-stories-publisher-logo":{"file":"Praias-do-Rio-de-Janeiro-Botafogo-1-96x96.webp","width":96,"height":96,"filesize":3118,"mimeType":"image\/webp","sourceUrl":"https:\/\/quintoandar.com.br\/guias\/wp-content\/uploads\/2022\/12\/Praias-do-Rio-de-Janeiro-Botafogo-1-96x96.webp"},"web-stories-thumbnail":{"file":"Praias-do-Rio-de-Janeiro-Botafogo-1-150x85.webp","width":150,"height":85,"filesize":4906,"mimeType":"image\/webp","sourceUrl":"https:\/\/quintoandar.com.br\/guias\/wp-content\/uploads\/2022\/12\/Praias-do-Rio-de-Janeiro-Botafogo-1-150x85.webp"},"full":{"file":"Praias-do-Rio-de-Janeiro-Botafogo-1.webp","width":1024,"height":577,"mimeType":"image\/webp","sourceUrl":"https:\/\/quintoandar.com.br\/guias\/wp-content\/uploads\/2022\/12\/Praias-do-Rio-de-Janeiro-Botafogo-1.webp"}},"isPlaceholder":false,"isExternal":false,"needsProxy":false,"baseColor":"#7898ae","blurHash":"","creationDate":"2022-12-02T15:28:38","src":"https:\/\/quintoandar.com.br\/guias\/wp-content\/uploads\/2022\/12\/Praias-do-Rio-de-Janeiro-Botafogo-1.webp","id":460512,"alt":"Praias-do-Rio-de-Janeiro-Botafogo","local":false,"provider":"local"},"x":62,"y":317,"width":286,"height":286,"scale":100,"focalX":72.02585384975433,"focalY":49.80925635658607,"mask":{"type":"rectangle"},"alt":"A foto mostra a Praia do Botafogo. Ao fundo, est\u00e1 o P\u00e3o de A\u00e7\u00facar.","link":{"needsProxy":false,"url":"https:\/\/quintoandar.com.br\/praias-do-rio-de-janeiro\/","rel":[],"icon":"https:\/\/quintoandar.com.br\/guias\/wp-content\/uploads\/2022\/01\/Praias-do-Rio-de-Janeiro-Copacabana-Luciola-Vilella-MTUR.jpg","desc":"Praias do Rio de Janeiro: 15 op\u00e7\u00f5es para conhecer e morar"},"borderRadius":{"topLeft":0,"topRight":0,"bottomRight":0,"bottomLeft":0,"locked":true},"basedOn":"4f518b76-d05f-4e2b-bbdf-59450fababca","id":"2eadb7ee-ddcd-4d3b-a70c-3ca81c4c59fe"},{"opacity":100,"flip":{"vertical":false,"horizontal":false},"rotationAngle":0,"lockAspectRatio":true,"scale":100,"focalX":50,"focalY":50,"resource":{"baseColor":"#ffffff","type":"image","mimeType":"image\/png","creationDate":"2022-01-17T15:00:10","src":"https:\/\/quintoandar.com.br\/guias\/wp-content\/uploads\/2022\/01\/image-17.png","width":566,"height":88,"id":428567,"alt":"image","sizes":{"medium":{"file":"image-17-300x47.png","width":300,"height":47,"mimeType":"image\/png","sourceUrl":"https:\/\/quintoandar.com.br\/guias\/wp-content\/uploads\/2022\/01\/image-17-300x47.png"},"thumbnail":{"file":"image-17-150x88.png","width":150,"height":88,"mimeType":"image\/png","sourceUrl":"https:\/\/quintoandar.com.br\/guias\/wp-content\/uploads\/2022\/01\/image-17-150x88.png"},"post-thumbnail":{"file":"image-17-350x88.png","width":350,"height":88,"mimeType":"image\/png","sourceUrl":"https:\/\/quintoandar.com.br\/guias\/wp-content\/uploads\/2022\/01\/image-17-350x88.png"},"alm-thumbnail":{"file":"image-17-150x88.png","width":150,"height":88,"mimeType":"image\/png","sourceUrl":"https:\/\/quintoandar.com.br\/guias\/wp-content\/uploads\/2022\/01\/image-17-150x88.png"},"wpvqgr-square-answer":{"file":"image-17-300x88.png","width":300,"height":88,"mimeType":"image\/png","sourceUrl":"https:\/\/quintoandar.com.br\/guias\/wp-content\/uploads\/2022\/01\/image-17-300x88.png"},"web-stories-publisher-logo":{"file":"image-17-96x88.png","width":96,"height":88,"mimeType":"image\/png","sourceUrl":"https:\/\/quintoandar.com.br\/guias\/wp-content\/uploads\/2022\/01\/image-17-96x88.png"},"web-stories-thumbnail":{"file":"image-17-150x23.png","width":150,"height":23,"mimeType":"image\/png","sourceUrl":"https:\/\/quintoandar.com.br\/guias\/wp-content\/uploads\/2022\/01\/image-17-150x23.png"},"full":{"file":"image-17.png","width":566,"height":88,"mimeType":"image\/png","sourceUrl":"https:\/\/quintoandar.com.br\/guias\/wp-content\/uploads\/2022\/01\/image-17.png"}},"isPlaceholder":false,"isOptimized":false,"isMuted":false,"isExternal":false,"needsProxy":false},"type":"image","x":48,"y":0,"width":225,"height":35,"mask":{"type":"rectangle","showInLibrary":true,"name":"Ret\u00e2ngulo","path":"M 0,0 1,0 1,1 0,1 0,0 Z","ratio":1,"supportsBorder":true},"basedOn":"40807069-eed4-48b6-8569-54a6b1987b02","id":"d082c74c-3fa3-443a-8afc-1566b8cbf2d1"}],"animations":[],"backgroundColor":{"color":{"r":36,"g":88,"b":37}},"type":"page","id":"263f42bc-a79f-495c-96c8-15ded26152f5"},{"elements":[{"opacity":100,"flip":{"vertical":false,"horizontal":false},"rotationAngle":0,"lockAspectRatio":true,"x":1,"y":1,"width":1,"height":1,"mask":{"type":"rectangle"},"isBackground":true,"isDefaultBackground":true,"id":"d2b72a51-1e66-4949-8dca-7e94d60af9ce","type":"shape","basedOn":"666d07d0-ac8b-4c81-806e-ec46cbe6d736"},{"opacity":100,"flip":{"vertical":false,"horizontal":false},"rotationAngle":0,"lockAspectRatio":false,"backgroundColor":{"color":{"r":248,"g":249,"b":245}},"type":"shape","x":0,"y":-57,"width":413,"height":375,"mask":{"type":"rectangle"},"basedOn":"c54125fb-2735-44bb-a56b-1d5d495c0b24","id":"7ea6faf4-79c1-4c85-baa8-8f8f53550695"},{"opacity":100,"flip":{"vertical":false,"horizontal":false},"rotationAngle":0,"lockAspectRatio":false,"backgroundTextMode":"NONE","font":{"family":"Poppins","fallbacks":["sans-serif"],"weights":[100,200,300,400,500,600,700,800,900],"styles":["italic","regular"],"variants":[[0,100],[1,100],[0,200],[1,200],[0,300],[1,300],[0,400],[1,400],[0,500],[1,500],[0,600],[1,600],[0,700],[1,700],[0,800],[1,800],[0,900],[1,900]],"service":"fonts.google.com","metrics":{"upm":1000,"asc":1050,"des":-350,"tAsc":1050,"tDes":-350,"tLGap":100,"wAsc":1135,"wDes":627,"xH":548,"capH":698,"yMin":-572,"yMax":1065,"hAsc":1050,"hDes":-350,"lGap":100}},"fontSize":21,"backgroundColor":{"color":{"r":196,"g":196,"b":196}},"lineHeight":1.1,"textAlign":"initial","padding":{"locked":true,"horizontal":0,"vertical":0},"type":"text","content":"As praias do Rio de Janeiro revelam parte da magia que \u00e9 inspira\u00e7\u00e3o n\u00e3o s\u00f3 nas can\u00e7\u00f5es ic\u00f4nicas de Vin\u00edcius de Moraes e Tom Jobim, mas tamb\u00e9m no dia a dia de quem mora ou apenas passeia pela regi\u00e3o.","basedOn":"a42619f5-e21a-46bf-a29b-feb6811e10ca","x":54,"y":54,"width":306,"height":191,"marginOffset":-11.099999999999994,"id":"8a26d018-0739-4342-b710-81b13a34441d"},{"opacity":100,"flip":{"vertical":false,"horizontal":false},"rotationAngle":0,"lockAspectRatio":false,"backgroundColor":{"color":{"r":36,"g":88,"b":37}},"type":"shape","x":0,"y":287,"width":413,"height":396,"mask":{"type":"rectangle"},"basedOn":"b0a83431-e82c-474f-9b54-4b372dc40c43","id":"21758096-c7b6-43d4-bc9f-fd2e9434d798"},{"opacity":100,"flip":{"vertical":false,"horizontal":false},"rotationAngle":0,"lockAspectRatio":true,"scale":100,"focalX":50,"focalY":50,"resource":{"type":"gif","mimeType":"image\/gif","width":498,"height":212,"sizes":{"full":{"file":"media\/tenor:3303763556452524039","sourceUrl":"https:\/\/media.tenor.com\/LdlTc1Q74AcAAAAC\/rio-de-janeiro-ipanema.gif","mimeType":"image\/gif","width":498,"height":212},"large":{"file":"media\/tenor:3303763556452524039","sourceUrl":"https:\/\/media.tenor.com\/LdlTc1Q74AcAAAAM\/rio-de-janeiro-ipanema.gif","mimeType":"image\/gif","width":220,"height":93},"web_stories_thumbnail":{"file":"media\/tenor:3303763556452524039","sourceUrl":"https:\/\/media.tenor.com\/LdlTc1Q74AcAAAAS\/rio-de-janeiro-ipanema.gif","mimeType":"image\/gif","width":211,"height":90}},"isPlaceholder":false,"isExternal":true,"needsProxy":false,"id":"media\/tenor:3303763556452524039","creationDate":"2016-08-02T22:44:06Z","src":"https:\/\/media.tenor.com\/LdlTc1Q74AcAAAAC\/rio-de-janeiro-ipanema.gif","alt":"Rio Beach Brazil GIF","attribution":{"author":[],"registerUsageUrl":"https:\/\/media3p.googleapis.com\/v1\/media:registerUsage?token=AWJwhCHX3IJwNZ0JX359MwovcY11glWvomOT\/fBm16lIz2M2guCYG4U%2BOzr%2B0qqdDAT3EMcr3j%2BFJ6tWf6%2BribhPbp9bMA%3D%3D"},"poster":"https:\/\/media.tenor.com\/LdlTc1Q74AcAAAAe\/rio-de-janeiro-ipanema.png","posterId":"media\/tenor:3303763556452524039","isOptimized":true,"output":{"mimeType":"video\/mp4","src":"https:\/\/media.tenor.com\/LdlTc1Q74AcAAAPo\/rio-de-janeiro-ipanema.mp4"}},"type":"gif","x":20,"y":309,"width":373,"height":347,"mask":{"type":"rectangle","showInLibrary":true,"name":"Ret\u00e2ngulo","path":"M 0,0 1,0 1,1 0,1 0,0 Z","ratio":1,"supportsBorder":true},"resizeWidth":282.46602,"resizeHeight":262.742,"basedOn":"eb333b83-ca24-4ced-8813-f040f891be0f","id":"9e920425-d3be-4cc9-a9ee-914dc60cf5ba","alt":"O v\u00eddeo mostra um dia de sol intenso em uma das praias do Rio de Janeiro, com muita gente na areia e no mar.","tracks":[]}],"animations":[{"id":"f77c13a4-1893-456a-bd45-8c8e7beb0ab7","type":"effect-fly-in","flyInDir":"leftToRight","duration":600,"delay":0,"targets":["8a26d018-0739-4342-b710-81b13a34441d"]},{"id":"c7d5c470-5d68-4380-a1cc-a92c15ac3f6f","type":"effect-fade-in","duration":600,"delay":0,"targets":["9e920425-d3be-4cc9-a9ee-914dc60cf5ba"]}],"backgroundColor":{"color":{"r":80,"g":99,"b":248}},"type":"page","id":"97f1302f-1e63-474a-9a0c-67f1cf96346e","defaultBackgroundElement":{"opacity":100,"flip":{"vertical":false,"horizontal":false},"rotationAngle":0,"lockAspectRatio":true,"backgroundColor":{"color":{"r":196,"g":196,"b":196}},"x":1,"y":1,"width":1,"height":1,"mask":{"type":"rectangle"},"isBackground":true,"isDefaultBackground":true,"type":"shape","id":"82332c42-4b5e-45b9-8fd8-e5c8ae9f0e65"}},{"elements":[{"opacity":100,"flip":{"vertical":false,"horizontal":false},"rotationAngle":0,"lockAspectRatio":true,"x":1,"y":1,"width":1,"height":1,"mask":{"type":"rectangle"},"isBackground":true,"isDefaultBackground":true,"id":"27b1fe81-5928-4ea0-837c-594ef7756b99","type":"shape","basedOn":"d2b72a51-1e66-4949-8dca-7e94d60af9ce"},{"opacity":100,"flip":{"vertical":false,"horizontal":false},"rotationAngle":0,"lockAspectRatio":false,"backgroundColor":{"color":{"r":248,"g":249,"b":245}},"type":"shape","x":0,"y":-57,"width":413,"height":375,"mask":{"type":"rectangle"},"basedOn":"7ea6faf4-79c1-4c85-baa8-8f8f53550695","id":"0b212ab7-9cb1-4819-b817-f51709b163f4"},{"opacity":100,"flip":{"vertical":false,"horizontal":false},"rotationAngle":0,"lockAspectRatio":false,"backgroundTextMode":"NONE","font":{"family":"Poppins","fallbacks":["sans-serif"],"weights":[100,200,300,400,500,600,700,800,900],"styles":["italic","regular"],"variants":[[0,100],[1,100],[0,200],[1,200],[0,300],[1,300],[0,400],[1,400],[0,500],[1,500],[0,600],[1,600],[0,700],[1,700],[0,800],[1,800],[0,900],[1,900]],"service":"fonts.google.com","metrics":{"upm":1000,"asc":1050,"des":-350,"tAsc":1050,"tDes":-350,"tLGap":100,"wAsc":1135,"wDes":627,"xH":548,"capH":698,"yMin":-572,"yMax":1065,"hAsc":1050,"hDes":-350,"lGap":100}},"fontSize":21,"backgroundColor":{"color":{"r":196,"g":196,"b":196}},"lineHeight":1.1,"textAlign":"initial","padding":{"locked":true,"horizontal":0,"vertical":0},"type":"text","content":"Listamos algumas das principais praias da Zona Sul que se destacam n\u00e3o apenas pelas belezas naturais, mas pelas op\u00e7\u00f5es de servi\u00e7os e lazer para os moradores e frequentadores. Confira a seguir.","basedOn":"8a26d018-0739-4342-b710-81b13a34441d","x":53,"y":53,"width":312,"height":191,"marginOffset":-11.099999999999994,"id":"88c54e38-2b36-4968-ab9f-5d402bae7907"},{"opacity":100,"flip":{"vertical":false,"horizontal":false},"rotationAngle":0,"lockAspectRatio":false,"backgroundColor":{"color":{"r":36,"g":88,"b":37}},"type":"shape","x":0,"y":287,"width":413,"height":396,"mask":{"type":"rectangle"},"basedOn":"21758096-c7b6-43d4-bc9f-fd2e9434d798","id":"d9c3c795-0fc2-413f-b8f6-1dd79e0c6cb6"},{"opacity":100,"flip":{"vertical":false,"horizontal":false},"rotationAngle":0,"lockAspectRatio":true,"scale":100,"focalX":50,"focalY":50,"resource":{"type":"gif","mimeType":"image\/gif","width":498,"height":280,"sizes":{"full":{"file":"media\/tenor:9012562295278776065","sourceUrl":"https:\/\/media.tenor.com\/fRMNqC4rrwEAAAAC\/beach-date.gif","mimeType":"image\/gif","width":498,"height":280},"large":{"file":"media\/tenor:9012562295278776065","sourceUrl":"https:\/\/media.tenor.com\/fRMNqC4rrwEAAAAM\/beach-date.gif","mimeType":"image\/gif","width":220,"height":124},"web_stories_thumbnail":{"file":"media\/tenor:9012562295278776065","sourceUrl":"https:\/\/media.tenor.com\/fRMNqC4rrwEAAAAS\/beach-date.gif","mimeType":"image\/gif","width":160,"height":90}},"isPlaceholder":false,"isExternal":true,"needsProxy":false,"id":"media\/tenor:9012562295278776065","creationDate":"2017-07-14T20:21:20Z","src":"https:\/\/media.tenor.com\/fRMNqC4rrwEAAAAC\/beach-date.gif","alt":"Podia Ser Eu E Voc\u00ea A For\u00e7a Do Querer GIF","attribution":{"author":[],"registerUsageUrl":"https:\/\/media3p.googleapis.com\/v1\/media:registerUsage?token=AWJwhCHC%2B0F3AW73jfFgBVxJUCikPHivxQ1%2Bu02KJUQQUE3cX4WT7X6IM\/dz1pa4bzh05sKDeO7uQ0FGd8SRWGnL9\/vndQ%3D%3D"},"poster":"https:\/\/media.tenor.com\/fRMNqC4rrwEAAAAe\/beach-date.png","posterId":"media\/tenor:9012562295278776065","isOptimized":true,"output":{"mimeType":"video\/mp4","src":"https:\/\/media.tenor.com\/fRMNqC4rrwEAAAPo\/beach-date.mp4"}},"type":"gif","x":22,"y":309,"width":373,"height":347,"mask":{"type":"rectangle","showInLibrary":true,"name":"Ret\u00e2ngulo","path":"M 0,0 1,0 1,1 0,1 0,0 Z","ratio":1,"supportsBorder":true},"resizeWidth":282.46602,"resizeHeight":262.742,"basedOn":"9e920425-d3be-4cc9-a9ee-914dc60cf5ba","id":"988f25a1-cab1-4ea3-b3a9-efbfe5d15190","alt":"O v\u00eddeo mostra o p\u00f4r do sol em uma das praias do Rio de Janeiro, com o Cristo Redentor ao fundo pr\u00f3ximo ao sol e bastante pessoas na praia.","tracks":[]}],"animations":[{"id":"b2ad6df2-78bf-493b-bf48-4c843ec762ba","type":"effect-fly-in","flyInDir":"leftToRight","duration":600,"delay":0,"targets":["88c54e38-2b36-4968-ab9f-5d402bae7907"]},{"id":"c7d25799-4e85-4c9b-89c3-08d8d8ae4b84","type":"effect-fade-in","duration":600,"delay":0,"targets":["988f25a1-cab1-4ea3-b3a9-efbfe5d15190"]}],"backgroundColor":{"color":{"r":80,"g":99,"b":248}},"type":"page","id":"4be621d2-bda7-4646-8ad0-1b7d4daca51f","defaultBackgroundElement":{"opacity":100,"flip":{"vertical":false,"horizontal":false},"rotationAngle":0,"lockAspectRatio":true,"backgroundColor":{"color":{"r":196,"g":196,"b":196}},"x":1,"y":1,"width":1,"height":1,"mask":{"type":"rectangle"},"isBackground":true,"isDefaultBackground":true,"type":"shape","id":"82332c42-4b5e-45b9-8fd8-e5c8ae9f0e65"}},{"elements":[{"opacity":100,"flip":{"vertical":false,"horizontal":false},"rotationAngle":0,"lockAspectRatio":true,"x":1,"y":1,"width":1,"height":1,"mask":{"type":"rectangle"},"isBackground":true,"isDefaultBackground":true,"id":"4a2cdd23-8124-4eb7-a9bf-1413f2f89d03","type":"shape","basedOn":"bd29bb19-ad36-4c65-a4c8-172801081670"},{"opacity":100,"flip":{"vertical":false,"horizontal":false},"rotationAngle":0,"lockAspectRatio":true,"backgroundColor":{"color":{"r":196,"g":196,"b":196}},"type":"image","resource":{"type":"image","mimeType":"image\/webp","width":1000,"height":563,"sizes":{"medium":{"file":"Praias-do-Rio-de-Janeiro-Flamengo-1-300x169.webp","width":300,"height":169,"filesize":10806,"mimeType":"image\/webp","sourceUrl":"https:\/\/quintoandar.com.br\/guias\/wp-content\/uploads\/2022\/12\/Praias-do-Rio-de-Janeiro-Flamengo-1-300x169.webp"},"thumbnail":{"file":"Praias-do-Rio-de-Janeiro-Flamengo-1-150x150.webp","width":150,"height":150,"filesize":5940,"mimeType":"image\/webp","sourceUrl":"https:\/\/quintoandar.com.br\/guias\/wp-content\/uploads\/2022\/12\/Praias-do-Rio-de-Janeiro-Flamengo-1-150x150.webp"},"medium_large":{"file":"Praias-do-Rio-de-Janeiro-Flamengo-1-768x432.webp","width":768,"height":432,"filesize":48302,"mimeType":"image\/webp","sourceUrl":"https:\/\/quintoandar.com.br\/guias\/wp-content\/uploads\/2022\/12\/Praias-do-Rio-de-Janeiro-Flamengo-1-768x432.webp"},"post-thumbnail":{"file":"Praias-do-Rio-de-Janeiro-Flamengo-1-530x337.webp","width":530,"height":337,"filesize":30696,"mimeType":"image\/webp","sourceUrl":"https:\/\/quintoandar.com.br\/guias\/wp-content\/uploads\/2022\/12\/Praias-do-Rio-de-Janeiro-Flamengo-1-530x337.webp"},"chamada-destaque":{"file":"Praias-do-Rio-de-Janeiro-Flamengo-1-800x563.webp","width":800,"height":563,"filesize":59694,"mimeType":"image\/webp","sourceUrl":"https:\/\/quintoandar.com.br\/guias\/wp-content\/uploads\/2022\/12\/Praias-do-Rio-de-Janeiro-Flamengo-1-800x563.webp"},"single-destaque":{"file":"Praias-do-Rio-de-Janeiro-Flamengo-1-850x563.webp","width":850,"height":563,"filesize":77066,"mimeType":"image\/webp","sourceUrl":"https:\/\/quintoandar.com.br\/guias\/wp-content\/uploads\/2022\/12\/Praias-do-Rio-de-Janeiro-Flamengo-1-850x563.webp"},"alm-thumbnail":{"file":"Praias-do-Rio-de-Janeiro-Flamengo-1-150x150.webp","width":150,"height":150,"filesize":5940,"mimeType":"image\/webp","sourceUrl":"https:\/\/quintoandar.com.br\/guias\/wp-content\/uploads\/2022\/12\/Praias-do-Rio-de-Janeiro-Flamengo-1-150x150.webp"},"wpvqgr-square-answer":{"file":"Praias-do-Rio-de-Janeiro-Flamengo-1-300x300.webp","width":300,"height":300,"filesize":18580,"mimeType":"image\/webp","sourceUrl":"https:\/\/quintoandar.com.br\/guias\/wp-content\/uploads\/2022\/12\/Praias-do-Rio-de-Janeiro-Flamengo-1-300x300.webp"},"web-stories-poster-portrait":{"file":"Praias-do-Rio-de-Janeiro-Flamengo-1-640x563.webp","width":640,"height":563,"filesize":51054,"mimeType":"image\/webp","sourceUrl":"https:\/\/quintoandar.com.br\/guias\/wp-content\/uploads\/2022\/12\/Praias-do-Rio-de-Janeiro-Flamengo-1-640x563.webp"},"web-stories-publisher-logo":{"file":"Praias-do-Rio-de-Janeiro-Flamengo-1-96x96.webp","width":96,"height":96,"filesize":2792,"mimeType":"image\/webp","sourceUrl":"https:\/\/quintoandar.com.br\/guias\/wp-content\/uploads\/2022\/12\/Praias-do-Rio-de-Janeiro-Flamengo-1-96x96.webp"},"web-stories-thumbnail":{"file":"Praias-do-Rio-de-Janeiro-Flamengo-1-150x84.webp","width":150,"height":84,"filesize":3396,"mimeType":"image\/webp","sourceUrl":"https:\/\/quintoandar.com.br\/guias\/wp-content\/uploads\/2022\/12\/Praias-do-Rio-de-Janeiro-Flamengo-1-150x84.webp"},"full":{"file":"Praias-do-Rio-de-Janeiro-Flamengo-1.webp","width":1000,"height":563,"mimeType":"image\/webp","sourceUrl":"https:\/\/quintoandar.com.br\/guias\/wp-content\/uploads\/2022\/12\/Praias-do-Rio-de-Janeiro-Flamengo-1.webp"}},"isPlaceholder":false,"isExternal":false,"needsProxy":false,"baseColor":"#48483e","blurHash":"","creationDate":"2022-12-02T15:51:55","src":"https:\/\/quintoandar.com.br\/guias\/wp-content\/uploads\/2022\/12\/Praias-do-Rio-de-Janeiro-Flamengo-1.webp","id":460533,"alt":"Praias-do-Rio-de-Janeiro-Flamengo","local":false,"provider":"local"},"x":46,"y":0,"width":318,"height":309,"scale":100,"focalX":62.51111111111112,"focalY":50,"mask":{"type":"rectangle"},"basedOn":"011c51d8-14a3-446a-a338-7334ed507df0","id":"1a8c844b-c5d6-4172-b775-b9a6c464360f","alt":"Foto da vista de cima da Praia do Flamengo."},{"opacity":100,"flip":{"vertical":false,"horizontal":false},"rotationAngle":0,"lockAspectRatio":false,"backgroundTextMode":"NONE","font":{"family":"Poppins","fallbacks":["sans-serif"],"weights":[100,200,300,400,500,600,700,800,900],"styles":["italic","regular"],"variants":[[0,100],[1,100],[0,200],[1,200],[0,300],[1,300],[0,400],[1,400],[0,500],[1,500],[0,600],[1,600],[0,700],[1,700],[0,800],[1,800],[0,900],[1,900]],"service":"fonts.google.com","metrics":{"upm":1000,"asc":1050,"des":-350,"tAsc":1050,"tDes":-350,"tLGap":100,"wAsc":1135,"wDes":627,"xH":548,"capH":698,"yMin":-572,"yMax":1065,"hAsc":1050,"hDes":-350,"lGap":100}},"fontSize":21,"backgroundColor":{"color":{"r":196,"g":196,"b":196}},"lineHeight":1.2,"textAlign":"initial","padding":{"locked":true,"hasHiddenPadding":false,"horizontal":0,"vertical":0},"type":"text","content":"<span style=\"color: #fff\">Com um visual de tirar o f\u00f4lego, ela oferece um olhar \u00fanico do amanhecer do sol pr\u00f3ximo ao Morro do P\u00e3o de A\u00e7\u00facar. Ao redor, no Aterro do Flamengo h\u00e1 muito espa\u00e7o para caminhar e pedalar, j\u00e1 que a praia conta com um parque urbano repleto de infraestrutura e paisagismo.&nbsp;<\/span>","borderRadius":{"locked":true,"topLeft":2,"topRight":2,"bottomRight":2,"bottomLeft":2},"x":47,"y":351,"width":319,"height":256,"marginOffset":0.4781249999999986,"basedOn":"f58aac86-0d0f-4625-ba3f-ec49557c4ac1","id":"47f3b4f0-3fa1-4b01-935d-1feea4362c36"},{"opacity":100,"flip":{"vertical":false,"horizontal":false},"rotationAngle":0,"lockAspectRatio":false,"backgroundTextMode":"NONE","font":{"family":"Poppins","fallbacks":["sans-serif"],"weights":[100,200,300,400,500,600,700,800,900],"styles":["italic","regular"],"variants":[[0,100],[1,100],[0,200],[1,200],[0,300],[1,300],[0,400],[1,400],[0,500],[1,500],[0,600],[1,600],[0,700],[1,700],[0,800],[1,800],[0,900],[1,900]],"service":"fonts.google.com","metrics":{"upm":1000,"asc":1050,"des":-350,"tAsc":1050,"tDes":-350,"tLGap":100,"wAsc":1135,"wDes":627,"xH":548,"capH":698,"yMin":-572,"yMax":1065,"hAsc":1050,"hDes":-350,"lGap":100}},"fontSize":24,"backgroundColor":{"color":{"r":196,"g":196,"b":196}},"lineHeight":1.2,"textAlign":"initial","padding":{"locked":true,"hasHiddenPadding":false,"horizontal":0,"vertical":0},"type":"text","content":"<span style=\"font-weight: 600; color: #fff\">Praia do Flamengo<\/span>","borderRadius":{"locked":true,"topLeft":2,"topRight":2,"bottomRight":2,"bottomLeft":2},"x":48,"y":317,"width":316,"height":33,"marginOffset":0.4781249999999986,"basedOn":"47f3b4f0-3fa1-4b01-935d-1feea4362c36","id":"1bccb3fb-61a0-4ca4-9199-a82e6f97fe61"}],"animations":[{"id":"f2a86c4c-a363-4c55-be25-c93dbe77caa1","type":"effect-drop","duration":1600,"delay":0,"targets":["1a8c844b-c5d6-4172-b775-b9a6c464360f"]},{"targets":["47f3b4f0-3fa1-4b01-935d-1feea4362c36"],"id":"7fa28528-b6f7-4ab5-8acb-5c769ecd0d59","type":"effect-fly-in","flyInDir":"leftToRight","duration":600,"delay":0},{"targets":["1bccb3fb-61a0-4ca4-9199-a82e6f97fe61"],"id":"13cc33c6-a146-4f75-ab74-a3c08bb12739","type":"effect-fly-in","flyInDir":"leftToRight","duration":600,"delay":0}],"backgroundColor":{"color":{"r":36,"g":88,"b":37}},"type":"page","id":"9445d78c-1905-45f5-be8e-79c8298ed3ec","defaultBackgroundElement":{"opacity":100,"flip":{"vertical":false,"horizontal":false},"rotationAngle":0,"lockAspectRatio":true,"backgroundColor":{"color":{"r":196,"g":196,"b":196}},"x":1,"y":1,"width":1,"height":1,"mask":{"type":"rectangle"},"isBackground":true,"isDefaultBackground":true,"type":"shape","id":"d30996f6-74d0-4192-81c0-4c75833133d2"}},{"elements":[{"opacity":100,"flip":{"vertical":false,"horizontal":false},"rotationAngle":0,"lockAspectRatio":true,"x":1,"y":1,"width":1,"height":1,"mask":{"type":"rectangle"},"isBackground":true,"isDefaultBackground":true,"id":"f523b4e9-e7c8-4d8a-aac2-26b7e8eb6cbf","type":"shape","basedOn":"4a2cdd23-8124-4eb7-a9bf-1413f2f89d03"},{"opacity":100,"flip":{"vertical":false,"horizontal":false},"rotationAngle":0,"lockAspectRatio":true,"backgroundColor":{"color":{"r":196,"g":196,"b":196}},"type":"image","resource":{"type":"image","mimeType":"image\/webp","width":1024,"height":577,"sizes":{"medium":{"file":"Praias-do-Rio-de-Janeiro-Botafogo-1-1-300x169.webp","width":300,"height":169,"filesize":14740,"mimeType":"image\/webp","sourceUrl":"https:\/\/quintoandar.com.br\/guias\/wp-content\/uploads\/2022\/12\/Praias-do-Rio-de-Janeiro-Botafogo-1-1-300x169.webp"},"thumbnail":{"file":"Praias-do-Rio-de-Janeiro-Botafogo-1-1-150x150.webp","width":150,"height":150,"filesize":6762,"mimeType":"image\/webp","sourceUrl":"https:\/\/quintoandar.com.br\/guias\/wp-content\/uploads\/2022\/12\/Praias-do-Rio-de-Janeiro-Botafogo-1-1-150x150.webp"},"medium_large":{"file":"Praias-do-Rio-de-Janeiro-Botafogo-1-1-768x433.webp","width":768,"height":433,"filesize":66898,"mimeType":"image\/webp","sourceUrl":"https:\/\/quintoandar.com.br\/guias\/wp-content\/uploads\/2022\/12\/Praias-do-Rio-de-Janeiro-Botafogo-1-1-768x433.webp"},"post-thumbnail":{"file":"Praias-do-Rio-de-Janeiro-Botafogo-1-1-530x337.webp","width":530,"height":337,"filesize":38666,"mimeType":"image\/webp","sourceUrl":"https:\/\/quintoandar.com.br\/guias\/wp-content\/uploads\/2022\/12\/Praias-do-Rio-de-Janeiro-Botafogo-1-1-530x337.webp"},"chamada-destaque":{"file":"Praias-do-Rio-de-Janeiro-Botafogo-1-1-800x577.webp","width":800,"height":577,"filesize":73986,"mimeType":"image\/webp","sourceUrl":"https:\/\/quintoandar.com.br\/guias\/wp-content\/uploads\/2022\/12\/Praias-do-Rio-de-Janeiro-Botafogo-1-1-800x577.webp"},"single-destaque":{"file":"Praias-do-Rio-de-Janeiro-Botafogo-1-1-850x577.webp","width":850,"height":577,"filesize":95048,"mimeType":"image\/webp","sourceUrl":"https:\/\/quintoandar.com.br\/guias\/wp-content\/uploads\/2022\/12\/Praias-do-Rio-de-Janeiro-Botafogo-1-1-850x577.webp"},"alm-thumbnail":{"file":"Praias-do-Rio-de-Janeiro-Botafogo-1-1-150x150.webp","width":150,"height":150,"filesize":6762,"mimeType":"image\/webp","sourceUrl":"https:\/\/quintoandar.com.br\/guias\/wp-content\/uploads\/2022\/12\/Praias-do-Rio-de-Janeiro-Botafogo-1-1-150x150.webp"},"wpvqgr-square-answer":{"file":"Praias-do-Rio-de-Janeiro-Botafogo-1-1-300x300.webp","width":300,"height":300,"filesize":19506,"mimeType":"image\/webp","sourceUrl":"https:\/\/quintoandar.com.br\/guias\/wp-content\/uploads\/2022\/12\/Praias-do-Rio-de-Janeiro-Botafogo-1-1-300x300.webp"},"web-stories-poster-portrait":{"file":"Praias-do-Rio-de-Janeiro-Botafogo-1-1-640x577.webp","width":640,"height":577,"filesize":58696,"mimeType":"image\/webp","sourceUrl":"https:\/\/quintoandar.com.br\/guias\/wp-content\/uploads\/2022\/12\/Praias-do-Rio-de-Janeiro-Botafogo-1-1-640x577.webp"},"web-stories-publisher-logo":{"file":"Praias-do-Rio-de-Janeiro-Botafogo-1-1-96x96.webp","width":96,"height":96,"filesize":3118,"mimeType":"image\/webp","sourceUrl":"https:\/\/quintoandar.com.br\/guias\/wp-content\/uploads\/2022\/12\/Praias-do-Rio-de-Janeiro-Botafogo-1-1-96x96.webp"},"web-stories-thumbnail":{"file":"Praias-do-Rio-de-Janeiro-Botafogo-1-1-150x85.webp","width":150,"height":85,"filesize":4906,"mimeType":"image\/webp","sourceUrl":"https:\/\/quintoandar.com.br\/guias\/wp-content\/uploads\/2022\/12\/Praias-do-Rio-de-Janeiro-Botafogo-1-1-150x85.webp"},"full":{"file":"Praias-do-Rio-de-Janeiro-Botafogo-1-1.webp","width":1024,"height":577,"mimeType":"image\/webp","sourceUrl":"https:\/\/quintoandar.com.br\/guias\/wp-content\/uploads\/2022\/12\/Praias-do-Rio-de-Janeiro-Botafogo-1-1.webp"}},"isPlaceholder":false,"isExternal":false,"needsProxy":false,"baseColor":"#7898ae","blurHash":"","creationDate":"2022-12-02T15:52:34","src":"https:\/\/quintoandar.com.br\/guias\/wp-content\/uploads\/2022\/12\/Praias-do-Rio-de-Janeiro-Botafogo-1-1.webp","id":460535,"alt":"Praias-do-Rio-de-Janeiro-Botafogo (1)","local":false,"provider":"local"},"x":46,"y":0,"width":318,"height":309,"scale":100,"focalX":28.827412850884336,"focalY":50,"mask":{"type":"rectangle"},"basedOn":"1a8c844b-c5d6-4172-b775-b9a6c464360f","id":"c05af9ff-198a-4bef-93ec-ee24b6de8d8d","alt":"Foto da Praia do Botafogo, mostrando de longe parte da sua orla."},{"opacity":100,"flip":{"vertical":false,"horizontal":false},"rotationAngle":0,"lockAspectRatio":false,"backgroundTextMode":"NONE","font":{"family":"Poppins","fallbacks":["sans-serif"],"weights":[100,200,300,400,500,600,700,800,900],"styles":["italic","regular"],"variants":[[0,100],[1,100],[0,200],[1,200],[0,300],[1,300],[0,400],[1,400],[0,500],[1,500],[0,600],[1,600],[0,700],[1,700],[0,800],[1,800],[0,900],[1,900]],"service":"fonts.google.com","metrics":{"upm":1000,"asc":1050,"des":-350,"tAsc":1050,"tDes":-350,"tLGap":100,"wAsc":1135,"wDes":627,"xH":548,"capH":698,"yMin":-572,"yMax":1065,"hAsc":1050,"hDes":-350,"lGap":100}},"fontSize":21,"backgroundColor":{"color":{"r":196,"g":196,"b":196}},"lineHeight":1.2,"textAlign":"initial","padding":{"locked":true,"hasHiddenPadding":false,"horizontal":0,"vertical":0},"type":"text","content":"<span style=\"color: #fff\">Com 700 m de extens\u00e3o, a Praia de Botafogo tem uma fama \u00fanica por conta da deslumbrante paisagem que destaca o balan\u00e7o dos barcos atracados ou navegando pr\u00f3ximos ao P\u00e3o de A\u00e7\u00facar, na Ba\u00eda&nbsp;<\/span>\n<span style=\"color: #fff\">de Guanabara.<\/span>","borderRadius":{"locked":true,"topLeft":2,"topRight":2,"bottomRight":2,"bottomLeft":2},"x":48,"y":373,"width":318,"height":231,"marginOffset":0.4781249999999986,"basedOn":"47f3b4f0-3fa1-4b01-935d-1feea4362c36","id":"a17b0abe-9277-4824-8b55-49ae90c54f41"},{"opacity":100,"flip":{"vertical":false,"horizontal":false},"rotationAngle":0,"lockAspectRatio":false,"backgroundTextMode":"NONE","font":{"family":"Poppins","fallbacks":["sans-serif"],"weights":[100,200,300,400,500,600,700,800,900],"styles":["italic","regular"],"variants":[[0,100],[1,100],[0,200],[1,200],[0,300],[1,300],[0,400],[1,400],[0,500],[1,500],[0,600],[1,600],[0,700],[1,700],[0,800],[1,800],[0,900],[1,900]],"service":"fonts.google.com","metrics":{"upm":1000,"asc":1050,"des":-350,"tAsc":1050,"tDes":-350,"tLGap":100,"wAsc":1135,"wDes":627,"xH":548,"capH":698,"yMin":-572,"yMax":1065,"hAsc":1050,"hDes":-350,"lGap":100}},"fontSize":24,"backgroundColor":{"color":{"r":196,"g":196,"b":196}},"lineHeight":1.2,"textAlign":"initial","padding":{"locked":true,"hasHiddenPadding":false,"horizontal":0,"vertical":0},"type":"text","content":"<span style=\"font-weight: 600; color: #fff\">Praia de Botafogo<\/span>","borderRadius":{"locked":true,"topLeft":2,"topRight":2,"bottomRight":2,"bottomLeft":2},"x":46,"y":335,"width":346,"height":33,"marginOffset":0.4781249999999986,"basedOn":"1bccb3fb-61a0-4ca4-9199-a82e6f97fe61","id":"889021f7-fa70-4a15-8fab-c95ef569954e"}],"animations":[{"id":"2a744889-5daf-4da0-99a1-22ac58407b6b","type":"effect-drop","duration":1600,"delay":0,"targets":["c05af9ff-198a-4bef-93ec-ee24b6de8d8d"]},{"targets":["a17b0abe-9277-4824-8b55-49ae90c54f41"],"id":"16dd0a89-9ffa-40f3-b5ad-09782007ade1","type":"effect-fly-in","flyInDir":"leftToRight","duration":600,"delay":0},{"targets":["889021f7-fa70-4a15-8fab-c95ef569954e"],"id":"6ade352b-4707-4a33-a3d5-d9eb77fcc26c","type":"effect-fly-in","flyInDir":"leftToRight","duration":600,"delay":0}],"backgroundColor":{"color":{"r":36,"g":88,"b":37}},"type":"page","id":"81e6d37e-e2bd-4b7c-896a-75ade40f7391","defaultBackgroundElement":{"opacity":100,"flip":{"vertical":false,"horizontal":false},"rotationAngle":0,"lockAspectRatio":true,"backgroundColor":{"color":{"r":196,"g":196,"b":196}},"x":1,"y":1,"width":1,"height":1,"mask":{"type":"rectangle"},"isBackground":true,"isDefaultBackground":true,"type":"shape","id":"d30996f6-74d0-4192-81c0-4c75833133d2"}},{"elements":[{"opacity":100,"flip":{"vertical":false,"horizontal":false},"rotationAngle":0,"lockAspectRatio":true,"x":1,"y":1,"width":1,"height":1,"mask":{"type":"rectangle"},"isBackground":true,"isDefaultBackground":true,"id":"9b47d552-17af-464d-a611-0f5a4cf71db8","type":"shape","basedOn":"f523b4e9-e7c8-4d8a-aac2-26b7e8eb6cbf"},{"opacity":100,"flip":{"vertical":false,"horizontal":false},"rotationAngle":0,"lockAspectRatio":true,"backgroundColor":{"color":{"r":196,"g":196,"b":196}},"type":"image","resource":{"type":"image","mimeType":"image\/webp","width":2048,"height":1365,"sizes":{"medium":{"file":"Praias-do-Rio-de-Janeiro-Leme-Bruna-Prado-MTUR-300x200.webp","width":300,"height":200,"filesize":10316,"mimeType":"image\/webp","sourceUrl":"https:\/\/quintoandar.com.br\/guias\/wp-content\/uploads\/2022\/12\/Praias-do-Rio-de-Janeiro-Leme-Bruna-Prado-MTUR-300x200.webp"},"large":{"file":"Praias-do-Rio-de-Janeiro-Leme-Bruna-Prado-MTUR-1024x683.webp","width":1024,"height":683,"filesize":102360,"mimeType":"image\/webp","sourceUrl":"https:\/\/quintoandar.com.br\/guias\/wp-content\/uploads\/2022\/12\/Praias-do-Rio-de-Janeiro-Leme-Bruna-Prado-MTUR-1024x683.webp"},"thumbnail":{"file":"Praias-do-Rio-de-Janeiro-Leme-Bruna-Prado-MTUR-150x150.webp","width":150,"height":150,"filesize":4258,"mimeType":"image\/webp","sourceUrl":"https:\/\/quintoandar.com.br\/guias\/wp-content\/uploads\/2022\/12\/Praias-do-Rio-de-Janeiro-Leme-Bruna-Prado-MTUR-150x150.webp"},"medium_large":{"file":"Praias-do-Rio-de-Janeiro-Leme-Bruna-Prado-MTUR-768x512.webp","width":768,"height":512,"filesize":58052,"mimeType":"image\/webp","sourceUrl":"https:\/\/quintoandar.com.br\/guias\/wp-content\/uploads\/2022\/12\/Praias-do-Rio-de-Janeiro-Leme-Bruna-Prado-MTUR-768x512.webp"},"1536x1536":{"file":"Praias-do-Rio-de-Janeiro-Leme-Bruna-Prado-MTUR-1536x1024.webp","width":1536,"height":1024,"filesize":203434,"mimeType":"image\/webp","sourceUrl":"https:\/\/quintoandar.com.br\/guias\/wp-content\/uploads\/2022\/12\/Praias-do-Rio-de-Janeiro-Leme-Bruna-Prado-MTUR-1536x1024.webp"},"post-thumbnail":{"file":"Praias-do-Rio-de-Janeiro-Leme-Bruna-Prado-MTUR-530x337.webp","width":530,"height":337,"filesize":28666,"mimeType":"image\/webp","sourceUrl":"https:\/\/quintoandar.com.br\/guias\/wp-content\/uploads\/2022\/12\/Praias-do-Rio-de-Janeiro-Leme-Bruna-Prado-MTUR-530x337.webp"},"chamada-destaque":{"file":"Praias-do-Rio-de-Janeiro-Leme-Bruna-Prado-MTUR-800x687.webp","width":800,"height":687,"filesize":76932,"mimeType":"image\/webp","sourceUrl":"https:\/\/quintoandar.com.br\/guias\/wp-content\/uploads\/2022\/12\/Praias-do-Rio-de-Janeiro-Leme-Bruna-Prado-MTUR-800x687.webp"},"single-destaque":{"file":"Praias-do-Rio-de-Janeiro-Leme-Bruna-Prado-MTUR-850x680.webp","width":850,"height":680,"filesize":82946,"mimeType":"image\/webp","sourceUrl":"https:\/\/quintoandar.com.br\/guias\/wp-content\/uploads\/2022\/12\/Praias-do-Rio-de-Janeiro-Leme-Bruna-Prado-MTUR-850x680.webp"},"alm-thumbnail":{"file":"Praias-do-Rio-de-Janeiro-Leme-Bruna-Prado-MTUR-150x150.webp","width":150,"height":150,"filesize":4258,"mimeType":"image\/webp","sourceUrl":"https:\/\/quintoandar.com.br\/guias\/wp-content\/uploads\/2022\/12\/Praias-do-Rio-de-Janeiro-Leme-Bruna-Prado-MTUR-150x150.webp"},"wpvqgr-square-answer":{"file":"Praias-do-Rio-de-Janeiro-Leme-Bruna-Prado-MTUR-300x300.webp","width":300,"height":300,"filesize":13784,"mimeType":"image\/webp","sourceUrl":"https:\/\/quintoandar.com.br\/guias\/wp-content\/uploads\/2022\/12\/Praias-do-Rio-de-Janeiro-Leme-Bruna-Prado-MTUR-300x300.webp"},"web-stories-poster-portrait":{"file":"Praias-do-Rio-de-Janeiro-Leme-Bruna-Prado-MTUR-640x853.webp","width":640,"height":853,"filesize":69566,"mimeType":"image\/webp","sourceUrl":"https:\/\/quintoandar.com.br\/guias\/wp-content\/uploads\/2022\/12\/Praias-do-Rio-de-Janeiro-Leme-Bruna-Prado-MTUR-640x853.webp"},"web-stories-publisher-logo":{"file":"Praias-do-Rio-de-Janeiro-Leme-Bruna-Prado-MTUR-96x96.webp","width":96,"height":96,"filesize":1828,"mimeType":"image\/webp","sourceUrl":"https:\/\/quintoandar.com.br\/guias\/wp-content\/uploads\/2022\/12\/Praias-do-Rio-de-Janeiro-Leme-Bruna-Prado-MTUR-96x96.webp"},"web-stories-thumbnail":{"file":"Praias-do-Rio-de-Janeiro-Leme-Bruna-Prado-MTUR-150x100.webp","width":150,"height":100,"filesize":3098,"mimeType":"image\/webp","sourceUrl":"https:\/\/quintoandar.com.br\/guias\/wp-content\/uploads\/2022\/12\/Praias-do-Rio-de-Janeiro-Leme-Bruna-Prado-MTUR-150x100.webp"},"full":{"file":"Praias-do-Rio-de-Janeiro-Leme-Bruna-Prado-MTUR.webp","width":2048,"height":1365,"mimeType":"image\/webp","sourceUrl":"https:\/\/quintoandar.com.br\/guias\/wp-content\/uploads\/2022\/12\/Praias-do-Rio-de-Janeiro-Leme-Bruna-Prado-MTUR.webp"}},"isPlaceholder":false,"isExternal":false,"needsProxy":false,"baseColor":"#31414c","blurHash":"","creationDate":"2022-12-02T15:53:00","src":"https:\/\/quintoandar.com.br\/guias\/wp-content\/uploads\/2022\/12\/Praias-do-Rio-de-Janeiro-Leme-Bruna-Prado-MTUR.webp","id":460537,"alt":"Praias-do-Rio-de-Janeiro-Leme-Bruna-Prado-MTUR","local":false,"provider":"local"},"x":46,"y":0,"width":318,"height":309,"scale":100,"focalX":65.78965820719401,"focalY":50,"mask":{"type":"rectangle"},"basedOn":"c05af9ff-198a-4bef-93ec-ee24b6de8d8d","id":"9540aea1-0861-4559-8f91-68be7dbfd5b9","alt":"A foto mostra a Praia do Leme vista de cima, com o mar, a areia e muitos pr\u00e9dios, al\u00e9m de uma vegeta\u00e7\u00e3o antes dela."},{"opacity":100,"flip":{"vertical":false,"horizontal":false},"rotationAngle":0,"lockAspectRatio":false,"backgroundTextMode":"NONE","font":{"family":"Poppins","fallbacks":["sans-serif"],"weights":[100,200,300,400,500,600,700,800,900],"styles":["italic","regular"],"variants":[[0,100],[1,100],[0,200],[1,200],[0,300],[1,300],[0,400],[1,400],[0,500],[1,500],[0,600],[1,600],[0,700],[1,700],[0,800],[1,800],[0,900],[1,900]],"service":"fonts.google.com","metrics":{"upm":1000,"asc":1050,"des":-350,"tAsc":1050,"tDes":-350,"tLGap":100,"wAsc":1135,"wDes":627,"xH":548,"capH":698,"yMin":-572,"yMax":1065,"hAsc":1050,"hDes":-350,"lGap":100}},"fontSize":21,"backgroundColor":{"color":{"r":196,"g":196,"b":196}},"lineHeight":1.2,"textAlign":"initial","padding":{"locked":true,"hasHiddenPadding":false,"horizontal":0,"vertical":0},"type":"text","content":"<span style=\"color: #fff\">Com uma larga faixa de areia, a Praia do Leme costuma acomodar aqueles que querem dividir o espa\u00e7o com mais tranquilidade do que em outras \u00e1reas da praia, como em Copacabana.<\/span>","borderRadius":{"locked":true,"topLeft":2,"topRight":2,"bottomRight":2,"bottomLeft":2},"x":54,"y":384,"width":300,"height":206,"marginOffset":0.4781249999999986,"basedOn":"a17b0abe-9277-4824-8b55-49ae90c54f41","id":"054b39d9-fd67-4cbb-8f78-f1c56914d278"},{"opacity":100,"flip":{"vertical":false,"horizontal":false},"rotationAngle":0,"lockAspectRatio":false,"backgroundTextMode":"NONE","font":{"family":"Poppins","fallbacks":["sans-serif"],"weights":[100,200,300,400,500,600,700,800,900],"styles":["italic","regular"],"variants":[[0,100],[1,100],[0,200],[1,200],[0,300],[1,300],[0,400],[1,400],[0,500],[1,500],[0,600],[1,600],[0,700],[1,700],[0,800],[1,800],[0,900],[1,900]],"service":"fonts.google.com","metrics":{"upm":1000,"asc":1050,"des":-350,"tAsc":1050,"tDes":-350,"tLGap":100,"wAsc":1135,"wDes":627,"xH":548,"capH":698,"yMin":-572,"yMax":1065,"hAsc":1050,"hDes":-350,"lGap":100}},"fontSize":24,"backgroundColor":{"color":{"r":196,"g":196,"b":196}},"lineHeight":1.2,"textAlign":"initial","padding":{"locked":true,"hasHiddenPadding":false,"horizontal":0,"vertical":0},"type":"text","content":"<span style=\"font-weight: 600; color: #fff\">Praia do Leme<\/span>","borderRadius":{"locked":true,"topLeft":2,"topRight":2,"bottomRight":2,"bottomLeft":2},"x":54,"y":339,"width":308,"height":33,"marginOffset":0.4781249999999986,"basedOn":"889021f7-fa70-4a15-8fab-c95ef569954e","id":"c1059e4d-f9ed-4d33-a6e2-dffba9ad488d"}],"animations":[{"id":"47586ed2-f827-4f50-a374-78ebcc60be69","type":"effect-drop","duration":1600,"delay":0,"targets":["9540aea1-0861-4559-8f91-68be7dbfd5b9"]},{"targets":["054b39d9-fd67-4cbb-8f78-f1c56914d278"],"id":"14efb9a1-b95a-474e-b9ca-99c9390763d0","type":"effect-fly-in","flyInDir":"leftToRight","duration":600,"delay":0},{"targets":["c1059e4d-f9ed-4d33-a6e2-dffba9ad488d"],"id":"b96413aa-c221-43e6-9c5d-6dbfc403ca2e","type":"effect-fly-in","flyInDir":"leftToRight","duration":600,"delay":0}],"backgroundColor":{"color":{"r":36,"g":88,"b":37}},"type":"page","id":"3e41d329-2044-4915-89f0-ec66e014ebc0","defaultBackgroundElement":{"opacity":100,"flip":{"vertical":false,"horizontal":false},"rotationAngle":0,"lockAspectRatio":true,"backgroundColor":{"color":{"r":196,"g":196,"b":196}},"x":1,"y":1,"width":1,"height":1,"mask":{"type":"rectangle"},"isBackground":true,"isDefaultBackground":true,"type":"shape","id":"d30996f6-74d0-4192-81c0-4c75833133d2"}},{"elements":[{"opacity":100,"flip":{"vertical":false,"horizontal":false},"rotationAngle":0,"lockAspectRatio":true,"x":1,"y":1,"width":1,"height":1,"mask":{"type":"rectangle"},"isBackground":true,"isDefaultBackground":true,"id":"8296564a-f4b2-4c9b-b88a-d5a0bd9d7de1","type":"shape","basedOn":"9b47d552-17af-464d-a611-0f5a4cf71db8"},{"opacity":100,"flip":{"vertical":false,"horizontal":false},"rotationAngle":0,"lockAspectRatio":true,"backgroundColor":{"color":{"r":196,"g":196,"b":196}},"type":"image","resource":{"type":"image","mimeType":"image\/webp","width":1024,"height":768,"sizes":{"medium":{"file":"Praias-do-Rio-de-Janeiro-Copacabana-Calcadao-300x225.webp","width":300,"height":225,"filesize":18598,"mimeType":"image\/webp","sourceUrl":"https:\/\/quintoandar.com.br\/guias\/wp-content\/uploads\/2022\/12\/Praias-do-Rio-de-Janeiro-Copacabana-Calcadao-300x225.webp"},"thumbnail":{"file":"Praias-do-Rio-de-Janeiro-Copacabana-Calcadao-150x150.webp","width":150,"height":150,"filesize":6548,"mimeType":"image\/webp","sourceUrl":"https:\/\/quintoandar.com.br\/guias\/wp-content\/uploads\/2022\/12\/Praias-do-Rio-de-Janeiro-Copacabana-Calcadao-150x150.webp"},"medium_large":{"file":"Praias-do-Rio-de-Janeiro-Copacabana-Calcadao-768x576.webp","width":768,"height":576,"filesize":122186,"mimeType":"image\/webp","sourceUrl":"https:\/\/quintoandar.com.br\/guias\/wp-content\/uploads\/2022\/12\/Praias-do-Rio-de-Janeiro-Copacabana-Calcadao-768x576.webp"},"post-thumbnail":{"file":"Praias-do-Rio-de-Janeiro-Copacabana-Calcadao-530x337.webp","width":530,"height":337,"filesize":49498,"mimeType":"image\/webp","sourceUrl":"https:\/\/quintoandar.com.br\/guias\/wp-content\/uploads\/2022\/12\/Praias-do-Rio-de-Janeiro-Copacabana-Calcadao-530x337.webp"},"chamada-destaque":{"file":"Praias-do-Rio-de-Janeiro-Copacabana-Calcadao-800x687.webp","width":800,"height":687,"filesize":140626,"mimeType":"image\/webp","sourceUrl":"https:\/\/quintoandar.com.br\/guias\/wp-content\/uploads\/2022\/12\/Praias-do-Rio-de-Janeiro-Copacabana-Calcadao-800x687.webp"},"single-destaque":{"file":"Praias-do-Rio-de-Janeiro-Copacabana-Calcadao-850x680.webp","width":850,"height":680,"filesize":150218,"mimeType":"image\/webp","sourceUrl":"https:\/\/quintoandar.com.br\/guias\/wp-content\/uploads\/2022\/12\/Praias-do-Rio-de-Janeiro-Copacabana-Calcadao-850x680.webp"},"alm-thumbnail":{"file":"Praias-do-Rio-de-Janeiro-Copacabana-Calcadao-150x150.webp","width":150,"height":150,"filesize":6548,"mimeType":"image\/webp","sourceUrl":"https:\/\/quintoandar.com.br\/guias\/wp-content\/uploads\/2022\/12\/Praias-do-Rio-de-Janeiro-Copacabana-Calcadao-150x150.webp"},"wpvqgr-square-answer":{"file":"Praias-do-Rio-de-Janeiro-Copacabana-Calcadao-300x300.webp","width":300,"height":300,"filesize":24102,"mimeType":"image\/webp","sourceUrl":"https:\/\/quintoandar.com.br\/guias\/wp-content\/uploads\/2022\/12\/Praias-do-Rio-de-Janeiro-Copacabana-Calcadao-300x300.webp"},"web-stories-poster-portrait":{"file":"Praias-do-Rio-de-Janeiro-Copacabana-Calcadao-640x768.webp","width":640,"height":768,"filesize":120854,"mimeType":"image\/webp","sourceUrl":"https:\/\/quintoandar.com.br\/guias\/wp-content\/uploads\/2022\/12\/Praias-do-Rio-de-Janeiro-Copacabana-Calcadao-640x768.webp"},"web-stories-publisher-logo":{"file":"Praias-do-Rio-de-Janeiro-Copacabana-Calcadao-96x96.webp","width":96,"height":96,"filesize":2780,"mimeType":"image\/webp","sourceUrl":"https:\/\/quintoandar.com.br\/guias\/wp-content\/uploads\/2022\/12\/Praias-do-Rio-de-Janeiro-Copacabana-Calcadao-96x96.webp"},"web-stories-thumbnail":{"file":"Praias-do-Rio-de-Janeiro-Copacabana-Calcadao-150x113.webp","width":150,"height":113,"filesize":5106,"mimeType":"image\/webp","sourceUrl":"https:\/\/quintoandar.com.br\/guias\/wp-content\/uploads\/2022\/12\/Praias-do-Rio-de-Janeiro-Copacabana-Calcadao-150x113.webp"},"full":{"file":"Praias-do-Rio-de-Janeiro-Copacabana-Calcadao.webp","width":1024,"height":768,"mimeType":"image\/webp","sourceUrl":"https:\/\/quintoandar.com.br\/guias\/wp-content\/uploads\/2022\/12\/Praias-do-Rio-de-Janeiro-Copacabana-Calcadao.webp"}},"isPlaceholder":false,"isExternal":false,"needsProxy":false,"baseColor":"#8c888a","blurHash":"","creationDate":"2022-12-02T15:53:33","src":"https:\/\/quintoandar.com.br\/guias\/wp-content\/uploads\/2022\/12\/Praias-do-Rio-de-Janeiro-Copacabana-Calcadao.webp","id":460539,"alt":"Praias-do-Rio-de-Janeiro-Copacabana-Calcadao","local":false,"provider":"local"},"x":46,"y":0,"width":318,"height":309,"scale":100,"focalX":59.375,"focalY":50,"mask":{"type":"rectangle"},"basedOn":"9540aea1-0861-4559-8f91-68be7dbfd5b9","id":"b08d9773-ca98-461b-873f-187c2f57347b","alt":"A foto mostra o cal\u00e7ad\u00e3o de Copacabana, com seu mosaico t\u00edpico, os coqueiros na areia e, ao fundo, o mar."},{"opacity":100,"flip":{"vertical":false,"horizontal":false},"rotationAngle":0,"lockAspectRatio":false,"backgroundTextMode":"NONE","font":{"family":"Poppins","fallbacks":["sans-serif"],"weights":[100,200,300,400,500,600,700,800,900],"styles":["italic","regular"],"variants":[[0,100],[1,100],[0,200],[1,200],[0,300],[1,300],[0,400],[1,400],[0,500],[1,500],[0,600],[1,600],[0,700],[1,700],[0,800],[1,800],[0,900],[1,900]],"service":"fonts.google.com","metrics":{"upm":1000,"asc":1050,"des":-350,"tAsc":1050,"tDes":-350,"tLGap":100,"wAsc":1135,"wDes":627,"xH":548,"capH":698,"yMin":-572,"yMax":1065,"hAsc":1050,"hDes":-350,"lGap":100}},"fontSize":21,"backgroundColor":{"color":{"r":196,"g":196,"b":196}},"lineHeight":1.2,"textAlign":"initial","padding":{"locked":true,"hasHiddenPadding":false,"horizontal":0,"vertical":0},"type":"text","content":"<span style=\"color: #fff\">Cercada pelos principais hot\u00e9is e com um p\u00fablico variado, a praia e seus arredores oferecem uma das infraestruturas mais completas da regi\u00e3o, atendendo todos os tipos de servi\u00e7os aos moradores e quem est\u00e1 de passagem.<\/span>","borderRadius":{"locked":true,"topLeft":2,"topRight":2,"bottomRight":2,"bottomLeft":2},"x":52,"y":374,"width":316,"height":231,"marginOffset":0.4781249999999986,"basedOn":"054b39d9-fd67-4cbb-8f78-f1c56914d278","id":"5f63ebf3-414d-445c-8e92-43a0c1da9788"},{"opacity":100,"flip":{"vertical":false,"horizontal":false},"rotationAngle":0,"lockAspectRatio":false,"backgroundTextMode":"NONE","font":{"family":"Poppins","fallbacks":["sans-serif"],"weights":[100,200,300,400,500,600,700,800,900],"styles":["italic","regular"],"variants":[[0,100],[1,100],[0,200],[1,200],[0,300],[1,300],[0,400],[1,400],[0,500],[1,500],[0,600],[1,600],[0,700],[1,700],[0,800],[1,800],[0,900],[1,900]],"service":"fonts.google.com","metrics":{"upm":1000,"asc":1050,"des":-350,"tAsc":1050,"tDes":-350,"tLGap":100,"wAsc":1135,"wDes":627,"xH":548,"capH":698,"yMin":-572,"yMax":1065,"hAsc":1050,"hDes":-350,"lGap":100}},"fontSize":24,"backgroundColor":{"color":{"r":196,"g":196,"b":196}},"lineHeight":1.2,"textAlign":"initial","padding":{"locked":true,"hasHiddenPadding":false,"horizontal":0,"vertical":0},"type":"text","content":"<span style=\"font-weight: 600; color: #fff\">Praia de Copacabana<\/span>","borderRadius":{"locked":true,"topLeft":2,"topRight":2,"bottomRight":2,"bottomLeft":2},"x":52,"y":332,"width":308,"height":33,"marginOffset":0.4781249999999986,"basedOn":"c1059e4d-f9ed-4d33-a6e2-dffba9ad488d","id":"7da828bb-4daa-405e-a403-172f3496a9f5"}],"animations":[{"id":"dfe496a4-f853-48c2-939e-c7605a28e03e","type":"effect-drop","duration":1600,"delay":0,"targets":["b08d9773-ca98-461b-873f-187c2f57347b"]},{"targets":["5f63ebf3-414d-445c-8e92-43a0c1da9788"],"id":"cc7d47ed-e911-4d4c-bffc-b4accbac718f","type":"effect-fly-in","flyInDir":"leftToRight","duration":600,"delay":0},{"targets":["7da828bb-4daa-405e-a403-172f3496a9f5"],"id":"973bbe6a-7637-4269-9d05-5789f5350330","type":"effect-fly-in","flyInDir":"leftToRight","duration":600,"delay":0}],"backgroundColor":{"color":{"r":36,"g":88,"b":37}},"type":"page","id":"0d220058-a3a0-4f19-8982-4b1949c955f1","defaultBackgroundElement":{"opacity":100,"flip":{"vertical":false,"horizontal":false},"rotationAngle":0,"lockAspectRatio":true,"backgroundColor":{"color":{"r":196,"g":196,"b":196}},"x":1,"y":1,"width":1,"height":1,"mask":{"type":"rectangle"},"isBackground":true,"isDefaultBackground":true,"type":"shape","id":"d30996f6-74d0-4192-81c0-4c75833133d2"}},{"elements":[{"opacity":100,"flip":{"vertical":false,"horizontal":false},"rotationAngle":0,"lockAspectRatio":true,"x":1,"y":1,"width":1,"height":1,"mask":{"type":"rectangle"},"isBackground":true,"isDefaultBackground":true,"id":"4d365952-53f0-43c9-bd41-4bdda4c4e8fc","type":"shape","basedOn":"8296564a-f4b2-4c9b-b88a-d5a0bd9d7de1"},{"opacity":100,"flip":{"vertical":false,"horizontal":false},"rotationAngle":0,"lockAspectRatio":true,"backgroundColor":{"color":{"r":196,"g":196,"b":196}},"type":"gif","resource":{"type":"gif","mimeType":"image\/gif","width":498,"height":253,"sizes":{"full":{"file":"media\/tenor:3785059039879233172","sourceUrl":"https:\/\/media.tenor.com\/NIc7JIXh_pQAAAAC\/happy-moms.gif","mimeType":"image\/gif","width":498,"height":253},"large":{"file":"media\/tenor:3785059039879233172","sourceUrl":"https:\/\/media.tenor.com\/NIc7JIXh_pQAAAAM\/happy-moms.gif","mimeType":"image\/gif","width":220,"height":112},"web_stories_thumbnail":{"file":"media\/tenor:3785059039879233172","sourceUrl":"https:\/\/media.tenor.com\/NIc7JIXh_pQAAAAS\/happy-moms.gif","mimeType":"image\/gif","width":177,"height":90}},"isPlaceholder":false,"isExternal":true,"needsProxy":false,"id":"media\/tenor:3785059039879233172","baseColor":"#c0b490","creationDate":"2021-05-09T18:58:11Z","src":"https:\/\/media.tenor.com\/NIc7JIXh_pQAAAAC\/happy-moms.gif","alt":"Happy Moms GIF","attribution":{"author":{"displayName":"Gayla32","url":"https:\/\/tenor.com\/users\/Gayla32"},"registerUsageUrl":"https:\/\/media3p.googleapis.com\/v1\/media:registerUsage?token=AWJwhCFmpAoqP6jOlcd583QK3tCWqL8XMBXHlr%2BAG8KCmXynKQo7UXdmLxzug86kQ7Qof2c6jJc04O5P0lkXrIOa1u28RQ%3D%3D"},"poster":"https:\/\/media.tenor.com\/NIc7JIXh_pQAAAAe\/happy-moms.png","posterId":"media\/tenor:3785059039879233172","isOptimized":true,"output":{"mimeType":"video\/mp4","src":"https:\/\/media.tenor.com\/NIc7JIXh_pQAAAPo\/happy-moms.mp4"}},"x":46,"y":0,"width":318,"height":309,"scale":100,"focalX":50,"focalY":50,"mask":{"type":"rectangle"},"basedOn":"b08d9773-ca98-461b-873f-187c2f57347b","id":"549b0b61-b2d9-4adb-8412-5999fe6bf8ae","alt":"Foto da Praia de Ipanema, mostrando o cal\u00e7ad\u00e3o, a areia com bastante pessoas e o mar bem azul."},{"opacity":100,"flip":{"vertical":false,"horizontal":false},"rotationAngle":0,"lockAspectRatio":false,"backgroundTextMode":"NONE","font":{"family":"Poppins","fallbacks":["sans-serif"],"weights":[100,200,300,400,500,600,700,800,900],"styles":["italic","regular"],"variants":[[0,100],[1,100],[0,200],[1,200],[0,300],[1,300],[0,400],[1,400],[0,500],[1,500],[0,600],[1,600],[0,700],[1,700],[0,800],[1,800],[0,900],[1,900]],"service":"fonts.google.com","metrics":{"upm":1000,"asc":1050,"des":-350,"tAsc":1050,"tDes":-350,"tLGap":100,"wAsc":1135,"wDes":627,"xH":548,"capH":698,"yMin":-572,"yMax":1065,"hAsc":1050,"hDes":-350,"lGap":100}},"fontSize":21,"backgroundColor":{"color":{"r":196,"g":196,"b":196}},"lineHeight":1.2,"textAlign":"initial","padding":{"locked":true,"hasHiddenPadding":false,"horizontal":0,"vertical":0},"type":"text","content":"<span style=\"color: #fff\">J\u00e1 pensou em morar pr\u00f3ximo a alguma dessas incr\u00edveis praias da Zona Sul da cidade maravilhosa?<\/span>\n\n<span style=\"color: #fff\">Veja a seguir algumas op\u00e7\u00f5es de apartamentos para alugar pela regi\u00e3o:<\/span>","borderRadius":{"locked":true,"topLeft":2,"topRight":2,"bottomRight":2,"bottomLeft":2},"x":53,"y":379,"width":305,"height":206,"marginOffset":0.4781249999999986,"basedOn":"5f63ebf3-414d-445c-8e92-43a0c1da9788","id":"2cd039e2-5b28-4923-81c5-635cefd9bcd7"},{"opacity":100,"flip":{"vertical":false,"horizontal":false},"rotationAngle":0,"lockAspectRatio":false,"backgroundTextMode":"NONE","font":{"family":"Poppins","fallbacks":["sans-serif"],"weights":[100,200,300,400,500,600,700,800,900],"styles":["italic","regular"],"variants":[[0,100],[1,100],[0,200],[1,200],[0,300],[1,300],[0,400],[1,400],[0,500],[1,500],[0,600],[1,600],[0,700],[1,700],[0,800],[1,800],[0,900],[1,900]],"service":"fonts.google.com","metrics":{"upm":1000,"asc":1050,"des":-350,"tAsc":1050,"tDes":-350,"tLGap":100,"wAsc":1135,"wDes":627,"xH":548,"capH":698,"yMin":-572,"yMax":1065,"hAsc":1050,"hDes":-350,"lGap":100}},"fontSize":24,"backgroundColor":{"color":{"r":196,"g":196,"b":196}},"lineHeight":1.2,"textAlign":"initial","padding":{"locked":true,"hasHiddenPadding":false,"horizontal":0,"vertical":0},"type":"text","content":"<span style=\"font-weight: 600; color: #fff\">Morar na Zona Sul do RJ<\/span>","borderRadius":{"locked":true,"topLeft":2,"topRight":2,"bottomRight":2,"bottomLeft":2},"x":52,"y":331,"width":308,"height":34,"marginOffset":0.4781249999999986,"basedOn":"7da828bb-4daa-405e-a403-172f3496a9f5","id":"9419132e-29a1-442c-86b5-517dd42644ac"}],"animations":[{"id":"3ffc5b0b-cc89-454b-8488-0ea691fc2219","type":"effect-drop","duration":1600,"delay":0,"targets":["549b0b61-b2d9-4adb-8412-5999fe6bf8ae"]},{"targets":["2cd039e2-5b28-4923-81c5-635cefd9bcd7"],"id":"00b752de-0ffc-4f61-b86c-c292365e9b3d","type":"effect-fly-in","flyInDir":"leftToRight","duration":600,"delay":0},{"targets":["9419132e-29a1-442c-86b5-517dd42644ac"],"id":"b9f64cc0-4568-46b6-8634-1322f3d87095","type":"effect-fly-in","flyInDir":"leftToRight","duration":600,"delay":0}],"backgroundColor":{"color":{"r":36,"g":88,"b":37}},"type":"page","id":"ab5e525b-04a4-4daa-9dfe-ae5a10c405d2","defaultBackgroundElement":{"opacity":100,"flip":{"vertical":false,"horizontal":false},"rotationAngle":0,"lockAspectRatio":true,"backgroundColor":{"color":{"r":196,"g":196,"b":196}},"x":1,"y":1,"width":1,"height":1,"mask":{"type":"rectangle"},"isBackground":true,"isDefaultBackground":true,"type":"shape","id":"d30996f6-74d0-4192-81c0-4c75833133d2"}},{"elements":[{"opacity":100,"flip":{"vertical":false,"horizontal":false},"rotationAngle":0,"lockAspectRatio":false,"scale":100,"focalX":50.01183730530152,"focalY":50.01031191448486,"resource":{"type":"image","mimeType":"image\/png","width":1152,"height":768,"sizes":{"medium":{"file":"image-11-300x200.png","width":300,"height":200,"filesize":101546,"mimeType":"image\/png","sourceUrl":"https:\/\/quintoandar.com.br\/guias\/wp-content\/uploads\/2022\/12\/image-11-300x200.png"},"large":{"file":"image-11-1024x683.png","width":1024,"height":683,"filesize":922679,"mimeType":"image\/png","sourceUrl":"https:\/\/quintoandar.com.br\/guias\/wp-content\/uploads\/2022\/12\/image-11-1024x683.png"},"thumbnail":{"file":"image-11-150x150.png","width":150,"height":150,"filesize":40202,"mimeType":"image\/png","sourceUrl":"https:\/\/quintoandar.com.br\/guias\/wp-content\/uploads\/2022\/12\/image-11-150x150.png"},"medium_large":{"file":"image-11-768x512.png","width":768,"height":512,"filesize":549684,"mimeType":"image\/png","sourceUrl":"https:\/\/quintoandar.com.br\/guias\/wp-content\/uploads\/2022\/12\/image-11-768x512.png"},"post-thumbnail":{"file":"image-11-530x337.png","width":530,"height":337,"filesize":275366,"mimeType":"image\/png","sourceUrl":"https:\/\/quintoandar.com.br\/guias\/wp-content\/uploads\/2022\/12\/image-11-530x337.png"},"chamada-destaque":{"file":"image-11-800x687.png","width":800,"height":687,"filesize":725413,"mimeType":"image\/png","sourceUrl":"https:\/\/quintoandar.com.br\/guias\/wp-content\/uploads\/2022\/12\/image-11-800x687.png"},"single-destaque":{"file":"image-11-850x680.png","width":850,"height":680,"filesize":762827,"mimeType":"image\/png","sourceUrl":"https:\/\/quintoandar.com.br\/guias\/wp-content\/uploads\/2022\/12\/image-11-850x680.png"},"alm-thumbnail":{"file":"image-11-150x150.png","width":150,"height":150,"filesize":40202,"mimeType":"image\/png","sourceUrl":"https:\/\/quintoandar.com.br\/guias\/wp-content\/uploads\/2022\/12\/image-11-150x150.png"},"wpvqgr-square-answer":{"file":"image-11-300x300.png","width":300,"height":300,"filesize":140636,"mimeType":"image\/png","sourceUrl":"https:\/\/quintoandar.com.br\/guias\/wp-content\/uploads\/2022\/12\/image-11-300x300.png"},"web-stories-poster-portrait":{"file":"image-11-640x768.png","width":640,"height":768,"filesize":664062,"mimeType":"image\/png","sourceUrl":"https:\/\/quintoandar.com.br\/guias\/wp-content\/uploads\/2022\/12\/image-11-640x768.png"},"web-stories-publisher-logo":{"file":"image-11-96x96.png","width":96,"height":96,"filesize":18070,"mimeType":"image\/png","sourceUrl":"https:\/\/quintoandar.com.br\/guias\/wp-content\/uploads\/2022\/12\/image-11-96x96.png"},"web-stories-thumbnail":{"file":"image-11-150x100.png","width":150,"height":100,"filesize":28789,"mimeType":"image\/png","sourceUrl":"https:\/\/quintoandar.com.br\/guias\/wp-content\/uploads\/2022\/12\/image-11-150x100.png"},"full":{"file":"image-11.png","width":1152,"height":768,"mimeType":"image\/png","sourceUrl":"https:\/\/quintoandar.com.br\/guias\/wp-content\/uploads\/2022\/12\/image-11.png"}},"isPlaceholder":false,"isExternal":false,"needsProxy":false,"baseColor":"#403d39","blurHash":"","creationDate":"2022-12-03T00:51:05","src":"https:\/\/quintoandar.com.br\/guias\/wp-content\/uploads\/2022\/12\/image-11.png","id":460585,"alt":"image-11","local":false},"type":"image","x":-369,"y":-75,"width":1152,"height":768,"mask":{"type":"rectangle","showInLibrary":true,"name":"Ret\u00e2ngulo","path":"M 0,0 1,0 1,1 0,1 0,0 Z","ratio":1,"supportsBorder":true},"id":"20b168d0-dbaf-45e5-a465-888dcf2e6b0a","isBackground":true,"alt":"Foto que ilustra stories sobre melhores praias da Zona sul do Rio mostra apartamento cobertura para alugar."}],"animations":[],"backgroundColor":{"color":{"r":36,"g":88,"b":37}},"type":"page","id":"28185378-0c2e-4f26-a2d1-362ce47e7a35","defaultBackgroundElement":{"opacity":100,"flip":{"vertical":false,"horizontal":false},"rotationAngle":0,"lockAspectRatio":true,"x":1,"y":1,"width":1,"height":1,"mask":{"type":"rectangle"},"isBackground":true,"isDefaultBackground":true,"id":"7d683548-f14a-4ce7-9eab-4ede60b189e2","type":"shape","basedOn":"4d365952-53f0-43c9-bd41-4bdda4c4e8fc"},"pageAttachment":{"url":"https:\/\/www.quintoandar.com.br\/imovel\/893642366?&utm_content=web-stories-5-melhores-praias-zona-sul-rio","icon":"https:\/\/www.quintoandar.com.br\/img\/med\/893642366-321.3916371791945IMG0093.jpg","needsProxy":false,"ctaText":"Veja a seguir"}},{"elements":[{"opacity":100,"flip":{"vertical":false,"horizontal":false},"rotationAngle":0,"lockAspectRatio":false,"scale":100,"focalX":50,"focalY":50,"resource":{"type":"image","mimeType":"image\/png","width":1152,"height":768,"sizes":{"medium":{"file":"image-13-300x200.png","width":300,"height":200,"filesize":100049,"mimeType":"image\/png","sourceUrl":"https:\/\/quintoandar.com.br\/guias\/wp-content\/uploads\/2022\/12\/image-13-300x200.png"},"large":{"file":"image-13-1024x683.png","width":1024,"height":683,"filesize":914097,"mimeType":"image\/png","sourceUrl":"https:\/\/quintoandar.com.br\/guias\/wp-content\/uploads\/2022\/12\/image-13-1024x683.png"},"thumbnail":{"file":"image-13-150x150.png","width":150,"height":150,"filesize":38286,"mimeType":"image\/png","sourceUrl":"https:\/\/quintoandar.com.br\/guias\/wp-content\/uploads\/2022\/12\/image-13-150x150.png"},"medium_large":{"file":"image-13-768x512.png","width":768,"height":512,"filesize":556675,"mimeType":"image\/png","sourceUrl":"https:\/\/quintoandar.com.br\/guias\/wp-content\/uploads\/2022\/12\/image-13-768x512.png"},"post-thumbnail":{"file":"image-13-530x337.png","width":530,"height":337,"filesize":277677,"mimeType":"image\/png","sourceUrl":"https:\/\/quintoandar.com.br\/guias\/wp-content\/uploads\/2022\/12\/image-13-530x337.png"},"chamada-destaque":{"file":"image-13-800x687.png","width":800,"height":687,"filesize":716464,"mimeType":"image\/png","sourceUrl":"https:\/\/quintoandar.com.br\/guias\/wp-content\/uploads\/2022\/12\/image-13-800x687.png"},"single-destaque":{"file":"image-13-850x680.png","width":850,"height":680,"filesize":756349,"mimeType":"image\/png","sourceUrl":"https:\/\/quintoandar.com.br\/guias\/wp-content\/uploads\/2022\/12\/image-13-850x680.png"},"alm-thumbnail":{"file":"image-13-150x150.png","width":150,"height":150,"filesize":38286,"mimeType":"image\/png","sourceUrl":"https:\/\/quintoandar.com.br\/guias\/wp-content\/uploads\/2022\/12\/image-13-150x150.png"},"wpvqgr-square-answer":{"file":"image-13-300x300.png","width":300,"height":300,"filesize":140713,"mimeType":"image\/png","sourceUrl":"https:\/\/quintoandar.com.br\/guias\/wp-content\/uploads\/2022\/12\/image-13-300x300.png"},"web-stories-poster-portrait":{"file":"image-13-640x768.png","width":640,"height":768,"filesize":651496,"mimeType":"image\/png","sourceUrl":"https:\/\/quintoandar.com.br\/guias\/wp-content\/uploads\/2022\/12\/image-13-640x768.png"},"web-stories-publisher-logo":{"file":"image-13-96x96.png","width":96,"height":96,"filesize":16682,"mimeType":"image\/png","sourceUrl":"https:\/\/quintoandar.com.br\/guias\/wp-content\/uploads\/2022\/12\/image-13-96x96.png"},"web-stories-thumbnail":{"file":"image-13-150x100.png","width":150,"height":100,"filesize":27429,"mimeType":"image\/png","sourceUrl":"https:\/\/quintoandar.com.br\/guias\/wp-content\/uploads\/2022\/12\/image-13-150x100.png"},"full":{"file":"image-13.png","width":1152,"height":768,"mimeType":"image\/png","sourceUrl":"https:\/\/quintoandar.com.br\/guias\/wp-content\/uploads\/2022\/12\/image-13.png"}},"isPlaceholder":false,"isExternal":false,"needsProxy":false,"baseColor":"#6788a2","blurHash":"","creationDate":"2022-12-03T00:59:40","src":"https:\/\/quintoandar.com.br\/guias\/wp-content\/uploads\/2022\/12\/image-13.png","id":460590,"alt":"image-13","local":false,"provider":"local"},"type":"image","x":48,"y":0,"width":330,"height":220,"mask":{"type":"rectangle","showInLibrary":true,"name":"Ret\u00e2ngulo","path":"M 0,0 1,0 1,1 0,1 0,0 Z","ratio":1,"supportsBorder":true},"id":"563a0729-1071-4c20-a59d-ee074cc7cd29","isBackground":true,"alt":"Foto que ilustra stories sobre melhores praias da Zona sul do Rio mostra apartamento cobertura para alugar.","basedOn":"20b168d0-dbaf-45e5-a465-888dcf2e6b0a"}],"animations":[],"backgroundColor":{"color":{"r":36,"g":88,"b":37}},"type":"page","id":"f5879708-8974-4e12-ad29-5c127ff5d5f1","defaultBackgroundElement":{"opacity":100,"flip":{"vertical":false,"horizontal":false},"rotationAngle":0,"lockAspectRatio":true,"x":1,"y":1,"width":1,"height":1,"mask":{"type":"rectangle"},"isBackground":true,"isDefaultBackground":true,"id":"7d683548-f14a-4ce7-9eab-4ede60b189e2","type":"shape","basedOn":"4d365952-53f0-43c9-bd41-4bdda4c4e8fc"},"pageAttachment":{"url":"https:\/\/www.quintoandar.com.br\/imovel\/893037314?&utm_content=web-stories-5-melhores-praias-zona-sul-rio","icon":"https:\/\/www.quintoandar.com.br\/img\/med\/893037314-428.37084934967QuintoAndar56.jpg","needsProxy":false,"ctaText":"Veja a seguir"}},{"elements":[{"opacity":100,"flip":{"vertical":false,"horizontal":false},"rotationAngle":0,"lockAspectRatio":true,"x":1,"y":1,"width":1,"height":1,"mask":{"type":"rectangle"},"isBackground":true,"isDefaultBackground":true,"id":"e846e6b1-26f8-4708-8ddc-8a63932b26c5","type":"shape","basedOn":"8614f248-1812-4ef7-8273-01aec509edc2"},{"opacity":100,"flip":{"vertical":false,"horizontal":false},"rotationAngle":0,"lockAspectRatio":true,"backgroundTextMode":"NONE","font":{"family":"Poppins","fallbacks":["sans-serif"],"weights":[100,200,300,400,500,600,700,800,900],"styles":["italic","regular"],"variants":[[0,100],[1,100],[0,200],[1,200],[0,300],[1,300],[0,400],[1,400],[0,500],[1,500],[0,600],[1,600],[0,700],[1,700],[0,800],[1,800],[0,900],[1,900]],"service":"fonts.google.com","metrics":{"upm":1000,"asc":1050,"des":-350,"tAsc":1050,"tDes":-350,"tLGap":100,"wAsc":1135,"wDes":627,"xH":548,"capH":698,"yMin":-572,"yMax":1065,"hAsc":1050,"hDes":-350,"lGap":100}},"fontSize":27,"backgroundColor":{"color":{"r":255,"g":255,"b":255}},"lineHeight":1.1,"textAlign":"left","padding":{"locked":true,"hasHiddenPadding":false,"horizontal":0,"vertical":0},"type":"text","content":"<span style=\"font-weight: 600; color: #f8f9f5\">Arraste pra cima para saber mais informa\u00e7\u00f5es sobre as praias do Rio de Janeiro\/RJ e decidir onde morar!<\/span>","borderRadius":{"locked":true,"topLeft":2,"topRight":2,"bottomRight":2,"bottomLeft":2},"width":293,"height":187,"basedOn":"0ee62297-ad0c-467d-9d70-5353f231cdc4","x":71,"y":313,"marginOffset":-11.699999999999989,"id":"2890fb4a-7df1-4269-9ffa-d235b58c7f79"},{"opacity":100,"flip":{"vertical":false,"horizontal":false},"rotationAngle":0,"lockAspectRatio":true,"scale":100,"focalX":50,"focalY":50,"resource":{"baseColor":"#938462","blurHash":"UBGuQ~z:0L9}bD}Wr?OrX+D%jF%MRl%MxaIp","type":"image","mimeType":"image\/jpeg","creationDate":"2022-03-29T13:12:21","src":"https:\/\/quintoandar.com.br\/guias\/wp-content\/uploads\/2022\/03\/image1-1-scaled.jpeg","width":2560,"height":1439,"id":435115,"alt":"image1","sizes":{"medium":{"file":"image1-1-300x169.jpeg","width":300,"height":169,"mimeType":"image\/jpeg","sourceUrl":"https:\/\/quintoandar.com.br\/guias\/wp-content\/uploads\/2022\/03\/image1-1-300x169.jpeg"},"large":{"file":"image1-1-1024x576.jpeg","width":1024,"height":576,"mimeType":"image\/jpeg","sourceUrl":"https:\/\/quintoandar.com.br\/guias\/wp-content\/uploads\/2022\/03\/image1-1-1024x576.jpeg"},"thumbnail":{"file":"image1-1-150x150.jpeg","width":150,"height":150,"mimeType":"image\/jpeg","sourceUrl":"https:\/\/quintoandar.com.br\/guias\/wp-content\/uploads\/2022\/03\/image1-1-150x150.jpeg"},"medium_large":{"file":"image1-1-768x432.jpeg","width":768,"height":432,"mimeType":"image\/jpeg","sourceUrl":"https:\/\/quintoandar.com.br\/guias\/wp-content\/uploads\/2022\/03\/image1-1-768x432.jpeg"},"1536x1536":{"file":"image1-1-1536x864.jpeg","width":1536,"height":864,"mimeType":"image\/jpeg","sourceUrl":"https:\/\/quintoandar.com.br\/guias\/wp-content\/uploads\/2022\/03\/image1-1-1536x864.jpeg"},"2048x2048":{"file":"image1-1-2048x1151.jpeg","width":2048,"height":1151,"mimeType":"image\/jpeg","sourceUrl":"https:\/\/quintoandar.com.br\/guias\/wp-content\/uploads\/2022\/03\/image1-1-2048x1151.jpeg"},"post-thumbnail":{"file":"image1-1-350x219.jpeg","width":350,"height":219,"mimeType":"image\/jpeg","sourceUrl":"https:\/\/quintoandar.com.br\/guias\/wp-content\/uploads\/2022\/03\/image1-1-350x219.jpeg"},"chamada-destaque":{"file":"image1-1-683x587.jpeg","width":683,"height":587,"mimeType":"image\/jpeg","sourceUrl":"https:\/\/quintoandar.com.br\/guias\/wp-content\/uploads\/2022\/03\/image1-1-683x587.jpeg"},"single-destaque":{"file":"image1-1-600x480.jpeg","width":600,"height":480,"mimeType":"image\/jpeg","sourceUrl":"https:\/\/quintoandar.com.br\/guias\/wp-content\/uploads\/2022\/03\/image1-1-600x480.jpeg"},"alm-thumbnail":{"file":"image1-1-150x150.jpeg","width":150,"height":150,"mimeType":"image\/jpeg","sourceUrl":"https:\/\/quintoandar.com.br\/guias\/wp-content\/uploads\/2022\/03\/image1-1-150x150.jpeg"},"wpvqgr-square-answer":{"file":"image1-1-300x300.jpeg","width":300,"height":300,"mimeType":"image\/jpeg","sourceUrl":"https:\/\/quintoandar.com.br\/guias\/wp-content\/uploads\/2022\/03\/image1-1-300x300.jpeg"},"web-stories-poster-portrait":{"file":"image1-1-640x853.jpeg","width":640,"height":853,"mimeType":"image\/jpeg","sourceUrl":"https:\/\/quintoandar.com.br\/guias\/wp-content\/uploads\/2022\/03\/image1-1-640x853.jpeg"},"web-stories-publisher-logo":{"file":"image1-1-96x96.jpeg","width":96,"height":96,"mimeType":"image\/jpeg","sourceUrl":"https:\/\/quintoandar.com.br\/guias\/wp-content\/uploads\/2022\/03\/image1-1-96x96.jpeg"},"web-stories-thumbnail":{"file":"image1-1-150x84.jpeg","width":150,"height":84,"mimeType":"image\/jpeg","sourceUrl":"https:\/\/quintoandar.com.br\/guias\/wp-content\/uploads\/2022\/03\/image1-1-150x84.jpeg"},"full":{"file":"image1-1-scaled.jpeg","width":2560,"height":1439,"mimeType":"image\/jpeg","sourceUrl":"https:\/\/quintoandar.com.br\/guias\/wp-content\/uploads\/2022\/03\/image1-1-scaled.jpeg"}},"isPlaceholder":false,"isOptimized":false,"isMuted":false,"isExternal":false,"needsProxy":false,"provider":"local"},"type":"image","x":0,"y":-87,"width":544,"height":307,"mask":{"type":"rectangle","showInLibrary":true,"name":"Ret\u00e2ngulo","path":"M 0,0 1,0 1,1 0,1 0,0 Z","ratio":1,"supportsBorder":true},"basedOn":"3a2e5c0b-9b24-4f55-bdaf-d759792e6f03","alt":"A ilustra\u00e7\u00e3o mostra uma pra\u00e7a de uma cidade com diferentes pessoas. Entre elas: um homem engravatado em uma bicicleta; uma m\u00e3e pegando uma crian\u00e7a no colo; um idoso sentado com uma sacola de mercado ao lado.","link":null,"id":"7516ecb7-5cf7-4f97-a95b-02c29f143028"}],"animations":[],"backgroundColor":{"color":{"r":36,"g":88,"b":37}},"type":"page","id":"a2b48a03-fac8-4c26-a9c0-af96cda262c5","defaultBackgroundElement":{"opacity":100,"flip":{"vertical":false,"horizontal":false},"rotationAngle":0,"lockAspectRatio":true,"backgroundColor":{"color":{"r":196,"g":196,"b":196}},"x":1,"y":1,"width":1,"height":1,"mask":{"type":"rectangle"},"isBackground":true,"isDefaultBackground":true,"type":"shape","id":"d30996f6-74d0-4192-81c0-4c75833133d2"},"pageAttachment":{"url":"https:\/\/quintoandar.com.br\/praias-do-rio-de-janeiro\/","icon":"https:\/\/quintoandar.com.br\/guias\/wp-content\/uploads\/2022\/01\/Praias-do-Rio-de-Janeiro-Copacabana-Luciola-Vilella-MTUR.jpg","needsProxy":false,"ctaText":"Veja mais"}}],"autoAdvance":true,"defaultPageDuration":7,"currentStoryStyles":{"colors":[{"color":{"r":196,"g":196,"b":196}}]}},"story_poster":{"id":460508,"url":"https:\/\/www.quintoandar.com.br\/guias\/wp-content\/uploads\/2022\/12\/cropped-Praias-do-Rio-de-Janeiro-Botafogo.webp","width":640,"height":853,"needsProxy":false},"_links":{"self":[{"href":"https:\/\/www.quintoandar.com.br\/guias\/wp-json\/web-stories\/v1\/web-story\/460503","targetHints":{"allow":["GET"]}}],"collection":[{"href":"https:\/\/www.quintoandar.com.br\/guias\/wp-json\/web-stories\/v1\/web-story"}],"about":[{"href":"https:\/\/www.quintoandar.com.br\/guias\/wp-json\/wp\/v2\/types\/web-story"}],"author":[{"embeddable":true,"href":"https:\/\/www.quintoandar.com.br\/guias\/wp-json\/web-stories\/v1\/users\/45"}],"version-history":[{"count":10,"href":"https:\/\/www.quintoandar.com.br\/guias\/wp-json\/web-stories\/v1\/web-story\/460503\/revisions"}],"predecessor-version":[{"id":460599,"href":"https:\/\/www.quintoandar.com.br\/guias\/wp-json\/web-stories\/v1\/web-story\/460503\/revisions\/460599"}],"wp:featuredmedia":[{"embeddable":true,"href":"https:\/\/www.quintoandar.com.br\/guias\/wp-json\/web-stories\/v1\/media\/460508"}],"wp:attachment":[{"href":"https:\/\/www.quintoandar.com.br\/guias\/wp-json\/web-stories\/v1\/media?parent=460503"}],"wp:term":[{"taxonomy":"web_story_category","embeddable":true,"href":"https:\/\/www.quintoandar.com.br\/guias\/wp-json\/web-stories\/v1\/web_story_category?post=460503"},{"taxonomy":"web_story_tag","embeddable":true,"href":"https:\/\/www.quintoandar.com.br\/guias\/wp-json\/web-stories\/v1\/web_story_tag?post=460503"}],"wp:lock":[{"embeddable":true,"href":"https:\/\/www.quintoandar.com.br\/guias\/wp-json\/web-stories\/v1\/web-story\/460503\/lock"}],"wp:publisherlogo":[{"embeddable":true,"href":"https:\/\/www.quintoandar.com.br\/guias\/wp-json\/web-stories\/v1\/media\/428798"}],"curies":[{"name":"wp","href":"https:\/\/api.w.org\/{rel}","templated":true}]}}