{"id":463289,"date":"2023-01-09T15:49:22","date_gmt":"2023-01-09T18:49:22","guid":{"rendered":"https:\/\/www.quintoandar.com.br\/guias\/?post_type=web-story&#038;p=463289"},"modified":"2023-04-24T15:13:03","modified_gmt":"2023-04-24T18:13:03","slug":"3-ideias-decoracao-mesa-de-cabeceira","status":"publish","type":"web-story","link":"https:\/\/www.quintoandar.com.br\/guias\/web-stories\/3-ideias-decoracao-mesa-de-cabeceira\/","title":{"rendered":"Decora\u00e7\u00e3o de mesa de cabeceira: 3 ideias para se inspirar"},"content":{"rendered":"<p><html amp=\"\" lang=\"en\"><head><meta charSet=\"utf-8\"\/><meta name=\"viewport\" content=\"width=device-width,minimum-scale=1,initial-scale=1\"\/><script async=\"\" src=\"https:\/\/cdn.ampproject.org\/v0.js\"><\/script><script async=\"\" src=\"https:\/\/cdn.ampproject.org\/v0\/amp-story-1.0.js\" custom-element=\"amp-story\"><\/script><link href=\"https:\/\/fonts.googleapis.com\/css2?display=swap&amp;family=Poppins%3Awght%40400%3B600%3B700\" rel=\"stylesheet\"\/><noscript><\/noscript><meta name=\"web-stories-replace-head-start\"\/><title>Decora\u00e7\u00e3o de mesa de cabeceira: 3 ideias para se inspirar <\/title><link rel=\"canonical\" href=\"https:\/\/www.quintoandar.com.br\/guias\/?post_type=web-story&amp;p=463289\"\/><meta name=\"web-stories-replace-head-end\"\/><\/head><body><amp-story standalone=\"\" publisher=\"MeuLugar\" publisher-logo-src=\"https:\/\/www.quintoandar.com.br\/guias\/wp-content\/uploads\/2022\/01\/Logo_MeuLugar.png\" title=\"Decora\u00e7\u00e3o de mesa de cabeceira: 3 ideias para se inspirar \" poster-portrait-src=\"https:\/\/www.quintoandar.com.br\/guias\/wp-content\/uploads\/2022\/12\/cropped-decoracao-mesa-de-cabeceira-flor-vela-abajur-e-escultura-640x853.jpg\"><amp-story-page id=\"34295524-4444-4170-adf0-b48f1fe3d643\" auto-advance-after=\"7s\"><amp-story-grid-layer template=\"vertical\" aspect-ratio=\"412:618\" class=\"grid-layer\"><\/p>\n<div class=\"page-fullbleed-area\" style=\"background-color:#6e6e64\">\n<div class=\"page-safe-area\">\n<div style=\"position:absolute;pointer-events:none;left:0;top:-9.25926%;width:100%;height:118.51852%;opacity:1\">\n<div style=\"pointer-events:initial;width:100%;height:100%;display:block;position:absolute;top:0;left:0;z-index:0\" class=\"mask\" id=\"el-9d5c2b2c-8e34-4118-a1bc-f01f76f862b3\">\n<div class=\"fill\" style=\"will-change:transform\"><\/div>\n<\/div>\n<\/div>\n<\/div>\n<\/div>\n<p><\/amp-story-grid-layer><amp-story-grid-layer template=\"vertical\" aspect-ratio=\"412:618\" class=\"grid-layer\"><\/p>\n<div class=\"page-fullbleed-area\">\n<div class=\"page-safe-area\">\n<div style=\"position:absolute;pointer-events:none;left:13.83495%;top:18.4466%;width:72.3301%;height:22.81553%;opacity:1\">\n<div style=\"pointer-events:initial;width:100%;height:100%;display:block;position:absolute;top:0;left:0;z-index:0;border-radius:0.6711409395973155% 0.6711409395973155% 0.6711409395973155% 0.6711409395973155% \/ 1.4184397163120568% 1.4184397163120568% 1.4184397163120568% 1.4184397163120568%\" id=\"el-6c24270b-393f-402b-8102-49166d56fff8\">\n<h2 class=\"fill text-wrapper\" style=\"white-space:pre-line;overflow-wrap:break-word;word-break:break-word;margin:1.5100671140939599% 0;font-family:&quot;Poppins&quot;,sans-serif;font-size:0.485437em;line-height:1.1;text-align:left;padding:0;color:#000000\"><span><span style=\"font-weight: 600; color: #f8f9f5\">Decora\u00e7\u00e3o de mesa de cabeceira: 3 ideias para se inspirar&nbsp;<\/span><\/span><\/h2>\n<\/div>\n<\/div>\n<div style=\"position:absolute;pointer-events:none;left:11.65049%;top:49.02913%;width:76.21359%;height:50.80906%;opacity:1\">\n<div style=\"pointer-events:initial;width:100%;height:100%;display:block;position:absolute;top:0;left:0;z-index:0\" class=\"mask\" id=\"el-5586a739-f424-4a2e-b07b-838ab86fe387\">\n<div class=\"fill\" style=\"background-color:#b08d29;will-change:transform\"><\/div>\n<\/div>\n<\/div>\n<div style=\"position:absolute;pointer-events:none;left:14.80583%;top:51.2945%;width:69.41748%;height:46.27832%;opacity:1\">\n<div style=\"pointer-events:initial;width:100%;height:100%;display:block;position:absolute;top:0;left:0;z-index:0;border-radius:0% 0% 0% 0% \/ 0% 0% 0% 0%\" class=\"mask\" id=\"el-4f1fea54-12e6-4959-b40e-34868b55bea8\"><a href=\"https:\/\/www.quintoandar.com.br\/guias\/decoracao\/decoracao-mesa-de-cabeceira\/\" data-tooltip-icon=\"https:\/\/www.quintoandar.com.br\/guias\/wp-content\/uploads\/2022\/12\/mesa-de-cabeceira-com-um-vaso-de-planta-um-abajur-e-alguns-livros-empilhados-com-um-relogio-despertador-em-cima.jpg\" data-tooltip-text=\"Decora\u00e7\u00e3o para mesa de cabeceira: 29 inspira\u00e7\u00f5es para o quarto\" target=\"_blank\" rel=\"noreferrer noopener\" style=\"width:100%;height:100%;display:block;position:absolute;top:0;left:0\"><\/p>\n<div style=\"position:absolute;width:100%;height:133.28125%;left:0%;top:0%\" data-leaf-element=\"true\"><amp-img layout=\"fill\" src=\"https:\/\/www.quintoandar.com.br\/guias\/wp-content\/uploads\/2022\/12\/cropped-decoracao-mesa-de-cabeceira-flor-vela-abajur-e-escultura.jpg\" alt=\"Foto que ilustra stories com ideias de decora\u00e7\u00e3o de mesa de cabeceira\" srcSet=\"https:\/\/www.quintoandar.com.br\/guias\/wp-content\/uploads\/2022\/12\/cropped-decoracao-mesa-de-cabeceira-flor-vela-abajur-e-escultura-640x853.jpg 640w,https:\/\/www.quintoandar.com.br\/guias\/wp-content\/uploads\/2022\/12\/cropped-decoracao-mesa-de-cabeceira-flor-vela-abajur-e-escultura-225x300.jpg 225w,https:\/\/www.quintoandar.com.br\/guias\/wp-content\/uploads\/2022\/12\/cropped-decoracao-mesa-de-cabeceira-flor-vela-abajur-e-escultura-150x200.jpg 150w\" sizes=\"(min-width: 1024px) 31vh, 69vw\" disable-inline-width=\"true\"><\/amp-img><\/div>\n<p><\/a><\/div>\n<\/div>\n<div style=\"position:absolute;pointer-events:none;left:11.65049%;top:0;width:54.61165%;height:5.66343%;opacity:1\">\n<div style=\"pointer-events:initial;width:100%;height:100%;display:block;position:absolute;top:0;left:0;z-index:0\" class=\"mask\" id=\"el-ca931b09-ebb1-4963-9a2f-cafc5090b6a3\">\n<div style=\"position:absolute;width:100.0505%;height:100%;left:-0.02525%;top:0%\" data-leaf-element=\"true\"><amp-img layout=\"fill\" src=\"https:\/\/www.quintoandar.com.br\/guias\/wp-content\/uploads\/2022\/01\/image-17.png\" alt=\"image\" srcSet=\"https:\/\/www.quintoandar.com.br\/guias\/wp-content\/uploads\/2022\/01\/image-17.png 566w\" sizes=\"(min-width: 1024px) 25vh, 55vw\" disable-inline-width=\"true\"><\/amp-img><\/div>\n<\/div>\n<\/div>\n<\/div>\n<\/div>\n<p><\/amp-story-grid-layer><\/amp-story-page><amp-story-page id=\"c7bbdbcc-5395-4b24-a5b5-c439f6594570\" auto-advance-after=\"7s\"><amp-story-grid-layer template=\"vertical\" aspect-ratio=\"412:618\" class=\"grid-layer\"><\/p>\n<div class=\"page-fullbleed-area\" style=\"background-color:#6e6e64\">\n<div class=\"page-safe-area\">\n<div style=\"position:absolute;pointer-events:none;left:0;top:-9.25926%;width:100%;height:118.51852%;opacity:1\">\n<div style=\"pointer-events:initial;width:100%;height:100%;display:block;position:absolute;top:0;left:0;z-index:0\" class=\"mask\" id=\"el-08580422-ced8-4357-aaad-e67c11ef7c50\">\n<div class=\"fill\" style=\"will-change:transform\"><\/div>\n<\/div>\n<\/div>\n<\/div>\n<\/div>\n<p><\/amp-story-grid-layer><amp-story-grid-layer template=\"vertical\" aspect-ratio=\"412:618\" class=\"grid-layer\"><\/p>\n<div class=\"page-fullbleed-area\">\n<div class=\"page-safe-area\">\n<div style=\"position:absolute;pointer-events:none;left:0;top:-9.2233%;width:100.24272%;height:60.67961%;opacity:1\">\n<div style=\"pointer-events:initial;width:100%;height:100%;display:block;position:absolute;top:0;left:0;z-index:0\" class=\"mask\" id=\"el-1889ebf7-1533-4812-8717-8b73ac426117\">\n<div class=\"fill\" style=\"background-color:#f8f9f5;will-change:transform\"><\/div>\n<\/div>\n<\/div>\n<div style=\"position:absolute;pointer-events:none;left:12.37864%;top:6.95793%;width:76.21359%;height:28.47896%;opacity:1\">\n<div style=\"pointer-events:initial;width:100%;height:100%;display:block;position:absolute;top:0;left:0;z-index:0\" id=\"el-5eda2f77-a589-4fd2-bec3-1bb92288ddc6\">\n<h3 class=\"fill text-wrapper\" style=\"white-space:pre-line;overflow-wrap:break-word;word-break:break-word;margin:1.050955414012738% 0;font-family:&quot;Poppins&quot;,sans-serif;font-size:0.355987em;line-height:1.1;text-align:initial;padding:0;color:#000000\"><span>Sem ideias de o que colocar na mesa de cabeceira do seu quarto?&nbsp;<\/p>\n<p>A seguir voc\u00ea pode conferir 3 modelos de decora\u00e7\u00e3o para esse m\u00f3vel!<\/span><\/h3>\n<\/div>\n<\/div>\n<div style=\"position:absolute;pointer-events:none;left:0;top:46.44013%;width:100.24272%;height:62.78317%;opacity:1\">\n<div style=\"pointer-events:initial;width:100%;height:100%;display:block;position:absolute;top:0;left:0;z-index:0\" class=\"mask\" id=\"el-69cdfe66-bad8-4186-9e5c-881b0de215fc\">\n<div class=\"fill\" style=\"background-color:#6e6e64;will-change:transform\"><\/div>\n<\/div>\n<\/div>\n<div style=\"position:absolute;pointer-events:none;left:4.85437%;top:49.67638%;width:90.53398%;height:56.31068%;opacity:1\">\n<div style=\"pointer-events:initial;width:100%;height:100%;display:block;position:absolute;top:0;left:0;z-index:0\" class=\"mask\" id=\"el-bd5d5991-c10b-4085-89c5-165af1771c4f\">\n<div style=\"position:absolute;width:112.43121%;height:100%;left:-6.21561%;top:0%\" data-leaf-element=\"true\"><amp-img layout=\"fill\" src=\"https:\/\/www.quintoandar.com.br\/guias\/wp-content\/uploads\/2022\/12\/decoracao-mesa-de-cabeceira-quadro-e-planta.jpg\" alt=\"Foto que ilustra decora\u00e7\u00e3o de mesa de cabeceira\" srcSet=\"https:\/\/www.quintoandar.com.br\/guias\/wp-content\/uploads\/2022\/12\/decoracao-mesa-de-cabeceira-quadro-e-planta.jpg 664w,https:\/\/www.quintoandar.com.br\/guias\/wp-content\/uploads\/2022\/12\/decoracao-mesa-de-cabeceira-quadro-e-planta-300x249.jpg 300w,https:\/\/www.quintoandar.com.br\/guias\/wp-content\/uploads\/2022\/12\/decoracao-mesa-de-cabeceira-quadro-e-planta-150x124.jpg 150w\" sizes=\"(min-width: 1024px) 41vh, 91vw\" disable-inline-width=\"true\"><\/amp-img><\/div>\n<\/div>\n<\/div>\n<\/div>\n<\/div>\n<p><\/amp-story-grid-layer><\/amp-story-page><amp-story-page id=\"63222f36-0d9a-4dce-a1f8-66da134448b5\" auto-advance-after=\"7s\"><amp-story-animation layout=\"nodisplay\" trigger=\"visibility\"><script type=\"application\/json\">[{\"selector\":\"#anim-32ad7cc7-e47e-4cff-a0a8-2281b1b1d684 [data-leaf-element=\\\"true\\\"]\",\"keyframes\":{\"transform\":[\"translate3d(-62.47410198223906%, 0, 0)\",\"translate3d(0%, 0, 0)\"]},\"delay\":0,\"duration\":2000,\"easing\":\"cubic-bezier(.3,0,.55,1)\",\"fill\":\"both\"}]<\/script><\/amp-story-animation><amp-story-grid-layer template=\"vertical\" aspect-ratio=\"412:618\" class=\"grid-layer\"><\/p>\n<div class=\"page-fullbleed-area\" style=\"background-color:#e6ddd6\">\n<div class=\"page-safe-area\">\n<div style=\"position:absolute;pointer-events:none;left:0;top:-9.25926%;width:100%;height:118.51852%;opacity:1\">\n<div id=\"anim-32ad7cc7-e47e-4cff-a0a8-2281b1b1d684\" class=\"animation-wrapper\" style=\"width:100%;height:100%;display:block;position:absolute;top:0;left:0\">\n<div style=\"pointer-events:initial;width:100%;height:100%;display:block;position:absolute;top:0;left:0;z-index:0\" class=\"mask\" id=\"el-08580422-ced8-4357-aaad-e67c11ef7c50\">\n<div style=\"position:absolute;width:266.48264%;height:100%;left:0%;top:0%\" data-leaf-element=\"true\"><amp-img layout=\"fill\" src=\"https:\/\/www.quintoandar.com.br\/guias\/wp-content\/uploads\/2022\/12\/Orquidea-roxa-em-mesa-de-cabeceira.jpg\" alt=\"Foto que ilustra stories com ideias de decora\u00e7\u00e3o de mesa de cabeceira\" srcSet=\"https:\/\/www.quintoandar.com.br\/guias\/wp-content\/uploads\/2022\/12\/Orquidea-roxa-em-mesa-de-cabeceira.jpg 724w,https:\/\/www.quintoandar.com.br\/guias\/wp-content\/uploads\/2022\/12\/Orquidea-roxa-em-mesa-de-cabeceira-300x200.jpg 300w,https:\/\/www.quintoandar.com.br\/guias\/wp-content\/uploads\/2022\/12\/Orquidea-roxa-em-mesa-de-cabeceira-150x100.jpg 150w\" sizes=\"(min-width: 1024px) 120vh, 267vw\" disable-inline-width=\"true\"><\/amp-img><\/div>\n<\/div>\n<\/div>\n<\/div>\n<\/div>\n<\/div>\n<p><\/amp-story-grid-layer><amp-story-grid-layer template=\"vertical\" aspect-ratio=\"412:618\" class=\"grid-layer\"><\/p>\n<div class=\"page-fullbleed-area\">\n<div class=\"page-safe-area\">\n<div style=\"position:absolute;pointer-events:none;left:11.16505%;top:83.81877%;width:77.18447%;height:16.18123%;opacity:1\">\n<div style=\"pointer-events:initial;width:100%;height:100%;display:block;position:absolute;top:0;left:0;z-index:0\" class=\"mask\" id=\"el-e060b9fd-208b-4a28-950b-e88b6dcf651e\">\n<div class=\"fill\" style=\"background-color:#f8f9f5;will-change:transform\"><\/div>\n<\/div>\n<\/div>\n<div style=\"position:absolute;pointer-events:none;left:16.01942%;top:91.90939%;width:68.20388%;height:5.01618%;opacity:1\">\n<div style=\"pointer-events:initial;width:100%;height:100%;display:block;position:absolute;top:0;left:0;z-index:0\" id=\"el-ba59c944-d737-41b2-bbe2-0524401f2fe4\">\n<h3 class=\"fill text-wrapper\" style=\"white-space:pre-line;overflow-wrap:break-word;word-break:break-word;margin:1.1743772241992874% 0;font-family:&quot;Poppins&quot;,sans-serif;font-size:0.355987em;line-height:1.1;text-align:initial;padding:0;color:#000000\"><span><span style=\"font-weight: 600\">Abajur e flores<\/span><\/span><\/h3>\n<\/div>\n<\/div>\n<div style=\"position:absolute;pointer-events:none;left:16.01942%;top:86.08414%;width:6.06796%;height:4.36893%;opacity:1\">\n<div style=\"pointer-events:initial;width:100%;height:100%;display:block;position:absolute;top:0;left:0;z-index:0\" class=\"mask\" id=\"el-988c2ce3-7e82-4112-8e04-1a77a6cccc18\">\n<div style=\"position:absolute;width:107.99997%;height:100%;left:-3.99999%;top:0%\" data-leaf-element=\"true\"><amp-img layout=\"fill\" src=\"https:\/\/www.quintoandar.com.br\/guias\/wp-content\/uploads\/2022\/01\/Icon-Sofa\u0301.png\" alt=\"Icon-Sofa\u0301\" srcSet=\"https:\/\/www.quintoandar.com.br\/guias\/wp-content\/uploads\/2022\/01\/Icon-Sofa%CC%81.png 1080w,https:\/\/www.quintoandar.com.br\/guias\/wp-content\/uploads\/2022\/01\/Icon-Sofa%CC%81-1024x1024.png 1024w,https:\/\/www.quintoandar.com.br\/guias\/wp-content\/uploads\/2022\/01\/Icon-Sofa%CC%81-768x768.png 768w,https:\/\/www.quintoandar.com.br\/guias\/wp-content\/uploads\/2022\/01\/Icon-Sofa%CC%81-300x300.png 300w,https:\/\/www.quintoandar.com.br\/guias\/wp-content\/uploads\/2022\/01\/Icon-Sofa%CC%81-150x150.png 150w,https:\/\/www.quintoandar.com.br\/guias\/wp-content\/uploads\/2022\/01\/Icon-Sofa%CC%81-96x96.png 96w\" sizes=\"(min-width: 1024px) 3vh, 6vw\" disable-inline-width=\"true\"><\/amp-img><\/div>\n<\/div>\n<\/div>\n<\/div>\n<\/div>\n<p><\/amp-story-grid-layer><\/amp-story-page><amp-story-page id=\"da3a7ca2-4037-4b36-b523-51df90afee08\" auto-advance-after=\"7s\"><amp-story-animation layout=\"nodisplay\" trigger=\"visibility\"><script type=\"application\/json\">[{\"selector\":\"#anim-dfc72314-82ca-4cbc-a026-6f266cd347f3 [data-leaf-element=\\\"true\\\"]\",\"keyframes\":{\"transform\":[\"translate3d(-62.487974081984646%, 0, 0)\",\"translate3d(0%, 0, 0)\"]},\"delay\":0,\"duration\":2000,\"easing\":\"cubic-bezier(.3,0,.55,1)\",\"fill\":\"both\"}]<\/script><\/amp-story-animation><amp-story-grid-layer template=\"vertical\" aspect-ratio=\"412:618\" class=\"grid-layer\"><\/p>\n<div class=\"page-fullbleed-area\" style=\"background-color:#96938c\">\n<div class=\"page-safe-area\">\n<div style=\"position:absolute;pointer-events:none;left:0;top:-9.25926%;width:100%;height:118.51852%;opacity:1\">\n<div id=\"anim-dfc72314-82ca-4cbc-a026-6f266cd347f3\" class=\"animation-wrapper\" style=\"width:100%;height:100%;display:block;position:absolute;top:0;left:0\">\n<div style=\"pointer-events:initial;width:100%;height:100%;display:block;position:absolute;top:0;left:0;z-index:0\" class=\"mask\" id=\"el-68c2d88e-0bec-4124-927c-0eb9d524f229\">\n<div style=\"position:absolute;width:266.9336%;height:100%;left:-0.1322%;top:0%\" data-leaf-element=\"true\"><amp-img layout=\"fill\" src=\"https:\/\/www.quintoandar.com.br\/guias\/wp-content\/uploads\/2022\/12\/decoracao-mesa-de-cabeceira-velas.jpg\" alt=\"Foto que ilustra stories com ideias de decora\u00e7\u00e3o de mesa de cabeceira\" srcSet=\"https:\/\/www.quintoandar.com.br\/guias\/wp-content\/uploads\/2022\/12\/decoracao-mesa-de-cabeceira-velas.jpg 1000w,https:\/\/www.quintoandar.com.br\/guias\/wp-content\/uploads\/2022\/12\/decoracao-mesa-de-cabeceira-velas-768x511.jpg 768w,https:\/\/www.quintoandar.com.br\/guias\/wp-content\/uploads\/2022\/12\/decoracao-mesa-de-cabeceira-velas-300x200.jpg 300w,https:\/\/www.quintoandar.com.br\/guias\/wp-content\/uploads\/2022\/12\/decoracao-mesa-de-cabeceira-velas-150x100.jpg 150w\" sizes=\"(min-width: 1024px) 120vh, 267vw\" disable-inline-width=\"true\"><\/amp-img><\/div>\n<\/div>\n<\/div>\n<\/div>\n<\/div>\n<\/div>\n<p><\/amp-story-grid-layer><amp-story-grid-layer template=\"vertical\" aspect-ratio=\"412:618\" class=\"grid-layer\"><\/p>\n<div class=\"page-fullbleed-area\">\n<div class=\"page-safe-area\">\n<div style=\"position:absolute;pointer-events:none;left:11.16505%;top:83.81877%;width:77.18447%;height:16.18123%;opacity:1\">\n<div style=\"pointer-events:initial;width:100%;height:100%;display:block;position:absolute;top:0;left:0;z-index:0\" class=\"mask\" id=\"el-5eb0c6f6-871f-4c4d-a391-8bb2e4afed30\">\n<div class=\"fill\" style=\"background-color:#f8f9f5;will-change:transform\"><\/div>\n<\/div>\n<\/div>\n<div style=\"position:absolute;pointer-events:none;left:16.01942%;top:91.90939%;width:68.20388%;height:5.01618%;opacity:1\">\n<div style=\"pointer-events:initial;width:100%;height:100%;display:block;position:absolute;top:0;left:0;z-index:0\" id=\"el-685cda7b-dad7-4f3f-a208-e6b66a635f79\">\n<h3 class=\"fill text-wrapper\" style=\"white-space:pre-line;overflow-wrap:break-word;word-break:break-word;margin:1.1743772241992874% 0;font-family:&quot;Poppins&quot;,sans-serif;font-size:0.355987em;line-height:1.1;text-align:initial;padding:0;color:#000000\"><span><span style=\"font-weight: 600\">Velas<\/span><\/span><\/h3>\n<\/div>\n<\/div>\n<div style=\"position:absolute;pointer-events:none;left:16.01942%;top:86.08414%;width:6.06796%;height:4.36893%;opacity:1\">\n<div style=\"pointer-events:initial;width:100%;height:100%;display:block;position:absolute;top:0;left:0;z-index:0\" class=\"mask\" id=\"el-d9866494-5b74-4d4d-9796-56d137812757\">\n<div style=\"position:absolute;width:107.99997%;height:100%;left:-3.99999%;top:0%\" data-leaf-element=\"true\"><amp-img layout=\"fill\" src=\"https:\/\/www.quintoandar.com.br\/guias\/wp-content\/uploads\/2022\/01\/Icon-Sofa\u0301.png\" alt=\"Icon-Sofa\u0301\" srcSet=\"https:\/\/www.quintoandar.com.br\/guias\/wp-content\/uploads\/2022\/01\/Icon-Sofa%CC%81.png 1080w,https:\/\/www.quintoandar.com.br\/guias\/wp-content\/uploads\/2022\/01\/Icon-Sofa%CC%81-1024x1024.png 1024w,https:\/\/www.quintoandar.com.br\/guias\/wp-content\/uploads\/2022\/01\/Icon-Sofa%CC%81-768x768.png 768w,https:\/\/www.quintoandar.com.br\/guias\/wp-content\/uploads\/2022\/01\/Icon-Sofa%CC%81-300x300.png 300w,https:\/\/www.quintoandar.com.br\/guias\/wp-content\/uploads\/2022\/01\/Icon-Sofa%CC%81-150x150.png 150w,https:\/\/www.quintoandar.com.br\/guias\/wp-content\/uploads\/2022\/01\/Icon-Sofa%CC%81-96x96.png 96w\" sizes=\"(min-width: 1024px) 3vh, 6vw\" disable-inline-width=\"true\"><\/amp-img><\/div>\n<\/div>\n<\/div>\n<\/div>\n<\/div>\n<p><\/amp-story-grid-layer><\/amp-story-page><amp-story-page id=\"9f5db8cc-ef24-45c4-baca-c4e9e3eabf01\" auto-advance-after=\"7s\"><amp-story-animation layout=\"nodisplay\" trigger=\"visibility\"><script type=\"application\/json\">[{\"selector\":\"#anim-3ca79301-63bf-4627-8e50-570ae85874c9 [data-leaf-element=\\\"true\\\"]\",\"keyframes\":{\"transform\":[\"translate3d(-68.33124980783526%, 0, 0)\",\"translate3d(0%, 0, 0)\"]},\"delay\":0,\"duration\":2000,\"easing\":\"cubic-bezier(.3,0,.55,1)\",\"fill\":\"both\"}]<\/script><\/amp-story-animation><amp-story-grid-layer template=\"vertical\" aspect-ratio=\"412:618\" class=\"grid-layer\"><\/p>\n<div class=\"page-fullbleed-area\" style=\"background-color:#594b38\">\n<div class=\"page-safe-area\">\n<div style=\"position:absolute;pointer-events:none;left:0;top:-9.25926%;width:100%;height:118.51852%;opacity:1\">\n<div id=\"anim-3ca79301-63bf-4627-8e50-570ae85874c9\" class=\"animation-wrapper\" style=\"width:100%;height:100%;display:block;position:absolute;top:0;left:0\">\n<div style=\"pointer-events:initial;width:100%;height:100%;display:block;position:absolute;top:0;left:0;z-index:0\" class=\"mask\" id=\"el-2bfd6ccb-7379-4a31-963b-0dc8f0450aae\">\n<div style=\"position:absolute;width:315.7687%;height:100%;left:0%;top:0%\" data-leaf-element=\"true\"><amp-img layout=\"fill\" src=\"https:\/\/www.quintoandar.com.br\/guias\/wp-content\/uploads\/2022\/12\/decoracao-mesa-de-cabeceira-porta-retrato.jpg\" alt=\"Foto que ilustra stories com ideias de decora\u00e7\u00e3o de mesa de cabeceira\" srcSet=\"https:\/\/www.quintoandar.com.br\/guias\/wp-content\/uploads\/2022\/12\/decoracao-mesa-de-cabeceira-porta-retrato.jpg 1000w,https:\/\/www.quintoandar.com.br\/guias\/wp-content\/uploads\/2022\/12\/decoracao-mesa-de-cabeceira-porta-retrato-768x432.jpg 768w,https:\/\/www.quintoandar.com.br\/guias\/wp-content\/uploads\/2022\/12\/decoracao-mesa-de-cabeceira-porta-retrato-300x169.jpg 300w,https:\/\/www.quintoandar.com.br\/guias\/wp-content\/uploads\/2022\/12\/decoracao-mesa-de-cabeceira-porta-retrato-150x84.jpg 150w\" sizes=\"(min-width: 1024px) 142vh, 315vw\" disable-inline-width=\"true\"><\/amp-img><\/div>\n<\/div>\n<\/div>\n<\/div>\n<\/div>\n<\/div>\n<p><\/amp-story-grid-layer><amp-story-grid-layer template=\"vertical\" aspect-ratio=\"412:618\" class=\"grid-layer\"><\/p>\n<div class=\"page-fullbleed-area\">\n<div class=\"page-safe-area\">\n<div style=\"position:absolute;pointer-events:none;left:11.16505%;top:83.81877%;width:77.18447%;height:16.18123%;opacity:1\">\n<div style=\"pointer-events:initial;width:100%;height:100%;display:block;position:absolute;top:0;left:0;z-index:0\" class=\"mask\" id=\"el-66a0fa8a-9469-403e-8c4f-d2c47f46ba96\">\n<div class=\"fill\" style=\"background-color:#f8f9f5;will-change:transform\"><\/div>\n<\/div>\n<\/div>\n<div style=\"position:absolute;pointer-events:none;left:16.01942%;top:91.90939%;width:68.20388%;height:5.01618%;opacity:1\">\n<div style=\"pointer-events:initial;width:100%;height:100%;display:block;position:absolute;top:0;left:0;z-index:0\" id=\"el-35e2eee7-b05a-49f9-a376-7e328c525bfe\">\n<h3 class=\"fill text-wrapper\" style=\"white-space:pre-line;overflow-wrap:break-word;word-break:break-word;margin:1.1743772241992874% 0;font-family:&quot;Poppins&quot;,sans-serif;font-size:0.355987em;line-height:1.1;text-align:initial;padding:0;color:#000000\"><span><span style=\"font-weight: 600\">Porta-retratos<\/span><\/span><\/h3>\n<\/div>\n<\/div>\n<div style=\"position:absolute;pointer-events:none;left:16.01942%;top:86.08414%;width:6.06796%;height:4.36893%;opacity:1\">\n<div style=\"pointer-events:initial;width:100%;height:100%;display:block;position:absolute;top:0;left:0;z-index:0\" class=\"mask\" id=\"el-95506258-cdf2-47f4-92ab-7f80e245e7e7\">\n<div style=\"position:absolute;width:107.99997%;height:100%;left:-3.99999%;top:0%\" data-leaf-element=\"true\"><amp-img layout=\"fill\" src=\"https:\/\/www.quintoandar.com.br\/guias\/wp-content\/uploads\/2022\/01\/Icon-Sofa\u0301.png\" alt=\"Icon-Sofa\u0301\" srcSet=\"https:\/\/www.quintoandar.com.br\/guias\/wp-content\/uploads\/2022\/01\/Icon-Sofa%CC%81.png 1080w,https:\/\/www.quintoandar.com.br\/guias\/wp-content\/uploads\/2022\/01\/Icon-Sofa%CC%81-1024x1024.png 1024w,https:\/\/www.quintoandar.com.br\/guias\/wp-content\/uploads\/2022\/01\/Icon-Sofa%CC%81-768x768.png 768w,https:\/\/www.quintoandar.com.br\/guias\/wp-content\/uploads\/2022\/01\/Icon-Sofa%CC%81-300x300.png 300w,https:\/\/www.quintoandar.com.br\/guias\/wp-content\/uploads\/2022\/01\/Icon-Sofa%CC%81-150x150.png 150w,https:\/\/www.quintoandar.com.br\/guias\/wp-content\/uploads\/2022\/01\/Icon-Sofa%CC%81-96x96.png 96w\" sizes=\"(min-width: 1024px) 3vh, 6vw\" disable-inline-width=\"true\"><\/amp-img><\/div>\n<\/div>\n<\/div>\n<\/div>\n<\/div>\n<p><\/amp-story-grid-layer><\/amp-story-page><amp-story-page id=\"c4fe8d6f-748d-41b2-b2c6-265890fe3142\" auto-advance-after=\"7s\"><amp-story-grid-layer template=\"vertical\" aspect-ratio=\"412:618\" class=\"grid-layer\"><\/p>\n<div class=\"page-fullbleed-area\" style=\"background-color:#6e6e64\">\n<div class=\"page-safe-area\">\n<div style=\"position:absolute;pointer-events:none;left:0;top:-9.25926%;width:100%;height:118.51852%;opacity:1\">\n<div style=\"pointer-events:initial;width:100%;height:100%;display:block;position:absolute;top:0;left:0;z-index:0\" class=\"mask\" id=\"el-af199d5f-4168-4498-9e87-37d28b071b80\">\n<div class=\"fill\" style=\"will-change:transform\"><\/div>\n<\/div>\n<\/div>\n<\/div>\n<\/div>\n<p><\/amp-story-grid-layer><amp-story-grid-layer template=\"vertical\" aspect-ratio=\"412:618\" class=\"grid-layer\"><\/p>\n<div class=\"page-fullbleed-area\">\n<div class=\"page-safe-area\">\n<div style=\"position:absolute;pointer-events:none;left:11.65049%;top:52.75081%;width:82.03883%;height:22.81553%;opacity:1\">\n<div style=\"pointer-events:initial;width:100%;height:100%;display:block;position:absolute;top:0;left:0;z-index:0;border-radius:0.591715976331361% 0.591715976331361% 0.591715976331361% 0.591715976331361% \/ 1.4184397163120568% 1.4184397163120568% 1.4184397163120568% 1.4184397163120568%\" id=\"el-008cfd39-1b87-499b-b753-5c41e45f16ca\">\n<h2 class=\"fill text-wrapper\" style=\"white-space:pre-line;overflow-wrap:break-word;word-break:break-word;margin:1.3313609467455623% 0;font-family:&quot;Poppins&quot;,sans-serif;font-size:0.485437em;line-height:1.1;text-align:left;padding:0;color:#000000\"><span><span style=\"font-weight: 700; color: #fff\">Clique para conferir esses e outras ideias de decor para sua mesa de cabeceira!<\/span><\/span><\/h2>\n<\/div>\n<\/div>\n<div style=\"position:absolute;pointer-events:none;left:-1.94175%;top:-9.70874%;width:117.47573%;height:44.98382%;opacity:1\">\n<div style=\"pointer-events:initial;width:100%;height:100%;display:block;position:absolute;top:0;left:0;z-index:0\" class=\"mask\" id=\"el-0d0f085b-2159-430a-8612-8b47d552639e\">\n<div style=\"position:absolute;width:102.18299%;height:100%;left:-2.08991%;top:0%\" data-leaf-element=\"true\"><amp-img layout=\"fill\" src=\"https:\/\/www.quintoandar.com.br\/guias\/wp-content\/uploads\/2022\/07\/Mid_Century_Apartment_Color-2-1-scaled.jpg\" alt=\"Ilustra\u00e7\u00e3o do stories com ideias de mesa de cabeceira mostra um ambiente com uma pessoa sentada em uma poltrona mexendo no celular e outra mexendo em uma estante. H\u00e1 tamb\u00e9m plantas, um sof\u00e1 e quadros decorativos.\" srcSet=\"https:\/\/www.quintoandar.com.br\/guias\/wp-content\/uploads\/2022\/07\/Mid_Century_Apartment_Color-2-1-scaled.jpg 2560w,https:\/\/www.quintoandar.com.br\/guias\/wp-content\/uploads\/2022\/07\/Mid_Century_Apartment_Color-2-1-2048x1151.jpg 2048w,https:\/\/www.quintoandar.com.br\/guias\/wp-content\/uploads\/2022\/07\/Mid_Century_Apartment_Color-2-1-1536x864.jpg 1536w,https:\/\/www.quintoandar.com.br\/guias\/wp-content\/uploads\/2022\/07\/Mid_Century_Apartment_Color-2-1-1024x576.jpg 1024w,https:\/\/www.quintoandar.com.br\/guias\/wp-content\/uploads\/2022\/07\/Mid_Century_Apartment_Color-2-1-768x432.jpg 768w,https:\/\/www.quintoandar.com.br\/guias\/wp-content\/uploads\/2022\/07\/Mid_Century_Apartment_Color-2-1-300x169.jpg 300w,https:\/\/www.quintoandar.com.br\/guias\/wp-content\/uploads\/2022\/07\/Mid_Century_Apartment_Color-2-1-150x84.jpg 150w\" sizes=\"(min-width: 1024px) 53vh, 117vw\" disable-inline-width=\"true\"><\/amp-img><\/div>\n<\/div>\n<\/div>\n<\/div>\n<\/div>\n<p><\/amp-story-grid-layer><amp-story-page-outlink layout=\"nodisplay\" cta-image=\"https:\/\/www.quintoandar.com.br\/guias\/wp-content\/uploads\/2022\/12\/mesa-de-cabeceira-com-um-vaso-de-planta-um-abajur-e-alguns-livros-empilhados-com-um-relogio-despertador-em-cima.jpg\"><a href=\"https:\/\/www.quintoandar.com.br\/guias\/decoracao\/decoracao-mesa-de-cabeceira\/\" rel=\"\">Confira<\/a><\/amp-story-page-outlink><\/amp-story-page><\/amp-story><\/body><\/html><\/p>\n<style class=\"advgb-styles-renderer\">body{-webkit-animation:-amp-start 8s steps(1,end) 0s 1 normal both;-moz-animation:-amp-start 8s steps(1,end) 0s 1 normal both;-ms-animation:-amp-start 8s steps(1,end) 0s 1 normal both;animation:-amp-start 8s steps(1,end) 0s 1 normal both}@-webkit-keyframes -amp-start{from{visibility:hidden}to{visibility:visible}}@-moz-keyframes -amp-start{from{visibility:hidden}to{visibility:visible}}@-ms-keyframes -amp-start{from{visibility:hidden}to{visibility:visible}}@-o-keyframes -amp-start{from{visibility:hidden}to{visibility:visible}}@keyframes -amp-start{from{visibility:hidden}to{visibility:visible}}body{-webkit-animation:none;-moz-animation:none;-ms-animation:none;animation:none}\n              h1, h2, h3 { font-weight: normal; }<\/p>\n<p>              amp-story-page {\n                background-color: #131516;\n              }<\/p>\n<p>              amp-story-grid-layer {\n                overflow: visible;\n              }<\/p>\n<p>              @media (max-aspect-ratio: 9 \/ 16)  {\n                @media (min-aspect-ratio: 320 \/ 678) {\n                  amp-story-grid-layer.grid-layer {\n                    margin-top: calc((100% \/ 0.5625 - 100% \/ 0.6666666666666666) \/ 2);\n                  }\n                }\n              }<\/p>\n<p>              @media not all and (min-resolution:.001dpcm) {\n                @media {\n                  p.text-wrapper > span {\n                    font-size: calc(100% - 0.5px);\n                  }\n                }\n              }<\/p>\n<p>              .page-fullbleed-area,\n              .page-background-overlay-area {\n                position: absolute;\n                overflow: hidden;\n                width: 100%;\n                left: 0;\n                height: calc(1.1851851851851851 * 100%);\n                top: calc((1 - 1.1851851851851851) * 100% \/ 2);\n              }<\/p>\n<p>              .element-overlay-area {\n                position: absolute;\n                width: 100%;\n                height: 100%;\n                top: 0;\n                left: 0;\n              }<\/p>\n<p>              .page-safe-area {\n                overflow: visible;\n                position: absolute;\n                top: 0;\n                bottom: 0;\n                left: 0;\n                right: 0;\n                width: 100%;\n                height: calc(0.84375 * 100%);\n                margin: auto 0;\n              }<\/p>\n<p>              .mask {\n                position: absolute;\n                overflow: hidden;\n              }<\/p>\n<p>              .fill {\n                position: absolute;\n                top: 0;\n                left: 0;\n                right: 0;\n                bottom: 0;\n                margin: 0;\n              }<\/p>\n<p>              @media (prefers-reduced-motion: no-preference) {\n                .animation-wrapper {\n                  opacity: var(--initial-opacity);\n                  transform: var(--initial-transform);\n                }\n              }<\/p>\n<p>              amp-story-grid-layer.align-bottom {\n                align-content: end;\n                padding: 0;\n              }<\/p>\n<p>              .captions-area {\n                padding: 0 32px 0;\n              }<\/p>\n<p>              amp-story-captions {\n                margin-bottom: 16px;\n                text-align: center;\n              }<\/p>\n<p>              amp-story-captions span {\n                display: inline-block;\n                margin: 0;\n                padding: 6px 12px;\n                vertical-align: middle;\n                border-radius: 15px;\n                background: rgba(11, 11, 11, 0.6);\n                color: rgba(255, 255, 255, 1);\n                font-family: -apple-system, BlinkMacSystemFont, \"Segoe UI\", Roboto, Oxygen-Sans, Ubuntu, Cantarell, \"Helvetica Neue\", sans-serif;;\n                font-size: calc(4 * var(--story-page-vw));\n                line-height: 1.4;\n                word-break: break-word;\n                word-wrap: break-word;\n                overflow-wrap: break-word;\n              }\n              <\/style>\n<div style='text-align:left' class='yasr-auto-insert-visitor'><\/div>","protected":false},"excerpt":{"rendered":"<p>Conhe\u00e7a 3 inspira\u00e7\u00f5es de decora\u00e7\u00e3o para mesa de cabeceira!<\/p>\n","protected":false},"author":45,"featured_media":463295,"template":"","meta":{"_acf_changed":false,"resume_ai_summary":"","resume_ai_faq":[],"resume_ai_related_posts":[],"resume_ai_schema_generator_schema":"","resume_ai_schema_generator_approved":0,"advgb_blocks_editor_width":"","advgb_blocks_columns_visual_guide":"","yasr_overall_rating":0,"yasr_post_is_review":"","yasr_auto_insert_disabled":"","yasr_review_type":"","web_stories_publisher_logo":428798,"web_stories_poster":[],"web_stories_products":[],"footnotes":""},"web_story_category":[],"web_story_tag":[],"class_list":["post-463289","web-story","type-web-story","status-publish","has-post-thumbnail","hentry"],"yoast_head":"<!-- This site is optimized with the Yoast SEO Premium plugin v26.9 (Yoast SEO v27.3) - https:\/\/yoast.com\/product\/yoast-seo-premium-wordpress\/ -->\n<title>Decora\u00e7\u00e3o de mesa de cabeceira: 3 ideias para se inspirar - QuintoAndar Guias<\/title>\n<meta name=\"description\" content=\"Conhe\u00e7a 3 inspira\u00e7\u00f5es de decora\u00e7\u00e3o para mesa de cabeceira!\" \/>\n<meta name=\"robots\" content=\"index, follow, max-snippet:-1, max-image-preview:large, max-video-preview:-1\" \/>\n<link rel=\"canonical\" href=\"https:\/\/www.quintoandar.com.br\/guias\/web-stories\/3-ideias-decoracao-mesa-de-cabeceira\/\" \/>\n<meta property=\"og:locale\" content=\"pt_BR\" \/>\n<meta property=\"og:type\" content=\"article\" \/>\n<meta property=\"og:title\" content=\"Decora\u00e7\u00e3o de mesa de cabeceira: 3 ideias para se inspirar\" \/>\n<meta property=\"og:description\" content=\"Conhe\u00e7a 3 inspira\u00e7\u00f5es de decora\u00e7\u00e3o para mesa de cabeceira!\" \/>\n<meta property=\"og:url\" content=\"https:\/\/www.quintoandar.com.br\/guias\/web-stories\/3-ideias-decoracao-mesa-de-cabeceira\/\" \/>\n<meta property=\"og:site_name\" content=\"QuintoAndar Guias\" \/>\n<meta property=\"article:publisher\" content=\"https:\/\/www.facebook.com\/quintoandar.com.br\/\" \/>\n<meta property=\"article:modified_time\" content=\"2023-04-24T18:13:03+00:00\" \/>\n<meta property=\"og:image\" content=\"https:\/\/www.quintoandar.com.br\/guias\/wp-content\/uploads\/2022\/12\/cropped-decoracao-mesa-de-cabeceira-flor-vela-abajur-e-escultura.jpg\" \/>\n\t<meta property=\"og:image:width\" content=\"640\" \/>\n\t<meta property=\"og:image:height\" content=\"853\" \/>\n\t<meta property=\"og:image:type\" content=\"image\/jpeg\" \/>\n<meta name=\"twitter:card\" content=\"summary_large_image\" \/>\n<script type=\"application\/ld+json\" class=\"yoast-schema-graph\">{\"@context\":\"https:\\\/\\\/schema.org\",\"@graph\":[{\"@type\":\"Article\",\"@id\":\"https:\\\/\\\/www.quintoandar.com.br\\\/guias\\\/web-stories\\\/3-ideias-decoracao-mesa-de-cabeceira\\\/#article\",\"isPartOf\":{\"@id\":\"https:\\\/\\\/www.quintoandar.com.br\\\/guias\\\/web-stories\\\/3-ideias-decoracao-mesa-de-cabeceira\\\/\"},\"author\":{\"name\":\"Samantha Silva\",\"@id\":\"https:\\\/\\\/www.quintoandar.com.br\\\/guias\\\/#\\\/schema\\\/person\\\/f24d12d0fe0de5638ce540ae5e992867\"},\"headline\":\"Decora\u00e7\u00e3o de mesa de cabeceira: 3 ideias para se inspirar\",\"datePublished\":\"2023-01-09T18:49:22+00:00\",\"dateModified\":\"2023-04-24T18:13:03+00:00\",\"mainEntityOfPage\":{\"@id\":\"https:\\\/\\\/www.quintoandar.com.br\\\/guias\\\/web-stories\\\/3-ideias-decoracao-mesa-de-cabeceira\\\/\"},\"wordCount\":78,\"image\":{\"@id\":\"https:\\\/\\\/www.quintoandar.com.br\\\/guias\\\/web-stories\\\/3-ideias-decoracao-mesa-de-cabeceira\\\/#primaryimage\"},\"thumbnailUrl\":\"https:\\\/\\\/www.quintoandar.com.br\\\/guias\\\/wp-content\\\/uploads\\\/2022\\\/12\\\/cropped-decoracao-mesa-de-cabeceira-flor-vela-abajur-e-escultura.jpg\",\"inLanguage\":\"pt-BR\"},{\"@type\":\"WebPage\",\"@id\":\"https:\\\/\\\/www.quintoandar.com.br\\\/guias\\\/web-stories\\\/3-ideias-decoracao-mesa-de-cabeceira\\\/\",\"url\":\"https:\\\/\\\/www.quintoandar.com.br\\\/guias\\\/web-stories\\\/3-ideias-decoracao-mesa-de-cabeceira\\\/\",\"name\":\"Decora\u00e7\u00e3o de mesa de cabeceira: 3 ideias para se inspirar - QuintoAndar Guias\",\"isPartOf\":{\"@id\":\"https:\\\/\\\/www.quintoandar.com.br\\\/guias\\\/#website\"},\"primaryImageOfPage\":{\"@id\":\"https:\\\/\\\/www.quintoandar.com.br\\\/guias\\\/web-stories\\\/3-ideias-decoracao-mesa-de-cabeceira\\\/#primaryimage\"},\"image\":{\"@id\":\"https:\\\/\\\/www.quintoandar.com.br\\\/guias\\\/web-stories\\\/3-ideias-decoracao-mesa-de-cabeceira\\\/#primaryimage\"},\"thumbnailUrl\":\"https:\\\/\\\/www.quintoandar.com.br\\\/guias\\\/wp-content\\\/uploads\\\/2022\\\/12\\\/cropped-decoracao-mesa-de-cabeceira-flor-vela-abajur-e-escultura.jpg\",\"datePublished\":\"2023-01-09T18:49:22+00:00\",\"dateModified\":\"2023-04-24T18:13:03+00:00\",\"breadcrumb\":{\"@id\":\"https:\\\/\\\/www.quintoandar.com.br\\\/guias\\\/web-stories\\\/3-ideias-decoracao-mesa-de-cabeceira\\\/#breadcrumb\"},\"inLanguage\":\"pt-BR\",\"potentialAction\":[{\"@type\":\"ReadAction\",\"target\":[\"https:\\\/\\\/www.quintoandar.com.br\\\/guias\\\/web-stories\\\/3-ideias-decoracao-mesa-de-cabeceira\\\/\"]}]},{\"@type\":\"ImageObject\",\"inLanguage\":\"pt-BR\",\"@id\":\"https:\\\/\\\/www.quintoandar.com.br\\\/guias\\\/web-stories\\\/3-ideias-decoracao-mesa-de-cabeceira\\\/#primaryimage\",\"url\":\"https:\\\/\\\/www.quintoandar.com.br\\\/guias\\\/wp-content\\\/uploads\\\/2022\\\/12\\\/cropped-decoracao-mesa-de-cabeceira-flor-vela-abajur-e-escultura.jpg\",\"contentUrl\":\"https:\\\/\\\/www.quintoandar.com.br\\\/guias\\\/wp-content\\\/uploads\\\/2022\\\/12\\\/cropped-decoracao-mesa-de-cabeceira-flor-vela-abajur-e-escultura.jpg\",\"width\":640,\"height\":853,\"caption\":\"cropped-decoracao-mesa-de-cabeceira-flor-vela-abajur-e-escultura.jpg\"},{\"@type\":\"BreadcrumbList\",\"@id\":\"https:\\\/\\\/www.quintoandar.com.br\\\/guias\\\/web-stories\\\/3-ideias-decoracao-mesa-de-cabeceira\\\/#breadcrumb\",\"itemListElement\":[{\"@type\":\"ListItem\",\"position\":1,\"name\":\"Home\",\"item\":\"https:\\\/\\\/www.quintoandar.com.br\\\/guias\\\/\"},{\"@type\":\"ListItem\",\"position\":2,\"name\":\"Story\",\"item\":\"https:\\\/\\\/www.quintoandar.com.br\\\/guias\\\/webstories\\\/\"},{\"@type\":\"ListItem\",\"position\":3,\"name\":\"Decora\u00e7\u00e3o de mesa de cabeceira: 3 ideias para se inspirar\"}]},{\"@type\":\"WebSite\",\"@id\":\"https:\\\/\\\/www.quintoandar.com.br\\\/guias\\\/#website\",\"url\":\"https:\\\/\\\/www.quintoandar.com.br\\\/guias\\\/\",\"name\":\"QuintoAndar Guias\",\"description\":\"Inspira\u00e7\u00e3o e tudo o que voc\u00ea precisa saber sobre o jeito mais f\u00e1cil de alugar e morar.\",\"potentialAction\":[{\"@type\":\"SearchAction\",\"target\":{\"@type\":\"EntryPoint\",\"urlTemplate\":\"https:\\\/\\\/www.quintoandar.com.br\\\/guias\\\/?s={search_term_string}\"},\"query-input\":{\"@type\":\"PropertyValueSpecification\",\"valueRequired\":true,\"valueName\":\"search_term_string\"}}],\"inLanguage\":\"pt-BR\"},{\"@type\":\"Person\",\"@id\":\"https:\\\/\\\/www.quintoandar.com.br\\\/guias\\\/#\\\/schema\\\/person\\\/f24d12d0fe0de5638ce540ae5e992867\",\"name\":\"Samantha Silva\",\"image\":{\"@type\":\"ImageObject\",\"inLanguage\":\"pt-BR\",\"@id\":\"https:\\\/\\\/secure.gravatar.com\\\/avatar\\\/19caf728ff50fe784eb0610c2f3b2d62a8d8fbfa00158fbb42aae55f817e8e90?s=96&d=mm&r=g\",\"url\":\"https:\\\/\\\/secure.gravatar.com\\\/avatar\\\/19caf728ff50fe784eb0610c2f3b2d62a8d8fbfa00158fbb42aae55f817e8e90?s=96&d=mm&r=g\",\"contentUrl\":\"https:\\\/\\\/secure.gravatar.com\\\/avatar\\\/19caf728ff50fe784eb0610c2f3b2d62a8d8fbfa00158fbb42aae55f817e8e90?s=96&d=mm&r=g\",\"caption\":\"Samantha Silva\"},\"url\":\"https:\\\/\\\/www.quintoandar.com.br\\\/guias\\\/author\\\/samantha-silva\\\/\"},false]}<\/script>\n<!-- \/ Yoast SEO Premium plugin. -->","yoast_head_json":{"title":"Decora\u00e7\u00e3o de mesa de cabeceira: 3 ideias para se inspirar - QuintoAndar Guias","description":"Conhe\u00e7a 3 inspira\u00e7\u00f5es de decora\u00e7\u00e3o para mesa de cabeceira!","robots":{"index":"index","follow":"follow","max-snippet":"max-snippet:-1","max-image-preview":"max-image-preview:large","max-video-preview":"max-video-preview:-1"},"canonical":"https:\/\/www.quintoandar.com.br\/guias\/web-stories\/3-ideias-decoracao-mesa-de-cabeceira\/","og_locale":"pt_BR","og_type":"article","og_title":"Decora\u00e7\u00e3o de mesa de cabeceira: 3 ideias para se inspirar","og_description":"Conhe\u00e7a 3 inspira\u00e7\u00f5es de decora\u00e7\u00e3o para mesa de cabeceira!","og_url":"https:\/\/www.quintoandar.com.br\/guias\/web-stories\/3-ideias-decoracao-mesa-de-cabeceira\/","og_site_name":"QuintoAndar Guias","article_publisher":"https:\/\/www.facebook.com\/quintoandar.com.br\/","article_modified_time":"2023-04-24T18:13:03+00:00","og_image":[{"width":640,"height":853,"url":"https:\/\/www.quintoandar.com.br\/guias\/wp-content\/uploads\/2022\/12\/cropped-decoracao-mesa-de-cabeceira-flor-vela-abajur-e-escultura.jpg","type":"image\/jpeg"}],"twitter_card":"summary_large_image","schema":{"@context":"https:\/\/schema.org","@graph":[{"@type":"Article","@id":"https:\/\/www.quintoandar.com.br\/guias\/web-stories\/3-ideias-decoracao-mesa-de-cabeceira\/#article","isPartOf":{"@id":"https:\/\/www.quintoandar.com.br\/guias\/web-stories\/3-ideias-decoracao-mesa-de-cabeceira\/"},"author":{"name":"Samantha Silva","@id":"https:\/\/www.quintoandar.com.br\/guias\/#\/schema\/person\/f24d12d0fe0de5638ce540ae5e992867"},"headline":"Decora\u00e7\u00e3o de mesa de cabeceira: 3 ideias para se inspirar","datePublished":"2023-01-09T18:49:22+00:00","dateModified":"2023-04-24T18:13:03+00:00","mainEntityOfPage":{"@id":"https:\/\/www.quintoandar.com.br\/guias\/web-stories\/3-ideias-decoracao-mesa-de-cabeceira\/"},"wordCount":78,"image":{"@id":"https:\/\/www.quintoandar.com.br\/guias\/web-stories\/3-ideias-decoracao-mesa-de-cabeceira\/#primaryimage"},"thumbnailUrl":"https:\/\/www.quintoandar.com.br\/guias\/wp-content\/uploads\/2022\/12\/cropped-decoracao-mesa-de-cabeceira-flor-vela-abajur-e-escultura.jpg","inLanguage":"pt-BR"},{"@type":"WebPage","@id":"https:\/\/www.quintoandar.com.br\/guias\/web-stories\/3-ideias-decoracao-mesa-de-cabeceira\/","url":"https:\/\/www.quintoandar.com.br\/guias\/web-stories\/3-ideias-decoracao-mesa-de-cabeceira\/","name":"Decora\u00e7\u00e3o de mesa de cabeceira: 3 ideias para se inspirar - QuintoAndar Guias","isPartOf":{"@id":"https:\/\/www.quintoandar.com.br\/guias\/#website"},"primaryImageOfPage":{"@id":"https:\/\/www.quintoandar.com.br\/guias\/web-stories\/3-ideias-decoracao-mesa-de-cabeceira\/#primaryimage"},"image":{"@id":"https:\/\/www.quintoandar.com.br\/guias\/web-stories\/3-ideias-decoracao-mesa-de-cabeceira\/#primaryimage"},"thumbnailUrl":"https:\/\/www.quintoandar.com.br\/guias\/wp-content\/uploads\/2022\/12\/cropped-decoracao-mesa-de-cabeceira-flor-vela-abajur-e-escultura.jpg","datePublished":"2023-01-09T18:49:22+00:00","dateModified":"2023-04-24T18:13:03+00:00","breadcrumb":{"@id":"https:\/\/www.quintoandar.com.br\/guias\/web-stories\/3-ideias-decoracao-mesa-de-cabeceira\/#breadcrumb"},"inLanguage":"pt-BR","potentialAction":[{"@type":"ReadAction","target":["https:\/\/www.quintoandar.com.br\/guias\/web-stories\/3-ideias-decoracao-mesa-de-cabeceira\/"]}]},{"@type":"ImageObject","inLanguage":"pt-BR","@id":"https:\/\/www.quintoandar.com.br\/guias\/web-stories\/3-ideias-decoracao-mesa-de-cabeceira\/#primaryimage","url":"https:\/\/www.quintoandar.com.br\/guias\/wp-content\/uploads\/2022\/12\/cropped-decoracao-mesa-de-cabeceira-flor-vela-abajur-e-escultura.jpg","contentUrl":"https:\/\/www.quintoandar.com.br\/guias\/wp-content\/uploads\/2022\/12\/cropped-decoracao-mesa-de-cabeceira-flor-vela-abajur-e-escultura.jpg","width":640,"height":853,"caption":"cropped-decoracao-mesa-de-cabeceira-flor-vela-abajur-e-escultura.jpg"},{"@type":"BreadcrumbList","@id":"https:\/\/www.quintoandar.com.br\/guias\/web-stories\/3-ideias-decoracao-mesa-de-cabeceira\/#breadcrumb","itemListElement":[{"@type":"ListItem","position":1,"name":"Home","item":"https:\/\/www.quintoandar.com.br\/guias\/"},{"@type":"ListItem","position":2,"name":"Story","item":"https:\/\/www.quintoandar.com.br\/guias\/webstories\/"},{"@type":"ListItem","position":3,"name":"Decora\u00e7\u00e3o de mesa de cabeceira: 3 ideias para se inspirar"}]},{"@type":"WebSite","@id":"https:\/\/www.quintoandar.com.br\/guias\/#website","url":"https:\/\/www.quintoandar.com.br\/guias\/","name":"QuintoAndar Guias","description":"Inspira\u00e7\u00e3o e tudo o que voc\u00ea precisa saber sobre o jeito mais f\u00e1cil de alugar e morar.","potentialAction":[{"@type":"SearchAction","target":{"@type":"EntryPoint","urlTemplate":"https:\/\/www.quintoandar.com.br\/guias\/?s={search_term_string}"},"query-input":{"@type":"PropertyValueSpecification","valueRequired":true,"valueName":"search_term_string"}}],"inLanguage":"pt-BR"},{"@type":"Person","@id":"https:\/\/www.quintoandar.com.br\/guias\/#\/schema\/person\/f24d12d0fe0de5638ce540ae5e992867","name":"Samantha Silva","image":{"@type":"ImageObject","inLanguage":"pt-BR","@id":"https:\/\/secure.gravatar.com\/avatar\/19caf728ff50fe784eb0610c2f3b2d62a8d8fbfa00158fbb42aae55f817e8e90?s=96&d=mm&r=g","url":"https:\/\/secure.gravatar.com\/avatar\/19caf728ff50fe784eb0610c2f3b2d62a8d8fbfa00158fbb42aae55f817e8e90?s=96&d=mm&r=g","contentUrl":"https:\/\/secure.gravatar.com\/avatar\/19caf728ff50fe784eb0610c2f3b2d62a8d8fbfa00158fbb42aae55f817e8e90?s=96&d=mm&r=g","caption":"Samantha Silva"},"url":"https:\/\/www.quintoandar.com.br\/guias\/author\/samantha-silva\/"},false]}},"yasr_visitor_votes":{"stars_attributes":{"read_only":false,"span_bottom":false},"number_of_votes":0,"sum_votes":0},"featured_img":"https:\/\/www.quintoandar.com.br\/guias\/wp-content\/uploads\/2022\/12\/cropped-decoracao-mesa-de-cabeceira-flor-vela-abajur-e-escultura-530x337.jpg","coauthors":[],"author_meta":{"author_link":"https:\/\/www.quintoandar.com.br\/guias\/author\/samantha-silva\/","display_name":"Samantha Silva"},"relative_dates":{"created":"Publicado 3 anos atr\u00e1s","modified":"Atualizado 3 anos atr\u00e1s"},"absolute_dates":{"created":"Publicado em janeiro 9, 2023","modified":"Atualizado em abril 24, 2023"},"absolute_dates_time":{"created":"Publicado em janeiro 9, 2023 3:49 pm","modified":"Atualizado em abril 24, 2023 3:13 pm"},"featured_img_caption":"","tax_additional":{"web_story_category":{"linked":[],"unlinked":[],"slug":"web_story_category","name":"Categorias"},"web_story_tag":{"linked":[],"unlinked":[],"slug":"web_story_tag","name":"Tags"}},"series_order":"","acf":{"aprovacao_web_stories":"aprovado"},"slug_history":["3-ideias-decoracao-mesa-de-cabeceira"],"story_data":{"version":46,"pages":[{"elements":[{"opacity":100,"flip":{"vertical":false,"horizontal":false},"rotationAngle":0,"lockAspectRatio":true,"x":1,"y":1,"width":1,"height":1,"mask":{"type":"rectangle"},"isBackground":true,"isDefaultBackground":true,"id":"9d5c2b2c-8e34-4118-a1bc-f01f76f862b3","type":"shape"},{"opacity":100,"flip":{"vertical":false,"horizontal":false},"rotationAngle":0,"lockAspectRatio":true,"backgroundTextMode":"NONE","font":{"family":"Poppins"},"fontSize":30,"backgroundColor":{"color":{"r":196,"g":196,"b":196}},"lineHeight":1.1,"textAlign":"left","padding":{"locked":true,"hasHiddenPadding":false,"horizontal":0,"vertical":0},"type":"text","content":"<span style=\"font-weight: 600; color: #f8f9f5\">Decora\u00e7\u00e3o de mesa de cabeceira: 3 ideias para se inspirar&nbsp;<\/span>","borderRadius":{"locked":true,"topLeft":2,"topRight":2,"bottomRight":2,"bottomLeft":2},"x":57,"y":114,"width":298,"height":141,"basedOn":"22cc00ca-7f57-4da2-9912-935de6bd519a","id":"6c24270b-393f-402b-8102-49166d56fff8","link":null},{"opacity":100,"flip":{"vertical":false,"horizontal":false},"rotationAngle":0,"lockAspectRatio":true,"backgroundColor":{"color":{"r":176,"g":141,"b":41}},"type":"shape","x":48,"y":303,"width":314,"height":314,"mask":{"type":"rectangle"},"basedOn":"34d8643a-dd48-4967-b865-cb1fb2e8738b","id":"5586a739-f424-4a2e-b07b-838ab86fe387"},{"opacity":100,"flip":{"vertical":false,"horizontal":false},"rotationAngle":0,"lockAspectRatio":true,"backgroundColor":{"color":{"r":196,"g":196,"b":196}},"type":"image","resource":{"type":"image","mimeType":"image\/jpeg","width":640,"height":853,"sizes":{"medium":{"file":"cropped-decoracao-mesa-de-cabeceira-flor-vela-abajur-e-escultura-225x300.jpg","width":225,"height":300,"filesize":"20842","mimeType":"image\/jpeg","sourceUrl":"https:\/\/quintoandar.com.br\/guias\/wp-content\/uploads\/2022\/12\/cropped-decoracao-mesa-de-cabeceira-flor-vela-abajur-e-escultura-225x300.jpg"},"thumbnail":{"file":"cropped-decoracao-mesa-de-cabeceira-flor-vela-abajur-e-escultura-150x150.jpg","width":150,"height":150,"filesize":"8902","mimeType":"image\/jpeg","sourceUrl":"https:\/\/quintoandar.com.br\/guias\/wp-content\/uploads\/2022\/12\/cropped-decoracao-mesa-de-cabeceira-flor-vela-abajur-e-escultura-150x150.jpg"},"post-thumbnail":{"file":"cropped-decoracao-mesa-de-cabeceira-flor-vela-abajur-e-escultura-530x337.jpg","width":530,"height":337,"filesize":"44976","mimeType":"image\/jpeg","sourceUrl":"https:\/\/quintoandar.com.br\/guias\/wp-content\/uploads\/2022\/12\/cropped-decoracao-mesa-de-cabeceira-flor-vela-abajur-e-escultura-530x337.jpg"},"chamada-destaque":{"file":"cropped-decoracao-mesa-de-cabeceira-flor-vela-abajur-e-escultura-640x687.jpg","width":640,"height":687,"filesize":"86978","mimeType":"image\/jpeg","sourceUrl":"https:\/\/quintoandar.com.br\/guias\/wp-content\/uploads\/2022\/12\/cropped-decoracao-mesa-de-cabeceira-flor-vela-abajur-e-escultura-640x687.jpg"},"single-destaque":{"file":"cropped-decoracao-mesa-de-cabeceira-flor-vela-abajur-e-escultura-640x680.jpg","width":640,"height":680,"filesize":"86612","mimeType":"image\/jpeg","sourceUrl":"https:\/\/quintoandar.com.br\/guias\/wp-content\/uploads\/2022\/12\/cropped-decoracao-mesa-de-cabeceira-flor-vela-abajur-e-escultura-640x680.jpg"},"alm-thumbnail":{"file":"cropped-decoracao-mesa-de-cabeceira-flor-vela-abajur-e-escultura-150x150.jpg","width":150,"height":150,"filesize":"8902","mimeType":"image\/jpeg","sourceUrl":"https:\/\/quintoandar.com.br\/guias\/wp-content\/uploads\/2022\/12\/cropped-decoracao-mesa-de-cabeceira-flor-vela-abajur-e-escultura-150x150.jpg"},"wpvqgr-square-answer":{"file":"cropped-decoracao-mesa-de-cabeceira-flor-vela-abajur-e-escultura-300x300.jpg","width":300,"height":300,"filesize":"26416","mimeType":"image\/jpeg","sourceUrl":"https:\/\/quintoandar.com.br\/guias\/wp-content\/uploads\/2022\/12\/cropped-decoracao-mesa-de-cabeceira-flor-vela-abajur-e-escultura-300x300.jpg"},"web-stories-poster-portrait":{"file":"cropped-decoracao-mesa-de-cabeceira-flor-vela-abajur-e-escultura-640x853.jpg","width":640,"height":853,"filesize":"101125","mimeType":"image\/jpeg","sourceUrl":"https:\/\/quintoandar.com.br\/guias\/wp-content\/uploads\/2022\/12\/cropped-decoracao-mesa-de-cabeceira-flor-vela-abajur-e-escultura-640x853.jpg"},"web-stories-publisher-logo":{"file":"cropped-decoracao-mesa-de-cabeceira-flor-vela-abajur-e-escultura-96x96.jpg","width":96,"height":96,"filesize":"4334","mimeType":"image\/jpeg","sourceUrl":"https:\/\/quintoandar.com.br\/guias\/wp-content\/uploads\/2022\/12\/cropped-decoracao-mesa-de-cabeceira-flor-vela-abajur-e-escultura-96x96.jpg"},"web-stories-thumbnail":{"file":"cropped-decoracao-mesa-de-cabeceira-flor-vela-abajur-e-escultura-150x200.jpg","width":150,"height":200,"filesize":"10932","mimeType":"image\/jpeg","sourceUrl":"https:\/\/quintoandar.com.br\/guias\/wp-content\/uploads\/2022\/12\/cropped-decoracao-mesa-de-cabeceira-flor-vela-abajur-e-escultura-150x200.jpg"},"full":{"file":"cropped-decoracao-mesa-de-cabeceira-flor-vela-abajur-e-escultura.jpg","width":640,"height":853,"mimeType":"image\/jpeg","sourceUrl":"https:\/\/quintoandar.com.br\/guias\/wp-content\/uploads\/2022\/12\/cropped-decoracao-mesa-de-cabeceira-flor-vela-abajur-e-escultura.jpg"}},"isPlaceholder":false,"isExternal":false,"needsProxy":false,"baseColor":"#957d70","blurHash":"","creationDate":"2023-01-09T18:35:13","src":"https:\/\/quintoandar.com.br\/guias\/wp-content\/uploads\/2022\/12\/cropped-decoracao-mesa-de-cabeceira-flor-vela-abajur-e-escultura.jpg","id":463295,"alt":"cropped-decoracao-mesa-de-cabeceira-flor-vela-abajur-e-escultura.jpg","local":false,"provider":"local"},"x":61,"y":317,"width":286,"height":286,"scale":100,"focalX":49.798364897830965,"focalY":37.45082109868586,"mask":{"type":"rectangle"},"alt":"Foto que ilustra stories com ideias de decora\u00e7\u00e3o de mesa de cabeceira","link":{"needsProxy":false,"url":"https:\/\/quintoandar.com.br\/decoracao-mesa-de-cabeceira\/","rel":[],"icon":"https:\/\/quintoandar.com.br\/guias\/wp-content\/uploads\/2022\/12\/mesa-de-cabeceira-com-um-vaso-de-planta-um-abajur-e-alguns-livros-empilhados-com-um-relogio-despertador-em-cima.jpg","desc":"Decora\u00e7\u00e3o para mesa de cabeceira: 29 inspira\u00e7\u00f5es para o quarto"},"borderRadius":{"topLeft":0,"topRight":0,"bottomRight":0,"bottomLeft":0,"locked":true},"basedOn":"35c1a8fe-35d5-47aa-b8f2-8a1dc8a8c0cc","id":"4f1fea54-12e6-4959-b40e-34868b55bea8"},{"opacity":100,"flip":{"vertical":false,"horizontal":false},"rotationAngle":0,"lockAspectRatio":true,"scale":100,"focalX":50,"focalY":50,"resource":{"baseColor":"#ffffff","type":"image","mimeType":"image\/png","creationDate":"2022-01-17T15:00:10","src":"https:\/\/quintoandar.com.br\/guias\/wp-content\/uploads\/2022\/01\/image-17.png","width":566,"height":88,"id":428567,"alt":"image","sizes":{"medium":{"file":"image-17-300x47.png","width":300,"height":47,"mimeType":"image\/png","sourceUrl":"https:\/\/quintoandar.com.br\/guias\/wp-content\/uploads\/2022\/01\/image-17-300x47.png"},"thumbnail":{"file":"image-17-150x88.png","width":150,"height":88,"mimeType":"image\/png","sourceUrl":"https:\/\/quintoandar.com.br\/guias\/wp-content\/uploads\/2022\/01\/image-17-150x88.png"},"post-thumbnail":{"file":"image-17-350x88.png","width":350,"height":88,"mimeType":"image\/png","sourceUrl":"https:\/\/quintoandar.com.br\/guias\/wp-content\/uploads\/2022\/01\/image-17-350x88.png"},"alm-thumbnail":{"file":"image-17-150x88.png","width":150,"height":88,"mimeType":"image\/png","sourceUrl":"https:\/\/quintoandar.com.br\/guias\/wp-content\/uploads\/2022\/01\/image-17-150x88.png"},"wpvqgr-square-answer":{"file":"image-17-300x88.png","width":300,"height":88,"mimeType":"image\/png","sourceUrl":"https:\/\/quintoandar.com.br\/guias\/wp-content\/uploads\/2022\/01\/image-17-300x88.png"},"web-stories-publisher-logo":{"file":"image-17-96x88.png","width":96,"height":88,"mimeType":"image\/png","sourceUrl":"https:\/\/quintoandar.com.br\/guias\/wp-content\/uploads\/2022\/01\/image-17-96x88.png"},"web-stories-thumbnail":{"file":"image-17-150x23.png","width":150,"height":23,"mimeType":"image\/png","sourceUrl":"https:\/\/quintoandar.com.br\/guias\/wp-content\/uploads\/2022\/01\/image-17-150x23.png"},"full":{"file":"image-17.png","width":566,"height":88,"mimeType":"image\/png","sourceUrl":"https:\/\/quintoandar.com.br\/guias\/wp-content\/uploads\/2022\/01\/image-17.png"}},"isPlaceholder":false,"isOptimized":false,"isMuted":false,"isExternal":false,"needsProxy":false,"blurHash":"UGGSDh~qIUxu00-;t7%M0000%MM{_3M{t7D%"},"type":"image","x":48,"y":0,"width":225,"height":35,"mask":{"type":"rectangle","showInLibrary":true,"name":"Ret\u00e2ngulo","path":"M 0,0 1,0 1,1 0,1 0,0 Z","ratio":1,"supportsBorder":true},"basedOn":"edef32eb-4eea-46fc-b412-cd16f6029f5f","id":"ca931b09-ebb1-4963-9a2f-cafc5090b6a3"}],"animations":[],"backgroundColor":{"color":{"r":110,"g":110,"b":100}},"type":"page","id":"34295524-4444-4170-adf0-b48f1fe3d643"},{"elements":[{"opacity":100,"flip":{"vertical":false,"horizontal":false},"rotationAngle":0,"lockAspectRatio":true,"x":1,"y":1,"width":1,"height":1,"mask":{"type":"rectangle"},"isBackground":true,"isDefaultBackground":true,"id":"08580422-ced8-4357-aaad-e67c11ef7c50","type":"shape"},{"opacity":100,"flip":{"vertical":false,"horizontal":false},"rotationAngle":0,"lockAspectRatio":false,"backgroundColor":{"color":{"r":248,"g":249,"b":245}},"type":"shape","x":0,"y":-57,"width":413,"height":375,"mask":{"type":"rectangle"},"basedOn":"dfc294c1-803d-4d88-8420-3813a2be9ba7","id":"1889ebf7-1533-4812-8717-8b73ac426117"},{"opacity":100,"flip":{"vertical":false,"horizontal":false},"rotationAngle":0,"lockAspectRatio":false,"backgroundTextMode":"NONE","font":{"family":"Poppins"},"fontSize":22,"backgroundColor":{"color":{"r":196,"g":196,"b":196}},"lineHeight":1.1,"textAlign":"initial","padding":{"locked":true,"horizontal":0,"vertical":0},"type":"text","content":"Sem ideias de o que colocar na mesa de cabeceira do seu quarto?&nbsp;\n\nA seguir voc\u00ea pode conferir 3 modelos de decora\u00e7\u00e3o para esse m\u00f3vel!","basedOn":"972eb10b-6e8c-4d8a-9c30-06be9749ddc0","x":51,"y":43,"width":314,"height":176,"marginOffset":-11.099999999999994,"id":"5eda2f77-a589-4fd2-bec3-1bb92288ddc6"},{"opacity":100,"flip":{"vertical":false,"horizontal":false},"rotationAngle":0,"lockAspectRatio":false,"backgroundColor":{"color":{"r":110,"g":110,"b":100}},"type":"shape","x":0,"y":287,"width":413,"height":388,"mask":{"type":"rectangle"},"basedOn":"9b338548-a9c9-4388-b44e-b6be41a8afd8","id":"69cdfe66-bad8-4186-9e5c-881b0de215fc"},{"opacity":100,"flip":{"vertical":false,"horizontal":false},"rotationAngle":0,"lockAspectRatio":false,"backgroundColor":{"color":{"r":0,"g":0,"b":0}},"type":"image","x":20,"y":307,"width":373,"height":348,"scale":100,"focalX":50,"focalY":50,"mask":{"type":"rectangle"},"basedOn":"dfe1c4f3-93d0-4e54-9fc7-6f7da39365fa","resource":{"type":"image","mimeType":"image\/jpeg","width":664,"height":551,"sizes":{"medium":{"file":"decoracao-mesa-de-cabeceira-quadro-e-planta-300x249.jpg","width":300,"height":249,"filesize":"15064","mimeType":"image\/jpeg","sourceUrl":"https:\/\/quintoandar.com.br\/guias\/wp-content\/uploads\/2022\/12\/decoracao-mesa-de-cabeceira-quadro-e-planta-300x249.jpg"},"thumbnail":{"file":"decoracao-mesa-de-cabeceira-quadro-e-planta-150x150.jpg","width":150,"height":150,"filesize":"5804","mimeType":"image\/jpeg","sourceUrl":"https:\/\/quintoandar.com.br\/guias\/wp-content\/uploads\/2022\/12\/decoracao-mesa-de-cabeceira-quadro-e-planta-150x150.jpg"},"post-thumbnail":{"file":"decoracao-mesa-de-cabeceira-quadro-e-planta-530x337.jpg","width":530,"height":337,"filesize":"30173","mimeType":"image\/jpeg","sourceUrl":"https:\/\/quintoandar.com.br\/guias\/wp-content\/uploads\/2022\/12\/decoracao-mesa-de-cabeceira-quadro-e-planta-530x337.jpg"},"alm-thumbnail":{"file":"decoracao-mesa-de-cabeceira-quadro-e-planta-150x150.jpg","width":150,"height":150,"filesize":"5804","mimeType":"image\/jpeg","sourceUrl":"https:\/\/quintoandar.com.br\/guias\/wp-content\/uploads\/2022\/12\/decoracao-mesa-de-cabeceira-quadro-e-planta-150x150.jpg"},"wpvqgr-square-answer":{"file":"decoracao-mesa-de-cabeceira-quadro-e-planta-300x300.jpg","width":300,"height":300,"filesize":"18105","mimeType":"image\/jpeg","sourceUrl":"https:\/\/quintoandar.com.br\/guias\/wp-content\/uploads\/2022\/12\/decoracao-mesa-de-cabeceira-quadro-e-planta-300x300.jpg"},"web-stories-poster-portrait":{"file":"decoracao-mesa-de-cabeceira-quadro-e-planta-640x551.jpg","width":640,"height":551,"filesize":"58301","mimeType":"image\/jpeg","sourceUrl":"https:\/\/quintoandar.com.br\/guias\/wp-content\/uploads\/2022\/12\/decoracao-mesa-de-cabeceira-quadro-e-planta-640x551.jpg"},"web-stories-publisher-logo":{"file":"decoracao-mesa-de-cabeceira-quadro-e-planta-96x96.jpg","width":96,"height":96,"filesize":"2738","mimeType":"image\/jpeg","sourceUrl":"https:\/\/quintoandar.com.br\/guias\/wp-content\/uploads\/2022\/12\/decoracao-mesa-de-cabeceira-quadro-e-planta-96x96.jpg"},"web-stories-thumbnail":{"file":"decoracao-mesa-de-cabeceira-quadro-e-planta-150x124.jpg","width":150,"height":124,"filesize":"4810","mimeType":"image\/jpeg","sourceUrl":"https:\/\/quintoandar.com.br\/guias\/wp-content\/uploads\/2022\/12\/decoracao-mesa-de-cabeceira-quadro-e-planta-150x124.jpg"},"full":{"file":"decoracao-mesa-de-cabeceira-quadro-e-planta.jpg","width":664,"height":551,"mimeType":"image\/jpeg","sourceUrl":"https:\/\/quintoandar.com.br\/guias\/wp-content\/uploads\/2022\/12\/decoracao-mesa-de-cabeceira-quadro-e-planta.jpg"}},"isPlaceholder":false,"isExternal":false,"needsProxy":false,"baseColor":"#cfcdc8","blurHash":"","creationDate":"2022-12-26T23:32:57","src":"https:\/\/quintoandar.com.br\/guias\/wp-content\/uploads\/2022\/12\/decoracao-mesa-de-cabeceira-quadro-e-planta.jpg","id":462788,"alt":"","local":false},"alt":"Foto que ilustra decora\u00e7\u00e3o de mesa de cabeceira","id":"bd5d5991-c10b-4085-89c5-165af1771c4f"}],"animations":[],"backgroundColor":{"color":{"r":110,"g":110,"b":100}},"type":"page","id":"c7bbdbcc-5395-4b24-a5b5-c439f6594570","defaultBackgroundElement":{"opacity":100,"flip":{"vertical":false,"horizontal":false},"rotationAngle":0,"lockAspectRatio":true,"x":1,"y":1,"width":1,"height":1,"mask":{"type":"rectangle"},"isBackground":true,"isDefaultBackground":true,"id":"08580422-ced8-4357-aaad-e67c11ef7c50","type":"shape"},"pageAttachment":{"url":"","icon":"https:\/\/quintoandar.com.br\/guias\/wp-content\/uploads\/2021\/10\/praias-de-florianopolis.jpg","needsProxy":false}},{"elements":[{"opacity":100,"flip":{"vertical":false,"horizontal":false},"rotationAngle":0,"lockAspectRatio":true,"x":48,"y":0,"width":330,"height":220,"mask":{"type":"rectangle"},"isBackground":true,"id":"08580422-ced8-4357-aaad-e67c11ef7c50","type":"image","scale":100,"focalX":18.72841831283991,"focalY":49.93650124960313,"resource":{"type":"image","mimeType":"image\/jpeg","width":724,"height":483,"sizes":{"medium":{"file":"Orquidea-roxa-em-mesa-de-cabeceira-300x200.jpg","width":300,"height":200,"filesize":"8663","mimeType":"image\/jpeg","sourceUrl":"https:\/\/quintoandar.com.br\/guias\/wp-content\/uploads\/2022\/12\/Orquidea-roxa-em-mesa-de-cabeceira-300x200.jpg"},"thumbnail":{"file":"Orquidea-roxa-em-mesa-de-cabeceira-150x150.jpg","width":150,"height":150,"filesize":"4631","mimeType":"image\/jpeg","sourceUrl":"https:\/\/quintoandar.com.br\/guias\/wp-content\/uploads\/2022\/12\/Orquidea-roxa-em-mesa-de-cabeceira-150x150.jpg"},"post-thumbnail":{"file":"Orquidea-roxa-em-mesa-de-cabeceira-530x337.jpg","width":530,"height":337,"filesize":"19525","mimeType":"image\/jpeg","sourceUrl":"https:\/\/quintoandar.com.br\/guias\/wp-content\/uploads\/2022\/12\/Orquidea-roxa-em-mesa-de-cabeceira-530x337.jpg"},"alm-thumbnail":{"file":"Orquidea-roxa-em-mesa-de-cabeceira-150x150.jpg","width":150,"height":150,"filesize":"4631","mimeType":"image\/jpeg","sourceUrl":"https:\/\/quintoandar.com.br\/guias\/wp-content\/uploads\/2022\/12\/Orquidea-roxa-em-mesa-de-cabeceira-150x150.jpg"},"wpvqgr-square-answer":{"file":"Orquidea-roxa-em-mesa-de-cabeceira-300x300.jpg","width":300,"height":300,"filesize":"12568","mimeType":"image\/jpeg","sourceUrl":"https:\/\/quintoandar.com.br\/guias\/wp-content\/uploads\/2022\/12\/Orquidea-roxa-em-mesa-de-cabeceira-300x300.jpg"},"web-stories-poster-portrait":{"file":"Orquidea-roxa-em-mesa-de-cabeceira-640x483.jpg","width":640,"height":483,"filesize":"30024","mimeType":"image\/jpeg","sourceUrl":"https:\/\/quintoandar.com.br\/guias\/wp-content\/uploads\/2022\/12\/Orquidea-roxa-em-mesa-de-cabeceira-640x483.jpg"},"web-stories-publisher-logo":{"file":"Orquidea-roxa-em-mesa-de-cabeceira-96x96.jpg","width":96,"height":96,"filesize":"2429","mimeType":"image\/jpeg","sourceUrl":"https:\/\/quintoandar.com.br\/guias\/wp-content\/uploads\/2022\/12\/Orquidea-roxa-em-mesa-de-cabeceira-96x96.jpg"},"web-stories-thumbnail":{"file":"Orquidea-roxa-em-mesa-de-cabeceira-150x100.jpg","width":150,"height":100,"filesize":"3219","mimeType":"image\/jpeg","sourceUrl":"https:\/\/quintoandar.com.br\/guias\/wp-content\/uploads\/2022\/12\/Orquidea-roxa-em-mesa-de-cabeceira-150x100.jpg"},"full":{"file":"Orquidea-roxa-em-mesa-de-cabeceira.jpg","width":724,"height":483,"mimeType":"image\/jpeg","sourceUrl":"https:\/\/quintoandar.com.br\/guias\/wp-content\/uploads\/2022\/12\/Orquidea-roxa-em-mesa-de-cabeceira.jpg"}},"isPlaceholder":false,"isExternal":false,"needsProxy":false,"baseColor":"#e6ddd6","blurHash":"","creationDate":"2022-12-26T23:20:26","src":"https:\/\/quintoandar.com.br\/guias\/wp-content\/uploads\/2022\/12\/Orquidea-roxa-em-mesa-de-cabeceira.jpg","id":462778,"alt":"","local":false},"alt":"Foto que ilustra stories com ideias de decora\u00e7\u00e3o de mesa de cabeceira"},{"opacity":100,"flip":{"vertical":false,"horizontal":false},"rotationAngle":0,"lockAspectRatio":true,"backgroundColor":{"color":{"r":248,"g":249,"b":245}},"type":"shape","x":46,"y":518,"width":318,"height":100,"mask":{"type":"rectangle"},"basedOn":"e079ed98-2b9c-4a7f-abb2-70f41e734696","id":"e060b9fd-208b-4a28-950b-e88b6dcf651e"},{"opacity":100,"flip":{"vertical":false,"horizontal":false},"rotationAngle":0,"lockAspectRatio":false,"backgroundTextMode":"NONE","font":{"family":"Poppins"},"fontSize":22,"backgroundColor":{"color":{"r":196,"g":196,"b":196}},"lineHeight":1.1,"textAlign":"initial","padding":{"locked":true,"horizontal":0,"vertical":0},"type":"text","content":"<span style=\"font-weight: 600\">Abajur e flores<\/span>","basedOn":"fe2957ff-6079-4d95-ad60-ae31e89ef021","x":66,"y":568,"width":281,"height":31,"marginOffset":-11.099999999999994,"id":"ba59c944-d737-41b2-bbe2-0524401f2fe4"},{"opacity":100,"flip":{"vertical":false,"horizontal":false},"rotationAngle":0,"lockAspectRatio":false,"scale":100,"focalX":50,"focalY":50,"resource":{"baseColor":"#040404","blurHash":"U009jvfQfQfQfQfQfQfQfQfQfQfQfQfQfQfQ","type":"image","mimeType":"image\/png","creationDate":"2022-01-17T17:28:44","src":"https:\/\/quintoandar.com.br\/guias\/wp-content\/uploads\/2022\/01\/Icon-Sofa\u0301.png","width":1080,"height":1080,"id":428603,"alt":"Icon-Sofa\u0301","sizes":{"medium":{"file":"Icon-Sofa\u0301-300x300.png","width":300,"height":300,"mimeType":"image\/png","sourceUrl":"https:\/\/quintoandar.com.br\/guias\/wp-content\/uploads\/2022\/01\/Icon-Sofa\u0301-300x300.png"},"large":{"file":"Icon-Sofa\u0301-1024x1024.png","width":1024,"height":1024,"mimeType":"image\/png","sourceUrl":"https:\/\/quintoandar.com.br\/guias\/wp-content\/uploads\/2022\/01\/Icon-Sofa\u0301-1024x1024.png"},"thumbnail":{"file":"Icon-Sofa\u0301-150x150.png","width":150,"height":150,"mimeType":"image\/png","sourceUrl":"https:\/\/quintoandar.com.br\/guias\/wp-content\/uploads\/2022\/01\/Icon-Sofa\u0301-150x150.png"},"medium_large":{"file":"Icon-Sofa\u0301-768x768.png","width":768,"height":768,"mimeType":"image\/png","sourceUrl":"https:\/\/quintoandar.com.br\/guias\/wp-content\/uploads\/2022\/01\/Icon-Sofa\u0301-768x768.png"},"post-thumbnail":{"file":"Icon-Sofa\u0301-350x219.png","width":350,"height":219,"mimeType":"image\/png","sourceUrl":"https:\/\/quintoandar.com.br\/guias\/wp-content\/uploads\/2022\/01\/Icon-Sofa\u0301-350x219.png"},"chamada-destaque":{"file":"Icon-Sofa\u0301-636x358.png","width":636,"height":358,"mimeType":"image\/png","sourceUrl":"https:\/\/quintoandar.com.br\/guias\/wp-content\/uploads\/2022\/01\/Icon-Sofa\u0301-636x358.png"},"single-destaque":{"file":"Icon-Sofa\u0301-894x435.png","width":894,"height":435,"mimeType":"image\/png","sourceUrl":"https:\/\/quintoandar.com.br\/guias\/wp-content\/uploads\/2022\/01\/Icon-Sofa\u0301-894x435.png"},"alm-thumbnail":{"file":"Icon-Sofa\u0301-150x150.png","width":150,"height":150,"mimeType":"image\/png","sourceUrl":"https:\/\/quintoandar.com.br\/guias\/wp-content\/uploads\/2022\/01\/Icon-Sofa\u0301-150x150.png"},"wpvqgr-square-answer":{"file":"Icon-Sofa\u0301-300x300.png","width":300,"height":300,"mimeType":"image\/png","sourceUrl":"https:\/\/quintoandar.com.br\/guias\/wp-content\/uploads\/2022\/01\/Icon-Sofa\u0301-300x300.png"},"web-stories-poster-portrait":{"file":"Icon-Sofa\u0301-640x853.png","width":640,"height":853,"mimeType":"image\/png","sourceUrl":"https:\/\/quintoandar.com.br\/guias\/wp-content\/uploads\/2022\/01\/Icon-Sofa\u0301-640x853.png"},"web-stories-publisher-logo":{"file":"Icon-Sofa\u0301-96x96.png","width":96,"height":96,"mimeType":"image\/png","sourceUrl":"https:\/\/quintoandar.com.br\/guias\/wp-content\/uploads\/2022\/01\/Icon-Sofa\u0301-96x96.png"},"web-stories-thumbnail":{"file":"Icon-Sofa\u0301-150x150.png","width":150,"height":150,"mimeType":"image\/png","sourceUrl":"https:\/\/quintoandar.com.br\/guias\/wp-content\/uploads\/2022\/01\/Icon-Sofa\u0301-150x150.png"},"full":{"file":"Icon-Sofa\u0301.png","width":1080,"height":1080,"mimeType":"image\/png","sourceUrl":"https:\/\/quintoandar.com.br\/guias\/wp-content\/uploads\/2022\/01\/Icon-Sofa\u0301.png"}},"isPlaceholder":false,"isOptimized":false,"isMuted":false,"isExternal":false,"needsProxy":false},"type":"image","x":66,"y":532,"width":25,"height":27,"mask":{"type":"rectangle","showInLibrary":true,"name":"Ret\u00e2ngulo","path":"M 0,0 1,0 1,1 0,1 0,0 Z","ratio":1,"supportsBorder":true},"id":"988c2ce3-7e82-4112-8e04-1a77a6cccc18"}],"animations":[{"id":"fe1f5389-7045-41f7-9139-5af61b3d0c5c","type":"effect-background-pan","panDir":"leftToRight","duration":2000,"delay":0,"targets":["08580422-ced8-4357-aaad-e67c11ef7c50"]}],"backgroundColor":{"color":{"r":80,"g":99,"b":248}},"type":"page","id":"63222f36-0d9a-4dce-a1f8-66da134448b5","defaultBackgroundElement":{"opacity":100,"flip":{"vertical":false,"horizontal":false},"rotationAngle":0,"lockAspectRatio":true,"x":1,"y":1,"width":1,"height":1,"mask":{"type":"rectangle"},"isBackground":true,"isDefaultBackground":true,"id":"80c3bf63-0466-4741-9c72-984c2d16f5f9","type":"shape"},"pageAttachment":{"url":"","icon":"https:\/\/quintoandar.com.br\/guias\/wp-content\/uploads\/2021\/10\/praias-de-florianopolis.jpg","needsProxy":false}},{"elements":[{"opacity":100,"flip":{"vertical":false,"horizontal":false},"rotationAngle":0,"lockAspectRatio":true,"x":48,"y":0,"width":330,"height":220,"mask":{"type":"rectangle"},"isBackground":true,"id":"68c2d88e-0bec-4124-927c-0eb9d524f229","type":"image","scale":100,"focalX":18.780775804354853,"focalY":49.93650124960313,"resource":{"type":"image","mimeType":"image\/jpeg","width":1000,"height":666,"sizes":{"medium":{"file":"decoracao-mesa-de-cabeceira-velas-300x200.jpg","width":300,"height":200,"filesize":"10912","mimeType":"image\/jpeg","sourceUrl":"https:\/\/quintoandar.com.br\/guias\/wp-content\/uploads\/2022\/12\/decoracao-mesa-de-cabeceira-velas-300x200.jpg"},"thumbnail":{"file":"decoracao-mesa-de-cabeceira-velas-150x150.jpg","width":150,"height":150,"filesize":"5189","mimeType":"image\/jpeg","sourceUrl":"https:\/\/quintoandar.com.br\/guias\/wp-content\/uploads\/2022\/12\/decoracao-mesa-de-cabeceira-velas-150x150.jpg"},"medium_large":{"file":"decoracao-mesa-de-cabeceira-velas-768x511.jpg","width":768,"height":511,"filesize":"42606","mimeType":"image\/jpeg","sourceUrl":"https:\/\/quintoandar.com.br\/guias\/wp-content\/uploads\/2022\/12\/decoracao-mesa-de-cabeceira-velas-768x511.jpg"},"post-thumbnail":{"file":"decoracao-mesa-de-cabeceira-velas-530x337.jpg","width":530,"height":337,"filesize":"24218","mimeType":"image\/jpeg","sourceUrl":"https:\/\/quintoandar.com.br\/guias\/wp-content\/uploads\/2022\/12\/decoracao-mesa-de-cabeceira-velas-530x337.jpg"},"chamada-destaque":{"file":"decoracao-mesa-de-cabeceira-velas-800x666.jpg","width":800,"height":666,"filesize":"51808","mimeType":"image\/jpeg","sourceUrl":"https:\/\/quintoandar.com.br\/guias\/wp-content\/uploads\/2022\/12\/decoracao-mesa-de-cabeceira-velas-800x666.jpg"},"single-destaque":{"file":"decoracao-mesa-de-cabeceira-velas-850x666.jpg","width":850,"height":666,"filesize":"55304","mimeType":"image\/jpeg","sourceUrl":"https:\/\/quintoandar.com.br\/guias\/wp-content\/uploads\/2022\/12\/decoracao-mesa-de-cabeceira-velas-850x666.jpg"},"alm-thumbnail":{"file":"decoracao-mesa-de-cabeceira-velas-150x150.jpg","width":150,"height":150,"filesize":"5189","mimeType":"image\/jpeg","sourceUrl":"https:\/\/quintoandar.com.br\/guias\/wp-content\/uploads\/2022\/12\/decoracao-mesa-de-cabeceira-velas-150x150.jpg"},"wpvqgr-square-answer":{"file":"decoracao-mesa-de-cabeceira-velas-300x300.jpg","width":300,"height":300,"filesize":"13786","mimeType":"image\/jpeg","sourceUrl":"https:\/\/quintoandar.com.br\/guias\/wp-content\/uploads\/2022\/12\/decoracao-mesa-de-cabeceira-velas-300x300.jpg"},"web-stories-poster-portrait":{"file":"decoracao-mesa-de-cabeceira-velas-640x666.jpg","width":640,"height":666,"filesize":"41656","mimeType":"image\/jpeg","sourceUrl":"https:\/\/quintoandar.com.br\/guias\/wp-content\/uploads\/2022\/12\/decoracao-mesa-de-cabeceira-velas-640x666.jpg"},"web-stories-publisher-logo":{"file":"decoracao-mesa-de-cabeceira-velas-96x96.jpg","width":96,"height":96,"filesize":"2716","mimeType":"image\/jpeg","sourceUrl":"https:\/\/quintoandar.com.br\/guias\/wp-content\/uploads\/2022\/12\/decoracao-mesa-de-cabeceira-velas-96x96.jpg"},"web-stories-thumbnail":{"file":"decoracao-mesa-de-cabeceira-velas-150x100.jpg","width":150,"height":100,"filesize":"4131","mimeType":"image\/jpeg","sourceUrl":"https:\/\/quintoandar.com.br\/guias\/wp-content\/uploads\/2022\/12\/decoracao-mesa-de-cabeceira-velas-150x100.jpg"},"full":{"file":"decoracao-mesa-de-cabeceira-velas.jpg","width":1000,"height":666,"mimeType":"image\/jpeg","sourceUrl":"https:\/\/quintoandar.com.br\/guias\/wp-content\/uploads\/2022\/12\/decoracao-mesa-de-cabeceira-velas.jpg"}},"isPlaceholder":false,"isExternal":false,"needsProxy":false,"baseColor":"#96938c","blurHash":"","creationDate":"2022-12-26T23:28:03","src":"https:\/\/quintoandar.com.br\/guias\/wp-content\/uploads\/2022\/12\/decoracao-mesa-de-cabeceira-velas.jpg","id":462786,"alt":"","local":false},"alt":"Foto que ilustra stories com ideias de decora\u00e7\u00e3o de mesa de cabeceira","basedOn":"08580422-ced8-4357-aaad-e67c11ef7c50"},{"opacity":100,"flip":{"vertical":false,"horizontal":false},"rotationAngle":0,"lockAspectRatio":true,"backgroundColor":{"color":{"r":248,"g":249,"b":245}},"type":"shape","x":46,"y":518,"width":318,"height":100,"mask":{"type":"rectangle"},"basedOn":"e060b9fd-208b-4a28-950b-e88b6dcf651e","id":"5eb0c6f6-871f-4c4d-a391-8bb2e4afed30"},{"opacity":100,"flip":{"vertical":false,"horizontal":false},"rotationAngle":0,"lockAspectRatio":false,"backgroundTextMode":"NONE","font":{"family":"Poppins"},"fontSize":22,"backgroundColor":{"color":{"r":196,"g":196,"b":196}},"lineHeight":1.1,"textAlign":"initial","padding":{"locked":true,"horizontal":0,"vertical":0},"type":"text","content":"<span style=\"font-weight: 600\">Velas<\/span>","basedOn":"ba59c944-d737-41b2-bbe2-0524401f2fe4","x":66,"y":568,"width":281,"height":31,"marginOffset":-11.099999999999994,"id":"685cda7b-dad7-4f3f-a208-e6b66a635f79"},{"opacity":100,"flip":{"vertical":false,"horizontal":false},"rotationAngle":0,"lockAspectRatio":false,"scale":100,"focalX":50,"focalY":50,"resource":{"baseColor":"#040404","blurHash":"U009jvfQfQfQfQfQfQfQfQfQfQfQfQfQfQfQ","type":"image","mimeType":"image\/png","creationDate":"2022-01-17T17:28:44","src":"https:\/\/quintoandar.com.br\/guias\/wp-content\/uploads\/2022\/01\/Icon-Sofa\u0301.png","width":1080,"height":1080,"id":428603,"alt":"Icon-Sofa\u0301","sizes":{"medium":{"file":"Icon-Sofa\u0301-300x300.png","width":300,"height":300,"mimeType":"image\/png","sourceUrl":"https:\/\/quintoandar.com.br\/guias\/wp-content\/uploads\/2022\/01\/Icon-Sofa\u0301-300x300.png"},"large":{"file":"Icon-Sofa\u0301-1024x1024.png","width":1024,"height":1024,"mimeType":"image\/png","sourceUrl":"https:\/\/quintoandar.com.br\/guias\/wp-content\/uploads\/2022\/01\/Icon-Sofa\u0301-1024x1024.png"},"thumbnail":{"file":"Icon-Sofa\u0301-150x150.png","width":150,"height":150,"mimeType":"image\/png","sourceUrl":"https:\/\/quintoandar.com.br\/guias\/wp-content\/uploads\/2022\/01\/Icon-Sofa\u0301-150x150.png"},"medium_large":{"file":"Icon-Sofa\u0301-768x768.png","width":768,"height":768,"mimeType":"image\/png","sourceUrl":"https:\/\/quintoandar.com.br\/guias\/wp-content\/uploads\/2022\/01\/Icon-Sofa\u0301-768x768.png"},"post-thumbnail":{"file":"Icon-Sofa\u0301-350x219.png","width":350,"height":219,"mimeType":"image\/png","sourceUrl":"https:\/\/quintoandar.com.br\/guias\/wp-content\/uploads\/2022\/01\/Icon-Sofa\u0301-350x219.png"},"chamada-destaque":{"file":"Icon-Sofa\u0301-636x358.png","width":636,"height":358,"mimeType":"image\/png","sourceUrl":"https:\/\/quintoandar.com.br\/guias\/wp-content\/uploads\/2022\/01\/Icon-Sofa\u0301-636x358.png"},"single-destaque":{"file":"Icon-Sofa\u0301-894x435.png","width":894,"height":435,"mimeType":"image\/png","sourceUrl":"https:\/\/quintoandar.com.br\/guias\/wp-content\/uploads\/2022\/01\/Icon-Sofa\u0301-894x435.png"},"alm-thumbnail":{"file":"Icon-Sofa\u0301-150x150.png","width":150,"height":150,"mimeType":"image\/png","sourceUrl":"https:\/\/quintoandar.com.br\/guias\/wp-content\/uploads\/2022\/01\/Icon-Sofa\u0301-150x150.png"},"wpvqgr-square-answer":{"file":"Icon-Sofa\u0301-300x300.png","width":300,"height":300,"mimeType":"image\/png","sourceUrl":"https:\/\/quintoandar.com.br\/guias\/wp-content\/uploads\/2022\/01\/Icon-Sofa\u0301-300x300.png"},"web-stories-poster-portrait":{"file":"Icon-Sofa\u0301-640x853.png","width":640,"height":853,"mimeType":"image\/png","sourceUrl":"https:\/\/quintoandar.com.br\/guias\/wp-content\/uploads\/2022\/01\/Icon-Sofa\u0301-640x853.png"},"web-stories-publisher-logo":{"file":"Icon-Sofa\u0301-96x96.png","width":96,"height":96,"mimeType":"image\/png","sourceUrl":"https:\/\/quintoandar.com.br\/guias\/wp-content\/uploads\/2022\/01\/Icon-Sofa\u0301-96x96.png"},"web-stories-thumbnail":{"file":"Icon-Sofa\u0301-150x150.png","width":150,"height":150,"mimeType":"image\/png","sourceUrl":"https:\/\/quintoandar.com.br\/guias\/wp-content\/uploads\/2022\/01\/Icon-Sofa\u0301-150x150.png"},"full":{"file":"Icon-Sofa\u0301.png","width":1080,"height":1080,"mimeType":"image\/png","sourceUrl":"https:\/\/quintoandar.com.br\/guias\/wp-content\/uploads\/2022\/01\/Icon-Sofa\u0301.png"}},"isPlaceholder":false,"isOptimized":false,"isMuted":false,"isExternal":false,"needsProxy":false},"type":"image","x":66,"y":532,"width":25,"height":27,"mask":{"type":"rectangle","showInLibrary":true,"name":"Ret\u00e2ngulo","path":"M 0,0 1,0 1,1 0,1 0,0 Z","ratio":1,"supportsBorder":true},"id":"d9866494-5b74-4d4d-9796-56d137812757","basedOn":"988c2ce3-7e82-4112-8e04-1a77a6cccc18"}],"animations":[{"id":"4b134479-96e7-4222-98f2-3f3fffe382a7","type":"effect-background-pan","panDir":"leftToRight","duration":2000,"delay":0,"targets":["68c2d88e-0bec-4124-927c-0eb9d524f229"]}],"backgroundColor":{"color":{"r":80,"g":99,"b":248}},"type":"page","id":"da3a7ca2-4037-4b36-b523-51df90afee08","defaultBackgroundElement":{"opacity":100,"flip":{"vertical":false,"horizontal":false},"rotationAngle":0,"lockAspectRatio":true,"x":1,"y":1,"width":1,"height":1,"mask":{"type":"rectangle"},"isBackground":true,"isDefaultBackground":true,"id":"80c3bf63-0466-4741-9c72-984c2d16f5f9","type":"shape"},"pageAttachment":{"url":"","icon":"https:\/\/quintoandar.com.br\/guias\/wp-content\/uploads\/2021\/10\/praias-de-florianopolis.jpg","needsProxy":false}},{"elements":[{"opacity":100,"flip":{"vertical":false,"horizontal":false},"rotationAngle":0,"lockAspectRatio":true,"x":48,"y":0,"width":330,"height":186,"mask":{"type":"rectangle"},"isBackground":true,"id":"2bfd6ccb-7379-4a31-963b-0dc8f0450aae","type":"image","scale":100,"focalX":15.797634469760219,"focalY":49.93650124960313,"resource":{"type":"image","mimeType":"image\/jpeg","width":1000,"height":563,"sizes":{"medium":{"file":"decoracao-mesa-de-cabeceira-porta-retrato-300x169.jpg","width":300,"height":169,"filesize":"15903","mimeType":"image\/jpeg","sourceUrl":"https:\/\/quintoandar.com.br\/guias\/wp-content\/uploads\/2022\/12\/decoracao-mesa-de-cabeceira-porta-retrato-300x169.jpg"},"thumbnail":{"file":"decoracao-mesa-de-cabeceira-porta-retrato-150x150.jpg","width":150,"height":150,"filesize":"7362","mimeType":"image\/jpeg","sourceUrl":"https:\/\/quintoandar.com.br\/guias\/wp-content\/uploads\/2022\/12\/decoracao-mesa-de-cabeceira-porta-retrato-150x150.jpg"},"medium_large":{"file":"decoracao-mesa-de-cabeceira-porta-retrato-768x432.jpg","width":768,"height":432,"filesize":"75584","mimeType":"image\/jpeg","sourceUrl":"https:\/\/quintoandar.com.br\/guias\/wp-content\/uploads\/2022\/12\/decoracao-mesa-de-cabeceira-porta-retrato-768x432.jpg"},"post-thumbnail":{"file":"decoracao-mesa-de-cabeceira-porta-retrato-530x337.jpg","width":530,"height":337,"filesize":"45199","mimeType":"image\/jpeg","sourceUrl":"https:\/\/quintoandar.com.br\/guias\/wp-content\/uploads\/2022\/12\/decoracao-mesa-de-cabeceira-porta-retrato-530x337.jpg"},"chamada-destaque":{"file":"decoracao-mesa-de-cabeceira-porta-retrato-800x563.jpg","width":800,"height":563,"filesize":"98361","mimeType":"image\/jpeg","sourceUrl":"https:\/\/quintoandar.com.br\/guias\/wp-content\/uploads\/2022\/12\/decoracao-mesa-de-cabeceira-porta-retrato-800x563.jpg"},"single-destaque":{"file":"decoracao-mesa-de-cabeceira-porta-retrato-850x563.jpg","width":850,"height":563,"filesize":"106527","mimeType":"image\/jpeg","sourceUrl":"https:\/\/quintoandar.com.br\/guias\/wp-content\/uploads\/2022\/12\/decoracao-mesa-de-cabeceira-porta-retrato-850x563.jpg"},"alm-thumbnail":{"file":"decoracao-mesa-de-cabeceira-porta-retrato-150x150.jpg","width":150,"height":150,"filesize":"7362","mimeType":"image\/jpeg","sourceUrl":"https:\/\/quintoandar.com.br\/guias\/wp-content\/uploads\/2022\/12\/decoracao-mesa-de-cabeceira-porta-retrato-150x150.jpg"},"wpvqgr-square-answer":{"file":"decoracao-mesa-de-cabeceira-porta-retrato-300x300.jpg","width":300,"height":300,"filesize":"22613","mimeType":"image\/jpeg","sourceUrl":"https:\/\/quintoandar.com.br\/guias\/wp-content\/uploads\/2022\/12\/decoracao-mesa-de-cabeceira-porta-retrato-300x300.jpg"},"web-stories-poster-portrait":{"file":"decoracao-mesa-de-cabeceira-porta-retrato-640x563.jpg","width":640,"height":563,"filesize":"75885","mimeType":"image\/jpeg","sourceUrl":"https:\/\/quintoandar.com.br\/guias\/wp-content\/uploads\/2022\/12\/decoracao-mesa-de-cabeceira-porta-retrato-640x563.jpg"},"web-stories-publisher-logo":{"file":"decoracao-mesa-de-cabeceira-porta-retrato-96x96.jpg","width":96,"height":96,"filesize":"3539","mimeType":"image\/jpeg","sourceUrl":"https:\/\/quintoandar.com.br\/guias\/wp-content\/uploads\/2022\/12\/decoracao-mesa-de-cabeceira-porta-retrato-96x96.jpg"},"web-stories-thumbnail":{"file":"decoracao-mesa-de-cabeceira-porta-retrato-150x84.jpg","width":150,"height":84,"filesize":"5038","mimeType":"image\/jpeg","sourceUrl":"https:\/\/quintoandar.com.br\/guias\/wp-content\/uploads\/2022\/12\/decoracao-mesa-de-cabeceira-porta-retrato-150x84.jpg"},"full":{"file":"decoracao-mesa-de-cabeceira-porta-retrato.jpg","width":1000,"height":563,"mimeType":"image\/jpeg","sourceUrl":"https:\/\/quintoandar.com.br\/guias\/wp-content\/uploads\/2022\/12\/decoracao-mesa-de-cabeceira-porta-retrato.jpg"}},"isPlaceholder":false,"isExternal":false,"needsProxy":false,"baseColor":"#594b38","blurHash":"","creationDate":"2022-12-26T23:33:07","src":"https:\/\/quintoandar.com.br\/guias\/wp-content\/uploads\/2022\/12\/decoracao-mesa-de-cabeceira-porta-retrato.jpg","id":462791,"alt":"","local":false},"alt":"Foto que ilustra stories com ideias de decora\u00e7\u00e3o de mesa de cabeceira","basedOn":"68c2d88e-0bec-4124-927c-0eb9d524f229"},{"opacity":100,"flip":{"vertical":false,"horizontal":false},"rotationAngle":0,"lockAspectRatio":true,"backgroundColor":{"color":{"r":248,"g":249,"b":245}},"type":"shape","x":46,"y":518,"width":318,"height":100,"mask":{"type":"rectangle"},"basedOn":"5eb0c6f6-871f-4c4d-a391-8bb2e4afed30","id":"66a0fa8a-9469-403e-8c4f-d2c47f46ba96"},{"opacity":100,"flip":{"vertical":false,"horizontal":false},"rotationAngle":0,"lockAspectRatio":false,"backgroundTextMode":"NONE","font":{"family":"Poppins"},"fontSize":22,"backgroundColor":{"color":{"r":196,"g":196,"b":196}},"lineHeight":1.1,"textAlign":"initial","padding":{"locked":true,"horizontal":0,"vertical":0},"type":"text","content":"<span style=\"font-weight: 600\">Porta-retratos<\/span>","basedOn":"685cda7b-dad7-4f3f-a208-e6b66a635f79","x":66,"y":568,"width":281,"height":31,"marginOffset":-11.099999999999994,"id":"35e2eee7-b05a-49f9-a376-7e328c525bfe"},{"opacity":100,"flip":{"vertical":false,"horizontal":false},"rotationAngle":0,"lockAspectRatio":false,"scale":100,"focalX":50,"focalY":50,"resource":{"baseColor":"#040404","blurHash":"U009jvfQfQfQfQfQfQfQfQfQfQfQfQfQfQfQ","type":"image","mimeType":"image\/png","creationDate":"2022-01-17T17:28:44","src":"https:\/\/quintoandar.com.br\/guias\/wp-content\/uploads\/2022\/01\/Icon-Sofa\u0301.png","width":1080,"height":1080,"id":428603,"alt":"Icon-Sofa\u0301","sizes":{"medium":{"file":"Icon-Sofa\u0301-300x300.png","width":300,"height":300,"mimeType":"image\/png","sourceUrl":"https:\/\/quintoandar.com.br\/guias\/wp-content\/uploads\/2022\/01\/Icon-Sofa\u0301-300x300.png"},"large":{"file":"Icon-Sofa\u0301-1024x1024.png","width":1024,"height":1024,"mimeType":"image\/png","sourceUrl":"https:\/\/quintoandar.com.br\/guias\/wp-content\/uploads\/2022\/01\/Icon-Sofa\u0301-1024x1024.png"},"thumbnail":{"file":"Icon-Sofa\u0301-150x150.png","width":150,"height":150,"mimeType":"image\/png","sourceUrl":"https:\/\/quintoandar.com.br\/guias\/wp-content\/uploads\/2022\/01\/Icon-Sofa\u0301-150x150.png"},"medium_large":{"file":"Icon-Sofa\u0301-768x768.png","width":768,"height":768,"mimeType":"image\/png","sourceUrl":"https:\/\/quintoandar.com.br\/guias\/wp-content\/uploads\/2022\/01\/Icon-Sofa\u0301-768x768.png"},"post-thumbnail":{"file":"Icon-Sofa\u0301-350x219.png","width":350,"height":219,"mimeType":"image\/png","sourceUrl":"https:\/\/quintoandar.com.br\/guias\/wp-content\/uploads\/2022\/01\/Icon-Sofa\u0301-350x219.png"},"chamada-destaque":{"file":"Icon-Sofa\u0301-636x358.png","width":636,"height":358,"mimeType":"image\/png","sourceUrl":"https:\/\/quintoandar.com.br\/guias\/wp-content\/uploads\/2022\/01\/Icon-Sofa\u0301-636x358.png"},"single-destaque":{"file":"Icon-Sofa\u0301-894x435.png","width":894,"height":435,"mimeType":"image\/png","sourceUrl":"https:\/\/quintoandar.com.br\/guias\/wp-content\/uploads\/2022\/01\/Icon-Sofa\u0301-894x435.png"},"alm-thumbnail":{"file":"Icon-Sofa\u0301-150x150.png","width":150,"height":150,"mimeType":"image\/png","sourceUrl":"https:\/\/quintoandar.com.br\/guias\/wp-content\/uploads\/2022\/01\/Icon-Sofa\u0301-150x150.png"},"wpvqgr-square-answer":{"file":"Icon-Sofa\u0301-300x300.png","width":300,"height":300,"mimeType":"image\/png","sourceUrl":"https:\/\/quintoandar.com.br\/guias\/wp-content\/uploads\/2022\/01\/Icon-Sofa\u0301-300x300.png"},"web-stories-poster-portrait":{"file":"Icon-Sofa\u0301-640x853.png","width":640,"height":853,"mimeType":"image\/png","sourceUrl":"https:\/\/quintoandar.com.br\/guias\/wp-content\/uploads\/2022\/01\/Icon-Sofa\u0301-640x853.png"},"web-stories-publisher-logo":{"file":"Icon-Sofa\u0301-96x96.png","width":96,"height":96,"mimeType":"image\/png","sourceUrl":"https:\/\/quintoandar.com.br\/guias\/wp-content\/uploads\/2022\/01\/Icon-Sofa\u0301-96x96.png"},"web-stories-thumbnail":{"file":"Icon-Sofa\u0301-150x150.png","width":150,"height":150,"mimeType":"image\/png","sourceUrl":"https:\/\/quintoandar.com.br\/guias\/wp-content\/uploads\/2022\/01\/Icon-Sofa\u0301-150x150.png"},"full":{"file":"Icon-Sofa\u0301.png","width":1080,"height":1080,"mimeType":"image\/png","sourceUrl":"https:\/\/quintoandar.com.br\/guias\/wp-content\/uploads\/2022\/01\/Icon-Sofa\u0301.png"}},"isPlaceholder":false,"isOptimized":false,"isMuted":false,"isExternal":false,"needsProxy":false},"type":"image","x":66,"y":532,"width":25,"height":27,"mask":{"type":"rectangle","showInLibrary":true,"name":"Ret\u00e2ngulo","path":"M 0,0 1,0 1,1 0,1 0,0 Z","ratio":1,"supportsBorder":true},"id":"95506258-cdf2-47f4-92ab-7f80e245e7e7","basedOn":"d9866494-5b74-4d4d-9796-56d137812757"}],"animations":[{"id":"05670a4b-e46a-4ddd-be68-67cbb3af2937","type":"effect-background-pan","panDir":"leftToRight","duration":2000,"delay":0,"targets":["2bfd6ccb-7379-4a31-963b-0dc8f0450aae"]}],"backgroundColor":{"color":{"r":80,"g":99,"b":248}},"type":"page","id":"9f5db8cc-ef24-45c4-baca-c4e9e3eabf01","defaultBackgroundElement":{"opacity":100,"flip":{"vertical":false,"horizontal":false},"rotationAngle":0,"lockAspectRatio":true,"x":1,"y":1,"width":1,"height":1,"mask":{"type":"rectangle"},"isBackground":true,"isDefaultBackground":true,"id":"80c3bf63-0466-4741-9c72-984c2d16f5f9","type":"shape"},"pageAttachment":{"url":"","icon":"https:\/\/quintoandar.com.br\/guias\/wp-content\/uploads\/2021\/10\/praias-de-florianopolis.jpg","needsProxy":false}},{"elements":[{"opacity":100,"flip":{"vertical":false,"horizontal":false},"rotationAngle":0,"lockAspectRatio":true,"x":1,"y":1,"width":1,"height":1,"mask":{"type":"rectangle"},"isBackground":true,"isDefaultBackground":true,"type":"shape","id":"af199d5f-4168-4498-9e87-37d28b071b80"},{"opacity":100,"flip":{"vertical":false,"horizontal":false},"rotationAngle":0,"lockAspectRatio":true,"backgroundTextMode":"NONE","font":{"family":"Poppins"},"fontSize":30,"backgroundColor":{"color":{"r":255,"g":255,"b":255}},"lineHeight":1.1,"textAlign":"left","padding":{"locked":true,"hasHiddenPadding":false,"horizontal":0,"vertical":0},"type":"text","content":"<span style=\"font-weight: 700; color: #fff\">Clique para conferir esses e outras ideias de decor para sua mesa de cabeceira!<\/span>","borderRadius":{"locked":true,"topLeft":2,"topRight":2,"bottomRight":2,"bottomLeft":2},"width":338,"height":141,"basedOn":"0603ee24-53b1-49cb-95df-881aeb682c20","x":48,"y":326,"id":"008cfd39-1b87-499b-b753-5c41e45f16ca"},{"opacity":100,"flip":{"vertical":false,"horizontal":false},"rotationAngle":0,"lockAspectRatio":false,"scale":100,"focalX":50.97708654871709,"focalY":50.17313221519738,"resource":{"baseColor":"#7d542a","blurHash":"","type":"image","mimeType":"image\/jpeg","creationDate":"2022-07-14T20:46:36","src":"https:\/\/quintoandar.com.br\/guias\/wp-content\/uploads\/2022\/07\/Mid_Century_Apartment_Color-2-1-scaled.jpg","width":2560,"height":1439,"id":444116,"alt":"","sizes":{"medium":{"file":"Mid_Century_Apartment_Color-2-1-300x169.jpg","width":300,"height":169,"filesize":14126,"mimeType":"image\/jpeg","sourceUrl":"https:\/\/quintoandar.com.br\/guias\/wp-content\/uploads\/2022\/07\/Mid_Century_Apartment_Color-2-1-300x169.jpg"},"large":{"file":"Mid_Century_Apartment_Color-2-1-1024x576.jpg","width":1024,"height":576,"filesize":98938,"mimeType":"image\/jpeg","sourceUrl":"https:\/\/quintoandar.com.br\/guias\/wp-content\/uploads\/2022\/07\/Mid_Century_Apartment_Color-2-1-1024x576.jpg"},"thumbnail":{"file":"Mid_Century_Apartment_Color-2-1-150x150.jpg","width":150,"height":150,"filesize":6681,"mimeType":"image\/jpeg","sourceUrl":"https:\/\/quintoandar.com.br\/guias\/wp-content\/uploads\/2022\/07\/Mid_Century_Apartment_Color-2-1-150x150.jpg"},"medium_large":{"file":"Mid_Century_Apartment_Color-2-1-768x432.jpg","width":768,"height":432,"filesize":63373,"mimeType":"image\/jpeg","sourceUrl":"https:\/\/quintoandar.com.br\/guias\/wp-content\/uploads\/2022\/07\/Mid_Century_Apartment_Color-2-1-768x432.jpg"},"1536x1536":{"file":"Mid_Century_Apartment_Color-2-1-1536x864.jpg","width":1536,"height":864,"filesize":189444,"mimeType":"image\/jpeg","sourceUrl":"https:\/\/quintoandar.com.br\/guias\/wp-content\/uploads\/2022\/07\/Mid_Century_Apartment_Color-2-1-1536x864.jpg"},"2048x2048":{"file":"Mid_Century_Apartment_Color-2-1-2048x1151.jpg","width":2048,"height":1151,"filesize":304552,"mimeType":"image\/jpeg","sourceUrl":"https:\/\/quintoandar.com.br\/guias\/wp-content\/uploads\/2022\/07\/Mid_Century_Apartment_Color-2-1-2048x1151.jpg"},"post-thumbnail":{"file":"Mid_Century_Apartment_Color-2-1-350x219.jpg","width":350,"height":219,"filesize":19630,"mimeType":"image\/jpeg","sourceUrl":"https:\/\/quintoandar.com.br\/guias\/wp-content\/uploads\/2022\/07\/Mid_Century_Apartment_Color-2-1-350x219.jpg"},"chamada-destaque":{"file":"Mid_Century_Apartment_Color-2-1-683x587.jpg","width":683,"height":587,"filesize":66297,"mimeType":"image\/jpeg","sourceUrl":"https:\/\/quintoandar.com.br\/guias\/wp-content\/uploads\/2022\/07\/Mid_Century_Apartment_Color-2-1-683x587.jpg"},"single-destaque":{"file":"Mid_Century_Apartment_Color-2-1-600x480.jpg","width":600,"height":480,"filesize":52486,"mimeType":"image\/jpeg","sourceUrl":"https:\/\/quintoandar.com.br\/guias\/wp-content\/uploads\/2022\/07\/Mid_Century_Apartment_Color-2-1-600x480.jpg"},"alm-thumbnail":{"file":"Mid_Century_Apartment_Color-2-1-150x150.jpg","width":150,"height":150,"filesize":6681,"mimeType":"image\/jpeg","sourceUrl":"https:\/\/quintoandar.com.br\/guias\/wp-content\/uploads\/2022\/07\/Mid_Century_Apartment_Color-2-1-150x150.jpg"},"wpvqgr-square-answer":{"file":"Mid_Century_Apartment_Color-2-1-300x300.jpg","width":300,"height":300,"filesize":19664,"mimeType":"image\/jpeg","sourceUrl":"https:\/\/quintoandar.com.br\/guias\/wp-content\/uploads\/2022\/07\/Mid_Century_Apartment_Color-2-1-300x300.jpg"},"web-stories-poster-portrait":{"file":"Mid_Century_Apartment_Color-2-1-640x853.jpg","width":640,"height":853,"filesize":69470,"mimeType":"image\/jpeg","sourceUrl":"https:\/\/quintoandar.com.br\/guias\/wp-content\/uploads\/2022\/07\/Mid_Century_Apartment_Color-2-1-640x853.jpg"},"web-stories-publisher-logo":{"file":"Mid_Century_Apartment_Color-2-1-96x96.jpg","width":96,"height":96,"filesize":3204,"mimeType":"image\/jpeg","sourceUrl":"https:\/\/quintoandar.com.br\/guias\/wp-content\/uploads\/2022\/07\/Mid_Century_Apartment_Color-2-1-96x96.jpg"},"web-stories-thumbnail":{"file":"Mid_Century_Apartment_Color-2-1-150x84.jpg","width":150,"height":84,"filesize":4672,"mimeType":"image\/jpeg","sourceUrl":"https:\/\/quintoandar.com.br\/guias\/wp-content\/uploads\/2022\/07\/Mid_Century_Apartment_Color-2-1-150x84.jpg"},"full":{"file":"Mid_Century_Apartment_Color-2-1-scaled.jpg","width":2560,"height":1439,"mimeType":"image\/jpeg","sourceUrl":"https:\/\/quintoandar.com.br\/guias\/wp-content\/uploads\/2022\/07\/Mid_Century_Apartment_Color-2-1-scaled.jpg"}},"isPlaceholder":false,"isOptimized":false,"isMuted":false,"isExternal":false,"needsProxy":false},"type":"image","x":-8,"y":-60,"width":484,"height":278,"mask":{"type":"rectangle","showInLibrary":true,"name":"Ret\u00e2ngulo","path":"M 0,0 1,0 1,1 0,1 0,0 Z","ratio":1,"supportsBorder":true},"basedOn":"bdde7f07-739d-4b2d-afcf-69adae64515d","id":"0d0f085b-2159-430a-8612-8b47d552639e","alt":"Ilustra\u00e7\u00e3o do stories com ideias de mesa de cabeceira mostra um ambiente com uma pessoa sentada em uma poltrona mexendo no celular e outra mexendo em uma estante. H\u00e1 tamb\u00e9m plantas, um sof\u00e1 e quadros decorativos."}],"backgroundColor":{"color":{"r":110,"g":110,"b":100}},"type":"page","id":"c4fe8d6f-748d-41b2-b2c6-265890fe3142","pageAttachment":{"url":"https:\/\/quintoandar.com.br\/decoracao-mesa-de-cabeceira\/","icon":"https:\/\/quintoandar.com.br\/guias\/wp-content\/uploads\/2022\/12\/mesa-de-cabeceira-com-um-vaso-de-planta-um-abajur-e-alguns-livros-empilhados-com-um-relogio-despertador-em-cima.jpg","ctaText":"Confira","needsProxy":false},"animations":[]}],"fonts":{"Poppins":{"family":"Poppins","fallbacks":["sans-serif"],"weights":[100,200,300,400,500,600,700,800,900],"styles":["italic","regular"],"variants":[[0,100],[1,100],[0,200],[1,200],[0,300],[1,300],[0,400],[1,400],[0,500],[1,500],[0,600],[1,600],[0,700],[1,700],[0,800],[1,800],[0,900],[1,900]],"service":"fonts.google.com","metrics":{"upm":1000,"asc":1050,"des":-350,"tAsc":1050,"tDes":-350,"tLGap":100,"wAsc":1135,"wDes":627,"xH":548,"capH":698,"yMin":-572,"yMax":1065,"hAsc":1050,"hDes":-350,"lGap":100}}},"autoAdvance":true,"defaultPageDuration":7,"currentStoryStyles":{"colors":[{"color":{"r":196,"g":196,"b":196}}]}},"story_poster":{"id":463295,"url":"https:\/\/www.quintoandar.com.br\/guias\/wp-content\/uploads\/2022\/12\/cropped-decoracao-mesa-de-cabeceira-flor-vela-abajur-e-escultura-640x853.jpg","width":640,"height":853,"needsProxy":false},"_links":{"self":[{"href":"https:\/\/www.quintoandar.com.br\/guias\/wp-json\/web-stories\/v1\/web-story\/463289","targetHints":{"allow":["GET"]}}],"collection":[{"href":"https:\/\/www.quintoandar.com.br\/guias\/wp-json\/web-stories\/v1\/web-story"}],"about":[{"href":"https:\/\/www.quintoandar.com.br\/guias\/wp-json\/wp\/v2\/types\/web-story"}],"author":[{"embeddable":true,"href":"https:\/\/www.quintoandar.com.br\/guias\/wp-json\/web-stories\/v1\/users\/45"}],"version-history":[{"count":10,"href":"https:\/\/www.quintoandar.com.br\/guias\/wp-json\/web-stories\/v1\/web-story\/463289\/revisions"}],"predecessor-version":[{"id":463316,"href":"https:\/\/www.quintoandar.com.br\/guias\/wp-json\/web-stories\/v1\/web-story\/463289\/revisions\/463316"}],"wp:featuredmedia":[{"embeddable":true,"href":"https:\/\/www.quintoandar.com.br\/guias\/wp-json\/web-stories\/v1\/media\/463295"}],"wp:attachment":[{"href":"https:\/\/www.quintoandar.com.br\/guias\/wp-json\/web-stories\/v1\/media?parent=463289"}],"wp:term":[{"taxonomy":"web_story_category","embeddable":true,"href":"https:\/\/www.quintoandar.com.br\/guias\/wp-json\/web-stories\/v1\/web_story_category?post=463289"},{"taxonomy":"web_story_tag","embeddable":true,"href":"https:\/\/www.quintoandar.com.br\/guias\/wp-json\/web-stories\/v1\/web_story_tag?post=463289"}],"wp:lock":[{"embeddable":true,"href":"https:\/\/www.quintoandar.com.br\/guias\/wp-json\/web-stories\/v1\/web-story\/463289\/lock"}],"wp:publisherlogo":[{"embeddable":true,"href":"https:\/\/www.quintoandar.com.br\/guias\/wp-json\/web-stories\/v1\/media\/428798"}],"curies":[{"name":"wp","href":"https:\/\/api.w.org\/{rel}","templated":true}]}}