{"id":473060,"date":"2023-05-02T22:03:52","date_gmt":"2023-05-03T01:03:52","guid":{"rendered":"https:\/\/www.quintoandar.com.br\/guias\/?post_type=web-story&#038;p=473060"},"modified":"2023-05-02T22:03:54","modified_gmt":"2023-05-03T01:03:54","slug":"feira-da-liberdade-sp","status":"publish","type":"web-story","link":"https:\/\/www.quintoandar.com.br\/guias\/web-stories\/feira-da-liberdade-sp\/","title":{"rendered":"Conhe\u00e7a a Feira da Liberdade em S\u00e3o Paulo!"},"content":{"rendered":"<p><html amp=\"\" lang=\"en\"><head><meta charSet=\"utf-8\"\/><meta name=\"viewport\" content=\"width=device-width,minimum-scale=1,initial-scale=1\"\/><script async=\"\" src=\"https:\/\/cdn.ampproject.org\/v0.js\"><\/script><script async=\"\" src=\"https:\/\/cdn.ampproject.org\/v0\/amp-story-1.0.js\" custom-element=\"amp-story\"><\/script><link href=\"https:\/\/fonts.googleapis.com\/css2?display=swap&amp;family=Poppins%3Awght%40400%3B600\" rel=\"stylesheet\"\/><noscript><\/noscript><meta name=\"web-stories-replace-head-start\"\/><title>Conhe\u00e7a a Feira da Liberdade em S\u00e3o Paulo!<\/title><link rel=\"canonical\" href=\"https:\/\/www.quintoandar.com.br\/guias\/?post_type=web-story&amp;p=473060\"\/><meta name=\"web-stories-replace-head-end\"\/><\/head><body><amp-story standalone=\"\" publisher=\"MeuLugar\" publisher-logo-src=\"https:\/\/www.quintoandar.com.br\/guias\/wp-content\/uploads\/2022\/01\/Logo_MeuLugar.png\" title=\"Conhe\u00e7a a Feira da Liberdade em S\u00e3o Paulo!\" poster-portrait-src=\"https:\/\/www.quintoandar.com.br\/guias\/wp-content\/uploads\/2022\/01\/cropped-Feira-da-Liberdade-interna-640x853.jpg\"><amp-story-page id=\"263f42bc-a79f-495c-96c8-15ded26152f5\" auto-advance-after=\"7s\"><amp-story-grid-layer template=\"vertical\" aspect-ratio=\"412:618\" class=\"grid-layer\"><\/p>\n<div class=\"page-fullbleed-area\" style=\"background-color:#245825\">\n<div class=\"page-safe-area\">\n<div style=\"position:absolute;pointer-events:none;left:0;top:-9.25926%;width:100%;height:118.51852%;opacity:1\">\n<div style=\"pointer-events:initial;width:100%;height:100%;display:block;position:absolute;top:0;left:0;z-index:0\" class=\"mask\" id=\"el-5e4c0825-cf1b-4ce6-b362-6dec3c39bb1b\">\n<div class=\"fill\" style=\"will-change:transform\"><\/div>\n<\/div>\n<\/div>\n<\/div>\n<\/div>\n<p><\/amp-story-grid-layer><amp-story-grid-layer template=\"vertical\" aspect-ratio=\"412:618\" class=\"grid-layer\"><\/p>\n<div class=\"page-fullbleed-area\">\n<div class=\"page-safe-area\">\n<div style=\"position:absolute;pointer-events:none;left:12.37864%;top:21.84466%;width:75.97087%;height:25.24272%;opacity:1\">\n<div style=\"pointer-events:initial;width:100%;height:100%;display:block;position:absolute;top:0;left:0;z-index:0;border-radius:0.6389776357827476% 0.6389776357827476% 0.6389776357827476% 0.6389776357827476% \/ 1.282051282051282% 1.282051282051282% 1.282051282051282% 1.282051282051282%\" id=\"el-3c610e28-eb19-4563-a420-3950da19ad2d\">\n<h2 class=\"fill text-wrapper\" style=\"white-space:pre-line;overflow-wrap:break-word;word-break:break-word;margin:1.581469648562299% 0;font-family:&quot;Poppins&quot;,sans-serif;font-size:0.533981em;line-height:1.1;text-align:left;padding:0;color:#000000\"><span><span style=\"font-weight: 600; color: #f8f9f5\">Descubra o que tem encontrar na Feira da Liberdade em S\u00e3o Paulo!<\/span><\/span><\/h2>\n<\/div>\n<\/div>\n<div style=\"position:absolute;pointer-events:none;left:11.65049%;top:49.19094%;width:76.21359%;height:50.80906%;opacity:1\">\n<div style=\"pointer-events:initial;width:100%;height:100%;display:block;position:absolute;top:0;left:0;z-index:0\" class=\"mask\" id=\"el-ee0795d1-7930-4c6d-9924-605ff66db8fa\">\n<div class=\"fill\" style=\"background-color:#a3c7a1;will-change:transform\"><\/div>\n<\/div>\n<\/div>\n<div style=\"position:absolute;pointer-events:none;left:15.04854%;top:51.2945%;width:69.41748%;height:46.27832%;opacity:1\">\n<div style=\"pointer-events:initial;width:100%;height:100%;display:block;position:absolute;top:0;left:0;z-index:0;border-radius:0% 0% 0% 0% \/ 0% 0% 0% 0%\" class=\"mask\" id=\"el-2eadb7ee-ddcd-4d3b-a70c-3ca81c4c59fe\"><a href=\"https:\/\/www.quintoandar.com.br\/guias\/cidades\/feira-da-liberdade\/\" data-tooltip-icon=\"https:\/\/www.quintoandar.com.br\/guias\/wp-content\/uploads\/2022\/01\/Foto-que-ilustra-materia-sobre-a-Feira-da-Liberdade.jpg\" data-tooltip-text=\"Como chegar e o que fazer na Feira da Liberdade em S\u00e3o Paulo\" target=\"_blank\" rel=\"noreferrer noopener\" style=\"width:100%;height:100%;display:block;position:absolute;top:0;left:0\"><\/p>\n<div style=\"position:absolute;width:100%;height:133.28125%;left:0%;top:-16.64063%\" data-leaf-element=\"true\"><amp-img layout=\"fill\" src=\"https:\/\/www.quintoandar.com.br\/guias\/wp-content\/uploads\/2022\/01\/cropped-Feira-da-Liberdade-interna.jpg\" alt=\"Feira da Liberdade\" srcSet=\"https:\/\/www.quintoandar.com.br\/guias\/wp-content\/uploads\/2022\/01\/cropped-Feira-da-Liberdade-interna-640x853.jpg 640w,https:\/\/www.quintoandar.com.br\/guias\/wp-content\/uploads\/2022\/01\/cropped-Feira-da-Liberdade-interna-225x300.jpg 225w,https:\/\/www.quintoandar.com.br\/guias\/wp-content\/uploads\/2022\/01\/cropped-Feira-da-Liberdade-interna-150x200.jpg 150w\" sizes=\"(min-width: 1024px) 31vh, 69vw\" disable-inline-width=\"true\"><\/amp-img><\/div>\n<p><\/a><\/div>\n<\/div>\n<div style=\"position:absolute;pointer-events:none;left:11.65049%;top:0;width:54.61165%;height:5.66343%;opacity:1\">\n<div style=\"pointer-events:initial;width:100%;height:100%;display:block;position:absolute;top:0;left:0;z-index:0\" class=\"mask\" id=\"el-d082c74c-3fa3-443a-8afc-1566b8cbf2d1\">\n<div style=\"position:absolute;width:100.0505%;height:100%;left:-0.02525%;top:0%\" data-leaf-element=\"true\"><amp-img layout=\"fill\" src=\"https:\/\/www.quintoandar.com.br\/guias\/wp-content\/uploads\/2022\/01\/image-17.png\" alt=\"image\" srcSet=\"https:\/\/www.quintoandar.com.br\/guias\/wp-content\/uploads\/2022\/01\/image-17.png 566w\" sizes=\"(min-width: 1024px) 25vh, 55vw\" disable-inline-width=\"true\"><\/amp-img><\/div>\n<\/div>\n<\/div>\n<\/div>\n<\/div>\n<p><\/amp-story-grid-layer><\/amp-story-page><amp-story-page id=\"97f1302f-1e63-474a-9a0c-67f1cf96346e\" auto-advance-after=\"7s\"><amp-story-grid-layer template=\"vertical\" aspect-ratio=\"412:618\" class=\"grid-layer\"><\/p>\n<div class=\"page-fullbleed-area\" style=\"background-color:#5063f8\">\n<div class=\"page-safe-area\">\n<div style=\"position:absolute;pointer-events:none;left:0;top:-9.25926%;width:100%;height:118.51852%;opacity:1\">\n<div style=\"pointer-events:initial;width:100%;height:100%;display:block;position:absolute;top:0;left:0;z-index:0\" class=\"mask\" id=\"el-d2b72a51-1e66-4949-8dca-7e94d60af9ce\">\n<div class=\"fill\" style=\"will-change:transform\"><\/div>\n<\/div>\n<\/div>\n<\/div>\n<\/div>\n<p><\/amp-story-grid-layer><amp-story-grid-layer template=\"vertical\" aspect-ratio=\"412:618\" class=\"grid-layer\"><\/p>\n<div class=\"page-fullbleed-area\">\n<div class=\"page-safe-area\">\n<div style=\"position:absolute;pointer-events:none;left:0;top:-9.2233%;width:100.24272%;height:60.67961%;opacity:1\">\n<div style=\"pointer-events:initial;width:100%;height:100%;display:block;position:absolute;top:0;left:0;z-index:0\" class=\"mask\" id=\"el-7ea6faf4-79c1-4c85-baa8-8f8f53550695\">\n<div class=\"fill\" style=\"background-color:#f8f9f5;will-change:transform\"><\/div>\n<\/div>\n<\/div>\n<div style=\"position:absolute;pointer-events:none;left:13.59223%;top:8.73786%;width:72.81553%;height:27.99353%;opacity:1\">\n<div style=\"pointer-events:initial;width:100%;height:100%;display:block;position:absolute;top:0;left:0;z-index:0\" id=\"el-8a26d018-0739-4342-b710-81b13a34441d\">\n<p class=\"fill text-wrapper\" style=\"white-space:pre-line;overflow-wrap:break-word;word-break:break-word;margin:0.9499999999999993% 0;font-family:&quot;Poppins&quot;,sans-serif;font-size:0.307443em;line-height:1.1;text-align:initial;padding:0;color:#000000\"><span>Com v\u00e1rias caracter\u00edsticas que fazem alus\u00e3o ao Jap\u00e3o, a Liberdade \u00e9 repleta dos conhecidos e tradicionais postes vermelhos em algumas de suas ruas, em especial na Rua Galv\u00e3o Bueno, uma das principais do bairro.<\/span><\/p>\n<\/div>\n<\/div>\n<div style=\"position:absolute;pointer-events:none;left:0;top:46.44013%;width:100.24272%;height:64.07767%;opacity:1\">\n<div style=\"pointer-events:initial;width:100%;height:100%;display:block;position:absolute;top:0;left:0;z-index:0\" class=\"mask\" id=\"el-21758096-c7b6-43d4-bc9f-fd2e9434d798\">\n<div class=\"fill\" style=\"background-color:#245825;will-change:transform\"><\/div>\n<\/div>\n<\/div>\n<div style=\"position:absolute;pointer-events:none;left:4.85437%;top:49.83819%;width:90.53398%;height:56.14887%;opacity:1\">\n<div style=\"pointer-events:initial;width:100%;height:100%;display:block;position:absolute;top:0;left:0;z-index:0\" class=\"mask\" id=\"el-9e920425-d3be-4cc9-a9ee-914dc60cf5ba\">\n<div style=\"position:absolute;width:140.52794%;height:100%;left:-20.26397%;top:0%\" data-leaf-element=\"true\"><amp-img layout=\"fill\" src=\"https:\/\/www.quintoandar.com.br\/guias\/wp-content\/uploads\/2022\/01\/Feira-da-Liberdade-Rua-Galvao-Bueno.jpg\" srcSet=\"https:\/\/www.quintoandar.com.br\/guias\/wp-content\/uploads\/2022\/01\/Feira-da-Liberdade-Rua-Galvao-Bueno.jpg 1000w,https:\/\/www.quintoandar.com.br\/guias\/wp-content\/uploads\/2022\/01\/Feira-da-Liberdade-Rua-Galvao-Bueno-768x508.jpg 768w,https:\/\/www.quintoandar.com.br\/guias\/wp-content\/uploads\/2022\/01\/Feira-da-Liberdade-Rua-Galvao-Bueno-300x199.jpg 300w,https:\/\/www.quintoandar.com.br\/guias\/wp-content\/uploads\/2022\/01\/Feira-da-Liberdade-Rua-Galvao-Bueno-150x99.jpg 150w\" sizes=\"(min-width: 1024px) 41vh, 91vw\" disable-inline-width=\"true\"><\/amp-img><\/div>\n<\/div>\n<\/div>\n<\/div>\n<\/div>\n<p><\/amp-story-grid-layer><\/amp-story-page><amp-story-page id=\"1659bb17-8c43-4ba2-91df-5e25fc2167f3\" auto-advance-after=\"7s\"><amp-story-grid-layer template=\"vertical\" aspect-ratio=\"412:618\" class=\"grid-layer\"><\/p>\n<div class=\"page-fullbleed-area\" style=\"background-color:#5063f8\">\n<div class=\"page-safe-area\">\n<div style=\"position:absolute;pointer-events:none;left:0;top:-9.25926%;width:100%;height:118.51852%;opacity:1\">\n<div style=\"pointer-events:initial;width:100%;height:100%;display:block;position:absolute;top:0;left:0;z-index:0\" class=\"mask\" id=\"el-22bee65b-b898-4dcd-af7b-0dd397e26065\">\n<div class=\"fill\" style=\"will-change:transform\"><\/div>\n<\/div>\n<\/div>\n<\/div>\n<\/div>\n<p><\/amp-story-grid-layer><amp-story-grid-layer template=\"vertical\" aspect-ratio=\"412:618\" class=\"grid-layer\"><\/p>\n<div class=\"page-fullbleed-area\">\n<div class=\"page-safe-area\">\n<div style=\"position:absolute;pointer-events:none;left:0;top:-9.2233%;width:100.24272%;height:60.67961%;opacity:1\">\n<div style=\"pointer-events:initial;width:100%;height:100%;display:block;position:absolute;top:0;left:0;z-index:0\" class=\"mask\" id=\"el-a39c8762-1d24-401e-aeee-531f091adcf7\">\n<div class=\"fill\" style=\"background-color:#f8f9f5;will-change:transform\"><\/div>\n<\/div>\n<\/div>\n<div style=\"position:absolute;pointer-events:none;left:12.13592%;top:0.48544%;width:75.24272%;height:41.42395%;opacity:1\">\n<div style=\"pointer-events:initial;width:100%;height:100%;display:block;position:absolute;top:0;left:0;z-index:0\" id=\"el-c43a3778-20a2-4aa1-8cf5-187fc3dffb78\">\n<p class=\"fill text-wrapper\" style=\"white-space:pre-line;overflow-wrap:break-word;word-break:break-word;margin:0.9193548387096767% 0;font-family:&quot;Poppins&quot;,sans-serif;font-size:0.307443em;line-height:1.1;text-align:initial;padding:0;color:#000000\"><span><br \/>\nVeja alguns dos pratos t\u00edpicos que voc\u00ea pode encontrar na Feirinha da Liberdade:<\/p>\n<p>O <span style=\"font-weight: 700\">Dorayaki <\/span>\u00e9 um conhecido doce japon\u00eas que consiste em duas pequenas panquecas com recheios variados, de creme a chocolate, sendo que o mais tradicional deles \u00e9 o Anko, uma pasta de feij\u00e3o azuki.<\/span><\/p>\n<\/div>\n<\/div>\n<div style=\"position:absolute;pointer-events:none;left:0;top:46.44013%;width:100.24272%;height:64.07767%;opacity:1\">\n<div style=\"pointer-events:initial;width:100%;height:100%;display:block;position:absolute;top:0;left:0;z-index:0\" class=\"mask\" id=\"el-95d90317-36c7-4668-8830-9ae0cdc6f1a7\">\n<div class=\"fill\" style=\"background-color:#245825;will-change:transform\"><\/div>\n<\/div>\n<\/div>\n<div style=\"position:absolute;pointer-events:none;left:5.09709%;top:49.83819%;width:90.53398%;height:56.14887%;opacity:1\">\n<div style=\"pointer-events:initial;width:100%;height:100%;display:block;position:absolute;top:0;left:0;z-index:0\" class=\"mask\" id=\"el-0ebe6cd6-785d-46f1-aaf8-b7741c9f3221\">\n<div style=\"position:absolute;width:139.47451%;height:100%;left:-19.73725%;top:0%\" data-leaf-element=\"true\"><amp-img layout=\"fill\" src=\"https:\/\/www.quintoandar.com.br\/guias\/wp-content\/uploads\/2023\/05\/Dorayaki.webp\" srcSet=\"https:\/\/www.quintoandar.com.br\/guias\/wp-content\/uploads\/2023\/05\/Dorayaki.webp 1000w,https:\/\/www.quintoandar.com.br\/guias\/wp-content\/uploads\/2023\/05\/Dorayaki-768x512.webp 768w,https:\/\/www.quintoandar.com.br\/guias\/wp-content\/uploads\/2023\/05\/Dorayaki-300x200.webp 300w,https:\/\/www.quintoandar.com.br\/guias\/wp-content\/uploads\/2023\/05\/Dorayaki-150x100.webp 150w\" sizes=\"(min-width: 1024px) 41vh, 91vw\" disable-inline-width=\"true\"><\/amp-img><\/div>\n<\/div>\n<\/div>\n<\/div>\n<\/div>\n<p><\/amp-story-grid-layer><\/amp-story-page><amp-story-page id=\"d9b81b3e-abef-4c52-b193-72bf2fcc851d\" auto-advance-after=\"7s\"><amp-story-grid-layer template=\"vertical\" aspect-ratio=\"412:618\" class=\"grid-layer\"><\/p>\n<div class=\"page-fullbleed-area\" style=\"background-color:#5063f8\">\n<div class=\"page-safe-area\">\n<div style=\"position:absolute;pointer-events:none;left:0;top:-9.25926%;width:100%;height:118.51852%;opacity:1\">\n<div style=\"pointer-events:initial;width:100%;height:100%;display:block;position:absolute;top:0;left:0;z-index:0\" class=\"mask\" id=\"el-f51f27c6-c844-4957-b6ca-9dd77501d1b6\">\n<div class=\"fill\" style=\"will-change:transform\"><\/div>\n<\/div>\n<\/div>\n<\/div>\n<\/div>\n<p><\/amp-story-grid-layer><amp-story-grid-layer template=\"vertical\" aspect-ratio=\"412:618\" class=\"grid-layer\"><\/p>\n<div class=\"page-fullbleed-area\">\n<div class=\"page-safe-area\">\n<div style=\"position:absolute;pointer-events:none;left:0;top:-9.2233%;width:100.24272%;height:60.67961%;opacity:1\">\n<div style=\"pointer-events:initial;width:100%;height:100%;display:block;position:absolute;top:0;left:0;z-index:0\" class=\"mask\" id=\"el-bd8ec4af-e8d8-4b90-ade0-965658c5ab57\">\n<div class=\"fill\" style=\"background-color:#f8f9f5;will-change:transform\"><\/div>\n<\/div>\n<\/div>\n<div style=\"position:absolute;pointer-events:none;left:11.65049%;top:6.6343%;width:79.85437%;height:33.00971%;opacity:1\">\n<div style=\"pointer-events:initial;width:100%;height:100%;display:block;position:absolute;top:0;left:0;z-index:0\" id=\"el-aa176904-e44e-4c7b-8f0b-78dd30abda0d\">\n<p class=\"fill text-wrapper\" style=\"white-space:pre-line;overflow-wrap:break-word;word-break:break-word;margin:0.8206686930091183% 0;font-family:&quot;Poppins&quot;,sans-serif;font-size:0.291262em;line-height:1.1;text-align:initial;padding:0;color:#000000\"><span>Um cl\u00e1ssico de qualquer feira de rua no Brasil, o pastel ganha um toque a mais na Feira da Liberdade. E al\u00e9m das bancas de comida e artesanato, a Feira da Liberdade ainda conta com barracas de roupas, lumin\u00e1rias japonesas, bonsais, almofadas, bijuterias, peixes de aqu\u00e1rio e diversos outros tipos de artigos orientais.<\/span><\/p>\n<\/div>\n<\/div>\n<div style=\"position:absolute;pointer-events:none;left:0;top:46.44013%;width:100.24272%;height:64.07767%;opacity:1\">\n<div style=\"pointer-events:initial;width:100%;height:100%;display:block;position:absolute;top:0;left:0;z-index:0\" class=\"mask\" id=\"el-07d1b27b-7758-44bd-a208-6da3d6021145\">\n<div class=\"fill\" style=\"background-color:#245825;will-change:transform\"><\/div>\n<\/div>\n<\/div>\n<div style=\"position:absolute;pointer-events:none;left:5.09709%;top:49.83819%;width:90.53398%;height:56.14887%;opacity:1\">\n<div style=\"pointer-events:initial;width:100%;height:100%;display:block;position:absolute;top:0;left:0;z-index:0\" class=\"mask\" id=\"el-a6ab8321-4e09-4d42-8f1f-c468425aa459\">\n<div style=\"position:absolute;width:139.47451%;height:100%;left:-19.73725%;top:0%\" data-leaf-element=\"true\"><amp-img layout=\"fill\" src=\"https:\/\/www.quintoandar.com.br\/guias\/wp-content\/uploads\/2022\/01\/Foto-que-ilustra-materia-sobre-a-Feira-da-Liberdade.jpg\" srcSet=\"https:\/\/www.quintoandar.com.br\/guias\/wp-content\/uploads\/2022\/01\/Foto-que-ilustra-materia-sobre-a-Feira-da-Liberdade.jpg 1000w\" sizes=\"(min-width: 1024px) 41vh, 91vw\" disable-inline-width=\"true\"><\/amp-img><\/div>\n<\/div>\n<\/div>\n<\/div>\n<\/div>\n<p><\/amp-story-grid-layer><\/amp-story-page><amp-story-page id=\"70c65687-ef05-4151-ae5a-0e715d863572\" auto-advance-after=\"7s\"><amp-story-grid-layer template=\"vertical\" aspect-ratio=\"412:618\" class=\"grid-layer\"><\/p>\n<div class=\"page-fullbleed-area\" style=\"background-color:#5063f8\">\n<div class=\"page-safe-area\">\n<div style=\"position:absolute;pointer-events:none;left:0;top:-9.25926%;width:100%;height:118.51852%;opacity:1\">\n<div style=\"pointer-events:initial;width:100%;height:100%;display:block;position:absolute;top:0;left:0;z-index:0\" class=\"mask\" id=\"el-9e974bd0-707e-42ee-baee-c459499ee7bc\">\n<div class=\"fill\" style=\"will-change:transform\"><\/div>\n<\/div>\n<\/div>\n<\/div>\n<\/div>\n<p><\/amp-story-grid-layer><amp-story-grid-layer template=\"vertical\" aspect-ratio=\"412:618\" class=\"grid-layer\"><\/p>\n<div class=\"page-fullbleed-area\">\n<div class=\"page-safe-area\">\n<div style=\"position:absolute;pointer-events:none;left:0;top:-9.2233%;width:100.24272%;height:60.67961%;opacity:1\">\n<div style=\"pointer-events:initial;width:100%;height:100%;display:block;position:absolute;top:0;left:0;z-index:0\" class=\"mask\" id=\"el-68024903-4c17-453d-b6c0-d1daf4c51b13\">\n<div class=\"fill\" style=\"background-color:#f8f9f5;will-change:transform\"><\/div>\n<\/div>\n<\/div>\n<div style=\"position:absolute;pointer-events:none;left:13.83495%;top:0;width:72.81553%;height:42.55663%;opacity:1\">\n<div style=\"pointer-events:initial;width:100%;height:100%;display:block;position:absolute;top:0;left:0;z-index:0\" id=\"el-7019cee7-eff6-4ef7-9917-0d4cf615d50d\">\n<p class=\"fill text-wrapper\" style=\"white-space:pre-line;overflow-wrap:break-word;word-break:break-word;margin:0.8999999999999998% 0;font-family:&quot;Poppins&quot;,sans-serif;font-size:0.291262em;line-height:1.1;text-align:initial;padding:0;color:#000000\"><span>A Feirinha da Liberdade ocorre sempre aos s\u00e1bados e domingos, das 10h \u00e0s 18h no Bairro da Liberdade.<\/p>\n<p>Que tal morar a poucos metros da Feira da Liberdade e poder degustar essas del\u00edcias japonesas em qualquer s\u00e1bado ou domingo que voc\u00ea desejar?<\/p>\n<p>Veja algumas op\u00e7\u00f5es de im\u00f3veis dispon\u00edveis na regi\u00e3o!<\/span><\/p>\n<\/div>\n<\/div>\n<div style=\"position:absolute;pointer-events:none;left:0;top:46.44013%;width:100.24272%;height:64.07767%;opacity:1\">\n<div style=\"pointer-events:initial;width:100%;height:100%;display:block;position:absolute;top:0;left:0;z-index:0\" class=\"mask\" id=\"el-c84f1359-a887-41d2-8ffa-852ffcf0fb08\">\n<div class=\"fill\" style=\"background-color:#245825;will-change:transform\"><\/div>\n<\/div>\n<\/div>\n<div style=\"position:absolute;pointer-events:none;left:5.09709%;top:49.83819%;width:90.53398%;height:56.14887%;opacity:1\">\n<div style=\"pointer-events:initial;width:100%;height:100%;display:block;position:absolute;top:0;left:0;z-index:0\" class=\"mask\" id=\"el-c75d6844-9471-40e5-a6c2-18bc6f802232\">\n<div style=\"position:absolute;width:140.09148%;height:100%;left:-20.04574%;top:0%\" data-leaf-element=\"true\"><amp-img layout=\"fill\" src=\"https:\/\/www.quintoandar.com.br\/guias\/wp-content\/uploads\/2022\/01\/Feira_da_liberdade_sa\u0303o_paulo_barraca.jpg\" srcSet=\"https:\/\/www.quintoandar.com.br\/guias\/wp-content\/uploads\/2022\/01\/Feira_da_liberdade_sa%CC%83o_paulo_barraca.jpg 1024w,https:\/\/www.quintoandar.com.br\/guias\/wp-content\/uploads\/2022\/01\/Feira_da_liberdade_sa%CC%83o_paulo_barraca-768x510.jpg 768w,https:\/\/www.quintoandar.com.br\/guias\/wp-content\/uploads\/2022\/01\/Feira_da_liberdade_sa%CC%83o_paulo_barraca-300x199.jpg 300w,https:\/\/www.quintoandar.com.br\/guias\/wp-content\/uploads\/2022\/01\/Feira_da_liberdade_sa%CC%83o_paulo_barraca-150x100.jpg 150w\" sizes=\"(min-width: 1024px) 41vh, 91vw\" disable-inline-width=\"true\"><\/amp-img><\/div>\n<\/div>\n<\/div>\n<\/div>\n<\/div>\n<p><\/amp-story-grid-layer><\/amp-story-page><amp-story-page id=\"1335f181-b774-4afb-b167-0819e52673f0\" auto-advance-after=\"7s\"><amp-story-animation layout=\"nodisplay\" trigger=\"visibility\"><script type=\"application\/json\">[{\"selector\":\"#anim-c4e5cbdc-6471-49d7-baaa-91354c0a692e [data-leaf-element=\\\"true\\\"]\",\"keyframes\":{\"transform\":[\"translate3d(62.49999977245145%, 0, 0)\",\"translate3d(0%, 0, 0)\"]},\"delay\":0,\"duration\":2000,\"easing\":\"cubic-bezier(.3,0,.55,1)\",\"fill\":\"both\"}]<\/script><\/amp-story-animation><amp-story-grid-layer template=\"vertical\" aspect-ratio=\"412:618\" class=\"grid-layer\"><\/p>\n<div class=\"page-fullbleed-area\" style=\"background-color:#c3aa76\">\n<div class=\"page-safe-area\">\n<div style=\"position:absolute;pointer-events:none;left:0;top:-9.25926%;width:100%;height:118.51852%;opacity:1\">\n<div id=\"anim-c4e5cbdc-6471-49d7-baaa-91354c0a692e\" class=\"animation-wrapper\" style=\"width:100%;height:100%;display:block;position:absolute;top:0;left:0\">\n<div style=\"pointer-events:initial;width:100%;height:100%;display:block;position:absolute;top:0;left:0;z-index:0\" class=\"mask\" id=\"el-7ecba77e-6af1-41ec-a19d-c57b28a4da05\">\n<div style=\"position:absolute;width:266.66667%;height:100%;left:-166.66667%;top:0%\" data-leaf-element=\"true\"><amp-img layout=\"fill\" src=\"https:\/\/www.quintoandar.com.br\/guias\/wp-content\/uploads\/2023\/05\/893271779-790.663575346245IMG6593.webp\" srcSet=\"https:\/\/www.quintoandar.com.br\/guias\/wp-content\/uploads\/2023\/05\/893271779-790.663575346245IMG6593.webp 1152w,https:\/\/www.quintoandar.com.br\/guias\/wp-content\/uploads\/2023\/05\/893271779-790.663575346245IMG6593-1024x683.webp 1024w,https:\/\/www.quintoandar.com.br\/guias\/wp-content\/uploads\/2023\/05\/893271779-790.663575346245IMG6593-768x512.webp 768w,https:\/\/www.quintoandar.com.br\/guias\/wp-content\/uploads\/2023\/05\/893271779-790.663575346245IMG6593-300x200.webp 300w,https:\/\/www.quintoandar.com.br\/guias\/wp-content\/uploads\/2023\/05\/893271779-790.663575346245IMG6593-150x100.webp 150w\" sizes=\"(min-width: 1024px) 120vh, 267vw\" disable-inline-width=\"true\"><\/amp-img><\/div>\n<\/div>\n<\/div>\n<\/div>\n<\/div>\n<\/div>\n<p><\/amp-story-grid-layer><amp-story-grid-layer template=\"vertical\" aspect-ratio=\"412:618\" class=\"grid-layer\"><\/p>\n<div class=\"page-fullbleed-area\">\n<div class=\"page-safe-area\"><\/div>\n<\/div>\n<p><\/amp-story-grid-layer><amp-story-page-outlink layout=\"nodisplay\" cta-image=\"https:\/\/www.quintoandar.com.br\/guias\/img\/med\/893271779-790.663575346245IMG6593.jpg\"><a href=\"https:\/\/www.quintoandar.com.br\/imovel\/893271779\/alugar\" rel=\"\">Ver im\u00f3vel<\/a><\/amp-story-page-outlink><\/amp-story-page><amp-story-page id=\"91f8825b-bc71-4943-b77e-b78f1b1204b6\" auto-advance-after=\"7s\"><amp-story-animation layout=\"nodisplay\" trigger=\"visibility\"><script type=\"application\/json\">[{\"selector\":\"#anim-90f2875a-0891-40d2-84c0-b9e3f7442a79 [data-leaf-element=\\\"true\\\"]\",\"keyframes\":{\"transform\":[\"translate3d(11.931818641068185%, 0, 0)\",\"translate3d(0%, 0, 0)\"]},\"delay\":0,\"duration\":2000,\"easing\":\"cubic-bezier(.3,0,.55,1)\",\"fill\":\"both\"}]<\/script><\/amp-story-animation><amp-story-grid-layer template=\"vertical\" aspect-ratio=\"412:618\" class=\"grid-layer\"><\/p>\n<div class=\"page-fullbleed-area\" style=\"background-color:#8d7d6e\">\n<div class=\"page-safe-area\">\n<div style=\"position:absolute;pointer-events:none;left:0;top:-9.25926%;width:100%;height:118.51852%;opacity:1\">\n<div id=\"anim-90f2875a-0891-40d2-84c0-b9e3f7442a79\" class=\"animation-wrapper\" style=\"width:100%;height:100%;display:block;position:absolute;top:0;left:0\">\n<div style=\"pointer-events:initial;width:100%;height:100%;display:block;position:absolute;top:0;left:0;z-index:0\" class=\"mask\" id=\"el-0e032f3c-94ad-4fab-acf9-b24432a44797\">\n<div style=\"position:absolute;width:266.66667%;height:100%;left:-31.81818%;top:0%\" data-leaf-element=\"true\"><amp-img layout=\"fill\" src=\"https:\/\/www.quintoandar.com.br\/guias\/wp-content\/uploads\/2023\/05\/893890289-351.90403397840254Tratadas141647.webp\" srcSet=\"https:\/\/www.quintoandar.com.br\/guias\/wp-content\/uploads\/2023\/05\/893890289-351.90403397840254Tratadas141647.webp 1152w,https:\/\/www.quintoandar.com.br\/guias\/wp-content\/uploads\/2023\/05\/893890289-351.90403397840254Tratadas141647-1024x683.webp 1024w,https:\/\/www.quintoandar.com.br\/guias\/wp-content\/uploads\/2023\/05\/893890289-351.90403397840254Tratadas141647-768x512.webp 768w,https:\/\/www.quintoandar.com.br\/guias\/wp-content\/uploads\/2023\/05\/893890289-351.90403397840254Tratadas141647-300x200.webp 300w,https:\/\/www.quintoandar.com.br\/guias\/wp-content\/uploads\/2023\/05\/893890289-351.90403397840254Tratadas141647-150x100.webp 150w\" sizes=\"(min-width: 1024px) 120vh, 267vw\" disable-inline-width=\"true\"><\/amp-img><\/div>\n<\/div>\n<\/div>\n<\/div>\n<\/div>\n<\/div>\n<p><\/amp-story-grid-layer><amp-story-grid-layer template=\"vertical\" aspect-ratio=\"412:618\" class=\"grid-layer\"><\/p>\n<div class=\"page-fullbleed-area\">\n<div class=\"page-safe-area\"><\/div>\n<\/div>\n<p><\/amp-story-grid-layer><amp-story-page-outlink layout=\"nodisplay\" cta-image=\"https:\/\/www.quintoandar.com.br\/guias\/img\/med\/893890289-351.90403397840254Tratadas141647.jpg\"><a href=\"https:\/\/www.quintoandar.com.br\/imovel\/893890289\/alugar\" rel=\"\">Ver im\u00f3vel<\/a><\/amp-story-page-outlink><\/amp-story-page><amp-story-page id=\"a2b48a03-fac8-4c26-a9c0-af96cda262c5\" auto-advance-after=\"7s\"><amp-story-grid-layer template=\"vertical\" aspect-ratio=\"412:618\" class=\"grid-layer\"><\/p>\n<div class=\"page-fullbleed-area\" style=\"background-color:#245825\">\n<div class=\"page-safe-area\">\n<div style=\"position:absolute;pointer-events:none;left:0;top:-9.25926%;width:100%;height:118.51852%;opacity:1\">\n<div style=\"pointer-events:initial;width:100%;height:100%;display:block;position:absolute;top:0;left:0;z-index:0\" class=\"mask\" id=\"el-e846e6b1-26f8-4708-8ddc-8a63932b26c5\">\n<div class=\"fill\" style=\"will-change:transform\"><\/div>\n<\/div>\n<\/div>\n<\/div>\n<\/div>\n<p><\/amp-story-grid-layer><amp-story-grid-layer template=\"vertical\" aspect-ratio=\"412:618\" class=\"grid-layer\"><\/p>\n<div class=\"page-fullbleed-area\">\n<div class=\"page-safe-area\">\n<div style=\"position:absolute;pointer-events:none;left:14.56311%;top:48.05825%;width:71.1165%;height:25.24272%;opacity:1\">\n<div style=\"pointer-events:initial;width:100%;height:100%;display:block;position:absolute;top:0;left:0;z-index:0;border-radius:0.6825938566552902% 0.6825938566552902% 0.6825938566552902% 0.6825938566552902% \/ 1.282051282051282% 1.282051282051282% 1.282051282051282% 1.282051282051282%\" id=\"el-2890fb4a-7df1-4269-9ffa-d235b58c7f79\">\n<h2 class=\"fill text-wrapper\" style=\"white-space:pre-line;overflow-wrap:break-word;word-break:break-word;margin:1.6894197952218415% 0;font-family:&quot;Poppins&quot;,sans-serif;font-size:0.533981em;line-height:1.1;text-align:left;padding:0;color:#000000\"><span><span style=\"font-weight: 600; color: #f8f9f5\">Conhe\u00e7a mais sobre a Feira da Liberdade na mat\u00e9ria abaixo!<\/span><\/span><\/h2>\n<\/div>\n<\/div>\n<div style=\"position:absolute;pointer-events:none;left:0;top:-14.23948%;width:132.03883%;height:49.67638%;opacity:1\">\n<div style=\"pointer-events:initial;width:100%;height:100%;display:block;position:absolute;top:0;left:0;z-index:0\" class=\"mask\" id=\"el-7516ecb7-5cf7-4f97-a95b-02c29f143028\">\n<div style=\"position:absolute;width:100.39653%;height:100%;left:-0.19827%;top:0%\" data-leaf-element=\"true\"><amp-img layout=\"fill\" src=\"https:\/\/www.quintoandar.com.br\/guias\/wp-content\/uploads\/2022\/03\/image1-1-scaled.jpeg\" srcSet=\"https:\/\/www.quintoandar.com.br\/guias\/wp-content\/uploads\/2022\/03\/image1-1-scaled.jpeg 2560w,https:\/\/www.quintoandar.com.br\/guias\/wp-content\/uploads\/2022\/03\/image1-1-2048x1151.jpeg 2048w,https:\/\/www.quintoandar.com.br\/guias\/wp-content\/uploads\/2022\/03\/image1-1-1536x864.jpeg 1536w,https:\/\/www.quintoandar.com.br\/guias\/wp-content\/uploads\/2022\/03\/image1-1-1024x576.jpeg 1024w,https:\/\/www.quintoandar.com.br\/guias\/wp-content\/uploads\/2022\/03\/image1-1-768x432.jpeg 768w,https:\/\/www.quintoandar.com.br\/guias\/wp-content\/uploads\/2022\/03\/image1-1-300x169.jpeg 300w,https:\/\/www.quintoandar.com.br\/guias\/wp-content\/uploads\/2022\/03\/image1-1-150x84.jpeg 150w\" sizes=\"(min-width: 1024px) 59vh, 132vw\" disable-inline-width=\"true\"><\/amp-img><\/div>\n<\/div>\n<\/div>\n<\/div>\n<\/div>\n<p><\/amp-story-grid-layer><amp-story-page-outlink layout=\"nodisplay\" cta-image=\"https:\/\/www.quintoandar.com.br\/guias\/wp-content\/uploads\/2022\/01\/Foto-que-ilustra-materia-sobre-a-Feira-da-Liberdade.jpg\"><a href=\"https:\/\/www.quintoandar.com.br\/guias\/cidades\/feira-da-liberdade\/\" rel=\"\">Arraste aqui<\/a><\/amp-story-page-outlink><\/amp-story-page><\/amp-story><\/body><\/html><\/p>\n<style class=\"advgb-styles-renderer\">body{-webkit-animation:-amp-start 8s steps(1,end) 0s 1 normal both;-moz-animation:-amp-start 8s steps(1,end) 0s 1 normal both;-ms-animation:-amp-start 8s steps(1,end) 0s 1 normal both;animation:-amp-start 8s steps(1,end) 0s 1 normal both}@-webkit-keyframes -amp-start{from{visibility:hidden}to{visibility:visible}}@-moz-keyframes -amp-start{from{visibility:hidden}to{visibility:visible}}@-ms-keyframes -amp-start{from{visibility:hidden}to{visibility:visible}}@-o-keyframes -amp-start{from{visibility:hidden}to{visibility:visible}}@keyframes -amp-start{from{visibility:hidden}to{visibility:visible}}body{-webkit-animation:none;-moz-animation:none;-ms-animation:none;animation:none}\n              h1, h2, h3 { font-weight: normal; }<\/p>\n<p>              amp-story-page {\n                background-color: #131516;\n              }<\/p>\n<p>              amp-story-grid-layer {\n                overflow: visible;\n              }<\/p>\n<p>              @media (max-aspect-ratio: 9 \/ 16)  {\n                @media (min-aspect-ratio: 320 \/ 678) {\n                  amp-story-grid-layer.grid-layer {\n                    margin-top: calc((100% \/ 0.5625 - 100% \/ 0.6666666666666666) \/ 2);\n                  }\n                }\n              }<\/p>\n<p>              @media not all and (min-resolution:.001dpcm) {\n                @media {\n                  p.text-wrapper > span {\n                    font-size: calc(100% - 0.5px);\n                  }\n                }\n              }<\/p>\n<p>              .page-fullbleed-area,\n              .page-background-overlay-area {\n                position: absolute;\n                overflow: hidden;\n                width: 100%;\n                left: 0;\n                height: calc(1.1851851851851851 * 100%);\n                top: calc((1 - 1.1851851851851851) * 100% \/ 2);\n              }<\/p>\n<p>              .element-overlay-area {\n                position: absolute;\n                width: 100%;\n                height: 100%;\n                top: 0;\n                left: 0;\n              }<\/p>\n<p>              .page-safe-area {\n                overflow: visible;\n                position: absolute;\n                top: 0;\n                bottom: 0;\n                left: 0;\n                right: 0;\n                width: 100%;\n                height: calc(0.84375 * 100%);\n                margin: auto 0;\n              }<\/p>\n<p>              .mask {\n                position: absolute;\n                overflow: hidden;\n              }<\/p>\n<p>              .fill {\n                position: absolute;\n                top: 0;\n                left: 0;\n                right: 0;\n                bottom: 0;\n                margin: 0;\n              }<\/p>\n<p>              @media (prefers-reduced-motion: no-preference) {\n                .animation-wrapper {\n                  opacity: var(--initial-opacity);\n                  transform: var(--initial-transform);\n                }\n              }<\/p>\n<p>              amp-story-grid-layer.align-bottom {\n                align-content: end;\n                padding: 0;\n              }<\/p>\n<p>              .captions-area {\n                padding: 0 32px 0;\n              }<\/p>\n<p>              amp-story-captions {\n                margin-bottom: 16px;\n                text-align: center;\n              }<\/p>\n<p>              amp-story-captions span {\n                display: inline-block;\n                margin: 0;\n                padding: 6px 12px;\n                vertical-align: middle;\n                border-radius: 15px;\n                background: rgba(11, 11, 11, 0.6);\n                color: rgba(255, 255, 255, 1);\n                font-family: -apple-system, BlinkMacSystemFont, \"Segoe UI\", Roboto, Oxygen-Sans, Ubuntu, Cantarell, \"Helvetica Neue\", sans-serif;;\n                font-size: calc(4 * var(--story-page-vw));\n                line-height: 1.4;\n                word-break: break-word;\n                word-wrap: break-word;\n                overflow-wrap: break-word;\n              }\n              <\/style>\n<div style='text-align:left' class='yasr-auto-insert-visitor'><\/div>","protected":false},"excerpt":{"rendered":"<p>Conhe\u00e7a a cultura oriental da famosa feira da liberdade em SP!<\/p>\n","protected":false},"author":45,"featured_media":473063,"template":"","meta":{"_acf_changed":false,"resume_ai_summary":"","resume_ai_faq":[],"resume_ai_related_posts":[],"resume_ai_schema_generator_schema":"","resume_ai_schema_generator_approved":0,"advgb_blocks_editor_width":"","advgb_blocks_columns_visual_guide":"","yasr_overall_rating":0,"yasr_post_is_review":"","yasr_auto_insert_disabled":"","yasr_review_type":"","web_stories_publisher_logo":428798,"web_stories_poster":[],"web_stories_products":[],"footnotes":""},"web_story_category":[],"web_story_tag":[],"class_list":["post-473060","web-story","type-web-story","status-publish","has-post-thumbnail","hentry"],"yoast_head":"<!-- This site is optimized with the Yoast SEO Premium plugin v26.9 (Yoast SEO v27.3) - https:\/\/yoast.com\/product\/yoast-seo-premium-wordpress\/ -->\n<title>Conhe\u00e7a a Feira da Liberdade em S\u00e3o Paulo! - QuintoAndar Guias<\/title>\n<meta name=\"description\" content=\"Conhe\u00e7a a cultura oriental da famosa feira da liberdade em SP!\" \/>\n<meta name=\"robots\" content=\"index, follow, max-snippet:-1, max-image-preview:large, max-video-preview:-1\" \/>\n<link rel=\"canonical\" href=\"https:\/\/www.quintoandar.com.br\/guias\/web-stories\/feira-da-liberdade-sp\/\" \/>\n<meta property=\"og:locale\" content=\"pt_BR\" \/>\n<meta property=\"og:type\" content=\"article\" \/>\n<meta property=\"og:title\" content=\"Conhe\u00e7a a Feira da Liberdade em S\u00e3o Paulo!\" \/>\n<meta property=\"og:description\" content=\"Conhe\u00e7a a cultura oriental da famosa feira da liberdade em SP!\" \/>\n<meta property=\"og:url\" content=\"https:\/\/www.quintoandar.com.br\/guias\/web-stories\/feira-da-liberdade-sp\/\" \/>\n<meta property=\"og:site_name\" content=\"QuintoAndar Guias\" \/>\n<meta property=\"article:publisher\" content=\"https:\/\/www.facebook.com\/quintoandar.com.br\/\" \/>\n<meta property=\"article:modified_time\" content=\"2023-05-03T01:03:54+00:00\" \/>\n<meta property=\"og:image\" content=\"https:\/\/www.quintoandar.com.br\/guias\/wp-content\/uploads\/2022\/01\/cropped-Feira-da-Liberdade-interna.jpg\" \/>\n\t<meta property=\"og:image:width\" content=\"640\" \/>\n\t<meta property=\"og:image:height\" content=\"853\" \/>\n\t<meta property=\"og:image:type\" content=\"image\/jpeg\" \/>\n<meta name=\"twitter:card\" content=\"summary_large_image\" \/>\n<meta name=\"twitter:label1\" content=\"Est. tempo de leitura\" \/>\n\t<meta name=\"twitter:data1\" content=\"1 minuto\" \/>\n<script type=\"application\/ld+json\" class=\"yoast-schema-graph\">{\"@context\":\"https:\\\/\\\/schema.org\",\"@graph\":[{\"@type\":\"Article\",\"@id\":\"https:\\\/\\\/www.quintoandar.com.br\\\/guias\\\/web-stories\\\/feira-da-liberdade-sp\\\/#article\",\"isPartOf\":{\"@id\":\"https:\\\/\\\/www.quintoandar.com.br\\\/guias\\\/web-stories\\\/feira-da-liberdade-sp\\\/\"},\"author\":{\"name\":\"Samantha Silva\",\"@id\":\"https:\\\/\\\/www.quintoandar.com.br\\\/guias\\\/#\\\/schema\\\/person\\\/f24d12d0fe0de5638ce540ae5e992867\"},\"headline\":\"Conhe\u00e7a a Feira da Liberdade em S\u00e3o Paulo!\",\"datePublished\":\"2023-05-03T01:03:52+00:00\",\"dateModified\":\"2023-05-03T01:03:54+00:00\",\"mainEntityOfPage\":{\"@id\":\"https:\\\/\\\/www.quintoandar.com.br\\\/guias\\\/web-stories\\\/feira-da-liberdade-sp\\\/\"},\"wordCount\":253,\"image\":{\"@id\":\"https:\\\/\\\/www.quintoandar.com.br\\\/guias\\\/web-stories\\\/feira-da-liberdade-sp\\\/#primaryimage\"},\"thumbnailUrl\":\"https:\\\/\\\/www.quintoandar.com.br\\\/guias\\\/wp-content\\\/uploads\\\/2022\\\/01\\\/cropped-Feira-da-Liberdade-interna.jpg\",\"inLanguage\":\"pt-BR\"},{\"@type\":\"WebPage\",\"@id\":\"https:\\\/\\\/www.quintoandar.com.br\\\/guias\\\/web-stories\\\/feira-da-liberdade-sp\\\/\",\"url\":\"https:\\\/\\\/www.quintoandar.com.br\\\/guias\\\/web-stories\\\/feira-da-liberdade-sp\\\/\",\"name\":\"Conhe\u00e7a a Feira da Liberdade em S\u00e3o Paulo! - QuintoAndar Guias\",\"isPartOf\":{\"@id\":\"https:\\\/\\\/www.quintoandar.com.br\\\/guias\\\/#website\"},\"primaryImageOfPage\":{\"@id\":\"https:\\\/\\\/www.quintoandar.com.br\\\/guias\\\/web-stories\\\/feira-da-liberdade-sp\\\/#primaryimage\"},\"image\":{\"@id\":\"https:\\\/\\\/www.quintoandar.com.br\\\/guias\\\/web-stories\\\/feira-da-liberdade-sp\\\/#primaryimage\"},\"thumbnailUrl\":\"https:\\\/\\\/www.quintoandar.com.br\\\/guias\\\/wp-content\\\/uploads\\\/2022\\\/01\\\/cropped-Feira-da-Liberdade-interna.jpg\",\"datePublished\":\"2023-05-03T01:03:52+00:00\",\"dateModified\":\"2023-05-03T01:03:54+00:00\",\"breadcrumb\":{\"@id\":\"https:\\\/\\\/www.quintoandar.com.br\\\/guias\\\/web-stories\\\/feira-da-liberdade-sp\\\/#breadcrumb\"},\"inLanguage\":\"pt-BR\",\"potentialAction\":[{\"@type\":\"ReadAction\",\"target\":[\"https:\\\/\\\/www.quintoandar.com.br\\\/guias\\\/web-stories\\\/feira-da-liberdade-sp\\\/\"]}]},{\"@type\":\"ImageObject\",\"inLanguage\":\"pt-BR\",\"@id\":\"https:\\\/\\\/www.quintoandar.com.br\\\/guias\\\/web-stories\\\/feira-da-liberdade-sp\\\/#primaryimage\",\"url\":\"https:\\\/\\\/www.quintoandar.com.br\\\/guias\\\/wp-content\\\/uploads\\\/2022\\\/01\\\/cropped-Feira-da-Liberdade-interna.jpg\",\"contentUrl\":\"https:\\\/\\\/www.quintoandar.com.br\\\/guias\\\/wp-content\\\/uploads\\\/2022\\\/01\\\/cropped-Feira-da-Liberdade-interna.jpg\",\"width\":640,\"height\":853,\"caption\":\"Sao,Paulo,Sp,,Brazil,-,August,17,,2019:,Liberdade,Street\"},{\"@type\":\"BreadcrumbList\",\"@id\":\"https:\\\/\\\/www.quintoandar.com.br\\\/guias\\\/web-stories\\\/feira-da-liberdade-sp\\\/#breadcrumb\",\"itemListElement\":[{\"@type\":\"ListItem\",\"position\":1,\"name\":\"Home\",\"item\":\"https:\\\/\\\/www.quintoandar.com.br\\\/guias\\\/\"},{\"@type\":\"ListItem\",\"position\":2,\"name\":\"Story\",\"item\":\"https:\\\/\\\/www.quintoandar.com.br\\\/guias\\\/webstories\\\/\"},{\"@type\":\"ListItem\",\"position\":3,\"name\":\"Conhe\u00e7a a Feira da Liberdade em S\u00e3o Paulo!\"}]},{\"@type\":\"WebSite\",\"@id\":\"https:\\\/\\\/www.quintoandar.com.br\\\/guias\\\/#website\",\"url\":\"https:\\\/\\\/www.quintoandar.com.br\\\/guias\\\/\",\"name\":\"QuintoAndar Guias\",\"description\":\"Inspira\u00e7\u00e3o e tudo o que voc\u00ea precisa saber sobre o jeito mais f\u00e1cil de alugar e morar.\",\"potentialAction\":[{\"@type\":\"SearchAction\",\"target\":{\"@type\":\"EntryPoint\",\"urlTemplate\":\"https:\\\/\\\/www.quintoandar.com.br\\\/guias\\\/?s={search_term_string}\"},\"query-input\":{\"@type\":\"PropertyValueSpecification\",\"valueRequired\":true,\"valueName\":\"search_term_string\"}}],\"inLanguage\":\"pt-BR\"},{\"@type\":\"Person\",\"@id\":\"https:\\\/\\\/www.quintoandar.com.br\\\/guias\\\/#\\\/schema\\\/person\\\/f24d12d0fe0de5638ce540ae5e992867\",\"name\":\"Samantha Silva\",\"image\":{\"@type\":\"ImageObject\",\"inLanguage\":\"pt-BR\",\"@id\":\"https:\\\/\\\/secure.gravatar.com\\\/avatar\\\/19caf728ff50fe784eb0610c2f3b2d62a8d8fbfa00158fbb42aae55f817e8e90?s=96&d=mm&r=g\",\"url\":\"https:\\\/\\\/secure.gravatar.com\\\/avatar\\\/19caf728ff50fe784eb0610c2f3b2d62a8d8fbfa00158fbb42aae55f817e8e90?s=96&d=mm&r=g\",\"contentUrl\":\"https:\\\/\\\/secure.gravatar.com\\\/avatar\\\/19caf728ff50fe784eb0610c2f3b2d62a8d8fbfa00158fbb42aae55f817e8e90?s=96&d=mm&r=g\",\"caption\":\"Samantha Silva\"},\"url\":\"https:\\\/\\\/www.quintoandar.com.br\\\/guias\\\/author\\\/samantha-silva\\\/\"},false]}<\/script>\n<!-- \/ Yoast SEO Premium plugin. -->","yoast_head_json":{"title":"Conhe\u00e7a a Feira da Liberdade em S\u00e3o Paulo! - QuintoAndar Guias","description":"Conhe\u00e7a a cultura oriental da famosa feira da liberdade em SP!","robots":{"index":"index","follow":"follow","max-snippet":"max-snippet:-1","max-image-preview":"max-image-preview:large","max-video-preview":"max-video-preview:-1"},"canonical":"https:\/\/www.quintoandar.com.br\/guias\/web-stories\/feira-da-liberdade-sp\/","og_locale":"pt_BR","og_type":"article","og_title":"Conhe\u00e7a a Feira da Liberdade em S\u00e3o Paulo!","og_description":"Conhe\u00e7a a cultura oriental da famosa feira da liberdade em SP!","og_url":"https:\/\/www.quintoandar.com.br\/guias\/web-stories\/feira-da-liberdade-sp\/","og_site_name":"QuintoAndar Guias","article_publisher":"https:\/\/www.facebook.com\/quintoandar.com.br\/","article_modified_time":"2023-05-03T01:03:54+00:00","og_image":[{"width":640,"height":853,"url":"https:\/\/www.quintoandar.com.br\/guias\/wp-content\/uploads\/2022\/01\/cropped-Feira-da-Liberdade-interna.jpg","type":"image\/jpeg"}],"twitter_card":"summary_large_image","twitter_misc":{"Est. tempo de leitura":"1 minuto"},"schema":{"@context":"https:\/\/schema.org","@graph":[{"@type":"Article","@id":"https:\/\/www.quintoandar.com.br\/guias\/web-stories\/feira-da-liberdade-sp\/#article","isPartOf":{"@id":"https:\/\/www.quintoandar.com.br\/guias\/web-stories\/feira-da-liberdade-sp\/"},"author":{"name":"Samantha Silva","@id":"https:\/\/www.quintoandar.com.br\/guias\/#\/schema\/person\/f24d12d0fe0de5638ce540ae5e992867"},"headline":"Conhe\u00e7a a Feira da Liberdade em S\u00e3o Paulo!","datePublished":"2023-05-03T01:03:52+00:00","dateModified":"2023-05-03T01:03:54+00:00","mainEntityOfPage":{"@id":"https:\/\/www.quintoandar.com.br\/guias\/web-stories\/feira-da-liberdade-sp\/"},"wordCount":253,"image":{"@id":"https:\/\/www.quintoandar.com.br\/guias\/web-stories\/feira-da-liberdade-sp\/#primaryimage"},"thumbnailUrl":"https:\/\/www.quintoandar.com.br\/guias\/wp-content\/uploads\/2022\/01\/cropped-Feira-da-Liberdade-interna.jpg","inLanguage":"pt-BR"},{"@type":"WebPage","@id":"https:\/\/www.quintoandar.com.br\/guias\/web-stories\/feira-da-liberdade-sp\/","url":"https:\/\/www.quintoandar.com.br\/guias\/web-stories\/feira-da-liberdade-sp\/","name":"Conhe\u00e7a a Feira da Liberdade em S\u00e3o Paulo! - QuintoAndar Guias","isPartOf":{"@id":"https:\/\/www.quintoandar.com.br\/guias\/#website"},"primaryImageOfPage":{"@id":"https:\/\/www.quintoandar.com.br\/guias\/web-stories\/feira-da-liberdade-sp\/#primaryimage"},"image":{"@id":"https:\/\/www.quintoandar.com.br\/guias\/web-stories\/feira-da-liberdade-sp\/#primaryimage"},"thumbnailUrl":"https:\/\/www.quintoandar.com.br\/guias\/wp-content\/uploads\/2022\/01\/cropped-Feira-da-Liberdade-interna.jpg","datePublished":"2023-05-03T01:03:52+00:00","dateModified":"2023-05-03T01:03:54+00:00","breadcrumb":{"@id":"https:\/\/www.quintoandar.com.br\/guias\/web-stories\/feira-da-liberdade-sp\/#breadcrumb"},"inLanguage":"pt-BR","potentialAction":[{"@type":"ReadAction","target":["https:\/\/www.quintoandar.com.br\/guias\/web-stories\/feira-da-liberdade-sp\/"]}]},{"@type":"ImageObject","inLanguage":"pt-BR","@id":"https:\/\/www.quintoandar.com.br\/guias\/web-stories\/feira-da-liberdade-sp\/#primaryimage","url":"https:\/\/www.quintoandar.com.br\/guias\/wp-content\/uploads\/2022\/01\/cropped-Feira-da-Liberdade-interna.jpg","contentUrl":"https:\/\/www.quintoandar.com.br\/guias\/wp-content\/uploads\/2022\/01\/cropped-Feira-da-Liberdade-interna.jpg","width":640,"height":853,"caption":"Sao,Paulo,Sp,,Brazil,-,August,17,,2019:,Liberdade,Street"},{"@type":"BreadcrumbList","@id":"https:\/\/www.quintoandar.com.br\/guias\/web-stories\/feira-da-liberdade-sp\/#breadcrumb","itemListElement":[{"@type":"ListItem","position":1,"name":"Home","item":"https:\/\/www.quintoandar.com.br\/guias\/"},{"@type":"ListItem","position":2,"name":"Story","item":"https:\/\/www.quintoandar.com.br\/guias\/webstories\/"},{"@type":"ListItem","position":3,"name":"Conhe\u00e7a a Feira da Liberdade em S\u00e3o Paulo!"}]},{"@type":"WebSite","@id":"https:\/\/www.quintoandar.com.br\/guias\/#website","url":"https:\/\/www.quintoandar.com.br\/guias\/","name":"QuintoAndar Guias","description":"Inspira\u00e7\u00e3o e tudo o que voc\u00ea precisa saber sobre o jeito mais f\u00e1cil de alugar e morar.","potentialAction":[{"@type":"SearchAction","target":{"@type":"EntryPoint","urlTemplate":"https:\/\/www.quintoandar.com.br\/guias\/?s={search_term_string}"},"query-input":{"@type":"PropertyValueSpecification","valueRequired":true,"valueName":"search_term_string"}}],"inLanguage":"pt-BR"},{"@type":"Person","@id":"https:\/\/www.quintoandar.com.br\/guias\/#\/schema\/person\/f24d12d0fe0de5638ce540ae5e992867","name":"Samantha Silva","image":{"@type":"ImageObject","inLanguage":"pt-BR","@id":"https:\/\/secure.gravatar.com\/avatar\/19caf728ff50fe784eb0610c2f3b2d62a8d8fbfa00158fbb42aae55f817e8e90?s=96&d=mm&r=g","url":"https:\/\/secure.gravatar.com\/avatar\/19caf728ff50fe784eb0610c2f3b2d62a8d8fbfa00158fbb42aae55f817e8e90?s=96&d=mm&r=g","contentUrl":"https:\/\/secure.gravatar.com\/avatar\/19caf728ff50fe784eb0610c2f3b2d62a8d8fbfa00158fbb42aae55f817e8e90?s=96&d=mm&r=g","caption":"Samantha Silva"},"url":"https:\/\/www.quintoandar.com.br\/guias\/author\/samantha-silva\/"},false]}},"yasr_visitor_votes":{"stars_attributes":{"read_only":false,"span_bottom":false},"number_of_votes":0,"sum_votes":0},"featured_img":"https:\/\/www.quintoandar.com.br\/guias\/wp-content\/uploads\/2022\/01\/cropped-Feira-da-Liberdade-interna-530x337.jpg","coauthors":[],"author_meta":{"author_link":"https:\/\/www.quintoandar.com.br\/guias\/author\/samantha-silva\/","display_name":"Samantha Silva"},"relative_dates":{"created":"Publicado 3 anos atr\u00e1s","modified":"Atualizado 3 anos atr\u00e1s"},"absolute_dates":{"created":"Publicado em maio 2, 2023","modified":"Atualizado em maio 2, 2023"},"absolute_dates_time":{"created":"Publicado em maio 2, 2023 10:03 pm","modified":"Atualizado em maio 2, 2023 10:03 pm"},"featured_img_caption":"","tax_additional":{"web_story_category":{"linked":[],"unlinked":[],"slug":"web_story_category","name":"Categorias"},"web_story_tag":{"linked":[],"unlinked":[],"slug":"web_story_tag","name":"Tags"}},"series_order":"","acf":{"aprovacao_web_stories":"aprovado"},"slug_history":["feira-da-liberdade-sp"],"story_data":{"version":47,"pages":[{"elements":[{"opacity":100,"flip":{"vertical":false,"horizontal":false},"rotationAngle":0,"lockAspectRatio":true,"x":1,"y":1,"width":1,"height":1,"mask":{"type":"rectangle"},"isBackground":true,"isDefaultBackground":true,"id":"5e4c0825-cf1b-4ce6-b362-6dec3c39bb1b","type":"shape","basedOn":"9d5c2b2c-8e34-4118-a1bc-f01f76f862b3"},{"opacity":100,"flip":{"vertical":false,"horizontal":false},"rotationAngle":0,"lockAspectRatio":true,"backgroundTextMode":"NONE","font":{"family":"Poppins"},"fontSize":33,"backgroundColor":{"color":{"r":196,"g":196,"b":196}},"lineHeight":1.1,"textAlign":"left","padding":{"locked":true,"hasHiddenPadding":false,"horizontal":0,"vertical":0},"type":"text","content":"<span style=\"font-weight: 600; color: #f8f9f5\">Descubra o que tem encontrar na Feira da Liberdade em S\u00e3o Paulo!<\/span>","borderRadius":{"locked":true,"topLeft":2,"topRight":2,"bottomRight":2,"bottomLeft":2},"x":51,"y":135,"width":313,"height":156,"basedOn":"925eb8c3-889d-4d34-a0f2-c210323ef74a","marginOffset":-11.099999999999994,"id":"3c610e28-eb19-4563-a420-3950da19ad2d"},{"opacity":100,"flip":{"vertical":false,"horizontal":false},"rotationAngle":0,"lockAspectRatio":true,"backgroundColor":{"color":{"r":163,"g":199,"b":161}},"type":"shape","x":48,"y":304,"width":314,"height":314,"mask":{"type":"rectangle"},"basedOn":"ab8bfbba-ba72-4633-8fe5-d08c534ef764","id":"ee0795d1-7930-4c6d-9924-605ff66db8fa"},{"opacity":100,"flip":{"vertical":false,"horizontal":false},"rotationAngle":0,"lockAspectRatio":true,"backgroundColor":{"color":{"r":196,"g":196,"b":196}},"type":"image","resource":{"type":"image","mimeType":"image\/jpeg","width":640,"height":853,"sizes":{"medium":{"file":"cropped-Feira-da-Liberdade-interna-225x300.jpg","width":225,"height":300,"filesize":"33843","mimeType":"image\/jpeg","sourceUrl":"https:\/\/quintoandar.com.br\/guias\/wp-content\/uploads\/2022\/01\/cropped-Feira-da-Liberdade-interna-225x300.jpg"},"thumbnail":{"file":"cropped-Feira-da-Liberdade-interna-150x150.jpg","width":150,"height":150,"filesize":"16897","mimeType":"image\/jpeg","sourceUrl":"https:\/\/quintoandar.com.br\/guias\/wp-content\/uploads\/2022\/01\/cropped-Feira-da-Liberdade-interna-150x150.jpg"},"post-thumbnail":{"file":"cropped-Feira-da-Liberdade-interna-530x337.jpg","width":530,"height":337,"filesize":"84846","mimeType":"image\/jpeg","sourceUrl":"https:\/\/quintoandar.com.br\/guias\/wp-content\/uploads\/2022\/01\/cropped-Feira-da-Liberdade-interna-530x337.jpg"},"chamada-destaque":{"file":"cropped-Feira-da-Liberdade-interna-640x687.jpg","width":640,"height":687,"filesize":"166616","mimeType":"image\/jpeg","sourceUrl":"https:\/\/quintoandar.com.br\/guias\/wp-content\/uploads\/2022\/01\/cropped-Feira-da-Liberdade-interna-640x687.jpg"},"single-destaque":{"file":"cropped-Feira-da-Liberdade-interna-640x680.jpg","width":640,"height":680,"filesize":"165015","mimeType":"image\/jpeg","sourceUrl":"https:\/\/quintoandar.com.br\/guias\/wp-content\/uploads\/2022\/01\/cropped-Feira-da-Liberdade-interna-640x680.jpg"},"alm-thumbnail":{"file":"cropped-Feira-da-Liberdade-interna-150x150.jpg","width":150,"height":150,"filesize":"16897","mimeType":"image\/jpeg","sourceUrl":"https:\/\/quintoandar.com.br\/guias\/wp-content\/uploads\/2022\/01\/cropped-Feira-da-Liberdade-interna-150x150.jpg"},"wpvqgr-square-answer":{"file":"cropped-Feira-da-Liberdade-interna-300x300.jpg","width":300,"height":300,"filesize":"46650","mimeType":"image\/jpeg","sourceUrl":"https:\/\/quintoandar.com.br\/guias\/wp-content\/uploads\/2022\/01\/cropped-Feira-da-Liberdade-interna-300x300.jpg"},"web-stories-poster-portrait":{"file":"cropped-Feira-da-Liberdade-interna-640x853.jpg","width":640,"height":853,"filesize":"186461","mimeType":"image\/jpeg","sourceUrl":"https:\/\/quintoandar.com.br\/guias\/wp-content\/uploads\/2022\/01\/cropped-Feira-da-Liberdade-interna-640x853.jpg"},"web-stories-publisher-logo":{"file":"cropped-Feira-da-Liberdade-interna-96x96.jpg","width":96,"height":96,"filesize":"10082","mimeType":"image\/jpeg","sourceUrl":"https:\/\/quintoandar.com.br\/guias\/wp-content\/uploads\/2022\/01\/cropped-Feira-da-Liberdade-interna-96x96.jpg"},"web-stories-thumbnail":{"file":"cropped-Feira-da-Liberdade-interna-150x200.jpg","width":150,"height":200,"filesize":"18492","mimeType":"image\/jpeg","sourceUrl":"https:\/\/quintoandar.com.br\/guias\/wp-content\/uploads\/2022\/01\/cropped-Feira-da-Liberdade-interna-150x200.jpg"},"full":{"file":"cropped-Feira-da-Liberdade-interna.jpg","width":640,"height":853,"mimeType":"image\/jpeg","sourceUrl":"https:\/\/quintoandar.com.br\/guias\/wp-content\/uploads\/2022\/01\/cropped-Feira-da-Liberdade-interna.jpg"}},"isPlaceholder":false,"isExternal":false,"needsProxy":false,"baseColor":"#695655","blurHash":"","creationDate":"2023-05-02T23:54:36","src":"https:\/\/quintoandar.com.br\/guias\/wp-content\/uploads\/2022\/01\/cropped-Feira-da-Liberdade-interna.jpg","id":473063,"alt":"Sao,Paulo,Sp,,Brazil,-,August,17,,2019:,Liberdade,Street","local":false,"provider":"local"},"x":62,"y":317,"width":286,"height":286,"scale":100,"focalX":50,"focalY":50,"mask":{"type":"rectangle"},"alt":"Feira da Liberdade","link":{"needsProxy":false,"url":"https:\/\/quintoandar.com.br\/feira-da-liberdade\/","rel":[],"type":"regular","pageId":null,"icon":"https:\/\/quintoandar.com.br\/guias\/wp-content\/uploads\/2022\/01\/Foto-que-ilustra-materia-sobre-a-Feira-da-Liberdade.jpg","desc":"Como chegar e o que fazer na Feira da Liberdade em S\u00e3o Paulo"},"borderRadius":{"topLeft":0,"topRight":0,"bottomRight":0,"bottomLeft":0,"locked":true},"basedOn":"4f518b76-d05f-4e2b-bbdf-59450fababca","id":"2eadb7ee-ddcd-4d3b-a70c-3ca81c4c59fe"},{"opacity":100,"flip":{"vertical":false,"horizontal":false},"rotationAngle":0,"lockAspectRatio":true,"scale":100,"focalX":50,"focalY":50,"resource":{"baseColor":"#ffffff","type":"image","mimeType":"image\/png","creationDate":"2022-01-17T15:00:10","src":"https:\/\/quintoandar.com.br\/guias\/wp-content\/uploads\/2022\/01\/image-17.png","width":566,"height":88,"id":428567,"alt":"image","sizes":{"medium":{"file":"image-17-300x47.png","width":300,"height":47,"mimeType":"image\/png","sourceUrl":"https:\/\/quintoandar.com.br\/guias\/wp-content\/uploads\/2022\/01\/image-17-300x47.png"},"thumbnail":{"file":"image-17-150x88.png","width":150,"height":88,"mimeType":"image\/png","sourceUrl":"https:\/\/quintoandar.com.br\/guias\/wp-content\/uploads\/2022\/01\/image-17-150x88.png"},"post-thumbnail":{"file":"image-17-350x88.png","width":350,"height":88,"mimeType":"image\/png","sourceUrl":"https:\/\/quintoandar.com.br\/guias\/wp-content\/uploads\/2022\/01\/image-17-350x88.png"},"alm-thumbnail":{"file":"image-17-150x88.png","width":150,"height":88,"mimeType":"image\/png","sourceUrl":"https:\/\/quintoandar.com.br\/guias\/wp-content\/uploads\/2022\/01\/image-17-150x88.png"},"wpvqgr-square-answer":{"file":"image-17-300x88.png","width":300,"height":88,"mimeType":"image\/png","sourceUrl":"https:\/\/quintoandar.com.br\/guias\/wp-content\/uploads\/2022\/01\/image-17-300x88.png"},"web-stories-publisher-logo":{"file":"image-17-96x88.png","width":96,"height":88,"mimeType":"image\/png","sourceUrl":"https:\/\/quintoandar.com.br\/guias\/wp-content\/uploads\/2022\/01\/image-17-96x88.png"},"web-stories-thumbnail":{"file":"image-17-150x23.png","width":150,"height":23,"mimeType":"image\/png","sourceUrl":"https:\/\/quintoandar.com.br\/guias\/wp-content\/uploads\/2022\/01\/image-17-150x23.png"},"full":{"file":"image-17.png","width":566,"height":88,"mimeType":"image\/png","sourceUrl":"https:\/\/quintoandar.com.br\/guias\/wp-content\/uploads\/2022\/01\/image-17.png"}},"isPlaceholder":false,"isOptimized":false,"isMuted":false,"isExternal":false,"needsProxy":false},"type":"image","x":48,"y":0,"width":225,"height":35,"mask":{"type":"rectangle","showInLibrary":true,"name":"Ret\u00e2ngulo","path":"M 0,0 1,0 1,1 0,1 0,0 Z","ratio":1,"supportsBorder":true},"basedOn":"40807069-eed4-48b6-8569-54a6b1987b02","id":"d082c74c-3fa3-443a-8afc-1566b8cbf2d1"}],"animations":[],"backgroundColor":{"color":{"r":36,"g":88,"b":37}},"type":"page","id":"263f42bc-a79f-495c-96c8-15ded26152f5"},{"elements":[{"opacity":100,"flip":{"vertical":false,"horizontal":false},"rotationAngle":0,"lockAspectRatio":true,"x":1,"y":1,"width":1,"height":1,"mask":{"type":"rectangle"},"isBackground":true,"isDefaultBackground":true,"id":"d2b72a51-1e66-4949-8dca-7e94d60af9ce","type":"shape","basedOn":"666d07d0-ac8b-4c81-806e-ec46cbe6d736"},{"opacity":100,"flip":{"vertical":false,"horizontal":false},"rotationAngle":0,"lockAspectRatio":false,"backgroundColor":{"color":{"r":248,"g":249,"b":245}},"type":"shape","x":0,"y":-57,"width":413,"height":375,"mask":{"type":"rectangle"},"basedOn":"c54125fb-2735-44bb-a56b-1d5d495c0b24","id":"7ea6faf4-79c1-4c85-baa8-8f8f53550695"},{"opacity":100,"flip":{"vertical":false,"horizontal":false},"rotationAngle":0,"lockAspectRatio":false,"backgroundTextMode":"NONE","font":{"family":"Poppins"},"fontSize":19,"backgroundColor":{"color":{"r":196,"g":196,"b":196}},"lineHeight":1.1,"textAlign":"initial","padding":{"locked":true,"horizontal":0,"vertical":0},"type":"text","content":"Com v\u00e1rias caracter\u00edsticas que fazem alus\u00e3o ao Jap\u00e3o, a Liberdade \u00e9 repleta dos conhecidos e tradicionais postes vermelhos em algumas de suas ruas, em especial na Rua Galv\u00e3o Bueno, uma das principais do bairro.","basedOn":"a42619f5-e21a-46bf-a29b-feb6811e10ca","x":56,"y":54,"width":300,"height":173,"marginOffset":-6.599999999999994,"id":"8a26d018-0739-4342-b710-81b13a34441d"},{"opacity":100,"flip":{"vertical":false,"horizontal":false},"rotationAngle":0,"lockAspectRatio":false,"backgroundColor":{"color":{"r":36,"g":88,"b":37}},"type":"shape","x":0,"y":287,"width":413,"height":396,"mask":{"type":"rectangle"},"basedOn":"b0a83431-e82c-474f-9b54-4b372dc40c43","id":"21758096-c7b6-43d4-bc9f-fd2e9434d798"},{"opacity":100,"flip":{"vertical":false,"horizontal":false},"rotationAngle":0,"lockAspectRatio":true,"scale":100,"focalX":50,"focalY":50,"resource":{"type":"image","mimeType":"image\/jpeg","width":1000,"height":662,"sizes":{"medium":{"file":"Feira-da-Liberdade-Rua-Galvao-Bueno-300x199.jpg","width":300,"height":199,"mimeType":"image\/jpeg","sourceUrl":"https:\/\/quintoandar.com.br\/guias\/wp-content\/uploads\/2022\/01\/Feira-da-Liberdade-Rua-Galvao-Bueno-300x199.jpg"},"thumbnail":{"file":"Feira-da-Liberdade-Rua-Galvao-Bueno-150x150.jpg","width":150,"height":150,"mimeType":"image\/jpeg","sourceUrl":"https:\/\/quintoandar.com.br\/guias\/wp-content\/uploads\/2022\/01\/Feira-da-Liberdade-Rua-Galvao-Bueno-150x150.jpg"},"medium_large":{"file":"Feira-da-Liberdade-Rua-Galvao-Bueno-768x508.jpg","width":768,"height":508,"mimeType":"image\/jpeg","sourceUrl":"https:\/\/quintoandar.com.br\/guias\/wp-content\/uploads\/2022\/01\/Feira-da-Liberdade-Rua-Galvao-Bueno-768x508.jpg"},"post-thumbnail":{"file":"Feira-da-Liberdade-Rua-Galvao-Bueno-350x219.jpg","width":350,"height":219,"mimeType":"image\/jpeg","sourceUrl":"https:\/\/quintoandar.com.br\/guias\/wp-content\/uploads\/2022\/01\/Feira-da-Liberdade-Rua-Galvao-Bueno-350x219.jpg"},"chamada-destaque":{"file":"Feira-da-Liberdade-Rua-Galvao-Bueno-636x358.jpg","width":636,"height":358,"mimeType":"image\/jpeg","sourceUrl":"https:\/\/quintoandar.com.br\/guias\/wp-content\/uploads\/2022\/01\/Feira-da-Liberdade-Rua-Galvao-Bueno-636x358.jpg"},"single-destaque":{"file":"Feira-da-Liberdade-Rua-Galvao-Bueno-894x435.jpg","width":894,"height":435,"mimeType":"image\/jpeg","sourceUrl":"https:\/\/quintoandar.com.br\/guias\/wp-content\/uploads\/2022\/01\/Feira-da-Liberdade-Rua-Galvao-Bueno-894x435.jpg"},"alm-thumbnail":{"file":"Feira-da-Liberdade-Rua-Galvao-Bueno-150x150.jpg","width":150,"height":150,"mimeType":"image\/jpeg","sourceUrl":"https:\/\/quintoandar.com.br\/guias\/wp-content\/uploads\/2022\/01\/Feira-da-Liberdade-Rua-Galvao-Bueno-150x150.jpg"},"wpvqgr-square-answer":{"file":"Feira-da-Liberdade-Rua-Galvao-Bueno-300x300.jpg","width":300,"height":300,"mimeType":"image\/jpeg","sourceUrl":"https:\/\/quintoandar.com.br\/guias\/wp-content\/uploads\/2022\/01\/Feira-da-Liberdade-Rua-Galvao-Bueno-300x300.jpg"},"web-stories-poster-portrait":{"file":"Feira-da-Liberdade-Rua-Galvao-Bueno-640x662.jpg","width":640,"height":662,"mimeType":"image\/jpeg","sourceUrl":"https:\/\/quintoandar.com.br\/guias\/wp-content\/uploads\/2022\/01\/Feira-da-Liberdade-Rua-Galvao-Bueno-640x662.jpg"},"web-stories-publisher-logo":{"file":"Feira-da-Liberdade-Rua-Galvao-Bueno-96x96.jpg","width":96,"height":96,"mimeType":"image\/jpeg","sourceUrl":"https:\/\/quintoandar.com.br\/guias\/wp-content\/uploads\/2022\/01\/Feira-da-Liberdade-Rua-Galvao-Bueno-96x96.jpg"},"web-stories-thumbnail":{"file":"Feira-da-Liberdade-Rua-Galvao-Bueno-150x99.jpg","width":150,"height":99,"mimeType":"image\/jpeg","sourceUrl":"https:\/\/quintoandar.com.br\/guias\/wp-content\/uploads\/2022\/01\/Feira-da-Liberdade-Rua-Galvao-Bueno-150x99.jpg"},"full":{"file":"Feira-da-Liberdade-Rua-Galvao-Bueno.jpg","width":1000,"height":662,"mimeType":"image\/jpeg","sourceUrl":"https:\/\/quintoandar.com.br\/guias\/wp-content\/uploads\/2022\/01\/Feira-da-Liberdade-Rua-Galvao-Bueno.jpg"}},"isPlaceholder":false,"isExternal":false,"needsProxy":false,"baseColor":"#4a5d55","blurHash":"UAFYAPNzR5.TyrVXrBo~O_^+^*R:DOw[ROvz","creationDate":"2022-01-11T22:31:02","src":"https:\/\/quintoandar.com.br\/guias\/wp-content\/uploads\/2022\/01\/Feira-da-Liberdade-Rua-Galvao-Bueno.jpg","id":428246,"alt":"","local":false},"type":"image","x":20,"y":308,"width":373,"height":347,"mask":{"type":"rectangle","showInLibrary":true,"name":"Ret\u00e2ngulo","path":"M 0,0 1,0 1,1 0,1 0,0 Z","ratio":1,"supportsBorder":true},"resizeWidth":282.46602,"resizeHeight":262.742,"basedOn":"eb333b83-ca24-4ced-8813-f040f891be0f","id":"9e920425-d3be-4cc9-a9ee-914dc60cf5ba","alt":null}],"animations":[],"backgroundColor":{"color":{"r":80,"g":99,"b":248}},"type":"page","id":"97f1302f-1e63-474a-9a0c-67f1cf96346e","defaultBackgroundElement":{"opacity":100,"flip":{"vertical":false,"horizontal":false},"rotationAngle":0,"lockAspectRatio":true,"backgroundColor":{"color":{"r":196,"g":196,"b":196}},"x":1,"y":1,"width":1,"height":1,"mask":{"type":"rectangle"},"isBackground":true,"isDefaultBackground":true,"type":"shape","id":"82332c42-4b5e-45b9-8fd8-e5c8ae9f0e65"}},{"elements":[{"opacity":100,"flip":{"vertical":false,"horizontal":false},"rotationAngle":0,"lockAspectRatio":true,"backgroundColor":{"color":{"r":196,"g":196,"b":196}},"x":1,"y":1,"width":1,"height":1,"mask":{"type":"rectangle"},"isBackground":true,"isDefaultBackground":true,"id":"22bee65b-b898-4dcd-af7b-0dd397e26065","basedOn":"9e974bd0-707e-42ee-baee-c459499ee7bc","type":"shape"},{"opacity":100,"flip":{"vertical":false,"horizontal":false},"rotationAngle":0,"lockAspectRatio":false,"backgroundColor":{"color":{"r":248,"g":249,"b":245}},"x":0,"y":-57,"width":413,"height":375,"mask":{"type":"rectangle"},"basedOn":"68024903-4c17-453d-b6c0-d1daf4c51b13","id":"a39c8762-1d24-401e-aeee-531f091adcf7","type":"shape"},{"opacity":100,"flip":{"vertical":false,"horizontal":false},"rotationAngle":0,"lockAspectRatio":false,"backgroundTextMode":"NONE","font":{"family":"Poppins"},"fontSize":19,"backgroundColor":{"color":{"r":196,"g":196,"b":196}},"lineHeight":1.1,"textAlign":"initial","padding":{"locked":true,"horizontal":0,"vertical":0},"content":"\nVeja alguns dos pratos t\u00edpicos que voc\u00ea pode encontrar na Feirinha da Liberdade:\n\nO <span style=\"font-weight: 700\">Dorayaki <\/span>\u00e9 um conhecido doce japon\u00eas que consiste em duas pequenas panquecas com recheios variados, de creme a chocolate, sendo que o mais tradicional deles \u00e9 o Anko, uma pasta de feij\u00e3o azuki.","basedOn":"7019cee7-eff6-4ef7-9917-0d4cf615d50d","x":50,"y":3,"width":310,"height":256,"marginOffset":-6.599999999999994,"id":"c43a3778-20a2-4aa1-8cf5-187fc3dffb78","type":"text"},{"opacity":100,"flip":{"vertical":false,"horizontal":false},"rotationAngle":0,"lockAspectRatio":false,"backgroundColor":{"color":{"r":36,"g":88,"b":37}},"x":0,"y":287,"width":413,"height":396,"mask":{"type":"rectangle"},"basedOn":"c84f1359-a887-41d2-8ffa-852ffcf0fb08","id":"95d90317-36c7-4668-8830-9ae0cdc6f1a7","type":"shape"},{"opacity":100,"flip":{"vertical":false,"horizontal":false},"rotationAngle":0,"lockAspectRatio":true,"scale":100,"focalX":50,"focalY":50,"resource":{"type":"image","mimeType":"image\/webp","width":1000,"height":667,"sizes":{"medium":{"file":"Dorayaki-300x200.webp","width":300,"height":200,"filesize":6200,"mimeType":"image\/webp","sourceUrl":"https:\/\/quintoandar.com.br\/guias\/wp-content\/uploads\/2023\/05\/Dorayaki-300x200.webp"},"thumbnail":{"file":"Dorayaki-150x150.webp","width":150,"height":150,"filesize":3706,"mimeType":"image\/webp","sourceUrl":"https:\/\/quintoandar.com.br\/guias\/wp-content\/uploads\/2023\/05\/Dorayaki-150x150.webp"},"medium_large":{"file":"Dorayaki-768x512.webp","width":768,"height":512,"filesize":19892,"mimeType":"image\/webp","sourceUrl":"https:\/\/quintoandar.com.br\/guias\/wp-content\/uploads\/2023\/05\/Dorayaki-768x512.webp"},"post-thumbnail":{"file":"Dorayaki-530x337.webp","width":530,"height":337,"filesize":12120,"mimeType":"image\/webp","sourceUrl":"https:\/\/quintoandar.com.br\/guias\/wp-content\/uploads\/2023\/05\/Dorayaki-530x337.webp"},"chamada-destaque":{"file":"Dorayaki-800x667.webp","width":800,"height":667,"filesize":25314,"mimeType":"image\/webp","sourceUrl":"https:\/\/quintoandar.com.br\/guias\/wp-content\/uploads\/2023\/05\/Dorayaki-800x667.webp"},"single-destaque":{"file":"Dorayaki-850x667.webp","width":850,"height":667,"filesize":26854,"mimeType":"image\/webp","sourceUrl":"https:\/\/quintoandar.com.br\/guias\/wp-content\/uploads\/2023\/05\/Dorayaki-850x667.webp"},"alm-thumbnail":{"file":"Dorayaki-150x150.webp","width":150,"height":150,"filesize":3706,"mimeType":"image\/webp","sourceUrl":"https:\/\/quintoandar.com.br\/guias\/wp-content\/uploads\/2023\/05\/Dorayaki-150x150.webp"},"wpvqgr-square-answer":{"file":"Dorayaki-300x300.webp","width":300,"height":300,"filesize":8814,"mimeType":"image\/webp","sourceUrl":"https:\/\/quintoandar.com.br\/guias\/wp-content\/uploads\/2023\/05\/Dorayaki-300x300.webp"},"web-stories-poster-portrait":{"file":"Dorayaki-640x667.webp","width":640,"height":667,"filesize":22500,"mimeType":"image\/webp","sourceUrl":"https:\/\/quintoandar.com.br\/guias\/wp-content\/uploads\/2023\/05\/Dorayaki-640x667.webp"},"web-stories-publisher-logo":{"file":"Dorayaki-96x96.webp","width":96,"height":96,"filesize":2052,"mimeType":"image\/webp","sourceUrl":"https:\/\/quintoandar.com.br\/guias\/wp-content\/uploads\/2023\/05\/Dorayaki-96x96.webp"},"web-stories-thumbnail":{"file":"Dorayaki-150x100.webp","width":150,"height":100,"filesize":2664,"mimeType":"image\/webp","sourceUrl":"https:\/\/quintoandar.com.br\/guias\/wp-content\/uploads\/2023\/05\/Dorayaki-150x100.webp"},"full":{"file":"Dorayaki.webp","width":1000,"height":667,"mimeType":"image\/webp","sourceUrl":"https:\/\/quintoandar.com.br\/guias\/wp-content\/uploads\/2023\/05\/Dorayaki.webp"}},"isPlaceholder":false,"isExternal":false,"needsProxy":false,"baseColor":"#3d2f27","blurHash":"","creationDate":"2023-05-03T00:52:42","src":"https:\/\/quintoandar.com.br\/guias\/wp-content\/uploads\/2023\/05\/Dorayaki.webp","id":473078,"alt":"Dorayaki","local":false,"provider":"local"},"x":21,"y":308,"width":373,"height":347,"mask":{"type":"rectangle","showInLibrary":true,"name":"Ret\u00e2ngulo","path":"M 0,0 1,0 1,1 0,1 0,0 Z","ratio":1,"supportsBorder":true},"resizeWidth":282.46602,"resizeHeight":262.742,"basedOn":"c75d6844-9471-40e5-a6c2-18bc6f802232","id":"0ebe6cd6-785d-46f1-aaf8-b7741c9f3221","alt":null,"type":"image"}],"backgroundColor":{"color":{"r":80,"g":99,"b":248}},"animations":[],"type":"page","id":"1659bb17-8c43-4ba2-91df-5e25fc2167f3","defaultBackgroundElement":{"opacity":100,"flip":{"vertical":false,"horizontal":false},"rotationAngle":0,"lockAspectRatio":true,"backgroundColor":{"color":{"r":196,"g":196,"b":196}},"x":1,"y":1,"width":1,"height":1,"mask":{"type":"rectangle"},"isBackground":true,"isDefaultBackground":true,"type":"shape","id":"82332c42-4b5e-45b9-8fd8-e5c8ae9f0e65"}},{"elements":[{"opacity":100,"flip":{"vertical":false,"horizontal":false},"rotationAngle":0,"lockAspectRatio":true,"backgroundColor":{"color":{"r":196,"g":196,"b":196}},"x":1,"y":1,"width":1,"height":1,"mask":{"type":"rectangle"},"isBackground":true,"isDefaultBackground":true,"id":"f51f27c6-c844-4957-b6ca-9dd77501d1b6","basedOn":"22bee65b-b898-4dcd-af7b-0dd397e26065","type":"shape"},{"opacity":100,"flip":{"vertical":false,"horizontal":false},"rotationAngle":0,"lockAspectRatio":false,"backgroundColor":{"color":{"r":248,"g":249,"b":245}},"x":0,"y":-57,"width":413,"height":375,"mask":{"type":"rectangle"},"basedOn":"a39c8762-1d24-401e-aeee-531f091adcf7","id":"bd8ec4af-e8d8-4b90-ade0-965658c5ab57","type":"shape"},{"opacity":100,"flip":{"vertical":false,"horizontal":false},"rotationAngle":0,"lockAspectRatio":false,"backgroundTextMode":"NONE","font":{"family":"Poppins"},"fontSize":18,"backgroundColor":{"color":{"r":196,"g":196,"b":196}},"lineHeight":1.1,"textAlign":"initial","padding":{"locked":true,"horizontal":0,"vertical":0},"content":"Um cl\u00e1ssico de qualquer feira de rua no Brasil, o pastel ganha um toque a mais na Feira da Liberdade. E al\u00e9m das bancas de comida e artesanato, a Feira da Liberdade ainda conta com barracas de roupas, lumin\u00e1rias japonesas, bonsais, almofadas, bijuterias, peixes de aqu\u00e1rio e diversos outros tipos de artigos orientais.","basedOn":"c43a3778-20a2-4aa1-8cf5-187fc3dffb78","x":48,"y":41,"width":329,"height":204,"marginOffset":-5.399999999999999,"id":"aa176904-e44e-4c7b-8f0b-78dd30abda0d","type":"text"},{"opacity":100,"flip":{"vertical":false,"horizontal":false},"rotationAngle":0,"lockAspectRatio":false,"backgroundColor":{"color":{"r":36,"g":88,"b":37}},"x":0,"y":287,"width":413,"height":396,"mask":{"type":"rectangle"},"basedOn":"95d90317-36c7-4668-8830-9ae0cdc6f1a7","id":"07d1b27b-7758-44bd-a208-6da3d6021145","type":"shape"},{"opacity":100,"flip":{"vertical":false,"horizontal":false},"rotationAngle":0,"lockAspectRatio":true,"scale":100,"focalX":50,"focalY":50,"resource":{"type":"image","mimeType":"image\/jpeg","width":1000,"height":667,"sizes":{"post-thumbnail":{"file":"Foto-que-ilustra-materia-sobre-a-Feira-da-Liberdade-530x337.jpg","width":530,"height":337,"filesize":"107470","mimeType":"image\/jpeg","sourceUrl":"https:\/\/quintoandar.com.br\/guias\/wp-content\/uploads\/2022\/01\/Foto-que-ilustra-materia-sobre-a-Feira-da-Liberdade-530x337.jpg"},"single-destaque":{"file":"Foto-que-ilustra-materia-sobre-a-Feira-da-Liberdade-850x667.jpg","width":850,"height":667,"filesize":"329344","mimeType":"image\/jpeg","sourceUrl":"https:\/\/quintoandar.com.br\/guias\/wp-content\/uploads\/2022\/01\/Foto-que-ilustra-materia-sobre-a-Feira-da-Liberdade-850x667.jpg"},"full":{"file":"Foto-que-ilustra-materia-sobre-a-Feira-da-Liberdade.jpg","width":1000,"height":667,"mimeType":"image\/jpeg","sourceUrl":"https:\/\/quintoandar.com.br\/guias\/wp-content\/uploads\/2022\/01\/Foto-que-ilustra-materia-sobre-a-Feira-da-Liberdade.jpg"}},"isPlaceholder":false,"isExternal":false,"needsProxy":false,"baseColor":"#4a5d55","blurHash":"UIIXgWM~Mc9t~Wof9Fxt?bIpInWA%gIoi_9Z","creationDate":"2022-01-11T22:35:47","src":"https:\/\/quintoandar.com.br\/guias\/wp-content\/uploads\/2022\/01\/Foto-que-ilustra-materia-sobre-a-Feira-da-Liberdade.jpg","id":428249,"alt":"Foto que ilustra mat\u00e9ria sobre a Feira da Liberdade mostra um trecho da feira com barracas dos dois lados e pessoas passando pelo meio","local":false},"x":21,"y":308,"width":373,"height":347,"mask":{"type":"rectangle","showInLibrary":true,"name":"Ret\u00e2ngulo","path":"M 0,0 1,0 1,1 0,1 0,0 Z","ratio":1,"supportsBorder":true},"resizeWidth":282.46602,"resizeHeight":262.742,"basedOn":"0ebe6cd6-785d-46f1-aaf8-b7741c9f3221","id":"a6ab8321-4e09-4d42-8f1f-c468425aa459","alt":null,"type":"image"}],"backgroundColor":{"color":{"r":80,"g":99,"b":248}},"animations":[],"type":"page","id":"d9b81b3e-abef-4c52-b193-72bf2fcc851d","defaultBackgroundElement":{"opacity":100,"flip":{"vertical":false,"horizontal":false},"rotationAngle":0,"lockAspectRatio":true,"backgroundColor":{"color":{"r":196,"g":196,"b":196}},"x":1,"y":1,"width":1,"height":1,"mask":{"type":"rectangle"},"isBackground":true,"isDefaultBackground":true,"type":"shape","id":"82332c42-4b5e-45b9-8fd8-e5c8ae9f0e65"}},{"elements":[{"opacity":100,"flip":{"vertical":false,"horizontal":false},"rotationAngle":0,"lockAspectRatio":true,"backgroundColor":{"color":{"r":196,"g":196,"b":196}},"x":1,"y":1,"width":1,"height":1,"mask":{"type":"rectangle"},"isBackground":true,"isDefaultBackground":true,"id":"9e974bd0-707e-42ee-baee-c459499ee7bc","basedOn":"2ad1817f-0ff9-4033-bf4f-0935505134fd","type":"shape"},{"opacity":100,"flip":{"vertical":false,"horizontal":false},"rotationAngle":0,"lockAspectRatio":false,"backgroundColor":{"color":{"r":248,"g":249,"b":245}},"x":0,"y":-57,"width":413,"height":375,"mask":{"type":"rectangle"},"basedOn":"054f6cf9-d51a-441d-b38f-fc68d4011ca0","id":"68024903-4c17-453d-b6c0-d1daf4c51b13","type":"shape"},{"opacity":100,"flip":{"vertical":false,"horizontal":false},"rotationAngle":0,"lockAspectRatio":false,"backgroundTextMode":"NONE","font":{"family":"Poppins"},"fontSize":18,"backgroundColor":{"color":{"r":196,"g":196,"b":196}},"lineHeight":1.1,"textAlign":"initial","padding":{"locked":true,"horizontal":0,"vertical":0},"content":"A Feirinha da Liberdade ocorre sempre aos s\u00e1bados e domingos, das 10h \u00e0s 18h no Bairro da Liberdade.\n\nQue tal morar a poucos metros da Feira da Liberdade e poder degustar essas del\u00edcias japonesas em qualquer s\u00e1bado ou domingo que voc\u00ea desejar?\n\nVeja algumas op\u00e7\u00f5es de im\u00f3veis dispon\u00edveis na regi\u00e3o!","basedOn":"5afd808d-484d-4ed7-90f2-36c403b587d8","x":57,"y":0,"width":300,"height":263,"marginOffset":-6.599999999999994,"id":"7019cee7-eff6-4ef7-9917-0d4cf615d50d","type":"text"},{"opacity":100,"flip":{"vertical":false,"horizontal":false},"rotationAngle":0,"lockAspectRatio":false,"backgroundColor":{"color":{"r":36,"g":88,"b":37}},"x":0,"y":287,"width":413,"height":396,"mask":{"type":"rectangle"},"basedOn":"0563649e-f73e-42f8-8ee0-598156a4281b","id":"c84f1359-a887-41d2-8ffa-852ffcf0fb08","type":"shape"},{"opacity":100,"flip":{"vertical":false,"horizontal":false},"rotationAngle":0,"lockAspectRatio":true,"scale":100,"focalX":50,"focalY":50,"resource":{"type":"image","mimeType":"image\/jpeg","width":1024,"height":680,"sizes":{"medium":{"file":"Feira_da_liberdade_sa\u0303o_paulo_barraca-300x199.jpg","width":300,"height":199,"mimeType":"image\/jpeg","sourceUrl":"https:\/\/quintoandar.com.br\/guias\/wp-content\/uploads\/2022\/01\/Feira_da_liberdade_sa\u0303o_paulo_barraca-300x199.jpg"},"thumbnail":{"file":"Feira_da_liberdade_sa\u0303o_paulo_barraca-150x150.jpg","width":150,"height":150,"mimeType":"image\/jpeg","sourceUrl":"https:\/\/quintoandar.com.br\/guias\/wp-content\/uploads\/2022\/01\/Feira_da_liberdade_sa\u0303o_paulo_barraca-150x150.jpg"},"medium_large":{"file":"Feira_da_liberdade_sa\u0303o_paulo_barraca-768x510.jpg","width":768,"height":510,"mimeType":"image\/jpeg","sourceUrl":"https:\/\/quintoandar.com.br\/guias\/wp-content\/uploads\/2022\/01\/Feira_da_liberdade_sa\u0303o_paulo_barraca-768x510.jpg"},"post-thumbnail":{"file":"Feira_da_liberdade_sa\u0303o_paulo_barraca-350x219.jpg","width":350,"height":219,"mimeType":"image\/jpeg","sourceUrl":"https:\/\/quintoandar.com.br\/guias\/wp-content\/uploads\/2022\/01\/Feira_da_liberdade_sa\u0303o_paulo_barraca-350x219.jpg"},"chamada-destaque":{"file":"Feira_da_liberdade_sa\u0303o_paulo_barraca-683x587.jpg","width":683,"height":587,"mimeType":"image\/jpeg","sourceUrl":"https:\/\/quintoandar.com.br\/guias\/wp-content\/uploads\/2022\/01\/Feira_da_liberdade_sa\u0303o_paulo_barraca-683x587.jpg"},"single-destaque":{"file":"Feira_da_liberdade_sa\u0303o_paulo_barraca-600x480.jpg","width":600,"height":480,"mimeType":"image\/jpeg","sourceUrl":"https:\/\/quintoandar.com.br\/guias\/wp-content\/uploads\/2022\/01\/Feira_da_liberdade_sa\u0303o_paulo_barraca-600x480.jpg"},"alm-thumbnail":{"file":"Feira_da_liberdade_sa\u0303o_paulo_barraca-150x150.jpg","width":150,"height":150,"mimeType":"image\/jpeg","sourceUrl":"https:\/\/quintoandar.com.br\/guias\/wp-content\/uploads\/2022\/01\/Feira_da_liberdade_sa\u0303o_paulo_barraca-150x150.jpg"},"wpvqgr-square-answer":{"file":"Feira_da_liberdade_sa\u0303o_paulo_barraca-300x300.jpg","width":300,"height":300,"mimeType":"image\/jpeg","sourceUrl":"https:\/\/quintoandar.com.br\/guias\/wp-content\/uploads\/2022\/01\/Feira_da_liberdade_sa\u0303o_paulo_barraca-300x300.jpg"},"web-stories-poster-portrait":{"file":"Feira_da_liberdade_sa\u0303o_paulo_barraca-640x680.jpg","width":640,"height":680,"mimeType":"image\/jpeg","sourceUrl":"https:\/\/quintoandar.com.br\/guias\/wp-content\/uploads\/2022\/01\/Feira_da_liberdade_sa\u0303o_paulo_barraca-640x680.jpg"},"web-stories-publisher-logo":{"file":"Feira_da_liberdade_sa\u0303o_paulo_barraca-96x96.jpg","width":96,"height":96,"mimeType":"image\/jpeg","sourceUrl":"https:\/\/quintoandar.com.br\/guias\/wp-content\/uploads\/2022\/01\/Feira_da_liberdade_sa\u0303o_paulo_barraca-96x96.jpg"},"web-stories-thumbnail":{"file":"Feira_da_liberdade_sa\u0303o_paulo_barraca-150x100.jpg","width":150,"height":100,"mimeType":"image\/jpeg","sourceUrl":"https:\/\/quintoandar.com.br\/guias\/wp-content\/uploads\/2022\/01\/Feira_da_liberdade_sa\u0303o_paulo_barraca-150x100.jpg"},"full":{"file":"Feira_da_liberdade_sa\u0303o_paulo_barraca.jpg","width":1024,"height":680,"mimeType":"image\/jpeg","sourceUrl":"https:\/\/quintoandar.com.br\/guias\/wp-content\/uploads\/2022\/01\/Feira_da_liberdade_sa\u0303o_paulo_barraca.jpg"}},"isPlaceholder":false,"isExternal":false,"needsProxy":false,"baseColor":"#af7152","blurHash":"UHLe+v5QNHXTTe=|Iox]}u56RQi_D%i_RkJS","creationDate":"2022-01-31T14:20:24","src":"https:\/\/quintoandar.com.br\/guias\/wp-content\/uploads\/2022\/01\/Feira_da_liberdade_sa\u0303o_paulo_barraca.jpg","id":429547,"alt":"Feira_da_liberdade_sa\u0303o_paulo_barraca","local":false},"x":21,"y":308,"width":373,"height":347,"mask":{"type":"rectangle","showInLibrary":true,"name":"Ret\u00e2ngulo","path":"M 0,0 1,0 1,1 0,1 0,0 Z","ratio":1,"supportsBorder":true},"resizeWidth":282.46602,"resizeHeight":262.742,"basedOn":"c6317375-cd8e-483f-a010-5e751c16a779","id":"c75d6844-9471-40e5-a6c2-18bc6f802232","alt":null,"type":"image"}],"backgroundColor":{"color":{"r":80,"g":99,"b":248}},"animations":[],"type":"page","id":"70c65687-ef05-4151-ae5a-0e715d863572","defaultBackgroundElement":{"opacity":100,"flip":{"vertical":false,"horizontal":false},"rotationAngle":0,"lockAspectRatio":true,"backgroundColor":{"color":{"r":196,"g":196,"b":196}},"x":1,"y":1,"width":1,"height":1,"mask":{"type":"rectangle"},"isBackground":true,"isDefaultBackground":true,"type":"shape","id":"82332c42-4b5e-45b9-8fd8-e5c8ae9f0e65"}},{"elements":[{"opacity":100,"flip":{"vertical":false,"horizontal":false},"rotationAngle":0,"lockAspectRatio":true,"scale":100,"focalX":81.25000022194602,"focalY":49.92897798245013,"resource":{"type":"image","mimeType":"image\/webp","width":1152,"height":768,"sizes":{"medium":{"file":"893271779-790.663575346245IMG6593-300x200.webp","width":300,"height":200,"filesize":9450,"mimeType":"image\/webp","sourceUrl":"https:\/\/quintoandar.com.br\/guias\/wp-content\/uploads\/2023\/05\/893271779-790.663575346245IMG6593-300x200.webp"},"large":{"file":"893271779-790.663575346245IMG6593-1024x683.webp","width":1024,"height":683,"filesize":49778,"mimeType":"image\/webp","sourceUrl":"https:\/\/quintoandar.com.br\/guias\/wp-content\/uploads\/2023\/05\/893271779-790.663575346245IMG6593-1024x683.webp"},"thumbnail":{"file":"893271779-790.663575346245IMG6593-150x150.webp","width":150,"height":150,"filesize":4340,"mimeType":"image\/webp","sourceUrl":"https:\/\/quintoandar.com.br\/guias\/wp-content\/uploads\/2023\/05\/893271779-790.663575346245IMG6593-150x150.webp"},"medium_large":{"file":"893271779-790.663575346245IMG6593-768x512.webp","width":768,"height":512,"filesize":33410,"mimeType":"image\/webp","sourceUrl":"https:\/\/quintoandar.com.br\/guias\/wp-content\/uploads\/2023\/05\/893271779-790.663575346245IMG6593-768x512.webp"},"post-thumbnail":{"file":"893271779-790.663575346245IMG6593-530x337.webp","width":530,"height":337,"filesize":19978,"mimeType":"image\/webp","sourceUrl":"https:\/\/quintoandar.com.br\/guias\/wp-content\/uploads\/2023\/05\/893271779-790.663575346245IMG6593-530x337.webp"},"chamada-destaque":{"file":"893271779-790.663575346245IMG6593-800x687.webp","width":800,"height":687,"filesize":40170,"mimeType":"image\/webp","sourceUrl":"https:\/\/quintoandar.com.br\/guias\/wp-content\/uploads\/2023\/05\/893271779-790.663575346245IMG6593-800x687.webp"},"single-destaque":{"file":"893271779-790.663575346245IMG6593-850x680.webp","width":850,"height":680,"filesize":42742,"mimeType":"image\/webp","sourceUrl":"https:\/\/quintoandar.com.br\/guias\/wp-content\/uploads\/2023\/05\/893271779-790.663575346245IMG6593-850x680.webp"},"alm-thumbnail":{"file":"893271779-790.663575346245IMG6593-150x150.webp","width":150,"height":150,"filesize":4340,"mimeType":"image\/webp","sourceUrl":"https:\/\/quintoandar.com.br\/guias\/wp-content\/uploads\/2023\/05\/893271779-790.663575346245IMG6593-150x150.webp"},"wpvqgr-square-answer":{"file":"893271779-790.663575346245IMG6593-300x300.webp","width":300,"height":300,"filesize":11068,"mimeType":"image\/webp","sourceUrl":"https:\/\/quintoandar.com.br\/guias\/wp-content\/uploads\/2023\/05\/893271779-790.663575346245IMG6593-300x300.webp"},"web-stories-poster-portrait":{"file":"893271779-790.663575346245IMG6593-640x768.webp","width":640,"height":768,"filesize":34446,"mimeType":"image\/webp","sourceUrl":"https:\/\/quintoandar.com.br\/guias\/wp-content\/uploads\/2023\/05\/893271779-790.663575346245IMG6593-640x768.webp"},"web-stories-publisher-logo":{"file":"893271779-790.663575346245IMG6593-96x96.webp","width":96,"height":96,"filesize":2226,"mimeType":"image\/webp","sourceUrl":"https:\/\/quintoandar.com.br\/guias\/wp-content\/uploads\/2023\/05\/893271779-790.663575346245IMG6593-96x96.webp"},"web-stories-thumbnail":{"file":"893271779-790.663575346245IMG6593-150x100.webp","width":150,"height":100,"filesize":3664,"mimeType":"image\/webp","sourceUrl":"https:\/\/quintoandar.com.br\/guias\/wp-content\/uploads\/2023\/05\/893271779-790.663575346245IMG6593-150x100.webp"},"full":{"file":"893271779-790.663575346245IMG6593.webp","width":1152,"height":768,"mimeType":"image\/webp","sourceUrl":"https:\/\/quintoandar.com.br\/guias\/wp-content\/uploads\/2023\/05\/893271779-790.663575346245IMG6593.webp"}},"isPlaceholder":false,"isExternal":false,"needsProxy":false,"baseColor":"#c3aa76","blurHash":"","creationDate":"2023-05-03T01:01:47","src":"https:\/\/quintoandar.com.br\/guias\/wp-content\/uploads\/2023\/05\/893271779-790.663575346245IMG6593.webp","id":473088,"alt":"893271779-790.663575346245IMG6593","local":false,"provider":"local"},"backgroundColor":{"color":{"r":196,"g":196,"b":196}},"x":48,"y":0,"width":330,"height":220,"mask":{"type":"rectangle"},"isBackground":true,"id":"7ecba77e-6af1-41ec-a19d-c57b28a4da05","basedOn":"b09be7fa-aaae-45d8-ba5f-2bfc8a418f36","alt":null,"type":"image"}],"backgroundColor":{"color":{"r":36,"g":88,"b":37}},"animations":[{"id":"ca93e7ea-e8c6-423b-822e-c5cbeee106d3","type":"effect-background-pan","panDir":"rightToLeft","duration":2000,"delay":0,"targets":["7ecba77e-6af1-41ec-a19d-c57b28a4da05"]}],"type":"page","id":"1335f181-b774-4afb-b167-0819e52673f0","defaultBackgroundElement":{"opacity":100,"flip":{"vertical":false,"horizontal":false},"rotationAngle":0,"lockAspectRatio":true,"backgroundColor":{"color":{"r":196,"g":196,"b":196}},"x":1,"y":1,"width":1,"height":1,"mask":{"type":"rectangle"},"isBackground":true,"isDefaultBackground":true,"id":"d69060e3-d326-4e82-bd1b-ba893ef7fced","basedOn":"4a2cdd23-8124-4eb7-a9bf-1413f2f89d03","type":"shape"},"pageAttachment":{"url":"https:\/\/www.quintoandar.com.br\/imovel\/893271779\/alugar","icon":"https:\/\/www.quintoandar.com.br\/img\/med\/893271779-790.663575346245IMG6593.jpg","needsProxy":true,"ctaText":"Ver im\u00f3vel"}},{"elements":[{"opacity":100,"flip":{"vertical":false,"horizontal":false},"rotationAngle":0,"lockAspectRatio":true,"scale":100,"focalX":30.68181875484246,"focalY":49.92784232903297,"resource":{"type":"image","mimeType":"image\/webp","width":1152,"height":768,"sizes":{"medium":{"file":"893890289-351.90403397840254Tratadas141647-300x200.webp","width":300,"height":200,"filesize":11062,"mimeType":"image\/webp","sourceUrl":"https:\/\/quintoandar.com.br\/guias\/wp-content\/uploads\/2023\/05\/893890289-351.90403397840254Tratadas141647-300x200.webp"},"large":{"file":"893890289-351.90403397840254Tratadas141647-1024x683.webp","width":1024,"height":683,"filesize":67926,"mimeType":"image\/webp","sourceUrl":"https:\/\/quintoandar.com.br\/guias\/wp-content\/uploads\/2023\/05\/893890289-351.90403397840254Tratadas141647-1024x683.webp"},"thumbnail":{"file":"893890289-351.90403397840254Tratadas141647-150x150.webp","width":150,"height":150,"filesize":4662,"mimeType":"image\/webp","sourceUrl":"https:\/\/quintoandar.com.br\/guias\/wp-content\/uploads\/2023\/05\/893890289-351.90403397840254Tratadas141647-150x150.webp"},"medium_large":{"file":"893890289-351.90403397840254Tratadas141647-768x512.webp","width":768,"height":512,"filesize":42094,"mimeType":"image\/webp","sourceUrl":"https:\/\/quintoandar.com.br\/guias\/wp-content\/uploads\/2023\/05\/893890289-351.90403397840254Tratadas141647-768x512.webp"},"post-thumbnail":{"file":"893890289-351.90403397840254Tratadas141647-530x337.webp","width":530,"height":337,"filesize":24968,"mimeType":"image\/webp","sourceUrl":"https:\/\/quintoandar.com.br\/guias\/wp-content\/uploads\/2023\/05\/893890289-351.90403397840254Tratadas141647-530x337.webp"},"chamada-destaque":{"file":"893890289-351.90403397840254Tratadas141647-800x687.webp","width":800,"height":687,"filesize":54798,"mimeType":"image\/webp","sourceUrl":"https:\/\/quintoandar.com.br\/guias\/wp-content\/uploads\/2023\/05\/893890289-351.90403397840254Tratadas141647-800x687.webp"},"single-destaque":{"file":"893890289-351.90403397840254Tratadas141647-850x680.webp","width":850,"height":680,"filesize":58196,"mimeType":"image\/webp","sourceUrl":"https:\/\/quintoandar.com.br\/guias\/wp-content\/uploads\/2023\/05\/893890289-351.90403397840254Tratadas141647-850x680.webp"},"alm-thumbnail":{"file":"893890289-351.90403397840254Tratadas141647-150x150.webp","width":150,"height":150,"filesize":4662,"mimeType":"image\/webp","sourceUrl":"https:\/\/quintoandar.com.br\/guias\/wp-content\/uploads\/2023\/05\/893890289-351.90403397840254Tratadas141647-150x150.webp"},"wpvqgr-square-answer":{"file":"893890289-351.90403397840254Tratadas141647-300x300.webp","width":300,"height":300,"filesize":12760,"mimeType":"image\/webp","sourceUrl":"https:\/\/quintoandar.com.br\/guias\/wp-content\/uploads\/2023\/05\/893890289-351.90403397840254Tratadas141647-300x300.webp"},"web-stories-poster-portrait":{"file":"893890289-351.90403397840254Tratadas141647-640x768.webp","width":640,"height":768,"filesize":47606,"mimeType":"image\/webp","sourceUrl":"https:\/\/quintoandar.com.br\/guias\/wp-content\/uploads\/2023\/05\/893890289-351.90403397840254Tratadas141647-640x768.webp"},"web-stories-publisher-logo":{"file":"893890289-351.90403397840254Tratadas141647-96x96.webp","width":96,"height":96,"filesize":2338,"mimeType":"image\/webp","sourceUrl":"https:\/\/quintoandar.com.br\/guias\/wp-content\/uploads\/2023\/05\/893890289-351.90403397840254Tratadas141647-96x96.webp"},"web-stories-thumbnail":{"file":"893890289-351.90403397840254Tratadas141647-150x100.webp","width":150,"height":100,"filesize":4046,"mimeType":"image\/webp","sourceUrl":"https:\/\/quintoandar.com.br\/guias\/wp-content\/uploads\/2023\/05\/893890289-351.90403397840254Tratadas141647-150x100.webp"},"full":{"file":"893890289-351.90403397840254Tratadas141647.webp","width":1152,"height":768,"mimeType":"image\/webp","sourceUrl":"https:\/\/quintoandar.com.br\/guias\/wp-content\/uploads\/2023\/05\/893890289-351.90403397840254Tratadas141647.webp"}},"isPlaceholder":false,"isExternal":false,"needsProxy":false,"baseColor":"#8d7d6e","blurHash":"","creationDate":"2023-05-03T01:02:57","src":"https:\/\/quintoandar.com.br\/guias\/wp-content\/uploads\/2023\/05\/893890289-351.90403397840254Tratadas141647.webp","id":473089,"alt":"893890289-351.90403397840254Tratadas141647","local":false,"provider":"local"},"backgroundColor":{"color":{"r":196,"g":196,"b":196}},"x":48,"y":0,"width":330,"height":220,"mask":{"type":"rectangle"},"isBackground":true,"id":"0e032f3c-94ad-4fab-acf9-b24432a44797","basedOn":"7ecba77e-6af1-41ec-a19d-c57b28a4da05","alt":null,"type":"image"}],"backgroundColor":{"color":{"r":36,"g":88,"b":37}},"animations":[{"id":"5de1402d-e0cc-4e08-9288-fb3dc4e574a9","type":"effect-background-pan","panDir":"rightToLeft","duration":2000,"delay":0,"targets":["0e032f3c-94ad-4fab-acf9-b24432a44797"]}],"type":"page","id":"91f8825b-bc71-4943-b77e-b78f1b1204b6","defaultBackgroundElement":{"opacity":100,"flip":{"vertical":false,"horizontal":false},"rotationAngle":0,"lockAspectRatio":true,"backgroundColor":{"color":{"r":196,"g":196,"b":196}},"x":1,"y":1,"width":1,"height":1,"mask":{"type":"rectangle"},"isBackground":true,"isDefaultBackground":true,"id":"d69060e3-d326-4e82-bd1b-ba893ef7fced","basedOn":"4a2cdd23-8124-4eb7-a9bf-1413f2f89d03","type":"shape"},"pageAttachment":{"url":"https:\/\/www.quintoandar.com.br\/imovel\/893890289\/alugar","icon":"https:\/\/www.quintoandar.com.br\/img\/med\/893890289-351.90403397840254Tratadas141647.jpg","needsProxy":false,"ctaText":"Ver im\u00f3vel"}},{"elements":[{"opacity":100,"flip":{"vertical":false,"horizontal":false},"rotationAngle":0,"lockAspectRatio":true,"x":1,"y":1,"width":1,"height":1,"mask":{"type":"rectangle"},"isBackground":true,"isDefaultBackground":true,"id":"e846e6b1-26f8-4708-8ddc-8a63932b26c5","type":"shape","basedOn":"8614f248-1812-4ef7-8273-01aec509edc2"},{"opacity":100,"flip":{"vertical":false,"horizontal":false},"rotationAngle":0,"lockAspectRatio":true,"backgroundTextMode":"NONE","font":{"family":"Poppins"},"fontSize":33,"backgroundColor":{"color":{"r":255,"g":255,"b":255}},"lineHeight":1.1,"textAlign":"left","padding":{"locked":true,"hasHiddenPadding":false,"horizontal":0,"vertical":0},"type":"text","content":"<span style=\"font-weight: 600; color: #f8f9f5\">Conhe\u00e7a mais sobre a Feira da Liberdade na mat\u00e9ria abaixo!<\/span>","borderRadius":{"locked":true,"topLeft":2,"topRight":2,"bottomRight":2,"bottomLeft":2},"width":293,"height":156,"basedOn":"0ee62297-ad0c-467d-9d70-5353f231cdc4","x":60,"y":297,"marginOffset":-11.699999999999989,"id":"2890fb4a-7df1-4269-9ffa-d235b58c7f79"},{"opacity":100,"flip":{"vertical":false,"horizontal":false},"rotationAngle":0,"lockAspectRatio":true,"scale":100,"focalX":50,"focalY":50,"resource":{"baseColor":"#938462","blurHash":"UBGuQ~z:0L9}bD}Wr?OrX+D%jF%MRl%MxaIp","type":"image","mimeType":"image\/jpeg","creationDate":"2022-03-29T13:12:21","src":"https:\/\/quintoandar.com.br\/guias\/wp-content\/uploads\/2022\/03\/image1-1-scaled.jpeg","width":2560,"height":1439,"id":435115,"alt":"image1","sizes":{"medium":{"file":"image1-1-300x169.jpeg","width":300,"height":169,"mimeType":"image\/jpeg","sourceUrl":"https:\/\/quintoandar.com.br\/guias\/wp-content\/uploads\/2022\/03\/image1-1-300x169.jpeg"},"large":{"file":"image1-1-1024x576.jpeg","width":1024,"height":576,"mimeType":"image\/jpeg","sourceUrl":"https:\/\/quintoandar.com.br\/guias\/wp-content\/uploads\/2022\/03\/image1-1-1024x576.jpeg"},"thumbnail":{"file":"image1-1-150x150.jpeg","width":150,"height":150,"mimeType":"image\/jpeg","sourceUrl":"https:\/\/quintoandar.com.br\/guias\/wp-content\/uploads\/2022\/03\/image1-1-150x150.jpeg"},"medium_large":{"file":"image1-1-768x432.jpeg","width":768,"height":432,"mimeType":"image\/jpeg","sourceUrl":"https:\/\/quintoandar.com.br\/guias\/wp-content\/uploads\/2022\/03\/image1-1-768x432.jpeg"},"1536x1536":{"file":"image1-1-1536x864.jpeg","width":1536,"height":864,"mimeType":"image\/jpeg","sourceUrl":"https:\/\/quintoandar.com.br\/guias\/wp-content\/uploads\/2022\/03\/image1-1-1536x864.jpeg"},"2048x2048":{"file":"image1-1-2048x1151.jpeg","width":2048,"height":1151,"mimeType":"image\/jpeg","sourceUrl":"https:\/\/quintoandar.com.br\/guias\/wp-content\/uploads\/2022\/03\/image1-1-2048x1151.jpeg"},"post-thumbnail":{"file":"image1-1-350x219.jpeg","width":350,"height":219,"mimeType":"image\/jpeg","sourceUrl":"https:\/\/quintoandar.com.br\/guias\/wp-content\/uploads\/2022\/03\/image1-1-350x219.jpeg"},"chamada-destaque":{"file":"image1-1-683x587.jpeg","width":683,"height":587,"mimeType":"image\/jpeg","sourceUrl":"https:\/\/quintoandar.com.br\/guias\/wp-content\/uploads\/2022\/03\/image1-1-683x587.jpeg"},"single-destaque":{"file":"image1-1-600x480.jpeg","width":600,"height":480,"mimeType":"image\/jpeg","sourceUrl":"https:\/\/quintoandar.com.br\/guias\/wp-content\/uploads\/2022\/03\/image1-1-600x480.jpeg"},"alm-thumbnail":{"file":"image1-1-150x150.jpeg","width":150,"height":150,"mimeType":"image\/jpeg","sourceUrl":"https:\/\/quintoandar.com.br\/guias\/wp-content\/uploads\/2022\/03\/image1-1-150x150.jpeg"},"wpvqgr-square-answer":{"file":"image1-1-300x300.jpeg","width":300,"height":300,"mimeType":"image\/jpeg","sourceUrl":"https:\/\/quintoandar.com.br\/guias\/wp-content\/uploads\/2022\/03\/image1-1-300x300.jpeg"},"web-stories-poster-portrait":{"file":"image1-1-640x853.jpeg","width":640,"height":853,"mimeType":"image\/jpeg","sourceUrl":"https:\/\/quintoandar.com.br\/guias\/wp-content\/uploads\/2022\/03\/image1-1-640x853.jpeg"},"web-stories-publisher-logo":{"file":"image1-1-96x96.jpeg","width":96,"height":96,"mimeType":"image\/jpeg","sourceUrl":"https:\/\/quintoandar.com.br\/guias\/wp-content\/uploads\/2022\/03\/image1-1-96x96.jpeg"},"web-stories-thumbnail":{"file":"image1-1-150x84.jpeg","width":150,"height":84,"mimeType":"image\/jpeg","sourceUrl":"https:\/\/quintoandar.com.br\/guias\/wp-content\/uploads\/2022\/03\/image1-1-150x84.jpeg"},"full":{"file":"image1-1-scaled.jpeg","width":2560,"height":1439,"mimeType":"image\/jpeg","sourceUrl":"https:\/\/quintoandar.com.br\/guias\/wp-content\/uploads\/2022\/03\/image1-1-scaled.jpeg"}},"isPlaceholder":false,"isOptimized":false,"isMuted":false,"isExternal":false,"needsProxy":false,"provider":"local"},"type":"image","x":0,"y":-88,"width":544,"height":307,"mask":{"type":"rectangle","showInLibrary":true,"name":"Ret\u00e2ngulo","path":"M 0,0 1,0 1,1 0,1 0,0 Z","ratio":1,"supportsBorder":true},"basedOn":"3a2e5c0b-9b24-4f55-bdaf-d759792e6f03","alt":null,"link":null,"id":"7516ecb7-5cf7-4f97-a95b-02c29f143028"}],"animations":[],"backgroundColor":{"color":{"r":36,"g":88,"b":37}},"type":"page","id":"a2b48a03-fac8-4c26-a9c0-af96cda262c5","defaultBackgroundElement":{"opacity":100,"flip":{"vertical":false,"horizontal":false},"rotationAngle":0,"lockAspectRatio":true,"backgroundColor":{"color":{"r":196,"g":196,"b":196}},"x":1,"y":1,"width":1,"height":1,"mask":{"type":"rectangle"},"isBackground":true,"isDefaultBackground":true,"type":"shape","id":"d30996f6-74d0-4192-81c0-4c75833133d2"},"pageAttachment":{"url":"https:\/\/quintoandar.com.br\/feira-da-liberdade\/","icon":"https:\/\/quintoandar.com.br\/guias\/wp-content\/uploads\/2022\/01\/Foto-que-ilustra-materia-sobre-a-Feira-da-Liberdade.jpg","needsProxy":false,"ctaText":"Arraste aqui"}}],"fonts":{"Poppins":{"family":"Poppins","fallbacks":["sans-serif"],"weights":[100,200,300,400,500,600,700,800,900],"styles":["italic","regular"],"variants":[[0,100],[1,100],[0,200],[1,200],[0,300],[1,300],[0,400],[1,400],[0,500],[1,500],[0,600],[1,600],[0,700],[1,700],[0,800],[1,800],[0,900],[1,900]],"service":"fonts.google.com","metrics":{"upm":1000,"asc":1050,"des":-350,"tAsc":1050,"tDes":-350,"tLGap":100,"wAsc":1135,"wDes":627,"xH":548,"capH":698,"yMin":-572,"yMax":1065,"hAsc":1050,"hDes":-350,"lGap":100}}},"autoAdvance":true,"defaultPageDuration":7,"currentStoryStyles":{"colors":[{"color":{"r":196,"g":196,"b":196}}]}},"story_poster":{"id":473063,"url":"https:\/\/www.quintoandar.com.br\/guias\/wp-content\/uploads\/2022\/01\/cropped-Feira-da-Liberdade-interna-640x853.jpg","width":640,"height":853,"needsProxy":false},"_links":{"self":[{"href":"https:\/\/www.quintoandar.com.br\/guias\/wp-json\/web-stories\/v1\/web-story\/473060","targetHints":{"allow":["GET"]}}],"collection":[{"href":"https:\/\/www.quintoandar.com.br\/guias\/wp-json\/web-stories\/v1\/web-story"}],"about":[{"href":"https:\/\/www.quintoandar.com.br\/guias\/wp-json\/wp\/v2\/types\/web-story"}],"author":[{"embeddable":true,"href":"https:\/\/www.quintoandar.com.br\/guias\/wp-json\/web-stories\/v1\/users\/45"}],"version-history":[{"count":10,"href":"https:\/\/www.quintoandar.com.br\/guias\/wp-json\/web-stories\/v1\/web-story\/473060\/revisions"}],"predecessor-version":[{"id":473091,"href":"https:\/\/www.quintoandar.com.br\/guias\/wp-json\/web-stories\/v1\/web-story\/473060\/revisions\/473091"}],"wp:featuredmedia":[{"embeddable":true,"href":"https:\/\/www.quintoandar.com.br\/guias\/wp-json\/web-stories\/v1\/media\/473063"}],"wp:attachment":[{"href":"https:\/\/www.quintoandar.com.br\/guias\/wp-json\/web-stories\/v1\/media?parent=473060"}],"wp:term":[{"taxonomy":"web_story_category","embeddable":true,"href":"https:\/\/www.quintoandar.com.br\/guias\/wp-json\/web-stories\/v1\/web_story_category?post=473060"},{"taxonomy":"web_story_tag","embeddable":true,"href":"https:\/\/www.quintoandar.com.br\/guias\/wp-json\/web-stories\/v1\/web_story_tag?post=473060"}],"wp:lock":[{"embeddable":true,"href":"https:\/\/www.quintoandar.com.br\/guias\/wp-json\/web-stories\/v1\/web-story\/473060\/lock"}],"wp:publisherlogo":[{"embeddable":true,"href":"https:\/\/www.quintoandar.com.br\/guias\/wp-json\/web-stories\/v1\/media\/428798"}],"curies":[{"name":"wp","href":"https:\/\/api.w.org\/{rel}","templated":true}]}}