{"id":473245,"date":"2023-05-03T17:28:07","date_gmt":"2023-05-03T20:28:07","guid":{"rendered":"https:\/\/www.quintoandar.com.br\/guias\/?post_type=web-story&#038;p=473245"},"modified":"2023-05-03T17:28:08","modified_gmt":"2023-05-03T20:28:08","slug":"3-cidades-morar-minas-gerais","status":"publish","type":"web-story","link":"https:\/\/www.quintoandar.com.br\/guias\/web-stories\/3-cidades-morar-minas-gerais\/","title":{"rendered":"3 cidades de Minas Gerais para morar"},"content":{"rendered":"<p><html amp=\"\" lang=\"en\"><head><meta charSet=\"utf-8\"\/><meta name=\"viewport\" content=\"width=device-width,minimum-scale=1,initial-scale=1\"\/><script async=\"\" src=\"https:\/\/cdn.ampproject.org\/v0.js\"><\/script><script async=\"\" src=\"https:\/\/cdn.ampproject.org\/v0\/amp-story-1.0.js\" custom-element=\"amp-story\"><\/script><script async=\"\" src=\"https:\/\/cdn.ampproject.org\/v0\/amp-video-0.1.js\" custom-element=\"amp-video\"><\/script><link href=\"https:\/\/fonts.googleapis.com\/css2?display=swap&amp;family=Poppins%3Awght%40400%3B600%3B700\" rel=\"stylesheet\"\/><noscript><\/noscript><meta name=\"web-stories-replace-head-start\"\/><title>3 cidades de Minas Gerais para morar<\/title><link rel=\"canonical\" href=\"https:\/\/www.quintoandar.com.br\/guias\/?post_type=web-story&amp;p=473245\"\/><meta name=\"web-stories-replace-head-end\"\/><\/head><body><amp-story standalone=\"\" publisher=\"MeuLugar\" publisher-logo-src=\"https:\/\/www.quintoandar.com.br\/guias\/wp-content\/uploads\/2022\/01\/Logo_MeuLugar.png\" title=\"3 cidades de Minas Gerais para morar\" poster-portrait-src=\"https:\/\/www.quintoandar.com.br\/guias\/wp-content\/uploads\/2023\/05\/cropped-Melhores-cidades-de-Minas-Gerais-Nova-Lima-850x568-1-640x853.jpg\"><amp-story-page id=\"263f42bc-a79f-495c-96c8-15ded26152f5\" auto-advance-after=\"7s\"><amp-story-grid-layer template=\"vertical\" aspect-ratio=\"412:618\" class=\"grid-layer\"><\/p>\n<div class=\"page-fullbleed-area\" style=\"background-color:#245825\">\n<div class=\"page-safe-area\">\n<div style=\"position:absolute;pointer-events:none;left:0;top:-9.25926%;width:100%;height:118.51852%;opacity:1\">\n<div style=\"pointer-events:initial;width:100%;height:100%;display:block;position:absolute;top:0;left:0;z-index:0\" class=\"mask\" id=\"el-5e4c0825-cf1b-4ce6-b362-6dec3c39bb1b\">\n<div class=\"fill\" style=\"will-change:transform\"><\/div>\n<\/div>\n<\/div>\n<\/div>\n<\/div>\n<p><\/amp-story-grid-layer><amp-story-grid-layer template=\"vertical\" aspect-ratio=\"412:618\" class=\"grid-layer\"><\/p>\n<div class=\"page-fullbleed-area\">\n<div class=\"page-safe-area\">\n<div style=\"position:absolute;pointer-events:none;left:12.37864%;top:20.87379%;width:75.97087%;height:25.24272%;opacity:1\">\n<div style=\"pointer-events:initial;width:100%;height:100%;display:block;position:absolute;top:0;left:0;z-index:0;border-radius:0.6389776357827476% 0.6389776357827476% 0.6389776357827476% 0.6389776357827476% \/ 1.282051282051282% 1.282051282051282% 1.282051282051282% 1.282051282051282%\" id=\"el-3c610e28-eb19-4563-a420-3950da19ad2d\">\n<h2 class=\"fill text-wrapper\" style=\"white-space:pre-line;overflow-wrap:break-word;word-break:break-word;margin:1.581469648562299% 0;font-family:&quot;Poppins&quot;,sans-serif;font-size:0.533981em;line-height:1.1;text-align:left;padding:0;color:#000000\"><span><span style=\"font-weight: 600; color: #f8f9f5\">Descubra 3 das melhores cidades de Minas Gerais para viver!<\/span><\/span><\/h2>\n<\/div>\n<\/div>\n<div style=\"position:absolute;pointer-events:none;left:11.65049%;top:49.19094%;width:76.21359%;height:50.80906%;opacity:1\">\n<div style=\"pointer-events:initial;width:100%;height:100%;display:block;position:absolute;top:0;left:0;z-index:0\" class=\"mask\" id=\"el-ee0795d1-7930-4c6d-9924-605ff66db8fa\">\n<div class=\"fill\" style=\"background-color:#a3c7a1;will-change:transform\"><\/div>\n<\/div>\n<\/div>\n<div style=\"position:absolute;pointer-events:none;left:15.04854%;top:51.2945%;width:69.41748%;height:46.27832%;opacity:1\">\n<div style=\"pointer-events:initial;width:100%;height:100%;display:block;position:absolute;top:0;left:0;z-index:0;border-radius:0% 0% 0% 0% \/ 0% 0% 0% 0%\" class=\"mask\" id=\"el-2eadb7ee-ddcd-4d3b-a70c-3ca81c4c59fe\"><a href=\"https:\/\/www.quintoandar.com.br\/guias\/cidades\/melhores-cidades-de-minas-gerais\/\" data-tooltip-icon=\"https:\/\/www.quintoandar.com.br\/guias\/wp-content\/uploads\/2022\/05\/Melhores-cidades-de-Minas-Gerais-Nova-Lima.jpg\" data-tooltip-text=\"Melhores cidades de Minas Gerais: onde encontrar boa qualidade de vida\" target=\"_blank\" rel=\"noreferrer noopener\" style=\"width:100%;height:100%;display:block;position:absolute;top:0;left:0\"><\/p>\n<div style=\"position:absolute;width:149.64789%;height:100%;left:-24.82394%;top:0%\" data-leaf-element=\"true\"><amp-img layout=\"fill\" src=\"https:\/\/www.quintoandar.com.br\/guias\/wp-content\/uploads\/2023\/05\/Melhores-cidades-de-Minas-Gerais-Nova-Lima-850x568-1.jpg\" alt=\"Imagem que mostra a cidade de Minas Gerais\" srcSet=\"https:\/\/www.quintoandar.com.br\/guias\/wp-content\/uploads\/2023\/05\/Melhores-cidades-de-Minas-Gerais-Nova-Lima-850x568-1.jpg 850w,https:\/\/www.quintoandar.com.br\/guias\/wp-content\/uploads\/2023\/05\/Melhores-cidades-de-Minas-Gerais-Nova-Lima-850x568-1-768x513.jpg 768w,https:\/\/www.quintoandar.com.br\/guias\/wp-content\/uploads\/2023\/05\/Melhores-cidades-de-Minas-Gerais-Nova-Lima-850x568-1-300x200.jpg 300w,https:\/\/www.quintoandar.com.br\/guias\/wp-content\/uploads\/2023\/05\/Melhores-cidades-de-Minas-Gerais-Nova-Lima-850x568-1-150x100.jpg 150w\" sizes=\"(min-width: 1024px) 31vh, 69vw\" disable-inline-width=\"true\"><\/amp-img><\/div>\n<p><\/a><\/div>\n<\/div>\n<div style=\"position:absolute;pointer-events:none;left:11.65049%;top:0;width:54.61165%;height:5.66343%;opacity:1\">\n<div style=\"pointer-events:initial;width:100%;height:100%;display:block;position:absolute;top:0;left:0;z-index:0\" class=\"mask\" id=\"el-d082c74c-3fa3-443a-8afc-1566b8cbf2d1\">\n<div style=\"position:absolute;width:100.0505%;height:100%;left:-0.02525%;top:0%\" data-leaf-element=\"true\"><amp-img layout=\"fill\" src=\"https:\/\/www.quintoandar.com.br\/guias\/wp-content\/uploads\/2022\/01\/image-17.png\" alt=\"image\" srcSet=\"https:\/\/www.quintoandar.com.br\/guias\/wp-content\/uploads\/2022\/01\/image-17.png 566w\" sizes=\"(min-width: 1024px) 25vh, 55vw\" disable-inline-width=\"true\"><\/amp-img><\/div>\n<\/div>\n<\/div>\n<\/div>\n<\/div>\n<p><\/amp-story-grid-layer><\/amp-story-page><amp-story-page id=\"97f1302f-1e63-474a-9a0c-67f1cf96346e\" auto-advance-after=\"7s\"><amp-story-grid-layer template=\"vertical\" aspect-ratio=\"412:618\" class=\"grid-layer\"><\/p>\n<div class=\"page-fullbleed-area\" style=\"background-color:#5063f8\">\n<div class=\"page-safe-area\">\n<div style=\"position:absolute;pointer-events:none;left:0;top:-9.25926%;width:100%;height:118.51852%;opacity:1\">\n<div style=\"pointer-events:initial;width:100%;height:100%;display:block;position:absolute;top:0;left:0;z-index:0\" class=\"mask\" id=\"el-d2b72a51-1e66-4949-8dca-7e94d60af9ce\">\n<div class=\"fill\" style=\"will-change:transform\"><\/div>\n<\/div>\n<\/div>\n<\/div>\n<\/div>\n<p><\/amp-story-grid-layer><amp-story-grid-layer template=\"vertical\" aspect-ratio=\"412:618\" class=\"grid-layer\"><\/p>\n<div class=\"page-fullbleed-area\">\n<div class=\"page-safe-area\">\n<div style=\"position:absolute;pointer-events:none;left:0;top:-9.2233%;width:100.24272%;height:60.67961%;opacity:1\">\n<div style=\"pointer-events:initial;width:100%;height:100%;display:block;position:absolute;top:0;left:0;z-index:0\" class=\"mask\" id=\"el-7ea6faf4-79c1-4c85-baa8-8f8f53550695\">\n<div class=\"fill\" style=\"background-color:#f8f9f5;will-change:transform\"><\/div>\n<\/div>\n<\/div>\n<div style=\"position:absolute;pointer-events:none;left:13.83495%;top:4.04531%;width:76.45631%;height:38.34951%;opacity:1\">\n<div style=\"pointer-events:initial;width:100%;height:100%;display:block;position:absolute;top:0;left:0;z-index:0\" id=\"el-8a26d018-0739-4342-b710-81b13a34441d\">\n<h3 class=\"fill text-wrapper\" style=\"white-space:pre-line;overflow-wrap:break-word;word-break:break-word;margin:0.9999999999999996% 0;font-family:&quot;Poppins&quot;,sans-serif;font-size:0.339806em;line-height:1.1;text-align:initial;padding:0;color:#000000\"><span>Se voc\u00ea est\u00e1 buscando um lugar para morar bem, saiba que na terra do p\u00e3o de queijo e do \u201ccaf\u00e9zin\u201d os \u00edndices de qualidade s\u00e3o atraentes e considerados altos (IDH 0,731). Que tal conhecer algumas das melhores cidades de Minas Gerais?<\/p>\n<p><\/span><\/h3>\n<\/div>\n<\/div>\n<div style=\"position:absolute;pointer-events:none;left:0;top:46.44013%;width:100.24272%;height:64.07767%;opacity:1\">\n<div style=\"pointer-events:initial;width:100%;height:100%;display:block;position:absolute;top:0;left:0;z-index:0\" class=\"mask\" id=\"el-21758096-c7b6-43d4-bc9f-fd2e9434d798\">\n<div class=\"fill\" style=\"background-color:#245825;will-change:transform\"><\/div>\n<\/div>\n<\/div>\n<div style=\"position:absolute;pointer-events:none;left:5.09709%;top:49.83819%;width:90.53398%;height:56.14887%;opacity:1\">\n<div style=\"pointer-events:initial;width:100%;height:100%;display:block;position:absolute;top:0;left:0;z-index:0\" class=\"mask\" id=\"el-9e920425-d3be-4cc9-a9ee-914dc60cf5ba\">\n<div style=\"position:absolute;width:137.883%;height:100%;left:-0.26957%;top:0%\" data-leaf-element=\"true\"><amp-video id=\"el-9e920425-d3be-4cc9-a9ee-914dc60cf5ba-media\" autoplay=\"autoplay\" loop=\"loop\" noaudio=\"noaudio\" poster=\"https:\/\/media.tenor.com\/oO8nG0Z59ewAAAAe\/cheesebread-food.png\" layout=\"fill\" alt=\"V\u00eddeo que ilustra mulher abrindo um p\u00e3ozinho de queijo.\"><source type=\"video\/mp4\" src=\"https:\/\/media.tenor.com\/oO8nG0Z59ewAAAPo\/cheesebread-food.mp4\"\/><\/amp-video><\/div>\n<\/div>\n<\/div>\n<\/div>\n<\/div>\n<p><\/amp-story-grid-layer><\/amp-story-page><amp-story-page id=\"598fbba0-6500-431a-9f39-dd6d16478711\" auto-advance-after=\"7s\"><amp-story-grid-layer template=\"vertical\" aspect-ratio=\"412:618\" class=\"grid-layer\"><\/p>\n<div class=\"page-fullbleed-area\" style=\"background-color:#f8f9f5\">\n<div class=\"page-safe-area\">\n<div style=\"position:absolute;pointer-events:none;left:0;top:-9.25926%;width:100%;height:118.51852%;opacity:1\">\n<div style=\"pointer-events:initial;width:100%;height:100%;display:block;position:absolute;top:0;left:0;z-index:0\" class=\"mask\" id=\"el-9313a18f-fec2-49b4-8a28-a9ef7859c7de\">\n<div class=\"fill\" style=\"will-change:transform\"><\/div>\n<\/div>\n<\/div>\n<\/div>\n<\/div>\n<p><\/amp-story-grid-layer><amp-story-grid-layer template=\"vertical\" aspect-ratio=\"412:618\" class=\"grid-layer\"><\/p>\n<div class=\"page-fullbleed-area\">\n<div class=\"page-safe-area\">\n<div style=\"position:absolute;pointer-events:none;left:0;top:-9.87055%;width:100.24272%;height:62.78317%;opacity:1\">\n<div style=\"pointer-events:initial;width:100%;height:100%;display:block;position:absolute;top:0;left:0;z-index:0\" class=\"mask\" id=\"el-64d6f7be-4b72-4568-abba-9ce9906ac794\">\n<div class=\"fill\" style=\"background-color:#245825;will-change:transform\"><\/div>\n<\/div>\n<\/div>\n<div style=\"position:absolute;pointer-events:none;left:13.59223%;top:58.09061%;width:72.57282%;height:37.86408%;opacity:1\">\n<div style=\"pointer-events:initial;width:100%;height:100%;display:block;position:absolute;top:0;left:0;z-index:0\" id=\"el-3d7586c8-a0a8-4fe9-99df-9119a4373885\">\n<h3 class=\"fill text-wrapper\" style=\"white-space:pre-line;overflow-wrap:break-word;word-break:break-word;margin:1.153846153846153% 0;font-family:&quot;Poppins&quot;,sans-serif;font-size:0.372168em;line-height:1.1;text-align:initial;padding:0;color:#000000\"><span>Veja tamb\u00e9m im\u00f3veis dispon\u00edveis para alugar em cada uma delas!<\/p>\n<p>Quem sabe seu pr\u00f3ximo lar est\u00e1 a poucos cliques de voc\u00ea \ud83e\udd29\ud83d\udc99<\/p>\n<p><\/span><\/h3>\n<\/div>\n<\/div>\n<div style=\"position:absolute;pointer-events:none;left:4.85437%;top:-6.47249%;width:90.7767%;height:55.98706%;opacity:1\">\n<div style=\"pointer-events:initial;width:100%;height:100%;display:block;position:absolute;top:0;left:0;z-index:0\" class=\"mask\" id=\"el-4e1b01d0-e9db-46ca-9b8a-9a233410c463\">\n<div style=\"position:absolute;width:164.54165%;height:100%;left:-32.27082%;top:0%\" data-leaf-element=\"true\"><amp-video id=\"el-4e1b01d0-e9db-46ca-9b8a-9a233410c463-media\" autoplay=\"autoplay\" loop=\"loop\" noaudio=\"noaudio\" poster=\"https:\/\/media.tenor.com\/nVtFkiotPhIAAAAe\/debora-aladim-historia-do-brasil-pelo-brasil.png\" layout=\"fill\" alt=\"V\u00eddeo de menina falando que \u00e9 mineira em frente \u00e0 uma igreja\"><source type=\"video\/mp4\" src=\"https:\/\/media.tenor.com\/nVtFkiotPhIAAAPo\/debora-aladim-historia-do-brasil-pelo-brasil.mp4\"\/><\/amp-video><\/div>\n<\/div>\n<\/div>\n<\/div>\n<\/div>\n<p><\/amp-story-grid-layer><\/amp-story-page><amp-story-page id=\"9445d78c-1905-45f5-be8e-79c8298ed3ec\" auto-advance-after=\"7s\"><amp-story-animation layout=\"nodisplay\" trigger=\"visibility\"><script type=\"application\/json\">[{\"selector\":\"#anim-b2281c81-6805-4cf7-aba2-c14e7b1b24db\",\"keyframes\":[{\"offset\":0,\"transform\":\"translate3d(0, -170.29846%, 0)\",\"easing\":\"cubic-bezier(.5, 0, 1, 1)\"},{\"offset\":0.29,\"transform\":\"translate3d(0, 0%, 0)\",\"easing\":\"cubic-bezier(0, 0, .5, 1)\"},{\"offset\":0.45,\"transform\":\"translate3d(0, -47.887926952%, 0)\",\"easing\":\"cubic-bezier(.5, 0, 1, 1)\"},{\"offset\":0.61,\"transform\":\"translate3d(0, 0%, 0)\",\"easing\":\"cubic-bezier(0, 0, .5, 1)\"},{\"offset\":0.71,\"transform\":\"translate3d(0, -16.280532776%, 0)\",\"easing\":\"cubic-bezier(.5, 0, 1, 1)\"},{\"offset\":0.8,\"transform\":\"translate3d(0, 0%, 0)\",\"easing\":\"cubic-bezier(0, 0, .5, 1)\"},{\"offset\":0.85,\"transform\":\"translate3d(0, -6.113714714%, 0)\",\"easing\":\"cubic-bezier(.5, 0, 1, 1)\"},{\"offset\":0.92,\"transform\":\"translate3d(0, 0%, 0)\",\"easing\":\"cubic-bezier(0, 0, .5, 1)\"},{\"offset\":0.96,\"transform\":\"translate3d(0, -2.656655976%, 0)\",\"easing\":\"cubic-bezier(.5, 0, 1, 1)\"},{\"offset\":1,\"transform\":\"translate3d(0, 0%, 0)\",\"easing\":\"cubic-bezier(0, 0, .5, 1)\"}],\"delay\":0,\"duration\":1600,\"fill\":\"both\"}]<\/script><\/amp-story-animation><amp-story-grid-layer template=\"vertical\" aspect-ratio=\"412:618\" class=\"grid-layer\"><\/p>\n<div class=\"page-fullbleed-area\" style=\"background-color:#245825\">\n<div class=\"page-safe-area\">\n<div style=\"position:absolute;pointer-events:none;left:0;top:-9.25926%;width:100%;height:118.51852%;opacity:1\">\n<div style=\"pointer-events:initial;width:100%;height:100%;display:block;position:absolute;top:0;left:0;z-index:0\" class=\"mask\" id=\"el-4a2cdd23-8124-4eb7-a9bf-1413f2f89d03\">\n<div class=\"fill\" style=\"will-change:transform\"><\/div>\n<\/div>\n<\/div>\n<\/div>\n<\/div>\n<p><\/amp-story-grid-layer><amp-story-grid-layer template=\"vertical\" aspect-ratio=\"412:618\" class=\"grid-layer\"><\/p>\n<div class=\"page-fullbleed-area\">\n<div class=\"page-safe-area\">\n<div style=\"position:absolute;pointer-events:none;left:11.16505%;top:0;width:77.18447%;height:50%;opacity:1\">\n<div id=\"anim-b2281c81-6805-4cf7-aba2-c14e7b1b24db\" class=\"animation-wrapper\" style=\"width:100%;height:100%;display:block;position:absolute;top:0;left:0;--initial-opacity:1;--initial-transform:translate3d(0, -170.29846%, 0)\">\n<div style=\"pointer-events:initial;width:100%;height:100%;display:block;position:absolute;top:0;left:0;z-index:0\" class=\"mask\" id=\"el-1a8c844b-c5d6-4172-b775-b9a6c464360f\">\n<div style=\"position:absolute;width:145.68187%;height:100%;left:-22.84093%;top:0%\" data-leaf-element=\"true\"><amp-img layout=\"fill\" src=\"https:\/\/www.quintoandar.com.br\/guias\/wp-content\/uploads\/2023\/04\/Praca-da-Liberdade-em-Belo-Horizonte-Foto-Shutterstock.jpg\" alt=\"Imagem de parque em Belo Horizonte\" srcSet=\"https:\/\/www.quintoandar.com.br\/guias\/wp-content\/uploads\/2023\/04\/Praca-da-Liberdade-em-Belo-Horizonte-Foto-Shutterstock.jpg 1000w,https:\/\/www.quintoandar.com.br\/guias\/wp-content\/uploads\/2023\/04\/Praca-da-Liberdade-em-Belo-Horizonte-Foto-Shutterstock-768x512.jpg 768w,https:\/\/www.quintoandar.com.br\/guias\/wp-content\/uploads\/2023\/04\/Praca-da-Liberdade-em-Belo-Horizonte-Foto-Shutterstock-300x200.jpg 300w,https:\/\/www.quintoandar.com.br\/guias\/wp-content\/uploads\/2023\/04\/Praca-da-Liberdade-em-Belo-Horizonte-Foto-Shutterstock-150x100.jpg 150w\" sizes=\"(min-width: 1024px) 35vh, 77vw\" disable-inline-width=\"true\"><\/amp-img><\/div>\n<\/div>\n<\/div>\n<\/div>\n<div style=\"position:absolute;pointer-events:none;left:11.40777%;top:53.55987%;width:66.50485%;height:5.98706%;opacity:1\">\n<div style=\"pointer-events:initial;width:100%;height:100%;display:block;position:absolute;top:0;left:0;z-index:0;border-radius:0.7299270072992701% 0.7299270072992701% 0.7299270072992701% 0.7299270072992701% \/ 5.405405405405405% 5.405405405405405% 5.405405405405405% 5.405405405405405%\" id=\"el-1acbd92b-3890-4375-868f-4c29796e5bd3\">\n<h3 class=\"fill text-wrapper\" style=\"white-space:pre-line;overflow-wrap:break-word;word-break:break-word;margin:0.948905109489051% 0;font-family:&quot;Poppins&quot;,sans-serif;font-size:0.420712em;line-height:1.2;text-align:initial;padding:0;color:#000000\"><span><span style=\"font-weight: 600; color: #f8f9f5\">Belo Horizonte<\/span><\/span><\/h3>\n<\/div>\n<\/div>\n<div style=\"position:absolute;pointer-events:none;left:11.65049%;top:61.16505%;width:75.72816%;height:31.71521%;opacity:1\">\n<div style=\"pointer-events:initial;width:100%;height:100%;display:block;position:absolute;top:0;left:0;z-index:0;border-radius:0.641025641025641% 0.641025641025641% 0.641025641025641% 0.641025641025641% \/ 1.0204081632653061% 1.0204081632653061% 1.0204081632653061% 1.0204081632653061%\" id=\"el-f58aac86-0d0f-4625-ba3f-ec49557c4ac1\">\n<p class=\"fill text-wrapper\" style=\"white-space:pre-line;overflow-wrap:break-word;word-break:break-word;margin:0.641025641025641% 0;font-family:&quot;Poppins&quot;,sans-serif;font-size:0.323625em;line-height:1.2;text-align:initial;padding:0;color:#000000\"><span><span style=\"color: #fff\">BH oferece uma infraestrutura repleta de equipamentos culturais, hospitais e cl\u00ednicas de refer\u00eancia, boa mobilidade e in\u00fameros servi\u00e7os de com\u00e9rcio em geral para seus moradores. E tudo isso sem abrir m\u00e3o dos ares de interior.<\/span><\/span><\/p>\n<\/div>\n<\/div>\n<\/div>\n<\/div>\n<p><\/amp-story-grid-layer><\/amp-story-page><amp-story-page id=\"1335f181-b774-4afb-b167-0819e52673f0\" auto-advance-after=\"7s\"><amp-story-animation layout=\"nodisplay\" trigger=\"visibility\"><script type=\"application\/json\">[{\"selector\":\"#anim-278dda61-3213-41a8-8043-a78a52bea5cf [data-leaf-element=\\\"true\\\"]\",\"keyframes\":{\"transform\":[\"translate3d(62.49999833260355%, 0, 0)\",\"translate3d(0%, 0, 0)\"]},\"delay\":0,\"duration\":2000,\"easing\":\"cubic-bezier(.3,0,.55,1)\",\"fill\":\"both\"}]<\/script><\/amp-story-animation><amp-story-grid-layer template=\"vertical\" aspect-ratio=\"412:618\" class=\"grid-layer\"><\/p>\n<div class=\"page-fullbleed-area\" style=\"background-color:#afafb1\">\n<div class=\"page-safe-area\">\n<div style=\"position:absolute;pointer-events:none;left:0;top:-9.25926%;width:100%;height:118.51852%;opacity:1\">\n<div id=\"anim-278dda61-3213-41a8-8043-a78a52bea5cf\" class=\"animation-wrapper\" style=\"width:100%;height:100%;display:block;position:absolute;top:0;left:0\">\n<div style=\"pointer-events:initial;width:100%;height:100%;display:block;position:absolute;top:0;left:0;z-index:0\" class=\"mask\" id=\"el-7ecba77e-6af1-41ec-a19d-c57b28a4da05\">\n<div style=\"position:absolute;width:266.66667%;height:100%;left:-166.66667%;top:0%\" data-leaf-element=\"true\"><amp-img layout=\"fill\" src=\"https:\/\/www.quintoandar.com.br\/guias\/wp-content\/uploads\/2023\/05\/893931629-211.561156226018452.webp\" alt=\"Im\u00f3vel para alugar em Belo Horizonte\" srcSet=\"https:\/\/www.quintoandar.com.br\/guias\/wp-content\/uploads\/2023\/05\/893931629-211.561156226018452.webp 1152w,https:\/\/www.quintoandar.com.br\/guias\/wp-content\/uploads\/2023\/05\/893931629-211.561156226018452-1024x683.webp 1024w,https:\/\/www.quintoandar.com.br\/guias\/wp-content\/uploads\/2023\/05\/893931629-211.561156226018452-768x512.webp 768w,https:\/\/www.quintoandar.com.br\/guias\/wp-content\/uploads\/2023\/05\/893931629-211.561156226018452-300x200.webp 300w,https:\/\/www.quintoandar.com.br\/guias\/wp-content\/uploads\/2023\/05\/893931629-211.561156226018452-150x100.webp 150w\" sizes=\"(min-width: 1024px) 120vh, 267vw\" disable-inline-width=\"true\"><\/amp-img><\/div>\n<\/div>\n<\/div>\n<\/div>\n<\/div>\n<\/div>\n<p><\/amp-story-grid-layer><amp-story-grid-layer template=\"vertical\" aspect-ratio=\"412:618\" class=\"grid-layer\"><\/p>\n<div class=\"page-fullbleed-area\">\n<div class=\"page-safe-area\"><\/div>\n<\/div>\n<p><\/amp-story-grid-layer><amp-story-page-outlink layout=\"nodisplay\" cta-image=\"https:\/\/www.quintoandar.com.br\/guias\/img\/med\/893931629-331.317826490351933.jpg\"><a href=\"https:\/\/www.quintoandar.com.br\/imovel\/893931629\/alugar\" rel=\"\">Ver im\u00f3vel<\/a><\/amp-story-page-outlink><\/amp-story-page><amp-story-page id=\"aa92bb25-30b1-4b33-9ae0-bde2566e2fb6\" auto-advance-after=\"7s\"><amp-story-animation layout=\"nodisplay\" trigger=\"visibility\"><script type=\"application\/json\">[{\"selector\":\"#anim-940250f0-c522-412c-bc7d-bf8aa29fa82c [data-leaf-element=\\\"true\\\"]\",\"keyframes\":{\"transform\":[\"translate3d(-43.74999965867719%, 0, 0)\",\"translate3d(0%, 0, 0)\"]},\"delay\":0,\"duration\":2000,\"easing\":\"cubic-bezier(.3,0,.55,1)\",\"fill\":\"both\"}]<\/script><\/amp-story-animation><amp-story-grid-layer template=\"vertical\" aspect-ratio=\"412:618\" class=\"grid-layer\"><\/p>\n<div class=\"page-fullbleed-area\" style=\"background-color:#c8bbaa\">\n<div class=\"page-safe-area\">\n<div style=\"position:absolute;pointer-events:none;left:0;top:-9.25926%;width:100%;height:118.51852%;opacity:1\">\n<div id=\"anim-940250f0-c522-412c-bc7d-bf8aa29fa82c\" class=\"animation-wrapper\" style=\"width:100%;height:100%;display:block;position:absolute;top:0;left:0\">\n<div style=\"pointer-events:initial;width:100%;height:100%;display:block;position:absolute;top:0;left:0;z-index:0\" class=\"mask\" id=\"el-a82e76ad-b550-4314-b454-7616c21af63d\">\n<div style=\"position:absolute;width:177.77778%;height:100%;left:0%;top:0%\" data-leaf-element=\"true\"><amp-img layout=\"fill\" src=\"https:\/\/www.quintoandar.com.br\/guias\/wp-content\/uploads\/2023\/05\/892882425-513.6859844347281RuaSoPaulo18011002Lourdes101220204de54.webp\" alt=\"Im\u00f3vel para alugar em Belo Horizonte\" srcSet=\"https:\/\/www.quintoandar.com.br\/guias\/wp-content\/uploads\/2023\/05\/892882425-513.6859844347281RuaSoPaulo18011002Lourdes101220204de54.webp 642w,https:\/\/www.quintoandar.com.br\/guias\/wp-content\/uploads\/2023\/05\/892882425-513.6859844347281RuaSoPaulo18011002Lourdes101220204de54-640x642.webp 640w,https:\/\/www.quintoandar.com.br\/guias\/wp-content\/uploads\/2023\/05\/892882425-513.6859844347281RuaSoPaulo18011002Lourdes101220204de54-300x300.webp 300w,https:\/\/www.quintoandar.com.br\/guias\/wp-content\/uploads\/2023\/05\/892882425-513.6859844347281RuaSoPaulo18011002Lourdes101220204de54-150x150.webp 150w,https:\/\/www.quintoandar.com.br\/guias\/wp-content\/uploads\/2023\/05\/892882425-513.6859844347281RuaSoPaulo18011002Lourdes101220204de54-96x96.webp 96w\" sizes=\"(min-width: 1024px) 80vh, 178vw\" disable-inline-width=\"true\"><\/amp-img><\/div>\n<\/div>\n<\/div>\n<\/div>\n<\/div>\n<\/div>\n<p><\/amp-story-grid-layer><amp-story-grid-layer template=\"vertical\" aspect-ratio=\"412:618\" class=\"grid-layer\"><\/p>\n<div class=\"page-fullbleed-area\">\n<div class=\"page-safe-area\"><\/div>\n<\/div>\n<p><\/amp-story-grid-layer><amp-story-page-outlink layout=\"nodisplay\" cta-image=\"https:\/\/www.quintoandar.com.br\/guias\/img\/med\/892882425-96.09674842462957RuaSoPaulo18011002Lourdes101220202de54.JPG\"><a href=\"https:\/\/www.quintoandar.com.br\/imovel\/892882425\/alugar\" rel=\"\">Ver im\u00f3vel<\/a><\/amp-story-page-outlink><\/amp-story-page><amp-story-page id=\"048d7c7a-448a-4d8e-b478-ac6ba1dc890f\" auto-advance-after=\"7s\"><amp-story-animation layout=\"nodisplay\" trigger=\"visibility\"><script type=\"application\/json\">[{\"selector\":\"#anim-40abcf97-db49-4a1c-ba5d-80a5239cecf8\",\"keyframes\":[{\"offset\":0,\"transform\":\"translate3d(0, -170.29846%, 0)\",\"easing\":\"cubic-bezier(.5, 0, 1, 1)\"},{\"offset\":0.29,\"transform\":\"translate3d(0, 0%, 0)\",\"easing\":\"cubic-bezier(0, 0, .5, 1)\"},{\"offset\":0.45,\"transform\":\"translate3d(0, -47.887926952%, 0)\",\"easing\":\"cubic-bezier(.5, 0, 1, 1)\"},{\"offset\":0.61,\"transform\":\"translate3d(0, 0%, 0)\",\"easing\":\"cubic-bezier(0, 0, .5, 1)\"},{\"offset\":0.71,\"transform\":\"translate3d(0, -16.280532776%, 0)\",\"easing\":\"cubic-bezier(.5, 0, 1, 1)\"},{\"offset\":0.8,\"transform\":\"translate3d(0, 0%, 0)\",\"easing\":\"cubic-bezier(0, 0, .5, 1)\"},{\"offset\":0.85,\"transform\":\"translate3d(0, -6.113714714%, 0)\",\"easing\":\"cubic-bezier(.5, 0, 1, 1)\"},{\"offset\":0.92,\"transform\":\"translate3d(0, 0%, 0)\",\"easing\":\"cubic-bezier(0, 0, .5, 1)\"},{\"offset\":0.96,\"transform\":\"translate3d(0, -2.656655976%, 0)\",\"easing\":\"cubic-bezier(.5, 0, 1, 1)\"},{\"offset\":1,\"transform\":\"translate3d(0, 0%, 0)\",\"easing\":\"cubic-bezier(0, 0, .5, 1)\"}],\"delay\":0,\"duration\":1600,\"fill\":\"both\"}]<\/script><\/amp-story-animation><amp-story-grid-layer template=\"vertical\" aspect-ratio=\"412:618\" class=\"grid-layer\"><\/p>\n<div class=\"page-fullbleed-area\" style=\"background-color:#245825\">\n<div class=\"page-safe-area\">\n<div style=\"position:absolute;pointer-events:none;left:0;top:-9.25926%;width:100%;height:118.51852%;opacity:1\">\n<div style=\"pointer-events:initial;width:100%;height:100%;display:block;position:absolute;top:0;left:0;z-index:0\" class=\"mask\" id=\"el-15e156ea-f32f-4e78-8186-42cb76b46c9e\">\n<div class=\"fill\" style=\"will-change:transform\"><\/div>\n<\/div>\n<\/div>\n<\/div>\n<\/div>\n<p><\/amp-story-grid-layer><amp-story-grid-layer template=\"vertical\" aspect-ratio=\"412:618\" class=\"grid-layer\"><\/p>\n<div class=\"page-fullbleed-area\">\n<div class=\"page-safe-area\">\n<div style=\"position:absolute;pointer-events:none;left:11.16505%;top:0;width:77.18447%;height:50%;opacity:1\">\n<div id=\"anim-40abcf97-db49-4a1c-ba5d-80a5239cecf8\" class=\"animation-wrapper\" style=\"width:100%;height:100%;display:block;position:absolute;top:0;left:0;--initial-opacity:1;--initial-transform:translate3d(0, -170.29846%, 0)\">\n<div style=\"pointer-events:initial;width:100%;height:100%;display:block;position:absolute;top:0;left:0;z-index:0\" class=\"mask\" id=\"el-dbaf9fe9-478f-4e54-bee7-e3990a8d13c3\">\n<div style=\"position:absolute;width:115.95442%;height:100%;left:-7.97721%;top:0%\" data-leaf-element=\"true\"><amp-img layout=\"fill\" src=\"https:\/\/www.quintoandar.com.br\/guias\/wp-content\/uploads\/2022\/09\/Bairros-de-Nova-Lima.jpg\" alt=\"Imagem da cidade de Nova Lima\" srcSet=\"https:\/\/www.quintoandar.com.br\/guias\/wp-content\/uploads\/2022\/09\/Bairros-de-Nova-Lima.jpg 1000w\" sizes=\"(min-width: 1024px) 35vh, 77vw\" disable-inline-width=\"true\"><\/amp-img><\/div>\n<\/div>\n<\/div>\n<\/div>\n<div style=\"position:absolute;pointer-events:none;left:11.40777%;top:53.55987%;width:66.50485%;height:5.98706%;opacity:1\">\n<div style=\"pointer-events:initial;width:100%;height:100%;display:block;position:absolute;top:0;left:0;z-index:0;border-radius:0.7299270072992701% 0.7299270072992701% 0.7299270072992701% 0.7299270072992701% \/ 5.405405405405405% 5.405405405405405% 5.405405405405405% 5.405405405405405%\" id=\"el-62399cbb-508a-4a3c-8372-d79c85dc1202\">\n<h3 class=\"fill text-wrapper\" style=\"white-space:pre-line;overflow-wrap:break-word;word-break:break-word;margin:0.948905109489051% 0;font-family:&quot;Poppins&quot;,sans-serif;font-size:0.420712em;line-height:1.2;text-align:initial;padding:0;color:#000000\"><span><span style=\"font-weight: 600; color: #f8f9f5\">Nova Lima<\/span><\/span><\/h3>\n<\/div>\n<\/div>\n<div style=\"position:absolute;pointer-events:none;left:12.13592%;top:60.5178%;width:75%;height:39.4822%;opacity:1\">\n<div style=\"pointer-events:initial;width:100%;height:100%;display:block;position:absolute;top:0;left:0;z-index:0;border-radius:0.6472491909385114% 0.6472491909385114% 0.6472491909385114% 0.6472491909385114% \/ 0.819672131147541% 0.819672131147541% 0.819672131147541% 0.819672131147541%\" id=\"el-8e8f387f-476e-466f-aadb-4daf4258d8a2\">\n<p class=\"fill text-wrapper\" style=\"white-space:pre-line;overflow-wrap:break-word;word-break:break-word;margin:0.6472491909385114% 0;font-family:&quot;Poppins&quot;,sans-serif;font-size:0.323625em;line-height:1.2;text-align:initial;padding:0;color:#000000\"><span><span style=\"color: #fff\">Nova Lima \u00e9 uma cidade muito bem desenvolvida e tem um clima que mescla urbano e rural, com com\u00e9rcios e servi\u00e7os bastante eficientes, que oferecem qualidade de vida a seus moradores e visitantes. N\u00e3o \u00e9 atoa que a cidade que tem o melhor IDH (0,813) de Minas Gerais.<\/span><\/span><\/p>\n<\/div>\n<\/div>\n<\/div>\n<\/div>\n<p><\/amp-story-grid-layer><\/amp-story-page><amp-story-page id=\"03f2a330-0ac2-4658-a9fb-27fc9b9f70bb\" auto-advance-after=\"7s\"><amp-story-animation layout=\"nodisplay\" trigger=\"visibility\"><script type=\"application\/json\">[{\"selector\":\"#anim-21621721-162f-4d52-b7f9-e83b1dbf0216 [data-leaf-element=\\\"true\\\"]\",\"keyframes\":{\"transform\":[\"translate3d(-43.74999965867719%, 0, 0)\",\"translate3d(0%, 0, 0)\"]},\"delay\":0,\"duration\":2000,\"easing\":\"cubic-bezier(.3,0,.55,1)\",\"fill\":\"both\"}]<\/script><\/amp-story-animation><amp-story-grid-layer template=\"vertical\" aspect-ratio=\"412:618\" class=\"grid-layer\"><\/p>\n<div class=\"page-fullbleed-area\" style=\"background-color:#ccc6bf\">\n<div class=\"page-safe-area\">\n<div style=\"position:absolute;pointer-events:none;left:0;top:-9.25926%;width:100%;height:118.51852%;opacity:1\">\n<div id=\"anim-21621721-162f-4d52-b7f9-e83b1dbf0216\" class=\"animation-wrapper\" style=\"width:100%;height:100%;display:block;position:absolute;top:0;left:0\">\n<div style=\"pointer-events:initial;width:100%;height:100%;display:block;position:absolute;top:0;left:0;z-index:0\" class=\"mask\" id=\"el-f93249df-4354-4460-a259-ae36fcf17469\">\n<div style=\"position:absolute;width:177.77778%;height:100%;left:0%;top:0%\" data-leaf-element=\"true\"><amp-img layout=\"fill\" src=\"https:\/\/www.quintoandar.com.br\/guias\/wp-content\/uploads\/2023\/05\/893856962-344.365872589466969502032188f0d0cdd7b60821a12d9678.webp\" alt=\"Im\u00f3vel para alugar em Nova Lima\" srcSet=\"https:\/\/www.quintoandar.com.br\/guias\/wp-content\/uploads\/2023\/05\/893856962-344.365872589466969502032188f0d0cdd7b60821a12d9678.webp 642w,https:\/\/www.quintoandar.com.br\/guias\/wp-content\/uploads\/2023\/05\/893856962-344.365872589466969502032188f0d0cdd7b60821a12d9678-640x642.webp 640w,https:\/\/www.quintoandar.com.br\/guias\/wp-content\/uploads\/2023\/05\/893856962-344.365872589466969502032188f0d0cdd7b60821a12d9678-300x300.webp 300w,https:\/\/www.quintoandar.com.br\/guias\/wp-content\/uploads\/2023\/05\/893856962-344.365872589466969502032188f0d0cdd7b60821a12d9678-150x150.webp 150w,https:\/\/www.quintoandar.com.br\/guias\/wp-content\/uploads\/2023\/05\/893856962-344.365872589466969502032188f0d0cdd7b60821a12d9678-96x96.webp 96w\" sizes=\"(min-width: 1024px) 80vh, 178vw\" disable-inline-width=\"true\"><\/amp-img><\/div>\n<\/div>\n<\/div>\n<\/div>\n<\/div>\n<\/div>\n<p><\/amp-story-grid-layer><amp-story-grid-layer template=\"vertical\" aspect-ratio=\"412:618\" class=\"grid-layer\"><\/p>\n<div class=\"page-fullbleed-area\">\n<div class=\"page-safe-area\"><\/div>\n<\/div>\n<p><\/amp-story-grid-layer><amp-story-page-outlink layout=\"nodisplay\" cta-image=\"https:\/\/www.quintoandar.com.br\/guias\/img\/med\/893856962-168.5863785120204293ff75112f0b8a60355acf850a895421.jpg\"><a href=\"https:\/\/www.quintoandar.com.br\/imovel\/893856962\/alugar\" rel=\"\">Ver im\u00f3vel<\/a><\/amp-story-page-outlink><\/amp-story-page><amp-story-page id=\"e9e0611c-a4e0-46cb-a0f8-809c0ac250b9\" auto-advance-after=\"7s\"><amp-story-animation layout=\"nodisplay\" trigger=\"visibility\"><script type=\"application\/json\">[{\"selector\":\"#anim-c55e491b-003e-4374-8f7b-d0eee5e24f58 [data-leaf-element=\\\"true\\\"]\",\"keyframes\":{\"transform\":[\"translate3d(62.49999977245145%, 0, 0)\",\"translate3d(0%, 0, 0)\"]},\"delay\":0,\"duration\":2000,\"easing\":\"cubic-bezier(.3,0,.55,1)\",\"fill\":\"both\"}]<\/script><\/amp-story-animation><amp-story-grid-layer template=\"vertical\" aspect-ratio=\"412:618\" class=\"grid-layer\"><\/p>\n<div class=\"page-fullbleed-area\" style=\"background-color:#dcd9d9\">\n<div class=\"page-safe-area\">\n<div style=\"position:absolute;pointer-events:none;left:0;top:-9.25926%;width:100%;height:118.51852%;opacity:1\">\n<div id=\"anim-c55e491b-003e-4374-8f7b-d0eee5e24f58\" class=\"animation-wrapper\" style=\"width:100%;height:100%;display:block;position:absolute;top:0;left:0\">\n<div style=\"pointer-events:initial;width:100%;height:100%;display:block;position:absolute;top:0;left:0;z-index:0\" class=\"mask\" id=\"el-091992a6-de1b-4f6b-b28c-5e1688990472\">\n<div style=\"position:absolute;width:266.66667%;height:100%;left:-166.66667%;top:0%\" data-leaf-element=\"true\"><amp-img layout=\"fill\" src=\"https:\/\/www.quintoandar.com.br\/guias\/wp-content\/uploads\/2023\/05\/893999905-310.2608365079424320230316sessao153903301.webp\" alt=\"Im\u00f3vel para alugar em Nova Lima\" srcSet=\"https:\/\/www.quintoandar.com.br\/guias\/wp-content\/uploads\/2023\/05\/893999905-310.2608365079424320230316sessao153903301.webp 1152w,https:\/\/www.quintoandar.com.br\/guias\/wp-content\/uploads\/2023\/05\/893999905-310.2608365079424320230316sessao153903301-1024x683.webp 1024w,https:\/\/www.quintoandar.com.br\/guias\/wp-content\/uploads\/2023\/05\/893999905-310.2608365079424320230316sessao153903301-768x512.webp 768w,https:\/\/www.quintoandar.com.br\/guias\/wp-content\/uploads\/2023\/05\/893999905-310.2608365079424320230316sessao153903301-300x200.webp 300w,https:\/\/www.quintoandar.com.br\/guias\/wp-content\/uploads\/2023\/05\/893999905-310.2608365079424320230316sessao153903301-150x100.webp 150w\" sizes=\"(min-width: 1024px) 120vh, 267vw\" disable-inline-width=\"true\"><\/amp-img><\/div>\n<\/div>\n<\/div>\n<\/div>\n<\/div>\n<\/div>\n<p><\/amp-story-grid-layer><amp-story-grid-layer template=\"vertical\" aspect-ratio=\"412:618\" class=\"grid-layer\"><\/p>\n<div class=\"page-fullbleed-area\">\n<div class=\"page-safe-area\"><\/div>\n<\/div>\n<p><\/amp-story-grid-layer><amp-story-page-outlink layout=\"nodisplay\" cta-image=\"https:\/\/www.quintoandar.com.br\/guias\/img\/med\/893999905-310.2608365079424320230316sessao153903301.jpg\"><a href=\"https:\/\/www.quintoandar.com.br\/imovel\/893999905\/alugar\" rel=\"\">Ver im\u00f3vel<\/a><\/amp-story-page-outlink><\/amp-story-page><amp-story-page id=\"f3235171-ef09-4d4c-a9fd-9aa0170228b2\" auto-advance-after=\"7s\"><amp-story-animation layout=\"nodisplay\" trigger=\"visibility\"><script type=\"application\/json\">[{\"selector\":\"#anim-aaab17f6-ff6f-4512-98f0-6569ca5e969f\",\"keyframes\":[{\"offset\":0,\"transform\":\"translate3d(0, -170.29846%, 0)\",\"easing\":\"cubic-bezier(.5, 0, 1, 1)\"},{\"offset\":0.29,\"transform\":\"translate3d(0, 0%, 0)\",\"easing\":\"cubic-bezier(0, 0, .5, 1)\"},{\"offset\":0.45,\"transform\":\"translate3d(0, -47.887926952%, 0)\",\"easing\":\"cubic-bezier(.5, 0, 1, 1)\"},{\"offset\":0.61,\"transform\":\"translate3d(0, 0%, 0)\",\"easing\":\"cubic-bezier(0, 0, .5, 1)\"},{\"offset\":0.71,\"transform\":\"translate3d(0, -16.280532776%, 0)\",\"easing\":\"cubic-bezier(.5, 0, 1, 1)\"},{\"offset\":0.8,\"transform\":\"translate3d(0, 0%, 0)\",\"easing\":\"cubic-bezier(0, 0, .5, 1)\"},{\"offset\":0.85,\"transform\":\"translate3d(0, -6.113714714%, 0)\",\"easing\":\"cubic-bezier(.5, 0, 1, 1)\"},{\"offset\":0.92,\"transform\":\"translate3d(0, 0%, 0)\",\"easing\":\"cubic-bezier(0, 0, .5, 1)\"},{\"offset\":0.96,\"transform\":\"translate3d(0, -2.656655976%, 0)\",\"easing\":\"cubic-bezier(.5, 0, 1, 1)\"},{\"offset\":1,\"transform\":\"translate3d(0, 0%, 0)\",\"easing\":\"cubic-bezier(0, 0, .5, 1)\"}],\"delay\":0,\"duration\":1600,\"fill\":\"both\"}]<\/script><\/amp-story-animation><amp-story-grid-layer template=\"vertical\" aspect-ratio=\"412:618\" class=\"grid-layer\"><\/p>\n<div class=\"page-fullbleed-area\" style=\"background-color:#245825\">\n<div class=\"page-safe-area\">\n<div style=\"position:absolute;pointer-events:none;left:0;top:-9.25926%;width:100%;height:118.51852%;opacity:1\">\n<div style=\"pointer-events:initial;width:100%;height:100%;display:block;position:absolute;top:0;left:0;z-index:0\" class=\"mask\" id=\"el-a473f186-8812-484d-89e8-c632bf474504\">\n<div class=\"fill\" style=\"will-change:transform\"><\/div>\n<\/div>\n<\/div>\n<\/div>\n<\/div>\n<p><\/amp-story-grid-layer><amp-story-grid-layer template=\"vertical\" aspect-ratio=\"412:618\" class=\"grid-layer\"><\/p>\n<div class=\"page-fullbleed-area\">\n<div class=\"page-safe-area\">\n<div style=\"position:absolute;pointer-events:none;left:11.16505%;top:0;width:77.18447%;height:50%;opacity:1\">\n<div id=\"anim-aaab17f6-ff6f-4512-98f0-6569ca5e969f\" class=\"animation-wrapper\" style=\"width:100%;height:100%;display:block;position:absolute;top:0;left:0;--initial-opacity:1;--initial-transform:translate3d(0, -170.29846%, 0)\">\n<div style=\"pointer-events:initial;width:100%;height:100%;display:block;position:absolute;top:0;left:0;z-index:0\" class=\"mask\" id=\"el-6cee4df7-d599-47be-9e14-c8e6883175c1\">\n<div style=\"position:absolute;width:129.72866%;height:100%;left:-14.86433%;top:0%\" data-leaf-element=\"true\"><amp-img layout=\"fill\" src=\"https:\/\/www.quintoandar.com.br\/guias\/wp-content\/uploads\/2022\/09\/Bairros-de-Uberlandia.jpg\" alt=\"Imagem da cidade de Uberl\u00e2ndia\" srcSet=\"https:\/\/www.quintoandar.com.br\/guias\/wp-content\/uploads\/2022\/09\/Bairros-de-Uberlandia.jpg 1024w\" sizes=\"(min-width: 1024px) 35vh, 77vw\" disable-inline-width=\"true\"><\/amp-img><\/div>\n<\/div>\n<\/div>\n<\/div>\n<div style=\"position:absolute;pointer-events:none;left:11.40777%;top:53.55987%;width:66.50485%;height:5.98706%;opacity:1\">\n<div style=\"pointer-events:initial;width:100%;height:100%;display:block;position:absolute;top:0;left:0;z-index:0;border-radius:0.7299270072992701% 0.7299270072992701% 0.7299270072992701% 0.7299270072992701% \/ 5.405405405405405% 5.405405405405405% 5.405405405405405% 5.405405405405405%\" id=\"el-071f8b8f-5a98-41e4-9756-a9abfd4c7ce2\">\n<h3 class=\"fill text-wrapper\" style=\"white-space:pre-line;overflow-wrap:break-word;word-break:break-word;margin:0.948905109489051% 0;font-family:&quot;Poppins&quot;,sans-serif;font-size:0.420712em;line-height:1.2;text-align:initial;padding:0;color:#000000\"><span><span style=\"font-weight: 700; color: #f8f9f5\">Uberl\u00e2ndia<\/span><\/span><\/h3>\n<\/div>\n<\/div>\n<div style=\"position:absolute;pointer-events:none;left:11.65049%;top:61.48867%;width:75.24272%;height:27.6699%;opacity:1\">\n<div style=\"pointer-events:initial;width:100%;height:100%;display:block;position:absolute;top:0;left:0;z-index:0;border-radius:0.6451612903225806% 0.6451612903225806% 0.6451612903225806% 0.6451612903225806% \/ 1.1695906432748537% 1.1695906432748537% 1.1695906432748537% 1.1695906432748537%\" id=\"el-68e95a4a-5fe8-4db2-8644-eff7af486ceb\">\n<p class=\"fill text-wrapper\" style=\"white-space:pre-line;overflow-wrap:break-word;word-break:break-word;margin:0.6451612903225806% 0;font-family:&quot;Poppins&quot;,sans-serif;font-size:0.323625em;line-height:1.2;text-align:initial;padding:0;color:#000000\"><span><span style=\"color: #fff\">Os mais de 700 mil moradores de Uberl\u00e2ndia contam com uma ampla infraestrutura que garante todos os tipos de servi\u00e7os, com\u00e9rcios, educa\u00e7\u00e3o, sa\u00fade, al\u00e9m de muitas op\u00e7\u00f5es para lazer.<\/span><\/span><\/p>\n<\/div>\n<\/div>\n<\/div>\n<\/div>\n<p><\/amp-story-grid-layer><\/amp-story-page><amp-story-page id=\"1e5f9983-aa5c-45df-bdac-50c3898f2cc6\" auto-advance-after=\"7s\"><amp-story-animation layout=\"nodisplay\" trigger=\"visibility\"><script type=\"application\/json\">[{\"selector\":\"#anim-dbcb6665-ea77-4362-a827-fddcf8d09875 [data-leaf-element=\\\"true\\\"]\",\"keyframes\":{\"transform\":[\"translate3d(-62.49999939794447%, 0, 0)\",\"translate3d(0%, 0, 0)\"]},\"delay\":0,\"duration\":2000,\"easing\":\"cubic-bezier(.3,0,.55,1)\",\"fill\":\"both\"}]<\/script><\/amp-story-animation><amp-story-grid-layer template=\"vertical\" aspect-ratio=\"412:618\" class=\"grid-layer\"><\/p>\n<div class=\"page-fullbleed-area\" style=\"background-color:#c7c5c3\">\n<div class=\"page-safe-area\">\n<div style=\"position:absolute;pointer-events:none;left:0;top:-9.25926%;width:100%;height:118.51852%;opacity:1\">\n<div id=\"anim-dbcb6665-ea77-4362-a827-fddcf8d09875\" class=\"animation-wrapper\" style=\"width:100%;height:100%;display:block;position:absolute;top:0;left:0\">\n<div style=\"pointer-events:initial;width:100%;height:100%;display:block;position:absolute;top:0;left:0;z-index:0\" class=\"mask\" id=\"el-811d7920-2274-422b-85e8-eacbbcf4ec19\">\n<div style=\"position:absolute;width:266.66667%;height:100%;left:0%;top:0%\" data-leaf-element=\"true\"><amp-img layout=\"fill\" src=\"https:\/\/www.quintoandar.com.br\/guias\/wp-content\/uploads\/2023\/05\/893757707-927.4824795984905003.webp\" alt=\"Im\u00f3vel para alugar em Uberl\u00e2ndia\" srcSet=\"https:\/\/www.quintoandar.com.br\/guias\/wp-content\/uploads\/2023\/05\/893757707-927.4824795984905003.webp 1152w,https:\/\/www.quintoandar.com.br\/guias\/wp-content\/uploads\/2023\/05\/893757707-927.4824795984905003-1024x683.webp 1024w,https:\/\/www.quintoandar.com.br\/guias\/wp-content\/uploads\/2023\/05\/893757707-927.4824795984905003-768x512.webp 768w,https:\/\/www.quintoandar.com.br\/guias\/wp-content\/uploads\/2023\/05\/893757707-927.4824795984905003-300x200.webp 300w,https:\/\/www.quintoandar.com.br\/guias\/wp-content\/uploads\/2023\/05\/893757707-927.4824795984905003-150x100.webp 150w\" sizes=\"(min-width: 1024px) 120vh, 267vw\" disable-inline-width=\"true\"><\/amp-img><\/div>\n<\/div>\n<\/div>\n<\/div>\n<\/div>\n<\/div>\n<p><\/amp-story-grid-layer><amp-story-grid-layer template=\"vertical\" aspect-ratio=\"412:618\" class=\"grid-layer\"><\/p>\n<div class=\"page-fullbleed-area\">\n<div class=\"page-safe-area\"><\/div>\n<\/div>\n<p><\/amp-story-grid-layer><amp-story-page-outlink layout=\"nodisplay\" cta-image=\"https:\/\/www.quintoandar.com.br\/guias\/img\/med\/893757707-534.5222168437018002.jpg\"><a href=\"https:\/\/www.quintoandar.com.br\/imovel\/893757707\/alugar\" rel=\"\">Ver im\u00f3vel<\/a><\/amp-story-page-outlink><\/amp-story-page><amp-story-page id=\"58ce5c87-7753-4d45-85d2-258b7b4f611a\" auto-advance-after=\"7s\"><amp-story-animation layout=\"nodisplay\" trigger=\"visibility\"><script type=\"application\/json\">[{\"selector\":\"#anim-18b25ce2-302f-4576-8bd3-02d51683deb7 [data-leaf-element=\\\"true\\\"]\",\"keyframes\":{\"transform\":[\"translate3d(-62.49999939794447%, 0, 0)\",\"translate3d(0%, 0, 0)\"]},\"delay\":0,\"duration\":2000,\"easing\":\"cubic-bezier(.3,0,.55,1)\",\"fill\":\"both\"}]<\/script><\/amp-story-animation><amp-story-grid-layer template=\"vertical\" aspect-ratio=\"412:618\" class=\"grid-layer\"><\/p>\n<div class=\"page-fullbleed-area\" style=\"background-color:#939090\">\n<div class=\"page-safe-area\">\n<div style=\"position:absolute;pointer-events:none;left:0;top:-9.25926%;width:100%;height:118.51852%;opacity:1\">\n<div id=\"anim-18b25ce2-302f-4576-8bd3-02d51683deb7\" class=\"animation-wrapper\" style=\"width:100%;height:100%;display:block;position:absolute;top:0;left:0\">\n<div style=\"pointer-events:initial;width:100%;height:100%;display:block;position:absolute;top:0;left:0;z-index:0\" class=\"mask\" id=\"el-fb2f7f59-831c-4595-bbd0-670a4f83d24f\">\n<div style=\"position:absolute;width:266.66667%;height:100%;left:0%;top:0%\" data-leaf-element=\"true\"><amp-img layout=\"fill\" src=\"https:\/\/www.quintoandar.com.br\/guias\/wp-content\/uploads\/2023\/05\/893520146-679.18858499160882Sala.webp\" alt=\"Im\u00f3vel para alugar em Uberl\u00e2ndia\" srcSet=\"https:\/\/www.quintoandar.com.br\/guias\/wp-content\/uploads\/2023\/05\/893520146-679.18858499160882Sala.webp 1152w,https:\/\/www.quintoandar.com.br\/guias\/wp-content\/uploads\/2023\/05\/893520146-679.18858499160882Sala-1024x683.webp 1024w,https:\/\/www.quintoandar.com.br\/guias\/wp-content\/uploads\/2023\/05\/893520146-679.18858499160882Sala-768x512.webp 768w,https:\/\/www.quintoandar.com.br\/guias\/wp-content\/uploads\/2023\/05\/893520146-679.18858499160882Sala-300x200.webp 300w,https:\/\/www.quintoandar.com.br\/guias\/wp-content\/uploads\/2023\/05\/893520146-679.18858499160882Sala-150x100.webp 150w\" sizes=\"(min-width: 1024px) 120vh, 267vw\" disable-inline-width=\"true\"><\/amp-img><\/div>\n<\/div>\n<\/div>\n<\/div>\n<\/div>\n<\/div>\n<p><\/amp-story-grid-layer><amp-story-grid-layer template=\"vertical\" aspect-ratio=\"412:618\" class=\"grid-layer\"><\/p>\n<div class=\"page-fullbleed-area\">\n<div class=\"page-safe-area\"><\/div>\n<\/div>\n<p><\/amp-story-grid-layer><amp-story-page-outlink layout=\"nodisplay\" cta-image=\"https:\/\/www.quintoandar.com.br\/guias\/img\/med\/893520146-679.18858499160882Sala.jpg\"><a href=\"https:\/\/www.quintoandar.com.br\/imovel\/893520146\/alugar\" rel=\"\">Ver im\u00f3vel<\/a><\/amp-story-page-outlink><\/amp-story-page><amp-story-page id=\"a2b48a03-fac8-4c26-a9c0-af96cda262c5\" auto-advance-after=\"7s\"><amp-story-grid-layer template=\"vertical\" aspect-ratio=\"412:618\" class=\"grid-layer\"><\/p>\n<div class=\"page-fullbleed-area\" style=\"background-color:#245825\">\n<div class=\"page-safe-area\">\n<div style=\"position:absolute;pointer-events:none;left:0;top:-9.25926%;width:100%;height:118.51852%;opacity:1\">\n<div style=\"pointer-events:initial;width:100%;height:100%;display:block;position:absolute;top:0;left:0;z-index:0\" class=\"mask\" id=\"el-e846e6b1-26f8-4708-8ddc-8a63932b26c5\">\n<div class=\"fill\" style=\"will-change:transform\"><\/div>\n<\/div>\n<\/div>\n<\/div>\n<\/div>\n<p><\/amp-story-grid-layer><amp-story-grid-layer template=\"vertical\" aspect-ratio=\"412:618\" class=\"grid-layer\"><\/p>\n<div class=\"page-fullbleed-area\">\n<div class=\"page-safe-area\">\n<div style=\"position:absolute;pointer-events:none;left:14.56311%;top:45.63107%;width:77.6699%;height:36.73139%;opacity:1\">\n<div style=\"pointer-events:initial;width:100%;height:100%;display:block;position:absolute;top:0;left:0;z-index:0;border-radius:0.625% 0.625% 0.625% 0.625% \/ 0.881057268722467% 0.881057268722467% 0.881057268722467% 0.881057268722467%\" id=\"el-2890fb4a-7df1-4269-9ffa-d235b58c7f79\">\n<h2 class=\"fill text-wrapper\" style=\"white-space:pre-line;overflow-wrap:break-word;word-break:break-word;margin:1.5468749999999987% 0;font-family:&quot;Poppins&quot;,sans-serif;font-size:0.533981em;line-height:1.1;text-align:left;padding:0;color:#000000\"><span><span style=\"font-weight: 600; color: #f8f9f5\">Conhe\u00e7a mais sobre essas e outras das melhores cidades para morar em Minas Gerais!<\/span><\/span><\/h2>\n<\/div>\n<\/div>\n<div style=\"position:absolute;pointer-events:none;left:0;top:-14.23948%;width:132.03883%;height:49.67638%;opacity:1\">\n<div style=\"pointer-events:initial;width:100%;height:100%;display:block;position:absolute;top:0;left:0;z-index:0\" class=\"mask\" id=\"el-7516ecb7-5cf7-4f97-a95b-02c29f143028\">\n<div style=\"position:absolute;width:100.39653%;height:100%;left:-0.19827%;top:0%\" data-leaf-element=\"true\"><amp-img layout=\"fill\" src=\"https:\/\/www.quintoandar.com.br\/guias\/wp-content\/uploads\/2022\/03\/image1-1-scaled.jpeg\" alt=\"Ilustra\u00e7\u00e3o de parque com pessoas em volta\" srcSet=\"https:\/\/www.quintoandar.com.br\/guias\/wp-content\/uploads\/2022\/03\/image1-1-scaled.jpeg 2560w,https:\/\/www.quintoandar.com.br\/guias\/wp-content\/uploads\/2022\/03\/image1-1-2048x1151.jpeg 2048w,https:\/\/www.quintoandar.com.br\/guias\/wp-content\/uploads\/2022\/03\/image1-1-1536x864.jpeg 1536w,https:\/\/www.quintoandar.com.br\/guias\/wp-content\/uploads\/2022\/03\/image1-1-1024x576.jpeg 1024w,https:\/\/www.quintoandar.com.br\/guias\/wp-content\/uploads\/2022\/03\/image1-1-768x432.jpeg 768w,https:\/\/www.quintoandar.com.br\/guias\/wp-content\/uploads\/2022\/03\/image1-1-300x169.jpeg 300w,https:\/\/www.quintoandar.com.br\/guias\/wp-content\/uploads\/2022\/03\/image1-1-150x84.jpeg 150w\" sizes=\"(min-width: 1024px) 59vh, 132vw\" disable-inline-width=\"true\"><\/amp-img><\/div>\n<\/div>\n<\/div>\n<\/div>\n<\/div>\n<p><\/amp-story-grid-layer><amp-story-page-outlink layout=\"nodisplay\" cta-image=\"https:\/\/www.quintoandar.com.br\/guias\/wp-content\/uploads\/2022\/05\/Melhores-cidades-de-Minas-Gerais-Nova-Lima.jpg\"><a href=\"https:\/\/www.quintoandar.com.br\/guias\/cidades\/melhores-cidades-de-minas-gerais\/\" rel=\"\">Arraste aqui<\/a><\/amp-story-page-outlink><\/amp-story-page><\/amp-story><\/body><\/html><\/p>\n<style class=\"advgb-styles-renderer\">body{-webkit-animation:-amp-start 8s steps(1,end) 0s 1 normal both;-moz-animation:-amp-start 8s steps(1,end) 0s 1 normal both;-ms-animation:-amp-start 8s steps(1,end) 0s 1 normal both;animation:-amp-start 8s steps(1,end) 0s 1 normal both}@-webkit-keyframes -amp-start{from{visibility:hidden}to{visibility:visible}}@-moz-keyframes -amp-start{from{visibility:hidden}to{visibility:visible}}@-ms-keyframes -amp-start{from{visibility:hidden}to{visibility:visible}}@-o-keyframes -amp-start{from{visibility:hidden}to{visibility:visible}}@keyframes -amp-start{from{visibility:hidden}to{visibility:visible}}body{-webkit-animation:none;-moz-animation:none;-ms-animation:none;animation:none}\n              h1, h2, h3 { font-weight: normal; }<\/p>\n<p>              amp-story-page {\n                background-color: #131516;\n              }<\/p>\n<p>              amp-story-grid-layer {\n                overflow: visible;\n              }<\/p>\n<p>              @media (max-aspect-ratio: 9 \/ 16)  {\n                @media (min-aspect-ratio: 320 \/ 678) {\n                  amp-story-grid-layer.grid-layer {\n                    margin-top: calc((100% \/ 0.5625 - 100% \/ 0.6666666666666666) \/ 2);\n                  }\n                }\n              }<\/p>\n<p>              @media not all and (min-resolution:.001dpcm) {\n                @media {\n                  p.text-wrapper > span {\n                    font-size: calc(100% - 0.5px);\n                  }\n                }\n              }<\/p>\n<p>              .page-fullbleed-area,\n              .page-background-overlay-area {\n                position: absolute;\n                overflow: hidden;\n                width: 100%;\n                left: 0;\n                height: calc(1.1851851851851851 * 100%);\n                top: calc((1 - 1.1851851851851851) * 100% \/ 2);\n              }<\/p>\n<p>              .element-overlay-area {\n                position: absolute;\n                width: 100%;\n                height: 100%;\n                top: 0;\n                left: 0;\n              }<\/p>\n<p>              .page-safe-area {\n                overflow: visible;\n                position: absolute;\n                top: 0;\n                bottom: 0;\n                left: 0;\n                right: 0;\n                width: 100%;\n                height: calc(0.84375 * 100%);\n                margin: auto 0;\n              }<\/p>\n<p>              .mask {\n                position: absolute;\n                overflow: hidden;\n              }<\/p>\n<p>              .fill {\n                position: absolute;\n                top: 0;\n                left: 0;\n                right: 0;\n                bottom: 0;\n                margin: 0;\n              }<\/p>\n<p>              @media (prefers-reduced-motion: no-preference) {\n                .animation-wrapper {\n                  opacity: var(--initial-opacity);\n                  transform: var(--initial-transform);\n                }\n              }<\/p>\n<p>              amp-story-grid-layer.align-bottom {\n                align-content: end;\n                padding: 0;\n              }<\/p>\n<p>              .captions-area {\n                padding: 0 32px 0;\n              }<\/p>\n<p>              amp-story-captions {\n                margin-bottom: 16px;\n                text-align: center;\n              }<\/p>\n<p>              amp-story-captions span {\n                display: inline-block;\n                margin: 0;\n                padding: 6px 12px;\n                vertical-align: middle;\n                border-radius: 15px;\n                background: rgba(11, 11, 11, 0.6);\n                color: rgba(255, 255, 255, 1);\n                font-family: -apple-system, BlinkMacSystemFont, \"Segoe UI\", Roboto, Oxygen-Sans, Ubuntu, Cantarell, \"Helvetica Neue\", sans-serif;;\n                font-size: calc(4 * var(--story-page-vw));\n                line-height: 1.4;\n                word-break: break-word;\n                word-wrap: break-word;\n                overflow-wrap: break-word;\n              }\n              <\/style>\n<div style='text-align:left' class='yasr-auto-insert-visitor'><\/div>","protected":false},"excerpt":{"rendered":"<p>Conhe\u00e7a quais as 3 das melhores cidades de Minas Gerais parar morar! Quem sabe seu pr\u00f3ximo lar est\u00e1 a poucos cliques de voc\u00ea!<\/p>\n","protected":false},"author":45,"featured_media":473250,"template":"","meta":{"_acf_changed":false,"resume_ai_summary":"","resume_ai_faq":[],"resume_ai_related_posts":[],"resume_ai_schema_generator_schema":"","resume_ai_schema_generator_approved":0,"advgb_blocks_editor_width":"","advgb_blocks_columns_visual_guide":"","yasr_overall_rating":0,"yasr_post_is_review":"","yasr_auto_insert_disabled":"","yasr_review_type":"","web_stories_publisher_logo":428798,"web_stories_poster":[],"web_stories_products":[],"footnotes":""},"web_story_category":[],"web_story_tag":[],"class_list":["post-473245","web-story","type-web-story","status-publish","has-post-thumbnail","hentry"],"yoast_head":"<!-- This site is optimized with the Yoast SEO Premium plugin v26.9 (Yoast SEO v27.3) - https:\/\/yoast.com\/product\/yoast-seo-premium-wordpress\/ -->\n<title>3 cidades de Minas Gerais para morar - QuintoAndar Guias<\/title>\n<meta name=\"description\" content=\"Conhe\u00e7a quais as 3 das melhores cidades de Minas Gerais parar morar! Quem sabe seu pr\u00f3ximo lar est\u00e1 a poucos cliques de voc\u00ea!\" \/>\n<meta name=\"robots\" content=\"index, follow, max-snippet:-1, max-image-preview:large, max-video-preview:-1\" \/>\n<link rel=\"canonical\" href=\"https:\/\/www.quintoandar.com.br\/guias\/web-stories\/3-cidades-morar-minas-gerais\/\" \/>\n<meta property=\"og:locale\" content=\"pt_BR\" \/>\n<meta property=\"og:type\" content=\"article\" \/>\n<meta property=\"og:title\" content=\"3 cidades de Minas Gerais para morar\" \/>\n<meta property=\"og:description\" content=\"Conhe\u00e7a quais as 3 das melhores cidades de Minas Gerais parar morar! Quem sabe seu pr\u00f3ximo lar est\u00e1 a poucos cliques de voc\u00ea!\" \/>\n<meta property=\"og:url\" content=\"https:\/\/www.quintoandar.com.br\/guias\/web-stories\/3-cidades-morar-minas-gerais\/\" \/>\n<meta property=\"og:site_name\" content=\"QuintoAndar Guias\" \/>\n<meta property=\"article:publisher\" content=\"https:\/\/www.facebook.com\/quintoandar.com.br\/\" \/>\n<meta property=\"article:modified_time\" content=\"2023-05-03T20:28:08+00:00\" \/>\n<meta property=\"og:image\" content=\"https:\/\/www.quintoandar.com.br\/guias\/wp-content\/uploads\/2023\/05\/cropped-Melhores-cidades-de-Minas-Gerais-Nova-Lima-850x568-1.jpg\" \/>\n\t<meta property=\"og:image:width\" content=\"640\" \/>\n\t<meta property=\"og:image:height\" content=\"853\" \/>\n\t<meta property=\"og:image:type\" content=\"image\/jpeg\" \/>\n<meta name=\"twitter:card\" content=\"summary_large_image\" \/>\n<meta name=\"twitter:label1\" content=\"Est. tempo de leitura\" \/>\n\t<meta name=\"twitter:data1\" content=\"1 minuto\" \/>\n<script type=\"application\/ld+json\" class=\"yoast-schema-graph\">{\"@context\":\"https:\\\/\\\/schema.org\",\"@graph\":[{\"@type\":\"Article\",\"@id\":\"https:\\\/\\\/www.quintoandar.com.br\\\/guias\\\/web-stories\\\/3-cidades-morar-minas-gerais\\\/#article\",\"isPartOf\":{\"@id\":\"https:\\\/\\\/www.quintoandar.com.br\\\/guias\\\/web-stories\\\/3-cidades-morar-minas-gerais\\\/\"},\"author\":{\"name\":\"Samantha Silva\",\"@id\":\"https:\\\/\\\/www.quintoandar.com.br\\\/guias\\\/#\\\/schema\\\/person\\\/f24d12d0fe0de5638ce540ae5e992867\"},\"headline\":\"3 cidades de Minas Gerais para morar\",\"datePublished\":\"2023-05-03T20:28:07+00:00\",\"dateModified\":\"2023-05-03T20:28:08+00:00\",\"mainEntityOfPage\":{\"@id\":\"https:\\\/\\\/www.quintoandar.com.br\\\/guias\\\/web-stories\\\/3-cidades-morar-minas-gerais\\\/\"},\"wordCount\":254,\"image\":{\"@id\":\"https:\\\/\\\/www.quintoandar.com.br\\\/guias\\\/web-stories\\\/3-cidades-morar-minas-gerais\\\/#primaryimage\"},\"thumbnailUrl\":\"https:\\\/\\\/www.quintoandar.com.br\\\/guias\\\/wp-content\\\/uploads\\\/2023\\\/05\\\/cropped-Melhores-cidades-de-Minas-Gerais-Nova-Lima-850x568-1.jpg\",\"inLanguage\":\"pt-BR\"},{\"@type\":\"WebPage\",\"@id\":\"https:\\\/\\\/www.quintoandar.com.br\\\/guias\\\/web-stories\\\/3-cidades-morar-minas-gerais\\\/\",\"url\":\"https:\\\/\\\/www.quintoandar.com.br\\\/guias\\\/web-stories\\\/3-cidades-morar-minas-gerais\\\/\",\"name\":\"3 cidades de Minas Gerais para morar - QuintoAndar Guias\",\"isPartOf\":{\"@id\":\"https:\\\/\\\/www.quintoandar.com.br\\\/guias\\\/#website\"},\"primaryImageOfPage\":{\"@id\":\"https:\\\/\\\/www.quintoandar.com.br\\\/guias\\\/web-stories\\\/3-cidades-morar-minas-gerais\\\/#primaryimage\"},\"image\":{\"@id\":\"https:\\\/\\\/www.quintoandar.com.br\\\/guias\\\/web-stories\\\/3-cidades-morar-minas-gerais\\\/#primaryimage\"},\"thumbnailUrl\":\"https:\\\/\\\/www.quintoandar.com.br\\\/guias\\\/wp-content\\\/uploads\\\/2023\\\/05\\\/cropped-Melhores-cidades-de-Minas-Gerais-Nova-Lima-850x568-1.jpg\",\"datePublished\":\"2023-05-03T20:28:07+00:00\",\"dateModified\":\"2023-05-03T20:28:08+00:00\",\"breadcrumb\":{\"@id\":\"https:\\\/\\\/www.quintoandar.com.br\\\/guias\\\/web-stories\\\/3-cidades-morar-minas-gerais\\\/#breadcrumb\"},\"inLanguage\":\"pt-BR\",\"potentialAction\":[{\"@type\":\"ReadAction\",\"target\":[\"https:\\\/\\\/www.quintoandar.com.br\\\/guias\\\/web-stories\\\/3-cidades-morar-minas-gerais\\\/\"]}]},{\"@type\":\"ImageObject\",\"inLanguage\":\"pt-BR\",\"@id\":\"https:\\\/\\\/www.quintoandar.com.br\\\/guias\\\/web-stories\\\/3-cidades-morar-minas-gerais\\\/#primaryimage\",\"url\":\"https:\\\/\\\/www.quintoandar.com.br\\\/guias\\\/wp-content\\\/uploads\\\/2023\\\/05\\\/cropped-Melhores-cidades-de-Minas-Gerais-Nova-Lima-850x568-1.jpg\",\"contentUrl\":\"https:\\\/\\\/www.quintoandar.com.br\\\/guias\\\/wp-content\\\/uploads\\\/2023\\\/05\\\/cropped-Melhores-cidades-de-Minas-Gerais-Nova-Lima-850x568-1.jpg\",\"width\":640,\"height\":853,\"caption\":\"Melhores-cidades-de-Minas-Gerais-Nova-Lima-850x568\"},{\"@type\":\"BreadcrumbList\",\"@id\":\"https:\\\/\\\/www.quintoandar.com.br\\\/guias\\\/web-stories\\\/3-cidades-morar-minas-gerais\\\/#breadcrumb\",\"itemListElement\":[{\"@type\":\"ListItem\",\"position\":1,\"name\":\"Home\",\"item\":\"https:\\\/\\\/www.quintoandar.com.br\\\/guias\\\/\"},{\"@type\":\"ListItem\",\"position\":2,\"name\":\"Story\",\"item\":\"https:\\\/\\\/www.quintoandar.com.br\\\/guias\\\/webstories\\\/\"},{\"@type\":\"ListItem\",\"position\":3,\"name\":\"3 cidades de Minas Gerais para morar\"}]},{\"@type\":\"WebSite\",\"@id\":\"https:\\\/\\\/www.quintoandar.com.br\\\/guias\\\/#website\",\"url\":\"https:\\\/\\\/www.quintoandar.com.br\\\/guias\\\/\",\"name\":\"QuintoAndar Guias\",\"description\":\"Inspira\u00e7\u00e3o e tudo o que voc\u00ea precisa saber sobre o jeito mais f\u00e1cil de alugar e morar.\",\"potentialAction\":[{\"@type\":\"SearchAction\",\"target\":{\"@type\":\"EntryPoint\",\"urlTemplate\":\"https:\\\/\\\/www.quintoandar.com.br\\\/guias\\\/?s={search_term_string}\"},\"query-input\":{\"@type\":\"PropertyValueSpecification\",\"valueRequired\":true,\"valueName\":\"search_term_string\"}}],\"inLanguage\":\"pt-BR\"},{\"@type\":\"Person\",\"@id\":\"https:\\\/\\\/www.quintoandar.com.br\\\/guias\\\/#\\\/schema\\\/person\\\/f24d12d0fe0de5638ce540ae5e992867\",\"name\":\"Samantha Silva\",\"image\":{\"@type\":\"ImageObject\",\"inLanguage\":\"pt-BR\",\"@id\":\"https:\\\/\\\/secure.gravatar.com\\\/avatar\\\/19caf728ff50fe784eb0610c2f3b2d62a8d8fbfa00158fbb42aae55f817e8e90?s=96&d=mm&r=g\",\"url\":\"https:\\\/\\\/secure.gravatar.com\\\/avatar\\\/19caf728ff50fe784eb0610c2f3b2d62a8d8fbfa00158fbb42aae55f817e8e90?s=96&d=mm&r=g\",\"contentUrl\":\"https:\\\/\\\/secure.gravatar.com\\\/avatar\\\/19caf728ff50fe784eb0610c2f3b2d62a8d8fbfa00158fbb42aae55f817e8e90?s=96&d=mm&r=g\",\"caption\":\"Samantha Silva\"},\"url\":\"https:\\\/\\\/www.quintoandar.com.br\\\/guias\\\/author\\\/samantha-silva\\\/\"},false]}<\/script>\n<!-- \/ Yoast SEO Premium plugin. -->","yoast_head_json":{"title":"3 cidades de Minas Gerais para morar - QuintoAndar Guias","description":"Conhe\u00e7a quais as 3 das melhores cidades de Minas Gerais parar morar! Quem sabe seu pr\u00f3ximo lar est\u00e1 a poucos cliques de voc\u00ea!","robots":{"index":"index","follow":"follow","max-snippet":"max-snippet:-1","max-image-preview":"max-image-preview:large","max-video-preview":"max-video-preview:-1"},"canonical":"https:\/\/www.quintoandar.com.br\/guias\/web-stories\/3-cidades-morar-minas-gerais\/","og_locale":"pt_BR","og_type":"article","og_title":"3 cidades de Minas Gerais para morar","og_description":"Conhe\u00e7a quais as 3 das melhores cidades de Minas Gerais parar morar! Quem sabe seu pr\u00f3ximo lar est\u00e1 a poucos cliques de voc\u00ea!","og_url":"https:\/\/www.quintoandar.com.br\/guias\/web-stories\/3-cidades-morar-minas-gerais\/","og_site_name":"QuintoAndar Guias","article_publisher":"https:\/\/www.facebook.com\/quintoandar.com.br\/","article_modified_time":"2023-05-03T20:28:08+00:00","og_image":[{"width":640,"height":853,"url":"https:\/\/www.quintoandar.com.br\/guias\/wp-content\/uploads\/2023\/05\/cropped-Melhores-cidades-de-Minas-Gerais-Nova-Lima-850x568-1.jpg","type":"image\/jpeg"}],"twitter_card":"summary_large_image","twitter_misc":{"Est. tempo de leitura":"1 minuto"},"schema":{"@context":"https:\/\/schema.org","@graph":[{"@type":"Article","@id":"https:\/\/www.quintoandar.com.br\/guias\/web-stories\/3-cidades-morar-minas-gerais\/#article","isPartOf":{"@id":"https:\/\/www.quintoandar.com.br\/guias\/web-stories\/3-cidades-morar-minas-gerais\/"},"author":{"name":"Samantha Silva","@id":"https:\/\/www.quintoandar.com.br\/guias\/#\/schema\/person\/f24d12d0fe0de5638ce540ae5e992867"},"headline":"3 cidades de Minas Gerais para morar","datePublished":"2023-05-03T20:28:07+00:00","dateModified":"2023-05-03T20:28:08+00:00","mainEntityOfPage":{"@id":"https:\/\/www.quintoandar.com.br\/guias\/web-stories\/3-cidades-morar-minas-gerais\/"},"wordCount":254,"image":{"@id":"https:\/\/www.quintoandar.com.br\/guias\/web-stories\/3-cidades-morar-minas-gerais\/#primaryimage"},"thumbnailUrl":"https:\/\/www.quintoandar.com.br\/guias\/wp-content\/uploads\/2023\/05\/cropped-Melhores-cidades-de-Minas-Gerais-Nova-Lima-850x568-1.jpg","inLanguage":"pt-BR"},{"@type":"WebPage","@id":"https:\/\/www.quintoandar.com.br\/guias\/web-stories\/3-cidades-morar-minas-gerais\/","url":"https:\/\/www.quintoandar.com.br\/guias\/web-stories\/3-cidades-morar-minas-gerais\/","name":"3 cidades de Minas Gerais para morar - QuintoAndar Guias","isPartOf":{"@id":"https:\/\/www.quintoandar.com.br\/guias\/#website"},"primaryImageOfPage":{"@id":"https:\/\/www.quintoandar.com.br\/guias\/web-stories\/3-cidades-morar-minas-gerais\/#primaryimage"},"image":{"@id":"https:\/\/www.quintoandar.com.br\/guias\/web-stories\/3-cidades-morar-minas-gerais\/#primaryimage"},"thumbnailUrl":"https:\/\/www.quintoandar.com.br\/guias\/wp-content\/uploads\/2023\/05\/cropped-Melhores-cidades-de-Minas-Gerais-Nova-Lima-850x568-1.jpg","datePublished":"2023-05-03T20:28:07+00:00","dateModified":"2023-05-03T20:28:08+00:00","breadcrumb":{"@id":"https:\/\/www.quintoandar.com.br\/guias\/web-stories\/3-cidades-morar-minas-gerais\/#breadcrumb"},"inLanguage":"pt-BR","potentialAction":[{"@type":"ReadAction","target":["https:\/\/www.quintoandar.com.br\/guias\/web-stories\/3-cidades-morar-minas-gerais\/"]}]},{"@type":"ImageObject","inLanguage":"pt-BR","@id":"https:\/\/www.quintoandar.com.br\/guias\/web-stories\/3-cidades-morar-minas-gerais\/#primaryimage","url":"https:\/\/www.quintoandar.com.br\/guias\/wp-content\/uploads\/2023\/05\/cropped-Melhores-cidades-de-Minas-Gerais-Nova-Lima-850x568-1.jpg","contentUrl":"https:\/\/www.quintoandar.com.br\/guias\/wp-content\/uploads\/2023\/05\/cropped-Melhores-cidades-de-Minas-Gerais-Nova-Lima-850x568-1.jpg","width":640,"height":853,"caption":"Melhores-cidades-de-Minas-Gerais-Nova-Lima-850x568"},{"@type":"BreadcrumbList","@id":"https:\/\/www.quintoandar.com.br\/guias\/web-stories\/3-cidades-morar-minas-gerais\/#breadcrumb","itemListElement":[{"@type":"ListItem","position":1,"name":"Home","item":"https:\/\/www.quintoandar.com.br\/guias\/"},{"@type":"ListItem","position":2,"name":"Story","item":"https:\/\/www.quintoandar.com.br\/guias\/webstories\/"},{"@type":"ListItem","position":3,"name":"3 cidades de Minas Gerais para morar"}]},{"@type":"WebSite","@id":"https:\/\/www.quintoandar.com.br\/guias\/#website","url":"https:\/\/www.quintoandar.com.br\/guias\/","name":"QuintoAndar Guias","description":"Inspira\u00e7\u00e3o e tudo o que voc\u00ea precisa saber sobre o jeito mais f\u00e1cil de alugar e morar.","potentialAction":[{"@type":"SearchAction","target":{"@type":"EntryPoint","urlTemplate":"https:\/\/www.quintoandar.com.br\/guias\/?s={search_term_string}"},"query-input":{"@type":"PropertyValueSpecification","valueRequired":true,"valueName":"search_term_string"}}],"inLanguage":"pt-BR"},{"@type":"Person","@id":"https:\/\/www.quintoandar.com.br\/guias\/#\/schema\/person\/f24d12d0fe0de5638ce540ae5e992867","name":"Samantha Silva","image":{"@type":"ImageObject","inLanguage":"pt-BR","@id":"https:\/\/secure.gravatar.com\/avatar\/19caf728ff50fe784eb0610c2f3b2d62a8d8fbfa00158fbb42aae55f817e8e90?s=96&d=mm&r=g","url":"https:\/\/secure.gravatar.com\/avatar\/19caf728ff50fe784eb0610c2f3b2d62a8d8fbfa00158fbb42aae55f817e8e90?s=96&d=mm&r=g","contentUrl":"https:\/\/secure.gravatar.com\/avatar\/19caf728ff50fe784eb0610c2f3b2d62a8d8fbfa00158fbb42aae55f817e8e90?s=96&d=mm&r=g","caption":"Samantha Silva"},"url":"https:\/\/www.quintoandar.com.br\/guias\/author\/samantha-silva\/"},false]}},"yasr_visitor_votes":{"stars_attributes":{"read_only":false,"span_bottom":false},"number_of_votes":0,"sum_votes":0},"featured_img":"https:\/\/www.quintoandar.com.br\/guias\/wp-content\/uploads\/2023\/05\/cropped-Melhores-cidades-de-Minas-Gerais-Nova-Lima-850x568-1-530x337.jpg","coauthors":[],"author_meta":{"author_link":"https:\/\/www.quintoandar.com.br\/guias\/author\/samantha-silva\/","display_name":"Samantha Silva"},"relative_dates":{"created":"Publicado 3 anos atr\u00e1s","modified":"Atualizado 3 anos atr\u00e1s"},"absolute_dates":{"created":"Publicado em maio 3, 2023","modified":"Atualizado em maio 3, 2023"},"absolute_dates_time":{"created":"Publicado em maio 3, 2023 5:28 pm","modified":"Atualizado em maio 3, 2023 5:28 pm"},"featured_img_caption":"","tax_additional":{"web_story_category":{"linked":[],"unlinked":[],"slug":"web_story_category","name":"Categorias"},"web_story_tag":{"linked":[],"unlinked":[],"slug":"web_story_tag","name":"Tags"}},"series_order":"","acf":{"aprovacao_web_stories":"aprovado"},"slug_history":["3-cidades-morar-minas-gerais"],"story_data":{"version":47,"pages":[{"elements":[{"opacity":100,"flip":{"vertical":false,"horizontal":false},"rotationAngle":0,"lockAspectRatio":true,"x":1,"y":1,"width":1,"height":1,"mask":{"type":"rectangle"},"isBackground":true,"isDefaultBackground":true,"id":"5e4c0825-cf1b-4ce6-b362-6dec3c39bb1b","type":"shape","basedOn":"9d5c2b2c-8e34-4118-a1bc-f01f76f862b3"},{"opacity":100,"flip":{"vertical":false,"horizontal":false},"rotationAngle":0,"lockAspectRatio":true,"backgroundTextMode":"NONE","font":{"family":"Poppins"},"fontSize":33,"backgroundColor":{"color":{"r":196,"g":196,"b":196}},"lineHeight":1.1,"textAlign":"left","padding":{"locked":true,"hasHiddenPadding":false,"horizontal":0,"vertical":0},"type":"text","content":"<span style=\"font-weight: 600; color: #f8f9f5\">Descubra 3 das melhores cidades de Minas Gerais para viver!<\/span>","borderRadius":{"locked":true,"topLeft":2,"topRight":2,"bottomRight":2,"bottomLeft":2},"x":51,"y":129,"width":313,"height":156,"basedOn":"925eb8c3-889d-4d34-a0f2-c210323ef74a","marginOffset":-11.099999999999994,"id":"3c610e28-eb19-4563-a420-3950da19ad2d"},{"opacity":100,"flip":{"vertical":false,"horizontal":false},"rotationAngle":0,"lockAspectRatio":true,"backgroundColor":{"color":{"r":163,"g":199,"b":161}},"type":"shape","x":48,"y":304,"width":314,"height":314,"mask":{"type":"rectangle"},"basedOn":"ab8bfbba-ba72-4633-8fe5-d08c534ef764","id":"ee0795d1-7930-4c6d-9924-605ff66db8fa"},{"opacity":100,"flip":{"vertical":false,"horizontal":false},"rotationAngle":0,"lockAspectRatio":true,"backgroundColor":{"color":{"r":196,"g":196,"b":196}},"type":"image","resource":{"type":"image","mimeType":"image\/jpeg","width":850,"height":568,"sizes":{"medium":{"file":"Melhores-cidades-de-Minas-Gerais-Nova-Lima-850x568-1-300x200.jpg","width":300,"height":200,"filesize":"16755","mimeType":"image\/jpeg","sourceUrl":"https:\/\/quintoandar.com.br\/guias\/wp-content\/uploads\/2023\/05\/Melhores-cidades-de-Minas-Gerais-Nova-Lima-850x568-1-300x200.jpg"},"thumbnail":{"file":"Melhores-cidades-de-Minas-Gerais-Nova-Lima-850x568-1-150x150.jpg","width":150,"height":150,"filesize":"7238","mimeType":"image\/jpeg","sourceUrl":"https:\/\/quintoandar.com.br\/guias\/wp-content\/uploads\/2023\/05\/Melhores-cidades-de-Minas-Gerais-Nova-Lima-850x568-1-150x150.jpg"},"medium_large":{"file":"Melhores-cidades-de-Minas-Gerais-Nova-Lima-850x568-1-768x513.jpg","width":768,"height":513,"filesize":"92235","mimeType":"image\/jpeg","sourceUrl":"https:\/\/quintoandar.com.br\/guias\/wp-content\/uploads\/2023\/05\/Melhores-cidades-de-Minas-Gerais-Nova-Lima-850x568-1-768x513.jpg"},"post-thumbnail":{"file":"Melhores-cidades-de-Minas-Gerais-Nova-Lima-850x568-1-530x337.jpg","width":530,"height":337,"filesize":"44771","mimeType":"image\/jpeg","sourceUrl":"https:\/\/quintoandar.com.br\/guias\/wp-content\/uploads\/2023\/05\/Melhores-cidades-de-Minas-Gerais-Nova-Lima-850x568-1-530x337.jpg"},"chamada-destaque":{"file":"Melhores-cidades-de-Minas-Gerais-Nova-Lima-850x568-1-800x568.jpg","width":800,"height":568,"filesize":"113621","mimeType":"image\/jpeg","sourceUrl":"https:\/\/quintoandar.com.br\/guias\/wp-content\/uploads\/2023\/05\/Melhores-cidades-de-Minas-Gerais-Nova-Lima-850x568-1-800x568.jpg"},"alm-thumbnail":{"file":"Melhores-cidades-de-Minas-Gerais-Nova-Lima-850x568-1-150x150.jpg","width":150,"height":150,"filesize":"7238","mimeType":"image\/jpeg","sourceUrl":"https:\/\/quintoandar.com.br\/guias\/wp-content\/uploads\/2023\/05\/Melhores-cidades-de-Minas-Gerais-Nova-Lima-850x568-1-150x150.jpg"},"wpvqgr-square-answer":{"file":"Melhores-cidades-de-Minas-Gerais-Nova-Lima-850x568-1-300x300.jpg","width":300,"height":300,"filesize":"24113","mimeType":"image\/jpeg","sourceUrl":"https:\/\/quintoandar.com.br\/guias\/wp-content\/uploads\/2023\/05\/Melhores-cidades-de-Minas-Gerais-Nova-Lima-850x568-1-300x300.jpg"},"web-stories-poster-portrait":{"file":"Melhores-cidades-de-Minas-Gerais-Nova-Lima-850x568-1-640x568.jpg","width":640,"height":568,"filesize":"92711","mimeType":"image\/jpeg","sourceUrl":"https:\/\/quintoandar.com.br\/guias\/wp-content\/uploads\/2023\/05\/Melhores-cidades-de-Minas-Gerais-Nova-Lima-850x568-1-640x568.jpg"},"web-stories-publisher-logo":{"file":"Melhores-cidades-de-Minas-Gerais-Nova-Lima-850x568-1-96x96.jpg","width":96,"height":96,"filesize":"3356","mimeType":"image\/jpeg","sourceUrl":"https:\/\/quintoandar.com.br\/guias\/wp-content\/uploads\/2023\/05\/Melhores-cidades-de-Minas-Gerais-Nova-Lima-850x568-1-96x96.jpg"},"web-stories-thumbnail":{"file":"Melhores-cidades-de-Minas-Gerais-Nova-Lima-850x568-1-150x100.jpg","width":150,"height":100,"filesize":"5376","mimeType":"image\/jpeg","sourceUrl":"https:\/\/quintoandar.com.br\/guias\/wp-content\/uploads\/2023\/05\/Melhores-cidades-de-Minas-Gerais-Nova-Lima-850x568-1-150x100.jpg"},"full":{"file":"Melhores-cidades-de-Minas-Gerais-Nova-Lima-850x568-1.jpg","width":850,"height":568,"mimeType":"image\/jpeg","sourceUrl":"https:\/\/quintoandar.com.br\/guias\/wp-content\/uploads\/2023\/05\/Melhores-cidades-de-Minas-Gerais-Nova-Lima-850x568-1.jpg"}},"isPlaceholder":false,"isExternal":false,"needsProxy":false,"baseColor":"#8fb4d6","blurHash":"","creationDate":"2023-05-03T17:37:48","src":"https:\/\/quintoandar.com.br\/guias\/wp-content\/uploads\/2023\/05\/Melhores-cidades-de-Minas-Gerais-Nova-Lima-850x568-1.jpg","id":473249,"alt":"Melhores-cidades-de-Minas-Gerais-Nova-Lima-850x568","local":false,"provider":"local"},"x":62,"y":317,"width":286,"height":286,"scale":100,"focalX":50,"focalY":50,"mask":{"type":"rectangle"},"alt":"Imagem que mostra a cidade de Minas Gerais","link":{"needsProxy":false,"url":"https:\/\/quintoandar.com.br\/melhores-cidades-de-minas-gerais\/","rel":[],"type":"regular","pageId":null,"icon":"https:\/\/quintoandar.com.br\/guias\/wp-content\/uploads\/2022\/05\/Melhores-cidades-de-Minas-Gerais-Nova-Lima.jpg","desc":"Melhores cidades de Minas Gerais: onde encontrar boa qualidade de vida"},"borderRadius":{"topLeft":0,"topRight":0,"bottomRight":0,"bottomLeft":0,"locked":true},"basedOn":"4f518b76-d05f-4e2b-bbdf-59450fababca","id":"2eadb7ee-ddcd-4d3b-a70c-3ca81c4c59fe"},{"opacity":100,"flip":{"vertical":false,"horizontal":false},"rotationAngle":0,"lockAspectRatio":true,"scale":100,"focalX":50,"focalY":50,"resource":{"baseColor":"#ffffff","type":"image","mimeType":"image\/png","creationDate":"2022-01-17T15:00:10","src":"https:\/\/quintoandar.com.br\/guias\/wp-content\/uploads\/2022\/01\/image-17.png","width":566,"height":88,"id":428567,"alt":"image","sizes":{"medium":{"file":"image-17-300x47.png","width":300,"height":47,"mimeType":"image\/png","sourceUrl":"https:\/\/quintoandar.com.br\/guias\/wp-content\/uploads\/2022\/01\/image-17-300x47.png"},"thumbnail":{"file":"image-17-150x88.png","width":150,"height":88,"mimeType":"image\/png","sourceUrl":"https:\/\/quintoandar.com.br\/guias\/wp-content\/uploads\/2022\/01\/image-17-150x88.png"},"post-thumbnail":{"file":"image-17-350x88.png","width":350,"height":88,"mimeType":"image\/png","sourceUrl":"https:\/\/quintoandar.com.br\/guias\/wp-content\/uploads\/2022\/01\/image-17-350x88.png"},"alm-thumbnail":{"file":"image-17-150x88.png","width":150,"height":88,"mimeType":"image\/png","sourceUrl":"https:\/\/quintoandar.com.br\/guias\/wp-content\/uploads\/2022\/01\/image-17-150x88.png"},"wpvqgr-square-answer":{"file":"image-17-300x88.png","width":300,"height":88,"mimeType":"image\/png","sourceUrl":"https:\/\/quintoandar.com.br\/guias\/wp-content\/uploads\/2022\/01\/image-17-300x88.png"},"web-stories-publisher-logo":{"file":"image-17-96x88.png","width":96,"height":88,"mimeType":"image\/png","sourceUrl":"https:\/\/quintoandar.com.br\/guias\/wp-content\/uploads\/2022\/01\/image-17-96x88.png"},"web-stories-thumbnail":{"file":"image-17-150x23.png","width":150,"height":23,"mimeType":"image\/png","sourceUrl":"https:\/\/quintoandar.com.br\/guias\/wp-content\/uploads\/2022\/01\/image-17-150x23.png"},"full":{"file":"image-17.png","width":566,"height":88,"mimeType":"image\/png","sourceUrl":"https:\/\/quintoandar.com.br\/guias\/wp-content\/uploads\/2022\/01\/image-17.png"}},"isPlaceholder":false,"isOptimized":false,"isMuted":false,"isExternal":false,"needsProxy":false},"type":"image","x":48,"y":0,"width":225,"height":35,"mask":{"type":"rectangle","showInLibrary":true,"name":"Ret\u00e2ngulo","path":"M 0,0 1,0 1,1 0,1 0,0 Z","ratio":1,"supportsBorder":true},"basedOn":"40807069-eed4-48b6-8569-54a6b1987b02","id":"d082c74c-3fa3-443a-8afc-1566b8cbf2d1"}],"animations":[],"backgroundColor":{"color":{"r":36,"g":88,"b":37}},"type":"page","id":"263f42bc-a79f-495c-96c8-15ded26152f5"},{"elements":[{"opacity":100,"flip":{"vertical":false,"horizontal":false},"rotationAngle":0,"lockAspectRatio":true,"x":1,"y":1,"width":1,"height":1,"mask":{"type":"rectangle"},"isBackground":true,"isDefaultBackground":true,"id":"d2b72a51-1e66-4949-8dca-7e94d60af9ce","type":"shape","basedOn":"666d07d0-ac8b-4c81-806e-ec46cbe6d736"},{"opacity":100,"flip":{"vertical":false,"horizontal":false},"rotationAngle":0,"lockAspectRatio":false,"backgroundColor":{"color":{"r":248,"g":249,"b":245}},"type":"shape","x":0,"y":-57,"width":413,"height":375,"mask":{"type":"rectangle"},"basedOn":"c54125fb-2735-44bb-a56b-1d5d495c0b24","id":"7ea6faf4-79c1-4c85-baa8-8f8f53550695"},{"opacity":100,"flip":{"vertical":false,"horizontal":false},"rotationAngle":0,"lockAspectRatio":false,"backgroundTextMode":"NONE","font":{"family":"Poppins"},"fontSize":21,"backgroundColor":{"color":{"r":196,"g":196,"b":196}},"lineHeight":1.1,"textAlign":"initial","padding":{"locked":true,"horizontal":0,"vertical":0},"type":"text","content":"Se voc\u00ea est\u00e1 buscando um lugar para morar bem, saiba que na terra do p\u00e3o de queijo e do \u201ccaf\u00e9zin\u201d os \u00edndices de qualidade s\u00e3o atraentes e considerados altos (IDH 0,731). Que tal conhecer algumas das melhores cidades de Minas Gerais?\n","basedOn":"a42619f5-e21a-46bf-a29b-feb6811e10ca","x":57,"y":25,"width":315,"height":237,"marginOffset":-11.099999999999994,"id":"8a26d018-0739-4342-b710-81b13a34441d"},{"opacity":100,"flip":{"vertical":false,"horizontal":false},"rotationAngle":0,"lockAspectRatio":false,"backgroundColor":{"color":{"r":36,"g":88,"b":37}},"type":"shape","x":0,"y":287,"width":413,"height":396,"mask":{"type":"rectangle"},"basedOn":"b0a83431-e82c-474f-9b54-4b372dc40c43","id":"21758096-c7b6-43d4-bc9f-fd2e9434d798"},{"opacity":100,"flip":{"vertical":false,"horizontal":false},"rotationAngle":0,"lockAspectRatio":true,"scale":100,"focalX":36.458134642215214,"focalY":49.87592095104651,"resource":{"type":"gif","mimeType":"image\/gif","width":498,"height":336,"sizes":{"full":{"file":"media\/tenor:11596530563602314732","sourceUrl":"https:\/\/media.tenor.com\/oO8nG0Z59ewAAAAC\/cheesebread-food.gif","mimeType":"image\/gif","width":498,"height":336},"large":{"file":"media\/tenor:11596530563602314732","sourceUrl":"https:\/\/media.tenor.com\/oO8nG0Z59ewAAAAM\/cheesebread-food.gif","mimeType":"image\/gif","width":220,"height":149},"web_stories_thumbnail":{"file":"media\/tenor:11596530563602314732","sourceUrl":"https:\/\/media.tenor.com\/oO8nG0Z59ewAAAAS\/cheesebread-food.gif","mimeType":"image\/gif","width":133,"height":90}},"isPlaceholder":false,"isExternal":true,"needsProxy":false,"id":"media\/tenor:11596530563602314732","creationDate":"2018-03-27T03:22:42Z","src":"https:\/\/media.tenor.com\/oO8nG0Z59ewAAAAC\/cheesebread-food.gif","alt":"Eu Amo E Quero P\u00e3o De Queijo, Comida, Fome, Delicioso, Lanche, Caf\u00e9 Da Manh\u00e3 GIF","attribution":{"author":[],"registerUsageUrl":"https:\/\/media3p.googleapis.com\/v1\/media:registerUsage?token=ASGJDKJlrLIImjNAydxQSH8vTsps2%2BdnmqIspG9j%2BL1k1C1\/It4B8efbEfBQosWSIKUVWWMOZCLyAcg2rQppyEkUxyg3jRo%3D"},"poster":"https:\/\/media.tenor.com\/oO8nG0Z59ewAAAAe\/cheesebread-food.png","posterId":"media\/tenor:11596530563602314732","isOptimized":true,"output":{"mimeType":"video\/mp4","src":"https:\/\/media.tenor.com\/oO8nG0Z59ewAAAPo\/cheesebread-food.mp4"}},"type":"gif","x":21,"y":308,"width":373,"height":347,"mask":{"type":"rectangle","showInLibrary":true,"name":"Ret\u00e2ngulo","path":"M 0,0 1,0 1,1 0,1 0,0 Z","ratio":1,"supportsBorder":true},"resizeWidth":282.46602,"resizeHeight":262.742,"basedOn":"eb333b83-ca24-4ced-8813-f040f891be0f","id":"9e920425-d3be-4cc9-a9ee-914dc60cf5ba","alt":"V\u00eddeo que ilustra mulher abrindo um p\u00e3ozinho de queijo."}],"animations":[],"backgroundColor":{"color":{"r":80,"g":99,"b":248}},"type":"page","id":"97f1302f-1e63-474a-9a0c-67f1cf96346e","defaultBackgroundElement":{"opacity":100,"flip":{"vertical":false,"horizontal":false},"rotationAngle":0,"lockAspectRatio":true,"backgroundColor":{"color":{"r":196,"g":196,"b":196}},"x":1,"y":1,"width":1,"height":1,"mask":{"type":"rectangle"},"isBackground":true,"isDefaultBackground":true,"type":"shape","id":"82332c42-4b5e-45b9-8fd8-e5c8ae9f0e65"}},{"elements":[{"opacity":100,"flip":{"vertical":false,"horizontal":false},"rotationAngle":0,"lockAspectRatio":true,"x":1,"y":1,"width":1,"height":1,"mask":{"type":"rectangle"},"isBackground":true,"isDefaultBackground":true,"id":"9313a18f-fec2-49b4-8a28-a9ef7859c7de","type":"shape","basedOn":"d2b72a51-1e66-4949-8dca-7e94d60af9ce"},{"opacity":100,"flip":{"vertical":false,"horizontal":false},"rotationAngle":0,"lockAspectRatio":false,"backgroundColor":{"color":{"r":36,"g":88,"b":37}},"type":"shape","x":0,"y":-61,"width":413,"height":388,"mask":{"type":"rectangle"},"basedOn":"21758096-c7b6-43d4-bc9f-fd2e9434d798","id":"64d6f7be-4b72-4568-abba-9ce9906ac794"},{"opacity":100,"flip":{"vertical":false,"horizontal":false},"rotationAngle":0,"lockAspectRatio":false,"backgroundTextMode":"NONE","font":{"family":"Poppins"},"fontSize":23,"backgroundColor":{"color":{"r":196,"g":196,"b":196}},"lineHeight":1.1,"textAlign":"initial","padding":{"locked":true,"horizontal":0,"vertical":0},"type":"text","content":"Veja tamb\u00e9m im\u00f3veis dispon\u00edveis para alugar em cada uma delas!\n\nQuem sabe seu pr\u00f3ximo lar est\u00e1 a poucos cliques de voc\u00ea \ud83e\udd29\ud83d\udc99\n\n","basedOn":"988145f8-8373-4530-b0f3-b4c68714893e","x":56,"y":359,"width":299,"height":234,"marginOffset":-11.099999999999994,"id":"3d7586c8-a0a8-4fe9-99df-9119a4373885"},{"opacity":100,"flip":{"vertical":false,"horizontal":false},"rotationAngle":0,"lockAspectRatio":true,"scale":100,"focalX":50,"focalY":50,"resource":{"type":"gif","mimeType":"image\/gif","width":498,"height":280,"sizes":{"full":{"file":"media\/tenor:11338732980910505490","sourceUrl":"https:\/\/media.tenor.com\/nVtFkiotPhIAAAAC\/debora-aladim-historia-do-brasil-pelo-brasil.gif","mimeType":"image\/gif","width":498,"height":280},"large":{"file":"media\/tenor:11338732980910505490","sourceUrl":"https:\/\/media.tenor.com\/nVtFkiotPhIAAAAM\/debora-aladim-historia-do-brasil-pelo-brasil.gif","mimeType":"image\/gif","width":220,"height":124},"web_stories_thumbnail":{"file":"media\/tenor:11338732980910505490","sourceUrl":"https:\/\/media.tenor.com\/nVtFkiotPhIAAAAS\/debora-aladim-historia-do-brasil-pelo-brasil.gif","mimeType":"image\/gif","width":160,"height":90}},"isPlaceholder":false,"isExternal":true,"needsProxy":false,"id":"media\/tenor:11338732980910505490","baseColor":"#9bb7d8","creationDate":"2019-05-23T15:27:09Z","src":"https:\/\/media.tenor.com\/nVtFkiotPhIAAAAC\/debora-aladim-historia-do-brasil-pelo-brasil.gif","alt":"Debora Aladim Historia Do Brasil Pelo Brasil GIF","attribution":{"author":{"displayName":"deboraaladim","url":"https:\/\/tenor.com\/official\/deboraaladim"},"registerUsageUrl":"https:\/\/media3p.googleapis.com\/v1\/media:registerUsage?token=ASGJDKK8CJoqvJ0xFUD\/wp1kzYkdauKauqyWr8kE\/cjf%2BgQoXrkOzfzfDW2sf9R\/5Gb9OapG\/haT7VbDuvHPZwzaoKxH2dg%3D"},"poster":"https:\/\/media.tenor.com\/nVtFkiotPhIAAAAe\/debora-aladim-historia-do-brasil-pelo-brasil.png","posterId":"media\/tenor:11338732980910505490","isOptimized":true,"output":{"mimeType":"video\/mp4","src":"https:\/\/media.tenor.com\/nVtFkiotPhIAAAPo\/debora-aladim-historia-do-brasil-pelo-brasil.mp4"}},"type":"gif","x":20,"y":-40,"width":374,"height":346,"mask":{"type":"rectangle","showInLibrary":true,"name":"Ret\u00e2ngulo","path":"M 0,0 1,0 1,1 0,1 0,0 Z","ratio":1,"supportsBorder":true},"resizeWidth":282.922,"resizeHeight":262.01942,"alt":"V\u00eddeo de menina falando que \u00e9 mineira em frente \u00e0 uma igreja","basedOn":"233553f2-d660-4e42-9957-66e37ce91bac","id":"4e1b01d0-e9db-46ca-9b8a-9a233410c463"}],"animations":[],"backgroundColor":{"color":{"r":248,"g":249,"b":245}},"type":"page","id":"598fbba0-6500-431a-9f39-dd6d16478711","defaultBackgroundElement":{"opacity":100,"flip":{"vertical":false,"horizontal":false},"rotationAngle":0,"lockAspectRatio":true,"backgroundColor":{"color":{"r":196,"g":196,"b":196}},"x":1,"y":1,"width":1,"height":1,"mask":{"type":"rectangle"},"isBackground":true,"isDefaultBackground":true,"type":"shape","id":"82332c42-4b5e-45b9-8fd8-e5c8ae9f0e65"},"pageAttachment":{"url":"","icon":"","needsProxy":false,"ctaText":"Saiba mais"}},{"elements":[{"opacity":100,"flip":{"vertical":false,"horizontal":false},"rotationAngle":0,"lockAspectRatio":true,"x":1,"y":1,"width":1,"height":1,"mask":{"type":"rectangle"},"isBackground":true,"isDefaultBackground":true,"id":"4a2cdd23-8124-4eb7-a9bf-1413f2f89d03","type":"shape","basedOn":"bd29bb19-ad36-4c65-a4c8-172801081670"},{"opacity":100,"flip":{"vertical":false,"horizontal":false},"rotationAngle":0,"lockAspectRatio":true,"backgroundColor":{"color":{"r":196,"g":196,"b":196}},"type":"image","resource":{"type":"image","mimeType":"image\/jpeg","width":1000,"height":667,"sizes":{"medium":{"file":"Praca-da-Liberdade-em-Belo-Horizonte-Foto-Shutterstock-300x200.jpg","width":300,"height":200,"filesize":"37736","mimeType":"image\/jpeg","sourceUrl":"https:\/\/quintoandar.com.br\/guias\/wp-content\/uploads\/2023\/04\/Praca-da-Liberdade-em-Belo-Horizonte-Foto-Shutterstock-300x200.jpg"},"thumbnail":{"file":"Praca-da-Liberdade-em-Belo-Horizonte-Foto-Shutterstock-150x150.jpg","width":150,"height":150,"filesize":"14720","mimeType":"image\/jpeg","sourceUrl":"https:\/\/quintoandar.com.br\/guias\/wp-content\/uploads\/2023\/04\/Praca-da-Liberdade-em-Belo-Horizonte-Foto-Shutterstock-150x150.jpg"},"medium_large":{"file":"Praca-da-Liberdade-em-Belo-Horizonte-Foto-Shutterstock-768x512.jpg","width":768,"height":512,"filesize":"213135","mimeType":"image\/jpeg","sourceUrl":"https:\/\/quintoandar.com.br\/guias\/wp-content\/uploads\/2023\/04\/Praca-da-Liberdade-em-Belo-Horizonte-Foto-Shutterstock-768x512.jpg"},"post-thumbnail":{"file":"Praca-da-Liberdade-em-Belo-Horizonte-Foto-Shutterstock-530x337.jpg","width":530,"height":337,"filesize":"107089","mimeType":"image\/jpeg","sourceUrl":"https:\/\/quintoandar.com.br\/guias\/wp-content\/uploads\/2023\/04\/Praca-da-Liberdade-em-Belo-Horizonte-Foto-Shutterstock-530x337.jpg"},"chamada-destaque":{"file":"Praca-da-Liberdade-em-Belo-Horizonte-Foto-Shutterstock-800x667.jpg","width":800,"height":667,"filesize":"283778","mimeType":"image\/jpeg","sourceUrl":"https:\/\/quintoandar.com.br\/guias\/wp-content\/uploads\/2023\/04\/Praca-da-Liberdade-em-Belo-Horizonte-Foto-Shutterstock-800x667.jpg"},"single-destaque":{"file":"Praca-da-Liberdade-em-Belo-Horizonte-Foto-Shutterstock-850x667.jpg","width":850,"height":667,"filesize":"302826","mimeType":"image\/jpeg","sourceUrl":"https:\/\/quintoandar.com.br\/guias\/wp-content\/uploads\/2023\/04\/Praca-da-Liberdade-em-Belo-Horizonte-Foto-Shutterstock-850x667.jpg"},"alm-thumbnail":{"file":"Praca-da-Liberdade-em-Belo-Horizonte-Foto-Shutterstock-150x150.jpg","width":150,"height":150,"filesize":"14720","mimeType":"image\/jpeg","sourceUrl":"https:\/\/quintoandar.com.br\/guias\/wp-content\/uploads\/2023\/04\/Praca-da-Liberdade-em-Belo-Horizonte-Foto-Shutterstock-150x150.jpg"},"wpvqgr-square-answer":{"file":"Praca-da-Liberdade-em-Belo-Horizonte-Foto-Shutterstock-300x300.jpg","width":300,"height":300,"filesize":"53781","mimeType":"image\/jpeg","sourceUrl":"https:\/\/quintoandar.com.br\/guias\/wp-content\/uploads\/2023\/04\/Praca-da-Liberdade-em-Belo-Horizonte-Foto-Shutterstock-300x300.jpg"},"web-stories-poster-portrait":{"file":"Praca-da-Liberdade-em-Belo-Horizonte-Foto-Shutterstock-640x667.jpg","width":640,"height":667,"filesize":"224967","mimeType":"image\/jpeg","sourceUrl":"https:\/\/quintoandar.com.br\/guias\/wp-content\/uploads\/2023\/04\/Praca-da-Liberdade-em-Belo-Horizonte-Foto-Shutterstock-640x667.jpg"},"web-stories-publisher-logo":{"file":"Praca-da-Liberdade-em-Belo-Horizonte-Foto-Shutterstock-96x96.jpg","width":96,"height":96,"filesize":"6356","mimeType":"image\/jpeg","sourceUrl":"https:\/\/quintoandar.com.br\/guias\/wp-content\/uploads\/2023\/04\/Praca-da-Liberdade-em-Belo-Horizonte-Foto-Shutterstock-96x96.jpg"},"web-stories-thumbnail":{"file":"Praca-da-Liberdade-em-Belo-Horizonte-Foto-Shutterstock-150x100.jpg","width":150,"height":100,"filesize":"10524","mimeType":"image\/jpeg","sourceUrl":"https:\/\/quintoandar.com.br\/guias\/wp-content\/uploads\/2023\/04\/Praca-da-Liberdade-em-Belo-Horizonte-Foto-Shutterstock-150x100.jpg"},"full":{"file":"Praca-da-Liberdade-em-Belo-Horizonte-Foto-Shutterstock.jpg","width":1000,"height":667,"mimeType":"image\/jpeg","sourceUrl":"https:\/\/quintoandar.com.br\/guias\/wp-content\/uploads\/2023\/04\/Praca-da-Liberdade-em-Belo-Horizonte-Foto-Shutterstock.jpg"}},"isPlaceholder":false,"isExternal":false,"needsProxy":false,"baseColor":"#857b53","blurHash":"","creationDate":"2023-04-12T12:07:30","src":"https:\/\/quintoandar.com.br\/guias\/wp-content\/uploads\/2023\/04\/Praca-da-Liberdade-em-Belo-Horizonte-Foto-Shutterstock.jpg","id":471618,"alt":"Foto que ilustra mat\u00e9ria sobre a Pra\u00e7a da Liberdade em Belo Horizonte mostra um trecho da pra\u00e7a onde h\u00e1 uma fonte de \u00e1gua com chafarizes, um coreto e o Edif\u00edcio JK ao fundo.","local":false},"x":46,"y":0,"width":318,"height":309,"scale":100,"focalX":50,"focalY":50,"mask":{"type":"rectangle"},"basedOn":"011c51d8-14a3-446a-a338-7334ed507df0","id":"1a8c844b-c5d6-4172-b775-b9a6c464360f","alt":"Imagem de parque em Belo Horizonte"},{"opacity":100,"flip":{"vertical":false,"horizontal":false},"rotationAngle":0,"lockAspectRatio":false,"backgroundTextMode":"NONE","font":{"family":"Poppins"},"fontSize":26,"backgroundColor":{"color":{"r":196,"g":196,"b":196}},"lineHeight":1.2,"textAlign":"initial","padding":{"locked":true,"hasHiddenPadding":false,"horizontal":0,"vertical":0},"type":"text","content":"<span style=\"font-weight: 600; color: #f8f9f5\">Belo Horizonte<\/span>","borderRadius":{"locked":true,"topLeft":2,"topRight":2,"bottomRight":2,"bottomLeft":2},"x":47,"y":331,"width":274,"height":37,"marginOffset":0.4781249999999986,"basedOn":"49aceaae-28cd-46ab-858a-afa33df25564","id":"1acbd92b-3890-4375-868f-4c29796e5bd3"},{"opacity":100,"flip":{"vertical":false,"horizontal":false},"rotationAngle":0,"lockAspectRatio":false,"backgroundTextMode":"NONE","font":{"family":"Poppins"},"fontSize":20,"backgroundColor":{"color":{"r":196,"g":196,"b":196}},"lineHeight":1.2,"textAlign":"initial","padding":{"locked":true,"hasHiddenPadding":false,"horizontal":0,"vertical":0},"type":"text","content":"<span style=\"color: #fff\">BH oferece uma infraestrutura repleta de equipamentos culturais, hospitais e cl\u00ednicas de refer\u00eancia, boa mobilidade e in\u00fameros servi\u00e7os de com\u00e9rcio em geral para seus moradores. E tudo isso sem abrir m\u00e3o dos ares de interior.<\/span>","borderRadius":{"locked":true,"topLeft":2,"topRight":2,"bottomRight":2,"bottomLeft":2},"x":48,"y":378,"width":312,"height":196,"marginOffset":0.4781249999999986,"basedOn":"1acbd92b-3890-4375-868f-4c29796e5bd3","id":"f58aac86-0d0f-4625-ba3f-ec49557c4ac1"}],"animations":[{"id":"f2a86c4c-a363-4c55-be25-c93dbe77caa1","type":"effect-drop","duration":1600,"delay":0,"targets":["1a8c844b-c5d6-4172-b775-b9a6c464360f"]}],"backgroundColor":{"color":{"r":36,"g":88,"b":37}},"type":"page","id":"9445d78c-1905-45f5-be8e-79c8298ed3ec","defaultBackgroundElement":{"opacity":100,"flip":{"vertical":false,"horizontal":false},"rotationAngle":0,"lockAspectRatio":true,"backgroundColor":{"color":{"r":196,"g":196,"b":196}},"x":1,"y":1,"width":1,"height":1,"mask":{"type":"rectangle"},"isBackground":true,"isDefaultBackground":true,"type":"shape","id":"d30996f6-74d0-4192-81c0-4c75833133d2"}},{"elements":[{"opacity":100,"flip":{"vertical":false,"horizontal":false},"rotationAngle":0,"lockAspectRatio":true,"scale":100,"focalX":81.24999844637783,"focalY":49.92784232903297,"resource":{"type":"image","mimeType":"image\/webp","width":1152,"height":768,"sizes":{"medium":{"file":"893931629-211.561156226018452-300x200.webp","width":300,"height":200,"filesize":6324,"mimeType":"image\/webp","sourceUrl":"https:\/\/quintoandar.com.br\/guias\/wp-content\/uploads\/2023\/05\/893931629-211.561156226018452-300x200.webp"},"large":{"file":"893931629-211.561156226018452-1024x683.webp","width":1024,"height":683,"filesize":31934,"mimeType":"image\/webp","sourceUrl":"https:\/\/quintoandar.com.br\/guias\/wp-content\/uploads\/2023\/05\/893931629-211.561156226018452-1024x683.webp"},"thumbnail":{"file":"893931629-211.561156226018452-150x150.webp","width":150,"height":150,"filesize":3214,"mimeType":"image\/webp","sourceUrl":"https:\/\/quintoandar.com.br\/guias\/wp-content\/uploads\/2023\/05\/893931629-211.561156226018452-150x150.webp"},"medium_large":{"file":"893931629-211.561156226018452-768x512.webp","width":768,"height":512,"filesize":21272,"mimeType":"image\/webp","sourceUrl":"https:\/\/quintoandar.com.br\/guias\/wp-content\/uploads\/2023\/05\/893931629-211.561156226018452-768x512.webp"},"post-thumbnail":{"file":"893931629-211.561156226018452-530x337.webp","width":530,"height":337,"filesize":12762,"mimeType":"image\/webp","sourceUrl":"https:\/\/quintoandar.com.br\/guias\/wp-content\/uploads\/2023\/05\/893931629-211.561156226018452-530x337.webp"},"chamada-destaque":{"file":"893931629-211.561156226018452-800x687.webp","width":800,"height":687,"filesize":25434,"mimeType":"image\/webp","sourceUrl":"https:\/\/quintoandar.com.br\/guias\/wp-content\/uploads\/2023\/05\/893931629-211.561156226018452-800x687.webp"},"single-destaque":{"file":"893931629-211.561156226018452-850x680.webp","width":850,"height":680,"filesize":27164,"mimeType":"image\/webp","sourceUrl":"https:\/\/quintoandar.com.br\/guias\/wp-content\/uploads\/2023\/05\/893931629-211.561156226018452-850x680.webp"},"alm-thumbnail":{"file":"893931629-211.561156226018452-150x150.webp","width":150,"height":150,"filesize":3214,"mimeType":"image\/webp","sourceUrl":"https:\/\/quintoandar.com.br\/guias\/wp-content\/uploads\/2023\/05\/893931629-211.561156226018452-150x150.webp"},"wpvqgr-square-answer":{"file":"893931629-211.561156226018452-300x300.webp","width":300,"height":300,"filesize":7960,"mimeType":"image\/webp","sourceUrl":"https:\/\/quintoandar.com.br\/guias\/wp-content\/uploads\/2023\/05\/893931629-211.561156226018452-300x300.webp"},"web-stories-poster-portrait":{"file":"893931629-211.561156226018452-640x768.webp","width":640,"height":768,"filesize":25210,"mimeType":"image\/webp","sourceUrl":"https:\/\/quintoandar.com.br\/guias\/wp-content\/uploads\/2023\/05\/893931629-211.561156226018452-640x768.webp"},"web-stories-publisher-logo":{"file":"893931629-211.561156226018452-96x96.webp","width":96,"height":96,"filesize":1742,"mimeType":"image\/webp","sourceUrl":"https:\/\/quintoandar.com.br\/guias\/wp-content\/uploads\/2023\/05\/893931629-211.561156226018452-96x96.webp"},"web-stories-thumbnail":{"file":"893931629-211.561156226018452-150x100.webp","width":150,"height":100,"filesize":2652,"mimeType":"image\/webp","sourceUrl":"https:\/\/quintoandar.com.br\/guias\/wp-content\/uploads\/2023\/05\/893931629-211.561156226018452-150x100.webp"},"full":{"file":"893931629-211.561156226018452.webp","width":1152,"height":768,"mimeType":"image\/webp","sourceUrl":"https:\/\/quintoandar.com.br\/guias\/wp-content\/uploads\/2023\/05\/893931629-211.561156226018452.webp"}},"isPlaceholder":false,"isExternal":false,"needsProxy":false,"baseColor":"#afafb1","blurHash":"","creationDate":"2023-05-03T18:03:35","src":"https:\/\/quintoandar.com.br\/guias\/wp-content\/uploads\/2023\/05\/893931629-211.561156226018452.webp","id":473283,"alt":"893931629-211.561156226018452","local":false,"provider":"local"},"backgroundColor":{"color":{"r":196,"g":196,"b":196}},"x":48,"y":0,"width":330,"height":220,"mask":{"type":"rectangle"},"isBackground":true,"id":"7ecba77e-6af1-41ec-a19d-c57b28a4da05","basedOn":"b09be7fa-aaae-45d8-ba5f-2bfc8a418f36","alt":"Im\u00f3vel para alugar em Belo Horizonte","type":"image"}],"backgroundColor":{"color":{"r":36,"g":88,"b":37}},"animations":[{"id":"ca93e7ea-e8c6-423b-822e-c5cbeee106d3","type":"effect-background-pan","panDir":"rightToLeft","duration":2000,"delay":0,"targets":["7ecba77e-6af1-41ec-a19d-c57b28a4da05"]}],"type":"page","id":"1335f181-b774-4afb-b167-0819e52673f0","defaultBackgroundElement":{"opacity":100,"flip":{"vertical":false,"horizontal":false},"rotationAngle":0,"lockAspectRatio":true,"backgroundColor":{"color":{"r":196,"g":196,"b":196}},"x":1,"y":1,"width":1,"height":1,"mask":{"type":"rectangle"},"isBackground":true,"isDefaultBackground":true,"id":"d69060e3-d326-4e82-bd1b-ba893ef7fced","basedOn":"4a2cdd23-8124-4eb7-a9bf-1413f2f89d03","type":"shape"},"pageAttachment":{"url":"https:\/\/www.quintoandar.com.br\/imovel\/893931629\/alugar?&utm_content=web-stories-3-cidades-morar-minas-gerais","icon":"https:\/\/www.quintoandar.com.br\/img\/med\/893931629-331.317826490351933.jpg","needsProxy":true,"ctaText":"Ver im\u00f3vel"}},{"elements":[{"opacity":100,"flip":{"vertical":false,"horizontal":false},"rotationAngle":0,"lockAspectRatio":true,"scale":100,"focalX":28.052841463443478,"focalY":49.92784232903297,"resource":{"type":"image","mimeType":"image\/webp","width":642,"height":642,"sizes":{"medium":{"file":"892882425-513.6859844347281RuaSoPaulo18011002Lourdes101220204de54-300x300.webp","width":300,"height":300,"filesize":11452,"mimeType":"image\/webp","sourceUrl":"https:\/\/quintoandar.com.br\/guias\/wp-content\/uploads\/2023\/05\/892882425-513.6859844347281RuaSoPaulo18011002Lourdes101220204de54-300x300.webp"},"thumbnail":{"file":"892882425-513.6859844347281RuaSoPaulo18011002Lourdes101220204de54-150x150.webp","width":150,"height":150,"filesize":4236,"mimeType":"image\/webp","sourceUrl":"https:\/\/quintoandar.com.br\/guias\/wp-content\/uploads\/2023\/05\/892882425-513.6859844347281RuaSoPaulo18011002Lourdes101220204de54-150x150.webp"},"post-thumbnail":{"file":"892882425-513.6859844347281RuaSoPaulo18011002Lourdes101220204de54-530x337.webp","width":530,"height":337,"filesize":20342,"mimeType":"image\/webp","sourceUrl":"https:\/\/quintoandar.com.br\/guias\/wp-content\/uploads\/2023\/05\/892882425-513.6859844347281RuaSoPaulo18011002Lourdes101220204de54-530x337.webp"},"alm-thumbnail":{"file":"892882425-513.6859844347281RuaSoPaulo18011002Lourdes101220204de54-150x150.webp","width":150,"height":150,"filesize":4236,"mimeType":"image\/webp","sourceUrl":"https:\/\/quintoandar.com.br\/guias\/wp-content\/uploads\/2023\/05\/892882425-513.6859844347281RuaSoPaulo18011002Lourdes101220204de54-150x150.webp"},"wpvqgr-square-answer":{"file":"892882425-513.6859844347281RuaSoPaulo18011002Lourdes101220204de54-300x300.webp","width":300,"height":300,"filesize":11452,"mimeType":"image\/webp","sourceUrl":"https:\/\/quintoandar.com.br\/guias\/wp-content\/uploads\/2023\/05\/892882425-513.6859844347281RuaSoPaulo18011002Lourdes101220204de54-300x300.webp"},"web-stories-poster-portrait":{"file":"892882425-513.6859844347281RuaSoPaulo18011002Lourdes101220204de54-640x642.webp","width":640,"height":642,"filesize":36300,"mimeType":"image\/webp","sourceUrl":"https:\/\/quintoandar.com.br\/guias\/wp-content\/uploads\/2023\/05\/892882425-513.6859844347281RuaSoPaulo18011002Lourdes101220204de54-640x642.webp"},"web-stories-publisher-logo":{"file":"892882425-513.6859844347281RuaSoPaulo18011002Lourdes101220204de54-96x96.webp","width":96,"height":96,"filesize":2142,"mimeType":"image\/webp","sourceUrl":"https:\/\/quintoandar.com.br\/guias\/wp-content\/uploads\/2023\/05\/892882425-513.6859844347281RuaSoPaulo18011002Lourdes101220204de54-96x96.webp"},"web-stories-thumbnail":{"file":"892882425-513.6859844347281RuaSoPaulo18011002Lourdes101220204de54-150x150.webp","width":150,"height":150,"filesize":4236,"mimeType":"image\/webp","sourceUrl":"https:\/\/quintoandar.com.br\/guias\/wp-content\/uploads\/2023\/05\/892882425-513.6859844347281RuaSoPaulo18011002Lourdes101220204de54-150x150.webp"},"full":{"file":"892882425-513.6859844347281RuaSoPaulo18011002Lourdes101220204de54.webp","width":642,"height":642,"mimeType":"image\/webp","sourceUrl":"https:\/\/quintoandar.com.br\/guias\/wp-content\/uploads\/2023\/05\/892882425-513.6859844347281RuaSoPaulo18011002Lourdes101220204de54.webp"}},"isPlaceholder":false,"isExternal":false,"needsProxy":false,"baseColor":"#c8bbaa","blurHash":"","creationDate":"2023-05-03T20:12:22","src":"https:\/\/quintoandar.com.br\/guias\/wp-content\/uploads\/2023\/05\/892882425-513.6859844347281RuaSoPaulo18011002Lourdes101220204de54.webp","id":473286,"alt":"892882425-513.6859844347281RuaSoPaulo18011002Lourdes101220204de54","local":false,"provider":"local"},"backgroundColor":{"color":{"r":196,"g":196,"b":196}},"x":48,"y":0,"width":321,"height":321,"mask":{"type":"rectangle"},"isBackground":true,"id":"a82e76ad-b550-4314-b454-7616c21af63d","basedOn":"7ecba77e-6af1-41ec-a19d-c57b28a4da05","alt":"Im\u00f3vel para alugar em Belo Horizonte","type":"image"}],"backgroundColor":{"color":{"r":36,"g":88,"b":37}},"animations":[{"id":"f82be66a-9adc-4288-a777-6085072ee243","type":"effect-background-pan","panDir":"leftToRight","duration":2000,"delay":0,"targets":["a82e76ad-b550-4314-b454-7616c21af63d"]}],"type":"page","id":"aa92bb25-30b1-4b33-9ae0-bde2566e2fb6","defaultBackgroundElement":{"opacity":100,"flip":{"vertical":false,"horizontal":false},"rotationAngle":0,"lockAspectRatio":true,"backgroundColor":{"color":{"r":196,"g":196,"b":196}},"x":1,"y":1,"width":1,"height":1,"mask":{"type":"rectangle"},"isBackground":true,"isDefaultBackground":true,"id":"d69060e3-d326-4e82-bd1b-ba893ef7fced","basedOn":"4a2cdd23-8124-4eb7-a9bf-1413f2f89d03","type":"shape"},"pageAttachment":{"url":"https:\/\/www.quintoandar.com.br\/imovel\/892882425\/alugar?&utm_content=web-stories-3-cidades-morar-minas-gerais","icon":"https:\/\/www.quintoandar.com.br\/img\/med\/892882425-96.09674842462957RuaSoPaulo18011002Lourdes101220202de54.JPG","needsProxy":false,"ctaText":"Ver im\u00f3vel"}},{"elements":[{"opacity":100,"flip":{"vertical":false,"horizontal":false},"rotationAngle":0,"lockAspectRatio":true,"backgroundColor":{"color":{"r":196,"g":196,"b":196}},"x":1,"y":1,"width":1,"height":1,"mask":{"type":"rectangle"},"isBackground":true,"isDefaultBackground":true,"id":"15e156ea-f32f-4e78-8186-42cb76b46c9e","basedOn":"4a2cdd23-8124-4eb7-a9bf-1413f2f89d03","type":"shape"},{"opacity":100,"flip":{"vertical":false,"horizontal":false},"rotationAngle":0,"lockAspectRatio":true,"scale":100,"focalX":50,"focalY":50,"resource":{"type":"image","mimeType":"image\/jpeg","width":1000,"height":838,"sizes":{"post-thumbnail":{"file":"Bairros-de-Nova-Lima-530x337.jpg","width":530,"height":337,"filesize":"65163","mimeType":"image\/jpeg","sourceUrl":"https:\/\/quintoandar.com.br\/guias\/wp-content\/uploads\/2022\/09\/Bairros-de-Nova-Lima-530x337.jpg"},"single-destaque":{"file":"Bairros-de-Nova-Lima-850x680.jpg","width":850,"height":680,"filesize":"175784","mimeType":"image\/jpeg","sourceUrl":"https:\/\/quintoandar.com.br\/guias\/wp-content\/uploads\/2022\/09\/Bairros-de-Nova-Lima-850x680.jpg"},"full":{"file":"Bairros-de-Nova-Lima.jpg","width":1000,"height":838,"mimeType":"image\/jpeg","sourceUrl":"https:\/\/quintoandar.com.br\/guias\/wp-content\/uploads\/2022\/09\/Bairros-de-Nova-Lima.jpg"}},"isPlaceholder":false,"isExternal":false,"needsProxy":false,"baseColor":"#bbc3d1","blurHash":"","creationDate":"2022-09-24T03:54:23","src":"https:\/\/quintoandar.com.br\/guias\/wp-content\/uploads\/2022\/09\/Bairros-de-Nova-Lima.jpg","id":453645,"alt":"Foto que ilustra mat\u00e9ria sobre bairros de Nova Lima mostra v\u00e1rios pr\u00e9dios da cidade, com destaque para a Torre Alta Vila, um dos pontos mais conhecidos da regi\u00e3o.","local":false},"backgroundColor":{"color":{"r":196,"g":196,"b":196}},"x":46,"y":0,"width":318,"height":309,"mask":{"type":"rectangle"},"basedOn":"1a8c844b-c5d6-4172-b775-b9a6c464360f","id":"dbaf9fe9-478f-4e54-bee7-e3990a8d13c3","alt":"Imagem da cidade de Nova Lima","type":"image"},{"opacity":100,"flip":{"vertical":false,"horizontal":false},"rotationAngle":0,"lockAspectRatio":false,"backgroundTextMode":"NONE","font":{"family":"Poppins"},"fontSize":26,"backgroundColor":{"color":{"r":196,"g":196,"b":196}},"lineHeight":1.2,"textAlign":"initial","padding":{"locked":true,"hasHiddenPadding":false,"horizontal":0,"vertical":0},"content":"<span style=\"font-weight: 600; color: #f8f9f5\">Nova Lima<\/span>","borderRadius":{"locked":true,"topLeft":2,"topRight":2,"bottomRight":2,"bottomLeft":2},"x":47,"y":331,"width":274,"height":37,"marginOffset":0.4781249999999986,"basedOn":"1acbd92b-3890-4375-868f-4c29796e5bd3","id":"62399cbb-508a-4a3c-8372-d79c85dc1202","type":"text"},{"opacity":100,"flip":{"vertical":false,"horizontal":false},"rotationAngle":0,"lockAspectRatio":false,"backgroundTextMode":"NONE","font":{"family":"Poppins"},"fontSize":20,"backgroundColor":{"color":{"r":196,"g":196,"b":196}},"lineHeight":1.2,"textAlign":"initial","padding":{"locked":true,"hasHiddenPadding":false,"horizontal":0,"vertical":0},"content":"<span style=\"color: #fff\">Nova Lima \u00e9 uma cidade muito bem desenvolvida e tem um clima que mescla urbano e rural, com com\u00e9rcios e servi\u00e7os bastante eficientes, que oferecem qualidade de vida a seus moradores e visitantes. N\u00e3o \u00e9 atoa que a cidade que tem o melhor IDH (0,813) de Minas Gerais.<\/span>","borderRadius":{"locked":true,"topLeft":2,"topRight":2,"bottomRight":2,"bottomLeft":2},"x":50,"y":374,"width":309,"height":244,"marginOffset":0.4781249999999986,"basedOn":"f58aac86-0d0f-4625-ba3f-ec49557c4ac1","id":"8e8f387f-476e-466f-aadb-4daf4258d8a2","type":"text"}],"backgroundColor":{"color":{"r":36,"g":88,"b":37}},"animations":[{"id":"c8858063-4622-45a5-b185-76f9bb1cee65","type":"effect-drop","duration":1600,"delay":0,"targets":["dbaf9fe9-478f-4e54-bee7-e3990a8d13c3"]}],"type":"page","id":"048d7c7a-448a-4d8e-b478-ac6ba1dc890f","defaultBackgroundElement":{"opacity":100,"flip":{"vertical":false,"horizontal":false},"rotationAngle":0,"lockAspectRatio":true,"backgroundColor":{"color":{"r":196,"g":196,"b":196}},"x":1,"y":1,"width":1,"height":1,"mask":{"type":"rectangle"},"isBackground":true,"isDefaultBackground":true,"type":"shape","id":"d30996f6-74d0-4192-81c0-4c75833133d2"}},{"elements":[{"opacity":100,"flip":{"vertical":false,"horizontal":false},"rotationAngle":0,"lockAspectRatio":true,"scale":100,"focalX":28.052841463443478,"focalY":49.92784232903297,"resource":{"type":"image","mimeType":"image\/webp","width":642,"height":642,"sizes":{"medium":{"file":"893856962-344.365872589466969502032188f0d0cdd7b60821a12d9678-300x300.webp","width":300,"height":300,"filesize":18462,"mimeType":"image\/webp","sourceUrl":"https:\/\/quintoandar.com.br\/guias\/wp-content\/uploads\/2023\/05\/893856962-344.365872589466969502032188f0d0cdd7b60821a12d9678-300x300.webp"},"thumbnail":{"file":"893856962-344.365872589466969502032188f0d0cdd7b60821a12d9678-150x150.webp","width":150,"height":150,"filesize":6162,"mimeType":"image\/webp","sourceUrl":"https:\/\/quintoandar.com.br\/guias\/wp-content\/uploads\/2023\/05\/893856962-344.365872589466969502032188f0d0cdd7b60821a12d9678-150x150.webp"},"post-thumbnail":{"file":"893856962-344.365872589466969502032188f0d0cdd7b60821a12d9678-530x337.webp","width":530,"height":337,"filesize":31308,"mimeType":"image\/webp","sourceUrl":"https:\/\/quintoandar.com.br\/guias\/wp-content\/uploads\/2023\/05\/893856962-344.365872589466969502032188f0d0cdd7b60821a12d9678-530x337.webp"},"alm-thumbnail":{"file":"893856962-344.365872589466969502032188f0d0cdd7b60821a12d9678-150x150.webp","width":150,"height":150,"filesize":6162,"mimeType":"image\/webp","sourceUrl":"https:\/\/quintoandar.com.br\/guias\/wp-content\/uploads\/2023\/05\/893856962-344.365872589466969502032188f0d0cdd7b60821a12d9678-150x150.webp"},"wpvqgr-square-answer":{"file":"893856962-344.365872589466969502032188f0d0cdd7b60821a12d9678-300x300.webp","width":300,"height":300,"filesize":18462,"mimeType":"image\/webp","sourceUrl":"https:\/\/quintoandar.com.br\/guias\/wp-content\/uploads\/2023\/05\/893856962-344.365872589466969502032188f0d0cdd7b60821a12d9678-300x300.webp"},"web-stories-poster-portrait":{"file":"893856962-344.365872589466969502032188f0d0cdd7b60821a12d9678-640x642.webp","width":640,"height":642,"filesize":71988,"mimeType":"image\/webp","sourceUrl":"https:\/\/quintoandar.com.br\/guias\/wp-content\/uploads\/2023\/05\/893856962-344.365872589466969502032188f0d0cdd7b60821a12d9678-640x642.webp"},"web-stories-publisher-logo":{"file":"893856962-344.365872589466969502032188f0d0cdd7b60821a12d9678-96x96.webp","width":96,"height":96,"filesize":2844,"mimeType":"image\/webp","sourceUrl":"https:\/\/quintoandar.com.br\/guias\/wp-content\/uploads\/2023\/05\/893856962-344.365872589466969502032188f0d0cdd7b60821a12d9678-96x96.webp"},"web-stories-thumbnail":{"file":"893856962-344.365872589466969502032188f0d0cdd7b60821a12d9678-150x150.webp","width":150,"height":150,"filesize":6162,"mimeType":"image\/webp","sourceUrl":"https:\/\/quintoandar.com.br\/guias\/wp-content\/uploads\/2023\/05\/893856962-344.365872589466969502032188f0d0cdd7b60821a12d9678-150x150.webp"},"full":{"file":"893856962-344.365872589466969502032188f0d0cdd7b60821a12d9678.webp","width":642,"height":642,"mimeType":"image\/webp","sourceUrl":"https:\/\/quintoandar.com.br\/guias\/wp-content\/uploads\/2023\/05\/893856962-344.365872589466969502032188f0d0cdd7b60821a12d9678.webp"}},"isPlaceholder":false,"isExternal":false,"needsProxy":false,"baseColor":"#ccc6bf","blurHash":"","creationDate":"2023-05-03T20:17:59","src":"https:\/\/quintoandar.com.br\/guias\/wp-content\/uploads\/2023\/05\/893856962-344.365872589466969502032188f0d0cdd7b60821a12d9678.webp","id":473289,"alt":"893856962-344.365872589466969502032188f0d0cdd7b60821a12d9678","local":false,"provider":"local"},"backgroundColor":{"color":{"r":196,"g":196,"b":196}},"x":48,"y":0,"width":321,"height":321,"mask":{"type":"rectangle"},"isBackground":true,"id":"f93249df-4354-4460-a259-ae36fcf17469","basedOn":"a82e76ad-b550-4314-b454-7616c21af63d","alt":"Im\u00f3vel para alugar em Nova Lima","type":"image"}],"backgroundColor":{"color":{"r":36,"g":88,"b":37}},"animations":[{"id":"1e7343c7-fd74-430d-803a-05eac6c29e10","type":"effect-background-pan","panDir":"leftToRight","duration":2000,"delay":0,"targets":["f93249df-4354-4460-a259-ae36fcf17469"]}],"type":"page","id":"03f2a330-0ac2-4658-a9fb-27fc9b9f70bb","defaultBackgroundElement":{"opacity":100,"flip":{"vertical":false,"horizontal":false},"rotationAngle":0,"lockAspectRatio":true,"backgroundColor":{"color":{"r":196,"g":196,"b":196}},"x":1,"y":1,"width":1,"height":1,"mask":{"type":"rectangle"},"isBackground":true,"isDefaultBackground":true,"id":"d69060e3-d326-4e82-bd1b-ba893ef7fced","basedOn":"4a2cdd23-8124-4eb7-a9bf-1413f2f89d03","type":"shape"},"pageAttachment":{"url":"https:\/\/www.quintoandar.com.br\/imovel\/893856962\/alugar?&utm_content=web-stories-3-cidades-morar-minas-gerais","icon":"https:\/\/www.quintoandar.com.br\/img\/med\/893856962-168.5863785120204293ff75112f0b8a60355acf850a895421.jpg","needsProxy":false,"ctaText":"Ver im\u00f3vel"}},{"elements":[{"opacity":100,"flip":{"vertical":false,"horizontal":false},"rotationAngle":0,"lockAspectRatio":true,"scale":100,"focalX":81.25000022194602,"focalY":49.92784232903297,"resource":{"type":"image","mimeType":"image\/webp","width":1152,"height":768,"sizes":{"medium":{"file":"893999905-310.2608365079424320230316sessao153903301-300x200.webp","width":300,"height":200,"filesize":8564,"mimeType":"image\/webp","sourceUrl":"https:\/\/quintoandar.com.br\/guias\/wp-content\/uploads\/2023\/05\/893999905-310.2608365079424320230316sessao153903301-300x200.webp"},"large":{"file":"893999905-310.2608365079424320230316sessao153903301-1024x683.webp","width":1024,"height":683,"filesize":50326,"mimeType":"image\/webp","sourceUrl":"https:\/\/quintoandar.com.br\/guias\/wp-content\/uploads\/2023\/05\/893999905-310.2608365079424320230316sessao153903301-1024x683.webp"},"thumbnail":{"file":"893999905-310.2608365079424320230316sessao153903301-150x150.webp","width":150,"height":150,"filesize":3934,"mimeType":"image\/webp","sourceUrl":"https:\/\/quintoandar.com.br\/guias\/wp-content\/uploads\/2023\/05\/893999905-310.2608365079424320230316sessao153903301-150x150.webp"},"medium_large":{"file":"893999905-310.2608365079424320230316sessao153903301-768x512.webp","width":768,"height":512,"filesize":31676,"mimeType":"image\/webp","sourceUrl":"https:\/\/quintoandar.com.br\/guias\/wp-content\/uploads\/2023\/05\/893999905-310.2608365079424320230316sessao153903301-768x512.webp"},"post-thumbnail":{"file":"893999905-310.2608365079424320230316sessao153903301-530x337.webp","width":530,"height":337,"filesize":18694,"mimeType":"image\/webp","sourceUrl":"https:\/\/quintoandar.com.br\/guias\/wp-content\/uploads\/2023\/05\/893999905-310.2608365079424320230316sessao153903301-530x337.webp"},"chamada-destaque":{"file":"893999905-310.2608365079424320230316sessao153903301-800x687.webp","width":800,"height":687,"filesize":40014,"mimeType":"image\/webp","sourceUrl":"https:\/\/quintoandar.com.br\/guias\/wp-content\/uploads\/2023\/05\/893999905-310.2608365079424320230316sessao153903301-800x687.webp"},"single-destaque":{"file":"893999905-310.2608365079424320230316sessao153903301-850x680.webp","width":850,"height":680,"filesize":41650,"mimeType":"image\/webp","sourceUrl":"https:\/\/quintoandar.com.br\/guias\/wp-content\/uploads\/2023\/05\/893999905-310.2608365079424320230316sessao153903301-850x680.webp"},"alm-thumbnail":{"file":"893999905-310.2608365079424320230316sessao153903301-150x150.webp","width":150,"height":150,"filesize":3934,"mimeType":"image\/webp","sourceUrl":"https:\/\/quintoandar.com.br\/guias\/wp-content\/uploads\/2023\/05\/893999905-310.2608365079424320230316sessao153903301-150x150.webp"},"wpvqgr-square-answer":{"file":"893999905-310.2608365079424320230316sessao153903301-300x300.webp","width":300,"height":300,"filesize":10298,"mimeType":"image\/webp","sourceUrl":"https:\/\/quintoandar.com.br\/guias\/wp-content\/uploads\/2023\/05\/893999905-310.2608365079424320230316sessao153903301-300x300.webp"},"web-stories-poster-portrait":{"file":"893999905-310.2608365079424320230316sessao153903301-640x768.webp","width":640,"height":768,"filesize":40522,"mimeType":"image\/webp","sourceUrl":"https:\/\/quintoandar.com.br\/guias\/wp-content\/uploads\/2023\/05\/893999905-310.2608365079424320230316sessao153903301-640x768.webp"},"web-stories-publisher-logo":{"file":"893999905-310.2608365079424320230316sessao153903301-96x96.webp","width":96,"height":96,"filesize":2082,"mimeType":"image\/webp","sourceUrl":"https:\/\/quintoandar.com.br\/guias\/wp-content\/uploads\/2023\/05\/893999905-310.2608365079424320230316sessao153903301-96x96.webp"},"web-stories-thumbnail":{"file":"893999905-310.2608365079424320230316sessao153903301-150x100.webp","width":150,"height":100,"filesize":3376,"mimeType":"image\/webp","sourceUrl":"https:\/\/quintoandar.com.br\/guias\/wp-content\/uploads\/2023\/05\/893999905-310.2608365079424320230316sessao153903301-150x100.webp"},"full":{"file":"893999905-310.2608365079424320230316sessao153903301.webp","width":1152,"height":768,"mimeType":"image\/webp","sourceUrl":"https:\/\/quintoandar.com.br\/guias\/wp-content\/uploads\/2023\/05\/893999905-310.2608365079424320230316sessao153903301.webp"}},"isPlaceholder":false,"isExternal":false,"needsProxy":false,"baseColor":"#dcd9d9","blurHash":"","creationDate":"2023-05-03T20:21:52","src":"https:\/\/quintoandar.com.br\/guias\/wp-content\/uploads\/2023\/05\/893999905-310.2608365079424320230316sessao153903301.webp","id":473295,"alt":"893999905-310.2608365079424320230316sessao153903301","local":false,"provider":"local"},"backgroundColor":{"color":{"r":196,"g":196,"b":196}},"x":48,"y":0,"width":330,"height":220,"mask":{"type":"rectangle"},"isBackground":true,"id":"091992a6-de1b-4f6b-b28c-5e1688990472","basedOn":"f93249df-4354-4460-a259-ae36fcf17469","alt":"Im\u00f3vel para alugar em Nova Lima","type":"image"}],"backgroundColor":{"color":{"r":36,"g":88,"b":37}},"animations":[{"id":"9ef2bbdc-7fb2-4623-95f4-294b90430038","type":"effect-background-pan","panDir":"rightToLeft","duration":2000,"delay":0,"targets":["091992a6-de1b-4f6b-b28c-5e1688990472"]}],"type":"page","id":"e9e0611c-a4e0-46cb-a0f8-809c0ac250b9","defaultBackgroundElement":{"opacity":100,"flip":{"vertical":false,"horizontal":false},"rotationAngle":0,"lockAspectRatio":true,"backgroundColor":{"color":{"r":196,"g":196,"b":196}},"x":1,"y":1,"width":1,"height":1,"mask":{"type":"rectangle"},"isBackground":true,"isDefaultBackground":true,"id":"d69060e3-d326-4e82-bd1b-ba893ef7fced","basedOn":"4a2cdd23-8124-4eb7-a9bf-1413f2f89d03","type":"shape"},"pageAttachment":{"url":"https:\/\/www.quintoandar.com.br\/imovel\/893999905\/alugar?&utm_content=web-stories-3-cidades-morar-minas-gerais","icon":"https:\/\/www.quintoandar.com.br\/img\/med\/893999905-310.2608365079424320230316sessao153903301.jpg","needsProxy":false,"ctaText":"Ver im\u00f3vel"}},{"elements":[{"opacity":100,"flip":{"vertical":false,"horizontal":false},"rotationAngle":0,"lockAspectRatio":true,"backgroundColor":{"color":{"r":196,"g":196,"b":196}},"x":1,"y":1,"width":1,"height":1,"mask":{"type":"rectangle"},"isBackground":true,"isDefaultBackground":true,"id":"a473f186-8812-484d-89e8-c632bf474504","basedOn":"15e156ea-f32f-4e78-8186-42cb76b46c9e","type":"shape"},{"opacity":100,"flip":{"vertical":false,"horizontal":false},"rotationAngle":0,"lockAspectRatio":true,"scale":100,"focalX":50,"focalY":50,"resource":{"type":"image","mimeType":"image\/jpeg","width":1024,"height":767,"sizes":{"post-thumbnail":{"file":"Bairros-de-Uberlandia-530x337.jpg","width":530,"height":337,"filesize":"56045","mimeType":"image\/jpeg","sourceUrl":"https:\/\/quintoandar.com.br\/guias\/wp-content\/uploads\/2022\/09\/Bairros-de-Uberlandia-530x337.jpg"},"single-destaque":{"file":"Bairros-de-Uberlandia-850x680.jpg","width":850,"height":680,"filesize":"154807","mimeType":"image\/jpeg","sourceUrl":"https:\/\/quintoandar.com.br\/guias\/wp-content\/uploads\/2022\/09\/Bairros-de-Uberlandia-850x680.jpg"},"full":{"file":"Bairros-de-Uberlandia.jpg","width":1024,"height":767,"mimeType":"image\/jpeg","sourceUrl":"https:\/\/quintoandar.com.br\/guias\/wp-content\/uploads\/2022\/09\/Bairros-de-Uberlandia.jpg"}},"isPlaceholder":false,"isExternal":false,"needsProxy":false,"baseColor":"#395f89","blurHash":"","creationDate":"2022-09-29T01:57:39","src":"https:\/\/quintoandar.com.br\/guias\/wp-content\/uploads\/2022\/09\/Bairros-de-Uberlandia.jpg","id":454201,"alt":"Foto que ilustra mat\u00e9ria sobre bairros de Uberl\u00e2ndia mostra uma vis\u00e3o do alto da cidade em um dia ensolarado de c\u00e9u azul e poucas nuvens, com pr\u00e9dios muito altos no centro da imagem, algumas casas no canto inferior esquerdo e uma regi\u00e3o arborizada no canto inferior direito.","local":false,"provider":"local"},"backgroundColor":{"color":{"r":196,"g":196,"b":196}},"x":46,"y":0,"width":318,"height":309,"mask":{"type":"rectangle"},"basedOn":"dbaf9fe9-478f-4e54-bee7-e3990a8d13c3","id":"6cee4df7-d599-47be-9e14-c8e6883175c1","alt":"Imagem da cidade de Uberl\u00e2ndia","type":"image"},{"opacity":100,"flip":{"vertical":false,"horizontal":false},"rotationAngle":0,"lockAspectRatio":false,"backgroundTextMode":"NONE","font":{"family":"Poppins"},"fontSize":26,"backgroundColor":{"color":{"r":196,"g":196,"b":196}},"lineHeight":1.2,"textAlign":"initial","padding":{"locked":true,"hasHiddenPadding":false,"horizontal":0,"vertical":0},"content":"<span style=\"font-weight: 700; color: #f8f9f5\">Uberl\u00e2ndia<\/span>","borderRadius":{"locked":true,"topLeft":2,"topRight":2,"bottomRight":2,"bottomLeft":2},"x":47,"y":331,"width":274,"height":37,"marginOffset":0.4781249999999986,"basedOn":"62399cbb-508a-4a3c-8372-d79c85dc1202","id":"071f8b8f-5a98-41e4-9756-a9abfd4c7ce2","type":"text"},{"opacity":100,"flip":{"vertical":false,"horizontal":false},"rotationAngle":0,"lockAspectRatio":false,"backgroundTextMode":"NONE","font":{"family":"Poppins"},"fontSize":20,"backgroundColor":{"color":{"r":196,"g":196,"b":196}},"lineHeight":1.2,"textAlign":"initial","padding":{"locked":true,"hasHiddenPadding":false,"horizontal":0,"vertical":0},"content":"<span style=\"color: #fff\">Os mais de 700 mil moradores de Uberl\u00e2ndia contam com uma ampla infraestrutura que garante todos os tipos de servi\u00e7os, com\u00e9rcios, educa\u00e7\u00e3o, sa\u00fade, al\u00e9m de muitas op\u00e7\u00f5es para lazer.<\/span>","borderRadius":{"locked":true,"topLeft":2,"topRight":2,"bottomRight":2,"bottomLeft":2},"x":48,"y":380,"width":310,"height":171,"marginOffset":0.4781249999999986,"basedOn":"8e8f387f-476e-466f-aadb-4daf4258d8a2","id":"68e95a4a-5fe8-4db2-8644-eff7af486ceb","type":"text"}],"backgroundColor":{"color":{"r":36,"g":88,"b":37}},"animations":[{"id":"11bf695a-a58e-4b89-81c5-493c116c0f10","type":"effect-drop","duration":1600,"delay":0,"targets":["6cee4df7-d599-47be-9e14-c8e6883175c1"]}],"type":"page","id":"f3235171-ef09-4d4c-a9fd-9aa0170228b2","defaultBackgroundElement":{"opacity":100,"flip":{"vertical":false,"horizontal":false},"rotationAngle":0,"lockAspectRatio":true,"backgroundColor":{"color":{"r":196,"g":196,"b":196}},"x":1,"y":1,"width":1,"height":1,"mask":{"type":"rectangle"},"isBackground":true,"isDefaultBackground":true,"type":"shape","id":"d30996f6-74d0-4192-81c0-4c75833133d2"}},{"elements":[{"opacity":100,"flip":{"vertical":false,"horizontal":false},"rotationAngle":0,"lockAspectRatio":true,"scale":100,"focalX":18.750000488281252,"focalY":49.92784232903297,"resource":{"type":"image","mimeType":"image\/webp","width":1152,"height":768,"sizes":{"medium":{"file":"893757707-927.4824795984905003-300x200.webp","width":300,"height":200,"filesize":11858,"mimeType":"image\/webp","sourceUrl":"https:\/\/quintoandar.com.br\/guias\/wp-content\/uploads\/2023\/05\/893757707-927.4824795984905003-300x200.webp"},"large":{"file":"893757707-927.4824795984905003-1024x683.webp","width":1024,"height":683,"filesize":73158,"mimeType":"image\/webp","sourceUrl":"https:\/\/quintoandar.com.br\/guias\/wp-content\/uploads\/2023\/05\/893757707-927.4824795984905003-1024x683.webp"},"thumbnail":{"file":"893757707-927.4824795984905003-150x150.webp","width":150,"height":150,"filesize":5298,"mimeType":"image\/webp","sourceUrl":"https:\/\/quintoandar.com.br\/guias\/wp-content\/uploads\/2023\/05\/893757707-927.4824795984905003-150x150.webp"},"medium_large":{"file":"893757707-927.4824795984905003-768x512.webp","width":768,"height":512,"filesize":47010,"mimeType":"image\/webp","sourceUrl":"https:\/\/quintoandar.com.br\/guias\/wp-content\/uploads\/2023\/05\/893757707-927.4824795984905003-768x512.webp"},"post-thumbnail":{"file":"893757707-927.4824795984905003-530x337.webp","width":530,"height":337,"filesize":26968,"mimeType":"image\/webp","sourceUrl":"https:\/\/quintoandar.com.br\/guias\/wp-content\/uploads\/2023\/05\/893757707-927.4824795984905003-530x337.webp"},"chamada-destaque":{"file":"893757707-927.4824795984905003-800x687.webp","width":800,"height":687,"filesize":59954,"mimeType":"image\/webp","sourceUrl":"https:\/\/quintoandar.com.br\/guias\/wp-content\/uploads\/2023\/05\/893757707-927.4824795984905003-800x687.webp"},"single-destaque":{"file":"893757707-927.4824795984905003-850x680.webp","width":850,"height":680,"filesize":63224,"mimeType":"image\/webp","sourceUrl":"https:\/\/quintoandar.com.br\/guias\/wp-content\/uploads\/2023\/05\/893757707-927.4824795984905003-850x680.webp"},"alm-thumbnail":{"file":"893757707-927.4824795984905003-150x150.webp","width":150,"height":150,"filesize":5298,"mimeType":"image\/webp","sourceUrl":"https:\/\/quintoandar.com.br\/guias\/wp-content\/uploads\/2023\/05\/893757707-927.4824795984905003-150x150.webp"},"wpvqgr-square-answer":{"file":"893757707-927.4824795984905003-300x300.webp","width":300,"height":300,"filesize":15398,"mimeType":"image\/webp","sourceUrl":"https:\/\/quintoandar.com.br\/guias\/wp-content\/uploads\/2023\/05\/893757707-927.4824795984905003-300x300.webp"},"web-stories-poster-portrait":{"file":"893757707-927.4824795984905003-640x768.webp","width":640,"height":768,"filesize":56828,"mimeType":"image\/webp","sourceUrl":"https:\/\/quintoandar.com.br\/guias\/wp-content\/uploads\/2023\/05\/893757707-927.4824795984905003-640x768.webp"},"web-stories-publisher-logo":{"file":"893757707-927.4824795984905003-96x96.webp","width":96,"height":96,"filesize":2418,"mimeType":"image\/webp","sourceUrl":"https:\/\/quintoandar.com.br\/guias\/wp-content\/uploads\/2023\/05\/893757707-927.4824795984905003-96x96.webp"},"web-stories-thumbnail":{"file":"893757707-927.4824795984905003-150x100.webp","width":150,"height":100,"filesize":3928,"mimeType":"image\/webp","sourceUrl":"https:\/\/quintoandar.com.br\/guias\/wp-content\/uploads\/2023\/05\/893757707-927.4824795984905003-150x100.webp"},"full":{"file":"893757707-927.4824795984905003.webp","width":1152,"height":768,"mimeType":"image\/webp","sourceUrl":"https:\/\/quintoandar.com.br\/guias\/wp-content\/uploads\/2023\/05\/893757707-927.4824795984905003.webp"}},"isPlaceholder":false,"isExternal":false,"needsProxy":false,"baseColor":"#c7c5c3","blurHash":"","creationDate":"2023-05-03T20:25:54","src":"https:\/\/quintoandar.com.br\/guias\/wp-content\/uploads\/2023\/05\/893757707-927.4824795984905003.webp","id":473299,"alt":"893757707-927.4824795984905003","local":false,"provider":"local"},"backgroundColor":{"color":{"r":196,"g":196,"b":196}},"x":48,"y":0,"width":330,"height":220,"mask":{"type":"rectangle"},"isBackground":true,"id":"811d7920-2274-422b-85e8-eacbbcf4ec19","basedOn":"091992a6-de1b-4f6b-b28c-5e1688990472","alt":"Im\u00f3vel para alugar em Uberl\u00e2ndia","type":"image"}],"backgroundColor":{"color":{"r":36,"g":88,"b":37}},"animations":[{"id":"e153ee8e-f105-48cf-9ec1-9cdf2ca4a852","type":"effect-background-pan","panDir":"leftToRight","duration":2000,"delay":0,"targets":["811d7920-2274-422b-85e8-eacbbcf4ec19"]}],"type":"page","id":"1e5f9983-aa5c-45df-bdac-50c3898f2cc6","defaultBackgroundElement":{"opacity":100,"flip":{"vertical":false,"horizontal":false},"rotationAngle":0,"lockAspectRatio":true,"backgroundColor":{"color":{"r":196,"g":196,"b":196}},"x":1,"y":1,"width":1,"height":1,"mask":{"type":"rectangle"},"isBackground":true,"isDefaultBackground":true,"id":"d69060e3-d326-4e82-bd1b-ba893ef7fced","basedOn":"4a2cdd23-8124-4eb7-a9bf-1413f2f89d03","type":"shape"},"pageAttachment":{"url":"https:\/\/www.quintoandar.com.br\/imovel\/893757707\/alugar?&utm_content=web-stories-3-cidades-morar-minas-gerais","icon":"https:\/\/www.quintoandar.com.br\/img\/med\/893757707-534.5222168437018002.jpg","needsProxy":false,"ctaText":"Ver im\u00f3vel"}},{"elements":[{"opacity":100,"flip":{"vertical":false,"horizontal":false},"rotationAngle":0,"lockAspectRatio":true,"scale":100,"focalX":18.750000488281252,"focalY":49.92784232903297,"resource":{"type":"image","mimeType":"image\/webp","width":1152,"height":768,"sizes":{"medium":{"file":"893520146-679.18858499160882Sala-300x200.webp","width":300,"height":200,"filesize":8400,"mimeType":"image\/webp","sourceUrl":"https:\/\/quintoandar.com.br\/guias\/wp-content\/uploads\/2023\/05\/893520146-679.18858499160882Sala-300x200.webp"},"large":{"file":"893520146-679.18858499160882Sala-1024x683.webp","width":1024,"height":683,"filesize":51788,"mimeType":"image\/webp","sourceUrl":"https:\/\/quintoandar.com.br\/guias\/wp-content\/uploads\/2023\/05\/893520146-679.18858499160882Sala-1024x683.webp"},"thumbnail":{"file":"893520146-679.18858499160882Sala-150x150.webp","width":150,"height":150,"filesize":3940,"mimeType":"image\/webp","sourceUrl":"https:\/\/quintoandar.com.br\/guias\/wp-content\/uploads\/2023\/05\/893520146-679.18858499160882Sala-150x150.webp"},"medium_large":{"file":"893520146-679.18858499160882Sala-768x512.webp","width":768,"height":512,"filesize":33474,"mimeType":"image\/webp","sourceUrl":"https:\/\/quintoandar.com.br\/guias\/wp-content\/uploads\/2023\/05\/893520146-679.18858499160882Sala-768x512.webp"},"post-thumbnail":{"file":"893520146-679.18858499160882Sala-530x337.webp","width":530,"height":337,"filesize":19272,"mimeType":"image\/webp","sourceUrl":"https:\/\/quintoandar.com.br\/guias\/wp-content\/uploads\/2023\/05\/893520146-679.18858499160882Sala-530x337.webp"},"chamada-destaque":{"file":"893520146-679.18858499160882Sala-800x687.webp","width":800,"height":687,"filesize":41186,"mimeType":"image\/webp","sourceUrl":"https:\/\/quintoandar.com.br\/guias\/wp-content\/uploads\/2023\/05\/893520146-679.18858499160882Sala-800x687.webp"},"single-destaque":{"file":"893520146-679.18858499160882Sala-850x680.webp","width":850,"height":680,"filesize":43392,"mimeType":"image\/webp","sourceUrl":"https:\/\/quintoandar.com.br\/guias\/wp-content\/uploads\/2023\/05\/893520146-679.18858499160882Sala-850x680.webp"},"alm-thumbnail":{"file":"893520146-679.18858499160882Sala-150x150.webp","width":150,"height":150,"filesize":3940,"mimeType":"image\/webp","sourceUrl":"https:\/\/quintoandar.com.br\/guias\/wp-content\/uploads\/2023\/05\/893520146-679.18858499160882Sala-150x150.webp"},"wpvqgr-square-answer":{"file":"893520146-679.18858499160882Sala-300x300.webp","width":300,"height":300,"filesize":10280,"mimeType":"image\/webp","sourceUrl":"https:\/\/quintoandar.com.br\/guias\/wp-content\/uploads\/2023\/05\/893520146-679.18858499160882Sala-300x300.webp"},"web-stories-poster-portrait":{"file":"893520146-679.18858499160882Sala-640x768.webp","width":640,"height":768,"filesize":36966,"mimeType":"image\/webp","sourceUrl":"https:\/\/quintoandar.com.br\/guias\/wp-content\/uploads\/2023\/05\/893520146-679.18858499160882Sala-640x768.webp"},"web-stories-publisher-logo":{"file":"893520146-679.18858499160882Sala-96x96.webp","width":96,"height":96,"filesize":2068,"mimeType":"image\/webp","sourceUrl":"https:\/\/quintoandar.com.br\/guias\/wp-content\/uploads\/2023\/05\/893520146-679.18858499160882Sala-96x96.webp"},"web-stories-thumbnail":{"file":"893520146-679.18858499160882Sala-150x100.webp","width":150,"height":100,"filesize":3174,"mimeType":"image\/webp","sourceUrl":"https:\/\/quintoandar.com.br\/guias\/wp-content\/uploads\/2023\/05\/893520146-679.18858499160882Sala-150x100.webp"},"full":{"file":"893520146-679.18858499160882Sala.webp","width":1152,"height":768,"mimeType":"image\/webp","sourceUrl":"https:\/\/quintoandar.com.br\/guias\/wp-content\/uploads\/2023\/05\/893520146-679.18858499160882Sala.webp"}},"isPlaceholder":false,"isExternal":false,"needsProxy":false,"baseColor":"#939090","blurHash":"","creationDate":"2023-05-03T20:27:37","src":"https:\/\/quintoandar.com.br\/guias\/wp-content\/uploads\/2023\/05\/893520146-679.18858499160882Sala.webp","id":473302,"alt":"893520146-679.18858499160882Sala","local":false,"provider":"local"},"backgroundColor":{"color":{"r":196,"g":196,"b":196}},"x":48,"y":0,"width":330,"height":220,"mask":{"type":"rectangle"},"isBackground":true,"id":"fb2f7f59-831c-4595-bbd0-670a4f83d24f","basedOn":"811d7920-2274-422b-85e8-eacbbcf4ec19","alt":"Im\u00f3vel para alugar em Uberl\u00e2ndia","type":"image"}],"backgroundColor":{"color":{"r":36,"g":88,"b":37}},"animations":[{"id":"acc754e7-f361-4f5e-ac5c-10da509a1c14","type":"effect-background-pan","panDir":"leftToRight","duration":2000,"delay":0,"targets":["fb2f7f59-831c-4595-bbd0-670a4f83d24f"]}],"type":"page","id":"58ce5c87-7753-4d45-85d2-258b7b4f611a","defaultBackgroundElement":{"opacity":100,"flip":{"vertical":false,"horizontal":false},"rotationAngle":0,"lockAspectRatio":true,"backgroundColor":{"color":{"r":196,"g":196,"b":196}},"x":1,"y":1,"width":1,"height":1,"mask":{"type":"rectangle"},"isBackground":true,"isDefaultBackground":true,"id":"d69060e3-d326-4e82-bd1b-ba893ef7fced","basedOn":"4a2cdd23-8124-4eb7-a9bf-1413f2f89d03","type":"shape"},"pageAttachment":{"url":"https:\/\/www.quintoandar.com.br\/imovel\/893520146\/alugar?&utm_content=web-stories-3-cidades-morar-minas-gerais","icon":"https:\/\/www.quintoandar.com.br\/img\/med\/893520146-679.18858499160882Sala.jpg","needsProxy":false,"ctaText":"Ver im\u00f3vel"}},{"elements":[{"opacity":100,"flip":{"vertical":false,"horizontal":false},"rotationAngle":0,"lockAspectRatio":true,"x":1,"y":1,"width":1,"height":1,"mask":{"type":"rectangle"},"isBackground":true,"isDefaultBackground":true,"id":"e846e6b1-26f8-4708-8ddc-8a63932b26c5","type":"shape","basedOn":"8614f248-1812-4ef7-8273-01aec509edc2"},{"opacity":100,"flip":{"vertical":false,"horizontal":false},"rotationAngle":0,"lockAspectRatio":true,"backgroundTextMode":"NONE","font":{"family":"Poppins"},"fontSize":33,"backgroundColor":{"color":{"r":255,"g":255,"b":255}},"lineHeight":1.1,"textAlign":"left","padding":{"locked":true,"hasHiddenPadding":false,"horizontal":0,"vertical":0},"type":"text","content":"<span style=\"font-weight: 600; color: #f8f9f5\">Conhe\u00e7a mais sobre essas e outras das melhores cidades para morar em Minas Gerais!<\/span>","borderRadius":{"locked":true,"topLeft":2,"topRight":2,"bottomRight":2,"bottomLeft":2},"width":320,"height":227,"basedOn":"0ee62297-ad0c-467d-9d70-5353f231cdc4","x":60,"y":282,"marginOffset":-11.699999999999989,"id":"2890fb4a-7df1-4269-9ffa-d235b58c7f79"},{"opacity":100,"flip":{"vertical":false,"horizontal":false},"rotationAngle":0,"lockAspectRatio":true,"scale":100,"focalX":50,"focalY":50,"resource":{"baseColor":"#938462","blurHash":"UBGuQ~z:0L9}bD}Wr?OrX+D%jF%MRl%MxaIp","type":"image","mimeType":"image\/jpeg","creationDate":"2022-03-29T13:12:21","src":"https:\/\/quintoandar.com.br\/guias\/wp-content\/uploads\/2022\/03\/image1-1-scaled.jpeg","width":2560,"height":1439,"id":435115,"alt":"image1","sizes":{"medium":{"file":"image1-1-300x169.jpeg","width":300,"height":169,"mimeType":"image\/jpeg","sourceUrl":"https:\/\/quintoandar.com.br\/guias\/wp-content\/uploads\/2022\/03\/image1-1-300x169.jpeg"},"large":{"file":"image1-1-1024x576.jpeg","width":1024,"height":576,"mimeType":"image\/jpeg","sourceUrl":"https:\/\/quintoandar.com.br\/guias\/wp-content\/uploads\/2022\/03\/image1-1-1024x576.jpeg"},"thumbnail":{"file":"image1-1-150x150.jpeg","width":150,"height":150,"mimeType":"image\/jpeg","sourceUrl":"https:\/\/quintoandar.com.br\/guias\/wp-content\/uploads\/2022\/03\/image1-1-150x150.jpeg"},"medium_large":{"file":"image1-1-768x432.jpeg","width":768,"height":432,"mimeType":"image\/jpeg","sourceUrl":"https:\/\/quintoandar.com.br\/guias\/wp-content\/uploads\/2022\/03\/image1-1-768x432.jpeg"},"1536x1536":{"file":"image1-1-1536x864.jpeg","width":1536,"height":864,"mimeType":"image\/jpeg","sourceUrl":"https:\/\/quintoandar.com.br\/guias\/wp-content\/uploads\/2022\/03\/image1-1-1536x864.jpeg"},"2048x2048":{"file":"image1-1-2048x1151.jpeg","width":2048,"height":1151,"mimeType":"image\/jpeg","sourceUrl":"https:\/\/quintoandar.com.br\/guias\/wp-content\/uploads\/2022\/03\/image1-1-2048x1151.jpeg"},"post-thumbnail":{"file":"image1-1-350x219.jpeg","width":350,"height":219,"mimeType":"image\/jpeg","sourceUrl":"https:\/\/quintoandar.com.br\/guias\/wp-content\/uploads\/2022\/03\/image1-1-350x219.jpeg"},"chamada-destaque":{"file":"image1-1-683x587.jpeg","width":683,"height":587,"mimeType":"image\/jpeg","sourceUrl":"https:\/\/quintoandar.com.br\/guias\/wp-content\/uploads\/2022\/03\/image1-1-683x587.jpeg"},"single-destaque":{"file":"image1-1-600x480.jpeg","width":600,"height":480,"mimeType":"image\/jpeg","sourceUrl":"https:\/\/quintoandar.com.br\/guias\/wp-content\/uploads\/2022\/03\/image1-1-600x480.jpeg"},"alm-thumbnail":{"file":"image1-1-150x150.jpeg","width":150,"height":150,"mimeType":"image\/jpeg","sourceUrl":"https:\/\/quintoandar.com.br\/guias\/wp-content\/uploads\/2022\/03\/image1-1-150x150.jpeg"},"wpvqgr-square-answer":{"file":"image1-1-300x300.jpeg","width":300,"height":300,"mimeType":"image\/jpeg","sourceUrl":"https:\/\/quintoandar.com.br\/guias\/wp-content\/uploads\/2022\/03\/image1-1-300x300.jpeg"},"web-stories-poster-portrait":{"file":"image1-1-640x853.jpeg","width":640,"height":853,"mimeType":"image\/jpeg","sourceUrl":"https:\/\/quintoandar.com.br\/guias\/wp-content\/uploads\/2022\/03\/image1-1-640x853.jpeg"},"web-stories-publisher-logo":{"file":"image1-1-96x96.jpeg","width":96,"height":96,"mimeType":"image\/jpeg","sourceUrl":"https:\/\/quintoandar.com.br\/guias\/wp-content\/uploads\/2022\/03\/image1-1-96x96.jpeg"},"web-stories-thumbnail":{"file":"image1-1-150x84.jpeg","width":150,"height":84,"mimeType":"image\/jpeg","sourceUrl":"https:\/\/quintoandar.com.br\/guias\/wp-content\/uploads\/2022\/03\/image1-1-150x84.jpeg"},"full":{"file":"image1-1-scaled.jpeg","width":2560,"height":1439,"mimeType":"image\/jpeg","sourceUrl":"https:\/\/quintoandar.com.br\/guias\/wp-content\/uploads\/2022\/03\/image1-1-scaled.jpeg"}},"isPlaceholder":false,"isOptimized":false,"isMuted":false,"isExternal":false,"needsProxy":false,"provider":"local"},"type":"image","x":0,"y":-88,"width":544,"height":307,"mask":{"type":"rectangle","showInLibrary":true,"name":"Ret\u00e2ngulo","path":"M 0,0 1,0 1,1 0,1 0,0 Z","ratio":1,"supportsBorder":true},"basedOn":"3a2e5c0b-9b24-4f55-bdaf-d759792e6f03","alt":"Ilustra\u00e7\u00e3o de parque com pessoas em volta","link":null,"id":"7516ecb7-5cf7-4f97-a95b-02c29f143028"}],"animations":[],"backgroundColor":{"color":{"r":36,"g":88,"b":37}},"type":"page","id":"a2b48a03-fac8-4c26-a9c0-af96cda262c5","defaultBackgroundElement":{"opacity":100,"flip":{"vertical":false,"horizontal":false},"rotationAngle":0,"lockAspectRatio":true,"backgroundColor":{"color":{"r":196,"g":196,"b":196}},"x":1,"y":1,"width":1,"height":1,"mask":{"type":"rectangle"},"isBackground":true,"isDefaultBackground":true,"type":"shape","id":"d30996f6-74d0-4192-81c0-4c75833133d2"},"pageAttachment":{"url":"https:\/\/quintoandar.com.br\/melhores-cidades-de-minas-gerais\/","icon":"https:\/\/quintoandar.com.br\/guias\/wp-content\/uploads\/2022\/05\/Melhores-cidades-de-Minas-Gerais-Nova-Lima.jpg","needsProxy":false,"ctaText":"Arraste aqui"}}],"fonts":{"Poppins":{"family":"Poppins","fallbacks":["sans-serif"],"weights":[100,200,300,400,500,600,700,800,900],"styles":["italic","regular"],"variants":[[0,100],[1,100],[0,200],[1,200],[0,300],[1,300],[0,400],[1,400],[0,500],[1,500],[0,600],[1,600],[0,700],[1,700],[0,800],[1,800],[0,900],[1,900]],"service":"fonts.google.com","metrics":{"upm":1000,"asc":1050,"des":-350,"tAsc":1050,"tDes":-350,"tLGap":100,"wAsc":1135,"wDes":627,"xH":548,"capH":698,"yMin":-572,"yMax":1065,"hAsc":1050,"hDes":-350,"lGap":100}}},"autoAdvance":true,"defaultPageDuration":7,"currentStoryStyles":{"colors":[{"color":{"r":196,"g":196,"b":196}}]}},"story_poster":{"id":473250,"url":"https:\/\/www.quintoandar.com.br\/guias\/wp-content\/uploads\/2023\/05\/cropped-Melhores-cidades-de-Minas-Gerais-Nova-Lima-850x568-1-640x853.jpg","width":640,"height":853,"needsProxy":false},"_links":{"self":[{"href":"https:\/\/www.quintoandar.com.br\/guias\/wp-json\/web-stories\/v1\/web-story\/473245","targetHints":{"allow":["GET"]}}],"collection":[{"href":"https:\/\/www.quintoandar.com.br\/guias\/wp-json\/web-stories\/v1\/web-story"}],"about":[{"href":"https:\/\/www.quintoandar.com.br\/guias\/wp-json\/wp\/v2\/types\/web-story"}],"author":[{"embeddable":true,"href":"https:\/\/www.quintoandar.com.br\/guias\/wp-json\/web-stories\/v1\/users\/45"}],"version-history":[{"count":10,"href":"https:\/\/www.quintoandar.com.br\/guias\/wp-json\/web-stories\/v1\/web-story\/473245\/revisions"}],"predecessor-version":[{"id":473304,"href":"https:\/\/www.quintoandar.com.br\/guias\/wp-json\/web-stories\/v1\/web-story\/473245\/revisions\/473304"}],"wp:featuredmedia":[{"embeddable":true,"href":"https:\/\/www.quintoandar.com.br\/guias\/wp-json\/web-stories\/v1\/media\/473250"}],"wp:attachment":[{"href":"https:\/\/www.quintoandar.com.br\/guias\/wp-json\/web-stories\/v1\/media?parent=473245"}],"wp:term":[{"taxonomy":"web_story_category","embeddable":true,"href":"https:\/\/www.quintoandar.com.br\/guias\/wp-json\/web-stories\/v1\/web_story_category?post=473245"},{"taxonomy":"web_story_tag","embeddable":true,"href":"https:\/\/www.quintoandar.com.br\/guias\/wp-json\/web-stories\/v1\/web_story_tag?post=473245"}],"wp:lock":[{"embeddable":true,"href":"https:\/\/www.quintoandar.com.br\/guias\/wp-json\/web-stories\/v1\/web-story\/473245\/lock"}],"wp:publisherlogo":[{"embeddable":true,"href":"https:\/\/www.quintoandar.com.br\/guias\/wp-json\/web-stories\/v1\/media\/428798"}],"curies":[{"name":"wp","href":"https:\/\/api.w.org\/{rel}","templated":true}]}}