{"id":492857,"date":"2024-05-03T18:21:51","date_gmt":"2024-05-03T21:21:51","guid":{"rendered":"https:\/\/www.quintoandar.com.br\/guias\/?post_type=web-story&#038;p=492857"},"modified":"2024-05-03T18:21:53","modified_gmt":"2024-05-03T21:21:53","slug":"3-cidades-para-morar-minas-gerais","status":"publish","type":"web-story","link":"https:\/\/www.quintoandar.com.br\/guias\/web-stories\/3-cidades-para-morar-minas-gerais\/","title":{"rendered":"3 cidades para viver bem em Minas Gerais \ud83c\udfe0"},"content":{"rendered":"<p><html amp=\"\" lang=\"en\"><head><meta charSet=\"utf-8\"\/><meta name=\"viewport\" content=\"width=device-width,minimum-scale=1,initial-scale=1\"\/><script async=\"\" src=\"https:\/\/cdn.ampproject.org\/v0.js\"><\/script><script async=\"\" src=\"https:\/\/cdn.ampproject.org\/v0\/amp-story-1.0.js\" custom-element=\"amp-story\"><\/script><script async=\"\" src=\"https:\/\/cdn.ampproject.org\/v0\/amp-video-0.1.js\" custom-element=\"amp-video\"><\/script><link href=\"https:\/\/fonts.googleapis.com\/css2?display=swap&amp;family=Poppins%3Awght%40400%3B600%3B700\" rel=\"stylesheet\"\/><noscript><\/noscript><meta name=\"web-stories-replace-head-start\"\/><title>3 cidades para viver bem em Minas Gerais \ud83c\udfe0 <\/title><link rel=\"canonical\" href=\"https:\/\/www.quintoandar.com.br\/guias\/?post_type=web-story&amp;p=492857\"\/><meta name=\"web-stories-replace-head-end\"\/><\/head><body><amp-story standalone=\"\" publisher=\"MeuLugar\" publisher-logo-src=\"https:\/\/www.quintoandar.com.br\/guias\/wp-content\/uploads\/2022\/01\/Logo_MeuLugar.png\" title=\"3 cidades para viver bem em Minas Gerais \ud83c\udfe0 \" poster-portrait-src=\"https:\/\/www.quintoandar.com.br\/guias\/wp-content\/uploads\/2023\/08\/cropped-Regionais-de-Belo-Horizonte-2.jpg\"><amp-story-page id=\"263f42bc-a79f-495c-96c8-15ded26152f5\" auto-advance-after=\"7s\"><amp-story-grid-layer template=\"vertical\" aspect-ratio=\"412:618\" class=\"grid-layer\"><\/p>\n<div class=\"page-fullbleed-area\" style=\"background-color:#245825\">\n<div class=\"page-safe-area\">\n<div style=\"position:absolute;pointer-events:none;left:0;top:-9.25926%;width:100%;height:118.51852%;opacity:1\">\n<div style=\"pointer-events:initial;width:100%;height:100%;display:block;position:absolute;top:0;left:0;z-index:0\" class=\"mask\" id=\"el-5e4c0825-cf1b-4ce6-b362-6dec3c39bb1b\">\n<div class=\"fill\" style=\"will-change:transform\"><\/div>\n<\/div>\n<\/div>\n<\/div>\n<\/div>\n<p><\/amp-story-grid-layer><amp-story-grid-layer template=\"vertical\" aspect-ratio=\"412:618\" class=\"grid-layer\"><\/p>\n<div class=\"page-fullbleed-area\">\n<div class=\"page-safe-area\">\n<div style=\"position:absolute;pointer-events:none;left:12.37864%;top:20.87379%;width:75.97087%;height:25.08091%;opacity:1\">\n<div style=\"pointer-events:initial;width:100%;height:100%;display:block;position:absolute;top:0;left:0;z-index:0;border-radius:0.6389776357827476% 0.6389776357827476% 0.6389776357827476% 0.6389776357827476% \/ 1.2903225806451613% 1.2903225806451613% 1.2903225806451613% 1.2903225806451613%\" id=\"el-3c610e28-eb19-4563-a420-3950da19ad2d\">\n<h2 class=\"fill text-wrapper\" style=\"white-space:pre-line;overflow-wrap:break-word;word-break:break-word;margin:1.581469648562299% 0;font-family:&quot;Poppins&quot;,sans-serif;font-size:0.533981em;line-height:1.1;text-align:left;padding:0;color:#000000\"><span><span style=\"font-weight: 600; color: #f8f9f5\">Descubra 3 das melhores cidades de Minas Gerais para viver \ud83c\udfe0<\/span><\/span><\/h2>\n<\/div>\n<\/div>\n<div style=\"position:absolute;pointer-events:none;left:11.65049%;top:49.19094%;width:76.21359%;height:50.80906%;opacity:1\">\n<div style=\"pointer-events:initial;width:100%;height:100%;display:block;position:absolute;top:0;left:0;z-index:0\" class=\"mask\" id=\"el-ee0795d1-7930-4c6d-9924-605ff66db8fa\">\n<div class=\"fill\" style=\"background-color:#a3c7a1;will-change:transform\"><\/div>\n<\/div>\n<\/div>\n<div style=\"position:absolute;pointer-events:none;left:15.04854%;top:51.2945%;width:69.41748%;height:46.27832%;opacity:1\">\n<div style=\"pointer-events:initial;width:100%;height:100%;display:block;position:absolute;top:0;left:0;z-index:0;border-radius:0% 0% 0% 0% \/ 0% 0% 0% 0%\" class=\"mask\" id=\"el-2eadb7ee-ddcd-4d3b-a70c-3ca81c4c59fe\"><a href=\"https:\/\/www.quintoandar.com.br\/guias\/cidades\/melhores-cidades-de-minas-gerais\/\" data-tooltip-icon=\"https:\/\/www.quintoandar.com.br\/guias\/wp-content\/uploads\/2022\/05\/Melhores-cidades-de-Minas-Gerais-Nova-Lima.jpg\" data-tooltip-text=\"Melhores cidades de Minas Gerais: onde encontrar boa qualidade de vida\" target=\"_blank\" rel=\"noreferrer noopener\" style=\"width:100%;height:100%;display:block;position:absolute;top:0;left:0\"><\/p>\n<div style=\"position:absolute;width:149.64789%;height:100%;left:-24.82394%;top:0%\" data-leaf-element=\"true\"><amp-img layout=\"fill\" src=\"https:\/\/www.quintoandar.com.br\/guias\/wp-content\/uploads\/2023\/05\/Melhores-cidades-de-Minas-Gerais-Nova-Lima-850x568-1.jpg\" alt=\"Imagem que mostra a cidade de Minas Gerais\" srcSet=\"https:\/\/www.quintoandar.com.br\/guias\/wp-content\/uploads\/2023\/05\/Melhores-cidades-de-Minas-Gerais-Nova-Lima-850x568-1.jpg 850w,https:\/\/www.quintoandar.com.br\/guias\/wp-content\/uploads\/2023\/05\/Melhores-cidades-de-Minas-Gerais-Nova-Lima-850x568-1-768x513.jpg 768w,https:\/\/www.quintoandar.com.br\/guias\/wp-content\/uploads\/2023\/05\/Melhores-cidades-de-Minas-Gerais-Nova-Lima-850x568-1-300x200.jpg 300w,https:\/\/www.quintoandar.com.br\/guias\/wp-content\/uploads\/2023\/05\/Melhores-cidades-de-Minas-Gerais-Nova-Lima-850x568-1-150x100.jpg 150w\" sizes=\"(min-width: 1024px) 31vh, 69vw\" disable-inline-width=\"true\"><\/amp-img><\/div>\n<p><\/a><\/div>\n<\/div>\n<div style=\"position:absolute;pointer-events:none;left:11.65049%;top:0;width:54.61165%;height:5.66343%;opacity:1\">\n<div style=\"pointer-events:initial;width:100%;height:100%;display:block;position:absolute;top:0;left:0;z-index:0\" class=\"mask\" id=\"el-d082c74c-3fa3-443a-8afc-1566b8cbf2d1\">\n<div style=\"position:absolute;width:100.0505%;height:100%;left:-0.02525%;top:0%\" data-leaf-element=\"true\"><amp-img layout=\"fill\" src=\"https:\/\/www.quintoandar.com.br\/guias\/wp-content\/uploads\/2022\/01\/image-17.png\" alt=\"image\" srcSet=\"https:\/\/www.quintoandar.com.br\/guias\/wp-content\/uploads\/2022\/01\/image-17.png 566w\" sizes=\"(min-width: 1024px) 25vh, 55vw\" disable-inline-width=\"true\"><\/amp-img><\/div>\n<\/div>\n<\/div>\n<\/div>\n<\/div>\n<p><\/amp-story-grid-layer><\/amp-story-page><amp-story-page id=\"97f1302f-1e63-474a-9a0c-67f1cf96346e\" auto-advance-after=\"7s\"><amp-story-grid-layer template=\"vertical\" aspect-ratio=\"412:618\" class=\"grid-layer\"><\/p>\n<div class=\"page-fullbleed-area\" style=\"background-color:#5063f8\">\n<div class=\"page-safe-area\">\n<div style=\"position:absolute;pointer-events:none;left:0;top:-9.25926%;width:100%;height:118.51852%;opacity:1\">\n<div style=\"pointer-events:initial;width:100%;height:100%;display:block;position:absolute;top:0;left:0;z-index:0\" class=\"mask\" id=\"el-d2b72a51-1e66-4949-8dca-7e94d60af9ce\">\n<div class=\"fill\" style=\"will-change:transform\"><\/div>\n<\/div>\n<\/div>\n<\/div>\n<\/div>\n<p><\/amp-story-grid-layer><amp-story-grid-layer template=\"vertical\" aspect-ratio=\"412:618\" class=\"grid-layer\"><\/p>\n<div class=\"page-fullbleed-area\">\n<div class=\"page-safe-area\">\n<div style=\"position:absolute;pointer-events:none;left:0;top:-9.2233%;width:100.24272%;height:60.67961%;opacity:1\">\n<div style=\"pointer-events:initial;width:100%;height:100%;display:block;position:absolute;top:0;left:0;z-index:0\" class=\"mask\" id=\"el-7ea6faf4-79c1-4c85-baa8-8f8f53550695\">\n<div class=\"fill\" style=\"background-color:#f8f9f5;will-change:transform\"><\/div>\n<\/div>\n<\/div>\n<div style=\"position:absolute;pointer-events:none;left:15.04854%;top:6.6343%;width:70.14563%;height:32.8479%;opacity:1\">\n<div style=\"pointer-events:initial;width:100%;height:100%;display:block;position:absolute;top:0;left:0;z-index:0\" id=\"el-8a26d018-0739-4342-b710-81b13a34441d\">\n<p class=\"fill text-wrapper\" style=\"white-space:pre-line;overflow-wrap:break-word;word-break:break-word;margin:0.9342560553633216% 0;font-family:&quot;Poppins&quot;,sans-serif;font-size:0.291262em;line-height:1.1;text-align:initial;padding:0;color:#000000\"><span>Se voc\u00ea est\u00e1 buscando um lugar para morar bem, saiba que na terra do p\u00e3o de queijo e do \u201ccaf\u00e9zin\u201d os \u00edndices de qualidade s\u00e3o atraentes e considerados altos (IDH 0,731).&nbsp;<\/p>\n<p>Que tal conhecer algumas das melhores cidades de MG?<\/p>\n<p><\/span><\/p>\n<\/div>\n<\/div>\n<div style=\"position:absolute;pointer-events:none;left:0;top:46.44013%;width:100.24272%;height:64.07767%;opacity:1\">\n<div style=\"pointer-events:initial;width:100%;height:100%;display:block;position:absolute;top:0;left:0;z-index:0\" class=\"mask\" id=\"el-21758096-c7b6-43d4-bc9f-fd2e9434d798\">\n<div class=\"fill\" style=\"background-color:#245825;will-change:transform\"><\/div>\n<\/div>\n<\/div>\n<div style=\"position:absolute;pointer-events:none;left:5.09709%;top:49.83819%;width:90.53398%;height:56.14887%;opacity:1\">\n<div style=\"pointer-events:initial;width:100%;height:100%;display:block;position:absolute;top:0;left:0;z-index:0\" class=\"mask\" id=\"el-9e920425-d3be-4cc9-a9ee-914dc60cf5ba\">\n<div style=\"position:absolute;width:137.883%;height:100%;left:-0.26957%;top:0%\" data-leaf-element=\"true\"><amp-video id=\"el-9e920425-d3be-4cc9-a9ee-914dc60cf5ba-media\" autoplay=\"autoplay\" loop=\"loop\" noaudio=\"noaudio\" poster=\"https:\/\/media.tenor.com\/oO8nG0Z59ewAAAAe\/cheesebread-food.png\" layout=\"fill\" alt=\"V\u00eddeo que ilustra mulher abrindo um p\u00e3ozinho de queijo.\"><source type=\"video\/mp4\" src=\"https:\/\/media.tenor.com\/oO8nG0Z59ewAAAPo\/cheesebread-food.mp4\"\/><\/amp-video><\/div>\n<\/div>\n<\/div>\n<\/div>\n<\/div>\n<p><\/amp-story-grid-layer><\/amp-story-page><amp-story-page id=\"598fbba0-6500-431a-9f39-dd6d16478711\" auto-advance-after=\"7s\"><amp-story-grid-layer template=\"vertical\" aspect-ratio=\"412:618\" class=\"grid-layer\"><\/p>\n<div class=\"page-fullbleed-area\" style=\"background-color:#f8f9f5\">\n<div class=\"page-safe-area\">\n<div style=\"position:absolute;pointer-events:none;left:0;top:-9.25926%;width:100%;height:118.51852%;opacity:1\">\n<div style=\"pointer-events:initial;width:100%;height:100%;display:block;position:absolute;top:0;left:0;z-index:0\" class=\"mask\" id=\"el-9313a18f-fec2-49b4-8a28-a9ef7859c7de\">\n<div class=\"fill\" style=\"will-change:transform\"><\/div>\n<\/div>\n<\/div>\n<\/div>\n<\/div>\n<p><\/amp-story-grid-layer><amp-story-grid-layer template=\"vertical\" aspect-ratio=\"412:618\" class=\"grid-layer\"><\/p>\n<div class=\"page-fullbleed-area\">\n<div class=\"page-safe-area\">\n<div style=\"position:absolute;pointer-events:none;left:0;top:-9.87055%;width:100.24272%;height:62.78317%;opacity:1\">\n<div style=\"pointer-events:initial;width:100%;height:100%;display:block;position:absolute;top:0;left:0;z-index:0\" class=\"mask\" id=\"el-64d6f7be-4b72-4568-abba-9ce9906ac794\">\n<div class=\"fill\" style=\"background-color:#245825;will-change:transform\"><\/div>\n<\/div>\n<\/div>\n<div style=\"position:absolute;pointer-events:none;left:12.62136%;top:64.40129%;width:74.51456%;height:23.30097%;opacity:1\">\n<div style=\"pointer-events:initial;width:100%;height:100%;display:block;position:absolute;top:0;left:0;z-index:0\" id=\"el-3d7586c8-a0a8-4fe9-99df-9119a4373885\">\n<p class=\"fill text-wrapper\" style=\"white-space:pre-line;overflow-wrap:break-word;word-break:break-word;margin:0.8794788273615634% 0;font-family:&quot;Poppins&quot;,sans-serif;font-size:0.291262em;line-height:1.1;text-align:initial;padding:0;color:#000000\"><span>Veja tamb\u00e9m im\u00f3veis dispon\u00edveis para alugar em cada uma delas!<\/p>\n<p>Quem sabe seu pr\u00f3ximo lar est\u00e1 a poucos cliques de voc\u00ea \ud83e\udd29\ud83d\udc99<\/p>\n<p><\/span><\/p>\n<\/div>\n<\/div>\n<div style=\"position:absolute;pointer-events:none;left:4.85437%;top:-6.47249%;width:90.7767%;height:55.98706%;opacity:1\">\n<div style=\"pointer-events:initial;width:100%;height:100%;display:block;position:absolute;top:0;left:0;z-index:0\" class=\"mask\" id=\"el-4e1b01d0-e9db-46ca-9b8a-9a233410c463\">\n<div style=\"position:absolute;width:164.54165%;height:100%;left:-32.27082%;top:0%\" data-leaf-element=\"true\"><amp-video id=\"el-4e1b01d0-e9db-46ca-9b8a-9a233410c463-media\" autoplay=\"autoplay\" loop=\"loop\" noaudio=\"noaudio\" poster=\"https:\/\/media.tenor.com\/nVtFkiotPhIAAAAe\/debora-aladim-historia-do-brasil-pelo-brasil.png\" layout=\"fill\" alt=\"V\u00eddeo de menina falando que \u00e9 mineira em frente \u00e0 uma igreja\"><source type=\"video\/mp4\" src=\"https:\/\/media.tenor.com\/nVtFkiotPhIAAAPo\/debora-aladim-historia-do-brasil-pelo-brasil.mp4\"\/><\/amp-video><\/div>\n<\/div>\n<\/div>\n<\/div>\n<\/div>\n<p><\/amp-story-grid-layer><\/amp-story-page><amp-story-page id=\"048d7c7a-448a-4d8e-b478-ac6ba1dc890f\" auto-advance-after=\"7s\"><amp-story-animation layout=\"nodisplay\" trigger=\"visibility\"><script type=\"application\/json\">[{\"selector\":\"#anim-b9ffec42-2110-4772-9ab4-e7d667f6954c\",\"keyframes\":[{\"offset\":0,\"transform\":\"translate3d(0, -170.29846%, 0)\",\"easing\":\"cubic-bezier(.5, 0, 1, 1)\"},{\"offset\":0.29,\"transform\":\"translate3d(0, 0%, 0)\",\"easing\":\"cubic-bezier(0, 0, .5, 1)\"},{\"offset\":0.45,\"transform\":\"translate3d(0, -47.887926952%, 0)\",\"easing\":\"cubic-bezier(.5, 0, 1, 1)\"},{\"offset\":0.61,\"transform\":\"translate3d(0, 0%, 0)\",\"easing\":\"cubic-bezier(0, 0, .5, 1)\"},{\"offset\":0.71,\"transform\":\"translate3d(0, -16.280532776%, 0)\",\"easing\":\"cubic-bezier(.5, 0, 1, 1)\"},{\"offset\":0.8,\"transform\":\"translate3d(0, 0%, 0)\",\"easing\":\"cubic-bezier(0, 0, .5, 1)\"},{\"offset\":0.85,\"transform\":\"translate3d(0, -6.113714714%, 0)\",\"easing\":\"cubic-bezier(.5, 0, 1, 1)\"},{\"offset\":0.92,\"transform\":\"translate3d(0, 0%, 0)\",\"easing\":\"cubic-bezier(0, 0, .5, 1)\"},{\"offset\":0.96,\"transform\":\"translate3d(0, -2.656655976%, 0)\",\"easing\":\"cubic-bezier(.5, 0, 1, 1)\"},{\"offset\":1,\"transform\":\"translate3d(0, 0%, 0)\",\"easing\":\"cubic-bezier(0, 0, .5, 1)\"}],\"delay\":0,\"duration\":1600,\"fill\":\"both\"}]<\/script><\/amp-story-animation><amp-story-grid-layer template=\"vertical\" aspect-ratio=\"412:618\" class=\"grid-layer\"><\/p>\n<div class=\"page-fullbleed-area\" style=\"background-color:#245825\">\n<div class=\"page-safe-area\">\n<div style=\"position:absolute;pointer-events:none;left:0;top:-9.25926%;width:100%;height:118.51852%;opacity:1\">\n<div style=\"pointer-events:initial;width:100%;height:100%;display:block;position:absolute;top:0;left:0;z-index:0\" class=\"mask\" id=\"el-15e156ea-f32f-4e78-8186-42cb76b46c9e\">\n<div class=\"fill\" style=\"will-change:transform\"><\/div>\n<\/div>\n<\/div>\n<\/div>\n<\/div>\n<p><\/amp-story-grid-layer><amp-story-grid-layer template=\"vertical\" aspect-ratio=\"412:618\" class=\"grid-layer\"><\/p>\n<div class=\"page-fullbleed-area\">\n<div class=\"page-safe-area\">\n<div style=\"position:absolute;pointer-events:none;left:11.16505%;top:0;width:77.18447%;height:50%;opacity:1\">\n<div id=\"anim-b9ffec42-2110-4772-9ab4-e7d667f6954c\" class=\"animation-wrapper\" style=\"width:100%;height:100%;display:block;position:absolute;top:0;left:0;--initial-opacity:1;--initial-transform:translate3d(0, -170.29846%, 0)\">\n<div style=\"pointer-events:initial;width:100%;height:100%;display:block;position:absolute;top:0;left:0;z-index:0\" class=\"mask\" id=\"el-dbaf9fe9-478f-4e54-bee7-e3990a8d13c3\">\n<div style=\"position:absolute;width:115.95442%;height:100%;left:-7.97721%;top:0%\" data-leaf-element=\"true\"><amp-img layout=\"fill\" src=\"https:\/\/www.quintoandar.com.br\/guias\/wp-content\/uploads\/2022\/09\/Bairros-de-Nova-Lima.jpg\" alt=\"Imagem da cidade de Nova Lima\" srcSet=\"https:\/\/www.quintoandar.com.br\/guias\/wp-content\/uploads\/2022\/09\/Bairros-de-Nova-Lima.jpg 1000w\" sizes=\"(min-width: 1024px) 35vh, 77vw\" disable-inline-width=\"true\"><\/amp-img><\/div>\n<\/div>\n<\/div>\n<\/div>\n<div style=\"position:absolute;pointer-events:none;left:11.40777%;top:53.55987%;width:66.50485%;height:5.98706%;opacity:1\">\n<div style=\"pointer-events:initial;width:100%;height:100%;display:block;position:absolute;top:0;left:0;z-index:0;border-radius:0.7299270072992701% 0.7299270072992701% 0.7299270072992701% 0.7299270072992701% \/ 5.405405405405405% 5.405405405405405% 5.405405405405405% 5.405405405405405%\" id=\"el-62399cbb-508a-4a3c-8372-d79c85dc1202\">\n<h3 class=\"fill text-wrapper\" style=\"white-space:pre-line;overflow-wrap:break-word;word-break:break-word;margin:0.948905109489051% 0;font-family:&quot;Poppins&quot;,sans-serif;font-size:0.420712em;line-height:1.2;text-align:initial;padding:0;color:#000000\"><span><span style=\"font-weight: 600; color: #f8f9f5\">Nova Lima<\/span><\/span><\/h3>\n<\/div>\n<\/div>\n<div style=\"position:absolute;pointer-events:none;left:11.8932%;top:63.1068%;width:74.51456%;height:32.20065%;opacity:1\">\n<div style=\"pointer-events:initial;width:100%;height:100%;display:block;position:absolute;top:0;left:0;z-index:0;border-radius:0.6514657980456027% 0.6514657980456027% 0.6514657980456027% 0.6514657980456027% \/ 1.0050251256281406% 1.0050251256281406% 1.0050251256281406% 1.0050251256281406%\" id=\"el-8e8f387f-476e-466f-aadb-4daf4258d8a2\">\n<p class=\"fill text-wrapper\" style=\"white-space:pre-line;overflow-wrap:break-word;word-break:break-word;margin:0.5863192182410426% 0;font-family:&quot;Poppins&quot;,sans-serif;font-size:0.291262em;line-height:1.2;text-align:initial;padding:0;color:#000000\"><span><span style=\"color: #fff\">Nova Lima \u00e9 uma cidade muito bem desenvolvida e tem um clima que mescla urbano e rural, com com\u00e9rcios e servi\u00e7os bastante eficientes, que oferecem qualidade de vida a seus moradores e visitantes. N\u00e3o \u00e9 atoa que a cidade que tem o melhor IDH (0,813) de MG.<\/span><\/span><\/p>\n<\/div>\n<\/div>\n<\/div>\n<\/div>\n<p><\/amp-story-grid-layer><\/amp-story-page><amp-story-page id=\"3bafee6f-2cdb-4024-b609-3383db5559e4\" auto-advance-after=\"7s\"><amp-story-animation layout=\"nodisplay\" trigger=\"visibility\"><script type=\"application\/json\">[{\"selector\":\"#anim-82a8b396-564b-4c24-ae83-b32ed79f6214 [data-leaf-element=\\\"true\\\"]\",\"keyframes\":{\"transform\":[\"translate3d(0%, 0, 0)\",\"translate3d(0%, 0, 0)\"]},\"delay\":0,\"duration\":2000,\"easing\":\"cubic-bezier(.3,0,.55,1)\",\"fill\":\"both\"}]<\/script><\/amp-story-animation><amp-story-grid-layer template=\"vertical\" aspect-ratio=\"412:618\" class=\"grid-layer\"><\/p>\n<div class=\"page-fullbleed-area\" style=\"background-color:#ccc9c5\">\n<div class=\"page-safe-area\">\n<div style=\"position:absolute;pointer-events:none;left:0;top:-9.25926%;width:100%;height:118.51852%;opacity:1\">\n<div id=\"anim-82a8b396-564b-4c24-ae83-b32ed79f6214\" class=\"animation-wrapper\" style=\"width:100%;height:100%;display:block;position:absolute;top:0;left:0\">\n<div style=\"pointer-events:initial;width:100%;height:100%;display:block;position:absolute;top:0;left:0;z-index:0\" class=\"mask\" id=\"el-f9273aaa-a035-4240-b293-46a4a04af897\">\n<div style=\"position:absolute;width:266.66667%;height:100%;left:0%;top:0%\" data-leaf-element=\"true\"><amp-img layout=\"fill\" src=\"https:\/\/www.quintoandar.com.br\/guias\/wp-content\/uploads\/2024\/05\/894469685-425.714334376916622.webp\" alt=\"Im\u00f3vel para alugar em Belo Horizonte\" srcSet=\"https:\/\/www.quintoandar.com.br\/guias\/wp-content\/uploads\/2024\/05\/894469685-425.714334376916622.webp 1152w,https:\/\/www.quintoandar.com.br\/guias\/wp-content\/uploads\/2024\/05\/894469685-425.714334376916622-1024x683.webp 1024w,https:\/\/www.quintoandar.com.br\/guias\/wp-content\/uploads\/2024\/05\/894469685-425.714334376916622-768x512.webp 768w,https:\/\/www.quintoandar.com.br\/guias\/wp-content\/uploads\/2024\/05\/894469685-425.714334376916622-300x200.webp 300w,https:\/\/www.quintoandar.com.br\/guias\/wp-content\/uploads\/2024\/05\/894469685-425.714334376916622-150x100.webp 150w\" sizes=\"(min-width: 1024px) 120vh, 267vw\" disable-inline-width=\"true\"><\/amp-img><\/div>\n<\/div>\n<\/div>\n<\/div>\n<\/div>\n<\/div>\n<p><\/amp-story-grid-layer><amp-story-grid-layer template=\"vertical\" aspect-ratio=\"412:618\" class=\"grid-layer\"><\/p>\n<div class=\"page-fullbleed-area\">\n<div class=\"page-safe-area\"><\/div>\n<\/div>\n<p><\/amp-story-grid-layer><amp-story-page-outlink layout=\"nodisplay\" cta-image=\"https:\/\/www.quintoandar.com.br\/guias\/img\/med\/894469685-425.714334376916622.jpg\"><a href=\"https:\/\/www.quintoandar.com.br\/imovel\/894469685\/alugar\" rel=\"\">Ver im\u00f3vel<\/a><\/amp-story-page-outlink><\/amp-story-page><amp-story-page id=\"3442dcd2-83eb-4b5d-a6d2-2d416f84b986\" auto-advance-after=\"7s\"><amp-story-animation layout=\"nodisplay\" trigger=\"visibility\"><script type=\"application\/json\">[{\"selector\":\"#anim-84f5aeb3-0a4f-4b1f-aafc-bb66b4bb7996 [data-leaf-element=\\\"true\\\"]\",\"keyframes\":{\"transform\":[\"translate3d(0%, 0, 0)\",\"translate3d(0%, 0, 0)\"]},\"delay\":0,\"duration\":2000,\"easing\":\"cubic-bezier(.3,0,.55,1)\",\"fill\":\"both\"}]<\/script><\/amp-story-animation><amp-story-grid-layer template=\"vertical\" aspect-ratio=\"412:618\" class=\"grid-layer\"><\/p>\n<div class=\"page-fullbleed-area\" style=\"background-color:#cec9cb\">\n<div class=\"page-safe-area\">\n<div style=\"position:absolute;pointer-events:none;left:0;top:-9.25926%;width:100%;height:118.51852%;opacity:1\">\n<div id=\"anim-84f5aeb3-0a4f-4b1f-aafc-bb66b4bb7996\" class=\"animation-wrapper\" style=\"width:100%;height:100%;display:block;position:absolute;top:0;left:0\">\n<div style=\"pointer-events:initial;width:100%;height:100%;display:block;position:absolute;top:0;left:0;z-index:0\" class=\"mask\" id=\"el-aa4f252e-c27a-48fd-ab86-4a003a247b1e\">\n<div style=\"position:absolute;width:266.66667%;height:100%;left:-166.66667%;top:0%\" data-leaf-element=\"true\"><amp-img layout=\"fill\" src=\"https:\/\/www.quintoandar.com.br\/guias\/wp-content\/uploads\/2024\/05\/894434271-138.829442496715820240322sessao202283906.webp\" alt=\"Im\u00f3vel para alugar em Belo Horizonte\" srcSet=\"https:\/\/www.quintoandar.com.br\/guias\/wp-content\/uploads\/2024\/05\/894434271-138.829442496715820240322sessao202283906.webp 1152w,https:\/\/www.quintoandar.com.br\/guias\/wp-content\/uploads\/2024\/05\/894434271-138.829442496715820240322sessao202283906-1024x683.webp 1024w,https:\/\/www.quintoandar.com.br\/guias\/wp-content\/uploads\/2024\/05\/894434271-138.829442496715820240322sessao202283906-768x512.webp 768w,https:\/\/www.quintoandar.com.br\/guias\/wp-content\/uploads\/2024\/05\/894434271-138.829442496715820240322sessao202283906-300x200.webp 300w,https:\/\/www.quintoandar.com.br\/guias\/wp-content\/uploads\/2024\/05\/894434271-138.829442496715820240322sessao202283906-150x100.webp 150w\" sizes=\"(min-width: 1024px) 120vh, 267vw\" disable-inline-width=\"true\"><\/amp-img><\/div>\n<\/div>\n<\/div>\n<\/div>\n<\/div>\n<\/div>\n<p><\/amp-story-grid-layer><amp-story-grid-layer template=\"vertical\" aspect-ratio=\"412:618\" class=\"grid-layer\"><\/p>\n<div class=\"page-fullbleed-area\">\n<div class=\"page-safe-area\"><\/div>\n<\/div>\n<p><\/amp-story-grid-layer><amp-story-page-outlink layout=\"nodisplay\" cta-image=\"https:\/\/www.quintoandar.com.br\/guias\/img\/med\/894434271-138.829442496715820240322sessao202283906.jpg\"><a href=\"https:\/\/www.quintoandar.com.br\/imovel\/894434271\/alugar\" rel=\"\">Ver im\u00f3vel<\/a><\/amp-story-page-outlink><\/amp-story-page><amp-story-page id=\"58b310e6-bcab-407d-ab76-aff799771d81\" auto-advance-after=\"7s\"><amp-story-animation layout=\"nodisplay\" trigger=\"visibility\"><script type=\"application\/json\">[{\"selector\":\"#anim-c087b565-b4b7-4d4f-9a50-bd43796ae8d5 [data-leaf-element=\\\"true\\\"]\",\"keyframes\":{\"transform\":[\"translate3d(38.63636286482206%, 0, 0)\",\"translate3d(0%, 0, 0)\"]},\"delay\":0,\"duration\":2000,\"easing\":\"cubic-bezier(.3,0,.55,1)\",\"fill\":\"both\"}]<\/script><\/amp-story-animation><amp-story-grid-layer template=\"vertical\" aspect-ratio=\"412:618\" class=\"grid-layer\"><\/p>\n<div class=\"page-fullbleed-area\" style=\"background-color:#c2bfbb\">\n<div class=\"page-safe-area\">\n<div style=\"position:absolute;pointer-events:none;left:0;top:-9.25926%;width:100%;height:118.51852%;opacity:1\">\n<div id=\"anim-c087b565-b4b7-4d4f-9a50-bd43796ae8d5\" class=\"animation-wrapper\" style=\"width:100%;height:100%;display:block;position:absolute;top:0;left:0\">\n<div style=\"pointer-events:initial;width:100%;height:100%;display:block;position:absolute;top:0;left:0;z-index:0\" class=\"mask\" id=\"el-1ce5ddea-3085-4be7-88b5-5dbd850b7b14\">\n<div style=\"position:absolute;width:266.66667%;height:100%;left:-103.0303%;top:0%\" data-leaf-element=\"true\"><amp-img layout=\"fill\" src=\"https:\/\/www.quintoandar.com.br\/guias\/wp-content\/uploads\/2024\/03\/893856962-344.365872589466969502032188f0d0cdd7b60821a12d9678.webp\" alt=\"Im\u00f3vel para alugar em Belo Horizonte\" srcSet=\"https:\/\/www.quintoandar.com.br\/guias\/wp-content\/uploads\/2024\/03\/893856962-344.365872589466969502032188f0d0cdd7b60821a12d9678.webp 1152w,https:\/\/www.quintoandar.com.br\/guias\/wp-content\/uploads\/2024\/03\/893856962-344.365872589466969502032188f0d0cdd7b60821a12d9678-1024x683.webp 1024w,https:\/\/www.quintoandar.com.br\/guias\/wp-content\/uploads\/2024\/03\/893856962-344.365872589466969502032188f0d0cdd7b60821a12d9678-768x512.webp 768w,https:\/\/www.quintoandar.com.br\/guias\/wp-content\/uploads\/2024\/03\/893856962-344.365872589466969502032188f0d0cdd7b60821a12d9678-300x200.webp 300w,https:\/\/www.quintoandar.com.br\/guias\/wp-content\/uploads\/2024\/03\/893856962-344.365872589466969502032188f0d0cdd7b60821a12d9678-150x100.webp 150w\" sizes=\"(min-width: 1024px) 120vh, 268vw\" disable-inline-width=\"true\"><\/amp-img><\/div>\n<\/div>\n<\/div>\n<\/div>\n<\/div>\n<\/div>\n<p><\/amp-story-grid-layer><amp-story-grid-layer template=\"vertical\" aspect-ratio=\"412:618\" class=\"grid-layer\"><\/p>\n<div class=\"page-fullbleed-area\">\n<div class=\"page-safe-area\"><\/div>\n<\/div>\n<p><\/amp-story-grid-layer><amp-story-page-outlink layout=\"nodisplay\" cta-image=\"https:\/\/www.quintoandar.com.br\/guias\/img\/med\/893856962-168.5863785120204293ff75112f0b8a60355acf850a895421.jpg\"><a href=\"https:\/\/www.quintoandar.com.br\/imovel\/893856962\/alugar\" rel=\"\">Ver im\u00f3vel<\/a><\/amp-story-page-outlink><\/amp-story-page><amp-story-page id=\"9445d78c-1905-45f5-be8e-79c8298ed3ec\" auto-advance-after=\"7s\"><amp-story-animation layout=\"nodisplay\" trigger=\"visibility\"><script type=\"application\/json\">[{\"selector\":\"#anim-176f5b82-0075-4095-91ff-2ab42e8bcfa4\",\"keyframes\":[{\"offset\":0,\"transform\":\"translate3d(0, -170.29846%, 0)\",\"easing\":\"cubic-bezier(.5, 0, 1, 1)\"},{\"offset\":0.29,\"transform\":\"translate3d(0, 0%, 0)\",\"easing\":\"cubic-bezier(0, 0, .5, 1)\"},{\"offset\":0.45,\"transform\":\"translate3d(0, -47.887926952%, 0)\",\"easing\":\"cubic-bezier(.5, 0, 1, 1)\"},{\"offset\":0.61,\"transform\":\"translate3d(0, 0%, 0)\",\"easing\":\"cubic-bezier(0, 0, .5, 1)\"},{\"offset\":0.71,\"transform\":\"translate3d(0, -16.280532776%, 0)\",\"easing\":\"cubic-bezier(.5, 0, 1, 1)\"},{\"offset\":0.8,\"transform\":\"translate3d(0, 0%, 0)\",\"easing\":\"cubic-bezier(0, 0, .5, 1)\"},{\"offset\":0.85,\"transform\":\"translate3d(0, -6.113714714%, 0)\",\"easing\":\"cubic-bezier(.5, 0, 1, 1)\"},{\"offset\":0.92,\"transform\":\"translate3d(0, 0%, 0)\",\"easing\":\"cubic-bezier(0, 0, .5, 1)\"},{\"offset\":0.96,\"transform\":\"translate3d(0, -2.656655976%, 0)\",\"easing\":\"cubic-bezier(.5, 0, 1, 1)\"},{\"offset\":1,\"transform\":\"translate3d(0, 0%, 0)\",\"easing\":\"cubic-bezier(0, 0, .5, 1)\"}],\"delay\":0,\"duration\":1600,\"fill\":\"both\"}]<\/script><\/amp-story-animation><amp-story-grid-layer template=\"vertical\" aspect-ratio=\"412:618\" class=\"grid-layer\"><\/p>\n<div class=\"page-fullbleed-area\" style=\"background-color:#245825\">\n<div class=\"page-safe-area\">\n<div style=\"position:absolute;pointer-events:none;left:0;top:-9.25926%;width:100%;height:118.51852%;opacity:1\">\n<div style=\"pointer-events:initial;width:100%;height:100%;display:block;position:absolute;top:0;left:0;z-index:0\" class=\"mask\" id=\"el-4a2cdd23-8124-4eb7-a9bf-1413f2f89d03\">\n<div class=\"fill\" style=\"will-change:transform\"><\/div>\n<\/div>\n<\/div>\n<\/div>\n<\/div>\n<p><\/amp-story-grid-layer><amp-story-grid-layer template=\"vertical\" aspect-ratio=\"412:618\" class=\"grid-layer\"><\/p>\n<div class=\"page-fullbleed-area\">\n<div class=\"page-safe-area\">\n<div style=\"position:absolute;pointer-events:none;left:11.16505%;top:0;width:77.18447%;height:50%;opacity:1\">\n<div id=\"anim-176f5b82-0075-4095-91ff-2ab42e8bcfa4\" class=\"animation-wrapper\" style=\"width:100%;height:100%;display:block;position:absolute;top:0;left:0;--initial-opacity:1;--initial-transform:translate3d(0, -170.29846%, 0)\">\n<div style=\"pointer-events:initial;width:100%;height:100%;display:block;position:absolute;top:0;left:0;z-index:0\" class=\"mask\" id=\"el-1a8c844b-c5d6-4172-b775-b9a6c464360f\">\n<div style=\"position:absolute;width:145.68187%;height:100%;left:-22.84093%;top:0%\" data-leaf-element=\"true\"><amp-img layout=\"fill\" src=\"https:\/\/www.quintoandar.com.br\/guias\/wp-content\/uploads\/2023\/04\/Praca-da-Liberdade-em-Belo-Horizonte-Foto-Shutterstock.jpg\" alt=\"Imagem de parque em Belo Horizonte\" srcSet=\"https:\/\/www.quintoandar.com.br\/guias\/wp-content\/uploads\/2023\/04\/Praca-da-Liberdade-em-Belo-Horizonte-Foto-Shutterstock.jpg 1000w,https:\/\/www.quintoandar.com.br\/guias\/wp-content\/uploads\/2023\/04\/Praca-da-Liberdade-em-Belo-Horizonte-Foto-Shutterstock-768x512.jpg 768w,https:\/\/www.quintoandar.com.br\/guias\/wp-content\/uploads\/2023\/04\/Praca-da-Liberdade-em-Belo-Horizonte-Foto-Shutterstock-300x200.jpg 300w,https:\/\/www.quintoandar.com.br\/guias\/wp-content\/uploads\/2023\/04\/Praca-da-Liberdade-em-Belo-Horizonte-Foto-Shutterstock-150x100.jpg 150w\" sizes=\"(min-width: 1024px) 35vh, 77vw\" disable-inline-width=\"true\"><\/amp-img><\/div>\n<\/div>\n<\/div>\n<\/div>\n<div style=\"position:absolute;pointer-events:none;left:11.40777%;top:53.55987%;width:66.50485%;height:5.98706%;opacity:1\">\n<div style=\"pointer-events:initial;width:100%;height:100%;display:block;position:absolute;top:0;left:0;z-index:0;border-radius:0.7299270072992701% 0.7299270072992701% 0.7299270072992701% 0.7299270072992701% \/ 5.405405405405405% 5.405405405405405% 5.405405405405405% 5.405405405405405%\" id=\"el-1acbd92b-3890-4375-868f-4c29796e5bd3\">\n<h3 class=\"fill text-wrapper\" style=\"white-space:pre-line;overflow-wrap:break-word;word-break:break-word;margin:0.948905109489051% 0;font-family:&quot;Poppins&quot;,sans-serif;font-size:0.420712em;line-height:1.2;text-align:initial;padding:0;color:#000000\"><span><span style=\"font-weight: 600; color: #f8f9f5\">Belo Horizonte<\/span><\/span><\/h3>\n<\/div>\n<\/div>\n<div style=\"position:absolute;pointer-events:none;left:11.65049%;top:62.78317%;width:76.94175%;height:25.08091%;opacity:1\">\n<div style=\"pointer-events:initial;width:100%;height:100%;display:block;position:absolute;top:0;left:0;z-index:0;border-radius:0.6309148264984227% 0.6309148264984227% 0.6309148264984227% 0.6309148264984227% \/ 1.2903225806451613% 1.2903225806451613% 1.2903225806451613% 1.2903225806451613%\" id=\"el-f58aac86-0d0f-4625-ba3f-ec49557c4ac1\">\n<p class=\"fill text-wrapper\" style=\"white-space:pre-line;overflow-wrap:break-word;word-break:break-word;margin:0.5678233438485806% 0;font-family:&quot;Poppins&quot;,sans-serif;font-size:0.291262em;line-height:1.2;text-align:initial;padding:0;color:#000000\"><span><span style=\"color: #fff\">BH oferece uma infraestrutura repleta de equipamentos culturais, hospitais e cl\u00ednicas de refer\u00eancia, boa mobilidade e in\u00fameros servi\u00e7os de com\u00e9rcio em geral para seus moradores. E tudo isso sem abrir m\u00e3o dos ares de interior.<\/span><\/span><\/p>\n<\/div>\n<\/div>\n<\/div>\n<\/div>\n<p><\/amp-story-grid-layer><\/amp-story-page><amp-story-page id=\"1335f181-b774-4afb-b167-0819e52673f0\" auto-advance-after=\"7s\"><amp-story-animation layout=\"nodisplay\" trigger=\"visibility\"><script type=\"application\/json\">[{\"selector\":\"#anim-6b4ccfdc-76e0-4c8c-a411-3fdd1c58ee87 [data-leaf-element=\\\"true\\\"]\",\"keyframes\":{\"transform\":[\"translate3d(62.49999977245145%, 0, 0)\",\"translate3d(0%, 0, 0)\"]},\"delay\":0,\"duration\":2000,\"easing\":\"cubic-bezier(.3,0,.55,1)\",\"fill\":\"both\"}]<\/script><\/amp-story-animation><amp-story-grid-layer template=\"vertical\" aspect-ratio=\"412:618\" class=\"grid-layer\"><\/p>\n<div class=\"page-fullbleed-area\" style=\"background-color:#adb6b5\">\n<div class=\"page-safe-area\">\n<div style=\"position:absolute;pointer-events:none;left:0;top:-9.25926%;width:100%;height:118.51852%;opacity:1\">\n<div id=\"anim-6b4ccfdc-76e0-4c8c-a411-3fdd1c58ee87\" class=\"animation-wrapper\" style=\"width:100%;height:100%;display:block;position:absolute;top:0;left:0\">\n<div style=\"pointer-events:initial;width:100%;height:100%;display:block;position:absolute;top:0;left:0;z-index:0\" class=\"mask\" id=\"el-7ecba77e-6af1-41ec-a19d-c57b28a4da05\">\n<div style=\"position:absolute;width:266.66667%;height:100%;left:-166.66667%;top:0%\" data-leaf-element=\"true\"><amp-img layout=\"fill\" src=\"https:\/\/www.quintoandar.com.br\/guias\/wp-content\/uploads\/2024\/05\/893687434-839.654496650352120220614153219.webp\" alt=\"Im\u00f3vel para alugar em Belo Horizonte\" srcSet=\"https:\/\/www.quintoandar.com.br\/guias\/wp-content\/uploads\/2024\/05\/893687434-839.654496650352120220614153219.webp 1152w,https:\/\/www.quintoandar.com.br\/guias\/wp-content\/uploads\/2024\/05\/893687434-839.654496650352120220614153219-1024x683.webp 1024w,https:\/\/www.quintoandar.com.br\/guias\/wp-content\/uploads\/2024\/05\/893687434-839.654496650352120220614153219-768x512.webp 768w,https:\/\/www.quintoandar.com.br\/guias\/wp-content\/uploads\/2024\/05\/893687434-839.654496650352120220614153219-300x200.webp 300w,https:\/\/www.quintoandar.com.br\/guias\/wp-content\/uploads\/2024\/05\/893687434-839.654496650352120220614153219-150x100.webp 150w\" sizes=\"(min-width: 1024px) 120vh, 267vw\" disable-inline-width=\"true\"><\/amp-img><\/div>\n<\/div>\n<\/div>\n<\/div>\n<\/div>\n<\/div>\n<p><\/amp-story-grid-layer><amp-story-grid-layer template=\"vertical\" aspect-ratio=\"412:618\" class=\"grid-layer\"><\/p>\n<div class=\"page-fullbleed-area\">\n<div class=\"page-safe-area\"><\/div>\n<\/div>\n<p><\/amp-story-grid-layer><amp-story-page-outlink layout=\"nodisplay\" cta-image=\"https:\/\/www.quintoandar.com.br\/guias\/img\/med\/893687434-839.654496650352120220614153219.jpg\"><a href=\"https:\/\/www.quintoandar.com.br\/imovel\/893687434\/alugar\" rel=\"\">Ver im\u00f3vel<\/a><\/amp-story-page-outlink><\/amp-story-page><amp-story-page id=\"2669a3bb-ebb4-478c-8778-83feb50ac400\" auto-advance-after=\"7s\"><amp-story-animation layout=\"nodisplay\" trigger=\"visibility\"><script type=\"application\/json\">[{\"selector\":\"#anim-f3368b8e-f2ce-4191-b0f3-9cba719529c0 [data-leaf-element=\\\"true\\\"]\",\"keyframes\":{\"transform\":[\"translate3d(-62.49999977245145%, 0, 0)\",\"translate3d(0%, 0, 0)\"]},\"delay\":0,\"duration\":2000,\"easing\":\"cubic-bezier(.3,0,.55,1)\",\"fill\":\"both\"}]<\/script><\/amp-story-animation><amp-story-grid-layer template=\"vertical\" aspect-ratio=\"412:618\" class=\"grid-layer\"><\/p>\n<div class=\"page-fullbleed-area\" style=\"background-color:#837062\">\n<div class=\"page-safe-area\">\n<div style=\"position:absolute;pointer-events:none;left:0;top:-9.25926%;width:100%;height:118.51852%;opacity:1\">\n<div id=\"anim-f3368b8e-f2ce-4191-b0f3-9cba719529c0\" class=\"animation-wrapper\" style=\"width:100%;height:100%;display:block;position:absolute;top:0;left:0\">\n<div style=\"pointer-events:initial;width:100%;height:100%;display:block;position:absolute;top:0;left:0;z-index:0\" class=\"mask\" id=\"el-fc4fc750-3d14-4130-aadf-95b64b33baf6\">\n<div style=\"position:absolute;width:266.66667%;height:100%;left:0%;top:0%\" data-leaf-element=\"true\"><amp-img layout=\"fill\" src=\"https:\/\/www.quintoandar.com.br\/guias\/wp-content\/uploads\/2024\/05\/893870938-212.78964372726472IMG9523.webp\" alt=\"Im\u00f3vel para alugar em Belo Horizonte\" srcSet=\"https:\/\/www.quintoandar.com.br\/guias\/wp-content\/uploads\/2024\/05\/893870938-212.78964372726472IMG9523.webp 1152w,https:\/\/www.quintoandar.com.br\/guias\/wp-content\/uploads\/2024\/05\/893870938-212.78964372726472IMG9523-1024x683.webp 1024w,https:\/\/www.quintoandar.com.br\/guias\/wp-content\/uploads\/2024\/05\/893870938-212.78964372726472IMG9523-768x512.webp 768w,https:\/\/www.quintoandar.com.br\/guias\/wp-content\/uploads\/2024\/05\/893870938-212.78964372726472IMG9523-300x200.webp 300w,https:\/\/www.quintoandar.com.br\/guias\/wp-content\/uploads\/2024\/05\/893870938-212.78964372726472IMG9523-150x100.webp 150w\" sizes=\"(min-width: 1024px) 120vh, 267vw\" disable-inline-width=\"true\"><\/amp-img><\/div>\n<\/div>\n<\/div>\n<\/div>\n<\/div>\n<\/div>\n<p><\/amp-story-grid-layer><amp-story-grid-layer template=\"vertical\" aspect-ratio=\"412:618\" class=\"grid-layer\"><\/p>\n<div class=\"page-fullbleed-area\">\n<div class=\"page-safe-area\"><\/div>\n<\/div>\n<p><\/amp-story-grid-layer><amp-story-page-outlink layout=\"nodisplay\" cta-image=\"https:\/\/www.quintoandar.com.br\/guias\/img\/med\/893870938-212.78964372726472IMG9523.JPG\"><a href=\"https:\/\/www.quintoandar.com.br\/imovel\/893870938\/alugar\" rel=\"\">Ver im\u00f3vel<\/a><\/amp-story-page-outlink><\/amp-story-page><amp-story-page id=\"f3235171-ef09-4d4c-a9fd-9aa0170228b2\" auto-advance-after=\"7s\"><amp-story-animation layout=\"nodisplay\" trigger=\"visibility\"><script type=\"application\/json\">[{\"selector\":\"#anim-e7c3d493-7734-4b17-a8c6-ba2573d20d18\",\"keyframes\":[{\"offset\":0,\"transform\":\"translate3d(0, -170.29846%, 0)\",\"easing\":\"cubic-bezier(.5, 0, 1, 1)\"},{\"offset\":0.29,\"transform\":\"translate3d(0, 0%, 0)\",\"easing\":\"cubic-bezier(0, 0, .5, 1)\"},{\"offset\":0.45,\"transform\":\"translate3d(0, -47.887926952%, 0)\",\"easing\":\"cubic-bezier(.5, 0, 1, 1)\"},{\"offset\":0.61,\"transform\":\"translate3d(0, 0%, 0)\",\"easing\":\"cubic-bezier(0, 0, .5, 1)\"},{\"offset\":0.71,\"transform\":\"translate3d(0, -16.280532776%, 0)\",\"easing\":\"cubic-bezier(.5, 0, 1, 1)\"},{\"offset\":0.8,\"transform\":\"translate3d(0, 0%, 0)\",\"easing\":\"cubic-bezier(0, 0, .5, 1)\"},{\"offset\":0.85,\"transform\":\"translate3d(0, -6.113714714%, 0)\",\"easing\":\"cubic-bezier(.5, 0, 1, 1)\"},{\"offset\":0.92,\"transform\":\"translate3d(0, 0%, 0)\",\"easing\":\"cubic-bezier(0, 0, .5, 1)\"},{\"offset\":0.96,\"transform\":\"translate3d(0, -2.656655976%, 0)\",\"easing\":\"cubic-bezier(.5, 0, 1, 1)\"},{\"offset\":1,\"transform\":\"translate3d(0, 0%, 0)\",\"easing\":\"cubic-bezier(0, 0, .5, 1)\"}],\"delay\":0,\"duration\":1600,\"fill\":\"both\"}]<\/script><\/amp-story-animation><amp-story-grid-layer template=\"vertical\" aspect-ratio=\"412:618\" class=\"grid-layer\"><\/p>\n<div class=\"page-fullbleed-area\" style=\"background-color:#245825\">\n<div class=\"page-safe-area\">\n<div style=\"position:absolute;pointer-events:none;left:0;top:-9.25926%;width:100%;height:118.51852%;opacity:1\">\n<div style=\"pointer-events:initial;width:100%;height:100%;display:block;position:absolute;top:0;left:0;z-index:0\" class=\"mask\" id=\"el-a473f186-8812-484d-89e8-c632bf474504\">\n<div class=\"fill\" style=\"will-change:transform\"><\/div>\n<\/div>\n<\/div>\n<\/div>\n<\/div>\n<p><\/amp-story-grid-layer><amp-story-grid-layer template=\"vertical\" aspect-ratio=\"412:618\" class=\"grid-layer\"><\/p>\n<div class=\"page-fullbleed-area\">\n<div class=\"page-safe-area\">\n<div style=\"position:absolute;pointer-events:none;left:11.16505%;top:0;width:77.18447%;height:50%;opacity:1\">\n<div id=\"anim-e7c3d493-7734-4b17-a8c6-ba2573d20d18\" class=\"animation-wrapper\" style=\"width:100%;height:100%;display:block;position:absolute;top:0;left:0;--initial-opacity:1;--initial-transform:translate3d(0, -170.29846%, 0)\">\n<div style=\"pointer-events:initial;width:100%;height:100%;display:block;position:absolute;top:0;left:0;z-index:0\" class=\"mask\" id=\"el-6cee4df7-d599-47be-9e14-c8e6883175c1\">\n<div style=\"position:absolute;width:129.72866%;height:100%;left:-14.86433%;top:0%\" data-leaf-element=\"true\"><amp-img layout=\"fill\" src=\"https:\/\/www.quintoandar.com.br\/guias\/wp-content\/uploads\/2022\/09\/Bairros-de-Uberlandia.jpg\" alt=\"Imagem da cidade de Uberl\u00e2ndia\" srcSet=\"https:\/\/www.quintoandar.com.br\/guias\/wp-content\/uploads\/2022\/09\/Bairros-de-Uberlandia.jpg 1024w\" sizes=\"(min-width: 1024px) 35vh, 77vw\" disable-inline-width=\"true\"><\/amp-img><\/div>\n<\/div>\n<\/div>\n<\/div>\n<div style=\"position:absolute;pointer-events:none;left:11.40777%;top:53.55987%;width:66.50485%;height:5.98706%;opacity:1\">\n<div style=\"pointer-events:initial;width:100%;height:100%;display:block;position:absolute;top:0;left:0;z-index:0;border-radius:0.7299270072992701% 0.7299270072992701% 0.7299270072992701% 0.7299270072992701% \/ 5.405405405405405% 5.405405405405405% 5.405405405405405% 5.405405405405405%\" id=\"el-071f8b8f-5a98-41e4-9756-a9abfd4c7ce2\">\n<h3 class=\"fill text-wrapper\" style=\"white-space:pre-line;overflow-wrap:break-word;word-break:break-word;margin:0.948905109489051% 0;font-family:&quot;Poppins&quot;,sans-serif;font-size:0.420712em;line-height:1.2;text-align:initial;padding:0;color:#000000\"><span><span style=\"font-weight: 700; color: #f8f9f5\">Uberl\u00e2ndia<\/span><\/span><\/h3>\n<\/div>\n<\/div>\n<div style=\"position:absolute;pointer-events:none;left:11.65049%;top:64.07767%;width:77.6699%;height:21.52104%;opacity:1\">\n<div style=\"pointer-events:initial;width:100%;height:100%;display:block;position:absolute;top:0;left:0;z-index:0;border-radius:0.625% 0.625% 0.625% 0.625% \/ 1.5037593984962405% 1.5037593984962405% 1.5037593984962405% 1.5037593984962405%\" id=\"el-68e95a4a-5fe8-4db2-8644-eff7af486ceb\">\n<p class=\"fill text-wrapper\" style=\"white-space:pre-line;overflow-wrap:break-word;word-break:break-word;margin:0.5625000000000002% 0;font-family:&quot;Poppins&quot;,sans-serif;font-size:0.291262em;line-height:1.2;text-align:initial;padding:0;color:#000000\"><span><span style=\"color: #fff\">Os mais de 700 mil moradores de Uberl\u00e2ndia contam com uma ampla infraestrutura que garante todos os tipos de servi\u00e7os, com\u00e9rcios, educa\u00e7\u00e3o, sa\u00fade, al\u00e9m de muitas op\u00e7\u00f5es para lazer.<\/span><\/span><\/p>\n<\/div>\n<\/div>\n<\/div>\n<\/div>\n<p><\/amp-story-grid-layer><\/amp-story-page><amp-story-page id=\"45a701cb-8c29-4a6a-99ca-beae664a0c44\" auto-advance-after=\"7s\"><amp-story-animation layout=\"nodisplay\" trigger=\"visibility\"><script type=\"application\/json\">[{\"selector\":\"#anim-2e5da908-5aac-4818-b957-7f927680caa4 [data-leaf-element=\\\"true\\\"]\",\"keyframes\":{\"transform\":[\"translate3d(0%, 0, 0)\",\"translate3d(0%, 0, 0)\"]},\"delay\":0,\"duration\":2000,\"easing\":\"cubic-bezier(.3,0,.55,1)\",\"fill\":\"both\"}]<\/script><\/amp-story-animation><amp-story-grid-layer template=\"vertical\" aspect-ratio=\"412:618\" class=\"grid-layer\"><\/p>\n<div class=\"page-fullbleed-area\" style=\"background-color:#98958f\">\n<div class=\"page-safe-area\">\n<div style=\"position:absolute;pointer-events:none;left:0;top:-9.25926%;width:100%;height:118.51852%;opacity:1\">\n<div id=\"anim-2e5da908-5aac-4818-b957-7f927680caa4\" class=\"animation-wrapper\" style=\"width:100%;height:100%;display:block;position:absolute;top:0;left:0\">\n<div style=\"pointer-events:initial;width:100%;height:100%;display:block;position:absolute;top:0;left:0;z-index:0\" class=\"mask\" id=\"el-3d51db62-bb88-47d2-852b-6d651ab24b4c\">\n<div style=\"position:absolute;width:266.66667%;height:100%;left:-166.66667%;top:0%\" data-leaf-element=\"true\"><amp-img layout=\"fill\" src=\"https:\/\/www.quintoandar.com.br\/guias\/wp-content\/uploads\/2024\/05\/894459062-382.70735866355096IMG7794.webp\" alt=\"Im\u00f3vel para alugar em Belo Horizonte\" srcSet=\"https:\/\/www.quintoandar.com.br\/guias\/wp-content\/uploads\/2024\/05\/894459062-382.70735866355096IMG7794.webp 1152w,https:\/\/www.quintoandar.com.br\/guias\/wp-content\/uploads\/2024\/05\/894459062-382.70735866355096IMG7794-1024x683.webp 1024w,https:\/\/www.quintoandar.com.br\/guias\/wp-content\/uploads\/2024\/05\/894459062-382.70735866355096IMG7794-768x512.webp 768w,https:\/\/www.quintoandar.com.br\/guias\/wp-content\/uploads\/2024\/05\/894459062-382.70735866355096IMG7794-300x200.webp 300w,https:\/\/www.quintoandar.com.br\/guias\/wp-content\/uploads\/2024\/05\/894459062-382.70735866355096IMG7794-150x100.webp 150w\" sizes=\"(min-width: 1024px) 120vh, 267vw\" disable-inline-width=\"true\"><\/amp-img><\/div>\n<\/div>\n<\/div>\n<\/div>\n<\/div>\n<\/div>\n<p><\/amp-story-grid-layer><amp-story-grid-layer template=\"vertical\" aspect-ratio=\"412:618\" class=\"grid-layer\"><\/p>\n<div class=\"page-fullbleed-area\">\n<div class=\"page-safe-area\"><\/div>\n<\/div>\n<p><\/amp-story-grid-layer><amp-story-page-outlink layout=\"nodisplay\" cta-image=\"https:\/\/www.quintoandar.com.br\/guias\/img\/med\/894459062-382.70735866355096IMG7794.JPG\"><a href=\"https:\/\/www.quintoandar.com.br\/imovel\/894459062\/alugar\" rel=\"\">Ver im\u00f3vel<\/a><\/amp-story-page-outlink><\/amp-story-page><amp-story-page id=\"a2b48a03-fac8-4c26-a9c0-af96cda262c5\" auto-advance-after=\"7s\"><amp-story-grid-layer template=\"vertical\" aspect-ratio=\"412:618\" class=\"grid-layer\"><\/p>\n<div class=\"page-fullbleed-area\" style=\"background-color:#245825\">\n<div class=\"page-safe-area\">\n<div style=\"position:absolute;pointer-events:none;left:0;top:-9.25926%;width:100%;height:118.51852%;opacity:1\">\n<div style=\"pointer-events:initial;width:100%;height:100%;display:block;position:absolute;top:0;left:0;z-index:0\" class=\"mask\" id=\"el-e846e6b1-26f8-4708-8ddc-8a63932b26c5\">\n<div class=\"fill\" style=\"will-change:transform\"><\/div>\n<\/div>\n<\/div>\n<\/div>\n<\/div>\n<p><\/amp-story-grid-layer><amp-story-grid-layer template=\"vertical\" aspect-ratio=\"412:618\" class=\"grid-layer\"><\/p>\n<div class=\"page-fullbleed-area\">\n<div class=\"page-safe-area\">\n<div style=\"position:absolute;pointer-events:none;left:14.56311%;top:45.30744%;width:77.6699%;height:28.15534%;opacity:1\">\n<div style=\"pointer-events:initial;width:100%;height:100%;display:block;position:absolute;top:0;left:0;z-index:0;border-radius:0.625% 0.625% 0.625% 0.625% \/ 1.1494252873563218% 1.1494252873563218% 1.1494252873563218% 1.1494252873563218%\" id=\"el-2890fb4a-7df1-4269-9ffa-d235b58c7f79\">\n<h2 class=\"fill text-wrapper\" style=\"white-space:pre-line;overflow-wrap:break-word;word-break:break-word;margin:1.40625% 0;font-family:&quot;Poppins&quot;,sans-serif;font-size:0.485437em;line-height:1.1;text-align:left;padding:0;color:#000000\"><span><span style=\"font-weight: 600; color: #f8f9f5\">Conhe\u00e7a mais sobre essas e outras das melhores cidades para morar em Minas Gerais \ud83e\udd29<\/span><\/span><\/h2>\n<\/div>\n<\/div>\n<div style=\"position:absolute;pointer-events:none;left:0;top:-14.23948%;width:132.03883%;height:49.67638%;opacity:1\">\n<div style=\"pointer-events:initial;width:100%;height:100%;display:block;position:absolute;top:0;left:0;z-index:0\" class=\"mask\" id=\"el-7516ecb7-5cf7-4f97-a95b-02c29f143028\">\n<div style=\"position:absolute;width:103.84533%;height:100%;left:-3.75984%;top:0%\" data-leaf-element=\"true\"><amp-img layout=\"fill\" src=\"https:\/\/www.quintoandar.com.br\/guias\/wp-content\/uploads\/2024\/03\/cidades-com-mais-oportunidades-de-emprego-no-brasil.webp\" alt=\"Ilustra\u00e7\u00e3o de parque com pessoas em volta\" srcSet=\"https:\/\/www.quintoandar.com.br\/guias\/wp-content\/uploads\/2024\/03\/cidades-com-mais-oportunidades-de-emprego-no-brasil.webp 2348w,https:\/\/www.quintoandar.com.br\/guias\/wp-content\/uploads\/2024\/03\/cidades-com-mais-oportunidades-de-emprego-no-brasil-2048x1113.webp 2048w,https:\/\/www.quintoandar.com.br\/guias\/wp-content\/uploads\/2024\/03\/cidades-com-mais-oportunidades-de-emprego-no-brasil-1536x835.webp 1536w,https:\/\/www.quintoandar.com.br\/guias\/wp-content\/uploads\/2024\/03\/cidades-com-mais-oportunidades-de-emprego-no-brasil-1024x556.webp 1024w,https:\/\/www.quintoandar.com.br\/guias\/wp-content\/uploads\/2024\/03\/cidades-com-mais-oportunidades-de-emprego-no-brasil-768x417.webp 768w,https:\/\/www.quintoandar.com.br\/guias\/wp-content\/uploads\/2024\/03\/cidades-com-mais-oportunidades-de-emprego-no-brasil-300x163.webp 300w\" sizes=\"(min-width: 1024px) 59vh, 132vw\" disable-inline-width=\"true\"><\/amp-img><\/div>\n<\/div>\n<\/div>\n<\/div>\n<\/div>\n<p><\/amp-story-grid-layer><amp-story-page-outlink layout=\"nodisplay\" cta-image=\"https:\/\/www.quintoandar.com.br\/guias\/wp-content\/uploads\/2022\/05\/Melhores-cidades-de-Minas-Gerais-Nova-Lima.jpg\"><a href=\"https:\/\/www.quintoandar.com.br\/guias\/cidades\/melhores-cidades-de-minas-gerais\/\" rel=\"\">Arraste aqui<\/a><\/amp-story-page-outlink><\/amp-story-page><\/amp-story><\/body><\/html><\/p>\n<style class=\"advgb-styles-renderer\">body{-webkit-animation:-amp-start 8s steps(1,end) 0s 1 normal both;-moz-animation:-amp-start 8s steps(1,end) 0s 1 normal both;-ms-animation:-amp-start 8s steps(1,end) 0s 1 normal both;animation:-amp-start 8s steps(1,end) 0s 1 normal both}@-webkit-keyframes -amp-start{from{visibility:hidden}to{visibility:visible}}@-moz-keyframes -amp-start{from{visibility:hidden}to{visibility:visible}}@-ms-keyframes -amp-start{from{visibility:hidden}to{visibility:visible}}@-o-keyframes -amp-start{from{visibility:hidden}to{visibility:visible}}@keyframes -amp-start{from{visibility:hidden}to{visibility:visible}}body{-webkit-animation:none;-moz-animation:none;-ms-animation:none;animation:none}\n              h1, h2, h3 { font-weight: normal; }<\/p>\n<p>              amp-story-page {\n                background-color: #131516;\n              }<\/p>\n<p>              amp-story-grid-layer {\n                overflow: visible;\n              }<\/p>\n<p>              @media (max-aspect-ratio: 9 \/ 16)  {\n                @media (min-aspect-ratio: 320 \/ 678) {\n                  amp-story-grid-layer.grid-layer {\n                    margin-top: calc((100% \/ 0.5625 - 100% \/ 0.6666666666666666) \/ 2);\n                  }\n                }\n              }<\/p>\n<p>              @media not all and (min-resolution:.001dpcm) {\n                @media {\n                  p.text-wrapper > span {\n                    font-size: calc(100% - 0.5px);\n                  }\n                }\n              }<\/p>\n<p>              .page-fullbleed-area,\n              .page-background-overlay-area {\n                position: absolute;\n                overflow: hidden;\n                width: 100%;\n                left: 0;\n                height: calc(1.1851851851851851 * 100%);\n                top: calc((1 - 1.1851851851851851) * 100% \/ 2);\n              }<\/p>\n<p>              .element-overlay-area {\n                position: absolute;\n                width: 100%;\n                height: 100%;\n                top: 0;\n                left: 0;\n              }<\/p>\n<p>              .page-safe-area {\n                overflow: visible;\n                position: absolute;\n                top: 0;\n                bottom: 0;\n                left: 0;\n                right: 0;\n                width: 100%;\n                height: calc(0.84375 * 100%);\n                margin: auto 0;\n              }<\/p>\n<p>              .mask {\n                position: absolute;\n                overflow: hidden;\n              }<\/p>\n<p>              .fill {\n                position: absolute;\n                top: 0;\n                left: 0;\n                right: 0;\n                bottom: 0;\n                margin: 0;\n              }<\/p>\n<p>              @media (prefers-reduced-motion: no-preference) {\n                .animation-wrapper {\n                  opacity: var(--initial-opacity);\n                  transform: var(--initial-transform);\n                }\n              }<\/p>\n<p>              amp-story-grid-layer.align-bottom {\n                align-content: end;\n                padding: 0;\n                \/* \n                  AMP CTA Layer will exactly occupy 74px regardless of any device.\n                  To space out captions 74px from the BOTTOM (AMP CTA Layer),\n                  74px from the TOP should also be spaced out and thus: 2 * 74px\n                  will be the desired max-height.\n                *\/\n                max-height: calc(100vh - (2 * 74px));\n              }<\/p>\n<p>              .captions-area {\n                padding: 0 32px 0;\n              }<\/p>\n<p>              amp-story-captions {\n                margin-bottom: 16px;\n                text-align: center;\n              }\n              <\/style>\n<div style='text-align:left' class='yasr-auto-insert-visitor'><\/div>","protected":false},"excerpt":{"rendered":"<p>Conhe\u00e7a quais as 3 das melhores cidades de Minas Gerais parar morar \ud83d\ude09<\/p>\n","protected":false},"author":45,"featured_media":490812,"template":"","meta":{"_acf_changed":false,"resume_ai_summary":"","resume_ai_faq":[],"resume_ai_related_posts":[],"resume_ai_schema_generator_schema":"","resume_ai_schema_generator_approved":0,"advgb_blocks_editor_width":"","advgb_blocks_columns_visual_guide":"","yasr_overall_rating":0,"yasr_post_is_review":"","yasr_auto_insert_disabled":"","yasr_review_type":"","web_stories_publisher_logo":428798,"web_stories_poster":[],"web_stories_products":[],"footnotes":""},"web_story_category":[],"web_story_tag":[],"class_list":["post-492857","web-story","type-web-story","status-publish","has-post-thumbnail","hentry"],"yoast_head":"<!-- This site is optimized with the Yoast SEO Premium plugin v26.9 (Yoast SEO v27.3) - https:\/\/yoast.com\/product\/yoast-seo-premium-wordpress\/ -->\n<title>3 cidades para viver bem em Minas Gerais \ud83c\udfe0 - QuintoAndar Guias<\/title>\n<meta name=\"description\" content=\"Conhe\u00e7a quais as 3 das melhores cidades de Minas Gerais parar morar \ud83d\ude09\" \/>\n<meta name=\"robots\" content=\"index, follow, max-snippet:-1, max-image-preview:large, max-video-preview:-1\" \/>\n<link rel=\"canonical\" href=\"https:\/\/www.quintoandar.com.br\/guias\/web-stories\/3-cidades-para-morar-minas-gerais\/\" \/>\n<meta property=\"og:locale\" content=\"pt_BR\" \/>\n<meta property=\"og:type\" content=\"article\" \/>\n<meta property=\"og:title\" content=\"3 cidades para viver bem em Minas Gerais \ud83c\udfe0\" \/>\n<meta property=\"og:description\" content=\"Conhe\u00e7a quais as 3 das melhores cidades de Minas Gerais parar morar \ud83d\ude09\" \/>\n<meta property=\"og:url\" content=\"https:\/\/www.quintoandar.com.br\/guias\/web-stories\/3-cidades-para-morar-minas-gerais\/\" \/>\n<meta property=\"og:site_name\" content=\"QuintoAndar Guias\" \/>\n<meta property=\"article:publisher\" content=\"https:\/\/www.facebook.com\/quintoandar.com.br\/\" \/>\n<meta property=\"article:modified_time\" content=\"2024-05-03T21:21:53+00:00\" \/>\n<meta property=\"og:image\" content=\"https:\/\/www.quintoandar.com.br\/guias\/wp-content\/uploads\/2023\/08\/cropped-Regionais-de-Belo-Horizonte-2.jpg\" \/>\n\t<meta property=\"og:image:width\" content=\"640\" \/>\n\t<meta property=\"og:image:height\" content=\"853\" \/>\n\t<meta property=\"og:image:type\" content=\"image\/jpeg\" \/>\n<meta name=\"twitter:card\" content=\"summary_large_image\" \/>\n<meta name=\"twitter:label1\" content=\"Est. tempo de leitura\" \/>\n\t<meta name=\"twitter:data1\" content=\"1 minuto\" \/>\n<script type=\"application\/ld+json\" class=\"yoast-schema-graph\">{\"@context\":\"https:\\\/\\\/schema.org\",\"@graph\":[{\"@type\":\"Article\",\"@id\":\"https:\\\/\\\/www.quintoandar.com.br\\\/guias\\\/web-stories\\\/3-cidades-para-morar-minas-gerais\\\/#article\",\"isPartOf\":{\"@id\":\"https:\\\/\\\/www.quintoandar.com.br\\\/guias\\\/web-stories\\\/3-cidades-para-morar-minas-gerais\\\/\"},\"author\":{\"name\":\"Samantha Silva\",\"@id\":\"https:\\\/\\\/www.quintoandar.com.br\\\/guias\\\/#\\\/schema\\\/person\\\/f24d12d0fe0de5638ce540ae5e992867\"},\"headline\":\"3 cidades para viver bem em Minas Gerais \ud83c\udfe0\",\"datePublished\":\"2024-05-03T21:21:51+00:00\",\"dateModified\":\"2024-05-03T21:21:53+00:00\",\"mainEntityOfPage\":{\"@id\":\"https:\\\/\\\/www.quintoandar.com.br\\\/guias\\\/web-stories\\\/3-cidades-para-morar-minas-gerais\\\/\"},\"wordCount\":255,\"image\":{\"@id\":\"https:\\\/\\\/www.quintoandar.com.br\\\/guias\\\/web-stories\\\/3-cidades-para-morar-minas-gerais\\\/#primaryimage\"},\"thumbnailUrl\":\"https:\\\/\\\/www.quintoandar.com.br\\\/guias\\\/wp-content\\\/uploads\\\/2023\\\/08\\\/cropped-Regionais-de-Belo-Horizonte-2.jpg\",\"inLanguage\":\"pt-BR\"},{\"@type\":\"WebPage\",\"@id\":\"https:\\\/\\\/www.quintoandar.com.br\\\/guias\\\/web-stories\\\/3-cidades-para-morar-minas-gerais\\\/\",\"url\":\"https:\\\/\\\/www.quintoandar.com.br\\\/guias\\\/web-stories\\\/3-cidades-para-morar-minas-gerais\\\/\",\"name\":\"3 cidades para viver bem em Minas Gerais \ud83c\udfe0 - QuintoAndar Guias\",\"isPartOf\":{\"@id\":\"https:\\\/\\\/www.quintoandar.com.br\\\/guias\\\/#website\"},\"primaryImageOfPage\":{\"@id\":\"https:\\\/\\\/www.quintoandar.com.br\\\/guias\\\/web-stories\\\/3-cidades-para-morar-minas-gerais\\\/#primaryimage\"},\"image\":{\"@id\":\"https:\\\/\\\/www.quintoandar.com.br\\\/guias\\\/web-stories\\\/3-cidades-para-morar-minas-gerais\\\/#primaryimage\"},\"thumbnailUrl\":\"https:\\\/\\\/www.quintoandar.com.br\\\/guias\\\/wp-content\\\/uploads\\\/2023\\\/08\\\/cropped-Regionais-de-Belo-Horizonte-2.jpg\",\"datePublished\":\"2024-05-03T21:21:51+00:00\",\"dateModified\":\"2024-05-03T21:21:53+00:00\",\"breadcrumb\":{\"@id\":\"https:\\\/\\\/www.quintoandar.com.br\\\/guias\\\/web-stories\\\/3-cidades-para-morar-minas-gerais\\\/#breadcrumb\"},\"inLanguage\":\"pt-BR\",\"potentialAction\":[{\"@type\":\"ReadAction\",\"target\":[\"https:\\\/\\\/www.quintoandar.com.br\\\/guias\\\/web-stories\\\/3-cidades-para-morar-minas-gerais\\\/\"]}]},{\"@type\":\"ImageObject\",\"inLanguage\":\"pt-BR\",\"@id\":\"https:\\\/\\\/www.quintoandar.com.br\\\/guias\\\/web-stories\\\/3-cidades-para-morar-minas-gerais\\\/#primaryimage\",\"url\":\"https:\\\/\\\/www.quintoandar.com.br\\\/guias\\\/wp-content\\\/uploads\\\/2023\\\/08\\\/cropped-Regionais-de-Belo-Horizonte-2.jpg\",\"contentUrl\":\"https:\\\/\\\/www.quintoandar.com.br\\\/guias\\\/wp-content\\\/uploads\\\/2023\\\/08\\\/cropped-Regionais-de-Belo-Horizonte-2.jpg\",\"width\":640,\"height\":853,\"caption\":\"Foto que ilustra mat\u00e9ria sobre as regionais de Belo Horizonte mostra uma vista do alto da cidade, com destaque, me primeiro plano, para \u00e1rvores da Pra\u00e7a da Liberdade. Ao fundo, pr\u00e9dios e mais atr\u00e1s a Serra do Curral e um c\u00e9u azul em um dia claro.\"},{\"@type\":\"BreadcrumbList\",\"@id\":\"https:\\\/\\\/www.quintoandar.com.br\\\/guias\\\/web-stories\\\/3-cidades-para-morar-minas-gerais\\\/#breadcrumb\",\"itemListElement\":[{\"@type\":\"ListItem\",\"position\":1,\"name\":\"Home\",\"item\":\"https:\\\/\\\/www.quintoandar.com.br\\\/guias\\\/\"},{\"@type\":\"ListItem\",\"position\":2,\"name\":\"Story\",\"item\":\"https:\\\/\\\/www.quintoandar.com.br\\\/guias\\\/webstories\\\/\"},{\"@type\":\"ListItem\",\"position\":3,\"name\":\"3 cidades para viver bem em Minas Gerais \ud83c\udfe0\"}]},{\"@type\":\"WebSite\",\"@id\":\"https:\\\/\\\/www.quintoandar.com.br\\\/guias\\\/#website\",\"url\":\"https:\\\/\\\/www.quintoandar.com.br\\\/guias\\\/\",\"name\":\"QuintoAndar Guias\",\"description\":\"Inspira\u00e7\u00e3o e tudo o que voc\u00ea precisa saber sobre o jeito mais f\u00e1cil de alugar e morar.\",\"potentialAction\":[{\"@type\":\"SearchAction\",\"target\":{\"@type\":\"EntryPoint\",\"urlTemplate\":\"https:\\\/\\\/www.quintoandar.com.br\\\/guias\\\/?s={search_term_string}\"},\"query-input\":{\"@type\":\"PropertyValueSpecification\",\"valueRequired\":true,\"valueName\":\"search_term_string\"}}],\"inLanguage\":\"pt-BR\"},{\"@type\":\"Person\",\"@id\":\"https:\\\/\\\/www.quintoandar.com.br\\\/guias\\\/#\\\/schema\\\/person\\\/f24d12d0fe0de5638ce540ae5e992867\",\"name\":\"Samantha Silva\",\"image\":{\"@type\":\"ImageObject\",\"inLanguage\":\"pt-BR\",\"@id\":\"https:\\\/\\\/secure.gravatar.com\\\/avatar\\\/19caf728ff50fe784eb0610c2f3b2d62a8d8fbfa00158fbb42aae55f817e8e90?s=96&d=mm&r=g\",\"url\":\"https:\\\/\\\/secure.gravatar.com\\\/avatar\\\/19caf728ff50fe784eb0610c2f3b2d62a8d8fbfa00158fbb42aae55f817e8e90?s=96&d=mm&r=g\",\"contentUrl\":\"https:\\\/\\\/secure.gravatar.com\\\/avatar\\\/19caf728ff50fe784eb0610c2f3b2d62a8d8fbfa00158fbb42aae55f817e8e90?s=96&d=mm&r=g\",\"caption\":\"Samantha Silva\"},\"url\":\"https:\\\/\\\/www.quintoandar.com.br\\\/guias\\\/author\\\/samantha-silva\\\/\"},false]}<\/script>\n<!-- \/ Yoast SEO Premium plugin. -->","yoast_head_json":{"title":"3 cidades para viver bem em Minas Gerais \ud83c\udfe0 - QuintoAndar Guias","description":"Conhe\u00e7a quais as 3 das melhores cidades de Minas Gerais parar morar \ud83d\ude09","robots":{"index":"index","follow":"follow","max-snippet":"max-snippet:-1","max-image-preview":"max-image-preview:large","max-video-preview":"max-video-preview:-1"},"canonical":"https:\/\/www.quintoandar.com.br\/guias\/web-stories\/3-cidades-para-morar-minas-gerais\/","og_locale":"pt_BR","og_type":"article","og_title":"3 cidades para viver bem em Minas Gerais \ud83c\udfe0","og_description":"Conhe\u00e7a quais as 3 das melhores cidades de Minas Gerais parar morar \ud83d\ude09","og_url":"https:\/\/www.quintoandar.com.br\/guias\/web-stories\/3-cidades-para-morar-minas-gerais\/","og_site_name":"QuintoAndar Guias","article_publisher":"https:\/\/www.facebook.com\/quintoandar.com.br\/","article_modified_time":"2024-05-03T21:21:53+00:00","og_image":[{"width":640,"height":853,"url":"https:\/\/www.quintoandar.com.br\/guias\/wp-content\/uploads\/2023\/08\/cropped-Regionais-de-Belo-Horizonte-2.jpg","type":"image\/jpeg"}],"twitter_card":"summary_large_image","twitter_misc":{"Est. tempo de leitura":"1 minuto"},"schema":{"@context":"https:\/\/schema.org","@graph":[{"@type":"Article","@id":"https:\/\/www.quintoandar.com.br\/guias\/web-stories\/3-cidades-para-morar-minas-gerais\/#article","isPartOf":{"@id":"https:\/\/www.quintoandar.com.br\/guias\/web-stories\/3-cidades-para-morar-minas-gerais\/"},"author":{"name":"Samantha Silva","@id":"https:\/\/www.quintoandar.com.br\/guias\/#\/schema\/person\/f24d12d0fe0de5638ce540ae5e992867"},"headline":"3 cidades para viver bem em Minas Gerais \ud83c\udfe0","datePublished":"2024-05-03T21:21:51+00:00","dateModified":"2024-05-03T21:21:53+00:00","mainEntityOfPage":{"@id":"https:\/\/www.quintoandar.com.br\/guias\/web-stories\/3-cidades-para-morar-minas-gerais\/"},"wordCount":255,"image":{"@id":"https:\/\/www.quintoandar.com.br\/guias\/web-stories\/3-cidades-para-morar-minas-gerais\/#primaryimage"},"thumbnailUrl":"https:\/\/www.quintoandar.com.br\/guias\/wp-content\/uploads\/2023\/08\/cropped-Regionais-de-Belo-Horizonte-2.jpg","inLanguage":"pt-BR"},{"@type":"WebPage","@id":"https:\/\/www.quintoandar.com.br\/guias\/web-stories\/3-cidades-para-morar-minas-gerais\/","url":"https:\/\/www.quintoandar.com.br\/guias\/web-stories\/3-cidades-para-morar-minas-gerais\/","name":"3 cidades para viver bem em Minas Gerais \ud83c\udfe0 - QuintoAndar Guias","isPartOf":{"@id":"https:\/\/www.quintoandar.com.br\/guias\/#website"},"primaryImageOfPage":{"@id":"https:\/\/www.quintoandar.com.br\/guias\/web-stories\/3-cidades-para-morar-minas-gerais\/#primaryimage"},"image":{"@id":"https:\/\/www.quintoandar.com.br\/guias\/web-stories\/3-cidades-para-morar-minas-gerais\/#primaryimage"},"thumbnailUrl":"https:\/\/www.quintoandar.com.br\/guias\/wp-content\/uploads\/2023\/08\/cropped-Regionais-de-Belo-Horizonte-2.jpg","datePublished":"2024-05-03T21:21:51+00:00","dateModified":"2024-05-03T21:21:53+00:00","breadcrumb":{"@id":"https:\/\/www.quintoandar.com.br\/guias\/web-stories\/3-cidades-para-morar-minas-gerais\/#breadcrumb"},"inLanguage":"pt-BR","potentialAction":[{"@type":"ReadAction","target":["https:\/\/www.quintoandar.com.br\/guias\/web-stories\/3-cidades-para-morar-minas-gerais\/"]}]},{"@type":"ImageObject","inLanguage":"pt-BR","@id":"https:\/\/www.quintoandar.com.br\/guias\/web-stories\/3-cidades-para-morar-minas-gerais\/#primaryimage","url":"https:\/\/www.quintoandar.com.br\/guias\/wp-content\/uploads\/2023\/08\/cropped-Regionais-de-Belo-Horizonte-2.jpg","contentUrl":"https:\/\/www.quintoandar.com.br\/guias\/wp-content\/uploads\/2023\/08\/cropped-Regionais-de-Belo-Horizonte-2.jpg","width":640,"height":853,"caption":"Foto que ilustra mat\u00e9ria sobre as regionais de Belo Horizonte mostra uma vista do alto da cidade, com destaque, me primeiro plano, para \u00e1rvores da Pra\u00e7a da Liberdade. Ao fundo, pr\u00e9dios e mais atr\u00e1s a Serra do Curral e um c\u00e9u azul em um dia claro."},{"@type":"BreadcrumbList","@id":"https:\/\/www.quintoandar.com.br\/guias\/web-stories\/3-cidades-para-morar-minas-gerais\/#breadcrumb","itemListElement":[{"@type":"ListItem","position":1,"name":"Home","item":"https:\/\/www.quintoandar.com.br\/guias\/"},{"@type":"ListItem","position":2,"name":"Story","item":"https:\/\/www.quintoandar.com.br\/guias\/webstories\/"},{"@type":"ListItem","position":3,"name":"3 cidades para viver bem em Minas Gerais \ud83c\udfe0"}]},{"@type":"WebSite","@id":"https:\/\/www.quintoandar.com.br\/guias\/#website","url":"https:\/\/www.quintoandar.com.br\/guias\/","name":"QuintoAndar Guias","description":"Inspira\u00e7\u00e3o e tudo o que voc\u00ea precisa saber sobre o jeito mais f\u00e1cil de alugar e morar.","potentialAction":[{"@type":"SearchAction","target":{"@type":"EntryPoint","urlTemplate":"https:\/\/www.quintoandar.com.br\/guias\/?s={search_term_string}"},"query-input":{"@type":"PropertyValueSpecification","valueRequired":true,"valueName":"search_term_string"}}],"inLanguage":"pt-BR"},{"@type":"Person","@id":"https:\/\/www.quintoandar.com.br\/guias\/#\/schema\/person\/f24d12d0fe0de5638ce540ae5e992867","name":"Samantha Silva","image":{"@type":"ImageObject","inLanguage":"pt-BR","@id":"https:\/\/secure.gravatar.com\/avatar\/19caf728ff50fe784eb0610c2f3b2d62a8d8fbfa00158fbb42aae55f817e8e90?s=96&d=mm&r=g","url":"https:\/\/secure.gravatar.com\/avatar\/19caf728ff50fe784eb0610c2f3b2d62a8d8fbfa00158fbb42aae55f817e8e90?s=96&d=mm&r=g","contentUrl":"https:\/\/secure.gravatar.com\/avatar\/19caf728ff50fe784eb0610c2f3b2d62a8d8fbfa00158fbb42aae55f817e8e90?s=96&d=mm&r=g","caption":"Samantha Silva"},"url":"https:\/\/www.quintoandar.com.br\/guias\/author\/samantha-silva\/"},false]}},"yasr_visitor_votes":{"stars_attributes":{"read_only":false,"span_bottom":false},"number_of_votes":0,"sum_votes":0},"featured_img":"https:\/\/www.quintoandar.com.br\/guias\/wp-content\/uploads\/2023\/08\/cropped-Regionais-de-Belo-Horizonte-2-530x337.jpg","coauthors":[],"author_meta":{"author_link":"https:\/\/www.quintoandar.com.br\/guias\/author\/samantha-silva\/","display_name":"Samantha Silva"},"relative_dates":{"created":"Publicado 2 anos atr\u00e1s","modified":"Atualizado 2 anos atr\u00e1s"},"absolute_dates":{"created":"Publicado em maio 3, 2024","modified":"Atualizado em maio 3, 2024"},"absolute_dates_time":{"created":"Publicado em maio 3, 2024 6:21 pm","modified":"Atualizado em maio 3, 2024 6:21 pm"},"featured_img_caption":"Foto que ilustra mat\u00e9ria sobre as regionais de Belo Horizonte mostra uma vista do alto da cidade, com destaque, me primeiro plano, para \u00e1rvores da Pra\u00e7a da Liberdade. Ao fundo, pr\u00e9dios e mais atr\u00e1s a Serra do Curral e um c\u00e9u azul em um dia claro.","tax_additional":{"web_story_category":{"linked":[],"unlinked":[],"slug":"web_story_category","name":"Categorias"},"web_story_tag":{"linked":[],"unlinked":[],"slug":"web_story_tag","name":"Tags"}},"series_order":"","acf":{"aprovacao_web_stories":"Aprovado"},"slug_history":["3-cidades-para-morar-minas-gerais"],"story_data":{"version":47,"pages":[{"elements":[{"opacity":100,"flip":{"vertical":false,"horizontal":false},"rotationAngle":0,"lockAspectRatio":true,"x":1,"y":1,"width":1,"height":1,"mask":{"type":"rectangle"},"isBackground":true,"isDefaultBackground":true,"id":"5e4c0825-cf1b-4ce6-b362-6dec3c39bb1b","type":"shape","basedOn":"9d5c2b2c-8e34-4118-a1bc-f01f76f862b3"},{"opacity":100,"flip":{"vertical":false,"horizontal":false},"rotationAngle":0,"lockAspectRatio":true,"backgroundTextMode":"NONE","font":{"family":"Poppins"},"fontSize":33,"backgroundColor":{"color":{"r":196,"g":196,"b":196}},"lineHeight":1.1,"textAlign":"left","padding":{"locked":true,"hasHiddenPadding":false,"horizontal":0,"vertical":0},"type":"text","content":"<span style=\"font-weight: 600; color: #f8f9f5\">Descubra 3 das melhores cidades de Minas Gerais para viver \ud83c\udfe0<\/span>","borderRadius":{"locked":true,"topLeft":2,"topRight":2,"bottomRight":2,"bottomLeft":2},"x":51,"y":129,"width":313,"height":155,"basedOn":"925eb8c3-889d-4d34-a0f2-c210323ef74a","marginOffset":-11.099999999999994,"id":"3c610e28-eb19-4563-a420-3950da19ad2d"},{"opacity":100,"flip":{"vertical":false,"horizontal":false},"rotationAngle":0,"lockAspectRatio":true,"backgroundColor":{"color":{"r":163,"g":199,"b":161}},"type":"shape","x":48,"y":304,"width":314,"height":314,"mask":{"type":"rectangle"},"basedOn":"ab8bfbba-ba72-4633-8fe5-d08c534ef764","id":"ee0795d1-7930-4c6d-9924-605ff66db8fa"},{"opacity":100,"flip":{"vertical":false,"horizontal":false},"rotationAngle":0,"lockAspectRatio":true,"backgroundColor":{"color":{"r":196,"g":196,"b":196}},"type":"image","resource":{"type":"image","mimeType":"image\/jpeg","width":850,"height":568,"sizes":{"medium":{"file":"Melhores-cidades-de-Minas-Gerais-Nova-Lima-850x568-1-300x200.jpg","width":300,"height":200,"filesize":"16755","mimeType":"image\/jpeg","sourceUrl":"https:\/\/quintoandar.com.br\/guias\/wp-content\/uploads\/2023\/05\/Melhores-cidades-de-Minas-Gerais-Nova-Lima-850x568-1-300x200.jpg"},"thumbnail":{"file":"Melhores-cidades-de-Minas-Gerais-Nova-Lima-850x568-1-150x150.jpg","width":150,"height":150,"filesize":"7238","mimeType":"image\/jpeg","sourceUrl":"https:\/\/quintoandar.com.br\/guias\/wp-content\/uploads\/2023\/05\/Melhores-cidades-de-Minas-Gerais-Nova-Lima-850x568-1-150x150.jpg"},"medium_large":{"file":"Melhores-cidades-de-Minas-Gerais-Nova-Lima-850x568-1-768x513.jpg","width":768,"height":513,"filesize":"92235","mimeType":"image\/jpeg","sourceUrl":"https:\/\/quintoandar.com.br\/guias\/wp-content\/uploads\/2023\/05\/Melhores-cidades-de-Minas-Gerais-Nova-Lima-850x568-1-768x513.jpg"},"post-thumbnail":{"file":"Melhores-cidades-de-Minas-Gerais-Nova-Lima-850x568-1-530x337.jpg","width":530,"height":337,"filesize":"44771","mimeType":"image\/jpeg","sourceUrl":"https:\/\/quintoandar.com.br\/guias\/wp-content\/uploads\/2023\/05\/Melhores-cidades-de-Minas-Gerais-Nova-Lima-850x568-1-530x337.jpg"},"chamada-destaque":{"file":"Melhores-cidades-de-Minas-Gerais-Nova-Lima-850x568-1-800x568.jpg","width":800,"height":568,"filesize":"113621","mimeType":"image\/jpeg","sourceUrl":"https:\/\/quintoandar.com.br\/guias\/wp-content\/uploads\/2023\/05\/Melhores-cidades-de-Minas-Gerais-Nova-Lima-850x568-1-800x568.jpg"},"alm-thumbnail":{"file":"Melhores-cidades-de-Minas-Gerais-Nova-Lima-850x568-1-150x150.jpg","width":150,"height":150,"filesize":"7238","mimeType":"image\/jpeg","sourceUrl":"https:\/\/quintoandar.com.br\/guias\/wp-content\/uploads\/2023\/05\/Melhores-cidades-de-Minas-Gerais-Nova-Lima-850x568-1-150x150.jpg"},"wpvqgr-square-answer":{"file":"Melhores-cidades-de-Minas-Gerais-Nova-Lima-850x568-1-300x300.jpg","width":300,"height":300,"filesize":"24113","mimeType":"image\/jpeg","sourceUrl":"https:\/\/quintoandar.com.br\/guias\/wp-content\/uploads\/2023\/05\/Melhores-cidades-de-Minas-Gerais-Nova-Lima-850x568-1-300x300.jpg"},"web-stories-poster-portrait":{"file":"Melhores-cidades-de-Minas-Gerais-Nova-Lima-850x568-1-640x568.jpg","width":640,"height":568,"filesize":"92711","mimeType":"image\/jpeg","sourceUrl":"https:\/\/quintoandar.com.br\/guias\/wp-content\/uploads\/2023\/05\/Melhores-cidades-de-Minas-Gerais-Nova-Lima-850x568-1-640x568.jpg"},"web-stories-publisher-logo":{"file":"Melhores-cidades-de-Minas-Gerais-Nova-Lima-850x568-1-96x96.jpg","width":96,"height":96,"filesize":"3356","mimeType":"image\/jpeg","sourceUrl":"https:\/\/quintoandar.com.br\/guias\/wp-content\/uploads\/2023\/05\/Melhores-cidades-de-Minas-Gerais-Nova-Lima-850x568-1-96x96.jpg"},"web-stories-thumbnail":{"file":"Melhores-cidades-de-Minas-Gerais-Nova-Lima-850x568-1-150x100.jpg","width":150,"height":100,"filesize":"5376","mimeType":"image\/jpeg","sourceUrl":"https:\/\/quintoandar.com.br\/guias\/wp-content\/uploads\/2023\/05\/Melhores-cidades-de-Minas-Gerais-Nova-Lima-850x568-1-150x100.jpg"},"full":{"file":"Melhores-cidades-de-Minas-Gerais-Nova-Lima-850x568-1.jpg","width":850,"height":568,"mimeType":"image\/jpeg","sourceUrl":"https:\/\/quintoandar.com.br\/guias\/wp-content\/uploads\/2023\/05\/Melhores-cidades-de-Minas-Gerais-Nova-Lima-850x568-1.jpg"}},"isPlaceholder":false,"isExternal":false,"needsProxy":false,"baseColor":"#8fb4d6","blurHash":"","creationDate":"2023-05-03T17:37:48","src":"https:\/\/quintoandar.com.br\/guias\/wp-content\/uploads\/2023\/05\/Melhores-cidades-de-Minas-Gerais-Nova-Lima-850x568-1.jpg","id":473249,"alt":"Melhores-cidades-de-Minas-Gerais-Nova-Lima-850x568","local":false,"provider":"local"},"x":62,"y":317,"width":286,"height":286,"scale":100,"focalX":50,"focalY":50,"mask":{"type":"rectangle"},"alt":"Imagem que mostra a cidade de Minas Gerais","link":{"needsProxy":false,"url":"https:\/\/quintoandar.com.br\/melhores-cidades-de-minas-gerais\/","rel":[],"type":"regular","pageId":null,"icon":"https:\/\/quintoandar.com.br\/guias\/wp-content\/uploads\/2022\/05\/Melhores-cidades-de-Minas-Gerais-Nova-Lima.jpg","desc":"Melhores cidades de Minas Gerais: onde encontrar boa qualidade de vida"},"borderRadius":{"topLeft":0,"topRight":0,"bottomRight":0,"bottomLeft":0,"locked":true},"basedOn":"4f518b76-d05f-4e2b-bbdf-59450fababca","id":"2eadb7ee-ddcd-4d3b-a70c-3ca81c4c59fe"},{"opacity":100,"flip":{"vertical":false,"horizontal":false},"rotationAngle":0,"lockAspectRatio":true,"scale":100,"focalX":50,"focalY":50,"resource":{"baseColor":"#ffffff","type":"image","mimeType":"image\/png","creationDate":"2022-01-17T15:00:10","src":"https:\/\/quintoandar.com.br\/guias\/wp-content\/uploads\/2022\/01\/image-17.png","width":566,"height":88,"id":428567,"alt":"image","sizes":{"medium":{"file":"image-17-300x47.png","width":300,"height":47,"mimeType":"image\/png","sourceUrl":"https:\/\/quintoandar.com.br\/guias\/wp-content\/uploads\/2022\/01\/image-17-300x47.png"},"thumbnail":{"file":"image-17-150x88.png","width":150,"height":88,"mimeType":"image\/png","sourceUrl":"https:\/\/quintoandar.com.br\/guias\/wp-content\/uploads\/2022\/01\/image-17-150x88.png"},"post-thumbnail":{"file":"image-17-350x88.png","width":350,"height":88,"mimeType":"image\/png","sourceUrl":"https:\/\/quintoandar.com.br\/guias\/wp-content\/uploads\/2022\/01\/image-17-350x88.png"},"alm-thumbnail":{"file":"image-17-150x88.png","width":150,"height":88,"mimeType":"image\/png","sourceUrl":"https:\/\/quintoandar.com.br\/guias\/wp-content\/uploads\/2022\/01\/image-17-150x88.png"},"wpvqgr-square-answer":{"file":"image-17-300x88.png","width":300,"height":88,"mimeType":"image\/png","sourceUrl":"https:\/\/quintoandar.com.br\/guias\/wp-content\/uploads\/2022\/01\/image-17-300x88.png"},"web-stories-publisher-logo":{"file":"image-17-96x88.png","width":96,"height":88,"mimeType":"image\/png","sourceUrl":"https:\/\/quintoandar.com.br\/guias\/wp-content\/uploads\/2022\/01\/image-17-96x88.png"},"web-stories-thumbnail":{"file":"image-17-150x23.png","width":150,"height":23,"mimeType":"image\/png","sourceUrl":"https:\/\/quintoandar.com.br\/guias\/wp-content\/uploads\/2022\/01\/image-17-150x23.png"},"full":{"file":"image-17.png","width":566,"height":88,"mimeType":"image\/png","sourceUrl":"https:\/\/quintoandar.com.br\/guias\/wp-content\/uploads\/2022\/01\/image-17.png"}},"isPlaceholder":false,"isOptimized":false,"isMuted":false,"isExternal":false,"needsProxy":false},"type":"image","x":48,"y":0,"width":225,"height":35,"mask":{"type":"rectangle","showInLibrary":true,"name":"Ret\u00e2ngulo","path":"M 0,0 1,0 1,1 0,1 0,0 Z","ratio":1,"supportsBorder":true},"basedOn":"40807069-eed4-48b6-8569-54a6b1987b02","id":"d082c74c-3fa3-443a-8afc-1566b8cbf2d1"}],"animations":[],"backgroundColor":{"color":{"r":36,"g":88,"b":37}},"type":"page","id":"263f42bc-a79f-495c-96c8-15ded26152f5"},{"elements":[{"opacity":100,"flip":{"vertical":false,"horizontal":false},"rotationAngle":0,"lockAspectRatio":true,"x":1,"y":1,"width":1,"height":1,"mask":{"type":"rectangle"},"isBackground":true,"isDefaultBackground":true,"id":"d2b72a51-1e66-4949-8dca-7e94d60af9ce","type":"shape","basedOn":"666d07d0-ac8b-4c81-806e-ec46cbe6d736"},{"opacity":100,"flip":{"vertical":false,"horizontal":false},"rotationAngle":0,"lockAspectRatio":false,"backgroundColor":{"color":{"r":248,"g":249,"b":245}},"type":"shape","x":0,"y":-57,"width":413,"height":375,"mask":{"type":"rectangle"},"basedOn":"c54125fb-2735-44bb-a56b-1d5d495c0b24","id":"7ea6faf4-79c1-4c85-baa8-8f8f53550695"},{"opacity":100,"flip":{"vertical":false,"horizontal":false},"rotationAngle":0,"lockAspectRatio":false,"backgroundTextMode":"NONE","font":{"family":"Poppins"},"fontSize":18,"backgroundColor":{"color":{"r":196,"g":196,"b":196}},"lineHeight":1.1,"textAlign":"initial","padding":{"locked":true,"horizontal":0,"vertical":0},"type":"text","content":"Se voc\u00ea est\u00e1 buscando um lugar para morar bem, saiba que na terra do p\u00e3o de queijo e do \u201ccaf\u00e9zin\u201d os \u00edndices de qualidade s\u00e3o atraentes e considerados altos (IDH 0,731).&nbsp;\n\nQue tal conhecer algumas das melhores cidades de MG?\n","basedOn":"a42619f5-e21a-46bf-a29b-feb6811e10ca","x":62,"y":41,"width":289,"height":203,"marginOffset":-11.099999999999994,"id":"8a26d018-0739-4342-b710-81b13a34441d"},{"opacity":100,"flip":{"vertical":false,"horizontal":false},"rotationAngle":0,"lockAspectRatio":false,"backgroundColor":{"color":{"r":36,"g":88,"b":37}},"type":"shape","x":0,"y":287,"width":413,"height":396,"mask":{"type":"rectangle"},"basedOn":"b0a83431-e82c-474f-9b54-4b372dc40c43","id":"21758096-c7b6-43d4-bc9f-fd2e9434d798"},{"opacity":100,"flip":{"vertical":false,"horizontal":false},"rotationAngle":0,"lockAspectRatio":true,"scale":100,"focalX":36.458134642215214,"focalY":49.87592095104651,"resource":{"type":"gif","mimeType":"image\/gif","width":498,"height":336,"sizes":{"full":{"file":"media\/tenor:11596530563602314732","sourceUrl":"https:\/\/media.tenor.com\/oO8nG0Z59ewAAAAC\/cheesebread-food.gif","mimeType":"image\/gif","width":498,"height":336},"large":{"file":"media\/tenor:11596530563602314732","sourceUrl":"https:\/\/media.tenor.com\/oO8nG0Z59ewAAAAM\/cheesebread-food.gif","mimeType":"image\/gif","width":220,"height":149},"web_stories_thumbnail":{"file":"media\/tenor:11596530563602314732","sourceUrl":"https:\/\/media.tenor.com\/oO8nG0Z59ewAAAAS\/cheesebread-food.gif","mimeType":"image\/gif","width":133,"height":90}},"isPlaceholder":false,"isExternal":true,"needsProxy":false,"id":"media\/tenor:11596530563602314732","creationDate":"2018-03-27T03:22:42Z","src":"https:\/\/media.tenor.com\/oO8nG0Z59ewAAAAC\/cheesebread-food.gif","alt":"Eu Amo E Quero P\u00e3o De Queijo, Comida, Fome, Delicioso, Lanche, Caf\u00e9 Da Manh\u00e3 GIF","attribution":{"author":[],"registerUsageUrl":"https:\/\/media3p.googleapis.com\/v1\/media:registerUsage?token=ASGJDKJlrLIImjNAydxQSH8vTsps2%2BdnmqIspG9j%2BL1k1C1\/It4B8efbEfBQosWSIKUVWWMOZCLyAcg2rQppyEkUxyg3jRo%3D"},"poster":"https:\/\/media.tenor.com\/oO8nG0Z59ewAAAAe\/cheesebread-food.png","posterId":"media\/tenor:11596530563602314732","isOptimized":true,"output":{"mimeType":"video\/mp4","src":"https:\/\/media.tenor.com\/oO8nG0Z59ewAAAPo\/cheesebread-food.mp4"}},"type":"gif","x":21,"y":308,"width":373,"height":347,"mask":{"type":"rectangle","showInLibrary":true,"name":"Ret\u00e2ngulo","path":"M 0,0 1,0 1,1 0,1 0,0 Z","ratio":1,"supportsBorder":true},"resizeWidth":282.46602,"resizeHeight":262.742,"basedOn":"eb333b83-ca24-4ced-8813-f040f891be0f","id":"9e920425-d3be-4cc9-a9ee-914dc60cf5ba","alt":"V\u00eddeo que ilustra mulher abrindo um p\u00e3ozinho de queijo."}],"animations":[],"backgroundColor":{"color":{"r":80,"g":99,"b":248}},"type":"page","id":"97f1302f-1e63-474a-9a0c-67f1cf96346e","defaultBackgroundElement":{"opacity":100,"flip":{"vertical":false,"horizontal":false},"rotationAngle":0,"lockAspectRatio":true,"backgroundColor":{"color":{"r":196,"g":196,"b":196}},"x":1,"y":1,"width":1,"height":1,"mask":{"type":"rectangle"},"isBackground":true,"isDefaultBackground":true,"type":"shape","id":"82332c42-4b5e-45b9-8fd8-e5c8ae9f0e65"}},{"elements":[{"opacity":100,"flip":{"vertical":false,"horizontal":false},"rotationAngle":0,"lockAspectRatio":true,"x":1,"y":1,"width":1,"height":1,"mask":{"type":"rectangle"},"isBackground":true,"isDefaultBackground":true,"id":"9313a18f-fec2-49b4-8a28-a9ef7859c7de","type":"shape","basedOn":"d2b72a51-1e66-4949-8dca-7e94d60af9ce"},{"opacity":100,"flip":{"vertical":false,"horizontal":false},"rotationAngle":0,"lockAspectRatio":false,"backgroundColor":{"color":{"r":36,"g":88,"b":37}},"type":"shape","x":0,"y":-61,"width":413,"height":388,"mask":{"type":"rectangle"},"basedOn":"21758096-c7b6-43d4-bc9f-fd2e9434d798","id":"64d6f7be-4b72-4568-abba-9ce9906ac794"},{"opacity":100,"flip":{"vertical":false,"horizontal":false},"rotationAngle":0,"lockAspectRatio":false,"backgroundTextMode":"NONE","font":{"family":"Poppins"},"fontSize":18,"backgroundColor":{"color":{"r":196,"g":196,"b":196}},"lineHeight":1.1,"textAlign":"initial","padding":{"locked":true,"horizontal":0,"vertical":0},"type":"text","content":"Veja tamb\u00e9m im\u00f3veis dispon\u00edveis para alugar em cada uma delas!\n\nQuem sabe seu pr\u00f3ximo lar est\u00e1 a poucos cliques de voc\u00ea \ud83e\udd29\ud83d\udc99\n\n","basedOn":"988145f8-8373-4530-b0f3-b4c68714893e","x":52,"y":398,"width":307,"height":144,"marginOffset":-11.099999999999994,"id":"3d7586c8-a0a8-4fe9-99df-9119a4373885"},{"opacity":100,"flip":{"vertical":false,"horizontal":false},"rotationAngle":0,"lockAspectRatio":true,"scale":100,"focalX":50,"focalY":50,"resource":{"type":"gif","mimeType":"image\/gif","width":498,"height":280,"sizes":{"full":{"file":"media\/tenor:11338732980910505490","sourceUrl":"https:\/\/media.tenor.com\/nVtFkiotPhIAAAAC\/debora-aladim-historia-do-brasil-pelo-brasil.gif","mimeType":"image\/gif","width":498,"height":280},"large":{"file":"media\/tenor:11338732980910505490","sourceUrl":"https:\/\/media.tenor.com\/nVtFkiotPhIAAAAM\/debora-aladim-historia-do-brasil-pelo-brasil.gif","mimeType":"image\/gif","width":220,"height":124},"web_stories_thumbnail":{"file":"media\/tenor:11338732980910505490","sourceUrl":"https:\/\/media.tenor.com\/nVtFkiotPhIAAAAS\/debora-aladim-historia-do-brasil-pelo-brasil.gif","mimeType":"image\/gif","width":160,"height":90}},"isPlaceholder":false,"isExternal":true,"needsProxy":false,"id":"media\/tenor:11338732980910505490","baseColor":"#9bb7d8","creationDate":"2019-05-23T15:27:09Z","src":"https:\/\/media.tenor.com\/nVtFkiotPhIAAAAC\/debora-aladim-historia-do-brasil-pelo-brasil.gif","alt":"Debora Aladim Historia Do Brasil Pelo Brasil GIF","attribution":{"author":{"displayName":"deboraaladim","url":"https:\/\/tenor.com\/official\/deboraaladim"},"registerUsageUrl":"https:\/\/media3p.googleapis.com\/v1\/media:registerUsage?token=ASGJDKK8CJoqvJ0xFUD\/wp1kzYkdauKauqyWr8kE\/cjf%2BgQoXrkOzfzfDW2sf9R\/5Gb9OapG\/haT7VbDuvHPZwzaoKxH2dg%3D"},"poster":"https:\/\/media.tenor.com\/nVtFkiotPhIAAAAe\/debora-aladim-historia-do-brasil-pelo-brasil.png","posterId":"media\/tenor:11338732980910505490","isOptimized":true,"output":{"mimeType":"video\/mp4","src":"https:\/\/media.tenor.com\/nVtFkiotPhIAAAPo\/debora-aladim-historia-do-brasil-pelo-brasil.mp4"}},"type":"gif","x":20,"y":-40,"width":374,"height":346,"mask":{"type":"rectangle","showInLibrary":true,"name":"Ret\u00e2ngulo","path":"M 0,0 1,0 1,1 0,1 0,0 Z","ratio":1,"supportsBorder":true},"resizeWidth":282.922,"resizeHeight":262.01942,"alt":"V\u00eddeo de menina falando que \u00e9 mineira em frente \u00e0 uma igreja","basedOn":"233553f2-d660-4e42-9957-66e37ce91bac","id":"4e1b01d0-e9db-46ca-9b8a-9a233410c463"}],"animations":[],"backgroundColor":{"color":{"r":248,"g":249,"b":245}},"type":"page","id":"598fbba0-6500-431a-9f39-dd6d16478711","defaultBackgroundElement":{"opacity":100,"flip":{"vertical":false,"horizontal":false},"rotationAngle":0,"lockAspectRatio":true,"backgroundColor":{"color":{"r":196,"g":196,"b":196}},"x":1,"y":1,"width":1,"height":1,"mask":{"type":"rectangle"},"isBackground":true,"isDefaultBackground":true,"type":"shape","id":"82332c42-4b5e-45b9-8fd8-e5c8ae9f0e65"},"pageAttachment":{"url":"","icon":"","needsProxy":false,"ctaText":"Saiba mais"}},{"elements":[{"opacity":100,"flip":{"vertical":false,"horizontal":false},"rotationAngle":0,"lockAspectRatio":true,"backgroundColor":{"color":{"r":196,"g":196,"b":196}},"x":1,"y":1,"width":1,"height":1,"mask":{"type":"rectangle"},"isBackground":true,"isDefaultBackground":true,"id":"15e156ea-f32f-4e78-8186-42cb76b46c9e","basedOn":"4a2cdd23-8124-4eb7-a9bf-1413f2f89d03","type":"shape"},{"opacity":100,"flip":{"vertical":false,"horizontal":false},"rotationAngle":0,"lockAspectRatio":true,"scale":100,"focalX":50,"focalY":50,"resource":{"type":"image","mimeType":"image\/jpeg","width":1000,"height":838,"sizes":{"post-thumbnail":{"file":"Bairros-de-Nova-Lima-530x337.jpg","width":530,"height":337,"filesize":"65163","mimeType":"image\/jpeg","sourceUrl":"https:\/\/quintoandar.com.br\/guias\/wp-content\/uploads\/2022\/09\/Bairros-de-Nova-Lima-530x337.jpg"},"single-destaque":{"file":"Bairros-de-Nova-Lima-850x680.jpg","width":850,"height":680,"filesize":"175784","mimeType":"image\/jpeg","sourceUrl":"https:\/\/quintoandar.com.br\/guias\/wp-content\/uploads\/2022\/09\/Bairros-de-Nova-Lima-850x680.jpg"},"full":{"file":"Bairros-de-Nova-Lima.jpg","width":1000,"height":838,"mimeType":"image\/jpeg","sourceUrl":"https:\/\/quintoandar.com.br\/guias\/wp-content\/uploads\/2022\/09\/Bairros-de-Nova-Lima.jpg"}},"isPlaceholder":false,"isExternal":false,"needsProxy":false,"baseColor":"#bbc3d1","blurHash":"","creationDate":"2022-09-24T03:54:23","src":"https:\/\/quintoandar.com.br\/guias\/wp-content\/uploads\/2022\/09\/Bairros-de-Nova-Lima.jpg","id":453645,"alt":"Foto que ilustra mat\u00e9ria sobre bairros de Nova Lima mostra v\u00e1rios pr\u00e9dios da cidade, com destaque para a Torre Alta Vila, um dos pontos mais conhecidos da regi\u00e3o.","local":false},"backgroundColor":{"color":{"r":196,"g":196,"b":196}},"x":46,"y":0,"width":318,"height":309,"mask":{"type":"rectangle"},"basedOn":"1a8c844b-c5d6-4172-b775-b9a6c464360f","id":"dbaf9fe9-478f-4e54-bee7-e3990a8d13c3","alt":"Imagem da cidade de Nova Lima","type":"image"},{"opacity":100,"flip":{"vertical":false,"horizontal":false},"rotationAngle":0,"lockAspectRatio":false,"backgroundTextMode":"NONE","font":{"family":"Poppins"},"fontSize":26,"backgroundColor":{"color":{"r":196,"g":196,"b":196}},"lineHeight":1.2,"textAlign":"initial","padding":{"locked":true,"hasHiddenPadding":false,"horizontal":0,"vertical":0},"content":"<span style=\"font-weight: 600; color: #f8f9f5\">Nova Lima<\/span>","borderRadius":{"locked":true,"topLeft":2,"topRight":2,"bottomRight":2,"bottomLeft":2},"x":47,"y":331,"width":274,"height":37,"marginOffset":0.4781249999999986,"basedOn":"1acbd92b-3890-4375-868f-4c29796e5bd3","id":"62399cbb-508a-4a3c-8372-d79c85dc1202","type":"text"},{"opacity":100,"flip":{"vertical":false,"horizontal":false},"rotationAngle":0,"lockAspectRatio":false,"backgroundTextMode":"NONE","font":{"family":"Poppins"},"fontSize":18,"backgroundColor":{"color":{"r":196,"g":196,"b":196}},"lineHeight":1.2,"textAlign":"initial","padding":{"locked":true,"hasHiddenPadding":false,"horizontal":0,"vertical":0},"content":"<span style=\"color: #fff\">Nova Lima \u00e9 uma cidade muito bem desenvolvida e tem um clima que mescla urbano e rural, com com\u00e9rcios e servi\u00e7os bastante eficientes, que oferecem qualidade de vida a seus moradores e visitantes. N\u00e3o \u00e9 atoa que a cidade que tem o melhor IDH (0,813) de MG.<\/span>","borderRadius":{"locked":true,"topLeft":2,"topRight":2,"bottomRight":2,"bottomLeft":2},"x":49,"y":390,"width":307,"height":199,"marginOffset":0.4781249999999986,"basedOn":"f58aac86-0d0f-4625-ba3f-ec49557c4ac1","id":"8e8f387f-476e-466f-aadb-4daf4258d8a2","type":"text"}],"backgroundColor":{"color":{"r":36,"g":88,"b":37}},"animations":[{"id":"c8858063-4622-45a5-b185-76f9bb1cee65","type":"effect-drop","duration":1600,"delay":0,"targets":["dbaf9fe9-478f-4e54-bee7-e3990a8d13c3"]}],"type":"page","id":"048d7c7a-448a-4d8e-b478-ac6ba1dc890f","defaultBackgroundElement":{"opacity":100,"flip":{"vertical":false,"horizontal":false},"rotationAngle":0,"lockAspectRatio":true,"backgroundColor":{"color":{"r":196,"g":196,"b":196}},"x":1,"y":1,"width":1,"height":1,"mask":{"type":"rectangle"},"isBackground":true,"isDefaultBackground":true,"type":"shape","id":"d30996f6-74d0-4192-81c0-4c75833133d2"}},{"elements":[{"opacity":100,"flip":{"vertical":false,"horizontal":false},"rotationAngle":0,"lockAspectRatio":true,"scale":100,"focalX":18.749189814814816,"focalY":49.999652777777776,"resource":{"type":"image","mimeType":"image\/webp","width":1152,"height":768,"sizes":{"medium":{"file":"894469685-425.714334376916622-300x200.webp","width":300,"height":200,"filesize":9122,"mimeType":"image\/webp","sourceUrl":"https:\/\/quintoandar.com.br\/guias\/wp-content\/uploads\/2024\/05\/894469685-425.714334376916622-300x200.webp"},"large":{"file":"894469685-425.714334376916622-1024x683.webp","width":1024,"height":683,"filesize":54206,"mimeType":"image\/webp","sourceUrl":"https:\/\/quintoandar.com.br\/guias\/wp-content\/uploads\/2024\/05\/894469685-425.714334376916622-1024x683.webp"},"thumbnail":{"file":"894469685-425.714334376916622-150x150.webp","width":150,"height":150,"filesize":4544,"mimeType":"image\/webp","sourceUrl":"https:\/\/quintoandar.com.br\/guias\/wp-content\/uploads\/2024\/05\/894469685-425.714334376916622-150x150.webp"},"medium_large":{"file":"894469685-425.714334376916622-768x512.webp","width":768,"height":512,"filesize":34628,"mimeType":"image\/webp","sourceUrl":"https:\/\/quintoandar.com.br\/guias\/wp-content\/uploads\/2024\/05\/894469685-425.714334376916622-768x512.webp"},"post-thumbnail":{"file":"894469685-425.714334376916622-530x337.webp","width":530,"height":337,"filesize":19908,"mimeType":"image\/webp","sourceUrl":"https:\/\/quintoandar.com.br\/guias\/wp-content\/uploads\/2024\/05\/894469685-425.714334376916622-530x337.webp"},"chamada-destaque":{"file":"894469685-425.714334376916622-800x687.webp","width":800,"height":687,"filesize":43246,"mimeType":"image\/webp","sourceUrl":"https:\/\/quintoandar.com.br\/guias\/wp-content\/uploads\/2024\/05\/894469685-425.714334376916622-800x687.webp"},"single-destaque":{"file":"894469685-425.714334376916622-850x680.webp","width":850,"height":680,"filesize":45722,"mimeType":"image\/webp","sourceUrl":"https:\/\/quintoandar.com.br\/guias\/wp-content\/uploads\/2024\/05\/894469685-425.714334376916622-850x680.webp"},"alm-thumbnail":{"file":"894469685-425.714334376916622-150x150.webp","width":150,"height":150,"filesize":4544,"mimeType":"image\/webp","sourceUrl":"https:\/\/quintoandar.com.br\/guias\/wp-content\/uploads\/2024\/05\/894469685-425.714334376916622-150x150.webp"},"wpvqgr-square-answer":{"file":"894469685-425.714334376916622-300x300.webp","width":300,"height":300,"filesize":11880,"mimeType":"image\/webp","sourceUrl":"https:\/\/quintoandar.com.br\/guias\/wp-content\/uploads\/2024\/05\/894469685-425.714334376916622-300x300.webp"},"web-stories-poster-portrait":{"file":"894469685-425.714334376916622-640x768.webp","width":640,"height":768,"filesize":41538,"mimeType":"image\/webp","sourceUrl":"https:\/\/quintoandar.com.br\/guias\/wp-content\/uploads\/2024\/05\/894469685-425.714334376916622-640x768.webp"},"web-stories-publisher-logo":{"file":"894469685-425.714334376916622-96x96.webp","width":96,"height":96,"filesize":2224,"mimeType":"image\/webp","sourceUrl":"https:\/\/quintoandar.com.br\/guias\/wp-content\/uploads\/2024\/05\/894469685-425.714334376916622-96x96.webp"},"web-stories-thumbnail":{"file":"894469685-425.714334376916622-150x100.webp","width":150,"height":100,"filesize":3454,"mimeType":"image\/webp","sourceUrl":"https:\/\/quintoandar.com.br\/guias\/wp-content\/uploads\/2024\/05\/894469685-425.714334376916622-150x100.webp"},"full":{"file":"894469685-425.714334376916622.webp","width":1152,"height":768,"mimeType":"image\/webp","sourceUrl":"https:\/\/quintoandar.com.br\/guias\/wp-content\/uploads\/2024\/05\/894469685-425.714334376916622.webp"}},"isPlaceholder":false,"isExternal":false,"needsProxy":false,"baseColor":"#ccc9c5","blurHash":"","creationDate":"2024-05-03T21:19:52","src":"https:\/\/quintoandar.com.br\/guias\/wp-content\/uploads\/2024\/05\/894469685-425.714334376916622.webp","id":492870,"alt":"894469685-425.714334376916622","local":false,"provider":"local"},"backgroundColor":{"color":{"r":196,"g":196,"b":196}},"x":48,"y":0,"width":330,"height":220,"mask":{"type":"rectangle"},"isBackground":true,"id":"f9273aaa-a035-4240-b293-46a4a04af897","basedOn":"b09be7fa-aaae-45d8-ba5f-2bfc8a418f36","alt":"Im\u00f3vel para alugar em Belo Horizonte","type":"image"}],"backgroundColor":{"color":{"r":36,"g":88,"b":37}},"animations":[{"id":"1368e791-6269-41ba-aa6c-185b1716341f","type":"effect-background-pan","panDir":"rightToLeft","duration":2000,"delay":0,"targets":["f9273aaa-a035-4240-b293-46a4a04af897"]}],"type":"page","id":"3bafee6f-2cdb-4024-b609-3383db5559e4","defaultBackgroundElement":{"opacity":100,"flip":{"vertical":false,"horizontal":false},"rotationAngle":0,"lockAspectRatio":true,"backgroundColor":{"color":{"r":196,"g":196,"b":196}},"x":1,"y":1,"width":1,"height":1,"mask":{"type":"rectangle"},"isBackground":true,"isDefaultBackground":true,"id":"d69060e3-d326-4e82-bd1b-ba893ef7fced","basedOn":"4a2cdd23-8124-4eb7-a9bf-1413f2f89d03","type":"shape"},"pageAttachment":{"url":"https:\/\/www.quintoandar.com.br\/imovel\/894469685\/alugar?&utm_content=web-stories-3-cidades-para-morar-minas-gerais","icon":"https:\/\/www.quintoandar.com.br\/img\/med\/894469685-425.714334376916622.jpg","needsProxy":false,"ctaText":"Ver im\u00f3vel"}},{"elements":[{"opacity":100,"flip":{"vertical":false,"horizontal":false},"rotationAngle":0,"lockAspectRatio":true,"scale":100,"focalX":81.25,"focalY":49.999652777777776,"resource":{"type":"image","mimeType":"image\/webp","width":1152,"height":768,"sizes":{"medium":{"file":"894434271-138.829442496715820240322sessao202283906-300x200.webp","width":300,"height":200,"filesize":12374,"mimeType":"image\/webp","sourceUrl":"https:\/\/quintoandar.com.br\/guias\/wp-content\/uploads\/2024\/05\/894434271-138.829442496715820240322sessao202283906-300x200.webp"},"large":{"file":"894434271-138.829442496715820240322sessao202283906-1024x683.webp","width":1024,"height":683,"filesize":97804,"mimeType":"image\/webp","sourceUrl":"https:\/\/quintoandar.com.br\/guias\/wp-content\/uploads\/2024\/05\/894434271-138.829442496715820240322sessao202283906-1024x683.webp"},"thumbnail":{"file":"894434271-138.829442496715820240322sessao202283906-150x150.webp","width":150,"height":150,"filesize":5202,"mimeType":"image\/webp","sourceUrl":"https:\/\/quintoandar.com.br\/guias\/wp-content\/uploads\/2024\/05\/894434271-138.829442496715820240322sessao202283906-150x150.webp"},"medium_large":{"file":"894434271-138.829442496715820240322sessao202283906-768x512.webp","width":768,"height":512,"filesize":55844,"mimeType":"image\/webp","sourceUrl":"https:\/\/quintoandar.com.br\/guias\/wp-content\/uploads\/2024\/05\/894434271-138.829442496715820240322sessao202283906-768x512.webp"},"post-thumbnail":{"file":"894434271-138.829442496715820240322sessao202283906-530x337.webp","width":530,"height":337,"filesize":29656,"mimeType":"image\/webp","sourceUrl":"https:\/\/quintoandar.com.br\/guias\/wp-content\/uploads\/2024\/05\/894434271-138.829442496715820240322sessao202283906-530x337.webp"},"chamada-destaque":{"file":"894434271-138.829442496715820240322sessao202283906-800x687.webp","width":800,"height":687,"filesize":70378,"mimeType":"image\/webp","sourceUrl":"https:\/\/quintoandar.com.br\/guias\/wp-content\/uploads\/2024\/05\/894434271-138.829442496715820240322sessao202283906-800x687.webp"},"single-destaque":{"file":"894434271-138.829442496715820240322sessao202283906-850x680.webp","width":850,"height":680,"filesize":77566,"mimeType":"image\/webp","sourceUrl":"https:\/\/quintoandar.com.br\/guias\/wp-content\/uploads\/2024\/05\/894434271-138.829442496715820240322sessao202283906-850x680.webp"},"alm-thumbnail":{"file":"894434271-138.829442496715820240322sessao202283906-150x150.webp","width":150,"height":150,"filesize":5202,"mimeType":"image\/webp","sourceUrl":"https:\/\/quintoandar.com.br\/guias\/wp-content\/uploads\/2024\/05\/894434271-138.829442496715820240322sessao202283906-150x150.webp"},"wpvqgr-square-answer":{"file":"894434271-138.829442496715820240322sessao202283906-300x300.webp","width":300,"height":300,"filesize":14028,"mimeType":"image\/webp","sourceUrl":"https:\/\/quintoandar.com.br\/guias\/wp-content\/uploads\/2024\/05\/894434271-138.829442496715820240322sessao202283906-300x300.webp"},"web-stories-poster-portrait":{"file":"894434271-138.829442496715820240322sessao202283906-640x768.webp","width":640,"height":768,"filesize":69216,"mimeType":"image\/webp","sourceUrl":"https:\/\/quintoandar.com.br\/guias\/wp-content\/uploads\/2024\/05\/894434271-138.829442496715820240322sessao202283906-640x768.webp"},"web-stories-publisher-logo":{"file":"894434271-138.829442496715820240322sessao202283906-96x96.webp","width":96,"height":96,"filesize":2560,"mimeType":"image\/webp","sourceUrl":"https:\/\/quintoandar.com.br\/guias\/wp-content\/uploads\/2024\/05\/894434271-138.829442496715820240322sessao202283906-96x96.webp"},"web-stories-thumbnail":{"file":"894434271-138.829442496715820240322sessao202283906-150x100.webp","width":150,"height":100,"filesize":4350,"mimeType":"image\/webp","sourceUrl":"https:\/\/quintoandar.com.br\/guias\/wp-content\/uploads\/2024\/05\/894434271-138.829442496715820240322sessao202283906-150x100.webp"},"full":{"file":"894434271-138.829442496715820240322sessao202283906.webp","width":1152,"height":768,"mimeType":"image\/webp","sourceUrl":"https:\/\/quintoandar.com.br\/guias\/wp-content\/uploads\/2024\/05\/894434271-138.829442496715820240322sessao202283906.webp"}},"isPlaceholder":false,"isExternal":false,"needsProxy":false,"baseColor":"#cec9cb","blurHash":"","creationDate":"2024-05-03T21:18:59","src":"https:\/\/quintoandar.com.br\/guias\/wp-content\/uploads\/2024\/05\/894434271-138.829442496715820240322sessao202283906.webp","id":492868,"alt":"894434271-138.829442496715820240322sessao202283906","local":false,"provider":"local"},"backgroundColor":{"color":{"r":196,"g":196,"b":196}},"x":48,"y":0,"width":330,"height":220,"mask":{"type":"rectangle"},"isBackground":true,"id":"aa4f252e-c27a-48fd-ab86-4a003a247b1e","basedOn":"b09be7fa-aaae-45d8-ba5f-2bfc8a418f36","alt":"Im\u00f3vel para alugar em Belo Horizonte","type":"image"}],"backgroundColor":{"color":{"r":36,"g":88,"b":37}},"animations":[{"id":"a016f81e-8e25-4944-b188-3b89638f078f","type":"effect-background-pan","panDir":"leftToRight","duration":2000,"delay":0,"targets":["aa4f252e-c27a-48fd-ab86-4a003a247b1e"]}],"type":"page","id":"3442dcd2-83eb-4b5d-a6d2-2d416f84b986","defaultBackgroundElement":{"opacity":100,"flip":{"vertical":false,"horizontal":false},"rotationAngle":0,"lockAspectRatio":true,"backgroundColor":{"color":{"r":196,"g":196,"b":196}},"x":1,"y":1,"width":1,"height":1,"mask":{"type":"rectangle"},"isBackground":true,"isDefaultBackground":true,"id":"d69060e3-d326-4e82-bd1b-ba893ef7fced","basedOn":"4a2cdd23-8124-4eb7-a9bf-1413f2f89d03","type":"shape"},"pageAttachment":{"url":"https:\/\/www.quintoandar.com.br\/imovel\/894434271\/alugar?&utm_content=web-stories-3-cidades-para-morar-minas-gerais","icon":"https:\/\/www.quintoandar.com.br\/img\/med\/894434271-138.829442496715820240322sessao202283906.jpg","needsProxy":true,"ctaText":"Ver im\u00f3vel"}},{"elements":[{"opacity":100,"flip":{"vertical":false,"horizontal":false},"rotationAngle":0,"lockAspectRatio":true,"scale":100,"focalX":57.38636297859634,"focalY":49.92897798245013,"resource":{"type":"image","mimeType":"image\/webp","width":1152,"height":768,"sizes":{"medium":{"file":"893856962-344.365872589466969502032188f0d0cdd7b60821a12d9678-300x200.webp","width":300,"height":200,"filesize":11376,"mimeType":"image\/webp","sourceUrl":"https:\/\/quintoandar.com.br\/guias\/wp-content\/uploads\/2024\/03\/893856962-344.365872589466969502032188f0d0cdd7b60821a12d9678-300x200.webp"},"large":{"file":"893856962-344.365872589466969502032188f0d0cdd7b60821a12d9678-1024x683.webp","width":1024,"height":683,"filesize":77290,"mimeType":"image\/webp","sourceUrl":"https:\/\/quintoandar.com.br\/guias\/wp-content\/uploads\/2024\/03\/893856962-344.365872589466969502032188f0d0cdd7b60821a12d9678-1024x683.webp"},"thumbnail":{"file":"893856962-344.365872589466969502032188f0d0cdd7b60821a12d9678-150x150.webp","width":150,"height":150,"filesize":6120,"mimeType":"image\/webp","sourceUrl":"https:\/\/quintoandar.com.br\/guias\/wp-content\/uploads\/2024\/03\/893856962-344.365872589466969502032188f0d0cdd7b60821a12d9678-150x150.webp"},"medium_large":{"file":"893856962-344.365872589466969502032188f0d0cdd7b60821a12d9678-768x512.webp","width":768,"height":512,"filesize":49304,"mimeType":"image\/webp","sourceUrl":"https:\/\/quintoandar.com.br\/guias\/wp-content\/uploads\/2024\/03\/893856962-344.365872589466969502032188f0d0cdd7b60821a12d9678-768x512.webp"},"post-thumbnail":{"file":"893856962-344.365872589466969502032188f0d0cdd7b60821a12d9678-530x337.webp","width":530,"height":337,"filesize":26838,"mimeType":"image\/webp","sourceUrl":"https:\/\/quintoandar.com.br\/guias\/wp-content\/uploads\/2024\/03\/893856962-344.365872589466969502032188f0d0cdd7b60821a12d9678-530x337.webp"},"chamada-destaque":{"file":"893856962-344.365872589466969502032188f0d0cdd7b60821a12d9678-800x687.webp","width":800,"height":687,"filesize":74450,"mimeType":"image\/webp","sourceUrl":"https:\/\/quintoandar.com.br\/guias\/wp-content\/uploads\/2024\/03\/893856962-344.365872589466969502032188f0d0cdd7b60821a12d9678-800x687.webp"},"single-destaque":{"file":"893856962-344.365872589466969502032188f0d0cdd7b60821a12d9678-850x680.webp","width":850,"height":680,"filesize":74964,"mimeType":"image\/webp","sourceUrl":"https:\/\/quintoandar.com.br\/guias\/wp-content\/uploads\/2024\/03\/893856962-344.365872589466969502032188f0d0cdd7b60821a12d9678-850x680.webp"},"alm-thumbnail":{"file":"893856962-344.365872589466969502032188f0d0cdd7b60821a12d9678-150x150.webp","width":150,"height":150,"filesize":6120,"mimeType":"image\/webp","sourceUrl":"https:\/\/quintoandar.com.br\/guias\/wp-content\/uploads\/2024\/03\/893856962-344.365872589466969502032188f0d0cdd7b60821a12d9678-150x150.webp"},"wpvqgr-square-answer":{"file":"893856962-344.365872589466969502032188f0d0cdd7b60821a12d9678-300x300.webp","width":300,"height":300,"filesize":18412,"mimeType":"image\/webp","sourceUrl":"https:\/\/quintoandar.com.br\/guias\/wp-content\/uploads\/2024\/03\/893856962-344.365872589466969502032188f0d0cdd7b60821a12d9678-300x300.webp"},"web-stories-poster-portrait":{"file":"893856962-344.365872589466969502032188f0d0cdd7b60821a12d9678-640x768.webp","width":640,"height":768,"filesize":79502,"mimeType":"image\/webp","sourceUrl":"https:\/\/quintoandar.com.br\/guias\/wp-content\/uploads\/2024\/03\/893856962-344.365872589466969502032188f0d0cdd7b60821a12d9678-640x768.webp"},"web-stories-publisher-logo":{"file":"893856962-344.365872589466969502032188f0d0cdd7b60821a12d9678-96x96.webp","width":96,"height":96,"filesize":2888,"mimeType":"image\/webp","sourceUrl":"https:\/\/quintoandar.com.br\/guias\/wp-content\/uploads\/2024\/03\/893856962-344.365872589466969502032188f0d0cdd7b60821a12d9678-96x96.webp"},"web-stories-thumbnail":{"file":"893856962-344.365872589466969502032188f0d0cdd7b60821a12d9678-150x100.webp","width":150,"height":100,"filesize":3958,"mimeType":"image\/webp","sourceUrl":"https:\/\/quintoandar.com.br\/guias\/wp-content\/uploads\/2024\/03\/893856962-344.365872589466969502032188f0d0cdd7b60821a12d9678-150x100.webp"},"full":{"file":"893856962-344.365872589466969502032188f0d0cdd7b60821a12d9678.webp","width":1152,"height":768,"mimeType":"image\/webp","sourceUrl":"https:\/\/quintoandar.com.br\/guias\/wp-content\/uploads\/2024\/03\/893856962-344.365872589466969502032188f0d0cdd7b60821a12d9678.webp"}},"isPlaceholder":false,"isExternal":false,"needsProxy":false,"baseColor":"#c2bfbb","blurHash":"","creationDate":"2024-03-13T21:02:30","src":"https:\/\/quintoandar.com.br\/guias\/wp-content\/uploads\/2024\/03\/893856962-344.365872589466969502032188f0d0cdd7b60821a12d9678.webp","id":490808,"alt":"893856962-344.365872589466969502032188f0d0cdd7b60821a12d9678","local":false,"provider":"local"},"backgroundColor":{"color":{"r":196,"g":196,"b":196}},"x":114,"y":152,"width":250,"height":166,"mask":{"type":"rectangle"},"isBackground":true,"id":"1ce5ddea-3085-4be7-88b5-5dbd850b7b14","basedOn":"b09be7fa-aaae-45d8-ba5f-2bfc8a418f36","alt":"Im\u00f3vel para alugar em Belo Horizonte","type":"image"}],"backgroundColor":{"color":{"r":36,"g":88,"b":37}},"animations":[{"id":"c11e20ea-d520-42a8-8897-8a133d8af6fd","type":"effect-background-pan","panDir":"rightToLeft","duration":2000,"delay":0,"targets":["1ce5ddea-3085-4be7-88b5-5dbd850b7b14"]}],"type":"page","id":"58b310e6-bcab-407d-ab76-aff799771d81","defaultBackgroundElement":{"opacity":100,"flip":{"vertical":false,"horizontal":false},"rotationAngle":0,"lockAspectRatio":true,"backgroundColor":{"color":{"r":196,"g":196,"b":196}},"x":1,"y":1,"width":1,"height":1,"mask":{"type":"rectangle"},"isBackground":true,"isDefaultBackground":true,"id":"d69060e3-d326-4e82-bd1b-ba893ef7fced","basedOn":"4a2cdd23-8124-4eb7-a9bf-1413f2f89d03","type":"shape"},"pageAttachment":{"url":"https:\/\/www.quintoandar.com.br\/imovel\/893856962\/alugar?&utm_content=web-stories-3-cidades-para-morar-minas-gerais","icon":"https:\/\/www.quintoandar.com.br\/img\/med\/893856962-168.5863785120204293ff75112f0b8a60355acf850a895421.jpg","needsProxy":false,"ctaText":"Ver im\u00f3vel"}},{"elements":[{"opacity":100,"flip":{"vertical":false,"horizontal":false},"rotationAngle":0,"lockAspectRatio":true,"x":1,"y":1,"width":1,"height":1,"mask":{"type":"rectangle"},"isBackground":true,"isDefaultBackground":true,"id":"4a2cdd23-8124-4eb7-a9bf-1413f2f89d03","type":"shape","basedOn":"bd29bb19-ad36-4c65-a4c8-172801081670"},{"opacity":100,"flip":{"vertical":false,"horizontal":false},"rotationAngle":0,"lockAspectRatio":true,"backgroundColor":{"color":{"r":196,"g":196,"b":196}},"type":"image","resource":{"type":"image","mimeType":"image\/jpeg","width":1000,"height":667,"sizes":{"medium":{"file":"Praca-da-Liberdade-em-Belo-Horizonte-Foto-Shutterstock-300x200.jpg","width":300,"height":200,"filesize":"37736","mimeType":"image\/jpeg","sourceUrl":"https:\/\/quintoandar.com.br\/guias\/wp-content\/uploads\/2023\/04\/Praca-da-Liberdade-em-Belo-Horizonte-Foto-Shutterstock-300x200.jpg"},"thumbnail":{"file":"Praca-da-Liberdade-em-Belo-Horizonte-Foto-Shutterstock-150x150.jpg","width":150,"height":150,"filesize":"14720","mimeType":"image\/jpeg","sourceUrl":"https:\/\/quintoandar.com.br\/guias\/wp-content\/uploads\/2023\/04\/Praca-da-Liberdade-em-Belo-Horizonte-Foto-Shutterstock-150x150.jpg"},"medium_large":{"file":"Praca-da-Liberdade-em-Belo-Horizonte-Foto-Shutterstock-768x512.jpg","width":768,"height":512,"filesize":"213135","mimeType":"image\/jpeg","sourceUrl":"https:\/\/quintoandar.com.br\/guias\/wp-content\/uploads\/2023\/04\/Praca-da-Liberdade-em-Belo-Horizonte-Foto-Shutterstock-768x512.jpg"},"post-thumbnail":{"file":"Praca-da-Liberdade-em-Belo-Horizonte-Foto-Shutterstock-530x337.jpg","width":530,"height":337,"filesize":"107089","mimeType":"image\/jpeg","sourceUrl":"https:\/\/quintoandar.com.br\/guias\/wp-content\/uploads\/2023\/04\/Praca-da-Liberdade-em-Belo-Horizonte-Foto-Shutterstock-530x337.jpg"},"chamada-destaque":{"file":"Praca-da-Liberdade-em-Belo-Horizonte-Foto-Shutterstock-800x667.jpg","width":800,"height":667,"filesize":"283778","mimeType":"image\/jpeg","sourceUrl":"https:\/\/quintoandar.com.br\/guias\/wp-content\/uploads\/2023\/04\/Praca-da-Liberdade-em-Belo-Horizonte-Foto-Shutterstock-800x667.jpg"},"single-destaque":{"file":"Praca-da-Liberdade-em-Belo-Horizonte-Foto-Shutterstock-850x667.jpg","width":850,"height":667,"filesize":"302826","mimeType":"image\/jpeg","sourceUrl":"https:\/\/quintoandar.com.br\/guias\/wp-content\/uploads\/2023\/04\/Praca-da-Liberdade-em-Belo-Horizonte-Foto-Shutterstock-850x667.jpg"},"alm-thumbnail":{"file":"Praca-da-Liberdade-em-Belo-Horizonte-Foto-Shutterstock-150x150.jpg","width":150,"height":150,"filesize":"14720","mimeType":"image\/jpeg","sourceUrl":"https:\/\/quintoandar.com.br\/guias\/wp-content\/uploads\/2023\/04\/Praca-da-Liberdade-em-Belo-Horizonte-Foto-Shutterstock-150x150.jpg"},"wpvqgr-square-answer":{"file":"Praca-da-Liberdade-em-Belo-Horizonte-Foto-Shutterstock-300x300.jpg","width":300,"height":300,"filesize":"53781","mimeType":"image\/jpeg","sourceUrl":"https:\/\/quintoandar.com.br\/guias\/wp-content\/uploads\/2023\/04\/Praca-da-Liberdade-em-Belo-Horizonte-Foto-Shutterstock-300x300.jpg"},"web-stories-poster-portrait":{"file":"Praca-da-Liberdade-em-Belo-Horizonte-Foto-Shutterstock-640x667.jpg","width":640,"height":667,"filesize":"224967","mimeType":"image\/jpeg","sourceUrl":"https:\/\/quintoandar.com.br\/guias\/wp-content\/uploads\/2023\/04\/Praca-da-Liberdade-em-Belo-Horizonte-Foto-Shutterstock-640x667.jpg"},"web-stories-publisher-logo":{"file":"Praca-da-Liberdade-em-Belo-Horizonte-Foto-Shutterstock-96x96.jpg","width":96,"height":96,"filesize":"6356","mimeType":"image\/jpeg","sourceUrl":"https:\/\/quintoandar.com.br\/guias\/wp-content\/uploads\/2023\/04\/Praca-da-Liberdade-em-Belo-Horizonte-Foto-Shutterstock-96x96.jpg"},"web-stories-thumbnail":{"file":"Praca-da-Liberdade-em-Belo-Horizonte-Foto-Shutterstock-150x100.jpg","width":150,"height":100,"filesize":"10524","mimeType":"image\/jpeg","sourceUrl":"https:\/\/quintoandar.com.br\/guias\/wp-content\/uploads\/2023\/04\/Praca-da-Liberdade-em-Belo-Horizonte-Foto-Shutterstock-150x100.jpg"},"full":{"file":"Praca-da-Liberdade-em-Belo-Horizonte-Foto-Shutterstock.jpg","width":1000,"height":667,"mimeType":"image\/jpeg","sourceUrl":"https:\/\/quintoandar.com.br\/guias\/wp-content\/uploads\/2023\/04\/Praca-da-Liberdade-em-Belo-Horizonte-Foto-Shutterstock.jpg"}},"isPlaceholder":false,"isExternal":false,"needsProxy":false,"baseColor":"#857b53","blurHash":"","creationDate":"2023-04-12T12:07:30","src":"https:\/\/quintoandar.com.br\/guias\/wp-content\/uploads\/2023\/04\/Praca-da-Liberdade-em-Belo-Horizonte-Foto-Shutterstock.jpg","id":471618,"alt":"Foto que ilustra mat\u00e9ria sobre a Pra\u00e7a da Liberdade em Belo Horizonte mostra um trecho da pra\u00e7a onde h\u00e1 uma fonte de \u00e1gua com chafarizes, um coreto e o Edif\u00edcio JK ao fundo.","local":false},"x":46,"y":0,"width":318,"height":309,"scale":100,"focalX":50,"focalY":50,"mask":{"type":"rectangle"},"basedOn":"011c51d8-14a3-446a-a338-7334ed507df0","id":"1a8c844b-c5d6-4172-b775-b9a6c464360f","alt":"Imagem de parque em Belo Horizonte"},{"opacity":100,"flip":{"vertical":false,"horizontal":false},"rotationAngle":0,"lockAspectRatio":false,"backgroundTextMode":"NONE","font":{"family":"Poppins"},"fontSize":26,"backgroundColor":{"color":{"r":196,"g":196,"b":196}},"lineHeight":1.2,"textAlign":"initial","padding":{"locked":true,"hasHiddenPadding":false,"horizontal":0,"vertical":0},"type":"text","content":"<span style=\"font-weight: 600; color: #f8f9f5\">Belo Horizonte<\/span>","borderRadius":{"locked":true,"topLeft":2,"topRight":2,"bottomRight":2,"bottomLeft":2},"x":47,"y":331,"width":274,"height":37,"marginOffset":0.4781249999999986,"basedOn":"49aceaae-28cd-46ab-858a-afa33df25564","id":"1acbd92b-3890-4375-868f-4c29796e5bd3"},{"opacity":100,"flip":{"vertical":false,"horizontal":false},"rotationAngle":0,"lockAspectRatio":false,"backgroundTextMode":"NONE","font":{"family":"Poppins"},"fontSize":18,"backgroundColor":{"color":{"r":196,"g":196,"b":196}},"lineHeight":1.2,"textAlign":"initial","padding":{"locked":true,"hasHiddenPadding":false,"horizontal":0,"vertical":0},"type":"text","content":"<span style=\"color: #fff\">BH oferece uma infraestrutura repleta de equipamentos culturais, hospitais e cl\u00ednicas de refer\u00eancia, boa mobilidade e in\u00fameros servi\u00e7os de com\u00e9rcio em geral para seus moradores. E tudo isso sem abrir m\u00e3o dos ares de interior.<\/span>","borderRadius":{"locked":true,"topLeft":2,"topRight":2,"bottomRight":2,"bottomLeft":2},"x":48,"y":388,"width":317,"height":155,"marginOffset":0.4781249999999986,"basedOn":"1acbd92b-3890-4375-868f-4c29796e5bd3","id":"f58aac86-0d0f-4625-ba3f-ec49557c4ac1"}],"animations":[{"id":"f2a86c4c-a363-4c55-be25-c93dbe77caa1","type":"effect-drop","duration":1600,"delay":0,"targets":["1a8c844b-c5d6-4172-b775-b9a6c464360f"]}],"backgroundColor":{"color":{"r":36,"g":88,"b":37}},"type":"page","id":"9445d78c-1905-45f5-be8e-79c8298ed3ec","defaultBackgroundElement":{"opacity":100,"flip":{"vertical":false,"horizontal":false},"rotationAngle":0,"lockAspectRatio":true,"backgroundColor":{"color":{"r":196,"g":196,"b":196}},"x":1,"y":1,"width":1,"height":1,"mask":{"type":"rectangle"},"isBackground":true,"isDefaultBackground":true,"type":"shape","id":"d30996f6-74d0-4192-81c0-4c75833133d2"}},{"elements":[{"opacity":100,"flip":{"vertical":false,"horizontal":false},"rotationAngle":0,"lockAspectRatio":true,"scale":100,"focalX":81.25,"focalY":49.999652777777776,"resource":{"type":"image","mimeType":"image\/webp","width":1152,"height":768,"sizes":{"medium":{"file":"893687434-839.654496650352120220614153219-300x200.webp","width":300,"height":200,"filesize":9272,"mimeType":"image\/webp","sourceUrl":"https:\/\/quintoandar.com.br\/guias\/wp-content\/uploads\/2024\/05\/893687434-839.654496650352120220614153219-300x200.webp"},"large":{"file":"893687434-839.654496650352120220614153219-1024x683.webp","width":1024,"height":683,"filesize":55344,"mimeType":"image\/webp","sourceUrl":"https:\/\/quintoandar.com.br\/guias\/wp-content\/uploads\/2024\/05\/893687434-839.654496650352120220614153219-1024x683.webp"},"thumbnail":{"file":"893687434-839.654496650352120220614153219-150x150.webp","width":150,"height":150,"filesize":5092,"mimeType":"image\/webp","sourceUrl":"https:\/\/quintoandar.com.br\/guias\/wp-content\/uploads\/2024\/05\/893687434-839.654496650352120220614153219-150x150.webp"},"medium_large":{"file":"893687434-839.654496650352120220614153219-768x512.webp","width":768,"height":512,"filesize":35130,"mimeType":"image\/webp","sourceUrl":"https:\/\/quintoandar.com.br\/guias\/wp-content\/uploads\/2024\/05\/893687434-839.654496650352120220614153219-768x512.webp"},"post-thumbnail":{"file":"893687434-839.654496650352120220614153219-530x337.webp","width":530,"height":337,"filesize":20030,"mimeType":"image\/webp","sourceUrl":"https:\/\/quintoandar.com.br\/guias\/wp-content\/uploads\/2024\/05\/893687434-839.654496650352120220614153219-530x337.webp"},"chamada-destaque":{"file":"893687434-839.654496650352120220614153219-800x687.webp","width":800,"height":687,"filesize":48086,"mimeType":"image\/webp","sourceUrl":"https:\/\/quintoandar.com.br\/guias\/wp-content\/uploads\/2024\/05\/893687434-839.654496650352120220614153219-800x687.webp"},"single-destaque":{"file":"893687434-839.654496650352120220614153219-850x680.webp","width":850,"height":680,"filesize":49222,"mimeType":"image\/webp","sourceUrl":"https:\/\/quintoandar.com.br\/guias\/wp-content\/uploads\/2024\/05\/893687434-839.654496650352120220614153219-850x680.webp"},"alm-thumbnail":{"file":"893687434-839.654496650352120220614153219-150x150.webp","width":150,"height":150,"filesize":5092,"mimeType":"image\/webp","sourceUrl":"https:\/\/quintoandar.com.br\/guias\/wp-content\/uploads\/2024\/05\/893687434-839.654496650352120220614153219-150x150.webp"},"wpvqgr-square-answer":{"file":"893687434-839.654496650352120220614153219-300x300.webp","width":300,"height":300,"filesize":12952,"mimeType":"image\/webp","sourceUrl":"https:\/\/quintoandar.com.br\/guias\/wp-content\/uploads\/2024\/05\/893687434-839.654496650352120220614153219-300x300.webp"},"web-stories-poster-portrait":{"file":"893687434-839.654496650352120220614153219-640x768.webp","width":640,"height":768,"filesize":49026,"mimeType":"image\/webp","sourceUrl":"https:\/\/quintoandar.com.br\/guias\/wp-content\/uploads\/2024\/05\/893687434-839.654496650352120220614153219-640x768.webp"},"web-stories-publisher-logo":{"file":"893687434-839.654496650352120220614153219-96x96.webp","width":96,"height":96,"filesize":2608,"mimeType":"image\/webp","sourceUrl":"https:\/\/quintoandar.com.br\/guias\/wp-content\/uploads\/2024\/05\/893687434-839.654496650352120220614153219-96x96.webp"},"web-stories-thumbnail":{"file":"893687434-839.654496650352120220614153219-150x100.webp","width":150,"height":100,"filesize":3624,"mimeType":"image\/webp","sourceUrl":"https:\/\/quintoandar.com.br\/guias\/wp-content\/uploads\/2024\/05\/893687434-839.654496650352120220614153219-150x100.webp"},"full":{"file":"893687434-839.654496650352120220614153219.webp","width":1152,"height":768,"mimeType":"image\/webp","sourceUrl":"https:\/\/quintoandar.com.br\/guias\/wp-content\/uploads\/2024\/05\/893687434-839.654496650352120220614153219.webp"}},"isPlaceholder":false,"isExternal":false,"needsProxy":false,"baseColor":"#adb6b5","blurHash":"","creationDate":"2024-05-03T21:15:31","src":"https:\/\/quintoandar.com.br\/guias\/wp-content\/uploads\/2024\/05\/893687434-839.654496650352120220614153219.webp","id":492862,"alt":"893687434-839.654496650352120220614153219","local":false,"provider":"local"},"backgroundColor":{"color":{"r":196,"g":196,"b":196}},"x":48,"y":0,"width":330,"height":220,"mask":{"type":"rectangle"},"isBackground":true,"id":"7ecba77e-6af1-41ec-a19d-c57b28a4da05","basedOn":"b09be7fa-aaae-45d8-ba5f-2bfc8a418f36","alt":"Im\u00f3vel para alugar em Belo Horizonte","type":"image"}],"backgroundColor":{"color":{"r":36,"g":88,"b":37}},"animations":[{"id":"ca93e7ea-e8c6-423b-822e-c5cbeee106d3","type":"effect-background-pan","panDir":"rightToLeft","duration":2000,"delay":0,"targets":["7ecba77e-6af1-41ec-a19d-c57b28a4da05"]}],"type":"page","id":"1335f181-b774-4afb-b167-0819e52673f0","defaultBackgroundElement":{"opacity":100,"flip":{"vertical":false,"horizontal":false},"rotationAngle":0,"lockAspectRatio":true,"backgroundColor":{"color":{"r":196,"g":196,"b":196}},"x":1,"y":1,"width":1,"height":1,"mask":{"type":"rectangle"},"isBackground":true,"isDefaultBackground":true,"id":"d69060e3-d326-4e82-bd1b-ba893ef7fced","basedOn":"4a2cdd23-8124-4eb7-a9bf-1413f2f89d03","type":"shape"},"pageAttachment":{"url":"https:\/\/www.quintoandar.com.br\/imovel\/893687434\/alugar?&utm_content=web-stories-3-cidades-para-morar-minas-gerais","icon":"https:\/\/www.quintoandar.com.br\/img\/med\/893687434-839.654496650352120220614153219.jpg","needsProxy":false,"ctaText":"Ver im\u00f3vel"}},{"elements":[{"opacity":100,"flip":{"vertical":false,"horizontal":false},"rotationAngle":0,"lockAspectRatio":true,"scale":100,"focalX":18.749189814814816,"focalY":49.999652777777776,"resource":{"type":"image","mimeType":"image\/webp","width":1152,"height":768,"sizes":{"medium":{"file":"893870938-212.78964372726472IMG9523-300x200.webp","width":300,"height":200,"filesize":10356,"mimeType":"image\/webp","sourceUrl":"https:\/\/quintoandar.com.br\/guias\/wp-content\/uploads\/2024\/05\/893870938-212.78964372726472IMG9523-300x200.webp"},"large":{"file":"893870938-212.78964372726472IMG9523-1024x683.webp","width":1024,"height":683,"filesize":67462,"mimeType":"image\/webp","sourceUrl":"https:\/\/quintoandar.com.br\/guias\/wp-content\/uploads\/2024\/05\/893870938-212.78964372726472IMG9523-1024x683.webp"},"thumbnail":{"file":"893870938-212.78964372726472IMG9523-150x150.webp","width":150,"height":150,"filesize":4404,"mimeType":"image\/webp","sourceUrl":"https:\/\/quintoandar.com.br\/guias\/wp-content\/uploads\/2024\/05\/893870938-212.78964372726472IMG9523-150x150.webp"},"medium_large":{"file":"893870938-212.78964372726472IMG9523-768x512.webp","width":768,"height":512,"filesize":44704,"mimeType":"image\/webp","sourceUrl":"https:\/\/quintoandar.com.br\/guias\/wp-content\/uploads\/2024\/05\/893870938-212.78964372726472IMG9523-768x512.webp"},"post-thumbnail":{"file":"893870938-212.78964372726472IMG9523-530x337.webp","width":530,"height":337,"filesize":24496,"mimeType":"image\/webp","sourceUrl":"https:\/\/quintoandar.com.br\/guias\/wp-content\/uploads\/2024\/05\/893870938-212.78964372726472IMG9523-530x337.webp"},"chamada-destaque":{"file":"893870938-212.78964372726472IMG9523-800x687.webp","width":800,"height":687,"filesize":49510,"mimeType":"image\/webp","sourceUrl":"https:\/\/quintoandar.com.br\/guias\/wp-content\/uploads\/2024\/05\/893870938-212.78964372726472IMG9523-800x687.webp"},"single-destaque":{"file":"893870938-212.78964372726472IMG9523-850x680.webp","width":850,"height":680,"filesize":53342,"mimeType":"image\/webp","sourceUrl":"https:\/\/quintoandar.com.br\/guias\/wp-content\/uploads\/2024\/05\/893870938-212.78964372726472IMG9523-850x680.webp"},"alm-thumbnail":{"file":"893870938-212.78964372726472IMG9523-150x150.webp","width":150,"height":150,"filesize":4404,"mimeType":"image\/webp","sourceUrl":"https:\/\/quintoandar.com.br\/guias\/wp-content\/uploads\/2024\/05\/893870938-212.78964372726472IMG9523-150x150.webp"},"wpvqgr-square-answer":{"file":"893870938-212.78964372726472IMG9523-300x300.webp","width":300,"height":300,"filesize":12260,"mimeType":"image\/webp","sourceUrl":"https:\/\/quintoandar.com.br\/guias\/wp-content\/uploads\/2024\/05\/893870938-212.78964372726472IMG9523-300x300.webp"},"web-stories-poster-portrait":{"file":"893870938-212.78964372726472IMG9523-640x768.webp","width":640,"height":768,"filesize":40134,"mimeType":"image\/webp","sourceUrl":"https:\/\/quintoandar.com.br\/guias\/wp-content\/uploads\/2024\/05\/893870938-212.78964372726472IMG9523-640x768.webp"},"web-stories-publisher-logo":{"file":"893870938-212.78964372726472IMG9523-96x96.webp","width":96,"height":96,"filesize":2158,"mimeType":"image\/webp","sourceUrl":"https:\/\/quintoandar.com.br\/guias\/wp-content\/uploads\/2024\/05\/893870938-212.78964372726472IMG9523-96x96.webp"},"web-stories-thumbnail":{"file":"893870938-212.78964372726472IMG9523-150x100.webp","width":150,"height":100,"filesize":3616,"mimeType":"image\/webp","sourceUrl":"https:\/\/quintoandar.com.br\/guias\/wp-content\/uploads\/2024\/05\/893870938-212.78964372726472IMG9523-150x100.webp"},"full":{"file":"893870938-212.78964372726472IMG9523.webp","width":1152,"height":768,"mimeType":"image\/webp","sourceUrl":"https:\/\/quintoandar.com.br\/guias\/wp-content\/uploads\/2024\/05\/893870938-212.78964372726472IMG9523.webp"}},"isPlaceholder":false,"isExternal":false,"needsProxy":false,"baseColor":"#837062","blurHash":"","creationDate":"2024-05-03T21:17:06","src":"https:\/\/quintoandar.com.br\/guias\/wp-content\/uploads\/2024\/05\/893870938-212.78964372726472IMG9523.webp","id":492865,"alt":"893870938-212.78964372726472IMG9523","local":false,"provider":"local"},"backgroundColor":{"color":{"r":196,"g":196,"b":196}},"x":48,"y":0,"width":330,"height":220,"mask":{"type":"rectangle"},"isBackground":true,"id":"fc4fc750-3d14-4130-aadf-95b64b33baf6","basedOn":"b09be7fa-aaae-45d8-ba5f-2bfc8a418f36","alt":"Im\u00f3vel para alugar em Belo Horizonte","type":"image"}],"backgroundColor":{"color":{"r":36,"g":88,"b":37}},"animations":[{"id":"8767cf77-8354-479c-a8a3-c86e866aa39c","type":"effect-background-pan","panDir":"leftToRight","duration":2000,"delay":0,"targets":["fc4fc750-3d14-4130-aadf-95b64b33baf6"]}],"type":"page","id":"2669a3bb-ebb4-478c-8778-83feb50ac400","defaultBackgroundElement":{"opacity":100,"flip":{"vertical":false,"horizontal":false},"rotationAngle":0,"lockAspectRatio":true,"backgroundColor":{"color":{"r":196,"g":196,"b":196}},"x":1,"y":1,"width":1,"height":1,"mask":{"type":"rectangle"},"isBackground":true,"isDefaultBackground":true,"id":"d69060e3-d326-4e82-bd1b-ba893ef7fced","basedOn":"4a2cdd23-8124-4eb7-a9bf-1413f2f89d03","type":"shape"},"pageAttachment":{"url":"https:\/\/www.quintoandar.com.br\/imovel\/893870938\/alugar?&utm_content=web-stories-3-cidades-para-morar-minas-gerais","icon":"https:\/\/www.quintoandar.com.br\/img\/med\/893870938-212.78964372726472IMG9523.JPG","needsProxy":true,"ctaText":"Ver im\u00f3vel"}},{"elements":[{"opacity":100,"flip":{"vertical":false,"horizontal":false},"rotationAngle":0,"lockAspectRatio":true,"backgroundColor":{"color":{"r":196,"g":196,"b":196}},"x":1,"y":1,"width":1,"height":1,"mask":{"type":"rectangle"},"isBackground":true,"isDefaultBackground":true,"id":"a473f186-8812-484d-89e8-c632bf474504","basedOn":"15e156ea-f32f-4e78-8186-42cb76b46c9e","type":"shape"},{"opacity":100,"flip":{"vertical":false,"horizontal":false},"rotationAngle":0,"lockAspectRatio":true,"scale":100,"focalX":50,"focalY":50,"resource":{"type":"image","mimeType":"image\/jpeg","width":1024,"height":767,"sizes":{"post-thumbnail":{"file":"Bairros-de-Uberlandia-530x337.jpg","width":530,"height":337,"filesize":"56045","mimeType":"image\/jpeg","sourceUrl":"https:\/\/quintoandar.com.br\/guias\/wp-content\/uploads\/2022\/09\/Bairros-de-Uberlandia-530x337.jpg"},"single-destaque":{"file":"Bairros-de-Uberlandia-850x680.jpg","width":850,"height":680,"filesize":"154807","mimeType":"image\/jpeg","sourceUrl":"https:\/\/quintoandar.com.br\/guias\/wp-content\/uploads\/2022\/09\/Bairros-de-Uberlandia-850x680.jpg"},"full":{"file":"Bairros-de-Uberlandia.jpg","width":1024,"height":767,"mimeType":"image\/jpeg","sourceUrl":"https:\/\/quintoandar.com.br\/guias\/wp-content\/uploads\/2022\/09\/Bairros-de-Uberlandia.jpg"}},"isPlaceholder":false,"isExternal":false,"needsProxy":false,"baseColor":"#395f89","blurHash":"","creationDate":"2022-09-29T01:57:39","src":"https:\/\/quintoandar.com.br\/guias\/wp-content\/uploads\/2022\/09\/Bairros-de-Uberlandia.jpg","id":454201,"alt":"Foto que ilustra mat\u00e9ria sobre bairros de Uberl\u00e2ndia mostra uma vis\u00e3o do alto da cidade em um dia ensolarado de c\u00e9u azul e poucas nuvens, com pr\u00e9dios muito altos no centro da imagem, algumas casas no canto inferior esquerdo e uma regi\u00e3o arborizada no canto inferior direito.","local":false,"provider":"local"},"backgroundColor":{"color":{"r":196,"g":196,"b":196}},"x":46,"y":0,"width":318,"height":309,"mask":{"type":"rectangle"},"basedOn":"dbaf9fe9-478f-4e54-bee7-e3990a8d13c3","id":"6cee4df7-d599-47be-9e14-c8e6883175c1","alt":"Imagem da cidade de Uberl\u00e2ndia","type":"image"},{"opacity":100,"flip":{"vertical":false,"horizontal":false},"rotationAngle":0,"lockAspectRatio":false,"backgroundTextMode":"NONE","font":{"family":"Poppins"},"fontSize":26,"backgroundColor":{"color":{"r":196,"g":196,"b":196}},"lineHeight":1.2,"textAlign":"initial","padding":{"locked":true,"hasHiddenPadding":false,"horizontal":0,"vertical":0},"content":"<span style=\"font-weight: 700; color: #f8f9f5\">Uberl\u00e2ndia<\/span>","borderRadius":{"locked":true,"topLeft":2,"topRight":2,"bottomRight":2,"bottomLeft":2},"x":47,"y":331,"width":274,"height":37,"marginOffset":0.4781249999999986,"basedOn":"62399cbb-508a-4a3c-8372-d79c85dc1202","id":"071f8b8f-5a98-41e4-9756-a9abfd4c7ce2","type":"text"},{"opacity":100,"flip":{"vertical":false,"horizontal":false},"rotationAngle":0,"lockAspectRatio":false,"backgroundTextMode":"NONE","font":{"family":"Poppins"},"fontSize":18,"backgroundColor":{"color":{"r":196,"g":196,"b":196}},"lineHeight":1.2,"textAlign":"initial","padding":{"locked":true,"hasHiddenPadding":false,"horizontal":0,"vertical":0},"content":"<span style=\"color: #fff\">Os mais de 700 mil moradores de Uberl\u00e2ndia contam com uma ampla infraestrutura que garante todos os tipos de servi\u00e7os, com\u00e9rcios, educa\u00e7\u00e3o, sa\u00fade, al\u00e9m de muitas op\u00e7\u00f5es para lazer.<\/span>","borderRadius":{"locked":true,"topLeft":2,"topRight":2,"bottomRight":2,"bottomLeft":2},"x":48,"y":396,"width":320,"height":133,"marginOffset":0.4781249999999986,"basedOn":"8e8f387f-476e-466f-aadb-4daf4258d8a2","id":"68e95a4a-5fe8-4db2-8644-eff7af486ceb","type":"text"}],"backgroundColor":{"color":{"r":36,"g":88,"b":37}},"animations":[{"id":"11bf695a-a58e-4b89-81c5-493c116c0f10","type":"effect-drop","duration":1600,"delay":0,"targets":["6cee4df7-d599-47be-9e14-c8e6883175c1"]}],"type":"page","id":"f3235171-ef09-4d4c-a9fd-9aa0170228b2","defaultBackgroundElement":{"opacity":100,"flip":{"vertical":false,"horizontal":false},"rotationAngle":0,"lockAspectRatio":true,"backgroundColor":{"color":{"r":196,"g":196,"b":196}},"x":1,"y":1,"width":1,"height":1,"mask":{"type":"rectangle"},"isBackground":true,"isDefaultBackground":true,"type":"shape","id":"d30996f6-74d0-4192-81c0-4c75833133d2"}},{"elements":[{"opacity":100,"flip":{"vertical":false,"horizontal":false},"rotationAngle":0,"lockAspectRatio":true,"scale":100,"focalX":81.25,"focalY":49.999652777777776,"resource":{"type":"image","mimeType":"image\/webp","width":1152,"height":768,"sizes":{"medium":{"file":"894459062-382.70735866355096IMG7794-300x200.webp","width":300,"height":200,"filesize":6648,"mimeType":"image\/webp","sourceUrl":"https:\/\/quintoandar.com.br\/guias\/wp-content\/uploads\/2024\/05\/894459062-382.70735866355096IMG7794-300x200.webp"},"large":{"file":"894459062-382.70735866355096IMG7794-1024x683.webp","width":1024,"height":683,"filesize":34980,"mimeType":"image\/webp","sourceUrl":"https:\/\/quintoandar.com.br\/guias\/wp-content\/uploads\/2024\/05\/894459062-382.70735866355096IMG7794-1024x683.webp"},"thumbnail":{"file":"894459062-382.70735866355096IMG7794-150x150.webp","width":150,"height":150,"filesize":3474,"mimeType":"image\/webp","sourceUrl":"https:\/\/quintoandar.com.br\/guias\/wp-content\/uploads\/2024\/05\/894459062-382.70735866355096IMG7794-150x150.webp"},"medium_large":{"file":"894459062-382.70735866355096IMG7794-768x512.webp","width":768,"height":512,"filesize":23916,"mimeType":"image\/webp","sourceUrl":"https:\/\/quintoandar.com.br\/guias\/wp-content\/uploads\/2024\/05\/894459062-382.70735866355096IMG7794-768x512.webp"},"post-thumbnail":{"file":"894459062-382.70735866355096IMG7794-530x337.webp","width":530,"height":337,"filesize":14382,"mimeType":"image\/webp","sourceUrl":"https:\/\/quintoandar.com.br\/guias\/wp-content\/uploads\/2024\/05\/894459062-382.70735866355096IMG7794-530x337.webp"},"chamada-destaque":{"file":"894459062-382.70735866355096IMG7794-800x687.webp","width":800,"height":687,"filesize":30010,"mimeType":"image\/webp","sourceUrl":"https:\/\/quintoandar.com.br\/guias\/wp-content\/uploads\/2024\/05\/894459062-382.70735866355096IMG7794-800x687.webp"},"single-destaque":{"file":"894459062-382.70735866355096IMG7794-850x680.webp","width":850,"height":680,"filesize":32134,"mimeType":"image\/webp","sourceUrl":"https:\/\/quintoandar.com.br\/guias\/wp-content\/uploads\/2024\/05\/894459062-382.70735866355096IMG7794-850x680.webp"},"alm-thumbnail":{"file":"894459062-382.70735866355096IMG7794-150x150.webp","width":150,"height":150,"filesize":3474,"mimeType":"image\/webp","sourceUrl":"https:\/\/quintoandar.com.br\/guias\/wp-content\/uploads\/2024\/05\/894459062-382.70735866355096IMG7794-150x150.webp"},"wpvqgr-square-answer":{"file":"894459062-382.70735866355096IMG7794-300x300.webp","width":300,"height":300,"filesize":8260,"mimeType":"image\/webp","sourceUrl":"https:\/\/quintoandar.com.br\/guias\/wp-content\/uploads\/2024\/05\/894459062-382.70735866355096IMG7794-300x300.webp"},"web-stories-poster-portrait":{"file":"894459062-382.70735866355096IMG7794-640x768.webp","width":640,"height":768,"filesize":23904,"mimeType":"image\/webp","sourceUrl":"https:\/\/quintoandar.com.br\/guias\/wp-content\/uploads\/2024\/05\/894459062-382.70735866355096IMG7794-640x768.webp"},"web-stories-publisher-logo":{"file":"894459062-382.70735866355096IMG7794-96x96.webp","width":96,"height":96,"filesize":1860,"mimeType":"image\/webp","sourceUrl":"https:\/\/quintoandar.com.br\/guias\/wp-content\/uploads\/2024\/05\/894459062-382.70735866355096IMG7794-96x96.webp"},"web-stories-thumbnail":{"file":"894459062-382.70735866355096IMG7794-150x100.webp","width":150,"height":100,"filesize":2776,"mimeType":"image\/webp","sourceUrl":"https:\/\/quintoandar.com.br\/guias\/wp-content\/uploads\/2024\/05\/894459062-382.70735866355096IMG7794-150x100.webp"},"full":{"file":"894459062-382.70735866355096IMG7794.webp","width":1152,"height":768,"mimeType":"image\/webp","sourceUrl":"https:\/\/quintoandar.com.br\/guias\/wp-content\/uploads\/2024\/05\/894459062-382.70735866355096IMG7794.webp"}},"isPlaceholder":false,"isExternal":false,"needsProxy":false,"baseColor":"#98958f","blurHash":"","creationDate":"2024-05-03T21:21:30","src":"https:\/\/quintoandar.com.br\/guias\/wp-content\/uploads\/2024\/05\/894459062-382.70735866355096IMG7794.webp","id":492872,"alt":"894459062-382.70735866355096IMG7794","local":false,"provider":"local"},"backgroundColor":{"color":{"r":196,"g":196,"b":196}},"x":48,"y":0,"width":330,"height":220,"mask":{"type":"rectangle"},"isBackground":true,"id":"3d51db62-bb88-47d2-852b-6d651ab24b4c","basedOn":"b09be7fa-aaae-45d8-ba5f-2bfc8a418f36","alt":"Im\u00f3vel para alugar em Belo Horizonte","type":"image"}],"backgroundColor":{"color":{"r":36,"g":88,"b":37}},"animations":[{"id":"c4f78189-2139-4f63-a296-9fc1acc32b25","type":"effect-background-pan","panDir":"leftToRight","duration":2000,"delay":0,"targets":["3d51db62-bb88-47d2-852b-6d651ab24b4c"]}],"type":"page","id":"45a701cb-8c29-4a6a-99ca-beae664a0c44","defaultBackgroundElement":{"opacity":100,"flip":{"vertical":false,"horizontal":false},"rotationAngle":0,"lockAspectRatio":true,"backgroundColor":{"color":{"r":196,"g":196,"b":196}},"x":1,"y":1,"width":1,"height":1,"mask":{"type":"rectangle"},"isBackground":true,"isDefaultBackground":true,"id":"d69060e3-d326-4e82-bd1b-ba893ef7fced","basedOn":"4a2cdd23-8124-4eb7-a9bf-1413f2f89d03","type":"shape"},"pageAttachment":{"url":"https:\/\/www.quintoandar.com.br\/imovel\/894459062\/alugar?&utm_content=web-stories-3-cidades-para-morar-minas-gerais","icon":"https:\/\/www.quintoandar.com.br\/img\/med\/894459062-382.70735866355096IMG7794.JPG","needsProxy":true,"ctaText":"Ver im\u00f3vel"}},{"elements":[{"opacity":100,"flip":{"vertical":false,"horizontal":false},"rotationAngle":0,"lockAspectRatio":true,"x":1,"y":1,"width":1,"height":1,"mask":{"type":"rectangle"},"isBackground":true,"isDefaultBackground":true,"id":"e846e6b1-26f8-4708-8ddc-8a63932b26c5","type":"shape","basedOn":"8614f248-1812-4ef7-8273-01aec509edc2"},{"opacity":100,"flip":{"vertical":false,"horizontal":false},"rotationAngle":0,"lockAspectRatio":true,"backgroundTextMode":"NONE","font":{"family":"Poppins"},"fontSize":30,"backgroundColor":{"color":{"r":255,"g":255,"b":255}},"lineHeight":1.1,"textAlign":"left","padding":{"locked":true,"hasHiddenPadding":false,"horizontal":0,"vertical":0},"type":"text","content":"<span style=\"font-weight: 600; color: #f8f9f5\">Conhe\u00e7a mais sobre essas e outras das melhores cidades para morar em Minas Gerais \ud83e\udd29<\/span>","borderRadius":{"locked":true,"topLeft":2,"topRight":2,"bottomRight":2,"bottomLeft":2},"width":320,"height":174,"basedOn":"0ee62297-ad0c-467d-9d70-5353f231cdc4","x":60,"y":280,"marginOffset":-11.699999999999989,"id":"2890fb4a-7df1-4269-9ffa-d235b58c7f79"},{"opacity":100,"flip":{"vertical":false,"horizontal":false},"rotationAngle":0,"lockAspectRatio":true,"scale":100,"focalX":51.76915240414098,"focalY":50.19741412155291,"resource":{"type":"image","mimeType":"image\/webp","width":2348,"height":1276,"sizes":{"medium":{"file":"cidades-com-mais-oportunidades-de-emprego-no-brasil-300x163.webp","width":300,"height":163,"filesize":32708,"mimeType":"image\/webp","sourceUrl":"https:\/\/quintoandar.com.br\/guias\/wp-content\/uploads\/2024\/03\/cidades-com-mais-oportunidades-de-emprego-no-brasil-300x163.webp"},"large":{"file":"cidades-com-mais-oportunidades-de-emprego-no-brasil-1024x556.webp","width":1024,"height":556,"filesize":144696,"mimeType":"image\/webp","sourceUrl":"https:\/\/quintoandar.com.br\/guias\/wp-content\/uploads\/2024\/03\/cidades-com-mais-oportunidades-de-emprego-no-brasil-1024x556.webp"},"thumbnail":{"file":"cidades-com-mais-oportunidades-de-emprego-no-brasil-150x150.webp","width":150,"height":150,"filesize":24632,"mimeType":"image\/webp","sourceUrl":"https:\/\/quintoandar.com.br\/guias\/wp-content\/uploads\/2024\/03\/cidades-com-mais-oportunidades-de-emprego-no-brasil-150x150.webp"},"medium_large":{"file":"cidades-com-mais-oportunidades-de-emprego-no-brasil-768x417.webp","width":768,"height":417,"filesize":93630,"mimeType":"image\/webp","sourceUrl":"https:\/\/quintoandar.com.br\/guias\/wp-content\/uploads\/2024\/03\/cidades-com-mais-oportunidades-de-emprego-no-brasil-768x417.webp"},"1536x1536":{"file":"cidades-com-mais-oportunidades-de-emprego-no-brasil-1536x835.webp","width":1536,"height":835,"filesize":284192,"mimeType":"image\/webp","sourceUrl":"https:\/\/quintoandar.com.br\/guias\/wp-content\/uploads\/2024\/03\/cidades-com-mais-oportunidades-de-emprego-no-brasil-1536x835.webp"},"2048x2048":{"file":"cidades-com-mais-oportunidades-de-emprego-no-brasil-2048x1113.webp","width":2048,"height":1113,"filesize":445864,"mimeType":"image\/webp","sourceUrl":"https:\/\/quintoandar.com.br\/guias\/wp-content\/uploads\/2024\/03\/cidades-com-mais-oportunidades-de-emprego-no-brasil-2048x1113.webp"},"post-thumbnail":{"file":"cidades-com-mais-oportunidades-de-emprego-no-brasil-530x337.webp","width":530,"height":337,"filesize":62736,"mimeType":"image\/webp","sourceUrl":"https:\/\/quintoandar.com.br\/guias\/wp-content\/uploads\/2024\/03\/cidades-com-mais-oportunidades-de-emprego-no-brasil-530x337.webp"},"chamada-destaque":{"file":"cidades-com-mais-oportunidades-de-emprego-no-brasil-800x687.webp","width":800,"height":687,"filesize":139958,"mimeType":"image\/webp","sourceUrl":"https:\/\/quintoandar.com.br\/guias\/wp-content\/uploads\/2024\/03\/cidades-com-mais-oportunidades-de-emprego-no-brasil-800x687.webp"},"single-destaque":{"file":"cidades-com-mais-oportunidades-de-emprego-no-brasil-850x680.webp","width":850,"height":680,"filesize":146592,"mimeType":"image\/webp","sourceUrl":"https:\/\/quintoandar.com.br\/guias\/wp-content\/uploads\/2024\/03\/cidades-com-mais-oportunidades-de-emprego-no-brasil-850x680.webp"},"alm-thumbnail":{"file":"cidades-com-mais-oportunidades-de-emprego-no-brasil-150x150.webp","width":150,"height":150,"filesize":24632,"mimeType":"image\/webp","sourceUrl":"https:\/\/quintoandar.com.br\/guias\/wp-content\/uploads\/2024\/03\/cidades-com-mais-oportunidades-de-emprego-no-brasil-150x150.webp"},"wpvqgr-square-answer":{"file":"cidades-com-mais-oportunidades-de-emprego-no-brasil-300x300.webp","width":300,"height":300,"filesize":41260,"mimeType":"image\/webp","sourceUrl":"https:\/\/quintoandar.com.br\/guias\/wp-content\/uploads\/2024\/03\/cidades-com-mais-oportunidades-de-emprego-no-brasil-300x300.webp"},"web-stories-poster-portrait":{"file":"cidades-com-mais-oportunidades-de-emprego-no-brasil-640x853.webp","width":640,"height":853,"filesize":143332,"mimeType":"image\/webp","sourceUrl":"https:\/\/quintoandar.com.br\/guias\/wp-content\/uploads\/2024\/03\/cidades-com-mais-oportunidades-de-emprego-no-brasil-640x853.webp"},"web-stories-publisher-logo":{"file":"cidades-com-mais-oportunidades-de-emprego-no-brasil-96x96.webp","width":96,"height":96,"filesize":20702,"mimeType":"image\/webp","sourceUrl":"https:\/\/quintoandar.com.br\/guias\/wp-content\/uploads\/2024\/03\/cidades-com-mais-oportunidades-de-emprego-no-brasil-96x96.webp"},"web-stories-thumbnail":{"file":"cidades-com-mais-oportunidades-de-emprego-no-brasil-150x82.webp","width":150,"height":82,"filesize":22382,"mimeType":"image\/webp","sourceUrl":"https:\/\/quintoandar.com.br\/guias\/wp-content\/uploads\/2024\/03\/cidades-com-mais-oportunidades-de-emprego-no-brasil-150x82.webp"},"full":{"file":"cidades-com-mais-oportunidades-de-emprego-no-brasil.webp","width":2348,"height":1276,"mimeType":"image\/webp","sourceUrl":"https:\/\/quintoandar.com.br\/guias\/wp-content\/uploads\/2024\/03\/cidades-com-mais-oportunidades-de-emprego-no-brasil.webp"}},"isPlaceholder":false,"isExternal":false,"needsProxy":false,"baseColor":"#7ba7d0","blurHash":"","creationDate":"2024-03-02T22:36:09","src":"https:\/\/quintoandar.com.br\/guias\/wp-content\/uploads\/2024\/03\/cidades-com-mais-oportunidades-de-emprego-no-brasil.webp","id":490361,"alt":"Imagem de vista de cidade hist\u00f3rica mineira para ilustrar mat\u00e9ria sobre as cidades com mais oportunidades de emprego no Brasil","local":false,"provider":"local"},"type":"image","x":0,"y":-88,"width":544,"height":307,"mask":{"type":"rectangle","showInLibrary":true,"name":"Ret\u00e2ngulo","path":"M 0,0 1,0 1,1 0,1 0,0 Z","ratio":1,"supportsBorder":true},"basedOn":"3a2e5c0b-9b24-4f55-bdaf-d759792e6f03","alt":"Ilustra\u00e7\u00e3o de parque com pessoas em volta","link":null,"id":"7516ecb7-5cf7-4f97-a95b-02c29f143028"}],"animations":[],"backgroundColor":{"color":{"r":36,"g":88,"b":37}},"type":"page","id":"a2b48a03-fac8-4c26-a9c0-af96cda262c5","defaultBackgroundElement":{"opacity":100,"flip":{"vertical":false,"horizontal":false},"rotationAngle":0,"lockAspectRatio":true,"backgroundColor":{"color":{"r":196,"g":196,"b":196}},"x":1,"y":1,"width":1,"height":1,"mask":{"type":"rectangle"},"isBackground":true,"isDefaultBackground":true,"type":"shape","id":"d30996f6-74d0-4192-81c0-4c75833133d2"},"pageAttachment":{"url":"https:\/\/quintoandar.com.br\/melhores-cidades-de-minas-gerais\/","icon":"https:\/\/quintoandar.com.br\/guias\/wp-content\/uploads\/2022\/05\/Melhores-cidades-de-Minas-Gerais-Nova-Lima.jpg","needsProxy":false,"ctaText":"Arraste aqui"}}],"fonts":{"Poppins":{"family":"Poppins","fallbacks":["sans-serif"],"weights":[100,200,300,400,500,600,700,800,900],"styles":["italic","regular"],"variants":[[0,100],[1,100],[0,200],[1,200],[0,300],[1,300],[0,400],[1,400],[0,500],[1,500],[0,600],[1,600],[0,700],[1,700],[0,800],[1,800],[0,900],[1,900]],"service":"fonts.google.com","metrics":{"upm":1000,"asc":1050,"des":-350,"tAsc":1050,"tDes":-350,"tLGap":100,"wAsc":1135,"wDes":627,"xH":548,"capH":698,"yMin":-572,"yMax":1065,"hAsc":1050,"hDes":-350,"lGap":100}}},"autoAdvance":true,"defaultPageDuration":7,"currentStoryStyles":{"colors":[{"color":{"r":196,"g":196,"b":196}}]}},"story_poster":{"id":490812,"url":"https:\/\/www.quintoandar.com.br\/guias\/wp-content\/uploads\/2023\/08\/cropped-Regionais-de-Belo-Horizonte-2.jpg","width":640,"height":853,"needsProxy":false},"_links":{"self":[{"href":"https:\/\/www.quintoandar.com.br\/guias\/wp-json\/web-stories\/v1\/web-story\/492857","targetHints":{"allow":["GET"]}}],"collection":[{"href":"https:\/\/www.quintoandar.com.br\/guias\/wp-json\/web-stories\/v1\/web-story"}],"about":[{"href":"https:\/\/www.quintoandar.com.br\/guias\/wp-json\/wp\/v2\/types\/web-story"}],"author":[{"embeddable":true,"href":"https:\/\/www.quintoandar.com.br\/guias\/wp-json\/web-stories\/v1\/users\/45"}],"version-history":[{"count":9,"href":"https:\/\/www.quintoandar.com.br\/guias\/wp-json\/web-stories\/v1\/web-story\/492857\/revisions"}],"predecessor-version":[{"id":492873,"href":"https:\/\/www.quintoandar.com.br\/guias\/wp-json\/web-stories\/v1\/web-story\/492857\/revisions\/492873"}],"wp:featuredmedia":[{"embeddable":true,"href":"https:\/\/www.quintoandar.com.br\/guias\/wp-json\/web-stories\/v1\/media\/490812"}],"wp:attachment":[{"href":"https:\/\/www.quintoandar.com.br\/guias\/wp-json\/web-stories\/v1\/media?parent=492857"}],"wp:term":[{"taxonomy":"web_story_category","embeddable":true,"href":"https:\/\/www.quintoandar.com.br\/guias\/wp-json\/web-stories\/v1\/web_story_category?post=492857"},{"taxonomy":"web_story_tag","embeddable":true,"href":"https:\/\/www.quintoandar.com.br\/guias\/wp-json\/web-stories\/v1\/web_story_tag?post=492857"}],"wp:lock":[{"embeddable":true,"href":"https:\/\/www.quintoandar.com.br\/guias\/wp-json\/web-stories\/v1\/web-story\/492857\/lock"}],"wp:publisherlogo":[{"embeddable":true,"href":"https:\/\/www.quintoandar.com.br\/guias\/wp-json\/web-stories\/v1\/media\/428798"}],"curies":[{"name":"wp","href":"https:\/\/api.w.org\/{rel}","templated":true}]}}