{"id":500716,"date":"2024-07-18T19:12:27","date_gmt":"2024-07-18T22:12:27","guid":{"rendered":"https:\/\/www.quintoandar.com.br\/guias\/?post_type=web-story&#038;p=500716"},"modified":"2024-07-18T19:12:29","modified_gmt":"2024-07-18T22:12:29","slug":"3-cidades-que-mais-crescem-minas-gerais","status":"publish","type":"web-story","link":"https:\/\/www.quintoandar.com.br\/guias\/web-stories\/3-cidades-que-mais-crescem-minas-gerais\/","title":{"rendered":"3 cidades que mais crescem em Minas Gerais \ud83c\udfe0"},"content":{"rendered":"<p><html amp=\"\" lang=\"en\"><head><meta charSet=\"utf-8\"\/><meta name=\"viewport\" content=\"width=device-width,minimum-scale=1,initial-scale=1\"\/><script async=\"\" src=\"https:\/\/cdn.ampproject.org\/v0.js\"><\/script><script async=\"\" src=\"https:\/\/cdn.ampproject.org\/v0\/amp-story-1.0.js\" custom-element=\"amp-story\"><\/script><link href=\"https:\/\/fonts.googleapis.com\/css2?display=swap&amp;family=Poppins%3Awght%40400%3B600%3B700\" rel=\"stylesheet\"\/><noscript><\/noscript><meta name=\"web-stories-replace-head-start\"\/><title>3 cidades que mais crescem em Minas Gerais \ud83c\udfe0<\/title><link rel=\"canonical\" href=\"https:\/\/www.quintoandar.com.br\/guias\/?post_type=web-story&amp;p=500716\"\/><meta name=\"web-stories-replace-head-end\"\/><\/head><body><amp-story standalone=\"\" publisher=\"MeuLugar\" publisher-logo-src=\"https:\/\/www.quintoandar.com.br\/guias\/wp-content\/uploads\/2022\/01\/Logo_MeuLugar.png\" title=\"3 cidades que mais crescem em Minas Gerais \ud83c\udfe0\" poster-portrait-src=\"https:\/\/www.quintoandar.com.br\/guias\/wp-content\/uploads\/2024\/07\/cropped-ranking-do-pib-das-cidades-de-minas-gerais-.webp\"><amp-story-page id=\"263f42bc-a79f-495c-96c8-15ded26152f5\" auto-advance-after=\"7s\"><amp-story-grid-layer template=\"vertical\" aspect-ratio=\"412:618\" class=\"grid-layer\"><\/p>\n<div class=\"page-fullbleed-area\" style=\"background-color:#245825\">\n<div class=\"page-safe-area\">\n<div style=\"position:absolute;pointer-events:none;left:0;top:-9.25926%;width:100%;height:118.51852%;opacity:1\">\n<div style=\"pointer-events:initial;width:100%;height:100%;display:block;position:absolute;top:0;left:0;z-index:0\" class=\"mask\" id=\"el-5e4c0825-cf1b-4ce6-b362-6dec3c39bb1b\">\n<div class=\"fill\" style=\"will-change:transform\"><\/div>\n<\/div>\n<\/div>\n<\/div>\n<\/div>\n<p><\/amp-story-grid-layer><amp-story-grid-layer template=\"vertical\" aspect-ratio=\"412:618\" class=\"grid-layer\"><\/p>\n<div class=\"page-fullbleed-area\">\n<div class=\"page-safe-area\">\n<div style=\"position:absolute;pointer-events:none;left:12.37864%;top:20.87379%;width:75.97087%;height:25.08091%;opacity:1\">\n<div style=\"pointer-events:initial;width:100%;height:100%;display:block;position:absolute;top:0;left:0;z-index:0;border-radius:0.6389776357827476% 0.6389776357827476% 0.6389776357827476% 0.6389776357827476% \/ 1.2903225806451613% 1.2903225806451613% 1.2903225806451613% 1.2903225806451613%\" id=\"el-3c610e28-eb19-4563-a420-3950da19ad2d\">\n<h2 class=\"fill text-wrapper\" style=\"white-space:pre-line;overflow-wrap:break-word;word-break:break-word;margin:1.581469648562299% 0;font-family:&quot;Poppins&quot;,sans-serif;font-size:0.533981em;line-height:1.1;text-align:left;padding:0;color:#000000\"><span><span style=\"font-weight: 600; color: #f8f9f5\">Descubra 3 cidades que mais crescem em Minas Gerais \ud83c\udfe0<\/span><\/span><\/h2>\n<\/div>\n<\/div>\n<div style=\"position:absolute;pointer-events:none;left:11.65049%;top:49.19094%;width:76.21359%;height:50.80906%;opacity:1\">\n<div style=\"pointer-events:initial;width:100%;height:100%;display:block;position:absolute;top:0;left:0;z-index:0\" class=\"mask\" id=\"el-ee0795d1-7930-4c6d-9924-605ff66db8fa\">\n<div class=\"fill\" style=\"background-color:#a3c7a1;will-change:transform\"><\/div>\n<\/div>\n<\/div>\n<div style=\"position:absolute;pointer-events:none;left:15.04854%;top:51.2945%;width:69.41748%;height:46.27832%;opacity:1\">\n<div style=\"pointer-events:initial;width:100%;height:100%;display:block;position:absolute;top:0;left:0;z-index:0;border-radius:0% 0% 0% 0% \/ 0% 0% 0% 0%\" class=\"mask\" id=\"el-2eadb7ee-ddcd-4d3b-a70c-3ca81c4c59fe\"><a href=\"https:\/\/www.quintoandar.com.br\/guias\/cidades-que-mais-crescem-em-minas-gerais\" data-tooltip-icon=\"https:\/\/www.quintoandar.com.br\/guias\/wp-content\/uploads\/2024\/06\/cidades-que-mais-crescem-em-minas-gerais.webp\" data-tooltip-text=\"As 5 cidades que mais crescem em Minas Gerais\" target=\"_blank\" rel=\"noreferrer noopener\" style=\"width:100%;height:100%;display:block;position:absolute;top:0;left:0\"><\/p>\n<div style=\"position:absolute;width:150%;height:100%;left:-25%;top:0%\" data-leaf-element=\"true\"><amp-img layout=\"fill\" src=\"https:\/\/www.quintoandar.com.br\/guias\/wp-content\/uploads\/2024\/07\/ranking-do-pib-das-cidades-de-minas-gerais-.webp\" alt=\"Imagem que mostra a cidade de Minas Gerais\" srcSet=\"https:\/\/www.quintoandar.com.br\/guias\/wp-content\/uploads\/2024\/07\/ranking-do-pib-das-cidades-de-minas-gerais-.webp 2121w,https:\/\/www.quintoandar.com.br\/guias\/wp-content\/uploads\/2024\/07\/ranking-do-pib-das-cidades-de-minas-gerais--2048x1365.webp 2048w,https:\/\/www.quintoandar.com.br\/guias\/wp-content\/uploads\/2024\/07\/ranking-do-pib-das-cidades-de-minas-gerais--1536x1024.webp 1536w,https:\/\/www.quintoandar.com.br\/guias\/wp-content\/uploads\/2024\/07\/ranking-do-pib-das-cidades-de-minas-gerais--1024x683.webp 1024w,https:\/\/www.quintoandar.com.br\/guias\/wp-content\/uploads\/2024\/07\/ranking-do-pib-das-cidades-de-minas-gerais--768x512.webp 768w,https:\/\/www.quintoandar.com.br\/guias\/wp-content\/uploads\/2024\/07\/ranking-do-pib-das-cidades-de-minas-gerais--300x200.webp 300w,https:\/\/www.quintoandar.com.br\/guias\/wp-content\/uploads\/2024\/07\/ranking-do-pib-das-cidades-de-minas-gerais--150x100.webp 150w\" sizes=\"(min-width: 1024px) 31vh, 69vw\" disable-inline-width=\"true\"><\/amp-img><\/div>\n<p><\/a><\/div>\n<\/div>\n<div style=\"position:absolute;pointer-events:none;left:11.65049%;top:0;width:54.61165%;height:5.66343%;opacity:1\">\n<div style=\"pointer-events:initial;width:100%;height:100%;display:block;position:absolute;top:0;left:0;z-index:0\" class=\"mask\" id=\"el-d082c74c-3fa3-443a-8afc-1566b8cbf2d1\">\n<div style=\"position:absolute;width:100.0505%;height:100%;left:-0.02525%;top:0%\" data-leaf-element=\"true\"><amp-img layout=\"fill\" src=\"https:\/\/www.quintoandar.com.br\/guias\/wp-content\/uploads\/2022\/01\/image-17.png\" alt=\"image\" srcSet=\"https:\/\/www.quintoandar.com.br\/guias\/wp-content\/uploads\/2022\/01\/image-17.png 566w\" sizes=\"(min-width: 1024px) 25vh, 55vw\" disable-inline-width=\"true\"><\/amp-img><\/div>\n<\/div>\n<\/div>\n<\/div>\n<\/div>\n<p><\/amp-story-grid-layer><\/amp-story-page><amp-story-page id=\"97f1302f-1e63-474a-9a0c-67f1cf96346e\" auto-advance-after=\"7s\"><amp-story-grid-layer template=\"vertical\" aspect-ratio=\"412:618\" class=\"grid-layer\"><\/p>\n<div class=\"page-fullbleed-area\" style=\"background-color:#5063f8\">\n<div class=\"page-safe-area\">\n<div style=\"position:absolute;pointer-events:none;left:0;top:-9.25926%;width:100%;height:118.51852%;opacity:1\">\n<div style=\"pointer-events:initial;width:100%;height:100%;display:block;position:absolute;top:0;left:0;z-index:0\" class=\"mask\" id=\"el-d2b72a51-1e66-4949-8dca-7e94d60af9ce\">\n<div class=\"fill\" style=\"will-change:transform\"><\/div>\n<\/div>\n<\/div>\n<\/div>\n<\/div>\n<p><\/amp-story-grid-layer><amp-story-grid-layer template=\"vertical\" aspect-ratio=\"412:618\" class=\"grid-layer\"><\/p>\n<div class=\"page-fullbleed-area\">\n<div class=\"page-safe-area\">\n<div style=\"position:absolute;pointer-events:none;left:0;top:-9.2233%;width:100.24272%;height:60.67961%;opacity:1\">\n<div style=\"pointer-events:initial;width:100%;height:100%;display:block;position:absolute;top:0;left:0;z-index:0\" class=\"mask\" id=\"el-7ea6faf4-79c1-4c85-baa8-8f8f53550695\">\n<div class=\"fill\" style=\"background-color:#f8f9f5;will-change:transform\"><\/div>\n<\/div>\n<\/div>\n<div style=\"position:absolute;pointer-events:none;left:11.65049%;top:17.79935%;width:81.79612%;height:11.00324%;opacity:1\">\n<div style=\"pointer-events:initial;width:100%;height:100%;display:block;position:absolute;top:0;left:0;z-index:0\" id=\"el-8a26d018-0739-4342-b710-81b13a34441d\">\n<p class=\"fill text-wrapper\" style=\"white-space:pre-line;overflow-wrap:break-word;word-break:break-word;margin:0.845697329376854% 0;font-family:&quot;Poppins&quot;,sans-serif;font-size:0.307443em;line-height:1.1;text-align:initial;padding:0;color:#000000\"><span>Vamos explorar as cidades que mais se destacam no cen\u00e1rio de crescimento em Minas Gerais? \ud83d\ude0a<\/span><\/p>\n<\/div>\n<\/div>\n<div style=\"position:absolute;pointer-events:none;left:0;top:46.44013%;width:100.24272%;height:64.07767%;opacity:1\">\n<div style=\"pointer-events:initial;width:100%;height:100%;display:block;position:absolute;top:0;left:0;z-index:0\" class=\"mask\" id=\"el-21758096-c7b6-43d4-bc9f-fd2e9434d798\">\n<div class=\"fill\" style=\"background-color:#245825;will-change:transform\"><\/div>\n<\/div>\n<\/div>\n<div style=\"position:absolute;pointer-events:none;left:5.09709%;top:49.83819%;width:90.53398%;height:56.14887%;opacity:1\">\n<div style=\"pointer-events:initial;width:100%;height:100%;display:block;position:absolute;top:0;left:0;z-index:0\" class=\"mask\" id=\"el-9e920425-d3be-4cc9-a9ee-914dc60cf5ba\">\n<div style=\"position:absolute;width:139.59877%;height:100%;left:-19.79939%;top:0%\" data-leaf-element=\"true\"><amp-img layout=\"fill\" src=\"https:\/\/www.quintoandar.com.br\/guias\/wp-content\/uploads\/2024\/07\/qual-a-cidade-de-minas-gerais-que-mais-cresce.webp\" alt=\"V\u00eddeo que ilustra mulher abrindo um p\u00e3ozinho de queijo.\" srcSet=\"https:\/\/www.quintoandar.com.br\/guias\/wp-content\/uploads\/2024\/07\/qual-a-cidade-de-minas-gerais-que-mais-cresce.webp 1280w,https:\/\/www.quintoandar.com.br\/guias\/wp-content\/uploads\/2024\/07\/qual-a-cidade-de-minas-gerais-que-mais-cresce-1024x682.webp 1024w,https:\/\/www.quintoandar.com.br\/guias\/wp-content\/uploads\/2024\/07\/qual-a-cidade-de-minas-gerais-que-mais-cresce-768x512.webp 768w,https:\/\/www.quintoandar.com.br\/guias\/wp-content\/uploads\/2024\/07\/qual-a-cidade-de-minas-gerais-que-mais-cresce-300x200.webp 300w,https:\/\/www.quintoandar.com.br\/guias\/wp-content\/uploads\/2024\/07\/qual-a-cidade-de-minas-gerais-que-mais-cresce-150x100.webp 150w\" sizes=\"(min-width: 1024px) 41vh, 91vw\" disable-inline-width=\"true\"><\/amp-img><\/div>\n<\/div>\n<\/div>\n<\/div>\n<\/div>\n<p><\/amp-story-grid-layer><\/amp-story-page><amp-story-page id=\"66ad6ef3-0843-477b-8336-2bac909bff17\" auto-advance-after=\"7s\"><amp-story-grid-layer template=\"vertical\" aspect-ratio=\"412:618\" class=\"grid-layer\"><\/p>\n<div class=\"page-fullbleed-area\" style=\"background-color:#5063f8\">\n<div class=\"page-safe-area\">\n<div style=\"position:absolute;pointer-events:none;left:0;top:-9.25926%;width:100%;height:118.51852%;opacity:1\">\n<div style=\"pointer-events:initial;width:100%;height:100%;display:block;position:absolute;top:0;left:0;z-index:0\" class=\"mask\" id=\"el-1c25f681-f6d8-49ee-a2f6-ce91d7d670d8\">\n<div class=\"fill\" style=\"will-change:transform\"><\/div>\n<\/div>\n<\/div>\n<\/div>\n<\/div>\n<p><\/amp-story-grid-layer><amp-story-grid-layer template=\"vertical\" aspect-ratio=\"412:618\" class=\"grid-layer\"><\/p>\n<div class=\"page-fullbleed-area\">\n<div class=\"page-safe-area\">\n<div style=\"position:absolute;pointer-events:none;left:0;top:-9.2233%;width:100.24272%;height:60.67961%;opacity:1\">\n<div style=\"pointer-events:initial;width:100%;height:100%;display:block;position:absolute;top:0;left:0;z-index:0\" class=\"mask\" id=\"el-033057dd-7a9a-4681-967b-3b8cbfea1f6b\">\n<div class=\"fill\" style=\"background-color:#f8f9f5;will-change:transform\"><\/div>\n<\/div>\n<\/div>\n<div style=\"position:absolute;pointer-events:none;left:12.13592%;top:8.57605%;width:76.21359%;height:27.99353%;opacity:1\">\n<div style=\"pointer-events:initial;width:100%;height:100%;display:block;position:absolute;top:0;left:0;z-index:0\" id=\"el-ebec7bb6-1958-4ee8-aadb-6b634e4fbf94\">\n<p class=\"fill text-wrapper\" style=\"white-space:pre-line;overflow-wrap:break-word;word-break:break-word;margin:0.9076433121019101% 0;font-family:&quot;Poppins&quot;,sans-serif;font-size:0.307443em;line-height:1.1;text-align:initial;padding:0;color:#000000\"><span>O desenvolvimento econ\u00f4mico, a melhoria da infraestrutura e a cria\u00e7\u00e3o de novas oportunidades de emprego s\u00e3o fatores-chave para esse crescimento.<\/p>\n<p>Aproveite para ver im\u00f3veis para alugar em cada uma delas \ud83c\udfe0<\/span><\/p>\n<\/div>\n<\/div>\n<div style=\"position:absolute;pointer-events:none;left:0;top:46.44013%;width:100.24272%;height:64.07767%;opacity:1\">\n<div style=\"pointer-events:initial;width:100%;height:100%;display:block;position:absolute;top:0;left:0;z-index:0\" class=\"mask\" id=\"el-b7a3f050-8e9d-44d3-a8e4-4c0375565d48\">\n<div class=\"fill\" style=\"background-color:#245825;will-change:transform\"><\/div>\n<\/div>\n<\/div>\n<div style=\"position:absolute;pointer-events:none;left:5.09709%;top:49.83819%;width:90.53398%;height:56.14887%;opacity:1\">\n<div style=\"pointer-events:initial;width:100%;height:100%;display:block;position:absolute;top:0;left:0;z-index:0\" class=\"mask\" id=\"el-e065655b-4198-42e8-a692-1c6db2bc4dcd\">\n<div style=\"position:absolute;width:165.56097%;height:100%;left:-32.78048%;top:0%\" data-leaf-element=\"true\"><amp-img layout=\"fill\" src=\"https:\/\/www.quintoandar.com.br\/guias\/wp-content\/uploads\/2024\/05\/qual-a-cidade-mais-fria-de-minas-gerais.webp\" alt=\"V\u00eddeo que ilustra mulher abrindo um p\u00e3ozinho de queijo.\" srcSet=\"https:\/\/www.quintoandar.com.br\/guias\/wp-content\/uploads\/2024\/05\/qual-a-cidade-mais-fria-de-minas-gerais.webp 2310w,https:\/\/www.quintoandar.com.br\/guias\/wp-content\/uploads\/2024\/05\/qual-a-cidade-mais-fria-de-minas-gerais-2048x1151.webp 2048w,https:\/\/www.quintoandar.com.br\/guias\/wp-content\/uploads\/2024\/05\/qual-a-cidade-mais-fria-de-minas-gerais-1536x863.webp 1536w,https:\/\/www.quintoandar.com.br\/guias\/wp-content\/uploads\/2024\/05\/qual-a-cidade-mais-fria-de-minas-gerais-1024x575.webp 1024w,https:\/\/www.quintoandar.com.br\/guias\/wp-content\/uploads\/2024\/05\/qual-a-cidade-mais-fria-de-minas-gerais-768x432.webp 768w,https:\/\/www.quintoandar.com.br\/guias\/wp-content\/uploads\/2024\/05\/qual-a-cidade-mais-fria-de-minas-gerais-300x169.webp 300w,https:\/\/www.quintoandar.com.br\/guias\/wp-content\/uploads\/2024\/05\/qual-a-cidade-mais-fria-de-minas-gerais-150x84.webp 150w\" sizes=\"(min-width: 1024px) 41vh, 91vw\" disable-inline-width=\"true\"><\/amp-img><\/div>\n<\/div>\n<\/div>\n<\/div>\n<\/div>\n<p><\/amp-story-grid-layer><\/amp-story-page><amp-story-page id=\"048d7c7a-448a-4d8e-b478-ac6ba1dc890f\" auto-advance-after=\"7s\"><amp-story-animation layout=\"nodisplay\" trigger=\"visibility\"><script type=\"application\/json\">[{\"selector\":\"#anim-d632551c-aa25-47ea-9523-e637f5f206fa\",\"keyframes\":[{\"offset\":0,\"transform\":\"translate3d(0, -170.29846%, 0)\",\"easing\":\"cubic-bezier(.5, 0, 1, 1)\"},{\"offset\":0.29,\"transform\":\"translate3d(0, 0%, 0)\",\"easing\":\"cubic-bezier(0, 0, .5, 1)\"},{\"offset\":0.45,\"transform\":\"translate3d(0, -47.887926952%, 0)\",\"easing\":\"cubic-bezier(.5, 0, 1, 1)\"},{\"offset\":0.61,\"transform\":\"translate3d(0, 0%, 0)\",\"easing\":\"cubic-bezier(0, 0, .5, 1)\"},{\"offset\":0.71,\"transform\":\"translate3d(0, -16.280532776%, 0)\",\"easing\":\"cubic-bezier(.5, 0, 1, 1)\"},{\"offset\":0.8,\"transform\":\"translate3d(0, 0%, 0)\",\"easing\":\"cubic-bezier(0, 0, .5, 1)\"},{\"offset\":0.85,\"transform\":\"translate3d(0, -6.113714714%, 0)\",\"easing\":\"cubic-bezier(.5, 0, 1, 1)\"},{\"offset\":0.92,\"transform\":\"translate3d(0, 0%, 0)\",\"easing\":\"cubic-bezier(0, 0, .5, 1)\"},{\"offset\":0.96,\"transform\":\"translate3d(0, -2.656655976%, 0)\",\"easing\":\"cubic-bezier(.5, 0, 1, 1)\"},{\"offset\":1,\"transform\":\"translate3d(0, 0%, 0)\",\"easing\":\"cubic-bezier(0, 0, .5, 1)\"}],\"delay\":0,\"duration\":1600,\"fill\":\"both\"}]<\/script><\/amp-story-animation><amp-story-grid-layer template=\"vertical\" aspect-ratio=\"412:618\" class=\"grid-layer\"><\/p>\n<div class=\"page-fullbleed-area\" style=\"background-color:#245825\">\n<div class=\"page-safe-area\">\n<div style=\"position:absolute;pointer-events:none;left:0;top:-9.25926%;width:100%;height:118.51852%;opacity:1\">\n<div style=\"pointer-events:initial;width:100%;height:100%;display:block;position:absolute;top:0;left:0;z-index:0\" class=\"mask\" id=\"el-15e156ea-f32f-4e78-8186-42cb76b46c9e\">\n<div class=\"fill\" style=\"will-change:transform\"><\/div>\n<\/div>\n<\/div>\n<\/div>\n<\/div>\n<p><\/amp-story-grid-layer><amp-story-grid-layer template=\"vertical\" aspect-ratio=\"412:618\" class=\"grid-layer\"><\/p>\n<div class=\"page-fullbleed-area\">\n<div class=\"page-safe-area\">\n<div style=\"position:absolute;pointer-events:none;left:11.16505%;top:0;width:77.18447%;height:50%;opacity:1\">\n<div id=\"anim-d632551c-aa25-47ea-9523-e637f5f206fa\" class=\"animation-wrapper\" style=\"width:100%;height:100%;display:block;position:absolute;top:0;left:0;--initial-opacity:1;--initial-transform:translate3d(0, -170.29846%, 0)\">\n<div style=\"pointer-events:initial;width:100%;height:100%;display:block;position:absolute;top:0;left:0;z-index:0\" class=\"mask\" id=\"el-dbaf9fe9-478f-4e54-bee7-e3990a8d13c3\">\n<div style=\"position:absolute;width:172.74632%;height:100%;left:-36.37316%;top:0%\" data-leaf-element=\"true\"><amp-img layout=\"fill\" src=\"https:\/\/www.quintoandar.com.br\/guias\/wp-content\/uploads\/2022\/04\/passeios-em-belo-horizonte.webp\" alt=\"Imagem da cidade de Nova Lima\" srcSet=\"https:\/\/www.quintoandar.com.br\/guias\/wp-content\/uploads\/2022\/04\/passeios-em-belo-horizonte.webp 768w,https:\/\/www.quintoandar.com.br\/guias\/wp-content\/uploads\/2022\/04\/passeios-em-belo-horizonte-300x169.webp 300w,https:\/\/www.quintoandar.com.br\/guias\/wp-content\/uploads\/2022\/04\/passeios-em-belo-horizonte-150x84.webp 150w\" sizes=\"(min-width: 1024px) 35vh, 77vw\" disable-inline-width=\"true\"><\/amp-img><\/div>\n<\/div>\n<\/div>\n<\/div>\n<div style=\"position:absolute;pointer-events:none;left:11.40777%;top:53.55987%;width:66.50485%;height:5.82524%;opacity:1\">\n<div style=\"pointer-events:initial;width:100%;height:100%;display:block;position:absolute;top:0;left:0;z-index:0;border-radius:0.7299270072992701% 0.7299270072992701% 0.7299270072992701% 0.7299270072992701% \/ 5.555555555555555% 5.555555555555555% 5.555555555555555% 5.555555555555555%\" id=\"el-62399cbb-508a-4a3c-8372-d79c85dc1202\">\n<h3 class=\"fill text-wrapper\" style=\"white-space:pre-line;overflow-wrap:break-word;word-break:break-word;margin:0.948905109489051% 0;font-family:&quot;Poppins&quot;,sans-serif;font-size:0.420712em;line-height:1.2;text-align:initial;padding:0;color:#000000\"><span><span style=\"font-weight: 600; color: #f8f9f5\">Belo Horizonte<\/span><\/span><\/h3>\n<\/div>\n<\/div>\n<div style=\"position:absolute;pointer-events:none;left:11.8932%;top:63.26861%;width:72.3301%;height:28.64078%;opacity:1\">\n<div style=\"pointer-events:initial;width:100%;height:100%;display:block;position:absolute;top:0;left:0;z-index:0;border-radius:0.6711409395973155% 0.6711409395973155% 0.6711409395973155% 0.6711409395973155% \/ 1.1299435028248588% 1.1299435028248588% 1.1299435028248588% 1.1299435028248588%\" id=\"el-8e8f387f-476e-466f-aadb-4daf4258d8a2\">\n<p class=\"fill text-wrapper\" style=\"white-space:pre-line;overflow-wrap:break-word;word-break:break-word;margin:0.6040268456375841% 0;font-family:&quot;Poppins&quot;,sans-serif;font-size:0.291262em;line-height:1.2;text-align:initial;padding:0;color:#000000\"><span><span style=\"color: #fff\">Belo Horizonte, a capital de Minas Gerais, \u00e9 a cidade que mais cresce na regi\u00e3o com 2.315.560 habitantes, oferecendo um centro econ\u00f4mico din\u00e2mico, boa infraestrutura, e alta qualidade de vida com \u00e1reas verdes e rica cena cultural.<\/span><\/span><\/p>\n<\/div>\n<\/div>\n<\/div>\n<\/div>\n<p><\/amp-story-grid-layer><\/amp-story-page><amp-story-page id=\"3bafee6f-2cdb-4024-b609-3383db5559e4\" auto-advance-after=\"7s\"><amp-story-animation layout=\"nodisplay\" trigger=\"visibility\"><script type=\"application\/json\">[{\"selector\":\"#anim-2579dba9-32a5-4ce7-853d-0ebbd3e86b61 [data-leaf-element=\\\"true\\\"]\",\"keyframes\":{\"transform\":[\"translate3d(62.49999939794447%, 0, 0)\",\"translate3d(0%, 0, 0)\"]},\"delay\":0,\"duration\":2000,\"easing\":\"cubic-bezier(.3,0,.55,1)\",\"fill\":\"both\"}]<\/script><\/amp-story-animation><amp-story-grid-layer template=\"vertical\" aspect-ratio=\"412:618\" class=\"grid-layer\"><\/p>\n<div class=\"page-fullbleed-area\" style=\"background-color:#dccdc3\">\n<div class=\"page-safe-area\">\n<div style=\"position:absolute;pointer-events:none;left:0;top:-9.25926%;width:100%;height:118.51852%;opacity:1\">\n<div id=\"anim-2579dba9-32a5-4ce7-853d-0ebbd3e86b61\" class=\"animation-wrapper\" style=\"width:100%;height:100%;display:block;position:absolute;top:0;left:0\">\n<div style=\"pointer-events:initial;width:100%;height:100%;display:block;position:absolute;top:0;left:0;z-index:0\" class=\"mask\" id=\"el-f9273aaa-a035-4240-b293-46a4a04af897\">\n<div style=\"position:absolute;width:266.66667%;height:100%;left:-166.66667%;top:0%\" data-leaf-element=\"true\"><amp-img layout=\"fill\" src=\"https:\/\/www.quintoandar.com.br\/guias\/wp-content\/uploads\/2024\/07\/894491362-477.15925939070127Guaratinga60800Sion.webp\" alt=\"Im\u00f3vel para alugar em Belo Horizonte\" srcSet=\"https:\/\/www.quintoandar.com.br\/guias\/wp-content\/uploads\/2024\/07\/894491362-477.15925939070127Guaratinga60800Sion.webp 1200w,https:\/\/www.quintoandar.com.br\/guias\/wp-content\/uploads\/2024\/07\/894491362-477.15925939070127Guaratinga60800Sion-1024x683.webp 1024w,https:\/\/www.quintoandar.com.br\/guias\/wp-content\/uploads\/2024\/07\/894491362-477.15925939070127Guaratinga60800Sion-768x512.webp 768w,https:\/\/www.quintoandar.com.br\/guias\/wp-content\/uploads\/2024\/07\/894491362-477.15925939070127Guaratinga60800Sion-300x200.webp 300w,https:\/\/www.quintoandar.com.br\/guias\/wp-content\/uploads\/2024\/07\/894491362-477.15925939070127Guaratinga60800Sion-150x100.webp 150w\" sizes=\"(min-width: 1024px) 120vh, 267vw\" disable-inline-width=\"true\"><\/amp-img><\/div>\n<\/div>\n<\/div>\n<\/div>\n<\/div>\n<\/div>\n<p><\/amp-story-grid-layer><amp-story-grid-layer template=\"vertical\" aspect-ratio=\"412:618\" class=\"grid-layer\"><\/p>\n<div class=\"page-fullbleed-area\">\n<div class=\"page-safe-area\"><\/div>\n<\/div>\n<p><\/amp-story-grid-layer><amp-story-page-outlink layout=\"nodisplay\" cta-image=\"https:\/\/www.quintoandar.com.br\/guias\/img\/med\/894491362-770.395199147774Guaratinga60800Sion3.jpg\"><a href=\"https:\/\/www.quintoandar.com.br\/imovel\/894491362\/alugar\" rel=\"\">Ver im\u00f3vel<\/a><\/amp-story-page-outlink><\/amp-story-page><amp-story-page id=\"59a9bcda-a70e-45da-be0e-47395b5b2700\" auto-advance-after=\"7s\"><amp-story-animation layout=\"nodisplay\" trigger=\"visibility\"><script type=\"application\/json\">[{\"selector\":\"#anim-1da1aa43-5c06-4748-90b2-ef63f5272a25 [data-leaf-element=\\\"true\\\"]\",\"keyframes\":{\"transform\":[\"translate3d(62.49999939794447%, 0, 0)\",\"translate3d(0%, 0, 0)\"]},\"delay\":0,\"duration\":2000,\"easing\":\"cubic-bezier(.3,0,.55,1)\",\"fill\":\"both\"}]<\/script><\/amp-story-animation><amp-story-grid-layer template=\"vertical\" aspect-ratio=\"412:618\" class=\"grid-layer\"><\/p>\n<div class=\"page-fullbleed-area\" style=\"background-color:#9b9b9a\">\n<div class=\"page-safe-area\">\n<div style=\"position:absolute;pointer-events:none;left:0;top:-9.25926%;width:100%;height:118.51852%;opacity:1\">\n<div id=\"anim-1da1aa43-5c06-4748-90b2-ef63f5272a25\" class=\"animation-wrapper\" style=\"width:100%;height:100%;display:block;position:absolute;top:0;left:0\">\n<div style=\"pointer-events:initial;width:100%;height:100%;display:block;position:absolute;top:0;left:0;z-index:0\" class=\"mask\" id=\"el-dd35f854-8838-4307-816d-4a0bb81f3573\">\n<div style=\"position:absolute;width:266.66667%;height:100%;left:-166.66667%;top:0%\" data-leaf-element=\"true\"><amp-img layout=\"fill\" src=\"https:\/\/www.quintoandar.com.br\/guias\/wp-content\/uploads\/2024\/07\/893073757-174.66375019222403IMG9393.webp\" alt=\"Im\u00f3vel para alugar em Belo Horizonte\" srcSet=\"https:\/\/www.quintoandar.com.br\/guias\/wp-content\/uploads\/2024\/07\/893073757-174.66375019222403IMG9393.webp 1200w,https:\/\/www.quintoandar.com.br\/guias\/wp-content\/uploads\/2024\/07\/893073757-174.66375019222403IMG9393-1024x683.webp 1024w,https:\/\/www.quintoandar.com.br\/guias\/wp-content\/uploads\/2024\/07\/893073757-174.66375019222403IMG9393-768x512.webp 768w,https:\/\/www.quintoandar.com.br\/guias\/wp-content\/uploads\/2024\/07\/893073757-174.66375019222403IMG9393-300x200.webp 300w,https:\/\/www.quintoandar.com.br\/guias\/wp-content\/uploads\/2024\/07\/893073757-174.66375019222403IMG9393-150x100.webp 150w\" sizes=\"(min-width: 1024px) 120vh, 267vw\" disable-inline-width=\"true\"><\/amp-img><\/div>\n<\/div>\n<\/div>\n<\/div>\n<\/div>\n<\/div>\n<p><\/amp-story-grid-layer><amp-story-grid-layer template=\"vertical\" aspect-ratio=\"412:618\" class=\"grid-layer\"><\/p>\n<div class=\"page-fullbleed-area\">\n<div class=\"page-safe-area\"><\/div>\n<\/div>\n<p><\/amp-story-grid-layer><amp-story-page-outlink layout=\"nodisplay\" cta-image=\"https:\/\/www.quintoandar.com.br\/guias\/img\/med\/893073757-189.32915362442293IMG9400.jpg\"><a href=\"https:\/\/www.quintoandar.com.br\/imovel\/893073757\/alugar\" rel=\"\">Ver im\u00f3vel<\/a><\/amp-story-page-outlink><\/amp-story-page><amp-story-page id=\"f3235171-ef09-4d4c-a9fd-9aa0170228b2\" auto-advance-after=\"7s\"><amp-story-animation layout=\"nodisplay\" trigger=\"visibility\"><script type=\"application\/json\">[{\"selector\":\"#anim-198a4d26-0cea-4d0e-bf10-9f00ef39ce43\",\"keyframes\":[{\"offset\":0,\"transform\":\"translate3d(0, -170.29846%, 0)\",\"easing\":\"cubic-bezier(.5, 0, 1, 1)\"},{\"offset\":0.29,\"transform\":\"translate3d(0, 0%, 0)\",\"easing\":\"cubic-bezier(0, 0, .5, 1)\"},{\"offset\":0.45,\"transform\":\"translate3d(0, -47.887926952%, 0)\",\"easing\":\"cubic-bezier(.5, 0, 1, 1)\"},{\"offset\":0.61,\"transform\":\"translate3d(0, 0%, 0)\",\"easing\":\"cubic-bezier(0, 0, .5, 1)\"},{\"offset\":0.71,\"transform\":\"translate3d(0, -16.280532776%, 0)\",\"easing\":\"cubic-bezier(.5, 0, 1, 1)\"},{\"offset\":0.8,\"transform\":\"translate3d(0, 0%, 0)\",\"easing\":\"cubic-bezier(0, 0, .5, 1)\"},{\"offset\":0.85,\"transform\":\"translate3d(0, -6.113714714%, 0)\",\"easing\":\"cubic-bezier(.5, 0, 1, 1)\"},{\"offset\":0.92,\"transform\":\"translate3d(0, 0%, 0)\",\"easing\":\"cubic-bezier(0, 0, .5, 1)\"},{\"offset\":0.96,\"transform\":\"translate3d(0, -2.656655976%, 0)\",\"easing\":\"cubic-bezier(.5, 0, 1, 1)\"},{\"offset\":1,\"transform\":\"translate3d(0, 0%, 0)\",\"easing\":\"cubic-bezier(0, 0, .5, 1)\"}],\"delay\":0,\"duration\":1600,\"fill\":\"both\"}]<\/script><\/amp-story-animation><amp-story-grid-layer template=\"vertical\" aspect-ratio=\"412:618\" class=\"grid-layer\"><\/p>\n<div class=\"page-fullbleed-area\" style=\"background-color:#245825\">\n<div class=\"page-safe-area\">\n<div style=\"position:absolute;pointer-events:none;left:0;top:-9.25926%;width:100%;height:118.51852%;opacity:1\">\n<div style=\"pointer-events:initial;width:100%;height:100%;display:block;position:absolute;top:0;left:0;z-index:0\" class=\"mask\" id=\"el-a473f186-8812-484d-89e8-c632bf474504\">\n<div class=\"fill\" style=\"will-change:transform\"><\/div>\n<\/div>\n<\/div>\n<\/div>\n<\/div>\n<p><\/amp-story-grid-layer><amp-story-grid-layer template=\"vertical\" aspect-ratio=\"412:618\" class=\"grid-layer\"><\/p>\n<div class=\"page-fullbleed-area\">\n<div class=\"page-safe-area\">\n<div style=\"position:absolute;pointer-events:none;left:11.16505%;top:0;width:77.18447%;height:50%;opacity:1\">\n<div id=\"anim-198a4d26-0cea-4d0e-bf10-9f00ef39ce43\" class=\"animation-wrapper\" style=\"width:100%;height:100%;display:block;position:absolute;top:0;left:0;--initial-opacity:1;--initial-transform:translate3d(0, -170.29846%, 0)\">\n<div style=\"pointer-events:initial;width:100%;height:100%;display:block;position:absolute;top:0;left:0;z-index:0\" class=\"mask\" id=\"el-6cee4df7-d599-47be-9e14-c8e6883175c1\">\n<div style=\"position:absolute;width:144.81342%;height:100%;left:-22.40671%;top:0%\" data-leaf-element=\"true\"><amp-img layout=\"fill\" src=\"https:\/\/www.quintoandar.com.br\/guias\/wp-content\/uploads\/2024\/05\/cidades-do-triangulo-mineiro.webp\" alt=\"Imagem da cidade de Uberl\u00e2ndia\" srcSet=\"https:\/\/www.quintoandar.com.br\/guias\/wp-content\/uploads\/2024\/05\/cidades-do-triangulo-mineiro.webp 1000w,https:\/\/www.quintoandar.com.br\/guias\/wp-content\/uploads\/2024\/05\/cidades-do-triangulo-mineiro-768x515.webp 768w,https:\/\/www.quintoandar.com.br\/guias\/wp-content\/uploads\/2024\/05\/cidades-do-triangulo-mineiro-300x201.webp 300w,https:\/\/www.quintoandar.com.br\/guias\/wp-content\/uploads\/2024\/05\/cidades-do-triangulo-mineiro-150x101.webp 150w\" sizes=\"(min-width: 1024px) 35vh, 77vw\" disable-inline-width=\"true\"><\/amp-img><\/div>\n<\/div>\n<\/div>\n<\/div>\n<div style=\"position:absolute;pointer-events:none;left:11.40777%;top:53.55987%;width:66.50485%;height:5.98706%;opacity:1\">\n<div style=\"pointer-events:initial;width:100%;height:100%;display:block;position:absolute;top:0;left:0;z-index:0;border-radius:0.7299270072992701% 0.7299270072992701% 0.7299270072992701% 0.7299270072992701% \/ 5.405405405405405% 5.405405405405405% 5.405405405405405% 5.405405405405405%\" id=\"el-071f8b8f-5a98-41e4-9756-a9abfd4c7ce2\">\n<h3 class=\"fill text-wrapper\" style=\"white-space:pre-line;overflow-wrap:break-word;word-break:break-word;margin:0.948905109489051% 0;font-family:&quot;Poppins&quot;,sans-serif;font-size:0.420712em;line-height:1.2;text-align:initial;padding:0;color:#000000\"><span><span style=\"font-weight: 700; color: #f8f9f5\">Uberl\u00e2ndia<\/span><\/span><\/h3>\n<\/div>\n<\/div>\n<div style=\"position:absolute;pointer-events:none;left:11.65049%;top:63.1068%;width:77.6699%;height:21.52104%;opacity:1\">\n<div style=\"pointer-events:initial;width:100%;height:100%;display:block;position:absolute;top:0;left:0;z-index:0;border-radius:0.625% 0.625% 0.625% 0.625% \/ 1.5037593984962405% 1.5037593984962405% 1.5037593984962405% 1.5037593984962405%\" id=\"el-68e95a4a-5fe8-4db2-8644-eff7af486ceb\">\n<p class=\"fill text-wrapper\" style=\"white-space:pre-line;overflow-wrap:break-word;word-break:break-word;margin:0.5625000000000002% 0;font-family:&quot;Poppins&quot;,sans-serif;font-size:0.291262em;line-height:1.2;text-align:initial;padding:0;color:#000000\"><span><span style=\"color: #fff\">Os mais de 700 mil moradores de Uberl\u00e2ndia contam com uma ampla infraestrutura que garante todos os tipos de servi\u00e7os, com\u00e9rcios, educa\u00e7\u00e3o, sa\u00fade, al\u00e9m de muitas op\u00e7\u00f5es para lazer.<\/span><\/span><\/p>\n<\/div>\n<\/div>\n<\/div>\n<\/div>\n<p><\/amp-story-grid-layer><\/amp-story-page><amp-story-page id=\"b2e8c649-f29e-4a6b-ab42-0fa0671836be\" auto-advance-after=\"7s\"><amp-story-animation layout=\"nodisplay\" trigger=\"visibility\"><script type=\"application\/json\">[{\"selector\":\"#anim-0851c4db-2791-428d-81ab-d542150a855f [data-leaf-element=\\\"true\\\"]\",\"keyframes\":{\"transform\":[\"translate3d(62.49999939794447%, 0, 0)\",\"translate3d(0%, 0, 0)\"]},\"delay\":0,\"duration\":2000,\"easing\":\"cubic-bezier(.3,0,.55,1)\",\"fill\":\"both\"}]<\/script><\/amp-story-animation><amp-story-grid-layer template=\"vertical\" aspect-ratio=\"412:618\" class=\"grid-layer\"><\/p>\n<div class=\"page-fullbleed-area\" style=\"background-color:#b1a28d\">\n<div class=\"page-safe-area\">\n<div style=\"position:absolute;pointer-events:none;left:0;top:-9.25926%;width:100%;height:118.51852%;opacity:1\">\n<div id=\"anim-0851c4db-2791-428d-81ab-d542150a855f\" class=\"animation-wrapper\" style=\"width:100%;height:100%;display:block;position:absolute;top:0;left:0\">\n<div style=\"pointer-events:initial;width:100%;height:100%;display:block;position:absolute;top:0;left:0;z-index:0\" class=\"mask\" id=\"el-8904978b-3f24-455a-9658-b329d24e5ce6\">\n<div style=\"position:absolute;width:266.66667%;height:100%;left:-166.66667%;top:0%\" data-leaf-element=\"true\"><amp-img layout=\"fill\" src=\"https:\/\/www.quintoandar.com.br\/guias\/wp-content\/uploads\/2024\/07\/894446735-966.898751213078IMG2878.webp\" alt=\"Im\u00f3vel para alugar em Belo Horizonte\" srcSet=\"https:\/\/www.quintoandar.com.br\/guias\/wp-content\/uploads\/2024\/07\/894446735-966.898751213078IMG2878.webp 1200w,https:\/\/www.quintoandar.com.br\/guias\/wp-content\/uploads\/2024\/07\/894446735-966.898751213078IMG2878-1024x683.webp 1024w,https:\/\/www.quintoandar.com.br\/guias\/wp-content\/uploads\/2024\/07\/894446735-966.898751213078IMG2878-768x512.webp 768w,https:\/\/www.quintoandar.com.br\/guias\/wp-content\/uploads\/2024\/07\/894446735-966.898751213078IMG2878-300x200.webp 300w,https:\/\/www.quintoandar.com.br\/guias\/wp-content\/uploads\/2024\/07\/894446735-966.898751213078IMG2878-150x100.webp 150w\" sizes=\"(min-width: 1024px) 120vh, 267vw\" disable-inline-width=\"true\"><\/amp-img><\/div>\n<\/div>\n<\/div>\n<\/div>\n<\/div>\n<\/div>\n<p><\/amp-story-grid-layer><amp-story-grid-layer template=\"vertical\" aspect-ratio=\"412:618\" class=\"grid-layer\"><\/p>\n<div class=\"page-fullbleed-area\">\n<div class=\"page-safe-area\"><\/div>\n<\/div>\n<p><\/amp-story-grid-layer><amp-story-page-outlink layout=\"nodisplay\" cta-image=\"https:\/\/www.quintoandar.com.br\/guias\/img\/med\/894446735-55.18636463216009IMG2880.JPG\"><a href=\"https:\/\/www.quintoandar.com.br\/imovel\/894446735\/alugar\" rel=\"\">Ver im\u00f3vel<\/a><\/amp-story-page-outlink><\/amp-story-page><amp-story-page id=\"6818879d-4157-4f20-b798-ad29424760c4\" auto-advance-after=\"7s\"><amp-story-animation layout=\"nodisplay\" trigger=\"visibility\"><script type=\"application\/json\">[{\"selector\":\"#anim-5387c615-df21-40a1-a567-406425b723d7 [data-leaf-element=\\\"true\\\"]\",\"keyframes\":{\"transform\":[\"translate3d(62.49999939794447%, 0, 0)\",\"translate3d(0%, 0, 0)\"]},\"delay\":0,\"duration\":2000,\"easing\":\"cubic-bezier(.3,0,.55,1)\",\"fill\":\"both\"}]<\/script><\/amp-story-animation><amp-story-grid-layer template=\"vertical\" aspect-ratio=\"412:618\" class=\"grid-layer\"><\/p>\n<div class=\"page-fullbleed-area\" style=\"background-color:#cecac6\">\n<div class=\"page-safe-area\">\n<div style=\"position:absolute;pointer-events:none;left:0;top:-9.25926%;width:100%;height:118.51852%;opacity:1\">\n<div id=\"anim-5387c615-df21-40a1-a567-406425b723d7\" class=\"animation-wrapper\" style=\"width:100%;height:100%;display:block;position:absolute;top:0;left:0\">\n<div style=\"pointer-events:initial;width:100%;height:100%;display:block;position:absolute;top:0;left:0;z-index:0\" class=\"mask\" id=\"el-9b0edb98-906d-4620-8f36-b7e83923e6d5\">\n<div style=\"position:absolute;width:266.66667%;height:100%;left:-166.66667%;top:0%\" data-leaf-element=\"true\"><amp-img layout=\"fill\" src=\"https:\/\/www.quintoandar.com.br\/guias\/wp-content\/uploads\/2024\/07\/894493488-602.0664984550649001.webp\" alt=\"Im\u00f3vel para alugar em Belo Horizonte\" srcSet=\"https:\/\/www.quintoandar.com.br\/guias\/wp-content\/uploads\/2024\/07\/894493488-602.0664984550649001.webp 1200w,https:\/\/www.quintoandar.com.br\/guias\/wp-content\/uploads\/2024\/07\/894493488-602.0664984550649001-1024x683.webp 1024w,https:\/\/www.quintoandar.com.br\/guias\/wp-content\/uploads\/2024\/07\/894493488-602.0664984550649001-768x512.webp 768w,https:\/\/www.quintoandar.com.br\/guias\/wp-content\/uploads\/2024\/07\/894493488-602.0664984550649001-300x200.webp 300w,https:\/\/www.quintoandar.com.br\/guias\/wp-content\/uploads\/2024\/07\/894493488-602.0664984550649001-150x100.webp 150w\" sizes=\"(min-width: 1024px) 120vh, 267vw\" disable-inline-width=\"true\"><\/amp-img><\/div>\n<\/div>\n<\/div>\n<\/div>\n<\/div>\n<\/div>\n<p><\/amp-story-grid-layer><amp-story-grid-layer template=\"vertical\" aspect-ratio=\"412:618\" class=\"grid-layer\"><\/p>\n<div class=\"page-fullbleed-area\">\n<div class=\"page-safe-area\"><\/div>\n<\/div>\n<p><\/amp-story-grid-layer><amp-story-page-outlink layout=\"nodisplay\" cta-image=\"https:\/\/www.quintoandar.com.br\/guias\/img\/med\/894493488-602.0664984550649001.jpg\"><a href=\"https:\/\/www.quintoandar.com.br\/imovel\/894493488\/alugar\" rel=\"\">Ver im\u00f3vel<\/a><\/amp-story-page-outlink><\/amp-story-page><amp-story-page id=\"9445d78c-1905-45f5-be8e-79c8298ed3ec\" auto-advance-after=\"7s\"><amp-story-animation layout=\"nodisplay\" trigger=\"visibility\"><script type=\"application\/json\">[{\"selector\":\"#anim-8d3ece52-3597-4d8c-9d6e-501460d3dc3b\",\"keyframes\":[{\"offset\":0,\"transform\":\"translate3d(0, -170.29846%, 0)\",\"easing\":\"cubic-bezier(.5, 0, 1, 1)\"},{\"offset\":0.29,\"transform\":\"translate3d(0, 0%, 0)\",\"easing\":\"cubic-bezier(0, 0, .5, 1)\"},{\"offset\":0.45,\"transform\":\"translate3d(0, -47.887926952%, 0)\",\"easing\":\"cubic-bezier(.5, 0, 1, 1)\"},{\"offset\":0.61,\"transform\":\"translate3d(0, 0%, 0)\",\"easing\":\"cubic-bezier(0, 0, .5, 1)\"},{\"offset\":0.71,\"transform\":\"translate3d(0, -16.280532776%, 0)\",\"easing\":\"cubic-bezier(.5, 0, 1, 1)\"},{\"offset\":0.8,\"transform\":\"translate3d(0, 0%, 0)\",\"easing\":\"cubic-bezier(0, 0, .5, 1)\"},{\"offset\":0.85,\"transform\":\"translate3d(0, -6.113714714%, 0)\",\"easing\":\"cubic-bezier(.5, 0, 1, 1)\"},{\"offset\":0.92,\"transform\":\"translate3d(0, 0%, 0)\",\"easing\":\"cubic-bezier(0, 0, .5, 1)\"},{\"offset\":0.96,\"transform\":\"translate3d(0, -2.656655976%, 0)\",\"easing\":\"cubic-bezier(.5, 0, 1, 1)\"},{\"offset\":1,\"transform\":\"translate3d(0, 0%, 0)\",\"easing\":\"cubic-bezier(0, 0, .5, 1)\"}],\"delay\":0,\"duration\":1600,\"fill\":\"both\"}]<\/script><\/amp-story-animation><amp-story-grid-layer template=\"vertical\" aspect-ratio=\"412:618\" class=\"grid-layer\"><\/p>\n<div class=\"page-fullbleed-area\" style=\"background-color:#245825\">\n<div class=\"page-safe-area\">\n<div style=\"position:absolute;pointer-events:none;left:0;top:-9.25926%;width:100%;height:118.51852%;opacity:1\">\n<div style=\"pointer-events:initial;width:100%;height:100%;display:block;position:absolute;top:0;left:0;z-index:0\" class=\"mask\" id=\"el-4a2cdd23-8124-4eb7-a9bf-1413f2f89d03\">\n<div class=\"fill\" style=\"will-change:transform\"><\/div>\n<\/div>\n<\/div>\n<\/div>\n<\/div>\n<p><\/amp-story-grid-layer><amp-story-grid-layer template=\"vertical\" aspect-ratio=\"412:618\" class=\"grid-layer\"><\/p>\n<div class=\"page-fullbleed-area\">\n<div class=\"page-safe-area\">\n<div style=\"position:absolute;pointer-events:none;left:11.16505%;top:0;width:77.18447%;height:50%;opacity:1\">\n<div id=\"anim-8d3ece52-3597-4d8c-9d6e-501460d3dc3b\" class=\"animation-wrapper\" style=\"width:100%;height:100%;display:block;position:absolute;top:0;left:0;--initial-opacity:1;--initial-transform:translate3d(0, -170.29846%, 0)\">\n<div style=\"pointer-events:initial;width:100%;height:100%;display:block;position:absolute;top:0;left:0;z-index:0\" class=\"mask\" id=\"el-1a8c844b-c5d6-4172-b775-b9a6c464360f\">\n<div style=\"position:absolute;width:145.33587%;height:100%;left:-22.66794%;top:0%\" data-leaf-element=\"true\"><amp-img layout=\"fill\" src=\"https:\/\/www.quintoandar.com.br\/guias\/wp-content\/uploads\/2022\/09\/Bairros-de-Contagem.jpg\" alt=\"Imagem de parque em Belo Horizonte\" srcSet=\"https:\/\/www.quintoandar.com.br\/guias\/wp-content\/uploads\/2022\/09\/Bairros-de-Contagem.jpg 694w\" sizes=\"(min-width: 1024px) 35vh, 77vw\" disable-inline-width=\"true\"><\/amp-img><\/div>\n<\/div>\n<\/div>\n<\/div>\n<div style=\"position:absolute;pointer-events:none;left:11.40777%;top:53.55987%;width:66.50485%;height:5.82524%;opacity:1\">\n<div style=\"pointer-events:initial;width:100%;height:100%;display:block;position:absolute;top:0;left:0;z-index:0;border-radius:0.7299270072992701% 0.7299270072992701% 0.7299270072992701% 0.7299270072992701% \/ 5.555555555555555% 5.555555555555555% 5.555555555555555% 5.555555555555555%\" id=\"el-1acbd92b-3890-4375-868f-4c29796e5bd3\">\n<h3 class=\"fill text-wrapper\" style=\"white-space:pre-line;overflow-wrap:break-word;word-break:break-word;margin:0.948905109489051% 0;font-family:&quot;Poppins&quot;,sans-serif;font-size:0.420712em;line-height:1.2;text-align:initial;padding:0;color:#000000\"><span><span style=\"font-weight: 600; color: #f8f9f5\">Contagem<\/span><\/span><\/h3>\n<\/div>\n<\/div>\n<div style=\"position:absolute;pointer-events:none;left:11.65049%;top:61.8123%;width:77.18447%;height:32.03883%;opacity:1\">\n<div style=\"pointer-events:initial;width:100%;height:100%;display:block;position:absolute;top:0;left:0;z-index:0;border-radius:0.628930817610063% 0.628930817610063% 0.628930817610063% 0.628930817610063% \/ 1.0101010101010102% 1.0101010101010102% 1.0101010101010102% 1.0101010101010102%\" id=\"el-f58aac86-0d0f-4625-ba3f-ec49557c4ac1\">\n<p class=\"fill text-wrapper\" style=\"white-space:pre-line;overflow-wrap:break-word;word-break:break-word;margin:0.5660377358490568% 0;font-family:&quot;Poppins&quot;,sans-serif;font-size:0.291262em;line-height:1.2;text-align:initial;padding:0;color:#000000\"><span><span style=\"color: #fff\">Contagem, com 621.865 habitantes, \u00e9 uma cidade economicamente importante na Regi\u00e3o Metropolitana de Belo Horizonte, com boas oportunidades de emprego, infraestrutura desenvolvida, e v\u00e1rias op\u00e7\u00f5es de lazer, al\u00e9m de acesso facilitado \u00e0 capital.<\/span><\/span><\/p>\n<\/div>\n<\/div>\n<\/div>\n<\/div>\n<p><\/amp-story-grid-layer><\/amp-story-page><amp-story-page id=\"aaf17332-26fe-4def-b39a-43017223f2bb\" auto-advance-after=\"7s\"><amp-story-animation layout=\"nodisplay\" trigger=\"visibility\"><script type=\"application\/json\">[{\"selector\":\"#anim-59a51d8d-2ad5-45f3-b942-873c5149defa [data-leaf-element=\\\"true\\\"]\",\"keyframes\":{\"transform\":[\"translate3d(62.49999939794447%, 0, 0)\",\"translate3d(0%, 0, 0)\"]},\"delay\":0,\"duration\":2000,\"easing\":\"cubic-bezier(.3,0,.55,1)\",\"fill\":\"both\"}]<\/script><\/amp-story-animation><amp-story-grid-layer template=\"vertical\" aspect-ratio=\"412:618\" class=\"grid-layer\"><\/p>\n<div class=\"page-fullbleed-area\" style=\"background-color:#ded2c9\">\n<div class=\"page-safe-area\">\n<div style=\"position:absolute;pointer-events:none;left:0;top:-9.25926%;width:100%;height:118.51852%;opacity:1\">\n<div id=\"anim-59a51d8d-2ad5-45f3-b942-873c5149defa\" class=\"animation-wrapper\" style=\"width:100%;height:100%;display:block;position:absolute;top:0;left:0\">\n<div style=\"pointer-events:initial;width:100%;height:100%;display:block;position:absolute;top:0;left:0;z-index:0\" class=\"mask\" id=\"el-7f136019-bff2-4987-9a55-53a917b06a22\">\n<div style=\"position:absolute;width:266.66667%;height:100%;left:-166.66667%;top:0%\" data-leaf-element=\"true\"><amp-img layout=\"fill\" src=\"https:\/\/www.quintoandar.com.br\/guias\/wp-content\/uploads\/2024\/07\/893898761-514.2836631131449QA119876122.webp\" alt=\"Im\u00f3vel para alugar em Belo Horizonte\" srcSet=\"https:\/\/www.quintoandar.com.br\/guias\/wp-content\/uploads\/2024\/07\/893898761-514.2836631131449QA119876122.webp 1200w,https:\/\/www.quintoandar.com.br\/guias\/wp-content\/uploads\/2024\/07\/893898761-514.2836631131449QA119876122-1024x683.webp 1024w,https:\/\/www.quintoandar.com.br\/guias\/wp-content\/uploads\/2024\/07\/893898761-514.2836631131449QA119876122-768x512.webp 768w,https:\/\/www.quintoandar.com.br\/guias\/wp-content\/uploads\/2024\/07\/893898761-514.2836631131449QA119876122-300x200.webp 300w,https:\/\/www.quintoandar.com.br\/guias\/wp-content\/uploads\/2024\/07\/893898761-514.2836631131449QA119876122-150x100.webp 150w\" sizes=\"(min-width: 1024px) 120vh, 267vw\" disable-inline-width=\"true\"><\/amp-img><\/div>\n<\/div>\n<\/div>\n<\/div>\n<\/div>\n<\/div>\n<p><\/amp-story-grid-layer><amp-story-grid-layer template=\"vertical\" aspect-ratio=\"412:618\" class=\"grid-layer\"><\/p>\n<div class=\"page-fullbleed-area\">\n<div class=\"page-safe-area\"><\/div>\n<\/div>\n<p><\/amp-story-grid-layer><amp-story-page-outlink layout=\"nodisplay\" cta-image=\"https:\/\/www.quintoandar.com.br\/guias\/img\/med\/893898761-366.1731691194499QA119876120.jpg\"><a href=\"https:\/\/www.quintoandar.com.br\/imovel\/893898761\/alugar\" rel=\"\">Ver im\u00f3vel<\/a><\/amp-story-page-outlink><\/amp-story-page><amp-story-page id=\"cfb69d8c-cf86-4360-9f4e-a155ba15fdee\" auto-advance-after=\"7s\"><amp-story-animation layout=\"nodisplay\" trigger=\"visibility\"><script type=\"application\/json\">[{\"selector\":\"#anim-082c9cf2-3f52-482d-a0a9-dd7a5d71edd4 [data-leaf-element=\\\"true\\\"]\",\"keyframes\":{\"transform\":[\"translate3d(62.49999939794447%, 0, 0)\",\"translate3d(0%, 0, 0)\"]},\"delay\":0,\"duration\":2000,\"easing\":\"cubic-bezier(.3,0,.55,1)\",\"fill\":\"both\"}]<\/script><\/amp-story-animation><amp-story-grid-layer template=\"vertical\" aspect-ratio=\"412:618\" class=\"grid-layer\"><\/p>\n<div class=\"page-fullbleed-area\" style=\"background-color:#9d9999\">\n<div class=\"page-safe-area\">\n<div style=\"position:absolute;pointer-events:none;left:0;top:-9.25926%;width:100%;height:118.51852%;opacity:1\">\n<div id=\"anim-082c9cf2-3f52-482d-a0a9-dd7a5d71edd4\" class=\"animation-wrapper\" style=\"width:100%;height:100%;display:block;position:absolute;top:0;left:0\">\n<div style=\"pointer-events:initial;width:100%;height:100%;display:block;position:absolute;top:0;left:0;z-index:0\" class=\"mask\" id=\"el-325f7bc0-4179-4567-a333-f9f72f6ef8f6\">\n<div style=\"position:absolute;width:266.66667%;height:100%;left:-166.66667%;top:0%\" data-leaf-element=\"true\"><amp-img layout=\"fill\" src=\"https:\/\/www.quintoandar.com.br\/guias\/wp-content\/uploads\/2024\/07\/894363269-626.4336866649776IMG20240113090255.webp\" alt=\"Im\u00f3vel para alugar em Belo Horizonte\" srcSet=\"https:\/\/www.quintoandar.com.br\/guias\/wp-content\/uploads\/2024\/07\/894363269-626.4336866649776IMG20240113090255.webp 1200w,https:\/\/www.quintoandar.com.br\/guias\/wp-content\/uploads\/2024\/07\/894363269-626.4336866649776IMG20240113090255-1024x683.webp 1024w,https:\/\/www.quintoandar.com.br\/guias\/wp-content\/uploads\/2024\/07\/894363269-626.4336866649776IMG20240113090255-768x512.webp 768w,https:\/\/www.quintoandar.com.br\/guias\/wp-content\/uploads\/2024\/07\/894363269-626.4336866649776IMG20240113090255-300x200.webp 300w,https:\/\/www.quintoandar.com.br\/guias\/wp-content\/uploads\/2024\/07\/894363269-626.4336866649776IMG20240113090255-150x100.webp 150w\" sizes=\"(min-width: 1024px) 120vh, 267vw\" disable-inline-width=\"true\"><\/amp-img><\/div>\n<\/div>\n<\/div>\n<\/div>\n<\/div>\n<\/div>\n<p><\/amp-story-grid-layer><amp-story-grid-layer template=\"vertical\" aspect-ratio=\"412:618\" class=\"grid-layer\"><\/p>\n<div class=\"page-fullbleed-area\">\n<div class=\"page-safe-area\"><\/div>\n<\/div>\n<p><\/amp-story-grid-layer><amp-story-page-outlink layout=\"nodisplay\" cta-image=\"https:\/\/www.quintoandar.com.br\/guias\/img\/med\/894363269-626.4336866649776IMG20240113090255.jpg\"><a href=\"https:\/\/www.quintoandar.com.br\/imovel\/894363269\/alugar\" rel=\"\">Ver im\u00f3vel<\/a><\/amp-story-page-outlink><\/amp-story-page><amp-story-page id=\"a2b48a03-fac8-4c26-a9c0-af96cda262c5\" auto-advance-after=\"7s\"><amp-story-grid-layer template=\"vertical\" aspect-ratio=\"412:618\" class=\"grid-layer\"><\/p>\n<div class=\"page-fullbleed-area\" style=\"background-color:#245825\">\n<div class=\"page-safe-area\">\n<div style=\"position:absolute;pointer-events:none;left:0;top:-9.25926%;width:100%;height:118.51852%;opacity:1\">\n<div style=\"pointer-events:initial;width:100%;height:100%;display:block;position:absolute;top:0;left:0;z-index:0\" class=\"mask\" id=\"el-e846e6b1-26f8-4708-8ddc-8a63932b26c5\">\n<div class=\"fill\" style=\"will-change:transform\"><\/div>\n<\/div>\n<\/div>\n<\/div>\n<\/div>\n<p><\/amp-story-grid-layer><amp-story-grid-layer template=\"vertical\" aspect-ratio=\"412:618\" class=\"grid-layer\"><\/p>\n<div class=\"page-fullbleed-area\">\n<div class=\"page-safe-area\">\n<div style=\"position:absolute;pointer-events:none;left:14.07767%;top:50%;width:74.27184%;height:19.7411%;opacity:1\">\n<div style=\"pointer-events:initial;width:100%;height:100%;display:block;position:absolute;top:0;left:0;z-index:0;border-radius:0.6535947712418301% 0.6535947712418301% 0.6535947712418301% 0.6535947712418301% \/ 1.639344262295082% 1.639344262295082% 1.639344262295082% 1.639344262295082%\" id=\"el-2890fb4a-7df1-4269-9ffa-d235b58c7f79\">\n<h3 class=\"fill text-wrapper\" style=\"white-space:pre-line;overflow-wrap:break-word;word-break:break-word;margin:1.274509803921568% 0;font-family:&quot;Poppins&quot;,sans-serif;font-size:0.420712em;line-height:1.1;text-align:left;padding:0;color:#000000\"><span><span style=\"font-weight: 600; color: #f8f9f5\">Conhe\u00e7a mais sobre essas e outras das cidades que est\u00e3o em crescimento em MG \ud83e\udd29<\/span><\/span><\/h3>\n<\/div>\n<\/div>\n<div style=\"position:absolute;pointer-events:none;left:0;top:-14.23948%;width:132.03883%;height:49.67638%;opacity:1\">\n<div style=\"pointer-events:initial;width:100%;height:100%;display:block;position:absolute;top:0;left:0;z-index:0\" class=\"mask\" id=\"el-7516ecb7-5cf7-4f97-a95b-02c29f143028\">\n<div style=\"position:absolute;width:100.32681%;height:100%;left:-0.16341%;top:0%\" data-leaf-element=\"true\"><amp-img layout=\"fill\" src=\"https:\/\/www.quintoandar.com.br\/guias\/wp-content\/uploads\/2024\/06\/bairros-mais-populosos-de-bh-scaled.webp\" alt=\"Ilustra\u00e7\u00e3o de parque com pessoas em volta\" srcSet=\"https:\/\/www.quintoandar.com.br\/guias\/wp-content\/uploads\/2024\/06\/bairros-mais-populosos-de-bh-scaled.webp 2560w,https:\/\/www.quintoandar.com.br\/guias\/wp-content\/uploads\/2024\/06\/bairros-mais-populosos-de-bh-2048x1152.webp 2048w,https:\/\/www.quintoandar.com.br\/guias\/wp-content\/uploads\/2024\/06\/bairros-mais-populosos-de-bh-1536x864.webp 1536w,https:\/\/www.quintoandar.com.br\/guias\/wp-content\/uploads\/2024\/06\/bairros-mais-populosos-de-bh-1024x576.webp 1024w,https:\/\/www.quintoandar.com.br\/guias\/wp-content\/uploads\/2024\/06\/bairros-mais-populosos-de-bh-768x432.webp 768w,https:\/\/www.quintoandar.com.br\/guias\/wp-content\/uploads\/2024\/06\/bairros-mais-populosos-de-bh-300x169.webp 300w,https:\/\/www.quintoandar.com.br\/guias\/wp-content\/uploads\/2024\/06\/bairros-mais-populosos-de-bh-150x84.webp 150w\" sizes=\"(min-width: 1024px) 59vh, 132vw\" disable-inline-width=\"true\"><\/amp-img><\/div>\n<\/div>\n<\/div>\n<\/div>\n<\/div>\n<p><\/amp-story-grid-layer><amp-story-page-outlink layout=\"nodisplay\" cta-image=\"https:\/\/www.quintoandar.com.br\/guias\/wp-content\/uploads\/2024\/06\/cidades-que-mais-crescem-em-minas-gerais.webp\"><a href=\"https:\/\/www.quintoandar.com.br\/guias\/cidades-que-mais-crescem-em-minas-gerais\" rel=\"\">Arraste aqui<\/a><\/amp-story-page-outlink><\/amp-story-page><\/amp-story><\/body><\/html><\/p>\n<style class=\"advgb-styles-renderer\">body{-webkit-animation:-amp-start 8s steps(1,end) 0s 1 normal both;-moz-animation:-amp-start 8s steps(1,end) 0s 1 normal both;-ms-animation:-amp-start 8s steps(1,end) 0s 1 normal both;animation:-amp-start 8s steps(1,end) 0s 1 normal both}@-webkit-keyframes -amp-start{from{visibility:hidden}to{visibility:visible}}@-moz-keyframes -amp-start{from{visibility:hidden}to{visibility:visible}}@-ms-keyframes -amp-start{from{visibility:hidden}to{visibility:visible}}@-o-keyframes -amp-start{from{visibility:hidden}to{visibility:visible}}@keyframes -amp-start{from{visibility:hidden}to{visibility:visible}}body{-webkit-animation:none;-moz-animation:none;-ms-animation:none;animation:none}\n              h1, h2, h3 { font-weight: normal; }<\/p>\n<p>              amp-story-page {\n                background-color: #131516;\n              }<\/p>\n<p>              amp-story-grid-layer {\n                overflow: visible;\n              }<\/p>\n<p>              @media (max-aspect-ratio: 9 \/ 16)  {\n                @media (min-aspect-ratio: 320 \/ 678) {\n                  amp-story-grid-layer.grid-layer {\n                    margin-top: calc((100% \/ 0.5625 - 100% \/ 0.6666666666666666) \/ 2);\n                  }\n                }\n              }<\/p>\n<p>              @media not all and (min-resolution:.001dpcm) {\n                @media {\n                  p.text-wrapper > span {\n                    font-size: calc(100% - 0.5px);\n                  }\n                }\n              }<\/p>\n<p>              .page-fullbleed-area,\n              .page-background-overlay-area {\n                position: absolute;\n                overflow: hidden;\n                width: 100%;\n                left: 0;\n                height: calc(1.1851851851851851 * 100%);\n                top: calc((1 - 1.1851851851851851) * 100% \/ 2);\n              }<\/p>\n<p>              .element-overlay-area {\n                position: absolute;\n                width: 100%;\n                height: 100%;\n                top: 0;\n                left: 0;\n              }<\/p>\n<p>              .page-safe-area {\n                overflow: visible;\n                position: absolute;\n                top: 0;\n                bottom: 0;\n                left: 0;\n                right: 0;\n                width: 100%;\n                height: calc(0.84375 * 100%);\n                margin: auto 0;\n              }<\/p>\n<p>              .mask {\n                position: absolute;\n                overflow: hidden;\n              }<\/p>\n<p>              .fill {\n                position: absolute;\n                top: 0;\n                left: 0;\n                right: 0;\n                bottom: 0;\n                margin: 0;\n              }<\/p>\n<p>              @media (prefers-reduced-motion: no-preference) {\n                .animation-wrapper {\n                  opacity: var(--initial-opacity);\n                  transform: var(--initial-transform);\n                }\n              }<\/p>\n<p>              amp-story-grid-layer.align-bottom {\n                align-content: end;\n                padding: 0;\n                \/*\n                  AMP CTA Layer will exactly occupy 74px regardless of any device.\n                  To space out captions 74px from the BOTTOM (AMP CTA Layer),\n                  74px from the TOP should also be spaced out and thus: 2 * 74px\n                  will be the desired max-height.\n                *\/\n                max-height: calc(100vh - (2 * 74px));\n              }<\/p>\n<p>              .captions-area {\n                padding: 0 32px 0;\n              }<\/p>\n<p>              amp-story-captions {\n                margin-bottom: 16px;\n                text-align: center;\n              }<\/p>\n<p>              amp-story-audio-sticker {\n                height: 100%;\n              }<\/p>\n<p>              .audio-sticker {\n                font-family: -apple-system, BlinkMacSystemFont, 'Segoe UI', Roboto, Oxygen-Sans, Ubuntu, Cantarell, 'Helvetica Neue', sans-serif;\n              }\n              <\/style>\n<div style='text-align:left' class='yasr-auto-insert-visitor'><\/div>","protected":false},"excerpt":{"rendered":"<p>Conhe\u00e7a quais as 3 cidades que mais crescem em Minas Gerais \ud83d\ude0a\ud83c\udfe0<\/p>\n","protected":false},"author":45,"featured_media":500853,"template":"","meta":{"_acf_changed":false,"resume_ai_summary":"","resume_ai_faq":[],"resume_ai_related_posts":[],"resume_ai_schema_generator_schema":"","resume_ai_schema_generator_approved":0,"advgb_blocks_editor_width":"","advgb_blocks_columns_visual_guide":"","yasr_overall_rating":0,"yasr_post_is_review":"","yasr_auto_insert_disabled":"","yasr_review_type":"","web_stories_publisher_logo":428798,"web_stories_poster":[],"web_stories_products":[],"footnotes":""},"web_story_category":[],"web_story_tag":[],"class_list":["post-500716","web-story","type-web-story","status-publish","has-post-thumbnail","hentry"],"yoast_head":"<!-- This site is optimized with the Yoast SEO Premium plugin v26.9 (Yoast SEO v27.3) - https:\/\/yoast.com\/product\/yoast-seo-premium-wordpress\/ -->\n<title>3 cidades que mais crescem em Minas Gerais \ud83c\udfe0 - QuintoAndar Guias<\/title>\n<meta name=\"description\" content=\"Conhe\u00e7a quais as 3 cidades que mais crescem em Minas Gerais \ud83d\ude0a\ud83c\udfe0\" \/>\n<meta name=\"robots\" content=\"index, follow, max-snippet:-1, max-image-preview:large, max-video-preview:-1\" \/>\n<link rel=\"canonical\" href=\"https:\/\/www.quintoandar.com.br\/guias\/web-stories\/3-cidades-que-mais-crescem-minas-gerais\/\" \/>\n<meta property=\"og:locale\" content=\"pt_BR\" \/>\n<meta property=\"og:type\" content=\"article\" \/>\n<meta property=\"og:title\" content=\"3 cidades que mais crescem em Minas Gerais \ud83c\udfe0\" \/>\n<meta property=\"og:description\" content=\"Conhe\u00e7a quais as 3 cidades que mais crescem em Minas Gerais \ud83d\ude0a\ud83c\udfe0\" \/>\n<meta property=\"og:url\" content=\"https:\/\/www.quintoandar.com.br\/guias\/web-stories\/3-cidades-que-mais-crescem-minas-gerais\/\" \/>\n<meta property=\"og:site_name\" content=\"QuintoAndar Guias\" \/>\n<meta property=\"article:publisher\" content=\"https:\/\/www.facebook.com\/quintoandar.com.br\/\" \/>\n<meta property=\"article:modified_time\" content=\"2024-07-18T22:12:29+00:00\" \/>\n<meta property=\"og:image\" content=\"https:\/\/www.quintoandar.com.br\/guias\/wp-content\/uploads\/2024\/07\/cropped-ranking-do-pib-das-cidades-de-minas-gerais-.webp\" \/>\n\t<meta property=\"og:image:width\" content=\"640\" \/>\n\t<meta property=\"og:image:height\" content=\"853\" \/>\n\t<meta property=\"og:image:type\" content=\"image\/webp\" \/>\n<meta name=\"twitter:card\" content=\"summary_large_image\" \/>\n<meta name=\"twitter:label1\" content=\"Est. tempo de leitura\" \/>\n\t<meta name=\"twitter:data1\" content=\"1 minuto\" \/>\n<script type=\"application\/ld+json\" class=\"yoast-schema-graph\">{\"@context\":\"https:\\\/\\\/schema.org\",\"@graph\":[{\"@type\":\"Article\",\"@id\":\"https:\\\/\\\/www.quintoandar.com.br\\\/guias\\\/web-stories\\\/3-cidades-que-mais-crescem-minas-gerais\\\/#article\",\"isPartOf\":{\"@id\":\"https:\\\/\\\/www.quintoandar.com.br\\\/guias\\\/web-stories\\\/3-cidades-que-mais-crescem-minas-gerais\\\/\"},\"author\":{\"name\":\"Samantha Silva\",\"@id\":\"https:\\\/\\\/www.quintoandar.com.br\\\/guias\\\/#\\\/schema\\\/person\\\/f24d12d0fe0de5638ce540ae5e992867\"},\"headline\":\"3 cidades que mais crescem em Minas Gerais \ud83c\udfe0\",\"datePublished\":\"2024-07-18T22:12:27+00:00\",\"dateModified\":\"2024-07-18T22:12:29+00:00\",\"mainEntityOfPage\":{\"@id\":\"https:\\\/\\\/www.quintoandar.com.br\\\/guias\\\/web-stories\\\/3-cidades-que-mais-crescem-minas-gerais\\\/\"},\"wordCount\":220,\"image\":{\"@id\":\"https:\\\/\\\/www.quintoandar.com.br\\\/guias\\\/web-stories\\\/3-cidades-que-mais-crescem-minas-gerais\\\/#primaryimage\"},\"thumbnailUrl\":\"https:\\\/\\\/www.quintoandar.com.br\\\/guias\\\/wp-content\\\/uploads\\\/2024\\\/07\\\/cropped-ranking-do-pib-das-cidades-de-minas-gerais-.webp\",\"inLanguage\":\"pt-BR\"},{\"@type\":\"WebPage\",\"@id\":\"https:\\\/\\\/www.quintoandar.com.br\\\/guias\\\/web-stories\\\/3-cidades-que-mais-crescem-minas-gerais\\\/\",\"url\":\"https:\\\/\\\/www.quintoandar.com.br\\\/guias\\\/web-stories\\\/3-cidades-que-mais-crescem-minas-gerais\\\/\",\"name\":\"3 cidades que mais crescem em Minas Gerais \ud83c\udfe0 - QuintoAndar Guias\",\"isPartOf\":{\"@id\":\"https:\\\/\\\/www.quintoandar.com.br\\\/guias\\\/#website\"},\"primaryImageOfPage\":{\"@id\":\"https:\\\/\\\/www.quintoandar.com.br\\\/guias\\\/web-stories\\\/3-cidades-que-mais-crescem-minas-gerais\\\/#primaryimage\"},\"image\":{\"@id\":\"https:\\\/\\\/www.quintoandar.com.br\\\/guias\\\/web-stories\\\/3-cidades-que-mais-crescem-minas-gerais\\\/#primaryimage\"},\"thumbnailUrl\":\"https:\\\/\\\/www.quintoandar.com.br\\\/guias\\\/wp-content\\\/uploads\\\/2024\\\/07\\\/cropped-ranking-do-pib-das-cidades-de-minas-gerais-.webp\",\"datePublished\":\"2024-07-18T22:12:27+00:00\",\"dateModified\":\"2024-07-18T22:12:29+00:00\",\"breadcrumb\":{\"@id\":\"https:\\\/\\\/www.quintoandar.com.br\\\/guias\\\/web-stories\\\/3-cidades-que-mais-crescem-minas-gerais\\\/#breadcrumb\"},\"inLanguage\":\"pt-BR\",\"potentialAction\":[{\"@type\":\"ReadAction\",\"target\":[\"https:\\\/\\\/www.quintoandar.com.br\\\/guias\\\/web-stories\\\/3-cidades-que-mais-crescem-minas-gerais\\\/\"]}]},{\"@type\":\"ImageObject\",\"inLanguage\":\"pt-BR\",\"@id\":\"https:\\\/\\\/www.quintoandar.com.br\\\/guias\\\/web-stories\\\/3-cidades-que-mais-crescem-minas-gerais\\\/#primaryimage\",\"url\":\"https:\\\/\\\/www.quintoandar.com.br\\\/guias\\\/wp-content\\\/uploads\\\/2024\\\/07\\\/cropped-ranking-do-pib-das-cidades-de-minas-gerais-.webp\",\"contentUrl\":\"https:\\\/\\\/www.quintoandar.com.br\\\/guias\\\/wp-content\\\/uploads\\\/2024\\\/07\\\/cropped-ranking-do-pib-das-cidades-de-minas-gerais-.webp\",\"width\":640,\"height\":853,\"caption\":\"A economia do estado se fortaleceu principalmente devido \u00e0 minera\u00e7\u00e3o\"},{\"@type\":\"BreadcrumbList\",\"@id\":\"https:\\\/\\\/www.quintoandar.com.br\\\/guias\\\/web-stories\\\/3-cidades-que-mais-crescem-minas-gerais\\\/#breadcrumb\",\"itemListElement\":[{\"@type\":\"ListItem\",\"position\":1,\"name\":\"Home\",\"item\":\"https:\\\/\\\/www.quintoandar.com.br\\\/guias\\\/\"},{\"@type\":\"ListItem\",\"position\":2,\"name\":\"Story\",\"item\":\"https:\\\/\\\/www.quintoandar.com.br\\\/guias\\\/webstories\\\/\"},{\"@type\":\"ListItem\",\"position\":3,\"name\":\"3 cidades que mais crescem em Minas Gerais \ud83c\udfe0\"}]},{\"@type\":\"WebSite\",\"@id\":\"https:\\\/\\\/www.quintoandar.com.br\\\/guias\\\/#website\",\"url\":\"https:\\\/\\\/www.quintoandar.com.br\\\/guias\\\/\",\"name\":\"QuintoAndar Guias\",\"description\":\"Inspira\u00e7\u00e3o e tudo o que voc\u00ea precisa saber sobre o jeito mais f\u00e1cil de alugar e morar.\",\"potentialAction\":[{\"@type\":\"SearchAction\",\"target\":{\"@type\":\"EntryPoint\",\"urlTemplate\":\"https:\\\/\\\/www.quintoandar.com.br\\\/guias\\\/?s={search_term_string}\"},\"query-input\":{\"@type\":\"PropertyValueSpecification\",\"valueRequired\":true,\"valueName\":\"search_term_string\"}}],\"inLanguage\":\"pt-BR\"},{\"@type\":\"Person\",\"@id\":\"https:\\\/\\\/www.quintoandar.com.br\\\/guias\\\/#\\\/schema\\\/person\\\/f24d12d0fe0de5638ce540ae5e992867\",\"name\":\"Samantha Silva\",\"image\":{\"@type\":\"ImageObject\",\"inLanguage\":\"pt-BR\",\"@id\":\"https:\\\/\\\/secure.gravatar.com\\\/avatar\\\/19caf728ff50fe784eb0610c2f3b2d62a8d8fbfa00158fbb42aae55f817e8e90?s=96&d=mm&r=g\",\"url\":\"https:\\\/\\\/secure.gravatar.com\\\/avatar\\\/19caf728ff50fe784eb0610c2f3b2d62a8d8fbfa00158fbb42aae55f817e8e90?s=96&d=mm&r=g\",\"contentUrl\":\"https:\\\/\\\/secure.gravatar.com\\\/avatar\\\/19caf728ff50fe784eb0610c2f3b2d62a8d8fbfa00158fbb42aae55f817e8e90?s=96&d=mm&r=g\",\"caption\":\"Samantha Silva\"},\"url\":\"https:\\\/\\\/www.quintoandar.com.br\\\/guias\\\/author\\\/samantha-silva\\\/\"},false]}<\/script>\n<!-- \/ Yoast SEO Premium plugin. -->","yoast_head_json":{"title":"3 cidades que mais crescem em Minas Gerais \ud83c\udfe0 - QuintoAndar Guias","description":"Conhe\u00e7a quais as 3 cidades que mais crescem em Minas Gerais \ud83d\ude0a\ud83c\udfe0","robots":{"index":"index","follow":"follow","max-snippet":"max-snippet:-1","max-image-preview":"max-image-preview:large","max-video-preview":"max-video-preview:-1"},"canonical":"https:\/\/www.quintoandar.com.br\/guias\/web-stories\/3-cidades-que-mais-crescem-minas-gerais\/","og_locale":"pt_BR","og_type":"article","og_title":"3 cidades que mais crescem em Minas Gerais \ud83c\udfe0","og_description":"Conhe\u00e7a quais as 3 cidades que mais crescem em Minas Gerais \ud83d\ude0a\ud83c\udfe0","og_url":"https:\/\/www.quintoandar.com.br\/guias\/web-stories\/3-cidades-que-mais-crescem-minas-gerais\/","og_site_name":"QuintoAndar Guias","article_publisher":"https:\/\/www.facebook.com\/quintoandar.com.br\/","article_modified_time":"2024-07-18T22:12:29+00:00","og_image":[{"width":640,"height":853,"url":"https:\/\/www.quintoandar.com.br\/guias\/wp-content\/uploads\/2024\/07\/cropped-ranking-do-pib-das-cidades-de-minas-gerais-.webp","type":"image\/webp"}],"twitter_card":"summary_large_image","twitter_misc":{"Est. tempo de leitura":"1 minuto"},"schema":{"@context":"https:\/\/schema.org","@graph":[{"@type":"Article","@id":"https:\/\/www.quintoandar.com.br\/guias\/web-stories\/3-cidades-que-mais-crescem-minas-gerais\/#article","isPartOf":{"@id":"https:\/\/www.quintoandar.com.br\/guias\/web-stories\/3-cidades-que-mais-crescem-minas-gerais\/"},"author":{"name":"Samantha Silva","@id":"https:\/\/www.quintoandar.com.br\/guias\/#\/schema\/person\/f24d12d0fe0de5638ce540ae5e992867"},"headline":"3 cidades que mais crescem em Minas Gerais \ud83c\udfe0","datePublished":"2024-07-18T22:12:27+00:00","dateModified":"2024-07-18T22:12:29+00:00","mainEntityOfPage":{"@id":"https:\/\/www.quintoandar.com.br\/guias\/web-stories\/3-cidades-que-mais-crescem-minas-gerais\/"},"wordCount":220,"image":{"@id":"https:\/\/www.quintoandar.com.br\/guias\/web-stories\/3-cidades-que-mais-crescem-minas-gerais\/#primaryimage"},"thumbnailUrl":"https:\/\/www.quintoandar.com.br\/guias\/wp-content\/uploads\/2024\/07\/cropped-ranking-do-pib-das-cidades-de-minas-gerais-.webp","inLanguage":"pt-BR"},{"@type":"WebPage","@id":"https:\/\/www.quintoandar.com.br\/guias\/web-stories\/3-cidades-que-mais-crescem-minas-gerais\/","url":"https:\/\/www.quintoandar.com.br\/guias\/web-stories\/3-cidades-que-mais-crescem-minas-gerais\/","name":"3 cidades que mais crescem em Minas Gerais \ud83c\udfe0 - QuintoAndar Guias","isPartOf":{"@id":"https:\/\/www.quintoandar.com.br\/guias\/#website"},"primaryImageOfPage":{"@id":"https:\/\/www.quintoandar.com.br\/guias\/web-stories\/3-cidades-que-mais-crescem-minas-gerais\/#primaryimage"},"image":{"@id":"https:\/\/www.quintoandar.com.br\/guias\/web-stories\/3-cidades-que-mais-crescem-minas-gerais\/#primaryimage"},"thumbnailUrl":"https:\/\/www.quintoandar.com.br\/guias\/wp-content\/uploads\/2024\/07\/cropped-ranking-do-pib-das-cidades-de-minas-gerais-.webp","datePublished":"2024-07-18T22:12:27+00:00","dateModified":"2024-07-18T22:12:29+00:00","breadcrumb":{"@id":"https:\/\/www.quintoandar.com.br\/guias\/web-stories\/3-cidades-que-mais-crescem-minas-gerais\/#breadcrumb"},"inLanguage":"pt-BR","potentialAction":[{"@type":"ReadAction","target":["https:\/\/www.quintoandar.com.br\/guias\/web-stories\/3-cidades-que-mais-crescem-minas-gerais\/"]}]},{"@type":"ImageObject","inLanguage":"pt-BR","@id":"https:\/\/www.quintoandar.com.br\/guias\/web-stories\/3-cidades-que-mais-crescem-minas-gerais\/#primaryimage","url":"https:\/\/www.quintoandar.com.br\/guias\/wp-content\/uploads\/2024\/07\/cropped-ranking-do-pib-das-cidades-de-minas-gerais-.webp","contentUrl":"https:\/\/www.quintoandar.com.br\/guias\/wp-content\/uploads\/2024\/07\/cropped-ranking-do-pib-das-cidades-de-minas-gerais-.webp","width":640,"height":853,"caption":"A economia do estado se fortaleceu principalmente devido \u00e0 minera\u00e7\u00e3o"},{"@type":"BreadcrumbList","@id":"https:\/\/www.quintoandar.com.br\/guias\/web-stories\/3-cidades-que-mais-crescem-minas-gerais\/#breadcrumb","itemListElement":[{"@type":"ListItem","position":1,"name":"Home","item":"https:\/\/www.quintoandar.com.br\/guias\/"},{"@type":"ListItem","position":2,"name":"Story","item":"https:\/\/www.quintoandar.com.br\/guias\/webstories\/"},{"@type":"ListItem","position":3,"name":"3 cidades que mais crescem em Minas Gerais \ud83c\udfe0"}]},{"@type":"WebSite","@id":"https:\/\/www.quintoandar.com.br\/guias\/#website","url":"https:\/\/www.quintoandar.com.br\/guias\/","name":"QuintoAndar Guias","description":"Inspira\u00e7\u00e3o e tudo o que voc\u00ea precisa saber sobre o jeito mais f\u00e1cil de alugar e morar.","potentialAction":[{"@type":"SearchAction","target":{"@type":"EntryPoint","urlTemplate":"https:\/\/www.quintoandar.com.br\/guias\/?s={search_term_string}"},"query-input":{"@type":"PropertyValueSpecification","valueRequired":true,"valueName":"search_term_string"}}],"inLanguage":"pt-BR"},{"@type":"Person","@id":"https:\/\/www.quintoandar.com.br\/guias\/#\/schema\/person\/f24d12d0fe0de5638ce540ae5e992867","name":"Samantha Silva","image":{"@type":"ImageObject","inLanguage":"pt-BR","@id":"https:\/\/secure.gravatar.com\/avatar\/19caf728ff50fe784eb0610c2f3b2d62a8d8fbfa00158fbb42aae55f817e8e90?s=96&d=mm&r=g","url":"https:\/\/secure.gravatar.com\/avatar\/19caf728ff50fe784eb0610c2f3b2d62a8d8fbfa00158fbb42aae55f817e8e90?s=96&d=mm&r=g","contentUrl":"https:\/\/secure.gravatar.com\/avatar\/19caf728ff50fe784eb0610c2f3b2d62a8d8fbfa00158fbb42aae55f817e8e90?s=96&d=mm&r=g","caption":"Samantha Silva"},"url":"https:\/\/www.quintoandar.com.br\/guias\/author\/samantha-silva\/"},false]}},"yasr_visitor_votes":{"stars_attributes":{"read_only":false,"span_bottom":false},"number_of_votes":0,"sum_votes":0},"featured_img":"https:\/\/www.quintoandar.com.br\/guias\/wp-content\/uploads\/2024\/07\/cropped-ranking-do-pib-das-cidades-de-minas-gerais--530x337.webp","coauthors":[],"author_meta":{"author_link":"https:\/\/www.quintoandar.com.br\/guias\/author\/samantha-silva\/","display_name":"Samantha Silva"},"relative_dates":{"created":"Publicado 2 anos atr\u00e1s","modified":"Atualizado 2 anos atr\u00e1s"},"absolute_dates":{"created":"Publicado em julho 18, 2024","modified":"Atualizado em julho 18, 2024"},"absolute_dates_time":{"created":"Publicado em julho 18, 2024 7:12 pm","modified":"Atualizado em julho 18, 2024 7:12 pm"},"featured_img_caption":"A economia do estado se fortaleceu principalmente devido \u00e0 minera\u00e7\u00e3o","tax_additional":{"web_story_category":{"linked":[],"unlinked":[],"slug":"web_story_category","name":"Categorias"},"web_story_tag":{"linked":[],"unlinked":[],"slug":"web_story_tag","name":"Tags"}},"series_order":"","acf":{"aprovacao_web_stories":"Aprovado"},"slug_history":["3-cidades-que-mais-crescem-minas-gerais"],"story_data":{"version":47,"pages":[{"elements":[{"opacity":100,"flip":{"vertical":false,"horizontal":false},"rotationAngle":0,"lockAspectRatio":true,"x":1,"y":1,"width":1,"height":1,"mask":{"type":"rectangle"},"isBackground":true,"isDefaultBackground":true,"id":"5e4c0825-cf1b-4ce6-b362-6dec3c39bb1b","type":"shape","basedOn":"9d5c2b2c-8e34-4118-a1bc-f01f76f862b3"},{"opacity":100,"flip":{"vertical":false,"horizontal":false},"rotationAngle":0,"lockAspectRatio":true,"backgroundTextMode":"NONE","font":{"family":"Poppins"},"fontSize":33,"backgroundColor":{"color":{"r":196,"g":196,"b":196}},"lineHeight":1.1,"textAlign":"left","padding":{"locked":true,"hasHiddenPadding":false,"horizontal":0,"vertical":0},"type":"text","content":"<span style=\"font-weight: 600; color: #f8f9f5\">Descubra 3 cidades que mais crescem em Minas Gerais \ud83c\udfe0<\/span>","borderRadius":{"locked":true,"topLeft":2,"topRight":2,"bottomRight":2,"bottomLeft":2},"x":51,"y":129,"width":313,"height":155,"basedOn":"925eb8c3-889d-4d34-a0f2-c210323ef74a","marginOffset":-11.099999999999994,"id":"3c610e28-eb19-4563-a420-3950da19ad2d"},{"opacity":100,"flip":{"vertical":false,"horizontal":false},"rotationAngle":0,"lockAspectRatio":true,"backgroundColor":{"color":{"r":163,"g":199,"b":161}},"type":"shape","x":48,"y":304,"width":314,"height":314,"mask":{"type":"rectangle"},"basedOn":"ab8bfbba-ba72-4633-8fe5-d08c534ef764","id":"ee0795d1-7930-4c6d-9924-605ff66db8fa"},{"opacity":100,"flip":{"vertical":false,"horizontal":false},"rotationAngle":0,"lockAspectRatio":true,"backgroundColor":{"color":{"r":196,"g":196,"b":196}},"type":"image","resource":{"type":"image","mimeType":"image\/webp","width":2121,"height":1414,"sizes":{"medium":{"file":"ranking-do-pib-das-cidades-de-minas-gerais--300x200.webp","width":300,"height":200,"filesize":18900,"mimeType":"image\/webp","sourceUrl":"https:\/\/www.quintoandar.com.br\/guias\/wp-content\/uploads\/2024\/07\/ranking-do-pib-das-cidades-de-minas-gerais--300x200.webp"},"large":{"file":"ranking-do-pib-das-cidades-de-minas-gerais--1024x683.webp","width":1024,"height":683,"filesize":168936,"mimeType":"image\/webp","sourceUrl":"https:\/\/www.quintoandar.com.br\/guias\/wp-content\/uploads\/2024\/07\/ranking-do-pib-das-cidades-de-minas-gerais--1024x683.webp"},"thumbnail":{"file":"ranking-do-pib-das-cidades-de-minas-gerais--150x150.webp","width":150,"height":150,"filesize":7420,"mimeType":"image\/webp","sourceUrl":"https:\/\/www.quintoandar.com.br\/guias\/wp-content\/uploads\/2024\/07\/ranking-do-pib-das-cidades-de-minas-gerais--150x150.webp"},"medium_large":{"file":"ranking-do-pib-das-cidades-de-minas-gerais--768x512.webp","width":768,"height":512,"filesize":101248,"mimeType":"image\/webp","sourceUrl":"https:\/\/www.quintoandar.com.br\/guias\/wp-content\/uploads\/2024\/07\/ranking-do-pib-das-cidades-de-minas-gerais--768x512.webp"},"1536x1536":{"file":"ranking-do-pib-das-cidades-de-minas-gerais--1536x1024.webp","width":1536,"height":1024,"filesize":323076,"mimeType":"image\/webp","sourceUrl":"https:\/\/www.quintoandar.com.br\/guias\/wp-content\/uploads\/2024\/07\/ranking-do-pib-das-cidades-de-minas-gerais--1536x1024.webp"},"2048x2048":{"file":"ranking-do-pib-das-cidades-de-minas-gerais--2048x1365.webp","width":2048,"height":1365,"filesize":494754,"mimeType":"image\/webp","sourceUrl":"https:\/\/www.quintoandar.com.br\/guias\/wp-content\/uploads\/2024\/07\/ranking-do-pib-das-cidades-de-minas-gerais--2048x1365.webp"},"post-thumbnail":{"file":"ranking-do-pib-das-cidades-de-minas-gerais--530x337.webp","width":530,"height":337,"filesize":50534,"mimeType":"image\/webp","sourceUrl":"https:\/\/www.quintoandar.com.br\/guias\/wp-content\/uploads\/2024\/07\/ranking-do-pib-das-cidades-de-minas-gerais--530x337.webp"},"chamada-destaque":{"file":"ranking-do-pib-das-cidades-de-minas-gerais--800x687.webp","width":800,"height":687,"filesize":125524,"mimeType":"image\/webp","sourceUrl":"https:\/\/www.quintoandar.com.br\/guias\/wp-content\/uploads\/2024\/07\/ranking-do-pib-das-cidades-de-minas-gerais--800x687.webp"},"single-destaque":{"file":"ranking-do-pib-das-cidades-de-minas-gerais--850x680.webp","width":850,"height":680,"filesize":135686,"mimeType":"image\/webp","sourceUrl":"https:\/\/www.quintoandar.com.br\/guias\/wp-content\/uploads\/2024\/07\/ranking-do-pib-das-cidades-de-minas-gerais--850x680.webp"},"alm-thumbnail":{"file":"ranking-do-pib-das-cidades-de-minas-gerais--150x150.webp","width":150,"height":150,"filesize":7420,"mimeType":"image\/webp","sourceUrl":"https:\/\/www.quintoandar.com.br\/guias\/wp-content\/uploads\/2024\/07\/ranking-do-pib-das-cidades-de-minas-gerais--150x150.webp"},"wpvqgr-square-answer":{"file":"ranking-do-pib-das-cidades-de-minas-gerais--300x300.webp","width":300,"height":300,"filesize":24816,"mimeType":"image\/webp","sourceUrl":"https:\/\/www.quintoandar.com.br\/guias\/wp-content\/uploads\/2024\/07\/ranking-do-pib-das-cidades-de-minas-gerais--300x300.webp"},"web-stories-poster-portrait":{"file":"ranking-do-pib-das-cidades-de-minas-gerais--640x853.webp","width":640,"height":853,"filesize":99882,"mimeType":"image\/webp","sourceUrl":"https:\/\/www.quintoandar.com.br\/guias\/wp-content\/uploads\/2024\/07\/ranking-do-pib-das-cidades-de-minas-gerais--640x853.webp"},"web-stories-publisher-logo":{"file":"ranking-do-pib-das-cidades-de-minas-gerais--96x96.webp","width":96,"height":96,"filesize":3182,"mimeType":"image\/webp","sourceUrl":"https:\/\/www.quintoandar.com.br\/guias\/wp-content\/uploads\/2024\/07\/ranking-do-pib-das-cidades-de-minas-gerais--96x96.webp"},"web-stories-thumbnail":{"file":"ranking-do-pib-das-cidades-de-minas-gerais--150x100.webp","width":150,"height":100,"filesize":5464,"mimeType":"image\/webp","sourceUrl":"https:\/\/www.quintoandar.com.br\/guias\/wp-content\/uploads\/2024\/07\/ranking-do-pib-das-cidades-de-minas-gerais--150x100.webp"},"full":{"file":"ranking-do-pib-das-cidades-de-minas-gerais-.webp","width":2121,"height":1414,"mimeType":"image\/webp","sourceUrl":"https:\/\/www.quintoandar.com.br\/guias\/wp-content\/uploads\/2024\/07\/ranking-do-pib-das-cidades-de-minas-gerais-.webp"}},"isPlaceholder":false,"isExternal":false,"needsProxy":false,"baseColor":"#675246","blurHash":"","creationDate":"2024-07-12T13:44:08","src":"https:\/\/www.quintoandar.com.br\/guias\/wp-content\/uploads\/2024\/07\/ranking-do-pib-das-cidades-de-minas-gerais-.webp","id":500663,"alt":"Imagem de vista mirante em Minas Gerais em um dia de sol mostra pr\u00e9dios da cidade para ilustrar mat\u00e9ria sobre o ranking do PIB das cidades de Minas Gerais","local":false},"x":62,"y":317,"width":286,"height":286,"scale":100,"focalX":50,"focalY":50,"mask":{"type":"rectangle"},"alt":"Imagem que mostra a cidade de Minas Gerais","link":{"needsProxy":false,"url":"https:\/\/www.quintoandar.com.br\/guias\/cidades-que-mais-crescem-em-minas-gerais","rel":[],"type":"regular","pageId":null,"icon":"https:\/\/www.quintoandar.com.br\/guias\/wp-content\/uploads\/2024\/06\/cidades-que-mais-crescem-em-minas-gerais.webp","desc":"As 5 cidades que mais crescem em Minas Gerais"},"borderRadius":{"topLeft":0,"topRight":0,"bottomRight":0,"bottomLeft":0,"locked":true},"basedOn":"4f518b76-d05f-4e2b-bbdf-59450fababca","id":"2eadb7ee-ddcd-4d3b-a70c-3ca81c4c59fe"},{"opacity":100,"flip":{"vertical":false,"horizontal":false},"rotationAngle":0,"lockAspectRatio":true,"scale":100,"focalX":50,"focalY":50,"resource":{"baseColor":"#ffffff","type":"image","mimeType":"image\/png","creationDate":"2022-01-17T15:00:10","src":"https:\/\/quintoandar.com.br\/guias\/wp-content\/uploads\/2022\/01\/image-17.png","width":566,"height":88,"id":428567,"alt":"image","sizes":{"medium":{"file":"image-17-300x47.png","width":300,"height":47,"mimeType":"image\/png","sourceUrl":"https:\/\/quintoandar.com.br\/guias\/wp-content\/uploads\/2022\/01\/image-17-300x47.png"},"thumbnail":{"file":"image-17-150x88.png","width":150,"height":88,"mimeType":"image\/png","sourceUrl":"https:\/\/quintoandar.com.br\/guias\/wp-content\/uploads\/2022\/01\/image-17-150x88.png"},"post-thumbnail":{"file":"image-17-350x88.png","width":350,"height":88,"mimeType":"image\/png","sourceUrl":"https:\/\/quintoandar.com.br\/guias\/wp-content\/uploads\/2022\/01\/image-17-350x88.png"},"alm-thumbnail":{"file":"image-17-150x88.png","width":150,"height":88,"mimeType":"image\/png","sourceUrl":"https:\/\/quintoandar.com.br\/guias\/wp-content\/uploads\/2022\/01\/image-17-150x88.png"},"wpvqgr-square-answer":{"file":"image-17-300x88.png","width":300,"height":88,"mimeType":"image\/png","sourceUrl":"https:\/\/quintoandar.com.br\/guias\/wp-content\/uploads\/2022\/01\/image-17-300x88.png"},"web-stories-publisher-logo":{"file":"image-17-96x88.png","width":96,"height":88,"mimeType":"image\/png","sourceUrl":"https:\/\/quintoandar.com.br\/guias\/wp-content\/uploads\/2022\/01\/image-17-96x88.png"},"web-stories-thumbnail":{"file":"image-17-150x23.png","width":150,"height":23,"mimeType":"image\/png","sourceUrl":"https:\/\/quintoandar.com.br\/guias\/wp-content\/uploads\/2022\/01\/image-17-150x23.png"},"full":{"file":"image-17.png","width":566,"height":88,"mimeType":"image\/png","sourceUrl":"https:\/\/quintoandar.com.br\/guias\/wp-content\/uploads\/2022\/01\/image-17.png"}},"isPlaceholder":false,"isOptimized":false,"isMuted":false,"isExternal":false,"needsProxy":false},"type":"image","x":48,"y":0,"width":225,"height":35,"mask":{"type":"rectangle","showInLibrary":true,"name":"Ret\u00e2ngulo","path":"M 0,0 1,0 1,1 0,1 0,0 Z","ratio":1,"supportsBorder":true},"basedOn":"40807069-eed4-48b6-8569-54a6b1987b02","id":"d082c74c-3fa3-443a-8afc-1566b8cbf2d1"}],"animations":[],"backgroundColor":{"color":{"r":36,"g":88,"b":37}},"type":"page","id":"263f42bc-a79f-495c-96c8-15ded26152f5"},{"elements":[{"opacity":100,"flip":{"vertical":false,"horizontal":false},"rotationAngle":0,"lockAspectRatio":true,"x":1,"y":1,"width":1,"height":1,"mask":{"type":"rectangle"},"isBackground":true,"isDefaultBackground":true,"id":"d2b72a51-1e66-4949-8dca-7e94d60af9ce","type":"shape","basedOn":"666d07d0-ac8b-4c81-806e-ec46cbe6d736"},{"opacity":100,"flip":{"vertical":false,"horizontal":false},"rotationAngle":0,"lockAspectRatio":false,"backgroundColor":{"color":{"r":248,"g":249,"b":245}},"type":"shape","x":0,"y":-57,"width":413,"height":375,"mask":{"type":"rectangle"},"basedOn":"c54125fb-2735-44bb-a56b-1d5d495c0b24","id":"7ea6faf4-79c1-4c85-baa8-8f8f53550695"},{"opacity":100,"flip":{"vertical":false,"horizontal":false},"rotationAngle":0,"lockAspectRatio":false,"backgroundTextMode":"NONE","font":{"family":"Poppins"},"fontSize":19,"backgroundColor":{"color":{"r":196,"g":196,"b":196}},"lineHeight":1.1,"textAlign":"initial","padding":{"locked":true,"horizontal":0,"vertical":0},"type":"text","content":"Vamos explorar as cidades que mais se destacam no cen\u00e1rio de crescimento em Minas Gerais? \ud83d\ude0a","basedOn":"a42619f5-e21a-46bf-a29b-feb6811e10ca","x":48,"y":110,"width":337,"height":68,"marginOffset":-11.099999999999994,"id":"8a26d018-0739-4342-b710-81b13a34441d"},{"opacity":100,"flip":{"vertical":false,"horizontal":false},"rotationAngle":0,"lockAspectRatio":false,"backgroundColor":{"color":{"r":36,"g":88,"b":37}},"type":"shape","x":0,"y":287,"width":413,"height":396,"mask":{"type":"rectangle"},"basedOn":"b0a83431-e82c-474f-9b54-4b372dc40c43","id":"21758096-c7b6-43d4-bc9f-fd2e9434d798"},{"opacity":100,"flip":{"vertical":false,"horizontal":false},"rotationAngle":0,"lockAspectRatio":true,"scale":100,"focalX":50,"focalY":50,"resource":{"type":"image","mimeType":"image\/webp","width":1280,"height":853,"sizes":{"medium":{"file":"qual-a-cidade-de-minas-gerais-que-mais-cresce-300x200.webp","width":300,"height":200,"filesize":18920,"mimeType":"image\/webp","sourceUrl":"https:\/\/www.quintoandar.com.br\/guias\/wp-content\/uploads\/2024\/07\/qual-a-cidade-de-minas-gerais-que-mais-cresce-300x200.webp"},"large":{"file":"qual-a-cidade-de-minas-gerais-que-mais-cresce-1024x682.webp","width":1024,"height":682,"filesize":99268,"mimeType":"image\/webp","sourceUrl":"https:\/\/www.quintoandar.com.br\/guias\/wp-content\/uploads\/2024\/07\/qual-a-cidade-de-minas-gerais-que-mais-cresce-1024x682.webp"},"thumbnail":{"file":"qual-a-cidade-de-minas-gerais-que-mais-cresce-150x150.webp","width":150,"height":150,"filesize":12284,"mimeType":"image\/webp","sourceUrl":"https:\/\/www.quintoandar.com.br\/guias\/wp-content\/uploads\/2024\/07\/qual-a-cidade-de-minas-gerais-que-mais-cresce-150x150.webp"},"medium_large":{"file":"qual-a-cidade-de-minas-gerais-que-mais-cresce-768x512.webp","width":768,"height":512,"filesize":66534,"mimeType":"image\/webp","sourceUrl":"https:\/\/www.quintoandar.com.br\/guias\/wp-content\/uploads\/2024\/07\/qual-a-cidade-de-minas-gerais-que-mais-cresce-768x512.webp"},"post-thumbnail":{"file":"qual-a-cidade-de-minas-gerais-que-mais-cresce-530x337.webp","width":530,"height":337,"filesize":38166,"mimeType":"image\/webp","sourceUrl":"https:\/\/www.quintoandar.com.br\/guias\/wp-content\/uploads\/2024\/07\/qual-a-cidade-de-minas-gerais-que-mais-cresce-530x337.webp"},"chamada-destaque":{"file":"qual-a-cidade-de-minas-gerais-que-mais-cresce-800x687.webp","width":800,"height":687,"filesize":84214,"mimeType":"image\/webp","sourceUrl":"https:\/\/www.quintoandar.com.br\/guias\/wp-content\/uploads\/2024\/07\/qual-a-cidade-de-minas-gerais-que-mais-cresce-800x687.webp"},"single-destaque":{"file":"qual-a-cidade-de-minas-gerais-que-mais-cresce-850x680.webp","width":850,"height":680,"filesize":86222,"mimeType":"image\/webp","sourceUrl":"https:\/\/www.quintoandar.com.br\/guias\/wp-content\/uploads\/2024\/07\/qual-a-cidade-de-minas-gerais-que-mais-cresce-850x680.webp"},"alm-thumbnail":{"file":"qual-a-cidade-de-minas-gerais-que-mais-cresce-150x150.webp","width":150,"height":150,"filesize":12284,"mimeType":"image\/webp","sourceUrl":"https:\/\/www.quintoandar.com.br\/guias\/wp-content\/uploads\/2024\/07\/qual-a-cidade-de-minas-gerais-que-mais-cresce-150x150.webp"},"wpvqgr-square-answer":{"file":"qual-a-cidade-de-minas-gerais-que-mais-cresce-300x300.webp","width":300,"height":300,"filesize":23936,"mimeType":"image\/webp","sourceUrl":"https:\/\/www.quintoandar.com.br\/guias\/wp-content\/uploads\/2024\/07\/qual-a-cidade-de-minas-gerais-que-mais-cresce-300x300.webp"},"web-stories-poster-portrait":{"file":"qual-a-cidade-de-minas-gerais-que-mais-cresce-640x853.webp","width":640,"height":853,"filesize":72446,"mimeType":"image\/webp","sourceUrl":"https:\/\/www.quintoandar.com.br\/guias\/wp-content\/uploads\/2024\/07\/qual-a-cidade-de-minas-gerais-que-mais-cresce-640x853.webp"},"web-stories-publisher-logo":{"file":"qual-a-cidade-de-minas-gerais-que-mais-cresce-96x96.webp","width":96,"height":96,"filesize":9338,"mimeType":"image\/webp","sourceUrl":"https:\/\/www.quintoandar.com.br\/guias\/wp-content\/uploads\/2024\/07\/qual-a-cidade-de-minas-gerais-que-mais-cresce-96x96.webp"},"web-stories-thumbnail":{"file":"qual-a-cidade-de-minas-gerais-que-mais-cresce-150x100.webp","width":150,"height":100,"filesize":10752,"mimeType":"image\/webp","sourceUrl":"https:\/\/www.quintoandar.com.br\/guias\/wp-content\/uploads\/2024\/07\/qual-a-cidade-de-minas-gerais-que-mais-cresce-150x100.webp"},"full":{"file":"qual-a-cidade-de-minas-gerais-que-mais-cresce.webp","width":1280,"height":853,"mimeType":"image\/webp","sourceUrl":"https:\/\/www.quintoandar.com.br\/guias\/wp-content\/uploads\/2024\/07\/qual-a-cidade-de-minas-gerais-que-mais-cresce.webp"}},"isPlaceholder":false,"isExternal":false,"needsProxy":false,"baseColor":"#363430","blurHash":"","creationDate":"2024-07-12T13:44:04","src":"https:\/\/www.quintoandar.com.br\/guias\/wp-content\/uploads\/2024\/07\/qual-a-cidade-de-minas-gerais-que-mais-cresce.webp","id":500662,"alt":"Imagem a\u00e9rea de pr\u00e9dios em cidade do estado de Minas Gerais para ilustrar mat\u00e9ria sobre qual a cidade de Minas Gerais que mais cresce","local":false},"type":"image","x":21,"y":308,"width":373,"height":347,"mask":{"type":"rectangle","showInLibrary":true,"name":"Ret\u00e2ngulo","path":"M 0,0 1,0 1,1 0,1 0,0 Z","ratio":1,"supportsBorder":true},"resizeWidth":282.46602,"resizeHeight":262.742,"basedOn":"eb333b83-ca24-4ced-8813-f040f891be0f","id":"9e920425-d3be-4cc9-a9ee-914dc60cf5ba","alt":"V\u00eddeo que ilustra mulher abrindo um p\u00e3ozinho de queijo."}],"animations":[],"backgroundColor":{"color":{"r":80,"g":99,"b":248}},"type":"page","id":"97f1302f-1e63-474a-9a0c-67f1cf96346e","defaultBackgroundElement":{"opacity":100,"flip":{"vertical":false,"horizontal":false},"rotationAngle":0,"lockAspectRatio":true,"backgroundColor":{"color":{"r":196,"g":196,"b":196}},"x":1,"y":1,"width":1,"height":1,"mask":{"type":"rectangle"},"isBackground":true,"isDefaultBackground":true,"type":"shape","id":"82332c42-4b5e-45b9-8fd8-e5c8ae9f0e65"}},{"elements":[{"opacity":100,"flip":{"vertical":false,"horizontal":false},"rotationAngle":0,"lockAspectRatio":true,"backgroundColor":{"color":{"r":196,"g":196,"b":196}},"x":1,"y":1,"width":1,"height":1,"mask":{"type":"rectangle"},"isBackground":true,"isDefaultBackground":true,"id":"1c25f681-f6d8-49ee-a2f6-ce91d7d670d8","basedOn":"666d07d0-ac8b-4c81-806e-ec46cbe6d736","type":"shape"},{"opacity":100,"flip":{"vertical":false,"horizontal":false},"rotationAngle":0,"lockAspectRatio":false,"backgroundColor":{"color":{"r":248,"g":249,"b":245}},"x":0,"y":-57,"width":413,"height":375,"mask":{"type":"rectangle"},"basedOn":"c54125fb-2735-44bb-a56b-1d5d495c0b24","id":"033057dd-7a9a-4681-967b-3b8cbfea1f6b","type":"shape"},{"opacity":100,"flip":{"vertical":false,"horizontal":false},"rotationAngle":0,"lockAspectRatio":false,"backgroundTextMode":"NONE","font":{"family":"Poppins"},"fontSize":19,"backgroundColor":{"color":{"r":196,"g":196,"b":196}},"lineHeight":1.1,"textAlign":"initial","padding":{"locked":true,"horizontal":0,"vertical":0},"content":"O desenvolvimento econ\u00f4mico, a melhoria da infraestrutura e a cria\u00e7\u00e3o de novas oportunidades de emprego s\u00e3o fatores-chave para esse crescimento.\n\nAproveite para ver im\u00f3veis para alugar em cada uma delas \ud83c\udfe0","basedOn":"a42619f5-e21a-46bf-a29b-feb6811e10ca","x":50,"y":53,"width":314,"height":173,"marginOffset":-11.099999999999994,"id":"ebec7bb6-1958-4ee8-aadb-6b634e4fbf94","type":"text"},{"opacity":100,"flip":{"vertical":false,"horizontal":false},"rotationAngle":0,"lockAspectRatio":false,"backgroundColor":{"color":{"r":36,"g":88,"b":37}},"x":0,"y":287,"width":413,"height":396,"mask":{"type":"rectangle"},"basedOn":"b0a83431-e82c-474f-9b54-4b372dc40c43","id":"b7a3f050-8e9d-44d3-a8e4-4c0375565d48","type":"shape"},{"opacity":100,"flip":{"vertical":false,"horizontal":false},"rotationAngle":0,"lockAspectRatio":true,"scale":100,"focalX":50,"focalY":50,"resource":{"type":"image","mimeType":"image\/webp","width":2310,"height":1298,"sizes":{"medium":{"file":"qual-a-cidade-mais-fria-de-minas-gerais-300x169.webp","width":300,"height":169,"filesize":15692,"mimeType":"image\/webp","sourceUrl":"https:\/\/www.quintoandar.com.br\/guias\/wp-content\/uploads\/2024\/05\/qual-a-cidade-mais-fria-de-minas-gerais-300x169.webp"},"large":{"file":"qual-a-cidade-mais-fria-de-minas-gerais-1024x575.webp","width":1024,"height":575,"filesize":149214,"mimeType":"image\/webp","sourceUrl":"https:\/\/www.quintoandar.com.br\/guias\/wp-content\/uploads\/2024\/05\/qual-a-cidade-mais-fria-de-minas-gerais-1024x575.webp"},"thumbnail":{"file":"qual-a-cidade-mais-fria-de-minas-gerais-150x150.webp","width":150,"height":150,"filesize":8530,"mimeType":"image\/webp","sourceUrl":"https:\/\/www.quintoandar.com.br\/guias\/wp-content\/uploads\/2024\/05\/qual-a-cidade-mais-fria-de-minas-gerais-150x150.webp"},"medium_large":{"file":"qual-a-cidade-mais-fria-de-minas-gerais-768x432.webp","width":768,"height":432,"filesize":89806,"mimeType":"image\/webp","sourceUrl":"https:\/\/www.quintoandar.com.br\/guias\/wp-content\/uploads\/2024\/05\/qual-a-cidade-mais-fria-de-minas-gerais-768x432.webp"},"1536x1536":{"file":"qual-a-cidade-mais-fria-de-minas-gerais-1536x863.webp","width":1536,"height":863,"filesize":293356,"mimeType":"image\/webp","sourceUrl":"https:\/\/www.quintoandar.com.br\/guias\/wp-content\/uploads\/2024\/05\/qual-a-cidade-mais-fria-de-minas-gerais-1536x863.webp"},"2048x2048":{"file":"qual-a-cidade-mais-fria-de-minas-gerais-2048x1151.webp","width":2048,"height":1151,"filesize":459740,"mimeType":"image\/webp","sourceUrl":"https:\/\/www.quintoandar.com.br\/guias\/wp-content\/uploads\/2024\/05\/qual-a-cidade-mais-fria-de-minas-gerais-2048x1151.webp"},"post-thumbnail":{"file":"qual-a-cidade-mais-fria-de-minas-gerais-530x337.webp","width":530,"height":337,"filesize":52934,"mimeType":"image\/webp","sourceUrl":"https:\/\/www.quintoandar.com.br\/guias\/wp-content\/uploads\/2024\/05\/qual-a-cidade-mais-fria-de-minas-gerais-530x337.webp"},"chamada-destaque":{"file":"qual-a-cidade-mais-fria-de-minas-gerais-800x687.webp","width":800,"height":687,"filesize":154216,"mimeType":"image\/webp","sourceUrl":"https:\/\/www.quintoandar.com.br\/guias\/wp-content\/uploads\/2024\/05\/qual-a-cidade-mais-fria-de-minas-gerais-800x687.webp"},"single-destaque":{"file":"qual-a-cidade-mais-fria-de-minas-gerais-850x680.webp","width":850,"height":680,"filesize":157860,"mimeType":"image\/webp","sourceUrl":"https:\/\/www.quintoandar.com.br\/guias\/wp-content\/uploads\/2024\/05\/qual-a-cidade-mais-fria-de-minas-gerais-850x680.webp"},"alm-thumbnail":{"file":"qual-a-cidade-mais-fria-de-minas-gerais-150x150.webp","width":150,"height":150,"filesize":8530,"mimeType":"image\/webp","sourceUrl":"https:\/\/www.quintoandar.com.br\/guias\/wp-content\/uploads\/2024\/05\/qual-a-cidade-mais-fria-de-minas-gerais-150x150.webp"},"wpvqgr-square-answer":{"file":"qual-a-cidade-mais-fria-de-minas-gerais-300x300.webp","width":300,"height":300,"filesize":30474,"mimeType":"image\/webp","sourceUrl":"https:\/\/www.quintoandar.com.br\/guias\/wp-content\/uploads\/2024\/05\/qual-a-cidade-mais-fria-de-minas-gerais-300x300.webp"},"web-stories-poster-portrait":{"file":"qual-a-cidade-mais-fria-de-minas-gerais-640x853.webp","width":640,"height":853,"filesize":147036,"mimeType":"image\/webp","sourceUrl":"https:\/\/www.quintoandar.com.br\/guias\/wp-content\/uploads\/2024\/05\/qual-a-cidade-mais-fria-de-minas-gerais-640x853.webp"},"web-stories-publisher-logo":{"file":"qual-a-cidade-mais-fria-de-minas-gerais-96x96.webp","width":96,"height":96,"filesize":3730,"mimeType":"image\/webp","sourceUrl":"https:\/\/www.quintoandar.com.br\/guias\/wp-content\/uploads\/2024\/05\/qual-a-cidade-mais-fria-de-minas-gerais-96x96.webp"},"web-stories-thumbnail":{"file":"qual-a-cidade-mais-fria-de-minas-gerais-150x84.webp","width":150,"height":84,"filesize":4414,"mimeType":"image\/webp","sourceUrl":"https:\/\/www.quintoandar.com.br\/guias\/wp-content\/uploads\/2024\/05\/qual-a-cidade-mais-fria-de-minas-gerais-150x84.webp"},"full":{"file":"qual-a-cidade-mais-fria-de-minas-gerais.webp","width":2310,"height":1298,"mimeType":"image\/webp","sourceUrl":"https:\/\/www.quintoandar.com.br\/guias\/wp-content\/uploads\/2024\/05\/qual-a-cidade-mais-fria-de-minas-gerais.webp"}},"isPlaceholder":false,"isExternal":false,"needsProxy":false,"baseColor":"#344736","blurHash":"","creationDate":"2024-05-20T16:37:22","src":"https:\/\/www.quintoandar.com.br\/guias\/wp-content\/uploads\/2024\/05\/qual-a-cidade-mais-fria-de-minas-gerais.webp","id":495071,"alt":"Imagem a\u00e9rea da lagoa da Pampulha, em Belo Horizonte, Minas Gerais, para ilustrar mat\u00e9ria sobre qual a cidade mais fria de Minas Gerais","local":false},"x":21,"y":308,"width":373,"height":347,"mask":{"type":"rectangle","showInLibrary":true,"name":"Ret\u00e2ngulo","path":"M 0,0 1,0 1,1 0,1 0,0 Z","ratio":1,"supportsBorder":true},"resizeWidth":282.46602,"resizeHeight":262.742,"basedOn":"eb333b83-ca24-4ced-8813-f040f891be0f","id":"e065655b-4198-42e8-a692-1c6db2bc4dcd","alt":"V\u00eddeo que ilustra mulher abrindo um p\u00e3ozinho de queijo.","type":"image"}],"backgroundColor":{"color":{"r":80,"g":99,"b":248}},"animations":[],"type":"page","id":"66ad6ef3-0843-477b-8336-2bac909bff17","defaultBackgroundElement":{"opacity":100,"flip":{"vertical":false,"horizontal":false},"rotationAngle":0,"lockAspectRatio":true,"backgroundColor":{"color":{"r":196,"g":196,"b":196}},"x":1,"y":1,"width":1,"height":1,"mask":{"type":"rectangle"},"isBackground":true,"isDefaultBackground":true,"type":"shape","id":"82332c42-4b5e-45b9-8fd8-e5c8ae9f0e65"}},{"elements":[{"opacity":100,"flip":{"vertical":false,"horizontal":false},"rotationAngle":0,"lockAspectRatio":true,"backgroundColor":{"color":{"r":196,"g":196,"b":196}},"x":1,"y":1,"width":1,"height":1,"mask":{"type":"rectangle"},"isBackground":true,"isDefaultBackground":true,"id":"15e156ea-f32f-4e78-8186-42cb76b46c9e","basedOn":"4a2cdd23-8124-4eb7-a9bf-1413f2f89d03","type":"shape"},{"opacity":100,"flip":{"vertical":false,"horizontal":false},"rotationAngle":0,"lockAspectRatio":true,"scale":100,"focalX":50,"focalY":50,"resource":{"type":"image","mimeType":"image\/webp","width":768,"height":432,"sizes":{"medium":{"file":"passeios-em-belo-horizonte-300x169.webp","width":300,"height":169,"filesize":23078,"mimeType":"image\/webp","sourceUrl":"https:\/\/www.quintoandar.com.br\/guias\/wp-content\/uploads\/2022\/04\/passeios-em-belo-horizonte-300x169.webp"},"thumbnail":{"file":"passeios-em-belo-horizonte-150x150.webp","width":150,"height":150,"filesize":14162,"mimeType":"image\/webp","sourceUrl":"https:\/\/www.quintoandar.com.br\/guias\/wp-content\/uploads\/2022\/04\/passeios-em-belo-horizonte-150x150.webp"},"post-thumbnail":{"file":"passeios-em-belo-horizonte-530x337.webp","width":530,"height":337,"filesize":51584,"mimeType":"image\/webp","sourceUrl":"https:\/\/www.quintoandar.com.br\/guias\/wp-content\/uploads\/2022\/04\/passeios-em-belo-horizonte-530x337.webp"},"alm-thumbnail":{"file":"passeios-em-belo-horizonte-150x150.webp","width":150,"height":150,"filesize":14162,"mimeType":"image\/webp","sourceUrl":"https:\/\/www.quintoandar.com.br\/guias\/wp-content\/uploads\/2022\/04\/passeios-em-belo-horizonte-150x150.webp"},"wpvqgr-square-answer":{"file":"passeios-em-belo-horizonte-300x300.webp","width":300,"height":300,"filesize":30352,"mimeType":"image\/webp","sourceUrl":"https:\/\/www.quintoandar.com.br\/guias\/wp-content\/uploads\/2022\/04\/passeios-em-belo-horizonte-300x300.webp"},"web-stories-poster-portrait":{"file":"passeios-em-belo-horizonte-640x432.webp","width":640,"height":432,"filesize":65046,"mimeType":"image\/webp","sourceUrl":"https:\/\/www.quintoandar.com.br\/guias\/wp-content\/uploads\/2022\/04\/passeios-em-belo-horizonte-640x432.webp"},"web-stories-publisher-logo":{"file":"passeios-em-belo-horizonte-96x96.webp","width":96,"height":96,"filesize":10252,"mimeType":"image\/webp","sourceUrl":"https:\/\/www.quintoandar.com.br\/guias\/wp-content\/uploads\/2022\/04\/passeios-em-belo-horizonte-96x96.webp"},"web-stories-thumbnail":{"file":"passeios-em-belo-horizonte-150x84.webp","width":150,"height":84,"filesize":11886,"mimeType":"image\/webp","sourceUrl":"https:\/\/www.quintoandar.com.br\/guias\/wp-content\/uploads\/2022\/04\/passeios-em-belo-horizonte-150x84.webp"},"full":{"file":"passeios-em-belo-horizonte.webp","width":768,"height":432,"mimeType":"image\/webp","sourceUrl":"https:\/\/www.quintoandar.com.br\/guias\/wp-content\/uploads\/2022\/04\/passeios-em-belo-horizonte.webp"}},"isPlaceholder":false,"isExternal":false,"needsProxy":false,"baseColor":"#656232","blurHash":"","creationDate":"2024-07-17T20:09:25","src":"https:\/\/www.quintoandar.com.br\/guias\/wp-content\/uploads\/2022\/04\/passeios-em-belo-horizonte.webp","id":500763,"alt":"Imagem da Pra\u00e7a da Liberdade mostra lago, vegeta\u00e7\u00e3o e edif\u00edcios da regi\u00e3o para ilustrar mat\u00e9ria sobre passeios em Belo Horizonte","local":false},"backgroundColor":{"color":{"r":196,"g":196,"b":196}},"x":46,"y":0,"width":318,"height":309,"mask":{"type":"rectangle"},"basedOn":"1a8c844b-c5d6-4172-b775-b9a6c464360f","id":"dbaf9fe9-478f-4e54-bee7-e3990a8d13c3","alt":"Imagem da cidade de Nova Lima","type":"image"},{"opacity":100,"flip":{"vertical":false,"horizontal":false},"rotationAngle":0,"lockAspectRatio":false,"backgroundTextMode":"NONE","font":{"family":"Poppins"},"fontSize":26,"backgroundColor":{"color":{"r":196,"g":196,"b":196}},"lineHeight":1.2,"textAlign":"initial","padding":{"locked":true,"hasHiddenPadding":false,"horizontal":0,"vertical":0},"content":"<span style=\"font-weight: 600; color: #f8f9f5\">Belo Horizonte<\/span>","borderRadius":{"locked":true,"topLeft":2,"topRight":2,"bottomRight":2,"bottomLeft":2},"x":47,"y":331,"width":274,"height":36,"marginOffset":0.4781249999999986,"basedOn":"1acbd92b-3890-4375-868f-4c29796e5bd3","id":"62399cbb-508a-4a3c-8372-d79c85dc1202","type":"text"},{"opacity":100,"flip":{"vertical":false,"horizontal":false},"rotationAngle":0,"lockAspectRatio":false,"backgroundTextMode":"NONE","font":{"family":"Poppins"},"fontSize":18,"backgroundColor":{"color":{"r":196,"g":196,"b":196}},"lineHeight":1.2,"textAlign":"initial","padding":{"locked":true,"hasHiddenPadding":false,"horizontal":0,"vertical":0},"content":"<span style=\"color: #fff\">Belo Horizonte, a capital de Minas Gerais, \u00e9 a cidade que mais cresce na regi\u00e3o com 2.315.560 habitantes, oferecendo um centro econ\u00f4mico din\u00e2mico, boa infraestrutura, e alta qualidade de vida com \u00e1reas verdes e rica cena cultural.<\/span>","borderRadius":{"locked":true,"topLeft":2,"topRight":2,"bottomRight":2,"bottomLeft":2},"x":49,"y":391,"width":298,"height":177,"marginOffset":0.4781249999999986,"basedOn":"f58aac86-0d0f-4625-ba3f-ec49557c4ac1","id":"8e8f387f-476e-466f-aadb-4daf4258d8a2","type":"text"}],"backgroundColor":{"color":{"r":36,"g":88,"b":37}},"animations":[{"id":"c8858063-4622-45a5-b185-76f9bb1cee65","type":"effect-drop","duration":1600,"delay":0,"targets":["dbaf9fe9-478f-4e54-bee7-e3990a8d13c3"]}],"type":"page","id":"048d7c7a-448a-4d8e-b478-ac6ba1dc890f","defaultBackgroundElement":{"opacity":100,"flip":{"vertical":false,"horizontal":false},"rotationAngle":0,"lockAspectRatio":true,"backgroundColor":{"color":{"r":196,"g":196,"b":196}},"x":1,"y":1,"width":1,"height":1,"mask":{"type":"rectangle"},"isBackground":true,"isDefaultBackground":true,"type":"shape","id":"d30996f6-74d0-4192-81c0-4c75833133d2"}},{"elements":[{"opacity":100,"flip":{"vertical":false,"horizontal":false},"rotationAngle":0,"lockAspectRatio":true,"scale":100,"focalX":81.24999951171874,"focalY":49.92784232903297,"resource":{"type":"image","mimeType":"image\/webp","width":1200,"height":800,"sizes":{"medium":{"file":"894491362-477.15925939070127Guaratinga60800Sion-300x200.webp","width":300,"height":200,"filesize":8490,"mimeType":"image\/webp","sourceUrl":"https:\/\/www.quintoandar.com.br\/guias\/wp-content\/uploads\/2024\/07\/894491362-477.15925939070127Guaratinga60800Sion-300x200.webp"},"large":{"file":"894491362-477.15925939070127Guaratinga60800Sion-1024x683.webp","width":1024,"height":683,"filesize":55048,"mimeType":"image\/webp","sourceUrl":"https:\/\/www.quintoandar.com.br\/guias\/wp-content\/uploads\/2024\/07\/894491362-477.15925939070127Guaratinga60800Sion-1024x683.webp"},"thumbnail":{"file":"894491362-477.15925939070127Guaratinga60800Sion-150x150.webp","width":150,"height":150,"filesize":4200,"mimeType":"image\/webp","sourceUrl":"https:\/\/www.quintoandar.com.br\/guias\/wp-content\/uploads\/2024\/07\/894491362-477.15925939070127Guaratinga60800Sion-150x150.webp"},"medium_large":{"file":"894491362-477.15925939070127Guaratinga60800Sion-768x512.webp","width":768,"height":512,"filesize":35166,"mimeType":"image\/webp","sourceUrl":"https:\/\/www.quintoandar.com.br\/guias\/wp-content\/uploads\/2024\/07\/894491362-477.15925939070127Guaratinga60800Sion-768x512.webp"},"post-thumbnail":{"file":"894491362-477.15925939070127Guaratinga60800Sion-530x337.webp","width":530,"height":337,"filesize":19302,"mimeType":"image\/webp","sourceUrl":"https:\/\/www.quintoandar.com.br\/guias\/wp-content\/uploads\/2024\/07\/894491362-477.15925939070127Guaratinga60800Sion-530x337.webp"},"chamada-destaque":{"file":"894491362-477.15925939070127Guaratinga60800Sion-800x687.webp","width":800,"height":687,"filesize":46068,"mimeType":"image\/webp","sourceUrl":"https:\/\/www.quintoandar.com.br\/guias\/wp-content\/uploads\/2024\/07\/894491362-477.15925939070127Guaratinga60800Sion-800x687.webp"},"single-destaque":{"file":"894491362-477.15925939070127Guaratinga60800Sion-850x680.webp","width":850,"height":680,"filesize":47842,"mimeType":"image\/webp","sourceUrl":"https:\/\/www.quintoandar.com.br\/guias\/wp-content\/uploads\/2024\/07\/894491362-477.15925939070127Guaratinga60800Sion-850x680.webp"},"alm-thumbnail":{"file":"894491362-477.15925939070127Guaratinga60800Sion-150x150.webp","width":150,"height":150,"filesize":4200,"mimeType":"image\/webp","sourceUrl":"https:\/\/www.quintoandar.com.br\/guias\/wp-content\/uploads\/2024\/07\/894491362-477.15925939070127Guaratinga60800Sion-150x150.webp"},"wpvqgr-square-answer":{"file":"894491362-477.15925939070127Guaratinga60800Sion-300x300.webp","width":300,"height":300,"filesize":11502,"mimeType":"image\/webp","sourceUrl":"https:\/\/www.quintoandar.com.br\/guias\/wp-content\/uploads\/2024\/07\/894491362-477.15925939070127Guaratinga60800Sion-300x300.webp"},"web-stories-poster-portrait":{"file":"894491362-477.15925939070127Guaratinga60800Sion-640x800.webp","width":640,"height":800,"filesize":49274,"mimeType":"image\/webp","sourceUrl":"https:\/\/www.quintoandar.com.br\/guias\/wp-content\/uploads\/2024\/07\/894491362-477.15925939070127Guaratinga60800Sion-640x800.webp"},"web-stories-publisher-logo":{"file":"894491362-477.15925939070127Guaratinga60800Sion-96x96.webp","width":96,"height":96,"filesize":1960,"mimeType":"image\/webp","sourceUrl":"https:\/\/www.quintoandar.com.br\/guias\/wp-content\/uploads\/2024\/07\/894491362-477.15925939070127Guaratinga60800Sion-96x96.webp"},"web-stories-thumbnail":{"file":"894491362-477.15925939070127Guaratinga60800Sion-150x100.webp","width":150,"height":100,"filesize":2990,"mimeType":"image\/webp","sourceUrl":"https:\/\/www.quintoandar.com.br\/guias\/wp-content\/uploads\/2024\/07\/894491362-477.15925939070127Guaratinga60800Sion-150x100.webp"},"full":{"file":"894491362-477.15925939070127Guaratinga60800Sion.webp","width":1200,"height":800,"mimeType":"image\/webp","sourceUrl":"https:\/\/www.quintoandar.com.br\/guias\/wp-content\/uploads\/2024\/07\/894491362-477.15925939070127Guaratinga60800Sion.webp"}},"isPlaceholder":false,"isExternal":false,"needsProxy":false,"baseColor":"#dccdc3","blurHash":"","creationDate":"2024-07-18T22:05:24","src":"https:\/\/www.quintoandar.com.br\/guias\/wp-content\/uploads\/2024\/07\/894491362-477.15925939070127Guaratinga60800Sion.webp","id":500859,"alt":"894491362-477.15925939070127Guaratinga60800Sion","local":false,"provider":"local"},"backgroundColor":{"color":{"r":196,"g":196,"b":196}},"x":48,"y":0,"width":330,"height":220,"mask":{"type":"rectangle"},"isBackground":true,"id":"f9273aaa-a035-4240-b293-46a4a04af897","basedOn":"b09be7fa-aaae-45d8-ba5f-2bfc8a418f36","alt":"Im\u00f3vel para alugar em Belo Horizonte","type":"image"}],"backgroundColor":{"color":{"r":36,"g":88,"b":37}},"animations":[{"id":"1368e791-6269-41ba-aa6c-185b1716341f","type":"effect-background-pan","panDir":"rightToLeft","duration":2000,"delay":0,"targets":["f9273aaa-a035-4240-b293-46a4a04af897"]}],"type":"page","id":"3bafee6f-2cdb-4024-b609-3383db5559e4","defaultBackgroundElement":{"opacity":100,"flip":{"vertical":false,"horizontal":false},"rotationAngle":0,"lockAspectRatio":true,"backgroundColor":{"color":{"r":196,"g":196,"b":196}},"x":1,"y":1,"width":1,"height":1,"mask":{"type":"rectangle"},"isBackground":true,"isDefaultBackground":true,"id":"d69060e3-d326-4e82-bd1b-ba893ef7fced","basedOn":"4a2cdd23-8124-4eb7-a9bf-1413f2f89d03","type":"shape"},"pageAttachment":{"url":"https:\/\/www.quintoandar.com.br\/imovel\/894491362\/alugar?&utm_content=web-stories-3-cidades-que-mais-crescem-minas-gerais","icon":"https:\/\/www.quintoandar.com.br\/img\/med\/894491362-770.395199147774Guaratinga60800Sion3.jpg","needsProxy":false,"ctaText":"Ver im\u00f3vel"}},{"elements":[{"opacity":100,"flip":{"vertical":false,"horizontal":false},"rotationAngle":0,"lockAspectRatio":true,"scale":100,"focalX":81.24999951171874,"focalY":49.92784232903297,"resource":{"type":"image","mimeType":"image\/webp","width":1200,"height":800,"sizes":{"medium":{"file":"893073757-174.66375019222403IMG9393-300x200.webp","width":300,"height":200,"filesize":11448,"mimeType":"image\/webp","sourceUrl":"https:\/\/www.quintoandar.com.br\/guias\/wp-content\/uploads\/2024\/07\/893073757-174.66375019222403IMG9393-300x200.webp"},"large":{"file":"893073757-174.66375019222403IMG9393-1024x683.webp","width":1024,"height":683,"filesize":65404,"mimeType":"image\/webp","sourceUrl":"https:\/\/www.quintoandar.com.br\/guias\/wp-content\/uploads\/2024\/07\/893073757-174.66375019222403IMG9393-1024x683.webp"},"thumbnail":{"file":"893073757-174.66375019222403IMG9393-150x150.webp","width":150,"height":150,"filesize":4722,"mimeType":"image\/webp","sourceUrl":"https:\/\/www.quintoandar.com.br\/guias\/wp-content\/uploads\/2024\/07\/893073757-174.66375019222403IMG9393-150x150.webp"},"medium_large":{"file":"893073757-174.66375019222403IMG9393-768x512.webp","width":768,"height":512,"filesize":44312,"mimeType":"image\/webp","sourceUrl":"https:\/\/www.quintoandar.com.br\/guias\/wp-content\/uploads\/2024\/07\/893073757-174.66375019222403IMG9393-768x512.webp"},"post-thumbnail":{"file":"893073757-174.66375019222403IMG9393-530x337.webp","width":530,"height":337,"filesize":26442,"mimeType":"image\/webp","sourceUrl":"https:\/\/www.quintoandar.com.br\/guias\/wp-content\/uploads\/2024\/07\/893073757-174.66375019222403IMG9393-530x337.webp"},"chamada-destaque":{"file":"893073757-174.66375019222403IMG9393-800x687.webp","width":800,"height":687,"filesize":49414,"mimeType":"image\/webp","sourceUrl":"https:\/\/www.quintoandar.com.br\/guias\/wp-content\/uploads\/2024\/07\/893073757-174.66375019222403IMG9393-800x687.webp"},"single-destaque":{"file":"893073757-174.66375019222403IMG9393-850x680.webp","width":850,"height":680,"filesize":53372,"mimeType":"image\/webp","sourceUrl":"https:\/\/www.quintoandar.com.br\/guias\/wp-content\/uploads\/2024\/07\/893073757-174.66375019222403IMG9393-850x680.webp"},"alm-thumbnail":{"file":"893073757-174.66375019222403IMG9393-150x150.webp","width":150,"height":150,"filesize":4722,"mimeType":"image\/webp","sourceUrl":"https:\/\/www.quintoandar.com.br\/guias\/wp-content\/uploads\/2024\/07\/893073757-174.66375019222403IMG9393-150x150.webp"},"wpvqgr-square-answer":{"file":"893073757-174.66375019222403IMG9393-300x300.webp","width":300,"height":300,"filesize":13042,"mimeType":"image\/webp","sourceUrl":"https:\/\/www.quintoandar.com.br\/guias\/wp-content\/uploads\/2024\/07\/893073757-174.66375019222403IMG9393-300x300.webp"},"web-stories-poster-portrait":{"file":"893073757-174.66375019222403IMG9393-640x800.webp","width":640,"height":800,"filesize":42004,"mimeType":"image\/webp","sourceUrl":"https:\/\/www.quintoandar.com.br\/guias\/wp-content\/uploads\/2024\/07\/893073757-174.66375019222403IMG9393-640x800.webp"},"web-stories-publisher-logo":{"file":"893073757-174.66375019222403IMG9393-96x96.webp","width":96,"height":96,"filesize":2350,"mimeType":"image\/webp","sourceUrl":"https:\/\/www.quintoandar.com.br\/guias\/wp-content\/uploads\/2024\/07\/893073757-174.66375019222403IMG9393-96x96.webp"},"web-stories-thumbnail":{"file":"893073757-174.66375019222403IMG9393-150x100.webp","width":150,"height":100,"filesize":4088,"mimeType":"image\/webp","sourceUrl":"https:\/\/www.quintoandar.com.br\/guias\/wp-content\/uploads\/2024\/07\/893073757-174.66375019222403IMG9393-150x100.webp"},"full":{"file":"893073757-174.66375019222403IMG9393.webp","width":1200,"height":800,"mimeType":"image\/webp","sourceUrl":"https:\/\/www.quintoandar.com.br\/guias\/wp-content\/uploads\/2024\/07\/893073757-174.66375019222403IMG9393.webp"}},"isPlaceholder":false,"isExternal":false,"needsProxy":false,"baseColor":"#9b9b9a","blurHash":"","creationDate":"2024-07-18T22:06:32","src":"https:\/\/www.quintoandar.com.br\/guias\/wp-content\/uploads\/2024\/07\/893073757-174.66375019222403IMG9393.webp","id":500861,"alt":"893073757-174.66375019222403IMG9393","local":false,"provider":"local"},"backgroundColor":{"color":{"r":196,"g":196,"b":196}},"x":48,"y":0,"width":330,"height":220,"mask":{"type":"rectangle"},"isBackground":true,"id":"dd35f854-8838-4307-816d-4a0bb81f3573","basedOn":"b09be7fa-aaae-45d8-ba5f-2bfc8a418f36","alt":"Im\u00f3vel para alugar em Belo Horizonte","type":"image"}],"backgroundColor":{"color":{"r":36,"g":88,"b":37}},"animations":[{"id":"9008af9b-2609-4e46-a02a-7d51a1e409fa","type":"effect-background-pan","panDir":"rightToLeft","duration":2000,"delay":0,"targets":["dd35f854-8838-4307-816d-4a0bb81f3573"]}],"type":"page","id":"59a9bcda-a70e-45da-be0e-47395b5b2700","defaultBackgroundElement":{"opacity":100,"flip":{"vertical":false,"horizontal":false},"rotationAngle":0,"lockAspectRatio":true,"backgroundColor":{"color":{"r":196,"g":196,"b":196}},"x":1,"y":1,"width":1,"height":1,"mask":{"type":"rectangle"},"isBackground":true,"isDefaultBackground":true,"id":"d69060e3-d326-4e82-bd1b-ba893ef7fced","basedOn":"4a2cdd23-8124-4eb7-a9bf-1413f2f89d03","type":"shape"},"pageAttachment":{"url":"https:\/\/www.quintoandar.com.br\/imovel\/893073757\/alugar?&utm_content=web-stories-3-cidades-que-mais-crescem-minas-gerais","icon":"https:\/\/www.quintoandar.com.br\/img\/med\/893073757-189.32915362442293IMG9400.jpg","needsProxy":false,"ctaText":"Ver im\u00f3vel"}},{"elements":[{"opacity":100,"flip":{"vertical":false,"horizontal":false},"rotationAngle":0,"lockAspectRatio":true,"backgroundColor":{"color":{"r":196,"g":196,"b":196}},"x":1,"y":1,"width":1,"height":1,"mask":{"type":"rectangle"},"isBackground":true,"isDefaultBackground":true,"id":"a473f186-8812-484d-89e8-c632bf474504","basedOn":"15e156ea-f32f-4e78-8186-42cb76b46c9e","type":"shape"},{"opacity":100,"flip":{"vertical":false,"horizontal":false},"rotationAngle":0,"lockAspectRatio":true,"scale":100,"focalX":50,"focalY":50,"resource":{"type":"image","mimeType":"image\/webp","width":1000,"height":671,"sizes":{"medium":{"file":"cidades-do-triangulo-mineiro-300x201.webp","width":300,"height":201,"filesize":15022,"mimeType":"image\/webp","sourceUrl":"https:\/\/www.quintoandar.com.br\/guias\/wp-content\/uploads\/2024\/05\/cidades-do-triangulo-mineiro-300x201.webp"},"thumbnail":{"file":"cidades-do-triangulo-mineiro-150x150.webp","width":150,"height":150,"filesize":6660,"mimeType":"image\/webp","sourceUrl":"https:\/\/www.quintoandar.com.br\/guias\/wp-content\/uploads\/2024\/05\/cidades-do-triangulo-mineiro-150x150.webp"},"medium_large":{"file":"cidades-do-triangulo-mineiro-768x515.webp","width":768,"height":515,"filesize":65398,"mimeType":"image\/webp","sourceUrl":"https:\/\/www.quintoandar.com.br\/guias\/wp-content\/uploads\/2024\/05\/cidades-do-triangulo-mineiro-768x515.webp"},"post-thumbnail":{"file":"cidades-do-triangulo-mineiro-530x337.webp","width":530,"height":337,"filesize":37138,"mimeType":"image\/webp","sourceUrl":"https:\/\/www.quintoandar.com.br\/guias\/wp-content\/uploads\/2024\/05\/cidades-do-triangulo-mineiro-530x337.webp"},"chamada-destaque":{"file":"cidades-do-triangulo-mineiro-800x671.webp","width":800,"height":671,"filesize":76632,"mimeType":"image\/webp","sourceUrl":"https:\/\/www.quintoandar.com.br\/guias\/wp-content\/uploads\/2024\/05\/cidades-do-triangulo-mineiro-800x671.webp"},"single-destaque":{"file":"cidades-do-triangulo-mineiro-850x671.webp","width":850,"height":671,"filesize":96292,"mimeType":"image\/webp","sourceUrl":"https:\/\/www.quintoandar.com.br\/guias\/wp-content\/uploads\/2024\/05\/cidades-do-triangulo-mineiro-850x671.webp"},"alm-thumbnail":{"file":"cidades-do-triangulo-mineiro-150x150.webp","width":150,"height":150,"filesize":6660,"mimeType":"image\/webp","sourceUrl":"https:\/\/www.quintoandar.com.br\/guias\/wp-content\/uploads\/2024\/05\/cidades-do-triangulo-mineiro-150x150.webp"},"wpvqgr-square-answer":{"file":"cidades-do-triangulo-mineiro-300x300.webp","width":300,"height":300,"filesize":20700,"mimeType":"image\/webp","sourceUrl":"https:\/\/www.quintoandar.com.br\/guias\/wp-content\/uploads\/2024\/05\/cidades-do-triangulo-mineiro-300x300.webp"},"web-stories-poster-portrait":{"file":"cidades-do-triangulo-mineiro-640x671.webp","width":640,"height":671,"filesize":62744,"mimeType":"image\/webp","sourceUrl":"https:\/\/www.quintoandar.com.br\/guias\/wp-content\/uploads\/2024\/05\/cidades-do-triangulo-mineiro-640x671.webp"},"web-stories-publisher-logo":{"file":"cidades-do-triangulo-mineiro-96x96.webp","width":96,"height":96,"filesize":3078,"mimeType":"image\/webp","sourceUrl":"https:\/\/www.quintoandar.com.br\/guias\/wp-content\/uploads\/2024\/05\/cidades-do-triangulo-mineiro-96x96.webp"},"web-stories-thumbnail":{"file":"cidades-do-triangulo-mineiro-150x101.webp","width":150,"height":101,"filesize":4828,"mimeType":"image\/webp","sourceUrl":"https:\/\/www.quintoandar.com.br\/guias\/wp-content\/uploads\/2024\/05\/cidades-do-triangulo-mineiro-150x101.webp"},"full":{"file":"cidades-do-triangulo-mineiro.webp","width":1000,"height":671,"mimeType":"image\/webp","sourceUrl":"https:\/\/www.quintoandar.com.br\/guias\/wp-content\/uploads\/2024\/05\/cidades-do-triangulo-mineiro.webp"}},"isPlaceholder":false,"isExternal":false,"needsProxy":false,"baseColor":"#a7b1b4","blurHash":"","creationDate":"2024-05-28T12:47:47","src":"https:\/\/www.quintoandar.com.br\/guias\/wp-content\/uploads\/2024\/05\/cidades-do-triangulo-mineiro.webp","id":495539,"alt":"Foto que ilustra mat\u00e9ria sobre cidades do Tri\u00e2ngulo Mineiro mostra o munic\u00edpio de Uberl\u00e2ndia visto do alto em um dia de c\u00e9u azul e algumas poucas nuvens ao fundo. (Foto: Shutterstock)","local":false},"backgroundColor":{"color":{"r":196,"g":196,"b":196}},"x":46,"y":0,"width":318,"height":309,"mask":{"type":"rectangle"},"basedOn":"dbaf9fe9-478f-4e54-bee7-e3990a8d13c3","id":"6cee4df7-d599-47be-9e14-c8e6883175c1","alt":"Imagem da cidade de Uberl\u00e2ndia","type":"image"},{"opacity":100,"flip":{"vertical":false,"horizontal":false},"rotationAngle":0,"lockAspectRatio":false,"backgroundTextMode":"NONE","font":{"family":"Poppins"},"fontSize":26,"backgroundColor":{"color":{"r":196,"g":196,"b":196}},"lineHeight":1.2,"textAlign":"initial","padding":{"locked":true,"hasHiddenPadding":false,"horizontal":0,"vertical":0},"content":"<span style=\"font-weight: 700; color: #f8f9f5\">Uberl\u00e2ndia<\/span>","borderRadius":{"locked":true,"topLeft":2,"topRight":2,"bottomRight":2,"bottomLeft":2},"x":47,"y":331,"width":274,"height":37,"marginOffset":0.4781249999999986,"basedOn":"62399cbb-508a-4a3c-8372-d79c85dc1202","id":"071f8b8f-5a98-41e4-9756-a9abfd4c7ce2","type":"text"},{"opacity":100,"flip":{"vertical":false,"horizontal":false},"rotationAngle":0,"lockAspectRatio":false,"backgroundTextMode":"NONE","font":{"family":"Poppins"},"fontSize":18,"backgroundColor":{"color":{"r":196,"g":196,"b":196}},"lineHeight":1.2,"textAlign":"initial","padding":{"locked":true,"hasHiddenPadding":false,"horizontal":0,"vertical":0},"content":"<span style=\"color: #fff\">Os mais de 700 mil moradores de Uberl\u00e2ndia contam com uma ampla infraestrutura que garante todos os tipos de servi\u00e7os, com\u00e9rcios, educa\u00e7\u00e3o, sa\u00fade, al\u00e9m de muitas op\u00e7\u00f5es para lazer.<\/span>","borderRadius":{"locked":true,"topLeft":2,"topRight":2,"bottomRight":2,"bottomLeft":2},"x":48,"y":390,"width":320,"height":133,"marginOffset":0.4781249999999986,"basedOn":"8e8f387f-476e-466f-aadb-4daf4258d8a2","id":"68e95a4a-5fe8-4db2-8644-eff7af486ceb","type":"text"}],"backgroundColor":{"color":{"r":36,"g":88,"b":37}},"animations":[{"id":"11bf695a-a58e-4b89-81c5-493c116c0f10","type":"effect-drop","duration":1600,"delay":0,"targets":["6cee4df7-d599-47be-9e14-c8e6883175c1"]}],"type":"page","id":"f3235171-ef09-4d4c-a9fd-9aa0170228b2","defaultBackgroundElement":{"opacity":100,"flip":{"vertical":false,"horizontal":false},"rotationAngle":0,"lockAspectRatio":true,"backgroundColor":{"color":{"r":196,"g":196,"b":196}},"x":1,"y":1,"width":1,"height":1,"mask":{"type":"rectangle"},"isBackground":true,"isDefaultBackground":true,"type":"shape","id":"d30996f6-74d0-4192-81c0-4c75833133d2"}},{"elements":[{"opacity":100,"flip":{"vertical":false,"horizontal":false},"rotationAngle":0,"lockAspectRatio":true,"scale":100,"focalX":81.24999951171874,"focalY":49.92784232903297,"resource":{"type":"image","mimeType":"image\/webp","width":1200,"height":800,"sizes":{"medium":{"file":"894446735-966.898751213078IMG2878-300x200.webp","width":300,"height":200,"filesize":8724,"mimeType":"image\/webp","sourceUrl":"https:\/\/www.quintoandar.com.br\/guias\/wp-content\/uploads\/2024\/07\/894446735-966.898751213078IMG2878-300x200.webp"},"large":{"file":"894446735-966.898751213078IMG2878-1024x683.webp","width":1024,"height":683,"filesize":48670,"mimeType":"image\/webp","sourceUrl":"https:\/\/www.quintoandar.com.br\/guias\/wp-content\/uploads\/2024\/07\/894446735-966.898751213078IMG2878-1024x683.webp"},"thumbnail":{"file":"894446735-966.898751213078IMG2878-150x150.webp","width":150,"height":150,"filesize":4338,"mimeType":"image\/webp","sourceUrl":"https:\/\/www.quintoandar.com.br\/guias\/wp-content\/uploads\/2024\/07\/894446735-966.898751213078IMG2878-150x150.webp"},"medium_large":{"file":"894446735-966.898751213078IMG2878-768x512.webp","width":768,"height":512,"filesize":32990,"mimeType":"image\/webp","sourceUrl":"https:\/\/www.quintoandar.com.br\/guias\/wp-content\/uploads\/2024\/07\/894446735-966.898751213078IMG2878-768x512.webp"},"post-thumbnail":{"file":"894446735-966.898751213078IMG2878-530x337.webp","width":530,"height":337,"filesize":18772,"mimeType":"image\/webp","sourceUrl":"https:\/\/www.quintoandar.com.br\/guias\/wp-content\/uploads\/2024\/07\/894446735-966.898751213078IMG2878-530x337.webp"},"chamada-destaque":{"file":"894446735-966.898751213078IMG2878-800x687.webp","width":800,"height":687,"filesize":40740,"mimeType":"image\/webp","sourceUrl":"https:\/\/www.quintoandar.com.br\/guias\/wp-content\/uploads\/2024\/07\/894446735-966.898751213078IMG2878-800x687.webp"},"single-destaque":{"file":"894446735-966.898751213078IMG2878-850x680.webp","width":850,"height":680,"filesize":41980,"mimeType":"image\/webp","sourceUrl":"https:\/\/www.quintoandar.com.br\/guias\/wp-content\/uploads\/2024\/07\/894446735-966.898751213078IMG2878-850x680.webp"},"alm-thumbnail":{"file":"894446735-966.898751213078IMG2878-150x150.webp","width":150,"height":150,"filesize":4338,"mimeType":"image\/webp","sourceUrl":"https:\/\/www.quintoandar.com.br\/guias\/wp-content\/uploads\/2024\/07\/894446735-966.898751213078IMG2878-150x150.webp"},"wpvqgr-square-answer":{"file":"894446735-966.898751213078IMG2878-300x300.webp","width":300,"height":300,"filesize":11720,"mimeType":"image\/webp","sourceUrl":"https:\/\/www.quintoandar.com.br\/guias\/wp-content\/uploads\/2024\/07\/894446735-966.898751213078IMG2878-300x300.webp"},"web-stories-poster-portrait":{"file":"894446735-966.898751213078IMG2878-640x800.webp","width":640,"height":800,"filesize":44190,"mimeType":"image\/webp","sourceUrl":"https:\/\/www.quintoandar.com.br\/guias\/wp-content\/uploads\/2024\/07\/894446735-966.898751213078IMG2878-640x800.webp"},"web-stories-publisher-logo":{"file":"894446735-966.898751213078IMG2878-96x96.webp","width":96,"height":96,"filesize":2060,"mimeType":"image\/webp","sourceUrl":"https:\/\/www.quintoandar.com.br\/guias\/wp-content\/uploads\/2024\/07\/894446735-966.898751213078IMG2878-96x96.webp"},"web-stories-thumbnail":{"file":"894446735-966.898751213078IMG2878-150x100.webp","width":150,"height":100,"filesize":3102,"mimeType":"image\/webp","sourceUrl":"https:\/\/www.quintoandar.com.br\/guias\/wp-content\/uploads\/2024\/07\/894446735-966.898751213078IMG2878-150x100.webp"},"full":{"file":"894446735-966.898751213078IMG2878.webp","width":1200,"height":800,"mimeType":"image\/webp","sourceUrl":"https:\/\/www.quintoandar.com.br\/guias\/wp-content\/uploads\/2024\/07\/894446735-966.898751213078IMG2878.webp"}},"isPlaceholder":false,"isExternal":false,"needsProxy":false,"baseColor":"#b1a28d","blurHash":"","creationDate":"2024-07-18T22:08:14","src":"https:\/\/www.quintoandar.com.br\/guias\/wp-content\/uploads\/2024\/07\/894446735-966.898751213078IMG2878.webp","id":500864,"alt":"894446735-966.898751213078IMG2878","local":false,"provider":"local"},"backgroundColor":{"color":{"r":196,"g":196,"b":196}},"x":48,"y":0,"width":330,"height":220,"mask":{"type":"rectangle"},"isBackground":true,"id":"8904978b-3f24-455a-9658-b329d24e5ce6","basedOn":"b09be7fa-aaae-45d8-ba5f-2bfc8a418f36","alt":"Im\u00f3vel para alugar em Belo Horizonte","type":"image"}],"backgroundColor":{"color":{"r":36,"g":88,"b":37}},"animations":[{"id":"df498b34-5600-4e11-bd1a-3dc71367d031","type":"effect-background-pan","panDir":"rightToLeft","duration":2000,"delay":0,"targets":["8904978b-3f24-455a-9658-b329d24e5ce6"]}],"type":"page","id":"b2e8c649-f29e-4a6b-ab42-0fa0671836be","defaultBackgroundElement":{"opacity":100,"flip":{"vertical":false,"horizontal":false},"rotationAngle":0,"lockAspectRatio":true,"backgroundColor":{"color":{"r":196,"g":196,"b":196}},"x":1,"y":1,"width":1,"height":1,"mask":{"type":"rectangle"},"isBackground":true,"isDefaultBackground":true,"id":"d69060e3-d326-4e82-bd1b-ba893ef7fced","basedOn":"4a2cdd23-8124-4eb7-a9bf-1413f2f89d03","type":"shape"},"pageAttachment":{"url":"https:\/\/www.quintoandar.com.br\/imovel\/894446735\/alugar?&utm_content=web-stories-3-cidades-que-mais-crescem-minas-gerais","icon":"https:\/\/www.quintoandar.com.br\/img\/med\/894446735-55.18636463216009IMG2880.JPG","needsProxy":false,"ctaText":"Ver im\u00f3vel"}},{"elements":[{"opacity":100,"flip":{"vertical":false,"horizontal":false},"rotationAngle":0,"lockAspectRatio":true,"scale":100,"focalX":81.24999951171874,"focalY":49.92784232903297,"resource":{"type":"image","mimeType":"image\/webp","width":1200,"height":800,"sizes":{"medium":{"file":"894493488-602.0664984550649001-300x200.webp","width":300,"height":200,"filesize":8238,"mimeType":"image\/webp","sourceUrl":"https:\/\/www.quintoandar.com.br\/guias\/wp-content\/uploads\/2024\/07\/894493488-602.0664984550649001-300x200.webp"},"large":{"file":"894493488-602.0664984550649001-1024x683.webp","width":1024,"height":683,"filesize":44524,"mimeType":"image\/webp","sourceUrl":"https:\/\/www.quintoandar.com.br\/guias\/wp-content\/uploads\/2024\/07\/894493488-602.0664984550649001-1024x683.webp"},"thumbnail":{"file":"894493488-602.0664984550649001-150x150.webp","width":150,"height":150,"filesize":3994,"mimeType":"image\/webp","sourceUrl":"https:\/\/www.quintoandar.com.br\/guias\/wp-content\/uploads\/2024\/07\/894493488-602.0664984550649001-150x150.webp"},"medium_large":{"file":"894493488-602.0664984550649001-768x512.webp","width":768,"height":512,"filesize":29894,"mimeType":"image\/webp","sourceUrl":"https:\/\/www.quintoandar.com.br\/guias\/wp-content\/uploads\/2024\/07\/894493488-602.0664984550649001-768x512.webp"},"post-thumbnail":{"file":"894493488-602.0664984550649001-530x337.webp","width":530,"height":337,"filesize":17830,"mimeType":"image\/webp","sourceUrl":"https:\/\/www.quintoandar.com.br\/guias\/wp-content\/uploads\/2024\/07\/894493488-602.0664984550649001-530x337.webp"},"chamada-destaque":{"file":"894493488-602.0664984550649001-800x687.webp","width":800,"height":687,"filesize":37916,"mimeType":"image\/webp","sourceUrl":"https:\/\/www.quintoandar.com.br\/guias\/wp-content\/uploads\/2024\/07\/894493488-602.0664984550649001-800x687.webp"},"single-destaque":{"file":"894493488-602.0664984550649001-850x680.webp","width":850,"height":680,"filesize":39748,"mimeType":"image\/webp","sourceUrl":"https:\/\/www.quintoandar.com.br\/guias\/wp-content\/uploads\/2024\/07\/894493488-602.0664984550649001-850x680.webp"},"alm-thumbnail":{"file":"894493488-602.0664984550649001-150x150.webp","width":150,"height":150,"filesize":3994,"mimeType":"image\/webp","sourceUrl":"https:\/\/www.quintoandar.com.br\/guias\/wp-content\/uploads\/2024\/07\/894493488-602.0664984550649001-150x150.webp"},"wpvqgr-square-answer":{"file":"894493488-602.0664984550649001-300x300.webp","width":300,"height":300,"filesize":10780,"mimeType":"image\/webp","sourceUrl":"https:\/\/www.quintoandar.com.br\/guias\/wp-content\/uploads\/2024\/07\/894493488-602.0664984550649001-300x300.webp"},"web-stories-poster-portrait":{"file":"894493488-602.0664984550649001-640x800.webp","width":640,"height":800,"filesize":39870,"mimeType":"image\/webp","sourceUrl":"https:\/\/www.quintoandar.com.br\/guias\/wp-content\/uploads\/2024\/07\/894493488-602.0664984550649001-640x800.webp"},"web-stories-publisher-logo":{"file":"894493488-602.0664984550649001-96x96.webp","width":96,"height":96,"filesize":2068,"mimeType":"image\/webp","sourceUrl":"https:\/\/www.quintoandar.com.br\/guias\/wp-content\/uploads\/2024\/07\/894493488-602.0664984550649001-96x96.webp"},"web-stories-thumbnail":{"file":"894493488-602.0664984550649001-150x100.webp","width":150,"height":100,"filesize":2996,"mimeType":"image\/webp","sourceUrl":"https:\/\/www.quintoandar.com.br\/guias\/wp-content\/uploads\/2024\/07\/894493488-602.0664984550649001-150x100.webp"},"full":{"file":"894493488-602.0664984550649001.webp","width":1200,"height":800,"mimeType":"image\/webp","sourceUrl":"https:\/\/www.quintoandar.com.br\/guias\/wp-content\/uploads\/2024\/07\/894493488-602.0664984550649001.webp"}},"isPlaceholder":false,"isExternal":false,"needsProxy":false,"baseColor":"#cecac6","blurHash":"","creationDate":"2024-07-18T22:09:09","src":"https:\/\/www.quintoandar.com.br\/guias\/wp-content\/uploads\/2024\/07\/894493488-602.0664984550649001.webp","id":500866,"alt":"894493488-602.0664984550649001","local":false,"provider":"local"},"backgroundColor":{"color":{"r":196,"g":196,"b":196}},"x":48,"y":0,"width":330,"height":220,"mask":{"type":"rectangle"},"isBackground":true,"id":"9b0edb98-906d-4620-8f36-b7e83923e6d5","basedOn":"b09be7fa-aaae-45d8-ba5f-2bfc8a418f36","alt":"Im\u00f3vel para alugar em Belo Horizonte","type":"image"}],"backgroundColor":{"color":{"r":36,"g":88,"b":37}},"animations":[{"id":"6aa613e8-bc97-4d39-a382-3e2a730fd3ea","type":"effect-background-pan","panDir":"rightToLeft","duration":2000,"delay":0,"targets":["9b0edb98-906d-4620-8f36-b7e83923e6d5"]}],"type":"page","id":"6818879d-4157-4f20-b798-ad29424760c4","defaultBackgroundElement":{"opacity":100,"flip":{"vertical":false,"horizontal":false},"rotationAngle":0,"lockAspectRatio":true,"backgroundColor":{"color":{"r":196,"g":196,"b":196}},"x":1,"y":1,"width":1,"height":1,"mask":{"type":"rectangle"},"isBackground":true,"isDefaultBackground":true,"id":"d69060e3-d326-4e82-bd1b-ba893ef7fced","basedOn":"4a2cdd23-8124-4eb7-a9bf-1413f2f89d03","type":"shape"},"pageAttachment":{"url":"https:\/\/www.quintoandar.com.br\/imovel\/894493488\/alugar?&utm_content=web-stories-3-cidades-que-mais-crescem-minas-gerais","icon":"https:\/\/www.quintoandar.com.br\/img\/med\/894493488-602.0664984550649001.jpg","needsProxy":false,"ctaText":"Ver im\u00f3vel"}},{"elements":[{"opacity":100,"flip":{"vertical":false,"horizontal":false},"rotationAngle":0,"lockAspectRatio":true,"x":1,"y":1,"width":1,"height":1,"mask":{"type":"rectangle"},"isBackground":true,"isDefaultBackground":true,"id":"4a2cdd23-8124-4eb7-a9bf-1413f2f89d03","type":"shape","basedOn":"bd29bb19-ad36-4c65-a4c8-172801081670"},{"opacity":100,"flip":{"vertical":false,"horizontal":false},"rotationAngle":0,"lockAspectRatio":true,"backgroundColor":{"color":{"r":196,"g":196,"b":196}},"type":"image","resource":{"type":"image","mimeType":"image\/jpeg","width":694,"height":464,"sizes":{"post-thumbnail":{"file":"Bairros-de-Contagem-530x337.jpg","width":530,"height":337,"filesize":"56125","mimeType":"image\/jpeg","sourceUrl":"https:\/\/www.quintoandar.com.br\/guias\/wp-content\/uploads\/2022\/09\/Bairros-de-Contagem-530x337.jpg"},"full":{"file":"Bairros-de-Contagem.jpg","width":694,"height":464,"mimeType":"image\/jpeg","sourceUrl":"https:\/\/www.quintoandar.com.br\/guias\/wp-content\/uploads\/2022\/09\/Bairros-de-Contagem.jpg"}},"isPlaceholder":false,"isExternal":false,"needsProxy":false,"baseColor":"#b8b6b6","blurHash":"","creationDate":"2022-09-21T20:06:32","src":"https:\/\/www.quintoandar.com.br\/guias\/wp-content\/uploads\/2022\/09\/Bairros-de-Contagem.jpg","id":453050,"alt":"Foto que ilustra mat\u00e9ria sobre bairros de Contagem mostra uma imagem panor\u00e2mica, vista do alto, do bairro Eldorado.","local":false,"provider":"local"},"x":46,"y":0,"width":318,"height":309,"scale":100,"focalX":50,"focalY":50,"mask":{"type":"rectangle"},"basedOn":"011c51d8-14a3-446a-a338-7334ed507df0","id":"1a8c844b-c5d6-4172-b775-b9a6c464360f","alt":"Imagem de parque em Belo Horizonte"},{"opacity":100,"flip":{"vertical":false,"horizontal":false},"rotationAngle":0,"lockAspectRatio":false,"backgroundTextMode":"NONE","font":{"family":"Poppins"},"fontSize":26,"backgroundColor":{"color":{"r":196,"g":196,"b":196}},"lineHeight":1.2,"textAlign":"initial","padding":{"locked":true,"hasHiddenPadding":false,"horizontal":0,"vertical":0},"type":"text","content":"<span style=\"font-weight: 600; color: #f8f9f5\">Contagem<\/span>","borderRadius":{"locked":true,"topLeft":2,"topRight":2,"bottomRight":2,"bottomLeft":2},"x":47,"y":331,"width":274,"height":36,"marginOffset":0.4781249999999986,"basedOn":"49aceaae-28cd-46ab-858a-afa33df25564","id":"1acbd92b-3890-4375-868f-4c29796e5bd3"},{"opacity":100,"flip":{"vertical":false,"horizontal":false},"rotationAngle":0,"lockAspectRatio":false,"backgroundTextMode":"NONE","font":{"family":"Poppins"},"fontSize":18,"backgroundColor":{"color":{"r":196,"g":196,"b":196}},"lineHeight":1.2,"textAlign":"initial","padding":{"locked":true,"hasHiddenPadding":false,"horizontal":0,"vertical":0},"type":"text","content":"<span style=\"color: #fff\">Contagem, com 621.865 habitantes, \u00e9 uma cidade economicamente importante na Regi\u00e3o Metropolitana de Belo Horizonte, com boas oportunidades de emprego, infraestrutura desenvolvida, e v\u00e1rias op\u00e7\u00f5es de lazer, al\u00e9m de acesso facilitado \u00e0 capital.<\/span>","borderRadius":{"locked":true,"topLeft":2,"topRight":2,"bottomRight":2,"bottomLeft":2},"x":48,"y":382,"width":318,"height":198,"marginOffset":0.4781249999999986,"basedOn":"1acbd92b-3890-4375-868f-4c29796e5bd3","id":"f58aac86-0d0f-4625-ba3f-ec49557c4ac1"}],"animations":[{"id":"f2a86c4c-a363-4c55-be25-c93dbe77caa1","type":"effect-drop","duration":1600,"delay":0,"targets":["1a8c844b-c5d6-4172-b775-b9a6c464360f"]}],"backgroundColor":{"color":{"r":36,"g":88,"b":37}},"type":"page","id":"9445d78c-1905-45f5-be8e-79c8298ed3ec","defaultBackgroundElement":{"opacity":100,"flip":{"vertical":false,"horizontal":false},"rotationAngle":0,"lockAspectRatio":true,"backgroundColor":{"color":{"r":196,"g":196,"b":196}},"x":1,"y":1,"width":1,"height":1,"mask":{"type":"rectangle"},"isBackground":true,"isDefaultBackground":true,"type":"shape","id":"d30996f6-74d0-4192-81c0-4c75833133d2"}},{"elements":[{"opacity":100,"flip":{"vertical":false,"horizontal":false},"rotationAngle":0,"lockAspectRatio":true,"scale":100,"focalX":81.24999951171874,"focalY":49.92784232903297,"resource":{"type":"image","mimeType":"image\/webp","width":1200,"height":800,"sizes":{"medium":{"file":"893898761-514.2836631131449QA119876122-300x200.webp","width":300,"height":200,"filesize":7264,"mimeType":"image\/webp","sourceUrl":"https:\/\/www.quintoandar.com.br\/guias\/wp-content\/uploads\/2024\/07\/893898761-514.2836631131449QA119876122-300x200.webp"},"large":{"file":"893898761-514.2836631131449QA119876122-1024x683.webp","width":1024,"height":683,"filesize":38454,"mimeType":"image\/webp","sourceUrl":"https:\/\/www.quintoandar.com.br\/guias\/wp-content\/uploads\/2024\/07\/893898761-514.2836631131449QA119876122-1024x683.webp"},"thumbnail":{"file":"893898761-514.2836631131449QA119876122-150x150.webp","width":150,"height":150,"filesize":3070,"mimeType":"image\/webp","sourceUrl":"https:\/\/www.quintoandar.com.br\/guias\/wp-content\/uploads\/2024\/07\/893898761-514.2836631131449QA119876122-150x150.webp"},"medium_large":{"file":"893898761-514.2836631131449QA119876122-768x512.webp","width":768,"height":512,"filesize":26172,"mimeType":"image\/webp","sourceUrl":"https:\/\/www.quintoandar.com.br\/guias\/wp-content\/uploads\/2024\/07\/893898761-514.2836631131449QA119876122-768x512.webp"},"post-thumbnail":{"file":"893898761-514.2836631131449QA119876122-530x337.webp","width":530,"height":337,"filesize":15550,"mimeType":"image\/webp","sourceUrl":"https:\/\/www.quintoandar.com.br\/guias\/wp-content\/uploads\/2024\/07\/893898761-514.2836631131449QA119876122-530x337.webp"},"chamada-destaque":{"file":"893898761-514.2836631131449QA119876122-800x687.webp","width":800,"height":687,"filesize":28648,"mimeType":"image\/webp","sourceUrl":"https:\/\/www.quintoandar.com.br\/guias\/wp-content\/uploads\/2024\/07\/893898761-514.2836631131449QA119876122-800x687.webp"},"single-destaque":{"file":"893898761-514.2836631131449QA119876122-850x680.webp","width":850,"height":680,"filesize":32256,"mimeType":"image\/webp","sourceUrl":"https:\/\/www.quintoandar.com.br\/guias\/wp-content\/uploads\/2024\/07\/893898761-514.2836631131449QA119876122-850x680.webp"},"alm-thumbnail":{"file":"893898761-514.2836631131449QA119876122-150x150.webp","width":150,"height":150,"filesize":3070,"mimeType":"image\/webp","sourceUrl":"https:\/\/www.quintoandar.com.br\/guias\/wp-content\/uploads\/2024\/07\/893898761-514.2836631131449QA119876122-150x150.webp"},"wpvqgr-square-answer":{"file":"893898761-514.2836631131449QA119876122-300x300.webp","width":300,"height":300,"filesize":7598,"mimeType":"image\/webp","sourceUrl":"https:\/\/www.quintoandar.com.br\/guias\/wp-content\/uploads\/2024\/07\/893898761-514.2836631131449QA119876122-300x300.webp"},"web-stories-poster-portrait":{"file":"893898761-514.2836631131449QA119876122-640x800.webp","width":640,"height":800,"filesize":24678,"mimeType":"image\/webp","sourceUrl":"https:\/\/www.quintoandar.com.br\/guias\/wp-content\/uploads\/2024\/07\/893898761-514.2836631131449QA119876122-640x800.webp"},"web-stories-publisher-logo":{"file":"893898761-514.2836631131449QA119876122-96x96.webp","width":96,"height":96,"filesize":1690,"mimeType":"image\/webp","sourceUrl":"https:\/\/www.quintoandar.com.br\/guias\/wp-content\/uploads\/2024\/07\/893898761-514.2836631131449QA119876122-96x96.webp"},"web-stories-thumbnail":{"file":"893898761-514.2836631131449QA119876122-150x100.webp","width":150,"height":100,"filesize":2962,"mimeType":"image\/webp","sourceUrl":"https:\/\/www.quintoandar.com.br\/guias\/wp-content\/uploads\/2024\/07\/893898761-514.2836631131449QA119876122-150x100.webp"},"full":{"file":"893898761-514.2836631131449QA119876122.webp","width":1200,"height":800,"mimeType":"image\/webp","sourceUrl":"https:\/\/www.quintoandar.com.br\/guias\/wp-content\/uploads\/2024\/07\/893898761-514.2836631131449QA119876122.webp"}},"isPlaceholder":false,"isExternal":false,"needsProxy":false,"baseColor":"#ded2c9","blurHash":"","creationDate":"2024-07-18T22:11:20","src":"https:\/\/www.quintoandar.com.br\/guias\/wp-content\/uploads\/2024\/07\/893898761-514.2836631131449QA119876122.webp","id":500868,"alt":"893898761-514.2836631131449QA119876122","local":false,"provider":"local"},"backgroundColor":{"color":{"r":196,"g":196,"b":196}},"x":48,"y":0,"width":330,"height":220,"mask":{"type":"rectangle"},"isBackground":true,"id":"7f136019-bff2-4987-9a55-53a917b06a22","basedOn":"b09be7fa-aaae-45d8-ba5f-2bfc8a418f36","alt":"Im\u00f3vel para alugar em Belo Horizonte","type":"image"}],"backgroundColor":{"color":{"r":36,"g":88,"b":37}},"animations":[{"id":"63bfe6ff-0301-4bf4-9f17-e43530dc353f","type":"effect-background-pan","panDir":"rightToLeft","duration":2000,"delay":0,"targets":["7f136019-bff2-4987-9a55-53a917b06a22"]}],"type":"page","id":"aaf17332-26fe-4def-b39a-43017223f2bb","defaultBackgroundElement":{"opacity":100,"flip":{"vertical":false,"horizontal":false},"rotationAngle":0,"lockAspectRatio":true,"backgroundColor":{"color":{"r":196,"g":196,"b":196}},"x":1,"y":1,"width":1,"height":1,"mask":{"type":"rectangle"},"isBackground":true,"isDefaultBackground":true,"id":"d69060e3-d326-4e82-bd1b-ba893ef7fced","basedOn":"4a2cdd23-8124-4eb7-a9bf-1413f2f89d03","type":"shape"},"pageAttachment":{"url":"https:\/\/www.quintoandar.com.br\/imovel\/893898761\/alugar?&utm_content=web-stories-3-cidades-que-mais-crescem-minas-gerais","icon":"https:\/\/www.quintoandar.com.br\/img\/med\/893898761-366.1731691194499QA119876120.jpg","needsProxy":false,"ctaText":"Ver im\u00f3vel"}},{"elements":[{"opacity":100,"flip":{"vertical":false,"horizontal":false},"rotationAngle":0,"lockAspectRatio":true,"scale":100,"focalX":81.24999951171874,"focalY":49.92784232903297,"resource":{"type":"image","mimeType":"image\/webp","width":1200,"height":800,"sizes":{"medium":{"file":"894363269-626.4336866649776IMG20240113090255-300x200.webp","width":300,"height":200,"filesize":6208,"mimeType":"image\/webp","sourceUrl":"https:\/\/www.quintoandar.com.br\/guias\/wp-content\/uploads\/2024\/07\/894363269-626.4336866649776IMG20240113090255-300x200.webp"},"large":{"file":"894363269-626.4336866649776IMG20240113090255-1024x683.webp","width":1024,"height":683,"filesize":43238,"mimeType":"image\/webp","sourceUrl":"https:\/\/www.quintoandar.com.br\/guias\/wp-content\/uploads\/2024\/07\/894363269-626.4336866649776IMG20240113090255-1024x683.webp"},"thumbnail":{"file":"894363269-626.4336866649776IMG20240113090255-150x150.webp","width":150,"height":150,"filesize":3444,"mimeType":"image\/webp","sourceUrl":"https:\/\/www.quintoandar.com.br\/guias\/wp-content\/uploads\/2024\/07\/894363269-626.4336866649776IMG20240113090255-150x150.webp"},"medium_large":{"file":"894363269-626.4336866649776IMG20240113090255-768x512.webp","width":768,"height":512,"filesize":26856,"mimeType":"image\/webp","sourceUrl":"https:\/\/www.quintoandar.com.br\/guias\/wp-content\/uploads\/2024\/07\/894363269-626.4336866649776IMG20240113090255-768x512.webp"},"post-thumbnail":{"file":"894363269-626.4336866649776IMG20240113090255-530x337.webp","width":530,"height":337,"filesize":14560,"mimeType":"image\/webp","sourceUrl":"https:\/\/www.quintoandar.com.br\/guias\/wp-content\/uploads\/2024\/07\/894363269-626.4336866649776IMG20240113090255-530x337.webp"},"chamada-destaque":{"file":"894363269-626.4336866649776IMG20240113090255-800x687.webp","width":800,"height":687,"filesize":39710,"mimeType":"image\/webp","sourceUrl":"https:\/\/www.quintoandar.com.br\/guias\/wp-content\/uploads\/2024\/07\/894363269-626.4336866649776IMG20240113090255-800x687.webp"},"single-destaque":{"file":"894363269-626.4336866649776IMG20240113090255-850x680.webp","width":850,"height":680,"filesize":41642,"mimeType":"image\/webp","sourceUrl":"https:\/\/www.quintoandar.com.br\/guias\/wp-content\/uploads\/2024\/07\/894363269-626.4336866649776IMG20240113090255-850x680.webp"},"alm-thumbnail":{"file":"894363269-626.4336866649776IMG20240113090255-150x150.webp","width":150,"height":150,"filesize":3444,"mimeType":"image\/webp","sourceUrl":"https:\/\/www.quintoandar.com.br\/guias\/wp-content\/uploads\/2024\/07\/894363269-626.4336866649776IMG20240113090255-150x150.webp"},"wpvqgr-square-answer":{"file":"894363269-626.4336866649776IMG20240113090255-300x300.webp","width":300,"height":300,"filesize":9922,"mimeType":"image\/webp","sourceUrl":"https:\/\/www.quintoandar.com.br\/guias\/wp-content\/uploads\/2024\/07\/894363269-626.4336866649776IMG20240113090255-300x300.webp"},"web-stories-poster-portrait":{"file":"894363269-626.4336866649776IMG20240113090255-640x800.webp","width":640,"height":800,"filesize":47550,"mimeType":"image\/webp","sourceUrl":"https:\/\/www.quintoandar.com.br\/guias\/wp-content\/uploads\/2024\/07\/894363269-626.4336866649776IMG20240113090255-640x800.webp"},"web-stories-publisher-logo":{"file":"894363269-626.4336866649776IMG20240113090255-96x96.webp","width":96,"height":96,"filesize":1646,"mimeType":"image\/webp","sourceUrl":"https:\/\/www.quintoandar.com.br\/guias\/wp-content\/uploads\/2024\/07\/894363269-626.4336866649776IMG20240113090255-96x96.webp"},"web-stories-thumbnail":{"file":"894363269-626.4336866649776IMG20240113090255-150x100.webp","width":150,"height":100,"filesize":2234,"mimeType":"image\/webp","sourceUrl":"https:\/\/www.quintoandar.com.br\/guias\/wp-content\/uploads\/2024\/07\/894363269-626.4336866649776IMG20240113090255-150x100.webp"},"full":{"file":"894363269-626.4336866649776IMG20240113090255.webp","width":1200,"height":800,"mimeType":"image\/webp","sourceUrl":"https:\/\/www.quintoandar.com.br\/guias\/wp-content\/uploads\/2024\/07\/894363269-626.4336866649776IMG20240113090255.webp"}},"isPlaceholder":false,"isExternal":false,"needsProxy":false,"baseColor":"#9d9999","blurHash":"","creationDate":"2024-07-18T22:12:09","src":"https:\/\/www.quintoandar.com.br\/guias\/wp-content\/uploads\/2024\/07\/894363269-626.4336866649776IMG20240113090255.webp","id":500870,"alt":"894363269-626.4336866649776IMG20240113090255","local":false,"provider":"local"},"backgroundColor":{"color":{"r":196,"g":196,"b":196}},"x":48,"y":0,"width":330,"height":220,"mask":{"type":"rectangle"},"isBackground":true,"id":"325f7bc0-4179-4567-a333-f9f72f6ef8f6","basedOn":"b09be7fa-aaae-45d8-ba5f-2bfc8a418f36","alt":"Im\u00f3vel para alugar em Belo Horizonte","type":"image"}],"backgroundColor":{"color":{"r":36,"g":88,"b":37}},"animations":[{"id":"bfc32317-17e9-4c9a-9c06-c30808e85e8f","type":"effect-background-pan","panDir":"rightToLeft","duration":2000,"delay":0,"targets":["325f7bc0-4179-4567-a333-f9f72f6ef8f6"]}],"type":"page","id":"cfb69d8c-cf86-4360-9f4e-a155ba15fdee","defaultBackgroundElement":{"opacity":100,"flip":{"vertical":false,"horizontal":false},"rotationAngle":0,"lockAspectRatio":true,"backgroundColor":{"color":{"r":196,"g":196,"b":196}},"x":1,"y":1,"width":1,"height":1,"mask":{"type":"rectangle"},"isBackground":true,"isDefaultBackground":true,"id":"d69060e3-d326-4e82-bd1b-ba893ef7fced","basedOn":"4a2cdd23-8124-4eb7-a9bf-1413f2f89d03","type":"shape"},"pageAttachment":{"url":"https:\/\/www.quintoandar.com.br\/imovel\/894363269\/alugar?&utm_content=web-stories-3-cidades-que-mais-crescem-minas-gerais","icon":"https:\/\/www.quintoandar.com.br\/img\/med\/894363269-626.4336866649776IMG20240113090255.jpg","needsProxy":false,"ctaText":"Ver im\u00f3vel"}},{"elements":[{"opacity":100,"flip":{"vertical":false,"horizontal":false},"rotationAngle":0,"lockAspectRatio":true,"x":1,"y":1,"width":1,"height":1,"mask":{"type":"rectangle"},"isBackground":true,"isDefaultBackground":true,"id":"e846e6b1-26f8-4708-8ddc-8a63932b26c5","type":"shape","basedOn":"8614f248-1812-4ef7-8273-01aec509edc2"},{"opacity":100,"flip":{"vertical":false,"horizontal":false},"rotationAngle":0,"lockAspectRatio":true,"backgroundTextMode":"NONE","font":{"family":"Poppins"},"fontSize":26,"backgroundColor":{"color":{"r":255,"g":255,"b":255}},"lineHeight":1.1,"textAlign":"left","padding":{"locked":true,"hasHiddenPadding":false,"horizontal":0,"vertical":0},"type":"text","content":"<span style=\"font-weight: 600; color: #f8f9f5\">Conhe\u00e7a mais sobre essas e outras das cidades que est\u00e3o em crescimento em MG \ud83e\udd29<\/span>","borderRadius":{"locked":true,"topLeft":2,"topRight":2,"bottomRight":2,"bottomLeft":2},"width":306,"height":122,"basedOn":"0ee62297-ad0c-467d-9d70-5353f231cdc4","x":58,"y":309,"marginOffset":-8.099999999999994,"id":"2890fb4a-7df1-4269-9ffa-d235b58c7f79"},{"opacity":100,"flip":{"vertical":false,"horizontal":false},"rotationAngle":0,"lockAspectRatio":true,"scale":100,"focalX":50,"focalY":50,"resource":{"type":"image","mimeType":"image\/webp","width":2560,"height":1440,"sizes":{"medium":{"file":"bairros-mais-populosos-de-bh-300x169.webp","width":300,"height":169,"filesize":18292,"mimeType":"image\/webp","sourceUrl":"https:\/\/www.quintoandar.com.br\/guias\/wp-content\/uploads\/2024\/06\/bairros-mais-populosos-de-bh-300x169.webp"},"large":{"file":"bairros-mais-populosos-de-bh-1024x576.webp","width":1024,"height":576,"filesize":114794,"mimeType":"image\/webp","sourceUrl":"https:\/\/www.quintoandar.com.br\/guias\/wp-content\/uploads\/2024\/06\/bairros-mais-populosos-de-bh-1024x576.webp"},"thumbnail":{"file":"bairros-mais-populosos-de-bh-150x150.webp","width":150,"height":150,"filesize":12416,"mimeType":"image\/webp","sourceUrl":"https:\/\/www.quintoandar.com.br\/guias\/wp-content\/uploads\/2024\/06\/bairros-mais-populosos-de-bh-150x150.webp"},"medium_large":{"file":"bairros-mais-populosos-de-bh-768x432.webp","width":768,"height":432,"filesize":70394,"mimeType":"image\/webp","sourceUrl":"https:\/\/www.quintoandar.com.br\/guias\/wp-content\/uploads\/2024\/06\/bairros-mais-populosos-de-bh-768x432.webp"},"1536x1536":{"file":"bairros-mais-populosos-de-bh-1536x864.webp","width":1536,"height":864,"filesize":232152,"mimeType":"image\/webp","sourceUrl":"https:\/\/www.quintoandar.com.br\/guias\/wp-content\/uploads\/2024\/06\/bairros-mais-populosos-de-bh-1536x864.webp"},"2048x2048":{"file":"bairros-mais-populosos-de-bh-2048x1152.webp","width":2048,"height":1152,"filesize":365790,"mimeType":"image\/webp","sourceUrl":"https:\/\/www.quintoandar.com.br\/guias\/wp-content\/uploads\/2024\/06\/bairros-mais-populosos-de-bh-2048x1152.webp"},"post-thumbnail":{"file":"bairros-mais-populosos-de-bh-530x337.webp","width":530,"height":337,"filesize":43242,"mimeType":"image\/webp","sourceUrl":"https:\/\/www.quintoandar.com.br\/guias\/wp-content\/uploads\/2024\/06\/bairros-mais-populosos-de-bh-530x337.webp"},"chamada-destaque":{"file":"bairros-mais-populosos-de-bh-800x687.webp","width":800,"height":687,"filesize":107992,"mimeType":"image\/webp","sourceUrl":"https:\/\/www.quintoandar.com.br\/guias\/wp-content\/uploads\/2024\/06\/bairros-mais-populosos-de-bh-800x687.webp"},"single-destaque":{"file":"bairros-mais-populosos-de-bh-850x680.webp","width":850,"height":680,"filesize":115248,"mimeType":"image\/webp","sourceUrl":"https:\/\/www.quintoandar.com.br\/guias\/wp-content\/uploads\/2024\/06\/bairros-mais-populosos-de-bh-850x680.webp"},"alm-thumbnail":{"file":"bairros-mais-populosos-de-bh-150x150.webp","width":150,"height":150,"filesize":12416,"mimeType":"image\/webp","sourceUrl":"https:\/\/www.quintoandar.com.br\/guias\/wp-content\/uploads\/2024\/06\/bairros-mais-populosos-de-bh-150x150.webp"},"wpvqgr-square-answer":{"file":"bairros-mais-populosos-de-bh-300x300.webp","width":300,"height":300,"filesize":25462,"mimeType":"image\/webp","sourceUrl":"https:\/\/www.quintoandar.com.br\/guias\/wp-content\/uploads\/2024\/06\/bairros-mais-populosos-de-bh-300x300.webp"},"web-stories-poster-portrait":{"file":"bairros-mais-populosos-de-bh-640x853.webp","width":640,"height":853,"filesize":106348,"mimeType":"image\/webp","sourceUrl":"https:\/\/www.quintoandar.com.br\/guias\/wp-content\/uploads\/2024\/06\/bairros-mais-populosos-de-bh-640x853.webp"},"web-stories-publisher-logo":{"file":"bairros-mais-populosos-de-bh-96x96.webp","width":96,"height":96,"filesize":9308,"mimeType":"image\/webp","sourceUrl":"https:\/\/www.quintoandar.com.br\/guias\/wp-content\/uploads\/2024\/06\/bairros-mais-populosos-de-bh-96x96.webp"},"web-stories-thumbnail":{"file":"bairros-mais-populosos-de-bh-150x84.webp","width":150,"height":84,"filesize":10332,"mimeType":"image\/webp","sourceUrl":"https:\/\/www.quintoandar.com.br\/guias\/wp-content\/uploads\/2024\/06\/bairros-mais-populosos-de-bh-150x84.webp"},"full":{"file":"bairros-mais-populosos-de-bh-scaled.webp","width":2560,"height":1440,"mimeType":"image\/webp","sourceUrl":"https:\/\/www.quintoandar.com.br\/guias\/wp-content\/uploads\/2024\/06\/bairros-mais-populosos-de-bh-scaled.webp"}},"isPlaceholder":false,"isExternal":false,"needsProxy":false,"baseColor":"#d6d0bf","blurHash":"","creationDate":"2024-06-30T19:44:08","src":"https:\/\/www.quintoandar.com.br\/guias\/wp-content\/uploads\/2024\/06\/bairros-mais-populosos-de-bh-scaled.webp","id":499686,"alt":"Imagem da vista a\u00e9rea da cidade de Belo Horizonte, em Minas Gerais, mostra pr\u00e9dios e horizonte ao nascer do sol para ilustrar mat\u00e9ria sobre os bairros mais populosos de BH","local":false},"type":"image","x":0,"y":-88,"width":544,"height":307,"mask":{"type":"rectangle","showInLibrary":true,"name":"Ret\u00e2ngulo","path":"M 0,0 1,0 1,1 0,1 0,0 Z","ratio":1,"supportsBorder":true},"basedOn":"3a2e5c0b-9b24-4f55-bdaf-d759792e6f03","alt":"Ilustra\u00e7\u00e3o de parque com pessoas em volta","link":null,"id":"7516ecb7-5cf7-4f97-a95b-02c29f143028"}],"animations":[],"backgroundColor":{"color":{"r":36,"g":88,"b":37}},"type":"page","id":"a2b48a03-fac8-4c26-a9c0-af96cda262c5","defaultBackgroundElement":{"opacity":100,"flip":{"vertical":false,"horizontal":false},"rotationAngle":0,"lockAspectRatio":true,"backgroundColor":{"color":{"r":196,"g":196,"b":196}},"x":1,"y":1,"width":1,"height":1,"mask":{"type":"rectangle"},"isBackground":true,"isDefaultBackground":true,"type":"shape","id":"d30996f6-74d0-4192-81c0-4c75833133d2"},"pageAttachment":{"url":"https:\/\/www.quintoandar.com.br\/guias\/cidades-que-mais-crescem-em-minas-gerais","icon":"https:\/\/www.quintoandar.com.br\/guias\/wp-content\/uploads\/2024\/06\/cidades-que-mais-crescem-em-minas-gerais.webp","needsProxy":false,"ctaText":"Arraste aqui"}}],"fonts":{"Poppins":{"family":"Poppins","fallbacks":["sans-serif"],"weights":[100,200,300,400,500,600,700,800,900],"styles":["italic","regular"],"variants":[[0,100],[1,100],[0,200],[1,200],[0,300],[1,300],[0,400],[1,400],[0,500],[1,500],[0,600],[1,600],[0,700],[1,700],[0,800],[1,800],[0,900],[1,900]],"service":"fonts.google.com","metrics":{"upm":1000,"asc":1050,"des":-350,"tAsc":1050,"tDes":-350,"tLGap":100,"wAsc":1135,"wDes":627,"xH":548,"capH":698,"yMin":-572,"yMax":1065,"hAsc":1050,"hDes":-350,"lGap":100}}},"autoAdvance":true,"defaultPageDuration":7,"currentStoryStyles":{"colors":[{"color":{"r":196,"g":196,"b":196}}]}},"story_poster":{"id":500853,"url":"https:\/\/www.quintoandar.com.br\/guias\/wp-content\/uploads\/2024\/07\/cropped-ranking-do-pib-das-cidades-de-minas-gerais-.webp","width":640,"height":853,"needsProxy":false},"_links":{"self":[{"href":"https:\/\/www.quintoandar.com.br\/guias\/wp-json\/web-stories\/v1\/web-story\/500716","targetHints":{"allow":["GET"]}}],"collection":[{"href":"https:\/\/www.quintoandar.com.br\/guias\/wp-json\/web-stories\/v1\/web-story"}],"about":[{"href":"https:\/\/www.quintoandar.com.br\/guias\/wp-json\/wp\/v2\/types\/web-story"}],"author":[{"embeddable":true,"href":"https:\/\/www.quintoandar.com.br\/guias\/wp-json\/web-stories\/v1\/users\/45"}],"version-history":[{"count":10,"href":"https:\/\/www.quintoandar.com.br\/guias\/wp-json\/web-stories\/v1\/web-story\/500716\/revisions"}],"predecessor-version":[{"id":500871,"href":"https:\/\/www.quintoandar.com.br\/guias\/wp-json\/web-stories\/v1\/web-story\/500716\/revisions\/500871"}],"wp:featuredmedia":[{"embeddable":true,"href":"https:\/\/www.quintoandar.com.br\/guias\/wp-json\/web-stories\/v1\/media\/500853"}],"wp:attachment":[{"href":"https:\/\/www.quintoandar.com.br\/guias\/wp-json\/web-stories\/v1\/media?parent=500716"}],"wp:term":[{"taxonomy":"web_story_category","embeddable":true,"href":"https:\/\/www.quintoandar.com.br\/guias\/wp-json\/web-stories\/v1\/web_story_category?post=500716"},{"taxonomy":"web_story_tag","embeddable":true,"href":"https:\/\/www.quintoandar.com.br\/guias\/wp-json\/web-stories\/v1\/web_story_tag?post=500716"}],"wp:lock":[{"embeddable":true,"href":"https:\/\/www.quintoandar.com.br\/guias\/wp-json\/web-stories\/v1\/web-story\/500716\/lock"}],"wp:publisherlogo":[{"embeddable":true,"href":"https:\/\/www.quintoandar.com.br\/guias\/wp-json\/web-stories\/v1\/media\/428798"}],"curies":[{"name":"wp","href":"https:\/\/api.w.org\/{rel}","templated":true}]}}